{"id":10081,"date":"2018-05-02T19:02:12","date_gmt":"2018-05-02T17:02:12","guid":{"rendered":"http:\/\/www.gaidaphotos.com\/blog\/?p=10081"},"modified":"2020-08-12T17:08:46","modified_gmt":"2020-08-12T15:08:46","slug":"reise-ins-blumenparadies-keuckenhof","status":"publish","type":"post","link":"https:\/\/www.gaidaphotos.com\/blog\/2018\/05\/02\/reise-ins-blumenparadies-keuckenhof\/","title":{"rendered":"Reise in&#8217;s Blumenparadies Keuckenhof"},"content":{"rendered":"<h2>Der Keuckenhof: Blumenparadies in Holland<\/h2>\n<p>&nbsp;<\/p>\n<h2>&nbsp;<\/h2>\n<p><a class=\"nextgen_pro_lightbox\" title=\"Keuckenhof,, Tulpe, Narzissen\" href=\"https:\/\/i0.wp.com\/www.gaidaphotos.com\/blog\/wp-content\/gallery\/blumenparadies-keuckenhof\/keuckenhof-tulpenfeld-22.jpg?ssl=1\" data-nplmodal-gallery-id=\"%PRO_LIGHTBOX_GALLERY_ID%\" data-image-id=\"1408\" data-src=\"https:\/\/www.gaidaphotos.com\/blog\/wp-content\/gallery\/blumenparadies-keuckenhof\/keuckenhof-tulpenfeld-22.jpg\" data-thumbnail=\"https:\/\/www.gaidaphotos.com\/blog\/wp-content\/gallery\/blumenparadies-keuckenhof\/thumbs\/thumbs_keuckenhof-tulpenfeld-22.jpg\" data-title=\"Keuckenhof, Tulpe, Narzissen\" data-description=\"Keuckenhof,, Tulpe, Narzissen\"><img data-recalc-dims=\"1\" decoding=\"async\" src=\"https:\/\/i0.wp.com\/www.gaidaphotos.com\/blog\/wp-content\/gallery\/blumenparadies-keuckenhof\/thumbs\/thumbs_keuckenhof-tulpenfeld-22.jpg?w=910&#038;ssl=1\" alt=\"Keuckenhof, Tulpe, Narzissen\" align=\"middle\"><\/a>Aus einem gr\u00e4flichen <strong>Kr\u00e4utergarten <\/strong>ist nach circa 350 Jahren das <strong>Schaufenster der Niederl\u00e4ndischen Blumenzucht<\/strong> mit \u00fcber 7 Millionen Fr\u00fchjahrsblumenzwiebeln geworden. Die Bl\u00fctenpracht und Farbenvielfalt ist unglaublich und \u00fcberw\u00e4ltigend.<\/p>\n<p>Wer bl\u00fchende Pflanzen liebt, kommt an einem Besuch des <strong>Keuckenhof in Lisse<\/strong>, Holland nicht vorbei. Seit bald 70 Jahren, er\u00f6ffnet 1950, zeigt Keukenhof was die niederl\u00e4ndische Blumenzucht zu bieten hat. Mehr als 100 Z\u00fcchter zeigen ihren lebendigen Katalog und 500 Blumenz\u00fcchter pr\u00e4sentieren in mehr als 20 Blumenshows Schnittblumen und Topfpflanzen in all ihrer Vielfalt.<\/p>\n<p>Wir hatten in diesem Jahr besonders viel Gl\u00fcck, denn bei Sonnenschein und bis zu 27\u00b0C ist der Blumenpark besonders sch\u00f6n.<br \/>\n<!--more--><br \/>\nDer <strong>Keuckenhof <\/strong>in Lisse in S\u00fcd-Holland liegt nicht weit vom Meer und von Amsterdam entfernt. Da die holl\u00e4ndischen Hotels und Ferienwohnungen von Montag bis Freitag deutlich preiswerter sind als am Wochenende, dr\u00e4ngt sich eine Reise in&#8217;s Herz der holl\u00e4ndischen Blumenzwiebelregion geradezu auf.<br \/>\nDas sch\u00f6ne kleine Strandbad Noordwiijk ist mit dem Auto gerade 20 Minuten entfernt von Keuckenhof und 45 Minuten von Amsterdam. Dort findet man teure und preiswerte Hotels und Ferienwohnungen teilweise direkt am Strand gelegen.<br \/>\nAn der Strandpromenade sind Restaurants, Eisdielen und Bars wie an einer Perlenkette aufgereiht und am Abend hat man die Qual der Wahl.<\/p>\n<h3>Besuch im Keuckenhof<\/h3>\n<p>F\u00fcr Naturliebhaber und blumenbegeisterte Besucher ist ein Tag im Keuckenhof fast zur kurz. Neben den <strong>weitl\u00e4ufigen Parkanlagen<\/strong> gibt es eine Reihe Showhallen, in denen neben Tulpen auch verschiedene Schnittblumen und Topfpflanzen gezeigt werden. Bei unserem Besuch waren es <strong>Rosen <\/strong>in \u00fcberw\u00e4ltigender Pracht und <strong>Calla und Orchideen<\/strong> in unbeschreiblicher Vielfalt. Alleine im <strong>Rosenpavillon <\/strong>kann man einen ganzen Tag verbringen. Ideal ist der Besuch der Pavillons an regnerischen und kalten Tagen.<\/p>\n<p>Wer sich so lange in den Parkanlagen aufh\u00e4lt wird hungrig und durstig. \u00dcber das Gel\u00e4nde verstreut finden sich zahlreiche <strong>Selbstbedienungsrestaurants <\/strong>mit typisch holl\u00e4ndischem Angebot, lecker, reichlich und nicht zu teuer. Viele Besucher bringen daher Proviant zur eigenen Versorgung mit. Die Toiletten sind sauber und gepflegt. Alle Bereiche erscheinen behindertengerecht.<br \/>\nDie Parkpl\u00e4tze liegen gleich vor der T\u00fcr, zumindest wenn man nicht zu sp\u00e4t eintrifft, auf den Wiesen vor dem Park. Bei Regen ist festes Schuhwerk unabdingbar.<\/p>\n<h3>Fotografieren im Keuckenhof<\/h3>\n<p>Die vielen Farben und Bl\u00fctenformen dr\u00e4ngen dazu fotografiert zu werden. In den Blumenhallen ist liegen die Bl\u00fcten teilweise im Schatten. Wer hier nicht zu hohen ISO-Werten greifen will sollte mindestens ein Einbeinstativ mitbringen.<br \/>\nAuch hilft es, sich auf einzelne Motive zu konzentrieren. Das Angebot ist nicht nur vielf\u00e4ltig, man wird von der \u00dcberzahl der Motive geradezu erschlagen. Wer alles fotografieren will braucht unglaublich viel Zeit. Aber jedes einzelne Motiv lohnt die Konzentration.<\/p>\n<p>In Zeiten von Handyfoto und Selfiestick findet man viele Ecken an denen <strong>Fotospots f\u00fcr Selfies<\/strong> und andere Erinnerungsfotos eingerichtet sind.<\/p>\n<h3>Die Geschichte von Keukenhof<\/h3>\n<p>Der Keuckenhof begann im <strong>15. Jahrhundert<\/strong> als Keukenduin&#8216; (Kr\u00e4utergarten in den D\u00fcnen) der Gr\u00e4fin Jacoba von Bayern (1401-1436). Sie holte hier ihre Kr\u00e4uter und Gem\u00fcse f\u00fcr die K\u00fcche von Schloss Teylingen. Schloss Keukenhof wurde 1641 erbaut.<\/p>\n<p>Die Landschaftsarchitekten Jan David Zocher und sein Sohn Louis Paul Zocher gestalteten <strong>1857 <\/strong>den Garten rundum das Schlo\u00df. Im <strong>Englischen Landschaftsstil<\/strong> entworfen, bildet der Park die Grundlage der heutigen Anlage.<\/p>\n<p>Im Jahr <strong>1949 <\/strong>beschlossen die f\u00fchrenden holl\u00e4ndischen Tulpenz\u00fcchter aus dem Park ein Schaufenster Ihrer Waren, vor allem der fr\u00fchbl\u00fchenden Zwiebelpflanzen, zu machen. 1950 \u00f6ffnete der Keuckenhof in seiner heutigen Form. Die Anlage wurde seitdem st\u00e4ndig modernisiert und erg\u00e4nzt.<\/p>\n<h3>Anreise und Informationen<\/h3>\n<blockquote><p><a href=\"https:\/\/keukenhof.nl\/\" target=\"_blank\" rel=\"noopener noreferrer\">Keuckenhof Information<\/a><br \/>\nStationsweg 166A<br \/>\n2161 AM Lisse<br \/>\n<a href=\"https:\/\/www.google.com\/maps\/dir\/''\/keukenhof\/data=!4m5!4m4!1m0!1m2!1m1!1s0x47c5c20434806f1d:0x37db0da72386280?sa=X&amp;ved=0ahUKEwidu47zuuTaAhUusaQKHQZ5AzsQ9RcI3AEwEg\" target=\"_blank\" rel=\"noopener noreferrer\">Routenplaner <\/a><\/p><\/blockquote>\n<h3>Bilder aus dem Keuckenhof<\/h3>\n<p>ngg_shortcode_0_placeholderWeitere Galerien zu Tulpen, Rosen, Calla und Orchideen folgen in K\u00fcrze<\/p>\n","protected":false},"excerpt":{"rendered":"<p>Der Keuckenhof: Blumenparadies in Holland &nbsp; &nbsp; Aus einem gr\u00e4flichen Kr\u00e4utergarten ist nach circa 350 Jahren das Schaufenster der Niederl\u00e4ndischen<\/p>\n","protected":false},"author":6,"featured_media":10115,"comment_status":"open","ping_status":"open","sticky":false,"template":"","format":"standard","meta":{"_crdt_document":"","ngg_post_thumbnail":0,"jetpack_post_was_ever_published":false,"_jetpack_newsletter_access":"","_jetpack_dont_email_post_to_subs":false,"_jetpack_newsletter_tier_id":0,"_jetpack_memberships_contains_paywalled_content":false,"_jetpack_memberships_contains_paid_content":false,"footnotes":"","jetpack_publicize_message":"","jetpack_publicize_feature_enabled":true,"jetpack_social_post_already_shared":true,"jetpack_social_options":{"image_generator_settings":{"template":"highway","default_image_id":0,"font":"","enabled":false},"version":2}},"categories":[215,76,75,326,325],"tags":[86,102,540],"class_list":["post-10081","post","type-post","status-publish","format-standard","has-post-thumbnail","hentry","category-ausflug","category-holland","category-holland-kuste","category-schoene-bilder","category-schoene-fotos","tag-fotografie","tag-freizeit","tag-holland"],"yoast_head":"<!-- This site is optimized with the Yoast SEO plugin v27.5 - https:\/\/yoast.com\/product\/yoast-seo-wordpress\/ -->\n<title>Reise in&#039;s Blumenparadies Keuckenhof - K\u00f6ln Rodenkirchen und die Welt<\/title>\n<meta name=\"description\" content=\"So sch\u00f6n ist der Besuch des Keuckenhofs in Holland, das Schaufenster derniederl\u00e4ndischen Tulpenz\u00fcchter mit \u00fcber 7 Millionen Blumenzwiebeln - Information, Parken, Hotels, Anreise und viele Bilder\" \/>\n<meta name=\"robots\" content=\"index, follow, max-snippet:-1, max-image-preview:large, max-video-preview:-1\" \/>\n<link rel=\"canonical\" href=\"https:\/\/www.gaidaphotos.com\/blog\/2018\/05\/02\/reise-ins-blumenparadies-keuckenhof\/\" \/>\n<meta property=\"og:locale\" content=\"de_DE\" \/>\n<meta property=\"og:type\" content=\"article\" \/>\n<meta property=\"og:title\" content=\"Reise in&#039;s Blumenparadies Keuckenhof - K\u00f6ln Rodenkirchen und die Welt\" \/>\n<meta property=\"og:description\" content=\"So sch\u00f6n ist der Besuch des Keuckenhofs in Holland, das Schaufenster derniederl\u00e4ndischen Tulpenz\u00fcchter mit \u00fcber 7 Millionen Blumenzwiebeln - Information, Parken, Hotels, Anreise und viele Bilder\" \/>\n<meta property=\"og:url\" content=\"https:\/\/www.gaidaphotos.com\/blog\/2018\/05\/02\/reise-ins-blumenparadies-keuckenhof\/\" \/>\n<meta property=\"og:site_name\" content=\"K\u00f6ln Rodenkirchen und die Welt\" \/>\n<meta property=\"article:publisher\" content=\"https:\/\/www.facebook.com\/Koeln.Rodenkirchen\" \/>\n<meta property=\"article:author\" content=\"https:\/\/www.facebook.com\/gaidaphotos\" \/>\n<meta property=\"article:published_time\" content=\"2018-05-02T17:02:12+00:00\" \/>\n<meta property=\"article:modified_time\" content=\"2020-08-12T15:08:46+00:00\" \/>\n<meta property=\"og:image\" content=\"https:\/\/i0.wp.com\/www.gaidaphotos.com\/blog\/wp-content\/uploads\/ngg_featured\/keuckenhof-tulpenfeld-22.jpg?fit=1024%2C683&ssl=1\" \/>\n\t<meta property=\"og:image:width\" content=\"1024\" \/>\n\t<meta property=\"og:image:height\" content=\"683\" \/>\n\t<meta property=\"og:image:type\" content=\"image\/jpeg\" \/>\n<meta name=\"author\" content=\"Thomas\" \/>\n<meta name=\"twitter:card\" content=\"summary_large_image\" \/>\n<meta name=\"twitter:creator\" content=\"@gaidaphotos\" \/>\n<meta name=\"twitter:site\" content=\"@gaidaphotos\" \/>\n<meta name=\"twitter:label1\" content=\"Verfasst von\" \/>\n\t<meta name=\"twitter:data1\" content=\"Thomas\" \/>\n\t<meta name=\"twitter:label2\" content=\"Gesch\u00e4tzte Lesezeit\" \/>\n\t<meta name=\"twitter:data2\" content=\"3\u00a0Minuten\" \/>\n<script type=\"application\/ld+json\" class=\"yoast-schema-graph\">{\"@context\":\"https:\\\/\\\/schema.org\",\"@graph\":[{\"@type\":\"Article\",\"@id\":\"https:\\\/\\\/www.gaidaphotos.com\\\/blog\\\/2018\\\/05\\\/02\\\/reise-ins-blumenparadies-keuckenhof\\\/#article\",\"isPartOf\":{\"@id\":\"https:\\\/\\\/www.gaidaphotos.com\\\/blog\\\/2018\\\/05\\\/02\\\/reise-ins-blumenparadies-keuckenhof\\\/\"},\"author\":{\"name\":\"Thomas\",\"@id\":\"https:\\\/\\\/www.gaidaphotos.com\\\/blog\\\/#\\\/schema\\\/person\\\/6c444a5b13ffc503c5c32f5a9ec68b21\"},\"headline\":\"Reise in&#8217;s Blumenparadies Keuckenhof\",\"datePublished\":\"2018-05-02T17:02:12+00:00\",\"dateModified\":\"2020-08-12T15:08:46+00:00\",\"mainEntityOfPage\":{\"@id\":\"https:\\\/\\\/www.gaidaphotos.com\\\/blog\\\/2018\\\/05\\\/02\\\/reise-ins-blumenparadies-keuckenhof\\\/\"},\"wordCount\":629,\"commentCount\":0,\"publisher\":{\"@id\":\"https:\\\/\\\/www.gaidaphotos.com\\\/blog\\\/#organization\"},\"image\":{\"@id\":\"https:\\\/\\\/www.gaidaphotos.com\\\/blog\\\/2018\\\/05\\\/02\\\/reise-ins-blumenparadies-keuckenhof\\\/#primaryimage\"},\"thumbnailUrl\":\"https:\\\/\\\/i0.wp.com\\\/www.gaidaphotos.com\\\/blog\\\/wp-content\\\/uploads\\\/ngg_featured\\\/keuckenhof-tulpenfeld-22.jpg?fit=1024%2C683&ssl=1\",\"keywords\":[\"Fotografie\",\"Freizeit-Ideen\",\"Holland\"],\"articleSection\":[\"Ausflug\",\"Holland\",\"Holland K\u00fcste\",\"schoene Bilder\",\"Schoene Fotos\"],\"inLanguage\":\"de\",\"potentialAction\":[{\"@type\":\"CommentAction\",\"name\":\"Comment\",\"target\":[\"https:\\\/\\\/www.gaidaphotos.com\\\/blog\\\/2018\\\/05\\\/02\\\/reise-ins-blumenparadies-keuckenhof\\\/#respond\"]}]},{\"@type\":\"WebPage\",\"@id\":\"https:\\\/\\\/www.gaidaphotos.com\\\/blog\\\/2018\\\/05\\\/02\\\/reise-ins-blumenparadies-keuckenhof\\\/\",\"url\":\"https:\\\/\\\/www.gaidaphotos.com\\\/blog\\\/2018\\\/05\\\/02\\\/reise-ins-blumenparadies-keuckenhof\\\/\",\"name\":\"Reise in's Blumenparadies Keuckenhof - K\u00f6ln Rodenkirchen und die Welt\",\"isPartOf\":{\"@id\":\"https:\\\/\\\/www.gaidaphotos.com\\\/blog\\\/#website\"},\"primaryImageOfPage\":{\"@id\":\"https:\\\/\\\/www.gaidaphotos.com\\\/blog\\\/2018\\\/05\\\/02\\\/reise-ins-blumenparadies-keuckenhof\\\/#primaryimage\"},\"image\":{\"@id\":\"https:\\\/\\\/www.gaidaphotos.com\\\/blog\\\/2018\\\/05\\\/02\\\/reise-ins-blumenparadies-keuckenhof\\\/#primaryimage\"},\"thumbnailUrl\":\"https:\\\/\\\/i0.wp.com\\\/www.gaidaphotos.com\\\/blog\\\/wp-content\\\/uploads\\\/ngg_featured\\\/keuckenhof-tulpenfeld-22.jpg?fit=1024%2C683&ssl=1\",\"datePublished\":\"2018-05-02T17:02:12+00:00\",\"dateModified\":\"2020-08-12T15:08:46+00:00\",\"description\":\"So sch\u00f6n ist der Besuch des Keuckenhofs in Holland, das Schaufenster derniederl\u00e4ndischen Tulpenz\u00fcchter mit \u00fcber 7 Millionen Blumenzwiebeln - Information, Parken, Hotels, Anreise und viele Bilder\",\"breadcrumb\":{\"@id\":\"https:\\\/\\\/www.gaidaphotos.com\\\/blog\\\/2018\\\/05\\\/02\\\/reise-ins-blumenparadies-keuckenhof\\\/#breadcrumb\"},\"inLanguage\":\"de\",\"potentialAction\":[{\"@type\":\"ReadAction\",\"target\":[\"https:\\\/\\\/www.gaidaphotos.com\\\/blog\\\/2018\\\/05\\\/02\\\/reise-ins-blumenparadies-keuckenhof\\\/\"]}]},{\"@type\":\"ImageObject\",\"inLanguage\":\"de\",\"@id\":\"https:\\\/\\\/www.gaidaphotos.com\\\/blog\\\/2018\\\/05\\\/02\\\/reise-ins-blumenparadies-keuckenhof\\\/#primaryimage\",\"url\":\"https:\\\/\\\/i0.wp.com\\\/www.gaidaphotos.com\\\/blog\\\/wp-content\\\/uploads\\\/ngg_featured\\\/keuckenhof-tulpenfeld-22.jpg?fit=1024%2C683&ssl=1\",\"contentUrl\":\"https:\\\/\\\/i0.wp.com\\\/www.gaidaphotos.com\\\/blog\\\/wp-content\\\/uploads\\\/ngg_featured\\\/keuckenhof-tulpenfeld-22.jpg?fit=1024%2C683&ssl=1\",\"width\":1024,\"height\":683},{\"@type\":\"BreadcrumbList\",\"@id\":\"https:\\\/\\\/www.gaidaphotos.com\\\/blog\\\/2018\\\/05\\\/02\\\/reise-ins-blumenparadies-keuckenhof\\\/#breadcrumb\",\"itemListElement\":[{\"@type\":\"ListItem\",\"position\":1,\"name\":\"Startseite\",\"item\":\"https:\\\/\\\/www.gaidaphotos.com\\\/blog\\\/\"},{\"@type\":\"ListItem\",\"position\":2,\"name\":\"Reise in&#8217;s Blumenparadies Keuckenhof\"}]},{\"@type\":\"WebSite\",\"@id\":\"https:\\\/\\\/www.gaidaphotos.com\\\/blog\\\/#website\",\"url\":\"https:\\\/\\\/www.gaidaphotos.com\\\/blog\\\/\",\"name\":\"K\u00f6ln Rodenkirchen und die Welt\",\"description\":\"Einkaufen, Restaurants, Freizeit, Nachrichten und was uns sonst bewegt und begegnet\",\"publisher\":{\"@id\":\"https:\\\/\\\/www.gaidaphotos.com\\\/blog\\\/#organization\"},\"potentialAction\":[{\"@type\":\"SearchAction\",\"target\":{\"@type\":\"EntryPoint\",\"urlTemplate\":\"https:\\\/\\\/www.gaidaphotos.com\\\/blog\\\/?s={search_term_string}\"},\"query-input\":{\"@type\":\"PropertyValueSpecification\",\"valueRequired\":true,\"valueName\":\"search_term_string\"}}],\"inLanguage\":\"de\"},{\"@type\":\"Organization\",\"@id\":\"https:\\\/\\\/www.gaidaphotos.com\\\/blog\\\/#organization\",\"name\":\"gaidaphotos\",\"url\":\"https:\\\/\\\/www.gaidaphotos.com\\\/blog\\\/\",\"logo\":{\"@type\":\"ImageObject\",\"inLanguage\":\"de\",\"@id\":\"https:\\\/\\\/www.gaidaphotos.com\\\/blog\\\/#\\\/schema\\\/logo\\\/image\\\/\",\"url\":\"https:\\\/\\\/i0.wp.com\\\/www.gaidaphotos.com\\\/blog\\\/wp-content\\\/uploads\\\/2020\\\/07\\\/GAIDAPHOTOS-COM.jpg?fit=160%2C96&ssl=1\",\"contentUrl\":\"https:\\\/\\\/i0.wp.com\\\/www.gaidaphotos.com\\\/blog\\\/wp-content\\\/uploads\\\/2020\\\/07\\\/GAIDAPHOTOS-COM.jpg?fit=160%2C96&ssl=1\",\"width\":160,\"height\":96,\"caption\":\"gaidaphotos\"},\"image\":{\"@id\":\"https:\\\/\\\/www.gaidaphotos.com\\\/blog\\\/#\\\/schema\\\/logo\\\/image\\\/\"},\"sameAs\":[\"https:\\\/\\\/www.facebook.com\\\/Koeln.Rodenkirchen\",\"https:\\\/\\\/x.com\\\/gaidaphotos\",\"https:\\\/\\\/instagram.com\\\/gaidaphotos\\\/\",\"https:\\\/\\\/de.linkedin.com\\\/in\\\/gaidaphotos\",\"https:\\\/\\\/myspace.com\\\/gaidaphotos\",\"https:\\\/\\\/www.pinterest.com\\\/gaidaphotos\\\/\",\"https:\\\/\\\/www.youtube.com\\\/user\\\/gaidaphotos\"]},{\"@type\":\"Person\",\"@id\":\"https:\\\/\\\/www.gaidaphotos.com\\\/blog\\\/#\\\/schema\\\/person\\\/6c444a5b13ffc503c5c32f5a9ec68b21\",\"name\":\"Thomas\",\"sameAs\":[\"https:\\\/\\\/www.gaidaphotos.com\",\"https:\\\/\\\/www.facebook.com\\\/gaidaphotos\",\"https:\\\/\\\/instagram.com\\\/gaidaphotos\\\/\",\"https:\\\/\\\/www.linkedin.com\\\/in\\\/gaidaphotos\",\"http:\\\/\\\/www.pinterest.com\\\/gaidaphotos\\\/\",\"https:\\\/\\\/x.com\\\/gaidaphotos\",\"https:\\\/\\\/myspace.com\\\/gaidaphotos\",\"https:\\\/\\\/www.youtube.com\\\/user\\\/gaidaphotos\",\"https:\\\/\\\/gaidaphotos.tumblr.com\\\/\"]}]}<\/script>\n<!-- \/ Yoast SEO plugin. -->","yoast_head_json":{"title":"Reise in's Blumenparadies Keuckenhof - K\u00f6ln Rodenkirchen und die Welt","description":"So sch\u00f6n ist der Besuch des Keuckenhofs in Holland, das Schaufenster derniederl\u00e4ndischen Tulpenz\u00fcchter mit \u00fcber 7 Millionen Blumenzwiebeln - Information, Parken, Hotels, Anreise und viele Bilder","robots":{"index":"index","follow":"follow","max-snippet":"max-snippet:-1","max-image-preview":"max-image-preview:large","max-video-preview":"max-video-preview:-1"},"canonical":"https:\/\/www.gaidaphotos.com\/blog\/2018\/05\/02\/reise-ins-blumenparadies-keuckenhof\/","og_locale":"de_DE","og_type":"article","og_title":"Reise in's Blumenparadies Keuckenhof - K\u00f6ln Rodenkirchen und die Welt","og_description":"So sch\u00f6n ist der Besuch des Keuckenhofs in Holland, das Schaufenster derniederl\u00e4ndischen Tulpenz\u00fcchter mit \u00fcber 7 Millionen Blumenzwiebeln - Information, Parken, Hotels, Anreise und viele Bilder","og_url":"https:\/\/www.gaidaphotos.com\/blog\/2018\/05\/02\/reise-ins-blumenparadies-keuckenhof\/","og_site_name":"K\u00f6ln Rodenkirchen und die Welt","article_publisher":"https:\/\/www.facebook.com\/Koeln.Rodenkirchen","article_author":"https:\/\/www.facebook.com\/gaidaphotos","article_published_time":"2018-05-02T17:02:12+00:00","article_modified_time":"2020-08-12T15:08:46+00:00","og_image":[{"width":1024,"height":683,"url":"https:\/\/i0.wp.com\/www.gaidaphotos.com\/blog\/wp-content\/uploads\/ngg_featured\/keuckenhof-tulpenfeld-22.jpg?fit=1024%2C683&ssl=1","type":"image\/jpeg"}],"author":"Thomas","twitter_card":"summary_large_image","twitter_creator":"@gaidaphotos","twitter_site":"@gaidaphotos","twitter_misc":{"Verfasst von":"Thomas","Gesch\u00e4tzte Lesezeit":"3\u00a0Minuten"},"schema":{"@context":"https:\/\/schema.org","@graph":[{"@type":"Article","@id":"https:\/\/www.gaidaphotos.com\/blog\/2018\/05\/02\/reise-ins-blumenparadies-keuckenhof\/#article","isPartOf":{"@id":"https:\/\/www.gaidaphotos.com\/blog\/2018\/05\/02\/reise-ins-blumenparadies-keuckenhof\/"},"author":{"name":"Thomas","@id":"https:\/\/www.gaidaphotos.com\/blog\/#\/schema\/person\/6c444a5b13ffc503c5c32f5a9ec68b21"},"headline":"Reise in&#8217;s Blumenparadies Keuckenhof","datePublished":"2018-05-02T17:02:12+00:00","dateModified":"2020-08-12T15:08:46+00:00","mainEntityOfPage":{"@id":"https:\/\/www.gaidaphotos.com\/blog\/2018\/05\/02\/reise-ins-blumenparadies-keuckenhof\/"},"wordCount":629,"commentCount":0,"publisher":{"@id":"https:\/\/www.gaidaphotos.com\/blog\/#organization"},"image":{"@id":"https:\/\/www.gaidaphotos.com\/blog\/2018\/05\/02\/reise-ins-blumenparadies-keuckenhof\/#primaryimage"},"thumbnailUrl":"https:\/\/i0.wp.com\/www.gaidaphotos.com\/blog\/wp-content\/uploads\/ngg_featured\/keuckenhof-tulpenfeld-22.jpg?fit=1024%2C683&ssl=1","keywords":["Fotografie","Freizeit-Ideen","Holland"],"articleSection":["Ausflug","Holland","Holland K\u00fcste","schoene Bilder","Schoene Fotos"],"inLanguage":"de","potentialAction":[{"@type":"CommentAction","name":"Comment","target":["https:\/\/www.gaidaphotos.com\/blog\/2018\/05\/02\/reise-ins-blumenparadies-keuckenhof\/#respond"]}]},{"@type":"WebPage","@id":"https:\/\/www.gaidaphotos.com\/blog\/2018\/05\/02\/reise-ins-blumenparadies-keuckenhof\/","url":"https:\/\/www.gaidaphotos.com\/blog\/2018\/05\/02\/reise-ins-blumenparadies-keuckenhof\/","name":"Reise in's Blumenparadies Keuckenhof - K\u00f6ln Rodenkirchen und die Welt","isPartOf":{"@id":"https:\/\/www.gaidaphotos.com\/blog\/#website"},"primaryImageOfPage":{"@id":"https:\/\/www.gaidaphotos.com\/blog\/2018\/05\/02\/reise-ins-blumenparadies-keuckenhof\/#primaryimage"},"image":{"@id":"https:\/\/www.gaidaphotos.com\/blog\/2018\/05\/02\/reise-ins-blumenparadies-keuckenhof\/#primaryimage"},"thumbnailUrl":"https:\/\/i0.wp.com\/www.gaidaphotos.com\/blog\/wp-content\/uploads\/ngg_featured\/keuckenhof-tulpenfeld-22.jpg?fit=1024%2C683&ssl=1","datePublished":"2018-05-02T17:02:12+00:00","dateModified":"2020-08-12T15:08:46+00:00","description":"So sch\u00f6n ist der Besuch des Keuckenhofs in Holland, das Schaufenster derniederl\u00e4ndischen Tulpenz\u00fcchter mit \u00fcber 7 Millionen Blumenzwiebeln - Information, Parken, Hotels, Anreise und viele Bilder","breadcrumb":{"@id":"https:\/\/www.gaidaphotos.com\/blog\/2018\/05\/02\/reise-ins-blumenparadies-keuckenhof\/#breadcrumb"},"inLanguage":"de","potentialAction":[{"@type":"ReadAction","target":["https:\/\/www.gaidaphotos.com\/blog\/2018\/05\/02\/reise-ins-blumenparadies-keuckenhof\/"]}]},{"@type":"ImageObject","inLanguage":"de","@id":"https:\/\/www.gaidaphotos.com\/blog\/2018\/05\/02\/reise-ins-blumenparadies-keuckenhof\/#primaryimage","url":"https:\/\/i0.wp.com\/www.gaidaphotos.com\/blog\/wp-content\/uploads\/ngg_featured\/keuckenhof-tulpenfeld-22.jpg?fit=1024%2C683&ssl=1","contentUrl":"https:\/\/i0.wp.com\/www.gaidaphotos.com\/blog\/wp-content\/uploads\/ngg_featured\/keuckenhof-tulpenfeld-22.jpg?fit=1024%2C683&ssl=1","width":1024,"height":683},{"@type":"BreadcrumbList","@id":"https:\/\/www.gaidaphotos.com\/blog\/2018\/05\/02\/reise-ins-blumenparadies-keuckenhof\/#breadcrumb","itemListElement":[{"@type":"ListItem","position":1,"name":"Startseite","item":"https:\/\/www.gaidaphotos.com\/blog\/"},{"@type":"ListItem","position":2,"name":"Reise in&#8217;s Blumenparadies Keuckenhof"}]},{"@type":"WebSite","@id":"https:\/\/www.gaidaphotos.com\/blog\/#website","url":"https:\/\/www.gaidaphotos.com\/blog\/","name":"K\u00f6ln Rodenkirchen und die Welt","description":"Einkaufen, Restaurants, Freizeit, Nachrichten und was uns sonst bewegt und begegnet","publisher":{"@id":"https:\/\/www.gaidaphotos.com\/blog\/#organization"},"potentialAction":[{"@type":"SearchAction","target":{"@type":"EntryPoint","urlTemplate":"https:\/\/www.gaidaphotos.com\/blog\/?s={search_term_string}"},"query-input":{"@type":"PropertyValueSpecification","valueRequired":true,"valueName":"search_term_string"}}],"inLanguage":"de"},{"@type":"Organization","@id":"https:\/\/www.gaidaphotos.com\/blog\/#organization","name":"gaidaphotos","url":"https:\/\/www.gaidaphotos.com\/blog\/","logo":{"@type":"ImageObject","inLanguage":"de","@id":"https:\/\/www.gaidaphotos.com\/blog\/#\/schema\/logo\/image\/","url":"https:\/\/i0.wp.com\/www.gaidaphotos.com\/blog\/wp-content\/uploads\/2020\/07\/GAIDAPHOTOS-COM.jpg?fit=160%2C96&ssl=1","contentUrl":"https:\/\/i0.wp.com\/www.gaidaphotos.com\/blog\/wp-content\/uploads\/2020\/07\/GAIDAPHOTOS-COM.jpg?fit=160%2C96&ssl=1","width":160,"height":96,"caption":"gaidaphotos"},"image":{"@id":"https:\/\/www.gaidaphotos.com\/blog\/#\/schema\/logo\/image\/"},"sameAs":["https:\/\/www.facebook.com\/Koeln.Rodenkirchen","https:\/\/x.com\/gaidaphotos","https:\/\/instagram.com\/gaidaphotos\/","https:\/\/de.linkedin.com\/in\/gaidaphotos","https:\/\/myspace.com\/gaidaphotos","https:\/\/www.pinterest.com\/gaidaphotos\/","https:\/\/www.youtube.com\/user\/gaidaphotos"]},{"@type":"Person","@id":"https:\/\/www.gaidaphotos.com\/blog\/#\/schema\/person\/6c444a5b13ffc503c5c32f5a9ec68b21","name":"Thomas","sameAs":["https:\/\/www.gaidaphotos.com","https:\/\/www.facebook.com\/gaidaphotos","https:\/\/instagram.com\/gaidaphotos\/","https:\/\/www.linkedin.com\/in\/gaidaphotos","http:\/\/www.pinterest.com\/gaidaphotos\/","https:\/\/x.com\/gaidaphotos","https:\/\/myspace.com\/gaidaphotos","https:\/\/www.youtube.com\/user\/gaidaphotos","https:\/\/gaidaphotos.tumblr.com\/"]}]}},"jetpack_publicize_connections":[],"jetpack_featured_media_url":"https:\/\/i0.wp.com\/www.gaidaphotos.com\/blog\/wp-content\/uploads\/ngg_featured\/keuckenhof-tulpenfeld-22.jpg?fit=1024%2C683&ssl=1","jetpack_sharing_enabled":true,"jetpack_likes_enabled":true,"jetpack-related-posts":[{"id":322,"url":"https:\/\/www.gaidaphotos.com\/blog\/2009\/04\/10\/holland-foto\/","url_meta":{"origin":10081,"position":0},"title":"Ostern an der K\u00fcste Hollands (Fotogallerie)","author":"Thomas","date":"10. April 2009","format":false,"excerpt":"Unser Tip zu Ostern: K\u00fcste Holland, Masterdam, Zaanse Schans, Noordwijck, Fotogallerie mit kostenlosem Download","rel":"","context":"In &quot;Holland K\u00fcste&quot;","block_context":{"text":"Holland K\u00fcste","link":"https:\/\/www.gaidaphotos.com\/blog\/category\/foto\/holland-kuste\/"},"img":{"alt_text":"","src":"","width":0,"height":0},"classes":[]},{"id":2088,"url":"https:\/\/www.gaidaphotos.com\/blog\/2009\/09\/14\/holland-maastricht-einkaufen-kuenstlermarkt\/","url_meta":{"origin":10081,"position":1},"title":"Holland &#8211; Maastricht: Einkaufen K\u00fcnstlermarkt","author":"Thomas","date":"14. September 2009","format":false,"excerpt":"Es ist schon ein wenig her, dennoch m\u00f6chten wir Euch von \"MOSARTE\", der \u00f6ffentlichen Kunstschau in Maastricht (Holland) am 5 & 6.09.2009 berichten. An jedem ersten Wochenende im September findet in Maastricht (Holland) eine gro\u00dfe (Kauf-)Ausstellung lokaler K\u00fcnsteler statt. \u00dcber die ganze Stadt Maastricht verteilt, findet man Maler, T\u00f6pfer, Goldschmiede,\u2026","rel":"","context":"In &quot;Foto&quot;","block_context":{"text":"Foto","link":"https:\/\/www.gaidaphotos.com\/blog\/category\/foto\/"},"img":{"alt_text":"Holland - Maastricht: Einkaufen K\u00fcnstlermarkt","src":"https:\/\/i0.wp.com\/www.gaidaphotos.com\/blog\/wp-content\/uploads\/2009\/09\/frosch-koenig-225x300.jpg?resize=350%2C200&ssl=1","width":350,"height":200},"classes":[]},{"id":4596,"url":"https:\/\/www.gaidaphotos.com\/blog\/2012\/04\/30\/verkaufsoffener-sonntag-06-05-2012-in-koeln\/","url_meta":{"origin":10081,"position":2},"title":"Verkaufsoffener Sonntag 06.05.2012 in K\u00f6ln","author":"Thomas","date":"30. April 2012","format":false,"excerpt":"Verkaufsoffener Sonntag 06.05.2012 in K\u00f6ln Endlich ist es wieder soweit und die K\u00f6lner haben einen verkaufsoffenen Sonntag in ihrer Heimatstadt. Dank rot-gr\u00fcner Bevormundung sind verkaufsoffene Sontage rar geworden (die ganze Geschichte hier lesen: verkaufsoffene Sonntag in K\u00f6ln 2012). Stattdessen weichen die K\u00f6lner gerne ins umliegende Ausland aus (verkaufsoffene Sonntage Maastricht\u2026","rel":"","context":"In &quot;Verkaufsoffener Sonntag K\u00f6ln NRW&quot;","block_context":{"text":"Verkaufsoffener Sonntag K\u00f6ln NRW","link":"https:\/\/www.gaidaphotos.com\/blog\/category\/kalender-archiv\/verkaufsoffener-sonntag-koln-nrw\/"},"img":{"alt_text":"","src":"https:\/\/www.gaidaphotos.com\/blog\/wp-content\/uploads\/2020\/08\/nggallery_import\/17_","width":350,"height":200,"srcset":"https:\/\/www.gaidaphotos.com\/blog\/wp-content\/uploads\/2020\/08\/nggallery_import\/17_ 1x, https:\/\/www.gaidaphotos.com\/blog\/wp-content\/uploads\/2020\/08\/nggallery_import\/17_ 1.5x"},"classes":[]},{"id":735,"url":"https:\/\/www.gaidaphotos.com\/blog\/2009\/06\/17\/holland-maastricht-einkaufen-trodelmarkt-termine-2009\/","url_meta":{"origin":10081,"position":3},"title":"Holland Maastricht: Einkaufen &#038; Tr\u00f6delmarkt Termine 2009","author":"Thomas","date":"17. Juni 2009","format":false,"excerpt":"Hier finden Sie die neuen Termine Flohmarkt - Tr\u00f6delmarkt - Antikmarkt Maastricht (Holland) 2012 Wir haben schon mit sch\u00f6nen Fotos vom letzten (?) Tr\u00f6delmarkt in Maastricht (Holland) berichtet. - Erg\u00e4nzung M\u00e4rz 2014: Die neuen Flohmarkttermine f\u00fcr Maastricht (Holland) 2014 sind da! Wenn Sie automatisch \u00fcber die Daten f\u00fcr Flohm\u00e4rkte in\u2026","rel":"","context":"In &quot;Holland&quot;","block_context":{"text":"Holland","link":"https:\/\/www.gaidaphotos.com\/blog\/category\/reise\/holland\/"},"img":{"alt_text":"","src":"","width":0,"height":0},"classes":[]},{"id":320,"url":"https:\/\/www.gaidaphotos.com\/blog\/2009\/04\/09\/hyazintenfelder-an-der-hollandischen-kuste\/","url_meta":{"origin":10081,"position":4},"title":"Hyazintenfelder an der holl\u00e4ndischen K\u00fcste","author":"Thomas","date":"9. April 2009","format":false,"excerpt":"Leider geht es schon wieder nach Hause. Zum Abschied gr\u00fc\u00dfen uns noch die Hyazinten an der holl\u00e4ndischen K\u00fcste. Der Geruch ist unbeschreiblich intensiv.","rel":"","context":"In &quot;17&quot;","block_context":{"text":"17","link":"https:\/\/www.gaidaphotos.com\/blog\/category\/mobile_news_von_unterwegs\/mobile_news_von_unterwegs-n95\/"},"img":{"alt_text":"","src":"","width":0,"height":0},"classes":[]},{"id":4172,"url":"https:\/\/www.gaidaphotos.com\/blog\/2012\/01\/31\/verkaufsoffener-sonntag-und-feiertag-in-roermond-holland\/","url_meta":{"origin":10081,"position":5},"title":"verkaufsoffener Sonntag und Feiertag in Roermond (Holland)","author":"Thomas","date":"31. Januar 2012","format":false,"excerpt":"Verkaufsoffener Sonntag und Feiertag in Roermond (Holland) Nachdem Rot-Gr\u00fcn in NRW den verkaufsoffenen Sonntagen an den Kragen will (Motto: Wir sagen Euch, was f\u00fcr Euch das \"Beste\" ist.) bleibt uns keine andere Wahl als im benachbarten Ausland nach Alternativen zu suchen und unser sch\u00f6nes Geld zur F\u00f6rderung der holl\u00e4ndischen Wirtschaft\u2026","rel":"","context":"In &quot;Verkaufsoffener Sonntag K\u00f6ln NRW&quot;","block_context":{"text":"Verkaufsoffener Sonntag K\u00f6ln NRW","link":"https:\/\/www.gaidaphotos.com\/blog\/category\/kalender-archiv\/verkaufsoffener-sonntag-koln-nrw\/"},"img":{"alt_text":"","src":"https:\/\/www.gaidaphotos.com\/blog\/wp-content\/uploads\/2020\/08\/nggallery_import\/101_","width":350,"height":200,"srcset":"https:\/\/www.gaidaphotos.com\/blog\/wp-content\/uploads\/2020\/08\/nggallery_import\/101_ 1x, https:\/\/www.gaidaphotos.com\/blog\/wp-content\/uploads\/2020\/08\/nggallery_import\/101_ 1.5x, https:\/\/www.gaidaphotos.com\/blog\/wp-content\/uploads\/2020\/08\/nggallery_import\/101_ 2x"},"classes":[]}],"_links":{"self":[{"href":"https:\/\/www.gaidaphotos.com\/blog\/wp-json\/wp\/v2\/posts\/10081","targetHints":{"allow":["GET"]}}],"collection":[{"href":"https:\/\/www.gaidaphotos.com\/blog\/wp-json\/wp\/v2\/posts"}],"about":[{"href":"https:\/\/www.gaidaphotos.com\/blog\/wp-json\/wp\/v2\/types\/post"}],"author":[{"embeddable":true,"href":"https:\/\/www.gaidaphotos.com\/blog\/wp-json\/wp\/v2\/users\/6"}],"replies":[{"embeddable":true,"href":"https:\/\/www.gaidaphotos.com\/blog\/wp-json\/wp\/v2\/comments?post=10081"}],"version-history":[{"count":0,"href":"https:\/\/www.gaidaphotos.com\/blog\/wp-json\/wp\/v2\/posts\/10081\/revisions"}],"wp:featuredmedia":[{"embeddable":true,"href":"https:\/\/www.gaidaphotos.com\/blog\/wp-json\/wp\/v2\/media\/10115"}],"wp:attachment":[{"href":"https:\/\/www.gaidaphotos.com\/blog\/wp-json\/wp\/v2\/media?parent=10081"}],"wp:term":[{"taxonomy":"category","embeddable":true,"href":"https:\/\/www.gaidaphotos.com\/blog\/wp-json\/wp\/v2\/categories?post=10081"},{"taxonomy":"post_tag","embeddable":true,"href":"https:\/\/www.gaidaphotos.com\/blog\/wp-json\/wp\/v2\/tags?post=10081"}],"curies":[{"name":"wp","href":"https:\/\/api.w.org\/{rel}","templated":true}]}}