{"id":105,"date":"2009-02-12T13:31:15","date_gmt":"2009-02-12T12:31:15","guid":{"rendered":"http:\/\/gaidaphotos.com\/blog\/2009\/02\/12\/messie-mieter\/"},"modified":"2009-04-13T16:18:11","modified_gmt":"2009-04-13T15:18:11","slug":"messie-mieter","status":"publish","type":"post","link":"https:\/\/www.gaidaphotos.com\/blog\/2009\/02\/12\/messie-mieter\/","title":{"rendered":"Messie Mieter?"},"content":{"rendered":"<div class=\"Lifeblog_Posting\">\n<div class=\"Lifeblog_Resource\"><img data-recalc-dims=\"1\" loading=\"lazy\" decoding=\"async\" class=\"alignleft\" src=\"https:\/\/i0.wp.com\/www.gaidaphotos.com\/blog\/wp-content\/uploads\/lifeblog-12022009078.jpg?resize=336%2C448&#038;ssl=1\" alt=\"Do 12.02.2009 12:11 12022009078\" width=\"336\" height=\"448\" \/><\/div>\n<p>Darf man als Mieter eine Wohnung SO hinterlassen? Unsere Mieterin hat die Miete nicht bezahlt, hat ein Zimmer bis unter die Decke verm\u00fcllt &amp; ist abgehauen.<\/p><\/div>\n","protected":false},"excerpt":{"rendered":"<p>Darf man als Mieter eine Wohnung SO hinterlassen? Unsere Mieterin hat die Miete nicht bezahlt, hat ein Zimmer bis unter<\/p>\n","protected":false},"author":6,"featured_media":0,"comment_status":"closed","ping_status":"open","sticky":false,"template":"","format":"standard","meta":{"_crdt_document":"","ngg_post_thumbnail":0,"jetpack_post_was_ever_published":false,"_jetpack_newsletter_access":"","_jetpack_dont_email_post_to_subs":false,"_jetpack_newsletter_tier_id":0,"_jetpack_memberships_contains_paywalled_content":false,"_jetpack_memberships_contains_paid_content":false,"footnotes":"","jetpack_publicize_message":"","jetpack_publicize_feature_enabled":true,"jetpack_social_post_already_shared":false,"jetpack_social_options":{"image_generator_settings":{"template":"highway","default_image_id":0,"font":"","enabled":false},"version":2}},"categories":[20,74],"tags":[],"class_list":["post-105","post","type-post","status-publish","format-standard","hentry","category-mobile_news_von_unterwegs-n95","category-foto","comments-off"],"yoast_head":"<!-- This site is optimized with the Yoast SEO plugin v27.5 - https:\/\/yoast.com\/product\/yoast-seo-wordpress\/ -->\n<title>Messie Mieter? - K\u00f6ln Rodenkirchen und die Welt<\/title>\n<meta name=\"robots\" content=\"index, follow, max-snippet:-1, max-image-preview:large, max-video-preview:-1\" \/>\n<link rel=\"canonical\" href=\"https:\/\/www.gaidaphotos.com\/blog\/2009\/02\/12\/messie-mieter\/\" \/>\n<meta property=\"og:locale\" content=\"de_DE\" \/>\n<meta property=\"og:type\" content=\"article\" \/>\n<meta property=\"og:title\" content=\"Messie Mieter? - K\u00f6ln Rodenkirchen und die Welt\" \/>\n<meta property=\"og:description\" content=\"Darf man als Mieter eine Wohnung SO hinterlassen? Unsere Mieterin hat die Miete nicht bezahlt, hat ein Zimmer bis unter\" \/>\n<meta property=\"og:url\" content=\"https:\/\/www.gaidaphotos.com\/blog\/2009\/02\/12\/messie-mieter\/\" \/>\n<meta property=\"og:site_name\" content=\"K\u00f6ln Rodenkirchen und die Welt\" \/>\n<meta property=\"article:publisher\" content=\"https:\/\/www.facebook.com\/Koeln.Rodenkirchen\" \/>\n<meta property=\"article:author\" content=\"https:\/\/www.facebook.com\/gaidaphotos\" \/>\n<meta property=\"article:published_time\" content=\"2009-02-12T12:31:15+00:00\" \/>\n<meta property=\"article:modified_time\" content=\"2009-04-13T15:18:11+00:00\" \/>\n<meta property=\"og:image\" content=\"https:\/\/www.gaidaphotos.com\/blog\/wp-content\/uploads\/lifeblog-12022009078.jpg\" \/>\n<meta name=\"author\" content=\"Thomas\" \/>\n<meta name=\"twitter:card\" content=\"summary_large_image\" \/>\n<meta name=\"twitter:creator\" content=\"@gaidaphotos\" \/>\n<meta name=\"twitter:site\" content=\"@gaidaphotos\" \/>\n<meta name=\"twitter:label1\" content=\"Verfasst von\" \/>\n\t<meta name=\"twitter:data1\" content=\"Thomas\" \/>\n<script type=\"application\/ld+json\" class=\"yoast-schema-graph\">{\"@context\":\"https:\\\/\\\/schema.org\",\"@graph\":[{\"@type\":\"Article\",\"@id\":\"https:\\\/\\\/www.gaidaphotos.com\\\/blog\\\/2009\\\/02\\\/12\\\/messie-mieter\\\/#article\",\"isPartOf\":{\"@id\":\"https:\\\/\\\/www.gaidaphotos.com\\\/blog\\\/2009\\\/02\\\/12\\\/messie-mieter\\\/\"},\"author\":{\"name\":\"Thomas\",\"@id\":\"https:\\\/\\\/www.gaidaphotos.com\\\/blog\\\/#\\\/schema\\\/person\\\/6c444a5b13ffc503c5c32f5a9ec68b21\"},\"headline\":\"Messie Mieter?\",\"datePublished\":\"2009-02-12T12:31:15+00:00\",\"dateModified\":\"2009-04-13T15:18:11+00:00\",\"mainEntityOfPage\":{\"@id\":\"https:\\\/\\\/www.gaidaphotos.com\\\/blog\\\/2009\\\/02\\\/12\\\/messie-mieter\\\/\"},\"wordCount\":29,\"publisher\":{\"@id\":\"https:\\\/\\\/www.gaidaphotos.com\\\/blog\\\/#organization\"},\"image\":{\"@id\":\"https:\\\/\\\/www.gaidaphotos.com\\\/blog\\\/2009\\\/02\\\/12\\\/messie-mieter\\\/#primaryimage\"},\"thumbnailUrl\":\"https:\\\/\\\/www.gaidaphotos.com\\\/blog\\\/wp-content\\\/uploads\\\/lifeblog-12022009078.jpg\",\"articleSection\":[\"17\",\"Foto\"],\"inLanguage\":\"de\"},{\"@type\":\"WebPage\",\"@id\":\"https:\\\/\\\/www.gaidaphotos.com\\\/blog\\\/2009\\\/02\\\/12\\\/messie-mieter\\\/\",\"url\":\"https:\\\/\\\/www.gaidaphotos.com\\\/blog\\\/2009\\\/02\\\/12\\\/messie-mieter\\\/\",\"name\":\"Messie Mieter? - K\u00f6ln Rodenkirchen und die Welt\",\"isPartOf\":{\"@id\":\"https:\\\/\\\/www.gaidaphotos.com\\\/blog\\\/#website\"},\"primaryImageOfPage\":{\"@id\":\"https:\\\/\\\/www.gaidaphotos.com\\\/blog\\\/2009\\\/02\\\/12\\\/messie-mieter\\\/#primaryimage\"},\"image\":{\"@id\":\"https:\\\/\\\/www.gaidaphotos.com\\\/blog\\\/2009\\\/02\\\/12\\\/messie-mieter\\\/#primaryimage\"},\"thumbnailUrl\":\"https:\\\/\\\/www.gaidaphotos.com\\\/blog\\\/wp-content\\\/uploads\\\/lifeblog-12022009078.jpg\",\"datePublished\":\"2009-02-12T12:31:15+00:00\",\"dateModified\":\"2009-04-13T15:18:11+00:00\",\"breadcrumb\":{\"@id\":\"https:\\\/\\\/www.gaidaphotos.com\\\/blog\\\/2009\\\/02\\\/12\\\/messie-mieter\\\/#breadcrumb\"},\"inLanguage\":\"de\",\"potentialAction\":[{\"@type\":\"ReadAction\",\"target\":[\"https:\\\/\\\/www.gaidaphotos.com\\\/blog\\\/2009\\\/02\\\/12\\\/messie-mieter\\\/\"]}]},{\"@type\":\"ImageObject\",\"inLanguage\":\"de\",\"@id\":\"https:\\\/\\\/www.gaidaphotos.com\\\/blog\\\/2009\\\/02\\\/12\\\/messie-mieter\\\/#primaryimage\",\"url\":\"https:\\\/\\\/www.gaidaphotos.com\\\/blog\\\/wp-content\\\/uploads\\\/lifeblog-12022009078.jpg\",\"contentUrl\":\"https:\\\/\\\/www.gaidaphotos.com\\\/blog\\\/wp-content\\\/uploads\\\/lifeblog-12022009078.jpg\"},{\"@type\":\"BreadcrumbList\",\"@id\":\"https:\\\/\\\/www.gaidaphotos.com\\\/blog\\\/2009\\\/02\\\/12\\\/messie-mieter\\\/#breadcrumb\",\"itemListElement\":[{\"@type\":\"ListItem\",\"position\":1,\"name\":\"Startseite\",\"item\":\"https:\\\/\\\/www.gaidaphotos.com\\\/blog\\\/\"},{\"@type\":\"ListItem\",\"position\":2,\"name\":\"Messie Mieter?\"}]},{\"@type\":\"WebSite\",\"@id\":\"https:\\\/\\\/www.gaidaphotos.com\\\/blog\\\/#website\",\"url\":\"https:\\\/\\\/www.gaidaphotos.com\\\/blog\\\/\",\"name\":\"K\u00f6ln Rodenkirchen und die Welt\",\"description\":\"Einkaufen, Restaurants, Freizeit, Nachrichten und was uns sonst bewegt und begegnet\",\"publisher\":{\"@id\":\"https:\\\/\\\/www.gaidaphotos.com\\\/blog\\\/#organization\"},\"potentialAction\":[{\"@type\":\"SearchAction\",\"target\":{\"@type\":\"EntryPoint\",\"urlTemplate\":\"https:\\\/\\\/www.gaidaphotos.com\\\/blog\\\/?s={search_term_string}\"},\"query-input\":{\"@type\":\"PropertyValueSpecification\",\"valueRequired\":true,\"valueName\":\"search_term_string\"}}],\"inLanguage\":\"de\"},{\"@type\":\"Organization\",\"@id\":\"https:\\\/\\\/www.gaidaphotos.com\\\/blog\\\/#organization\",\"name\":\"gaidaphotos\",\"url\":\"https:\\\/\\\/www.gaidaphotos.com\\\/blog\\\/\",\"logo\":{\"@type\":\"ImageObject\",\"inLanguage\":\"de\",\"@id\":\"https:\\\/\\\/www.gaidaphotos.com\\\/blog\\\/#\\\/schema\\\/logo\\\/image\\\/\",\"url\":\"https:\\\/\\\/i0.wp.com\\\/www.gaidaphotos.com\\\/blog\\\/wp-content\\\/uploads\\\/2020\\\/07\\\/GAIDAPHOTOS-COM.jpg?fit=160%2C96&ssl=1\",\"contentUrl\":\"https:\\\/\\\/i0.wp.com\\\/www.gaidaphotos.com\\\/blog\\\/wp-content\\\/uploads\\\/2020\\\/07\\\/GAIDAPHOTOS-COM.jpg?fit=160%2C96&ssl=1\",\"width\":160,\"height\":96,\"caption\":\"gaidaphotos\"},\"image\":{\"@id\":\"https:\\\/\\\/www.gaidaphotos.com\\\/blog\\\/#\\\/schema\\\/logo\\\/image\\\/\"},\"sameAs\":[\"https:\\\/\\\/www.facebook.com\\\/Koeln.Rodenkirchen\",\"https:\\\/\\\/x.com\\\/gaidaphotos\",\"https:\\\/\\\/instagram.com\\\/gaidaphotos\\\/\",\"https:\\\/\\\/de.linkedin.com\\\/in\\\/gaidaphotos\",\"https:\\\/\\\/myspace.com\\\/gaidaphotos\",\"https:\\\/\\\/www.pinterest.com\\\/gaidaphotos\\\/\",\"https:\\\/\\\/www.youtube.com\\\/user\\\/gaidaphotos\"]},{\"@type\":\"Person\",\"@id\":\"https:\\\/\\\/www.gaidaphotos.com\\\/blog\\\/#\\\/schema\\\/person\\\/6c444a5b13ffc503c5c32f5a9ec68b21\",\"name\":\"Thomas\",\"sameAs\":[\"https:\\\/\\\/www.gaidaphotos.com\",\"https:\\\/\\\/www.facebook.com\\\/gaidaphotos\",\"https:\\\/\\\/instagram.com\\\/gaidaphotos\\\/\",\"https:\\\/\\\/www.linkedin.com\\\/in\\\/gaidaphotos\",\"http:\\\/\\\/www.pinterest.com\\\/gaidaphotos\\\/\",\"https:\\\/\\\/x.com\\\/gaidaphotos\",\"https:\\\/\\\/myspace.com\\\/gaidaphotos\",\"https:\\\/\\\/www.youtube.com\\\/user\\\/gaidaphotos\",\"https:\\\/\\\/gaidaphotos.tumblr.com\\\/\"]}]}<\/script>\n<!-- \/ Yoast SEO plugin. -->","yoast_head_json":{"title":"Messie Mieter? - K\u00f6ln Rodenkirchen und die Welt","robots":{"index":"index","follow":"follow","max-snippet":"max-snippet:-1","max-image-preview":"max-image-preview:large","max-video-preview":"max-video-preview:-1"},"canonical":"https:\/\/www.gaidaphotos.com\/blog\/2009\/02\/12\/messie-mieter\/","og_locale":"de_DE","og_type":"article","og_title":"Messie Mieter? - K\u00f6ln Rodenkirchen und die Welt","og_description":"Darf man als Mieter eine Wohnung SO hinterlassen? Unsere Mieterin hat die Miete nicht bezahlt, hat ein Zimmer bis unter","og_url":"https:\/\/www.gaidaphotos.com\/blog\/2009\/02\/12\/messie-mieter\/","og_site_name":"K\u00f6ln Rodenkirchen und die Welt","article_publisher":"https:\/\/www.facebook.com\/Koeln.Rodenkirchen","article_author":"https:\/\/www.facebook.com\/gaidaphotos","article_published_time":"2009-02-12T12:31:15+00:00","article_modified_time":"2009-04-13T15:18:11+00:00","og_image":[{"url":"https:\/\/www.gaidaphotos.com\/blog\/wp-content\/uploads\/lifeblog-12022009078.jpg","type":"","width":"","height":""}],"author":"Thomas","twitter_card":"summary_large_image","twitter_creator":"@gaidaphotos","twitter_site":"@gaidaphotos","twitter_misc":{"Verfasst von":"Thomas"},"schema":{"@context":"https:\/\/schema.org","@graph":[{"@type":"Article","@id":"https:\/\/www.gaidaphotos.com\/blog\/2009\/02\/12\/messie-mieter\/#article","isPartOf":{"@id":"https:\/\/www.gaidaphotos.com\/blog\/2009\/02\/12\/messie-mieter\/"},"author":{"name":"Thomas","@id":"https:\/\/www.gaidaphotos.com\/blog\/#\/schema\/person\/6c444a5b13ffc503c5c32f5a9ec68b21"},"headline":"Messie Mieter?","datePublished":"2009-02-12T12:31:15+00:00","dateModified":"2009-04-13T15:18:11+00:00","mainEntityOfPage":{"@id":"https:\/\/www.gaidaphotos.com\/blog\/2009\/02\/12\/messie-mieter\/"},"wordCount":29,"publisher":{"@id":"https:\/\/www.gaidaphotos.com\/blog\/#organization"},"image":{"@id":"https:\/\/www.gaidaphotos.com\/blog\/2009\/02\/12\/messie-mieter\/#primaryimage"},"thumbnailUrl":"https:\/\/www.gaidaphotos.com\/blog\/wp-content\/uploads\/lifeblog-12022009078.jpg","articleSection":["17","Foto"],"inLanguage":"de"},{"@type":"WebPage","@id":"https:\/\/www.gaidaphotos.com\/blog\/2009\/02\/12\/messie-mieter\/","url":"https:\/\/www.gaidaphotos.com\/blog\/2009\/02\/12\/messie-mieter\/","name":"Messie Mieter? - K\u00f6ln Rodenkirchen und die Welt","isPartOf":{"@id":"https:\/\/www.gaidaphotos.com\/blog\/#website"},"primaryImageOfPage":{"@id":"https:\/\/www.gaidaphotos.com\/blog\/2009\/02\/12\/messie-mieter\/#primaryimage"},"image":{"@id":"https:\/\/www.gaidaphotos.com\/blog\/2009\/02\/12\/messie-mieter\/#primaryimage"},"thumbnailUrl":"https:\/\/www.gaidaphotos.com\/blog\/wp-content\/uploads\/lifeblog-12022009078.jpg","datePublished":"2009-02-12T12:31:15+00:00","dateModified":"2009-04-13T15:18:11+00:00","breadcrumb":{"@id":"https:\/\/www.gaidaphotos.com\/blog\/2009\/02\/12\/messie-mieter\/#breadcrumb"},"inLanguage":"de","potentialAction":[{"@type":"ReadAction","target":["https:\/\/www.gaidaphotos.com\/blog\/2009\/02\/12\/messie-mieter\/"]}]},{"@type":"ImageObject","inLanguage":"de","@id":"https:\/\/www.gaidaphotos.com\/blog\/2009\/02\/12\/messie-mieter\/#primaryimage","url":"https:\/\/www.gaidaphotos.com\/blog\/wp-content\/uploads\/lifeblog-12022009078.jpg","contentUrl":"https:\/\/www.gaidaphotos.com\/blog\/wp-content\/uploads\/lifeblog-12022009078.jpg"},{"@type":"BreadcrumbList","@id":"https:\/\/www.gaidaphotos.com\/blog\/2009\/02\/12\/messie-mieter\/#breadcrumb","itemListElement":[{"@type":"ListItem","position":1,"name":"Startseite","item":"https:\/\/www.gaidaphotos.com\/blog\/"},{"@type":"ListItem","position":2,"name":"Messie Mieter?"}]},{"@type":"WebSite","@id":"https:\/\/www.gaidaphotos.com\/blog\/#website","url":"https:\/\/www.gaidaphotos.com\/blog\/","name":"K\u00f6ln Rodenkirchen und die Welt","description":"Einkaufen, Restaurants, Freizeit, Nachrichten und was uns sonst bewegt und begegnet","publisher":{"@id":"https:\/\/www.gaidaphotos.com\/blog\/#organization"},"potentialAction":[{"@type":"SearchAction","target":{"@type":"EntryPoint","urlTemplate":"https:\/\/www.gaidaphotos.com\/blog\/?s={search_term_string}"},"query-input":{"@type":"PropertyValueSpecification","valueRequired":true,"valueName":"search_term_string"}}],"inLanguage":"de"},{"@type":"Organization","@id":"https:\/\/www.gaidaphotos.com\/blog\/#organization","name":"gaidaphotos","url":"https:\/\/www.gaidaphotos.com\/blog\/","logo":{"@type":"ImageObject","inLanguage":"de","@id":"https:\/\/www.gaidaphotos.com\/blog\/#\/schema\/logo\/image\/","url":"https:\/\/i0.wp.com\/www.gaidaphotos.com\/blog\/wp-content\/uploads\/2020\/07\/GAIDAPHOTOS-COM.jpg?fit=160%2C96&ssl=1","contentUrl":"https:\/\/i0.wp.com\/www.gaidaphotos.com\/blog\/wp-content\/uploads\/2020\/07\/GAIDAPHOTOS-COM.jpg?fit=160%2C96&ssl=1","width":160,"height":96,"caption":"gaidaphotos"},"image":{"@id":"https:\/\/www.gaidaphotos.com\/blog\/#\/schema\/logo\/image\/"},"sameAs":["https:\/\/www.facebook.com\/Koeln.Rodenkirchen","https:\/\/x.com\/gaidaphotos","https:\/\/instagram.com\/gaidaphotos\/","https:\/\/de.linkedin.com\/in\/gaidaphotos","https:\/\/myspace.com\/gaidaphotos","https:\/\/www.pinterest.com\/gaidaphotos\/","https:\/\/www.youtube.com\/user\/gaidaphotos"]},{"@type":"Person","@id":"https:\/\/www.gaidaphotos.com\/blog\/#\/schema\/person\/6c444a5b13ffc503c5c32f5a9ec68b21","name":"Thomas","sameAs":["https:\/\/www.gaidaphotos.com","https:\/\/www.facebook.com\/gaidaphotos","https:\/\/instagram.com\/gaidaphotos\/","https:\/\/www.linkedin.com\/in\/gaidaphotos","http:\/\/www.pinterest.com\/gaidaphotos\/","https:\/\/x.com\/gaidaphotos","https:\/\/myspace.com\/gaidaphotos","https:\/\/www.youtube.com\/user\/gaidaphotos","https:\/\/gaidaphotos.tumblr.com\/"]}]}},"jetpack_publicize_connections":[],"jetpack_featured_media_url":"","jetpack_sharing_enabled":true,"jetpack_likes_enabled":true,"jetpack-related-posts":[{"id":7974,"url":"https:\/\/www.gaidaphotos.com\/blog\/2014\/10\/28\/alte-weihnachtskarten-aus-koeln\/","url_meta":{"origin":105,"position":0},"title":"Alte Weihnachtskarten aus K\u00f6ln","author":"Thomas","date":"28. Oktober 2014","format":false,"excerpt":"Historische Weihnachtskarten aus dem K\u00f6ln der Kaiserzeit K\u00f6lner Ansichtskarten aus dem Anfang des 20. Jahrhunderts als Weihnachtskarte zum kostenlosen Download oder zum Teilen bei Facebook, Google+, Pinterest oder Twitter. In den vergangenen Wochen haben wir Ihnen alte Postkarten und Fotos aus K\u00f6ln Rodenkirchen vorgestellt. Jetzt folgen eine Reihe wundersch\u00f6ner und\u2026","rel":"","context":"In &quot;K\u00f6ln&quot;","block_context":{"text":"K\u00f6ln","link":"https:\/\/www.gaidaphotos.com\/blog\/category\/koeln\/"},"img":{"alt_text":"","src":"https:\/\/i0.wp.com\/www.gaidaphotos.com\/blog\/wp-content\/uploads\/ngg_featured\/koeln-winter-weihnachten-g-1897-07-ka.jpg?fit=1024%2C661&ssl=1&resize=350%2C200","width":350,"height":200,"srcset":"https:\/\/i0.wp.com\/www.gaidaphotos.com\/blog\/wp-content\/uploads\/ngg_featured\/koeln-winter-weihnachten-g-1897-07-ka.jpg?fit=1024%2C661&ssl=1&resize=350%2C200 1x, https:\/\/i0.wp.com\/www.gaidaphotos.com\/blog\/wp-content\/uploads\/ngg_featured\/koeln-winter-weihnachten-g-1897-07-ka.jpg?fit=1024%2C661&ssl=1&resize=525%2C300 1.5x, https:\/\/i0.wp.com\/www.gaidaphotos.com\/blog\/wp-content\/uploads\/ngg_featured\/koeln-winter-weihnachten-g-1897-07-ka.jpg?fit=1024%2C661&ssl=1&resize=700%2C400 2x"},"classes":[]},{"id":2007,"url":"https:\/\/www.gaidaphotos.com\/blog\/2009\/08\/05\/italien-urlaub-strand-in-riccione\/","url_meta":{"origin":105,"position":1},"title":"Italien Urlaub: Strand in Riccione","author":"01726903617@vodafone.de","date":"5. August 2009","format":false,"excerpt":"Wir k\u00f6nnen gar nicht genug vom Strand in Riccione schw\u00e4rmen. Wie im Hotel oder im Ort selbst ist der Strand von Riccione sauber und gepflegt. Laute Musik und Tiere sind verboten. Jeder nimmt R\u00fccksicht und die Zeiten dicht gedr\u00e4ngter \"Teutonen\" sind lange vorbei. Die Umkleidekabinen (vom Hotel Baden Baden angemietet\u2026","rel":"","context":"In &quot;Italien&quot;","block_context":{"text":"Italien","link":"https:\/\/www.gaidaphotos.com\/blog\/category\/reise\/italien\/"},"img":{"alt_text":"","src":"https:\/\/i0.wp.com\/www.gaidaphotos.com\/blog\/wp-content\/uploads\/2009\/08\/jonglieren-am-strand.jpg?resize=350%2C200&ssl=1","width":350,"height":200,"srcset":"https:\/\/i0.wp.com\/www.gaidaphotos.com\/blog\/wp-content\/uploads\/2009\/08\/jonglieren-am-strand.jpg?resize=350%2C200&ssl=1 1x, https:\/\/i0.wp.com\/www.gaidaphotos.com\/blog\/wp-content\/uploads\/2009\/08\/jonglieren-am-strand.jpg?resize=525%2C300&ssl=1 1.5x, https:\/\/i0.wp.com\/www.gaidaphotos.com\/blog\/wp-content\/uploads\/2009\/08\/jonglieren-am-strand.jpg?resize=700%2C400&ssl=1 2x, https:\/\/i0.wp.com\/www.gaidaphotos.com\/blog\/wp-content\/uploads\/2009\/08\/jonglieren-am-strand.jpg?resize=1050%2C600&ssl=1 3x, https:\/\/i0.wp.com\/www.gaidaphotos.com\/blog\/wp-content\/uploads\/2009\/08\/jonglieren-am-strand.jpg?resize=1400%2C800&ssl=1 4x"},"classes":[]},{"id":1943,"url":"https:\/\/www.gaidaphotos.com\/blog\/2009\/07\/22\/adria-strand-reise-familien-urlaub-am-strand-von%c2%a0riccione\/","url_meta":{"origin":105,"position":2},"title":"Adria &#8211; Strand &#8211; Reise: Familien-urlaub am Strand von\u00a0Riccione","author":"Thomas","date":"22. Juli 2009","format":false,"excerpt":"Das Essen im Hotel In Riccione (Adria, Italien) ist ausgezeichnet und reichlich. Das Wetter ist herrlich. Die Menschen sind nett. Aber der H\u00f6hepunkt der Reise in den Urlaub an der Adria sind der Strand und das Meer. Der Sand-Strand f\u00e4llt ganz leicht ab, mit mehreren\u00a0Sandb\u00e4nken im Uferbereich, so dass sogar\u2026","rel":"","context":"In &quot;17&quot;","block_context":{"text":"17","link":"https:\/\/www.gaidaphotos.com\/blog\/category\/mobile_news_von_unterwegs\/mobile_news_von_unterwegs-n95\/"},"img":{"alt_text":"","src":"","width":0,"height":0},"classes":[]},{"id":2967,"url":"https:\/\/www.gaidaphotos.com\/blog\/2010\/06\/26\/fabrikverkauf-outlets-in-koeln\/","url_meta":{"origin":105,"position":3},"title":"Fabrikverkauf &#8211; Outlets in K\u00f6ln-Rodenkirchen: Schl\u00f6mers Fleischfabrik","author":"Thomas","date":"26. Juni 2010","format":false,"excerpt":"Fabrikverkauf - Outlets in K\u00f6ln-Rodenkirchen: Schl\u00f6mers Fleischfabrik Fabrikverkauf und Outlets gibt es viele, aber dieser hier hat etwas besonders. Die Fleischfabrik Jupp Schl\u00f6mer in K\u00f6ln-Rodenkirchen hat einen eigenen Fabrikverkauf. Schnitzel statt Seidenbluse, Steak statt Stiletto, Blutwurst statt BH Fabrikverkauf? Klingt doch nach Ware aus der letzten Saison. Hier nicht, im\u2026","rel":"","context":"In &quot;K\u00f6ln Rodenkirchen Einkaufen&quot;","block_context":{"text":"K\u00f6ln Rodenkirchen Einkaufen","link":"https:\/\/www.gaidaphotos.com\/blog\/category\/koeln-rodenkirchen\/koeln-rodenkirchen-einkaufen\/"},"img":{"alt_text":"Fabrikverkauf - Outlets in K\u00f6ln-Rodenkirchen","src":"https:\/\/i0.wp.com\/www.gaidaphotos.com\/blog\/wp-content\/uploads\/2010\/06\/fabrikverkauf-outlet-koeln-schloemer-2.jpg?resize=350%2C200&ssl=1","width":350,"height":200},"classes":[]},{"id":2827,"url":"https:\/\/www.gaidaphotos.com\/blog\/2010\/04\/30\/vatertag-kostenlose-karten\/","url_meta":{"origin":105,"position":4},"title":"Vatertag: Kostenlose Karten &#038; Ecards zum Vatertag","author":"Thomas","date":"30. April 2010","format":false,"excerpt":"Kostenlose Karten & E-cards zum Vatertag Am 09. Mai 2013 ist Vatertag Im Gegensatz zum Muttertag, eine US amerikanische Erfindung zum Gedenken an unsere M\u00fctter, hat der Vatertag in Deutschland unterschiedliche Urspr\u00fcnge und Hintergr\u00fcnde. W\u00e4hrend in den USA ab Mitte der 20er Jahre in Anlehnung an den Muttertag auch ein\u2026","rel":"","context":"In &quot;Neuigkeiten&quot;","block_context":{"text":"Neuigkeiten","link":"https:\/\/www.gaidaphotos.com\/blog\/category\/neuigkeiten\/"},"img":{"alt_text":"kostenlose Karten zum Vatertag, E-cards","src":"https:\/\/i0.wp.com\/www.gaidaphotos.com\/blog\/wp-content\/uploads\/fotos\/vatertagskarten-mannsbild-gaidaphotos.jpg?resize=350%2C200&ssl=1","width":350,"height":200},"classes":[]},{"id":3362,"url":"https:\/\/www.gaidaphotos.com\/blog\/2010\/08\/30\/seniorentag-in-koln-rodenkirchen-am-03-09-2010\/","url_meta":{"origin":105,"position":5},"title":"Seniorentag in K\u00f6ln-Rodenkirchen am 03.09.2010","author":"Thomas","date":"30. August 2010","format":false,"excerpt":"Seniorentag in K\u00f6ln-Rodenkirchen am 03.09.2010 Am 03.09.2010 ist der Maternusplatz in K\u00f6ln-Rodenkirchen auch offiziell in fester Hand der Rodenkirchener Senieren. Seniorenvertretung, Seniorenberater und verschiedenene Senioren-Organisationen des SB2 laden zum Seniorentag. \u201eInformationen und Aktionen rund ums \u00c4lterwerden im K\u00f6lner S\u00fcden\u201c Bezirksb\u00fcrgermeister Eberhard Petschel und Seniorenvertreter Stefan Meier er\u00f6ffnen den Seniorentag in\u2026","rel":"","context":"In &quot;K\u00f6ln Rodenkirchen&quot;","block_context":{"text":"K\u00f6ln Rodenkirchen","link":"https:\/\/www.gaidaphotos.com\/blog\/category\/koeln-rodenkirchen\/"},"img":{"alt_text":"Seniorentag in K\u00f6ln-Rodenkirchen am 03.09.2010","src":"https:\/\/i0.wp.com\/www.gaidaphotos.com\/blog\/wp-content\/uploads\/2010\/08\/seniorentag-rodenkirchen-225x300.jpg?resize=350%2C200&ssl=1","width":350,"height":200},"classes":[]}],"_links":{"self":[{"href":"https:\/\/www.gaidaphotos.com\/blog\/wp-json\/wp\/v2\/posts\/105","targetHints":{"allow":["GET"]}}],"collection":[{"href":"https:\/\/www.gaidaphotos.com\/blog\/wp-json\/wp\/v2\/posts"}],"about":[{"href":"https:\/\/www.gaidaphotos.com\/blog\/wp-json\/wp\/v2\/types\/post"}],"author":[{"embeddable":true,"href":"https:\/\/www.gaidaphotos.com\/blog\/wp-json\/wp\/v2\/users\/6"}],"replies":[{"embeddable":true,"href":"https:\/\/www.gaidaphotos.com\/blog\/wp-json\/wp\/v2\/comments?post=105"}],"version-history":[{"count":0,"href":"https:\/\/www.gaidaphotos.com\/blog\/wp-json\/wp\/v2\/posts\/105\/revisions"}],"wp:attachment":[{"href":"https:\/\/www.gaidaphotos.com\/blog\/wp-json\/wp\/v2\/media?parent=105"}],"wp:term":[{"taxonomy":"category","embeddable":true,"href":"https:\/\/www.gaidaphotos.com\/blog\/wp-json\/wp\/v2\/categories?post=105"},{"taxonomy":"post_tag","embeddable":true,"href":"https:\/\/www.gaidaphotos.com\/blog\/wp-json\/wp\/v2\/tags?post=105"}],"curies":[{"name":"wp","href":"https:\/\/api.w.org\/{rel}","templated":true}]}}