{"id":106,"date":"2009-02-14T12:31:20","date_gmt":"2009-02-14T10:31:20","guid":{"rendered":"http:\/\/gaidaphotos.com\/blog\/2009\/02\/14\/valentinstag-eroffnung-des-strasenkarneval\/"},"modified":"2010-02-05T18:57:51","modified_gmt":"2010-02-05T17:57:51","slug":"valentinstag-eroffnung-des-strasenkarneval","status":"publish","type":"post","link":"https:\/\/www.gaidaphotos.com\/blog\/2009\/02\/14\/valentinstag-eroffnung-des-strasenkarneval\/","title":{"rendered":"Valentinstag &#038; Er\u00f6ffnung des Stra\u00dfenkarneval"},"content":{"rendered":"<div class=\"Lifeblog_Posting\">\n<div class=\"Lifeblog_Resource\"><img data-recalc-dims=\"1\" loading=\"lazy\" decoding=\"async\" class=\"alignleft\" style=\"margin: 3px;\" src=\"https:\/\/i0.wp.com\/www.gaidaphotos.com\/blog\/wp-content\/uploads\/lifeblog-14022009090.jpg?resize=320%2C240&#038;ssl=1\" alt=\"Sa 14.02.2009 11:23 14022009090\" width=\"320\" height=\"240\" \/><\/div>\n<p>Alles liebe zum Valentinstag! Verge\u00dft nicht heute das Geschenk, einen netten Abend &#8230; wer alleine ist findet die gro\u00dfe Liebe vielleicht im Karneval! Ab heute wird in allen Stra\u00dfen &amp; auf allen Pl\u00e4tzen gefeiert. K\u00f6lle Alaaf<\/p>\n<\/div>\n","protected":false},"excerpt":{"rendered":"<p>Alles liebe zum Valentinstag! Verge\u00dft nicht heute das Geschenk, einen netten Abend &#8230; wer alleine ist findet die gro\u00dfe Liebe<\/p>\n","protected":false},"author":6,"featured_media":0,"comment_status":"closed","ping_status":"open","sticky":false,"template":"","format":"standard","meta":{"_crdt_document":"","ngg_post_thumbnail":0,"jetpack_post_was_ever_published":false,"_jetpack_newsletter_access":"","_jetpack_dont_email_post_to_subs":false,"_jetpack_newsletter_tier_id":0,"_jetpack_memberships_contains_paywalled_content":false,"_jetpack_memberships_contains_paid_content":false,"footnotes":"","jetpack_publicize_message":"","jetpack_publicize_feature_enabled":true,"jetpack_social_post_already_shared":false,"jetpack_social_options":{"image_generator_settings":{"template":"highway","default_image_id":0,"font":"","enabled":false},"version":2}},"categories":[20,52],"tags":[549,538],"class_list":["post-106","post","type-post","status-publish","format-standard","hentry","category-mobile_news_von_unterwegs-n95","category-koeln-rodenkirchen","tag-karneval","tag-koeln-rodenkirchen","comments-off"],"yoast_head":"<!-- This site is optimized with the Yoast SEO plugin v27.5 - https:\/\/yoast.com\/product\/yoast-seo-wordpress\/ -->\n<title>Valentinstag &amp; Er\u00f6ffnung des Stra\u00dfenkarneval - K\u00f6ln Rodenkirchen und die Welt<\/title>\n<meta name=\"robots\" content=\"index, follow, max-snippet:-1, max-image-preview:large, max-video-preview:-1\" \/>\n<link rel=\"canonical\" href=\"https:\/\/www.gaidaphotos.com\/blog\/2009\/02\/14\/valentinstag-eroffnung-des-strasenkarneval\/\" \/>\n<meta property=\"og:locale\" content=\"de_DE\" \/>\n<meta property=\"og:type\" content=\"article\" \/>\n<meta property=\"og:title\" content=\"Valentinstag &amp; Er\u00f6ffnung des Stra\u00dfenkarneval - K\u00f6ln Rodenkirchen und die Welt\" \/>\n<meta property=\"og:description\" content=\"Alles liebe zum Valentinstag! Verge\u00dft nicht heute das Geschenk, einen netten Abend &#8230; wer alleine ist findet die gro\u00dfe Liebe\" \/>\n<meta property=\"og:url\" content=\"https:\/\/www.gaidaphotos.com\/blog\/2009\/02\/14\/valentinstag-eroffnung-des-strasenkarneval\/\" \/>\n<meta property=\"og:site_name\" content=\"K\u00f6ln Rodenkirchen und die Welt\" \/>\n<meta property=\"article:publisher\" content=\"https:\/\/www.facebook.com\/Koeln.Rodenkirchen\" \/>\n<meta property=\"article:author\" content=\"https:\/\/www.facebook.com\/gaidaphotos\" \/>\n<meta property=\"article:published_time\" content=\"2009-02-14T10:31:20+00:00\" \/>\n<meta property=\"article:modified_time\" content=\"2010-02-05T17:57:51+00:00\" \/>\n<meta property=\"og:image\" content=\"https:\/\/www.gaidaphotos.com\/blog\/wp-content\/uploads\/lifeblog-14022009090.jpg\" \/>\n<meta name=\"author\" content=\"Thomas\" \/>\n<meta name=\"twitter:card\" content=\"summary_large_image\" \/>\n<meta name=\"twitter:creator\" content=\"@gaidaphotos\" \/>\n<meta name=\"twitter:site\" content=\"@gaidaphotos\" \/>\n<meta name=\"twitter:label1\" content=\"Verfasst von\" \/>\n\t<meta name=\"twitter:data1\" content=\"Thomas\" \/>\n<script type=\"application\/ld+json\" class=\"yoast-schema-graph\">{\"@context\":\"https:\\\/\\\/schema.org\",\"@graph\":[{\"@type\":\"Article\",\"@id\":\"https:\\\/\\\/www.gaidaphotos.com\\\/blog\\\/2009\\\/02\\\/14\\\/valentinstag-eroffnung-des-strasenkarneval\\\/#article\",\"isPartOf\":{\"@id\":\"https:\\\/\\\/www.gaidaphotos.com\\\/blog\\\/2009\\\/02\\\/14\\\/valentinstag-eroffnung-des-strasenkarneval\\\/\"},\"author\":{\"name\":\"Thomas\",\"@id\":\"https:\\\/\\\/www.gaidaphotos.com\\\/blog\\\/#\\\/schema\\\/person\\\/6c444a5b13ffc503c5c32f5a9ec68b21\"},\"headline\":\"Valentinstag &#038; Er\u00f6ffnung des Stra\u00dfenkarneval\",\"datePublished\":\"2009-02-14T10:31:20+00:00\",\"dateModified\":\"2010-02-05T17:57:51+00:00\",\"mainEntityOfPage\":{\"@id\":\"https:\\\/\\\/www.gaidaphotos.com\\\/blog\\\/2009\\\/02\\\/14\\\/valentinstag-eroffnung-des-strasenkarneval\\\/\"},\"wordCount\":46,\"publisher\":{\"@id\":\"https:\\\/\\\/www.gaidaphotos.com\\\/blog\\\/#organization\"},\"image\":{\"@id\":\"https:\\\/\\\/www.gaidaphotos.com\\\/blog\\\/2009\\\/02\\\/14\\\/valentinstag-eroffnung-des-strasenkarneval\\\/#primaryimage\"},\"thumbnailUrl\":\"https:\\\/\\\/www.gaidaphotos.com\\\/blog\\\/wp-content\\\/uploads\\\/lifeblog-14022009090.jpg\",\"keywords\":[\"Karneval\",\"K\u00f6ln Rodenkirchen\"],\"articleSection\":[\"17\",\"K\u00f6ln Rodenkirchen\"],\"inLanguage\":\"de\"},{\"@type\":\"WebPage\",\"@id\":\"https:\\\/\\\/www.gaidaphotos.com\\\/blog\\\/2009\\\/02\\\/14\\\/valentinstag-eroffnung-des-strasenkarneval\\\/\",\"url\":\"https:\\\/\\\/www.gaidaphotos.com\\\/blog\\\/2009\\\/02\\\/14\\\/valentinstag-eroffnung-des-strasenkarneval\\\/\",\"name\":\"Valentinstag & Er\u00f6ffnung des Stra\u00dfenkarneval - K\u00f6ln Rodenkirchen und die Welt\",\"isPartOf\":{\"@id\":\"https:\\\/\\\/www.gaidaphotos.com\\\/blog\\\/#website\"},\"primaryImageOfPage\":{\"@id\":\"https:\\\/\\\/www.gaidaphotos.com\\\/blog\\\/2009\\\/02\\\/14\\\/valentinstag-eroffnung-des-strasenkarneval\\\/#primaryimage\"},\"image\":{\"@id\":\"https:\\\/\\\/www.gaidaphotos.com\\\/blog\\\/2009\\\/02\\\/14\\\/valentinstag-eroffnung-des-strasenkarneval\\\/#primaryimage\"},\"thumbnailUrl\":\"https:\\\/\\\/www.gaidaphotos.com\\\/blog\\\/wp-content\\\/uploads\\\/lifeblog-14022009090.jpg\",\"datePublished\":\"2009-02-14T10:31:20+00:00\",\"dateModified\":\"2010-02-05T17:57:51+00:00\",\"breadcrumb\":{\"@id\":\"https:\\\/\\\/www.gaidaphotos.com\\\/blog\\\/2009\\\/02\\\/14\\\/valentinstag-eroffnung-des-strasenkarneval\\\/#breadcrumb\"},\"inLanguage\":\"de\",\"potentialAction\":[{\"@type\":\"ReadAction\",\"target\":[\"https:\\\/\\\/www.gaidaphotos.com\\\/blog\\\/2009\\\/02\\\/14\\\/valentinstag-eroffnung-des-strasenkarneval\\\/\"]}]},{\"@type\":\"ImageObject\",\"inLanguage\":\"de\",\"@id\":\"https:\\\/\\\/www.gaidaphotos.com\\\/blog\\\/2009\\\/02\\\/14\\\/valentinstag-eroffnung-des-strasenkarneval\\\/#primaryimage\",\"url\":\"https:\\\/\\\/www.gaidaphotos.com\\\/blog\\\/wp-content\\\/uploads\\\/lifeblog-14022009090.jpg\",\"contentUrl\":\"https:\\\/\\\/www.gaidaphotos.com\\\/blog\\\/wp-content\\\/uploads\\\/lifeblog-14022009090.jpg\"},{\"@type\":\"BreadcrumbList\",\"@id\":\"https:\\\/\\\/www.gaidaphotos.com\\\/blog\\\/2009\\\/02\\\/14\\\/valentinstag-eroffnung-des-strasenkarneval\\\/#breadcrumb\",\"itemListElement\":[{\"@type\":\"ListItem\",\"position\":1,\"name\":\"Startseite\",\"item\":\"https:\\\/\\\/www.gaidaphotos.com\\\/blog\\\/\"},{\"@type\":\"ListItem\",\"position\":2,\"name\":\"Valentinstag &#038; Er\u00f6ffnung des Stra\u00dfenkarneval\"}]},{\"@type\":\"WebSite\",\"@id\":\"https:\\\/\\\/www.gaidaphotos.com\\\/blog\\\/#website\",\"url\":\"https:\\\/\\\/www.gaidaphotos.com\\\/blog\\\/\",\"name\":\"K\u00f6ln Rodenkirchen und die Welt\",\"description\":\"Einkaufen, Restaurants, Freizeit, Nachrichten und was uns sonst bewegt und begegnet\",\"publisher\":{\"@id\":\"https:\\\/\\\/www.gaidaphotos.com\\\/blog\\\/#organization\"},\"potentialAction\":[{\"@type\":\"SearchAction\",\"target\":{\"@type\":\"EntryPoint\",\"urlTemplate\":\"https:\\\/\\\/www.gaidaphotos.com\\\/blog\\\/?s={search_term_string}\"},\"query-input\":{\"@type\":\"PropertyValueSpecification\",\"valueRequired\":true,\"valueName\":\"search_term_string\"}}],\"inLanguage\":\"de\"},{\"@type\":\"Organization\",\"@id\":\"https:\\\/\\\/www.gaidaphotos.com\\\/blog\\\/#organization\",\"name\":\"gaidaphotos\",\"url\":\"https:\\\/\\\/www.gaidaphotos.com\\\/blog\\\/\",\"logo\":{\"@type\":\"ImageObject\",\"inLanguage\":\"de\",\"@id\":\"https:\\\/\\\/www.gaidaphotos.com\\\/blog\\\/#\\\/schema\\\/logo\\\/image\\\/\",\"url\":\"https:\\\/\\\/i0.wp.com\\\/www.gaidaphotos.com\\\/blog\\\/wp-content\\\/uploads\\\/2020\\\/07\\\/GAIDAPHOTOS-COM.jpg?fit=160%2C96&ssl=1\",\"contentUrl\":\"https:\\\/\\\/i0.wp.com\\\/www.gaidaphotos.com\\\/blog\\\/wp-content\\\/uploads\\\/2020\\\/07\\\/GAIDAPHOTOS-COM.jpg?fit=160%2C96&ssl=1\",\"width\":160,\"height\":96,\"caption\":\"gaidaphotos\"},\"image\":{\"@id\":\"https:\\\/\\\/www.gaidaphotos.com\\\/blog\\\/#\\\/schema\\\/logo\\\/image\\\/\"},\"sameAs\":[\"https:\\\/\\\/www.facebook.com\\\/Koeln.Rodenkirchen\",\"https:\\\/\\\/x.com\\\/gaidaphotos\",\"https:\\\/\\\/instagram.com\\\/gaidaphotos\\\/\",\"https:\\\/\\\/de.linkedin.com\\\/in\\\/gaidaphotos\",\"https:\\\/\\\/myspace.com\\\/gaidaphotos\",\"https:\\\/\\\/www.pinterest.com\\\/gaidaphotos\\\/\",\"https:\\\/\\\/www.youtube.com\\\/user\\\/gaidaphotos\"]},{\"@type\":\"Person\",\"@id\":\"https:\\\/\\\/www.gaidaphotos.com\\\/blog\\\/#\\\/schema\\\/person\\\/6c444a5b13ffc503c5c32f5a9ec68b21\",\"name\":\"Thomas\",\"sameAs\":[\"https:\\\/\\\/www.gaidaphotos.com\",\"https:\\\/\\\/www.facebook.com\\\/gaidaphotos\",\"https:\\\/\\\/instagram.com\\\/gaidaphotos\\\/\",\"https:\\\/\\\/www.linkedin.com\\\/in\\\/gaidaphotos\",\"http:\\\/\\\/www.pinterest.com\\\/gaidaphotos\\\/\",\"https:\\\/\\\/x.com\\\/gaidaphotos\",\"https:\\\/\\\/myspace.com\\\/gaidaphotos\",\"https:\\\/\\\/www.youtube.com\\\/user\\\/gaidaphotos\",\"https:\\\/\\\/gaidaphotos.tumblr.com\\\/\"]}]}<\/script>\n<!-- \/ Yoast SEO plugin. -->","yoast_head_json":{"title":"Valentinstag & Er\u00f6ffnung des Stra\u00dfenkarneval - K\u00f6ln Rodenkirchen und die Welt","robots":{"index":"index","follow":"follow","max-snippet":"max-snippet:-1","max-image-preview":"max-image-preview:large","max-video-preview":"max-video-preview:-1"},"canonical":"https:\/\/www.gaidaphotos.com\/blog\/2009\/02\/14\/valentinstag-eroffnung-des-strasenkarneval\/","og_locale":"de_DE","og_type":"article","og_title":"Valentinstag & Er\u00f6ffnung des Stra\u00dfenkarneval - K\u00f6ln Rodenkirchen und die Welt","og_description":"Alles liebe zum Valentinstag! Verge\u00dft nicht heute das Geschenk, einen netten Abend &#8230; wer alleine ist findet die gro\u00dfe Liebe","og_url":"https:\/\/www.gaidaphotos.com\/blog\/2009\/02\/14\/valentinstag-eroffnung-des-strasenkarneval\/","og_site_name":"K\u00f6ln Rodenkirchen und die Welt","article_publisher":"https:\/\/www.facebook.com\/Koeln.Rodenkirchen","article_author":"https:\/\/www.facebook.com\/gaidaphotos","article_published_time":"2009-02-14T10:31:20+00:00","article_modified_time":"2010-02-05T17:57:51+00:00","og_image":[{"url":"https:\/\/www.gaidaphotos.com\/blog\/wp-content\/uploads\/lifeblog-14022009090.jpg","type":"","width":"","height":""}],"author":"Thomas","twitter_card":"summary_large_image","twitter_creator":"@gaidaphotos","twitter_site":"@gaidaphotos","twitter_misc":{"Verfasst von":"Thomas"},"schema":{"@context":"https:\/\/schema.org","@graph":[{"@type":"Article","@id":"https:\/\/www.gaidaphotos.com\/blog\/2009\/02\/14\/valentinstag-eroffnung-des-strasenkarneval\/#article","isPartOf":{"@id":"https:\/\/www.gaidaphotos.com\/blog\/2009\/02\/14\/valentinstag-eroffnung-des-strasenkarneval\/"},"author":{"name":"Thomas","@id":"https:\/\/www.gaidaphotos.com\/blog\/#\/schema\/person\/6c444a5b13ffc503c5c32f5a9ec68b21"},"headline":"Valentinstag &#038; Er\u00f6ffnung des Stra\u00dfenkarneval","datePublished":"2009-02-14T10:31:20+00:00","dateModified":"2010-02-05T17:57:51+00:00","mainEntityOfPage":{"@id":"https:\/\/www.gaidaphotos.com\/blog\/2009\/02\/14\/valentinstag-eroffnung-des-strasenkarneval\/"},"wordCount":46,"publisher":{"@id":"https:\/\/www.gaidaphotos.com\/blog\/#organization"},"image":{"@id":"https:\/\/www.gaidaphotos.com\/blog\/2009\/02\/14\/valentinstag-eroffnung-des-strasenkarneval\/#primaryimage"},"thumbnailUrl":"https:\/\/www.gaidaphotos.com\/blog\/wp-content\/uploads\/lifeblog-14022009090.jpg","keywords":["Karneval","K\u00f6ln Rodenkirchen"],"articleSection":["17","K\u00f6ln Rodenkirchen"],"inLanguage":"de"},{"@type":"WebPage","@id":"https:\/\/www.gaidaphotos.com\/blog\/2009\/02\/14\/valentinstag-eroffnung-des-strasenkarneval\/","url":"https:\/\/www.gaidaphotos.com\/blog\/2009\/02\/14\/valentinstag-eroffnung-des-strasenkarneval\/","name":"Valentinstag & Er\u00f6ffnung des Stra\u00dfenkarneval - K\u00f6ln Rodenkirchen und die Welt","isPartOf":{"@id":"https:\/\/www.gaidaphotos.com\/blog\/#website"},"primaryImageOfPage":{"@id":"https:\/\/www.gaidaphotos.com\/blog\/2009\/02\/14\/valentinstag-eroffnung-des-strasenkarneval\/#primaryimage"},"image":{"@id":"https:\/\/www.gaidaphotos.com\/blog\/2009\/02\/14\/valentinstag-eroffnung-des-strasenkarneval\/#primaryimage"},"thumbnailUrl":"https:\/\/www.gaidaphotos.com\/blog\/wp-content\/uploads\/lifeblog-14022009090.jpg","datePublished":"2009-02-14T10:31:20+00:00","dateModified":"2010-02-05T17:57:51+00:00","breadcrumb":{"@id":"https:\/\/www.gaidaphotos.com\/blog\/2009\/02\/14\/valentinstag-eroffnung-des-strasenkarneval\/#breadcrumb"},"inLanguage":"de","potentialAction":[{"@type":"ReadAction","target":["https:\/\/www.gaidaphotos.com\/blog\/2009\/02\/14\/valentinstag-eroffnung-des-strasenkarneval\/"]}]},{"@type":"ImageObject","inLanguage":"de","@id":"https:\/\/www.gaidaphotos.com\/blog\/2009\/02\/14\/valentinstag-eroffnung-des-strasenkarneval\/#primaryimage","url":"https:\/\/www.gaidaphotos.com\/blog\/wp-content\/uploads\/lifeblog-14022009090.jpg","contentUrl":"https:\/\/www.gaidaphotos.com\/blog\/wp-content\/uploads\/lifeblog-14022009090.jpg"},{"@type":"BreadcrumbList","@id":"https:\/\/www.gaidaphotos.com\/blog\/2009\/02\/14\/valentinstag-eroffnung-des-strasenkarneval\/#breadcrumb","itemListElement":[{"@type":"ListItem","position":1,"name":"Startseite","item":"https:\/\/www.gaidaphotos.com\/blog\/"},{"@type":"ListItem","position":2,"name":"Valentinstag &#038; Er\u00f6ffnung des Stra\u00dfenkarneval"}]},{"@type":"WebSite","@id":"https:\/\/www.gaidaphotos.com\/blog\/#website","url":"https:\/\/www.gaidaphotos.com\/blog\/","name":"K\u00f6ln Rodenkirchen und die Welt","description":"Einkaufen, Restaurants, Freizeit, Nachrichten und was uns sonst bewegt und begegnet","publisher":{"@id":"https:\/\/www.gaidaphotos.com\/blog\/#organization"},"potentialAction":[{"@type":"SearchAction","target":{"@type":"EntryPoint","urlTemplate":"https:\/\/www.gaidaphotos.com\/blog\/?s={search_term_string}"},"query-input":{"@type":"PropertyValueSpecification","valueRequired":true,"valueName":"search_term_string"}}],"inLanguage":"de"},{"@type":"Organization","@id":"https:\/\/www.gaidaphotos.com\/blog\/#organization","name":"gaidaphotos","url":"https:\/\/www.gaidaphotos.com\/blog\/","logo":{"@type":"ImageObject","inLanguage":"de","@id":"https:\/\/www.gaidaphotos.com\/blog\/#\/schema\/logo\/image\/","url":"https:\/\/i0.wp.com\/www.gaidaphotos.com\/blog\/wp-content\/uploads\/2020\/07\/GAIDAPHOTOS-COM.jpg?fit=160%2C96&ssl=1","contentUrl":"https:\/\/i0.wp.com\/www.gaidaphotos.com\/blog\/wp-content\/uploads\/2020\/07\/GAIDAPHOTOS-COM.jpg?fit=160%2C96&ssl=1","width":160,"height":96,"caption":"gaidaphotos"},"image":{"@id":"https:\/\/www.gaidaphotos.com\/blog\/#\/schema\/logo\/image\/"},"sameAs":["https:\/\/www.facebook.com\/Koeln.Rodenkirchen","https:\/\/x.com\/gaidaphotos","https:\/\/instagram.com\/gaidaphotos\/","https:\/\/de.linkedin.com\/in\/gaidaphotos","https:\/\/myspace.com\/gaidaphotos","https:\/\/www.pinterest.com\/gaidaphotos\/","https:\/\/www.youtube.com\/user\/gaidaphotos"]},{"@type":"Person","@id":"https:\/\/www.gaidaphotos.com\/blog\/#\/schema\/person\/6c444a5b13ffc503c5c32f5a9ec68b21","name":"Thomas","sameAs":["https:\/\/www.gaidaphotos.com","https:\/\/www.facebook.com\/gaidaphotos","https:\/\/instagram.com\/gaidaphotos\/","https:\/\/www.linkedin.com\/in\/gaidaphotos","http:\/\/www.pinterest.com\/gaidaphotos\/","https:\/\/x.com\/gaidaphotos","https:\/\/myspace.com\/gaidaphotos","https:\/\/www.youtube.com\/user\/gaidaphotos","https:\/\/gaidaphotos.tumblr.com\/"]}]}},"jetpack_publicize_connections":[],"jetpack_featured_media_url":"","jetpack_sharing_enabled":true,"jetpack_likes_enabled":true,"jetpack-related-posts":[{"id":2444,"url":"https:\/\/www.gaidaphotos.com\/blog\/2010\/02\/09\/karneval-in-koeln-rodenkirchen-zugweg-veedelszoch\/","url_meta":{"origin":106,"position":0},"title":"Karneval in K\u00f6ln Rodenkirchen: Termine &#038; Zugweg (Veedelszoch))","author":"Thomas","date":"9. Februar 2010","format":false,"excerpt":"Uns bleiben nur noch wenige Tage den Karneval in K\u00f6ln Rodenkirchen zu feiern. Hier finden Sie die letzten Termine der Session 2010: Samsatg 13. Februar 2010 14:30 h: Karnevalszug\/Veedelszoch durch Wei\u00df mit der Wei\u00dfer Karnevalsgesellschaft \"Kapelle Jonge\". Zugweg: Auf dem Klemberg - Wei\u00dfer Hauptstra\u00dfe - Heinrichstra\u00dfe - Holzweg - Auf\u2026","rel":"","context":"In &quot;K\u00f6ln Rodenkirchen Freizeit&quot;","block_context":{"text":"K\u00f6ln Rodenkirchen Freizeit","link":"https:\/\/www.gaidaphotos.com\/blog\/category\/koeln-rodenkirchen\/koeln-rodenkirchen-freizeit\/"},"img":{"alt_text":"Karneval in K\u00f6ln Rodenkirchen: Zugweg Veedelszoch 2010","src":"https:\/\/i0.wp.com\/www.gaidaphotos.com\/blog\/wp-content\/uploads\/2010\/02\/karneval-in-koeln-rodenkirchen-zugweg-2010-.jpg?resize=350%2C200&ssl=1","width":350,"height":200},"classes":[]},{"id":3495,"url":"https:\/\/www.gaidaphotos.com\/blog\/2011\/01\/25\/verkaufsoffener-sonntag-06-02-2011-in-koeln-nrw\/","url_meta":{"origin":106,"position":1},"title":"Verkaufsoffener Sonntag 06.02.2011 in K\u00f6ln (NRW)?","author":"Thomas","date":"25. Januar 2011","format":false,"excerpt":"Verkaufsoffener Sonntag 06.02.2011 in K\u00f6ln (NRW)? In welchem K\u00f6lner Veedel oder Stadteil sind am 06.02.2011 die Gesch\u00e4fte ge\u00f6ffnet (verkaufsoffener Sonntag)? Wer jetzt, am Ende des Januar, noch Geld in der Tasche hat (selten genug) und es loswerden m\u00f6chte, schaut gerne beim verkaufsoffenen Sonntag vorbei. Wir sagen Ihnen nicht nur wo\u2026","rel":"","context":"In &quot;Verkaufsoffener Sonntag K\u00f6ln NRW&quot;","block_context":{"text":"Verkaufsoffener Sonntag K\u00f6ln NRW","link":"https:\/\/www.gaidaphotos.com\/blog\/category\/kalender-archiv\/verkaufsoffener-sonntag-koln-nrw\/"},"img":{"alt_text":"","src":"https:\/\/www.gaidaphotos.com\/blog\/wp-content\/uploads\/2020\/08\/nggallery_import\/3_","width":350,"height":200},"classes":[]},{"id":2425,"url":"https:\/\/www.gaidaphotos.com\/blog\/2010\/02\/07\/strassenkarneval-rodenkirche-fotos\/","url_meta":{"origin":106,"position":2},"title":"K\u00f6ln-Rodenkirchen: Strassenkarneval er\u00f6ffnet &#8211; mit Fotos","author":"Thomas","date":"7. Februar 2010","format":false,"excerpt":"P\u00fcnktlich um 11:11h wurde in K\u00f6ln Rodenkirchen auf dem Maternusplatz der Stra\u00dfenkarneval er\u00f6ffnet. Wir zeigen Ihnen einpaar Eindr\u00fccke von der tollen Stimmung in Rodenkirchen. Vom Einzug der teilnehmenden Vereine bis zum Besuch des Dreigetirn der Altgemeinde Rodenkirchen zum Strassenkarneval. Am Sonntag ab 14:00h ist der H\u00f6hepunkt des Strassenkarneval in K\u00f6ln\u2026","rel":"","context":"In &quot;K\u00f6ln Rodenkirchen&quot;","block_context":{"text":"K\u00f6ln Rodenkirchen","link":"https:\/\/www.gaidaphotos.com\/blog\/category\/koeln-rodenkirchen\/"},"img":{"alt_text":"Strassenkarneval in K\u00f6ln Rodenkirchen","src":"https:\/\/i0.wp.com\/www.gaidaphotos.com\/blog\/wp-content\/uploads\/2010\/02\/strassenkarneval-rodenkirchen-maternusplatz-196-300x225.jpg?resize=350%2C200&ssl=1","width":350,"height":200},"classes":[]},{"id":2412,"url":"https:\/\/www.gaidaphotos.com\/blog\/2010\/02\/05\/koeln-rodenkirchen-strassenkarneval-2010-eroeffnung\/","url_meta":{"origin":106,"position":3},"title":"K\u00f6ln-Rodenkirchen: Er\u00f6ffnung des Stra\u00dfen-Karneval am Samstag","author":"Thomas","date":"5. Februar 2010","format":false,"excerpt":"Er\u00f6ffnung des Stra\u00dfenkarneval in Rodenkirchen am 06.02.2010 11:11h Morgen um 11:11h wird auch in K\u00f6ln Rodenkichen der Stra\u00dfenkarneval er\u00f6ffnet. Das Rodenkirchener Dreigestirn erscheint und auch sonst wird jede Menge Unterhaltung geboten. Da kann man den Karneval gleich mit dem Wochenendeinkauf auf dem Markt verbinden. Hier ein St\u00fcck K\u00e4se probierrn und\u2026","rel":"","context":"In &quot;K\u00f6ln Rodenkirchen&quot;","block_context":{"text":"K\u00f6ln Rodenkirchen","link":"https:\/\/www.gaidaphotos.com\/blog\/category\/koeln-rodenkirchen\/"},"img":{"alt_text":"K\u00f6ln-Rodenkirchen Stra\u00dfenkarneval 2010 Er\u00f6ffnung","src":"https:\/\/i0.wp.com\/www.gaidaphotos.com\/blog\/wp-content\/uploads\/2010\/02\/Karneval-in-Rodenkirchen-38-299x199.jpg?resize=350%2C200&ssl=1","width":350,"height":200},"classes":[]},{"id":151,"url":"https:\/\/www.gaidaphotos.com\/blog\/2009\/02\/25\/strassen-karneval-rodenkirchen\/","url_meta":{"origin":106,"position":4},"title":"Bilder vom Strassen-Karneval in K\u00f6ln Rodenkirchen","author":"Thomas","date":"25. Februar 2009","format":false,"excerpt":"Hier gibt es die ersten Fotos vom Veedelszoch am Sonntag. Eindr\u00fccke, Bilder, Fotos vom Strassen-Karneval in Rodenkirchen. Flickr Album Strassen-Karneval in K\u00f6ln Rodenkirchen\/ Strassen-Karneval in K\u00f6ln Rodenkirchen als RSS abonnieren. Webshots: Strassen-karneval in Rodenkirchen by gaidaphotos Picasa: Karneval in Rodenkirchen 3mol Rudekirche Alaaf!","rel":"","context":"In &quot;K\u00f6ln Rodenkirchen&quot;","block_context":{"text":"K\u00f6ln Rodenkirchen","link":"https:\/\/www.gaidaphotos.com\/blog\/category\/koeln-rodenkirchen\/"},"img":{"alt_text":"","src":"","width":0,"height":0},"classes":[]},{"id":3517,"url":"https:\/\/www.gaidaphotos.com\/blog\/2011\/02\/27\/karnevalszug-in-koln-rodenkirchen-am-6-3-2011\/","url_meta":{"origin":106,"position":5},"title":"Karnevalszug in K\u00f6ln-Rodenkirchen am 6.3.2011","author":"Thomas","date":"27. Februar 2011","format":false,"excerpt":"Karnevalszug in K\u00f6ln-Rodenkirchen am 6.3.2011 Auch im sch\u00f6nen K\u00f6ln-Rodenkirchen gibt es am Karnevalssonntag, 6.3.2011, einen Karnevalszug. Leider fehlt dem Rodenkirchener Karnevalszug in diesem Jahr das \"Trifolium\" (Dreigestirn) und damit der H\u00f6hepunkt des Karnevalszuges. Das k\u00f6nnen die vier neuen Gruppen nur unzul\u00e4nglich ersetzen. Der Rodenkirchener Karnevalszug ist lange unterwegs. So erreicht\u2026","rel":"","context":"In &quot;K\u00f6ln Rodenkirchen Freizeit&quot;","block_context":{"text":"K\u00f6ln Rodenkirchen Freizeit","link":"https:\/\/www.gaidaphotos.com\/blog\/category\/koeln-rodenkirchen\/koeln-rodenkirchen-freizeit\/"},"img":{"alt_text":"Karneval in Rodenkirchen 2010","src":"https:\/\/i0.wp.com\/farm3.static.flickr.com\/2723\/4358934413_2811c50968_s.jpg?resize=350%2C200","width":350,"height":200},"classes":[]}],"_links":{"self":[{"href":"https:\/\/www.gaidaphotos.com\/blog\/wp-json\/wp\/v2\/posts\/106","targetHints":{"allow":["GET"]}}],"collection":[{"href":"https:\/\/www.gaidaphotos.com\/blog\/wp-json\/wp\/v2\/posts"}],"about":[{"href":"https:\/\/www.gaidaphotos.com\/blog\/wp-json\/wp\/v2\/types\/post"}],"author":[{"embeddable":true,"href":"https:\/\/www.gaidaphotos.com\/blog\/wp-json\/wp\/v2\/users\/6"}],"replies":[{"embeddable":true,"href":"https:\/\/www.gaidaphotos.com\/blog\/wp-json\/wp\/v2\/comments?post=106"}],"version-history":[{"count":0,"href":"https:\/\/www.gaidaphotos.com\/blog\/wp-json\/wp\/v2\/posts\/106\/revisions"}],"wp:attachment":[{"href":"https:\/\/www.gaidaphotos.com\/blog\/wp-json\/wp\/v2\/media?parent=106"}],"wp:term":[{"taxonomy":"category","embeddable":true,"href":"https:\/\/www.gaidaphotos.com\/blog\/wp-json\/wp\/v2\/categories?post=106"},{"taxonomy":"post_tag","embeddable":true,"href":"https:\/\/www.gaidaphotos.com\/blog\/wp-json\/wp\/v2\/tags?post=106"}],"curies":[{"name":"wp","href":"https:\/\/api.w.org\/{rel}","templated":true}]}}