{"id":10704,"date":"2018-10-20T17:35:43","date_gmt":"2018-10-20T15:35:43","guid":{"rendered":"https:\/\/www.gaidaphotos.com\/blog\/?p=10704"},"modified":"2018-10-20T17:36:19","modified_gmt":"2018-10-20T15:36:19","slug":"herbstflohmarkt-in-rodenkirchen","status":"publish","type":"post","link":"https:\/\/www.gaidaphotos.com\/blog\/2018\/10\/20\/herbstflohmarkt-in-rodenkirchen\/","title":{"rendered":"Herbstflohmarkt in Rodenkirchen"},"content":{"rendered":"\n<div class=\"wp-block-image\"><figure class=\"alignleft is-resized\"><a href=\"https:\/\/i0.wp.com\/www.gaidaphotos.com\/blog\/wp-content\/uploads\/2018\/10\/schaufensterpuppe-flohmarkt-rodenkirchen.jpg?ssl=1\"><img data-recalc-dims=\"1\" loading=\"lazy\" decoding=\"async\" src=\"https:\/\/i0.wp.com\/www.gaidaphotos.com\/blog\/wp-content\/uploads\/2018\/10\/schaufensterpuppe-flohmarkt-rodenkirchen.jpg?resize=171%2C256&#038;ssl=1\" alt=\"Schaufensterpuppe Flohmarkt Rodenkirchen\" class=\"wp-image-10709\" width=\"171\" height=\"256\" srcset=\"https:\/\/i0.wp.com\/www.gaidaphotos.com\/blog\/wp-content\/uploads\/2018\/10\/schaufensterpuppe-flohmarkt-rodenkirchen.jpg?w=683&amp;ssl=1 683w, https:\/\/i0.wp.com\/www.gaidaphotos.com\/blog\/wp-content\/uploads\/2018\/10\/schaufensterpuppe-flohmarkt-rodenkirchen.jpg?resize=167%2C250&amp;ssl=1 167w, https:\/\/i0.wp.com\/www.gaidaphotos.com\/blog\/wp-content\/uploads\/2018\/10\/schaufensterpuppe-flohmarkt-rodenkirchen.jpg?resize=400%2C600&amp;ssl=1 400w, https:\/\/i0.wp.com\/www.gaidaphotos.com\/blog\/wp-content\/uploads\/2018\/10\/schaufensterpuppe-flohmarkt-rodenkirchen.jpg?resize=100%2C150&amp;ssl=1 100w\" sizes=\"auto, (max-width: 171px) 100vw, 171px\" \/><\/a><figcaption>Schaufensterpuppe Flohmarkt Rodenkirchen<\/figcaption><\/figure><\/div>\n\n\n\n<p class=\"wp-block-paragraph\"><strong>Herbstflohmarkt<\/strong> der evangelischen Kirche <strong>in Rodenkirchen am 28.10.2018<\/strong> mit tollen Angeboten und genialen Schn\u00e4ppchen!<\/p>\n\n\n\n<p class=\"wp-block-paragraph\">Die Kleiderkammer der evangelischen Kirche in Rodenkirchen \u00f6ffnet am 28. Oktober 2018 wieder ihre T\u00fcren, und empf\u00e4ngt Sie zu ihrem gro\u00dfen <strong>Herbstsflohmarkt<\/strong>. <br><br>Wem noch eine Jacke f\u00fcr die \u00dcbergangszeit, ein Mantel f\u00fcr den Winter und ein Nachthemd f\u00fcr die kalten N\u00e4chte fehlt, ist hier richtig aufgehoben. <br><\/p>\n\n\n\n<!--more-->\n\n\n\n<p class=\"wp-block-paragraph\">Jetzt k\u00f6nnen Sie wieder Weihnachtsgeschenke oder Weihnachtsdekoration preiswert und in hoher Qualit\u00e4t kaufen. Wenige Flohm\u00e4rkte bieten so viel f\u00fcr so wenig (Geld).<br>Sei es <strong>Oberbekleidung <\/strong>f\u00fcr Frau, Mann und die Kinder, <strong>Haushaltsw\u00e4sche<\/strong>, wie Tischdecken, Gardinen, Handt\u00fccher und Bettw\u00e4sche, <strong>Hausrat <\/strong>aller Art, <strong>Deko <\/strong>f\u00fcr Haus und Garten und nat\u00fcrlich auch <strong>B\u00fccher <\/strong>und <strong>Spielsachen <\/strong>und vieles mehr.<br>Fehlt die Suppenkelle oder der Fleischwender, die Kinderhose oder der Pelzmantel, das Angebot des Flohmarktes ist reichhaltig und gut sortiert.<\/p>\n\n\n\n<p class=\"wp-block-paragraph\">Das gro\u00dfe Angebot an <strong>Weihnachtsdekoration und Weihnachtsgeschenken<\/strong> kommt gerade richtig. Hier finden Sie\u00a0 <strong>Weihnachtsm\u00e4nner<\/strong>, <strong>Weinachtsengel<\/strong>, <strong>Weihnachtskugeln <\/strong>, <strong>Weihnachtsbaumschmuck <\/strong>und anderen Weihnachtsobjekte.<\/p>\n\n\n\n<h3 class=\"wp-block-heading\" style=\"text-align:center\">Machen Sie sich selbst ein Bild und schauen Sie am <strong>Sonntag, 28.10.2017 in Rodenkirchen<\/strong> beim Herbstflohmarkt vorbei.<\/h3>\n\n\n\n<p class=\"wp-block-paragraph\">Shoppen macht hungrig.\u00a0 Auch beim Herbstflohmarkt werden Kalorien und Koffeinzufuhr unterst\u00fctzt, mit <strong>liebevoll geschmierten und belegten Br\u00f6tchen <\/strong>oder <strong>selbst gebackenem Kuchen <\/strong>und frisch gekochtem <strong>Kaffee<\/strong> und Wasser, S\u00e4fte und Softdrinks.<br> Auch hier arbeiten freiwillige Helfer und machen so die g\u00fcnstige Versorgung m\u00f6glich. Die &#8222;Einnahmen&#8220; gehen ebenfalls an die Kleiderkammer.<\/p>\n\n\n\n<p class=\"wp-block-paragraph\">\nWer so viel spart hat dann beim Gehen vielleicht noch eine (Bar-)<strong>Spende f\u00fcr den Flohmarkt und die Arbeit der Kleiderkammer<\/strong> \u00fcbrig.\n\n<\/p>\n\n\n\n<h3 class=\"wp-block-heading\">Parken beim Fr\u00fchlingsflohmarkt<\/h3>\n\n\n\n<p class=\"wp-block-paragraph\">\nEs gibt wenig <strong>Parkpl\u00e4tze <\/strong>in unmittelbarer N\u00e4he zum Flohmarkt. Die wenigen sind morgens fr\u00fch schon besetzt. Die n\u00e4chstgelegenen <a href=\"https:\/\/www.gaidaphotos.com\/blog\/koeln-rodenkirchen-info\/koeln-rodenkirchen-parken\/\" target=\"_blank\" rel=\"noreferrer noopener\">Parkm\u00f6glichkeiten in Rodenkirchen<\/a> finden Sie hier.\n\n<\/p>\n\n\n\n<h3 class=\"wp-block-heading\">Flohmarkt\/Tr\u00f6delmarkt der evangelischen Kirche K\u00f6ln-Rodenkirchen am 28.10.2017<\/h3>\n\n\n\n<p class=\"wp-block-paragraph\">Evangelische Kirchengemeinde Rodenkirchen<br>S\u00fcrther Str. 34<br>50996 K\u00f6ln-Rodenkirchen<br><a href=\"https:\/\/www.google.de\/maps\/place\/Evangelische+Kirchengemeinde+Rodenkirchen\/@50.8870485,6.9955606,17z\/data=!3m1!4b1!4m2!3m1!1s0x417187411244ba79:0xd3f0c552e8a0a087?hl=de\" target=\"_blank\" rel=\"noreferrer noopener\">Evangelische Kirchengemeinde Rodenkirchen bei Google Maps<\/a><br><strong>\u00d6ffnungszeiten: 28.10.2018 10:00h bis 17:00h<\/strong><\/p>\n\n\n\n<h3 class=\"wp-block-heading\">Spender gesucht!<\/h3>\n\n\n\n<p class=\"wp-block-paragraph\">Die Kleiderkammer der evangelischen Kirche unterst\u00fctzt mit den Spenden vorwiegend Bed\u00fcrftige aus dem K\u00f6lner S\u00fcden und auch die \u00f6rtlichen Fl\u00fcchtlinge. Der Flohmarkt hilft, die Arbeit zu finanzieren und schafft Platz f\u00fcr neue Spendengaben.<\/p>\n\n\n\n<p class=\"wp-block-paragraph\">Fahren Sie mit dem Auto bis vor die T\u00fcr. Die freundlichen Herren helfen Ihnen gerne beim Ausladen.<\/p>\n","protected":false},"excerpt":{"rendered":"<p>Herbstflohmarkt der evangelischen Kirche in Rodenkirchen am 28.10.2018 mit tollen Angeboten und genialen Schn\u00e4ppchen! Die Kleiderkammer der evangelischen Kirche in<\/p>\n","protected":false},"author":6,"featured_media":10709,"comment_status":"open","ping_status":"open","sticky":false,"template":"","format":"standard","meta":{"_crdt_document":"","ngg_post_thumbnail":0,"jetpack_post_was_ever_published":false,"_jetpack_newsletter_access":"","_jetpack_dont_email_post_to_subs":false,"_jetpack_newsletter_tier_id":0,"_jetpack_memberships_contains_paywalled_content":false,"_jetpack_memberships_contains_paid_content":false,"footnotes":"","jetpack_publicize_message":"","jetpack_publicize_feature_enabled":true,"jetpack_social_post_already_shared":true,"jetpack_social_options":{"image_generator_settings":{"template":"highway","default_image_id":0,"font":"","enabled":false},"version":2}},"categories":[237,89,101,178],"tags":[108,131,102,538],"class_list":["post-10704","post","type-post","status-publish","format-standard","has-post-thumbnail","hentry","category-flohmarkttroedelmarkt-2","category-koeln-rodenkirchen-einkaufen","category-koeln-rodenkirchen-freizeit","category-verkaufsoffener-sonntag-koln-nrw","tag-einkaufen","tag-flohmarkttroedelmarkt","tag-freizeit","tag-koeln-rodenkirchen"],"yoast_head":"<!-- This site is optimized with the Yoast SEO plugin v27.5 - https:\/\/yoast.com\/product\/yoast-seo-wordpress\/ -->\n<title>Herbstflohmarkt in Rodenkirchen - K\u00f6ln Rodenkirchen und die Welt<\/title>\n<meta name=\"description\" content=\"Gro\u00dfer Herbst- und Weihnachtsflohmarkt der evangelischen Kirche in Rodenkirchen am 28.10.2017 mit tollen Angeboten f\u00fcr Herbst, Winter und Weihnachtszeit!\" \/>\n<meta name=\"robots\" content=\"index, follow, max-snippet:-1, max-image-preview:large, max-video-preview:-1\" \/>\n<link rel=\"canonical\" href=\"https:\/\/www.gaidaphotos.com\/blog\/2018\/10\/20\/herbstflohmarkt-in-rodenkirchen\/\" \/>\n<meta property=\"og:locale\" content=\"de_DE\" \/>\n<meta property=\"og:type\" content=\"article\" \/>\n<meta property=\"og:title\" content=\"Herbstflohmarkt in Rodenkirchen - K\u00f6ln Rodenkirchen und die Welt\" \/>\n<meta property=\"og:description\" content=\"Gro\u00dfer Herbst- und Weihnachtsflohmarkt der evangelischen Kirche in Rodenkirchen am 28.10.2017 mit tollen Angeboten f\u00fcr Herbst, Winter und Weihnachtszeit!\" \/>\n<meta property=\"og:url\" content=\"https:\/\/www.gaidaphotos.com\/blog\/2018\/10\/20\/herbstflohmarkt-in-rodenkirchen\/\" \/>\n<meta property=\"og:site_name\" content=\"K\u00f6ln Rodenkirchen und die Welt\" \/>\n<meta property=\"article:publisher\" content=\"https:\/\/www.facebook.com\/Koeln.Rodenkirchen\" \/>\n<meta property=\"article:author\" content=\"https:\/\/www.facebook.com\/gaidaphotos\" \/>\n<meta property=\"article:published_time\" content=\"2018-10-20T15:35:43+00:00\" \/>\n<meta property=\"article:modified_time\" content=\"2018-10-20T15:36:19+00:00\" \/>\n<meta property=\"og:image\" content=\"https:\/\/i0.wp.com\/www.gaidaphotos.com\/blog\/wp-content\/uploads\/2018\/10\/schaufensterpuppe-flohmarkt-rodenkirchen.jpg?fit=683%2C1024&ssl=1\" \/>\n\t<meta property=\"og:image:width\" content=\"683\" \/>\n\t<meta property=\"og:image:height\" content=\"1024\" \/>\n\t<meta property=\"og:image:type\" content=\"image\/jpeg\" \/>\n<meta name=\"author\" content=\"Thomas\" \/>\n<meta name=\"twitter:card\" content=\"summary_large_image\" \/>\n<meta name=\"twitter:creator\" content=\"@gaidaphotos\" \/>\n<meta name=\"twitter:site\" content=\"@gaidaphotos\" \/>\n<meta name=\"twitter:label1\" content=\"Verfasst von\" \/>\n\t<meta name=\"twitter:data1\" content=\"Thomas\" \/>\n\t<meta name=\"twitter:label2\" content=\"Gesch\u00e4tzte Lesezeit\" \/>\n\t<meta name=\"twitter:data2\" content=\"2\u00a0Minuten\" \/>\n<script type=\"application\/ld+json\" class=\"yoast-schema-graph\">{\"@context\":\"https:\\\/\\\/schema.org\",\"@graph\":[{\"@type\":\"Article\",\"@id\":\"https:\\\/\\\/www.gaidaphotos.com\\\/blog\\\/2018\\\/10\\\/20\\\/herbstflohmarkt-in-rodenkirchen\\\/#article\",\"isPartOf\":{\"@id\":\"https:\\\/\\\/www.gaidaphotos.com\\\/blog\\\/2018\\\/10\\\/20\\\/herbstflohmarkt-in-rodenkirchen\\\/\"},\"author\":{\"name\":\"Thomas\",\"@id\":\"https:\\\/\\\/www.gaidaphotos.com\\\/blog\\\/#\\\/schema\\\/person\\\/6c444a5b13ffc503c5c32f5a9ec68b21\"},\"headline\":\"Herbstflohmarkt in Rodenkirchen\",\"datePublished\":\"2018-10-20T15:35:43+00:00\",\"dateModified\":\"2018-10-20T15:36:19+00:00\",\"mainEntityOfPage\":{\"@id\":\"https:\\\/\\\/www.gaidaphotos.com\\\/blog\\\/2018\\\/10\\\/20\\\/herbstflohmarkt-in-rodenkirchen\\\/\"},\"wordCount\":390,\"commentCount\":0,\"publisher\":{\"@id\":\"https:\\\/\\\/www.gaidaphotos.com\\\/blog\\\/#organization\"},\"image\":{\"@id\":\"https:\\\/\\\/www.gaidaphotos.com\\\/blog\\\/2018\\\/10\\\/20\\\/herbstflohmarkt-in-rodenkirchen\\\/#primaryimage\"},\"thumbnailUrl\":\"https:\\\/\\\/i0.wp.com\\\/www.gaidaphotos.com\\\/blog\\\/wp-content\\\/uploads\\\/2018\\\/10\\\/schaufensterpuppe-flohmarkt-rodenkirchen.jpg?fit=683%2C1024&ssl=1\",\"keywords\":[\"Einkaufen\\\/ Shopping\",\"Flohmarkt\\\/ Tr\u00f6delmarkt\",\"Freizeit-Ideen\",\"K\u00f6ln Rodenkirchen\"],\"articleSection\":[\"Flohmarkt\\\/Troedelmarkt\",\"K\u00f6ln Rodenkirchen Einkaufen\",\"K\u00f6ln Rodenkirchen Freizeit\",\"Verkaufsoffener Sonntag K\u00f6ln NRW\"],\"inLanguage\":\"de\",\"potentialAction\":[{\"@type\":\"CommentAction\",\"name\":\"Comment\",\"target\":[\"https:\\\/\\\/www.gaidaphotos.com\\\/blog\\\/2018\\\/10\\\/20\\\/herbstflohmarkt-in-rodenkirchen\\\/#respond\"]}]},{\"@type\":\"WebPage\",\"@id\":\"https:\\\/\\\/www.gaidaphotos.com\\\/blog\\\/2018\\\/10\\\/20\\\/herbstflohmarkt-in-rodenkirchen\\\/\",\"url\":\"https:\\\/\\\/www.gaidaphotos.com\\\/blog\\\/2018\\\/10\\\/20\\\/herbstflohmarkt-in-rodenkirchen\\\/\",\"name\":\"Herbstflohmarkt in Rodenkirchen - K\u00f6ln Rodenkirchen und die Welt\",\"isPartOf\":{\"@id\":\"https:\\\/\\\/www.gaidaphotos.com\\\/blog\\\/#website\"},\"primaryImageOfPage\":{\"@id\":\"https:\\\/\\\/www.gaidaphotos.com\\\/blog\\\/2018\\\/10\\\/20\\\/herbstflohmarkt-in-rodenkirchen\\\/#primaryimage\"},\"image\":{\"@id\":\"https:\\\/\\\/www.gaidaphotos.com\\\/blog\\\/2018\\\/10\\\/20\\\/herbstflohmarkt-in-rodenkirchen\\\/#primaryimage\"},\"thumbnailUrl\":\"https:\\\/\\\/i0.wp.com\\\/www.gaidaphotos.com\\\/blog\\\/wp-content\\\/uploads\\\/2018\\\/10\\\/schaufensterpuppe-flohmarkt-rodenkirchen.jpg?fit=683%2C1024&ssl=1\",\"datePublished\":\"2018-10-20T15:35:43+00:00\",\"dateModified\":\"2018-10-20T15:36:19+00:00\",\"description\":\"Gro\u00dfer Herbst- und Weihnachtsflohmarkt der evangelischen Kirche in Rodenkirchen am 28.10.2017 mit tollen Angeboten f\u00fcr Herbst, Winter und Weihnachtszeit!\",\"breadcrumb\":{\"@id\":\"https:\\\/\\\/www.gaidaphotos.com\\\/blog\\\/2018\\\/10\\\/20\\\/herbstflohmarkt-in-rodenkirchen\\\/#breadcrumb\"},\"inLanguage\":\"de\",\"potentialAction\":[{\"@type\":\"ReadAction\",\"target\":[\"https:\\\/\\\/www.gaidaphotos.com\\\/blog\\\/2018\\\/10\\\/20\\\/herbstflohmarkt-in-rodenkirchen\\\/\"]}]},{\"@type\":\"ImageObject\",\"inLanguage\":\"de\",\"@id\":\"https:\\\/\\\/www.gaidaphotos.com\\\/blog\\\/2018\\\/10\\\/20\\\/herbstflohmarkt-in-rodenkirchen\\\/#primaryimage\",\"url\":\"https:\\\/\\\/i0.wp.com\\\/www.gaidaphotos.com\\\/blog\\\/wp-content\\\/uploads\\\/2018\\\/10\\\/schaufensterpuppe-flohmarkt-rodenkirchen.jpg?fit=683%2C1024&ssl=1\",\"contentUrl\":\"https:\\\/\\\/i0.wp.com\\\/www.gaidaphotos.com\\\/blog\\\/wp-content\\\/uploads\\\/2018\\\/10\\\/schaufensterpuppe-flohmarkt-rodenkirchen.jpg?fit=683%2C1024&ssl=1\",\"width\":683,\"height\":1024,\"caption\":\"Schaufensterpuppe Flohmarkt Rodenkirchen\"},{\"@type\":\"BreadcrumbList\",\"@id\":\"https:\\\/\\\/www.gaidaphotos.com\\\/blog\\\/2018\\\/10\\\/20\\\/herbstflohmarkt-in-rodenkirchen\\\/#breadcrumb\",\"itemListElement\":[{\"@type\":\"ListItem\",\"position\":1,\"name\":\"Startseite\",\"item\":\"https:\\\/\\\/www.gaidaphotos.com\\\/blog\\\/\"},{\"@type\":\"ListItem\",\"position\":2,\"name\":\"Herbstflohmarkt in Rodenkirchen\"}]},{\"@type\":\"WebSite\",\"@id\":\"https:\\\/\\\/www.gaidaphotos.com\\\/blog\\\/#website\",\"url\":\"https:\\\/\\\/www.gaidaphotos.com\\\/blog\\\/\",\"name\":\"K\u00f6ln Rodenkirchen und die Welt\",\"description\":\"Einkaufen, Restaurants, Freizeit, Nachrichten und was uns sonst bewegt und begegnet\",\"publisher\":{\"@id\":\"https:\\\/\\\/www.gaidaphotos.com\\\/blog\\\/#organization\"},\"potentialAction\":[{\"@type\":\"SearchAction\",\"target\":{\"@type\":\"EntryPoint\",\"urlTemplate\":\"https:\\\/\\\/www.gaidaphotos.com\\\/blog\\\/?s={search_term_string}\"},\"query-input\":{\"@type\":\"PropertyValueSpecification\",\"valueRequired\":true,\"valueName\":\"search_term_string\"}}],\"inLanguage\":\"de\"},{\"@type\":\"Organization\",\"@id\":\"https:\\\/\\\/www.gaidaphotos.com\\\/blog\\\/#organization\",\"name\":\"gaidaphotos\",\"url\":\"https:\\\/\\\/www.gaidaphotos.com\\\/blog\\\/\",\"logo\":{\"@type\":\"ImageObject\",\"inLanguage\":\"de\",\"@id\":\"https:\\\/\\\/www.gaidaphotos.com\\\/blog\\\/#\\\/schema\\\/logo\\\/image\\\/\",\"url\":\"https:\\\/\\\/i0.wp.com\\\/www.gaidaphotos.com\\\/blog\\\/wp-content\\\/uploads\\\/2020\\\/07\\\/GAIDAPHOTOS-COM.jpg?fit=160%2C96&ssl=1\",\"contentUrl\":\"https:\\\/\\\/i0.wp.com\\\/www.gaidaphotos.com\\\/blog\\\/wp-content\\\/uploads\\\/2020\\\/07\\\/GAIDAPHOTOS-COM.jpg?fit=160%2C96&ssl=1\",\"width\":160,\"height\":96,\"caption\":\"gaidaphotos\"},\"image\":{\"@id\":\"https:\\\/\\\/www.gaidaphotos.com\\\/blog\\\/#\\\/schema\\\/logo\\\/image\\\/\"},\"sameAs\":[\"https:\\\/\\\/www.facebook.com\\\/Koeln.Rodenkirchen\",\"https:\\\/\\\/x.com\\\/gaidaphotos\",\"https:\\\/\\\/instagram.com\\\/gaidaphotos\\\/\",\"https:\\\/\\\/de.linkedin.com\\\/in\\\/gaidaphotos\",\"https:\\\/\\\/myspace.com\\\/gaidaphotos\",\"https:\\\/\\\/www.pinterest.com\\\/gaidaphotos\\\/\",\"https:\\\/\\\/www.youtube.com\\\/user\\\/gaidaphotos\"]},{\"@type\":\"Person\",\"@id\":\"https:\\\/\\\/www.gaidaphotos.com\\\/blog\\\/#\\\/schema\\\/person\\\/6c444a5b13ffc503c5c32f5a9ec68b21\",\"name\":\"Thomas\",\"sameAs\":[\"https:\\\/\\\/www.gaidaphotos.com\",\"https:\\\/\\\/www.facebook.com\\\/gaidaphotos\",\"https:\\\/\\\/instagram.com\\\/gaidaphotos\\\/\",\"https:\\\/\\\/www.linkedin.com\\\/in\\\/gaidaphotos\",\"http:\\\/\\\/www.pinterest.com\\\/gaidaphotos\\\/\",\"https:\\\/\\\/x.com\\\/gaidaphotos\",\"https:\\\/\\\/myspace.com\\\/gaidaphotos\",\"https:\\\/\\\/www.youtube.com\\\/user\\\/gaidaphotos\",\"https:\\\/\\\/gaidaphotos.tumblr.com\\\/\"]}]}<\/script>\n<!-- \/ Yoast SEO plugin. -->","yoast_head_json":{"title":"Herbstflohmarkt in Rodenkirchen - K\u00f6ln Rodenkirchen und die Welt","description":"Gro\u00dfer Herbst- und Weihnachtsflohmarkt der evangelischen Kirche in Rodenkirchen am 28.10.2017 mit tollen Angeboten f\u00fcr Herbst, Winter und Weihnachtszeit!","robots":{"index":"index","follow":"follow","max-snippet":"max-snippet:-1","max-image-preview":"max-image-preview:large","max-video-preview":"max-video-preview:-1"},"canonical":"https:\/\/www.gaidaphotos.com\/blog\/2018\/10\/20\/herbstflohmarkt-in-rodenkirchen\/","og_locale":"de_DE","og_type":"article","og_title":"Herbstflohmarkt in Rodenkirchen - K\u00f6ln Rodenkirchen und die Welt","og_description":"Gro\u00dfer Herbst- und Weihnachtsflohmarkt der evangelischen Kirche in Rodenkirchen am 28.10.2017 mit tollen Angeboten f\u00fcr Herbst, Winter und Weihnachtszeit!","og_url":"https:\/\/www.gaidaphotos.com\/blog\/2018\/10\/20\/herbstflohmarkt-in-rodenkirchen\/","og_site_name":"K\u00f6ln Rodenkirchen und die Welt","article_publisher":"https:\/\/www.facebook.com\/Koeln.Rodenkirchen","article_author":"https:\/\/www.facebook.com\/gaidaphotos","article_published_time":"2018-10-20T15:35:43+00:00","article_modified_time":"2018-10-20T15:36:19+00:00","og_image":[{"width":683,"height":1024,"url":"https:\/\/i0.wp.com\/www.gaidaphotos.com\/blog\/wp-content\/uploads\/2018\/10\/schaufensterpuppe-flohmarkt-rodenkirchen.jpg?fit=683%2C1024&ssl=1","type":"image\/jpeg"}],"author":"Thomas","twitter_card":"summary_large_image","twitter_creator":"@gaidaphotos","twitter_site":"@gaidaphotos","twitter_misc":{"Verfasst von":"Thomas","Gesch\u00e4tzte Lesezeit":"2\u00a0Minuten"},"schema":{"@context":"https:\/\/schema.org","@graph":[{"@type":"Article","@id":"https:\/\/www.gaidaphotos.com\/blog\/2018\/10\/20\/herbstflohmarkt-in-rodenkirchen\/#article","isPartOf":{"@id":"https:\/\/www.gaidaphotos.com\/blog\/2018\/10\/20\/herbstflohmarkt-in-rodenkirchen\/"},"author":{"name":"Thomas","@id":"https:\/\/www.gaidaphotos.com\/blog\/#\/schema\/person\/6c444a5b13ffc503c5c32f5a9ec68b21"},"headline":"Herbstflohmarkt in Rodenkirchen","datePublished":"2018-10-20T15:35:43+00:00","dateModified":"2018-10-20T15:36:19+00:00","mainEntityOfPage":{"@id":"https:\/\/www.gaidaphotos.com\/blog\/2018\/10\/20\/herbstflohmarkt-in-rodenkirchen\/"},"wordCount":390,"commentCount":0,"publisher":{"@id":"https:\/\/www.gaidaphotos.com\/blog\/#organization"},"image":{"@id":"https:\/\/www.gaidaphotos.com\/blog\/2018\/10\/20\/herbstflohmarkt-in-rodenkirchen\/#primaryimage"},"thumbnailUrl":"https:\/\/i0.wp.com\/www.gaidaphotos.com\/blog\/wp-content\/uploads\/2018\/10\/schaufensterpuppe-flohmarkt-rodenkirchen.jpg?fit=683%2C1024&ssl=1","keywords":["Einkaufen\/ Shopping","Flohmarkt\/ Tr\u00f6delmarkt","Freizeit-Ideen","K\u00f6ln Rodenkirchen"],"articleSection":["Flohmarkt\/Troedelmarkt","K\u00f6ln Rodenkirchen Einkaufen","K\u00f6ln Rodenkirchen Freizeit","Verkaufsoffener Sonntag K\u00f6ln NRW"],"inLanguage":"de","potentialAction":[{"@type":"CommentAction","name":"Comment","target":["https:\/\/www.gaidaphotos.com\/blog\/2018\/10\/20\/herbstflohmarkt-in-rodenkirchen\/#respond"]}]},{"@type":"WebPage","@id":"https:\/\/www.gaidaphotos.com\/blog\/2018\/10\/20\/herbstflohmarkt-in-rodenkirchen\/","url":"https:\/\/www.gaidaphotos.com\/blog\/2018\/10\/20\/herbstflohmarkt-in-rodenkirchen\/","name":"Herbstflohmarkt in Rodenkirchen - K\u00f6ln Rodenkirchen und die Welt","isPartOf":{"@id":"https:\/\/www.gaidaphotos.com\/blog\/#website"},"primaryImageOfPage":{"@id":"https:\/\/www.gaidaphotos.com\/blog\/2018\/10\/20\/herbstflohmarkt-in-rodenkirchen\/#primaryimage"},"image":{"@id":"https:\/\/www.gaidaphotos.com\/blog\/2018\/10\/20\/herbstflohmarkt-in-rodenkirchen\/#primaryimage"},"thumbnailUrl":"https:\/\/i0.wp.com\/www.gaidaphotos.com\/blog\/wp-content\/uploads\/2018\/10\/schaufensterpuppe-flohmarkt-rodenkirchen.jpg?fit=683%2C1024&ssl=1","datePublished":"2018-10-20T15:35:43+00:00","dateModified":"2018-10-20T15:36:19+00:00","description":"Gro\u00dfer Herbst- und Weihnachtsflohmarkt der evangelischen Kirche in Rodenkirchen am 28.10.2017 mit tollen Angeboten f\u00fcr Herbst, Winter und Weihnachtszeit!","breadcrumb":{"@id":"https:\/\/www.gaidaphotos.com\/blog\/2018\/10\/20\/herbstflohmarkt-in-rodenkirchen\/#breadcrumb"},"inLanguage":"de","potentialAction":[{"@type":"ReadAction","target":["https:\/\/www.gaidaphotos.com\/blog\/2018\/10\/20\/herbstflohmarkt-in-rodenkirchen\/"]}]},{"@type":"ImageObject","inLanguage":"de","@id":"https:\/\/www.gaidaphotos.com\/blog\/2018\/10\/20\/herbstflohmarkt-in-rodenkirchen\/#primaryimage","url":"https:\/\/i0.wp.com\/www.gaidaphotos.com\/blog\/wp-content\/uploads\/2018\/10\/schaufensterpuppe-flohmarkt-rodenkirchen.jpg?fit=683%2C1024&ssl=1","contentUrl":"https:\/\/i0.wp.com\/www.gaidaphotos.com\/blog\/wp-content\/uploads\/2018\/10\/schaufensterpuppe-flohmarkt-rodenkirchen.jpg?fit=683%2C1024&ssl=1","width":683,"height":1024,"caption":"Schaufensterpuppe Flohmarkt Rodenkirchen"},{"@type":"BreadcrumbList","@id":"https:\/\/www.gaidaphotos.com\/blog\/2018\/10\/20\/herbstflohmarkt-in-rodenkirchen\/#breadcrumb","itemListElement":[{"@type":"ListItem","position":1,"name":"Startseite","item":"https:\/\/www.gaidaphotos.com\/blog\/"},{"@type":"ListItem","position":2,"name":"Herbstflohmarkt in Rodenkirchen"}]},{"@type":"WebSite","@id":"https:\/\/www.gaidaphotos.com\/blog\/#website","url":"https:\/\/www.gaidaphotos.com\/blog\/","name":"K\u00f6ln Rodenkirchen und die Welt","description":"Einkaufen, Restaurants, Freizeit, Nachrichten und was uns sonst bewegt und begegnet","publisher":{"@id":"https:\/\/www.gaidaphotos.com\/blog\/#organization"},"potentialAction":[{"@type":"SearchAction","target":{"@type":"EntryPoint","urlTemplate":"https:\/\/www.gaidaphotos.com\/blog\/?s={search_term_string}"},"query-input":{"@type":"PropertyValueSpecification","valueRequired":true,"valueName":"search_term_string"}}],"inLanguage":"de"},{"@type":"Organization","@id":"https:\/\/www.gaidaphotos.com\/blog\/#organization","name":"gaidaphotos","url":"https:\/\/www.gaidaphotos.com\/blog\/","logo":{"@type":"ImageObject","inLanguage":"de","@id":"https:\/\/www.gaidaphotos.com\/blog\/#\/schema\/logo\/image\/","url":"https:\/\/i0.wp.com\/www.gaidaphotos.com\/blog\/wp-content\/uploads\/2020\/07\/GAIDAPHOTOS-COM.jpg?fit=160%2C96&ssl=1","contentUrl":"https:\/\/i0.wp.com\/www.gaidaphotos.com\/blog\/wp-content\/uploads\/2020\/07\/GAIDAPHOTOS-COM.jpg?fit=160%2C96&ssl=1","width":160,"height":96,"caption":"gaidaphotos"},"image":{"@id":"https:\/\/www.gaidaphotos.com\/blog\/#\/schema\/logo\/image\/"},"sameAs":["https:\/\/www.facebook.com\/Koeln.Rodenkirchen","https:\/\/x.com\/gaidaphotos","https:\/\/instagram.com\/gaidaphotos\/","https:\/\/de.linkedin.com\/in\/gaidaphotos","https:\/\/myspace.com\/gaidaphotos","https:\/\/www.pinterest.com\/gaidaphotos\/","https:\/\/www.youtube.com\/user\/gaidaphotos"]},{"@type":"Person","@id":"https:\/\/www.gaidaphotos.com\/blog\/#\/schema\/person\/6c444a5b13ffc503c5c32f5a9ec68b21","name":"Thomas","sameAs":["https:\/\/www.gaidaphotos.com","https:\/\/www.facebook.com\/gaidaphotos","https:\/\/instagram.com\/gaidaphotos\/","https:\/\/www.linkedin.com\/in\/gaidaphotos","http:\/\/www.pinterest.com\/gaidaphotos\/","https:\/\/x.com\/gaidaphotos","https:\/\/myspace.com\/gaidaphotos","https:\/\/www.youtube.com\/user\/gaidaphotos","https:\/\/gaidaphotos.tumblr.com\/"]}]}},"jetpack_publicize_connections":[],"jetpack_featured_media_url":"https:\/\/i0.wp.com\/www.gaidaphotos.com\/blog\/wp-content\/uploads\/2018\/10\/schaufensterpuppe-flohmarkt-rodenkirchen.jpg?fit=683%2C1024&ssl=1","jetpack_sharing_enabled":true,"jetpack_likes_enabled":true,"jetpack-related-posts":[{"id":9038,"url":"https:\/\/www.gaidaphotos.com\/blog\/2015\/10\/13\/herbst-flohmarkt-der-ev-kirche-rodenkirchen\/","url_meta":{"origin":10704,"position":0},"title":"Herbst-Flohmarkt der ev. Kirche Rodenkirchen","author":"Thomas","date":"13. Oktober 2015","format":false,"excerpt":"Herbst-Flohmarkt der ev. Kirche Rodenkirchen am 25.10.2015 Es ist wieder soweit. Am Sonntag, dem 25. Oktober 2015 l\u00e4dt die Kleiderkammer der evangelischen Kirche in K\u00f6ln-Rodenkirchen zu ihrem Herbst-Flohmarkt. Der Flohmarkt steht wieder ganz im Zeichen des nahenden Weihnachtsfestes. Denn man findet nicht nur alle Arten Weihnachtsdekoration, z.B. Weihnachtsm\u00e4nner, Nu\u00dfknacker, Engel,\u2026","rel":"","context":"In &quot;Flohmarkt\/Troedelmarkt&quot;","block_context":{"text":"Flohmarkt\/Troedelmarkt","link":"https:\/\/www.gaidaphotos.com\/blog\/category\/flohmarkttroedelmarkt-2\/"},"img":{"alt_text":"","src":"https:\/\/i0.wp.com\/www.gaidaphotos.com\/blog\/wp-content\/uploads\/ngg_featured\/nikolaus-santa-claus-weihnachtsmann-02.jpg?fit=1024%2C683&ssl=1&resize=350%2C200","width":350,"height":200,"srcset":"https:\/\/i0.wp.com\/www.gaidaphotos.com\/blog\/wp-content\/uploads\/ngg_featured\/nikolaus-santa-claus-weihnachtsmann-02.jpg?fit=1024%2C683&ssl=1&resize=350%2C200 1x, https:\/\/i0.wp.com\/www.gaidaphotos.com\/blog\/wp-content\/uploads\/ngg_featured\/nikolaus-santa-claus-weihnachtsmann-02.jpg?fit=1024%2C683&ssl=1&resize=525%2C300 1.5x, https:\/\/i0.wp.com\/www.gaidaphotos.com\/blog\/wp-content\/uploads\/ngg_featured\/nikolaus-santa-claus-weihnachtsmann-02.jpg?fit=1024%2C683&ssl=1&resize=700%2C400 2x"},"classes":[]},{"id":7922,"url":"https:\/\/www.gaidaphotos.com\/blog\/2014\/10\/16\/herbst-flohmarkt-der-ev-kirche-26-10-2015\/","url_meta":{"origin":10704,"position":1},"title":"Herbst-Flohmarkt der ev. Kirche 26.10.2015","author":"Thomas","date":"16. Oktober 2014","format":false,"excerpt":"Weihnachts-Flohmarkt in K\u00f6ln-Rodenkirchen Nutzen Sie den Herbst-Flohmarkt der evangelischen Kirche K\u00f6ln-Rodenkirchen, um preiswerte Weihnachtsgeschenke oder Weihnachtsdeko zu ergattern. Wer die sch\u00f6nsten St\u00fccke will muss sich am Sonntag dem 26.10.2014 fr\u00fch aus dem Bett qu\u00e4len. Denn der Flohmarkt wird im K\u00f6lner S\u00fcden immer bekannter und schon bevor die T\u00fcren ge\u00f6ffnet werden\u2026","rel":"","context":"In &quot;Flohmarkt\/Troedelmarkt&quot;","block_context":{"text":"Flohmarkt\/Troedelmarkt","link":"https:\/\/www.gaidaphotos.com\/blog\/category\/flohmarkttroedelmarkt-2\/"},"img":{"alt_text":"","src":"https:\/\/i0.wp.com\/www.gaidaphotos.com\/blog\/wp-content\/uploads\/ngg_featured\/lustige-weihnachtsdeko-03.jpg?fit=1000%2C667&ssl=1&resize=350%2C200","width":350,"height":200,"srcset":"https:\/\/i0.wp.com\/www.gaidaphotos.com\/blog\/wp-content\/uploads\/ngg_featured\/lustige-weihnachtsdeko-03.jpg?fit=1000%2C667&ssl=1&resize=350%2C200 1x, https:\/\/i0.wp.com\/www.gaidaphotos.com\/blog\/wp-content\/uploads\/ngg_featured\/lustige-weihnachtsdeko-03.jpg?fit=1000%2C667&ssl=1&resize=525%2C300 1.5x, https:\/\/i0.wp.com\/www.gaidaphotos.com\/blog\/wp-content\/uploads\/ngg_featured\/lustige-weihnachtsdeko-03.jpg?fit=1000%2C667&ssl=1&resize=700%2C400 2x"},"classes":[]},{"id":3724,"url":"https:\/\/www.gaidaphotos.com\/blog\/2011\/10\/04\/flohmarkt-troedelmarkt-rodenkirchen-09-10-201\/","url_meta":{"origin":10704,"position":2},"title":"Flohmarkt-Tr\u00f6delmarkt der ev. Kirche Rodenkirchen 09.10.2011","author":"Thomas","date":"4. Oktober 2011","format":false,"excerpt":"Flohmarkt\/Tr\u00f6delmarkt der ev. Kirche Rodenkirchen 09.10.2011 Flohmarkt\/Tr\u00f6delmarkt der ev. Kirche Rodenkirchen 09.10.2011 Es ist wieder soweit! Der Flohmarkt der evangelischen Kirche in K\u00f6ln Rodenkirchen bietet seine Sch\u00e4tze den Besuchern. Hier finden Sie: Antiquit\u00e4ten Hausrat B\u00fccher Damenkleidung Herrenkleidung Kinderkleidung Schuhe Modeschmuck Dekoration Porzellan Geschirr Gl\u00e4ser Flohmarkt\/Tr\u00f6delmarkt der ev. Kirche Rodenkirchen 09.10.2011Flohmarkt\u2026","rel":"","context":"In &quot;K\u00f6ln Rodenkirchen Einkaufen&quot;","block_context":{"text":"K\u00f6ln Rodenkirchen Einkaufen","link":"https:\/\/www.gaidaphotos.com\/blog\/category\/koeln-rodenkirchen\/koeln-rodenkirchen-einkaufen\/"},"img":{"alt_text":"","src":"https:\/\/www.gaidaphotos.com\/blog\/wp-content\/uploads\/2020\/08\/nggallery_import\/62_","width":350,"height":200,"srcset":"https:\/\/www.gaidaphotos.com\/blog\/wp-content\/uploads\/2020\/08\/nggallery_import\/62_ 1x, https:\/\/www.gaidaphotos.com\/blog\/wp-content\/uploads\/2020\/08\/nggallery_import\/62_ 1.5x"},"classes":[]},{"id":5769,"url":"https:\/\/www.gaidaphotos.com\/blog\/2013\/11\/07\/flohmarkt-evangelische-kirche\/","url_meta":{"origin":10704,"position":3},"title":"Flohmarkt evangelische Kirche","author":"Thomas","date":"7. November 2013","format":false,"excerpt":"Flohmarkt\/Tr\u00f6delmarkt der evangelischen Kirche K\u00f6ln-Rodenkirchen Auch in diesem Herbst veranstaltet die evangelische Kirche in K\u00f6ln-Rodenkirchen ihren Herbst Flohmarkt. Nur wenige Wochen vor Weihnachten ist der Flohmarkt eine vorz\u00fcgliche Gelegenheit sich mit den ersten Weihnachtsgeschenken einzudecken. Dabei gewinnen Sie gleich mehrfach. Sie kaufen teilweise seltene Sch\u00e4tzchen oder liebe Erinnerungen zu einem\u2026","rel":"","context":"In &quot;Flohmarkt\/Troedelmarkt&quot;","block_context":{"text":"Flohmarkt\/Troedelmarkt","link":"https:\/\/www.gaidaphotos.com\/blog\/category\/flohmarkttroedelmarkt-2\/"},"img":{"alt_text":"","src":"https:\/\/i0.wp.com\/www.gaidaphotos.com\/blog\/wp-content\/uploads\/ngg_featured\/flohmarkt-troedelmarkt-1.jpg?fit=267%2C400&ssl=1&resize=350%2C200","width":350,"height":200},"classes":[]},{"id":2741,"url":"https:\/\/www.gaidaphotos.com\/blog\/2010\/03\/26\/flohmarkt-troedelmarkt-koeln-25-04-2010\/","url_meta":{"origin":10704,"position":4},"title":"Flohmarkt &#8211; Tr\u00f6delmarkt in K\u00f6ln-Rodenkirchen am 25.04.2010","author":"Thomas","date":"26. M\u00e4rz 2010","format":false,"excerpt":"Flohmarkt - Tr\u00f6delmarkt der ev. Kirche in K\u00f6ln-Rodenkirchen am 25.04.2010 Wann:\u00a0 Sonntag 25. April 2010 von 10:00h bis 17:00h Wo: Erl\u00f6serkirche K\u00f6ln-Rodenkirchen, S\u00fcrther Str. 34,\u00a0 50996 K\u00f6ln-Rodenkirchen Was: Flohmarkt und Tr\u00f6delmarkt zu Gunsten Hilfsbed\u00fcrftiger Zur Routenplanung \u00f6ffnen Sie bitte die Karte von Rodenkirchen. Achtung! Es gibt nur wenige Parkpl\u00e4tze in\u2026","rel":"","context":"In &quot;Foto&quot;","block_context":{"text":"Foto","link":"https:\/\/www.gaidaphotos.com\/blog\/category\/foto\/"},"img":{"alt_text":"K\u00f6ln-Rodenkirchen Flohmarkt Tr\u00f6delmarkt","src":"https:\/\/i0.wp.com\/www.gaidaphotos.com\/blog\/wp-content\/uploads\/2010\/03\/flohmarkt-koeln-rodenkirchen-3.jpg?resize=350%2C200&ssl=1","width":350,"height":200},"classes":[]},{"id":3531,"url":"https:\/\/www.gaidaphotos.com\/blog\/2011\/03\/25\/flohmarkt-trodelmarkt-der-evangelischen\/","url_meta":{"origin":10704,"position":5},"title":"Flohmarkt\/Tr\u00f6delmarkt der evangelischen Kirche K\u00f6ln-Rodenkirchen","author":"Thomas","date":"25. M\u00e4rz 2011","format":false,"excerpt":"Flohmarkt\/Tr\u00f6delmarkt der evangelischen Kirche K\u00f6ln-Rodenkirchen Endlich ist es wieder soweit! Der Flohmarkt\/Tr\u00f6delmarkt der evangelischen Kirche K\u00f6ln-Rodenkirchen \u00f6ffnet wieder seine T\u00fcren und Tore. Wie schon in den vergangenen Jahren finden sich hier wahre Sch\u00e4tze: Antiquit\u00e4ten Hausrat B\u00fccher Damenkleidung Herrenkleidung Kinderkleidung Schuhe Modeschmuck Dekoration Porzellan Geschirr Gl\u00e4ser Aufgrund der vielen, oft wohlhabenden\u2026","rel":"","context":"In &quot;Flohmarkt\/Troedelmarkt&quot;","block_context":{"text":"Flohmarkt\/Troedelmarkt","link":"https:\/\/www.gaidaphotos.com\/blog\/category\/flohmarkttroedelmarkt-2\/"},"img":{"alt_text":"","src":"https:\/\/www.gaidaphotos.com\/blog\/wp-content\/uploads\/2020\/08\/nggallery_import\/68_","width":350,"height":200},"classes":[]}],"_links":{"self":[{"href":"https:\/\/www.gaidaphotos.com\/blog\/wp-json\/wp\/v2\/posts\/10704","targetHints":{"allow":["GET"]}}],"collection":[{"href":"https:\/\/www.gaidaphotos.com\/blog\/wp-json\/wp\/v2\/posts"}],"about":[{"href":"https:\/\/www.gaidaphotos.com\/blog\/wp-json\/wp\/v2\/types\/post"}],"author":[{"embeddable":true,"href":"https:\/\/www.gaidaphotos.com\/blog\/wp-json\/wp\/v2\/users\/6"}],"replies":[{"embeddable":true,"href":"https:\/\/www.gaidaphotos.com\/blog\/wp-json\/wp\/v2\/comments?post=10704"}],"version-history":[{"count":0,"href":"https:\/\/www.gaidaphotos.com\/blog\/wp-json\/wp\/v2\/posts\/10704\/revisions"}],"wp:featuredmedia":[{"embeddable":true,"href":"https:\/\/www.gaidaphotos.com\/blog\/wp-json\/wp\/v2\/media\/10709"}],"wp:attachment":[{"href":"https:\/\/www.gaidaphotos.com\/blog\/wp-json\/wp\/v2\/media?parent=10704"}],"wp:term":[{"taxonomy":"category","embeddable":true,"href":"https:\/\/www.gaidaphotos.com\/blog\/wp-json\/wp\/v2\/categories?post=10704"},{"taxonomy":"post_tag","embeddable":true,"href":"https:\/\/www.gaidaphotos.com\/blog\/wp-json\/wp\/v2\/tags?post=10704"}],"curies":[{"name":"wp","href":"https:\/\/api.w.org\/{rel}","templated":true}]}}