{"id":108,"date":"2009-02-18T18:27:03","date_gmt":"2009-02-18T17:27:03","guid":{"rendered":"http:\/\/gaidaphotos.com\/blog\/?p=108"},"modified":"2012-02-14T17:24:18","modified_gmt":"2012-02-14T16:24:18","slug":"stapelstuehle-bei-ebay","status":"publish","type":"post","link":"https:\/\/www.gaidaphotos.com\/blog\/2009\/02\/18\/stapelstuehle-bei-ebay\/","title":{"rendered":"Stapelst\u00fchle bei ebay"},"content":{"rendered":"<p>Aktuelles Angebot bei ebay:<\/p>\n<p>84 weisse Stapelst\u00fchle &#8211; Gartenst\u00fchle ab 1 \u20ac ebay Auktion \u00f6ffnen<\/p>\n<p>33 blaue Gartenst\u00fchle &#8211; Stapelst\u00fchle ebay Auktion \u00f6ffnen <\/p>\n<div class=\"tiled-gallery type-rectangular tiled-gallery-unresized\" data-original-width=\"910\" data-carousel-extra='null' itemscope itemtype=\"http:\/\/schema.org\/ImageGallery\" > <div class=\"gallery-row\" style=\"width: 910px; height: 328px;\" data-original-width=\"910\" data-original-height=\"328\" > <div class=\"gallery-group images-1\" style=\"width: 259px; height: 328px;\" data-original-width=\"259\" data-original-height=\"328\" > <div class=\"tiled-gallery-item tiled-gallery-item-large\" itemprop=\"associatedMedia\" itemscope itemtype=\"http:\/\/schema.org\/ImageObject\"> <a href=\"https:\/\/www.gaidaphotos.com\/blog\/2009\/02\/18\/stapelstuehle-bei-ebay\/stapelstuhl-weiss-2_resize\/\" border=\"0\" itemprop=\"url\"> <meta itemprop=\"width\" content=\"255\"> <meta itemprop=\"height\" content=\"324\"> <img decoding=\"async\" class=\"\" data-attachment-id=\"109\" data-orig-file=\"https:\/\/www.gaidaphotos.com\/blog\/wp-content\/uploads\/2009\/02\/stapelstuhl-weiss-2_resize.jpg\" data-orig-size=\"200,255\" data-comments-opened=\"\" data-image-meta=\"{&quot;aperture&quot;:&quot;10&quot;,&quot;credit&quot;:&quot;&quot;,&quot;camera&quot;:&quot;Canon EOS 300D DIGITAL&quot;,&quot;caption&quot;:&quot;&quot;,&quot;created_timestamp&quot;:&quot;1207321072&quot;,&quot;copyright&quot;:&quot;&quot;,&quot;focal_length&quot;:&quot;21&quot;,&quot;iso&quot;:&quot;200&quot;,&quot;shutter_speed&quot;:&quot;0.004&quot;,&quot;title&quot;:&quot;&quot;}\" data-image-title=\"stapelstuhl-weiss-2_resize\" data-image-description=\"&lt;p&gt;Stapelstuhl Gartenstuhl weiss Stapelst\u00fchle Gartenst\u00fchle&lt;\/p&gt; \" data-medium-file=\"https:\/\/i0.wp.com\/www.gaidaphotos.com\/blog\/wp-content\/uploads\/2009\/02\/stapelstuhl-weiss-2_resize.jpg?fit=200%2C255&#038;ssl=1\" data-large-file=\"https:\/\/i0.wp.com\/www.gaidaphotos.com\/blog\/wp-content\/uploads\/2009\/02\/stapelstuhl-weiss-2_resize.jpg?fit=200%2C255&#038;ssl=1\" src=\"https:\/\/i0.wp.com\/www.gaidaphotos.com\/blog\/wp-content\/uploads\/2009\/02\/stapelstuhl-weiss-2_resize.jpg?w=255&#038;h=324&#038;ssl=1\" width=\"255\" height=\"324\" loading=\"lazy\" data-original-width=\"255\" data-original-height=\"324\" itemprop=\"http:\/\/schema.org\/image\" title=\"stapelstuhl-weiss-2_resize\" alt=\"Stapelstuhl Gartenstuhl weiss\" style=\"width: 255px; height: 324px;\" \/> <\/a> <div class=\"tiled-gallery-caption\" itemprop=\"caption description\"> Stapelstuhl Gartenstuhl weiss <\/div> <\/div> <\/div> <!-- close group --> <div class=\"gallery-group images-1\" style=\"width: 209px; height: 328px;\" data-original-width=\"209\" data-original-height=\"328\" > <div class=\"tiled-gallery-item tiled-gallery-item-small\" itemprop=\"associatedMedia\" itemscope itemtype=\"http:\/\/schema.org\/ImageObject\"> <a href=\"https:\/\/www.gaidaphotos.com\/blog\/2009\/02\/18\/stapelstuehle-bei-ebay\/stapelstuhl-blau-1_resize\/\" border=\"0\" itemprop=\"url\"> <meta itemprop=\"width\" content=\"205\"> <meta itemprop=\"height\" content=\"324\"> <img decoding=\"async\" class=\"\" data-attachment-id=\"110\" data-orig-file=\"https:\/\/www.gaidaphotos.com\/blog\/wp-content\/uploads\/2009\/02\/stapelstuhl-blau-1_resize.jpg\" data-orig-size=\"200,316\" data-comments-opened=\"\" data-image-meta=\"{&quot;aperture&quot;:&quot;8&quot;,&quot;credit&quot;:&quot;&quot;,&quot;camera&quot;:&quot;Canon EOS 300D DIGITAL&quot;,&quot;caption&quot;:&quot;&quot;,&quot;created_timestamp&quot;:&quot;1207320997&quot;,&quot;copyright&quot;:&quot;&quot;,&quot;focal_length&quot;:&quot;28&quot;,&quot;iso&quot;:&quot;200&quot;,&quot;shutter_speed&quot;:&quot;0.008&quot;,&quot;title&quot;:&quot;&quot;}\" data-image-title=\"stapelstuhl-blau-1_resize\" data-image-description=\"&lt;p&gt;Stapelstuhl Gartenstuhl blau Stapelst\u00fchle Gartenst\u00fchle&lt;\/p&gt; \" data-medium-file=\"https:\/\/i0.wp.com\/www.gaidaphotos.com\/blog\/wp-content\/uploads\/2009\/02\/stapelstuhl-blau-1_resize.jpg?fit=189%2C300&#038;ssl=1\" data-large-file=\"https:\/\/i0.wp.com\/www.gaidaphotos.com\/blog\/wp-content\/uploads\/2009\/02\/stapelstuhl-blau-1_resize.jpg?fit=200%2C316&#038;ssl=1\" src=\"https:\/\/i0.wp.com\/www.gaidaphotos.com\/blog\/wp-content\/uploads\/2009\/02\/stapelstuhl-blau-1_resize.jpg?w=205&#038;h=324&#038;ssl=1\" srcset=\"https:\/\/i0.wp.com\/www.gaidaphotos.com\/blog\/wp-content\/uploads\/2009\/02\/stapelstuhl-blau-1_resize.jpg?w=200&amp;ssl=1 200w, https:\/\/i0.wp.com\/www.gaidaphotos.com\/blog\/wp-content\/uploads\/2009\/02\/stapelstuhl-blau-1_resize.jpg?resize=189%2C300&amp;ssl=1 189w\" width=\"205\" height=\"324\" loading=\"lazy\" data-original-width=\"205\" data-original-height=\"324\" itemprop=\"http:\/\/schema.org\/image\" title=\"stapelstuhl-blau-1_resize\" alt=\"Stapelstuhl Gartenstuhl blau\" style=\"width: 205px; height: 324px;\" \/> <\/a> <div class=\"tiled-gallery-caption\" itemprop=\"caption description\"> Stapelstuhl Gartenstuhl blau <\/div> <\/div> <\/div> <!-- close group --> <div class=\"gallery-group images-1\" style=\"width: 215px; height: 328px;\" data-original-width=\"215\" data-original-height=\"328\" > <div class=\"tiled-gallery-item tiled-gallery-item-small\" itemprop=\"associatedMedia\" itemscope itemtype=\"http:\/\/schema.org\/ImageObject\"> <a href=\"https:\/\/www.gaidaphotos.com\/blog\/2009\/02\/18\/stapelstuehle-bei-ebay\/stapelstuhl-blau-2_resize\/\" border=\"0\" itemprop=\"url\"> <meta itemprop=\"width\" content=\"211\"> <meta itemprop=\"height\" content=\"324\"> <img decoding=\"async\" class=\"\" data-attachment-id=\"111\" data-orig-file=\"https:\/\/www.gaidaphotos.com\/blog\/wp-content\/uploads\/2009\/02\/stapelstuhl-blau-2_resize.jpg\" data-orig-size=\"200,307\" data-comments-opened=\"\" data-image-meta=\"{&quot;aperture&quot;:&quot;8&quot;,&quot;credit&quot;:&quot;&quot;,&quot;camera&quot;:&quot;Canon EOS 300D DIGITAL&quot;,&quot;caption&quot;:&quot;&quot;,&quot;created_timestamp&quot;:&quot;1207321013&quot;,&quot;copyright&quot;:&quot;&quot;,&quot;focal_length&quot;:&quot;28&quot;,&quot;iso&quot;:&quot;200&quot;,&quot;shutter_speed&quot;:&quot;0.008&quot;,&quot;title&quot;:&quot;&quot;}\" data-image-title=\"stapelstuhl-blau-2_resize\" data-image-description=\"&lt;p&gt;Stapelstuhl Gartenstuhl weiss Stapelst\u00fchle Gartenst\u00fchle&lt;\/p&gt; \" data-medium-file=\"https:\/\/i0.wp.com\/www.gaidaphotos.com\/blog\/wp-content\/uploads\/2009\/02\/stapelstuhl-blau-2_resize.jpg?fit=195%2C300&#038;ssl=1\" data-large-file=\"https:\/\/i0.wp.com\/www.gaidaphotos.com\/blog\/wp-content\/uploads\/2009\/02\/stapelstuhl-blau-2_resize.jpg?fit=200%2C307&#038;ssl=1\" src=\"https:\/\/i0.wp.com\/www.gaidaphotos.com\/blog\/wp-content\/uploads\/2009\/02\/stapelstuhl-blau-2_resize.jpg?w=211&#038;h=324&#038;ssl=1\" srcset=\"https:\/\/i0.wp.com\/www.gaidaphotos.com\/blog\/wp-content\/uploads\/2009\/02\/stapelstuhl-blau-2_resize.jpg?w=200&amp;ssl=1 200w, https:\/\/i0.wp.com\/www.gaidaphotos.com\/blog\/wp-content\/uploads\/2009\/02\/stapelstuhl-blau-2_resize.jpg?resize=195%2C300&amp;ssl=1 195w\" width=\"211\" height=\"324\" loading=\"lazy\" data-original-width=\"211\" data-original-height=\"324\" itemprop=\"http:\/\/schema.org\/image\" title=\"stapelstuhl-blau-2_resize\" alt=\"Stapelstuhl Gartenstuhl blau\" style=\"width: 211px; height: 324px;\" \/> <\/a> <div class=\"tiled-gallery-caption\" itemprop=\"caption description\"> Stapelstuhl Gartenstuhl blau <\/div> <\/div> <\/div> <!-- close group --> <div class=\"gallery-group images-1\" style=\"width: 227px; height: 328px;\" data-original-width=\"227\" data-original-height=\"328\" > <div class=\"tiled-gallery-item tiled-gallery-item-small\" itemprop=\"associatedMedia\" itemscope itemtype=\"http:\/\/schema.org\/ImageObject\"> <a href=\"https:\/\/www.gaidaphotos.com\/blog\/2009\/02\/18\/stapelstuehle-bei-ebay\/stapelstuhl-weiss-1_resize\/\" border=\"0\" itemprop=\"url\"> <meta itemprop=\"width\" content=\"223\"> <meta itemprop=\"height\" content=\"324\"> <img decoding=\"async\" class=\"\" data-attachment-id=\"112\" data-orig-file=\"https:\/\/www.gaidaphotos.com\/blog\/wp-content\/uploads\/2009\/02\/stapelstuhl-weiss-1_resize.jpg\" data-orig-size=\"200,291\" data-comments-opened=\"\" data-image-meta=\"{&quot;aperture&quot;:&quot;13&quot;,&quot;credit&quot;:&quot;&quot;,&quot;camera&quot;:&quot;Canon EOS 300D DIGITAL&quot;,&quot;caption&quot;:&quot;&quot;,&quot;created_timestamp&quot;:&quot;1207320966&quot;,&quot;copyright&quot;:&quot;&quot;,&quot;focal_length&quot;:&quot;30&quot;,&quot;iso&quot;:&quot;200&quot;,&quot;shutter_speed&quot;:&quot;0.003125&quot;,&quot;title&quot;:&quot;&quot;}\" data-image-title=\"stapelstuhl-weiss-1_resize\" data-image-description=\"&lt;p&gt;Stapelstuhl Gartenstuhl weiss Stapelst\u00fchle Gartenst\u00fchle&lt;\/p&gt; \" data-medium-file=\"https:\/\/i0.wp.com\/www.gaidaphotos.com\/blog\/wp-content\/uploads\/2009\/02\/stapelstuhl-weiss-1_resize.jpg?fit=200%2C291&#038;ssl=1\" data-large-file=\"https:\/\/i0.wp.com\/www.gaidaphotos.com\/blog\/wp-content\/uploads\/2009\/02\/stapelstuhl-weiss-1_resize.jpg?fit=200%2C291&#038;ssl=1\" src=\"https:\/\/i0.wp.com\/www.gaidaphotos.com\/blog\/wp-content\/uploads\/2009\/02\/stapelstuhl-weiss-1_resize.jpg?w=223&#038;h=324&#038;ssl=1\" width=\"223\" height=\"324\" loading=\"lazy\" data-original-width=\"223\" data-original-height=\"324\" itemprop=\"http:\/\/schema.org\/image\" title=\"stapelstuhl-weiss-1_resize\" alt=\"Stapelstuhl Gartenstuhl weiss\" style=\"width: 223px; height: 324px;\" \/> <\/a> <div class=\"tiled-gallery-caption\" itemprop=\"caption description\"> Stapelstuhl Gartenstuhl weiss <\/div> <\/div> <\/div> <!-- close group --> <\/div> <!-- close row --> <\/div>\n","protected":false},"excerpt":{"rendered":"<p>Aktuelles Angebot bei ebay: 84 weisse Stapelst\u00fchle &#8211; Gartenst\u00fchle ab 1 \u20ac ebay Auktion \u00f6ffnen 33 blaue Gartenst\u00fchle &#8211; Stapelst\u00fchle<\/p>\n","protected":false},"author":6,"featured_media":0,"comment_status":"closed","ping_status":"open","sticky":false,"template":"","format":"standard","meta":{"_crdt_document":"","ngg_post_thumbnail":0,"jetpack_post_was_ever_published":false,"_jetpack_newsletter_access":"","_jetpack_dont_email_post_to_subs":false,"_jetpack_newsletter_tier_id":0,"_jetpack_memberships_contains_paywalled_content":false,"_jetpack_memberships_contains_paid_content":false,"footnotes":"","jetpack_publicize_message":"","jetpack_publicize_feature_enabled":true,"jetpack_social_post_already_shared":false,"jetpack_social_options":{"image_generator_settings":{"template":"highway","default_image_id":0,"font":"","enabled":false},"version":2}},"categories":[111],"tags":[108],"class_list":["post-108","post","type-post","status-publish","format-standard","hentry","category-kaufen-verkaufen","tag-einkaufen","comments-off"],"yoast_head":"<!-- This site is optimized with the Yoast SEO plugin v27.5 - https:\/\/yoast.com\/product\/yoast-seo-wordpress\/ -->\n<title>Stapelst\u00fchle bei ebay - K\u00f6ln Rodenkirchen und die Welt<\/title>\n<meta name=\"robots\" content=\"index, follow, max-snippet:-1, max-image-preview:large, max-video-preview:-1\" \/>\n<link rel=\"canonical\" href=\"https:\/\/www.gaidaphotos.com\/blog\/2009\/02\/18\/stapelstuehle-bei-ebay\/\" \/>\n<meta property=\"og:locale\" content=\"de_DE\" \/>\n<meta property=\"og:type\" content=\"article\" \/>\n<meta property=\"og:title\" content=\"Stapelst\u00fchle bei ebay - K\u00f6ln Rodenkirchen und die Welt\" \/>\n<meta property=\"og:description\" content=\"Aktuelles Angebot bei ebay: 84 weisse Stapelst\u00fchle &#8211; Gartenst\u00fchle ab 1 \u20ac ebay Auktion \u00f6ffnen 33 blaue Gartenst\u00fchle &#8211; Stapelst\u00fchle\" \/>\n<meta property=\"og:url\" content=\"https:\/\/www.gaidaphotos.com\/blog\/2009\/02\/18\/stapelstuehle-bei-ebay\/\" \/>\n<meta property=\"og:site_name\" content=\"K\u00f6ln Rodenkirchen und die Welt\" \/>\n<meta property=\"article:publisher\" content=\"https:\/\/www.facebook.com\/Koeln.Rodenkirchen\" \/>\n<meta property=\"article:author\" content=\"https:\/\/www.facebook.com\/gaidaphotos\" \/>\n<meta property=\"article:published_time\" content=\"2009-02-18T17:27:03+00:00\" \/>\n<meta property=\"article:modified_time\" content=\"2012-02-14T16:24:18+00:00\" \/>\n<meta property=\"og:image\" content=\"https:\/\/i1.wp.com\/www.gaidaphotos.com\/blog\/wp-content\/uploads\/2009\/02\/stapelstuhl-weiss-2_resize.jpg?w=255&#038;h=324&#038;ssl=1\" \/>\n<meta name=\"author\" content=\"Thomas\" \/>\n<meta name=\"twitter:card\" content=\"summary_large_image\" \/>\n<meta name=\"twitter:creator\" content=\"@gaidaphotos\" \/>\n<meta name=\"twitter:site\" content=\"@gaidaphotos\" \/>\n<meta name=\"twitter:label1\" content=\"Verfasst von\" \/>\n\t<meta name=\"twitter:data1\" content=\"Thomas\" \/>\n<script type=\"application\/ld+json\" class=\"yoast-schema-graph\">{\"@context\":\"https:\\\/\\\/schema.org\",\"@graph\":[{\"@type\":\"Article\",\"@id\":\"https:\\\/\\\/www.gaidaphotos.com\\\/blog\\\/2009\\\/02\\\/18\\\/stapelstuehle-bei-ebay\\\/#article\",\"isPartOf\":{\"@id\":\"https:\\\/\\\/www.gaidaphotos.com\\\/blog\\\/2009\\\/02\\\/18\\\/stapelstuehle-bei-ebay\\\/\"},\"author\":{\"name\":\"Thomas\",\"@id\":\"https:\\\/\\\/www.gaidaphotos.com\\\/blog\\\/#\\\/schema\\\/person\\\/6c444a5b13ffc503c5c32f5a9ec68b21\"},\"headline\":\"Stapelst\u00fchle bei ebay\",\"datePublished\":\"2009-02-18T17:27:03+00:00\",\"dateModified\":\"2012-02-14T16:24:18+00:00\",\"mainEntityOfPage\":{\"@id\":\"https:\\\/\\\/www.gaidaphotos.com\\\/blog\\\/2009\\\/02\\\/18\\\/stapelstuehle-bei-ebay\\\/\"},\"wordCount\":29,\"publisher\":{\"@id\":\"https:\\\/\\\/www.gaidaphotos.com\\\/blog\\\/#organization\"},\"keywords\":[\"Einkaufen\\\/ Shopping\"],\"articleSection\":[\"Kaufen-Verkaufen\"],\"inLanguage\":\"de\"},{\"@type\":\"WebPage\",\"@id\":\"https:\\\/\\\/www.gaidaphotos.com\\\/blog\\\/2009\\\/02\\\/18\\\/stapelstuehle-bei-ebay\\\/\",\"url\":\"https:\\\/\\\/www.gaidaphotos.com\\\/blog\\\/2009\\\/02\\\/18\\\/stapelstuehle-bei-ebay\\\/\",\"name\":\"Stapelst\u00fchle bei ebay - K\u00f6ln Rodenkirchen und die Welt\",\"isPartOf\":{\"@id\":\"https:\\\/\\\/www.gaidaphotos.com\\\/blog\\\/#website\"},\"datePublished\":\"2009-02-18T17:27:03+00:00\",\"dateModified\":\"2012-02-14T16:24:18+00:00\",\"breadcrumb\":{\"@id\":\"https:\\\/\\\/www.gaidaphotos.com\\\/blog\\\/2009\\\/02\\\/18\\\/stapelstuehle-bei-ebay\\\/#breadcrumb\"},\"inLanguage\":\"de\",\"potentialAction\":[{\"@type\":\"ReadAction\",\"target\":[\"https:\\\/\\\/www.gaidaphotos.com\\\/blog\\\/2009\\\/02\\\/18\\\/stapelstuehle-bei-ebay\\\/\"]}]},{\"@type\":\"BreadcrumbList\",\"@id\":\"https:\\\/\\\/www.gaidaphotos.com\\\/blog\\\/2009\\\/02\\\/18\\\/stapelstuehle-bei-ebay\\\/#breadcrumb\",\"itemListElement\":[{\"@type\":\"ListItem\",\"position\":1,\"name\":\"Startseite\",\"item\":\"https:\\\/\\\/www.gaidaphotos.com\\\/blog\\\/\"},{\"@type\":\"ListItem\",\"position\":2,\"name\":\"Stapelst\u00fchle bei ebay\"}]},{\"@type\":\"WebSite\",\"@id\":\"https:\\\/\\\/www.gaidaphotos.com\\\/blog\\\/#website\",\"url\":\"https:\\\/\\\/www.gaidaphotos.com\\\/blog\\\/\",\"name\":\"K\u00f6ln Rodenkirchen und die Welt\",\"description\":\"Einkaufen, Restaurants, Freizeit, Nachrichten und was uns sonst bewegt und begegnet\",\"publisher\":{\"@id\":\"https:\\\/\\\/www.gaidaphotos.com\\\/blog\\\/#organization\"},\"potentialAction\":[{\"@type\":\"SearchAction\",\"target\":{\"@type\":\"EntryPoint\",\"urlTemplate\":\"https:\\\/\\\/www.gaidaphotos.com\\\/blog\\\/?s={search_term_string}\"},\"query-input\":{\"@type\":\"PropertyValueSpecification\",\"valueRequired\":true,\"valueName\":\"search_term_string\"}}],\"inLanguage\":\"de\"},{\"@type\":\"Organization\",\"@id\":\"https:\\\/\\\/www.gaidaphotos.com\\\/blog\\\/#organization\",\"name\":\"gaidaphotos\",\"url\":\"https:\\\/\\\/www.gaidaphotos.com\\\/blog\\\/\",\"logo\":{\"@type\":\"ImageObject\",\"inLanguage\":\"de\",\"@id\":\"https:\\\/\\\/www.gaidaphotos.com\\\/blog\\\/#\\\/schema\\\/logo\\\/image\\\/\",\"url\":\"https:\\\/\\\/i0.wp.com\\\/www.gaidaphotos.com\\\/blog\\\/wp-content\\\/uploads\\\/2020\\\/07\\\/GAIDAPHOTOS-COM.jpg?fit=160%2C96&ssl=1\",\"contentUrl\":\"https:\\\/\\\/i0.wp.com\\\/www.gaidaphotos.com\\\/blog\\\/wp-content\\\/uploads\\\/2020\\\/07\\\/GAIDAPHOTOS-COM.jpg?fit=160%2C96&ssl=1\",\"width\":160,\"height\":96,\"caption\":\"gaidaphotos\"},\"image\":{\"@id\":\"https:\\\/\\\/www.gaidaphotos.com\\\/blog\\\/#\\\/schema\\\/logo\\\/image\\\/\"},\"sameAs\":[\"https:\\\/\\\/www.facebook.com\\\/Koeln.Rodenkirchen\",\"https:\\\/\\\/x.com\\\/gaidaphotos\",\"https:\\\/\\\/instagram.com\\\/gaidaphotos\\\/\",\"https:\\\/\\\/de.linkedin.com\\\/in\\\/gaidaphotos\",\"https:\\\/\\\/myspace.com\\\/gaidaphotos\",\"https:\\\/\\\/www.pinterest.com\\\/gaidaphotos\\\/\",\"https:\\\/\\\/www.youtube.com\\\/user\\\/gaidaphotos\"]},{\"@type\":\"Person\",\"@id\":\"https:\\\/\\\/www.gaidaphotos.com\\\/blog\\\/#\\\/schema\\\/person\\\/6c444a5b13ffc503c5c32f5a9ec68b21\",\"name\":\"Thomas\",\"sameAs\":[\"https:\\\/\\\/www.gaidaphotos.com\",\"https:\\\/\\\/www.facebook.com\\\/gaidaphotos\",\"https:\\\/\\\/instagram.com\\\/gaidaphotos\\\/\",\"https:\\\/\\\/www.linkedin.com\\\/in\\\/gaidaphotos\",\"http:\\\/\\\/www.pinterest.com\\\/gaidaphotos\\\/\",\"https:\\\/\\\/x.com\\\/gaidaphotos\",\"https:\\\/\\\/myspace.com\\\/gaidaphotos\",\"https:\\\/\\\/www.youtube.com\\\/user\\\/gaidaphotos\",\"https:\\\/\\\/gaidaphotos.tumblr.com\\\/\"]}]}<\/script>\n<!-- \/ Yoast SEO plugin. -->","yoast_head_json":{"title":"Stapelst\u00fchle bei ebay - K\u00f6ln Rodenkirchen und die Welt","robots":{"index":"index","follow":"follow","max-snippet":"max-snippet:-1","max-image-preview":"max-image-preview:large","max-video-preview":"max-video-preview:-1"},"canonical":"https:\/\/www.gaidaphotos.com\/blog\/2009\/02\/18\/stapelstuehle-bei-ebay\/","og_locale":"de_DE","og_type":"article","og_title":"Stapelst\u00fchle bei ebay - K\u00f6ln Rodenkirchen und die Welt","og_description":"Aktuelles Angebot bei ebay: 84 weisse Stapelst\u00fchle &#8211; Gartenst\u00fchle ab 1 \u20ac ebay Auktion \u00f6ffnen 33 blaue Gartenst\u00fchle &#8211; Stapelst\u00fchle","og_url":"https:\/\/www.gaidaphotos.com\/blog\/2009\/02\/18\/stapelstuehle-bei-ebay\/","og_site_name":"K\u00f6ln Rodenkirchen und die Welt","article_publisher":"https:\/\/www.facebook.com\/Koeln.Rodenkirchen","article_author":"https:\/\/www.facebook.com\/gaidaphotos","article_published_time":"2009-02-18T17:27:03+00:00","article_modified_time":"2012-02-14T16:24:18+00:00","og_image":[{"url":"https:\/\/i1.wp.com\/www.gaidaphotos.com\/blog\/wp-content\/uploads\/2009\/02\/stapelstuhl-weiss-2_resize.jpg?w=255&#038;h=324&#038;ssl=1","type":"","width":"","height":""}],"author":"Thomas","twitter_card":"summary_large_image","twitter_creator":"@gaidaphotos","twitter_site":"@gaidaphotos","twitter_misc":{"Verfasst von":"Thomas"},"schema":{"@context":"https:\/\/schema.org","@graph":[{"@type":"Article","@id":"https:\/\/www.gaidaphotos.com\/blog\/2009\/02\/18\/stapelstuehle-bei-ebay\/#article","isPartOf":{"@id":"https:\/\/www.gaidaphotos.com\/blog\/2009\/02\/18\/stapelstuehle-bei-ebay\/"},"author":{"name":"Thomas","@id":"https:\/\/www.gaidaphotos.com\/blog\/#\/schema\/person\/6c444a5b13ffc503c5c32f5a9ec68b21"},"headline":"Stapelst\u00fchle bei ebay","datePublished":"2009-02-18T17:27:03+00:00","dateModified":"2012-02-14T16:24:18+00:00","mainEntityOfPage":{"@id":"https:\/\/www.gaidaphotos.com\/blog\/2009\/02\/18\/stapelstuehle-bei-ebay\/"},"wordCount":29,"publisher":{"@id":"https:\/\/www.gaidaphotos.com\/blog\/#organization"},"keywords":["Einkaufen\/ Shopping"],"articleSection":["Kaufen-Verkaufen"],"inLanguage":"de"},{"@type":"WebPage","@id":"https:\/\/www.gaidaphotos.com\/blog\/2009\/02\/18\/stapelstuehle-bei-ebay\/","url":"https:\/\/www.gaidaphotos.com\/blog\/2009\/02\/18\/stapelstuehle-bei-ebay\/","name":"Stapelst\u00fchle bei ebay - K\u00f6ln Rodenkirchen und die Welt","isPartOf":{"@id":"https:\/\/www.gaidaphotos.com\/blog\/#website"},"datePublished":"2009-02-18T17:27:03+00:00","dateModified":"2012-02-14T16:24:18+00:00","breadcrumb":{"@id":"https:\/\/www.gaidaphotos.com\/blog\/2009\/02\/18\/stapelstuehle-bei-ebay\/#breadcrumb"},"inLanguage":"de","potentialAction":[{"@type":"ReadAction","target":["https:\/\/www.gaidaphotos.com\/blog\/2009\/02\/18\/stapelstuehle-bei-ebay\/"]}]},{"@type":"BreadcrumbList","@id":"https:\/\/www.gaidaphotos.com\/blog\/2009\/02\/18\/stapelstuehle-bei-ebay\/#breadcrumb","itemListElement":[{"@type":"ListItem","position":1,"name":"Startseite","item":"https:\/\/www.gaidaphotos.com\/blog\/"},{"@type":"ListItem","position":2,"name":"Stapelst\u00fchle bei ebay"}]},{"@type":"WebSite","@id":"https:\/\/www.gaidaphotos.com\/blog\/#website","url":"https:\/\/www.gaidaphotos.com\/blog\/","name":"K\u00f6ln Rodenkirchen und die Welt","description":"Einkaufen, Restaurants, Freizeit, Nachrichten und was uns sonst bewegt und begegnet","publisher":{"@id":"https:\/\/www.gaidaphotos.com\/blog\/#organization"},"potentialAction":[{"@type":"SearchAction","target":{"@type":"EntryPoint","urlTemplate":"https:\/\/www.gaidaphotos.com\/blog\/?s={search_term_string}"},"query-input":{"@type":"PropertyValueSpecification","valueRequired":true,"valueName":"search_term_string"}}],"inLanguage":"de"},{"@type":"Organization","@id":"https:\/\/www.gaidaphotos.com\/blog\/#organization","name":"gaidaphotos","url":"https:\/\/www.gaidaphotos.com\/blog\/","logo":{"@type":"ImageObject","inLanguage":"de","@id":"https:\/\/www.gaidaphotos.com\/blog\/#\/schema\/logo\/image\/","url":"https:\/\/i0.wp.com\/www.gaidaphotos.com\/blog\/wp-content\/uploads\/2020\/07\/GAIDAPHOTOS-COM.jpg?fit=160%2C96&ssl=1","contentUrl":"https:\/\/i0.wp.com\/www.gaidaphotos.com\/blog\/wp-content\/uploads\/2020\/07\/GAIDAPHOTOS-COM.jpg?fit=160%2C96&ssl=1","width":160,"height":96,"caption":"gaidaphotos"},"image":{"@id":"https:\/\/www.gaidaphotos.com\/blog\/#\/schema\/logo\/image\/"},"sameAs":["https:\/\/www.facebook.com\/Koeln.Rodenkirchen","https:\/\/x.com\/gaidaphotos","https:\/\/instagram.com\/gaidaphotos\/","https:\/\/de.linkedin.com\/in\/gaidaphotos","https:\/\/myspace.com\/gaidaphotos","https:\/\/www.pinterest.com\/gaidaphotos\/","https:\/\/www.youtube.com\/user\/gaidaphotos"]},{"@type":"Person","@id":"https:\/\/www.gaidaphotos.com\/blog\/#\/schema\/person\/6c444a5b13ffc503c5c32f5a9ec68b21","name":"Thomas","sameAs":["https:\/\/www.gaidaphotos.com","https:\/\/www.facebook.com\/gaidaphotos","https:\/\/instagram.com\/gaidaphotos\/","https:\/\/www.linkedin.com\/in\/gaidaphotos","http:\/\/www.pinterest.com\/gaidaphotos\/","https:\/\/x.com\/gaidaphotos","https:\/\/myspace.com\/gaidaphotos","https:\/\/www.youtube.com\/user\/gaidaphotos","https:\/\/gaidaphotos.tumblr.com\/"]}]}},"jetpack_publicize_connections":[],"jetpack_featured_media_url":"","jetpack_sharing_enabled":true,"jetpack_likes_enabled":true,"jetpack-related-posts":[{"id":8918,"url":"https:\/\/www.gaidaphotos.com\/blog\/2015\/06\/08\/treffpunkt-playa-de-maternusplatz\/","url_meta":{"origin":108,"position":0},"title":"Treffpunkt Playa de Maternusplatz","author":"Thomas","date":"8. Juni 2015","format":false,"excerpt":"Treffpunkt Rodenkirchen stellt Liegest\u00fchle auf den Maternusplatz Donnerstag Nachmittag wollten wir unseren Augen kaum trauen. Pl\u00f6tzlich standen Liegest\u00fchle auf dem Maternusplatz in Rodenkirchen. Nachdem unser sch\u00f6nes Rheinufer schon als \"K\u00f6lsche Riviera\" bekannt ist, wird jetzt auch der Maternusplatz zum steinernen Strand mit Liegest\u00fchlen. Zu verdanken haben wir das der Aktionsgemeinschaft\u2026","rel":"","context":"In &quot;K\u00f6ln Rodenkirchen Einkaufen&quot;","block_context":{"text":"K\u00f6ln Rodenkirchen Einkaufen","link":"https:\/\/www.gaidaphotos.com\/blog\/category\/koeln-rodenkirchen\/koeln-rodenkirchen-einkaufen\/"},"img":{"alt_text":"","src":"https:\/\/i0.wp.com\/www.gaidaphotos.com\/blog\/wp-content\/uploads\/ngg_featured\/treffpunkt-rodenkirchen-maternusplatz.jpg?fit=768%2C1024&ssl=1&resize=350%2C200","width":350,"height":200,"srcset":"https:\/\/i0.wp.com\/www.gaidaphotos.com\/blog\/wp-content\/uploads\/ngg_featured\/treffpunkt-rodenkirchen-maternusplatz.jpg?fit=768%2C1024&ssl=1&resize=350%2C200 1x, https:\/\/i0.wp.com\/www.gaidaphotos.com\/blog\/wp-content\/uploads\/ngg_featured\/treffpunkt-rodenkirchen-maternusplatz.jpg?fit=768%2C1024&ssl=1&resize=525%2C300 1.5x, https:\/\/i0.wp.com\/www.gaidaphotos.com\/blog\/wp-content\/uploads\/ngg_featured\/treffpunkt-rodenkirchen-maternusplatz.jpg?fit=768%2C1024&ssl=1&resize=700%2C400 2x"},"classes":[]},{"id":7194,"url":"https:\/\/www.gaidaphotos.com\/blog\/2014\/08\/20\/finkens-garten-24-08-2014\/","url_meta":{"origin":108,"position":1},"title":"Finkens Garten: Tag der offenen T\u00fcr 24.08.2014","author":"Thomas","date":"20. August 2014","format":false,"excerpt":"Tag der offenen T\u00fcr in Finkens Garten Naturerlebnis f\u00fcr Jung und Alt beim Tag der offenen T\u00fcr in Finkens Garten in K\u00f6ln-Rodenkirchen am 24.08.2014 Der Naturerlebnispark \"Finkens Garten\" in Rodenkirchen hat f\u00fcr den letzten Sonntag im August 2014 ein umfangreiches, familienfreundliches Programm zusammen gestellt. Wiesenlabyrinth, Barfu\u00dfpfad und Klang- und Nasengarten,\u2026","rel":"","context":"In &quot;K\u00f6ln Rodenkirchen Freizeit&quot;","block_context":{"text":"K\u00f6ln Rodenkirchen Freizeit","link":"https:\/\/www.gaidaphotos.com\/blog\/category\/koeln-rodenkirchen\/koeln-rodenkirchen-freizeit\/"},"img":{"alt_text":"","src":"https:\/\/i0.wp.com\/www.gaidaphotos.com\/blog\/wp-content\/uploads\/ngg_featured\/finkens-garten-rodenkirchen-blumengarten-03.jpg?fit=683%2C1024&ssl=1&resize=350%2C200","width":350,"height":200,"srcset":"https:\/\/i0.wp.com\/www.gaidaphotos.com\/blog\/wp-content\/uploads\/ngg_featured\/finkens-garten-rodenkirchen-blumengarten-03.jpg?fit=683%2C1024&ssl=1&resize=350%2C200 1x, https:\/\/i0.wp.com\/www.gaidaphotos.com\/blog\/wp-content\/uploads\/ngg_featured\/finkens-garten-rodenkirchen-blumengarten-03.jpg?fit=683%2C1024&ssl=1&resize=525%2C300 1.5x"},"classes":[]},{"id":9457,"url":"https:\/\/www.gaidaphotos.com\/blog\/2016\/08\/16\/sommerzauber-auf-dem-maternusplatz-2016\/","url_meta":{"origin":108,"position":2},"title":"Sommerzauber auf dem Maternusplatz 2016","author":"Thomas","date":"16. August 2016","format":false,"excerpt":"\u00a0 Kinderunterhaltung auf dem Maternusplatz in den Sommerferien 2016 Unter den Motto \u201cSommerzauber auf dem Maternusplatz\u201d unterhalten die Zauberin ALISSA ALADINO und ihre Helfer am Mittwoch dem 9., 16. und 23. August 2016 Kinder und Junggebliebene auf dem Maternusplatz. Jeweils ab 16:00h k\u00f6nnen Sie sich in der Ortsmitte von Rodenkirchen\u2026","rel":"","context":"In &quot;K\u00f6ln Rodenkirchen Freizeit&quot;","block_context":{"text":"K\u00f6ln Rodenkirchen Freizeit","link":"https:\/\/www.gaidaphotos.com\/blog\/category\/koeln-rodenkirchen\/koeln-rodenkirchen-freizeit\/"},"img":{"alt_text":"","src":"https:\/\/i0.wp.com\/www.gaidaphotos.com\/blog\/wp-content\/uploads\/ngg_featured\/sommerzauber-maternusplatz-2016-01.jpg?fit=1024%2C700&ssl=1&resize=350%2C200","width":350,"height":200,"srcset":"https:\/\/i0.wp.com\/www.gaidaphotos.com\/blog\/wp-content\/uploads\/ngg_featured\/sommerzauber-maternusplatz-2016-01.jpg?fit=1024%2C700&ssl=1&resize=350%2C200 1x, https:\/\/i0.wp.com\/www.gaidaphotos.com\/blog\/wp-content\/uploads\/ngg_featured\/sommerzauber-maternusplatz-2016-01.jpg?fit=1024%2C700&ssl=1&resize=525%2C300 1.5x, https:\/\/i0.wp.com\/www.gaidaphotos.com\/blog\/wp-content\/uploads\/ngg_featured\/sommerzauber-maternusplatz-2016-01.jpg?fit=1024%2C700&ssl=1&resize=700%2C400 2x"},"classes":[]},{"id":1720,"url":"https:\/\/www.gaidaphotos.com\/blog\/2009\/06\/23\/traditional-hippie-convention-burg-herzberg-festival-2009\/","url_meta":{"origin":108,"position":3},"title":"Traditional Hippie Convention \u2013 Burg Herzberg Festival 2009 Tickets &#038; Info!","author":"Thomas","date":"23. Juni 2009","format":false,"excerpt":"Hippie Convention Burg Herzberg Burg Herzberg Festival Traditional Hippie Convention 2009 vom 16.07. - 19.07.2009 \"Das deutsche Woodstock!\" \"Wem Riesentheater wie \"Rock am Ring\" zu stressig und zu teuer sind, hat heute gl\u00fccklicherweise die M\u00f6glichkeit, eine Vielzahl kleiner, aber feiner Festivals zu besuchen - oft mit einem qualititiv besseren und\u2026","rel":"","context":"In &quot;Kaufen-Verkaufen&quot;","block_context":{"text":"Kaufen-Verkaufen","link":"https:\/\/www.gaidaphotos.com\/blog\/category\/kaufen-verkaufen\/"},"img":{"alt_text":"","src":"https:\/\/i0.wp.com\/www.gaidaphotos.com\/blog\/wp-content\/uploads\/2009\/06\/traditional-hippie-convention.jpg?resize=350%2C200&ssl=1","width":350,"height":200},"classes":[]},{"id":1684,"url":"https:\/\/www.gaidaphotos.com\/blog\/2009\/06\/19\/rodenkirchener-sommertage-fortschritt\/","url_meta":{"origin":108,"position":4},"title":"Rodenkirchener Sommertage: Fortschritt!","author":"Thomas","date":"19. Juni 2009","format":false,"excerpt":"Das Stra\u00dfenfest in K\u00f6ln Rodenkirchen nimmt Formen an. Ob zum Einkaufen und\/oder Freizeit ist ab Samstag in K\u00f6ln Rodenkirchen Gelegenheit genug.Das Karussell, die B\u00fchne und Tische und St\u00fchle sind aufgebaut. Bierst\u00e4nde und \u00f6ffentliches WC ebenfalls. Jetzt kann`s losgehen. Rodenkirchen im Hollywoodfieber - Sa. So. 20.-21. Juni 2009 in K\u00f6ln Rodenkirchen.\u2026","rel":"","context":"In &quot;17&quot;","block_context":{"text":"17","link":"https:\/\/www.gaidaphotos.com\/blog\/category\/mobile_news_von_unterwegs\/mobile_news_von_unterwegs-n95\/"},"img":{"alt_text":"","src":"","width":0,"height":0},"classes":[]},{"id":3623,"url":"https:\/\/www.gaidaphotos.com\/blog\/2011\/08\/22\/strassenfest-verkaufsoffener-sonntag-28-8-2011-in-koeln\/","url_meta":{"origin":108,"position":5},"title":"Stra\u00dfenfest Verkaufsoffener Sonntag 28.8.2011 in K\u00f6ln?","author":"Thomas","date":"22. August 2011","format":false,"excerpt":"Stra\u00dfenfest Verkaufsoffener Sonntag 28.8.2011 in K\u00f6ln? In welchem K\u00f6lner Veedel oder Stadteil ist am 28.08.2011 verkaufsoffener Sonntag? Durch die sp\u00e4ten Sommerferien in NRW in diesem Jahr liegt auch K\u00f6ln noch im M\u00e4rchenschlaf. Erst am kommenden Wochenende k\u00f6nnen wir auch am heiligen Sonntag wieder nach Herzenslust shoppen gehen. Am 28.08.2011 ist\u2026","rel":"","context":"In &quot;Verkaufsoffener Sonntag K\u00f6ln NRW&quot;","block_context":{"text":"Verkaufsoffener Sonntag K\u00f6ln NRW","link":"https:\/\/www.gaidaphotos.com\/blog\/category\/kalender-archiv\/verkaufsoffener-sonntag-koln-nrw\/"},"img":{"alt_text":"","src":"https:\/\/www.gaidaphotos.com\/blog\/wp-content\/uploads\/2020\/08\/nggallery_import\/82_","width":350,"height":200,"srcset":"https:\/\/www.gaidaphotos.com\/blog\/wp-content\/uploads\/2020\/08\/nggallery_import\/82_ 1x, https:\/\/www.gaidaphotos.com\/blog\/wp-content\/uploads\/2020\/08\/nggallery_import\/82_ 1.5x, https:\/\/www.gaidaphotos.com\/blog\/wp-content\/uploads\/2020\/08\/nggallery_import\/82_ 2x"},"classes":[]}],"_links":{"self":[{"href":"https:\/\/www.gaidaphotos.com\/blog\/wp-json\/wp\/v2\/posts\/108","targetHints":{"allow":["GET"]}}],"collection":[{"href":"https:\/\/www.gaidaphotos.com\/blog\/wp-json\/wp\/v2\/posts"}],"about":[{"href":"https:\/\/www.gaidaphotos.com\/blog\/wp-json\/wp\/v2\/types\/post"}],"author":[{"embeddable":true,"href":"https:\/\/www.gaidaphotos.com\/blog\/wp-json\/wp\/v2\/users\/6"}],"replies":[{"embeddable":true,"href":"https:\/\/www.gaidaphotos.com\/blog\/wp-json\/wp\/v2\/comments?post=108"}],"version-history":[{"count":0,"href":"https:\/\/www.gaidaphotos.com\/blog\/wp-json\/wp\/v2\/posts\/108\/revisions"}],"wp:attachment":[{"href":"https:\/\/www.gaidaphotos.com\/blog\/wp-json\/wp\/v2\/media?parent=108"}],"wp:term":[{"taxonomy":"category","embeddable":true,"href":"https:\/\/www.gaidaphotos.com\/blog\/wp-json\/wp\/v2\/categories?post=108"},{"taxonomy":"post_tag","embeddable":true,"href":"https:\/\/www.gaidaphotos.com\/blog\/wp-json\/wp\/v2\/tags?post=108"}],"curies":[{"name":"wp","href":"https:\/\/api.w.org\/{rel}","templated":true}]}}