{"id":117,"date":"2009-02-23T20:45:54","date_gmt":"2009-02-23T18:45:54","guid":{"rendered":"http:\/\/gaidaphotos.com\/blog\/?p=117"},"modified":"2019-12-11T17:00:45","modified_gmt":"2019-12-11T16:00:45","slug":"heinz-erhardt-humor","status":"publish","type":"post","link":"https:\/\/www.gaidaphotos.com\/blog\/2009\/02\/23\/heinz-erhardt-humor\/","title":{"rendered":"Zum 100. Geburtstag von Heinz Erhardt"},"content":{"rendered":"<figure id=\"attachment_82\" aria-describedby=\"caption-attachment-82\" style=\"width: 199px\" class=\"wp-caption alignleft\"><a title=\"lizenzfrei foto fotoarchiv bild bildsammlung\" href=\"https:\/\/www.gaidaphotos.com\/\"><img data-recalc-dims=\"1\" loading=\"lazy\" decoding=\"async\" class=\"size-full wp-image-82\" title=\"Heinz Erhardt, Spr\u00fcche, Reime, Gedichte, Humor Aphorismen\" src=\"https:\/\/i0.wp.com\/www.gaidaphotos.com\/humor\/bilder\/lauefer.jpg?resize=199%2C300&#038;ssl=1\" alt=\"Heinz Erhardt, Spr\u00fcche, Reime, Gedichte, Humor Aphorismen\" width=\"199\" height=\"300\"><\/a><figcaption id=\"caption-attachment-82\" class=\"wp-caption-text\">L\u00e4ufer<\/figcaption><\/figure>\n<p>Auch wir gratulieren<strong> Heinz Erhardt zum 100. Geburtstag<\/strong> mit einer kleinen Auswahl an Aphorismen, Spr\u00fcchen, Gedichten, Reime und anderen Beispielen seines wundervollen Humors.<\/p>\n<p>Damit beginnen wir eine neue Reihe von Spr\u00fcchen, Gedichten, Zitaten, Versen und Reimen bekannter und (leider) unbekannten deutschen Humoristen und Dichtern.<\/p>\n<p>Wir danken <a title=\"lizenzfreie Fotos fotoarchiv royalty free photo\" href=\"https:\/\/www.gaidaphotos.com\/\">www.gaidaphotos.com<\/a> f\u00fcr die zur Verf\u00fcgungstellung der Fotos.<\/p>\n<h1>Heinz Erhardt Spr\u00fcche, Reime, Gedichte, Humor und Aphorismen<\/h1>\n<p>&#8222;Als ich geboren wurde, war ich noch sehr jung&#8220;<\/p>\n<p>&#8222;Ich habe die Muttersprache mit den Kindesbeinen eingesogen.&#8220;<\/p>\n<p>&#8222;Das ewige Schwimmen gegen den Strom wird noch einmal der Nagel zu meinem letzten Atemzug.&#8220;<\/p>\n<p>&#8222;Wenn schon Nietzsche sagt, das zum Leben drei Dinge geh\u00f6ren, m\u00e4nnlich Geld, Geld und Geld, so m\u00f6chte ich diesen klugen Satz dahin erweitern, dass zum Leben vier Dinge geh\u00f6ren, n\u00e4mlich Geld, Geld, Geld und Geld.&#8220;<\/p>\n<p>&#8222;Auch die Sonne hat ihre Flecken.&#8220;<\/p>\n<p>&#8222;Ich bin ein richtiger Pechpilz. Niemals f\u00e4llt mir das kleinste Schwein in den Scho\u00df.&#8220;<\/p>\n<p>&#8222;Wer den Schaden hat, spottet jeder Beschreibung.&#8220;<\/p>\n<h2><a href=\"https:\/\/www.gaidaphotos.com\/\"><img data-recalc-dims=\"1\" loading=\"lazy\" decoding=\"async\" class=\"size-full wp-image-84 alignright\" title=\"Heinz Erhardt, Spr\u00fcche, Reime, Gedichte, Humor Aphorismen\" src=\"https:\/\/i0.wp.com\/gaidaphotos.wordpress.com\/files\/2009\/02\/frosch_resize.jpg?resize=200%2C300&#038;ssl=1\" alt=\"Heinz Erhardt, Spr\u00fcche, Reime, Gedichte, Humor Aphorismen\" width=\"200\" height=\"300\"><\/a><\/h2>\n<h2>Zwei Kr\u00f6ten<\/h2>\n<p>Zwei Kr\u00f6ten weiblichen Geschlechts<br \/>\nlustwandeln durch die Heide.<br \/>\nDie eine links, die andere rechts,<br \/>\nund Warzen haben beide.<\/p>\n<p>Doch trotz der Warzen gehen sie<br \/>\nvergn\u00fcglich ihrer Wege<br \/>\nund lachen heimlich \u00fcber die<br \/>\nmoderne Sch\u00f6nheitspflege.<\/p>\n<p>&#8222;Es hat keinen Sinn den Brunnen zuzusch\u00fctten, wenn das Kind verbrannt ist,&#8220;<\/p>\n<p>&#8222;Man darf im Leben nichts auslassen, au\u00dfer Butter.&#8220;<\/p>\n<p>&#8222;Bei manchen Menschen geht alles schnell zum einen Ohr rein und zum anderen raus &#8211; die haben auch nicht viel dazwischen.&#8220;<\/p>\n<figure id=\"attachment_85\" aria-describedby=\"caption-attachment-85\" style=\"width: 200px\" class=\"wp-caption alignleft\"><a title=\"lizenzfrei foto fotoarchiv bild bildsammlung\" href=\"https:\/\/www.gaidaphotos.com\/\"><img data-recalc-dims=\"1\" loading=\"lazy\" decoding=\"async\" class=\"size-full wp-image-85\" title=\"Heinz Erhardt, Spr\u00fcche, Reime, Gedichte, Humor Aphorismen\" src=\"https:\/\/i0.wp.com\/www.gaidaphotos.com\/humor\/bilder\/bratwurst.jpg?resize=200%2C300&#038;ssl=1\" alt=\"Heinz Erhardt, Spr\u00fcche, Reime, Gedichte, Humor Aphorismen\" width=\"200\" height=\"300\"><\/a><figcaption id=\"caption-attachment-85\" class=\"wp-caption-text\">Bratwurst<\/figcaption><\/figure>\n<p>&#8222;Solange es Haare gibt, liegen sich die Menschen in denselben.&#8220;<\/p>\n<p>&#8222;Das Ei darf nicht kl\u00fcger sein als Kolumbus.&#8220;<\/p>\n<p>&#8222;Bei glatten Stra\u00dfem mu\u00df man sechzehn geben &#8211; Also doppelt acht.&#8220;<\/p>\n<p><strong>Das Fenster<\/strong><\/p>\n<p>Es traf sich so, da\u00df sie sich trafen.<br \/>\nEr fragte, ob &#8212;, sie sagte: &#8222;Nein,<br \/>\nes geht nicht, meine Eltern schlafen!&#8220;<br \/>\nDann lie\u00df&#8216; sie ihn zum Fenster `rein.<\/p>\n<p>Es zog durch&#8217;s Fenster &#8230; Nun, man schlo\u00df es &#8230;<br \/>\nNun zog es nicht mehr &#8230; Man geno\u00df es &#8230;<\/p>\n<p>Doch als sie seufzte: &#8222;Lieber Gangster,<br \/>\nwir sind verlobt, jetzt bist Du mein&#8220;,<br \/>\nda sprang er auf und schlug das Fenster<br \/>\nund dann den Weg nach Hause ein.<\/p>\n<figure id=\"attachment_87\" aria-describedby=\"caption-attachment-87\" style=\"width: 199px\" class=\"wp-caption alignright\"><a title=\"lizenzfrei foto fotoarchiv bild bildsammlung\" href=\"https:\/\/www.gaidaphotos.com\/\" target=\"_blank\" rel=\"noopener noreferrer\"><img data-recalc-dims=\"1\" loading=\"lazy\" decoding=\"async\" class=\"size-full wp-image-87\" style=\"margin: 5px;\" title=\"Heinz Erhardt, Spr\u00fcche, Reime, Gedichte, Humor Aphorismen\" src=\"https:\/\/i0.wp.com\/www.gaidaphotos.com\/humor\/bilder\/kuss-mund.jpg?resize=199%2C300&#038;ssl=1\" alt=\"Heinz Erhardt, Spr\u00fcche, Reime, Gedichte, Humor Aphorismen\" width=\"199\" height=\"300\"><\/a><figcaption id=\"caption-attachment-87\" class=\"wp-caption-text\">Kuss-Mund<\/figcaption><\/figure>\n<h2>Sch\u00fcttelreime<\/h2>\n<p>Im Juli gibt es hei\u00dfe N\u00e4chte,<br \/>\ndann f\u00e4ngt man in der Nei\u00dfe Hechte.<\/p>\n<p>Ich kann nichts daf\u00fcr, da\u00df der Mond schon scheint,<br \/>\nund da\u00df nicht der Mond seinen Mondschein schont,<br \/>\nund da\u00df Frau Adele im Wohnheim weint,<br \/>\nweil sie nicht wie fr\u00fcher im Weinheim wohnt.<\/p>\n<p>Nur Wasser trinkt der Vierbeiner,<br \/>\nder Mensch, der findet Bier feiner.<\/p>\n<h2><a title=\"lizenzfrei foto fotoarchiv bild bildsammlung\" href=\"https:\/\/www.gaidaphotos.com\/\"><img data-recalc-dims=\"1\" loading=\"lazy\" decoding=\"async\" style=\"margin: 5px;\" title=\"Heinz Erhardt, Spr\u00fcche, Reime, Gedichte, Humor Aphorismen\" src=\"https:\/\/i0.wp.com\/www.gaidaphotos.com\/humor\/bilder\/wohnwagen.jpg?resize=200%2C300&#038;ssl=1\" alt=\"Heinz Erhardt, Spr\u00fcche, Reime, Gedichte, Humor Aphorismen\" width=\"200\" height=\"300\"><\/a><\/h2>\n<h2>Ritter Fips und die Jungfrau<\/h2>\n<p>Bei jedem Wetter, auch beim Sturme,<br \/>\nrief man es mehrmals laut vom Turme:<br \/>\n&#8222;H\u00f6rt, Leute, was wir Euch verk\u00fcnden:<br \/>\nFips will eine Familie gr\u00fcnden!<br \/>\nDrum w\u00fcnscht und hofft er, da\u00df in B\u00e4lde<br \/>\nsich eine Jungfrau bei ihm melde!&#8220;<\/p>\n<p>Es hub ein Suchen an und Sp\u00e4hen<br \/>\ndoch keine Jungfrau war zu sehen.<br \/>\nDie einzige, die man gefunden,<br \/>\nwurd grad von einem Kind entbunden.<\/p>\n<p><em>Schlu\u00dffolgerung:<\/em><\/p>\n<p>Will jemand eine Jungfrau frein,<br \/>\ndarf er nicht so penibel sein.<\/p>\n<figure style=\"width: 300px\" class=\"wp-caption alignright\"><a title=\"lizenzfrei foto fotoarchiv bild bildsammlung\" href=\"https:\/\/www.gaidaphotos.com\/\"><img data-recalc-dims=\"1\" loading=\"lazy\" decoding=\"async\" title=\"Heinz Erhardt, Spr\u00fcche, Reime, Gedichte, Humor Aphorismen\" src=\"https:\/\/i0.wp.com\/www.gaidaphotos.com\/humor\/bilder\/jungle-out-there.jpg?resize=300%2C225&#038;ssl=1\" alt=\"Heinz Erhardt, Spr\u00fcche, Reime, Gedichte, Humor Aphorismen\" width=\"300\" height=\"225\"><\/a><figcaption class=\"wp-caption-text\">It's a jungle out there!<\/figcaption><\/figure>\n<p>&#8222;Ich rede mir nicht ein, den Stein der Weisen wachsen zu h\u00f6ren.&#8220;<\/p>\n<p>Manchmal kommt man mit einem blauen Auge davon, da\u00df man einem anderen geschlagen hat.&#8220;<\/p>\n<p>&#8222;Es darf kein \u00c4u\u00dferstes geben, zu dem wir nicht entschlossen w\u00e4ren, und keine Lauer, auf der wir nicht l\u00e4gen.&#8220;<\/p>\n<p>&#8222;Ein blindes Huhn bekommt auch mal ein Gerstenkorn und hat dann keine Lust die Flinte in dasselbe zu werfen.&#8220;<\/p>\n<h2>Alte Weisheit<\/h2>\n<figure style=\"width: 224px\" class=\"wp-caption alignleft\"><a title=\"lizenzfrei foto fotoarchiv bild bildsammlung\" href=\"https:\/\/www.gaidaphotos.com\/\"><img data-recalc-dims=\"1\" loading=\"lazy\" decoding=\"async\" title=\"Heinz Erhardt, Spr\u00fcche, Reime, Gedichte, Humor Aphorismen\" src=\"https:\/\/i0.wp.com\/www.gaidaphotos.com\/humor\/bilder\/drinks.jpg?resize=224%2C300&#038;ssl=1\" alt=\"Heinz Erhardt, Spr\u00fcche, Reime, Gedichte, Humor Aphorismen\" width=\"224\" height=\"300\"><\/a><figcaption class=\"wp-caption-text\">Drinks<\/figcaption><\/figure>\n<p>&#8220; &#8217;s ist schlimm, wenn man alt wird&#8220;, das Alter spricht,&#8220;aber schlimmer ist es, man wird es nicht.&#8220;<\/p>\n<h2>Dort bin ich<\/h2>\n<p>Wi\u00dft Ihr, wo ihr mich stets im Urlaub find&#8217;t?<br \/>\nNur immer dort, wo frohe Menschen sind!<br \/>\nWo auch mal Wind die Birkenb\u00e4ume biegt,<br \/>\nund wo man auch s o n n t a g s frische Br\u00f6tchen kriegt!<\/p>\n<p>&#8222;Viele Menschen haben sich ihre eingebrockte Suppe selbst zuzuschreiben.&#8220;<\/p>\n<p>&#8222;Ein Stabhochspriger ist kein Hochstapler und eine Hebamme, keine Empfangsdame.&#8220;<\/p>\n<p>&#8222;Der schl\u00e4ft gut, der nicht wei\u00df, wie schlecht er schl\u00e4ft.&#8220;<\/p>\n<p><strong>&#8222;Noch zwei Tage und das Morgen hat vor 24h begonnen.&#8220;<\/strong><\/p>\n<p>&#8222;Seine sie nicht so kindisch, Albermann.&#8220;<\/p>\n<h1>Lieber Heinz Erhardt, alles Gute zu Ihrem Geburtstag! Ihre  Spr\u00fcche, Reime, Gedichte, Aphorismen und Ihr Humor wir uns noch lange freuen.<\/h1>\n","protected":false},"excerpt":{"rendered":"<p>Auch wir gratulieren Heinz Erhardt zum 100. Geburtstag mit einer kleinen Auswahl an Aphorismen, Spr\u00fcchen, Gedichten, Reime und anderen Beispielen seines wundervollen Humors.<\/p>\n","protected":false},"author":6,"featured_media":0,"comment_status":"closed","ping_status":"open","sticky":false,"template":"","format":"standard","meta":{"_crdt_document":"","ngg_post_thumbnail":0,"jetpack_post_was_ever_published":false,"_jetpack_newsletter_access":"","_jetpack_dont_email_post_to_subs":false,"_jetpack_newsletter_tier_id":0,"_jetpack_memberships_contains_paywalled_content":false,"_jetpack_memberships_contains_paid_content":false,"footnotes":"","jetpack_publicize_message":"","jetpack_publicize_feature_enabled":true,"jetpack_social_post_already_shared":false,"jetpack_social_options":{"image_generator_settings":{"template":"highway","default_image_id":0,"font":"","enabled":false},"version":2}},"categories":[33],"tags":[34,35,36,37],"class_list":["post-117","post","type-post","status-publish","format-standard","hentry","category-humor","tag-gedichte","tag-heinz-erhardt","tag-humor-aphorismen","tag-reime"],"yoast_head":"<!-- This site is optimized with the Yoast SEO plugin v27.5 - https:\/\/yoast.com\/product\/yoast-seo-wordpress\/ -->\n<title>Zum 100. Geburtstag von Heinz Erhardt - K\u00f6ln Rodenkirchen und die Welt<\/title>\n<meta name=\"robots\" content=\"index, follow, max-snippet:-1, max-image-preview:large, max-video-preview:-1\" \/>\n<link rel=\"canonical\" href=\"https:\/\/www.gaidaphotos.com\/blog\/2009\/02\/23\/heinz-erhardt-humor\/\" \/>\n<meta property=\"og:locale\" content=\"de_DE\" \/>\n<meta property=\"og:type\" content=\"article\" \/>\n<meta property=\"og:title\" content=\"Zum 100. Geburtstag von Heinz Erhardt - K\u00f6ln Rodenkirchen und die Welt\" \/>\n<meta property=\"og:description\" content=\"Auch wir gratulieren Heinz Erhardt zum 100. Geburtstag mit einer kleinen Auswahl an Aphorismen, Spr\u00fcchen, Gedichten, Reime und anderen Beispielen seines wundervollen Humors.\" \/>\n<meta property=\"og:url\" content=\"https:\/\/www.gaidaphotos.com\/blog\/2009\/02\/23\/heinz-erhardt-humor\/\" \/>\n<meta property=\"og:site_name\" content=\"K\u00f6ln Rodenkirchen und die Welt\" \/>\n<meta property=\"article:publisher\" content=\"https:\/\/www.facebook.com\/Koeln.Rodenkirchen\" \/>\n<meta property=\"article:author\" content=\"https:\/\/www.facebook.com\/gaidaphotos\" \/>\n<meta property=\"article:published_time\" content=\"2009-02-23T18:45:54+00:00\" \/>\n<meta property=\"article:modified_time\" content=\"2019-12-11T16:00:45+00:00\" \/>\n<meta property=\"og:image\" content=\"https:\/\/www.gaidaphotos.com\/humor\/bilder\/lauefer.jpg\" \/>\n<meta name=\"author\" content=\"Thomas\" \/>\n<meta name=\"twitter:card\" content=\"summary_large_image\" \/>\n<meta name=\"twitter:creator\" content=\"@gaidaphotos\" \/>\n<meta name=\"twitter:site\" content=\"@gaidaphotos\" \/>\n<meta name=\"twitter:label1\" content=\"Verfasst von\" \/>\n\t<meta name=\"twitter:data1\" content=\"Thomas\" \/>\n\t<meta name=\"twitter:label2\" content=\"Gesch\u00e4tzte Lesezeit\" \/>\n\t<meta name=\"twitter:data2\" content=\"4\u00a0Minuten\" \/>\n<script type=\"application\/ld+json\" class=\"yoast-schema-graph\">{\"@context\":\"https:\\\/\\\/schema.org\",\"@graph\":[{\"@type\":\"Article\",\"@id\":\"https:\\\/\\\/www.gaidaphotos.com\\\/blog\\\/2009\\\/02\\\/23\\\/heinz-erhardt-humor\\\/#article\",\"isPartOf\":{\"@id\":\"https:\\\/\\\/www.gaidaphotos.com\\\/blog\\\/2009\\\/02\\\/23\\\/heinz-erhardt-humor\\\/\"},\"author\":{\"name\":\"Thomas\",\"@id\":\"https:\\\/\\\/www.gaidaphotos.com\\\/blog\\\/#\\\/schema\\\/person\\\/6c444a5b13ffc503c5c32f5a9ec68b21\"},\"headline\":\"Zum 100. Geburtstag von Heinz Erhardt\",\"datePublished\":\"2009-02-23T18:45:54+00:00\",\"dateModified\":\"2019-12-11T16:00:45+00:00\",\"mainEntityOfPage\":{\"@id\":\"https:\\\/\\\/www.gaidaphotos.com\\\/blog\\\/2009\\\/02\\\/23\\\/heinz-erhardt-humor\\\/\"},\"wordCount\":762,\"publisher\":{\"@id\":\"https:\\\/\\\/www.gaidaphotos.com\\\/blog\\\/#organization\"},\"image\":{\"@id\":\"https:\\\/\\\/www.gaidaphotos.com\\\/blog\\\/2009\\\/02\\\/23\\\/heinz-erhardt-humor\\\/#primaryimage\"},\"thumbnailUrl\":\"https:\\\/\\\/www.gaidaphotos.com\\\/humor\\\/bilder\\\/lauefer.jpg\",\"keywords\":[\"Gedichte\",\"Heinz Erhardt\",\"Humor Aphorismen\",\"Reime\"],\"articleSection\":[\"Humor\"],\"inLanguage\":\"de\"},{\"@type\":\"WebPage\",\"@id\":\"https:\\\/\\\/www.gaidaphotos.com\\\/blog\\\/2009\\\/02\\\/23\\\/heinz-erhardt-humor\\\/\",\"url\":\"https:\\\/\\\/www.gaidaphotos.com\\\/blog\\\/2009\\\/02\\\/23\\\/heinz-erhardt-humor\\\/\",\"name\":\"Zum 100. Geburtstag von Heinz Erhardt - K\u00f6ln Rodenkirchen und die Welt\",\"isPartOf\":{\"@id\":\"https:\\\/\\\/www.gaidaphotos.com\\\/blog\\\/#website\"},\"primaryImageOfPage\":{\"@id\":\"https:\\\/\\\/www.gaidaphotos.com\\\/blog\\\/2009\\\/02\\\/23\\\/heinz-erhardt-humor\\\/#primaryimage\"},\"image\":{\"@id\":\"https:\\\/\\\/www.gaidaphotos.com\\\/blog\\\/2009\\\/02\\\/23\\\/heinz-erhardt-humor\\\/#primaryimage\"},\"thumbnailUrl\":\"https:\\\/\\\/www.gaidaphotos.com\\\/humor\\\/bilder\\\/lauefer.jpg\",\"datePublished\":\"2009-02-23T18:45:54+00:00\",\"dateModified\":\"2019-12-11T16:00:45+00:00\",\"breadcrumb\":{\"@id\":\"https:\\\/\\\/www.gaidaphotos.com\\\/blog\\\/2009\\\/02\\\/23\\\/heinz-erhardt-humor\\\/#breadcrumb\"},\"inLanguage\":\"de\",\"potentialAction\":[{\"@type\":\"ReadAction\",\"target\":[\"https:\\\/\\\/www.gaidaphotos.com\\\/blog\\\/2009\\\/02\\\/23\\\/heinz-erhardt-humor\\\/\"]}]},{\"@type\":\"ImageObject\",\"inLanguage\":\"de\",\"@id\":\"https:\\\/\\\/www.gaidaphotos.com\\\/blog\\\/2009\\\/02\\\/23\\\/heinz-erhardt-humor\\\/#primaryimage\",\"url\":\"https:\\\/\\\/www.gaidaphotos.com\\\/humor\\\/bilder\\\/lauefer.jpg\",\"contentUrl\":\"https:\\\/\\\/www.gaidaphotos.com\\\/humor\\\/bilder\\\/lauefer.jpg\"},{\"@type\":\"BreadcrumbList\",\"@id\":\"https:\\\/\\\/www.gaidaphotos.com\\\/blog\\\/2009\\\/02\\\/23\\\/heinz-erhardt-humor\\\/#breadcrumb\",\"itemListElement\":[{\"@type\":\"ListItem\",\"position\":1,\"name\":\"Startseite\",\"item\":\"https:\\\/\\\/www.gaidaphotos.com\\\/blog\\\/\"},{\"@type\":\"ListItem\",\"position\":2,\"name\":\"Zum 100. Geburtstag von Heinz Erhardt\"}]},{\"@type\":\"WebSite\",\"@id\":\"https:\\\/\\\/www.gaidaphotos.com\\\/blog\\\/#website\",\"url\":\"https:\\\/\\\/www.gaidaphotos.com\\\/blog\\\/\",\"name\":\"K\u00f6ln Rodenkirchen und die Welt\",\"description\":\"Einkaufen, Restaurants, Freizeit, Nachrichten und was uns sonst bewegt und begegnet\",\"publisher\":{\"@id\":\"https:\\\/\\\/www.gaidaphotos.com\\\/blog\\\/#organization\"},\"potentialAction\":[{\"@type\":\"SearchAction\",\"target\":{\"@type\":\"EntryPoint\",\"urlTemplate\":\"https:\\\/\\\/www.gaidaphotos.com\\\/blog\\\/?s={search_term_string}\"},\"query-input\":{\"@type\":\"PropertyValueSpecification\",\"valueRequired\":true,\"valueName\":\"search_term_string\"}}],\"inLanguage\":\"de\"},{\"@type\":\"Organization\",\"@id\":\"https:\\\/\\\/www.gaidaphotos.com\\\/blog\\\/#organization\",\"name\":\"gaidaphotos\",\"url\":\"https:\\\/\\\/www.gaidaphotos.com\\\/blog\\\/\",\"logo\":{\"@type\":\"ImageObject\",\"inLanguage\":\"de\",\"@id\":\"https:\\\/\\\/www.gaidaphotos.com\\\/blog\\\/#\\\/schema\\\/logo\\\/image\\\/\",\"url\":\"https:\\\/\\\/i0.wp.com\\\/www.gaidaphotos.com\\\/blog\\\/wp-content\\\/uploads\\\/2020\\\/07\\\/GAIDAPHOTOS-COM.jpg?fit=160%2C96&ssl=1\",\"contentUrl\":\"https:\\\/\\\/i0.wp.com\\\/www.gaidaphotos.com\\\/blog\\\/wp-content\\\/uploads\\\/2020\\\/07\\\/GAIDAPHOTOS-COM.jpg?fit=160%2C96&ssl=1\",\"width\":160,\"height\":96,\"caption\":\"gaidaphotos\"},\"image\":{\"@id\":\"https:\\\/\\\/www.gaidaphotos.com\\\/blog\\\/#\\\/schema\\\/logo\\\/image\\\/\"},\"sameAs\":[\"https:\\\/\\\/www.facebook.com\\\/Koeln.Rodenkirchen\",\"https:\\\/\\\/x.com\\\/gaidaphotos\",\"https:\\\/\\\/instagram.com\\\/gaidaphotos\\\/\",\"https:\\\/\\\/de.linkedin.com\\\/in\\\/gaidaphotos\",\"https:\\\/\\\/myspace.com\\\/gaidaphotos\",\"https:\\\/\\\/www.pinterest.com\\\/gaidaphotos\\\/\",\"https:\\\/\\\/www.youtube.com\\\/user\\\/gaidaphotos\"]},{\"@type\":\"Person\",\"@id\":\"https:\\\/\\\/www.gaidaphotos.com\\\/blog\\\/#\\\/schema\\\/person\\\/6c444a5b13ffc503c5c32f5a9ec68b21\",\"name\":\"Thomas\",\"sameAs\":[\"https:\\\/\\\/www.gaidaphotos.com\",\"https:\\\/\\\/www.facebook.com\\\/gaidaphotos\",\"https:\\\/\\\/instagram.com\\\/gaidaphotos\\\/\",\"https:\\\/\\\/www.linkedin.com\\\/in\\\/gaidaphotos\",\"http:\\\/\\\/www.pinterest.com\\\/gaidaphotos\\\/\",\"https:\\\/\\\/x.com\\\/gaidaphotos\",\"https:\\\/\\\/myspace.com\\\/gaidaphotos\",\"https:\\\/\\\/www.youtube.com\\\/user\\\/gaidaphotos\",\"https:\\\/\\\/gaidaphotos.tumblr.com\\\/\"]}]}<\/script>\n<!-- \/ Yoast SEO plugin. -->","yoast_head_json":{"title":"Zum 100. Geburtstag von Heinz Erhardt - K\u00f6ln Rodenkirchen und die Welt","robots":{"index":"index","follow":"follow","max-snippet":"max-snippet:-1","max-image-preview":"max-image-preview:large","max-video-preview":"max-video-preview:-1"},"canonical":"https:\/\/www.gaidaphotos.com\/blog\/2009\/02\/23\/heinz-erhardt-humor\/","og_locale":"de_DE","og_type":"article","og_title":"Zum 100. Geburtstag von Heinz Erhardt - K\u00f6ln Rodenkirchen und die Welt","og_description":"Auch wir gratulieren Heinz Erhardt zum 100. Geburtstag mit einer kleinen Auswahl an Aphorismen, Spr\u00fcchen, Gedichten, Reime und anderen Beispielen seines wundervollen Humors.","og_url":"https:\/\/www.gaidaphotos.com\/blog\/2009\/02\/23\/heinz-erhardt-humor\/","og_site_name":"K\u00f6ln Rodenkirchen und die Welt","article_publisher":"https:\/\/www.facebook.com\/Koeln.Rodenkirchen","article_author":"https:\/\/www.facebook.com\/gaidaphotos","article_published_time":"2009-02-23T18:45:54+00:00","article_modified_time":"2019-12-11T16:00:45+00:00","og_image":[{"url":"https:\/\/www.gaidaphotos.com\/humor\/bilder\/lauefer.jpg","type":"","width":"","height":""}],"author":"Thomas","twitter_card":"summary_large_image","twitter_creator":"@gaidaphotos","twitter_site":"@gaidaphotos","twitter_misc":{"Verfasst von":"Thomas","Gesch\u00e4tzte Lesezeit":"4\u00a0Minuten"},"schema":{"@context":"https:\/\/schema.org","@graph":[{"@type":"Article","@id":"https:\/\/www.gaidaphotos.com\/blog\/2009\/02\/23\/heinz-erhardt-humor\/#article","isPartOf":{"@id":"https:\/\/www.gaidaphotos.com\/blog\/2009\/02\/23\/heinz-erhardt-humor\/"},"author":{"name":"Thomas","@id":"https:\/\/www.gaidaphotos.com\/blog\/#\/schema\/person\/6c444a5b13ffc503c5c32f5a9ec68b21"},"headline":"Zum 100. Geburtstag von Heinz Erhardt","datePublished":"2009-02-23T18:45:54+00:00","dateModified":"2019-12-11T16:00:45+00:00","mainEntityOfPage":{"@id":"https:\/\/www.gaidaphotos.com\/blog\/2009\/02\/23\/heinz-erhardt-humor\/"},"wordCount":762,"publisher":{"@id":"https:\/\/www.gaidaphotos.com\/blog\/#organization"},"image":{"@id":"https:\/\/www.gaidaphotos.com\/blog\/2009\/02\/23\/heinz-erhardt-humor\/#primaryimage"},"thumbnailUrl":"https:\/\/www.gaidaphotos.com\/humor\/bilder\/lauefer.jpg","keywords":["Gedichte","Heinz Erhardt","Humor Aphorismen","Reime"],"articleSection":["Humor"],"inLanguage":"de"},{"@type":"WebPage","@id":"https:\/\/www.gaidaphotos.com\/blog\/2009\/02\/23\/heinz-erhardt-humor\/","url":"https:\/\/www.gaidaphotos.com\/blog\/2009\/02\/23\/heinz-erhardt-humor\/","name":"Zum 100. Geburtstag von Heinz Erhardt - K\u00f6ln Rodenkirchen und die Welt","isPartOf":{"@id":"https:\/\/www.gaidaphotos.com\/blog\/#website"},"primaryImageOfPage":{"@id":"https:\/\/www.gaidaphotos.com\/blog\/2009\/02\/23\/heinz-erhardt-humor\/#primaryimage"},"image":{"@id":"https:\/\/www.gaidaphotos.com\/blog\/2009\/02\/23\/heinz-erhardt-humor\/#primaryimage"},"thumbnailUrl":"https:\/\/www.gaidaphotos.com\/humor\/bilder\/lauefer.jpg","datePublished":"2009-02-23T18:45:54+00:00","dateModified":"2019-12-11T16:00:45+00:00","breadcrumb":{"@id":"https:\/\/www.gaidaphotos.com\/blog\/2009\/02\/23\/heinz-erhardt-humor\/#breadcrumb"},"inLanguage":"de","potentialAction":[{"@type":"ReadAction","target":["https:\/\/www.gaidaphotos.com\/blog\/2009\/02\/23\/heinz-erhardt-humor\/"]}]},{"@type":"ImageObject","inLanguage":"de","@id":"https:\/\/www.gaidaphotos.com\/blog\/2009\/02\/23\/heinz-erhardt-humor\/#primaryimage","url":"https:\/\/www.gaidaphotos.com\/humor\/bilder\/lauefer.jpg","contentUrl":"https:\/\/www.gaidaphotos.com\/humor\/bilder\/lauefer.jpg"},{"@type":"BreadcrumbList","@id":"https:\/\/www.gaidaphotos.com\/blog\/2009\/02\/23\/heinz-erhardt-humor\/#breadcrumb","itemListElement":[{"@type":"ListItem","position":1,"name":"Startseite","item":"https:\/\/www.gaidaphotos.com\/blog\/"},{"@type":"ListItem","position":2,"name":"Zum 100. Geburtstag von Heinz Erhardt"}]},{"@type":"WebSite","@id":"https:\/\/www.gaidaphotos.com\/blog\/#website","url":"https:\/\/www.gaidaphotos.com\/blog\/","name":"K\u00f6ln Rodenkirchen und die Welt","description":"Einkaufen, Restaurants, Freizeit, Nachrichten und was uns sonst bewegt und begegnet","publisher":{"@id":"https:\/\/www.gaidaphotos.com\/blog\/#organization"},"potentialAction":[{"@type":"SearchAction","target":{"@type":"EntryPoint","urlTemplate":"https:\/\/www.gaidaphotos.com\/blog\/?s={search_term_string}"},"query-input":{"@type":"PropertyValueSpecification","valueRequired":true,"valueName":"search_term_string"}}],"inLanguage":"de"},{"@type":"Organization","@id":"https:\/\/www.gaidaphotos.com\/blog\/#organization","name":"gaidaphotos","url":"https:\/\/www.gaidaphotos.com\/blog\/","logo":{"@type":"ImageObject","inLanguage":"de","@id":"https:\/\/www.gaidaphotos.com\/blog\/#\/schema\/logo\/image\/","url":"https:\/\/i0.wp.com\/www.gaidaphotos.com\/blog\/wp-content\/uploads\/2020\/07\/GAIDAPHOTOS-COM.jpg?fit=160%2C96&ssl=1","contentUrl":"https:\/\/i0.wp.com\/www.gaidaphotos.com\/blog\/wp-content\/uploads\/2020\/07\/GAIDAPHOTOS-COM.jpg?fit=160%2C96&ssl=1","width":160,"height":96,"caption":"gaidaphotos"},"image":{"@id":"https:\/\/www.gaidaphotos.com\/blog\/#\/schema\/logo\/image\/"},"sameAs":["https:\/\/www.facebook.com\/Koeln.Rodenkirchen","https:\/\/x.com\/gaidaphotos","https:\/\/instagram.com\/gaidaphotos\/","https:\/\/de.linkedin.com\/in\/gaidaphotos","https:\/\/myspace.com\/gaidaphotos","https:\/\/www.pinterest.com\/gaidaphotos\/","https:\/\/www.youtube.com\/user\/gaidaphotos"]},{"@type":"Person","@id":"https:\/\/www.gaidaphotos.com\/blog\/#\/schema\/person\/6c444a5b13ffc503c5c32f5a9ec68b21","name":"Thomas","sameAs":["https:\/\/www.gaidaphotos.com","https:\/\/www.facebook.com\/gaidaphotos","https:\/\/instagram.com\/gaidaphotos\/","https:\/\/www.linkedin.com\/in\/gaidaphotos","http:\/\/www.pinterest.com\/gaidaphotos\/","https:\/\/x.com\/gaidaphotos","https:\/\/myspace.com\/gaidaphotos","https:\/\/www.youtube.com\/user\/gaidaphotos","https:\/\/gaidaphotos.tumblr.com\/"]}]}},"jetpack_publicize_connections":[],"jetpack_featured_media_url":"","jetpack_sharing_enabled":true,"jetpack_likes_enabled":true,"jetpack-related-posts":[{"id":32,"url":"https:\/\/www.gaidaphotos.com\/blog\/2008\/05\/16\/spruche-wunsche-gedichte-kostenlose-ecards-zum-geburtstag\/","url_meta":{"origin":117,"position":0},"title":"Spr\u00fcche W\u00fcnsche Gedichte kostenlose Ecards zum Geburtstag","author":"gaidaphotos","date":"16. Mai 2008","format":false,"excerpt":"Spr\u00fcche - W\u00fcnsche - Ecards - Gru\u00dfkarten zum Geburtstag: Spr\u00fcche, W\u00fcnsche, Gedichte zum Geburtstag und verwandten Themen finden Sie zusammen mit kostenlosen (gratis, umsonst) E-cards als SMS\/MMS Grusskarte. Laden Sie sich die gratis Bilder und verschicken Sie sie als SMS Geburtstagsgru\u00df zusammen mit dem passenden Spruch. Alter- Spr\u00fcche Alter- Sprichworte\u2026","rel":"","context":"In &quot;Geburtstag&quot;","block_context":{"text":"Geburtstag","link":"https:\/\/www.gaidaphotos.com\/blog\/category\/festtage-feiertage\/geburtstag_birthday\/"},"img":{"alt_text":"","src":"","width":0,"height":0},"classes":[]},{"id":276,"url":"https:\/\/www.gaidaphotos.com\/blog\/2009\/03\/23\/ostern\/","url_meta":{"origin":117,"position":1},"title":"Ostern: Spr\u00fcche, Zitate, Osterkarten, Ostergr\u00fc\u00dfe","author":"Thomas","date":"23. M\u00e4rz 2009","format":false,"excerpt":"Spr\u00fcche zu Ostern als Ostergru\u00df Auch im Internet-Zeitalter feiern wir Ostern mit den \u00fcblichen Osterbr\u00e4uchen. Wir h\u00e4ngen bemalte Ostereier an Zweige und B\u00fcsche, verstecken Osterei und Osterhase und lassen es uns mit Leckereien gut gehen. Die Osterzeit kommt und bringt (hoffentlich) gleich den Fr\u00fchling mit. Ostern ist ein \"bewegliches\" Fest\u2026","rel":"","context":"In &quot;Neuigkeiten&quot;","block_context":{"text":"Neuigkeiten","link":"https:\/\/www.gaidaphotos.com\/blog\/category\/neuigkeiten\/"},"img":{"alt_text":"","src":"https:\/\/i0.wp.com\/www.gaidaphotos.com\/blog\/wp-content\/uploads\/2019\/06\/osterbilder-osternest-gruen-gelb-3.jpg?fit=669%2C1004&ssl=1&resize=350%2C200","width":350,"height":200,"srcset":"https:\/\/i0.wp.com\/www.gaidaphotos.com\/blog\/wp-content\/uploads\/2019\/06\/osterbilder-osternest-gruen-gelb-3.jpg?fit=669%2C1004&ssl=1&resize=350%2C200 1x, https:\/\/i0.wp.com\/www.gaidaphotos.com\/blog\/wp-content\/uploads\/2019\/06\/osterbilder-osternest-gruen-gelb-3.jpg?fit=669%2C1004&ssl=1&resize=525%2C300 1.5x"},"classes":[]},{"id":714,"url":"https:\/\/www.gaidaphotos.com\/blog\/2009\/06\/12\/humor-politik-aufgestanden-in-ruinen\/","url_meta":{"origin":117,"position":2},"title":"Humor &#038; Politik: &#8222;Aufgestanden in Ruinen&#8220;","author":"Thomas","date":"12. Juni 2009","format":false,"excerpt":"\"Aufgestanden in Ruinen\" statt \"auferstanden aus Ruinen\" lautete die Verballhornung der DDR hymne. Daf\u00fcr gab es dann Gef\u00e4ngnis als Strafe. Genau wie f\u00fcr \"wenn bei Capri die rote Flotte im Meer versinkt\". Wer heute der DDR nachtrauert sollte nicht vergessen wie unfrei das Regime war, wie kleinlich B\u00fcrgerrechtler verfolgt &\u2026","rel":"","context":"In &quot;17&quot;","block_context":{"text":"17","link":"https:\/\/www.gaidaphotos.com\/blog\/category\/mobile_news_von_unterwegs\/mobile_news_von_unterwegs-n95\/"},"img":{"alt_text":"","src":"","width":0,"height":0},"classes":[]},{"id":339,"url":"https:\/\/www.gaidaphotos.com\/blog\/2009\/04\/12\/frohe-ostern\/","url_meta":{"origin":117,"position":3},"title":"Frohe Ostern!","author":"Thomas","date":"12. April 2009","format":false,"excerpt":"Wir w\u00fcnschen allen Besuchern Frohe Ostern! Feiern Sie mit Freunden und Ihrer Familie. Drucken oder versenden Sie last-minute Ostergr\u00fcsse per SMS, MMS, E-Mail oder speichern Sie die Osterkarte in Ihrem Profil oder G\u00e4stebuch. Kostenlos Ostergr\u00fc\u00dfe, Osterkarten Lustige Spr\u00fcche zu Ostern und Ostergedichte ernste und humorvolle Weisheiten zm Osterfest und vieles\u2026","rel":"","context":"In &quot;Ostern&quot;","block_context":{"text":"Ostern","link":"https:\/\/www.gaidaphotos.com\/blog\/category\/festtage-feiertage\/ostern\/"},"img":{"alt_text":"Frohe Ostern","src":"https:\/\/i0.wp.com\/www.gaidaphotos.com\/blog\/wp-content\/uploads\/2009\/04\/osterkarte-ostergruesse-02-187x300.jpg?resize=350%2C200&ssl=1","width":350,"height":200},"classes":[]},{"id":4634,"url":"https:\/\/www.gaidaphotos.com\/blog\/2012\/05\/02\/am-13-05-2012-ist-muttertag\/","url_meta":{"origin":117,"position":4},"title":"Am 13.05.2012 ist Muttertag!","author":"Thomas","date":"2. Mai 2012","format":false,"excerpt":"13.05.2012 Muttertag! \u00dcber das \"Warum wir Muttertag feiern\" ist schon viel, auch von mir gesagt worden. Eigentlich stellt sich die Frage nicht. Sondern fragen m\u00fcssen wir uns warum nur am Muttertag an die eigene Mutter denken? Muttertag ist mittlerweile in die Bundesliga der Feiertage aufgestiegen, gleich neben Weihnachten, Geburtstag und\u2026","rel":"","context":"In &quot;Muttertag&quot;","block_context":{"text":"Muttertag","link":"https:\/\/www.gaidaphotos.com\/blog\/category\/festtage-feiertage\/muttertag\/"},"img":{"alt_text":"","src":"https:\/\/www.gaidaphotos.com\/blog\/wp-content\/uploads\/2020\/08\/nggallery_import\/31_","width":350,"height":200,"srcset":"https:\/\/www.gaidaphotos.com\/blog\/wp-content\/uploads\/2020\/08\/nggallery_import\/31_ 1x, https:\/\/www.gaidaphotos.com\/blog\/wp-content\/uploads\/2020\/08\/nggallery_import\/31_ 1.5x"},"classes":[]},{"id":45,"url":"https:\/\/www.gaidaphotos.com\/blog\/2008\/05\/29\/geburtstag-spruche-ecardsh\/","url_meta":{"origin":117,"position":5},"title":"Geburtstag: Spr\u00fcche, ECards h\u2026","author":"gaidaphotos","date":"29. Mai 2008","format":false,"excerpt":"Geburtstag: Spr\u00fcche, ECards Geburtstagskarten und Spr\u00fcche zum Geburtstag via http:\/\/www.diigo.com\/~gaidaphotos Geburtstagskarten und Spr\u00fcche zum Geburtstag","rel":"","context":"In &quot;Geburtstag&quot;","block_context":{"text":"Geburtstag","link":"https:\/\/www.gaidaphotos.com\/blog\/category\/festtage-feiertage\/geburtstag_birthday\/"},"img":{"alt_text":"","src":"","width":0,"height":0},"classes":[]}],"_links":{"self":[{"href":"https:\/\/www.gaidaphotos.com\/blog\/wp-json\/wp\/v2\/posts\/117","targetHints":{"allow":["GET"]}}],"collection":[{"href":"https:\/\/www.gaidaphotos.com\/blog\/wp-json\/wp\/v2\/posts"}],"about":[{"href":"https:\/\/www.gaidaphotos.com\/blog\/wp-json\/wp\/v2\/types\/post"}],"author":[{"embeddable":true,"href":"https:\/\/www.gaidaphotos.com\/blog\/wp-json\/wp\/v2\/users\/6"}],"replies":[{"embeddable":true,"href":"https:\/\/www.gaidaphotos.com\/blog\/wp-json\/wp\/v2\/comments?post=117"}],"version-history":[{"count":0,"href":"https:\/\/www.gaidaphotos.com\/blog\/wp-json\/wp\/v2\/posts\/117\/revisions"}],"wp:attachment":[{"href":"https:\/\/www.gaidaphotos.com\/blog\/wp-json\/wp\/v2\/media?parent=117"}],"wp:term":[{"taxonomy":"category","embeddable":true,"href":"https:\/\/www.gaidaphotos.com\/blog\/wp-json\/wp\/v2\/categories?post=117"},{"taxonomy":"post_tag","embeddable":true,"href":"https:\/\/www.gaidaphotos.com\/blog\/wp-json\/wp\/v2\/tags?post=117"}],"curies":[{"name":"wp","href":"https:\/\/api.w.org\/{rel}","templated":true}]}}