{"id":12,"date":"2007-12-23T11:47:58","date_gmt":"2007-12-23T16:47:58","guid":{"rendered":"http:\/\/gaidaphotos.com\/blog\/?p=12"},"modified":"2020-12-30T16:06:50","modified_gmt":"2020-12-30T15:06:50","slug":"frohe-festtage","status":"publish","type":"post","link":"https:\/\/www.gaidaphotos.com\/blog\/2007\/12\/23\/frohe-festtage\/","title":{"rendered":"Frohe Festtage!"},"content":{"rendered":"<p><img data-recalc-dims=\"1\" loading=\"lazy\" decoding=\"async\" class=\"alignleft\" title=\"Weihnachtsgr\u00fc\u00dfe\" src=\"https:\/\/i0.wp.com\/www.gaidaphotos.com\/bilder\/Weihnachten_2007_sm.jpg?resize=319%2C400&#038;ssl=1\" alt=\"Weihnchtsgr\u00fc\u00dfe\" width=\"319\" height=\"400\"><\/p>\n<p>Wir w\u00fcnschen Euch Gesegnete Weihnachten und einen guten Rutsch in&#8217;s Neue Jahr.<\/p>\n<p>Neue kostenlose Weihnachtskarten und Motive f\u00fcr Karten zu Weihnachten:<\/p>\n<p><!--?php include(\"wp-content\/include\/weihnachtskarten.php\"); ?--><\/p>\n<p>ngg_shortcode_0_placeholder<!--?php include(\"wp-content\/include\/weihnachten.php\"); ?--><br \/>\n<!--?php include(\"wp-content\/include\/weihnachten-2.php\"); ?--><\/p>\n","protected":false},"excerpt":{"rendered":"<p>Wir w\u00fcnschen Euch Gesegnete Weihnachten und einen guten Rutsch in&#8217;s Neue Jahr. Neue kostenlose Weihnachtskarten und Motive f\u00fcr Karten zu<\/p>\n","protected":false},"author":1,"featured_media":0,"comment_status":"closed","ping_status":"open","sticky":false,"template":"","format":"standard","meta":{"_crdt_document":"","ngg_post_thumbnail":0,"jetpack_post_was_ever_published":false,"_jetpack_newsletter_access":"","_jetpack_dont_email_post_to_subs":false,"_jetpack_newsletter_tier_id":0,"_jetpack_memberships_contains_paywalled_content":false,"_jetpack_memberships_contains_paid_content":false,"footnotes":"","jetpack_publicize_message":"","jetpack_publicize_feature_enabled":true,"jetpack_social_post_already_shared":false,"jetpack_social_options":{"image_generator_settings":{"template":"highway","default_image_id":0,"font":"","enabled":false},"version":2}},"categories":[3],"tags":[],"class_list":["post-12","post","type-post","status-publish","format-standard","hentry","category-site-info","comments-off"],"yoast_head":"<!-- This site is optimized with the Yoast SEO plugin v27.5 - https:\/\/yoast.com\/product\/yoast-seo-wordpress\/ -->\n<title>Frohe Festtage!<\/title>\n<meta name=\"description\" content=\"Weihnachtsw\u00fcnsche von gaidaphotos.com\" \/>\n<meta name=\"robots\" content=\"index, follow, max-snippet:-1, max-image-preview:large, max-video-preview:-1\" \/>\n<link rel=\"canonical\" href=\"https:\/\/www.gaidaphotos.com\/blog\/2007\/12\/23\/frohe-festtage\/\" \/>\n<meta property=\"og:locale\" content=\"de_DE\" \/>\n<meta property=\"og:type\" content=\"article\" \/>\n<meta property=\"og:title\" content=\"Frohe Festtage!\" \/>\n<meta property=\"og:description\" content=\"Weihnachtsw\u00fcnsche von gaidaphotos.com\" \/>\n<meta property=\"og:url\" content=\"https:\/\/www.gaidaphotos.com\/blog\/2007\/12\/23\/frohe-festtage\/\" \/>\n<meta property=\"og:site_name\" content=\"K\u00f6ln Rodenkirchen und die Welt\" \/>\n<meta property=\"article:publisher\" content=\"https:\/\/www.facebook.com\/Koeln.Rodenkirchen\" \/>\n<meta property=\"article:published_time\" content=\"2007-12-23T16:47:58+00:00\" \/>\n<meta property=\"article:modified_time\" content=\"2020-12-30T15:06:50+00:00\" \/>\n<meta property=\"og:image\" content=\"https:\/\/www.gaidaphotos.com\/bilder\/Weihnachten_2007_sm.jpg\" \/>\n<meta name=\"author\" content=\"gaidaphotos\" \/>\n<meta name=\"twitter:card\" content=\"summary_large_image\" \/>\n<meta name=\"twitter:creator\" content=\"@gaidaphotos\" \/>\n<meta name=\"twitter:site\" content=\"@gaidaphotos\" \/>\n<meta name=\"twitter:label1\" content=\"Verfasst von\" \/>\n\t<meta name=\"twitter:data1\" content=\"gaidaphotos\" \/>\n<script type=\"application\/ld+json\" class=\"yoast-schema-graph\">{\"@context\":\"https:\\\/\\\/schema.org\",\"@graph\":[{\"@type\":\"Article\",\"@id\":\"https:\\\/\\\/www.gaidaphotos.com\\\/blog\\\/2007\\\/12\\\/23\\\/frohe-festtage\\\/#article\",\"isPartOf\":{\"@id\":\"https:\\\/\\\/www.gaidaphotos.com\\\/blog\\\/2007\\\/12\\\/23\\\/frohe-festtage\\\/\"},\"author\":{\"name\":\"gaidaphotos\",\"@id\":\"https:\\\/\\\/www.gaidaphotos.com\\\/blog\\\/#\\\/schema\\\/person\\\/94fd1676a49a2c33e620b1a04bf15d24\"},\"headline\":\"Frohe Festtage!\",\"datePublished\":\"2007-12-23T16:47:58+00:00\",\"dateModified\":\"2020-12-30T15:06:50+00:00\",\"mainEntityOfPage\":{\"@id\":\"https:\\\/\\\/www.gaidaphotos.com\\\/blog\\\/2007\\\/12\\\/23\\\/frohe-festtage\\\/\"},\"wordCount\":35,\"publisher\":{\"@id\":\"https:\\\/\\\/www.gaidaphotos.com\\\/blog\\\/#organization\"},\"image\":{\"@id\":\"https:\\\/\\\/www.gaidaphotos.com\\\/blog\\\/2007\\\/12\\\/23\\\/frohe-festtage\\\/#primaryimage\"},\"thumbnailUrl\":\"https:\\\/\\\/www.gaidaphotos.com\\\/bilder\\\/Weihnachten_2007_sm.jpg\",\"articleSection\":[\"Site Info\"],\"inLanguage\":\"de\"},{\"@type\":\"WebPage\",\"@id\":\"https:\\\/\\\/www.gaidaphotos.com\\\/blog\\\/2007\\\/12\\\/23\\\/frohe-festtage\\\/\",\"url\":\"https:\\\/\\\/www.gaidaphotos.com\\\/blog\\\/2007\\\/12\\\/23\\\/frohe-festtage\\\/\",\"name\":\"Frohe Festtage!\",\"isPartOf\":{\"@id\":\"https:\\\/\\\/www.gaidaphotos.com\\\/blog\\\/#website\"},\"primaryImageOfPage\":{\"@id\":\"https:\\\/\\\/www.gaidaphotos.com\\\/blog\\\/2007\\\/12\\\/23\\\/frohe-festtage\\\/#primaryimage\"},\"image\":{\"@id\":\"https:\\\/\\\/www.gaidaphotos.com\\\/blog\\\/2007\\\/12\\\/23\\\/frohe-festtage\\\/#primaryimage\"},\"thumbnailUrl\":\"https:\\\/\\\/www.gaidaphotos.com\\\/bilder\\\/Weihnachten_2007_sm.jpg\",\"datePublished\":\"2007-12-23T16:47:58+00:00\",\"dateModified\":\"2020-12-30T15:06:50+00:00\",\"description\":\"Weihnachtsw\u00fcnsche von gaidaphotos.com\",\"breadcrumb\":{\"@id\":\"https:\\\/\\\/www.gaidaphotos.com\\\/blog\\\/2007\\\/12\\\/23\\\/frohe-festtage\\\/#breadcrumb\"},\"inLanguage\":\"de\",\"potentialAction\":[{\"@type\":\"ReadAction\",\"target\":[\"https:\\\/\\\/www.gaidaphotos.com\\\/blog\\\/2007\\\/12\\\/23\\\/frohe-festtage\\\/\"]}]},{\"@type\":\"ImageObject\",\"inLanguage\":\"de\",\"@id\":\"https:\\\/\\\/www.gaidaphotos.com\\\/blog\\\/2007\\\/12\\\/23\\\/frohe-festtage\\\/#primaryimage\",\"url\":\"https:\\\/\\\/www.gaidaphotos.com\\\/bilder\\\/Weihnachten_2007_sm.jpg\",\"contentUrl\":\"https:\\\/\\\/www.gaidaphotos.com\\\/bilder\\\/Weihnachten_2007_sm.jpg\"},{\"@type\":\"BreadcrumbList\",\"@id\":\"https:\\\/\\\/www.gaidaphotos.com\\\/blog\\\/2007\\\/12\\\/23\\\/frohe-festtage\\\/#breadcrumb\",\"itemListElement\":[{\"@type\":\"ListItem\",\"position\":1,\"name\":\"Startseite\",\"item\":\"https:\\\/\\\/www.gaidaphotos.com\\\/blog\\\/\"},{\"@type\":\"ListItem\",\"position\":2,\"name\":\"Frohe Festtage!\"}]},{\"@type\":\"WebSite\",\"@id\":\"https:\\\/\\\/www.gaidaphotos.com\\\/blog\\\/#website\",\"url\":\"https:\\\/\\\/www.gaidaphotos.com\\\/blog\\\/\",\"name\":\"K\u00f6ln Rodenkirchen und die Welt\",\"description\":\"Einkaufen, Restaurants, Freizeit, Nachrichten und was uns sonst bewegt und begegnet\",\"publisher\":{\"@id\":\"https:\\\/\\\/www.gaidaphotos.com\\\/blog\\\/#organization\"},\"potentialAction\":[{\"@type\":\"SearchAction\",\"target\":{\"@type\":\"EntryPoint\",\"urlTemplate\":\"https:\\\/\\\/www.gaidaphotos.com\\\/blog\\\/?s={search_term_string}\"},\"query-input\":{\"@type\":\"PropertyValueSpecification\",\"valueRequired\":true,\"valueName\":\"search_term_string\"}}],\"inLanguage\":\"de\"},{\"@type\":\"Organization\",\"@id\":\"https:\\\/\\\/www.gaidaphotos.com\\\/blog\\\/#organization\",\"name\":\"gaidaphotos\",\"url\":\"https:\\\/\\\/www.gaidaphotos.com\\\/blog\\\/\",\"logo\":{\"@type\":\"ImageObject\",\"inLanguage\":\"de\",\"@id\":\"https:\\\/\\\/www.gaidaphotos.com\\\/blog\\\/#\\\/schema\\\/logo\\\/image\\\/\",\"url\":\"https:\\\/\\\/i0.wp.com\\\/www.gaidaphotos.com\\\/blog\\\/wp-content\\\/uploads\\\/2020\\\/07\\\/GAIDAPHOTOS-COM.jpg?fit=160%2C96&ssl=1\",\"contentUrl\":\"https:\\\/\\\/i0.wp.com\\\/www.gaidaphotos.com\\\/blog\\\/wp-content\\\/uploads\\\/2020\\\/07\\\/GAIDAPHOTOS-COM.jpg?fit=160%2C96&ssl=1\",\"width\":160,\"height\":96,\"caption\":\"gaidaphotos\"},\"image\":{\"@id\":\"https:\\\/\\\/www.gaidaphotos.com\\\/blog\\\/#\\\/schema\\\/logo\\\/image\\\/\"},\"sameAs\":[\"https:\\\/\\\/www.facebook.com\\\/Koeln.Rodenkirchen\",\"https:\\\/\\\/x.com\\\/gaidaphotos\",\"https:\\\/\\\/instagram.com\\\/gaidaphotos\\\/\",\"https:\\\/\\\/de.linkedin.com\\\/in\\\/gaidaphotos\",\"https:\\\/\\\/myspace.com\\\/gaidaphotos\",\"https:\\\/\\\/www.pinterest.com\\\/gaidaphotos\\\/\",\"https:\\\/\\\/www.youtube.com\\\/user\\\/gaidaphotos\"]},{\"@type\":\"Person\",\"@id\":\"https:\\\/\\\/www.gaidaphotos.com\\\/blog\\\/#\\\/schema\\\/person\\\/94fd1676a49a2c33e620b1a04bf15d24\",\"name\":\"gaidaphotos\",\"sameAs\":[\"https:\\\/\\\/www.gaidaphotos.com\"]}]}<\/script>\n<!-- \/ Yoast SEO plugin. -->","yoast_head_json":{"title":"Frohe Festtage!","description":"Weihnachtsw\u00fcnsche von gaidaphotos.com","robots":{"index":"index","follow":"follow","max-snippet":"max-snippet:-1","max-image-preview":"max-image-preview:large","max-video-preview":"max-video-preview:-1"},"canonical":"https:\/\/www.gaidaphotos.com\/blog\/2007\/12\/23\/frohe-festtage\/","og_locale":"de_DE","og_type":"article","og_title":"Frohe Festtage!","og_description":"Weihnachtsw\u00fcnsche von gaidaphotos.com","og_url":"https:\/\/www.gaidaphotos.com\/blog\/2007\/12\/23\/frohe-festtage\/","og_site_name":"K\u00f6ln Rodenkirchen und die Welt","article_publisher":"https:\/\/www.facebook.com\/Koeln.Rodenkirchen","article_published_time":"2007-12-23T16:47:58+00:00","article_modified_time":"2020-12-30T15:06:50+00:00","og_image":[{"url":"https:\/\/www.gaidaphotos.com\/bilder\/Weihnachten_2007_sm.jpg","type":"","width":"","height":""}],"author":"gaidaphotos","twitter_card":"summary_large_image","twitter_creator":"@gaidaphotos","twitter_site":"@gaidaphotos","twitter_misc":{"Verfasst von":"gaidaphotos"},"schema":{"@context":"https:\/\/schema.org","@graph":[{"@type":"Article","@id":"https:\/\/www.gaidaphotos.com\/blog\/2007\/12\/23\/frohe-festtage\/#article","isPartOf":{"@id":"https:\/\/www.gaidaphotos.com\/blog\/2007\/12\/23\/frohe-festtage\/"},"author":{"name":"gaidaphotos","@id":"https:\/\/www.gaidaphotos.com\/blog\/#\/schema\/person\/94fd1676a49a2c33e620b1a04bf15d24"},"headline":"Frohe Festtage!","datePublished":"2007-12-23T16:47:58+00:00","dateModified":"2020-12-30T15:06:50+00:00","mainEntityOfPage":{"@id":"https:\/\/www.gaidaphotos.com\/blog\/2007\/12\/23\/frohe-festtage\/"},"wordCount":35,"publisher":{"@id":"https:\/\/www.gaidaphotos.com\/blog\/#organization"},"image":{"@id":"https:\/\/www.gaidaphotos.com\/blog\/2007\/12\/23\/frohe-festtage\/#primaryimage"},"thumbnailUrl":"https:\/\/www.gaidaphotos.com\/bilder\/Weihnachten_2007_sm.jpg","articleSection":["Site Info"],"inLanguage":"de"},{"@type":"WebPage","@id":"https:\/\/www.gaidaphotos.com\/blog\/2007\/12\/23\/frohe-festtage\/","url":"https:\/\/www.gaidaphotos.com\/blog\/2007\/12\/23\/frohe-festtage\/","name":"Frohe Festtage!","isPartOf":{"@id":"https:\/\/www.gaidaphotos.com\/blog\/#website"},"primaryImageOfPage":{"@id":"https:\/\/www.gaidaphotos.com\/blog\/2007\/12\/23\/frohe-festtage\/#primaryimage"},"image":{"@id":"https:\/\/www.gaidaphotos.com\/blog\/2007\/12\/23\/frohe-festtage\/#primaryimage"},"thumbnailUrl":"https:\/\/www.gaidaphotos.com\/bilder\/Weihnachten_2007_sm.jpg","datePublished":"2007-12-23T16:47:58+00:00","dateModified":"2020-12-30T15:06:50+00:00","description":"Weihnachtsw\u00fcnsche von gaidaphotos.com","breadcrumb":{"@id":"https:\/\/www.gaidaphotos.com\/blog\/2007\/12\/23\/frohe-festtage\/#breadcrumb"},"inLanguage":"de","potentialAction":[{"@type":"ReadAction","target":["https:\/\/www.gaidaphotos.com\/blog\/2007\/12\/23\/frohe-festtage\/"]}]},{"@type":"ImageObject","inLanguage":"de","@id":"https:\/\/www.gaidaphotos.com\/blog\/2007\/12\/23\/frohe-festtage\/#primaryimage","url":"https:\/\/www.gaidaphotos.com\/bilder\/Weihnachten_2007_sm.jpg","contentUrl":"https:\/\/www.gaidaphotos.com\/bilder\/Weihnachten_2007_sm.jpg"},{"@type":"BreadcrumbList","@id":"https:\/\/www.gaidaphotos.com\/blog\/2007\/12\/23\/frohe-festtage\/#breadcrumb","itemListElement":[{"@type":"ListItem","position":1,"name":"Startseite","item":"https:\/\/www.gaidaphotos.com\/blog\/"},{"@type":"ListItem","position":2,"name":"Frohe Festtage!"}]},{"@type":"WebSite","@id":"https:\/\/www.gaidaphotos.com\/blog\/#website","url":"https:\/\/www.gaidaphotos.com\/blog\/","name":"K\u00f6ln Rodenkirchen und die Welt","description":"Einkaufen, Restaurants, Freizeit, Nachrichten und was uns sonst bewegt und begegnet","publisher":{"@id":"https:\/\/www.gaidaphotos.com\/blog\/#organization"},"potentialAction":[{"@type":"SearchAction","target":{"@type":"EntryPoint","urlTemplate":"https:\/\/www.gaidaphotos.com\/blog\/?s={search_term_string}"},"query-input":{"@type":"PropertyValueSpecification","valueRequired":true,"valueName":"search_term_string"}}],"inLanguage":"de"},{"@type":"Organization","@id":"https:\/\/www.gaidaphotos.com\/blog\/#organization","name":"gaidaphotos","url":"https:\/\/www.gaidaphotos.com\/blog\/","logo":{"@type":"ImageObject","inLanguage":"de","@id":"https:\/\/www.gaidaphotos.com\/blog\/#\/schema\/logo\/image\/","url":"https:\/\/i0.wp.com\/www.gaidaphotos.com\/blog\/wp-content\/uploads\/2020\/07\/GAIDAPHOTOS-COM.jpg?fit=160%2C96&ssl=1","contentUrl":"https:\/\/i0.wp.com\/www.gaidaphotos.com\/blog\/wp-content\/uploads\/2020\/07\/GAIDAPHOTOS-COM.jpg?fit=160%2C96&ssl=1","width":160,"height":96,"caption":"gaidaphotos"},"image":{"@id":"https:\/\/www.gaidaphotos.com\/blog\/#\/schema\/logo\/image\/"},"sameAs":["https:\/\/www.facebook.com\/Koeln.Rodenkirchen","https:\/\/x.com\/gaidaphotos","https:\/\/instagram.com\/gaidaphotos\/","https:\/\/de.linkedin.com\/in\/gaidaphotos","https:\/\/myspace.com\/gaidaphotos","https:\/\/www.pinterest.com\/gaidaphotos\/","https:\/\/www.youtube.com\/user\/gaidaphotos"]},{"@type":"Person","@id":"https:\/\/www.gaidaphotos.com\/blog\/#\/schema\/person\/94fd1676a49a2c33e620b1a04bf15d24","name":"gaidaphotos","sameAs":["https:\/\/www.gaidaphotos.com"]}]}},"jetpack_publicize_connections":[],"jetpack_featured_media_url":"","jetpack_sharing_enabled":true,"jetpack_likes_enabled":true,"jetpack-related-posts":[{"id":3466,"url":"https:\/\/www.gaidaphotos.com\/blog\/2010\/11\/24\/weihnachtsgruesse-und-neujahrswuensche-2010\/","url_meta":{"origin":12,"position":0},"title":"Weihnachtsgr\u00fc\u00dfe und Neujahrsw\u00fcnsche 2010","author":"Thomas","date":"24. November 2010","format":false,"excerpt":"Weihnachtsgr\u00fc\u00dfe und Neujahrsw\u00fcnsche 2010 Es weihnachtet sehr ... Wir sind im Netz gesurft und haben f\u00fcr Sie die besten \u00a0Beitr\u00e4ge zu Weihnachten, Neues Jahr und Silvester zusammen getragen. Internationale Weihnachtsgr\u00fc\u00dfe: Fr\u00f6hliche Weihnachten in verschiedenen Sprachen Weihnachtskarten in verschiedenen Sprachen Internationale Neujahrsgr\u00fc\u00dfe Frohes Neues Jahr & Silvester Frohes Neues Jahr in\u2026","rel":"","context":"In &quot;Weihnachten&quot;","block_context":{"text":"Weihnachten","link":"https:\/\/www.gaidaphotos.com\/blog\/category\/festtage-feiertage\/weihnachten\/"},"img":{"alt_text":"","src":"","width":0,"height":0},"classes":[]},{"id":42,"url":"https:\/\/www.gaidaphotos.com\/blog\/2008\/12\/23\/frohe-weihnachten-ein-gutes-neues-jahr\/","url_meta":{"origin":12,"position":1},"title":"Frohe Weihnachten &#038; Ein Gutes Neues Jahr","author":"gaidaphotos","date":"23. Dezember 2008","format":false,"excerpt":"Wir w\u00fcnschen allen Freunden, Kollegen, Kunden und nat\u00fcrlich unseren Besuchern ein frohes Weihnachtsfest, beschauliche Festtage und einen Guten Rutsch in's Neue Jahr! Ihr gaidaphotos.com Team Neue kostenlose Weihnachtskarten und Motive f\u00fcr Karten zu Weihnachten: Spr\u00fcche zu Weihnachten und zum Neuen Jahr Weihnachtsw\u00fcnsche und Weihnachtsgr\u00fc\u00dfe","rel":"","context":"In &quot;Site Info&quot;","block_context":{"text":"Site Info","link":"https:\/\/www.gaidaphotos.com\/blog\/category\/neuigkeiten\/site-info\/"},"img":{"alt_text":"Weihnachtsgruesse","src":"https:\/\/i0.wp.com\/www.gaidaphotos.com\/bilder\/weihnachten-2008\/frohe-weihnachten.jpg?resize=350%2C200&ssl=1","width":350,"height":200},"classes":[]},{"id":2315,"url":"https:\/\/www.gaidaphotos.com\/blog\/2009\/12\/13\/kostenlose-animierte-weihnachtskarte\/","url_meta":{"origin":12,"position":2},"title":"Kostenlose animierte Weihnachtskarte","author":"Thomas","date":"13. Dezember 2009","format":false,"excerpt":"\u00a0 Wir w\u00fcnschen unseren Besuchern ein Frohes Weihnachtsfest und einen guten Rutsch in's neue Jahr! \u00a0 \u00a0 So wird's gemacht: Anleitung und Kode zum Einbau der kostenlosen animierten Weihnachtskarte in Ihr Blog, Ihre Website, Email oder Ihr Profil. Klicken Sie den Link.\u00a0 \u00a0 Neue kostenlose Weihnachtskarten und Motive f\u00fcr Karten\u2026","rel":"","context":"In &quot;Site Info&quot;","block_context":{"text":"Site Info","link":"https:\/\/www.gaidaphotos.com\/blog\/category\/neuigkeiten\/site-info\/"},"img":{"alt_text":"kostenlose animierte Weihnachtskarte","src":"https:\/\/i0.wp.com\/www.gaidaphotos.com\/weihnachtskarten-kostenlos\/kostenlose-animierte-weihnachtskarte.gif?resize=350%2C200&ssl=1","width":350,"height":200},"classes":[]},{"id":36,"url":"https:\/\/www.gaidaphotos.com\/blog\/2008\/10\/28\/weihnachten-neujahr-silvester-spruche-gedichte-lieder-gruskarten\/","url_meta":{"origin":12,"position":3},"title":"Weihnachten &#8211; Neujahr &#8211; Silvester: Spr\u00fcche, Gedichte, Lieder, Gru\u00dfkarten","author":"gaidaphotos","date":"28. Oktober 2008","format":false,"excerpt":"Weihnachten - Neujahr - Silvester Weihnachtskarten - Neujahrskarten - Spr\u00fcche zu Weihnachten - Gedanken zu Neujahr und Silvester Weihnachtslieder, Weihnachtsgedichte, Weihnachtsgeschichten Lieder zu Neujahr, Geschichten zu Silvester Adventslieder - Adventsgedichte - Basteln im Advent Hier finden Sie alles f\u00fcr das digitale Weihnachtsfest besinnliche Spr\u00fcche, Gedanken, Zitate: besinnliche Spr\u00fcche zu Weihnachten,\u2026","rel":"","context":"In &quot;Weihnachten&quot;","block_context":{"text":"Weihnachten","link":"https:\/\/www.gaidaphotos.com\/blog\/category\/festtage-feiertage\/weihnachten\/"},"img":{"alt_text":"Weihnachten Silvester Dekoration Weihnachtskarten Neujahr Weihnacht Weihnachts Christmas Weihnachtskarte","src":"https:\/\/i0.wp.com\/www.gaidaphotos.com\/weihnachtskarten-kostenlos\/weihnachtskarten-umsonst\/weihnachtsbaum-kugel-karte-rot.jpg?resize=350%2C200&ssl=1","width":350,"height":200},"classes":[]},{"id":40,"url":"https:\/\/www.gaidaphotos.com\/blog\/2008\/11\/17\/bastelideen-fur-weihnachten-zu-advent-adventszeit\/","url_meta":{"origin":12,"position":4},"title":"Bastelideen f\u00fcr Weihnachten \/ zu Advent \/ Adventszeit","author":"Thomas","date":"17. November 2008","format":false,"excerpt":"Advent Gedichte zum Advent: Gedichte und Bastelideen zum Advent, Adventszeit und Winter Adventslieder: Lieder zum Advent, Adventslieder, Vorweihnachtszeit, Weihnachtsgeschenke Neue kostenlose Weihnachtskarten und Motive f\u00fcr Karten zu Weihnachten: Spr\u00fcche zu Weihnachten und zum Neuen Jahr Weihnachtsw\u00fcnsche und Weihnachtsgr\u00fc\u00dfe","rel":"","context":"In &quot;Weihnachten&quot;","block_context":{"text":"Weihnachten","link":"https:\/\/www.gaidaphotos.com\/blog\/category\/festtage-feiertage\/weihnachten\/"},"img":{"alt_text":"Advent Adventszeit Winter Basten zu f\u00fcr Weihnachten Bastelideen ","src":"https:\/\/i0.wp.com\/www.gaidaphotos.com\/weihnachtskarten-kostenlos\/weihnachtsdeko-ornament-rot.jpg?resize=350%2C200&ssl=1","width":350,"height":200},"classes":[]},{"id":3929,"url":"https:\/\/www.gaidaphotos.com\/blog\/2011\/12\/14\/frohe-weihnachten-und-ein-gutes-neues-jahr\/","url_meta":{"origin":12,"position":5},"title":"Frohe Weihnachten und ein Gutes Neues Jahr","author":"Thomas","date":"14. Dezember 2011","format":false,"excerpt":"Frohe Weihnachten und ein Gutes Neues Jahr \u00a0","rel":"","context":"In &quot;Weihnachten&quot;","block_context":{"text":"Weihnachten","link":"https:\/\/www.gaidaphotos.com\/blog\/category\/festtage-feiertage\/weihnachten\/"},"img":{"alt_text":"","src":"https:\/\/www.gaidaphotos.com\/blog\/wp-content\/uploads\/2020\/08\/nggallery_import\/89_","width":350,"height":200},"classes":[]}],"_links":{"self":[{"href":"https:\/\/www.gaidaphotos.com\/blog\/wp-json\/wp\/v2\/posts\/12","targetHints":{"allow":["GET"]}}],"collection":[{"href":"https:\/\/www.gaidaphotos.com\/blog\/wp-json\/wp\/v2\/posts"}],"about":[{"href":"https:\/\/www.gaidaphotos.com\/blog\/wp-json\/wp\/v2\/types\/post"}],"author":[{"embeddable":true,"href":"https:\/\/www.gaidaphotos.com\/blog\/wp-json\/wp\/v2\/users\/1"}],"replies":[{"embeddable":true,"href":"https:\/\/www.gaidaphotos.com\/blog\/wp-json\/wp\/v2\/comments?post=12"}],"version-history":[{"count":0,"href":"https:\/\/www.gaidaphotos.com\/blog\/wp-json\/wp\/v2\/posts\/12\/revisions"}],"wp:attachment":[{"href":"https:\/\/www.gaidaphotos.com\/blog\/wp-json\/wp\/v2\/media?parent=12"}],"wp:term":[{"taxonomy":"category","embeddable":true,"href":"https:\/\/www.gaidaphotos.com\/blog\/wp-json\/wp\/v2\/categories?post=12"},{"taxonomy":"post_tag","embeddable":true,"href":"https:\/\/www.gaidaphotos.com\/blog\/wp-json\/wp\/v2\/tags?post=12"}],"curies":[{"name":"wp","href":"https:\/\/api.w.org\/{rel}","templated":true}]}}