{"id":12194,"date":"2020-07-10T21:19:20","date_gmt":"2020-07-10T19:19:20","guid":{"rendered":"https:\/\/www.gaidaphotos.com\/blog\/?p=12194"},"modified":"2020-07-16T12:38:32","modified_gmt":"2020-07-16T10:38:32","slug":"der-himmel-ueber-rodenkirchen","status":"publish","type":"post","link":"https:\/\/www.gaidaphotos.com\/blog\/2020\/07\/10\/der-himmel-ueber-rodenkirchen\/","title":{"rendered":"Der Himmel \u00fcber Rodenkirchen"},"content":{"rendered":"\n<div class=\"wp-block-media-text alignwide is-stacked-on-mobile\"><figure class=\"wp-block-media-text__media\"><img data-recalc-dims=\"1\" loading=\"lazy\" decoding=\"async\" width=\"910\" height=\"910\" src=\"https:\/\/i0.wp.com\/www.gaidaphotos.com\/blog\/wp-content\/uploads\/2020\/07\/20200710_181859-01.jpeg?resize=910%2C910&#038;ssl=1\" alt=\"Foto: Der Himmel \u00fcber Rodenkirchen\" class=\"wp-image-12192\" srcset=\"https:\/\/i0.wp.com\/www.gaidaphotos.com\/blog\/wp-content\/uploads\/2020\/07\/20200710_181859-01-scaled.jpeg?resize=1024%2C1024&amp;ssl=1 1024w, https:\/\/i0.wp.com\/www.gaidaphotos.com\/blog\/wp-content\/uploads\/2020\/07\/20200710_181859-01-scaled.jpeg?resize=250%2C250&amp;ssl=1 250w, https:\/\/i0.wp.com\/www.gaidaphotos.com\/blog\/wp-content\/uploads\/2020\/07\/20200710_181859-01-scaled.jpeg?resize=768%2C767&amp;ssl=1 768w, https:\/\/i0.wp.com\/www.gaidaphotos.com\/blog\/wp-content\/uploads\/2020\/07\/20200710_181859-01-scaled.jpeg?resize=1536%2C1534&amp;ssl=1 1536w, https:\/\/i0.wp.com\/www.gaidaphotos.com\/blog\/wp-content\/uploads\/2020\/07\/20200710_181859-01-scaled.jpeg?resize=2048%2C2045&amp;ssl=1 2048w, https:\/\/i0.wp.com\/www.gaidaphotos.com\/blog\/wp-content\/uploads\/2020\/07\/20200710_181859-01-scaled.jpeg?w=1820&amp;ssl=1 1820w\" sizes=\"auto, (max-width: 910px) 100vw, 910px\" \/><\/figure><div class=\"wp-block-media-text__content\">\n<p class=\"wp-block-paragraph\">In den letzten Wochen haben wir wieder wundersch\u00f6ne Sonnenunterg\u00e4nge \u00fcber Rodenkirchen erlebt. Doch auch tags\u00fcber ist der Blick zum Dom sehenswert.<\/p>\n\n\n\n<p class=\"wp-block-paragraph\">#rodenkirchen #k\u00f6lscheriviera&nbsp;<br><br>#365koeln #thisiscologne #koeln #k\u00f6ln #liebedeinestadt #koelnergram #Cologne #k\u00f6lschjef\u00f6hl #k\u00f6llefornia #cgn #ig_koeln #igerscologne #k\u00f6lscheriviera #enjoycologne @gaidaphotos<br><br><\/p>\n<\/div><\/div>\n","protected":false},"excerpt":{"rendered":"<p>Foto: Der Himmel \u00fcber Rodenkirchen<\/p>\n","protected":false},"author":6,"featured_media":12193,"comment_status":"open","ping_status":"open","sticky":false,"template":"","format":"standard","meta":{"_crdt_document":"","ngg_post_thumbnail":0,"jetpack_post_was_ever_published":false,"_jetpack_newsletter_access":"","_jetpack_dont_email_post_to_subs":false,"_jetpack_newsletter_tier_id":0,"_jetpack_memberships_contains_paywalled_content":false,"_jetpack_memberships_contains_paid_content":false,"footnotes":"","jetpack_publicize_message":"","jetpack_publicize_feature_enabled":true,"jetpack_social_post_already_shared":true,"jetpack_social_options":{"image_generator_settings":{"template":"highway","default_image_id":0,"font":"","enabled":false},"version":2}},"categories":[52,135,325],"tags":[538],"class_list":["post-12194","post","type-post","status-publish","format-standard","has-post-thumbnail","hentry","category-koeln-rodenkirchen","category-koeln_rodenkirchen-fotos","category-schoene-fotos","tag-koeln-rodenkirchen"],"yoast_head":"<!-- This site is optimized with the Yoast SEO plugin v27.5 - https:\/\/yoast.com\/product\/yoast-seo-wordpress\/ -->\n<title>Der Himmel \u00fcber Rodenkirchen - K\u00f6ln Rodenkirchen und die Welt<\/title>\n<meta name=\"description\" content=\"Foto: Der Himmel \u00fcber Rodenkirchen\" \/>\n<meta name=\"robots\" content=\"index, follow, max-snippet:-1, max-image-preview:large, max-video-preview:-1\" \/>\n<link rel=\"canonical\" href=\"https:\/\/www.gaidaphotos.com\/blog\/2020\/07\/10\/der-himmel-ueber-rodenkirchen\/\" \/>\n<meta property=\"og:locale\" content=\"de_DE\" \/>\n<meta property=\"og:type\" content=\"article\" \/>\n<meta property=\"og:title\" content=\"Der Himmel \u00fcber Rodenkirchen - K\u00f6ln Rodenkirchen und die Welt\" \/>\n<meta property=\"og:description\" content=\"Foto: Der Himmel \u00fcber Rodenkirchen\" \/>\n<meta property=\"og:url\" content=\"https:\/\/www.gaidaphotos.com\/blog\/2020\/07\/10\/der-himmel-ueber-rodenkirchen\/\" \/>\n<meta property=\"og:site_name\" content=\"K\u00f6ln Rodenkirchen und die Welt\" \/>\n<meta property=\"article:publisher\" content=\"https:\/\/www.facebook.com\/Koeln.Rodenkirchen\" \/>\n<meta property=\"article:author\" content=\"https:\/\/www.facebook.com\/gaidaphotos\" \/>\n<meta property=\"article:published_time\" content=\"2020-07-10T19:19:20+00:00\" \/>\n<meta property=\"article:modified_time\" content=\"2020-07-16T10:38:32+00:00\" \/>\n<meta property=\"og:image\" content=\"https:\/\/i2.wp.com\/www.gaidaphotos.com\/blog\/wp-content\/uploads\/2020\/07\/20200710_181859-01-1-scaled.jpeg?fit=2560%2C2557&ssl=1\" \/>\n\t<meta property=\"og:image:width\" content=\"2560\" \/>\n\t<meta property=\"og:image:height\" content=\"2557\" \/>\n\t<meta property=\"og:image:type\" content=\"image\/jpeg\" \/>\n<meta name=\"author\" content=\"Thomas\" \/>\n<meta name=\"twitter:card\" content=\"summary_large_image\" \/>\n<meta name=\"twitter:creator\" content=\"@gaidaphotos\" \/>\n<meta name=\"twitter:site\" content=\"@gaidaphotos\" \/>\n<meta name=\"twitter:label1\" content=\"Verfasst von\" \/>\n\t<meta name=\"twitter:data1\" content=\"Thomas\" \/>\n<script type=\"application\/ld+json\" class=\"yoast-schema-graph\">{\"@context\":\"https:\\\/\\\/schema.org\",\"@graph\":[{\"@type\":\"Article\",\"@id\":\"https:\\\/\\\/www.gaidaphotos.com\\\/blog\\\/2020\\\/07\\\/10\\\/der-himmel-ueber-rodenkirchen\\\/#article\",\"isPartOf\":{\"@id\":\"https:\\\/\\\/www.gaidaphotos.com\\\/blog\\\/2020\\\/07\\\/10\\\/der-himmel-ueber-rodenkirchen\\\/\"},\"author\":{\"name\":\"Thomas\",\"@id\":\"https:\\\/\\\/www.gaidaphotos.com\\\/blog\\\/#\\\/schema\\\/person\\\/6c444a5b13ffc503c5c32f5a9ec68b21\"},\"headline\":\"Der Himmel \u00fcber Rodenkirchen\",\"datePublished\":\"2020-07-10T19:19:20+00:00\",\"dateModified\":\"2020-07-16T10:38:32+00:00\",\"mainEntityOfPage\":{\"@id\":\"https:\\\/\\\/www.gaidaphotos.com\\\/blog\\\/2020\\\/07\\\/10\\\/der-himmel-ueber-rodenkirchen\\\/\"},\"wordCount\":53,\"commentCount\":0,\"publisher\":{\"@id\":\"https:\\\/\\\/www.gaidaphotos.com\\\/blog\\\/#organization\"},\"image\":{\"@id\":\"https:\\\/\\\/www.gaidaphotos.com\\\/blog\\\/2020\\\/07\\\/10\\\/der-himmel-ueber-rodenkirchen\\\/#primaryimage\"},\"thumbnailUrl\":\"https:\\\/\\\/i0.wp.com\\\/www.gaidaphotos.com\\\/blog\\\/wp-content\\\/uploads\\\/2020\\\/07\\\/20200710_181859-01-1-scaled.jpeg?fit=2560%2C2557&ssl=1\",\"keywords\":[\"K\u00f6ln Rodenkirchen\"],\"articleSection\":[\"K\u00f6ln Rodenkirchen\",\"K\u00f6ln-Rodenkirchen Fotos\",\"Schoene Fotos\"],\"inLanguage\":\"de\",\"potentialAction\":[{\"@type\":\"CommentAction\",\"name\":\"Comment\",\"target\":[\"https:\\\/\\\/www.gaidaphotos.com\\\/blog\\\/2020\\\/07\\\/10\\\/der-himmel-ueber-rodenkirchen\\\/#respond\"]}]},{\"@type\":\"WebPage\",\"@id\":\"https:\\\/\\\/www.gaidaphotos.com\\\/blog\\\/2020\\\/07\\\/10\\\/der-himmel-ueber-rodenkirchen\\\/\",\"url\":\"https:\\\/\\\/www.gaidaphotos.com\\\/blog\\\/2020\\\/07\\\/10\\\/der-himmel-ueber-rodenkirchen\\\/\",\"name\":\"Der Himmel \u00fcber Rodenkirchen - K\u00f6ln Rodenkirchen und die Welt\",\"isPartOf\":{\"@id\":\"https:\\\/\\\/www.gaidaphotos.com\\\/blog\\\/#website\"},\"primaryImageOfPage\":{\"@id\":\"https:\\\/\\\/www.gaidaphotos.com\\\/blog\\\/2020\\\/07\\\/10\\\/der-himmel-ueber-rodenkirchen\\\/#primaryimage\"},\"image\":{\"@id\":\"https:\\\/\\\/www.gaidaphotos.com\\\/blog\\\/2020\\\/07\\\/10\\\/der-himmel-ueber-rodenkirchen\\\/#primaryimage\"},\"thumbnailUrl\":\"https:\\\/\\\/i0.wp.com\\\/www.gaidaphotos.com\\\/blog\\\/wp-content\\\/uploads\\\/2020\\\/07\\\/20200710_181859-01-1-scaled.jpeg?fit=2560%2C2557&ssl=1\",\"datePublished\":\"2020-07-10T19:19:20+00:00\",\"dateModified\":\"2020-07-16T10:38:32+00:00\",\"description\":\"Foto: Der Himmel \u00fcber Rodenkirchen\",\"breadcrumb\":{\"@id\":\"https:\\\/\\\/www.gaidaphotos.com\\\/blog\\\/2020\\\/07\\\/10\\\/der-himmel-ueber-rodenkirchen\\\/#breadcrumb\"},\"inLanguage\":\"de\",\"potentialAction\":[{\"@type\":\"ReadAction\",\"target\":[\"https:\\\/\\\/www.gaidaphotos.com\\\/blog\\\/2020\\\/07\\\/10\\\/der-himmel-ueber-rodenkirchen\\\/\"]}]},{\"@type\":\"ImageObject\",\"inLanguage\":\"de\",\"@id\":\"https:\\\/\\\/www.gaidaphotos.com\\\/blog\\\/2020\\\/07\\\/10\\\/der-himmel-ueber-rodenkirchen\\\/#primaryimage\",\"url\":\"https:\\\/\\\/i0.wp.com\\\/www.gaidaphotos.com\\\/blog\\\/wp-content\\\/uploads\\\/2020\\\/07\\\/20200710_181859-01-1-scaled.jpeg?fit=2560%2C2557&ssl=1\",\"contentUrl\":\"https:\\\/\\\/i0.wp.com\\\/www.gaidaphotos.com\\\/blog\\\/wp-content\\\/uploads\\\/2020\\\/07\\\/20200710_181859-01-1-scaled.jpeg?fit=2560%2C2557&ssl=1\",\"width\":2560,\"height\":2557,\"caption\":\"Foto: Der Himmel \u00fcber Rodenkirchen\"},{\"@type\":\"BreadcrumbList\",\"@id\":\"https:\\\/\\\/www.gaidaphotos.com\\\/blog\\\/2020\\\/07\\\/10\\\/der-himmel-ueber-rodenkirchen\\\/#breadcrumb\",\"itemListElement\":[{\"@type\":\"ListItem\",\"position\":1,\"name\":\"Startseite\",\"item\":\"https:\\\/\\\/www.gaidaphotos.com\\\/blog\\\/\"},{\"@type\":\"ListItem\",\"position\":2,\"name\":\"Der Himmel \u00fcber Rodenkirchen\"}]},{\"@type\":\"WebSite\",\"@id\":\"https:\\\/\\\/www.gaidaphotos.com\\\/blog\\\/#website\",\"url\":\"https:\\\/\\\/www.gaidaphotos.com\\\/blog\\\/\",\"name\":\"K\u00f6ln Rodenkirchen und die Welt\",\"description\":\"Einkaufen, Restaurants, Freizeit, Nachrichten und was uns sonst bewegt und begegnet\",\"publisher\":{\"@id\":\"https:\\\/\\\/www.gaidaphotos.com\\\/blog\\\/#organization\"},\"potentialAction\":[{\"@type\":\"SearchAction\",\"target\":{\"@type\":\"EntryPoint\",\"urlTemplate\":\"https:\\\/\\\/www.gaidaphotos.com\\\/blog\\\/?s={search_term_string}\"},\"query-input\":{\"@type\":\"PropertyValueSpecification\",\"valueRequired\":true,\"valueName\":\"search_term_string\"}}],\"inLanguage\":\"de\"},{\"@type\":\"Organization\",\"@id\":\"https:\\\/\\\/www.gaidaphotos.com\\\/blog\\\/#organization\",\"name\":\"gaidaphotos\",\"url\":\"https:\\\/\\\/www.gaidaphotos.com\\\/blog\\\/\",\"logo\":{\"@type\":\"ImageObject\",\"inLanguage\":\"de\",\"@id\":\"https:\\\/\\\/www.gaidaphotos.com\\\/blog\\\/#\\\/schema\\\/logo\\\/image\\\/\",\"url\":\"https:\\\/\\\/i0.wp.com\\\/www.gaidaphotos.com\\\/blog\\\/wp-content\\\/uploads\\\/2020\\\/07\\\/GAIDAPHOTOS-COM.jpg?fit=160%2C96&ssl=1\",\"contentUrl\":\"https:\\\/\\\/i0.wp.com\\\/www.gaidaphotos.com\\\/blog\\\/wp-content\\\/uploads\\\/2020\\\/07\\\/GAIDAPHOTOS-COM.jpg?fit=160%2C96&ssl=1\",\"width\":160,\"height\":96,\"caption\":\"gaidaphotos\"},\"image\":{\"@id\":\"https:\\\/\\\/www.gaidaphotos.com\\\/blog\\\/#\\\/schema\\\/logo\\\/image\\\/\"},\"sameAs\":[\"https:\\\/\\\/www.facebook.com\\\/Koeln.Rodenkirchen\",\"https:\\\/\\\/x.com\\\/gaidaphotos\",\"https:\\\/\\\/instagram.com\\\/gaidaphotos\\\/\",\"https:\\\/\\\/de.linkedin.com\\\/in\\\/gaidaphotos\",\"https:\\\/\\\/myspace.com\\\/gaidaphotos\",\"https:\\\/\\\/www.pinterest.com\\\/gaidaphotos\\\/\",\"https:\\\/\\\/www.youtube.com\\\/user\\\/gaidaphotos\"]},{\"@type\":\"Person\",\"@id\":\"https:\\\/\\\/www.gaidaphotos.com\\\/blog\\\/#\\\/schema\\\/person\\\/6c444a5b13ffc503c5c32f5a9ec68b21\",\"name\":\"Thomas\",\"sameAs\":[\"https:\\\/\\\/www.gaidaphotos.com\",\"https:\\\/\\\/www.facebook.com\\\/gaidaphotos\",\"https:\\\/\\\/instagram.com\\\/gaidaphotos\\\/\",\"https:\\\/\\\/www.linkedin.com\\\/in\\\/gaidaphotos\",\"http:\\\/\\\/www.pinterest.com\\\/gaidaphotos\\\/\",\"https:\\\/\\\/x.com\\\/gaidaphotos\",\"https:\\\/\\\/myspace.com\\\/gaidaphotos\",\"https:\\\/\\\/www.youtube.com\\\/user\\\/gaidaphotos\",\"https:\\\/\\\/gaidaphotos.tumblr.com\\\/\"]}]}<\/script>\n<!-- \/ Yoast SEO plugin. -->","yoast_head_json":{"title":"Der Himmel \u00fcber Rodenkirchen - K\u00f6ln Rodenkirchen und die Welt","description":"Foto: Der Himmel \u00fcber Rodenkirchen","robots":{"index":"index","follow":"follow","max-snippet":"max-snippet:-1","max-image-preview":"max-image-preview:large","max-video-preview":"max-video-preview:-1"},"canonical":"https:\/\/www.gaidaphotos.com\/blog\/2020\/07\/10\/der-himmel-ueber-rodenkirchen\/","og_locale":"de_DE","og_type":"article","og_title":"Der Himmel \u00fcber Rodenkirchen - K\u00f6ln Rodenkirchen und die Welt","og_description":"Foto: Der Himmel \u00fcber Rodenkirchen","og_url":"https:\/\/www.gaidaphotos.com\/blog\/2020\/07\/10\/der-himmel-ueber-rodenkirchen\/","og_site_name":"K\u00f6ln Rodenkirchen und die Welt","article_publisher":"https:\/\/www.facebook.com\/Koeln.Rodenkirchen","article_author":"https:\/\/www.facebook.com\/gaidaphotos","article_published_time":"2020-07-10T19:19:20+00:00","article_modified_time":"2020-07-16T10:38:32+00:00","og_image":[{"width":2560,"height":2557,"url":"https:\/\/i2.wp.com\/www.gaidaphotos.com\/blog\/wp-content\/uploads\/2020\/07\/20200710_181859-01-1-scaled.jpeg?fit=2560%2C2557&ssl=1","type":"image\/jpeg"}],"author":"Thomas","twitter_card":"summary_large_image","twitter_creator":"@gaidaphotos","twitter_site":"@gaidaphotos","twitter_misc":{"Verfasst von":"Thomas"},"schema":{"@context":"https:\/\/schema.org","@graph":[{"@type":"Article","@id":"https:\/\/www.gaidaphotos.com\/blog\/2020\/07\/10\/der-himmel-ueber-rodenkirchen\/#article","isPartOf":{"@id":"https:\/\/www.gaidaphotos.com\/blog\/2020\/07\/10\/der-himmel-ueber-rodenkirchen\/"},"author":{"name":"Thomas","@id":"https:\/\/www.gaidaphotos.com\/blog\/#\/schema\/person\/6c444a5b13ffc503c5c32f5a9ec68b21"},"headline":"Der Himmel \u00fcber Rodenkirchen","datePublished":"2020-07-10T19:19:20+00:00","dateModified":"2020-07-16T10:38:32+00:00","mainEntityOfPage":{"@id":"https:\/\/www.gaidaphotos.com\/blog\/2020\/07\/10\/der-himmel-ueber-rodenkirchen\/"},"wordCount":53,"commentCount":0,"publisher":{"@id":"https:\/\/www.gaidaphotos.com\/blog\/#organization"},"image":{"@id":"https:\/\/www.gaidaphotos.com\/blog\/2020\/07\/10\/der-himmel-ueber-rodenkirchen\/#primaryimage"},"thumbnailUrl":"https:\/\/i0.wp.com\/www.gaidaphotos.com\/blog\/wp-content\/uploads\/2020\/07\/20200710_181859-01-1-scaled.jpeg?fit=2560%2C2557&ssl=1","keywords":["K\u00f6ln Rodenkirchen"],"articleSection":["K\u00f6ln Rodenkirchen","K\u00f6ln-Rodenkirchen Fotos","Schoene Fotos"],"inLanguage":"de","potentialAction":[{"@type":"CommentAction","name":"Comment","target":["https:\/\/www.gaidaphotos.com\/blog\/2020\/07\/10\/der-himmel-ueber-rodenkirchen\/#respond"]}]},{"@type":"WebPage","@id":"https:\/\/www.gaidaphotos.com\/blog\/2020\/07\/10\/der-himmel-ueber-rodenkirchen\/","url":"https:\/\/www.gaidaphotos.com\/blog\/2020\/07\/10\/der-himmel-ueber-rodenkirchen\/","name":"Der Himmel \u00fcber Rodenkirchen - K\u00f6ln Rodenkirchen und die Welt","isPartOf":{"@id":"https:\/\/www.gaidaphotos.com\/blog\/#website"},"primaryImageOfPage":{"@id":"https:\/\/www.gaidaphotos.com\/blog\/2020\/07\/10\/der-himmel-ueber-rodenkirchen\/#primaryimage"},"image":{"@id":"https:\/\/www.gaidaphotos.com\/blog\/2020\/07\/10\/der-himmel-ueber-rodenkirchen\/#primaryimage"},"thumbnailUrl":"https:\/\/i0.wp.com\/www.gaidaphotos.com\/blog\/wp-content\/uploads\/2020\/07\/20200710_181859-01-1-scaled.jpeg?fit=2560%2C2557&ssl=1","datePublished":"2020-07-10T19:19:20+00:00","dateModified":"2020-07-16T10:38:32+00:00","description":"Foto: Der Himmel \u00fcber Rodenkirchen","breadcrumb":{"@id":"https:\/\/www.gaidaphotos.com\/blog\/2020\/07\/10\/der-himmel-ueber-rodenkirchen\/#breadcrumb"},"inLanguage":"de","potentialAction":[{"@type":"ReadAction","target":["https:\/\/www.gaidaphotos.com\/blog\/2020\/07\/10\/der-himmel-ueber-rodenkirchen\/"]}]},{"@type":"ImageObject","inLanguage":"de","@id":"https:\/\/www.gaidaphotos.com\/blog\/2020\/07\/10\/der-himmel-ueber-rodenkirchen\/#primaryimage","url":"https:\/\/i0.wp.com\/www.gaidaphotos.com\/blog\/wp-content\/uploads\/2020\/07\/20200710_181859-01-1-scaled.jpeg?fit=2560%2C2557&ssl=1","contentUrl":"https:\/\/i0.wp.com\/www.gaidaphotos.com\/blog\/wp-content\/uploads\/2020\/07\/20200710_181859-01-1-scaled.jpeg?fit=2560%2C2557&ssl=1","width":2560,"height":2557,"caption":"Foto: Der Himmel \u00fcber Rodenkirchen"},{"@type":"BreadcrumbList","@id":"https:\/\/www.gaidaphotos.com\/blog\/2020\/07\/10\/der-himmel-ueber-rodenkirchen\/#breadcrumb","itemListElement":[{"@type":"ListItem","position":1,"name":"Startseite","item":"https:\/\/www.gaidaphotos.com\/blog\/"},{"@type":"ListItem","position":2,"name":"Der Himmel \u00fcber Rodenkirchen"}]},{"@type":"WebSite","@id":"https:\/\/www.gaidaphotos.com\/blog\/#website","url":"https:\/\/www.gaidaphotos.com\/blog\/","name":"K\u00f6ln Rodenkirchen und die Welt","description":"Einkaufen, Restaurants, Freizeit, Nachrichten und was uns sonst bewegt und begegnet","publisher":{"@id":"https:\/\/www.gaidaphotos.com\/blog\/#organization"},"potentialAction":[{"@type":"SearchAction","target":{"@type":"EntryPoint","urlTemplate":"https:\/\/www.gaidaphotos.com\/blog\/?s={search_term_string}"},"query-input":{"@type":"PropertyValueSpecification","valueRequired":true,"valueName":"search_term_string"}}],"inLanguage":"de"},{"@type":"Organization","@id":"https:\/\/www.gaidaphotos.com\/blog\/#organization","name":"gaidaphotos","url":"https:\/\/www.gaidaphotos.com\/blog\/","logo":{"@type":"ImageObject","inLanguage":"de","@id":"https:\/\/www.gaidaphotos.com\/blog\/#\/schema\/logo\/image\/","url":"https:\/\/i0.wp.com\/www.gaidaphotos.com\/blog\/wp-content\/uploads\/2020\/07\/GAIDAPHOTOS-COM.jpg?fit=160%2C96&ssl=1","contentUrl":"https:\/\/i0.wp.com\/www.gaidaphotos.com\/blog\/wp-content\/uploads\/2020\/07\/GAIDAPHOTOS-COM.jpg?fit=160%2C96&ssl=1","width":160,"height":96,"caption":"gaidaphotos"},"image":{"@id":"https:\/\/www.gaidaphotos.com\/blog\/#\/schema\/logo\/image\/"},"sameAs":["https:\/\/www.facebook.com\/Koeln.Rodenkirchen","https:\/\/x.com\/gaidaphotos","https:\/\/instagram.com\/gaidaphotos\/","https:\/\/de.linkedin.com\/in\/gaidaphotos","https:\/\/myspace.com\/gaidaphotos","https:\/\/www.pinterest.com\/gaidaphotos\/","https:\/\/www.youtube.com\/user\/gaidaphotos"]},{"@type":"Person","@id":"https:\/\/www.gaidaphotos.com\/blog\/#\/schema\/person\/6c444a5b13ffc503c5c32f5a9ec68b21","name":"Thomas","sameAs":["https:\/\/www.gaidaphotos.com","https:\/\/www.facebook.com\/gaidaphotos","https:\/\/instagram.com\/gaidaphotos\/","https:\/\/www.linkedin.com\/in\/gaidaphotos","http:\/\/www.pinterest.com\/gaidaphotos\/","https:\/\/x.com\/gaidaphotos","https:\/\/myspace.com\/gaidaphotos","https:\/\/www.youtube.com\/user\/gaidaphotos","https:\/\/gaidaphotos.tumblr.com\/"]}]}},"jetpack_publicize_connections":[],"jetpack_featured_media_url":"https:\/\/i0.wp.com\/www.gaidaphotos.com\/blog\/wp-content\/uploads\/2020\/07\/20200710_181859-01-1-scaled.jpeg?fit=2560%2C2557&ssl=1","jetpack_sharing_enabled":true,"jetpack_likes_enabled":true,"jetpack-related-posts":[{"id":12236,"url":"https:\/\/www.gaidaphotos.com\/blog\/2020\/07\/27\/sonnenuntergang-ueber-rodenkirchen-im-corona-sommer\/","url_meta":{"origin":12194,"position":0},"title":"Sonnenuntergang \u00fcber Rodenkirchen im Corona Sommer","author":"Thomas","date":"27. Juli 2020","format":false,"excerpt":"Ich hatte Zeit und Gelegenheit die sch\u00f6nsten Sonnenunterg\u00e4nge zu sammeln und als Collage zu verarbeiten. Das Ergebnis sehr Ihr hier.","rel":"","context":"In &quot;K\u00f6ln Rodenkirchen&quot;","block_context":{"text":"K\u00f6ln Rodenkirchen","link":"https:\/\/www.gaidaphotos.com\/blog\/category\/koeln-rodenkirchen\/"},"img":{"alt_text":"Sonnenuntergang \u00fcber Rodenkirchen Sommer 2020","src":"https:\/\/i0.wp.com\/www.gaidaphotos.com\/blog\/wp-content\/uploads\/2020\/07\/sonnenuntergang-collage-2-scaled.jpg?fit=1200%2C1200&ssl=1&resize=350%2C200","width":350,"height":200,"srcset":"https:\/\/i0.wp.com\/www.gaidaphotos.com\/blog\/wp-content\/uploads\/2020\/07\/sonnenuntergang-collage-2-scaled.jpg?fit=1200%2C1200&ssl=1&resize=350%2C200 1x, https:\/\/i0.wp.com\/www.gaidaphotos.com\/blog\/wp-content\/uploads\/2020\/07\/sonnenuntergang-collage-2-scaled.jpg?fit=1200%2C1200&ssl=1&resize=525%2C300 1.5x, https:\/\/i0.wp.com\/www.gaidaphotos.com\/blog\/wp-content\/uploads\/2020\/07\/sonnenuntergang-collage-2-scaled.jpg?fit=1200%2C1200&ssl=1&resize=700%2C400 2x, https:\/\/i0.wp.com\/www.gaidaphotos.com\/blog\/wp-content\/uploads\/2020\/07\/sonnenuntergang-collage-2-scaled.jpg?fit=1200%2C1200&ssl=1&resize=1050%2C600 3x"},"classes":[]},{"id":8170,"url":"https:\/\/www.gaidaphotos.com\/blog\/2014\/11\/20\/cafe-rheinterrassen-in-rodenkirchen-1911-1932\/","url_meta":{"origin":12194,"position":1},"title":"Cafe Rheinterrassen in Rodenkirchen (1911-1932)","author":"Thomas","date":"20. November 2014","format":false,"excerpt":"Cafe Rheinterrassen in Rodenkirchen (1911-1932) Einst befand sich das gr\u00f6\u00dfte Ausflugs- und Tanzlokal von K\u00f6ln in Rodenkirchen. Das \"Cafe Rheinterrassen\" lockte viele K\u00f6lner jeden Tag zu Kaffee und Kuchen, Tanztee oder Soiree an die k\u00f6lsche Riviera. Heute alleine wegen der Parkpl\u00e4tze und dem n\u00e4chtlichen L\u00e4rm kaum vorstellbar, war vor 100\u2026","rel":"","context":"In &quot;Alte Bilder aus K\u00f6ln Rodenkirchen&quot;","block_context":{"text":"Alte Bilder aus K\u00f6ln Rodenkirchen","link":"https:\/\/www.gaidaphotos.com\/blog\/category\/foto\/alte-bilder-aus-koln-rodenkirchen\/"},"img":{"alt_text":"","src":"https:\/\/i0.wp.com\/www.gaidaphotos.com\/blog\/wp-content\/uploads\/ngg_featured\/koeln-rodenkirchen-rheinterrassen-g-1932-06.jpg?fit=1024%2C669&ssl=1&resize=350%2C200","width":350,"height":200,"srcset":"https:\/\/i0.wp.com\/www.gaidaphotos.com\/blog\/wp-content\/uploads\/ngg_featured\/koeln-rodenkirchen-rheinterrassen-g-1932-06.jpg?fit=1024%2C669&ssl=1&resize=350%2C200 1x, https:\/\/i0.wp.com\/www.gaidaphotos.com\/blog\/wp-content\/uploads\/ngg_featured\/koeln-rodenkirchen-rheinterrassen-g-1932-06.jpg?fit=1024%2C669&ssl=1&resize=525%2C300 1.5x, https:\/\/i0.wp.com\/www.gaidaphotos.com\/blog\/wp-content\/uploads\/ngg_featured\/koeln-rodenkirchen-rheinterrassen-g-1932-06.jpg?fit=1024%2C669&ssl=1&resize=700%2C400 2x"},"classes":[]},{"id":2563,"url":"https:\/\/www.gaidaphotos.com\/blog\/2010\/02\/19\/foto-koeln-rodenkirchen\/","url_meta":{"origin":12194,"position":2},"title":"K\u00f6ln-Rodenkirchen: Fotos von Kapelle und Rhein","author":"Thomas","date":"19. Februar 2010","format":false,"excerpt":"K\u00f6ln-Rodenkirchen: Fotos aus Rodenkirchen In dieser nachrichtenarmen Zeit, in der sich Rodenkirchen und die Rodenkirchener vom Karneval erholen, zeigen wir ein paar Fotos aus Rodenkirchen.","rel":"","context":"In &quot;Foto&quot;","block_context":{"text":"Foto","link":"https:\/\/www.gaidaphotos.com\/blog\/category\/foto\/"},"img":{"alt_text":"K\u00f6ln Rodenkirchen Fotos","src":"https:\/\/i0.wp.com\/www.gaidaphotos.com\/blog\/wp-content\/uploads\/2010\/02\/koeln-rodenkirchen-15-300x199.jpg?resize=350%2C200&ssl=1","width":350,"height":200},"classes":[]},{"id":3378,"url":"https:\/\/www.gaidaphotos.com\/blog\/2010\/09\/10\/rodenkirchen-erinnert-sich-15-09-2010\/","url_meta":{"origin":12194,"position":3},"title":"Rodenkirchen erinnert sich am 15.09.2010","author":"Thomas","date":"10. September 2010","format":false,"excerpt":"Rodenkirchen erinnert sich - Geschichtswerkstatt 100 Jahre Denkmalpflege in Rodenkirchen Schon vor 100 Jahren stellte Rodenkirchen seinen historischen kern unter Denkmalschutz. Im \"Orsstatut zum Schutze der Ortschaft Rodenkirchen gegen Verunstaltungen\" sch\u00fctzen die Rodenkirchener als erste Gemeinde im Stadtgebiet K\u00f6lns und als eine der ersten im Rheinland den Kernbereich des Dorfes.\u2026","rel":"","context":"In &quot;Alte Bilder aus K\u00f6ln Rodenkirchen&quot;","block_context":{"text":"Alte Bilder aus K\u00f6ln Rodenkirchen","link":"https:\/\/www.gaidaphotos.com\/blog\/category\/foto\/alte-bilder-aus-koln-rodenkirchen\/"},"img":{"alt_text":"","src":"","width":0,"height":0},"classes":[]},{"id":3517,"url":"https:\/\/www.gaidaphotos.com\/blog\/2011\/02\/27\/karnevalszug-in-koln-rodenkirchen-am-6-3-2011\/","url_meta":{"origin":12194,"position":4},"title":"Karnevalszug in K\u00f6ln-Rodenkirchen am 6.3.2011","author":"Thomas","date":"27. Februar 2011","format":false,"excerpt":"Karnevalszug in K\u00f6ln-Rodenkirchen am 6.3.2011 Auch im sch\u00f6nen K\u00f6ln-Rodenkirchen gibt es am Karnevalssonntag, 6.3.2011, einen Karnevalszug. Leider fehlt dem Rodenkirchener Karnevalszug in diesem Jahr das \"Trifolium\" (Dreigestirn) und damit der H\u00f6hepunkt des Karnevalszuges. Das k\u00f6nnen die vier neuen Gruppen nur unzul\u00e4nglich ersetzen. Der Rodenkirchener Karnevalszug ist lange unterwegs. So erreicht\u2026","rel":"","context":"In &quot;K\u00f6ln Rodenkirchen Freizeit&quot;","block_context":{"text":"K\u00f6ln Rodenkirchen Freizeit","link":"https:\/\/www.gaidaphotos.com\/blog\/category\/koeln-rodenkirchen\/koeln-rodenkirchen-freizeit\/"},"img":{"alt_text":"Karneval in Rodenkirchen 2010","src":"https:\/\/i0.wp.com\/farm3.static.flickr.com\/2723\/4358934413_2811c50968_s.jpg?resize=350%2C200","width":350,"height":200},"classes":[]},{"id":2620,"url":"https:\/\/www.gaidaphotos.com\/blog\/2010\/02\/22\/rheinufer-in-rodenkirchen-die-kolsche-riviera\/","url_meta":{"origin":12194,"position":5},"title":"Rheinufer in Rodenkirchen: Die k\u00f6lsche Riviera","author":"Thomas","date":"22. Februar 2010","format":false,"excerpt":"Die k\u00f6lsche Riviera in Rodenkirchen An den Fotos kann man unschwer erkennen, warum das Rheinufer in K\u00f6ln-Rodenkirchen auch die \"k\u00f6lsche Riviera\" genannt wird. Fr\u00fcher gab es auch ein Strandbad (geteilt f\u00fcr M\u00e4nner und Frauen). Heute wird auf eigene Gefahr gebadet und dabei werden gerne die Strudel, die von vorbeifahrenden Schiffen\u2026","rel":"","context":"In &quot;K\u00f6ln Rodenkirchen Freizeit&quot;","block_context":{"text":"K\u00f6ln Rodenkirchen Freizeit","link":"https:\/\/www.gaidaphotos.com\/blog\/category\/koeln-rodenkirchen\/koeln-rodenkirchen-freizeit\/"},"img":{"alt_text":"","src":"https:\/\/i0.wp.com\/www.gaidaphotos.com\/blog\/wp-content\/uploads\/2010\/02\/koeln-rodenkirchen-koelsche-riviera-061.jpg?resize=350%2C200","width":350,"height":200},"classes":[]}],"_links":{"self":[{"href":"https:\/\/www.gaidaphotos.com\/blog\/wp-json\/wp\/v2\/posts\/12194","targetHints":{"allow":["GET"]}}],"collection":[{"href":"https:\/\/www.gaidaphotos.com\/blog\/wp-json\/wp\/v2\/posts"}],"about":[{"href":"https:\/\/www.gaidaphotos.com\/blog\/wp-json\/wp\/v2\/types\/post"}],"author":[{"embeddable":true,"href":"https:\/\/www.gaidaphotos.com\/blog\/wp-json\/wp\/v2\/users\/6"}],"replies":[{"embeddable":true,"href":"https:\/\/www.gaidaphotos.com\/blog\/wp-json\/wp\/v2\/comments?post=12194"}],"version-history":[{"count":0,"href":"https:\/\/www.gaidaphotos.com\/blog\/wp-json\/wp\/v2\/posts\/12194\/revisions"}],"wp:featuredmedia":[{"embeddable":true,"href":"https:\/\/www.gaidaphotos.com\/blog\/wp-json\/wp\/v2\/media\/12193"}],"wp:attachment":[{"href":"https:\/\/www.gaidaphotos.com\/blog\/wp-json\/wp\/v2\/media?parent=12194"}],"wp:term":[{"taxonomy":"category","embeddable":true,"href":"https:\/\/www.gaidaphotos.com\/blog\/wp-json\/wp\/v2\/categories?post=12194"},{"taxonomy":"post_tag","embeddable":true,"href":"https:\/\/www.gaidaphotos.com\/blog\/wp-json\/wp\/v2\/tags?post=12194"}],"curies":[{"name":"wp","href":"https:\/\/api.w.org\/{rel}","templated":true}]}}