{"id":12230,"date":"2020-07-24T14:33:11","date_gmt":"2020-07-24T12:33:11","guid":{"rendered":"https:\/\/www.gaidaphotos.com\/blog\/?p=12230"},"modified":"2020-07-24T14:51:16","modified_gmt":"2020-07-24T12:51:16","slug":"das-haus-mit-zwei-daechern","status":"publish","type":"post","link":"https:\/\/www.gaidaphotos.com\/blog\/2020\/07\/24\/das-haus-mit-zwei-daechern\/","title":{"rendered":"Das Haus mit zwei D\u00e4chern"},"content":{"rendered":"\n<div class=\"wp-block-media-text alignwide is-stacked-on-mobile\"><figure class=\"wp-block-media-text__media\"><img data-recalc-dims=\"1\" loading=\"lazy\" decoding=\"async\" width=\"910\" height=\"910\" src=\"https:\/\/i0.wp.com\/www.gaidaphotos.com\/blog\/wp-content\/uploads\/2020\/07\/koeln-rodenkirchen-schillingsrotter-strasse.jpg?resize=910%2C910&#038;ssl=1\" alt=\"K\u00f6ln Rodenkirchen Haus Schillingsrotter str.\" class=\"wp-image-12231\" srcset=\"https:\/\/i0.wp.com\/www.gaidaphotos.com\/blog\/wp-content\/uploads\/2020\/07\/koeln-rodenkirchen-schillingsrotter-strasse-scaled.jpg?resize=1024%2C1024&amp;ssl=1 1024w, https:\/\/i0.wp.com\/www.gaidaphotos.com\/blog\/wp-content\/uploads\/2020\/07\/koeln-rodenkirchen-schillingsrotter-strasse-scaled.jpg?resize=250%2C250&amp;ssl=1 250w, https:\/\/i0.wp.com\/www.gaidaphotos.com\/blog\/wp-content\/uploads\/2020\/07\/koeln-rodenkirchen-schillingsrotter-strasse-scaled.jpg?resize=768%2C768&amp;ssl=1 768w, https:\/\/i0.wp.com\/www.gaidaphotos.com\/blog\/wp-content\/uploads\/2020\/07\/koeln-rodenkirchen-schillingsrotter-strasse-scaled.jpg?resize=1536%2C1536&amp;ssl=1 1536w, https:\/\/i0.wp.com\/www.gaidaphotos.com\/blog\/wp-content\/uploads\/2020\/07\/koeln-rodenkirchen-schillingsrotter-strasse-scaled.jpg?resize=2048%2C2048&amp;ssl=1 2048w, https:\/\/i0.wp.com\/www.gaidaphotos.com\/blog\/wp-content\/uploads\/2020\/07\/koeln-rodenkirchen-schillingsrotter-strasse-scaled.jpg?w=1820&amp;ssl=1 1820w\" sizes=\"auto, (max-width: 910px) 100vw, 910px\" \/><\/figure><div class=\"wp-block-media-text__content\">\n<p class=\"has-large-font-size wp-block-paragraph\">Ein Haus mit gleich zwei D\u00e4chern findet sich zur Zeit (VII 2020) an der Schillingsrotter Stra\u00dfe.<\/p>\n\n\n\n<p class=\"wp-block-paragraph\">Vermutlich soll das Dach saniert werden. Jedenfalls ist es ein sehenswertern Anblick.<\/p>\n<\/div><\/div>\n\n\n\n<!--more-->\n\n\n\n<p class=\"wp-block-paragraph\">rodenkirchen #k\u00f6lscheriviera 365koeln #thisiscologne #koeln #k\u00f6ln #liebedeinestadt #koelnergram #Cologne #cgn #ig_koeln #igerscologne #enjoycologne photooftheday #beautiful #picoftheday #bestoftheday #smile #architecture #building #city #buildings #urban #cities #town #street #architecturelovers #lines #archilovers #architectureporn #lookingup #style #archidaily #composition #geometry #geometric #perspective @gaidaphotos<\/p>\n","protected":false},"excerpt":{"rendered":"<p>Ein Haus mit gleich zwei D\u00e4chern findet sich zur Zeit (VII 2020) an der Schillingsrotter Stra\u00dfe. Foto<\/p>\n","protected":false},"author":6,"featured_media":12231,"comment_status":"open","ping_status":"open","sticky":false,"template":"","format":"standard","meta":{"_crdt_document":"","ngg_post_thumbnail":0,"jetpack_post_was_ever_published":false,"_jetpack_newsletter_access":"","_jetpack_dont_email_post_to_subs":false,"_jetpack_newsletter_tier_id":0,"_jetpack_memberships_contains_paywalled_content":false,"_jetpack_memberships_contains_paid_content":false,"footnotes":"","jetpack_publicize_message":"","jetpack_publicize_feature_enabled":true,"jetpack_social_post_already_shared":true,"jetpack_social_options":{"image_generator_settings":{"template":"highway","default_image_id":0,"font":"","enabled":false},"version":2}},"categories":[52,135],"tags":[538],"class_list":["post-12230","post","type-post","status-publish","format-standard","has-post-thumbnail","hentry","category-koeln-rodenkirchen","category-koeln_rodenkirchen-fotos","tag-koeln-rodenkirchen"],"yoast_head":"<!-- This site is optimized with the Yoast SEO plugin v27.5 - https:\/\/yoast.com\/product\/yoast-seo-wordpress\/ -->\n<title>Das Haus mit zwei D\u00e4chern - K\u00f6ln Rodenkirchen und die Welt<\/title>\n<meta name=\"description\" content=\"Foto: Ein Haus mit gleich zwei D\u00e4chern findet sich zur Zeit (VII 2020) an der Schillingsrotter Stra\u00dfe.\" \/>\n<meta name=\"robots\" content=\"index, follow, max-snippet:-1, max-image-preview:large, max-video-preview:-1\" \/>\n<link rel=\"canonical\" href=\"https:\/\/www.gaidaphotos.com\/blog\/2020\/07\/24\/das-haus-mit-zwei-daechern\/\" \/>\n<meta property=\"og:locale\" content=\"de_DE\" \/>\n<meta property=\"og:type\" content=\"article\" \/>\n<meta property=\"og:title\" content=\"Das Haus mit zwei D\u00e4chern - K\u00f6ln Rodenkirchen und die Welt\" \/>\n<meta property=\"og:description\" content=\"Foto: Ein Haus mit gleich zwei D\u00e4chern findet sich zur Zeit (VII 2020) an der Schillingsrotter Stra\u00dfe.\" \/>\n<meta property=\"og:url\" content=\"https:\/\/www.gaidaphotos.com\/blog\/2020\/07\/24\/das-haus-mit-zwei-daechern\/\" \/>\n<meta property=\"og:site_name\" content=\"K\u00f6ln Rodenkirchen und die Welt\" \/>\n<meta property=\"article:publisher\" content=\"https:\/\/www.facebook.com\/Koeln.Rodenkirchen\" \/>\n<meta property=\"article:author\" content=\"https:\/\/www.facebook.com\/gaidaphotos\" \/>\n<meta property=\"article:published_time\" content=\"2020-07-24T12:33:11+00:00\" \/>\n<meta property=\"article:modified_time\" content=\"2020-07-24T12:51:16+00:00\" \/>\n<meta property=\"og:image\" content=\"https:\/\/i0.wp.com\/www.gaidaphotos.com\/blog\/wp-content\/uploads\/2020\/07\/koeln-rodenkirchen-schillingsrotter-strasse-scaled.jpg?fit=2560%2C2560&ssl=1\" \/>\n\t<meta property=\"og:image:width\" content=\"2560\" \/>\n\t<meta property=\"og:image:height\" content=\"2560\" \/>\n\t<meta property=\"og:image:type\" content=\"image\/jpeg\" \/>\n<meta name=\"author\" content=\"Thomas\" \/>\n<meta name=\"twitter:card\" content=\"summary_large_image\" \/>\n<meta name=\"twitter:creator\" content=\"@gaidaphotos\" \/>\n<meta name=\"twitter:site\" content=\"@gaidaphotos\" \/>\n<meta name=\"twitter:label1\" content=\"Verfasst von\" \/>\n\t<meta name=\"twitter:data1\" content=\"Thomas\" \/>\n<script type=\"application\/ld+json\" class=\"yoast-schema-graph\">{\"@context\":\"https:\\\/\\\/schema.org\",\"@graph\":[{\"@type\":\"Article\",\"@id\":\"https:\\\/\\\/www.gaidaphotos.com\\\/blog\\\/2020\\\/07\\\/24\\\/das-haus-mit-zwei-daechern\\\/#article\",\"isPartOf\":{\"@id\":\"https:\\\/\\\/www.gaidaphotos.com\\\/blog\\\/2020\\\/07\\\/24\\\/das-haus-mit-zwei-daechern\\\/\"},\"author\":{\"name\":\"Thomas\",\"@id\":\"https:\\\/\\\/www.gaidaphotos.com\\\/blog\\\/#\\\/schema\\\/person\\\/6c444a5b13ffc503c5c32f5a9ec68b21\"},\"headline\":\"Das Haus mit zwei D\u00e4chern\",\"datePublished\":\"2020-07-24T12:33:11+00:00\",\"dateModified\":\"2020-07-24T12:51:16+00:00\",\"mainEntityOfPage\":{\"@id\":\"https:\\\/\\\/www.gaidaphotos.com\\\/blog\\\/2020\\\/07\\\/24\\\/das-haus-mit-zwei-daechern\\\/\"},\"wordCount\":76,\"commentCount\":0,\"publisher\":{\"@id\":\"https:\\\/\\\/www.gaidaphotos.com\\\/blog\\\/#organization\"},\"image\":{\"@id\":\"https:\\\/\\\/www.gaidaphotos.com\\\/blog\\\/2020\\\/07\\\/24\\\/das-haus-mit-zwei-daechern\\\/#primaryimage\"},\"thumbnailUrl\":\"https:\\\/\\\/i0.wp.com\\\/www.gaidaphotos.com\\\/blog\\\/wp-content\\\/uploads\\\/2020\\\/07\\\/koeln-rodenkirchen-schillingsrotter-strasse-scaled.jpg?fit=2560%2C2560&ssl=1\",\"keywords\":[\"K\u00f6ln Rodenkirchen\"],\"articleSection\":[\"K\u00f6ln Rodenkirchen\",\"K\u00f6ln-Rodenkirchen Fotos\"],\"inLanguage\":\"de\",\"potentialAction\":[{\"@type\":\"CommentAction\",\"name\":\"Comment\",\"target\":[\"https:\\\/\\\/www.gaidaphotos.com\\\/blog\\\/2020\\\/07\\\/24\\\/das-haus-mit-zwei-daechern\\\/#respond\"]}]},{\"@type\":\"WebPage\",\"@id\":\"https:\\\/\\\/www.gaidaphotos.com\\\/blog\\\/2020\\\/07\\\/24\\\/das-haus-mit-zwei-daechern\\\/\",\"url\":\"https:\\\/\\\/www.gaidaphotos.com\\\/blog\\\/2020\\\/07\\\/24\\\/das-haus-mit-zwei-daechern\\\/\",\"name\":\"Das Haus mit zwei D\u00e4chern - K\u00f6ln Rodenkirchen und die Welt\",\"isPartOf\":{\"@id\":\"https:\\\/\\\/www.gaidaphotos.com\\\/blog\\\/#website\"},\"primaryImageOfPage\":{\"@id\":\"https:\\\/\\\/www.gaidaphotos.com\\\/blog\\\/2020\\\/07\\\/24\\\/das-haus-mit-zwei-daechern\\\/#primaryimage\"},\"image\":{\"@id\":\"https:\\\/\\\/www.gaidaphotos.com\\\/blog\\\/2020\\\/07\\\/24\\\/das-haus-mit-zwei-daechern\\\/#primaryimage\"},\"thumbnailUrl\":\"https:\\\/\\\/i0.wp.com\\\/www.gaidaphotos.com\\\/blog\\\/wp-content\\\/uploads\\\/2020\\\/07\\\/koeln-rodenkirchen-schillingsrotter-strasse-scaled.jpg?fit=2560%2C2560&ssl=1\",\"datePublished\":\"2020-07-24T12:33:11+00:00\",\"dateModified\":\"2020-07-24T12:51:16+00:00\",\"description\":\"Foto: Ein Haus mit gleich zwei D\u00e4chern findet sich zur Zeit (VII 2020) an der Schillingsrotter Stra\u00dfe.\",\"breadcrumb\":{\"@id\":\"https:\\\/\\\/www.gaidaphotos.com\\\/blog\\\/2020\\\/07\\\/24\\\/das-haus-mit-zwei-daechern\\\/#breadcrumb\"},\"inLanguage\":\"de\",\"potentialAction\":[{\"@type\":\"ReadAction\",\"target\":[\"https:\\\/\\\/www.gaidaphotos.com\\\/blog\\\/2020\\\/07\\\/24\\\/das-haus-mit-zwei-daechern\\\/\"]}]},{\"@type\":\"ImageObject\",\"inLanguage\":\"de\",\"@id\":\"https:\\\/\\\/www.gaidaphotos.com\\\/blog\\\/2020\\\/07\\\/24\\\/das-haus-mit-zwei-daechern\\\/#primaryimage\",\"url\":\"https:\\\/\\\/i0.wp.com\\\/www.gaidaphotos.com\\\/blog\\\/wp-content\\\/uploads\\\/2020\\\/07\\\/koeln-rodenkirchen-schillingsrotter-strasse-scaled.jpg?fit=2560%2C2560&ssl=1\",\"contentUrl\":\"https:\\\/\\\/i0.wp.com\\\/www.gaidaphotos.com\\\/blog\\\/wp-content\\\/uploads\\\/2020\\\/07\\\/koeln-rodenkirchen-schillingsrotter-strasse-scaled.jpg?fit=2560%2C2560&ssl=1\",\"width\":2560,\"height\":2560,\"caption\":\"K\u00f6ln Rodenkirchen Haus Schillingsrotter str.\"},{\"@type\":\"BreadcrumbList\",\"@id\":\"https:\\\/\\\/www.gaidaphotos.com\\\/blog\\\/2020\\\/07\\\/24\\\/das-haus-mit-zwei-daechern\\\/#breadcrumb\",\"itemListElement\":[{\"@type\":\"ListItem\",\"position\":1,\"name\":\"Startseite\",\"item\":\"https:\\\/\\\/www.gaidaphotos.com\\\/blog\\\/\"},{\"@type\":\"ListItem\",\"position\":2,\"name\":\"Das Haus mit zwei D\u00e4chern\"}]},{\"@type\":\"WebSite\",\"@id\":\"https:\\\/\\\/www.gaidaphotos.com\\\/blog\\\/#website\",\"url\":\"https:\\\/\\\/www.gaidaphotos.com\\\/blog\\\/\",\"name\":\"K\u00f6ln Rodenkirchen und die Welt\",\"description\":\"Einkaufen, Restaurants, Freizeit, Nachrichten und was uns sonst bewegt und begegnet\",\"publisher\":{\"@id\":\"https:\\\/\\\/www.gaidaphotos.com\\\/blog\\\/#organization\"},\"potentialAction\":[{\"@type\":\"SearchAction\",\"target\":{\"@type\":\"EntryPoint\",\"urlTemplate\":\"https:\\\/\\\/www.gaidaphotos.com\\\/blog\\\/?s={search_term_string}\"},\"query-input\":{\"@type\":\"PropertyValueSpecification\",\"valueRequired\":true,\"valueName\":\"search_term_string\"}}],\"inLanguage\":\"de\"},{\"@type\":\"Organization\",\"@id\":\"https:\\\/\\\/www.gaidaphotos.com\\\/blog\\\/#organization\",\"name\":\"gaidaphotos\",\"url\":\"https:\\\/\\\/www.gaidaphotos.com\\\/blog\\\/\",\"logo\":{\"@type\":\"ImageObject\",\"inLanguage\":\"de\",\"@id\":\"https:\\\/\\\/www.gaidaphotos.com\\\/blog\\\/#\\\/schema\\\/logo\\\/image\\\/\",\"url\":\"https:\\\/\\\/i0.wp.com\\\/www.gaidaphotos.com\\\/blog\\\/wp-content\\\/uploads\\\/2020\\\/07\\\/GAIDAPHOTOS-COM.jpg?fit=160%2C96&ssl=1\",\"contentUrl\":\"https:\\\/\\\/i0.wp.com\\\/www.gaidaphotos.com\\\/blog\\\/wp-content\\\/uploads\\\/2020\\\/07\\\/GAIDAPHOTOS-COM.jpg?fit=160%2C96&ssl=1\",\"width\":160,\"height\":96,\"caption\":\"gaidaphotos\"},\"image\":{\"@id\":\"https:\\\/\\\/www.gaidaphotos.com\\\/blog\\\/#\\\/schema\\\/logo\\\/image\\\/\"},\"sameAs\":[\"https:\\\/\\\/www.facebook.com\\\/Koeln.Rodenkirchen\",\"https:\\\/\\\/x.com\\\/gaidaphotos\",\"https:\\\/\\\/instagram.com\\\/gaidaphotos\\\/\",\"https:\\\/\\\/de.linkedin.com\\\/in\\\/gaidaphotos\",\"https:\\\/\\\/myspace.com\\\/gaidaphotos\",\"https:\\\/\\\/www.pinterest.com\\\/gaidaphotos\\\/\",\"https:\\\/\\\/www.youtube.com\\\/user\\\/gaidaphotos\"]},{\"@type\":\"Person\",\"@id\":\"https:\\\/\\\/www.gaidaphotos.com\\\/blog\\\/#\\\/schema\\\/person\\\/6c444a5b13ffc503c5c32f5a9ec68b21\",\"name\":\"Thomas\",\"sameAs\":[\"https:\\\/\\\/www.gaidaphotos.com\",\"https:\\\/\\\/www.facebook.com\\\/gaidaphotos\",\"https:\\\/\\\/instagram.com\\\/gaidaphotos\\\/\",\"https:\\\/\\\/www.linkedin.com\\\/in\\\/gaidaphotos\",\"http:\\\/\\\/www.pinterest.com\\\/gaidaphotos\\\/\",\"https:\\\/\\\/x.com\\\/gaidaphotos\",\"https:\\\/\\\/myspace.com\\\/gaidaphotos\",\"https:\\\/\\\/www.youtube.com\\\/user\\\/gaidaphotos\",\"https:\\\/\\\/gaidaphotos.tumblr.com\\\/\"]}]}<\/script>\n<!-- \/ Yoast SEO plugin. -->","yoast_head_json":{"title":"Das Haus mit zwei D\u00e4chern - K\u00f6ln Rodenkirchen und die Welt","description":"Foto: Ein Haus mit gleich zwei D\u00e4chern findet sich zur Zeit (VII 2020) an der Schillingsrotter Stra\u00dfe.","robots":{"index":"index","follow":"follow","max-snippet":"max-snippet:-1","max-image-preview":"max-image-preview:large","max-video-preview":"max-video-preview:-1"},"canonical":"https:\/\/www.gaidaphotos.com\/blog\/2020\/07\/24\/das-haus-mit-zwei-daechern\/","og_locale":"de_DE","og_type":"article","og_title":"Das Haus mit zwei D\u00e4chern - K\u00f6ln Rodenkirchen und die Welt","og_description":"Foto: Ein Haus mit gleich zwei D\u00e4chern findet sich zur Zeit (VII 2020) an der Schillingsrotter Stra\u00dfe.","og_url":"https:\/\/www.gaidaphotos.com\/blog\/2020\/07\/24\/das-haus-mit-zwei-daechern\/","og_site_name":"K\u00f6ln Rodenkirchen und die Welt","article_publisher":"https:\/\/www.facebook.com\/Koeln.Rodenkirchen","article_author":"https:\/\/www.facebook.com\/gaidaphotos","article_published_time":"2020-07-24T12:33:11+00:00","article_modified_time":"2020-07-24T12:51:16+00:00","og_image":[{"width":2560,"height":2560,"url":"https:\/\/i0.wp.com\/www.gaidaphotos.com\/blog\/wp-content\/uploads\/2020\/07\/koeln-rodenkirchen-schillingsrotter-strasse-scaled.jpg?fit=2560%2C2560&ssl=1","type":"image\/jpeg"}],"author":"Thomas","twitter_card":"summary_large_image","twitter_creator":"@gaidaphotos","twitter_site":"@gaidaphotos","twitter_misc":{"Verfasst von":"Thomas"},"schema":{"@context":"https:\/\/schema.org","@graph":[{"@type":"Article","@id":"https:\/\/www.gaidaphotos.com\/blog\/2020\/07\/24\/das-haus-mit-zwei-daechern\/#article","isPartOf":{"@id":"https:\/\/www.gaidaphotos.com\/blog\/2020\/07\/24\/das-haus-mit-zwei-daechern\/"},"author":{"name":"Thomas","@id":"https:\/\/www.gaidaphotos.com\/blog\/#\/schema\/person\/6c444a5b13ffc503c5c32f5a9ec68b21"},"headline":"Das Haus mit zwei D\u00e4chern","datePublished":"2020-07-24T12:33:11+00:00","dateModified":"2020-07-24T12:51:16+00:00","mainEntityOfPage":{"@id":"https:\/\/www.gaidaphotos.com\/blog\/2020\/07\/24\/das-haus-mit-zwei-daechern\/"},"wordCount":76,"commentCount":0,"publisher":{"@id":"https:\/\/www.gaidaphotos.com\/blog\/#organization"},"image":{"@id":"https:\/\/www.gaidaphotos.com\/blog\/2020\/07\/24\/das-haus-mit-zwei-daechern\/#primaryimage"},"thumbnailUrl":"https:\/\/i0.wp.com\/www.gaidaphotos.com\/blog\/wp-content\/uploads\/2020\/07\/koeln-rodenkirchen-schillingsrotter-strasse-scaled.jpg?fit=2560%2C2560&ssl=1","keywords":["K\u00f6ln Rodenkirchen"],"articleSection":["K\u00f6ln Rodenkirchen","K\u00f6ln-Rodenkirchen Fotos"],"inLanguage":"de","potentialAction":[{"@type":"CommentAction","name":"Comment","target":["https:\/\/www.gaidaphotos.com\/blog\/2020\/07\/24\/das-haus-mit-zwei-daechern\/#respond"]}]},{"@type":"WebPage","@id":"https:\/\/www.gaidaphotos.com\/blog\/2020\/07\/24\/das-haus-mit-zwei-daechern\/","url":"https:\/\/www.gaidaphotos.com\/blog\/2020\/07\/24\/das-haus-mit-zwei-daechern\/","name":"Das Haus mit zwei D\u00e4chern - K\u00f6ln Rodenkirchen und die Welt","isPartOf":{"@id":"https:\/\/www.gaidaphotos.com\/blog\/#website"},"primaryImageOfPage":{"@id":"https:\/\/www.gaidaphotos.com\/blog\/2020\/07\/24\/das-haus-mit-zwei-daechern\/#primaryimage"},"image":{"@id":"https:\/\/www.gaidaphotos.com\/blog\/2020\/07\/24\/das-haus-mit-zwei-daechern\/#primaryimage"},"thumbnailUrl":"https:\/\/i0.wp.com\/www.gaidaphotos.com\/blog\/wp-content\/uploads\/2020\/07\/koeln-rodenkirchen-schillingsrotter-strasse-scaled.jpg?fit=2560%2C2560&ssl=1","datePublished":"2020-07-24T12:33:11+00:00","dateModified":"2020-07-24T12:51:16+00:00","description":"Foto: Ein Haus mit gleich zwei D\u00e4chern findet sich zur Zeit (VII 2020) an der Schillingsrotter Stra\u00dfe.","breadcrumb":{"@id":"https:\/\/www.gaidaphotos.com\/blog\/2020\/07\/24\/das-haus-mit-zwei-daechern\/#breadcrumb"},"inLanguage":"de","potentialAction":[{"@type":"ReadAction","target":["https:\/\/www.gaidaphotos.com\/blog\/2020\/07\/24\/das-haus-mit-zwei-daechern\/"]}]},{"@type":"ImageObject","inLanguage":"de","@id":"https:\/\/www.gaidaphotos.com\/blog\/2020\/07\/24\/das-haus-mit-zwei-daechern\/#primaryimage","url":"https:\/\/i0.wp.com\/www.gaidaphotos.com\/blog\/wp-content\/uploads\/2020\/07\/koeln-rodenkirchen-schillingsrotter-strasse-scaled.jpg?fit=2560%2C2560&ssl=1","contentUrl":"https:\/\/i0.wp.com\/www.gaidaphotos.com\/blog\/wp-content\/uploads\/2020\/07\/koeln-rodenkirchen-schillingsrotter-strasse-scaled.jpg?fit=2560%2C2560&ssl=1","width":2560,"height":2560,"caption":"K\u00f6ln Rodenkirchen Haus Schillingsrotter str."},{"@type":"BreadcrumbList","@id":"https:\/\/www.gaidaphotos.com\/blog\/2020\/07\/24\/das-haus-mit-zwei-daechern\/#breadcrumb","itemListElement":[{"@type":"ListItem","position":1,"name":"Startseite","item":"https:\/\/www.gaidaphotos.com\/blog\/"},{"@type":"ListItem","position":2,"name":"Das Haus mit zwei D\u00e4chern"}]},{"@type":"WebSite","@id":"https:\/\/www.gaidaphotos.com\/blog\/#website","url":"https:\/\/www.gaidaphotos.com\/blog\/","name":"K\u00f6ln Rodenkirchen und die Welt","description":"Einkaufen, Restaurants, Freizeit, Nachrichten und was uns sonst bewegt und begegnet","publisher":{"@id":"https:\/\/www.gaidaphotos.com\/blog\/#organization"},"potentialAction":[{"@type":"SearchAction","target":{"@type":"EntryPoint","urlTemplate":"https:\/\/www.gaidaphotos.com\/blog\/?s={search_term_string}"},"query-input":{"@type":"PropertyValueSpecification","valueRequired":true,"valueName":"search_term_string"}}],"inLanguage":"de"},{"@type":"Organization","@id":"https:\/\/www.gaidaphotos.com\/blog\/#organization","name":"gaidaphotos","url":"https:\/\/www.gaidaphotos.com\/blog\/","logo":{"@type":"ImageObject","inLanguage":"de","@id":"https:\/\/www.gaidaphotos.com\/blog\/#\/schema\/logo\/image\/","url":"https:\/\/i0.wp.com\/www.gaidaphotos.com\/blog\/wp-content\/uploads\/2020\/07\/GAIDAPHOTOS-COM.jpg?fit=160%2C96&ssl=1","contentUrl":"https:\/\/i0.wp.com\/www.gaidaphotos.com\/blog\/wp-content\/uploads\/2020\/07\/GAIDAPHOTOS-COM.jpg?fit=160%2C96&ssl=1","width":160,"height":96,"caption":"gaidaphotos"},"image":{"@id":"https:\/\/www.gaidaphotos.com\/blog\/#\/schema\/logo\/image\/"},"sameAs":["https:\/\/www.facebook.com\/Koeln.Rodenkirchen","https:\/\/x.com\/gaidaphotos","https:\/\/instagram.com\/gaidaphotos\/","https:\/\/de.linkedin.com\/in\/gaidaphotos","https:\/\/myspace.com\/gaidaphotos","https:\/\/www.pinterest.com\/gaidaphotos\/","https:\/\/www.youtube.com\/user\/gaidaphotos"]},{"@type":"Person","@id":"https:\/\/www.gaidaphotos.com\/blog\/#\/schema\/person\/6c444a5b13ffc503c5c32f5a9ec68b21","name":"Thomas","sameAs":["https:\/\/www.gaidaphotos.com","https:\/\/www.facebook.com\/gaidaphotos","https:\/\/instagram.com\/gaidaphotos\/","https:\/\/www.linkedin.com\/in\/gaidaphotos","http:\/\/www.pinterest.com\/gaidaphotos\/","https:\/\/x.com\/gaidaphotos","https:\/\/myspace.com\/gaidaphotos","https:\/\/www.youtube.com\/user\/gaidaphotos","https:\/\/gaidaphotos.tumblr.com\/"]}]}},"jetpack_publicize_connections":[],"jetpack_featured_media_url":"https:\/\/i0.wp.com\/www.gaidaphotos.com\/blog\/wp-content\/uploads\/2020\/07\/koeln-rodenkirchen-schillingsrotter-strasse-scaled.jpg?fit=2560%2C2560&ssl=1","jetpack_sharing_enabled":true,"jetpack_likes_enabled":true,"jetpack-related-posts":[{"id":3936,"url":"https:\/\/www.gaidaphotos.com\/blog\/2011\/12\/14\/weihnachtsbaum-kaufen-in-koln-rodenkirchen\/","url_meta":{"origin":12230,"position":0},"title":"Weihnachtsbaum kaufen in K\u00f6ln-Rodenkirchen","author":"Thomas","date":"14. Dezember 2011","format":false,"excerpt":"Weihnachtsbaum kaufen 2012 in K\u00f6ln-Rodenkirchen Auch in diesem Jahr kaufen wir unseren Weihnachtsbaum beim gro\u00dfen Weihnachtsbaumverkauf der Jugendfeuerwehr K\u00f6ln-Rodenkirchen. Was gibt es sch\u00f6neres, als am Heiligen Abend die Pakete unter dem Weihnachtsbaum zu finden. Egal ob elektrisch oder mit echten Kerzen, nicht leutet so sch\u00f6n wie ein Weihnachtsbaum. Wer seinen\u2026","rel":"","context":"In &quot;K\u00f6ln Rodenkirchen Einkaufen&quot;","block_context":{"text":"K\u00f6ln Rodenkirchen Einkaufen","link":"https:\/\/www.gaidaphotos.com\/blog\/category\/koeln-rodenkirchen\/koeln-rodenkirchen-einkaufen\/"},"img":{"alt_text":"","src":"https:\/\/www.gaidaphotos.com\/blog\/wp-content\/uploads\/2020\/08\/nggallery_import\/74_","width":350,"height":200},"classes":[]},{"id":3179,"url":"https:\/\/www.gaidaphotos.com\/blog\/2010\/07\/09\/freiwillige-feuerwehr-rodenkirchen\/","url_meta":{"origin":12230,"position":1},"title":"Freiwillige Feuerwehr Rodenkirchen: Tag der offenen T\u00fcr 10.07.2010","author":"Thomas","date":"9. Juli 2010","format":false,"excerpt":"Freiwillige Feuerwehr Rodenkirchen; Tag der offenen T\u00fcr 10.07.2010 Feiern bis die Feuerwehr kommt? Am Samstag 10.Juli 2010 l\u00e4dt die Freiwillige Feuerwehr Rodenkirchen zum Tag der \u00f6ffnen T\u00fcr. Ab 1000 Uhr sind in der Feuerwache Rodenkirchen der Freiwilligen Feuerwehr an der Schillingsrotter Stra\u00dfe (Ecke Ringstra\u00dfe) Fahrzeuge ausgestellt. Weiterhin gibt es spektakul\u00e4re\u2026","rel":"","context":"In &quot;K\u00f6ln Rodenkirchen Freizeit&quot;","block_context":{"text":"K\u00f6ln Rodenkirchen Freizeit","link":"https:\/\/www.gaidaphotos.com\/blog\/category\/koeln-rodenkirchen\/koeln-rodenkirchen-freizeit\/"},"img":{"alt_text":"","src":"","width":0,"height":0},"classes":[]},{"id":9133,"url":"https:\/\/www.gaidaphotos.com\/blog\/2015\/12\/02\/weihnachtsbaumverkauf-in-rodenkirchen-2015\/","url_meta":{"origin":12230,"position":2},"title":"Weihnachtsbaumverkauf in Rodenkirchen 2015","author":"Thomas","date":"2. Dezember 2015","format":false,"excerpt":"Weihnachtsbaum kaufen und Gutes tun wohlt\u00e4tiger Weihnachtsbaumverkauf in Rodenkirchen 2015 Im Dezember k\u00f6nnen Sie wieder in Rodenkirchen g\u00fcnstig einen Weihnachtsbaum erwerben und gleichzeitig einen guten Zweck unterst\u00fctzen. Am 12.\/13.12.15 verkaufen der Lions Club und am 18.\/19.\/20.12.15 die Jugendfeuerwehr Christb\u00e4ume. Zu Weihnachten geh\u00f6rt ein Weihnachtsbaum. Seit der Prinzregent im Deutsch-Franz\u00f6sischen Krieg\u2026","rel":"","context":"In &quot;K\u00f6ln Rodenkirchen Einkaufen&quot;","block_context":{"text":"K\u00f6ln Rodenkirchen Einkaufen","link":"https:\/\/www.gaidaphotos.com\/blog\/category\/koeln-rodenkirchen\/koeln-rodenkirchen-einkaufen\/"},"img":{"alt_text":"","src":"https:\/\/i0.wp.com\/www.gaidaphotos.com\/blog\/wp-content\/uploads\/ngg_featured\/weihnachtskugel-08.jpg?fit=1024%2C683&ssl=1&resize=350%2C200","width":350,"height":200,"srcset":"https:\/\/i0.wp.com\/www.gaidaphotos.com\/blog\/wp-content\/uploads\/ngg_featured\/weihnachtskugel-08.jpg?fit=1024%2C683&ssl=1&resize=350%2C200 1x, https:\/\/i0.wp.com\/www.gaidaphotos.com\/blog\/wp-content\/uploads\/ngg_featured\/weihnachtskugel-08.jpg?fit=1024%2C683&ssl=1&resize=525%2C300 1.5x, https:\/\/i0.wp.com\/www.gaidaphotos.com\/blog\/wp-content\/uploads\/ngg_featured\/weihnachtskugel-08.jpg?fit=1024%2C683&ssl=1&resize=700%2C400 2x"},"classes":[]},{"id":5238,"url":"https:\/\/www.gaidaphotos.com\/blog\/2012\/12\/05\/weihnachtsbaumverkauf-in-koeln-rodenkirchen\/","url_meta":{"origin":12230,"position":3},"title":"Gro\u00dfer Weihnachtsbaumverkauf in K\u00f6ln Rodenkirchen","author":"Thomas","date":"5. Dezember 2012","format":false,"excerpt":"Weihnachtsbaumverkauf zum guten Zweck Wie schon in den Vorjahren k\u00f6nnen Sie auch in diesem Jahr wieder preiswert frisch geschlagene und sch\u00f6n gewachsene Weihnachtsb\u00e4ume kaufen und gleich mehrere gute Dinge tun. Zum einen bekommen Sie einen sch\u00f6nen Weihnachtsbaum, frisch geschlagen aus benachbarten Forsten. Da freut sich die ganze Familie. Und die\u2026","rel":"","context":"In &quot;K\u00f6ln Rodenkirchen Einkaufen&quot;","block_context":{"text":"K\u00f6ln Rodenkirchen Einkaufen","link":"https:\/\/www.gaidaphotos.com\/blog\/category\/koeln-rodenkirchen\/koeln-rodenkirchen-einkaufen\/"},"img":{"alt_text":"","src":"https:\/\/www.gaidaphotos.com\/blog\/wp-content\/uploads\/2020\/08\/nggallery_import\/123_","width":350,"height":200},"classes":[]},{"id":5472,"url":"https:\/\/www.gaidaphotos.com\/blog\/2013\/03\/07\/luftrettung-in-rodenkirchen\/","url_meta":{"origin":12230,"position":4},"title":"Luftrettung in Rodenkirchen","author":"Thomas","date":"7. M\u00e4rz 2013","format":false,"excerpt":"Hubschrauber der Luftrettung landet in Rodenkirchen Was war das heute eine Aufregung. Erst der typische Hubschrauberl\u00e4rm der immer lauter wird. Dann landet ein Hubschrauber der Luftrettung am Kreisverkehr zwischen Schillingsrotter Weg und Nibelungenweg in Rodenkirchen. Ein Rettungswagen wartete neben der Sparkasse. Was war passiert? Notfalleinsatz in der Sparkasse Eine \u00e4ltere\u2026","rel":"","context":"In &quot;K\u00f6ln Rodenkirchen&quot;","block_context":{"text":"K\u00f6ln Rodenkirchen","link":"https:\/\/www.gaidaphotos.com\/blog\/category\/koeln-rodenkirchen\/"},"img":{"alt_text":"","src":"https:\/\/www.gaidaphotos.com\/blog\/wp-content\/uploads\/2020\/08\/nggallery_import\/132_","width":350,"height":200,"srcset":"https:\/\/www.gaidaphotos.com\/blog\/wp-content\/uploads\/2020\/08\/nggallery_import\/132_ 1x, https:\/\/www.gaidaphotos.com\/blog\/wp-content\/uploads\/2020\/08\/nggallery_import\/132_ 1.5x, https:\/\/www.gaidaphotos.com\/blog\/wp-content\/uploads\/2020\/08\/nggallery_import\/132_ 2x"},"classes":[]},{"id":3378,"url":"https:\/\/www.gaidaphotos.com\/blog\/2010\/09\/10\/rodenkirchen-erinnert-sich-15-09-2010\/","url_meta":{"origin":12230,"position":5},"title":"Rodenkirchen erinnert sich am 15.09.2010","author":"Thomas","date":"10. September 2010","format":false,"excerpt":"Rodenkirchen erinnert sich - Geschichtswerkstatt 100 Jahre Denkmalpflege in Rodenkirchen Schon vor 100 Jahren stellte Rodenkirchen seinen historischen kern unter Denkmalschutz. Im \"Orsstatut zum Schutze der Ortschaft Rodenkirchen gegen Verunstaltungen\" sch\u00fctzen die Rodenkirchener als erste Gemeinde im Stadtgebiet K\u00f6lns und als eine der ersten im Rheinland den Kernbereich des Dorfes.\u2026","rel":"","context":"In &quot;Alte Bilder aus K\u00f6ln Rodenkirchen&quot;","block_context":{"text":"Alte Bilder aus K\u00f6ln Rodenkirchen","link":"https:\/\/www.gaidaphotos.com\/blog\/category\/foto\/alte-bilder-aus-koln-rodenkirchen\/"},"img":{"alt_text":"","src":"","width":0,"height":0},"classes":[]}],"_links":{"self":[{"href":"https:\/\/www.gaidaphotos.com\/blog\/wp-json\/wp\/v2\/posts\/12230","targetHints":{"allow":["GET"]}}],"collection":[{"href":"https:\/\/www.gaidaphotos.com\/blog\/wp-json\/wp\/v2\/posts"}],"about":[{"href":"https:\/\/www.gaidaphotos.com\/blog\/wp-json\/wp\/v2\/types\/post"}],"author":[{"embeddable":true,"href":"https:\/\/www.gaidaphotos.com\/blog\/wp-json\/wp\/v2\/users\/6"}],"replies":[{"embeddable":true,"href":"https:\/\/www.gaidaphotos.com\/blog\/wp-json\/wp\/v2\/comments?post=12230"}],"version-history":[{"count":0,"href":"https:\/\/www.gaidaphotos.com\/blog\/wp-json\/wp\/v2\/posts\/12230\/revisions"}],"wp:featuredmedia":[{"embeddable":true,"href":"https:\/\/www.gaidaphotos.com\/blog\/wp-json\/wp\/v2\/media\/12231"}],"wp:attachment":[{"href":"https:\/\/www.gaidaphotos.com\/blog\/wp-json\/wp\/v2\/media?parent=12230"}],"wp:term":[{"taxonomy":"category","embeddable":true,"href":"https:\/\/www.gaidaphotos.com\/blog\/wp-json\/wp\/v2\/categories?post=12230"},{"taxonomy":"post_tag","embeddable":true,"href":"https:\/\/www.gaidaphotos.com\/blog\/wp-json\/wp\/v2\/tags?post=12230"}],"curies":[{"name":"wp","href":"https:\/\/api.w.org\/{rel}","templated":true}]}}