{"id":12245,"date":"2020-08-06T18:17:04","date_gmt":"2020-08-06T16:17:04","guid":{"rendered":"https:\/\/www.gaidaphotos.com\/blog\/?p=12245"},"modified":"2020-08-06T18:20:59","modified_gmt":"2020-08-06T16:20:59","slug":"maastricht-besuch-in-corona-zeiten","status":"publish","type":"post","link":"https:\/\/www.gaidaphotos.com\/blog\/2020\/08\/06\/maastricht-besuch-in-corona-zeiten\/","title":{"rendered":"Maastricht Besuch in Corona Zeiten"},"content":{"rendered":"\n<div class=\"wp-block-media-text alignwide is-stacked-on-mobile\"><figure class=\"wp-block-media-text__media\"><img data-recalc-dims=\"1\" loading=\"lazy\" decoding=\"async\" width=\"769\" height=\"1024\" src=\"https:\/\/i0.wp.com\/www.gaidaphotos.com\/blog\/wp-content\/uploads\/2020\/08\/maastricht.jpg?resize=769%2C1024&#038;ssl=1\" alt=\"Maastricht, Corona, Einbahnstra\u00dfe\" class=\"wp-image-12246\" srcset=\"https:\/\/i0.wp.com\/www.gaidaphotos.com\/blog\/wp-content\/uploads\/2020\/08\/maastricht.jpg?w=769&amp;ssl=1 769w, https:\/\/i0.wp.com\/www.gaidaphotos.com\/blog\/wp-content\/uploads\/2020\/08\/maastricht.jpg?resize=188%2C250&amp;ssl=1 188w\" sizes=\"auto, (max-width: 769px) 100vw, 769px\" \/><\/figure><div class=\"wp-block-media-text__content\">\n<p class=\"has-large-font-size wp-block-paragraph\">So ist der Maastricht Besuch mit COVID19 Gefahr<\/p>\n\n\n\n<p class=\"wp-block-paragraph\">Wir fahren gerne nach Maastricht. Die kleine holl\u00e4ndische Stadt an der Maas ist nur ca. 100km von K\u00f6ln entfernt und mit dem Auto schnell zu erreichen.<\/p>\n\n\n\n<p class=\"wp-block-paragraph\">Vor allem fahren wir wegen der vielen Leckereien in die Provinz Limburg.<br>Ob ger\u00f6stete Erdn\u00fcsse von Blanche Deal oder belgische Schokolade &#8211; es gibt jede Menge au\u00dfergew\u00f6hnlich wohlschmeckende Produkte in Maastricht.<\/p>\n<\/div><\/div>\n\n\n\n<!--more-->\n\n\n\n<h3 class=\"wp-block-heading\">Mittwochs und Freitags ist in Maastricht Markt<\/h3>\n\n\n\n<p class=\"wp-block-paragraph\">Diesmal hatten wir es besonders auf den Wochenmarkt auf dem gro\u00dfen Platz abgesehen. Die Gem\u00fcse- und Obstst\u00e4nde sind \u00fcberw\u00e4ltigend und unglaublich preiswert. Warum findet man bei uns so eine Ware nur zu H\u00f6chstpreisen?<\/p>\n\n\n\n<p class=\"wp-block-paragraph\">Und w\u00e4hrend Corona gibt es sogar einen zweiten, kleineren Markt auf dem &#8222;Friedhof&#8220; (Vrijthof), vor der Kirche des Hl. Servatitius.<\/p>\n\n\n\n<h2 class=\"wp-block-heading\">Corona-Regeln in Holland<\/h2>\n\n\n\n<p class=\"wp-block-paragraph\">Sofort f\u00e4llt auf, dass es in Holland keine Maskenpflicht f\u00fcr Einzelhandelsgesch\u00e4ft gibt. Hier achtet man nur auf den Mindestabstand bzw. beschr\u00e4nkt die Zahl der Kunden, die sich gleichzeitig im Gesch\u00e4ft aufhalten d\u00fcrfen. Auf dem Markt wird das, obwohl im Freien und gut bel\u00fcftet, besonders deutlich durch Absperrungen durchgesetzt.<\/p>\n\n\n\n<p class=\"wp-block-paragraph\">Auff\u00e4llig ist auch, wie die kleinen Gassen in der Fu\u00dfg\u00e4ngerzone in &#8222;Einbahnstra\u00dfen&#8220;, siehe Foto, verwandelt wurden. Jeder h\u00e4lt sich auf der rechten Stra\u00dfenseite wie beim Autofahren. Ganz besonders kleine Gassen wurden sogar zur echten Einbahnstra\u00dfe f\u00fcr Fu\u00dfg\u00e4nger erkl\u00e4rt.<br>Die Idee gef\u00e4llt und sollte auch in deutschen Innenst\u00e4dten umgesetzt werden und nicht nur zu Corona Zeiten. Man kommt schneller und bequemer, ohne Rempler und ohne Anzusto\u00dfen, voran.<\/p>\n\n\n\n<p class=\"wp-block-paragraph\">Dagegen \u00fcberraschen die Regeln f\u00fcr die Gastronomie doch sehr. So scheint es f\u00fcr G\u00e4ste im Au\u00dfenbereich keine Abstandsregeln zu geben. Das erscheint widersinnig, wenn man mit 1,5m Abstand auf den Einlass in&#8217;s Lokal warten muss. Um dann direkt R\u00fccken an R\u00fccken oder Schulter an Schulter, so wie fr\u00fcher, zu sitzen. Trotz der frischen Luft ist das zu nah.<\/p>\n\n\n\n<p class=\"wp-block-paragraph\">Fazit: Vor allem wenn man das besonders gesch\u00e4ftige Wochenende (insbesondere Sonntag) vermeidet, kann man entspannt wie immer das Shoppen in Maastricht genie\u00dfen.<\/p>\n\n\n\n<p class=\"wp-block-paragraph\"><strong>Aktuell<\/strong> August 2020: Aufgrund der Pandemieentwicklung in Holland versch\u00e4rfen einige St\u00e4dte die Regeln und fordern nun grunds\u00e4tzlich eine Nasen- und Mundbedeckung. Das gilt nicht nur in Innenr\u00e4umen sondern auch auf der Stra\u00dfe. Informieren Sie sich bitte vor Ihrer Reise bei der Touristen Information in Maastricht (Link unten).<\/p>\n\n\n\n<h2 class=\"wp-block-heading\">Mehr Information zu Maastricht<\/h2>\n\n\n\n<p class=\"wp-block-paragraph\"><a href=\"https:\/\/www.gaidaphotos.com\/blog\/verkaufsoffener-sonntag-strassenfest-weihnachtsmarkt\/verkaufsoffene-sonntage-und-feiertage-maastricht-holland\/\" target=\"_blank\" rel=\"noreferrer noopener\">verkaufsoffene Sonntage und Feiertage in Maastricht<\/a><\/p>\n\n\n\n<p class=\"wp-block-paragraph\"><a href=\"https:\/\/www.besuchemaastricht.de\/\" target=\"_blank\" rel=\"noreferrer noopener\">Touristen Information zu Maastricht<\/a> &#8211; mit aktueller Information zu Corona Regeln<\/p>\n","protected":false},"excerpt":{"rendered":"<p>Wir fahren gerne nach Maastricht. Die kleine holl\u00e4ndische Stadt an der Maas ist nur ca. 100km von K\u00f6ln entfernt und mit dem Auto schnell zu erreichen.<br \/>\nUnd damit Sie auf die Corona Ma\u00dfnahmen vorbereitet sind, hier ein paar Informationen.<\/p>\n","protected":false},"author":6,"featured_media":12246,"comment_status":"open","ping_status":"open","sticky":false,"template":"","format":"standard","meta":{"_crdt_document":"","ngg_post_thumbnail":0,"jetpack_post_was_ever_published":false,"_jetpack_newsletter_access":"","_jetpack_dont_email_post_to_subs":false,"_jetpack_newsletter_tier_id":0,"_jetpack_memberships_contains_paywalled_content":false,"_jetpack_memberships_contains_paid_content":false,"footnotes":"","jetpack_publicize_message":"","jetpack_publicize_feature_enabled":true,"jetpack_social_post_already_shared":true,"jetpack_social_options":{"image_generator_settings":{"template":"highway","default_image_id":0,"font":"","enabled":false},"version":2}},"categories":[76,109],"tags":[108,550,53],"class_list":["post-12245","post","type-post","status-publish","format-standard","has-post-thumbnail","hentry","category-holland","category-maastricht-einkaufen-restaurants","tag-einkaufen","tag-maastricht","tag-shopping"],"yoast_head":"<!-- This site is optimized with the Yoast SEO plugin v27.5 - https:\/\/yoast.com\/product\/yoast-seo-wordpress\/ -->\n<title>Maastricht Besuch in Corona Zeiten - K\u00f6ln Rodenkirchen und die Welt<\/title>\n<meta name=\"description\" content=\"Aktuelle Information zu den Corona Regeln beim Besuch in Maastricht (Holland) und aktualisierte Einkaufstipps.\" \/>\n<meta name=\"robots\" content=\"index, follow, max-snippet:-1, max-image-preview:large, max-video-preview:-1\" \/>\n<link rel=\"canonical\" href=\"https:\/\/www.gaidaphotos.com\/blog\/2020\/08\/06\/maastricht-besuch-in-corona-zeiten\/\" \/>\n<meta property=\"og:locale\" content=\"de_DE\" \/>\n<meta property=\"og:type\" content=\"article\" \/>\n<meta property=\"og:title\" content=\"Maastricht Besuch in Corona Zeiten - K\u00f6ln Rodenkirchen und die Welt\" \/>\n<meta property=\"og:description\" content=\"Aktuelle Information zu den Corona Regeln beim Besuch in Maastricht (Holland) und aktualisierte Einkaufstipps.\" \/>\n<meta property=\"og:url\" content=\"https:\/\/www.gaidaphotos.com\/blog\/2020\/08\/06\/maastricht-besuch-in-corona-zeiten\/\" \/>\n<meta property=\"og:site_name\" content=\"K\u00f6ln Rodenkirchen und die Welt\" \/>\n<meta property=\"article:publisher\" content=\"https:\/\/www.facebook.com\/Koeln.Rodenkirchen\" \/>\n<meta property=\"article:author\" content=\"https:\/\/www.facebook.com\/gaidaphotos\" \/>\n<meta property=\"article:published_time\" content=\"2020-08-06T16:17:04+00:00\" \/>\n<meta property=\"article:modified_time\" content=\"2020-08-06T16:20:59+00:00\" \/>\n<meta property=\"og:image\" content=\"https:\/\/i0.wp.com\/www.gaidaphotos.com\/blog\/wp-content\/uploads\/2020\/08\/maastricht.jpg?fit=769%2C1024&ssl=1\" \/>\n\t<meta property=\"og:image:width\" content=\"769\" \/>\n\t<meta property=\"og:image:height\" content=\"1024\" \/>\n\t<meta property=\"og:image:type\" content=\"image\/jpeg\" \/>\n<meta name=\"author\" content=\"Thomas\" \/>\n<meta name=\"twitter:card\" content=\"summary_large_image\" \/>\n<meta name=\"twitter:creator\" content=\"@gaidaphotos\" \/>\n<meta name=\"twitter:site\" content=\"@gaidaphotos\" \/>\n<meta name=\"twitter:label1\" content=\"Verfasst von\" \/>\n\t<meta name=\"twitter:data1\" content=\"Thomas\" \/>\n\t<meta name=\"twitter:label2\" content=\"Gesch\u00e4tzte Lesezeit\" \/>\n\t<meta name=\"twitter:data2\" content=\"2\u00a0Minuten\" \/>\n<script type=\"application\/ld+json\" class=\"yoast-schema-graph\">{\"@context\":\"https:\\\/\\\/schema.org\",\"@graph\":[{\"@type\":\"Article\",\"@id\":\"https:\\\/\\\/www.gaidaphotos.com\\\/blog\\\/2020\\\/08\\\/06\\\/maastricht-besuch-in-corona-zeiten\\\/#article\",\"isPartOf\":{\"@id\":\"https:\\\/\\\/www.gaidaphotos.com\\\/blog\\\/2020\\\/08\\\/06\\\/maastricht-besuch-in-corona-zeiten\\\/\"},\"author\":{\"name\":\"Thomas\",\"@id\":\"https:\\\/\\\/www.gaidaphotos.com\\\/blog\\\/#\\\/schema\\\/person\\\/6c444a5b13ffc503c5c32f5a9ec68b21\"},\"headline\":\"Maastricht Besuch in Corona Zeiten\",\"datePublished\":\"2020-08-06T16:17:04+00:00\",\"dateModified\":\"2020-08-06T16:20:59+00:00\",\"mainEntityOfPage\":{\"@id\":\"https:\\\/\\\/www.gaidaphotos.com\\\/blog\\\/2020\\\/08\\\/06\\\/maastricht-besuch-in-corona-zeiten\\\/\"},\"wordCount\":442,\"commentCount\":0,\"publisher\":{\"@id\":\"https:\\\/\\\/www.gaidaphotos.com\\\/blog\\\/#organization\"},\"image\":{\"@id\":\"https:\\\/\\\/www.gaidaphotos.com\\\/blog\\\/2020\\\/08\\\/06\\\/maastricht-besuch-in-corona-zeiten\\\/#primaryimage\"},\"thumbnailUrl\":\"https:\\\/\\\/i0.wp.com\\\/www.gaidaphotos.com\\\/blog\\\/wp-content\\\/uploads\\\/2020\\\/08\\\/maastricht.jpg?fit=769%2C1024&ssl=1\",\"keywords\":[\"Einkaufen\\\/ Shopping\",\"Maastricht\",\"Shopping\"],\"articleSection\":[\"Holland\",\"Maastricht: Einkaufen, Restaurant &amp; Freizeit\"],\"inLanguage\":\"de\",\"potentialAction\":[{\"@type\":\"CommentAction\",\"name\":\"Comment\",\"target\":[\"https:\\\/\\\/www.gaidaphotos.com\\\/blog\\\/2020\\\/08\\\/06\\\/maastricht-besuch-in-corona-zeiten\\\/#respond\"]}]},{\"@type\":\"WebPage\",\"@id\":\"https:\\\/\\\/www.gaidaphotos.com\\\/blog\\\/2020\\\/08\\\/06\\\/maastricht-besuch-in-corona-zeiten\\\/\",\"url\":\"https:\\\/\\\/www.gaidaphotos.com\\\/blog\\\/2020\\\/08\\\/06\\\/maastricht-besuch-in-corona-zeiten\\\/\",\"name\":\"Maastricht Besuch in Corona Zeiten - K\u00f6ln Rodenkirchen und die Welt\",\"isPartOf\":{\"@id\":\"https:\\\/\\\/www.gaidaphotos.com\\\/blog\\\/#website\"},\"primaryImageOfPage\":{\"@id\":\"https:\\\/\\\/www.gaidaphotos.com\\\/blog\\\/2020\\\/08\\\/06\\\/maastricht-besuch-in-corona-zeiten\\\/#primaryimage\"},\"image\":{\"@id\":\"https:\\\/\\\/www.gaidaphotos.com\\\/blog\\\/2020\\\/08\\\/06\\\/maastricht-besuch-in-corona-zeiten\\\/#primaryimage\"},\"thumbnailUrl\":\"https:\\\/\\\/i0.wp.com\\\/www.gaidaphotos.com\\\/blog\\\/wp-content\\\/uploads\\\/2020\\\/08\\\/maastricht.jpg?fit=769%2C1024&ssl=1\",\"datePublished\":\"2020-08-06T16:17:04+00:00\",\"dateModified\":\"2020-08-06T16:20:59+00:00\",\"description\":\"Aktuelle Information zu den Corona Regeln beim Besuch in Maastricht (Holland) und aktualisierte Einkaufstipps.\",\"breadcrumb\":{\"@id\":\"https:\\\/\\\/www.gaidaphotos.com\\\/blog\\\/2020\\\/08\\\/06\\\/maastricht-besuch-in-corona-zeiten\\\/#breadcrumb\"},\"inLanguage\":\"de\",\"potentialAction\":[{\"@type\":\"ReadAction\",\"target\":[\"https:\\\/\\\/www.gaidaphotos.com\\\/blog\\\/2020\\\/08\\\/06\\\/maastricht-besuch-in-corona-zeiten\\\/\"]}]},{\"@type\":\"ImageObject\",\"inLanguage\":\"de\",\"@id\":\"https:\\\/\\\/www.gaidaphotos.com\\\/blog\\\/2020\\\/08\\\/06\\\/maastricht-besuch-in-corona-zeiten\\\/#primaryimage\",\"url\":\"https:\\\/\\\/i0.wp.com\\\/www.gaidaphotos.com\\\/blog\\\/wp-content\\\/uploads\\\/2020\\\/08\\\/maastricht.jpg?fit=769%2C1024&ssl=1\",\"contentUrl\":\"https:\\\/\\\/i0.wp.com\\\/www.gaidaphotos.com\\\/blog\\\/wp-content\\\/uploads\\\/2020\\\/08\\\/maastricht.jpg?fit=769%2C1024&ssl=1\",\"width\":769,\"height\":1024,\"caption\":\"Maastricht, Corona, Einbahnstra\u00dfe\"},{\"@type\":\"BreadcrumbList\",\"@id\":\"https:\\\/\\\/www.gaidaphotos.com\\\/blog\\\/2020\\\/08\\\/06\\\/maastricht-besuch-in-corona-zeiten\\\/#breadcrumb\",\"itemListElement\":[{\"@type\":\"ListItem\",\"position\":1,\"name\":\"Startseite\",\"item\":\"https:\\\/\\\/www.gaidaphotos.com\\\/blog\\\/\"},{\"@type\":\"ListItem\",\"position\":2,\"name\":\"Maastricht Besuch in Corona Zeiten\"}]},{\"@type\":\"WebSite\",\"@id\":\"https:\\\/\\\/www.gaidaphotos.com\\\/blog\\\/#website\",\"url\":\"https:\\\/\\\/www.gaidaphotos.com\\\/blog\\\/\",\"name\":\"K\u00f6ln Rodenkirchen und die Welt\",\"description\":\"Einkaufen, Restaurants, Freizeit, Nachrichten und was uns sonst bewegt und begegnet\",\"publisher\":{\"@id\":\"https:\\\/\\\/www.gaidaphotos.com\\\/blog\\\/#organization\"},\"potentialAction\":[{\"@type\":\"SearchAction\",\"target\":{\"@type\":\"EntryPoint\",\"urlTemplate\":\"https:\\\/\\\/www.gaidaphotos.com\\\/blog\\\/?s={search_term_string}\"},\"query-input\":{\"@type\":\"PropertyValueSpecification\",\"valueRequired\":true,\"valueName\":\"search_term_string\"}}],\"inLanguage\":\"de\"},{\"@type\":\"Organization\",\"@id\":\"https:\\\/\\\/www.gaidaphotos.com\\\/blog\\\/#organization\",\"name\":\"gaidaphotos\",\"url\":\"https:\\\/\\\/www.gaidaphotos.com\\\/blog\\\/\",\"logo\":{\"@type\":\"ImageObject\",\"inLanguage\":\"de\",\"@id\":\"https:\\\/\\\/www.gaidaphotos.com\\\/blog\\\/#\\\/schema\\\/logo\\\/image\\\/\",\"url\":\"https:\\\/\\\/i0.wp.com\\\/www.gaidaphotos.com\\\/blog\\\/wp-content\\\/uploads\\\/2020\\\/07\\\/GAIDAPHOTOS-COM.jpg?fit=160%2C96&ssl=1\",\"contentUrl\":\"https:\\\/\\\/i0.wp.com\\\/www.gaidaphotos.com\\\/blog\\\/wp-content\\\/uploads\\\/2020\\\/07\\\/GAIDAPHOTOS-COM.jpg?fit=160%2C96&ssl=1\",\"width\":160,\"height\":96,\"caption\":\"gaidaphotos\"},\"image\":{\"@id\":\"https:\\\/\\\/www.gaidaphotos.com\\\/blog\\\/#\\\/schema\\\/logo\\\/image\\\/\"},\"sameAs\":[\"https:\\\/\\\/www.facebook.com\\\/Koeln.Rodenkirchen\",\"https:\\\/\\\/x.com\\\/gaidaphotos\",\"https:\\\/\\\/instagram.com\\\/gaidaphotos\\\/\",\"https:\\\/\\\/de.linkedin.com\\\/in\\\/gaidaphotos\",\"https:\\\/\\\/myspace.com\\\/gaidaphotos\",\"https:\\\/\\\/www.pinterest.com\\\/gaidaphotos\\\/\",\"https:\\\/\\\/www.youtube.com\\\/user\\\/gaidaphotos\"]},{\"@type\":\"Person\",\"@id\":\"https:\\\/\\\/www.gaidaphotos.com\\\/blog\\\/#\\\/schema\\\/person\\\/6c444a5b13ffc503c5c32f5a9ec68b21\",\"name\":\"Thomas\",\"sameAs\":[\"https:\\\/\\\/www.gaidaphotos.com\",\"https:\\\/\\\/www.facebook.com\\\/gaidaphotos\",\"https:\\\/\\\/instagram.com\\\/gaidaphotos\\\/\",\"https:\\\/\\\/www.linkedin.com\\\/in\\\/gaidaphotos\",\"http:\\\/\\\/www.pinterest.com\\\/gaidaphotos\\\/\",\"https:\\\/\\\/x.com\\\/gaidaphotos\",\"https:\\\/\\\/myspace.com\\\/gaidaphotos\",\"https:\\\/\\\/www.youtube.com\\\/user\\\/gaidaphotos\",\"https:\\\/\\\/gaidaphotos.tumblr.com\\\/\"]}]}<\/script>\n<!-- \/ Yoast SEO plugin. -->","yoast_head_json":{"title":"Maastricht Besuch in Corona Zeiten - K\u00f6ln Rodenkirchen und die Welt","description":"Aktuelle Information zu den Corona Regeln beim Besuch in Maastricht (Holland) und aktualisierte Einkaufstipps.","robots":{"index":"index","follow":"follow","max-snippet":"max-snippet:-1","max-image-preview":"max-image-preview:large","max-video-preview":"max-video-preview:-1"},"canonical":"https:\/\/www.gaidaphotos.com\/blog\/2020\/08\/06\/maastricht-besuch-in-corona-zeiten\/","og_locale":"de_DE","og_type":"article","og_title":"Maastricht Besuch in Corona Zeiten - K\u00f6ln Rodenkirchen und die Welt","og_description":"Aktuelle Information zu den Corona Regeln beim Besuch in Maastricht (Holland) und aktualisierte Einkaufstipps.","og_url":"https:\/\/www.gaidaphotos.com\/blog\/2020\/08\/06\/maastricht-besuch-in-corona-zeiten\/","og_site_name":"K\u00f6ln Rodenkirchen und die Welt","article_publisher":"https:\/\/www.facebook.com\/Koeln.Rodenkirchen","article_author":"https:\/\/www.facebook.com\/gaidaphotos","article_published_time":"2020-08-06T16:17:04+00:00","article_modified_time":"2020-08-06T16:20:59+00:00","og_image":[{"width":769,"height":1024,"url":"https:\/\/i0.wp.com\/www.gaidaphotos.com\/blog\/wp-content\/uploads\/2020\/08\/maastricht.jpg?fit=769%2C1024&ssl=1","type":"image\/jpeg"}],"author":"Thomas","twitter_card":"summary_large_image","twitter_creator":"@gaidaphotos","twitter_site":"@gaidaphotos","twitter_misc":{"Verfasst von":"Thomas","Gesch\u00e4tzte Lesezeit":"2\u00a0Minuten"},"schema":{"@context":"https:\/\/schema.org","@graph":[{"@type":"Article","@id":"https:\/\/www.gaidaphotos.com\/blog\/2020\/08\/06\/maastricht-besuch-in-corona-zeiten\/#article","isPartOf":{"@id":"https:\/\/www.gaidaphotos.com\/blog\/2020\/08\/06\/maastricht-besuch-in-corona-zeiten\/"},"author":{"name":"Thomas","@id":"https:\/\/www.gaidaphotos.com\/blog\/#\/schema\/person\/6c444a5b13ffc503c5c32f5a9ec68b21"},"headline":"Maastricht Besuch in Corona Zeiten","datePublished":"2020-08-06T16:17:04+00:00","dateModified":"2020-08-06T16:20:59+00:00","mainEntityOfPage":{"@id":"https:\/\/www.gaidaphotos.com\/blog\/2020\/08\/06\/maastricht-besuch-in-corona-zeiten\/"},"wordCount":442,"commentCount":0,"publisher":{"@id":"https:\/\/www.gaidaphotos.com\/blog\/#organization"},"image":{"@id":"https:\/\/www.gaidaphotos.com\/blog\/2020\/08\/06\/maastricht-besuch-in-corona-zeiten\/#primaryimage"},"thumbnailUrl":"https:\/\/i0.wp.com\/www.gaidaphotos.com\/blog\/wp-content\/uploads\/2020\/08\/maastricht.jpg?fit=769%2C1024&ssl=1","keywords":["Einkaufen\/ Shopping","Maastricht","Shopping"],"articleSection":["Holland","Maastricht: Einkaufen, Restaurant &amp; Freizeit"],"inLanguage":"de","potentialAction":[{"@type":"CommentAction","name":"Comment","target":["https:\/\/www.gaidaphotos.com\/blog\/2020\/08\/06\/maastricht-besuch-in-corona-zeiten\/#respond"]}]},{"@type":"WebPage","@id":"https:\/\/www.gaidaphotos.com\/blog\/2020\/08\/06\/maastricht-besuch-in-corona-zeiten\/","url":"https:\/\/www.gaidaphotos.com\/blog\/2020\/08\/06\/maastricht-besuch-in-corona-zeiten\/","name":"Maastricht Besuch in Corona Zeiten - K\u00f6ln Rodenkirchen und die Welt","isPartOf":{"@id":"https:\/\/www.gaidaphotos.com\/blog\/#website"},"primaryImageOfPage":{"@id":"https:\/\/www.gaidaphotos.com\/blog\/2020\/08\/06\/maastricht-besuch-in-corona-zeiten\/#primaryimage"},"image":{"@id":"https:\/\/www.gaidaphotos.com\/blog\/2020\/08\/06\/maastricht-besuch-in-corona-zeiten\/#primaryimage"},"thumbnailUrl":"https:\/\/i0.wp.com\/www.gaidaphotos.com\/blog\/wp-content\/uploads\/2020\/08\/maastricht.jpg?fit=769%2C1024&ssl=1","datePublished":"2020-08-06T16:17:04+00:00","dateModified":"2020-08-06T16:20:59+00:00","description":"Aktuelle Information zu den Corona Regeln beim Besuch in Maastricht (Holland) und aktualisierte Einkaufstipps.","breadcrumb":{"@id":"https:\/\/www.gaidaphotos.com\/blog\/2020\/08\/06\/maastricht-besuch-in-corona-zeiten\/#breadcrumb"},"inLanguage":"de","potentialAction":[{"@type":"ReadAction","target":["https:\/\/www.gaidaphotos.com\/blog\/2020\/08\/06\/maastricht-besuch-in-corona-zeiten\/"]}]},{"@type":"ImageObject","inLanguage":"de","@id":"https:\/\/www.gaidaphotos.com\/blog\/2020\/08\/06\/maastricht-besuch-in-corona-zeiten\/#primaryimage","url":"https:\/\/i0.wp.com\/www.gaidaphotos.com\/blog\/wp-content\/uploads\/2020\/08\/maastricht.jpg?fit=769%2C1024&ssl=1","contentUrl":"https:\/\/i0.wp.com\/www.gaidaphotos.com\/blog\/wp-content\/uploads\/2020\/08\/maastricht.jpg?fit=769%2C1024&ssl=1","width":769,"height":1024,"caption":"Maastricht, Corona, Einbahnstra\u00dfe"},{"@type":"BreadcrumbList","@id":"https:\/\/www.gaidaphotos.com\/blog\/2020\/08\/06\/maastricht-besuch-in-corona-zeiten\/#breadcrumb","itemListElement":[{"@type":"ListItem","position":1,"name":"Startseite","item":"https:\/\/www.gaidaphotos.com\/blog\/"},{"@type":"ListItem","position":2,"name":"Maastricht Besuch in Corona Zeiten"}]},{"@type":"WebSite","@id":"https:\/\/www.gaidaphotos.com\/blog\/#website","url":"https:\/\/www.gaidaphotos.com\/blog\/","name":"K\u00f6ln Rodenkirchen und die Welt","description":"Einkaufen, Restaurants, Freizeit, Nachrichten und was uns sonst bewegt und begegnet","publisher":{"@id":"https:\/\/www.gaidaphotos.com\/blog\/#organization"},"potentialAction":[{"@type":"SearchAction","target":{"@type":"EntryPoint","urlTemplate":"https:\/\/www.gaidaphotos.com\/blog\/?s={search_term_string}"},"query-input":{"@type":"PropertyValueSpecification","valueRequired":true,"valueName":"search_term_string"}}],"inLanguage":"de"},{"@type":"Organization","@id":"https:\/\/www.gaidaphotos.com\/blog\/#organization","name":"gaidaphotos","url":"https:\/\/www.gaidaphotos.com\/blog\/","logo":{"@type":"ImageObject","inLanguage":"de","@id":"https:\/\/www.gaidaphotos.com\/blog\/#\/schema\/logo\/image\/","url":"https:\/\/i0.wp.com\/www.gaidaphotos.com\/blog\/wp-content\/uploads\/2020\/07\/GAIDAPHOTOS-COM.jpg?fit=160%2C96&ssl=1","contentUrl":"https:\/\/i0.wp.com\/www.gaidaphotos.com\/blog\/wp-content\/uploads\/2020\/07\/GAIDAPHOTOS-COM.jpg?fit=160%2C96&ssl=1","width":160,"height":96,"caption":"gaidaphotos"},"image":{"@id":"https:\/\/www.gaidaphotos.com\/blog\/#\/schema\/logo\/image\/"},"sameAs":["https:\/\/www.facebook.com\/Koeln.Rodenkirchen","https:\/\/x.com\/gaidaphotos","https:\/\/instagram.com\/gaidaphotos\/","https:\/\/de.linkedin.com\/in\/gaidaphotos","https:\/\/myspace.com\/gaidaphotos","https:\/\/www.pinterest.com\/gaidaphotos\/","https:\/\/www.youtube.com\/user\/gaidaphotos"]},{"@type":"Person","@id":"https:\/\/www.gaidaphotos.com\/blog\/#\/schema\/person\/6c444a5b13ffc503c5c32f5a9ec68b21","name":"Thomas","sameAs":["https:\/\/www.gaidaphotos.com","https:\/\/www.facebook.com\/gaidaphotos","https:\/\/instagram.com\/gaidaphotos\/","https:\/\/www.linkedin.com\/in\/gaidaphotos","http:\/\/www.pinterest.com\/gaidaphotos\/","https:\/\/x.com\/gaidaphotos","https:\/\/myspace.com\/gaidaphotos","https:\/\/www.youtube.com\/user\/gaidaphotos","https:\/\/gaidaphotos.tumblr.com\/"]}]}},"jetpack_publicize_connections":[],"jetpack_featured_media_url":"https:\/\/i0.wp.com\/www.gaidaphotos.com\/blog\/wp-content\/uploads\/2020\/08\/maastricht.jpg?fit=769%2C1024&ssl=1","jetpack_sharing_enabled":true,"jetpack_likes_enabled":true,"jetpack-related-posts":[{"id":3475,"url":"https:\/\/www.gaidaphotos.com\/blog\/2010\/12\/31\/verkaufsoffener-sonntag-feiertag-2011-maastricht-holland\/","url_meta":{"origin":12245,"position":0},"title":"Verkaufsoffener Sonntag und Feiertag 2011 in Maastricht (Holland): \u00dcbersicht","author":"Thomas","date":"31. Dezember 2010","format":false,"excerpt":"Verkaufsoffener Sonntag\/Feiertag 2011 in Maastricht (Holland): Wenn in K\u00f6ln die Gesch\u00e4fte geschlossen sind, ist Maastricht in Holland, ca. 100km von K\u00f6ln, ein beliebtes Einkaufsziel. Die historische Innenstadt ist als Fu\u00dfg\u00e4ngerzone ausgelegt und wird von vielen kleinen Einzelh\u00e4ndlern statt gro\u00dfen Pal\u00e4sten bekannter Ketten gepr\u00e4gt. So findet man eine breitere Auswahl statt\u2026","rel":"","context":"In &quot;Maastricht: Einkaufen, Restaurant &amp; Freizeit&quot;","block_context":{"text":"Maastricht: Einkaufen, Restaurant &amp; Freizeit","link":"https:\/\/www.gaidaphotos.com\/blog\/category\/reise\/holland\/maastricht-einkaufen-restaurants\/"},"img":{"alt_text":"Maastricht, Haus mit Wegkreuz","src":"https:\/\/i0.wp.com\/www.gaidaphotos.com\/blog\/wp-content\/uploads\/2010\/12\/maastricht-haus-wegkreuz.jpg?fit=675%2C1024&ssl=1&resize=350%2C200","width":350,"height":200,"srcset":"https:\/\/i0.wp.com\/www.gaidaphotos.com\/blog\/wp-content\/uploads\/2010\/12\/maastricht-haus-wegkreuz.jpg?fit=675%2C1024&ssl=1&resize=350%2C200 1x, https:\/\/i0.wp.com\/www.gaidaphotos.com\/blog\/wp-content\/uploads\/2010\/12\/maastricht-haus-wegkreuz.jpg?fit=675%2C1024&ssl=1&resize=525%2C300 1.5x"},"classes":[]},{"id":6417,"url":"https:\/\/www.gaidaphotos.com\/blog\/2014\/05\/21\/einkaufen-am-vatertaghimmelfahrt\/","url_meta":{"origin":12245,"position":1},"title":"Einkaufen am Vatertag\/Himmelfahrt","author":"Thomas","date":"21. Mai 2014","format":false,"excerpt":"Einkaufen am Vatertag \/ Christi Himmelfahrt in Holland Der n\u00e4chste arbeitsfreie Feiertag \/ Br\u00fcckentag steht kurz bevor. N\u00e4chste Woche feiern wir Christi Himmelfahrt. Und in Deutschland wird an Himmelfahrt der Vatertag gefeiert. Historisch ist wird der \"Vatertag\" in Deutschland nicht wie der Muttertag begangen. Statt Fr\u00fchst\u00fcck am Bett und ein\u2026","rel":"","context":"In &quot;Holland&quot;","block_context":{"text":"Holland","link":"https:\/\/www.gaidaphotos.com\/blog\/category\/reise\/holland\/"},"img":{"alt_text":"","src":"https:\/\/i0.wp.com\/www.gaidaphotos.com\/blog\/wp-content\/uploads\/ngg_featured\/roermond-munsterkerk.jpg?fit=750%2C1000&ssl=1&resize=350%2C200","width":350,"height":200,"srcset":"https:\/\/i0.wp.com\/www.gaidaphotos.com\/blog\/wp-content\/uploads\/ngg_featured\/roermond-munsterkerk.jpg?fit=750%2C1000&ssl=1&resize=350%2C200 1x, https:\/\/i0.wp.com\/www.gaidaphotos.com\/blog\/wp-content\/uploads\/ngg_featured\/roermond-munsterkerk.jpg?fit=750%2C1000&ssl=1&resize=525%2C300 1.5x, https:\/\/i0.wp.com\/www.gaidaphotos.com\/blog\/wp-content\/uploads\/ngg_featured\/roermond-munsterkerk.jpg?fit=750%2C1000&ssl=1&resize=700%2C400 2x"},"classes":[]},{"id":2165,"url":"https:\/\/www.gaidaphotos.com\/blog\/2009\/09\/30\/maastricht-holland-einkaufen-die-wahrscheinlich-beste-schokolade-der-welt\/","url_meta":{"origin":12245,"position":2},"title":"Maastricht (Holland) Einkaufen: Die wahrscheinlich beste Schokolade der Welt?","author":"Thomas","date":"30. September 2009","format":false,"excerpt":"Bei Olivier Bonbons in Maastricht gibt es die vielleicht leckerste Schokolade der Welt. Schon wenn man Olivier Bonbons beim Einkaufen in Maastricht betritt, wird man vom Duft der Schokolade fast bet\u00e4ubt. Aus erstklassigen Zutaten macht Olivier Bonbons in Maastricht (Einkauf-stipp) eine Schokolade mit einem unvergleichlichen fruchtigen Aroma. Ob man nun\u2026","rel":"","context":"In &quot;Maastricht: Einkaufen, Restaurant &amp; Freizeit&quot;","block_context":{"text":"Maastricht: Einkaufen, Restaurant &amp; Freizeit","link":"https:\/\/www.gaidaphotos.com\/blog\/category\/reise\/holland\/maastricht-einkaufen-restaurants\/"},"img":{"alt_text":"Maastricht Einkaufen Schokolade","src":"https:\/\/i0.wp.com\/www.gaidaphotos.com\/blog\/wp-content\/uploads\/2009\/09\/maastricht-einkaufen-schokolade-300x225.jpg?resize=350%2C200&ssl=1","width":350,"height":200},"classes":[]},{"id":8357,"url":"https:\/\/www.gaidaphotos.com\/blog\/2015\/01\/22\/verkaufsoffene-sonntage-feiertage-2015\/","url_meta":{"origin":12245,"position":3},"title":"Verkaufsoffene Sonntage und Feiertage 2015","author":"Thomas","date":"22. Januar 2015","format":false,"excerpt":"Verkaufsoffene Sonntag und Feiertage 2015 in K\u00f6ln, Roermond, Maastricht und Mass Mechelen Die Termine f\u00fcr die verkaufsoffenen Sonntage und Feiertage in K\u00f6ln und den wichtigsten ausl\u00e4ndischen Nachbargemeinden, Maastricht und Roermond in Holland, Maas-mechelen in Belgien, haben wir aktualisiert. Wenn Sie in K\u00f6ln dann wieder vor geschlossenen T\u00fcren stehen, finden Sie\u2026","rel":"","context":"In &quot;Verkaufsoffener Sonntag K\u00f6ln NRW&quot;","block_context":{"text":"Verkaufsoffener Sonntag K\u00f6ln NRW","link":"https:\/\/www.gaidaphotos.com\/blog\/category\/kalender-archiv\/verkaufsoffener-sonntag-koln-nrw\/"},"img":{"alt_text":"","src":"https:\/\/i0.wp.com\/www.gaidaphotos.com\/blog\/wp-content\/uploads\/ngg_featured\/verkaufsoffen-kleiderpuppen-gpc.jpg?fit=1024%2C829&ssl=1&resize=350%2C200","width":350,"height":200,"srcset":"https:\/\/i0.wp.com\/www.gaidaphotos.com\/blog\/wp-content\/uploads\/ngg_featured\/verkaufsoffen-kleiderpuppen-gpc.jpg?fit=1024%2C829&ssl=1&resize=350%2C200 1x, https:\/\/i0.wp.com\/www.gaidaphotos.com\/blog\/wp-content\/uploads\/ngg_featured\/verkaufsoffen-kleiderpuppen-gpc.jpg?fit=1024%2C829&ssl=1&resize=525%2C300 1.5x, https:\/\/i0.wp.com\/www.gaidaphotos.com\/blog\/wp-content\/uploads\/ngg_featured\/verkaufsoffen-kleiderpuppen-gpc.jpg?fit=1024%2C829&ssl=1&resize=700%2C400 2x"},"classes":[]},{"id":2088,"url":"https:\/\/www.gaidaphotos.com\/blog\/2009\/09\/14\/holland-maastricht-einkaufen-kuenstlermarkt\/","url_meta":{"origin":12245,"position":4},"title":"Holland &#8211; Maastricht: Einkaufen K\u00fcnstlermarkt","author":"Thomas","date":"14. September 2009","format":false,"excerpt":"Es ist schon ein wenig her, dennoch m\u00f6chten wir Euch von \"MOSARTE\", der \u00f6ffentlichen Kunstschau in Maastricht (Holland) am 5 & 6.09.2009 berichten. An jedem ersten Wochenende im September findet in Maastricht (Holland) eine gro\u00dfe (Kauf-)Ausstellung lokaler K\u00fcnsteler statt. \u00dcber die ganze Stadt Maastricht verteilt, findet man Maler, T\u00f6pfer, Goldschmiede,\u2026","rel":"","context":"In &quot;Foto&quot;","block_context":{"text":"Foto","link":"https:\/\/www.gaidaphotos.com\/blog\/category\/foto\/"},"img":{"alt_text":"Holland - Maastricht: Einkaufen K\u00fcnstlermarkt","src":"https:\/\/i0.wp.com\/www.gaidaphotos.com\/blog\/wp-content\/uploads\/2009\/09\/frosch-koenig-225x300.jpg?resize=350%2C200&ssl=1","width":350,"height":200},"classes":[]},{"id":6036,"url":"https:\/\/www.gaidaphotos.com\/blog\/2014\/01\/17\/verkaufsoffene-sonntage-feiertage-2014\/","url_meta":{"origin":12245,"position":5},"title":"verkaufsoffene Sonntage  und Feiertage 2014","author":"Thomas","date":"17. Januar 2014","format":false,"excerpt":"Verkaufsoffene Sonntage und Feiertage 2014 in K\u00f6ln dem benachbarten Ausland Verkaufsoffene Sonntage scheinen in K\u00f6ln und NRW auszusterben. Gerade einmal 3, in Worten \"drei\", verkaufsoffene Sonntage g\u00f6nnt die rot-gr\u00fcne Landesregierung ihren B\u00fcrgern. Kein Wunder, dass sich im benachbarten Ausland jede Menge Alternativen anbieten. Ob Maastricht, Roermond oder Maas-Mechelen - eine\u2026","rel":"","context":"In &quot;Stra\u00dfenfest K\u00f6ln&quot;","block_context":{"text":"Stra\u00dfenfest K\u00f6ln","link":"https:\/\/www.gaidaphotos.com\/blog\/category\/kalender-archiv\/strasenfest-koln\/"},"img":{"alt_text":"","src":"https:\/\/i0.wp.com\/www.gaidaphotos.com\/blog\/wp-content\/uploads\/ngg_featured\/sommerfest-koeln-rodenkirchen-07.jpg?fit=1200%2C800&ssl=1&resize=350%2C200","width":350,"height":200,"srcset":"https:\/\/i0.wp.com\/www.gaidaphotos.com\/blog\/wp-content\/uploads\/ngg_featured\/sommerfest-koeln-rodenkirchen-07.jpg?fit=1200%2C800&ssl=1&resize=350%2C200 1x, https:\/\/i0.wp.com\/www.gaidaphotos.com\/blog\/wp-content\/uploads\/ngg_featured\/sommerfest-koeln-rodenkirchen-07.jpg?fit=1200%2C800&ssl=1&resize=525%2C300 1.5x, https:\/\/i0.wp.com\/www.gaidaphotos.com\/blog\/wp-content\/uploads\/ngg_featured\/sommerfest-koeln-rodenkirchen-07.jpg?fit=1200%2C800&ssl=1&resize=700%2C400 2x, https:\/\/i0.wp.com\/www.gaidaphotos.com\/blog\/wp-content\/uploads\/ngg_featured\/sommerfest-koeln-rodenkirchen-07.jpg?fit=1200%2C800&ssl=1&resize=1050%2C600 3x"},"classes":[]}],"_links":{"self":[{"href":"https:\/\/www.gaidaphotos.com\/blog\/wp-json\/wp\/v2\/posts\/12245","targetHints":{"allow":["GET"]}}],"collection":[{"href":"https:\/\/www.gaidaphotos.com\/blog\/wp-json\/wp\/v2\/posts"}],"about":[{"href":"https:\/\/www.gaidaphotos.com\/blog\/wp-json\/wp\/v2\/types\/post"}],"author":[{"embeddable":true,"href":"https:\/\/www.gaidaphotos.com\/blog\/wp-json\/wp\/v2\/users\/6"}],"replies":[{"embeddable":true,"href":"https:\/\/www.gaidaphotos.com\/blog\/wp-json\/wp\/v2\/comments?post=12245"}],"version-history":[{"count":0,"href":"https:\/\/www.gaidaphotos.com\/blog\/wp-json\/wp\/v2\/posts\/12245\/revisions"}],"wp:featuredmedia":[{"embeddable":true,"href":"https:\/\/www.gaidaphotos.com\/blog\/wp-json\/wp\/v2\/media\/12246"}],"wp:attachment":[{"href":"https:\/\/www.gaidaphotos.com\/blog\/wp-json\/wp\/v2\/media?parent=12245"}],"wp:term":[{"taxonomy":"category","embeddable":true,"href":"https:\/\/www.gaidaphotos.com\/blog\/wp-json\/wp\/v2\/categories?post=12245"},{"taxonomy":"post_tag","embeddable":true,"href":"https:\/\/www.gaidaphotos.com\/blog\/wp-json\/wp\/v2\/tags?post=12245"}],"curies":[{"name":"wp","href":"https:\/\/api.w.org\/{rel}","templated":true}]}}