{"id":12274,"date":"2020-08-07T18:00:32","date_gmt":"2020-08-07T16:00:32","guid":{"rendered":"https:\/\/www.gaidaphotos.com\/blog\/?p=12274"},"modified":"2020-08-10T14:52:45","modified_gmt":"2020-08-10T12:52:45","slug":"niederrheinisches-freilichtmuseum-in-grefrath","status":"publish","type":"post","link":"https:\/\/www.gaidaphotos.com\/blog\/2020\/08\/07\/niederrheinisches-freilichtmuseum-in-grefrath\/","title":{"rendered":"Niederrheinisches Freilichtmuseum in Grefrath"},"content":{"rendered":"\n<div class=\"wp-block-media-text alignwide is-stacked-on-mobile\"><figure class=\"wp-block-media-text__media\"><img data-recalc-dims=\"1\" loading=\"lazy\" decoding=\"async\" width=\"910\" height=\"607\" src=\"https:\/\/i0.wp.com\/www.gaidaphotos.com\/blog\/wp-content\/uploads\/2020\/08\/niederrheinisches-freilichtmuseum-grefrath-02.jpg?resize=910%2C607&#038;ssl=1\" alt=\"Bauernhaus, Bauernkate\" class=\"wp-image-12275\" srcset=\"https:\/\/i0.wp.com\/www.gaidaphotos.com\/blog\/wp-content\/uploads\/2020\/08\/niederrheinisches-freilichtmuseum-grefrath-02.jpg?w=1024&amp;ssl=1 1024w, https:\/\/i0.wp.com\/www.gaidaphotos.com\/blog\/wp-content\/uploads\/2020\/08\/niederrheinisches-freilichtmuseum-grefrath-02.jpg?resize=250%2C167&amp;ssl=1 250w, https:\/\/i0.wp.com\/www.gaidaphotos.com\/blog\/wp-content\/uploads\/2020\/08\/niederrheinisches-freilichtmuseum-grefrath-02.jpg?resize=768%2C512&amp;ssl=1 768w\" sizes=\"auto, (max-width: 910px) 100vw, 910px\" \/><\/figure><div class=\"wp-block-media-text__content\">\n<p class=\"has-large-font-size wp-block-paragraph\">Ausflug an den Niederrhein<\/p>\n\n\n\n<p class=\"wp-block-paragraph\">Das niederrheinische Freilichtmuseum in Grefrath liegt ca. 1h entfernt von K\u00f6ln-Rodenkirchen und ist ein empfehlenswertes Ziel in der Nachbarschaft. <br>Wir waren dort und haben Ihnen Fotos und unsere Erlebnisse mitgebracht.<\/p>\n<\/div><\/div>\n\n\n\n<!--more-->\n\n\n\n<h3 class=\"wp-block-heading\">Das Freilichtmuseum in Grefrath<\/h3>\n\n\n\n<p class=\"wp-block-paragraph\">Am Ortsrand von Grefrath finden Sie das volkskundliche Freilichtmuseum f\u00fcr b\u00e4uerliche und handwerkliche Kultur des mittleren Niederrheins. Auf dem Gel\u00e4nde rund um die Dorenburg  finden sich verschiedene Geb\u00e4ude aus der Region. Als Besonderheit verf\u00fcgt das Niederrheinische Freilichtmuseum zudem \u00fcber das Spielzeugmuseum.<\/p>\n\n\n\n<p class=\"wp-block-paragraph\">Das Museum mit seinen Geb\u00e4uden und Ausstellungen zu besuchen dauert etwa einen halben Tag. Wer sich st\u00e4rken m\u00f6chte, findet ein kleines Restaurant mit in Corona Zeiten \u00fcberforderten Mitarbeitern. Aber es gibt wenigstens kalte und warme Getr\u00e4nke ohne nennenswerte Wartezeit.<\/p>\n\n\n\n<p class=\"wp-block-paragraph\">Hier l\u00e4\u00dft sich trotz Corona die Zeit gut verbringen. Das Gel\u00e4nde ist weitl\u00e4ufig und man kommt der \u00fcberschaubaren Zahl von Besuchern (Wochenmitte) nicht zu Nahe. Dort wo es eng werden kann, beobachten und kontrollieren Mitarbeiter.<\/p>\n\n\n\n<h3 class=\"wp-block-heading\">Die wichtigsten Geb\u00e4ude im Freilichtmuseum<\/h3>\n\n\n\n<p class=\"wp-block-paragraph\">Die Dorenburg, in der Mitte des Museumsgel\u00e4ndes, ist ein weiteres Museum im Museum. Im Burggeb\u00e4ude selber sind Ausstellungsst\u00fccke zur b\u00fcrgerlichen und adligen Wohnkultur des Niederrheins zu sehen.<\/p>\n\n\n\n<p class=\"wp-block-paragraph\">Dampfwalze der Firma B. Ruthemeyer aus Soest<\/p>\n\n\n\n<p class=\"wp-block-paragraph\">Bauernhof Waldniel aus Schwalmtal, aus dem 18. Jahrhundert, mit \u201eTante-Emma-Laden\u201c, historischen Pfl\u00fcgen und Ackerger\u00e4ten sowie Kutschen und Pferdekarren<\/p>\n\n\n\n<p class=\"wp-block-paragraph\">Bauernhof aus Rasseln (heute Teil von M\u00f6nchengladbach-Hardt) aus dem 17. Jahrhundert mit Pferdeg\u00f6pel, Dreschmaschinen, sowie einem Backhaus<\/p>\n\n\n\n<p class=\"wp-block-paragraph\">Schmiede: Im ehemaligen Pferdestall der Burg ist eine typische Dorfschmiede mit voll funktionierender Esse  eingerichtet. <\/p>\n\n\n\n<p class=\"wp-block-paragraph\">Das Spielzeugmuseum zeigt eine sehenswerte Auswahl an Spielzeug aus dem 19. Jahrhundert bis \u00b4Heute. Die wohl sehr sehenswerte Modelleisenbahn war leider wegen Corona geschlossen.<\/p>\n\n\n\n<h3 class=\"wp-block-heading\">Die sch\u00f6nsten Bilder aus dem Museum<\/h3>\n\n\n\nngg_shortcode_0_placeholder\n\n\n\n<p class=\"wp-block-paragraph\">Das Museum hat einen gro\u00dfen Parkplatz und barrierefrei. Der Eintritt ist w\u00e4hrend Corona freiwillig.<\/p>\n\n\n\n<p class=\"wp-block-paragraph\">Alle Information zum <a href=\"https:\/\/www.museumsverband-rheinland.de\/museen-im-verband\/grefrath-niederrheinisches-freilichtmuseum\/\" target=\"_blank\" rel=\"noreferrer noopener\">Niederrheinisches Freilichtmusuem Grefrath<\/a> finden Sie auf der Website des Musuem.<\/p>\n\n\n\n<p class=\"wp-block-paragraph\">Das sagt Wikipedie zu <a href=\"https:\/\/de.wikipedia.org\/wiki\/Niederrheinisches_Freilichtmuseum\" target=\"_blank\" rel=\"noreferrer noopener\">Niederrheinisches Freilichtmusuem Grefrath<\/a><\/p>\n","protected":false},"excerpt":{"rendered":"<p>Das niederrheinische Freilichtmuseum in Grefrath liegt ca. 1h entfernt von K\u00f6ln-Rodenkirchen und ist ein empfehlenswertes Ziel in der Nachbarschaft. Wir waren dort und haben Ihnen Fotos und unsere Erlebnisse mitgebracht.<\/p>\n","protected":false},"author":6,"featured_media":12276,"comment_status":"open","ping_status":"open","sticky":false,"template":"","format":"standard","meta":{"_crdt_document":"","ngg_post_thumbnail":0,"jetpack_post_was_ever_published":false,"_jetpack_newsletter_access":"","_jetpack_dont_email_post_to_subs":false,"_jetpack_newsletter_tier_id":0,"_jetpack_memberships_contains_paywalled_content":false,"_jetpack_memberships_contains_paid_content":false,"footnotes":"","jetpack_publicize_message":"","jetpack_publicize_feature_enabled":true,"jetpack_social_post_already_shared":true,"jetpack_social_options":{"image_generator_settings":{"template":"highway","default_image_id":0,"font":"","enabled":false},"version":2}},"categories":[215,101,82,326,325],"tags":[86,102],"class_list":["post-12274","post","type-post","status-publish","format-standard","has-post-thumbnail","hentry","category-ausflug","category-koeln-rodenkirchen-freizeit","category-reise","category-schoene-bilder","category-schoene-fotos","tag-fotografie","tag-freizeit"],"yoast_head":"<!-- This site is optimized with the Yoast SEO plugin v27.5 - https:\/\/yoast.com\/product\/yoast-seo-wordpress\/ -->\n<title>Niederrheinisches Freilichtmuseum in Grefrath - K\u00f6ln Rodenkirchen und die Welt<\/title>\n<meta name=\"description\" content=\"Das niederrh. Freilichtmuseum Grefrath liegt ca. 1h von Rodenkirchen. Wir waren dort und haben Ihnen Fotos und unsere Erlebnisse mitgebracht.\" \/>\n<meta name=\"robots\" content=\"index, follow, max-snippet:-1, max-image-preview:large, max-video-preview:-1\" \/>\n<link rel=\"canonical\" href=\"https:\/\/www.gaidaphotos.com\/blog\/2020\/08\/07\/niederrheinisches-freilichtmuseum-in-grefrath\/\" \/>\n<meta property=\"og:locale\" content=\"de_DE\" \/>\n<meta property=\"og:type\" content=\"article\" \/>\n<meta property=\"og:title\" content=\"Niederrheinisches Freilichtmuseum in Grefrath - K\u00f6ln Rodenkirchen und die Welt\" \/>\n<meta property=\"og:description\" content=\"Das niederrh. Freilichtmuseum Grefrath liegt ca. 1h von Rodenkirchen. Wir waren dort und haben Ihnen Fotos und unsere Erlebnisse mitgebracht.\" \/>\n<meta property=\"og:url\" content=\"https:\/\/www.gaidaphotos.com\/blog\/2020\/08\/07\/niederrheinisches-freilichtmuseum-in-grefrath\/\" \/>\n<meta property=\"og:site_name\" content=\"K\u00f6ln Rodenkirchen und die Welt\" \/>\n<meta property=\"article:publisher\" content=\"https:\/\/www.facebook.com\/Koeln.Rodenkirchen\" \/>\n<meta property=\"article:author\" content=\"https:\/\/www.facebook.com\/gaidaphotos\" \/>\n<meta property=\"article:published_time\" content=\"2020-08-07T16:00:32+00:00\" \/>\n<meta property=\"article:modified_time\" content=\"2020-08-10T12:52:45+00:00\" \/>\n<meta property=\"og:image\" content=\"https:\/\/i1.wp.com\/www.gaidaphotos.com\/blog\/wp-content\/uploads\/2020\/08\/niederrheinisches-freilichtmuseum-grefrath-07b.jpg?fit=717%2C717&ssl=1\" \/>\n\t<meta property=\"og:image:width\" content=\"717\" \/>\n\t<meta property=\"og:image:height\" content=\"717\" \/>\n\t<meta property=\"og:image:type\" content=\"image\/jpeg\" \/>\n<meta name=\"author\" content=\"Thomas\" \/>\n<meta name=\"twitter:card\" content=\"summary_large_image\" \/>\n<meta name=\"twitter:creator\" content=\"@gaidaphotos\" \/>\n<meta name=\"twitter:site\" content=\"@gaidaphotos\" \/>\n<meta name=\"twitter:label1\" content=\"Verfasst von\" \/>\n\t<meta name=\"twitter:data1\" content=\"Thomas\" \/>\n\t<meta name=\"twitter:label2\" content=\"Gesch\u00e4tzte Lesezeit\" \/>\n\t<meta name=\"twitter:data2\" content=\"2\u00a0Minuten\" \/>\n<script type=\"application\/ld+json\" class=\"yoast-schema-graph\">{\"@context\":\"https:\\\/\\\/schema.org\",\"@graph\":[{\"@type\":\"Article\",\"@id\":\"https:\\\/\\\/www.gaidaphotos.com\\\/blog\\\/2020\\\/08\\\/07\\\/niederrheinisches-freilichtmuseum-in-grefrath\\\/#article\",\"isPartOf\":{\"@id\":\"https:\\\/\\\/www.gaidaphotos.com\\\/blog\\\/2020\\\/08\\\/07\\\/niederrheinisches-freilichtmuseum-in-grefrath\\\/\"},\"author\":{\"name\":\"Thomas\",\"@id\":\"https:\\\/\\\/www.gaidaphotos.com\\\/blog\\\/#\\\/schema\\\/person\\\/6c444a5b13ffc503c5c32f5a9ec68b21\"},\"headline\":\"Niederrheinisches Freilichtmuseum in Grefrath\",\"datePublished\":\"2020-08-07T16:00:32+00:00\",\"dateModified\":\"2020-08-10T12:52:45+00:00\",\"mainEntityOfPage\":{\"@id\":\"https:\\\/\\\/www.gaidaphotos.com\\\/blog\\\/2020\\\/08\\\/07\\\/niederrheinisches-freilichtmuseum-in-grefrath\\\/\"},\"wordCount\":339,\"commentCount\":0,\"publisher\":{\"@id\":\"https:\\\/\\\/www.gaidaphotos.com\\\/blog\\\/#organization\"},\"image\":{\"@id\":\"https:\\\/\\\/www.gaidaphotos.com\\\/blog\\\/2020\\\/08\\\/07\\\/niederrheinisches-freilichtmuseum-in-grefrath\\\/#primaryimage\"},\"thumbnailUrl\":\"https:\\\/\\\/i0.wp.com\\\/www.gaidaphotos.com\\\/blog\\\/wp-content\\\/uploads\\\/2020\\\/08\\\/niederrheinisches-freilichtmuseum-grefrath-07b.jpg?fit=717%2C717&ssl=1\",\"keywords\":[\"Fotografie\",\"Freizeit-Ideen\"],\"articleSection\":[\"Ausflug\",\"K\u00f6ln Rodenkirchen Freizeit\",\"Reise\\\/ Reisen\",\"schoene Bilder\",\"Schoene Fotos\"],\"inLanguage\":\"de\",\"potentialAction\":[{\"@type\":\"CommentAction\",\"name\":\"Comment\",\"target\":[\"https:\\\/\\\/www.gaidaphotos.com\\\/blog\\\/2020\\\/08\\\/07\\\/niederrheinisches-freilichtmuseum-in-grefrath\\\/#respond\"]}]},{\"@type\":\"WebPage\",\"@id\":\"https:\\\/\\\/www.gaidaphotos.com\\\/blog\\\/2020\\\/08\\\/07\\\/niederrheinisches-freilichtmuseum-in-grefrath\\\/\",\"url\":\"https:\\\/\\\/www.gaidaphotos.com\\\/blog\\\/2020\\\/08\\\/07\\\/niederrheinisches-freilichtmuseum-in-grefrath\\\/\",\"name\":\"Niederrheinisches Freilichtmuseum in Grefrath - K\u00f6ln Rodenkirchen und die Welt\",\"isPartOf\":{\"@id\":\"https:\\\/\\\/www.gaidaphotos.com\\\/blog\\\/#website\"},\"primaryImageOfPage\":{\"@id\":\"https:\\\/\\\/www.gaidaphotos.com\\\/blog\\\/2020\\\/08\\\/07\\\/niederrheinisches-freilichtmuseum-in-grefrath\\\/#primaryimage\"},\"image\":{\"@id\":\"https:\\\/\\\/www.gaidaphotos.com\\\/blog\\\/2020\\\/08\\\/07\\\/niederrheinisches-freilichtmuseum-in-grefrath\\\/#primaryimage\"},\"thumbnailUrl\":\"https:\\\/\\\/i0.wp.com\\\/www.gaidaphotos.com\\\/blog\\\/wp-content\\\/uploads\\\/2020\\\/08\\\/niederrheinisches-freilichtmuseum-grefrath-07b.jpg?fit=717%2C717&ssl=1\",\"datePublished\":\"2020-08-07T16:00:32+00:00\",\"dateModified\":\"2020-08-10T12:52:45+00:00\",\"description\":\"Das niederrh. Freilichtmuseum Grefrath liegt ca. 1h von Rodenkirchen. Wir waren dort und haben Ihnen Fotos und unsere Erlebnisse mitgebracht.\",\"breadcrumb\":{\"@id\":\"https:\\\/\\\/www.gaidaphotos.com\\\/blog\\\/2020\\\/08\\\/07\\\/niederrheinisches-freilichtmuseum-in-grefrath\\\/#breadcrumb\"},\"inLanguage\":\"de\",\"potentialAction\":[{\"@type\":\"ReadAction\",\"target\":[\"https:\\\/\\\/www.gaidaphotos.com\\\/blog\\\/2020\\\/08\\\/07\\\/niederrheinisches-freilichtmuseum-in-grefrath\\\/\"]}]},{\"@type\":\"ImageObject\",\"inLanguage\":\"de\",\"@id\":\"https:\\\/\\\/www.gaidaphotos.com\\\/blog\\\/2020\\\/08\\\/07\\\/niederrheinisches-freilichtmuseum-in-grefrath\\\/#primaryimage\",\"url\":\"https:\\\/\\\/i0.wp.com\\\/www.gaidaphotos.com\\\/blog\\\/wp-content\\\/uploads\\\/2020\\\/08\\\/niederrheinisches-freilichtmuseum-grefrath-07b.jpg?fit=717%2C717&ssl=1\",\"contentUrl\":\"https:\\\/\\\/i0.wp.com\\\/www.gaidaphotos.com\\\/blog\\\/wp-content\\\/uploads\\\/2020\\\/08\\\/niederrheinisches-freilichtmuseum-grefrath-07b.jpg?fit=717%2C717&ssl=1\",\"width\":717,\"height\":717,\"caption\":\"Federvieh vom Niederrehin - Hahn\"},{\"@type\":\"BreadcrumbList\",\"@id\":\"https:\\\/\\\/www.gaidaphotos.com\\\/blog\\\/2020\\\/08\\\/07\\\/niederrheinisches-freilichtmuseum-in-grefrath\\\/#breadcrumb\",\"itemListElement\":[{\"@type\":\"ListItem\",\"position\":1,\"name\":\"Startseite\",\"item\":\"https:\\\/\\\/www.gaidaphotos.com\\\/blog\\\/\"},{\"@type\":\"ListItem\",\"position\":2,\"name\":\"Niederrheinisches Freilichtmuseum in Grefrath\"}]},{\"@type\":\"WebSite\",\"@id\":\"https:\\\/\\\/www.gaidaphotos.com\\\/blog\\\/#website\",\"url\":\"https:\\\/\\\/www.gaidaphotos.com\\\/blog\\\/\",\"name\":\"K\u00f6ln Rodenkirchen und die Welt\",\"description\":\"Einkaufen, Restaurants, Freizeit, Nachrichten und was uns sonst bewegt und begegnet\",\"publisher\":{\"@id\":\"https:\\\/\\\/www.gaidaphotos.com\\\/blog\\\/#organization\"},\"potentialAction\":[{\"@type\":\"SearchAction\",\"target\":{\"@type\":\"EntryPoint\",\"urlTemplate\":\"https:\\\/\\\/www.gaidaphotos.com\\\/blog\\\/?s={search_term_string}\"},\"query-input\":{\"@type\":\"PropertyValueSpecification\",\"valueRequired\":true,\"valueName\":\"search_term_string\"}}],\"inLanguage\":\"de\"},{\"@type\":\"Organization\",\"@id\":\"https:\\\/\\\/www.gaidaphotos.com\\\/blog\\\/#organization\",\"name\":\"gaidaphotos\",\"url\":\"https:\\\/\\\/www.gaidaphotos.com\\\/blog\\\/\",\"logo\":{\"@type\":\"ImageObject\",\"inLanguage\":\"de\",\"@id\":\"https:\\\/\\\/www.gaidaphotos.com\\\/blog\\\/#\\\/schema\\\/logo\\\/image\\\/\",\"url\":\"https:\\\/\\\/i0.wp.com\\\/www.gaidaphotos.com\\\/blog\\\/wp-content\\\/uploads\\\/2020\\\/07\\\/GAIDAPHOTOS-COM.jpg?fit=160%2C96&ssl=1\",\"contentUrl\":\"https:\\\/\\\/i0.wp.com\\\/www.gaidaphotos.com\\\/blog\\\/wp-content\\\/uploads\\\/2020\\\/07\\\/GAIDAPHOTOS-COM.jpg?fit=160%2C96&ssl=1\",\"width\":160,\"height\":96,\"caption\":\"gaidaphotos\"},\"image\":{\"@id\":\"https:\\\/\\\/www.gaidaphotos.com\\\/blog\\\/#\\\/schema\\\/logo\\\/image\\\/\"},\"sameAs\":[\"https:\\\/\\\/www.facebook.com\\\/Koeln.Rodenkirchen\",\"https:\\\/\\\/x.com\\\/gaidaphotos\",\"https:\\\/\\\/instagram.com\\\/gaidaphotos\\\/\",\"https:\\\/\\\/de.linkedin.com\\\/in\\\/gaidaphotos\",\"https:\\\/\\\/myspace.com\\\/gaidaphotos\",\"https:\\\/\\\/www.pinterest.com\\\/gaidaphotos\\\/\",\"https:\\\/\\\/www.youtube.com\\\/user\\\/gaidaphotos\"]},{\"@type\":\"Person\",\"@id\":\"https:\\\/\\\/www.gaidaphotos.com\\\/blog\\\/#\\\/schema\\\/person\\\/6c444a5b13ffc503c5c32f5a9ec68b21\",\"name\":\"Thomas\",\"sameAs\":[\"https:\\\/\\\/www.gaidaphotos.com\",\"https:\\\/\\\/www.facebook.com\\\/gaidaphotos\",\"https:\\\/\\\/instagram.com\\\/gaidaphotos\\\/\",\"https:\\\/\\\/www.linkedin.com\\\/in\\\/gaidaphotos\",\"http:\\\/\\\/www.pinterest.com\\\/gaidaphotos\\\/\",\"https:\\\/\\\/x.com\\\/gaidaphotos\",\"https:\\\/\\\/myspace.com\\\/gaidaphotos\",\"https:\\\/\\\/www.youtube.com\\\/user\\\/gaidaphotos\",\"https:\\\/\\\/gaidaphotos.tumblr.com\\\/\"]}]}<\/script>\n<!-- \/ Yoast SEO plugin. -->","yoast_head_json":{"title":"Niederrheinisches Freilichtmuseum in Grefrath - K\u00f6ln Rodenkirchen und die Welt","description":"Das niederrh. Freilichtmuseum Grefrath liegt ca. 1h von Rodenkirchen. Wir waren dort und haben Ihnen Fotos und unsere Erlebnisse mitgebracht.","robots":{"index":"index","follow":"follow","max-snippet":"max-snippet:-1","max-image-preview":"max-image-preview:large","max-video-preview":"max-video-preview:-1"},"canonical":"https:\/\/www.gaidaphotos.com\/blog\/2020\/08\/07\/niederrheinisches-freilichtmuseum-in-grefrath\/","og_locale":"de_DE","og_type":"article","og_title":"Niederrheinisches Freilichtmuseum in Grefrath - K\u00f6ln Rodenkirchen und die Welt","og_description":"Das niederrh. Freilichtmuseum Grefrath liegt ca. 1h von Rodenkirchen. Wir waren dort und haben Ihnen Fotos und unsere Erlebnisse mitgebracht.","og_url":"https:\/\/www.gaidaphotos.com\/blog\/2020\/08\/07\/niederrheinisches-freilichtmuseum-in-grefrath\/","og_site_name":"K\u00f6ln Rodenkirchen und die Welt","article_publisher":"https:\/\/www.facebook.com\/Koeln.Rodenkirchen","article_author":"https:\/\/www.facebook.com\/gaidaphotos","article_published_time":"2020-08-07T16:00:32+00:00","article_modified_time":"2020-08-10T12:52:45+00:00","og_image":[{"width":717,"height":717,"url":"https:\/\/i1.wp.com\/www.gaidaphotos.com\/blog\/wp-content\/uploads\/2020\/08\/niederrheinisches-freilichtmuseum-grefrath-07b.jpg?fit=717%2C717&ssl=1","type":"image\/jpeg"}],"author":"Thomas","twitter_card":"summary_large_image","twitter_creator":"@gaidaphotos","twitter_site":"@gaidaphotos","twitter_misc":{"Verfasst von":"Thomas","Gesch\u00e4tzte Lesezeit":"2\u00a0Minuten"},"schema":{"@context":"https:\/\/schema.org","@graph":[{"@type":"Article","@id":"https:\/\/www.gaidaphotos.com\/blog\/2020\/08\/07\/niederrheinisches-freilichtmuseum-in-grefrath\/#article","isPartOf":{"@id":"https:\/\/www.gaidaphotos.com\/blog\/2020\/08\/07\/niederrheinisches-freilichtmuseum-in-grefrath\/"},"author":{"name":"Thomas","@id":"https:\/\/www.gaidaphotos.com\/blog\/#\/schema\/person\/6c444a5b13ffc503c5c32f5a9ec68b21"},"headline":"Niederrheinisches Freilichtmuseum in Grefrath","datePublished":"2020-08-07T16:00:32+00:00","dateModified":"2020-08-10T12:52:45+00:00","mainEntityOfPage":{"@id":"https:\/\/www.gaidaphotos.com\/blog\/2020\/08\/07\/niederrheinisches-freilichtmuseum-in-grefrath\/"},"wordCount":339,"commentCount":0,"publisher":{"@id":"https:\/\/www.gaidaphotos.com\/blog\/#organization"},"image":{"@id":"https:\/\/www.gaidaphotos.com\/blog\/2020\/08\/07\/niederrheinisches-freilichtmuseum-in-grefrath\/#primaryimage"},"thumbnailUrl":"https:\/\/i0.wp.com\/www.gaidaphotos.com\/blog\/wp-content\/uploads\/2020\/08\/niederrheinisches-freilichtmuseum-grefrath-07b.jpg?fit=717%2C717&ssl=1","keywords":["Fotografie","Freizeit-Ideen"],"articleSection":["Ausflug","K\u00f6ln Rodenkirchen Freizeit","Reise\/ Reisen","schoene Bilder","Schoene Fotos"],"inLanguage":"de","potentialAction":[{"@type":"CommentAction","name":"Comment","target":["https:\/\/www.gaidaphotos.com\/blog\/2020\/08\/07\/niederrheinisches-freilichtmuseum-in-grefrath\/#respond"]}]},{"@type":"WebPage","@id":"https:\/\/www.gaidaphotos.com\/blog\/2020\/08\/07\/niederrheinisches-freilichtmuseum-in-grefrath\/","url":"https:\/\/www.gaidaphotos.com\/blog\/2020\/08\/07\/niederrheinisches-freilichtmuseum-in-grefrath\/","name":"Niederrheinisches Freilichtmuseum in Grefrath - K\u00f6ln Rodenkirchen und die Welt","isPartOf":{"@id":"https:\/\/www.gaidaphotos.com\/blog\/#website"},"primaryImageOfPage":{"@id":"https:\/\/www.gaidaphotos.com\/blog\/2020\/08\/07\/niederrheinisches-freilichtmuseum-in-grefrath\/#primaryimage"},"image":{"@id":"https:\/\/www.gaidaphotos.com\/blog\/2020\/08\/07\/niederrheinisches-freilichtmuseum-in-grefrath\/#primaryimage"},"thumbnailUrl":"https:\/\/i0.wp.com\/www.gaidaphotos.com\/blog\/wp-content\/uploads\/2020\/08\/niederrheinisches-freilichtmuseum-grefrath-07b.jpg?fit=717%2C717&ssl=1","datePublished":"2020-08-07T16:00:32+00:00","dateModified":"2020-08-10T12:52:45+00:00","description":"Das niederrh. Freilichtmuseum Grefrath liegt ca. 1h von Rodenkirchen. Wir waren dort und haben Ihnen Fotos und unsere Erlebnisse mitgebracht.","breadcrumb":{"@id":"https:\/\/www.gaidaphotos.com\/blog\/2020\/08\/07\/niederrheinisches-freilichtmuseum-in-grefrath\/#breadcrumb"},"inLanguage":"de","potentialAction":[{"@type":"ReadAction","target":["https:\/\/www.gaidaphotos.com\/blog\/2020\/08\/07\/niederrheinisches-freilichtmuseum-in-grefrath\/"]}]},{"@type":"ImageObject","inLanguage":"de","@id":"https:\/\/www.gaidaphotos.com\/blog\/2020\/08\/07\/niederrheinisches-freilichtmuseum-in-grefrath\/#primaryimage","url":"https:\/\/i0.wp.com\/www.gaidaphotos.com\/blog\/wp-content\/uploads\/2020\/08\/niederrheinisches-freilichtmuseum-grefrath-07b.jpg?fit=717%2C717&ssl=1","contentUrl":"https:\/\/i0.wp.com\/www.gaidaphotos.com\/blog\/wp-content\/uploads\/2020\/08\/niederrheinisches-freilichtmuseum-grefrath-07b.jpg?fit=717%2C717&ssl=1","width":717,"height":717,"caption":"Federvieh vom Niederrehin - Hahn"},{"@type":"BreadcrumbList","@id":"https:\/\/www.gaidaphotos.com\/blog\/2020\/08\/07\/niederrheinisches-freilichtmuseum-in-grefrath\/#breadcrumb","itemListElement":[{"@type":"ListItem","position":1,"name":"Startseite","item":"https:\/\/www.gaidaphotos.com\/blog\/"},{"@type":"ListItem","position":2,"name":"Niederrheinisches Freilichtmuseum in Grefrath"}]},{"@type":"WebSite","@id":"https:\/\/www.gaidaphotos.com\/blog\/#website","url":"https:\/\/www.gaidaphotos.com\/blog\/","name":"K\u00f6ln Rodenkirchen und die Welt","description":"Einkaufen, Restaurants, Freizeit, Nachrichten und was uns sonst bewegt und begegnet","publisher":{"@id":"https:\/\/www.gaidaphotos.com\/blog\/#organization"},"potentialAction":[{"@type":"SearchAction","target":{"@type":"EntryPoint","urlTemplate":"https:\/\/www.gaidaphotos.com\/blog\/?s={search_term_string}"},"query-input":{"@type":"PropertyValueSpecification","valueRequired":true,"valueName":"search_term_string"}}],"inLanguage":"de"},{"@type":"Organization","@id":"https:\/\/www.gaidaphotos.com\/blog\/#organization","name":"gaidaphotos","url":"https:\/\/www.gaidaphotos.com\/blog\/","logo":{"@type":"ImageObject","inLanguage":"de","@id":"https:\/\/www.gaidaphotos.com\/blog\/#\/schema\/logo\/image\/","url":"https:\/\/i0.wp.com\/www.gaidaphotos.com\/blog\/wp-content\/uploads\/2020\/07\/GAIDAPHOTOS-COM.jpg?fit=160%2C96&ssl=1","contentUrl":"https:\/\/i0.wp.com\/www.gaidaphotos.com\/blog\/wp-content\/uploads\/2020\/07\/GAIDAPHOTOS-COM.jpg?fit=160%2C96&ssl=1","width":160,"height":96,"caption":"gaidaphotos"},"image":{"@id":"https:\/\/www.gaidaphotos.com\/blog\/#\/schema\/logo\/image\/"},"sameAs":["https:\/\/www.facebook.com\/Koeln.Rodenkirchen","https:\/\/x.com\/gaidaphotos","https:\/\/instagram.com\/gaidaphotos\/","https:\/\/de.linkedin.com\/in\/gaidaphotos","https:\/\/myspace.com\/gaidaphotos","https:\/\/www.pinterest.com\/gaidaphotos\/","https:\/\/www.youtube.com\/user\/gaidaphotos"]},{"@type":"Person","@id":"https:\/\/www.gaidaphotos.com\/blog\/#\/schema\/person\/6c444a5b13ffc503c5c32f5a9ec68b21","name":"Thomas","sameAs":["https:\/\/www.gaidaphotos.com","https:\/\/www.facebook.com\/gaidaphotos","https:\/\/instagram.com\/gaidaphotos\/","https:\/\/www.linkedin.com\/in\/gaidaphotos","http:\/\/www.pinterest.com\/gaidaphotos\/","https:\/\/x.com\/gaidaphotos","https:\/\/myspace.com\/gaidaphotos","https:\/\/www.youtube.com\/user\/gaidaphotos","https:\/\/gaidaphotos.tumblr.com\/"]}]}},"jetpack_publicize_connections":[],"jetpack_featured_media_url":"https:\/\/i0.wp.com\/www.gaidaphotos.com\/blog\/wp-content\/uploads\/2020\/08\/niederrheinisches-freilichtmuseum-grefrath-07b.jpg?fit=717%2C717&ssl=1","jetpack_sharing_enabled":true,"jetpack_likes_enabled":true,"jetpack-related-posts":[{"id":3647,"url":"https:\/\/www.gaidaphotos.com\/blog\/2011\/08\/31\/freilichtmuseum-kommern-ein-toller-ausflug\/","url_meta":{"origin":12274,"position":0},"title":"Freilichtmuseum Kommern &#8211; ein toller Ausflug","author":"Thomas","date":"31. August 2011","format":false,"excerpt":"Freilichtmuseum Kommern Freilichtmuseum Kommern - Ausflugstip Endlich hat es wieder mal geklappt und wir hatten einen sonnigen, arbeitsfreien Sonntag. Und unser Freund Richard aus Boulder, CO, war zu Besuch. So machten wir uns zu dritt auf in's Freilichtmuseum Kommern. Das Museum liegt ca. 1h entfernt von K\u00f6ln in der Eifel.\u2026","rel":"","context":"In &quot;Ausflug&quot;","block_context":{"text":"Ausflug","link":"https:\/\/www.gaidaphotos.com\/blog\/category\/ausflug\/"},"img":{"alt_text":"","src":"https:\/\/www.gaidaphotos.com\/blog\/wp-content\/uploads\/2020\/08\/nggallery_import\/5_","width":350,"height":200,"srcset":"https:\/\/www.gaidaphotos.com\/blog\/wp-content\/uploads\/2020\/08\/nggallery_import\/5_ 1x, https:\/\/www.gaidaphotos.com\/blog\/wp-content\/uploads\/2020\/08\/nggallery_import\/5_ 1.5x, https:\/\/www.gaidaphotos.com\/blog\/wp-content\/uploads\/2020\/08\/nggallery_import\/5_ 2x"},"classes":[]},{"id":3664,"url":"https:\/\/www.gaidaphotos.com\/blog\/2011\/09\/07\/strassenfest-verkaufsoffener-sonntag-11-09-2011-in-koeln\/","url_meta":{"origin":12274,"position":1},"title":"Stra\u00dfenfest + Verkaufsoffener Sonntag 11.09.2011 in K\u00f6ln?","author":"Thomas","date":"7. September 2011","format":false,"excerpt":"Verkaufsoffener Sonntag .03.2011 in K\u00f6ln? Wo kann man am 11.09.2011 in K\u00f6ln shoppen (verkaufsoffener Sonntag)? Pech gehabt. K\u00f6ln ist am 11.09.2011 \"Verkaufsoffen-Freie-Zone\". Wie w\u00e4r's mit einem Familienausflug zum Freilichtmuseum Kommern? Wenn sich die Bl\u00e4tter zu f\u00e4rben beginnen ist das eine tolle Fotogelegenheit. Am 11.09.2011 ist in K\u00f6ln kein verkaufsoffener Sonntag.\u2026","rel":"","context":"In &quot;Verkaufsoffener Sonntag K\u00f6ln NRW&quot;","block_context":{"text":"Verkaufsoffener Sonntag K\u00f6ln NRW","link":"https:\/\/www.gaidaphotos.com\/blog\/category\/kalender-archiv\/verkaufsoffener-sonntag-koln-nrw\/"},"img":{"alt_text":"","src":"https:\/\/www.gaidaphotos.com\/blog\/wp-content\/uploads\/2020\/08\/nggallery_import\/106_","width":350,"height":200,"srcset":"https:\/\/www.gaidaphotos.com\/blog\/wp-content\/uploads\/2020\/08\/nggallery_import\/106_ 1x, https:\/\/www.gaidaphotos.com\/blog\/wp-content\/uploads\/2020\/08\/nggallery_import\/106_ 1.5x, https:\/\/www.gaidaphotos.com\/blog\/wp-content\/uploads\/2020\/08\/nggallery_import\/106_ 2x"},"classes":[]},{"id":3681,"url":"https:\/\/www.gaidaphotos.com\/blog\/2011\/09\/12\/koeln-severinsviertel-worringen-rath-heumar-verkaufsoffener-sonntag-strassenfest-18-09-2011\/","url_meta":{"origin":12274,"position":2},"title":"K\u00f6ln Severinsviertel,  Worringen,  Rath,  Heumar  &#8211; verkaufsoffener Sonntag &#038;  Stra\u00dfenfest 18.09.2011","author":"Thomas","date":"12. September 2011","format":false,"excerpt":"K\u00f6ln Severinsviertel,\u00a0 Worringen,\u00a0 Rath,\u00a0 Heumar Verkaufsoffener Sonntag Stra\u00dfenfest 18.09.2011 Endlich ist es wieder soweit und die K\u00f6lner k\u00f6nnen auch am Sonntag die lokale Wirtschaft und die Lokale beleben. Besonderes Highlight am 17.\/ und 18.09.2011 ist \"D\u00e4 L\u00e4ngste Desch von K\u00f6lle\", das Stra\u00dfenfest rund um Severinstorburg und Severinstra\u00dfe. Neben dem umfangreichen\u2026","rel":"","context":"In &quot;Verkaufsoffener Sonntag K\u00f6ln NRW&quot;","block_context":{"text":"Verkaufsoffener Sonntag K\u00f6ln NRW","link":"https:\/\/www.gaidaphotos.com\/blog\/category\/kalender-archiv\/verkaufsoffener-sonntag-koln-nrw\/"},"img":{"alt_text":"","src":"https:\/\/www.gaidaphotos.com\/blog\/wp-content\/uploads\/2020\/08\/nggallery_import\/86_","width":350,"height":200,"srcset":"https:\/\/www.gaidaphotos.com\/blog\/wp-content\/uploads\/2020\/08\/nggallery_import\/86_ 1x, https:\/\/www.gaidaphotos.com\/blog\/wp-content\/uploads\/2020\/08\/nggallery_import\/86_ 1.5x, https:\/\/www.gaidaphotos.com\/blog\/wp-content\/uploads\/2020\/08\/nggallery_import\/86_ 2x"},"classes":[]},{"id":3713,"url":"https:\/\/www.gaidaphotos.com\/blog\/2011\/09\/28\/oktoberfest-und-verkaufsoffener-sonntag-02-10-2011-in-koln\/","url_meta":{"origin":12274,"position":3},"title":"Oktoberfest und Verkaufsoffener Sonntag 02.10.2011 in K\u00f6ln","author":"Thomas","date":"28. September 2011","format":false,"excerpt":"Oktoberfest und Verkaufsoffener Sonntag 02.10.2011 in K\u00f6ln Die \"schlimme\" Zeit mit wenigen bis keinem verkaufsoffenen Sonntag sind endlich vorbei und nun geht es Schlag auf Schlag. Gleich in sechs K\u00f6lner Stadtteilen sind am Sonntag die Gesch\u00e4fte ge\u00f6ffnet. Der Zeitpunkt ist gut gew\u00e4hlt. Der September ist einer der schlechtesten Verkaufsmonate in\u2026","rel":"","context":"In &quot;Verkaufsoffener Sonntag K\u00f6ln NRW&quot;","block_context":{"text":"Verkaufsoffener Sonntag K\u00f6ln NRW","link":"https:\/\/www.gaidaphotos.com\/blog\/category\/kalender-archiv\/verkaufsoffener-sonntag-koln-nrw\/"},"img":{"alt_text":"","src":"https:\/\/www.gaidaphotos.com\/blog\/wp-content\/uploads\/2020\/08\/nggallery_import\/94_","width":350,"height":200,"srcset":"https:\/\/www.gaidaphotos.com\/blog\/wp-content\/uploads\/2020\/08\/nggallery_import\/94_ 1x, https:\/\/www.gaidaphotos.com\/blog\/wp-content\/uploads\/2020\/08\/nggallery_import\/94_ 1.5x, https:\/\/www.gaidaphotos.com\/blog\/wp-content\/uploads\/2020\/08\/nggallery_import\/94_ 2x"},"classes":[]},{"id":3735,"url":"https:\/\/www.gaidaphotos.com\/blog\/2011\/10\/12\/kein-verkaufsoffener-sonntag-strasenfest-16-10-2011-in-koln\/","url_meta":{"origin":12274,"position":4},"title":"Kein verkaufsoffener Sonntag &#038; Stra\u00dfenfest 16.10.2011 in K\u00f6ln","author":"Thomas","date":"12. Oktober 2011","format":false,"excerpt":"Kein Verkaufsoffener Sonntag am 16.10.2011 in K\u00f6ln? Wie w\u00e4r's mit einem Familienausflug zum Freilichtmuseum Kommern? Wo sich die Bl\u00e4tter zu f\u00e4rben beginnen ist das eine tolle Fotogelegenheit. Am 16.10.2011 ist in K\u00f6ln kein verkaufsoffener Sonntag. Foto oben: Langzeitbelichtung (1\/25 sec) mit Bewegungsunsch\u00e4rfe. In unserer neuen Kolumne \"Foto-Kurs - Fotografieren\" geben\u2026","rel":"","context":"In &quot;Verkaufsoffener Sonntag K\u00f6ln NRW&quot;","block_context":{"text":"Verkaufsoffener Sonntag K\u00f6ln NRW","link":"https:\/\/www.gaidaphotos.com\/blog\/category\/kalender-archiv\/verkaufsoffener-sonntag-koln-nrw\/"},"img":{"alt_text":"","src":"https:\/\/www.gaidaphotos.com\/blog\/wp-content\/uploads\/2020\/08\/nggallery_import\/109_","width":350,"height":200,"srcset":"https:\/\/www.gaidaphotos.com\/blog\/wp-content\/uploads\/2020\/08\/nggallery_import\/109_ 1x, https:\/\/www.gaidaphotos.com\/blog\/wp-content\/uploads\/2020\/08\/nggallery_import\/109_ 1.5x, https:\/\/www.gaidaphotos.com\/blog\/wp-content\/uploads\/2020\/08\/nggallery_import\/109_ 2x"},"classes":[]},{"id":7946,"url":"https:\/\/www.gaidaphotos.com\/blog\/2014\/10\/17\/wilhelmstrasse-und-rheinufer-in-rodenkirchen\/","url_meta":{"origin":12274,"position":5},"title":"Wilhelmstra\u00dfe und Rheinufer in Rodenkirchen","author":"Thomas","date":"17. Oktober 2014","format":false,"excerpt":"Wilhemlmstra\u00dfe, Bahnhof und Rodenkirchener Rheinufer Kalenderblatt M\u00e4rz 2015 Das Kalenderblatt f\u00fcr M\u00e4rz 2015 zeigt uns gleich vier Ansichten unseres sch\u00f6nen Rodenkirchen aus dem Jahr 1915 (Poststempel): Wilhelmstra\u00dfe - Hauptstra\u00dfe - Rheinufer - Bahnhof Von der Hauptstra\u00dfe in Rodenkirchen haben wir schon in der vergangenen Woche berichtet. Heute werfen wir einen\u2026","rel":"","context":"In &quot;Alte Bilder aus K\u00f6ln Rodenkirchen&quot;","block_context":{"text":"Alte Bilder aus K\u00f6ln Rodenkirchen","link":"https:\/\/www.gaidaphotos.com\/blog\/category\/foto\/alte-bilder-aus-koln-rodenkirchen\/"},"img":{"alt_text":"","src":"https:\/\/i0.wp.com\/www.gaidaphotos.com\/blog\/wp-content\/uploads\/ngg_featured\/koeln-rodenkirchen-kalender-01.jpg?fit=1024%2C650&ssl=1&resize=350%2C200","width":350,"height":200,"srcset":"https:\/\/i0.wp.com\/www.gaidaphotos.com\/blog\/wp-content\/uploads\/ngg_featured\/koeln-rodenkirchen-kalender-01.jpg?fit=1024%2C650&ssl=1&resize=350%2C200 1x, https:\/\/i0.wp.com\/www.gaidaphotos.com\/blog\/wp-content\/uploads\/ngg_featured\/koeln-rodenkirchen-kalender-01.jpg?fit=1024%2C650&ssl=1&resize=525%2C300 1.5x, https:\/\/i0.wp.com\/www.gaidaphotos.com\/blog\/wp-content\/uploads\/ngg_featured\/koeln-rodenkirchen-kalender-01.jpg?fit=1024%2C650&ssl=1&resize=700%2C400 2x"},"classes":[]}],"_links":{"self":[{"href":"https:\/\/www.gaidaphotos.com\/blog\/wp-json\/wp\/v2\/posts\/12274","targetHints":{"allow":["GET"]}}],"collection":[{"href":"https:\/\/www.gaidaphotos.com\/blog\/wp-json\/wp\/v2\/posts"}],"about":[{"href":"https:\/\/www.gaidaphotos.com\/blog\/wp-json\/wp\/v2\/types\/post"}],"author":[{"embeddable":true,"href":"https:\/\/www.gaidaphotos.com\/blog\/wp-json\/wp\/v2\/users\/6"}],"replies":[{"embeddable":true,"href":"https:\/\/www.gaidaphotos.com\/blog\/wp-json\/wp\/v2\/comments?post=12274"}],"version-history":[{"count":0,"href":"https:\/\/www.gaidaphotos.com\/blog\/wp-json\/wp\/v2\/posts\/12274\/revisions"}],"wp:featuredmedia":[{"embeddable":true,"href":"https:\/\/www.gaidaphotos.com\/blog\/wp-json\/wp\/v2\/media\/12276"}],"wp:attachment":[{"href":"https:\/\/www.gaidaphotos.com\/blog\/wp-json\/wp\/v2\/media?parent=12274"}],"wp:term":[{"taxonomy":"category","embeddable":true,"href":"https:\/\/www.gaidaphotos.com\/blog\/wp-json\/wp\/v2\/categories?post=12274"},{"taxonomy":"post_tag","embeddable":true,"href":"https:\/\/www.gaidaphotos.com\/blog\/wp-json\/wp\/v2\/tags?post=12274"}],"curies":[{"name":"wp","href":"https:\/\/api.w.org\/{rel}","templated":true}]}}