{"id":13006,"date":"2021-07-10T17:31:06","date_gmt":"2021-07-10T15:31:06","guid":{"rendered":"https:\/\/www.gaidaphotos.com\/blog\/?p=13006"},"modified":"2021-07-10T17:31:08","modified_gmt":"2021-07-10T15:31:08","slug":"maedesuess-im-forstbotanischen-garten-in-rodenkirchen","status":"publish","type":"post","link":"https:\/\/www.gaidaphotos.com\/blog\/2021\/07\/10\/maedesuess-im-forstbotanischen-garten-in-rodenkirchen\/","title":{"rendered":"M\u00e4des\u00fcss im Forstbotanischen Garten in Rodenkirchen"},"content":{"rendered":"\n<div class=\"wp-block-media-text alignwide is-stacked-on-mobile\"><figure class=\"wp-block-media-text__media\"><img data-recalc-dims=\"1\" loading=\"lazy\" decoding=\"async\" width=\"768\" height=\"1024\" src=\"https:\/\/i0.wp.com\/www.gaidaphotos.com\/blog\/wp-content\/uploads\/2021\/07\/maedesuess-forstbotanischer-Garten-rodenkirchen.jpg?resize=768%2C1024&#038;ssl=1\" alt=\"M\u00e4des\u00fcss im Forstbotanischen Garten\" class=\"wp-image-13007 size-full\" srcset=\"https:\/\/i0.wp.com\/www.gaidaphotos.com\/blog\/wp-content\/uploads\/2021\/07\/maedesuess-forstbotanischer-Garten-rodenkirchen.jpg?w=768&amp;ssl=1 768w, https:\/\/i0.wp.com\/www.gaidaphotos.com\/blog\/wp-content\/uploads\/2021\/07\/maedesuess-forstbotanischer-Garten-rodenkirchen.jpg?resize=188%2C250&amp;ssl=1 188w\" sizes=\"auto, (max-width: 768px) 100vw, 768px\" \/><\/figure><div class=\"wp-block-media-text__content\">\n<p class=\"has-large-font-size wp-block-paragraph\">Jede Woche finden sich neue Bl\u00fcten und Attraktionen im Forstbotanischen Garten in K\u00f6ln Rodenkirchen.<\/p>\n\n\n\n<p class=\"wp-block-paragraph\">Hier eine Prachtspiere M\u00e4des\u00fcss<\/p>\n<\/div><\/div>\n\n\n\n<!--more-->\n\n\n\n<p class=\"wp-block-paragraph\">Wikipedia zu M\u00e4des\u00fcss:<\/p>\n\n\n\n<p class=\"wp-block-paragraph\"><a href=\"https:\/\/de.wikipedia.org\/wiki\/M%C3%A4des%C3%BC%C3%9F\" target=\"_blank\" rel=\"noreferrer noopener\">M\u00e4des\u00fc\u00df <\/a>(Filipendula) (auch Spierstaude; lateinisch Spirea) ist eine Gattung in der Familie der Rosengew\u00e4chse (Rosaceae), die in den gem\u00e4\u00dfigten Zonen der Nordhalbkugel vorkommt. M\u00e4des\u00fc\u00df-Arten sind ausdauernde, subdi\u00f6zische, krautige Pflanzen. Die Bl\u00e4tter stehen sowohl in einer Rosette wie auch wechselst\u00e4ndig am St\u00e4ngel und sind unterbrochen gefiedert. Nebenbl\u00e4tter sind vorhanden, relativ gro\u00df und am Rand eingeschnitten.<\/p>\n\n\n\n<p class=\"wp-block-paragraph\">Hier geht&#8217;s zum <a href=\"https:\/\/goo.gl\/maps\/wcAx4rYWDXdrvCJZ7\" target=\"_blank\" rel=\"noreferrer noopener\">Forstbotanischen Garten in Rodenkirchen<\/a>:<\/p>\n\n\n\n<p class=\"wp-block-paragraph\"><\/p>\n","protected":false},"excerpt":{"rendered":"<p>Jede Woche finden sich neue Bl\u00fcten und Attraktionen im Forstbotanischen Garten in K\u00f6ln Rodenkirchen.<\/p>\n<p>Hier eine Prachtspiere M\u00e4des\u00fcss<\/p>\n","protected":false},"author":6,"featured_media":13007,"comment_status":"open","ping_status":"open","sticky":false,"template":"","format":"standard","meta":{"_crdt_document":"","ngg_post_thumbnail":0,"jetpack_post_was_ever_published":false,"_jetpack_newsletter_access":"","_jetpack_dont_email_post_to_subs":false,"_jetpack_newsletter_tier_id":0,"_jetpack_memberships_contains_paywalled_content":false,"_jetpack_memberships_contains_paid_content":false,"footnotes":"","jetpack_publicize_message":"","jetpack_publicize_feature_enabled":true,"jetpack_social_post_already_shared":true,"jetpack_social_options":{"image_generator_settings":{"template":"highway","default_image_id":0,"font":"","enabled":false},"version":2}},"categories":[101,325,1],"tags":[657],"class_list":["post-13006","post","type-post","status-publish","format-standard","has-post-thumbnail","hentry","category-koeln-rodenkirchen-freizeit","category-schoene-fotos","category-uncategorized","tag-forstbotanischer-garten"],"yoast_head":"<!-- This site is optimized with the Yoast SEO plugin v27.5 - https:\/\/yoast.com\/product\/yoast-seo-wordpress\/ -->\n<title>M\u00e4des\u00fcss im Forstbotanischen Garten in Rodenkirchen - K\u00f6ln Rodenkirchen und die Welt<\/title>\n<meta name=\"description\" content=\"Jede Woche finden sich neue Bl\u00fcten und Attraktionen im Forstbotanischen Garten in K\u00f6ln Rodenkirchen. Hier eine Prachtspiere M\u00e4des\u00fcss\" \/>\n<meta name=\"robots\" content=\"index, follow, max-snippet:-1, max-image-preview:large, max-video-preview:-1\" \/>\n<link rel=\"canonical\" href=\"https:\/\/www.gaidaphotos.com\/blog\/2021\/07\/10\/maedesuess-im-forstbotanischen-garten-in-rodenkirchen\/\" \/>\n<meta property=\"og:locale\" content=\"de_DE\" \/>\n<meta property=\"og:type\" content=\"article\" \/>\n<meta property=\"og:title\" content=\"M\u00e4des\u00fcss im Forstbotanischen Garten in Rodenkirchen - K\u00f6ln Rodenkirchen und die Welt\" \/>\n<meta property=\"og:description\" content=\"Jede Woche finden sich neue Bl\u00fcten und Attraktionen im Forstbotanischen Garten in K\u00f6ln Rodenkirchen. Hier eine Prachtspiere M\u00e4des\u00fcss\" \/>\n<meta property=\"og:url\" content=\"https:\/\/www.gaidaphotos.com\/blog\/2021\/07\/10\/maedesuess-im-forstbotanischen-garten-in-rodenkirchen\/\" \/>\n<meta property=\"og:site_name\" content=\"K\u00f6ln Rodenkirchen und die Welt\" \/>\n<meta property=\"article:publisher\" content=\"https:\/\/www.facebook.com\/Koeln.Rodenkirchen\" \/>\n<meta property=\"article:author\" content=\"https:\/\/www.facebook.com\/gaidaphotos\" \/>\n<meta property=\"article:published_time\" content=\"2021-07-10T15:31:06+00:00\" \/>\n<meta property=\"article:modified_time\" content=\"2021-07-10T15:31:08+00:00\" \/>\n<meta property=\"og:image\" content=\"https:\/\/i0.wp.com\/www.gaidaphotos.com\/blog\/wp-content\/uploads\/2021\/07\/maedesuess-forstbotanischer-Garten-rodenkirchen.jpg?fit=768%2C1024&ssl=1\" \/>\n\t<meta property=\"og:image:width\" content=\"768\" \/>\n\t<meta property=\"og:image:height\" content=\"1024\" \/>\n\t<meta property=\"og:image:type\" content=\"image\/jpeg\" \/>\n<meta name=\"author\" content=\"Thomas\" \/>\n<meta name=\"twitter:card\" content=\"summary_large_image\" \/>\n<meta name=\"twitter:creator\" content=\"@gaidaphotos\" \/>\n<meta name=\"twitter:site\" content=\"@gaidaphotos\" \/>\n<meta name=\"twitter:label1\" content=\"Verfasst von\" \/>\n\t<meta name=\"twitter:data1\" content=\"Thomas\" \/>\n\t<meta name=\"twitter:label2\" content=\"Gesch\u00e4tzte Lesezeit\" \/>\n\t<meta name=\"twitter:data2\" content=\"1\u00a0Minute\" \/>\n<script type=\"application\/ld+json\" class=\"yoast-schema-graph\">{\"@context\":\"https:\\\/\\\/schema.org\",\"@graph\":[{\"@type\":\"Article\",\"@id\":\"https:\\\/\\\/www.gaidaphotos.com\\\/blog\\\/2021\\\/07\\\/10\\\/maedesuess-im-forstbotanischen-garten-in-rodenkirchen\\\/#article\",\"isPartOf\":{\"@id\":\"https:\\\/\\\/www.gaidaphotos.com\\\/blog\\\/2021\\\/07\\\/10\\\/maedesuess-im-forstbotanischen-garten-in-rodenkirchen\\\/\"},\"author\":{\"name\":\"Thomas\",\"@id\":\"https:\\\/\\\/www.gaidaphotos.com\\\/blog\\\/#\\\/schema\\\/person\\\/6c444a5b13ffc503c5c32f5a9ec68b21\"},\"headline\":\"M\u00e4des\u00fcss im Forstbotanischen Garten in Rodenkirchen\",\"datePublished\":\"2021-07-10T15:31:06+00:00\",\"dateModified\":\"2021-07-10T15:31:08+00:00\",\"mainEntityOfPage\":{\"@id\":\"https:\\\/\\\/www.gaidaphotos.com\\\/blog\\\/2021\\\/07\\\/10\\\/maedesuess-im-forstbotanischen-garten-in-rodenkirchen\\\/\"},\"wordCount\":107,\"commentCount\":0,\"publisher\":{\"@id\":\"https:\\\/\\\/www.gaidaphotos.com\\\/blog\\\/#organization\"},\"image\":{\"@id\":\"https:\\\/\\\/www.gaidaphotos.com\\\/blog\\\/2021\\\/07\\\/10\\\/maedesuess-im-forstbotanischen-garten-in-rodenkirchen\\\/#primaryimage\"},\"thumbnailUrl\":\"https:\\\/\\\/i0.wp.com\\\/www.gaidaphotos.com\\\/blog\\\/wp-content\\\/uploads\\\/2021\\\/07\\\/maedesuess-forstbotanischer-Garten-rodenkirchen.jpg?fit=768%2C1024&ssl=1\",\"keywords\":[\"Forstbotanischer Garten\"],\"articleSection\":[\"K\u00f6ln Rodenkirchen Freizeit\",\"Schoene Fotos\",\"Sonstiges\"],\"inLanguage\":\"de\",\"potentialAction\":[{\"@type\":\"CommentAction\",\"name\":\"Comment\",\"target\":[\"https:\\\/\\\/www.gaidaphotos.com\\\/blog\\\/2021\\\/07\\\/10\\\/maedesuess-im-forstbotanischen-garten-in-rodenkirchen\\\/#respond\"]}]},{\"@type\":\"WebPage\",\"@id\":\"https:\\\/\\\/www.gaidaphotos.com\\\/blog\\\/2021\\\/07\\\/10\\\/maedesuess-im-forstbotanischen-garten-in-rodenkirchen\\\/\",\"url\":\"https:\\\/\\\/www.gaidaphotos.com\\\/blog\\\/2021\\\/07\\\/10\\\/maedesuess-im-forstbotanischen-garten-in-rodenkirchen\\\/\",\"name\":\"M\u00e4des\u00fcss im Forstbotanischen Garten in Rodenkirchen - K\u00f6ln Rodenkirchen und die Welt\",\"isPartOf\":{\"@id\":\"https:\\\/\\\/www.gaidaphotos.com\\\/blog\\\/#website\"},\"primaryImageOfPage\":{\"@id\":\"https:\\\/\\\/www.gaidaphotos.com\\\/blog\\\/2021\\\/07\\\/10\\\/maedesuess-im-forstbotanischen-garten-in-rodenkirchen\\\/#primaryimage\"},\"image\":{\"@id\":\"https:\\\/\\\/www.gaidaphotos.com\\\/blog\\\/2021\\\/07\\\/10\\\/maedesuess-im-forstbotanischen-garten-in-rodenkirchen\\\/#primaryimage\"},\"thumbnailUrl\":\"https:\\\/\\\/i0.wp.com\\\/www.gaidaphotos.com\\\/blog\\\/wp-content\\\/uploads\\\/2021\\\/07\\\/maedesuess-forstbotanischer-Garten-rodenkirchen.jpg?fit=768%2C1024&ssl=1\",\"datePublished\":\"2021-07-10T15:31:06+00:00\",\"dateModified\":\"2021-07-10T15:31:08+00:00\",\"description\":\"Jede Woche finden sich neue Bl\u00fcten und Attraktionen im Forstbotanischen Garten in K\u00f6ln Rodenkirchen. Hier eine Prachtspiere M\u00e4des\u00fcss\",\"breadcrumb\":{\"@id\":\"https:\\\/\\\/www.gaidaphotos.com\\\/blog\\\/2021\\\/07\\\/10\\\/maedesuess-im-forstbotanischen-garten-in-rodenkirchen\\\/#breadcrumb\"},\"inLanguage\":\"de\",\"potentialAction\":[{\"@type\":\"ReadAction\",\"target\":[\"https:\\\/\\\/www.gaidaphotos.com\\\/blog\\\/2021\\\/07\\\/10\\\/maedesuess-im-forstbotanischen-garten-in-rodenkirchen\\\/\"]}]},{\"@type\":\"ImageObject\",\"inLanguage\":\"de\",\"@id\":\"https:\\\/\\\/www.gaidaphotos.com\\\/blog\\\/2021\\\/07\\\/10\\\/maedesuess-im-forstbotanischen-garten-in-rodenkirchen\\\/#primaryimage\",\"url\":\"https:\\\/\\\/i0.wp.com\\\/www.gaidaphotos.com\\\/blog\\\/wp-content\\\/uploads\\\/2021\\\/07\\\/maedesuess-forstbotanischer-Garten-rodenkirchen.jpg?fit=768%2C1024&ssl=1\",\"contentUrl\":\"https:\\\/\\\/i0.wp.com\\\/www.gaidaphotos.com\\\/blog\\\/wp-content\\\/uploads\\\/2021\\\/07\\\/maedesuess-forstbotanischer-Garten-rodenkirchen.jpg?fit=768%2C1024&ssl=1\",\"width\":768,\"height\":1024,\"caption\":\"M\u00e4des\u00fcss im Forstbotanischen Garten\"},{\"@type\":\"BreadcrumbList\",\"@id\":\"https:\\\/\\\/www.gaidaphotos.com\\\/blog\\\/2021\\\/07\\\/10\\\/maedesuess-im-forstbotanischen-garten-in-rodenkirchen\\\/#breadcrumb\",\"itemListElement\":[{\"@type\":\"ListItem\",\"position\":1,\"name\":\"Startseite\",\"item\":\"https:\\\/\\\/www.gaidaphotos.com\\\/blog\\\/\"},{\"@type\":\"ListItem\",\"position\":2,\"name\":\"M\u00e4des\u00fcss im Forstbotanischen Garten in Rodenkirchen\"}]},{\"@type\":\"WebSite\",\"@id\":\"https:\\\/\\\/www.gaidaphotos.com\\\/blog\\\/#website\",\"url\":\"https:\\\/\\\/www.gaidaphotos.com\\\/blog\\\/\",\"name\":\"K\u00f6ln Rodenkirchen und die Welt\",\"description\":\"Einkaufen, Restaurants, Freizeit, Nachrichten und was uns sonst bewegt und begegnet\",\"publisher\":{\"@id\":\"https:\\\/\\\/www.gaidaphotos.com\\\/blog\\\/#organization\"},\"potentialAction\":[{\"@type\":\"SearchAction\",\"target\":{\"@type\":\"EntryPoint\",\"urlTemplate\":\"https:\\\/\\\/www.gaidaphotos.com\\\/blog\\\/?s={search_term_string}\"},\"query-input\":{\"@type\":\"PropertyValueSpecification\",\"valueRequired\":true,\"valueName\":\"search_term_string\"}}],\"inLanguage\":\"de\"},{\"@type\":\"Organization\",\"@id\":\"https:\\\/\\\/www.gaidaphotos.com\\\/blog\\\/#organization\",\"name\":\"gaidaphotos\",\"url\":\"https:\\\/\\\/www.gaidaphotos.com\\\/blog\\\/\",\"logo\":{\"@type\":\"ImageObject\",\"inLanguage\":\"de\",\"@id\":\"https:\\\/\\\/www.gaidaphotos.com\\\/blog\\\/#\\\/schema\\\/logo\\\/image\\\/\",\"url\":\"https:\\\/\\\/i0.wp.com\\\/www.gaidaphotos.com\\\/blog\\\/wp-content\\\/uploads\\\/2020\\\/07\\\/GAIDAPHOTOS-COM.jpg?fit=160%2C96&ssl=1\",\"contentUrl\":\"https:\\\/\\\/i0.wp.com\\\/www.gaidaphotos.com\\\/blog\\\/wp-content\\\/uploads\\\/2020\\\/07\\\/GAIDAPHOTOS-COM.jpg?fit=160%2C96&ssl=1\",\"width\":160,\"height\":96,\"caption\":\"gaidaphotos\"},\"image\":{\"@id\":\"https:\\\/\\\/www.gaidaphotos.com\\\/blog\\\/#\\\/schema\\\/logo\\\/image\\\/\"},\"sameAs\":[\"https:\\\/\\\/www.facebook.com\\\/Koeln.Rodenkirchen\",\"https:\\\/\\\/x.com\\\/gaidaphotos\",\"https:\\\/\\\/instagram.com\\\/gaidaphotos\\\/\",\"https:\\\/\\\/de.linkedin.com\\\/in\\\/gaidaphotos\",\"https:\\\/\\\/myspace.com\\\/gaidaphotos\",\"https:\\\/\\\/www.pinterest.com\\\/gaidaphotos\\\/\",\"https:\\\/\\\/www.youtube.com\\\/user\\\/gaidaphotos\"]},{\"@type\":\"Person\",\"@id\":\"https:\\\/\\\/www.gaidaphotos.com\\\/blog\\\/#\\\/schema\\\/person\\\/6c444a5b13ffc503c5c32f5a9ec68b21\",\"name\":\"Thomas\",\"sameAs\":[\"https:\\\/\\\/www.gaidaphotos.com\",\"https:\\\/\\\/www.facebook.com\\\/gaidaphotos\",\"https:\\\/\\\/instagram.com\\\/gaidaphotos\\\/\",\"https:\\\/\\\/www.linkedin.com\\\/in\\\/gaidaphotos\",\"http:\\\/\\\/www.pinterest.com\\\/gaidaphotos\\\/\",\"https:\\\/\\\/x.com\\\/gaidaphotos\",\"https:\\\/\\\/myspace.com\\\/gaidaphotos\",\"https:\\\/\\\/www.youtube.com\\\/user\\\/gaidaphotos\",\"https:\\\/\\\/gaidaphotos.tumblr.com\\\/\"]}]}<\/script>\n<!-- \/ Yoast SEO plugin. -->","yoast_head_json":{"title":"M\u00e4des\u00fcss im Forstbotanischen Garten in Rodenkirchen - K\u00f6ln Rodenkirchen und die Welt","description":"Jede Woche finden sich neue Bl\u00fcten und Attraktionen im Forstbotanischen Garten in K\u00f6ln Rodenkirchen. Hier eine Prachtspiere M\u00e4des\u00fcss","robots":{"index":"index","follow":"follow","max-snippet":"max-snippet:-1","max-image-preview":"max-image-preview:large","max-video-preview":"max-video-preview:-1"},"canonical":"https:\/\/www.gaidaphotos.com\/blog\/2021\/07\/10\/maedesuess-im-forstbotanischen-garten-in-rodenkirchen\/","og_locale":"de_DE","og_type":"article","og_title":"M\u00e4des\u00fcss im Forstbotanischen Garten in Rodenkirchen - K\u00f6ln Rodenkirchen und die Welt","og_description":"Jede Woche finden sich neue Bl\u00fcten und Attraktionen im Forstbotanischen Garten in K\u00f6ln Rodenkirchen. Hier eine Prachtspiere M\u00e4des\u00fcss","og_url":"https:\/\/www.gaidaphotos.com\/blog\/2021\/07\/10\/maedesuess-im-forstbotanischen-garten-in-rodenkirchen\/","og_site_name":"K\u00f6ln Rodenkirchen und die Welt","article_publisher":"https:\/\/www.facebook.com\/Koeln.Rodenkirchen","article_author":"https:\/\/www.facebook.com\/gaidaphotos","article_published_time":"2021-07-10T15:31:06+00:00","article_modified_time":"2021-07-10T15:31:08+00:00","og_image":[{"width":768,"height":1024,"url":"https:\/\/i0.wp.com\/www.gaidaphotos.com\/blog\/wp-content\/uploads\/2021\/07\/maedesuess-forstbotanischer-Garten-rodenkirchen.jpg?fit=768%2C1024&ssl=1","type":"image\/jpeg"}],"author":"Thomas","twitter_card":"summary_large_image","twitter_creator":"@gaidaphotos","twitter_site":"@gaidaphotos","twitter_misc":{"Verfasst von":"Thomas","Gesch\u00e4tzte Lesezeit":"1\u00a0Minute"},"schema":{"@context":"https:\/\/schema.org","@graph":[{"@type":"Article","@id":"https:\/\/www.gaidaphotos.com\/blog\/2021\/07\/10\/maedesuess-im-forstbotanischen-garten-in-rodenkirchen\/#article","isPartOf":{"@id":"https:\/\/www.gaidaphotos.com\/blog\/2021\/07\/10\/maedesuess-im-forstbotanischen-garten-in-rodenkirchen\/"},"author":{"name":"Thomas","@id":"https:\/\/www.gaidaphotos.com\/blog\/#\/schema\/person\/6c444a5b13ffc503c5c32f5a9ec68b21"},"headline":"M\u00e4des\u00fcss im Forstbotanischen Garten in Rodenkirchen","datePublished":"2021-07-10T15:31:06+00:00","dateModified":"2021-07-10T15:31:08+00:00","mainEntityOfPage":{"@id":"https:\/\/www.gaidaphotos.com\/blog\/2021\/07\/10\/maedesuess-im-forstbotanischen-garten-in-rodenkirchen\/"},"wordCount":107,"commentCount":0,"publisher":{"@id":"https:\/\/www.gaidaphotos.com\/blog\/#organization"},"image":{"@id":"https:\/\/www.gaidaphotos.com\/blog\/2021\/07\/10\/maedesuess-im-forstbotanischen-garten-in-rodenkirchen\/#primaryimage"},"thumbnailUrl":"https:\/\/i0.wp.com\/www.gaidaphotos.com\/blog\/wp-content\/uploads\/2021\/07\/maedesuess-forstbotanischer-Garten-rodenkirchen.jpg?fit=768%2C1024&ssl=1","keywords":["Forstbotanischer Garten"],"articleSection":["K\u00f6ln Rodenkirchen Freizeit","Schoene Fotos","Sonstiges"],"inLanguage":"de","potentialAction":[{"@type":"CommentAction","name":"Comment","target":["https:\/\/www.gaidaphotos.com\/blog\/2021\/07\/10\/maedesuess-im-forstbotanischen-garten-in-rodenkirchen\/#respond"]}]},{"@type":"WebPage","@id":"https:\/\/www.gaidaphotos.com\/blog\/2021\/07\/10\/maedesuess-im-forstbotanischen-garten-in-rodenkirchen\/","url":"https:\/\/www.gaidaphotos.com\/blog\/2021\/07\/10\/maedesuess-im-forstbotanischen-garten-in-rodenkirchen\/","name":"M\u00e4des\u00fcss im Forstbotanischen Garten in Rodenkirchen - K\u00f6ln Rodenkirchen und die Welt","isPartOf":{"@id":"https:\/\/www.gaidaphotos.com\/blog\/#website"},"primaryImageOfPage":{"@id":"https:\/\/www.gaidaphotos.com\/blog\/2021\/07\/10\/maedesuess-im-forstbotanischen-garten-in-rodenkirchen\/#primaryimage"},"image":{"@id":"https:\/\/www.gaidaphotos.com\/blog\/2021\/07\/10\/maedesuess-im-forstbotanischen-garten-in-rodenkirchen\/#primaryimage"},"thumbnailUrl":"https:\/\/i0.wp.com\/www.gaidaphotos.com\/blog\/wp-content\/uploads\/2021\/07\/maedesuess-forstbotanischer-Garten-rodenkirchen.jpg?fit=768%2C1024&ssl=1","datePublished":"2021-07-10T15:31:06+00:00","dateModified":"2021-07-10T15:31:08+00:00","description":"Jede Woche finden sich neue Bl\u00fcten und Attraktionen im Forstbotanischen Garten in K\u00f6ln Rodenkirchen. Hier eine Prachtspiere M\u00e4des\u00fcss","breadcrumb":{"@id":"https:\/\/www.gaidaphotos.com\/blog\/2021\/07\/10\/maedesuess-im-forstbotanischen-garten-in-rodenkirchen\/#breadcrumb"},"inLanguage":"de","potentialAction":[{"@type":"ReadAction","target":["https:\/\/www.gaidaphotos.com\/blog\/2021\/07\/10\/maedesuess-im-forstbotanischen-garten-in-rodenkirchen\/"]}]},{"@type":"ImageObject","inLanguage":"de","@id":"https:\/\/www.gaidaphotos.com\/blog\/2021\/07\/10\/maedesuess-im-forstbotanischen-garten-in-rodenkirchen\/#primaryimage","url":"https:\/\/i0.wp.com\/www.gaidaphotos.com\/blog\/wp-content\/uploads\/2021\/07\/maedesuess-forstbotanischer-Garten-rodenkirchen.jpg?fit=768%2C1024&ssl=1","contentUrl":"https:\/\/i0.wp.com\/www.gaidaphotos.com\/blog\/wp-content\/uploads\/2021\/07\/maedesuess-forstbotanischer-Garten-rodenkirchen.jpg?fit=768%2C1024&ssl=1","width":768,"height":1024,"caption":"M\u00e4des\u00fcss im Forstbotanischen Garten"},{"@type":"BreadcrumbList","@id":"https:\/\/www.gaidaphotos.com\/blog\/2021\/07\/10\/maedesuess-im-forstbotanischen-garten-in-rodenkirchen\/#breadcrumb","itemListElement":[{"@type":"ListItem","position":1,"name":"Startseite","item":"https:\/\/www.gaidaphotos.com\/blog\/"},{"@type":"ListItem","position":2,"name":"M\u00e4des\u00fcss im Forstbotanischen Garten in Rodenkirchen"}]},{"@type":"WebSite","@id":"https:\/\/www.gaidaphotos.com\/blog\/#website","url":"https:\/\/www.gaidaphotos.com\/blog\/","name":"K\u00f6ln Rodenkirchen und die Welt","description":"Einkaufen, Restaurants, Freizeit, Nachrichten und was uns sonst bewegt und begegnet","publisher":{"@id":"https:\/\/www.gaidaphotos.com\/blog\/#organization"},"potentialAction":[{"@type":"SearchAction","target":{"@type":"EntryPoint","urlTemplate":"https:\/\/www.gaidaphotos.com\/blog\/?s={search_term_string}"},"query-input":{"@type":"PropertyValueSpecification","valueRequired":true,"valueName":"search_term_string"}}],"inLanguage":"de"},{"@type":"Organization","@id":"https:\/\/www.gaidaphotos.com\/blog\/#organization","name":"gaidaphotos","url":"https:\/\/www.gaidaphotos.com\/blog\/","logo":{"@type":"ImageObject","inLanguage":"de","@id":"https:\/\/www.gaidaphotos.com\/blog\/#\/schema\/logo\/image\/","url":"https:\/\/i0.wp.com\/www.gaidaphotos.com\/blog\/wp-content\/uploads\/2020\/07\/GAIDAPHOTOS-COM.jpg?fit=160%2C96&ssl=1","contentUrl":"https:\/\/i0.wp.com\/www.gaidaphotos.com\/blog\/wp-content\/uploads\/2020\/07\/GAIDAPHOTOS-COM.jpg?fit=160%2C96&ssl=1","width":160,"height":96,"caption":"gaidaphotos"},"image":{"@id":"https:\/\/www.gaidaphotos.com\/blog\/#\/schema\/logo\/image\/"},"sameAs":["https:\/\/www.facebook.com\/Koeln.Rodenkirchen","https:\/\/x.com\/gaidaphotos","https:\/\/instagram.com\/gaidaphotos\/","https:\/\/de.linkedin.com\/in\/gaidaphotos","https:\/\/myspace.com\/gaidaphotos","https:\/\/www.pinterest.com\/gaidaphotos\/","https:\/\/www.youtube.com\/user\/gaidaphotos"]},{"@type":"Person","@id":"https:\/\/www.gaidaphotos.com\/blog\/#\/schema\/person\/6c444a5b13ffc503c5c32f5a9ec68b21","name":"Thomas","sameAs":["https:\/\/www.gaidaphotos.com","https:\/\/www.facebook.com\/gaidaphotos","https:\/\/instagram.com\/gaidaphotos\/","https:\/\/www.linkedin.com\/in\/gaidaphotos","http:\/\/www.pinterest.com\/gaidaphotos\/","https:\/\/x.com\/gaidaphotos","https:\/\/myspace.com\/gaidaphotos","https:\/\/www.youtube.com\/user\/gaidaphotos","https:\/\/gaidaphotos.tumblr.com\/"]}]}},"jetpack_publicize_connections":[],"jetpack_featured_media_url":"https:\/\/i0.wp.com\/www.gaidaphotos.com\/blog\/wp-content\/uploads\/2021\/07\/maedesuess-forstbotanischer-Garten-rodenkirchen.jpg?fit=768%2C1024&ssl=1","jetpack_sharing_enabled":true,"jetpack_likes_enabled":true,"jetpack-related-posts":[{"id":2590,"url":"https:\/\/www.gaidaphotos.com\/blog\/2010\/02\/21\/forstbotanischer-garten-fotos\/","url_meta":{"origin":13006,"position":0},"title":"K\u00f6ln-Rodenkirchen: Forstbotanischer Garten (Fotos)","author":"Thomas","date":"21. Februar 2010","format":false,"excerpt":"K\u00f6ln-Rodenkirchen: Forstbotanischer Garten (Fotos) Der Forstbotanische Garten in K\u00f6ln Rodenkirchen (in Google Mapss anzeigen) ist eines der sch\u00f6nsten St\u00fccke Rodenkirchens und K\u00f6lns. An der L300 gelegen (Einfahrt zum Parkplatz von Schillingsrotter Weg) und nur ein paar Schritte vom Ortszentrum entfernt (ca. 10min) finden wir eine gro\u00dfe Parkanlage. Im allzeit \u00f6ffentlichen\u2026","rel":"","context":"In &quot;K\u00f6ln Rodenkirchen Freizeit&quot;","block_context":{"text":"K\u00f6ln Rodenkirchen Freizeit","link":"https:\/\/www.gaidaphotos.com\/blog\/category\/koeln-rodenkirchen\/koeln-rodenkirchen-freizeit\/"},"img":{"alt_text":"K\u00f6ln Rodenkirchen Forstbotanischer Garten","src":"https:\/\/i0.wp.com\/www.gaidaphotos.com\/blog\/wp-content\/uploads\/2010\/02\/koeln-rodenkirchen-forstbotanischer-garten-13-300x200.jpg?resize=350%2C200&ssl=1","width":350,"height":200},"classes":[]},{"id":4571,"url":"https:\/\/www.gaidaphotos.com\/blog\/2012\/03\/27\/fruehlingsblueten-im-forstbotanischen-garten-koeln\/","url_meta":{"origin":13006,"position":1},"title":"Fr\u00fchlingsbl\u00fcten im Forstbotanischen Garten K\u00f6ln","author":"Thomas","date":"27. M\u00e4rz 2012","format":false,"excerpt":"Fr\u00fchlingsbl\u00fcten im Forstbotanischen Garten K\u00f6ln Fr\u00fchlingsbl\u00fcten im Forstbotanischen Garten K\u00f6lnSonne und freundliche Temperaturen locken nicht nur viele K\u00f6lner in die nahegelegene Natur sondern auch die ersten Fr\u00fchlingsboten. Mangnolie und Kirsche bl\u00fchen im Forstbotanischen Garten in K\u00f6l-Rodenkirchen. Die bekannten Fr\u00fchlingsgr\u00fc\u00dfe von Krokussen, Tulpen und Narzissen werden jetzt von den ersten bl\u00fchenden\u2026","rel":"","context":"In &quot;K\u00f6ln Rodenkirchen Freizeit&quot;","block_context":{"text":"K\u00f6ln Rodenkirchen Freizeit","link":"https:\/\/www.gaidaphotos.com\/blog\/category\/koeln-rodenkirchen\/koeln-rodenkirchen-freizeit\/"},"img":{"alt_text":"","src":"https:\/\/www.gaidaphotos.com\/blog\/wp-content\/uploads\/2020\/08\/nggallery_import\/16_","width":350,"height":200,"srcset":"https:\/\/www.gaidaphotos.com\/blog\/wp-content\/uploads\/2020\/08\/nggallery_import\/16_ 1x, https:\/\/www.gaidaphotos.com\/blog\/wp-content\/uploads\/2020\/08\/nggallery_import\/16_ 1.5x"},"classes":[]},{"id":4320,"url":"https:\/\/www.gaidaphotos.com\/blog\/2012\/03\/08\/volkslauf-kinderlauf-jugendlauf-17-03-2012\/","url_meta":{"origin":13006,"position":2},"title":"Volkslauf, Kinder- und Jugendlauf am 17.03.2012 in K\u00f6ln","author":"Thomas","date":"8. M\u00e4rz 2012","format":false,"excerpt":"33. Internationaler Volkslauf, 6. Kinder- und Jugendlauf am 17.03.2012 in K\u00f6ln Zum 33. Mal treffen sich die L\u00e4ufer in K\u00f6ln-Rodenkirchen am Friedensw\u00e4ldchen neben dem Forstbotanischen Garten, um sich in unterschiedlichen Laufstrecken miteinander zu messen. Durchgef\u00fchrt wird der Volkslauf, Kinder- und Jugendlauf am 17.03.2012 in K\u00f6ln Rodenkirchen vom T.V. Rodenkirchen von\u2026","rel":"","context":"In &quot;K\u00f6ln Rodenkirchen Freizeit&quot;","block_context":{"text":"K\u00f6ln Rodenkirchen Freizeit","link":"https:\/\/www.gaidaphotos.com\/blog\/category\/koeln-rodenkirchen\/koeln-rodenkirchen-freizeit\/"},"img":{"alt_text":"","src":"https:\/\/www.gaidaphotos.com\/blog\/wp-content\/uploads\/2020\/08\/nggallery_import\/18_","width":350,"height":200},"classes":[]},{"id":2692,"url":"https:\/\/www.gaidaphotos.com\/blog\/2010\/03\/13\/volkslauf-halbmarathon-20-maerz-201\/","url_meta":{"origin":13006,"position":3},"title":"Volkslauf (Halbmarathon) in K\u00f6ln-Rodenkirchen am 20.M\u00e4rz 2010 &#8211; 20.03.2010","author":"Thomas","date":"13. M\u00e4rz 2010","format":false,"excerpt":"Volkslauf (Halbmarathon) des TVR Turnverein Rodenkirchen in K\u00f6ln-Rodenkirchen am 20. M\u00e4rz 2010 Auch in diesem Fr\u00fchling (gerechnet nicht gef\u00fchlt)veranstaltet der TVR wieder den beliebten Volkslauf (Halbmarathon) in und um den Forstbotanischen Garten in K\u00f6ln Rodenkirchen. Karte von K\u00f6ln Rodenkirchen Parkm\u00f6glichkeit: Parkplatz des Forstbotanischen Garten (bestimmt schnell belegt), weitere nahegelgene Parkm\u00f6glichkeiten\u2026","rel":"","context":"In &quot;K\u00f6ln Rodenkirchen Freizeit&quot;","block_context":{"text":"K\u00f6ln Rodenkirchen Freizeit","link":"https:\/\/www.gaidaphotos.com\/blog\/category\/koeln-rodenkirchen\/koeln-rodenkirchen-freizeit\/"},"img":{"alt_text":"Volkslauf K\u00f6ln Rodenkirchen","src":"https:\/\/i0.wp.com\/www.gaidaphotos.com\/blog\/wp-content\/uploads\/2010\/03\/volkslauf-koeln-rodenkirchen-2010-300x272.jpg?resize=350%2C200&ssl=1","width":350,"height":200},"classes":[]},{"id":3761,"url":"https:\/\/www.gaidaphotos.com\/blog\/2011\/10\/19\/verkaufsoffener-sonntag-strassenfest-23-10-2011-in-koeln\/","url_meta":{"origin":13006,"position":4},"title":"Verkaufsoffener Sonntag &#038; Stra\u00dfenfest 23.10.2011 in K\u00f6ln?","author":"Thomas","date":"19. Oktober 2011","format":false,"excerpt":"Verkaufsoffener Sonntag 23.10.2011 in K\u00f6ln? Kann man in K\u00f6ln am 23.10.2011 shoppen (verkaufsoffener Sonntag)? Am Sonntag ist K\u00f6ln \"shoopingfreie Zone\", kein einziger Stadtteil hat ge\u00f6ffnet und bietet ein Stra\u00dfenfest. Es ist unglaublich. Gerade Anfang Oktober, wenn es zwar k\u00fchler aber recht trocken ist (Goldener Oktober) findet sich in K\u00f6ln kein\u2026","rel":"","context":"In &quot;Verkaufsoffener Sonntag K\u00f6ln NRW&quot;","block_context":{"text":"Verkaufsoffener Sonntag K\u00f6ln NRW","link":"https:\/\/www.gaidaphotos.com\/blog\/category\/kalender-archiv\/verkaufsoffener-sonntag-koln-nrw\/"},"img":{"alt_text":"","src":"https:\/\/www.gaidaphotos.com\/blog\/wp-content\/uploads\/2020\/08\/nggallery_import\/10_","width":350,"height":200},"classes":[]},{"id":3536,"url":"https:\/\/www.gaidaphotos.com\/blog\/2011\/04\/11\/verkaufsoffener-sonntag-17-04-2011-in-koeln-palmsonntag\/","url_meta":{"origin":13006,"position":5},"title":"Verkaufsoffener Sonntag 17.04.2011 (Palmsonntag) in K\u00f6ln?","author":"Thomas","date":"11. April 2011","format":false,"excerpt":"Verkaufsoffener Sonntag 17.04.2011 (Palmsonntag) in K\u00f6ln? In welchem K\u00f6lner Veedel oder Stadteil sind am 17.04.2011 die Gesch\u00e4fte ge\u00f6ffnet (verkaufsoffener Sonntag)? An diesem Sonntag ist Palmsonntag. Was ist Palmsonntag? Der Palmsonntag (lateinisch: Dominica in Palmis de passione Domini f\u00fcr die r\u00f6misch-katholische Kirche; Palmarum f\u00fcr die evangelische Kirche) ist der sechste und\u2026","rel":"","context":"In &quot;Verkaufsoffener Sonntag K\u00f6ln NRW&quot;","block_context":{"text":"Verkaufsoffener Sonntag K\u00f6ln NRW","link":"https:\/\/www.gaidaphotos.com\/blog\/category\/kalender-archiv\/verkaufsoffener-sonntag-koln-nrw\/"},"img":{"alt_text":"","src":"https:\/\/www.gaidaphotos.com\/blog\/wp-content\/uploads\/2020\/08\/nggallery_import\/61_","width":350,"height":200},"classes":[]}],"_links":{"self":[{"href":"https:\/\/www.gaidaphotos.com\/blog\/wp-json\/wp\/v2\/posts\/13006","targetHints":{"allow":["GET"]}}],"collection":[{"href":"https:\/\/www.gaidaphotos.com\/blog\/wp-json\/wp\/v2\/posts"}],"about":[{"href":"https:\/\/www.gaidaphotos.com\/blog\/wp-json\/wp\/v2\/types\/post"}],"author":[{"embeddable":true,"href":"https:\/\/www.gaidaphotos.com\/blog\/wp-json\/wp\/v2\/users\/6"}],"replies":[{"embeddable":true,"href":"https:\/\/www.gaidaphotos.com\/blog\/wp-json\/wp\/v2\/comments?post=13006"}],"version-history":[{"count":0,"href":"https:\/\/www.gaidaphotos.com\/blog\/wp-json\/wp\/v2\/posts\/13006\/revisions"}],"wp:featuredmedia":[{"embeddable":true,"href":"https:\/\/www.gaidaphotos.com\/blog\/wp-json\/wp\/v2\/media\/13007"}],"wp:attachment":[{"href":"https:\/\/www.gaidaphotos.com\/blog\/wp-json\/wp\/v2\/media?parent=13006"}],"wp:term":[{"taxonomy":"category","embeddable":true,"href":"https:\/\/www.gaidaphotos.com\/blog\/wp-json\/wp\/v2\/categories?post=13006"},{"taxonomy":"post_tag","embeddable":true,"href":"https:\/\/www.gaidaphotos.com\/blog\/wp-json\/wp\/v2\/tags?post=13006"}],"curies":[{"name":"wp","href":"https:\/\/api.w.org\/{rel}","templated":true}]}}