{"id":13020,"date":"2021-10-14T19:45:00","date_gmt":"2021-10-14T17:45:00","guid":{"rendered":"https:\/\/www.gaidaphotos.com\/blog\/?p=13020"},"modified":"2021-11-05T14:56:50","modified_gmt":"2021-11-05T13:56:50","slug":"flohmarkt-der-ev-kirche-rodenkirchen-2021","status":"publish","type":"post","link":"https:\/\/www.gaidaphotos.com\/blog\/2021\/10\/14\/flohmarkt-der-ev-kirche-rodenkirchen-2021\/","title":{"rendered":"Flohmarkt der ev. Kirche Rodenkirchen 7.\/14.11.2021"},"content":{"rendered":"\n<div class=\"wp-block-media-text alignwide is-stacked-on-mobile\"><figure class=\"wp-block-media-text__media\"><img data-recalc-dims=\"1\" loading=\"lazy\" decoding=\"async\" width=\"910\" height=\"607\" src=\"https:\/\/i0.wp.com\/www.gaidaphotos.com\/blog\/wp-content\/uploads\/2021\/10\/flohmarkt-ev-kirche-rodenkirchen-03.jpg?resize=910%2C607&#038;ssl=1\" alt=\"Flohmarkt der evangelischen Kirche Rodenkirchen\" class=\"wp-image-13024 size-full\" srcset=\"https:\/\/i0.wp.com\/www.gaidaphotos.com\/blog\/wp-content\/uploads\/2021\/10\/flohmarkt-ev-kirche-rodenkirchen-03.jpg?resize=1024%2C683&amp;ssl=1 1024w, https:\/\/i0.wp.com\/www.gaidaphotos.com\/blog\/wp-content\/uploads\/2021\/10\/flohmarkt-ev-kirche-rodenkirchen-03.jpg?resize=250%2C167&amp;ssl=1 250w, https:\/\/i0.wp.com\/www.gaidaphotos.com\/blog\/wp-content\/uploads\/2021\/10\/flohmarkt-ev-kirche-rodenkirchen-03.jpg?resize=768%2C512&amp;ssl=1 768w, https:\/\/i0.wp.com\/www.gaidaphotos.com\/blog\/wp-content\/uploads\/2021\/10\/flohmarkt-ev-kirche-rodenkirchen-03.jpg?w=1200&amp;ssl=1 1200w\" sizes=\"auto, (max-width: 910px) 100vw, 910px\" \/><\/figure><div class=\"wp-block-media-text__content\">\n<p class=\"has-large-font-size wp-block-paragraph\">Erster Flohmarkt seit 1 1\/2 Jahren &#8211; viele \u00c4nderungen<\/p>\n\n\n\n<p class=\"wp-block-paragraph\">Endlich ist es wieder so weit. Der Flohmarkt der evangelischen Kirche in Rodenkirchen \u00f6ffnet wieder seine T\u00fcren. Corona-bedingt mit einigen \u00c4nderungen.<\/p>\n\n\n\n<p class=\"wp-block-paragraph\">Aufgrund der aktuell stark steigenden Infektionszahlen empfehlen wir auch den Geimpften und Genesenen, beim Besuch des Flohmarktes eine Schutzmaske zu tragen.<\/p>\n\n\n\n<p class=\"wp-block-paragraph\">Lesen Sie weiter &#8230;<\/p>\n<\/div><\/div>\n\n\n\n<!--more-->\n\n\n\n<h3 class=\"wp-block-heading\" id=\"2-flohmarkttermine-mit-unterschiedlichem-angebot\">2 Flohmarkttermine mit unterschiedlichem Angebot<\/h3>\n\n\n\n<p class=\"wp-block-paragraph\">Jeder kennt das Gedr\u00e4nge und Gewusel beim Floh- und Tr\u00f6delmarkt der Erl\u00f6serkirche in Rodenkirchen. Das w\u00e4re eine Hochburg f\u00fcr Corona und ein echter Superspreading Event geworden. Daher wurden seit Fr\u00fchjahr 2020 die Flohm\u00e4rkte abgesagt.<\/p>\n\n\n\n<p class=\"wp-block-paragraph\">Um in diesem Jahr das Gedr\u00e4nge zu reduzieren, gibt es einige \u00c4nderungen. Dadurch will man die Besucherzahlen entzerren und so die Ansteckungsgefahr reduzieren. Es gibt zwei Flohm\u00e4rkte mit unterschiedlichem Angebot und auf den beliebten Tr\u00f6del verzichtet man ganz. Gerade dadurch wird viel Raum geschaffen.<\/p>\n\n\n\n<h3 class=\"wp-block-heading\" id=\"kleider-flohmarkt-am-07-11-2021-10-00-bis-17-00h\"><strong>Kleider-Flohmarkt am 07.11.2021 10:00 bis 17:00h<\/strong><\/h3>\n\n\n\n<p class=\"wp-block-paragraph\">Angeboten werden <span style=\"text-decoration: underline;\">nur<\/span> Damen- und Herrenkleidung (<span style=\"text-decoration: underline;\">keine <\/span>Kinderkleidung), W\u00e4sche, Handtaschen, Schmuck und Accessoires.<br>Au\u00dferdem wird Jahreszeit-gem\u00e4\u00df Weihnachtsdekoration verkauft.<\/p>\n\n\n\n<div class=\"wp-block-media-text alignwide is-stacked-on-mobile\"><figure class=\"wp-block-media-text__media\"><img data-recalc-dims=\"1\" loading=\"lazy\" decoding=\"async\" width=\"910\" height=\"607\" src=\"https:\/\/i0.wp.com\/www.gaidaphotos.com\/blog\/wp-content\/uploads\/2021\/10\/flohmarkt-ev-kirche-rodenkirchen-05.jpg?resize=910%2C607&#038;ssl=1\" alt=\"Flohmarkt der evangelischen Kirche Rodenkirchen\" class=\"wp-image-13025 size-full\" srcset=\"https:\/\/i0.wp.com\/www.gaidaphotos.com\/blog\/wp-content\/uploads\/2021\/10\/flohmarkt-ev-kirche-rodenkirchen-05.jpg?w=1024&amp;ssl=1 1024w, https:\/\/i0.wp.com\/www.gaidaphotos.com\/blog\/wp-content\/uploads\/2021\/10\/flohmarkt-ev-kirche-rodenkirchen-05.jpg?resize=250%2C167&amp;ssl=1 250w, https:\/\/i0.wp.com\/www.gaidaphotos.com\/blog\/wp-content\/uploads\/2021\/10\/flohmarkt-ev-kirche-rodenkirchen-05.jpg?resize=768%2C512&amp;ssl=1 768w\" sizes=\"auto, (max-width: 910px) 100vw, 910px\" \/><\/figure><div class=\"wp-block-media-text__content\">\n<h3 class=\"wp-block-heading\" id=\"kinder-flohmarkt-am-14-11-2021-11-00-bis-16-00h\"><strong>Kinder-Flohmarkt am 14.11.2021 11:00 bis 16:00h<\/strong><\/h3>\n\n\n\n<p class=\"wp-block-paragraph\">Beim zweiten Flohmarkt werden <span style=\"text-decoration: underline;\">nur <\/span>Kinderkleidung und Kinderschuhe sowie Spiele, Kuscheltiere, Kinderb\u00fccher und Spielsachen verkauft.<\/p>\n\n\n\n<p class=\"wp-block-paragraph\">Aufgrund der aktuell stark ansteigenden Infektionen empfehlen wir allen Besuchern, trotz Impfung oder Genesung eine <strong>Schutzmaske <\/strong>zu tragen.<\/p>\n<\/div><\/div>\n\n\n\n<p class=\"wp-block-paragraph\">\u00c4nderungen vorbehalten. Aufgrund der Corona-Pandemie k\u00f6nnen sich noch \u00c4nderungen ergeben. Bitte schauen Sie kurz vor dem Flohmarkt noch einmal vorbei. Um diesen Artikel als Lesezeichen zu speichern, dr\u00fccken Sie STRG+D.<\/p>\n\n\n\n<h3 class=\"wp-block-heading\" id=\"2g-zulassung-kontaktverfolgung\">2G Zulassung &amp; Kontaktverfolgung<\/h3>\n\n\n\n<p class=\"wp-block-paragraph\">Als Besucher werden in diesem Jahr nur ausreichend <strong>Geimpfte und Genesene<\/strong> zugelassen. Bitte bringen Sie Ihren Nachweis mit. Die Kontaktverfolgung wird digital und analog angeboten. <\/p>\n\n\n\n<p class=\"wp-block-paragraph\">Gerne h\u00e4tten die Damen und Herren von der Kleiderkammer, die den Flohmarkt veranstalten, Alle zugelassen. Die Pr\u00fcfung von Testzertifikaten \u00fcberfordert aber vor allem die Mitarbeiter an der T\u00fcr, sodass man sich leider auf die 2G-Regel beschr\u00e4nken muss.<\/p>\n\n\n\n<h3 class=\"wp-block-heading\" id=\"kein-kaffe-und-kuchen-beim-flohmarkt\">Kein Kaffe und Kuchen beim Flohmarkt<\/h3>\n\n\n\n<p class=\"wp-block-paragraph\">Leider m\u00fcssen wir in diesem Jahr auf Kuchen, Kaffee und Schnittchen verzichten. Auch damit m\u00f6chte man mehr Raum schaffen und das Risiko von Ansteckungen vermeiden. (\u00c4nderung 05.11,2021)<\/p>\n\n\n\n<p class=\"wp-block-paragraph\">Wer so viel spart hat dann beim Gehen vielleicht noch eine (Bar-)<strong>Spende f\u00fcr den Flohmarkt und die Arbeit der Kleiderkammer<\/strong> \u00fcbrig.<\/p>\n\n\n\n<h3 class=\"wp-block-heading\" id=\"parken-beim-fruhlingsflohmarkt\">Parken beim Fr\u00fchlingsflohmarkt<\/h3>\n\n\n\n<p class=\"wp-block-paragraph\">Es gibt wenig <strong>Parkpl\u00e4tze <\/strong>in unmittelbarer N\u00e4he zum Flohmarkt. Die wenigen sind morgens fr\u00fch schon besetzt. Die n\u00e4chstgelegenen <a href=\"https:\/\/www.gaidaphotos.com\/blog\/koeln-rodenkirchen-info\/koeln-rodenkirchen-parken\/\" target=\"_blank\" rel=\"noreferrer noopener\">Parkm\u00f6glichkeiten in Rodenkirchen<\/a> finden Sie hier.<\/p>\n\n\n\n<h3 class=\"wp-block-heading\" id=\"flohmarkt-der-evangelischen-kirche-koln-rodenkirchen\">Flohmarkt der evangelischen Kirche K\u00f6ln-Rodenkirchen<\/h3>\n\n\n\n<p class=\"has-text-align-center wp-block-paragraph\">Evangelische Kirchengemeinde Rodenkirchen<br>S\u00fcrther Str. 34<br>50996 K\u00f6ln-Rodenkirchen<br><a href=\"https:\/\/www.google.de\/maps\/place\/Evangelische+Kirchengemeinde+Rodenkirchen\/@50.8870485,6.9955606,17z\/data=!3m1!4b1!4m2!3m1!1s0x417187411244ba79:0xd3f0c552e8a0a087?hl=de\" target=\"_blank\" rel=\"noreferrer noopener\">Evangelische Kirchengemeinde Rodenkirchen bei Google Maps<\/a><\/p>\n\n\n\n<h3 class=\"wp-block-heading\" id=\"spender-gesucht\">Spender gesucht!<\/h3>\n\n\n\n<p class=\"wp-block-paragraph\">Die Kleiderkammer der evangelischen Kirche unterst\u00fctzt mit den Spenden vorwiegend Bed\u00fcrftige aus dem K\u00f6lner S\u00fcden und auch die \u00f6rtlichen Fl\u00fcchtlinge. Der Flohmarkt hilft, die Arbeit zu finanzieren und schafft Platz f\u00fcr neue Spendengaben.<\/p>\n\n\n\n<p class=\"wp-block-paragraph\">Fahren Sie mit dem Auto bis vor die T\u00fcr. Die freundlichen Herren helfen Ihnen gerne beim Ausladen.<\/p>\n","protected":false},"excerpt":{"rendered":"<p>Erster Flohmarkt seit 1 1\/2 Jahren \u2013 viele \u00c4nderungen<\/p>\n<p>Endlich ist es wieder so weit. Der Flohmarkt der evangelischen Kirche in Rodenkirchen \u00f6ffnet wieder seine T\u00fcren. Corona-bedingt mit einigen \u00c4nderungen.<\/p>\n<p>Lesen Sie weiter \u2026<\/p>\n","protected":false},"author":6,"featured_media":13024,"comment_status":"open","ping_status":"open","sticky":false,"template":"","format":"standard","meta":{"_crdt_document":"","ngg_post_thumbnail":0,"jetpack_post_was_ever_published":false,"_jetpack_newsletter_access":"","_jetpack_dont_email_post_to_subs":false,"_jetpack_newsletter_tier_id":0,"_jetpack_memberships_contains_paywalled_content":false,"_jetpack_memberships_contains_paid_content":false,"footnotes":"","jetpack_publicize_message":"","jetpack_publicize_feature_enabled":true,"jetpack_social_post_already_shared":true,"jetpack_social_options":{"image_generator_settings":{"template":"highway","default_image_id":0,"font":"","enabled":false},"version":2}},"categories":[237,89,101],"tags":[108,131,102,538],"class_list":["post-13020","post","type-post","status-publish","format-standard","has-post-thumbnail","hentry","category-flohmarkttroedelmarkt-2","category-koeln-rodenkirchen-einkaufen","category-koeln-rodenkirchen-freizeit","tag-einkaufen","tag-flohmarkttroedelmarkt","tag-freizeit","tag-koeln-rodenkirchen"],"yoast_head":"<!-- This site is optimized with the Yoast SEO plugin v27.5 - https:\/\/yoast.com\/product\/yoast-seo-wordpress\/ -->\n<title>Flohmarkt der ev. Kirche Rodenkirchen 7.\/14.11.2021 - K\u00f6ln Rodenkirchen und die Welt<\/title>\n<meta name=\"description\" content=\"Erster Flohmarkt seit Corona mit vielen \u00c4nderungen: Zwei Termine mit unterschiedlichem Angebot, 2G Zulassung und Kontaktverfolgung\" \/>\n<meta name=\"robots\" content=\"index, follow, max-snippet:-1, max-image-preview:large, max-video-preview:-1\" \/>\n<link rel=\"canonical\" href=\"https:\/\/www.gaidaphotos.com\/blog\/2021\/10\/14\/flohmarkt-der-ev-kirche-rodenkirchen-2021\/\" \/>\n<meta property=\"og:locale\" content=\"de_DE\" \/>\n<meta property=\"og:type\" content=\"article\" \/>\n<meta property=\"og:title\" content=\"Flohmarkt der ev. Kirche Rodenkirchen 7.\/14.11.2021 - K\u00f6ln Rodenkirchen und die Welt\" \/>\n<meta property=\"og:description\" content=\"Erster Flohmarkt seit Corona mit vielen \u00c4nderungen: Zwei Termine mit unterschiedlichem Angebot, 2G Zulassung und Kontaktverfolgung\" \/>\n<meta property=\"og:url\" content=\"https:\/\/www.gaidaphotos.com\/blog\/2021\/10\/14\/flohmarkt-der-ev-kirche-rodenkirchen-2021\/\" \/>\n<meta property=\"og:site_name\" content=\"K\u00f6ln Rodenkirchen und die Welt\" \/>\n<meta property=\"article:publisher\" content=\"https:\/\/www.facebook.com\/Koeln.Rodenkirchen\" \/>\n<meta property=\"article:author\" content=\"https:\/\/www.facebook.com\/gaidaphotos\" \/>\n<meta property=\"article:published_time\" content=\"2021-10-14T17:45:00+00:00\" \/>\n<meta property=\"article:modified_time\" content=\"2021-11-05T13:56:50+00:00\" \/>\n<meta property=\"og:image\" content=\"https:\/\/i2.wp.com\/www.gaidaphotos.com\/blog\/wp-content\/uploads\/2021\/10\/flohmarkt-ev-kirche-rodenkirchen-03.jpg?fit=1200%2C800&ssl=1\" \/>\n\t<meta property=\"og:image:width\" content=\"1200\" \/>\n\t<meta property=\"og:image:height\" content=\"800\" \/>\n\t<meta property=\"og:image:type\" content=\"image\/jpeg\" \/>\n<meta name=\"author\" content=\"Thomas\" \/>\n<meta name=\"twitter:card\" content=\"summary_large_image\" \/>\n<meta name=\"twitter:creator\" content=\"@gaidaphotos\" \/>\n<meta name=\"twitter:site\" content=\"@gaidaphotos\" \/>\n<meta name=\"twitter:label1\" content=\"Verfasst von\" \/>\n\t<meta name=\"twitter:data1\" content=\"Thomas\" \/>\n\t<meta name=\"twitter:label2\" content=\"Gesch\u00e4tzte Lesezeit\" \/>\n\t<meta name=\"twitter:data2\" content=\"3\u00a0Minuten\" \/>\n<script type=\"application\/ld+json\" class=\"yoast-schema-graph\">{\"@context\":\"https:\\\/\\\/schema.org\",\"@graph\":[{\"@type\":\"Article\",\"@id\":\"https:\\\/\\\/www.gaidaphotos.com\\\/blog\\\/2021\\\/10\\\/14\\\/flohmarkt-der-ev-kirche-rodenkirchen-2021\\\/#article\",\"isPartOf\":{\"@id\":\"https:\\\/\\\/www.gaidaphotos.com\\\/blog\\\/2021\\\/10\\\/14\\\/flohmarkt-der-ev-kirche-rodenkirchen-2021\\\/\"},\"author\":{\"name\":\"Thomas\",\"@id\":\"https:\\\/\\\/www.gaidaphotos.com\\\/blog\\\/#\\\/schema\\\/person\\\/6c444a5b13ffc503c5c32f5a9ec68b21\"},\"headline\":\"Flohmarkt der ev. Kirche Rodenkirchen 7.\\\/14.11.2021\",\"datePublished\":\"2021-10-14T17:45:00+00:00\",\"dateModified\":\"2021-11-05T13:56:50+00:00\",\"mainEntityOfPage\":{\"@id\":\"https:\\\/\\\/www.gaidaphotos.com\\\/blog\\\/2021\\\/10\\\/14\\\/flohmarkt-der-ev-kirche-rodenkirchen-2021\\\/\"},\"wordCount\":482,\"commentCount\":0,\"publisher\":{\"@id\":\"https:\\\/\\\/www.gaidaphotos.com\\\/blog\\\/#organization\"},\"image\":{\"@id\":\"https:\\\/\\\/www.gaidaphotos.com\\\/blog\\\/2021\\\/10\\\/14\\\/flohmarkt-der-ev-kirche-rodenkirchen-2021\\\/#primaryimage\"},\"thumbnailUrl\":\"https:\\\/\\\/i0.wp.com\\\/www.gaidaphotos.com\\\/blog\\\/wp-content\\\/uploads\\\/2021\\\/10\\\/flohmarkt-ev-kirche-rodenkirchen-03.jpg?fit=1200%2C800&ssl=1\",\"keywords\":[\"Einkaufen\\\/ Shopping\",\"Flohmarkt\\\/ Tr\u00f6delmarkt\",\"Freizeit-Ideen\",\"K\u00f6ln Rodenkirchen\"],\"articleSection\":[\"Flohmarkt\\\/Troedelmarkt\",\"K\u00f6ln Rodenkirchen Einkaufen\",\"K\u00f6ln Rodenkirchen Freizeit\"],\"inLanguage\":\"de\",\"potentialAction\":[{\"@type\":\"CommentAction\",\"name\":\"Comment\",\"target\":[\"https:\\\/\\\/www.gaidaphotos.com\\\/blog\\\/2021\\\/10\\\/14\\\/flohmarkt-der-ev-kirche-rodenkirchen-2021\\\/#respond\"]}]},{\"@type\":\"WebPage\",\"@id\":\"https:\\\/\\\/www.gaidaphotos.com\\\/blog\\\/2021\\\/10\\\/14\\\/flohmarkt-der-ev-kirche-rodenkirchen-2021\\\/\",\"url\":\"https:\\\/\\\/www.gaidaphotos.com\\\/blog\\\/2021\\\/10\\\/14\\\/flohmarkt-der-ev-kirche-rodenkirchen-2021\\\/\",\"name\":\"Flohmarkt der ev. Kirche Rodenkirchen 7.\\\/14.11.2021 - K\u00f6ln Rodenkirchen und die Welt\",\"isPartOf\":{\"@id\":\"https:\\\/\\\/www.gaidaphotos.com\\\/blog\\\/#website\"},\"primaryImageOfPage\":{\"@id\":\"https:\\\/\\\/www.gaidaphotos.com\\\/blog\\\/2021\\\/10\\\/14\\\/flohmarkt-der-ev-kirche-rodenkirchen-2021\\\/#primaryimage\"},\"image\":{\"@id\":\"https:\\\/\\\/www.gaidaphotos.com\\\/blog\\\/2021\\\/10\\\/14\\\/flohmarkt-der-ev-kirche-rodenkirchen-2021\\\/#primaryimage\"},\"thumbnailUrl\":\"https:\\\/\\\/i0.wp.com\\\/www.gaidaphotos.com\\\/blog\\\/wp-content\\\/uploads\\\/2021\\\/10\\\/flohmarkt-ev-kirche-rodenkirchen-03.jpg?fit=1200%2C800&ssl=1\",\"datePublished\":\"2021-10-14T17:45:00+00:00\",\"dateModified\":\"2021-11-05T13:56:50+00:00\",\"description\":\"Erster Flohmarkt seit Corona mit vielen \u00c4nderungen: Zwei Termine mit unterschiedlichem Angebot, 2G Zulassung und Kontaktverfolgung\",\"breadcrumb\":{\"@id\":\"https:\\\/\\\/www.gaidaphotos.com\\\/blog\\\/2021\\\/10\\\/14\\\/flohmarkt-der-ev-kirche-rodenkirchen-2021\\\/#breadcrumb\"},\"inLanguage\":\"de\",\"potentialAction\":[{\"@type\":\"ReadAction\",\"target\":[\"https:\\\/\\\/www.gaidaphotos.com\\\/blog\\\/2021\\\/10\\\/14\\\/flohmarkt-der-ev-kirche-rodenkirchen-2021\\\/\"]}]},{\"@type\":\"ImageObject\",\"inLanguage\":\"de\",\"@id\":\"https:\\\/\\\/www.gaidaphotos.com\\\/blog\\\/2021\\\/10\\\/14\\\/flohmarkt-der-ev-kirche-rodenkirchen-2021\\\/#primaryimage\",\"url\":\"https:\\\/\\\/i0.wp.com\\\/www.gaidaphotos.com\\\/blog\\\/wp-content\\\/uploads\\\/2021\\\/10\\\/flohmarkt-ev-kirche-rodenkirchen-03.jpg?fit=1200%2C800&ssl=1\",\"contentUrl\":\"https:\\\/\\\/i0.wp.com\\\/www.gaidaphotos.com\\\/blog\\\/wp-content\\\/uploads\\\/2021\\\/10\\\/flohmarkt-ev-kirche-rodenkirchen-03.jpg?fit=1200%2C800&ssl=1\",\"width\":1200,\"height\":800,\"caption\":\"Flohmarkt der evangelischen Kirche Rodenkirchen\"},{\"@type\":\"BreadcrumbList\",\"@id\":\"https:\\\/\\\/www.gaidaphotos.com\\\/blog\\\/2021\\\/10\\\/14\\\/flohmarkt-der-ev-kirche-rodenkirchen-2021\\\/#breadcrumb\",\"itemListElement\":[{\"@type\":\"ListItem\",\"position\":1,\"name\":\"Startseite\",\"item\":\"https:\\\/\\\/www.gaidaphotos.com\\\/blog\\\/\"},{\"@type\":\"ListItem\",\"position\":2,\"name\":\"Flohmarkt der ev. Kirche Rodenkirchen 7.\\\/14.11.2021\"}]},{\"@type\":\"WebSite\",\"@id\":\"https:\\\/\\\/www.gaidaphotos.com\\\/blog\\\/#website\",\"url\":\"https:\\\/\\\/www.gaidaphotos.com\\\/blog\\\/\",\"name\":\"K\u00f6ln Rodenkirchen und die Welt\",\"description\":\"Einkaufen, Restaurants, Freizeit, Nachrichten und was uns sonst bewegt und begegnet\",\"publisher\":{\"@id\":\"https:\\\/\\\/www.gaidaphotos.com\\\/blog\\\/#organization\"},\"potentialAction\":[{\"@type\":\"SearchAction\",\"target\":{\"@type\":\"EntryPoint\",\"urlTemplate\":\"https:\\\/\\\/www.gaidaphotos.com\\\/blog\\\/?s={search_term_string}\"},\"query-input\":{\"@type\":\"PropertyValueSpecification\",\"valueRequired\":true,\"valueName\":\"search_term_string\"}}],\"inLanguage\":\"de\"},{\"@type\":\"Organization\",\"@id\":\"https:\\\/\\\/www.gaidaphotos.com\\\/blog\\\/#organization\",\"name\":\"gaidaphotos\",\"url\":\"https:\\\/\\\/www.gaidaphotos.com\\\/blog\\\/\",\"logo\":{\"@type\":\"ImageObject\",\"inLanguage\":\"de\",\"@id\":\"https:\\\/\\\/www.gaidaphotos.com\\\/blog\\\/#\\\/schema\\\/logo\\\/image\\\/\",\"url\":\"https:\\\/\\\/i0.wp.com\\\/www.gaidaphotos.com\\\/blog\\\/wp-content\\\/uploads\\\/2020\\\/07\\\/GAIDAPHOTOS-COM.jpg?fit=160%2C96&ssl=1\",\"contentUrl\":\"https:\\\/\\\/i0.wp.com\\\/www.gaidaphotos.com\\\/blog\\\/wp-content\\\/uploads\\\/2020\\\/07\\\/GAIDAPHOTOS-COM.jpg?fit=160%2C96&ssl=1\",\"width\":160,\"height\":96,\"caption\":\"gaidaphotos\"},\"image\":{\"@id\":\"https:\\\/\\\/www.gaidaphotos.com\\\/blog\\\/#\\\/schema\\\/logo\\\/image\\\/\"},\"sameAs\":[\"https:\\\/\\\/www.facebook.com\\\/Koeln.Rodenkirchen\",\"https:\\\/\\\/x.com\\\/gaidaphotos\",\"https:\\\/\\\/instagram.com\\\/gaidaphotos\\\/\",\"https:\\\/\\\/de.linkedin.com\\\/in\\\/gaidaphotos\",\"https:\\\/\\\/myspace.com\\\/gaidaphotos\",\"https:\\\/\\\/www.pinterest.com\\\/gaidaphotos\\\/\",\"https:\\\/\\\/www.youtube.com\\\/user\\\/gaidaphotos\"]},{\"@type\":\"Person\",\"@id\":\"https:\\\/\\\/www.gaidaphotos.com\\\/blog\\\/#\\\/schema\\\/person\\\/6c444a5b13ffc503c5c32f5a9ec68b21\",\"name\":\"Thomas\",\"sameAs\":[\"https:\\\/\\\/www.gaidaphotos.com\",\"https:\\\/\\\/www.facebook.com\\\/gaidaphotos\",\"https:\\\/\\\/instagram.com\\\/gaidaphotos\\\/\",\"https:\\\/\\\/www.linkedin.com\\\/in\\\/gaidaphotos\",\"http:\\\/\\\/www.pinterest.com\\\/gaidaphotos\\\/\",\"https:\\\/\\\/x.com\\\/gaidaphotos\",\"https:\\\/\\\/myspace.com\\\/gaidaphotos\",\"https:\\\/\\\/www.youtube.com\\\/user\\\/gaidaphotos\",\"https:\\\/\\\/gaidaphotos.tumblr.com\\\/\"]}]}<\/script>\n<!-- \/ Yoast SEO plugin. -->","yoast_head_json":{"title":"Flohmarkt der ev. Kirche Rodenkirchen 7.\/14.11.2021 - K\u00f6ln Rodenkirchen und die Welt","description":"Erster Flohmarkt seit Corona mit vielen \u00c4nderungen: Zwei Termine mit unterschiedlichem Angebot, 2G Zulassung und Kontaktverfolgung","robots":{"index":"index","follow":"follow","max-snippet":"max-snippet:-1","max-image-preview":"max-image-preview:large","max-video-preview":"max-video-preview:-1"},"canonical":"https:\/\/www.gaidaphotos.com\/blog\/2021\/10\/14\/flohmarkt-der-ev-kirche-rodenkirchen-2021\/","og_locale":"de_DE","og_type":"article","og_title":"Flohmarkt der ev. Kirche Rodenkirchen 7.\/14.11.2021 - K\u00f6ln Rodenkirchen und die Welt","og_description":"Erster Flohmarkt seit Corona mit vielen \u00c4nderungen: Zwei Termine mit unterschiedlichem Angebot, 2G Zulassung und Kontaktverfolgung","og_url":"https:\/\/www.gaidaphotos.com\/blog\/2021\/10\/14\/flohmarkt-der-ev-kirche-rodenkirchen-2021\/","og_site_name":"K\u00f6ln Rodenkirchen und die Welt","article_publisher":"https:\/\/www.facebook.com\/Koeln.Rodenkirchen","article_author":"https:\/\/www.facebook.com\/gaidaphotos","article_published_time":"2021-10-14T17:45:00+00:00","article_modified_time":"2021-11-05T13:56:50+00:00","og_image":[{"width":1200,"height":800,"url":"https:\/\/i2.wp.com\/www.gaidaphotos.com\/blog\/wp-content\/uploads\/2021\/10\/flohmarkt-ev-kirche-rodenkirchen-03.jpg?fit=1200%2C800&ssl=1","type":"image\/jpeg"}],"author":"Thomas","twitter_card":"summary_large_image","twitter_creator":"@gaidaphotos","twitter_site":"@gaidaphotos","twitter_misc":{"Verfasst von":"Thomas","Gesch\u00e4tzte Lesezeit":"3\u00a0Minuten"},"schema":{"@context":"https:\/\/schema.org","@graph":[{"@type":"Article","@id":"https:\/\/www.gaidaphotos.com\/blog\/2021\/10\/14\/flohmarkt-der-ev-kirche-rodenkirchen-2021\/#article","isPartOf":{"@id":"https:\/\/www.gaidaphotos.com\/blog\/2021\/10\/14\/flohmarkt-der-ev-kirche-rodenkirchen-2021\/"},"author":{"name":"Thomas","@id":"https:\/\/www.gaidaphotos.com\/blog\/#\/schema\/person\/6c444a5b13ffc503c5c32f5a9ec68b21"},"headline":"Flohmarkt der ev. Kirche Rodenkirchen 7.\/14.11.2021","datePublished":"2021-10-14T17:45:00+00:00","dateModified":"2021-11-05T13:56:50+00:00","mainEntityOfPage":{"@id":"https:\/\/www.gaidaphotos.com\/blog\/2021\/10\/14\/flohmarkt-der-ev-kirche-rodenkirchen-2021\/"},"wordCount":482,"commentCount":0,"publisher":{"@id":"https:\/\/www.gaidaphotos.com\/blog\/#organization"},"image":{"@id":"https:\/\/www.gaidaphotos.com\/blog\/2021\/10\/14\/flohmarkt-der-ev-kirche-rodenkirchen-2021\/#primaryimage"},"thumbnailUrl":"https:\/\/i0.wp.com\/www.gaidaphotos.com\/blog\/wp-content\/uploads\/2021\/10\/flohmarkt-ev-kirche-rodenkirchen-03.jpg?fit=1200%2C800&ssl=1","keywords":["Einkaufen\/ Shopping","Flohmarkt\/ Tr\u00f6delmarkt","Freizeit-Ideen","K\u00f6ln Rodenkirchen"],"articleSection":["Flohmarkt\/Troedelmarkt","K\u00f6ln Rodenkirchen Einkaufen","K\u00f6ln Rodenkirchen Freizeit"],"inLanguage":"de","potentialAction":[{"@type":"CommentAction","name":"Comment","target":["https:\/\/www.gaidaphotos.com\/blog\/2021\/10\/14\/flohmarkt-der-ev-kirche-rodenkirchen-2021\/#respond"]}]},{"@type":"WebPage","@id":"https:\/\/www.gaidaphotos.com\/blog\/2021\/10\/14\/flohmarkt-der-ev-kirche-rodenkirchen-2021\/","url":"https:\/\/www.gaidaphotos.com\/blog\/2021\/10\/14\/flohmarkt-der-ev-kirche-rodenkirchen-2021\/","name":"Flohmarkt der ev. Kirche Rodenkirchen 7.\/14.11.2021 - K\u00f6ln Rodenkirchen und die Welt","isPartOf":{"@id":"https:\/\/www.gaidaphotos.com\/blog\/#website"},"primaryImageOfPage":{"@id":"https:\/\/www.gaidaphotos.com\/blog\/2021\/10\/14\/flohmarkt-der-ev-kirche-rodenkirchen-2021\/#primaryimage"},"image":{"@id":"https:\/\/www.gaidaphotos.com\/blog\/2021\/10\/14\/flohmarkt-der-ev-kirche-rodenkirchen-2021\/#primaryimage"},"thumbnailUrl":"https:\/\/i0.wp.com\/www.gaidaphotos.com\/blog\/wp-content\/uploads\/2021\/10\/flohmarkt-ev-kirche-rodenkirchen-03.jpg?fit=1200%2C800&ssl=1","datePublished":"2021-10-14T17:45:00+00:00","dateModified":"2021-11-05T13:56:50+00:00","description":"Erster Flohmarkt seit Corona mit vielen \u00c4nderungen: Zwei Termine mit unterschiedlichem Angebot, 2G Zulassung und Kontaktverfolgung","breadcrumb":{"@id":"https:\/\/www.gaidaphotos.com\/blog\/2021\/10\/14\/flohmarkt-der-ev-kirche-rodenkirchen-2021\/#breadcrumb"},"inLanguage":"de","potentialAction":[{"@type":"ReadAction","target":["https:\/\/www.gaidaphotos.com\/blog\/2021\/10\/14\/flohmarkt-der-ev-kirche-rodenkirchen-2021\/"]}]},{"@type":"ImageObject","inLanguage":"de","@id":"https:\/\/www.gaidaphotos.com\/blog\/2021\/10\/14\/flohmarkt-der-ev-kirche-rodenkirchen-2021\/#primaryimage","url":"https:\/\/i0.wp.com\/www.gaidaphotos.com\/blog\/wp-content\/uploads\/2021\/10\/flohmarkt-ev-kirche-rodenkirchen-03.jpg?fit=1200%2C800&ssl=1","contentUrl":"https:\/\/i0.wp.com\/www.gaidaphotos.com\/blog\/wp-content\/uploads\/2021\/10\/flohmarkt-ev-kirche-rodenkirchen-03.jpg?fit=1200%2C800&ssl=1","width":1200,"height":800,"caption":"Flohmarkt der evangelischen Kirche Rodenkirchen"},{"@type":"BreadcrumbList","@id":"https:\/\/www.gaidaphotos.com\/blog\/2021\/10\/14\/flohmarkt-der-ev-kirche-rodenkirchen-2021\/#breadcrumb","itemListElement":[{"@type":"ListItem","position":1,"name":"Startseite","item":"https:\/\/www.gaidaphotos.com\/blog\/"},{"@type":"ListItem","position":2,"name":"Flohmarkt der ev. Kirche Rodenkirchen 7.\/14.11.2021"}]},{"@type":"WebSite","@id":"https:\/\/www.gaidaphotos.com\/blog\/#website","url":"https:\/\/www.gaidaphotos.com\/blog\/","name":"K\u00f6ln Rodenkirchen und die Welt","description":"Einkaufen, Restaurants, Freizeit, Nachrichten und was uns sonst bewegt und begegnet","publisher":{"@id":"https:\/\/www.gaidaphotos.com\/blog\/#organization"},"potentialAction":[{"@type":"SearchAction","target":{"@type":"EntryPoint","urlTemplate":"https:\/\/www.gaidaphotos.com\/blog\/?s={search_term_string}"},"query-input":{"@type":"PropertyValueSpecification","valueRequired":true,"valueName":"search_term_string"}}],"inLanguage":"de"},{"@type":"Organization","@id":"https:\/\/www.gaidaphotos.com\/blog\/#organization","name":"gaidaphotos","url":"https:\/\/www.gaidaphotos.com\/blog\/","logo":{"@type":"ImageObject","inLanguage":"de","@id":"https:\/\/www.gaidaphotos.com\/blog\/#\/schema\/logo\/image\/","url":"https:\/\/i0.wp.com\/www.gaidaphotos.com\/blog\/wp-content\/uploads\/2020\/07\/GAIDAPHOTOS-COM.jpg?fit=160%2C96&ssl=1","contentUrl":"https:\/\/i0.wp.com\/www.gaidaphotos.com\/blog\/wp-content\/uploads\/2020\/07\/GAIDAPHOTOS-COM.jpg?fit=160%2C96&ssl=1","width":160,"height":96,"caption":"gaidaphotos"},"image":{"@id":"https:\/\/www.gaidaphotos.com\/blog\/#\/schema\/logo\/image\/"},"sameAs":["https:\/\/www.facebook.com\/Koeln.Rodenkirchen","https:\/\/x.com\/gaidaphotos","https:\/\/instagram.com\/gaidaphotos\/","https:\/\/de.linkedin.com\/in\/gaidaphotos","https:\/\/myspace.com\/gaidaphotos","https:\/\/www.pinterest.com\/gaidaphotos\/","https:\/\/www.youtube.com\/user\/gaidaphotos"]},{"@type":"Person","@id":"https:\/\/www.gaidaphotos.com\/blog\/#\/schema\/person\/6c444a5b13ffc503c5c32f5a9ec68b21","name":"Thomas","sameAs":["https:\/\/www.gaidaphotos.com","https:\/\/www.facebook.com\/gaidaphotos","https:\/\/instagram.com\/gaidaphotos\/","https:\/\/www.linkedin.com\/in\/gaidaphotos","http:\/\/www.pinterest.com\/gaidaphotos\/","https:\/\/x.com\/gaidaphotos","https:\/\/myspace.com\/gaidaphotos","https:\/\/www.youtube.com\/user\/gaidaphotos","https:\/\/gaidaphotos.tumblr.com\/"]}]}},"jetpack_publicize_connections":[],"jetpack_featured_media_url":"https:\/\/i0.wp.com\/www.gaidaphotos.com\/blog\/wp-content\/uploads\/2021\/10\/flohmarkt-ev-kirche-rodenkirchen-03.jpg?fit=1200%2C800&ssl=1","jetpack_sharing_enabled":true,"jetpack_likes_enabled":true,"jetpack-related-posts":[{"id":13082,"url":"https:\/\/www.gaidaphotos.com\/blog\/2022\/03\/12\/fruehlingsflohmarkt-der-ev-kirche-rodenkirchen-03-2022\/","url_meta":{"origin":13020,"position":0},"title":"Fr\u00fchlingsflohmarkt der ev. Kirche  Rodenkirchen am 20.\/27. M\u00e4rz 2022","author":"Thomas","date":"12. M\u00e4rz 2022","format":false,"excerpt":"Fr\u00fchlingsflohmarkt und Tr\u00f6delmarkt der ev. Kirche Rodenkirchen 04-2022; alle Infos, alle Details - Coronaregeln f\u00fcr den Besuch","rel":"","context":"In &quot;Flohmarkt\/Troedelmarkt&quot;","block_context":{"text":"Flohmarkt\/Troedelmarkt","link":"https:\/\/www.gaidaphotos.com\/blog\/category\/flohmarkttroedelmarkt-2\/"},"img":{"alt_text":"Tulpen aus Holz","src":"https:\/\/i0.wp.com\/www.gaidaphotos.com\/blog\/wp-content\/uploads\/2022\/03\/flohmarkt-troedelmarkt-ev-kirche-rodenkichen.jpg?fit=1024%2C1024&ssl=1&resize=350%2C200","width":350,"height":200,"srcset":"https:\/\/i0.wp.com\/www.gaidaphotos.com\/blog\/wp-content\/uploads\/2022\/03\/flohmarkt-troedelmarkt-ev-kirche-rodenkichen.jpg?fit=1024%2C1024&ssl=1&resize=350%2C200 1x, https:\/\/i0.wp.com\/www.gaidaphotos.com\/blog\/wp-content\/uploads\/2022\/03\/flohmarkt-troedelmarkt-ev-kirche-rodenkichen.jpg?fit=1024%2C1024&ssl=1&resize=525%2C300 1.5x, https:\/\/i0.wp.com\/www.gaidaphotos.com\/blog\/wp-content\/uploads\/2022\/03\/flohmarkt-troedelmarkt-ev-kirche-rodenkichen.jpg?fit=1024%2C1024&ssl=1&resize=700%2C400 2x"},"classes":[]},{"id":3531,"url":"https:\/\/www.gaidaphotos.com\/blog\/2011\/03\/25\/flohmarkt-trodelmarkt-der-evangelischen\/","url_meta":{"origin":13020,"position":1},"title":"Flohmarkt\/Tr\u00f6delmarkt der evangelischen Kirche K\u00f6ln-Rodenkirchen","author":"Thomas","date":"25. M\u00e4rz 2011","format":false,"excerpt":"Flohmarkt\/Tr\u00f6delmarkt der evangelischen Kirche K\u00f6ln-Rodenkirchen Endlich ist es wieder soweit! Der Flohmarkt\/Tr\u00f6delmarkt der evangelischen Kirche K\u00f6ln-Rodenkirchen \u00f6ffnet wieder seine T\u00fcren und Tore. Wie schon in den vergangenen Jahren finden sich hier wahre Sch\u00e4tze: Antiquit\u00e4ten Hausrat B\u00fccher Damenkleidung Herrenkleidung Kinderkleidung Schuhe Modeschmuck Dekoration Porzellan Geschirr Gl\u00e4ser Aufgrund der vielen, oft wohlhabenden\u2026","rel":"","context":"In &quot;Flohmarkt\/Troedelmarkt&quot;","block_context":{"text":"Flohmarkt\/Troedelmarkt","link":"https:\/\/www.gaidaphotos.com\/blog\/category\/flohmarkttroedelmarkt-2\/"},"img":{"alt_text":"","src":"https:\/\/www.gaidaphotos.com\/blog\/wp-content\/uploads\/2020\/08\/nggallery_import\/68_","width":350,"height":200},"classes":[]},{"id":3724,"url":"https:\/\/www.gaidaphotos.com\/blog\/2011\/10\/04\/flohmarkt-troedelmarkt-rodenkirchen-09-10-201\/","url_meta":{"origin":13020,"position":2},"title":"Flohmarkt-Tr\u00f6delmarkt der ev. Kirche Rodenkirchen 09.10.2011","author":"Thomas","date":"4. Oktober 2011","format":false,"excerpt":"Flohmarkt\/Tr\u00f6delmarkt der ev. Kirche Rodenkirchen 09.10.2011 Flohmarkt\/Tr\u00f6delmarkt der ev. Kirche Rodenkirchen 09.10.2011 Es ist wieder soweit! Der Flohmarkt der evangelischen Kirche in K\u00f6ln Rodenkirchen bietet seine Sch\u00e4tze den Besuchern. Hier finden Sie: Antiquit\u00e4ten Hausrat B\u00fccher Damenkleidung Herrenkleidung Kinderkleidung Schuhe Modeschmuck Dekoration Porzellan Geschirr Gl\u00e4ser Flohmarkt\/Tr\u00f6delmarkt der ev. Kirche Rodenkirchen 09.10.2011Flohmarkt\u2026","rel":"","context":"In &quot;K\u00f6ln Rodenkirchen Einkaufen&quot;","block_context":{"text":"K\u00f6ln Rodenkirchen Einkaufen","link":"https:\/\/www.gaidaphotos.com\/blog\/category\/koeln-rodenkirchen\/koeln-rodenkirchen-einkaufen\/"},"img":{"alt_text":"","src":"https:\/\/www.gaidaphotos.com\/blog\/wp-content\/uploads\/2020\/08\/nggallery_import\/62_","width":350,"height":200,"srcset":"https:\/\/www.gaidaphotos.com\/blog\/wp-content\/uploads\/2020\/08\/nggallery_import\/62_ 1x, https:\/\/www.gaidaphotos.com\/blog\/wp-content\/uploads\/2020\/08\/nggallery_import\/62_ 1.5x"},"classes":[]},{"id":9038,"url":"https:\/\/www.gaidaphotos.com\/blog\/2015\/10\/13\/herbst-flohmarkt-der-ev-kirche-rodenkirchen\/","url_meta":{"origin":13020,"position":3},"title":"Herbst-Flohmarkt der ev. Kirche Rodenkirchen","author":"Thomas","date":"13. Oktober 2015","format":false,"excerpt":"Herbst-Flohmarkt der ev. Kirche Rodenkirchen am 25.10.2015 Es ist wieder soweit. Am Sonntag, dem 25. Oktober 2015 l\u00e4dt die Kleiderkammer der evangelischen Kirche in K\u00f6ln-Rodenkirchen zu ihrem Herbst-Flohmarkt. Der Flohmarkt steht wieder ganz im Zeichen des nahenden Weihnachtsfestes. Denn man findet nicht nur alle Arten Weihnachtsdekoration, z.B. Weihnachtsm\u00e4nner, Nu\u00dfknacker, Engel,\u2026","rel":"","context":"In &quot;Flohmarkt\/Troedelmarkt&quot;","block_context":{"text":"Flohmarkt\/Troedelmarkt","link":"https:\/\/www.gaidaphotos.com\/blog\/category\/flohmarkttroedelmarkt-2\/"},"img":{"alt_text":"","src":"https:\/\/i0.wp.com\/www.gaidaphotos.com\/blog\/wp-content\/uploads\/ngg_featured\/nikolaus-santa-claus-weihnachtsmann-02.jpg?fit=1024%2C683&ssl=1&resize=350%2C200","width":350,"height":200,"srcset":"https:\/\/i0.wp.com\/www.gaidaphotos.com\/blog\/wp-content\/uploads\/ngg_featured\/nikolaus-santa-claus-weihnachtsmann-02.jpg?fit=1024%2C683&ssl=1&resize=350%2C200 1x, https:\/\/i0.wp.com\/www.gaidaphotos.com\/blog\/wp-content\/uploads\/ngg_featured\/nikolaus-santa-claus-weihnachtsmann-02.jpg?fit=1024%2C683&ssl=1&resize=525%2C300 1.5x, https:\/\/i0.wp.com\/www.gaidaphotos.com\/blog\/wp-content\/uploads\/ngg_featured\/nikolaus-santa-claus-weihnachtsmann-02.jpg?fit=1024%2C683&ssl=1&resize=700%2C400 2x"},"classes":[]},{"id":10704,"url":"https:\/\/www.gaidaphotos.com\/blog\/2018\/10\/20\/herbstflohmarkt-in-rodenkirchen\/","url_meta":{"origin":13020,"position":4},"title":"Herbstflohmarkt in Rodenkirchen","author":"Thomas","date":"20. Oktober 2018","format":false,"excerpt":"Schaufensterpuppe Flohmarkt Rodenkirchen Herbstflohmarkt der evangelischen Kirche in Rodenkirchen am 28.10.2018 mit tollen Angeboten und genialen Schn\u00e4ppchen! Die Kleiderkammer der evangelischen Kirche in Rodenkirchen \u00f6ffnet am 28. Oktober 2018 wieder ihre T\u00fcren, und empf\u00e4ngt Sie zu ihrem gro\u00dfen Herbstsflohmarkt. Wem noch eine Jacke f\u00fcr die \u00dcbergangszeit, ein Mantel f\u00fcr den\u2026","rel":"","context":"In &quot;Flohmarkt\/Troedelmarkt&quot;","block_context":{"text":"Flohmarkt\/Troedelmarkt","link":"https:\/\/www.gaidaphotos.com\/blog\/category\/flohmarkttroedelmarkt-2\/"},"img":{"alt_text":"Schaufensterpuppe Flohmarkt Rodenkirchen","src":"https:\/\/i0.wp.com\/www.gaidaphotos.com\/blog\/wp-content\/uploads\/2018\/10\/schaufensterpuppe-flohmarkt-rodenkirchen.jpg?fit=683%2C1024&ssl=1&resize=350%2C200","width":350,"height":200,"srcset":"https:\/\/i0.wp.com\/www.gaidaphotos.com\/blog\/wp-content\/uploads\/2018\/10\/schaufensterpuppe-flohmarkt-rodenkirchen.jpg?fit=683%2C1024&ssl=1&resize=350%2C200 1x, https:\/\/i0.wp.com\/www.gaidaphotos.com\/blog\/wp-content\/uploads\/2018\/10\/schaufensterpuppe-flohmarkt-rodenkirchen.jpg?fit=683%2C1024&ssl=1&resize=525%2C300 1.5x"},"classes":[]},{"id":6230,"url":"https:\/\/www.gaidaphotos.com\/blog\/2014\/03\/24\/fruehlings-flohmarkt-der-ev-kirche-rodenkirchen\/","url_meta":{"origin":13020,"position":5},"title":"Fr\u00fchlings-Flohmarkt der ev. Kirche Rodenkirchen","author":"Thomas","date":"24. M\u00e4rz 2014","format":false,"excerpt":"Fr\u00fchlings-Flohmarkt der evangelischen Kirche K\u00f6ln-Rodenkirchen Am kommenden Sonntag ist es endlich wieder soweit. Der Fr\u00fchlings-Flohmarkt der evangelischen Kirche in K\u00f6ln-Rodenkirchen \u00f6ffnet seine T\u00fcren. Der Fr\u00fchlings-Flohmarkt hat als besonderen Schwerpunkt in diesem Jahr wieder das gesamte Spektrum der Osterdekoration. Und es bietet sich eine Gelegenheit, f\u00fcr die anstehende Kommunion oder Konfirmation\u2026","rel":"","context":"In &quot;Flohmarkt\/Troedelmarkt&quot;","block_context":{"text":"Flohmarkt\/Troedelmarkt","link":"https:\/\/www.gaidaphotos.com\/blog\/category\/flohmarkttroedelmarkt-2\/"},"img":{"alt_text":"","src":"https:\/\/i0.wp.com\/www.gaidaphotos.com\/blog\/wp-content\/uploads\/ngg_featured\/09102011-flohmarkt-rodenkirchen-schwan.jpg?fit=667%2C1000&ssl=1&resize=350%2C200","width":350,"height":200,"srcset":"https:\/\/i0.wp.com\/www.gaidaphotos.com\/blog\/wp-content\/uploads\/ngg_featured\/09102011-flohmarkt-rodenkirchen-schwan.jpg?fit=667%2C1000&ssl=1&resize=350%2C200 1x, https:\/\/i0.wp.com\/www.gaidaphotos.com\/blog\/wp-content\/uploads\/ngg_featured\/09102011-flohmarkt-rodenkirchen-schwan.jpg?fit=667%2C1000&ssl=1&resize=525%2C300 1.5x"},"classes":[]}],"_links":{"self":[{"href":"https:\/\/www.gaidaphotos.com\/blog\/wp-json\/wp\/v2\/posts\/13020","targetHints":{"allow":["GET"]}}],"collection":[{"href":"https:\/\/www.gaidaphotos.com\/blog\/wp-json\/wp\/v2\/posts"}],"about":[{"href":"https:\/\/www.gaidaphotos.com\/blog\/wp-json\/wp\/v2\/types\/post"}],"author":[{"embeddable":true,"href":"https:\/\/www.gaidaphotos.com\/blog\/wp-json\/wp\/v2\/users\/6"}],"replies":[{"embeddable":true,"href":"https:\/\/www.gaidaphotos.com\/blog\/wp-json\/wp\/v2\/comments?post=13020"}],"version-history":[{"count":0,"href":"https:\/\/www.gaidaphotos.com\/blog\/wp-json\/wp\/v2\/posts\/13020\/revisions"}],"wp:featuredmedia":[{"embeddable":true,"href":"https:\/\/www.gaidaphotos.com\/blog\/wp-json\/wp\/v2\/media\/13024"}],"wp:attachment":[{"href":"https:\/\/www.gaidaphotos.com\/blog\/wp-json\/wp\/v2\/media?parent=13020"}],"wp:term":[{"taxonomy":"category","embeddable":true,"href":"https:\/\/www.gaidaphotos.com\/blog\/wp-json\/wp\/v2\/categories?post=13020"},{"taxonomy":"post_tag","embeddable":true,"href":"https:\/\/www.gaidaphotos.com\/blog\/wp-json\/wp\/v2\/tags?post=13020"}],"curies":[{"name":"wp","href":"https:\/\/api.w.org\/{rel}","templated":true}]}}