{"id":13082,"date":"2022-03-12T19:05:00","date_gmt":"2022-03-12T18:05:00","guid":{"rendered":"https:\/\/www.gaidaphotos.com\/blog\/?p=13082"},"modified":"2022-03-12T17:30:55","modified_gmt":"2022-03-12T16:30:55","slug":"fruehlingsflohmarkt-der-ev-kirche-rodenkirchen-03-2022","status":"publish","type":"post","link":"https:\/\/www.gaidaphotos.com\/blog\/2022\/03\/12\/fruehlingsflohmarkt-der-ev-kirche-rodenkirchen-03-2022\/","title":{"rendered":"Fr\u00fchlingsflohmarkt der ev. Kirche  Rodenkirchen am 20.\/27. M\u00e4rz 2022"},"content":{"rendered":"\n<div class=\"wp-block-media-text alignwide is-stacked-on-mobile\"><figure class=\"wp-block-media-text__media\"><img data-recalc-dims=\"1\" loading=\"lazy\" decoding=\"async\" width=\"910\" height=\"910\" src=\"https:\/\/i0.wp.com\/www.gaidaphotos.com\/blog\/wp-content\/uploads\/2022\/03\/flohmarkt-troedelmarkt-ev-kirche-rodenkichen.jpg?resize=910%2C910&#038;ssl=1\" alt=\"Tulpen aus Holz\" class=\"wp-image-13084 size-full\" srcset=\"https:\/\/i0.wp.com\/www.gaidaphotos.com\/blog\/wp-content\/uploads\/2022\/03\/flohmarkt-troedelmarkt-ev-kirche-rodenkichen.jpg?w=1024&amp;ssl=1 1024w, https:\/\/i0.wp.com\/www.gaidaphotos.com\/blog\/wp-content\/uploads\/2022\/03\/flohmarkt-troedelmarkt-ev-kirche-rodenkichen.jpg?resize=250%2C250&amp;ssl=1 250w, https:\/\/i0.wp.com\/www.gaidaphotos.com\/blog\/wp-content\/uploads\/2022\/03\/flohmarkt-troedelmarkt-ev-kirche-rodenkichen.jpg?resize=768%2C768&amp;ssl=1 768w\" sizes=\"auto, (max-width: 910px) 100vw, 910px\" \/><\/figure><div class=\"wp-block-media-text__content\">\n<p class=\"has-large-font-size wp-block-paragraph\">Endlich wird wieder getr\u00f6delt!<\/p>\n\n\n\n<p class=\"wp-block-paragraph\">Es ist wieder so weit. Der Flohmarkt der evangelischen Kirche in Rodenkirchen \u00f6ffnet wieder seine T\u00fcren. Corona-bedingt mit 3G und einigen \u00c4nderungen. So wird Kinderkleidung und Spielzeug auch im April an einem eigenen Termin angeboten.<\/p>\n\n\n\n<p class=\"wp-block-paragraph\">Wer Fl\u00fcchtlinge ausr\u00fcsten muss, findet hier viele g\u00fcnstige Angebote.<\/p>\n<\/div><\/div>\n\n\n\n<!--more-->\n\n\n\n<h3 class=\"wp-block-heading\" id=\"2-flohmarkttermine-mit-unterschiedlichem-angebot\">2 Flohmarkttermine mit unterschiedlichem Angebot<\/h3>\n\n\n\n<p class=\"wp-block-paragraph\">Die Trennung in zwei Termine, einen Floh- und Tr\u00f6delmarkt mit Damen- und Herrenkleidung und ein eigener Flohmarkt f\u00fcr die Kids, hat sich nicht nur wegen Corona bew\u00e4hrt. Gerade f\u00fcr die Kinder war es wesentlich entspannter, mit mehr Platz und weniger Gedr\u00e4nge.<\/p>\n\n\n\n<p class=\"wp-block-paragraph\">Daher werden die Damen von der Kleiderkammer die Trennung der Termine auch \u00fcber die Pandemie beibehalten.<\/p>\n\n\n\n<h3 class=\"wp-block-heading\" id=\"kleider-flohmarkt-am-07-11-2021-10-00-bis-17-00h\"><strong>Kleider-Flohmarkt und Tr\u00f6delmarkt am 20.03.2022 10:00 bis 17:00h<\/strong><\/h3>\n\n\n\n<p class=\"wp-block-paragraph\">Angeboten werden Damen- und Herrenkleidung (keine Kinderkleidung), W\u00e4sche, Handtaschen, Schmuck und Accessoires.<\/p>\n\n\n\n<p class=\"wp-block-paragraph\">Der beliebte Tr\u00f6del  ist wieder zur\u00fcck! Au\u00dfergew\u00f6hnliche Dekoartikel finden sich gleich neben hochwertigen Porzellan-Service. Es gibt Kuchenformen und Gl\u00e4ser, Sch\u00fcsseln, Besteck und vieles mehr.<br>Au\u00dferdem wird Jahreszeit-gem\u00e4\u00df Osterdekoration verkauft.<\/p>\n\n\n\n<h3 class=\"wp-block-heading\" id=\"kinder-flohmarkt-am-14-11-2021-11-00-bis-16-00h\"><strong>Kinder-Flohmarkt am 27.03.2022 11:00 bis 16:00h<\/strong><\/h3>\n\n\n\n<p class=\"wp-block-paragraph\">Beim zweiten Flohmarkt werden nur Kinderkleidung und Kinderschuhe sowie Spiele, Kuscheltiere, Kinderb\u00fccher und Spielsachen verkauft.<\/p>\n\n\n\n<p class=\"wp-block-paragraph\">\u00c4nderungen vorbehalten. <\/p>\n\n\n\n<h3 class=\"wp-block-heading\" id=\"parken-beim-fruhlingsflohmarkt\">Parken beim Flohmarkt der Evangelischen Kirche<\/h3>\n\n\n\n<p class=\"wp-block-paragraph\">Es gibt wenige <strong>Parkpl\u00e4tze <\/strong>in unmittelbarer N\u00e4he zum Flohmarkt. Die wenigen sind morgens fr\u00fch schon besetzt. Die n\u00e4chstgelegenen <a href=\"https:\/\/www.gaidaphotos.com\/blog\/koeln-rodenkirchen-info\/koeln-rodenkirchen-parken\/\" target=\"_blank\" rel=\"noreferrer noopener\">Parkm\u00f6glichkeiten in Rodenkirchen<\/a> finden Sie hier.<\/p>\n\n\n\n<h3 class=\"wp-block-heading\" id=\"flohmarkt-der-evangelischen-kirche-koln-rodenkirchen\">Flohmarkt der Evangelischen Kirche K\u00f6ln-Rodenkirchen<\/h3>\n\n\n\n<p class=\"wp-block-paragraph\">Evangelische Kirchengemeinde Rodenkirchen<br>S\u00fcrther Str. 34<br>50996 K\u00f6ln-Rodenkirchen<br><a href=\"https:\/\/www.google.de\/maps\/place\/Evangelische+Kirchengemeinde+Rodenkirchen\/@50.8870485,6.9955606,17z\/data=!3m1!4b1!4m2!3m1!1s0x417187411244ba79:0xd3f0c552e8a0a087?hl=de\" target=\"_blank\" rel=\"noreferrer noopener\">Evangelische Kirchengemeinde Rodenkirchen bei Google Maps<\/a><\/p>\n\n\n\n<h3 class=\"wp-block-heading\" id=\"spender-gesucht\">Spender gesucht!<\/h3>\n\n\n\n<p class=\"wp-block-paragraph\">Die Kleiderkammer der Evangelischen Kirche unterst\u00fctzt mit den Spenden vorwiegend Bed\u00fcrftige aus dem K\u00f6lner S\u00fcden und auch die \u00f6rtlichen Gefl\u00fcchteten. Der Flohmarkt hilft, die Arbeit zu finanzieren und schafft Platz f\u00fcr neue Spendengaben.<\/p>\n\n\n\n<p class=\"wp-block-paragraph\">Fahren Sie mit dem Auto bis vor die T\u00fcr. Die freundlichen Herren helfen Ihnen gerne beim Ausladen.<\/p>\n","protected":false},"excerpt":{"rendered":"<p>Fr\u00fchlingsflohmarkt und Tr\u00f6delmarkt der ev. Kirche Rodenkirchen 04-2022; alle Infos, alle Details &#8211; Coronaregeln f\u00fcr den Besuch<\/p>\n","protected":false},"author":6,"featured_media":13084,"comment_status":"open","ping_status":"open","sticky":false,"template":"","format":"standard","meta":{"_crdt_document":"","ngg_post_thumbnail":0,"jetpack_post_was_ever_published":false,"_jetpack_newsletter_access":"","_jetpack_dont_email_post_to_subs":false,"_jetpack_newsletter_tier_id":0,"_jetpack_memberships_contains_paywalled_content":false,"_jetpack_memberships_contains_paid_content":false,"footnotes":"","jetpack_publicize_message":"","jetpack_publicize_feature_enabled":true,"jetpack_social_post_already_shared":true,"jetpack_social_options":{"image_generator_settings":{"template":"highway","default_image_id":0,"font":"","enabled":false},"version":2}},"categories":[237,111,89,101,178],"tags":[108,131,538,53],"class_list":["post-13082","post","type-post","status-publish","format-standard","has-post-thumbnail","hentry","category-flohmarkttroedelmarkt-2","category-kaufen-verkaufen","category-koeln-rodenkirchen-einkaufen","category-koeln-rodenkirchen-freizeit","category-verkaufsoffener-sonntag-koln-nrw","tag-einkaufen","tag-flohmarkttroedelmarkt","tag-koeln-rodenkirchen","tag-shopping"],"yoast_head":"<!-- This site is optimized with the Yoast SEO plugin v27.5 - https:\/\/yoast.com\/product\/yoast-seo-wordpress\/ -->\n<title>Fr\u00fchlingsflohmarkt der ev. Kirche Rodenkirchen am 20.\/27. M\u00e4rz 2022 - K\u00f6ln Rodenkirchen und die Welt<\/title>\n<meta name=\"description\" content=\"Fr\u00fchlingsflohmarkt und Tr\u00f6delmarkt der ev. Kirche Rodenkirchen 04-2022; alle Infos, alle Details - Coronaregeln f\u00fcr den Besuch\" \/>\n<meta name=\"robots\" content=\"index, follow, max-snippet:-1, max-image-preview:large, max-video-preview:-1\" \/>\n<link rel=\"canonical\" href=\"https:\/\/www.gaidaphotos.com\/blog\/2022\/03\/12\/fruehlingsflohmarkt-der-ev-kirche-rodenkirchen-03-2022\/\" \/>\n<meta property=\"og:locale\" content=\"de_DE\" \/>\n<meta property=\"og:type\" content=\"article\" \/>\n<meta property=\"og:title\" content=\"Fr\u00fchlingsflohmarkt der ev. Kirche Rodenkirchen am 20.\/27. M\u00e4rz 2022 - K\u00f6ln Rodenkirchen und die Welt\" \/>\n<meta property=\"og:description\" content=\"Fr\u00fchlingsflohmarkt und Tr\u00f6delmarkt der ev. Kirche Rodenkirchen 04-2022; alle Infos, alle Details - Coronaregeln f\u00fcr den Besuch\" \/>\n<meta property=\"og:url\" content=\"https:\/\/www.gaidaphotos.com\/blog\/2022\/03\/12\/fruehlingsflohmarkt-der-ev-kirche-rodenkirchen-03-2022\/\" \/>\n<meta property=\"og:site_name\" content=\"K\u00f6ln Rodenkirchen und die Welt\" \/>\n<meta property=\"article:publisher\" content=\"https:\/\/www.facebook.com\/Koeln.Rodenkirchen\" \/>\n<meta property=\"article:author\" content=\"https:\/\/www.facebook.com\/gaidaphotos\" \/>\n<meta property=\"article:published_time\" content=\"2022-03-12T18:05:00+00:00\" \/>\n<meta property=\"og:image\" content=\"https:\/\/i0.wp.com\/www.gaidaphotos.com\/blog\/wp-content\/uploads\/2022\/03\/flohmarkt-troedelmarkt-ev-kirche-rodenkichen.jpg?fit=1024%2C1024&ssl=1\" \/>\n\t<meta property=\"og:image:width\" content=\"1024\" \/>\n\t<meta property=\"og:image:height\" content=\"1024\" \/>\n\t<meta property=\"og:image:type\" content=\"image\/jpeg\" \/>\n<meta name=\"author\" content=\"Thomas\" \/>\n<meta name=\"twitter:card\" content=\"summary_large_image\" \/>\n<meta name=\"twitter:creator\" content=\"@gaidaphotos\" \/>\n<meta name=\"twitter:site\" content=\"@gaidaphotos\" \/>\n<meta name=\"twitter:label1\" content=\"Verfasst von\" \/>\n\t<meta name=\"twitter:data1\" content=\"Thomas\" \/>\n\t<meta name=\"twitter:label2\" content=\"Gesch\u00e4tzte Lesezeit\" \/>\n\t<meta name=\"twitter:data2\" content=\"2\u00a0Minuten\" \/>\n<script type=\"application\/ld+json\" class=\"yoast-schema-graph\">{\"@context\":\"https:\\\/\\\/schema.org\",\"@graph\":[{\"@type\":\"Article\",\"@id\":\"https:\\\/\\\/www.gaidaphotos.com\\\/blog\\\/2022\\\/03\\\/12\\\/fruehlingsflohmarkt-der-ev-kirche-rodenkirchen-03-2022\\\/#article\",\"isPartOf\":{\"@id\":\"https:\\\/\\\/www.gaidaphotos.com\\\/blog\\\/2022\\\/03\\\/12\\\/fruehlingsflohmarkt-der-ev-kirche-rodenkirchen-03-2022\\\/\"},\"author\":{\"name\":\"Thomas\",\"@id\":\"https:\\\/\\\/www.gaidaphotos.com\\\/blog\\\/#\\\/schema\\\/person\\\/6c444a5b13ffc503c5c32f5a9ec68b21\"},\"headline\":\"Fr\u00fchlingsflohmarkt der ev. Kirche Rodenkirchen am 20.\\\/27. M\u00e4rz 2022\",\"datePublished\":\"2022-03-12T18:05:00+00:00\",\"mainEntityOfPage\":{\"@id\":\"https:\\\/\\\/www.gaidaphotos.com\\\/blog\\\/2022\\\/03\\\/12\\\/fruehlingsflohmarkt-der-ev-kirche-rodenkirchen-03-2022\\\/\"},\"wordCount\":204,\"commentCount\":0,\"publisher\":{\"@id\":\"https:\\\/\\\/www.gaidaphotos.com\\\/blog\\\/#organization\"},\"image\":{\"@id\":\"https:\\\/\\\/www.gaidaphotos.com\\\/blog\\\/2022\\\/03\\\/12\\\/fruehlingsflohmarkt-der-ev-kirche-rodenkirchen-03-2022\\\/#primaryimage\"},\"thumbnailUrl\":\"https:\\\/\\\/i0.wp.com\\\/www.gaidaphotos.com\\\/blog\\\/wp-content\\\/uploads\\\/2022\\\/03\\\/flohmarkt-troedelmarkt-ev-kirche-rodenkichen.jpg?fit=1024%2C1024&ssl=1\",\"keywords\":[\"Einkaufen\\\/ Shopping\",\"Flohmarkt\\\/ Tr\u00f6delmarkt\",\"K\u00f6ln Rodenkirchen\",\"Shopping\"],\"articleSection\":[\"Flohmarkt\\\/Troedelmarkt\",\"Kaufen-Verkaufen\",\"K\u00f6ln Rodenkirchen Einkaufen\",\"K\u00f6ln Rodenkirchen Freizeit\",\"Verkaufsoffener Sonntag K\u00f6ln NRW\"],\"inLanguage\":\"de\",\"potentialAction\":[{\"@type\":\"CommentAction\",\"name\":\"Comment\",\"target\":[\"https:\\\/\\\/www.gaidaphotos.com\\\/blog\\\/2022\\\/03\\\/12\\\/fruehlingsflohmarkt-der-ev-kirche-rodenkirchen-03-2022\\\/#respond\"]}]},{\"@type\":\"WebPage\",\"@id\":\"https:\\\/\\\/www.gaidaphotos.com\\\/blog\\\/2022\\\/03\\\/12\\\/fruehlingsflohmarkt-der-ev-kirche-rodenkirchen-03-2022\\\/\",\"url\":\"https:\\\/\\\/www.gaidaphotos.com\\\/blog\\\/2022\\\/03\\\/12\\\/fruehlingsflohmarkt-der-ev-kirche-rodenkirchen-03-2022\\\/\",\"name\":\"Fr\u00fchlingsflohmarkt der ev. Kirche Rodenkirchen am 20.\\\/27. M\u00e4rz 2022 - K\u00f6ln Rodenkirchen und die Welt\",\"isPartOf\":{\"@id\":\"https:\\\/\\\/www.gaidaphotos.com\\\/blog\\\/#website\"},\"primaryImageOfPage\":{\"@id\":\"https:\\\/\\\/www.gaidaphotos.com\\\/blog\\\/2022\\\/03\\\/12\\\/fruehlingsflohmarkt-der-ev-kirche-rodenkirchen-03-2022\\\/#primaryimage\"},\"image\":{\"@id\":\"https:\\\/\\\/www.gaidaphotos.com\\\/blog\\\/2022\\\/03\\\/12\\\/fruehlingsflohmarkt-der-ev-kirche-rodenkirchen-03-2022\\\/#primaryimage\"},\"thumbnailUrl\":\"https:\\\/\\\/i0.wp.com\\\/www.gaidaphotos.com\\\/blog\\\/wp-content\\\/uploads\\\/2022\\\/03\\\/flohmarkt-troedelmarkt-ev-kirche-rodenkichen.jpg?fit=1024%2C1024&ssl=1\",\"datePublished\":\"2022-03-12T18:05:00+00:00\",\"description\":\"Fr\u00fchlingsflohmarkt und Tr\u00f6delmarkt der ev. Kirche Rodenkirchen 04-2022; alle Infos, alle Details - Coronaregeln f\u00fcr den Besuch\",\"breadcrumb\":{\"@id\":\"https:\\\/\\\/www.gaidaphotos.com\\\/blog\\\/2022\\\/03\\\/12\\\/fruehlingsflohmarkt-der-ev-kirche-rodenkirchen-03-2022\\\/#breadcrumb\"},\"inLanguage\":\"de\",\"potentialAction\":[{\"@type\":\"ReadAction\",\"target\":[\"https:\\\/\\\/www.gaidaphotos.com\\\/blog\\\/2022\\\/03\\\/12\\\/fruehlingsflohmarkt-der-ev-kirche-rodenkirchen-03-2022\\\/\"]}]},{\"@type\":\"ImageObject\",\"inLanguage\":\"de\",\"@id\":\"https:\\\/\\\/www.gaidaphotos.com\\\/blog\\\/2022\\\/03\\\/12\\\/fruehlingsflohmarkt-der-ev-kirche-rodenkirchen-03-2022\\\/#primaryimage\",\"url\":\"https:\\\/\\\/i0.wp.com\\\/www.gaidaphotos.com\\\/blog\\\/wp-content\\\/uploads\\\/2022\\\/03\\\/flohmarkt-troedelmarkt-ev-kirche-rodenkichen.jpg?fit=1024%2C1024&ssl=1\",\"contentUrl\":\"https:\\\/\\\/i0.wp.com\\\/www.gaidaphotos.com\\\/blog\\\/wp-content\\\/uploads\\\/2022\\\/03\\\/flohmarkt-troedelmarkt-ev-kirche-rodenkichen.jpg?fit=1024%2C1024&ssl=1\",\"width\":1024,\"height\":1024,\"caption\":\"Flohmarkt Tr\u00f6delmarkt ev. Kirche Rodenkirchen\"},{\"@type\":\"BreadcrumbList\",\"@id\":\"https:\\\/\\\/www.gaidaphotos.com\\\/blog\\\/2022\\\/03\\\/12\\\/fruehlingsflohmarkt-der-ev-kirche-rodenkirchen-03-2022\\\/#breadcrumb\",\"itemListElement\":[{\"@type\":\"ListItem\",\"position\":1,\"name\":\"Startseite\",\"item\":\"https:\\\/\\\/www.gaidaphotos.com\\\/blog\\\/\"},{\"@type\":\"ListItem\",\"position\":2,\"name\":\"Fr\u00fchlingsflohmarkt der ev. Kirche Rodenkirchen am 20.\\\/27. M\u00e4rz 2022\"}]},{\"@type\":\"WebSite\",\"@id\":\"https:\\\/\\\/www.gaidaphotos.com\\\/blog\\\/#website\",\"url\":\"https:\\\/\\\/www.gaidaphotos.com\\\/blog\\\/\",\"name\":\"K\u00f6ln Rodenkirchen und die Welt\",\"description\":\"Einkaufen, Restaurants, Freizeit, Nachrichten und was uns sonst bewegt und begegnet\",\"publisher\":{\"@id\":\"https:\\\/\\\/www.gaidaphotos.com\\\/blog\\\/#organization\"},\"potentialAction\":[{\"@type\":\"SearchAction\",\"target\":{\"@type\":\"EntryPoint\",\"urlTemplate\":\"https:\\\/\\\/www.gaidaphotos.com\\\/blog\\\/?s={search_term_string}\"},\"query-input\":{\"@type\":\"PropertyValueSpecification\",\"valueRequired\":true,\"valueName\":\"search_term_string\"}}],\"inLanguage\":\"de\"},{\"@type\":\"Organization\",\"@id\":\"https:\\\/\\\/www.gaidaphotos.com\\\/blog\\\/#organization\",\"name\":\"gaidaphotos\",\"url\":\"https:\\\/\\\/www.gaidaphotos.com\\\/blog\\\/\",\"logo\":{\"@type\":\"ImageObject\",\"inLanguage\":\"de\",\"@id\":\"https:\\\/\\\/www.gaidaphotos.com\\\/blog\\\/#\\\/schema\\\/logo\\\/image\\\/\",\"url\":\"https:\\\/\\\/i0.wp.com\\\/www.gaidaphotos.com\\\/blog\\\/wp-content\\\/uploads\\\/2020\\\/07\\\/GAIDAPHOTOS-COM.jpg?fit=160%2C96&ssl=1\",\"contentUrl\":\"https:\\\/\\\/i0.wp.com\\\/www.gaidaphotos.com\\\/blog\\\/wp-content\\\/uploads\\\/2020\\\/07\\\/GAIDAPHOTOS-COM.jpg?fit=160%2C96&ssl=1\",\"width\":160,\"height\":96,\"caption\":\"gaidaphotos\"},\"image\":{\"@id\":\"https:\\\/\\\/www.gaidaphotos.com\\\/blog\\\/#\\\/schema\\\/logo\\\/image\\\/\"},\"sameAs\":[\"https:\\\/\\\/www.facebook.com\\\/Koeln.Rodenkirchen\",\"https:\\\/\\\/x.com\\\/gaidaphotos\",\"https:\\\/\\\/instagram.com\\\/gaidaphotos\\\/\",\"https:\\\/\\\/de.linkedin.com\\\/in\\\/gaidaphotos\",\"https:\\\/\\\/myspace.com\\\/gaidaphotos\",\"https:\\\/\\\/www.pinterest.com\\\/gaidaphotos\\\/\",\"https:\\\/\\\/www.youtube.com\\\/user\\\/gaidaphotos\"]},{\"@type\":\"Person\",\"@id\":\"https:\\\/\\\/www.gaidaphotos.com\\\/blog\\\/#\\\/schema\\\/person\\\/6c444a5b13ffc503c5c32f5a9ec68b21\",\"name\":\"Thomas\",\"sameAs\":[\"https:\\\/\\\/www.gaidaphotos.com\",\"https:\\\/\\\/www.facebook.com\\\/gaidaphotos\",\"https:\\\/\\\/instagram.com\\\/gaidaphotos\\\/\",\"https:\\\/\\\/www.linkedin.com\\\/in\\\/gaidaphotos\",\"http:\\\/\\\/www.pinterest.com\\\/gaidaphotos\\\/\",\"https:\\\/\\\/x.com\\\/gaidaphotos\",\"https:\\\/\\\/myspace.com\\\/gaidaphotos\",\"https:\\\/\\\/www.youtube.com\\\/user\\\/gaidaphotos\",\"https:\\\/\\\/gaidaphotos.tumblr.com\\\/\"]}]}<\/script>\n<!-- \/ Yoast SEO plugin. -->","yoast_head_json":{"title":"Fr\u00fchlingsflohmarkt der ev. Kirche Rodenkirchen am 20.\/27. M\u00e4rz 2022 - K\u00f6ln Rodenkirchen und die Welt","description":"Fr\u00fchlingsflohmarkt und Tr\u00f6delmarkt der ev. Kirche Rodenkirchen 04-2022; alle Infos, alle Details - Coronaregeln f\u00fcr den Besuch","robots":{"index":"index","follow":"follow","max-snippet":"max-snippet:-1","max-image-preview":"max-image-preview:large","max-video-preview":"max-video-preview:-1"},"canonical":"https:\/\/www.gaidaphotos.com\/blog\/2022\/03\/12\/fruehlingsflohmarkt-der-ev-kirche-rodenkirchen-03-2022\/","og_locale":"de_DE","og_type":"article","og_title":"Fr\u00fchlingsflohmarkt der ev. Kirche Rodenkirchen am 20.\/27. M\u00e4rz 2022 - K\u00f6ln Rodenkirchen und die Welt","og_description":"Fr\u00fchlingsflohmarkt und Tr\u00f6delmarkt der ev. Kirche Rodenkirchen 04-2022; alle Infos, alle Details - Coronaregeln f\u00fcr den Besuch","og_url":"https:\/\/www.gaidaphotos.com\/blog\/2022\/03\/12\/fruehlingsflohmarkt-der-ev-kirche-rodenkirchen-03-2022\/","og_site_name":"K\u00f6ln Rodenkirchen und die Welt","article_publisher":"https:\/\/www.facebook.com\/Koeln.Rodenkirchen","article_author":"https:\/\/www.facebook.com\/gaidaphotos","article_published_time":"2022-03-12T18:05:00+00:00","og_image":[{"width":1024,"height":1024,"url":"https:\/\/i0.wp.com\/www.gaidaphotos.com\/blog\/wp-content\/uploads\/2022\/03\/flohmarkt-troedelmarkt-ev-kirche-rodenkichen.jpg?fit=1024%2C1024&ssl=1","type":"image\/jpeg"}],"author":"Thomas","twitter_card":"summary_large_image","twitter_creator":"@gaidaphotos","twitter_site":"@gaidaphotos","twitter_misc":{"Verfasst von":"Thomas","Gesch\u00e4tzte Lesezeit":"2\u00a0Minuten"},"schema":{"@context":"https:\/\/schema.org","@graph":[{"@type":"Article","@id":"https:\/\/www.gaidaphotos.com\/blog\/2022\/03\/12\/fruehlingsflohmarkt-der-ev-kirche-rodenkirchen-03-2022\/#article","isPartOf":{"@id":"https:\/\/www.gaidaphotos.com\/blog\/2022\/03\/12\/fruehlingsflohmarkt-der-ev-kirche-rodenkirchen-03-2022\/"},"author":{"name":"Thomas","@id":"https:\/\/www.gaidaphotos.com\/blog\/#\/schema\/person\/6c444a5b13ffc503c5c32f5a9ec68b21"},"headline":"Fr\u00fchlingsflohmarkt der ev. Kirche Rodenkirchen am 20.\/27. M\u00e4rz 2022","datePublished":"2022-03-12T18:05:00+00:00","mainEntityOfPage":{"@id":"https:\/\/www.gaidaphotos.com\/blog\/2022\/03\/12\/fruehlingsflohmarkt-der-ev-kirche-rodenkirchen-03-2022\/"},"wordCount":204,"commentCount":0,"publisher":{"@id":"https:\/\/www.gaidaphotos.com\/blog\/#organization"},"image":{"@id":"https:\/\/www.gaidaphotos.com\/blog\/2022\/03\/12\/fruehlingsflohmarkt-der-ev-kirche-rodenkirchen-03-2022\/#primaryimage"},"thumbnailUrl":"https:\/\/i0.wp.com\/www.gaidaphotos.com\/blog\/wp-content\/uploads\/2022\/03\/flohmarkt-troedelmarkt-ev-kirche-rodenkichen.jpg?fit=1024%2C1024&ssl=1","keywords":["Einkaufen\/ Shopping","Flohmarkt\/ Tr\u00f6delmarkt","K\u00f6ln Rodenkirchen","Shopping"],"articleSection":["Flohmarkt\/Troedelmarkt","Kaufen-Verkaufen","K\u00f6ln Rodenkirchen Einkaufen","K\u00f6ln Rodenkirchen Freizeit","Verkaufsoffener Sonntag K\u00f6ln NRW"],"inLanguage":"de","potentialAction":[{"@type":"CommentAction","name":"Comment","target":["https:\/\/www.gaidaphotos.com\/blog\/2022\/03\/12\/fruehlingsflohmarkt-der-ev-kirche-rodenkirchen-03-2022\/#respond"]}]},{"@type":"WebPage","@id":"https:\/\/www.gaidaphotos.com\/blog\/2022\/03\/12\/fruehlingsflohmarkt-der-ev-kirche-rodenkirchen-03-2022\/","url":"https:\/\/www.gaidaphotos.com\/blog\/2022\/03\/12\/fruehlingsflohmarkt-der-ev-kirche-rodenkirchen-03-2022\/","name":"Fr\u00fchlingsflohmarkt der ev. Kirche Rodenkirchen am 20.\/27. M\u00e4rz 2022 - K\u00f6ln Rodenkirchen und die Welt","isPartOf":{"@id":"https:\/\/www.gaidaphotos.com\/blog\/#website"},"primaryImageOfPage":{"@id":"https:\/\/www.gaidaphotos.com\/blog\/2022\/03\/12\/fruehlingsflohmarkt-der-ev-kirche-rodenkirchen-03-2022\/#primaryimage"},"image":{"@id":"https:\/\/www.gaidaphotos.com\/blog\/2022\/03\/12\/fruehlingsflohmarkt-der-ev-kirche-rodenkirchen-03-2022\/#primaryimage"},"thumbnailUrl":"https:\/\/i0.wp.com\/www.gaidaphotos.com\/blog\/wp-content\/uploads\/2022\/03\/flohmarkt-troedelmarkt-ev-kirche-rodenkichen.jpg?fit=1024%2C1024&ssl=1","datePublished":"2022-03-12T18:05:00+00:00","description":"Fr\u00fchlingsflohmarkt und Tr\u00f6delmarkt der ev. Kirche Rodenkirchen 04-2022; alle Infos, alle Details - Coronaregeln f\u00fcr den Besuch","breadcrumb":{"@id":"https:\/\/www.gaidaphotos.com\/blog\/2022\/03\/12\/fruehlingsflohmarkt-der-ev-kirche-rodenkirchen-03-2022\/#breadcrumb"},"inLanguage":"de","potentialAction":[{"@type":"ReadAction","target":["https:\/\/www.gaidaphotos.com\/blog\/2022\/03\/12\/fruehlingsflohmarkt-der-ev-kirche-rodenkirchen-03-2022\/"]}]},{"@type":"ImageObject","inLanguage":"de","@id":"https:\/\/www.gaidaphotos.com\/blog\/2022\/03\/12\/fruehlingsflohmarkt-der-ev-kirche-rodenkirchen-03-2022\/#primaryimage","url":"https:\/\/i0.wp.com\/www.gaidaphotos.com\/blog\/wp-content\/uploads\/2022\/03\/flohmarkt-troedelmarkt-ev-kirche-rodenkichen.jpg?fit=1024%2C1024&ssl=1","contentUrl":"https:\/\/i0.wp.com\/www.gaidaphotos.com\/blog\/wp-content\/uploads\/2022\/03\/flohmarkt-troedelmarkt-ev-kirche-rodenkichen.jpg?fit=1024%2C1024&ssl=1","width":1024,"height":1024,"caption":"Flohmarkt Tr\u00f6delmarkt ev. Kirche Rodenkirchen"},{"@type":"BreadcrumbList","@id":"https:\/\/www.gaidaphotos.com\/blog\/2022\/03\/12\/fruehlingsflohmarkt-der-ev-kirche-rodenkirchen-03-2022\/#breadcrumb","itemListElement":[{"@type":"ListItem","position":1,"name":"Startseite","item":"https:\/\/www.gaidaphotos.com\/blog\/"},{"@type":"ListItem","position":2,"name":"Fr\u00fchlingsflohmarkt der ev. Kirche Rodenkirchen am 20.\/27. M\u00e4rz 2022"}]},{"@type":"WebSite","@id":"https:\/\/www.gaidaphotos.com\/blog\/#website","url":"https:\/\/www.gaidaphotos.com\/blog\/","name":"K\u00f6ln Rodenkirchen und die Welt","description":"Einkaufen, Restaurants, Freizeit, Nachrichten und was uns sonst bewegt und begegnet","publisher":{"@id":"https:\/\/www.gaidaphotos.com\/blog\/#organization"},"potentialAction":[{"@type":"SearchAction","target":{"@type":"EntryPoint","urlTemplate":"https:\/\/www.gaidaphotos.com\/blog\/?s={search_term_string}"},"query-input":{"@type":"PropertyValueSpecification","valueRequired":true,"valueName":"search_term_string"}}],"inLanguage":"de"},{"@type":"Organization","@id":"https:\/\/www.gaidaphotos.com\/blog\/#organization","name":"gaidaphotos","url":"https:\/\/www.gaidaphotos.com\/blog\/","logo":{"@type":"ImageObject","inLanguage":"de","@id":"https:\/\/www.gaidaphotos.com\/blog\/#\/schema\/logo\/image\/","url":"https:\/\/i0.wp.com\/www.gaidaphotos.com\/blog\/wp-content\/uploads\/2020\/07\/GAIDAPHOTOS-COM.jpg?fit=160%2C96&ssl=1","contentUrl":"https:\/\/i0.wp.com\/www.gaidaphotos.com\/blog\/wp-content\/uploads\/2020\/07\/GAIDAPHOTOS-COM.jpg?fit=160%2C96&ssl=1","width":160,"height":96,"caption":"gaidaphotos"},"image":{"@id":"https:\/\/www.gaidaphotos.com\/blog\/#\/schema\/logo\/image\/"},"sameAs":["https:\/\/www.facebook.com\/Koeln.Rodenkirchen","https:\/\/x.com\/gaidaphotos","https:\/\/instagram.com\/gaidaphotos\/","https:\/\/de.linkedin.com\/in\/gaidaphotos","https:\/\/myspace.com\/gaidaphotos","https:\/\/www.pinterest.com\/gaidaphotos\/","https:\/\/www.youtube.com\/user\/gaidaphotos"]},{"@type":"Person","@id":"https:\/\/www.gaidaphotos.com\/blog\/#\/schema\/person\/6c444a5b13ffc503c5c32f5a9ec68b21","name":"Thomas","sameAs":["https:\/\/www.gaidaphotos.com","https:\/\/www.facebook.com\/gaidaphotos","https:\/\/instagram.com\/gaidaphotos\/","https:\/\/www.linkedin.com\/in\/gaidaphotos","http:\/\/www.pinterest.com\/gaidaphotos\/","https:\/\/x.com\/gaidaphotos","https:\/\/myspace.com\/gaidaphotos","https:\/\/www.youtube.com\/user\/gaidaphotos","https:\/\/gaidaphotos.tumblr.com\/"]}]}},"jetpack_publicize_connections":[],"jetpack_featured_media_url":"https:\/\/i0.wp.com\/www.gaidaphotos.com\/blog\/wp-content\/uploads\/2022\/03\/flohmarkt-troedelmarkt-ev-kirche-rodenkichen.jpg?fit=1024%2C1024&ssl=1","jetpack_sharing_enabled":true,"jetpack_likes_enabled":true,"jetpack-related-posts":[{"id":9802,"url":"https:\/\/www.gaidaphotos.com\/blog\/2017\/04\/25\/flohmarkt-der-ev-erloeserkirche-in-rodenkirchen\/","url_meta":{"origin":13082,"position":0},"title":"Flohmarkt der ev. Erl\u00f6serkirche in Rodenkirchen","author":"Thomas","date":"25. April 2017","format":false,"excerpt":"Fr\u00fchlingsflohmarkt der evangelischen Kirche in Rodenkirchen am 30. April 2017 Fr\u00fchlings-Flohmarkt der evangelischen Kirche in Rodenkirchen am 30.04.2017 mit tollen Schn\u00e4ppchen und Angeboten! Die Kleiderkammer der evangelischen Kirche in Rodenkirchen l\u00e4dt am letzten Sonntag im April wieder zu ihrem gro\u00dfen Flohmarkt im Fr\u00fchling. Im Fr\u00fchjahr wird aufger\u00e4umt, geputzt und Platz\u2026","rel":"","context":"In &quot;Flohmarkt\/Troedelmarkt&quot;","block_context":{"text":"Flohmarkt\/Troedelmarkt","link":"https:\/\/www.gaidaphotos.com\/blog\/category\/flohmarkttroedelmarkt-2\/"},"img":{"alt_text":"","src":"https:\/\/i0.wp.com\/www.gaidaphotos.com\/blog\/wp-content\/uploads\/ngg_featured\/flohmarkt-ev-kirche03.jpg?fit=1024%2C683&ssl=1&resize=350%2C200","width":350,"height":200,"srcset":"https:\/\/i0.wp.com\/www.gaidaphotos.com\/blog\/wp-content\/uploads\/ngg_featured\/flohmarkt-ev-kirche03.jpg?fit=1024%2C683&ssl=1&resize=350%2C200 1x, https:\/\/i0.wp.com\/www.gaidaphotos.com\/blog\/wp-content\/uploads\/ngg_featured\/flohmarkt-ev-kirche03.jpg?fit=1024%2C683&ssl=1&resize=525%2C300 1.5x, https:\/\/i0.wp.com\/www.gaidaphotos.com\/blog\/wp-content\/uploads\/ngg_featured\/flohmarkt-ev-kirche03.jpg?fit=1024%2C683&ssl=1&resize=700%2C400 2x"},"classes":[]},{"id":13153,"url":"https:\/\/www.gaidaphotos.com\/blog\/2022\/10\/17\/flohmarkt-der-ev-kirche-rodenkirchen-23-30-10-2022\/","url_meta":{"origin":13082,"position":1},"title":"Flohmarkt der ev. Kirche Rodenkirchen 23.\/30.10.2022","author":"Thomas","date":"17. Oktober 2022","format":false,"excerpt":"Es ist Herbst und der Flohmarkt der evangelischen Kirche in Rodenkirchen l\u00e4dt zum Weihnachtsschn\u00e4ppchen schnappen. Am 23.10.2022 findet der gro\u00dfe Flohmarkt mit Damen und Herren Bekleidung und Schuhen, Hausrat, B\u00fccher und jede Menge Tr\u00f6del statt. Eine Woche sp\u00e4ter k\u00f6nnen Sie dann den Kinderflohmarkt am 30.10.2022 besuchen.","rel":"","context":"In &quot;Flohmarkt\/Troedelmarkt&quot;","block_context":{"text":"Flohmarkt\/Troedelmarkt","link":"https:\/\/www.gaidaphotos.com\/blog\/category\/flohmarkttroedelmarkt-2\/"},"img":{"alt_text":"K\u00f6ln-Rodenkirchen Flohmarkt Tr\u00f6delmarkt","src":"https:\/\/i0.wp.com\/www.gaidaphotos.com\/blog\/wp-content\/uploads\/2010\/03\/flohmarkt-koeln-rodenkirchen-familientreffen.jpg?resize=350%2C200&ssl=1","width":350,"height":200},"classes":[]},{"id":13190,"url":"https:\/\/www.gaidaphotos.com\/blog\/2023\/04\/15\/flohmarkt-am-30-04-2023\/","url_meta":{"origin":13082,"position":2},"title":"Flohmarkt der ev. Kirche am 30. April 2023","author":"Thomas","date":"15. April 2023","format":false,"excerpt":"Du bist auf der Suche nach tollen Schn\u00e4ppchen und Angebote f\u00fcr Kleidung, Haushaltsw\u00e4sche, B\u00fccher und mehr? Dann besuche den Fr\u00fchlingsflohmarkt der evangelischen Kirche in Rodenkirchen am 30.04.2023! Hier gibt es alles, was das Herz begehrt, und das zu unschlagbaren Preisen. Verpasse nicht die Gelegenheit, ein Schn\u00e4ppchen zu ergattern und Gutes\u2026","rel":"","context":"In &quot;Flohmarkt\/Troedelmarkt&quot;","block_context":{"text":"Flohmarkt\/Troedelmarkt","link":"https:\/\/www.gaidaphotos.com\/blog\/category\/flohmarkttroedelmarkt-2\/"},"img":{"alt_text":"K\u00f6ln-Rodenkirchen Flohmarkt Tr\u00f6delmarkt","src":"https:\/\/i0.wp.com\/www.gaidaphotos.com\/blog\/wp-content\/uploads\/2010\/03\/flohmarkt-koeln-rodenkirchen-1.jpg?fit=460%2C307&ssl=1&resize=350%2C200","width":350,"height":200},"classes":[]},{"id":9860,"url":"https:\/\/www.gaidaphotos.com\/blog\/2017\/11\/01\/weihnachtsflohmarkt-der-ev-kirche\/","url_meta":{"origin":13082,"position":3},"title":"Weihnachtsflohmarkt der ev. Kirche","author":"Thomas","date":"1. November 2017","format":false,"excerpt":"Weihnachtsflohmarkt der evangelischen Kirche in Rodenkirchen am 12. November 2017 11:00-17:00h Weihnachtsflohmarkt der evangelischen Kirche in Rodenkirchen am 12.11.2017 mit tollen Schn\u00e4ppchen und Angeboten! Die Kleiderkammer der evangelischen Kirche in Rodenkirchen l\u00e4dt am 12.November 2017 wieder zu ihrem gro\u00dfen Weihnachtsflohmarkt. Jetzt k\u00f6nnen Sie Weihnachtsgeschenke oder Weihnachtsdekoration preiswert und in hoher\u2026","rel":"","context":"In &quot;Flohmarkt\/Troedelmarkt&quot;","block_context":{"text":"Flohmarkt\/Troedelmarkt","link":"https:\/\/www.gaidaphotos.com\/blog\/category\/flohmarkttroedelmarkt-2\/"},"img":{"alt_text":"","src":"https:\/\/i0.wp.com\/www.gaidaphotos.com\/blog\/wp-content\/uploads\/2017\/11\/flohmarkt-ev-kirche-rodenkirchen-02.jpg?fit=600%2C900&ssl=1&resize=350%2C200","width":350,"height":200,"srcset":"https:\/\/i0.wp.com\/www.gaidaphotos.com\/blog\/wp-content\/uploads\/2017\/11\/flohmarkt-ev-kirche-rodenkirchen-02.jpg?fit=600%2C900&ssl=1&resize=350%2C200 1x, https:\/\/i0.wp.com\/www.gaidaphotos.com\/blog\/wp-content\/uploads\/2017\/11\/flohmarkt-ev-kirche-rodenkirchen-02.jpg?fit=600%2C900&ssl=1&resize=525%2C300 1.5x"},"classes":[]},{"id":11561,"url":"https:\/\/www.gaidaphotos.com\/blog\/2019\/04\/06\/oster-flohmarkt-der-ev-kirche-in-rodenkirchen\/","url_meta":{"origin":13082,"position":4},"title":"Oster-Flohmarkt der ev. Kirche in Rodenkirchen","author":"Thomas","date":"6. April 2019","format":false,"excerpt":"Osterflohmarkt der evangelischen Kirche in Rodenkirchen am 14. April 2019 Am 14. April 2019 l\u00e4dt die evangelische Erl\u00f6serkirche in K\u00f6ln-Rodenkirchen wieder zum allj\u00e4hrlichen Fr\u00fchlingsflohmarkt. In diesem Jahr wieder mit extra Osterangeboten. Am Wochenende des 14. April 2019 ist in Rodenkirchen wieder viel los. Die 17. Kunstmeile endet mit einer Reihe\u2026","rel":"","context":"In &quot;Flohmarkt\/Troedelmarkt&quot;","block_context":{"text":"Flohmarkt\/Troedelmarkt","link":"https:\/\/www.gaidaphotos.com\/blog\/category\/flohmarkttroedelmarkt-2\/"},"img":{"alt_text":"","src":"https:\/\/i0.wp.com\/www.gaidaphotos.com\/blog\/wp-content\/uploads\/2019\/04\/flohmarkt-rodenkirchen-papagei-kleiderstange.jpg?fit=1024%2C1024&ssl=1&resize=350%2C200","width":350,"height":200,"srcset":"https:\/\/i0.wp.com\/www.gaidaphotos.com\/blog\/wp-content\/uploads\/2019\/04\/flohmarkt-rodenkirchen-papagei-kleiderstange.jpg?fit=1024%2C1024&ssl=1&resize=350%2C200 1x, https:\/\/i0.wp.com\/www.gaidaphotos.com\/blog\/wp-content\/uploads\/2019\/04\/flohmarkt-rodenkirchen-papagei-kleiderstange.jpg?fit=1024%2C1024&ssl=1&resize=525%2C300 1.5x, https:\/\/i0.wp.com\/www.gaidaphotos.com\/blog\/wp-content\/uploads\/2019\/04\/flohmarkt-rodenkirchen-papagei-kleiderstange.jpg?fit=1024%2C1024&ssl=1&resize=700%2C400 2x"},"classes":[]},{"id":3724,"url":"https:\/\/www.gaidaphotos.com\/blog\/2011\/10\/04\/flohmarkt-troedelmarkt-rodenkirchen-09-10-201\/","url_meta":{"origin":13082,"position":5},"title":"Flohmarkt-Tr\u00f6delmarkt der ev. Kirche Rodenkirchen 09.10.2011","author":"Thomas","date":"4. Oktober 2011","format":false,"excerpt":"Flohmarkt\/Tr\u00f6delmarkt der ev. Kirche Rodenkirchen 09.10.2011 Flohmarkt\/Tr\u00f6delmarkt der ev. Kirche Rodenkirchen 09.10.2011 Es ist wieder soweit! Der Flohmarkt der evangelischen Kirche in K\u00f6ln Rodenkirchen bietet seine Sch\u00e4tze den Besuchern. Hier finden Sie: Antiquit\u00e4ten Hausrat B\u00fccher Damenkleidung Herrenkleidung Kinderkleidung Schuhe Modeschmuck Dekoration Porzellan Geschirr Gl\u00e4ser Flohmarkt\/Tr\u00f6delmarkt der ev. Kirche Rodenkirchen 09.10.2011Flohmarkt\u2026","rel":"","context":"In &quot;K\u00f6ln Rodenkirchen Einkaufen&quot;","block_context":{"text":"K\u00f6ln Rodenkirchen Einkaufen","link":"https:\/\/www.gaidaphotos.com\/blog\/category\/koeln-rodenkirchen\/koeln-rodenkirchen-einkaufen\/"},"img":{"alt_text":"","src":"https:\/\/www.gaidaphotos.com\/blog\/wp-content\/uploads\/2020\/08\/nggallery_import\/62_","width":350,"height":200,"srcset":"https:\/\/www.gaidaphotos.com\/blog\/wp-content\/uploads\/2020\/08\/nggallery_import\/62_ 1x, https:\/\/www.gaidaphotos.com\/blog\/wp-content\/uploads\/2020\/08\/nggallery_import\/62_ 1.5x"},"classes":[]}],"_links":{"self":[{"href":"https:\/\/www.gaidaphotos.com\/blog\/wp-json\/wp\/v2\/posts\/13082","targetHints":{"allow":["GET"]}}],"collection":[{"href":"https:\/\/www.gaidaphotos.com\/blog\/wp-json\/wp\/v2\/posts"}],"about":[{"href":"https:\/\/www.gaidaphotos.com\/blog\/wp-json\/wp\/v2\/types\/post"}],"author":[{"embeddable":true,"href":"https:\/\/www.gaidaphotos.com\/blog\/wp-json\/wp\/v2\/users\/6"}],"replies":[{"embeddable":true,"href":"https:\/\/www.gaidaphotos.com\/blog\/wp-json\/wp\/v2\/comments?post=13082"}],"version-history":[{"count":0,"href":"https:\/\/www.gaidaphotos.com\/blog\/wp-json\/wp\/v2\/posts\/13082\/revisions"}],"wp:featuredmedia":[{"embeddable":true,"href":"https:\/\/www.gaidaphotos.com\/blog\/wp-json\/wp\/v2\/media\/13084"}],"wp:attachment":[{"href":"https:\/\/www.gaidaphotos.com\/blog\/wp-json\/wp\/v2\/media?parent=13082"}],"wp:term":[{"taxonomy":"category","embeddable":true,"href":"https:\/\/www.gaidaphotos.com\/blog\/wp-json\/wp\/v2\/categories?post=13082"},{"taxonomy":"post_tag","embeddable":true,"href":"https:\/\/www.gaidaphotos.com\/blog\/wp-json\/wp\/v2\/tags?post=13082"}],"curies":[{"name":"wp","href":"https:\/\/api.w.org\/{rel}","templated":true}]}}