{"id":1563,"date":"2009-06-19T11:48:27","date_gmt":"2009-06-19T10:48:27","guid":{"rendered":""},"modified":"2010-02-12T14:37:03","modified_gmt":"2010-02-12T13:37:03","slug":"rodenkirchener-sommertage-grose-ereignisse-werfen-ihre-schatten-voraus","status":"publish","type":"post","link":"https:\/\/www.gaidaphotos.com\/blog\/2009\/06\/19\/rodenkirchener-sommertage-grose-ereignisse-werfen-ihre-schatten-voraus\/","title":{"rendered":"Rodenkirchener Sommertage: Gro\u00dfe Ereignisse werfen ihre Schatten voraus"},"content":{"rendered":"<div class=\"Lifeblog_Posting\">\n<div class=\"Lifeblog_Resource\">\n<img data-recalc-dims=\"1\" decoding=\"async\" src=\"https:\/\/i0.wp.com\/www.gaidaphotos.com\/blog\/wp-content\/uploads\/lifeblog-19062009154.jpg?w=910&#038;ssl=1\" alt=\"Fr 19.06.2009 10:08 Rodenkirchener  Sommertage\" \/><\/div>\n<p>Morgen beginnen die Rodenkirchener Sommertage in K\u00f6ln Rodenkirchen. Schon heute wird auf dem Maternusplatz kr\u00e4ftig gewerkelt und aufgebaut. Morgen hei\u00dft es dann &#8222;Rodenkirchen im Hollywoodfieber&#8220;. Sonntag haben die Gesch\u00e4fte ge\u00f6ffnet in K\u00f6ln Rodenkirchen zu den Rodenkirchener Sommertagen.\n<\/p><\/div>\n","protected":false},"excerpt":{"rendered":"<p>Morgen beginnen die Rodenkirchener Sommertage in K\u00f6ln Rodenkirchen. Schon heute wird auf dem Maternusplatz kr\u00e4ftig gewerkelt und aufgebaut. Morgen hei\u00dft<\/p>\n","protected":false},"author":6,"featured_media":0,"comment_status":"open","ping_status":"open","sticky":false,"template":"","format":"standard","meta":{"_crdt_document":"","ngg_post_thumbnail":0,"jetpack_post_was_ever_published":false,"_jetpack_newsletter_access":"","_jetpack_dont_email_post_to_subs":false,"_jetpack_newsletter_tier_id":0,"_jetpack_memberships_contains_paywalled_content":false,"_jetpack_memberships_contains_paid_content":false,"footnotes":"","jetpack_publicize_message":"","jetpack_publicize_feature_enabled":true,"jetpack_social_post_already_shared":false,"jetpack_social_options":{"image_generator_settings":{"template":"highway","default_image_id":0,"font":"","enabled":false},"version":2}},"categories":[20,52,101],"tags":[102,538],"class_list":["post-1563","post","type-post","status-publish","format-standard","hentry","category-mobile_news_von_unterwegs-n95","category-koeln-rodenkirchen","category-koeln-rodenkirchen-freizeit","tag-freizeit","tag-koeln-rodenkirchen"],"yoast_head":"<!-- This site is optimized with the Yoast SEO plugin v27.5 - https:\/\/yoast.com\/product\/yoast-seo-wordpress\/ -->\n<title>Rodenkirchener Sommertage: Gro\u00dfe Ereignisse werfen ihre Schatten voraus - K\u00f6ln Rodenkirchen und die Welt<\/title>\n<meta name=\"robots\" content=\"index, follow, max-snippet:-1, max-image-preview:large, max-video-preview:-1\" \/>\n<link rel=\"canonical\" href=\"https:\/\/www.gaidaphotos.com\/blog\/2009\/06\/19\/rodenkirchener-sommertage-grose-ereignisse-werfen-ihre-schatten-voraus\/\" \/>\n<meta property=\"og:locale\" content=\"de_DE\" \/>\n<meta property=\"og:type\" content=\"article\" \/>\n<meta property=\"og:title\" content=\"Rodenkirchener Sommertage: Gro\u00dfe Ereignisse werfen ihre Schatten voraus - K\u00f6ln Rodenkirchen und die Welt\" \/>\n<meta property=\"og:description\" content=\"Morgen beginnen die Rodenkirchener Sommertage in K\u00f6ln Rodenkirchen. Schon heute wird auf dem Maternusplatz kr\u00e4ftig gewerkelt und aufgebaut. Morgen hei\u00dft\" \/>\n<meta property=\"og:url\" content=\"https:\/\/www.gaidaphotos.com\/blog\/2009\/06\/19\/rodenkirchener-sommertage-grose-ereignisse-werfen-ihre-schatten-voraus\/\" \/>\n<meta property=\"og:site_name\" content=\"K\u00f6ln Rodenkirchen und die Welt\" \/>\n<meta property=\"article:publisher\" content=\"https:\/\/www.facebook.com\/Koeln.Rodenkirchen\" \/>\n<meta property=\"article:author\" content=\"https:\/\/www.facebook.com\/gaidaphotos\" \/>\n<meta property=\"article:published_time\" content=\"2009-06-19T10:48:27+00:00\" \/>\n<meta property=\"article:modified_time\" content=\"2010-02-12T13:37:03+00:00\" \/>\n<meta property=\"og:image\" content=\"https:\/\/www.gaidaphotos.com\/blog\/wp-content\/uploads\/lifeblog-19062009154.jpg\" \/>\n<meta name=\"author\" content=\"Thomas\" \/>\n<meta name=\"twitter:card\" content=\"summary_large_image\" \/>\n<meta name=\"twitter:creator\" content=\"@gaidaphotos\" \/>\n<meta name=\"twitter:site\" content=\"@gaidaphotos\" \/>\n<meta name=\"twitter:label1\" content=\"Verfasst von\" \/>\n\t<meta name=\"twitter:data1\" content=\"Thomas\" \/>\n<script type=\"application\/ld+json\" class=\"yoast-schema-graph\">{\"@context\":\"https:\\\/\\\/schema.org\",\"@graph\":[{\"@type\":\"Article\",\"@id\":\"https:\\\/\\\/www.gaidaphotos.com\\\/blog\\\/2009\\\/06\\\/19\\\/rodenkirchener-sommertage-grose-ereignisse-werfen-ihre-schatten-voraus\\\/#article\",\"isPartOf\":{\"@id\":\"https:\\\/\\\/www.gaidaphotos.com\\\/blog\\\/2009\\\/06\\\/19\\\/rodenkirchener-sommertage-grose-ereignisse-werfen-ihre-schatten-voraus\\\/\"},\"author\":{\"name\":\"Thomas\",\"@id\":\"https:\\\/\\\/www.gaidaphotos.com\\\/blog\\\/#\\\/schema\\\/person\\\/6c444a5b13ffc503c5c32f5a9ec68b21\"},\"headline\":\"Rodenkirchener Sommertage: Gro\u00dfe Ereignisse werfen ihre Schatten voraus\",\"datePublished\":\"2009-06-19T10:48:27+00:00\",\"dateModified\":\"2010-02-12T13:37:03+00:00\",\"mainEntityOfPage\":{\"@id\":\"https:\\\/\\\/www.gaidaphotos.com\\\/blog\\\/2009\\\/06\\\/19\\\/rodenkirchener-sommertage-grose-ereignisse-werfen-ihre-schatten-voraus\\\/\"},\"wordCount\":52,\"commentCount\":0,\"publisher\":{\"@id\":\"https:\\\/\\\/www.gaidaphotos.com\\\/blog\\\/#organization\"},\"image\":{\"@id\":\"https:\\\/\\\/www.gaidaphotos.com\\\/blog\\\/2009\\\/06\\\/19\\\/rodenkirchener-sommertage-grose-ereignisse-werfen-ihre-schatten-voraus\\\/#primaryimage\"},\"thumbnailUrl\":\"https:\\\/\\\/www.gaidaphotos.com\\\/blog\\\/wp-content\\\/uploads\\\/lifeblog-19062009154.jpg\",\"keywords\":[\"Freizeit-Ideen\",\"K\u00f6ln Rodenkirchen\"],\"articleSection\":[\"17\",\"K\u00f6ln Rodenkirchen\",\"K\u00f6ln Rodenkirchen Freizeit\"],\"inLanguage\":\"de\",\"potentialAction\":[{\"@type\":\"CommentAction\",\"name\":\"Comment\",\"target\":[\"https:\\\/\\\/www.gaidaphotos.com\\\/blog\\\/2009\\\/06\\\/19\\\/rodenkirchener-sommertage-grose-ereignisse-werfen-ihre-schatten-voraus\\\/#respond\"]}]},{\"@type\":\"WebPage\",\"@id\":\"https:\\\/\\\/www.gaidaphotos.com\\\/blog\\\/2009\\\/06\\\/19\\\/rodenkirchener-sommertage-grose-ereignisse-werfen-ihre-schatten-voraus\\\/\",\"url\":\"https:\\\/\\\/www.gaidaphotos.com\\\/blog\\\/2009\\\/06\\\/19\\\/rodenkirchener-sommertage-grose-ereignisse-werfen-ihre-schatten-voraus\\\/\",\"name\":\"Rodenkirchener Sommertage: Gro\u00dfe Ereignisse werfen ihre Schatten voraus - K\u00f6ln Rodenkirchen und die Welt\",\"isPartOf\":{\"@id\":\"https:\\\/\\\/www.gaidaphotos.com\\\/blog\\\/#website\"},\"primaryImageOfPage\":{\"@id\":\"https:\\\/\\\/www.gaidaphotos.com\\\/blog\\\/2009\\\/06\\\/19\\\/rodenkirchener-sommertage-grose-ereignisse-werfen-ihre-schatten-voraus\\\/#primaryimage\"},\"image\":{\"@id\":\"https:\\\/\\\/www.gaidaphotos.com\\\/blog\\\/2009\\\/06\\\/19\\\/rodenkirchener-sommertage-grose-ereignisse-werfen-ihre-schatten-voraus\\\/#primaryimage\"},\"thumbnailUrl\":\"https:\\\/\\\/www.gaidaphotos.com\\\/blog\\\/wp-content\\\/uploads\\\/lifeblog-19062009154.jpg\",\"datePublished\":\"2009-06-19T10:48:27+00:00\",\"dateModified\":\"2010-02-12T13:37:03+00:00\",\"breadcrumb\":{\"@id\":\"https:\\\/\\\/www.gaidaphotos.com\\\/blog\\\/2009\\\/06\\\/19\\\/rodenkirchener-sommertage-grose-ereignisse-werfen-ihre-schatten-voraus\\\/#breadcrumb\"},\"inLanguage\":\"de\",\"potentialAction\":[{\"@type\":\"ReadAction\",\"target\":[\"https:\\\/\\\/www.gaidaphotos.com\\\/blog\\\/2009\\\/06\\\/19\\\/rodenkirchener-sommertage-grose-ereignisse-werfen-ihre-schatten-voraus\\\/\"]}]},{\"@type\":\"ImageObject\",\"inLanguage\":\"de\",\"@id\":\"https:\\\/\\\/www.gaidaphotos.com\\\/blog\\\/2009\\\/06\\\/19\\\/rodenkirchener-sommertage-grose-ereignisse-werfen-ihre-schatten-voraus\\\/#primaryimage\",\"url\":\"https:\\\/\\\/www.gaidaphotos.com\\\/blog\\\/wp-content\\\/uploads\\\/lifeblog-19062009154.jpg\",\"contentUrl\":\"https:\\\/\\\/www.gaidaphotos.com\\\/blog\\\/wp-content\\\/uploads\\\/lifeblog-19062009154.jpg\"},{\"@type\":\"BreadcrumbList\",\"@id\":\"https:\\\/\\\/www.gaidaphotos.com\\\/blog\\\/2009\\\/06\\\/19\\\/rodenkirchener-sommertage-grose-ereignisse-werfen-ihre-schatten-voraus\\\/#breadcrumb\",\"itemListElement\":[{\"@type\":\"ListItem\",\"position\":1,\"name\":\"Startseite\",\"item\":\"https:\\\/\\\/www.gaidaphotos.com\\\/blog\\\/\"},{\"@type\":\"ListItem\",\"position\":2,\"name\":\"Rodenkirchener Sommertage: Gro\u00dfe Ereignisse werfen ihre Schatten voraus\"}]},{\"@type\":\"WebSite\",\"@id\":\"https:\\\/\\\/www.gaidaphotos.com\\\/blog\\\/#website\",\"url\":\"https:\\\/\\\/www.gaidaphotos.com\\\/blog\\\/\",\"name\":\"K\u00f6ln Rodenkirchen und die Welt\",\"description\":\"Einkaufen, Restaurants, Freizeit, Nachrichten und was uns sonst bewegt und begegnet\",\"publisher\":{\"@id\":\"https:\\\/\\\/www.gaidaphotos.com\\\/blog\\\/#organization\"},\"potentialAction\":[{\"@type\":\"SearchAction\",\"target\":{\"@type\":\"EntryPoint\",\"urlTemplate\":\"https:\\\/\\\/www.gaidaphotos.com\\\/blog\\\/?s={search_term_string}\"},\"query-input\":{\"@type\":\"PropertyValueSpecification\",\"valueRequired\":true,\"valueName\":\"search_term_string\"}}],\"inLanguage\":\"de\"},{\"@type\":\"Organization\",\"@id\":\"https:\\\/\\\/www.gaidaphotos.com\\\/blog\\\/#organization\",\"name\":\"gaidaphotos\",\"url\":\"https:\\\/\\\/www.gaidaphotos.com\\\/blog\\\/\",\"logo\":{\"@type\":\"ImageObject\",\"inLanguage\":\"de\",\"@id\":\"https:\\\/\\\/www.gaidaphotos.com\\\/blog\\\/#\\\/schema\\\/logo\\\/image\\\/\",\"url\":\"https:\\\/\\\/i0.wp.com\\\/www.gaidaphotos.com\\\/blog\\\/wp-content\\\/uploads\\\/2020\\\/07\\\/GAIDAPHOTOS-COM.jpg?fit=160%2C96&ssl=1\",\"contentUrl\":\"https:\\\/\\\/i0.wp.com\\\/www.gaidaphotos.com\\\/blog\\\/wp-content\\\/uploads\\\/2020\\\/07\\\/GAIDAPHOTOS-COM.jpg?fit=160%2C96&ssl=1\",\"width\":160,\"height\":96,\"caption\":\"gaidaphotos\"},\"image\":{\"@id\":\"https:\\\/\\\/www.gaidaphotos.com\\\/blog\\\/#\\\/schema\\\/logo\\\/image\\\/\"},\"sameAs\":[\"https:\\\/\\\/www.facebook.com\\\/Koeln.Rodenkirchen\",\"https:\\\/\\\/x.com\\\/gaidaphotos\",\"https:\\\/\\\/instagram.com\\\/gaidaphotos\\\/\",\"https:\\\/\\\/de.linkedin.com\\\/in\\\/gaidaphotos\",\"https:\\\/\\\/myspace.com\\\/gaidaphotos\",\"https:\\\/\\\/www.pinterest.com\\\/gaidaphotos\\\/\",\"https:\\\/\\\/www.youtube.com\\\/user\\\/gaidaphotos\"]},{\"@type\":\"Person\",\"@id\":\"https:\\\/\\\/www.gaidaphotos.com\\\/blog\\\/#\\\/schema\\\/person\\\/6c444a5b13ffc503c5c32f5a9ec68b21\",\"name\":\"Thomas\",\"sameAs\":[\"https:\\\/\\\/www.gaidaphotos.com\",\"https:\\\/\\\/www.facebook.com\\\/gaidaphotos\",\"https:\\\/\\\/instagram.com\\\/gaidaphotos\\\/\",\"https:\\\/\\\/www.linkedin.com\\\/in\\\/gaidaphotos\",\"http:\\\/\\\/www.pinterest.com\\\/gaidaphotos\\\/\",\"https:\\\/\\\/x.com\\\/gaidaphotos\",\"https:\\\/\\\/myspace.com\\\/gaidaphotos\",\"https:\\\/\\\/www.youtube.com\\\/user\\\/gaidaphotos\",\"https:\\\/\\\/gaidaphotos.tumblr.com\\\/\"]}]}<\/script>\n<!-- \/ Yoast SEO plugin. -->","yoast_head_json":{"title":"Rodenkirchener Sommertage: Gro\u00dfe Ereignisse werfen ihre Schatten voraus - K\u00f6ln Rodenkirchen und die Welt","robots":{"index":"index","follow":"follow","max-snippet":"max-snippet:-1","max-image-preview":"max-image-preview:large","max-video-preview":"max-video-preview:-1"},"canonical":"https:\/\/www.gaidaphotos.com\/blog\/2009\/06\/19\/rodenkirchener-sommertage-grose-ereignisse-werfen-ihre-schatten-voraus\/","og_locale":"de_DE","og_type":"article","og_title":"Rodenkirchener Sommertage: Gro\u00dfe Ereignisse werfen ihre Schatten voraus - K\u00f6ln Rodenkirchen und die Welt","og_description":"Morgen beginnen die Rodenkirchener Sommertage in K\u00f6ln Rodenkirchen. Schon heute wird auf dem Maternusplatz kr\u00e4ftig gewerkelt und aufgebaut. Morgen hei\u00dft","og_url":"https:\/\/www.gaidaphotos.com\/blog\/2009\/06\/19\/rodenkirchener-sommertage-grose-ereignisse-werfen-ihre-schatten-voraus\/","og_site_name":"K\u00f6ln Rodenkirchen und die Welt","article_publisher":"https:\/\/www.facebook.com\/Koeln.Rodenkirchen","article_author":"https:\/\/www.facebook.com\/gaidaphotos","article_published_time":"2009-06-19T10:48:27+00:00","article_modified_time":"2010-02-12T13:37:03+00:00","og_image":[{"url":"https:\/\/www.gaidaphotos.com\/blog\/wp-content\/uploads\/lifeblog-19062009154.jpg","type":"","width":"","height":""}],"author":"Thomas","twitter_card":"summary_large_image","twitter_creator":"@gaidaphotos","twitter_site":"@gaidaphotos","twitter_misc":{"Verfasst von":"Thomas"},"schema":{"@context":"https:\/\/schema.org","@graph":[{"@type":"Article","@id":"https:\/\/www.gaidaphotos.com\/blog\/2009\/06\/19\/rodenkirchener-sommertage-grose-ereignisse-werfen-ihre-schatten-voraus\/#article","isPartOf":{"@id":"https:\/\/www.gaidaphotos.com\/blog\/2009\/06\/19\/rodenkirchener-sommertage-grose-ereignisse-werfen-ihre-schatten-voraus\/"},"author":{"name":"Thomas","@id":"https:\/\/www.gaidaphotos.com\/blog\/#\/schema\/person\/6c444a5b13ffc503c5c32f5a9ec68b21"},"headline":"Rodenkirchener Sommertage: Gro\u00dfe Ereignisse werfen ihre Schatten voraus","datePublished":"2009-06-19T10:48:27+00:00","dateModified":"2010-02-12T13:37:03+00:00","mainEntityOfPage":{"@id":"https:\/\/www.gaidaphotos.com\/blog\/2009\/06\/19\/rodenkirchener-sommertage-grose-ereignisse-werfen-ihre-schatten-voraus\/"},"wordCount":52,"commentCount":0,"publisher":{"@id":"https:\/\/www.gaidaphotos.com\/blog\/#organization"},"image":{"@id":"https:\/\/www.gaidaphotos.com\/blog\/2009\/06\/19\/rodenkirchener-sommertage-grose-ereignisse-werfen-ihre-schatten-voraus\/#primaryimage"},"thumbnailUrl":"https:\/\/www.gaidaphotos.com\/blog\/wp-content\/uploads\/lifeblog-19062009154.jpg","keywords":["Freizeit-Ideen","K\u00f6ln Rodenkirchen"],"articleSection":["17","K\u00f6ln Rodenkirchen","K\u00f6ln Rodenkirchen Freizeit"],"inLanguage":"de","potentialAction":[{"@type":"CommentAction","name":"Comment","target":["https:\/\/www.gaidaphotos.com\/blog\/2009\/06\/19\/rodenkirchener-sommertage-grose-ereignisse-werfen-ihre-schatten-voraus\/#respond"]}]},{"@type":"WebPage","@id":"https:\/\/www.gaidaphotos.com\/blog\/2009\/06\/19\/rodenkirchener-sommertage-grose-ereignisse-werfen-ihre-schatten-voraus\/","url":"https:\/\/www.gaidaphotos.com\/blog\/2009\/06\/19\/rodenkirchener-sommertage-grose-ereignisse-werfen-ihre-schatten-voraus\/","name":"Rodenkirchener Sommertage: Gro\u00dfe Ereignisse werfen ihre Schatten voraus - K\u00f6ln Rodenkirchen und die Welt","isPartOf":{"@id":"https:\/\/www.gaidaphotos.com\/blog\/#website"},"primaryImageOfPage":{"@id":"https:\/\/www.gaidaphotos.com\/blog\/2009\/06\/19\/rodenkirchener-sommertage-grose-ereignisse-werfen-ihre-schatten-voraus\/#primaryimage"},"image":{"@id":"https:\/\/www.gaidaphotos.com\/blog\/2009\/06\/19\/rodenkirchener-sommertage-grose-ereignisse-werfen-ihre-schatten-voraus\/#primaryimage"},"thumbnailUrl":"https:\/\/www.gaidaphotos.com\/blog\/wp-content\/uploads\/lifeblog-19062009154.jpg","datePublished":"2009-06-19T10:48:27+00:00","dateModified":"2010-02-12T13:37:03+00:00","breadcrumb":{"@id":"https:\/\/www.gaidaphotos.com\/blog\/2009\/06\/19\/rodenkirchener-sommertage-grose-ereignisse-werfen-ihre-schatten-voraus\/#breadcrumb"},"inLanguage":"de","potentialAction":[{"@type":"ReadAction","target":["https:\/\/www.gaidaphotos.com\/blog\/2009\/06\/19\/rodenkirchener-sommertage-grose-ereignisse-werfen-ihre-schatten-voraus\/"]}]},{"@type":"ImageObject","inLanguage":"de","@id":"https:\/\/www.gaidaphotos.com\/blog\/2009\/06\/19\/rodenkirchener-sommertage-grose-ereignisse-werfen-ihre-schatten-voraus\/#primaryimage","url":"https:\/\/www.gaidaphotos.com\/blog\/wp-content\/uploads\/lifeblog-19062009154.jpg","contentUrl":"https:\/\/www.gaidaphotos.com\/blog\/wp-content\/uploads\/lifeblog-19062009154.jpg"},{"@type":"BreadcrumbList","@id":"https:\/\/www.gaidaphotos.com\/blog\/2009\/06\/19\/rodenkirchener-sommertage-grose-ereignisse-werfen-ihre-schatten-voraus\/#breadcrumb","itemListElement":[{"@type":"ListItem","position":1,"name":"Startseite","item":"https:\/\/www.gaidaphotos.com\/blog\/"},{"@type":"ListItem","position":2,"name":"Rodenkirchener Sommertage: Gro\u00dfe Ereignisse werfen ihre Schatten voraus"}]},{"@type":"WebSite","@id":"https:\/\/www.gaidaphotos.com\/blog\/#website","url":"https:\/\/www.gaidaphotos.com\/blog\/","name":"K\u00f6ln Rodenkirchen und die Welt","description":"Einkaufen, Restaurants, Freizeit, Nachrichten und was uns sonst bewegt und begegnet","publisher":{"@id":"https:\/\/www.gaidaphotos.com\/blog\/#organization"},"potentialAction":[{"@type":"SearchAction","target":{"@type":"EntryPoint","urlTemplate":"https:\/\/www.gaidaphotos.com\/blog\/?s={search_term_string}"},"query-input":{"@type":"PropertyValueSpecification","valueRequired":true,"valueName":"search_term_string"}}],"inLanguage":"de"},{"@type":"Organization","@id":"https:\/\/www.gaidaphotos.com\/blog\/#organization","name":"gaidaphotos","url":"https:\/\/www.gaidaphotos.com\/blog\/","logo":{"@type":"ImageObject","inLanguage":"de","@id":"https:\/\/www.gaidaphotos.com\/blog\/#\/schema\/logo\/image\/","url":"https:\/\/i0.wp.com\/www.gaidaphotos.com\/blog\/wp-content\/uploads\/2020\/07\/GAIDAPHOTOS-COM.jpg?fit=160%2C96&ssl=1","contentUrl":"https:\/\/i0.wp.com\/www.gaidaphotos.com\/blog\/wp-content\/uploads\/2020\/07\/GAIDAPHOTOS-COM.jpg?fit=160%2C96&ssl=1","width":160,"height":96,"caption":"gaidaphotos"},"image":{"@id":"https:\/\/www.gaidaphotos.com\/blog\/#\/schema\/logo\/image\/"},"sameAs":["https:\/\/www.facebook.com\/Koeln.Rodenkirchen","https:\/\/x.com\/gaidaphotos","https:\/\/instagram.com\/gaidaphotos\/","https:\/\/de.linkedin.com\/in\/gaidaphotos","https:\/\/myspace.com\/gaidaphotos","https:\/\/www.pinterest.com\/gaidaphotos\/","https:\/\/www.youtube.com\/user\/gaidaphotos"]},{"@type":"Person","@id":"https:\/\/www.gaidaphotos.com\/blog\/#\/schema\/person\/6c444a5b13ffc503c5c32f5a9ec68b21","name":"Thomas","sameAs":["https:\/\/www.gaidaphotos.com","https:\/\/www.facebook.com\/gaidaphotos","https:\/\/instagram.com\/gaidaphotos\/","https:\/\/www.linkedin.com\/in\/gaidaphotos","http:\/\/www.pinterest.com\/gaidaphotos\/","https:\/\/x.com\/gaidaphotos","https:\/\/myspace.com\/gaidaphotos","https:\/\/www.youtube.com\/user\/gaidaphotos","https:\/\/gaidaphotos.tumblr.com\/"]}]}},"jetpack_publicize_connections":[],"jetpack_featured_media_url":"","jetpack_sharing_enabled":true,"jetpack_likes_enabled":true,"jetpack-related-posts":[{"id":730,"url":"https:\/\/www.gaidaphotos.com\/blog\/2009\/06\/15\/koeln-rodenkirchen-freizeit-sommertage-strassenfest\/","url_meta":{"origin":1563,"position":0},"title":"Koeln Rodenkirchen Freizeit: Sommertage Strassenfest","author":"Thomas","date":"15. Juni 2009","format":false,"excerpt":"Koeln Rodenkirchen Freizeit: Sommertage Strassenfest! Nicht vergessen! Am Wochenende ist in Koeln Rodenkirchen Strassenfest unter dem Motto \"Rodenkirchen im Hollywoodfieber\". Die Gesch\u00e4fte bieten Sonderangebote zum Einkaufen & Schlemmen zu Musik & Tanz.","rel":"","context":"In &quot;17&quot;","block_context":{"text":"17","link":"https:\/\/www.gaidaphotos.com\/blog\/category\/mobile_news_von_unterwegs\/mobile_news_von_unterwegs-n95\/"},"img":{"alt_text":"","src":"","width":0,"height":0},"classes":[]},{"id":742,"url":"https:\/\/www.gaidaphotos.com\/blog\/2009\/06\/18\/koeln-rodenkirchen-verkaufsoffener-sonntag-sommertag\/","url_meta":{"origin":1563,"position":1},"title":"K\u00f6ln Rodenkirchen Einkaufen: verkaufsoffener Sonntag w\u00e4hrend der Rodenkirchener Sommertage","author":"Thomas","date":"18. Juni 2009","format":false,"excerpt":"K\u00f6ln Rodenkirchen Einkaufen: verkaufsoffener Sonntag w\u00e4hrend der Rodenkirchener Sommertage Nicht vergessen! Am kommenden Wochenende ist in K\u00f6ln Rodenkirchen auf dem Maternusplatz Strassenfest. Das Motto der Rodenkirchener Sommertage lautet \"Rodenkirchen im Hollywoodfieber\". Dazu gibt es Schn\u00e4ppchen beim Einkaufen, Musik und Tanz. Der Sonntag ist verkaufsoffen und man kann feiern und shoppen.\u2026","rel":"","context":"In &quot;K\u00f6ln&quot;","block_context":{"text":"K\u00f6ln","link":"https:\/\/www.gaidaphotos.com\/blog\/category\/koeln\/"},"img":{"alt_text":"Maternusplatz - Schauplatz der Rodenkirchener Sommertage","src":"https:\/\/i0.wp.com\/www.gaidaphotos.com\/blog\/wp-content\/uploads\/2009\/06\/koeln-rodenkirchener-sommertage-300x225.jpg?resize=350%2C200&ssl=1","width":350,"height":200},"classes":[]},{"id":1684,"url":"https:\/\/www.gaidaphotos.com\/blog\/2009\/06\/19\/rodenkirchener-sommertage-fortschritt\/","url_meta":{"origin":1563,"position":2},"title":"Rodenkirchener Sommertage: Fortschritt!","author":"Thomas","date":"19. Juni 2009","format":false,"excerpt":"Das Stra\u00dfenfest in K\u00f6ln Rodenkirchen nimmt Formen an. Ob zum Einkaufen und\/oder Freizeit ist ab Samstag in K\u00f6ln Rodenkirchen Gelegenheit genug.Das Karussell, die B\u00fchne und Tische und St\u00fchle sind aufgebaut. Bierst\u00e4nde und \u00f6ffentliches WC ebenfalls. Jetzt kann`s losgehen. Rodenkirchen im Hollywoodfieber - Sa. So. 20.-21. Juni 2009 in K\u00f6ln Rodenkirchen.\u2026","rel":"","context":"In &quot;17&quot;","block_context":{"text":"17","link":"https:\/\/www.gaidaphotos.com\/blog\/category\/mobile_news_von_unterwegs\/mobile_news_von_unterwegs-n95\/"},"img":{"alt_text":"","src":"","width":0,"height":0},"classes":[]},{"id":669,"url":"https:\/\/www.gaidaphotos.com\/blog\/2009\/06\/03\/roedenkirchener-sommertage\/","url_meta":{"origin":1563,"position":3},"title":"K\u00f6ln-Rodenkirchen: Hollywood auf dem Maternusplatz?","author":"Thomas","date":"3. Juni 2009","format":false,"excerpt":"Rodenkirchener Sommertage? Rodenkirchener Sommertage 20. und 21. Juni 2009 Die allseits beliebten Rodenkirchener Sommertage finden in diesem Jahr zum ersten Mal, man k\u00f6nnte sagen endlich, auf dem Maternusplatz in K\u00f6ln Rodenkirchen statt. Bei ausreichender Beteiligung sind die Rodenkirchener Sommertage auch auf der Maternusstra\u00dfe, Wilhelmstra\u00dfe und Augustastra\u00dfe in K\u00f6ln Rodenkirchen zu\u2026","rel":"","context":"In &quot;K\u00f6ln Rodenkirchen Einkaufen&quot;","block_context":{"text":"K\u00f6ln Rodenkirchen Einkaufen","link":"https:\/\/www.gaidaphotos.com\/blog\/category\/koeln-rodenkirchen\/koeln-rodenkirchen-einkaufen\/"},"img":{"alt_text":"Rodenkirchener Sommertage","src":"https:\/\/i0.wp.com\/www.gaidaphotos.com\/blog\/wp-content\/uploads\/2009\/06\/hollywood-koeln-rodenkirchen-172x300.jpg?resize=350%2C200&ssl=1","width":350,"height":200},"classes":[]},{"id":1714,"url":"https:\/\/www.gaidaphotos.com\/blog\/2009\/06\/21\/koln-rodenkirchen-sommertage-alles-gut-und-noch-kein%c2%a0ende\/","url_meta":{"origin":1563,"position":4},"title":"K\u00f6ln Rodenkirchen Sommertage: Alles Gut und noch kein\u00a0Ende","author":"Thomas","date":"21. Juni 2009","format":false,"excerpt":"Die Rodenkirchener Sommertage sind in vollem Gang. Der Maternusplaty quillt fast \u00fcber vor freudigen Besuchern. Das sch\u00f6ne Wetter hat doch viele Besucher angelockt. Die Kammeroper hat uns vorz\u00fcglich unterhalten auch wenn die Bl\u00e4ser vor allem am\u00a0Anfang etwas \"gefordert\" warenNach dem Aufzug des Spielmannszugs ist jetzt eine kleine Pause bevor es\u2026","rel":"","context":"In &quot;17&quot;","block_context":{"text":"17","link":"https:\/\/www.gaidaphotos.com\/blog\/category\/mobile_news_von_unterwegs\/mobile_news_von_unterwegs-n95\/"},"img":{"alt_text":"","src":"","width":0,"height":0},"classes":[]},{"id":1716,"url":"https:\/\/www.gaidaphotos.com\/blog\/2009\/06\/21\/rodenkirchener-sommertage-mit-den-saftigen-seelen-abhotten\/","url_meta":{"origin":1563,"position":5},"title":"Rodenkirchener Sommertage: Mit den &#8222;saftigen Seelen&#8220; abhotten","author":"Thomas","date":"21. Juni 2009","format":false,"excerpt":"Die erfolgreichen Rodenkirchener Sommertage gehen mit den \"Juicy Souls\" (saftige Seelen) ihrem wohlverdienten Ende entgegen. Aber noch ist Zeit genug f\u00fcr ein K\u00f6lsch oder ein\u00a0Glas Wein zu Soul und Rock. Auf Wiedersehen im n\u00e4chsten\u00a0Jahr zu den Rodenkirchner Sommertagen 2010!","rel":"","context":"In &quot;17&quot;","block_context":{"text":"17","link":"https:\/\/www.gaidaphotos.com\/blog\/category\/mobile_news_von_unterwegs\/mobile_news_von_unterwegs-n95\/"},"img":{"alt_text":"","src":"","width":0,"height":0},"classes":[]}],"_links":{"self":[{"href":"https:\/\/www.gaidaphotos.com\/blog\/wp-json\/wp\/v2\/posts\/1563","targetHints":{"allow":["GET"]}}],"collection":[{"href":"https:\/\/www.gaidaphotos.com\/blog\/wp-json\/wp\/v2\/posts"}],"about":[{"href":"https:\/\/www.gaidaphotos.com\/blog\/wp-json\/wp\/v2\/types\/post"}],"author":[{"embeddable":true,"href":"https:\/\/www.gaidaphotos.com\/blog\/wp-json\/wp\/v2\/users\/6"}],"replies":[{"embeddable":true,"href":"https:\/\/www.gaidaphotos.com\/blog\/wp-json\/wp\/v2\/comments?post=1563"}],"version-history":[{"count":0,"href":"https:\/\/www.gaidaphotos.com\/blog\/wp-json\/wp\/v2\/posts\/1563\/revisions"}],"wp:attachment":[{"href":"https:\/\/www.gaidaphotos.com\/blog\/wp-json\/wp\/v2\/media?parent=1563"}],"wp:term":[{"taxonomy":"category","embeddable":true,"href":"https:\/\/www.gaidaphotos.com\/blog\/wp-json\/wp\/v2\/categories?post=1563"},{"taxonomy":"post_tag","embeddable":true,"href":"https:\/\/www.gaidaphotos.com\/blog\/wp-json\/wp\/v2\/tags?post=1563"}],"curies":[{"name":"wp","href":"https:\/\/api.w.org\/{rel}","templated":true}]}}