{"id":1684,"date":"2009-06-19T21:14:40","date_gmt":"2009-06-19T20:14:40","guid":{"rendered":""},"modified":"2010-02-12T14:37:00","modified_gmt":"2010-02-12T13:37:00","slug":"rodenkirchener-sommertage-fortschritt","status":"publish","type":"post","link":"https:\/\/www.gaidaphotos.com\/blog\/2009\/06\/19\/rodenkirchener-sommertage-fortschritt\/","title":{"rendered":"Rodenkirchener Sommertage: Fortschritt!"},"content":{"rendered":"<div class=\"Lifeblog_Posting\">\n<div class=\"Lifeblog_Resource\">\n<img data-recalc-dims=\"1\" decoding=\"async\" src=\"https:\/\/i0.wp.com\/www.gaidaphotos.com\/blog\/wp-content\/uploads\/lifeblog-19062009155.jpg?w=910&#038;ssl=1\" alt=\"Fr 19.06.2009 20:42 Rodenkirchener Sommertage\" \/><\/div>\n<p>Das Stra\u00dfenfest in K\u00f6ln Rodenkirchen nimmt Formen an. Ob zum Einkaufen und\/oder Freizeit ist ab Samstag in K\u00f6ln Rodenkirchen Gelegenheit genug.Das Karussell, die B\u00fchne und Tische und St\u00fchle sind aufgebaut. Bierst\u00e4nde und \u00f6ffentliches WC ebenfalls. Jetzt kann`s losgehen.<br \/>\nRodenkirchen im Hollywoodfieber &#8211; Sa. So. 20.-21. Juni 2009 in K\u00f6ln Rodenkirchen. Einkaufen in Rodenkirchen am Sonntag.\n<\/p><\/div>\n","protected":false},"excerpt":{"rendered":"<p>Das Stra\u00dfenfest in K\u00f6ln Rodenkirchen nimmt Formen an. Ob zum Einkaufen und\/oder Freizeit ist ab Samstag in K\u00f6ln Rodenkirchen Gelegenheit<\/p>\n","protected":false},"author":6,"featured_media":0,"comment_status":"open","ping_status":"open","sticky":false,"template":"","format":"standard","meta":{"_crdt_document":"","ngg_post_thumbnail":0,"jetpack_post_was_ever_published":false,"_jetpack_newsletter_access":"","_jetpack_dont_email_post_to_subs":false,"_jetpack_newsletter_tier_id":0,"_jetpack_memberships_contains_paywalled_content":false,"_jetpack_memberships_contains_paid_content":false,"footnotes":"","jetpack_publicize_message":"","jetpack_publicize_feature_enabled":true,"jetpack_social_post_already_shared":false,"jetpack_social_options":{"image_generator_settings":{"template":"highway","default_image_id":0,"font":"","enabled":false},"version":2}},"categories":[20,52,89,101],"tags":[102,538],"class_list":["post-1684","post","type-post","status-publish","format-standard","hentry","category-mobile_news_von_unterwegs-n95","category-koeln-rodenkirchen","category-koeln-rodenkirchen-einkaufen","category-koeln-rodenkirchen-freizeit","tag-freizeit","tag-koeln-rodenkirchen"],"yoast_head":"<!-- This site is optimized with the Yoast SEO plugin v27.5 - https:\/\/yoast.com\/product\/yoast-seo-wordpress\/ -->\n<title>Rodenkirchener Sommertage: Fortschritt! - K\u00f6ln Rodenkirchen und die Welt<\/title>\n<meta name=\"robots\" content=\"index, follow, max-snippet:-1, max-image-preview:large, max-video-preview:-1\" \/>\n<link rel=\"canonical\" href=\"https:\/\/www.gaidaphotos.com\/blog\/2009\/06\/19\/rodenkirchener-sommertage-fortschritt\/\" \/>\n<meta property=\"og:locale\" content=\"de_DE\" \/>\n<meta property=\"og:type\" content=\"article\" \/>\n<meta property=\"og:title\" content=\"Rodenkirchener Sommertage: Fortschritt! - K\u00f6ln Rodenkirchen und die Welt\" \/>\n<meta property=\"og:description\" content=\"Das Stra\u00dfenfest in K\u00f6ln Rodenkirchen nimmt Formen an. Ob zum Einkaufen und\/oder Freizeit ist ab Samstag in K\u00f6ln Rodenkirchen Gelegenheit\" \/>\n<meta property=\"og:url\" content=\"https:\/\/www.gaidaphotos.com\/blog\/2009\/06\/19\/rodenkirchener-sommertage-fortschritt\/\" \/>\n<meta property=\"og:site_name\" content=\"K\u00f6ln Rodenkirchen und die Welt\" \/>\n<meta property=\"article:publisher\" content=\"https:\/\/www.facebook.com\/Koeln.Rodenkirchen\" \/>\n<meta property=\"article:author\" content=\"https:\/\/www.facebook.com\/gaidaphotos\" \/>\n<meta property=\"article:published_time\" content=\"2009-06-19T20:14:40+00:00\" \/>\n<meta property=\"article:modified_time\" content=\"2010-02-12T13:37:00+00:00\" \/>\n<meta property=\"og:image\" content=\"https:\/\/www.gaidaphotos.com\/blog\/wp-content\/uploads\/lifeblog-19062009155.jpg\" \/>\n<meta name=\"author\" content=\"Thomas\" \/>\n<meta name=\"twitter:card\" content=\"summary_large_image\" \/>\n<meta name=\"twitter:creator\" content=\"@gaidaphotos\" \/>\n<meta name=\"twitter:site\" content=\"@gaidaphotos\" \/>\n<meta name=\"twitter:label1\" content=\"Verfasst von\" \/>\n\t<meta name=\"twitter:data1\" content=\"Thomas\" \/>\n<script type=\"application\/ld+json\" class=\"yoast-schema-graph\">{\"@context\":\"https:\\\/\\\/schema.org\",\"@graph\":[{\"@type\":\"Article\",\"@id\":\"https:\\\/\\\/www.gaidaphotos.com\\\/blog\\\/2009\\\/06\\\/19\\\/rodenkirchener-sommertage-fortschritt\\\/#article\",\"isPartOf\":{\"@id\":\"https:\\\/\\\/www.gaidaphotos.com\\\/blog\\\/2009\\\/06\\\/19\\\/rodenkirchener-sommertage-fortschritt\\\/\"},\"author\":{\"name\":\"Thomas\",\"@id\":\"https:\\\/\\\/www.gaidaphotos.com\\\/blog\\\/#\\\/schema\\\/person\\\/6c444a5b13ffc503c5c32f5a9ec68b21\"},\"headline\":\"Rodenkirchener Sommertage: Fortschritt!\",\"datePublished\":\"2009-06-19T20:14:40+00:00\",\"dateModified\":\"2010-02-12T13:37:00+00:00\",\"mainEntityOfPage\":{\"@id\":\"https:\\\/\\\/www.gaidaphotos.com\\\/blog\\\/2009\\\/06\\\/19\\\/rodenkirchener-sommertage-fortschritt\\\/\"},\"wordCount\":67,\"commentCount\":0,\"publisher\":{\"@id\":\"https:\\\/\\\/www.gaidaphotos.com\\\/blog\\\/#organization\"},\"image\":{\"@id\":\"https:\\\/\\\/www.gaidaphotos.com\\\/blog\\\/2009\\\/06\\\/19\\\/rodenkirchener-sommertage-fortschritt\\\/#primaryimage\"},\"thumbnailUrl\":\"https:\\\/\\\/www.gaidaphotos.com\\\/blog\\\/wp-content\\\/uploads\\\/lifeblog-19062009155.jpg\",\"keywords\":[\"Freizeit-Ideen\",\"K\u00f6ln Rodenkirchen\"],\"articleSection\":[\"17\",\"K\u00f6ln Rodenkirchen\",\"K\u00f6ln Rodenkirchen Einkaufen\",\"K\u00f6ln Rodenkirchen Freizeit\"],\"inLanguage\":\"de\",\"potentialAction\":[{\"@type\":\"CommentAction\",\"name\":\"Comment\",\"target\":[\"https:\\\/\\\/www.gaidaphotos.com\\\/blog\\\/2009\\\/06\\\/19\\\/rodenkirchener-sommertage-fortschritt\\\/#respond\"]}]},{\"@type\":\"WebPage\",\"@id\":\"https:\\\/\\\/www.gaidaphotos.com\\\/blog\\\/2009\\\/06\\\/19\\\/rodenkirchener-sommertage-fortschritt\\\/\",\"url\":\"https:\\\/\\\/www.gaidaphotos.com\\\/blog\\\/2009\\\/06\\\/19\\\/rodenkirchener-sommertage-fortschritt\\\/\",\"name\":\"Rodenkirchener Sommertage: Fortschritt! - K\u00f6ln Rodenkirchen und die Welt\",\"isPartOf\":{\"@id\":\"https:\\\/\\\/www.gaidaphotos.com\\\/blog\\\/#website\"},\"primaryImageOfPage\":{\"@id\":\"https:\\\/\\\/www.gaidaphotos.com\\\/blog\\\/2009\\\/06\\\/19\\\/rodenkirchener-sommertage-fortschritt\\\/#primaryimage\"},\"image\":{\"@id\":\"https:\\\/\\\/www.gaidaphotos.com\\\/blog\\\/2009\\\/06\\\/19\\\/rodenkirchener-sommertage-fortschritt\\\/#primaryimage\"},\"thumbnailUrl\":\"https:\\\/\\\/www.gaidaphotos.com\\\/blog\\\/wp-content\\\/uploads\\\/lifeblog-19062009155.jpg\",\"datePublished\":\"2009-06-19T20:14:40+00:00\",\"dateModified\":\"2010-02-12T13:37:00+00:00\",\"breadcrumb\":{\"@id\":\"https:\\\/\\\/www.gaidaphotos.com\\\/blog\\\/2009\\\/06\\\/19\\\/rodenkirchener-sommertage-fortschritt\\\/#breadcrumb\"},\"inLanguage\":\"de\",\"potentialAction\":[{\"@type\":\"ReadAction\",\"target\":[\"https:\\\/\\\/www.gaidaphotos.com\\\/blog\\\/2009\\\/06\\\/19\\\/rodenkirchener-sommertage-fortschritt\\\/\"]}]},{\"@type\":\"ImageObject\",\"inLanguage\":\"de\",\"@id\":\"https:\\\/\\\/www.gaidaphotos.com\\\/blog\\\/2009\\\/06\\\/19\\\/rodenkirchener-sommertage-fortschritt\\\/#primaryimage\",\"url\":\"https:\\\/\\\/www.gaidaphotos.com\\\/blog\\\/wp-content\\\/uploads\\\/lifeblog-19062009155.jpg\",\"contentUrl\":\"https:\\\/\\\/www.gaidaphotos.com\\\/blog\\\/wp-content\\\/uploads\\\/lifeblog-19062009155.jpg\"},{\"@type\":\"BreadcrumbList\",\"@id\":\"https:\\\/\\\/www.gaidaphotos.com\\\/blog\\\/2009\\\/06\\\/19\\\/rodenkirchener-sommertage-fortschritt\\\/#breadcrumb\",\"itemListElement\":[{\"@type\":\"ListItem\",\"position\":1,\"name\":\"Startseite\",\"item\":\"https:\\\/\\\/www.gaidaphotos.com\\\/blog\\\/\"},{\"@type\":\"ListItem\",\"position\":2,\"name\":\"Rodenkirchener Sommertage: Fortschritt!\"}]},{\"@type\":\"WebSite\",\"@id\":\"https:\\\/\\\/www.gaidaphotos.com\\\/blog\\\/#website\",\"url\":\"https:\\\/\\\/www.gaidaphotos.com\\\/blog\\\/\",\"name\":\"K\u00f6ln Rodenkirchen und die Welt\",\"description\":\"Einkaufen, Restaurants, Freizeit, Nachrichten und was uns sonst bewegt und begegnet\",\"publisher\":{\"@id\":\"https:\\\/\\\/www.gaidaphotos.com\\\/blog\\\/#organization\"},\"potentialAction\":[{\"@type\":\"SearchAction\",\"target\":{\"@type\":\"EntryPoint\",\"urlTemplate\":\"https:\\\/\\\/www.gaidaphotos.com\\\/blog\\\/?s={search_term_string}\"},\"query-input\":{\"@type\":\"PropertyValueSpecification\",\"valueRequired\":true,\"valueName\":\"search_term_string\"}}],\"inLanguage\":\"de\"},{\"@type\":\"Organization\",\"@id\":\"https:\\\/\\\/www.gaidaphotos.com\\\/blog\\\/#organization\",\"name\":\"gaidaphotos\",\"url\":\"https:\\\/\\\/www.gaidaphotos.com\\\/blog\\\/\",\"logo\":{\"@type\":\"ImageObject\",\"inLanguage\":\"de\",\"@id\":\"https:\\\/\\\/www.gaidaphotos.com\\\/blog\\\/#\\\/schema\\\/logo\\\/image\\\/\",\"url\":\"https:\\\/\\\/i0.wp.com\\\/www.gaidaphotos.com\\\/blog\\\/wp-content\\\/uploads\\\/2020\\\/07\\\/GAIDAPHOTOS-COM.jpg?fit=160%2C96&ssl=1\",\"contentUrl\":\"https:\\\/\\\/i0.wp.com\\\/www.gaidaphotos.com\\\/blog\\\/wp-content\\\/uploads\\\/2020\\\/07\\\/GAIDAPHOTOS-COM.jpg?fit=160%2C96&ssl=1\",\"width\":160,\"height\":96,\"caption\":\"gaidaphotos\"},\"image\":{\"@id\":\"https:\\\/\\\/www.gaidaphotos.com\\\/blog\\\/#\\\/schema\\\/logo\\\/image\\\/\"},\"sameAs\":[\"https:\\\/\\\/www.facebook.com\\\/Koeln.Rodenkirchen\",\"https:\\\/\\\/x.com\\\/gaidaphotos\",\"https:\\\/\\\/instagram.com\\\/gaidaphotos\\\/\",\"https:\\\/\\\/de.linkedin.com\\\/in\\\/gaidaphotos\",\"https:\\\/\\\/myspace.com\\\/gaidaphotos\",\"https:\\\/\\\/www.pinterest.com\\\/gaidaphotos\\\/\",\"https:\\\/\\\/www.youtube.com\\\/user\\\/gaidaphotos\"]},{\"@type\":\"Person\",\"@id\":\"https:\\\/\\\/www.gaidaphotos.com\\\/blog\\\/#\\\/schema\\\/person\\\/6c444a5b13ffc503c5c32f5a9ec68b21\",\"name\":\"Thomas\",\"sameAs\":[\"https:\\\/\\\/www.gaidaphotos.com\",\"https:\\\/\\\/www.facebook.com\\\/gaidaphotos\",\"https:\\\/\\\/instagram.com\\\/gaidaphotos\\\/\",\"https:\\\/\\\/www.linkedin.com\\\/in\\\/gaidaphotos\",\"http:\\\/\\\/www.pinterest.com\\\/gaidaphotos\\\/\",\"https:\\\/\\\/x.com\\\/gaidaphotos\",\"https:\\\/\\\/myspace.com\\\/gaidaphotos\",\"https:\\\/\\\/www.youtube.com\\\/user\\\/gaidaphotos\",\"https:\\\/\\\/gaidaphotos.tumblr.com\\\/\"]}]}<\/script>\n<!-- \/ Yoast SEO plugin. -->","yoast_head_json":{"title":"Rodenkirchener Sommertage: Fortschritt! - K\u00f6ln Rodenkirchen und die Welt","robots":{"index":"index","follow":"follow","max-snippet":"max-snippet:-1","max-image-preview":"max-image-preview:large","max-video-preview":"max-video-preview:-1"},"canonical":"https:\/\/www.gaidaphotos.com\/blog\/2009\/06\/19\/rodenkirchener-sommertage-fortschritt\/","og_locale":"de_DE","og_type":"article","og_title":"Rodenkirchener Sommertage: Fortschritt! - K\u00f6ln Rodenkirchen und die Welt","og_description":"Das Stra\u00dfenfest in K\u00f6ln Rodenkirchen nimmt Formen an. Ob zum Einkaufen und\/oder Freizeit ist ab Samstag in K\u00f6ln Rodenkirchen Gelegenheit","og_url":"https:\/\/www.gaidaphotos.com\/blog\/2009\/06\/19\/rodenkirchener-sommertage-fortschritt\/","og_site_name":"K\u00f6ln Rodenkirchen und die Welt","article_publisher":"https:\/\/www.facebook.com\/Koeln.Rodenkirchen","article_author":"https:\/\/www.facebook.com\/gaidaphotos","article_published_time":"2009-06-19T20:14:40+00:00","article_modified_time":"2010-02-12T13:37:00+00:00","og_image":[{"url":"https:\/\/www.gaidaphotos.com\/blog\/wp-content\/uploads\/lifeblog-19062009155.jpg","type":"","width":"","height":""}],"author":"Thomas","twitter_card":"summary_large_image","twitter_creator":"@gaidaphotos","twitter_site":"@gaidaphotos","twitter_misc":{"Verfasst von":"Thomas"},"schema":{"@context":"https:\/\/schema.org","@graph":[{"@type":"Article","@id":"https:\/\/www.gaidaphotos.com\/blog\/2009\/06\/19\/rodenkirchener-sommertage-fortschritt\/#article","isPartOf":{"@id":"https:\/\/www.gaidaphotos.com\/blog\/2009\/06\/19\/rodenkirchener-sommertage-fortschritt\/"},"author":{"name":"Thomas","@id":"https:\/\/www.gaidaphotos.com\/blog\/#\/schema\/person\/6c444a5b13ffc503c5c32f5a9ec68b21"},"headline":"Rodenkirchener Sommertage: Fortschritt!","datePublished":"2009-06-19T20:14:40+00:00","dateModified":"2010-02-12T13:37:00+00:00","mainEntityOfPage":{"@id":"https:\/\/www.gaidaphotos.com\/blog\/2009\/06\/19\/rodenkirchener-sommertage-fortschritt\/"},"wordCount":67,"commentCount":0,"publisher":{"@id":"https:\/\/www.gaidaphotos.com\/blog\/#organization"},"image":{"@id":"https:\/\/www.gaidaphotos.com\/blog\/2009\/06\/19\/rodenkirchener-sommertage-fortschritt\/#primaryimage"},"thumbnailUrl":"https:\/\/www.gaidaphotos.com\/blog\/wp-content\/uploads\/lifeblog-19062009155.jpg","keywords":["Freizeit-Ideen","K\u00f6ln Rodenkirchen"],"articleSection":["17","K\u00f6ln Rodenkirchen","K\u00f6ln Rodenkirchen Einkaufen","K\u00f6ln Rodenkirchen Freizeit"],"inLanguage":"de","potentialAction":[{"@type":"CommentAction","name":"Comment","target":["https:\/\/www.gaidaphotos.com\/blog\/2009\/06\/19\/rodenkirchener-sommertage-fortschritt\/#respond"]}]},{"@type":"WebPage","@id":"https:\/\/www.gaidaphotos.com\/blog\/2009\/06\/19\/rodenkirchener-sommertage-fortschritt\/","url":"https:\/\/www.gaidaphotos.com\/blog\/2009\/06\/19\/rodenkirchener-sommertage-fortschritt\/","name":"Rodenkirchener Sommertage: Fortschritt! - K\u00f6ln Rodenkirchen und die Welt","isPartOf":{"@id":"https:\/\/www.gaidaphotos.com\/blog\/#website"},"primaryImageOfPage":{"@id":"https:\/\/www.gaidaphotos.com\/blog\/2009\/06\/19\/rodenkirchener-sommertage-fortschritt\/#primaryimage"},"image":{"@id":"https:\/\/www.gaidaphotos.com\/blog\/2009\/06\/19\/rodenkirchener-sommertage-fortschritt\/#primaryimage"},"thumbnailUrl":"https:\/\/www.gaidaphotos.com\/blog\/wp-content\/uploads\/lifeblog-19062009155.jpg","datePublished":"2009-06-19T20:14:40+00:00","dateModified":"2010-02-12T13:37:00+00:00","breadcrumb":{"@id":"https:\/\/www.gaidaphotos.com\/blog\/2009\/06\/19\/rodenkirchener-sommertage-fortschritt\/#breadcrumb"},"inLanguage":"de","potentialAction":[{"@type":"ReadAction","target":["https:\/\/www.gaidaphotos.com\/blog\/2009\/06\/19\/rodenkirchener-sommertage-fortschritt\/"]}]},{"@type":"ImageObject","inLanguage":"de","@id":"https:\/\/www.gaidaphotos.com\/blog\/2009\/06\/19\/rodenkirchener-sommertage-fortschritt\/#primaryimage","url":"https:\/\/www.gaidaphotos.com\/blog\/wp-content\/uploads\/lifeblog-19062009155.jpg","contentUrl":"https:\/\/www.gaidaphotos.com\/blog\/wp-content\/uploads\/lifeblog-19062009155.jpg"},{"@type":"BreadcrumbList","@id":"https:\/\/www.gaidaphotos.com\/blog\/2009\/06\/19\/rodenkirchener-sommertage-fortschritt\/#breadcrumb","itemListElement":[{"@type":"ListItem","position":1,"name":"Startseite","item":"https:\/\/www.gaidaphotos.com\/blog\/"},{"@type":"ListItem","position":2,"name":"Rodenkirchener Sommertage: Fortschritt!"}]},{"@type":"WebSite","@id":"https:\/\/www.gaidaphotos.com\/blog\/#website","url":"https:\/\/www.gaidaphotos.com\/blog\/","name":"K\u00f6ln Rodenkirchen und die Welt","description":"Einkaufen, Restaurants, Freizeit, Nachrichten und was uns sonst bewegt und begegnet","publisher":{"@id":"https:\/\/www.gaidaphotos.com\/blog\/#organization"},"potentialAction":[{"@type":"SearchAction","target":{"@type":"EntryPoint","urlTemplate":"https:\/\/www.gaidaphotos.com\/blog\/?s={search_term_string}"},"query-input":{"@type":"PropertyValueSpecification","valueRequired":true,"valueName":"search_term_string"}}],"inLanguage":"de"},{"@type":"Organization","@id":"https:\/\/www.gaidaphotos.com\/blog\/#organization","name":"gaidaphotos","url":"https:\/\/www.gaidaphotos.com\/blog\/","logo":{"@type":"ImageObject","inLanguage":"de","@id":"https:\/\/www.gaidaphotos.com\/blog\/#\/schema\/logo\/image\/","url":"https:\/\/i0.wp.com\/www.gaidaphotos.com\/blog\/wp-content\/uploads\/2020\/07\/GAIDAPHOTOS-COM.jpg?fit=160%2C96&ssl=1","contentUrl":"https:\/\/i0.wp.com\/www.gaidaphotos.com\/blog\/wp-content\/uploads\/2020\/07\/GAIDAPHOTOS-COM.jpg?fit=160%2C96&ssl=1","width":160,"height":96,"caption":"gaidaphotos"},"image":{"@id":"https:\/\/www.gaidaphotos.com\/blog\/#\/schema\/logo\/image\/"},"sameAs":["https:\/\/www.facebook.com\/Koeln.Rodenkirchen","https:\/\/x.com\/gaidaphotos","https:\/\/instagram.com\/gaidaphotos\/","https:\/\/de.linkedin.com\/in\/gaidaphotos","https:\/\/myspace.com\/gaidaphotos","https:\/\/www.pinterest.com\/gaidaphotos\/","https:\/\/www.youtube.com\/user\/gaidaphotos"]},{"@type":"Person","@id":"https:\/\/www.gaidaphotos.com\/blog\/#\/schema\/person\/6c444a5b13ffc503c5c32f5a9ec68b21","name":"Thomas","sameAs":["https:\/\/www.gaidaphotos.com","https:\/\/www.facebook.com\/gaidaphotos","https:\/\/instagram.com\/gaidaphotos\/","https:\/\/www.linkedin.com\/in\/gaidaphotos","http:\/\/www.pinterest.com\/gaidaphotos\/","https:\/\/x.com\/gaidaphotos","https:\/\/myspace.com\/gaidaphotos","https:\/\/www.youtube.com\/user\/gaidaphotos","https:\/\/gaidaphotos.tumblr.com\/"]}]}},"jetpack_publicize_connections":[],"jetpack_featured_media_url":"","jetpack_sharing_enabled":true,"jetpack_likes_enabled":true,"jetpack-related-posts":[{"id":730,"url":"https:\/\/www.gaidaphotos.com\/blog\/2009\/06\/15\/koeln-rodenkirchen-freizeit-sommertage-strassenfest\/","url_meta":{"origin":1684,"position":0},"title":"Koeln Rodenkirchen Freizeit: Sommertage Strassenfest","author":"Thomas","date":"15. Juni 2009","format":false,"excerpt":"Koeln Rodenkirchen Freizeit: Sommertage Strassenfest! Nicht vergessen! Am Wochenende ist in Koeln Rodenkirchen Strassenfest unter dem Motto \"Rodenkirchen im Hollywoodfieber\". Die Gesch\u00e4fte bieten Sonderangebote zum Einkaufen & Schlemmen zu Musik & Tanz.","rel":"","context":"In &quot;17&quot;","block_context":{"text":"17","link":"https:\/\/www.gaidaphotos.com\/blog\/category\/mobile_news_von_unterwegs\/mobile_news_von_unterwegs-n95\/"},"img":{"alt_text":"","src":"","width":0,"height":0},"classes":[]},{"id":742,"url":"https:\/\/www.gaidaphotos.com\/blog\/2009\/06\/18\/koeln-rodenkirchen-verkaufsoffener-sonntag-sommertag\/","url_meta":{"origin":1684,"position":1},"title":"K\u00f6ln Rodenkirchen Einkaufen: verkaufsoffener Sonntag w\u00e4hrend der Rodenkirchener Sommertage","author":"Thomas","date":"18. Juni 2009","format":false,"excerpt":"K\u00f6ln Rodenkirchen Einkaufen: verkaufsoffener Sonntag w\u00e4hrend der Rodenkirchener Sommertage Nicht vergessen! Am kommenden Wochenende ist in K\u00f6ln Rodenkirchen auf dem Maternusplatz Strassenfest. Das Motto der Rodenkirchener Sommertage lautet \"Rodenkirchen im Hollywoodfieber\". Dazu gibt es Schn\u00e4ppchen beim Einkaufen, Musik und Tanz. Der Sonntag ist verkaufsoffen und man kann feiern und shoppen.\u2026","rel":"","context":"In &quot;K\u00f6ln&quot;","block_context":{"text":"K\u00f6ln","link":"https:\/\/www.gaidaphotos.com\/blog\/category\/koeln\/"},"img":{"alt_text":"Maternusplatz - Schauplatz der Rodenkirchener Sommertage","src":"https:\/\/i0.wp.com\/www.gaidaphotos.com\/blog\/wp-content\/uploads\/2009\/06\/koeln-rodenkirchener-sommertage-300x225.jpg?resize=350%2C200&ssl=1","width":350,"height":200},"classes":[]},{"id":1698,"url":"https:\/\/www.gaidaphotos.com\/blog\/2009\/06\/21\/koln-rodenkirchen-strassenfest-einkaufen-juwelier-eupen-ladt-heute-ein-foto\/","url_meta":{"origin":1684,"position":2},"title":"K\u00f6ln Rodenkirchen Strassenfest Einkaufen: Juwelier Eupen l\u00e4dt heute ein (Foto)","author":"Thomas","date":"21. Juni 2009","format":false,"excerpt":"Juwelier Eupen, K\u00f6ln Rodenkirchen Maternusplatz l\u00e4dt heute ein zu Sekt und K\u00f6lsch. Feiern Sie mit uns das Rodenkirchener Stra\u00dfenfest und shoppen Sie Schn\u00e4ppchen bei Juwelier Eupen und anderen Rodenkirchener Gesch\u00e4ften. Mittlerweile scheint auch die Sonne.","rel":"","context":"In &quot;17&quot;","block_context":{"text":"17","link":"https:\/\/www.gaidaphotos.com\/blog\/category\/mobile_news_von_unterwegs\/mobile_news_von_unterwegs-n95\/"},"img":{"alt_text":"","src":"","width":0,"height":0},"classes":[]},{"id":2125,"url":"https:\/\/www.gaidaphotos.com\/blog\/2009\/09\/24\/koln-rodenkirchen-einkaufen-flohmarkt-in-surth\/","url_meta":{"origin":1684,"position":3},"title":"K\u00f6ln Rodenkirchen Einkaufen: Flohmarkt in S\u00fcrth","author":"Thomas","date":"24. September 2009","format":false,"excerpt":"Einkauftipp f\u00fcr K\u00f6ln\u00a0Rodenkirchen: Flohmarkt der evangelischen Kirchengemeinde am 3.10.09 von 10-13h. Der Flohmarkt in K\u00f6ln\u00a0Rodenkirchen \"lebt\" vom guten Angebot in K\u00f6ln Rodenkirchen. So finden sich g\u00fcnstige Designer Klamotten ebenso wie ausgefallene Einrichtung. Notieren und nicht verpassen: K\u00f6ln Rodenkirchen Einkaufen: Flohmarkt in S\u00fcrth","rel":"","context":"In &quot;17&quot;","block_context":{"text":"17","link":"https:\/\/www.gaidaphotos.com\/blog\/category\/mobile_news_von_unterwegs\/mobile_news_von_unterwegs-n95\/"},"img":{"alt_text":"","src":"","width":0,"height":0},"classes":[]},{"id":2304,"url":"https:\/\/www.gaidaphotos.com\/blog\/2009\/12\/06\/koeln-rodenkirchen-verkaufsoffener-sonntag-nikolaus-grosses-programm\/","url_meta":{"origin":1684,"position":4},"title":"K\u00f6ln-Rodenkirchen: verkaufsoffener Sonntag &#8211; Nikolaus &#038; grosses B\u00fchnenprogramm","author":"Thomas","date":"6. Dezember 2009","format":false,"excerpt":"K\u00f6ln-Rodenkirchen: verkaufsoffener Sonntag - Nikolaus & grosses B\u00fchnenprogramm Auch in diesem Advent kommt der Nikolaus nach K\u00f6ln Rodenkirchen auf den Maternusplatz. Die Rodenkirchener feiern auch in diesem Jahr Nikolaus und Advent mit einem grossen B\u00fchnenprogramm auf dem Maternusplatz. Die Gesch\u00e4fte in K\u00f6ln Rodenkirchen haben daf\u00fcr von 12:00 bis 19:00h am\u2026","rel":"","context":"In &quot;K\u00f6ln Rodenkirchen&quot;","block_context":{"text":"K\u00f6ln Rodenkirchen","link":"https:\/\/www.gaidaphotos.com\/blog\/category\/koeln-rodenkirchen\/"},"img":{"alt_text":"","src":"https:\/\/i0.wp.com\/www.gaidaphotos.com\/blog\/wp-content\/uploads\/2009\/12\/koeln-rodenkirchen-verkaufsoffener-sonntag-03.jpg?resize=350%2C200&ssl=1","width":350,"height":200},"classes":[]},{"id":151,"url":"https:\/\/www.gaidaphotos.com\/blog\/2009\/02\/25\/strassen-karneval-rodenkirchen\/","url_meta":{"origin":1684,"position":5},"title":"Bilder vom Strassen-Karneval in K\u00f6ln Rodenkirchen","author":"Thomas","date":"25. Februar 2009","format":false,"excerpt":"Hier gibt es die ersten Fotos vom Veedelszoch am Sonntag. Eindr\u00fccke, Bilder, Fotos vom Strassen-Karneval in Rodenkirchen. Flickr Album Strassen-Karneval in K\u00f6ln Rodenkirchen\/ Strassen-Karneval in K\u00f6ln Rodenkirchen als RSS abonnieren. Webshots: Strassen-karneval in Rodenkirchen by gaidaphotos Picasa: Karneval in Rodenkirchen 3mol Rudekirche Alaaf!","rel":"","context":"In &quot;K\u00f6ln Rodenkirchen&quot;","block_context":{"text":"K\u00f6ln Rodenkirchen","link":"https:\/\/www.gaidaphotos.com\/blog\/category\/koeln-rodenkirchen\/"},"img":{"alt_text":"","src":"","width":0,"height":0},"classes":[]}],"_links":{"self":[{"href":"https:\/\/www.gaidaphotos.com\/blog\/wp-json\/wp\/v2\/posts\/1684","targetHints":{"allow":["GET"]}}],"collection":[{"href":"https:\/\/www.gaidaphotos.com\/blog\/wp-json\/wp\/v2\/posts"}],"about":[{"href":"https:\/\/www.gaidaphotos.com\/blog\/wp-json\/wp\/v2\/types\/post"}],"author":[{"embeddable":true,"href":"https:\/\/www.gaidaphotos.com\/blog\/wp-json\/wp\/v2\/users\/6"}],"replies":[{"embeddable":true,"href":"https:\/\/www.gaidaphotos.com\/blog\/wp-json\/wp\/v2\/comments?post=1684"}],"version-history":[{"count":0,"href":"https:\/\/www.gaidaphotos.com\/blog\/wp-json\/wp\/v2\/posts\/1684\/revisions"}],"wp:attachment":[{"href":"https:\/\/www.gaidaphotos.com\/blog\/wp-json\/wp\/v2\/media?parent=1684"}],"wp:term":[{"taxonomy":"category","embeddable":true,"href":"https:\/\/www.gaidaphotos.com\/blog\/wp-json\/wp\/v2\/categories?post=1684"},{"taxonomy":"post_tag","embeddable":true,"href":"https:\/\/www.gaidaphotos.com\/blog\/wp-json\/wp\/v2\/tags?post=1684"}],"curies":[{"name":"wp","href":"https:\/\/api.w.org\/{rel}","templated":true}]}}