{"id":1919,"date":"2009-07-08T15:51:03","date_gmt":"2009-07-08T14:51:03","guid":{"rendered":"http:\/\/gaidaphotos.com\/blog\/?p=1919"},"modified":"2012-07-18T11:09:44","modified_gmt":"2012-07-18T09:09:44","slug":"nachtrag","status":"publish","type":"post","link":"https:\/\/www.gaidaphotos.com\/blog\/2009\/07\/08\/nachtrag\/","title":{"rendered":"K\u00f6ln Rodenkirchen &#8211; Stra\u00dfenfest: Nachtrag"},"content":{"rendered":"<div id=\"attachment_1920\" class=\"wp-caption alignleft\" style=\"width: 260px;\"> <img data-recalc-dims=\"1\" loading=\"lazy\" decoding=\"async\" class=\"size-medium wp-image-1920 alignleft\" style=\"margin: 5px;\" title=\"K\u00f6n-Rodenkirchen \/ Hollywood\" src=\"https:\/\/i0.wp.com\/www.gaidaphotos.com\/blog\/wp-content\/uploads\/2009\/07\/postie-media-300x225.jpg?resize=300%2C225&#038;ssl=1\" alt=\"K\u00f6n-Rodenkirchen \/ Hollywood\" width=\"300\" height=\"225\" srcset=\"https:\/\/i0.wp.com\/www.gaidaphotos.com\/blog\/wp-content\/uploads\/2009\/07\/postie-media.jpeg?resize=300%2C225&amp;ssl=1 300w, https:\/\/i0.wp.com\/www.gaidaphotos.com\/blog\/wp-content\/uploads\/2009\/07\/postie-media.jpeg?resize=1024%2C768&amp;ssl=1 1024w, https:\/\/i0.wp.com\/www.gaidaphotos.com\/blog\/wp-content\/uploads\/2009\/07\/postie-media.jpeg?w=1820&amp;ssl=1 1820w\" sizes=\"auto, (max-width: 300px) 100vw, 300px\" \/> <\/p>\n<p class=\"wp-caption-text\">\n<\/div>\n<p>Das gelungene Stra\u00dfenfest in Rodenkirchen ist schon ein paar Tage vorbei. Wir teilen jetzt noch mit Euch die &#8222;Hollywoodsterne&#8220;, die auf die Stra\u00dfe gespr\u00fcht wurden. Getreu dem Thema &#8222;Hollywoodfieber in Rodenkirchen&#8220; wurden diese Sterne verspr\u00fcht. Erinnern mich ja ein bi\u00dfchen an die kommunistischen Flaggen, so in dunkelgelb.<\/p>\n","protected":false},"excerpt":{"rendered":"<p>Das gelungene Stra\u00dfenfest in Rodenkirchen ist schon ein paar Tage vorbei. Wir teilen jetzt noch mit Euch die &#8222;Hollywoodsterne&#8220;, die<\/p>\n","protected":false},"author":8,"featured_media":0,"comment_status":"open","ping_status":"open","sticky":false,"template":"","format":"standard","meta":{"_crdt_document":"","ngg_post_thumbnail":0,"jetpack_post_was_ever_published":false,"_jetpack_newsletter_access":"","_jetpack_dont_email_post_to_subs":false,"_jetpack_newsletter_tier_id":0,"_jetpack_memberships_contains_paywalled_content":false,"_jetpack_memberships_contains_paid_content":false,"footnotes":"","jetpack_publicize_message":"","jetpack_publicize_feature_enabled":true,"jetpack_social_post_already_shared":false,"jetpack_social_options":{"image_generator_settings":{"template":"highway","default_image_id":0,"font":"","enabled":false},"version":2}},"categories":[20,52,101,18],"tags":[102,538],"class_list":["post-1919","post","type-post","status-publish","format-standard","hentry","category-mobile_news_von_unterwegs-n95","category-koeln-rodenkirchen","category-koeln-rodenkirchen-freizeit","category-mobile_news_von_unterwegs","tag-freizeit","tag-koeln-rodenkirchen"],"yoast_head":"<!-- This site is optimized with the Yoast SEO plugin v27.5 - https:\/\/yoast.com\/product\/yoast-seo-wordpress\/ -->\n<title>K\u00f6ln Rodenkirchen - Stra\u00dfenfest: Nachtrag<\/title>\n<meta name=\"description\" content=\"Das gelungene Stra\u00dfenfest in Rodenkirchen ist schon ein paar Tage vorbei. Wir teilen jetzt noch mit Euch die &quot;Hollywoodsterne&quot;, die auf die Stra\u00dfe gespr\u00fcht wurden. (Foto)\" \/>\n<meta name=\"robots\" content=\"index, follow, max-snippet:-1, max-image-preview:large, max-video-preview:-1\" \/>\n<link rel=\"canonical\" href=\"https:\/\/www.gaidaphotos.com\/blog\/2009\/07\/08\/nachtrag\/\" \/>\n<meta property=\"og:locale\" content=\"de_DE\" \/>\n<meta property=\"og:type\" content=\"article\" \/>\n<meta property=\"og:title\" content=\"K\u00f6ln Rodenkirchen - Stra\u00dfenfest: Nachtrag\" \/>\n<meta property=\"og:description\" content=\"Das gelungene Stra\u00dfenfest in Rodenkirchen ist schon ein paar Tage vorbei. Wir teilen jetzt noch mit Euch die &quot;Hollywoodsterne&quot;, die auf die Stra\u00dfe gespr\u00fcht wurden. (Foto)\" \/>\n<meta property=\"og:url\" content=\"https:\/\/www.gaidaphotos.com\/blog\/2009\/07\/08\/nachtrag\/\" \/>\n<meta property=\"og:site_name\" content=\"K\u00f6ln Rodenkirchen und die Welt\" \/>\n<meta property=\"article:publisher\" content=\"https:\/\/www.facebook.com\/Koeln.Rodenkirchen\" \/>\n<meta property=\"article:published_time\" content=\"2009-07-08T14:51:03+00:00\" \/>\n<meta property=\"article:modified_time\" content=\"2012-07-18T09:09:44+00:00\" \/>\n<meta property=\"og:image\" content=\"https:\/\/www.gaidaphotos.com\/blog\/wp-content\/uploads\/2009\/07\/postie-media-300x225.jpg\" \/>\n<meta name=\"author\" content=\"01726903617@vodafone.de\" \/>\n<meta name=\"twitter:card\" content=\"summary_large_image\" \/>\n<meta name=\"twitter:creator\" content=\"@gaidaphotos\" \/>\n<meta name=\"twitter:site\" content=\"@gaidaphotos\" \/>\n<meta name=\"twitter:label1\" content=\"Verfasst von\" \/>\n\t<meta name=\"twitter:data1\" content=\"01726903617@vodafone.de\" \/>\n<script type=\"application\/ld+json\" class=\"yoast-schema-graph\">{\"@context\":\"https:\\\/\\\/schema.org\",\"@graph\":[{\"@type\":\"Article\",\"@id\":\"https:\\\/\\\/www.gaidaphotos.com\\\/blog\\\/2009\\\/07\\\/08\\\/nachtrag\\\/#article\",\"isPartOf\":{\"@id\":\"https:\\\/\\\/www.gaidaphotos.com\\\/blog\\\/2009\\\/07\\\/08\\\/nachtrag\\\/\"},\"author\":{\"name\":\"01726903617@vodafone.de\",\"@id\":\"https:\\\/\\\/www.gaidaphotos.com\\\/blog\\\/#\\\/schema\\\/person\\\/6d217e6d00c8ff987b02c6b51e92eec9\"},\"headline\":\"K\u00f6ln Rodenkirchen &#8211; Stra\u00dfenfest: Nachtrag\",\"datePublished\":\"2009-07-08T14:51:03+00:00\",\"dateModified\":\"2012-07-18T09:09:44+00:00\",\"mainEntityOfPage\":{\"@id\":\"https:\\\/\\\/www.gaidaphotos.com\\\/blog\\\/2009\\\/07\\\/08\\\/nachtrag\\\/\"},\"wordCount\":59,\"commentCount\":0,\"publisher\":{\"@id\":\"https:\\\/\\\/www.gaidaphotos.com\\\/blog\\\/#organization\"},\"image\":{\"@id\":\"https:\\\/\\\/www.gaidaphotos.com\\\/blog\\\/2009\\\/07\\\/08\\\/nachtrag\\\/#primaryimage\"},\"thumbnailUrl\":\"https:\\\/\\\/www.gaidaphotos.com\\\/blog\\\/wp-content\\\/uploads\\\/2009\\\/07\\\/postie-media-300x225.jpg\",\"keywords\":[\"Freizeit-Ideen\",\"K\u00f6ln Rodenkirchen\"],\"articleSection\":[\"17\",\"K\u00f6ln Rodenkirchen\",\"K\u00f6ln Rodenkirchen Freizeit\",\"Mobil\"],\"inLanguage\":\"de\",\"potentialAction\":[{\"@type\":\"CommentAction\",\"name\":\"Comment\",\"target\":[\"https:\\\/\\\/www.gaidaphotos.com\\\/blog\\\/2009\\\/07\\\/08\\\/nachtrag\\\/#respond\"]}]},{\"@type\":\"WebPage\",\"@id\":\"https:\\\/\\\/www.gaidaphotos.com\\\/blog\\\/2009\\\/07\\\/08\\\/nachtrag\\\/\",\"url\":\"https:\\\/\\\/www.gaidaphotos.com\\\/blog\\\/2009\\\/07\\\/08\\\/nachtrag\\\/\",\"name\":\"K\u00f6ln Rodenkirchen - Stra\u00dfenfest: Nachtrag\",\"isPartOf\":{\"@id\":\"https:\\\/\\\/www.gaidaphotos.com\\\/blog\\\/#website\"},\"primaryImageOfPage\":{\"@id\":\"https:\\\/\\\/www.gaidaphotos.com\\\/blog\\\/2009\\\/07\\\/08\\\/nachtrag\\\/#primaryimage\"},\"image\":{\"@id\":\"https:\\\/\\\/www.gaidaphotos.com\\\/blog\\\/2009\\\/07\\\/08\\\/nachtrag\\\/#primaryimage\"},\"thumbnailUrl\":\"https:\\\/\\\/www.gaidaphotos.com\\\/blog\\\/wp-content\\\/uploads\\\/2009\\\/07\\\/postie-media-300x225.jpg\",\"datePublished\":\"2009-07-08T14:51:03+00:00\",\"dateModified\":\"2012-07-18T09:09:44+00:00\",\"description\":\"Das gelungene Stra\u00dfenfest in Rodenkirchen ist schon ein paar Tage vorbei. Wir teilen jetzt noch mit Euch die \\\"Hollywoodsterne\\\", die auf die Stra\u00dfe gespr\u00fcht wurden. (Foto)\",\"breadcrumb\":{\"@id\":\"https:\\\/\\\/www.gaidaphotos.com\\\/blog\\\/2009\\\/07\\\/08\\\/nachtrag\\\/#breadcrumb\"},\"inLanguage\":\"de\",\"potentialAction\":[{\"@type\":\"ReadAction\",\"target\":[\"https:\\\/\\\/www.gaidaphotos.com\\\/blog\\\/2009\\\/07\\\/08\\\/nachtrag\\\/\"]}]},{\"@type\":\"ImageObject\",\"inLanguage\":\"de\",\"@id\":\"https:\\\/\\\/www.gaidaphotos.com\\\/blog\\\/2009\\\/07\\\/08\\\/nachtrag\\\/#primaryimage\",\"url\":\"https:\\\/\\\/www.gaidaphotos.com\\\/blog\\\/wp-content\\\/uploads\\\/2009\\\/07\\\/postie-media-300x225.jpg\",\"contentUrl\":\"https:\\\/\\\/www.gaidaphotos.com\\\/blog\\\/wp-content\\\/uploads\\\/2009\\\/07\\\/postie-media-300x225.jpg\"},{\"@type\":\"BreadcrumbList\",\"@id\":\"https:\\\/\\\/www.gaidaphotos.com\\\/blog\\\/2009\\\/07\\\/08\\\/nachtrag\\\/#breadcrumb\",\"itemListElement\":[{\"@type\":\"ListItem\",\"position\":1,\"name\":\"Startseite\",\"item\":\"https:\\\/\\\/www.gaidaphotos.com\\\/blog\\\/\"},{\"@type\":\"ListItem\",\"position\":2,\"name\":\"K\u00f6ln Rodenkirchen &#8211; Stra\u00dfenfest: Nachtrag\"}]},{\"@type\":\"WebSite\",\"@id\":\"https:\\\/\\\/www.gaidaphotos.com\\\/blog\\\/#website\",\"url\":\"https:\\\/\\\/www.gaidaphotos.com\\\/blog\\\/\",\"name\":\"K\u00f6ln Rodenkirchen und die Welt\",\"description\":\"Einkaufen, Restaurants, Freizeit, Nachrichten und was uns sonst bewegt und begegnet\",\"publisher\":{\"@id\":\"https:\\\/\\\/www.gaidaphotos.com\\\/blog\\\/#organization\"},\"potentialAction\":[{\"@type\":\"SearchAction\",\"target\":{\"@type\":\"EntryPoint\",\"urlTemplate\":\"https:\\\/\\\/www.gaidaphotos.com\\\/blog\\\/?s={search_term_string}\"},\"query-input\":{\"@type\":\"PropertyValueSpecification\",\"valueRequired\":true,\"valueName\":\"search_term_string\"}}],\"inLanguage\":\"de\"},{\"@type\":\"Organization\",\"@id\":\"https:\\\/\\\/www.gaidaphotos.com\\\/blog\\\/#organization\",\"name\":\"gaidaphotos\",\"url\":\"https:\\\/\\\/www.gaidaphotos.com\\\/blog\\\/\",\"logo\":{\"@type\":\"ImageObject\",\"inLanguage\":\"de\",\"@id\":\"https:\\\/\\\/www.gaidaphotos.com\\\/blog\\\/#\\\/schema\\\/logo\\\/image\\\/\",\"url\":\"https:\\\/\\\/i0.wp.com\\\/www.gaidaphotos.com\\\/blog\\\/wp-content\\\/uploads\\\/2020\\\/07\\\/GAIDAPHOTOS-COM.jpg?fit=160%2C96&ssl=1\",\"contentUrl\":\"https:\\\/\\\/i0.wp.com\\\/www.gaidaphotos.com\\\/blog\\\/wp-content\\\/uploads\\\/2020\\\/07\\\/GAIDAPHOTOS-COM.jpg?fit=160%2C96&ssl=1\",\"width\":160,\"height\":96,\"caption\":\"gaidaphotos\"},\"image\":{\"@id\":\"https:\\\/\\\/www.gaidaphotos.com\\\/blog\\\/#\\\/schema\\\/logo\\\/image\\\/\"},\"sameAs\":[\"https:\\\/\\\/www.facebook.com\\\/Koeln.Rodenkirchen\",\"https:\\\/\\\/x.com\\\/gaidaphotos\",\"https:\\\/\\\/instagram.com\\\/gaidaphotos\\\/\",\"https:\\\/\\\/de.linkedin.com\\\/in\\\/gaidaphotos\",\"https:\\\/\\\/myspace.com\\\/gaidaphotos\",\"https:\\\/\\\/www.pinterest.com\\\/gaidaphotos\\\/\",\"https:\\\/\\\/www.youtube.com\\\/user\\\/gaidaphotos\"]},{\"@type\":\"Person\",\"@id\":\"https:\\\/\\\/www.gaidaphotos.com\\\/blog\\\/#\\\/schema\\\/person\\\/6d217e6d00c8ff987b02c6b51e92eec9\",\"name\":\"01726903617@vodafone.de\"}]}<\/script>\n<!-- \/ Yoast SEO plugin. -->","yoast_head_json":{"title":"K\u00f6ln Rodenkirchen - Stra\u00dfenfest: Nachtrag","description":"Das gelungene Stra\u00dfenfest in Rodenkirchen ist schon ein paar Tage vorbei. Wir teilen jetzt noch mit Euch die \"Hollywoodsterne\", die auf die Stra\u00dfe gespr\u00fcht wurden. (Foto)","robots":{"index":"index","follow":"follow","max-snippet":"max-snippet:-1","max-image-preview":"max-image-preview:large","max-video-preview":"max-video-preview:-1"},"canonical":"https:\/\/www.gaidaphotos.com\/blog\/2009\/07\/08\/nachtrag\/","og_locale":"de_DE","og_type":"article","og_title":"K\u00f6ln Rodenkirchen - Stra\u00dfenfest: Nachtrag","og_description":"Das gelungene Stra\u00dfenfest in Rodenkirchen ist schon ein paar Tage vorbei. Wir teilen jetzt noch mit Euch die \"Hollywoodsterne\", die auf die Stra\u00dfe gespr\u00fcht wurden. (Foto)","og_url":"https:\/\/www.gaidaphotos.com\/blog\/2009\/07\/08\/nachtrag\/","og_site_name":"K\u00f6ln Rodenkirchen und die Welt","article_publisher":"https:\/\/www.facebook.com\/Koeln.Rodenkirchen","article_published_time":"2009-07-08T14:51:03+00:00","article_modified_time":"2012-07-18T09:09:44+00:00","og_image":[{"url":"https:\/\/www.gaidaphotos.com\/blog\/wp-content\/uploads\/2009\/07\/postie-media-300x225.jpg","type":"","width":"","height":""}],"author":"01726903617@vodafone.de","twitter_card":"summary_large_image","twitter_creator":"@gaidaphotos","twitter_site":"@gaidaphotos","twitter_misc":{"Verfasst von":"01726903617@vodafone.de"},"schema":{"@context":"https:\/\/schema.org","@graph":[{"@type":"Article","@id":"https:\/\/www.gaidaphotos.com\/blog\/2009\/07\/08\/nachtrag\/#article","isPartOf":{"@id":"https:\/\/www.gaidaphotos.com\/blog\/2009\/07\/08\/nachtrag\/"},"author":{"name":"01726903617@vodafone.de","@id":"https:\/\/www.gaidaphotos.com\/blog\/#\/schema\/person\/6d217e6d00c8ff987b02c6b51e92eec9"},"headline":"K\u00f6ln Rodenkirchen &#8211; Stra\u00dfenfest: Nachtrag","datePublished":"2009-07-08T14:51:03+00:00","dateModified":"2012-07-18T09:09:44+00:00","mainEntityOfPage":{"@id":"https:\/\/www.gaidaphotos.com\/blog\/2009\/07\/08\/nachtrag\/"},"wordCount":59,"commentCount":0,"publisher":{"@id":"https:\/\/www.gaidaphotos.com\/blog\/#organization"},"image":{"@id":"https:\/\/www.gaidaphotos.com\/blog\/2009\/07\/08\/nachtrag\/#primaryimage"},"thumbnailUrl":"https:\/\/www.gaidaphotos.com\/blog\/wp-content\/uploads\/2009\/07\/postie-media-300x225.jpg","keywords":["Freizeit-Ideen","K\u00f6ln Rodenkirchen"],"articleSection":["17","K\u00f6ln Rodenkirchen","K\u00f6ln Rodenkirchen Freizeit","Mobil"],"inLanguage":"de","potentialAction":[{"@type":"CommentAction","name":"Comment","target":["https:\/\/www.gaidaphotos.com\/blog\/2009\/07\/08\/nachtrag\/#respond"]}]},{"@type":"WebPage","@id":"https:\/\/www.gaidaphotos.com\/blog\/2009\/07\/08\/nachtrag\/","url":"https:\/\/www.gaidaphotos.com\/blog\/2009\/07\/08\/nachtrag\/","name":"K\u00f6ln Rodenkirchen - Stra\u00dfenfest: Nachtrag","isPartOf":{"@id":"https:\/\/www.gaidaphotos.com\/blog\/#website"},"primaryImageOfPage":{"@id":"https:\/\/www.gaidaphotos.com\/blog\/2009\/07\/08\/nachtrag\/#primaryimage"},"image":{"@id":"https:\/\/www.gaidaphotos.com\/blog\/2009\/07\/08\/nachtrag\/#primaryimage"},"thumbnailUrl":"https:\/\/www.gaidaphotos.com\/blog\/wp-content\/uploads\/2009\/07\/postie-media-300x225.jpg","datePublished":"2009-07-08T14:51:03+00:00","dateModified":"2012-07-18T09:09:44+00:00","description":"Das gelungene Stra\u00dfenfest in Rodenkirchen ist schon ein paar Tage vorbei. Wir teilen jetzt noch mit Euch die \"Hollywoodsterne\", die auf die Stra\u00dfe gespr\u00fcht wurden. (Foto)","breadcrumb":{"@id":"https:\/\/www.gaidaphotos.com\/blog\/2009\/07\/08\/nachtrag\/#breadcrumb"},"inLanguage":"de","potentialAction":[{"@type":"ReadAction","target":["https:\/\/www.gaidaphotos.com\/blog\/2009\/07\/08\/nachtrag\/"]}]},{"@type":"ImageObject","inLanguage":"de","@id":"https:\/\/www.gaidaphotos.com\/blog\/2009\/07\/08\/nachtrag\/#primaryimage","url":"https:\/\/www.gaidaphotos.com\/blog\/wp-content\/uploads\/2009\/07\/postie-media-300x225.jpg","contentUrl":"https:\/\/www.gaidaphotos.com\/blog\/wp-content\/uploads\/2009\/07\/postie-media-300x225.jpg"},{"@type":"BreadcrumbList","@id":"https:\/\/www.gaidaphotos.com\/blog\/2009\/07\/08\/nachtrag\/#breadcrumb","itemListElement":[{"@type":"ListItem","position":1,"name":"Startseite","item":"https:\/\/www.gaidaphotos.com\/blog\/"},{"@type":"ListItem","position":2,"name":"K\u00f6ln Rodenkirchen &#8211; Stra\u00dfenfest: Nachtrag"}]},{"@type":"WebSite","@id":"https:\/\/www.gaidaphotos.com\/blog\/#website","url":"https:\/\/www.gaidaphotos.com\/blog\/","name":"K\u00f6ln Rodenkirchen und die Welt","description":"Einkaufen, Restaurants, Freizeit, Nachrichten und was uns sonst bewegt und begegnet","publisher":{"@id":"https:\/\/www.gaidaphotos.com\/blog\/#organization"},"potentialAction":[{"@type":"SearchAction","target":{"@type":"EntryPoint","urlTemplate":"https:\/\/www.gaidaphotos.com\/blog\/?s={search_term_string}"},"query-input":{"@type":"PropertyValueSpecification","valueRequired":true,"valueName":"search_term_string"}}],"inLanguage":"de"},{"@type":"Organization","@id":"https:\/\/www.gaidaphotos.com\/blog\/#organization","name":"gaidaphotos","url":"https:\/\/www.gaidaphotos.com\/blog\/","logo":{"@type":"ImageObject","inLanguage":"de","@id":"https:\/\/www.gaidaphotos.com\/blog\/#\/schema\/logo\/image\/","url":"https:\/\/i0.wp.com\/www.gaidaphotos.com\/blog\/wp-content\/uploads\/2020\/07\/GAIDAPHOTOS-COM.jpg?fit=160%2C96&ssl=1","contentUrl":"https:\/\/i0.wp.com\/www.gaidaphotos.com\/blog\/wp-content\/uploads\/2020\/07\/GAIDAPHOTOS-COM.jpg?fit=160%2C96&ssl=1","width":160,"height":96,"caption":"gaidaphotos"},"image":{"@id":"https:\/\/www.gaidaphotos.com\/blog\/#\/schema\/logo\/image\/"},"sameAs":["https:\/\/www.facebook.com\/Koeln.Rodenkirchen","https:\/\/x.com\/gaidaphotos","https:\/\/instagram.com\/gaidaphotos\/","https:\/\/de.linkedin.com\/in\/gaidaphotos","https:\/\/myspace.com\/gaidaphotos","https:\/\/www.pinterest.com\/gaidaphotos\/","https:\/\/www.youtube.com\/user\/gaidaphotos"]},{"@type":"Person","@id":"https:\/\/www.gaidaphotos.com\/blog\/#\/schema\/person\/6d217e6d00c8ff987b02c6b51e92eec9","name":"01726903617@vodafone.de"}]}},"jetpack_publicize_connections":[],"jetpack_featured_media_url":"","jetpack_sharing_enabled":true,"jetpack_likes_enabled":true,"jetpack-related-posts":[{"id":730,"url":"https:\/\/www.gaidaphotos.com\/blog\/2009\/06\/15\/koeln-rodenkirchen-freizeit-sommertage-strassenfest\/","url_meta":{"origin":1919,"position":0},"title":"Koeln Rodenkirchen Freizeit: Sommertage Strassenfest","author":"Thomas","date":"15. Juni 2009","format":false,"excerpt":"Koeln Rodenkirchen Freizeit: Sommertage Strassenfest! Nicht vergessen! Am Wochenende ist in Koeln Rodenkirchen Strassenfest unter dem Motto \"Rodenkirchen im Hollywoodfieber\". Die Gesch\u00e4fte bieten Sonderangebote zum Einkaufen & Schlemmen zu Musik & Tanz.","rel":"","context":"In &quot;17&quot;","block_context":{"text":"17","link":"https:\/\/www.gaidaphotos.com\/blog\/category\/mobile_news_von_unterwegs\/mobile_news_von_unterwegs-n95\/"},"img":{"alt_text":"","src":"","width":0,"height":0},"classes":[]},{"id":1696,"url":"https:\/\/www.gaidaphotos.com\/blog\/2009\/06\/21\/koln-rodenkirchen-strassenfest-die-zeltstadt-steht-jetzt-gehts-weiter-foto\/","url_meta":{"origin":1919,"position":1},"title":"K\u00f6ln Rodenkirchen Strassenfest: Die Zeltstadt steht &#8211; jetzt geht`s weiter (Foto)","author":"Thomas","date":"21. Juni 2009","format":false,"excerpt":"Trotz Regen lassen wir uns nicht davon abhalten, in K\u00f6ln\u00a0Rodenkirchen das Strassenfest zu feiern. \"Rodenkirchen im Hollywoodfieber\". Die erste Band baut auf und bald geht`s los.","rel":"","context":"In &quot;17&quot;","block_context":{"text":"17","link":"https:\/\/www.gaidaphotos.com\/blog\/category\/mobile_news_von_unterwegs\/mobile_news_von_unterwegs-n95\/"},"img":{"alt_text":"","src":"","width":0,"height":0},"classes":[]},{"id":1698,"url":"https:\/\/www.gaidaphotos.com\/blog\/2009\/06\/21\/koln-rodenkirchen-strassenfest-einkaufen-juwelier-eupen-ladt-heute-ein-foto\/","url_meta":{"origin":1919,"position":2},"title":"K\u00f6ln Rodenkirchen Strassenfest Einkaufen: Juwelier Eupen l\u00e4dt heute ein (Foto)","author":"Thomas","date":"21. Juni 2009","format":false,"excerpt":"Juwelier Eupen, K\u00f6ln Rodenkirchen Maternusplatz l\u00e4dt heute ein zu Sekt und K\u00f6lsch. Feiern Sie mit uns das Rodenkirchener Stra\u00dfenfest und shoppen Sie Schn\u00e4ppchen bei Juwelier Eupen und anderen Rodenkirchener Gesch\u00e4ften. Mittlerweile scheint auch die Sonne.","rel":"","context":"In &quot;17&quot;","block_context":{"text":"17","link":"https:\/\/www.gaidaphotos.com\/blog\/category\/mobile_news_von_unterwegs\/mobile_news_von_unterwegs-n95\/"},"img":{"alt_text":"","src":"","width":0,"height":0},"classes":[]},{"id":2989,"url":"https:\/\/www.gaidaphotos.com\/blog\/2010\/06\/19\/strassenfest-koeln-rodenkirchen-kanuka-1600h\/","url_meta":{"origin":1919,"position":3},"title":"Strassenfest K\u00f6ln Rodenkirchen &#8222;Kanguka Trommel &#038; Gesang&#8220; &#8211; 16:10h","author":"Thomas","date":"19. Juni 2010","format":false,"excerpt":"Strassenfest K\u00f6ln Rodenkirchen \"Kanguka Trommel & Gesang aus Burundi\" - 16:00h Das Stra\u00dfenfest in Rodenkirchen ist in vollem Gang. Kanguka Trommel & Gesang aus Burundi unterh\u00e4lt uns zum zweiten Mal. Mittlerweile hat sich das Wetter gebessert und die Sonne w\u00e4rmt die Besucher und Zuh\u00f6rer und -schauer.","rel":"","context":"In &quot;K\u00f6ln Rodenkirchen Freizeit&quot;","block_context":{"text":"K\u00f6ln Rodenkirchen Freizeit","link":"https:\/\/www.gaidaphotos.com\/blog\/category\/koeln-rodenkirchen\/koeln-rodenkirchen-freizeit\/"},"img":{"alt_text":"Strassenfest K\u00f6ln Rodenkirchen \"Kanguka Trommel & Gesang\" - 16:10h","src":"https:\/\/i0.wp.com\/www.gaidaphotos.com\/blog\/wp-content\/uploads\/2010\/06\/strassenfest-koeln-19-06-2010-16.jpg?resize=350%2C200&ssl=1","width":350,"height":200},"classes":[]},{"id":3000,"url":"https:\/\/www.gaidaphotos.com\/blog\/2010\/06\/19\/strassenfest-koeln-rodenkirchen-1830-2\/","url_meta":{"origin":1919,"position":4},"title":"Strassenfest K\u00f6ln Rodenkirchen &#8222;K\u00f6lsche Adler&#8220; &#8211; 18:30h","author":"Thomas","date":"19. Juni 2010","format":false,"excerpt":"Live vom Strassenfest K\u00f6ln Rodenkirchen \"K\u00f6lsche Adler\" - 18:30h K\u00f6lsche Adler ist eine \"Brass-Band\" (Blaskapelle) mit k\u00f6lschen Lidern in jazzigem Sound.","rel":"","context":"In &quot;K\u00f6ln Rodenkirchen Freizeit&quot;","block_context":{"text":"K\u00f6ln Rodenkirchen Freizeit","link":"https:\/\/www.gaidaphotos.com\/blog\/category\/koeln-rodenkirchen\/koeln-rodenkirchen-freizeit\/"},"img":{"alt_text":"Strassenfest K\u00f6ln Rodenkirchen \"K\u00f6lsche Adler\"","src":"https:\/\/i0.wp.com\/www.gaidaphotos.com\/blog\/wp-content\/uploads\/2010\/06\/strassenfest-rodenkirchen-1830.jpg?resize=350%2C200&ssl=1","width":350,"height":200},"classes":[]},{"id":2978,"url":"https:\/\/www.gaidaphotos.com\/blog\/2010\/06\/19\/strassenfest-koeln-rodenkirchen-19-06-2010-live\/","url_meta":{"origin":1919,"position":5},"title":"Strassenfest Koeln-Rodenkirchen 19.06.2010 Live Bericht","author":"Thomas","date":"19. Juni 2010","format":false,"excerpt":"Strassenfest in Rodenkirchen: Der Maternusplatz ist bereit In weniger als 1h wird auf der B\u00fchne auf dem Maternusplatz in K\u00f6ln-Rodenkirchen das Stra\u00dfenfest er\u00f6ffnet. Wir berichten LIVE von den Aktivit\u00e4ten auf der Hauptb\u00fchne auf dem Maternusplatz, Maternusstra\u00dfe und Hauptstra\u00dfe in K\u00f6ln-Rodenkirchen. Leider herrscht wieder das \u00fcbliche \"Stra\u00dfenfest-Wetter\" mit k\u00fchlen 18\u00b0C und\u2026","rel":"","context":"In &quot;K\u00f6ln Rodenkirchen Einkaufen&quot;","block_context":{"text":"K\u00f6ln Rodenkirchen Einkaufen","link":"https:\/\/www.gaidaphotos.com\/blog\/category\/koeln-rodenkirchen\/koeln-rodenkirchen-einkaufen\/"},"img":{"alt_text":"Strassenfest K\u00f6ln Rodenkirchen 19.06.2010 LIVE","src":"https:\/\/i0.wp.com\/www.gaidaphotos.com\/blog\/wp-content\/uploads\/2010\/06\/strassenfest-koeln-19-06-2010.jpg?resize=350%2C200&ssl=1","width":350,"height":200},"classes":[]}],"_links":{"self":[{"href":"https:\/\/www.gaidaphotos.com\/blog\/wp-json\/wp\/v2\/posts\/1919","targetHints":{"allow":["GET"]}}],"collection":[{"href":"https:\/\/www.gaidaphotos.com\/blog\/wp-json\/wp\/v2\/posts"}],"about":[{"href":"https:\/\/www.gaidaphotos.com\/blog\/wp-json\/wp\/v2\/types\/post"}],"author":[{"embeddable":true,"href":"https:\/\/www.gaidaphotos.com\/blog\/wp-json\/wp\/v2\/users\/8"}],"replies":[{"embeddable":true,"href":"https:\/\/www.gaidaphotos.com\/blog\/wp-json\/wp\/v2\/comments?post=1919"}],"version-history":[{"count":0,"href":"https:\/\/www.gaidaphotos.com\/blog\/wp-json\/wp\/v2\/posts\/1919\/revisions"}],"wp:attachment":[{"href":"https:\/\/www.gaidaphotos.com\/blog\/wp-json\/wp\/v2\/media?parent=1919"}],"wp:term":[{"taxonomy":"category","embeddable":true,"href":"https:\/\/www.gaidaphotos.com\/blog\/wp-json\/wp\/v2\/categories?post=1919"},{"taxonomy":"post_tag","embeddable":true,"href":"https:\/\/www.gaidaphotos.com\/blog\/wp-json\/wp\/v2\/tags?post=1919"}],"curies":[{"name":"wp","href":"https:\/\/api.w.org\/{rel}","templated":true}]}}