{"id":1934,"date":"2009-07-15T19:21:35","date_gmt":"2009-07-15T17:21:35","guid":{"rendered":"http:\/\/gaidaphotos.com\/blog\/?p=1934"},"modified":"2012-07-18T11:35:26","modified_gmt":"2012-07-18T09:35:26","slug":"riccione-adria-urlaub-am-meer","status":"publish","type":"post","link":"https:\/\/www.gaidaphotos.com\/blog\/2009\/07\/15\/riccione-adria-urlaub-am-meer\/","title":{"rendered":"Riccione, Adria, Urlaub am Meer"},"content":{"rendered":"<h2>Sonne, Strand, Sand und Meer in Riccione (Adria)<\/h2>\n<p><figure id=\"attachment_1935\" aria-describedby=\"caption-attachment-1935\" style=\"width: 300px\" class=\"wp-caption alignleft\"><a href=\"https:\/\/i0.wp.com\/www.gaidaphotos.com\/blog\/wp-content\/uploads\/2009\/07\/postie-media7.jpeg?ssl=1\"><img data-recalc-dims=\"1\" loading=\"lazy\" decoding=\"async\" src=\"https:\/\/i0.wp.com\/www.gaidaphotos.com\/blog\/wp-content\/uploads\/2009\/07\/postie-media7-300x225.jpg?resize=300%2C225&#038;ssl=1\" alt=\"Riccione, Adria, Urlaub am Meer\" title=\"Riccione, Adria, Urlaub am Meer\" width=\"300\" height=\"225\" class=\"size-medium wp-image-1935\" srcset=\"https:\/\/i0.wp.com\/www.gaidaphotos.com\/blog\/wp-content\/uploads\/2009\/07\/postie-media7.jpeg?resize=300%2C225&amp;ssl=1 300w, https:\/\/i0.wp.com\/www.gaidaphotos.com\/blog\/wp-content\/uploads\/2009\/07\/postie-media7.jpeg?resize=1024%2C768&amp;ssl=1 1024w, https:\/\/i0.wp.com\/www.gaidaphotos.com\/blog\/wp-content\/uploads\/2009\/07\/postie-media7.jpeg?w=1820&amp;ssl=1 1820w\" sizes=\"auto, (max-width: 300px) 100vw, 300px\" \/><\/a><figcaption id=\"caption-attachment-1935\" class=\"wp-caption-text\">Riccione, Adria, Urlaub am Meer<\/figcaption><\/figure>Der Strand in Riccione (Italien) ist \u00fcberwiegend bewirtschaftet. Seit &#8222;ewigen&#8220; Zeiten sind wir im Strand-abschnitt &#8222;52&#8220; bei Emilio in Riccione. Um am Meer zu liegen, mietet man eine Strand-Liege (ab 6,50 \u20ac\/Tag) mit oder ohne Sonnenschirm oder ein Sonnendach. Der Strand, Sand und Meer sind gepflegt &#8211; jeden Tag wird der Sand gesiebt und Strand-gut wird entfernt. Am Strand in Riccione (Adria) gibt es kalte und hei\u00dfe Duschen, kostenlos Kicker, Tischtennis, Boccia und ein paar Fitnessger\u00e4te. Die Umkleidekabinen &#8211; unser Hotel Baden Baden in Riccione stellt zwei &#8211; und Toiletten sind sauber. Die Strand-bar gleich nebenan serviert u.a. leckere Pizza, Fischgerichte,  frisches Bier und verkauft Eis, Wasser und Getr\u00e4nke auch au\u00dfer Haus zu moderaten Preisen. So kann man am Strand in Riccione die Sonne, Meer und Sand genie\u00dfen.<\/p>\n","protected":false},"excerpt":{"rendered":"<p>Sonne, Strand, Sand und Meer in Riccione (Adria) Der Strand in Riccione (Italien) ist \u00fcberwiegend bewirtschaftet. Seit &#8222;ewigen&#8220; Zeiten sind<\/p>\n","protected":false},"author":8,"featured_media":1935,"comment_status":"open","ping_status":"open","sticky":false,"template":"","format":"standard","meta":{"_crdt_document":"","ngg_post_thumbnail":0,"jetpack_post_was_ever_published":false,"_jetpack_newsletter_access":"","_jetpack_dont_email_post_to_subs":false,"_jetpack_newsletter_tier_id":0,"_jetpack_memberships_contains_paywalled_content":false,"_jetpack_memberships_contains_paid_content":false,"footnotes":"","jetpack_publicize_message":"","jetpack_publicize_feature_enabled":true,"jetpack_social_post_already_shared":false,"jetpack_social_options":{"image_generator_settings":{"template":"highway","default_image_id":0,"font":"","enabled":false},"version":2}},"categories":[117,82],"tags":[118],"class_list":["post-1934","post","type-post","status-publish","format-standard","has-post-thumbnail","hentry","category-italien","category-reise","tag-riccione-adria"],"yoast_head":"<!-- This site is optimized with the Yoast SEO plugin v27.5 - https:\/\/yoast.com\/product\/yoast-seo-wordpress\/ -->\n<title>Riccione, Adria, Urlaub am Meer<\/title>\n<meta name=\"description\" content=\"Riccione, Adria, Urlaub am Meer - gepflegter Strand, Bar, Liegest\u00fchle und alles was das Strand-Herz begehrt\" \/>\n<meta name=\"robots\" content=\"index, follow, max-snippet:-1, max-image-preview:large, max-video-preview:-1\" \/>\n<link rel=\"canonical\" href=\"https:\/\/www.gaidaphotos.com\/blog\/2009\/07\/15\/riccione-adria-urlaub-am-meer\/\" \/>\n<meta property=\"og:locale\" content=\"de_DE\" \/>\n<meta property=\"og:type\" content=\"article\" \/>\n<meta property=\"og:title\" content=\"Riccione, Adria, Urlaub am Meer\" \/>\n<meta property=\"og:description\" content=\"Riccione, Adria, Urlaub am Meer - gepflegter Strand, Bar, Liegest\u00fchle und alles was das Strand-Herz begehrt\" \/>\n<meta property=\"og:url\" content=\"https:\/\/www.gaidaphotos.com\/blog\/2009\/07\/15\/riccione-adria-urlaub-am-meer\/\" \/>\n<meta property=\"og:site_name\" content=\"K\u00f6ln Rodenkirchen und die Welt\" \/>\n<meta property=\"article:publisher\" content=\"https:\/\/www.facebook.com\/Koeln.Rodenkirchen\" \/>\n<meta property=\"article:published_time\" content=\"2009-07-15T17:21:35+00:00\" \/>\n<meta property=\"article:modified_time\" content=\"2012-07-18T09:35:26+00:00\" \/>\n<meta property=\"og:image\" content=\"https:\/\/i1.wp.com\/www.gaidaphotos.com\/blog\/wp-content\/uploads\/2009\/07\/postie-media7.jpeg?fit=2592%2C1944&ssl=1\" \/>\n\t<meta property=\"og:image:width\" content=\"2592\" \/>\n\t<meta property=\"og:image:height\" content=\"1944\" \/>\n\t<meta property=\"og:image:type\" content=\"image\/jpeg\" \/>\n<meta name=\"author\" content=\"01726903617@vodafone.de\" \/>\n<meta name=\"twitter:card\" content=\"summary_large_image\" \/>\n<meta name=\"twitter:creator\" content=\"@gaidaphotos\" \/>\n<meta name=\"twitter:site\" content=\"@gaidaphotos\" \/>\n<meta name=\"twitter:label1\" content=\"Verfasst von\" \/>\n\t<meta name=\"twitter:data1\" content=\"01726903617@vodafone.de\" \/>\n\t<meta name=\"twitter:label2\" content=\"Gesch\u00e4tzte Lesezeit\" \/>\n\t<meta name=\"twitter:data2\" content=\"1\u00a0Minute\" \/>\n<script type=\"application\/ld+json\" class=\"yoast-schema-graph\">{\"@context\":\"https:\\\/\\\/schema.org\",\"@graph\":[{\"@type\":\"Article\",\"@id\":\"https:\\\/\\\/www.gaidaphotos.com\\\/blog\\\/2009\\\/07\\\/15\\\/riccione-adria-urlaub-am-meer\\\/#article\",\"isPartOf\":{\"@id\":\"https:\\\/\\\/www.gaidaphotos.com\\\/blog\\\/2009\\\/07\\\/15\\\/riccione-adria-urlaub-am-meer\\\/\"},\"author\":{\"name\":\"01726903617@vodafone.de\",\"@id\":\"https:\\\/\\\/www.gaidaphotos.com\\\/blog\\\/#\\\/schema\\\/person\\\/6d217e6d00c8ff987b02c6b51e92eec9\"},\"headline\":\"Riccione, Adria, Urlaub am Meer\",\"datePublished\":\"2009-07-15T17:21:35+00:00\",\"dateModified\":\"2012-07-18T09:35:26+00:00\",\"mainEntityOfPage\":{\"@id\":\"https:\\\/\\\/www.gaidaphotos.com\\\/blog\\\/2009\\\/07\\\/15\\\/riccione-adria-urlaub-am-meer\\\/\"},\"wordCount\":157,\"commentCount\":0,\"publisher\":{\"@id\":\"https:\\\/\\\/www.gaidaphotos.com\\\/blog\\\/#organization\"},\"image\":{\"@id\":\"https:\\\/\\\/www.gaidaphotos.com\\\/blog\\\/2009\\\/07\\\/15\\\/riccione-adria-urlaub-am-meer\\\/#primaryimage\"},\"thumbnailUrl\":\"https:\\\/\\\/i0.wp.com\\\/www.gaidaphotos.com\\\/blog\\\/wp-content\\\/uploads\\\/2009\\\/07\\\/postie-media7.jpeg?fit=2592%2C1944&ssl=1\",\"keywords\":[\"Riccione (Adria)\"],\"articleSection\":[\"Italien\",\"Reise\\\/ Reisen\"],\"inLanguage\":\"de\",\"potentialAction\":[{\"@type\":\"CommentAction\",\"name\":\"Comment\",\"target\":[\"https:\\\/\\\/www.gaidaphotos.com\\\/blog\\\/2009\\\/07\\\/15\\\/riccione-adria-urlaub-am-meer\\\/#respond\"]}]},{\"@type\":\"WebPage\",\"@id\":\"https:\\\/\\\/www.gaidaphotos.com\\\/blog\\\/2009\\\/07\\\/15\\\/riccione-adria-urlaub-am-meer\\\/\",\"url\":\"https:\\\/\\\/www.gaidaphotos.com\\\/blog\\\/2009\\\/07\\\/15\\\/riccione-adria-urlaub-am-meer\\\/\",\"name\":\"Riccione, Adria, Urlaub am Meer\",\"isPartOf\":{\"@id\":\"https:\\\/\\\/www.gaidaphotos.com\\\/blog\\\/#website\"},\"primaryImageOfPage\":{\"@id\":\"https:\\\/\\\/www.gaidaphotos.com\\\/blog\\\/2009\\\/07\\\/15\\\/riccione-adria-urlaub-am-meer\\\/#primaryimage\"},\"image\":{\"@id\":\"https:\\\/\\\/www.gaidaphotos.com\\\/blog\\\/2009\\\/07\\\/15\\\/riccione-adria-urlaub-am-meer\\\/#primaryimage\"},\"thumbnailUrl\":\"https:\\\/\\\/i0.wp.com\\\/www.gaidaphotos.com\\\/blog\\\/wp-content\\\/uploads\\\/2009\\\/07\\\/postie-media7.jpeg?fit=2592%2C1944&ssl=1\",\"datePublished\":\"2009-07-15T17:21:35+00:00\",\"dateModified\":\"2012-07-18T09:35:26+00:00\",\"description\":\"Riccione, Adria, Urlaub am Meer - gepflegter Strand, Bar, Liegest\u00fchle und alles was das Strand-Herz begehrt\",\"breadcrumb\":{\"@id\":\"https:\\\/\\\/www.gaidaphotos.com\\\/blog\\\/2009\\\/07\\\/15\\\/riccione-adria-urlaub-am-meer\\\/#breadcrumb\"},\"inLanguage\":\"de\",\"potentialAction\":[{\"@type\":\"ReadAction\",\"target\":[\"https:\\\/\\\/www.gaidaphotos.com\\\/blog\\\/2009\\\/07\\\/15\\\/riccione-adria-urlaub-am-meer\\\/\"]}]},{\"@type\":\"ImageObject\",\"inLanguage\":\"de\",\"@id\":\"https:\\\/\\\/www.gaidaphotos.com\\\/blog\\\/2009\\\/07\\\/15\\\/riccione-adria-urlaub-am-meer\\\/#primaryimage\",\"url\":\"https:\\\/\\\/i0.wp.com\\\/www.gaidaphotos.com\\\/blog\\\/wp-content\\\/uploads\\\/2009\\\/07\\\/postie-media7.jpeg?fit=2592%2C1944&ssl=1\",\"contentUrl\":\"https:\\\/\\\/i0.wp.com\\\/www.gaidaphotos.com\\\/blog\\\/wp-content\\\/uploads\\\/2009\\\/07\\\/postie-media7.jpeg?fit=2592%2C1944&ssl=1\",\"width\":\"2592\",\"height\":\"1944\",\"caption\":\"Riccione, Adria, Urlaub am Meer\"},{\"@type\":\"BreadcrumbList\",\"@id\":\"https:\\\/\\\/www.gaidaphotos.com\\\/blog\\\/2009\\\/07\\\/15\\\/riccione-adria-urlaub-am-meer\\\/#breadcrumb\",\"itemListElement\":[{\"@type\":\"ListItem\",\"position\":1,\"name\":\"Startseite\",\"item\":\"https:\\\/\\\/www.gaidaphotos.com\\\/blog\\\/\"},{\"@type\":\"ListItem\",\"position\":2,\"name\":\"Riccione, Adria, Urlaub am Meer\"}]},{\"@type\":\"WebSite\",\"@id\":\"https:\\\/\\\/www.gaidaphotos.com\\\/blog\\\/#website\",\"url\":\"https:\\\/\\\/www.gaidaphotos.com\\\/blog\\\/\",\"name\":\"K\u00f6ln Rodenkirchen und die Welt\",\"description\":\"Einkaufen, Restaurants, Freizeit, Nachrichten und was uns sonst bewegt und begegnet\",\"publisher\":{\"@id\":\"https:\\\/\\\/www.gaidaphotos.com\\\/blog\\\/#organization\"},\"potentialAction\":[{\"@type\":\"SearchAction\",\"target\":{\"@type\":\"EntryPoint\",\"urlTemplate\":\"https:\\\/\\\/www.gaidaphotos.com\\\/blog\\\/?s={search_term_string}\"},\"query-input\":{\"@type\":\"PropertyValueSpecification\",\"valueRequired\":true,\"valueName\":\"search_term_string\"}}],\"inLanguage\":\"de\"},{\"@type\":\"Organization\",\"@id\":\"https:\\\/\\\/www.gaidaphotos.com\\\/blog\\\/#organization\",\"name\":\"gaidaphotos\",\"url\":\"https:\\\/\\\/www.gaidaphotos.com\\\/blog\\\/\",\"logo\":{\"@type\":\"ImageObject\",\"inLanguage\":\"de\",\"@id\":\"https:\\\/\\\/www.gaidaphotos.com\\\/blog\\\/#\\\/schema\\\/logo\\\/image\\\/\",\"url\":\"https:\\\/\\\/i0.wp.com\\\/www.gaidaphotos.com\\\/blog\\\/wp-content\\\/uploads\\\/2020\\\/07\\\/GAIDAPHOTOS-COM.jpg?fit=160%2C96&ssl=1\",\"contentUrl\":\"https:\\\/\\\/i0.wp.com\\\/www.gaidaphotos.com\\\/blog\\\/wp-content\\\/uploads\\\/2020\\\/07\\\/GAIDAPHOTOS-COM.jpg?fit=160%2C96&ssl=1\",\"width\":160,\"height\":96,\"caption\":\"gaidaphotos\"},\"image\":{\"@id\":\"https:\\\/\\\/www.gaidaphotos.com\\\/blog\\\/#\\\/schema\\\/logo\\\/image\\\/\"},\"sameAs\":[\"https:\\\/\\\/www.facebook.com\\\/Koeln.Rodenkirchen\",\"https:\\\/\\\/x.com\\\/gaidaphotos\",\"https:\\\/\\\/instagram.com\\\/gaidaphotos\\\/\",\"https:\\\/\\\/de.linkedin.com\\\/in\\\/gaidaphotos\",\"https:\\\/\\\/myspace.com\\\/gaidaphotos\",\"https:\\\/\\\/www.pinterest.com\\\/gaidaphotos\\\/\",\"https:\\\/\\\/www.youtube.com\\\/user\\\/gaidaphotos\"]},{\"@type\":\"Person\",\"@id\":\"https:\\\/\\\/www.gaidaphotos.com\\\/blog\\\/#\\\/schema\\\/person\\\/6d217e6d00c8ff987b02c6b51e92eec9\",\"name\":\"01726903617@vodafone.de\"}]}<\/script>\n<!-- \/ Yoast SEO plugin. -->","yoast_head_json":{"title":"Riccione, Adria, Urlaub am Meer","description":"Riccione, Adria, Urlaub am Meer - gepflegter Strand, Bar, Liegest\u00fchle und alles was das Strand-Herz begehrt","robots":{"index":"index","follow":"follow","max-snippet":"max-snippet:-1","max-image-preview":"max-image-preview:large","max-video-preview":"max-video-preview:-1"},"canonical":"https:\/\/www.gaidaphotos.com\/blog\/2009\/07\/15\/riccione-adria-urlaub-am-meer\/","og_locale":"de_DE","og_type":"article","og_title":"Riccione, Adria, Urlaub am Meer","og_description":"Riccione, Adria, Urlaub am Meer - gepflegter Strand, Bar, Liegest\u00fchle und alles was das Strand-Herz begehrt","og_url":"https:\/\/www.gaidaphotos.com\/blog\/2009\/07\/15\/riccione-adria-urlaub-am-meer\/","og_site_name":"K\u00f6ln Rodenkirchen und die Welt","article_publisher":"https:\/\/www.facebook.com\/Koeln.Rodenkirchen","article_published_time":"2009-07-15T17:21:35+00:00","article_modified_time":"2012-07-18T09:35:26+00:00","og_image":[{"width":2592,"height":1944,"url":"https:\/\/i1.wp.com\/www.gaidaphotos.com\/blog\/wp-content\/uploads\/2009\/07\/postie-media7.jpeg?fit=2592%2C1944&ssl=1","type":"image\/jpeg"}],"author":"01726903617@vodafone.de","twitter_card":"summary_large_image","twitter_creator":"@gaidaphotos","twitter_site":"@gaidaphotos","twitter_misc":{"Verfasst von":"01726903617@vodafone.de","Gesch\u00e4tzte Lesezeit":"1\u00a0Minute"},"schema":{"@context":"https:\/\/schema.org","@graph":[{"@type":"Article","@id":"https:\/\/www.gaidaphotos.com\/blog\/2009\/07\/15\/riccione-adria-urlaub-am-meer\/#article","isPartOf":{"@id":"https:\/\/www.gaidaphotos.com\/blog\/2009\/07\/15\/riccione-adria-urlaub-am-meer\/"},"author":{"name":"01726903617@vodafone.de","@id":"https:\/\/www.gaidaphotos.com\/blog\/#\/schema\/person\/6d217e6d00c8ff987b02c6b51e92eec9"},"headline":"Riccione, Adria, Urlaub am Meer","datePublished":"2009-07-15T17:21:35+00:00","dateModified":"2012-07-18T09:35:26+00:00","mainEntityOfPage":{"@id":"https:\/\/www.gaidaphotos.com\/blog\/2009\/07\/15\/riccione-adria-urlaub-am-meer\/"},"wordCount":157,"commentCount":0,"publisher":{"@id":"https:\/\/www.gaidaphotos.com\/blog\/#organization"},"image":{"@id":"https:\/\/www.gaidaphotos.com\/blog\/2009\/07\/15\/riccione-adria-urlaub-am-meer\/#primaryimage"},"thumbnailUrl":"https:\/\/i0.wp.com\/www.gaidaphotos.com\/blog\/wp-content\/uploads\/2009\/07\/postie-media7.jpeg?fit=2592%2C1944&ssl=1","keywords":["Riccione (Adria)"],"articleSection":["Italien","Reise\/ Reisen"],"inLanguage":"de","potentialAction":[{"@type":"CommentAction","name":"Comment","target":["https:\/\/www.gaidaphotos.com\/blog\/2009\/07\/15\/riccione-adria-urlaub-am-meer\/#respond"]}]},{"@type":"WebPage","@id":"https:\/\/www.gaidaphotos.com\/blog\/2009\/07\/15\/riccione-adria-urlaub-am-meer\/","url":"https:\/\/www.gaidaphotos.com\/blog\/2009\/07\/15\/riccione-adria-urlaub-am-meer\/","name":"Riccione, Adria, Urlaub am Meer","isPartOf":{"@id":"https:\/\/www.gaidaphotos.com\/blog\/#website"},"primaryImageOfPage":{"@id":"https:\/\/www.gaidaphotos.com\/blog\/2009\/07\/15\/riccione-adria-urlaub-am-meer\/#primaryimage"},"image":{"@id":"https:\/\/www.gaidaphotos.com\/blog\/2009\/07\/15\/riccione-adria-urlaub-am-meer\/#primaryimage"},"thumbnailUrl":"https:\/\/i0.wp.com\/www.gaidaphotos.com\/blog\/wp-content\/uploads\/2009\/07\/postie-media7.jpeg?fit=2592%2C1944&ssl=1","datePublished":"2009-07-15T17:21:35+00:00","dateModified":"2012-07-18T09:35:26+00:00","description":"Riccione, Adria, Urlaub am Meer - gepflegter Strand, Bar, Liegest\u00fchle und alles was das Strand-Herz begehrt","breadcrumb":{"@id":"https:\/\/www.gaidaphotos.com\/blog\/2009\/07\/15\/riccione-adria-urlaub-am-meer\/#breadcrumb"},"inLanguage":"de","potentialAction":[{"@type":"ReadAction","target":["https:\/\/www.gaidaphotos.com\/blog\/2009\/07\/15\/riccione-adria-urlaub-am-meer\/"]}]},{"@type":"ImageObject","inLanguage":"de","@id":"https:\/\/www.gaidaphotos.com\/blog\/2009\/07\/15\/riccione-adria-urlaub-am-meer\/#primaryimage","url":"https:\/\/i0.wp.com\/www.gaidaphotos.com\/blog\/wp-content\/uploads\/2009\/07\/postie-media7.jpeg?fit=2592%2C1944&ssl=1","contentUrl":"https:\/\/i0.wp.com\/www.gaidaphotos.com\/blog\/wp-content\/uploads\/2009\/07\/postie-media7.jpeg?fit=2592%2C1944&ssl=1","width":"2592","height":"1944","caption":"Riccione, Adria, Urlaub am Meer"},{"@type":"BreadcrumbList","@id":"https:\/\/www.gaidaphotos.com\/blog\/2009\/07\/15\/riccione-adria-urlaub-am-meer\/#breadcrumb","itemListElement":[{"@type":"ListItem","position":1,"name":"Startseite","item":"https:\/\/www.gaidaphotos.com\/blog\/"},{"@type":"ListItem","position":2,"name":"Riccione, Adria, Urlaub am Meer"}]},{"@type":"WebSite","@id":"https:\/\/www.gaidaphotos.com\/blog\/#website","url":"https:\/\/www.gaidaphotos.com\/blog\/","name":"K\u00f6ln Rodenkirchen und die Welt","description":"Einkaufen, Restaurants, Freizeit, Nachrichten und was uns sonst bewegt und begegnet","publisher":{"@id":"https:\/\/www.gaidaphotos.com\/blog\/#organization"},"potentialAction":[{"@type":"SearchAction","target":{"@type":"EntryPoint","urlTemplate":"https:\/\/www.gaidaphotos.com\/blog\/?s={search_term_string}"},"query-input":{"@type":"PropertyValueSpecification","valueRequired":true,"valueName":"search_term_string"}}],"inLanguage":"de"},{"@type":"Organization","@id":"https:\/\/www.gaidaphotos.com\/blog\/#organization","name":"gaidaphotos","url":"https:\/\/www.gaidaphotos.com\/blog\/","logo":{"@type":"ImageObject","inLanguage":"de","@id":"https:\/\/www.gaidaphotos.com\/blog\/#\/schema\/logo\/image\/","url":"https:\/\/i0.wp.com\/www.gaidaphotos.com\/blog\/wp-content\/uploads\/2020\/07\/GAIDAPHOTOS-COM.jpg?fit=160%2C96&ssl=1","contentUrl":"https:\/\/i0.wp.com\/www.gaidaphotos.com\/blog\/wp-content\/uploads\/2020\/07\/GAIDAPHOTOS-COM.jpg?fit=160%2C96&ssl=1","width":160,"height":96,"caption":"gaidaphotos"},"image":{"@id":"https:\/\/www.gaidaphotos.com\/blog\/#\/schema\/logo\/image\/"},"sameAs":["https:\/\/www.facebook.com\/Koeln.Rodenkirchen","https:\/\/x.com\/gaidaphotos","https:\/\/instagram.com\/gaidaphotos\/","https:\/\/de.linkedin.com\/in\/gaidaphotos","https:\/\/myspace.com\/gaidaphotos","https:\/\/www.pinterest.com\/gaidaphotos\/","https:\/\/www.youtube.com\/user\/gaidaphotos"]},{"@type":"Person","@id":"https:\/\/www.gaidaphotos.com\/blog\/#\/schema\/person\/6d217e6d00c8ff987b02c6b51e92eec9","name":"01726903617@vodafone.de"}]}},"jetpack_publicize_connections":[],"jetpack_featured_media_url":"https:\/\/i0.wp.com\/www.gaidaphotos.com\/blog\/wp-content\/uploads\/2009\/07\/postie-media7.jpeg?fit=2592%2C1944&ssl=1","jetpack_sharing_enabled":true,"jetpack_likes_enabled":true,"jetpack-related-posts":[{"id":1931,"url":"https:\/\/www.gaidaphotos.com\/blog\/2009\/07\/14\/riccione-strandspaziergang\/","url_meta":{"origin":1934,"position":0},"title":"Italien &#8211; Adria &#8211; Riccione: Strandspaziergang","author":"01726903617@vodafone.de","date":"14. Juli 2009","format":false,"excerpt":"Das Essen ist SO gut und SO reichlich, dass man am Strand in Riccione (Adria Italien) nicht nur faul auf der Liege verweilen kann sondern am Strand, entlang der Wellen der Adria, durch den Sand spazieren muss\/sollte. Von unserem Strand-abschnitt in Riccione (Italien) kann man im Urlaub entweder in ca\u2026","rel":"","context":"In &quot;Italien&quot;","block_context":{"text":"Italien","link":"https:\/\/www.gaidaphotos.com\/blog\/category\/reise\/italien\/"},"img":{"alt_text":"Italien - Adria - Riccione: Strandspaziergang","src":"https:\/\/i0.wp.com\/www.gaidaphotos.com\/blog\/wp-content\/uploads\/2009\/07\/postie-media6.jpeg?fit=900%2C1200&ssl=1&resize=350%2C200","width":350,"height":200,"srcset":"https:\/\/i0.wp.com\/www.gaidaphotos.com\/blog\/wp-content\/uploads\/2009\/07\/postie-media6.jpeg?fit=900%2C1200&ssl=1&resize=350%2C200 1x, https:\/\/i0.wp.com\/www.gaidaphotos.com\/blog\/wp-content\/uploads\/2009\/07\/postie-media6.jpeg?fit=900%2C1200&ssl=1&resize=525%2C300 1.5x, https:\/\/i0.wp.com\/www.gaidaphotos.com\/blog\/wp-content\/uploads\/2009\/07\/postie-media6.jpeg?fit=900%2C1200&ssl=1&resize=700%2C400 2x"},"classes":[]},{"id":2856,"url":"https:\/\/www.gaidaphotos.com\/blog\/2010\/05\/18\/urlaub-sonne-strand-meer-riccione-adria\/","url_meta":{"origin":1934,"position":1},"title":"Urlaub &#8211; Sonne &#8211; Strand &#038; Meer: Riccione (Adria)","author":"Thomas","date":"18. Mai 2010","format":false,"excerpt":"Urlaub mit Sonne, Strand & Meer in Riccione (Adria, Italien) Im vergangenen Jahr habe ich Euch von unserer Reise nach Riccione (Adria, Italien) und unserem Urlaub im Hotel Baden Baden berichtet. Unser live Erlebnisbericht wird (hoffentlich) in diesem Sommer fortgesetzt. Wer jetzt auf der Suche nach einem Urlaubsziel mit Sonne,\u2026","rel":"","context":"In &quot;Hotel\/Hotels&quot;","block_context":{"text":"Hotel\/Hotels","link":"https:\/\/www.gaidaphotos.com\/blog\/category\/reise\/hotel-hotels\/"},"img":{"alt_text":"Urlaub Meer Strand Italien","src":"https:\/\/i0.wp.com\/www.gaidaphotos.com\/blog\/wp-content\/uploads\/2010\/05\/Italien-Urlaub-Strand-Riccione-03.jpg?resize=350%2C200&ssl=1","width":350,"height":200},"classes":[]},{"id":1966,"url":"https:\/\/www.gaidaphotos.com\/blog\/2009\/08\/05\/italien-urlaub-adria-riccione\/","url_meta":{"origin":1934,"position":2},"title":"Italien Urlaub Adria: Impressionen von Strand und Meer in Riccione","author":"01726903617@vodafone.de","date":"5. August 2009","format":false,"excerpt":"Strand und Meer von Riccione: \u00a0 \u00a0 Am Strand zu liegen und die Spazierg\u00e4nger am Meer zu beobachten ist einer der sch\u00f6nsten Besch\u00e4ftigungen in Riccione. Das dumme am Nichtstun ist nur, dass man nicht weiss wann man fertig ist. Die Retuungsschwimmer sorgen daf\u00fcr, dass man auch bei gr\u00f6\u00dferen Wellen sicher\u2026","rel":"","context":"In &quot;Italien&quot;","block_context":{"text":"Italien","link":"https:\/\/www.gaidaphotos.com\/blog\/category\/reise\/italien\/"},"img":{"alt_text":"Strand Riccione","src":"https:\/\/i0.wp.com\/www.gaidaphotos.com\/blog\/wp-content\/uploads\/2009\/08\/italien-reise-urlaub-adria-08-768x1024.jpg?resize=350%2C200&ssl=1","width":350,"height":200,"srcset":"https:\/\/i0.wp.com\/www.gaidaphotos.com\/blog\/wp-content\/uploads\/2009\/08\/italien-reise-urlaub-adria-08-768x1024.jpg?resize=350%2C200&ssl=1 1x, https:\/\/i0.wp.com\/www.gaidaphotos.com\/blog\/wp-content\/uploads\/2009\/08\/italien-reise-urlaub-adria-08-768x1024.jpg?resize=525%2C300&ssl=1 1.5x, https:\/\/i0.wp.com\/www.gaidaphotos.com\/blog\/wp-content\/uploads\/2009\/08\/italien-reise-urlaub-adria-08-768x1024.jpg?resize=700%2C400&ssl=1 2x"},"classes":[]},{"id":1912,"url":"https:\/\/www.gaidaphotos.com\/blog\/2009\/07\/09\/italien-riccione-adria-fotos-von-strand-und-meer\/","url_meta":{"origin":1934,"position":3},"title":"Italien &#8211; Riccione &#8211; Adria: Fotos von Strand und Meer","author":"Thomas","date":"9. Juli 2009","format":false,"excerpt":"Der Strand in Riccione an der Adria (Italien) ist bewirtschaftet und sehr gepflegt. Am Meer ziehen t\u00e4glich die anderen Urlauber in einer endlosen Karawane entlang. Das Meeresrauschen \u00fcbert\u00f6nt alle Ger\u00e4usche. Radio oder MP3 Player d\u00fcrfen nicht laut abgespielt werden. Am Meer spielen Kinder im Wasser, mit dem Sand oder Ball\u2026","rel":"","context":"In &quot;Italien&quot;","block_context":{"text":"Italien","link":"https:\/\/www.gaidaphotos.com\/blog\/category\/reise\/italien\/"},"img":{"alt_text":"","src":"","width":0,"height":0},"classes":[]},{"id":3247,"url":"https:\/\/www.gaidaphotos.com\/blog\/2010\/07\/18\/urlaubsempfehlung-riccione-italien\/","url_meta":{"origin":1934,"position":4},"title":"Urlaubsempfehlung: Riccione (Adria, Italien)  Live Bericht","author":"Thomas","date":"18. Juli 2010","format":false,"excerpt":"Urlaubsempfehlung: Riccione (Adria, Italien)\u00a0 Live Bericht Ab Sonntag, dem 25.07.2010 (verkaufsoffener Sonntag) berichten wir wieder von Reise und Urlaub an Strand und Meer nach Riccione (Italien). Wie schon im vergangenen Jahr werden wir (versuchen) mit Hokia N95 und Nokia Bluetooth Tastatur Berichte und Fotos live aus dem Urlaub in Riccione\u2026","rel":"","context":"In &quot;Italien&quot;","block_context":{"text":"Italien","link":"https:\/\/www.gaidaphotos.com\/blog\/category\/reise\/italien\/"},"img":{"alt_text":"Urlaub mit Sonne Strand und Meer Riccione (Italien)","src":"https:\/\/i0.wp.com\/www.gaidaphotos.com\/blog\/wp-content\/uploads\/2010\/07\/urlaub-hotel-adria.jpg?resize=350%2C200&ssl=1","width":350,"height":200},"classes":[]},{"id":1910,"url":"https:\/\/www.gaidaphotos.com\/blog\/2009\/07\/08\/italien-riccione-adria-strand-und-meer\/","url_meta":{"origin":1934,"position":5},"title":"Italien &#8211; Riccione &#8211; Adria: Strand und Meer","author":"Thomas","date":"8. Juli 2009","format":false,"excerpt":". . Zur Einstimmung auf den Urlaub in Riccione (Adria, Italien) hier ein paar Eindr\u00fccke von Strand und Meer: Unsere Muschel-sammlung by gaidaphotos Die Fotos stammen \u00fcberwiegend vom Strand in Riccione, Italien. Angesp\u00fclt vom Meer...","rel":"","context":"In &quot;Italien&quot;","block_context":{"text":"Italien","link":"https:\/\/www.gaidaphotos.com\/blog\/category\/reise\/italien\/"},"img":{"alt_text":"","src":"","width":0,"height":0},"classes":[]}],"_links":{"self":[{"href":"https:\/\/www.gaidaphotos.com\/blog\/wp-json\/wp\/v2\/posts\/1934","targetHints":{"allow":["GET"]}}],"collection":[{"href":"https:\/\/www.gaidaphotos.com\/blog\/wp-json\/wp\/v2\/posts"}],"about":[{"href":"https:\/\/www.gaidaphotos.com\/blog\/wp-json\/wp\/v2\/types\/post"}],"author":[{"embeddable":true,"href":"https:\/\/www.gaidaphotos.com\/blog\/wp-json\/wp\/v2\/users\/8"}],"replies":[{"embeddable":true,"href":"https:\/\/www.gaidaphotos.com\/blog\/wp-json\/wp\/v2\/comments?post=1934"}],"version-history":[{"count":0,"href":"https:\/\/www.gaidaphotos.com\/blog\/wp-json\/wp\/v2\/posts\/1934\/revisions"}],"wp:featuredmedia":[{"embeddable":true,"href":"https:\/\/www.gaidaphotos.com\/blog\/wp-json\/wp\/v2\/media\/1935"}],"wp:attachment":[{"href":"https:\/\/www.gaidaphotos.com\/blog\/wp-json\/wp\/v2\/media?parent=1934"}],"wp:term":[{"taxonomy":"category","embeddable":true,"href":"https:\/\/www.gaidaphotos.com\/blog\/wp-json\/wp\/v2\/categories?post=1934"},{"taxonomy":"post_tag","embeddable":true,"href":"https:\/\/www.gaidaphotos.com\/blog\/wp-json\/wp\/v2\/tags?post=1934"}],"curies":[{"name":"wp","href":"https:\/\/api.w.org\/{rel}","templated":true}]}}