{"id":1936,"date":"2009-07-16T19:02:25","date_gmt":"2009-07-16T17:02:25","guid":{"rendered":""},"modified":"2009-07-16T23:26:22","modified_gmt":"2009-07-16T21:26:22","slug":"italien-adria-riccione-so-kommt-man-in-die-ferien-und-den-urlaub","status":"publish","type":"post","link":"https:\/\/www.gaidaphotos.com\/blog\/2009\/07\/16\/italien-adria-riccione-so-kommt-man-in-die-ferien-und-den-urlaub\/","title":{"rendered":"Italien &#8211; Adria &#8211; Riccione: So kommt man in die Ferien und den Urlaub"},"content":{"rendered":"<div class=\"Lifeblog_Posting\">\n<div class=\"Lifeblog_Resource\">\n<img data-recalc-dims=\"1\" decoding=\"async\" src=\"https:\/\/i0.wp.com\/www.gaidaphotos.com\/blog\/wp-content\/uploads\/lifeblog-14072009300.jpg?w=910&#038;ssl=1\" alt=\"Di 14.07.2009 10:37 Riccione Italien Urlaub&Acirc;&nbsp;Ferien\" \/><\/div>\n<p>Heute haben wir die beiden letzten unserer Gruppe vom Flughafen in Ancona abgeholt. Grund genug Euch zu erz\u00e4hlen, wie man nach Riccione in den Urlaub an der Adria kommt.<br \/>\nWir sind die ca. 1150 km von K\u00f6ln Rodenkirchen in die Ferien in Riccione an der Adria mit dem Auto gefahren.<br \/>\nRiccione hat aber auch einen Bahnhof, der nur ca. 5 min von unserem Hotel Baden Baden in Riccione entfernt ist.<br \/>\nMan kann in den Urlaub nach Riccione auch Fliegen. Der Flughafen von Rimini (Italien) ist nur ca. 15min entfernt (Taxi ca. 10\u20ac). Leider gab es f\u00fcr uns keine preiswerten Fl\u00fcge mehr (TUIfly), so dass wir nach Ancona (ca. 85 km, 1h) mussten.<br \/>\nUnser Hotel Baden Baden in Riccione ist gerne behilflich, wenn G\u00e4ste im Urlaub aus Ancona abgeholt werden m\u00fcssen. Fragt danach, wenn ihr telefonisch oder per email ein Hotel f\u00fcr die Ferien in Italien an der Adria bucht. www.hotelbadenbaden.it<\/p>\n<p>In eigener Sache: Den Eintr\u00e4gen der letzten Tage  fehlen leider die Fotos und die Verweis-URLs sind teilweise defekt. Ungl\u00fccklicherweise k\u00f6nnen wir das von hier, aus dem Urlaub in Italien an der Adria, nicht beheben. Wir hoffen, das es jetzt klappt.<br \/>\nWer auf die Links zu den fehlenden Bildern klickt, bekommt diese dann doch angezeit.<br \/>\nWir bitten um Entschuldigung.\n<\/p><\/div>\n","protected":false},"excerpt":{"rendered":"<p>Heute haben wir die beiden letzten unserer Gruppe vom Flughafen in Ancona abgeholt. Grund genug Euch zu erz\u00e4hlen, wie man<\/p>\n","protected":false},"author":6,"featured_media":0,"comment_status":"open","ping_status":"open","sticky":false,"template":"","format":"standard","meta":{"_crdt_document":"","ngg_post_thumbnail":0,"jetpack_post_was_ever_published":false,"_jetpack_newsletter_access":"","_jetpack_dont_email_post_to_subs":false,"_jetpack_newsletter_tier_id":0,"_jetpack_memberships_contains_paywalled_content":false,"_jetpack_memberships_contains_paid_content":false,"footnotes":"","jetpack_publicize_message":"","jetpack_publicize_feature_enabled":true,"jetpack_social_post_already_shared":false,"jetpack_social_options":{"image_generator_settings":{"template":"highway","default_image_id":0,"font":"","enabled":false},"version":2}},"categories":[20,117,82],"tags":[118],"class_list":["post-1936","post","type-post","status-publish","format-standard","hentry","category-mobile_news_von_unterwegs-n95","category-italien","category-reise","tag-riccione-adria"],"yoast_head":"<!-- This site is optimized with the Yoast SEO plugin v27.5 - https:\/\/yoast.com\/product\/yoast-seo-wordpress\/ -->\n<title>Italien - Adria - Riccione: So kommt man in die Ferien und den Urlaub - K\u00f6ln Rodenkirchen und die Welt<\/title>\n<meta name=\"robots\" content=\"index, follow, max-snippet:-1, max-image-preview:large, max-video-preview:-1\" \/>\n<link rel=\"canonical\" href=\"https:\/\/www.gaidaphotos.com\/blog\/2009\/07\/16\/italien-adria-riccione-so-kommt-man-in-die-ferien-und-den-urlaub\/\" \/>\n<meta property=\"og:locale\" content=\"de_DE\" \/>\n<meta property=\"og:type\" content=\"article\" \/>\n<meta property=\"og:title\" content=\"Italien - Adria - Riccione: So kommt man in die Ferien und den Urlaub - K\u00f6ln Rodenkirchen und die Welt\" \/>\n<meta property=\"og:description\" content=\"Heute haben wir die beiden letzten unserer Gruppe vom Flughafen in Ancona abgeholt. Grund genug Euch zu erz\u00e4hlen, wie man\" \/>\n<meta property=\"og:url\" content=\"https:\/\/www.gaidaphotos.com\/blog\/2009\/07\/16\/italien-adria-riccione-so-kommt-man-in-die-ferien-und-den-urlaub\/\" \/>\n<meta property=\"og:site_name\" content=\"K\u00f6ln Rodenkirchen und die Welt\" \/>\n<meta property=\"article:publisher\" content=\"https:\/\/www.facebook.com\/Koeln.Rodenkirchen\" \/>\n<meta property=\"article:author\" content=\"https:\/\/www.facebook.com\/gaidaphotos\" \/>\n<meta property=\"article:published_time\" content=\"2009-07-16T17:02:25+00:00\" \/>\n<meta property=\"article:modified_time\" content=\"2009-07-16T21:26:22+00:00\" \/>\n<meta property=\"og:image\" content=\"https:\/\/www.gaidaphotos.com\/blog\/wp-content\/uploads\/lifeblog-14072009300.jpg\" \/>\n<meta name=\"author\" content=\"Thomas\" \/>\n<meta name=\"twitter:card\" content=\"summary_large_image\" \/>\n<meta name=\"twitter:creator\" content=\"@gaidaphotos\" \/>\n<meta name=\"twitter:site\" content=\"@gaidaphotos\" \/>\n<meta name=\"twitter:label1\" content=\"Verfasst von\" \/>\n\t<meta name=\"twitter:data1\" content=\"Thomas\" \/>\n\t<meta name=\"twitter:label2\" content=\"Gesch\u00e4tzte Lesezeit\" \/>\n\t<meta name=\"twitter:data2\" content=\"1\u00a0Minute\" \/>\n<script type=\"application\/ld+json\" class=\"yoast-schema-graph\">{\"@context\":\"https:\\\/\\\/schema.org\",\"@graph\":[{\"@type\":\"Article\",\"@id\":\"https:\\\/\\\/www.gaidaphotos.com\\\/blog\\\/2009\\\/07\\\/16\\\/italien-adria-riccione-so-kommt-man-in-die-ferien-und-den-urlaub\\\/#article\",\"isPartOf\":{\"@id\":\"https:\\\/\\\/www.gaidaphotos.com\\\/blog\\\/2009\\\/07\\\/16\\\/italien-adria-riccione-so-kommt-man-in-die-ferien-und-den-urlaub\\\/\"},\"author\":{\"name\":\"Thomas\",\"@id\":\"https:\\\/\\\/www.gaidaphotos.com\\\/blog\\\/#\\\/schema\\\/person\\\/6c444a5b13ffc503c5c32f5a9ec68b21\"},\"headline\":\"Italien &#8211; Adria &#8211; Riccione: So kommt man in die Ferien und den Urlaub\",\"datePublished\":\"2009-07-16T17:02:25+00:00\",\"dateModified\":\"2009-07-16T21:26:22+00:00\",\"mainEntityOfPage\":{\"@id\":\"https:\\\/\\\/www.gaidaphotos.com\\\/blog\\\/2009\\\/07\\\/16\\\/italien-adria-riccione-so-kommt-man-in-die-ferien-und-den-urlaub\\\/\"},\"wordCount\":230,\"commentCount\":0,\"publisher\":{\"@id\":\"https:\\\/\\\/www.gaidaphotos.com\\\/blog\\\/#organization\"},\"image\":{\"@id\":\"https:\\\/\\\/www.gaidaphotos.com\\\/blog\\\/2009\\\/07\\\/16\\\/italien-adria-riccione-so-kommt-man-in-die-ferien-und-den-urlaub\\\/#primaryimage\"},\"thumbnailUrl\":\"https:\\\/\\\/www.gaidaphotos.com\\\/blog\\\/wp-content\\\/uploads\\\/lifeblog-14072009300.jpg\",\"keywords\":[\"Riccione (Adria)\"],\"articleSection\":[\"17\",\"Italien\",\"Reise\\\/ Reisen\"],\"inLanguage\":\"de\",\"potentialAction\":[{\"@type\":\"CommentAction\",\"name\":\"Comment\",\"target\":[\"https:\\\/\\\/www.gaidaphotos.com\\\/blog\\\/2009\\\/07\\\/16\\\/italien-adria-riccione-so-kommt-man-in-die-ferien-und-den-urlaub\\\/#respond\"]}]},{\"@type\":\"WebPage\",\"@id\":\"https:\\\/\\\/www.gaidaphotos.com\\\/blog\\\/2009\\\/07\\\/16\\\/italien-adria-riccione-so-kommt-man-in-die-ferien-und-den-urlaub\\\/\",\"url\":\"https:\\\/\\\/www.gaidaphotos.com\\\/blog\\\/2009\\\/07\\\/16\\\/italien-adria-riccione-so-kommt-man-in-die-ferien-und-den-urlaub\\\/\",\"name\":\"Italien - Adria - Riccione: So kommt man in die Ferien und den Urlaub - K\u00f6ln Rodenkirchen und die Welt\",\"isPartOf\":{\"@id\":\"https:\\\/\\\/www.gaidaphotos.com\\\/blog\\\/#website\"},\"primaryImageOfPage\":{\"@id\":\"https:\\\/\\\/www.gaidaphotos.com\\\/blog\\\/2009\\\/07\\\/16\\\/italien-adria-riccione-so-kommt-man-in-die-ferien-und-den-urlaub\\\/#primaryimage\"},\"image\":{\"@id\":\"https:\\\/\\\/www.gaidaphotos.com\\\/blog\\\/2009\\\/07\\\/16\\\/italien-adria-riccione-so-kommt-man-in-die-ferien-und-den-urlaub\\\/#primaryimage\"},\"thumbnailUrl\":\"https:\\\/\\\/www.gaidaphotos.com\\\/blog\\\/wp-content\\\/uploads\\\/lifeblog-14072009300.jpg\",\"datePublished\":\"2009-07-16T17:02:25+00:00\",\"dateModified\":\"2009-07-16T21:26:22+00:00\",\"breadcrumb\":{\"@id\":\"https:\\\/\\\/www.gaidaphotos.com\\\/blog\\\/2009\\\/07\\\/16\\\/italien-adria-riccione-so-kommt-man-in-die-ferien-und-den-urlaub\\\/#breadcrumb\"},\"inLanguage\":\"de\",\"potentialAction\":[{\"@type\":\"ReadAction\",\"target\":[\"https:\\\/\\\/www.gaidaphotos.com\\\/blog\\\/2009\\\/07\\\/16\\\/italien-adria-riccione-so-kommt-man-in-die-ferien-und-den-urlaub\\\/\"]}]},{\"@type\":\"ImageObject\",\"inLanguage\":\"de\",\"@id\":\"https:\\\/\\\/www.gaidaphotos.com\\\/blog\\\/2009\\\/07\\\/16\\\/italien-adria-riccione-so-kommt-man-in-die-ferien-und-den-urlaub\\\/#primaryimage\",\"url\":\"https:\\\/\\\/www.gaidaphotos.com\\\/blog\\\/wp-content\\\/uploads\\\/lifeblog-14072009300.jpg\",\"contentUrl\":\"https:\\\/\\\/www.gaidaphotos.com\\\/blog\\\/wp-content\\\/uploads\\\/lifeblog-14072009300.jpg\"},{\"@type\":\"BreadcrumbList\",\"@id\":\"https:\\\/\\\/www.gaidaphotos.com\\\/blog\\\/2009\\\/07\\\/16\\\/italien-adria-riccione-so-kommt-man-in-die-ferien-und-den-urlaub\\\/#breadcrumb\",\"itemListElement\":[{\"@type\":\"ListItem\",\"position\":1,\"name\":\"Startseite\",\"item\":\"https:\\\/\\\/www.gaidaphotos.com\\\/blog\\\/\"},{\"@type\":\"ListItem\",\"position\":2,\"name\":\"Italien &#8211; Adria &#8211; Riccione: So kommt man in die Ferien und den Urlaub\"}]},{\"@type\":\"WebSite\",\"@id\":\"https:\\\/\\\/www.gaidaphotos.com\\\/blog\\\/#website\",\"url\":\"https:\\\/\\\/www.gaidaphotos.com\\\/blog\\\/\",\"name\":\"K\u00f6ln Rodenkirchen und die Welt\",\"description\":\"Einkaufen, Restaurants, Freizeit, Nachrichten und was uns sonst bewegt und begegnet\",\"publisher\":{\"@id\":\"https:\\\/\\\/www.gaidaphotos.com\\\/blog\\\/#organization\"},\"potentialAction\":[{\"@type\":\"SearchAction\",\"target\":{\"@type\":\"EntryPoint\",\"urlTemplate\":\"https:\\\/\\\/www.gaidaphotos.com\\\/blog\\\/?s={search_term_string}\"},\"query-input\":{\"@type\":\"PropertyValueSpecification\",\"valueRequired\":true,\"valueName\":\"search_term_string\"}}],\"inLanguage\":\"de\"},{\"@type\":\"Organization\",\"@id\":\"https:\\\/\\\/www.gaidaphotos.com\\\/blog\\\/#organization\",\"name\":\"gaidaphotos\",\"url\":\"https:\\\/\\\/www.gaidaphotos.com\\\/blog\\\/\",\"logo\":{\"@type\":\"ImageObject\",\"inLanguage\":\"de\",\"@id\":\"https:\\\/\\\/www.gaidaphotos.com\\\/blog\\\/#\\\/schema\\\/logo\\\/image\\\/\",\"url\":\"https:\\\/\\\/i0.wp.com\\\/www.gaidaphotos.com\\\/blog\\\/wp-content\\\/uploads\\\/2020\\\/07\\\/GAIDAPHOTOS-COM.jpg?fit=160%2C96&ssl=1\",\"contentUrl\":\"https:\\\/\\\/i0.wp.com\\\/www.gaidaphotos.com\\\/blog\\\/wp-content\\\/uploads\\\/2020\\\/07\\\/GAIDAPHOTOS-COM.jpg?fit=160%2C96&ssl=1\",\"width\":160,\"height\":96,\"caption\":\"gaidaphotos\"},\"image\":{\"@id\":\"https:\\\/\\\/www.gaidaphotos.com\\\/blog\\\/#\\\/schema\\\/logo\\\/image\\\/\"},\"sameAs\":[\"https:\\\/\\\/www.facebook.com\\\/Koeln.Rodenkirchen\",\"https:\\\/\\\/x.com\\\/gaidaphotos\",\"https:\\\/\\\/instagram.com\\\/gaidaphotos\\\/\",\"https:\\\/\\\/de.linkedin.com\\\/in\\\/gaidaphotos\",\"https:\\\/\\\/myspace.com\\\/gaidaphotos\",\"https:\\\/\\\/www.pinterest.com\\\/gaidaphotos\\\/\",\"https:\\\/\\\/www.youtube.com\\\/user\\\/gaidaphotos\"]},{\"@type\":\"Person\",\"@id\":\"https:\\\/\\\/www.gaidaphotos.com\\\/blog\\\/#\\\/schema\\\/person\\\/6c444a5b13ffc503c5c32f5a9ec68b21\",\"name\":\"Thomas\",\"sameAs\":[\"https:\\\/\\\/www.gaidaphotos.com\",\"https:\\\/\\\/www.facebook.com\\\/gaidaphotos\",\"https:\\\/\\\/instagram.com\\\/gaidaphotos\\\/\",\"https:\\\/\\\/www.linkedin.com\\\/in\\\/gaidaphotos\",\"http:\\\/\\\/www.pinterest.com\\\/gaidaphotos\\\/\",\"https:\\\/\\\/x.com\\\/gaidaphotos\",\"https:\\\/\\\/myspace.com\\\/gaidaphotos\",\"https:\\\/\\\/www.youtube.com\\\/user\\\/gaidaphotos\",\"https:\\\/\\\/gaidaphotos.tumblr.com\\\/\"]}]}<\/script>\n<!-- \/ Yoast SEO plugin. -->","yoast_head_json":{"title":"Italien - Adria - Riccione: So kommt man in die Ferien und den Urlaub - K\u00f6ln Rodenkirchen und die Welt","robots":{"index":"index","follow":"follow","max-snippet":"max-snippet:-1","max-image-preview":"max-image-preview:large","max-video-preview":"max-video-preview:-1"},"canonical":"https:\/\/www.gaidaphotos.com\/blog\/2009\/07\/16\/italien-adria-riccione-so-kommt-man-in-die-ferien-und-den-urlaub\/","og_locale":"de_DE","og_type":"article","og_title":"Italien - Adria - Riccione: So kommt man in die Ferien und den Urlaub - K\u00f6ln Rodenkirchen und die Welt","og_description":"Heute haben wir die beiden letzten unserer Gruppe vom Flughafen in Ancona abgeholt. Grund genug Euch zu erz\u00e4hlen, wie man","og_url":"https:\/\/www.gaidaphotos.com\/blog\/2009\/07\/16\/italien-adria-riccione-so-kommt-man-in-die-ferien-und-den-urlaub\/","og_site_name":"K\u00f6ln Rodenkirchen und die Welt","article_publisher":"https:\/\/www.facebook.com\/Koeln.Rodenkirchen","article_author":"https:\/\/www.facebook.com\/gaidaphotos","article_published_time":"2009-07-16T17:02:25+00:00","article_modified_time":"2009-07-16T21:26:22+00:00","og_image":[{"url":"https:\/\/www.gaidaphotos.com\/blog\/wp-content\/uploads\/lifeblog-14072009300.jpg","type":"","width":"","height":""}],"author":"Thomas","twitter_card":"summary_large_image","twitter_creator":"@gaidaphotos","twitter_site":"@gaidaphotos","twitter_misc":{"Verfasst von":"Thomas","Gesch\u00e4tzte Lesezeit":"1\u00a0Minute"},"schema":{"@context":"https:\/\/schema.org","@graph":[{"@type":"Article","@id":"https:\/\/www.gaidaphotos.com\/blog\/2009\/07\/16\/italien-adria-riccione-so-kommt-man-in-die-ferien-und-den-urlaub\/#article","isPartOf":{"@id":"https:\/\/www.gaidaphotos.com\/blog\/2009\/07\/16\/italien-adria-riccione-so-kommt-man-in-die-ferien-und-den-urlaub\/"},"author":{"name":"Thomas","@id":"https:\/\/www.gaidaphotos.com\/blog\/#\/schema\/person\/6c444a5b13ffc503c5c32f5a9ec68b21"},"headline":"Italien &#8211; Adria &#8211; Riccione: So kommt man in die Ferien und den Urlaub","datePublished":"2009-07-16T17:02:25+00:00","dateModified":"2009-07-16T21:26:22+00:00","mainEntityOfPage":{"@id":"https:\/\/www.gaidaphotos.com\/blog\/2009\/07\/16\/italien-adria-riccione-so-kommt-man-in-die-ferien-und-den-urlaub\/"},"wordCount":230,"commentCount":0,"publisher":{"@id":"https:\/\/www.gaidaphotos.com\/blog\/#organization"},"image":{"@id":"https:\/\/www.gaidaphotos.com\/blog\/2009\/07\/16\/italien-adria-riccione-so-kommt-man-in-die-ferien-und-den-urlaub\/#primaryimage"},"thumbnailUrl":"https:\/\/www.gaidaphotos.com\/blog\/wp-content\/uploads\/lifeblog-14072009300.jpg","keywords":["Riccione (Adria)"],"articleSection":["17","Italien","Reise\/ Reisen"],"inLanguage":"de","potentialAction":[{"@type":"CommentAction","name":"Comment","target":["https:\/\/www.gaidaphotos.com\/blog\/2009\/07\/16\/italien-adria-riccione-so-kommt-man-in-die-ferien-und-den-urlaub\/#respond"]}]},{"@type":"WebPage","@id":"https:\/\/www.gaidaphotos.com\/blog\/2009\/07\/16\/italien-adria-riccione-so-kommt-man-in-die-ferien-und-den-urlaub\/","url":"https:\/\/www.gaidaphotos.com\/blog\/2009\/07\/16\/italien-adria-riccione-so-kommt-man-in-die-ferien-und-den-urlaub\/","name":"Italien - Adria - Riccione: So kommt man in die Ferien und den Urlaub - K\u00f6ln Rodenkirchen und die Welt","isPartOf":{"@id":"https:\/\/www.gaidaphotos.com\/blog\/#website"},"primaryImageOfPage":{"@id":"https:\/\/www.gaidaphotos.com\/blog\/2009\/07\/16\/italien-adria-riccione-so-kommt-man-in-die-ferien-und-den-urlaub\/#primaryimage"},"image":{"@id":"https:\/\/www.gaidaphotos.com\/blog\/2009\/07\/16\/italien-adria-riccione-so-kommt-man-in-die-ferien-und-den-urlaub\/#primaryimage"},"thumbnailUrl":"https:\/\/www.gaidaphotos.com\/blog\/wp-content\/uploads\/lifeblog-14072009300.jpg","datePublished":"2009-07-16T17:02:25+00:00","dateModified":"2009-07-16T21:26:22+00:00","breadcrumb":{"@id":"https:\/\/www.gaidaphotos.com\/blog\/2009\/07\/16\/italien-adria-riccione-so-kommt-man-in-die-ferien-und-den-urlaub\/#breadcrumb"},"inLanguage":"de","potentialAction":[{"@type":"ReadAction","target":["https:\/\/www.gaidaphotos.com\/blog\/2009\/07\/16\/italien-adria-riccione-so-kommt-man-in-die-ferien-und-den-urlaub\/"]}]},{"@type":"ImageObject","inLanguage":"de","@id":"https:\/\/www.gaidaphotos.com\/blog\/2009\/07\/16\/italien-adria-riccione-so-kommt-man-in-die-ferien-und-den-urlaub\/#primaryimage","url":"https:\/\/www.gaidaphotos.com\/blog\/wp-content\/uploads\/lifeblog-14072009300.jpg","contentUrl":"https:\/\/www.gaidaphotos.com\/blog\/wp-content\/uploads\/lifeblog-14072009300.jpg"},{"@type":"BreadcrumbList","@id":"https:\/\/www.gaidaphotos.com\/blog\/2009\/07\/16\/italien-adria-riccione-so-kommt-man-in-die-ferien-und-den-urlaub\/#breadcrumb","itemListElement":[{"@type":"ListItem","position":1,"name":"Startseite","item":"https:\/\/www.gaidaphotos.com\/blog\/"},{"@type":"ListItem","position":2,"name":"Italien &#8211; Adria &#8211; Riccione: So kommt man in die Ferien und den Urlaub"}]},{"@type":"WebSite","@id":"https:\/\/www.gaidaphotos.com\/blog\/#website","url":"https:\/\/www.gaidaphotos.com\/blog\/","name":"K\u00f6ln Rodenkirchen und die Welt","description":"Einkaufen, Restaurants, Freizeit, Nachrichten und was uns sonst bewegt und begegnet","publisher":{"@id":"https:\/\/www.gaidaphotos.com\/blog\/#organization"},"potentialAction":[{"@type":"SearchAction","target":{"@type":"EntryPoint","urlTemplate":"https:\/\/www.gaidaphotos.com\/blog\/?s={search_term_string}"},"query-input":{"@type":"PropertyValueSpecification","valueRequired":true,"valueName":"search_term_string"}}],"inLanguage":"de"},{"@type":"Organization","@id":"https:\/\/www.gaidaphotos.com\/blog\/#organization","name":"gaidaphotos","url":"https:\/\/www.gaidaphotos.com\/blog\/","logo":{"@type":"ImageObject","inLanguage":"de","@id":"https:\/\/www.gaidaphotos.com\/blog\/#\/schema\/logo\/image\/","url":"https:\/\/i0.wp.com\/www.gaidaphotos.com\/blog\/wp-content\/uploads\/2020\/07\/GAIDAPHOTOS-COM.jpg?fit=160%2C96&ssl=1","contentUrl":"https:\/\/i0.wp.com\/www.gaidaphotos.com\/blog\/wp-content\/uploads\/2020\/07\/GAIDAPHOTOS-COM.jpg?fit=160%2C96&ssl=1","width":160,"height":96,"caption":"gaidaphotos"},"image":{"@id":"https:\/\/www.gaidaphotos.com\/blog\/#\/schema\/logo\/image\/"},"sameAs":["https:\/\/www.facebook.com\/Koeln.Rodenkirchen","https:\/\/x.com\/gaidaphotos","https:\/\/instagram.com\/gaidaphotos\/","https:\/\/de.linkedin.com\/in\/gaidaphotos","https:\/\/myspace.com\/gaidaphotos","https:\/\/www.pinterest.com\/gaidaphotos\/","https:\/\/www.youtube.com\/user\/gaidaphotos"]},{"@type":"Person","@id":"https:\/\/www.gaidaphotos.com\/blog\/#\/schema\/person\/6c444a5b13ffc503c5c32f5a9ec68b21","name":"Thomas","sameAs":["https:\/\/www.gaidaphotos.com","https:\/\/www.facebook.com\/gaidaphotos","https:\/\/instagram.com\/gaidaphotos\/","https:\/\/www.linkedin.com\/in\/gaidaphotos","http:\/\/www.pinterest.com\/gaidaphotos\/","https:\/\/x.com\/gaidaphotos","https:\/\/myspace.com\/gaidaphotos","https:\/\/www.youtube.com\/user\/gaidaphotos","https:\/\/gaidaphotos.tumblr.com\/"]}]}},"jetpack_publicize_connections":[],"jetpack_featured_media_url":"","jetpack_sharing_enabled":true,"jetpack_likes_enabled":true,"jetpack-related-posts":[{"id":2856,"url":"https:\/\/www.gaidaphotos.com\/blog\/2010\/05\/18\/urlaub-sonne-strand-meer-riccione-adria\/","url_meta":{"origin":1936,"position":0},"title":"Urlaub &#8211; Sonne &#8211; Strand &#038; Meer: Riccione (Adria)","author":"Thomas","date":"18. Mai 2010","format":false,"excerpt":"Urlaub mit Sonne, Strand & Meer in Riccione (Adria, Italien) Im vergangenen Jahr habe ich Euch von unserer Reise nach Riccione (Adria, Italien) und unserem Urlaub im Hotel Baden Baden berichtet. Unser live Erlebnisbericht wird (hoffentlich) in diesem Sommer fortgesetzt. Wer jetzt auf der Suche nach einem Urlaubsziel mit Sonne,\u2026","rel":"","context":"In &quot;Hotel\/Hotels&quot;","block_context":{"text":"Hotel\/Hotels","link":"https:\/\/www.gaidaphotos.com\/blog\/category\/reise\/hotel-hotels\/"},"img":{"alt_text":"Urlaub Meer Strand Italien","src":"https:\/\/i0.wp.com\/www.gaidaphotos.com\/blog\/wp-content\/uploads\/2010\/05\/Italien-Urlaub-Strand-Riccione-03.jpg?resize=350%2C200&ssl=1","width":350,"height":200},"classes":[]},{"id":1937,"url":"https:\/\/www.gaidaphotos.com\/blog\/2009\/07\/17\/italien-urlaub-wochenmarkt-in%c2%a0riccione-adria\/","url_meta":{"origin":1936,"position":1},"title":"Italien Urlaub: Wochenmarkt in\u00a0Riccione (Adria)","author":"Thomas","date":"17. Juli 2009","format":false,"excerpt":"Heute sind wir Morgens nicht an den\u00a0Strand und das Meer in Riccione gegangen, sondern zum Wochenmarkt. Jeden Freitag Vormittag findet dieser Markt in Alt-Riccione, an der Adria statt. Das ist kein Markt wie wir ihn aus K\u00f6ln Rodenkirchen kennen, mit Obst, Gem\u00fcse, K\u00e4se, Wurst und Blumen. Auf dem Markt in\u2026","rel":"","context":"In &quot;17&quot;","block_context":{"text":"17","link":"https:\/\/www.gaidaphotos.com\/blog\/category\/mobile_news_von_unterwegs\/mobile_news_von_unterwegs-n95\/"},"img":{"alt_text":"","src":"","width":0,"height":0},"classes":[]},{"id":1939,"url":"https:\/\/www.gaidaphotos.com\/blog\/2009\/07\/19\/italien-adria-urlaub-evviva-romagna-in-riccione-abissinia\/","url_meta":{"origin":1936,"position":2},"title":"Italien-Adria-Urlaub: &#8222;Evviva Romagna&#8220; in Riccione Abissinia","author":"Thomas","date":"19. Juli 2009","format":false,"excerpt":"Gestern Abend, in unserem Urlaub in Italien, haben wir in Riccione Abissinia einen Folklore Abend gefeiert. Die Band spielte volkst\u00fcmliche Weisen und Tanzmusik - etwas laut aber k\u00fcnstlerisch ertr\u00e4glich ;-). Es gab frisch gegrillte Sardinen (s. Foto), Piadina (lokale Spezialit\u00e4t, Fladenbrot, unbedingt probieren), Grillwurst und Wein. Die Feier endete in\u2026","rel":"","context":"In &quot;17&quot;","block_context":{"text":"17","link":"https:\/\/www.gaidaphotos.com\/blog\/category\/mobile_news_von_unterwegs\/mobile_news_von_unterwegs-n95\/"},"img":{"alt_text":"","src":"","width":0,"height":0},"classes":[]},{"id":7254,"url":"https:\/\/www.gaidaphotos.com\/blog\/2014\/08\/27\/last-minute-an-die-adria-fliegen\/","url_meta":{"origin":1936,"position":3},"title":"Last-Minute an die Adria fliegen","author":"Thomas","date":"27. August 2014","format":false,"excerpt":"Adria Urlaub in Riccione zum Sparpreis Mallorca und Antalya sind heute die Urlaubsziele f\u00fcr den Massentourismus. Die Adriak\u00fcste zwischen Rimini, Riccione und Cattolica war in den 1960er und 1970er Jahren das beliebteste Urlaubsziel der deutschen Urlauber. Viel hat sich auch seitdem in Riccione und den anderen Adria Badeorten ge\u00e4ndert, aber\u2026","rel":"","context":"In &quot;Italien&quot;","block_context":{"text":"Italien","link":"https:\/\/www.gaidaphotos.com\/blog\/category\/reise\/italien\/"},"img":{"alt_text":"","src":"https:\/\/i0.wp.com\/www.gaidaphotos.com\/blog\/wp-content\/uploads\/ngg_featured\/riccione-adria-1957-02.jpg?fit=1024%2C726&ssl=1&resize=350%2C200","width":350,"height":200,"srcset":"https:\/\/i0.wp.com\/www.gaidaphotos.com\/blog\/wp-content\/uploads\/ngg_featured\/riccione-adria-1957-02.jpg?fit=1024%2C726&ssl=1&resize=350%2C200 1x, https:\/\/i0.wp.com\/www.gaidaphotos.com\/blog\/wp-content\/uploads\/ngg_featured\/riccione-adria-1957-02.jpg?fit=1024%2C726&ssl=1&resize=525%2C300 1.5x, https:\/\/i0.wp.com\/www.gaidaphotos.com\/blog\/wp-content\/uploads\/ngg_featured\/riccione-adria-1957-02.jpg?fit=1024%2C726&ssl=1&resize=700%2C400 2x"},"classes":[]},{"id":2016,"url":"https:\/\/www.gaidaphotos.com\/blog\/2009\/08\/05\/italien-urlaub-adria-riccione-ausflug-san-marino\/","url_meta":{"origin":1936,"position":4},"title":"Italien &#8211; Urlaub &#8211; Adria &#8211; Riccione: Ausflug nach San Marino","author":"01726903617@vodafone.de","date":"5. August 2009","format":false,"excerpt":"Wer Urlaub an der Adria macht, ob in Rimini, Riccione oder Cattolica, f\u00fcr den ist der Besuch von San Marino ein mu\u00df. Mit dem PKW braucht man ca. 45-60 min (nicht zu sp\u00e4t losfahren sonst wird die Parkplatzsuche schwierig) oder dem Bus ca. 1,5h. Die Bushaltestelle liegt 5min von unserem\u2026","rel":"","context":"In &quot;Italien&quot;","block_context":{"text":"Italien","link":"https:\/\/www.gaidaphotos.com\/blog\/category\/reise\/italien\/"},"img":{"alt_text":"","src":"https:\/\/i0.wp.com\/www.gaidaphotos.com\/blog\/wp-content\/uploads\/2009\/08\/san-marino-museum-02.jpg?resize=350%2C200&ssl=1","width":350,"height":200,"srcset":"https:\/\/i0.wp.com\/www.gaidaphotos.com\/blog\/wp-content\/uploads\/2009\/08\/san-marino-museum-02.jpg?resize=350%2C200&ssl=1 1x, https:\/\/i0.wp.com\/www.gaidaphotos.com\/blog\/wp-content\/uploads\/2009\/08\/san-marino-museum-02.jpg?resize=525%2C300&ssl=1 1.5x, https:\/\/i0.wp.com\/www.gaidaphotos.com\/blog\/wp-content\/uploads\/2009\/08\/san-marino-museum-02.jpg?resize=700%2C400&ssl=1 2x, https:\/\/i0.wp.com\/www.gaidaphotos.com\/blog\/wp-content\/uploads\/2009\/08\/san-marino-museum-02.jpg?resize=1050%2C600&ssl=1 3x, https:\/\/i0.wp.com\/www.gaidaphotos.com\/blog\/wp-content\/uploads\/2009\/08\/san-marino-museum-02.jpg?resize=1400%2C800&ssl=1 4x"},"classes":[]},{"id":1931,"url":"https:\/\/www.gaidaphotos.com\/blog\/2009\/07\/14\/riccione-strandspaziergang\/","url_meta":{"origin":1936,"position":5},"title":"Italien &#8211; Adria &#8211; Riccione: Strandspaziergang","author":"01726903617@vodafone.de","date":"14. Juli 2009","format":false,"excerpt":"Das Essen ist SO gut und SO reichlich, dass man am Strand in Riccione (Adria Italien) nicht nur faul auf der Liege verweilen kann sondern am Strand, entlang der Wellen der Adria, durch den Sand spazieren muss\/sollte. Von unserem Strand-abschnitt in Riccione (Italien) kann man im Urlaub entweder in ca\u2026","rel":"","context":"In &quot;Italien&quot;","block_context":{"text":"Italien","link":"https:\/\/www.gaidaphotos.com\/blog\/category\/reise\/italien\/"},"img":{"alt_text":"Italien - Adria - Riccione: Strandspaziergang","src":"https:\/\/i0.wp.com\/www.gaidaphotos.com\/blog\/wp-content\/uploads\/2009\/07\/postie-media6.jpeg?fit=900%2C1200&ssl=1&resize=350%2C200","width":350,"height":200,"srcset":"https:\/\/i0.wp.com\/www.gaidaphotos.com\/blog\/wp-content\/uploads\/2009\/07\/postie-media6.jpeg?fit=900%2C1200&ssl=1&resize=350%2C200 1x, https:\/\/i0.wp.com\/www.gaidaphotos.com\/blog\/wp-content\/uploads\/2009\/07\/postie-media6.jpeg?fit=900%2C1200&ssl=1&resize=525%2C300 1.5x, https:\/\/i0.wp.com\/www.gaidaphotos.com\/blog\/wp-content\/uploads\/2009\/07\/postie-media6.jpeg?fit=900%2C1200&ssl=1&resize=700%2C400 2x"},"classes":[]}],"_links":{"self":[{"href":"https:\/\/www.gaidaphotos.com\/blog\/wp-json\/wp\/v2\/posts\/1936","targetHints":{"allow":["GET"]}}],"collection":[{"href":"https:\/\/www.gaidaphotos.com\/blog\/wp-json\/wp\/v2\/posts"}],"about":[{"href":"https:\/\/www.gaidaphotos.com\/blog\/wp-json\/wp\/v2\/types\/post"}],"author":[{"embeddable":true,"href":"https:\/\/www.gaidaphotos.com\/blog\/wp-json\/wp\/v2\/users\/6"}],"replies":[{"embeddable":true,"href":"https:\/\/www.gaidaphotos.com\/blog\/wp-json\/wp\/v2\/comments?post=1936"}],"version-history":[{"count":0,"href":"https:\/\/www.gaidaphotos.com\/blog\/wp-json\/wp\/v2\/posts\/1936\/revisions"}],"wp:attachment":[{"href":"https:\/\/www.gaidaphotos.com\/blog\/wp-json\/wp\/v2\/media?parent=1936"}],"wp:term":[{"taxonomy":"category","embeddable":true,"href":"https:\/\/www.gaidaphotos.com\/blog\/wp-json\/wp\/v2\/categories?post=1936"},{"taxonomy":"post_tag","embeddable":true,"href":"https:\/\/www.gaidaphotos.com\/blog\/wp-json\/wp\/v2\/tags?post=1936"}],"curies":[{"name":"wp","href":"https:\/\/api.w.org\/{rel}","templated":true}]}}