{"id":1937,"date":"2009-07-17T19:52:59","date_gmt":"2009-07-17T17:52:59","guid":{"rendered":""},"modified":"2009-07-18T22:18:24","modified_gmt":"2009-07-18T20:18:24","slug":"italien-urlaub-wochenmarkt-in%c2%a0riccione-adria","status":"publish","type":"post","link":"https:\/\/www.gaidaphotos.com\/blog\/2009\/07\/17\/italien-urlaub-wochenmarkt-in%c2%a0riccione-adria\/","title":{"rendered":"Italien Urlaub: Wochenmarkt in\u00a0Riccione (Adria)"},"content":{"rendered":"<div class=\"Lifeblog_Posting\">\n<div class=\"Lifeblog_Resource\">\n<img data-recalc-dims=\"1\" decoding=\"async\" src=\"https:\/\/i0.wp.com\/www.gaidaphotos.com\/blog\/wp-content\/uploads\/lifeblog-17072009323.jpg?w=910&#038;ssl=1\" alt=\"Fr 17.07.2009 10:24 17072009323\" \/><\/div>\n<p>Heute sind wir Morgens nicht an den\u00a0Strand und das Meer in  Riccione gegangen, sondern zum Wochenmarkt.<br \/>\nJeden Freitag Vormittag findet dieser Markt in Alt-Riccione, an der Adria statt. Das ist kein Markt wie wir ihn aus K\u00f6ln Rodenkirchen kennen, mit Obst, Gem\u00fcse, K\u00e4se, Wurst und Blumen. Auf dem Markt in Riccione (Italien) werden Kleidung, Handtaschen, Schuhe, Brieftaschen und Haushaltsartikel uvm feilgeboten. Wenig kostet \u00fcber 20\u20ac &#8211; das meiste auf dem Markt in\u00a0Riccione kostet 5-10\u20ac.<br \/>\nEs ist hei\u00df und kaum ein Luftzug geht, wenn die (vor allem) Frauen auf den Grabbeltischen des Marktes an der Adria nach Schn\u00e4ppchen w\u00fchlen. Wie viel verlockender ist das k\u00fchlere Meer (Adria) mit frischem Wind am Strand.<br \/>\nDennoch sollte man seine Routine im Urlaub oder den\u00a0Ferien in\u00a0Riccione unterbrechen und sich den Markt einmal ansehen.<br \/>\nDer Wochenmarkt findet ca. 15min von unserem Hotel Baden Baden (Riccione) entfernt statt und liegt 500m hinter dem Bahnhof.<br \/>\nDer Markt endet gegen 12:00h und wir sind rechtzeitig zur\u00fcck um den Rest des Ferien-tag bei ausgezeichnetem Essen im Hotel Baden Baden und dann an Strand und Meerzu genie\u00dfen.<br \/>\nUrlaubstipp f\u00fcr die Ferien in\u00a0Riccione (Italien, Adria): Wochenmarkt am\u00a0Freitag Morgen\n<\/p><\/div>\n","protected":false},"excerpt":{"rendered":"<p>Heute sind wir Morgens nicht an den\u00a0Strand und das Meer in Riccione gegangen, sondern zum Wochenmarkt. Jeden Freitag Vormittag findet<\/p>\n","protected":false},"author":6,"featured_media":0,"comment_status":"open","ping_status":"open","sticky":false,"template":"","format":"standard","meta":{"_crdt_document":"","ngg_post_thumbnail":0,"jetpack_post_was_ever_published":false,"_jetpack_newsletter_access":"","_jetpack_dont_email_post_to_subs":false,"_jetpack_newsletter_tier_id":0,"_jetpack_memberships_contains_paywalled_content":false,"_jetpack_memberships_contains_paid_content":false,"footnotes":"","jetpack_publicize_message":"","jetpack_publicize_feature_enabled":true,"jetpack_social_post_already_shared":false,"jetpack_social_options":{"image_generator_settings":{"template":"highway","default_image_id":0,"font":"","enabled":false},"version":2}},"categories":[20,117,82],"tags":[118],"class_list":["post-1937","post","type-post","status-publish","format-standard","hentry","category-mobile_news_von_unterwegs-n95","category-italien","category-reise","tag-riccione-adria"],"yoast_head":"<!-- This site is optimized with the Yoast SEO plugin v27.5 - https:\/\/yoast.com\/product\/yoast-seo-wordpress\/ -->\n<title>Italien Urlaub: Wochenmarkt in\u00a0Riccione (Adria) - K\u00f6ln Rodenkirchen und die Welt<\/title>\n<meta name=\"robots\" content=\"index, follow, max-snippet:-1, max-image-preview:large, max-video-preview:-1\" \/>\n<link rel=\"canonical\" href=\"https:\/\/www.gaidaphotos.com\/blog\/2009\/07\/17\/italien-urlaub-wochenmarkt-in\u00a0riccione-adria\/\" \/>\n<meta property=\"og:locale\" content=\"de_DE\" \/>\n<meta property=\"og:type\" content=\"article\" \/>\n<meta property=\"og:title\" content=\"Italien Urlaub: Wochenmarkt in\u00a0Riccione (Adria) - K\u00f6ln Rodenkirchen und die Welt\" \/>\n<meta property=\"og:description\" content=\"Heute sind wir Morgens nicht an den\u00a0Strand und das Meer in Riccione gegangen, sondern zum Wochenmarkt. Jeden Freitag Vormittag findet\" \/>\n<meta property=\"og:url\" content=\"https:\/\/www.gaidaphotos.com\/blog\/2009\/07\/17\/italien-urlaub-wochenmarkt-in\u00a0riccione-adria\/\" \/>\n<meta property=\"og:site_name\" content=\"K\u00f6ln Rodenkirchen und die Welt\" \/>\n<meta property=\"article:publisher\" content=\"https:\/\/www.facebook.com\/Koeln.Rodenkirchen\" \/>\n<meta property=\"article:author\" content=\"https:\/\/www.facebook.com\/gaidaphotos\" \/>\n<meta property=\"article:published_time\" content=\"2009-07-17T17:52:59+00:00\" \/>\n<meta property=\"article:modified_time\" content=\"2009-07-18T20:18:24+00:00\" \/>\n<meta property=\"og:image\" content=\"https:\/\/www.gaidaphotos.com\/blog\/wp-content\/uploads\/lifeblog-17072009323.jpg\" \/>\n<meta name=\"author\" content=\"Thomas\" \/>\n<meta name=\"twitter:card\" content=\"summary_large_image\" \/>\n<meta name=\"twitter:creator\" content=\"@gaidaphotos\" \/>\n<meta name=\"twitter:site\" content=\"@gaidaphotos\" \/>\n<meta name=\"twitter:label1\" content=\"Verfasst von\" \/>\n\t<meta name=\"twitter:data1\" content=\"Thomas\" \/>\n\t<meta name=\"twitter:label2\" content=\"Gesch\u00e4tzte Lesezeit\" \/>\n\t<meta name=\"twitter:data2\" content=\"1\u00a0Minute\" \/>\n<script type=\"application\/ld+json\" class=\"yoast-schema-graph\">{\"@context\":\"https:\\\/\\\/schema.org\",\"@graph\":[{\"@type\":\"Article\",\"@id\":\"https:\\\/\\\/www.gaidaphotos.com\\\/blog\\\/2009\\\/07\\\/17\\\/italien-urlaub-wochenmarkt-in%c2%a0riccione-adria\\\/#article\",\"isPartOf\":{\"@id\":\"https:\\\/\\\/www.gaidaphotos.com\\\/blog\\\/2009\\\/07\\\/17\\\/italien-urlaub-wochenmarkt-in%c2%a0riccione-adria\\\/\"},\"author\":{\"name\":\"Thomas\",\"@id\":\"https:\\\/\\\/www.gaidaphotos.com\\\/blog\\\/#\\\/schema\\\/person\\\/6c444a5b13ffc503c5c32f5a9ec68b21\"},\"headline\":\"Italien Urlaub: Wochenmarkt in\u00a0Riccione (Adria)\",\"datePublished\":\"2009-07-17T17:52:59+00:00\",\"dateModified\":\"2009-07-18T20:18:24+00:00\",\"mainEntityOfPage\":{\"@id\":\"https:\\\/\\\/www.gaidaphotos.com\\\/blog\\\/2009\\\/07\\\/17\\\/italien-urlaub-wochenmarkt-in%c2%a0riccione-adria\\\/\"},\"wordCount\":206,\"commentCount\":0,\"publisher\":{\"@id\":\"https:\\\/\\\/www.gaidaphotos.com\\\/blog\\\/#organization\"},\"image\":{\"@id\":\"https:\\\/\\\/www.gaidaphotos.com\\\/blog\\\/2009\\\/07\\\/17\\\/italien-urlaub-wochenmarkt-in%c2%a0riccione-adria\\\/#primaryimage\"},\"thumbnailUrl\":\"https:\\\/\\\/www.gaidaphotos.com\\\/blog\\\/wp-content\\\/uploads\\\/lifeblog-17072009323.jpg\",\"keywords\":[\"Riccione (Adria)\"],\"articleSection\":[\"17\",\"Italien\",\"Reise\\\/ Reisen\"],\"inLanguage\":\"de\",\"potentialAction\":[{\"@type\":\"CommentAction\",\"name\":\"Comment\",\"target\":[\"https:\\\/\\\/www.gaidaphotos.com\\\/blog\\\/2009\\\/07\\\/17\\\/italien-urlaub-wochenmarkt-in%c2%a0riccione-adria\\\/#respond\"]}]},{\"@type\":\"WebPage\",\"@id\":\"https:\\\/\\\/www.gaidaphotos.com\\\/blog\\\/2009\\\/07\\\/17\\\/italien-urlaub-wochenmarkt-in%c2%a0riccione-adria\\\/\",\"url\":\"https:\\\/\\\/www.gaidaphotos.com\\\/blog\\\/2009\\\/07\\\/17\\\/italien-urlaub-wochenmarkt-in%c2%a0riccione-adria\\\/\",\"name\":\"Italien Urlaub: Wochenmarkt in\u00a0Riccione (Adria) - K\u00f6ln Rodenkirchen und die Welt\",\"isPartOf\":{\"@id\":\"https:\\\/\\\/www.gaidaphotos.com\\\/blog\\\/#website\"},\"primaryImageOfPage\":{\"@id\":\"https:\\\/\\\/www.gaidaphotos.com\\\/blog\\\/2009\\\/07\\\/17\\\/italien-urlaub-wochenmarkt-in%c2%a0riccione-adria\\\/#primaryimage\"},\"image\":{\"@id\":\"https:\\\/\\\/www.gaidaphotos.com\\\/blog\\\/2009\\\/07\\\/17\\\/italien-urlaub-wochenmarkt-in%c2%a0riccione-adria\\\/#primaryimage\"},\"thumbnailUrl\":\"https:\\\/\\\/www.gaidaphotos.com\\\/blog\\\/wp-content\\\/uploads\\\/lifeblog-17072009323.jpg\",\"datePublished\":\"2009-07-17T17:52:59+00:00\",\"dateModified\":\"2009-07-18T20:18:24+00:00\",\"breadcrumb\":{\"@id\":\"https:\\\/\\\/www.gaidaphotos.com\\\/blog\\\/2009\\\/07\\\/17\\\/italien-urlaub-wochenmarkt-in%c2%a0riccione-adria\\\/#breadcrumb\"},\"inLanguage\":\"de\",\"potentialAction\":[{\"@type\":\"ReadAction\",\"target\":[\"https:\\\/\\\/www.gaidaphotos.com\\\/blog\\\/2009\\\/07\\\/17\\\/italien-urlaub-wochenmarkt-in%c2%a0riccione-adria\\\/\"]}]},{\"@type\":\"ImageObject\",\"inLanguage\":\"de\",\"@id\":\"https:\\\/\\\/www.gaidaphotos.com\\\/blog\\\/2009\\\/07\\\/17\\\/italien-urlaub-wochenmarkt-in%c2%a0riccione-adria\\\/#primaryimage\",\"url\":\"https:\\\/\\\/www.gaidaphotos.com\\\/blog\\\/wp-content\\\/uploads\\\/lifeblog-17072009323.jpg\",\"contentUrl\":\"https:\\\/\\\/www.gaidaphotos.com\\\/blog\\\/wp-content\\\/uploads\\\/lifeblog-17072009323.jpg\"},{\"@type\":\"BreadcrumbList\",\"@id\":\"https:\\\/\\\/www.gaidaphotos.com\\\/blog\\\/2009\\\/07\\\/17\\\/italien-urlaub-wochenmarkt-in%c2%a0riccione-adria\\\/#breadcrumb\",\"itemListElement\":[{\"@type\":\"ListItem\",\"position\":1,\"name\":\"Startseite\",\"item\":\"https:\\\/\\\/www.gaidaphotos.com\\\/blog\\\/\"},{\"@type\":\"ListItem\",\"position\":2,\"name\":\"Italien Urlaub: Wochenmarkt in\u00a0Riccione (Adria)\"}]},{\"@type\":\"WebSite\",\"@id\":\"https:\\\/\\\/www.gaidaphotos.com\\\/blog\\\/#website\",\"url\":\"https:\\\/\\\/www.gaidaphotos.com\\\/blog\\\/\",\"name\":\"K\u00f6ln Rodenkirchen und die Welt\",\"description\":\"Einkaufen, Restaurants, Freizeit, Nachrichten und was uns sonst bewegt und begegnet\",\"publisher\":{\"@id\":\"https:\\\/\\\/www.gaidaphotos.com\\\/blog\\\/#organization\"},\"potentialAction\":[{\"@type\":\"SearchAction\",\"target\":{\"@type\":\"EntryPoint\",\"urlTemplate\":\"https:\\\/\\\/www.gaidaphotos.com\\\/blog\\\/?s={search_term_string}\"},\"query-input\":{\"@type\":\"PropertyValueSpecification\",\"valueRequired\":true,\"valueName\":\"search_term_string\"}}],\"inLanguage\":\"de\"},{\"@type\":\"Organization\",\"@id\":\"https:\\\/\\\/www.gaidaphotos.com\\\/blog\\\/#organization\",\"name\":\"gaidaphotos\",\"url\":\"https:\\\/\\\/www.gaidaphotos.com\\\/blog\\\/\",\"logo\":{\"@type\":\"ImageObject\",\"inLanguage\":\"de\",\"@id\":\"https:\\\/\\\/www.gaidaphotos.com\\\/blog\\\/#\\\/schema\\\/logo\\\/image\\\/\",\"url\":\"https:\\\/\\\/i0.wp.com\\\/www.gaidaphotos.com\\\/blog\\\/wp-content\\\/uploads\\\/2020\\\/07\\\/GAIDAPHOTOS-COM.jpg?fit=160%2C96&ssl=1\",\"contentUrl\":\"https:\\\/\\\/i0.wp.com\\\/www.gaidaphotos.com\\\/blog\\\/wp-content\\\/uploads\\\/2020\\\/07\\\/GAIDAPHOTOS-COM.jpg?fit=160%2C96&ssl=1\",\"width\":160,\"height\":96,\"caption\":\"gaidaphotos\"},\"image\":{\"@id\":\"https:\\\/\\\/www.gaidaphotos.com\\\/blog\\\/#\\\/schema\\\/logo\\\/image\\\/\"},\"sameAs\":[\"https:\\\/\\\/www.facebook.com\\\/Koeln.Rodenkirchen\",\"https:\\\/\\\/x.com\\\/gaidaphotos\",\"https:\\\/\\\/instagram.com\\\/gaidaphotos\\\/\",\"https:\\\/\\\/de.linkedin.com\\\/in\\\/gaidaphotos\",\"https:\\\/\\\/myspace.com\\\/gaidaphotos\",\"https:\\\/\\\/www.pinterest.com\\\/gaidaphotos\\\/\",\"https:\\\/\\\/www.youtube.com\\\/user\\\/gaidaphotos\"]},{\"@type\":\"Person\",\"@id\":\"https:\\\/\\\/www.gaidaphotos.com\\\/blog\\\/#\\\/schema\\\/person\\\/6c444a5b13ffc503c5c32f5a9ec68b21\",\"name\":\"Thomas\",\"sameAs\":[\"https:\\\/\\\/www.gaidaphotos.com\",\"https:\\\/\\\/www.facebook.com\\\/gaidaphotos\",\"https:\\\/\\\/instagram.com\\\/gaidaphotos\\\/\",\"https:\\\/\\\/www.linkedin.com\\\/in\\\/gaidaphotos\",\"http:\\\/\\\/www.pinterest.com\\\/gaidaphotos\\\/\",\"https:\\\/\\\/x.com\\\/gaidaphotos\",\"https:\\\/\\\/myspace.com\\\/gaidaphotos\",\"https:\\\/\\\/www.youtube.com\\\/user\\\/gaidaphotos\",\"https:\\\/\\\/gaidaphotos.tumblr.com\\\/\"]}]}<\/script>\n<!-- \/ Yoast SEO plugin. -->","yoast_head_json":{"title":"Italien Urlaub: Wochenmarkt in\u00a0Riccione (Adria) - K\u00f6ln Rodenkirchen und die Welt","robots":{"index":"index","follow":"follow","max-snippet":"max-snippet:-1","max-image-preview":"max-image-preview:large","max-video-preview":"max-video-preview:-1"},"canonical":"https:\/\/www.gaidaphotos.com\/blog\/2009\/07\/17\/italien-urlaub-wochenmarkt-in\u00a0riccione-adria\/","og_locale":"de_DE","og_type":"article","og_title":"Italien Urlaub: Wochenmarkt in\u00a0Riccione (Adria) - K\u00f6ln Rodenkirchen und die Welt","og_description":"Heute sind wir Morgens nicht an den\u00a0Strand und das Meer in Riccione gegangen, sondern zum Wochenmarkt. Jeden Freitag Vormittag findet","og_url":"https:\/\/www.gaidaphotos.com\/blog\/2009\/07\/17\/italien-urlaub-wochenmarkt-in\u00a0riccione-adria\/","og_site_name":"K\u00f6ln Rodenkirchen und die Welt","article_publisher":"https:\/\/www.facebook.com\/Koeln.Rodenkirchen","article_author":"https:\/\/www.facebook.com\/gaidaphotos","article_published_time":"2009-07-17T17:52:59+00:00","article_modified_time":"2009-07-18T20:18:24+00:00","og_image":[{"url":"https:\/\/www.gaidaphotos.com\/blog\/wp-content\/uploads\/lifeblog-17072009323.jpg","type":"","width":"","height":""}],"author":"Thomas","twitter_card":"summary_large_image","twitter_creator":"@gaidaphotos","twitter_site":"@gaidaphotos","twitter_misc":{"Verfasst von":"Thomas","Gesch\u00e4tzte Lesezeit":"1\u00a0Minute"},"schema":{"@context":"https:\/\/schema.org","@graph":[{"@type":"Article","@id":"https:\/\/www.gaidaphotos.com\/blog\/2009\/07\/17\/italien-urlaub-wochenmarkt-in%c2%a0riccione-adria\/#article","isPartOf":{"@id":"https:\/\/www.gaidaphotos.com\/blog\/2009\/07\/17\/italien-urlaub-wochenmarkt-in%c2%a0riccione-adria\/"},"author":{"name":"Thomas","@id":"https:\/\/www.gaidaphotos.com\/blog\/#\/schema\/person\/6c444a5b13ffc503c5c32f5a9ec68b21"},"headline":"Italien Urlaub: Wochenmarkt in\u00a0Riccione (Adria)","datePublished":"2009-07-17T17:52:59+00:00","dateModified":"2009-07-18T20:18:24+00:00","mainEntityOfPage":{"@id":"https:\/\/www.gaidaphotos.com\/blog\/2009\/07\/17\/italien-urlaub-wochenmarkt-in%c2%a0riccione-adria\/"},"wordCount":206,"commentCount":0,"publisher":{"@id":"https:\/\/www.gaidaphotos.com\/blog\/#organization"},"image":{"@id":"https:\/\/www.gaidaphotos.com\/blog\/2009\/07\/17\/italien-urlaub-wochenmarkt-in%c2%a0riccione-adria\/#primaryimage"},"thumbnailUrl":"https:\/\/www.gaidaphotos.com\/blog\/wp-content\/uploads\/lifeblog-17072009323.jpg","keywords":["Riccione (Adria)"],"articleSection":["17","Italien","Reise\/ Reisen"],"inLanguage":"de","potentialAction":[{"@type":"CommentAction","name":"Comment","target":["https:\/\/www.gaidaphotos.com\/blog\/2009\/07\/17\/italien-urlaub-wochenmarkt-in%c2%a0riccione-adria\/#respond"]}]},{"@type":"WebPage","@id":"https:\/\/www.gaidaphotos.com\/blog\/2009\/07\/17\/italien-urlaub-wochenmarkt-in%c2%a0riccione-adria\/","url":"https:\/\/www.gaidaphotos.com\/blog\/2009\/07\/17\/italien-urlaub-wochenmarkt-in%c2%a0riccione-adria\/","name":"Italien Urlaub: Wochenmarkt in\u00a0Riccione (Adria) - K\u00f6ln Rodenkirchen und die Welt","isPartOf":{"@id":"https:\/\/www.gaidaphotos.com\/blog\/#website"},"primaryImageOfPage":{"@id":"https:\/\/www.gaidaphotos.com\/blog\/2009\/07\/17\/italien-urlaub-wochenmarkt-in%c2%a0riccione-adria\/#primaryimage"},"image":{"@id":"https:\/\/www.gaidaphotos.com\/blog\/2009\/07\/17\/italien-urlaub-wochenmarkt-in%c2%a0riccione-adria\/#primaryimage"},"thumbnailUrl":"https:\/\/www.gaidaphotos.com\/blog\/wp-content\/uploads\/lifeblog-17072009323.jpg","datePublished":"2009-07-17T17:52:59+00:00","dateModified":"2009-07-18T20:18:24+00:00","breadcrumb":{"@id":"https:\/\/www.gaidaphotos.com\/blog\/2009\/07\/17\/italien-urlaub-wochenmarkt-in%c2%a0riccione-adria\/#breadcrumb"},"inLanguage":"de","potentialAction":[{"@type":"ReadAction","target":["https:\/\/www.gaidaphotos.com\/blog\/2009\/07\/17\/italien-urlaub-wochenmarkt-in%c2%a0riccione-adria\/"]}]},{"@type":"ImageObject","inLanguage":"de","@id":"https:\/\/www.gaidaphotos.com\/blog\/2009\/07\/17\/italien-urlaub-wochenmarkt-in%c2%a0riccione-adria\/#primaryimage","url":"https:\/\/www.gaidaphotos.com\/blog\/wp-content\/uploads\/lifeblog-17072009323.jpg","contentUrl":"https:\/\/www.gaidaphotos.com\/blog\/wp-content\/uploads\/lifeblog-17072009323.jpg"},{"@type":"BreadcrumbList","@id":"https:\/\/www.gaidaphotos.com\/blog\/2009\/07\/17\/italien-urlaub-wochenmarkt-in%c2%a0riccione-adria\/#breadcrumb","itemListElement":[{"@type":"ListItem","position":1,"name":"Startseite","item":"https:\/\/www.gaidaphotos.com\/blog\/"},{"@type":"ListItem","position":2,"name":"Italien Urlaub: Wochenmarkt in\u00a0Riccione (Adria)"}]},{"@type":"WebSite","@id":"https:\/\/www.gaidaphotos.com\/blog\/#website","url":"https:\/\/www.gaidaphotos.com\/blog\/","name":"K\u00f6ln Rodenkirchen und die Welt","description":"Einkaufen, Restaurants, Freizeit, Nachrichten und was uns sonst bewegt und begegnet","publisher":{"@id":"https:\/\/www.gaidaphotos.com\/blog\/#organization"},"potentialAction":[{"@type":"SearchAction","target":{"@type":"EntryPoint","urlTemplate":"https:\/\/www.gaidaphotos.com\/blog\/?s={search_term_string}"},"query-input":{"@type":"PropertyValueSpecification","valueRequired":true,"valueName":"search_term_string"}}],"inLanguage":"de"},{"@type":"Organization","@id":"https:\/\/www.gaidaphotos.com\/blog\/#organization","name":"gaidaphotos","url":"https:\/\/www.gaidaphotos.com\/blog\/","logo":{"@type":"ImageObject","inLanguage":"de","@id":"https:\/\/www.gaidaphotos.com\/blog\/#\/schema\/logo\/image\/","url":"https:\/\/i0.wp.com\/www.gaidaphotos.com\/blog\/wp-content\/uploads\/2020\/07\/GAIDAPHOTOS-COM.jpg?fit=160%2C96&ssl=1","contentUrl":"https:\/\/i0.wp.com\/www.gaidaphotos.com\/blog\/wp-content\/uploads\/2020\/07\/GAIDAPHOTOS-COM.jpg?fit=160%2C96&ssl=1","width":160,"height":96,"caption":"gaidaphotos"},"image":{"@id":"https:\/\/www.gaidaphotos.com\/blog\/#\/schema\/logo\/image\/"},"sameAs":["https:\/\/www.facebook.com\/Koeln.Rodenkirchen","https:\/\/x.com\/gaidaphotos","https:\/\/instagram.com\/gaidaphotos\/","https:\/\/de.linkedin.com\/in\/gaidaphotos","https:\/\/myspace.com\/gaidaphotos","https:\/\/www.pinterest.com\/gaidaphotos\/","https:\/\/www.youtube.com\/user\/gaidaphotos"]},{"@type":"Person","@id":"https:\/\/www.gaidaphotos.com\/blog\/#\/schema\/person\/6c444a5b13ffc503c5c32f5a9ec68b21","name":"Thomas","sameAs":["https:\/\/www.gaidaphotos.com","https:\/\/www.facebook.com\/gaidaphotos","https:\/\/instagram.com\/gaidaphotos\/","https:\/\/www.linkedin.com\/in\/gaidaphotos","http:\/\/www.pinterest.com\/gaidaphotos\/","https:\/\/x.com\/gaidaphotos","https:\/\/myspace.com\/gaidaphotos","https:\/\/www.youtube.com\/user\/gaidaphotos","https:\/\/gaidaphotos.tumblr.com\/"]}]}},"jetpack_publicize_connections":[],"jetpack_featured_media_url":"","jetpack_sharing_enabled":true,"jetpack_likes_enabled":true,"jetpack-related-posts":[{"id":1954,"url":"https:\/\/www.gaidaphotos.com\/blog\/2009\/08\/05\/italien-reise-riccione-bilder\/","url_meta":{"origin":1937,"position":0},"title":"Italien Reise: Bilder aus Riccione","author":"Thomas","date":"5. August 2009","format":false,"excerpt":"Hier und in den kommenden Eintr\u00e4gen m\u00f6chten wir Euch noch ein paar optische Eindr\u00fccke aus Riccione (Italien, Adria) vermitteln. Die meisten wurden mit einer Handy Kamera (N95) geschossen. Daher das hohe Rauschen, die fehlende Sch\u00e4rfe und der Kamerawinkel. Lungomare in Riccione bei Nacht. Lungomare in Riccione, Adria, bei Tag","rel":"","context":"In &quot;Italien&quot;","block_context":{"text":"Italien","link":"https:\/\/www.gaidaphotos.com\/blog\/category\/reise\/italien\/"},"img":{"alt_text":"Italien Reise Wochenmarkt Riccione","src":"https:\/\/i0.wp.com\/www.gaidaphotos.com\/blog\/wp-content\/uploads\/2009\/08\/italien-reise-riccione-markt-300x225.jpg?resize=350%2C200&ssl=1","width":350,"height":200},"classes":[]},{"id":1911,"url":"https:\/\/www.gaidaphotos.com\/blog\/2009\/07\/09\/italien-riccione-adria-urlaub-unterhaltung\/","url_meta":{"origin":1937,"position":1},"title":"Italien &#8211; Riccione &#8211; Adria: Urlaub und Unterhaltung","author":"Thomas","date":"9. Juli 2009","format":false,"excerpt":". . Auch f\u00fcr Unterhaltung w\u00e4hrend des Urlaubs in Riccione (Italien, Adria) ist gesorgt. Regelm\u00e4\u00dfig gibt es Feuerwerke (maanchmal 4 pro Woche), die am Strand herrlich zu fotografieren sind. Fireworks Feuerwerk Neujahr Silvester \"K\u00f6lner Lichter 2006\" und \"Riccione (Italien, Adria 2005\/2006\") Oder die n\u00e4chtliche Fu\u00dfg\u00e4ngerzone in Riccione (Adria, Italien) wird\u2026","rel":"","context":"In &quot;Italien&quot;","block_context":{"text":"Italien","link":"https:\/\/www.gaidaphotos.com\/blog\/category\/reise\/italien\/"},"img":{"alt_text":"","src":"","width":0,"height":0},"classes":[]},{"id":3247,"url":"https:\/\/www.gaidaphotos.com\/blog\/2010\/07\/18\/urlaubsempfehlung-riccione-italien\/","url_meta":{"origin":1937,"position":2},"title":"Urlaubsempfehlung: Riccione (Adria, Italien)  Live Bericht","author":"Thomas","date":"18. Juli 2010","format":false,"excerpt":"Urlaubsempfehlung: Riccione (Adria, Italien)\u00a0 Live Bericht Ab Sonntag, dem 25.07.2010 (verkaufsoffener Sonntag) berichten wir wieder von Reise und Urlaub an Strand und Meer nach Riccione (Italien). Wie schon im vergangenen Jahr werden wir (versuchen) mit Hokia N95 und Nokia Bluetooth Tastatur Berichte und Fotos live aus dem Urlaub in Riccione\u2026","rel":"","context":"In &quot;Italien&quot;","block_context":{"text":"Italien","link":"https:\/\/www.gaidaphotos.com\/blog\/category\/reise\/italien\/"},"img":{"alt_text":"Urlaub mit Sonne Strand und Meer Riccione (Italien)","src":"https:\/\/i0.wp.com\/www.gaidaphotos.com\/blog\/wp-content\/uploads\/2010\/07\/urlaub-hotel-adria.jpg?resize=350%2C200&ssl=1","width":350,"height":200},"classes":[]},{"id":1944,"url":"https:\/\/www.gaidaphotos.com\/blog\/2009\/07\/23\/italien-reise-hotel-gestern-flohmarkttrodelmarkt-heute-garbino-forte\/","url_meta":{"origin":1937,"position":3},"title":"Italien-Reise-Hotel: Gestern Flohmarkt\/Tr\u00f6delmarkt, Heute Garbino forte","author":"Thomas","date":"23. Juli 2009","format":false,"excerpt":"Gestern Abend war direkt vor unserem Hotel in Riccione (Italien, Adria) wieder einmal Flohmarkt\/Tr\u00f6delmarkt. Diese Flohm\u00e4rkte\/Tr\u00f6delm\u00e4rkte finden regelm\u00e4\u00dfig in Riccione Abissinia (Italien, Adria) statt. Das Hotel Baden Baden in\u00a0Riccione sagt Euch gerne, wenn Ihr Euren Urlaub in\u00a0Riccione bucht, wann der n\u00e4chste Markt stattfindet. Gestern Abend setzte in Riccione an der\u2026","rel":"","context":"In &quot;17&quot;","block_context":{"text":"17","link":"https:\/\/www.gaidaphotos.com\/blog\/category\/mobile_news_von_unterwegs\/mobile_news_von_unterwegs-n95\/"},"img":{"alt_text":"","src":"","width":0,"height":0},"classes":[]},{"id":1966,"url":"https:\/\/www.gaidaphotos.com\/blog\/2009\/08\/05\/italien-urlaub-adria-riccione\/","url_meta":{"origin":1937,"position":4},"title":"Italien Urlaub Adria: Impressionen von Strand und Meer in Riccione","author":"01726903617@vodafone.de","date":"5. August 2009","format":false,"excerpt":"Strand und Meer von Riccione: \u00a0 \u00a0 Am Strand zu liegen und die Spazierg\u00e4nger am Meer zu beobachten ist einer der sch\u00f6nsten Besch\u00e4ftigungen in Riccione. Das dumme am Nichtstun ist nur, dass man nicht weiss wann man fertig ist. Die Retuungsschwimmer sorgen daf\u00fcr, dass man auch bei gr\u00f6\u00dferen Wellen sicher\u2026","rel":"","context":"In &quot;Italien&quot;","block_context":{"text":"Italien","link":"https:\/\/www.gaidaphotos.com\/blog\/category\/reise\/italien\/"},"img":{"alt_text":"Strand Riccione","src":"https:\/\/i0.wp.com\/www.gaidaphotos.com\/blog\/wp-content\/uploads\/2009\/08\/italien-reise-urlaub-adria-08-768x1024.jpg?resize=350%2C200&ssl=1","width":350,"height":200,"srcset":"https:\/\/i0.wp.com\/www.gaidaphotos.com\/blog\/wp-content\/uploads\/2009\/08\/italien-reise-urlaub-adria-08-768x1024.jpg?resize=350%2C200&ssl=1 1x, https:\/\/i0.wp.com\/www.gaidaphotos.com\/blog\/wp-content\/uploads\/2009\/08\/italien-reise-urlaub-adria-08-768x1024.jpg?resize=525%2C300&ssl=1 1.5x, https:\/\/i0.wp.com\/www.gaidaphotos.com\/blog\/wp-content\/uploads\/2009\/08\/italien-reise-urlaub-adria-08-768x1024.jpg?resize=700%2C400&ssl=1 2x"},"classes":[]},{"id":1910,"url":"https:\/\/www.gaidaphotos.com\/blog\/2009\/07\/08\/italien-riccione-adria-strand-und-meer\/","url_meta":{"origin":1937,"position":5},"title":"Italien &#8211; Riccione &#8211; Adria: Strand und Meer","author":"Thomas","date":"8. Juli 2009","format":false,"excerpt":". . Zur Einstimmung auf den Urlaub in Riccione (Adria, Italien) hier ein paar Eindr\u00fccke von Strand und Meer: Unsere Muschel-sammlung by gaidaphotos Die Fotos stammen \u00fcberwiegend vom Strand in Riccione, Italien. Angesp\u00fclt vom Meer...","rel":"","context":"In &quot;Italien&quot;","block_context":{"text":"Italien","link":"https:\/\/www.gaidaphotos.com\/blog\/category\/reise\/italien\/"},"img":{"alt_text":"","src":"","width":0,"height":0},"classes":[]}],"_links":{"self":[{"href":"https:\/\/www.gaidaphotos.com\/blog\/wp-json\/wp\/v2\/posts\/1937","targetHints":{"allow":["GET"]}}],"collection":[{"href":"https:\/\/www.gaidaphotos.com\/blog\/wp-json\/wp\/v2\/posts"}],"about":[{"href":"https:\/\/www.gaidaphotos.com\/blog\/wp-json\/wp\/v2\/types\/post"}],"author":[{"embeddable":true,"href":"https:\/\/www.gaidaphotos.com\/blog\/wp-json\/wp\/v2\/users\/6"}],"replies":[{"embeddable":true,"href":"https:\/\/www.gaidaphotos.com\/blog\/wp-json\/wp\/v2\/comments?post=1937"}],"version-history":[{"count":0,"href":"https:\/\/www.gaidaphotos.com\/blog\/wp-json\/wp\/v2\/posts\/1937\/revisions"}],"wp:attachment":[{"href":"https:\/\/www.gaidaphotos.com\/blog\/wp-json\/wp\/v2\/media?parent=1937"}],"wp:term":[{"taxonomy":"category","embeddable":true,"href":"https:\/\/www.gaidaphotos.com\/blog\/wp-json\/wp\/v2\/categories?post=1937"},{"taxonomy":"post_tag","embeddable":true,"href":"https:\/\/www.gaidaphotos.com\/blog\/wp-json\/wp\/v2\/tags?post=1937"}],"curies":[{"name":"wp","href":"https:\/\/api.w.org\/{rel}","templated":true}]}}