{"id":1939,"date":"2009-07-19T19:13:15","date_gmt":"2009-07-19T17:13:15","guid":{"rendered":""},"modified":"2010-02-12T15:44:29","modified_gmt":"2010-02-12T14:44:29","slug":"italien-adria-urlaub-evviva-romagna-in-riccione-abissinia","status":"publish","type":"post","link":"https:\/\/www.gaidaphotos.com\/blog\/2009\/07\/19\/italien-adria-urlaub-evviva-romagna-in-riccione-abissinia\/","title":{"rendered":"Italien-Adria-Urlaub: &#8222;Evviva Romagna&#8220; in Riccione Abissinia"},"content":{"rendered":"<div class=\"Lifeblog_Posting\">\n<div class=\"Lifeblog_Resource\">\n<img data-recalc-dims=\"1\" decoding=\"async\" src=\"https:\/\/i0.wp.com\/www.gaidaphotos.com\/blog\/wp-content\/uploads\/lifeblog-italien-reise-urlaub.jpg?w=910&#038;ssl=1\" alt=\"Riccione - Urlaub an der Adria\" \/><\/div>\n<p>Gestern Abend, in unserem Urlaub in Italien, haben wir in Riccione Abissinia einen Folklore Abend gefeiert.<br \/>\nDie Band spielte volkst\u00fcmliche Weisen und Tanzmusik &#8211; etwas laut aber k\u00fcnstlerisch ertr\u00e4glich ;-). Es gab frisch gegrillte Sardinen (s. Foto), Piadina (lokale Spezialit\u00e4t, Fladenbrot, unbedingt probieren), Grillwurst und Wein. Die Feier endete in einem Feuerwerk am Strand der Adria.<br \/>\nUnser Ortsteil &#8222;Abissinia&#8220; in Riccione, hier liegt das Hotel Baden Baden, feiert teilweise mehrmals in der Woche.  Mehr davon in den n\u00e4chsten Tagen.<br \/>\nDer Ortsteil soll &#8222;Riccione Abissinia&#8220; hei\u00dfen, weil Musollini verdiente &#8222;Helden&#8220; aus dem Feldzug in Afrika mit Land belohnt hat (wie Jahrhunderte fr\u00fcher schon die R\u00f6mer).<br \/>\nDie vielen Veranstaltungen hier in unserem Urlaub w\u00e4hrend unserer Reise nach Italien beleben das Viertel angenehm.<br \/>\nHeute Abend geht\u00b4s in den LUNA\u00a0Park, so hei\u00dft die st\u00e4ndige Kirmes in Riccione. Nur ca. 10min entfernt ist es das gro\u00dfe Higlights f\u00fcr die Kids im  Urlaub in Riccione.<\/p>\n<\/div>\n","protected":false},"excerpt":{"rendered":"<p>Gestern Abend, in unserem Urlaub in Italien, haben wir in Riccione Abissinia einen Folklore Abend gefeiert. Die Band spielte volkst\u00fcmliche<\/p>\n","protected":false},"author":6,"featured_media":0,"comment_status":"open","ping_status":"open","sticky":false,"template":"","format":"standard","meta":{"_crdt_document":"","ngg_post_thumbnail":0,"jetpack_post_was_ever_published":false,"_jetpack_newsletter_access":"","_jetpack_dont_email_post_to_subs":false,"_jetpack_newsletter_tier_id":0,"_jetpack_memberships_contains_paywalled_content":false,"_jetpack_memberships_contains_paid_content":false,"footnotes":"","jetpack_publicize_message":"","jetpack_publicize_feature_enabled":true,"jetpack_social_post_already_shared":false,"jetpack_social_options":{"image_generator_settings":{"template":"highway","default_image_id":0,"font":"","enabled":false},"version":2}},"categories":[20,116,117],"tags":[118,132],"class_list":["post-1939","post","type-post","status-publish","format-standard","hentry","category-mobile_news_von_unterwegs-n95","category-hotel-hotels","category-italien","tag-riccione-adria","tag-urlaubs-tips"],"yoast_head":"<!-- This site is optimized with the Yoast SEO plugin v27.5 - https:\/\/yoast.com\/product\/yoast-seo-wordpress\/ -->\n<title>Italien-Adria-Urlaub: &quot;Evviva Romagna&quot; in Riccione Abissinia - K\u00f6ln Rodenkirchen und die Welt<\/title>\n<meta name=\"robots\" content=\"index, follow, max-snippet:-1, max-image-preview:large, max-video-preview:-1\" \/>\n<link rel=\"canonical\" href=\"https:\/\/www.gaidaphotos.com\/blog\/2009\/07\/19\/italien-adria-urlaub-evviva-romagna-in-riccione-abissinia\/\" \/>\n<meta property=\"og:locale\" content=\"de_DE\" \/>\n<meta property=\"og:type\" content=\"article\" \/>\n<meta property=\"og:title\" content=\"Italien-Adria-Urlaub: &quot;Evviva Romagna&quot; in Riccione Abissinia - K\u00f6ln Rodenkirchen und die Welt\" \/>\n<meta property=\"og:description\" content=\"Gestern Abend, in unserem Urlaub in Italien, haben wir in Riccione Abissinia einen Folklore Abend gefeiert. Die Band spielte volkst\u00fcmliche\" \/>\n<meta property=\"og:url\" content=\"https:\/\/www.gaidaphotos.com\/blog\/2009\/07\/19\/italien-adria-urlaub-evviva-romagna-in-riccione-abissinia\/\" \/>\n<meta property=\"og:site_name\" content=\"K\u00f6ln Rodenkirchen und die Welt\" \/>\n<meta property=\"article:publisher\" content=\"https:\/\/www.facebook.com\/Koeln.Rodenkirchen\" \/>\n<meta property=\"article:author\" content=\"https:\/\/www.facebook.com\/gaidaphotos\" \/>\n<meta property=\"article:published_time\" content=\"2009-07-19T17:13:15+00:00\" \/>\n<meta property=\"article:modified_time\" content=\"2010-02-12T14:44:29+00:00\" \/>\n<meta property=\"og:image\" content=\"https:\/\/www.gaidaphotos.com\/blog\/wp-content\/uploads\/lifeblog-italien-reise-urlaub.jpg\" \/>\n<meta name=\"author\" content=\"Thomas\" \/>\n<meta name=\"twitter:card\" content=\"summary_large_image\" \/>\n<meta name=\"twitter:creator\" content=\"@gaidaphotos\" \/>\n<meta name=\"twitter:site\" content=\"@gaidaphotos\" \/>\n<meta name=\"twitter:label1\" content=\"Verfasst von\" \/>\n\t<meta name=\"twitter:data1\" content=\"Thomas\" \/>\n\t<meta name=\"twitter:label2\" content=\"Gesch\u00e4tzte Lesezeit\" \/>\n\t<meta name=\"twitter:data2\" content=\"1\u00a0Minute\" \/>\n<script type=\"application\/ld+json\" class=\"yoast-schema-graph\">{\"@context\":\"https:\\\/\\\/schema.org\",\"@graph\":[{\"@type\":\"Article\",\"@id\":\"https:\\\/\\\/www.gaidaphotos.com\\\/blog\\\/2009\\\/07\\\/19\\\/italien-adria-urlaub-evviva-romagna-in-riccione-abissinia\\\/#article\",\"isPartOf\":{\"@id\":\"https:\\\/\\\/www.gaidaphotos.com\\\/blog\\\/2009\\\/07\\\/19\\\/italien-adria-urlaub-evviva-romagna-in-riccione-abissinia\\\/\"},\"author\":{\"name\":\"Thomas\",\"@id\":\"https:\\\/\\\/www.gaidaphotos.com\\\/blog\\\/#\\\/schema\\\/person\\\/6c444a5b13ffc503c5c32f5a9ec68b21\"},\"headline\":\"Italien-Adria-Urlaub: &#8222;Evviva Romagna&#8220; in Riccione Abissinia\",\"datePublished\":\"2009-07-19T17:13:15+00:00\",\"dateModified\":\"2010-02-12T14:44:29+00:00\",\"mainEntityOfPage\":{\"@id\":\"https:\\\/\\\/www.gaidaphotos.com\\\/blog\\\/2009\\\/07\\\/19\\\/italien-adria-urlaub-evviva-romagna-in-riccione-abissinia\\\/\"},\"wordCount\":170,\"commentCount\":0,\"publisher\":{\"@id\":\"https:\\\/\\\/www.gaidaphotos.com\\\/blog\\\/#organization\"},\"image\":{\"@id\":\"https:\\\/\\\/www.gaidaphotos.com\\\/blog\\\/2009\\\/07\\\/19\\\/italien-adria-urlaub-evviva-romagna-in-riccione-abissinia\\\/#primaryimage\"},\"thumbnailUrl\":\"https:\\\/\\\/www.gaidaphotos.com\\\/blog\\\/wp-content\\\/uploads\\\/lifeblog-italien-reise-urlaub.jpg\",\"keywords\":[\"Riccione (Adria)\",\"Urlaub\"],\"articleSection\":[\"17\",\"Hotel\\\/Hotels\",\"Italien\"],\"inLanguage\":\"de\",\"potentialAction\":[{\"@type\":\"CommentAction\",\"name\":\"Comment\",\"target\":[\"https:\\\/\\\/www.gaidaphotos.com\\\/blog\\\/2009\\\/07\\\/19\\\/italien-adria-urlaub-evviva-romagna-in-riccione-abissinia\\\/#respond\"]}]},{\"@type\":\"WebPage\",\"@id\":\"https:\\\/\\\/www.gaidaphotos.com\\\/blog\\\/2009\\\/07\\\/19\\\/italien-adria-urlaub-evviva-romagna-in-riccione-abissinia\\\/\",\"url\":\"https:\\\/\\\/www.gaidaphotos.com\\\/blog\\\/2009\\\/07\\\/19\\\/italien-adria-urlaub-evviva-romagna-in-riccione-abissinia\\\/\",\"name\":\"Italien-Adria-Urlaub: \\\"Evviva Romagna\\\" in Riccione Abissinia - K\u00f6ln Rodenkirchen und die Welt\",\"isPartOf\":{\"@id\":\"https:\\\/\\\/www.gaidaphotos.com\\\/blog\\\/#website\"},\"primaryImageOfPage\":{\"@id\":\"https:\\\/\\\/www.gaidaphotos.com\\\/blog\\\/2009\\\/07\\\/19\\\/italien-adria-urlaub-evviva-romagna-in-riccione-abissinia\\\/#primaryimage\"},\"image\":{\"@id\":\"https:\\\/\\\/www.gaidaphotos.com\\\/blog\\\/2009\\\/07\\\/19\\\/italien-adria-urlaub-evviva-romagna-in-riccione-abissinia\\\/#primaryimage\"},\"thumbnailUrl\":\"https:\\\/\\\/www.gaidaphotos.com\\\/blog\\\/wp-content\\\/uploads\\\/lifeblog-italien-reise-urlaub.jpg\",\"datePublished\":\"2009-07-19T17:13:15+00:00\",\"dateModified\":\"2010-02-12T14:44:29+00:00\",\"breadcrumb\":{\"@id\":\"https:\\\/\\\/www.gaidaphotos.com\\\/blog\\\/2009\\\/07\\\/19\\\/italien-adria-urlaub-evviva-romagna-in-riccione-abissinia\\\/#breadcrumb\"},\"inLanguage\":\"de\",\"potentialAction\":[{\"@type\":\"ReadAction\",\"target\":[\"https:\\\/\\\/www.gaidaphotos.com\\\/blog\\\/2009\\\/07\\\/19\\\/italien-adria-urlaub-evviva-romagna-in-riccione-abissinia\\\/\"]}]},{\"@type\":\"ImageObject\",\"inLanguage\":\"de\",\"@id\":\"https:\\\/\\\/www.gaidaphotos.com\\\/blog\\\/2009\\\/07\\\/19\\\/italien-adria-urlaub-evviva-romagna-in-riccione-abissinia\\\/#primaryimage\",\"url\":\"https:\\\/\\\/www.gaidaphotos.com\\\/blog\\\/wp-content\\\/uploads\\\/lifeblog-italien-reise-urlaub.jpg\",\"contentUrl\":\"https:\\\/\\\/www.gaidaphotos.com\\\/blog\\\/wp-content\\\/uploads\\\/lifeblog-italien-reise-urlaub.jpg\"},{\"@type\":\"BreadcrumbList\",\"@id\":\"https:\\\/\\\/www.gaidaphotos.com\\\/blog\\\/2009\\\/07\\\/19\\\/italien-adria-urlaub-evviva-romagna-in-riccione-abissinia\\\/#breadcrumb\",\"itemListElement\":[{\"@type\":\"ListItem\",\"position\":1,\"name\":\"Startseite\",\"item\":\"https:\\\/\\\/www.gaidaphotos.com\\\/blog\\\/\"},{\"@type\":\"ListItem\",\"position\":2,\"name\":\"Italien-Adria-Urlaub: &#8222;Evviva Romagna&#8220; in Riccione Abissinia\"}]},{\"@type\":\"WebSite\",\"@id\":\"https:\\\/\\\/www.gaidaphotos.com\\\/blog\\\/#website\",\"url\":\"https:\\\/\\\/www.gaidaphotos.com\\\/blog\\\/\",\"name\":\"K\u00f6ln Rodenkirchen und die Welt\",\"description\":\"Einkaufen, Restaurants, Freizeit, Nachrichten und was uns sonst bewegt und begegnet\",\"publisher\":{\"@id\":\"https:\\\/\\\/www.gaidaphotos.com\\\/blog\\\/#organization\"},\"potentialAction\":[{\"@type\":\"SearchAction\",\"target\":{\"@type\":\"EntryPoint\",\"urlTemplate\":\"https:\\\/\\\/www.gaidaphotos.com\\\/blog\\\/?s={search_term_string}\"},\"query-input\":{\"@type\":\"PropertyValueSpecification\",\"valueRequired\":true,\"valueName\":\"search_term_string\"}}],\"inLanguage\":\"de\"},{\"@type\":\"Organization\",\"@id\":\"https:\\\/\\\/www.gaidaphotos.com\\\/blog\\\/#organization\",\"name\":\"gaidaphotos\",\"url\":\"https:\\\/\\\/www.gaidaphotos.com\\\/blog\\\/\",\"logo\":{\"@type\":\"ImageObject\",\"inLanguage\":\"de\",\"@id\":\"https:\\\/\\\/www.gaidaphotos.com\\\/blog\\\/#\\\/schema\\\/logo\\\/image\\\/\",\"url\":\"https:\\\/\\\/i0.wp.com\\\/www.gaidaphotos.com\\\/blog\\\/wp-content\\\/uploads\\\/2020\\\/07\\\/GAIDAPHOTOS-COM.jpg?fit=160%2C96&ssl=1\",\"contentUrl\":\"https:\\\/\\\/i0.wp.com\\\/www.gaidaphotos.com\\\/blog\\\/wp-content\\\/uploads\\\/2020\\\/07\\\/GAIDAPHOTOS-COM.jpg?fit=160%2C96&ssl=1\",\"width\":160,\"height\":96,\"caption\":\"gaidaphotos\"},\"image\":{\"@id\":\"https:\\\/\\\/www.gaidaphotos.com\\\/blog\\\/#\\\/schema\\\/logo\\\/image\\\/\"},\"sameAs\":[\"https:\\\/\\\/www.facebook.com\\\/Koeln.Rodenkirchen\",\"https:\\\/\\\/x.com\\\/gaidaphotos\",\"https:\\\/\\\/instagram.com\\\/gaidaphotos\\\/\",\"https:\\\/\\\/de.linkedin.com\\\/in\\\/gaidaphotos\",\"https:\\\/\\\/myspace.com\\\/gaidaphotos\",\"https:\\\/\\\/www.pinterest.com\\\/gaidaphotos\\\/\",\"https:\\\/\\\/www.youtube.com\\\/user\\\/gaidaphotos\"]},{\"@type\":\"Person\",\"@id\":\"https:\\\/\\\/www.gaidaphotos.com\\\/blog\\\/#\\\/schema\\\/person\\\/6c444a5b13ffc503c5c32f5a9ec68b21\",\"name\":\"Thomas\",\"sameAs\":[\"https:\\\/\\\/www.gaidaphotos.com\",\"https:\\\/\\\/www.facebook.com\\\/gaidaphotos\",\"https:\\\/\\\/instagram.com\\\/gaidaphotos\\\/\",\"https:\\\/\\\/www.linkedin.com\\\/in\\\/gaidaphotos\",\"http:\\\/\\\/www.pinterest.com\\\/gaidaphotos\\\/\",\"https:\\\/\\\/x.com\\\/gaidaphotos\",\"https:\\\/\\\/myspace.com\\\/gaidaphotos\",\"https:\\\/\\\/www.youtube.com\\\/user\\\/gaidaphotos\",\"https:\\\/\\\/gaidaphotos.tumblr.com\\\/\"]}]}<\/script>\n<!-- \/ Yoast SEO plugin. -->","yoast_head_json":{"title":"Italien-Adria-Urlaub: \"Evviva Romagna\" in Riccione Abissinia - K\u00f6ln Rodenkirchen und die Welt","robots":{"index":"index","follow":"follow","max-snippet":"max-snippet:-1","max-image-preview":"max-image-preview:large","max-video-preview":"max-video-preview:-1"},"canonical":"https:\/\/www.gaidaphotos.com\/blog\/2009\/07\/19\/italien-adria-urlaub-evviva-romagna-in-riccione-abissinia\/","og_locale":"de_DE","og_type":"article","og_title":"Italien-Adria-Urlaub: \"Evviva Romagna\" in Riccione Abissinia - K\u00f6ln Rodenkirchen und die Welt","og_description":"Gestern Abend, in unserem Urlaub in Italien, haben wir in Riccione Abissinia einen Folklore Abend gefeiert. Die Band spielte volkst\u00fcmliche","og_url":"https:\/\/www.gaidaphotos.com\/blog\/2009\/07\/19\/italien-adria-urlaub-evviva-romagna-in-riccione-abissinia\/","og_site_name":"K\u00f6ln Rodenkirchen und die Welt","article_publisher":"https:\/\/www.facebook.com\/Koeln.Rodenkirchen","article_author":"https:\/\/www.facebook.com\/gaidaphotos","article_published_time":"2009-07-19T17:13:15+00:00","article_modified_time":"2010-02-12T14:44:29+00:00","og_image":[{"url":"https:\/\/www.gaidaphotos.com\/blog\/wp-content\/uploads\/lifeblog-italien-reise-urlaub.jpg","type":"","width":"","height":""}],"author":"Thomas","twitter_card":"summary_large_image","twitter_creator":"@gaidaphotos","twitter_site":"@gaidaphotos","twitter_misc":{"Verfasst von":"Thomas","Gesch\u00e4tzte Lesezeit":"1\u00a0Minute"},"schema":{"@context":"https:\/\/schema.org","@graph":[{"@type":"Article","@id":"https:\/\/www.gaidaphotos.com\/blog\/2009\/07\/19\/italien-adria-urlaub-evviva-romagna-in-riccione-abissinia\/#article","isPartOf":{"@id":"https:\/\/www.gaidaphotos.com\/blog\/2009\/07\/19\/italien-adria-urlaub-evviva-romagna-in-riccione-abissinia\/"},"author":{"name":"Thomas","@id":"https:\/\/www.gaidaphotos.com\/blog\/#\/schema\/person\/6c444a5b13ffc503c5c32f5a9ec68b21"},"headline":"Italien-Adria-Urlaub: &#8222;Evviva Romagna&#8220; in Riccione Abissinia","datePublished":"2009-07-19T17:13:15+00:00","dateModified":"2010-02-12T14:44:29+00:00","mainEntityOfPage":{"@id":"https:\/\/www.gaidaphotos.com\/blog\/2009\/07\/19\/italien-adria-urlaub-evviva-romagna-in-riccione-abissinia\/"},"wordCount":170,"commentCount":0,"publisher":{"@id":"https:\/\/www.gaidaphotos.com\/blog\/#organization"},"image":{"@id":"https:\/\/www.gaidaphotos.com\/blog\/2009\/07\/19\/italien-adria-urlaub-evviva-romagna-in-riccione-abissinia\/#primaryimage"},"thumbnailUrl":"https:\/\/www.gaidaphotos.com\/blog\/wp-content\/uploads\/lifeblog-italien-reise-urlaub.jpg","keywords":["Riccione (Adria)","Urlaub"],"articleSection":["17","Hotel\/Hotels","Italien"],"inLanguage":"de","potentialAction":[{"@type":"CommentAction","name":"Comment","target":["https:\/\/www.gaidaphotos.com\/blog\/2009\/07\/19\/italien-adria-urlaub-evviva-romagna-in-riccione-abissinia\/#respond"]}]},{"@type":"WebPage","@id":"https:\/\/www.gaidaphotos.com\/blog\/2009\/07\/19\/italien-adria-urlaub-evviva-romagna-in-riccione-abissinia\/","url":"https:\/\/www.gaidaphotos.com\/blog\/2009\/07\/19\/italien-adria-urlaub-evviva-romagna-in-riccione-abissinia\/","name":"Italien-Adria-Urlaub: \"Evviva Romagna\" in Riccione Abissinia - K\u00f6ln Rodenkirchen und die Welt","isPartOf":{"@id":"https:\/\/www.gaidaphotos.com\/blog\/#website"},"primaryImageOfPage":{"@id":"https:\/\/www.gaidaphotos.com\/blog\/2009\/07\/19\/italien-adria-urlaub-evviva-romagna-in-riccione-abissinia\/#primaryimage"},"image":{"@id":"https:\/\/www.gaidaphotos.com\/blog\/2009\/07\/19\/italien-adria-urlaub-evviva-romagna-in-riccione-abissinia\/#primaryimage"},"thumbnailUrl":"https:\/\/www.gaidaphotos.com\/blog\/wp-content\/uploads\/lifeblog-italien-reise-urlaub.jpg","datePublished":"2009-07-19T17:13:15+00:00","dateModified":"2010-02-12T14:44:29+00:00","breadcrumb":{"@id":"https:\/\/www.gaidaphotos.com\/blog\/2009\/07\/19\/italien-adria-urlaub-evviva-romagna-in-riccione-abissinia\/#breadcrumb"},"inLanguage":"de","potentialAction":[{"@type":"ReadAction","target":["https:\/\/www.gaidaphotos.com\/blog\/2009\/07\/19\/italien-adria-urlaub-evviva-romagna-in-riccione-abissinia\/"]}]},{"@type":"ImageObject","inLanguage":"de","@id":"https:\/\/www.gaidaphotos.com\/blog\/2009\/07\/19\/italien-adria-urlaub-evviva-romagna-in-riccione-abissinia\/#primaryimage","url":"https:\/\/www.gaidaphotos.com\/blog\/wp-content\/uploads\/lifeblog-italien-reise-urlaub.jpg","contentUrl":"https:\/\/www.gaidaphotos.com\/blog\/wp-content\/uploads\/lifeblog-italien-reise-urlaub.jpg"},{"@type":"BreadcrumbList","@id":"https:\/\/www.gaidaphotos.com\/blog\/2009\/07\/19\/italien-adria-urlaub-evviva-romagna-in-riccione-abissinia\/#breadcrumb","itemListElement":[{"@type":"ListItem","position":1,"name":"Startseite","item":"https:\/\/www.gaidaphotos.com\/blog\/"},{"@type":"ListItem","position":2,"name":"Italien-Adria-Urlaub: &#8222;Evviva Romagna&#8220; in Riccione Abissinia"}]},{"@type":"WebSite","@id":"https:\/\/www.gaidaphotos.com\/blog\/#website","url":"https:\/\/www.gaidaphotos.com\/blog\/","name":"K\u00f6ln Rodenkirchen und die Welt","description":"Einkaufen, Restaurants, Freizeit, Nachrichten und was uns sonst bewegt und begegnet","publisher":{"@id":"https:\/\/www.gaidaphotos.com\/blog\/#organization"},"potentialAction":[{"@type":"SearchAction","target":{"@type":"EntryPoint","urlTemplate":"https:\/\/www.gaidaphotos.com\/blog\/?s={search_term_string}"},"query-input":{"@type":"PropertyValueSpecification","valueRequired":true,"valueName":"search_term_string"}}],"inLanguage":"de"},{"@type":"Organization","@id":"https:\/\/www.gaidaphotos.com\/blog\/#organization","name":"gaidaphotos","url":"https:\/\/www.gaidaphotos.com\/blog\/","logo":{"@type":"ImageObject","inLanguage":"de","@id":"https:\/\/www.gaidaphotos.com\/blog\/#\/schema\/logo\/image\/","url":"https:\/\/i0.wp.com\/www.gaidaphotos.com\/blog\/wp-content\/uploads\/2020\/07\/GAIDAPHOTOS-COM.jpg?fit=160%2C96&ssl=1","contentUrl":"https:\/\/i0.wp.com\/www.gaidaphotos.com\/blog\/wp-content\/uploads\/2020\/07\/GAIDAPHOTOS-COM.jpg?fit=160%2C96&ssl=1","width":160,"height":96,"caption":"gaidaphotos"},"image":{"@id":"https:\/\/www.gaidaphotos.com\/blog\/#\/schema\/logo\/image\/"},"sameAs":["https:\/\/www.facebook.com\/Koeln.Rodenkirchen","https:\/\/x.com\/gaidaphotos","https:\/\/instagram.com\/gaidaphotos\/","https:\/\/de.linkedin.com\/in\/gaidaphotos","https:\/\/myspace.com\/gaidaphotos","https:\/\/www.pinterest.com\/gaidaphotos\/","https:\/\/www.youtube.com\/user\/gaidaphotos"]},{"@type":"Person","@id":"https:\/\/www.gaidaphotos.com\/blog\/#\/schema\/person\/6c444a5b13ffc503c5c32f5a9ec68b21","name":"Thomas","sameAs":["https:\/\/www.gaidaphotos.com","https:\/\/www.facebook.com\/gaidaphotos","https:\/\/instagram.com\/gaidaphotos\/","https:\/\/www.linkedin.com\/in\/gaidaphotos","http:\/\/www.pinterest.com\/gaidaphotos\/","https:\/\/x.com\/gaidaphotos","https:\/\/myspace.com\/gaidaphotos","https:\/\/www.youtube.com\/user\/gaidaphotos","https:\/\/gaidaphotos.tumblr.com\/"]}]}},"jetpack_publicize_connections":[],"jetpack_featured_media_url":"","jetpack_sharing_enabled":true,"jetpack_likes_enabled":true,"jetpack-related-posts":[{"id":1944,"url":"https:\/\/www.gaidaphotos.com\/blog\/2009\/07\/23\/italien-reise-hotel-gestern-flohmarkttrodelmarkt-heute-garbino-forte\/","url_meta":{"origin":1939,"position":0},"title":"Italien-Reise-Hotel: Gestern Flohmarkt\/Tr\u00f6delmarkt, Heute Garbino forte","author":"Thomas","date":"23. Juli 2009","format":false,"excerpt":"Gestern Abend war direkt vor unserem Hotel in Riccione (Italien, Adria) wieder einmal Flohmarkt\/Tr\u00f6delmarkt. Diese Flohm\u00e4rkte\/Tr\u00f6delm\u00e4rkte finden regelm\u00e4\u00dfig in Riccione Abissinia (Italien, Adria) statt. Das Hotel Baden Baden in\u00a0Riccione sagt Euch gerne, wenn Ihr Euren Urlaub in\u00a0Riccione bucht, wann der n\u00e4chste Markt stattfindet. Gestern Abend setzte in Riccione an der\u2026","rel":"","context":"In &quot;17&quot;","block_context":{"text":"17","link":"https:\/\/www.gaidaphotos.com\/blog\/category\/mobile_news_von_unterwegs\/mobile_news_von_unterwegs-n95\/"},"img":{"alt_text":"","src":"","width":0,"height":0},"classes":[]},{"id":1997,"url":"https:\/\/www.gaidaphotos.com\/blog\/2009\/08\/05\/italien-riccione-hotel-unterhaltung\/","url_meta":{"origin":1939,"position":1},"title":"Italien Riccione Hotel: Unterhaltung am Abend","author":"01726903617@vodafone.de","date":"5. August 2009","format":false,"excerpt":"Unser Hotel Baden Baden liegt im s\u00fcdlichen Stadtteil von Riccione, in \"Abissinia\". Die dort ans\u00e4ssigen Hotels, Gesch\u00e4fte und Lokale bieten mehrfach in der Woche Abendveranstaltungen Besonder beliebt sind die kostenlosen Bands und vor allem der regelm\u00e4\u00dfige Flomarkt\/Tr\u00f6delmarkt. Das Hotel Baden Baden in Riccione\u00a0wird Euch bei der Reservierungsanfrage gerne sagen, welche\u2026","rel":"","context":"In &quot;Hotel\/Hotels&quot;","block_context":{"text":"Hotel\/Hotels","link":"https:\/\/www.gaidaphotos.com\/blog\/category\/reise\/hotel-hotels\/"},"img":{"alt_text":"","src":"https:\/\/i0.wp.com\/www.gaidaphotos.com\/blog\/wp-content\/uploads\/2009\/08\/italien-riccione-hotel-viale-gramsci-05.jpg?resize=350%2C200&ssl=1","width":350,"height":200,"srcset":"https:\/\/i0.wp.com\/www.gaidaphotos.com\/blog\/wp-content\/uploads\/2009\/08\/italien-riccione-hotel-viale-gramsci-05.jpg?resize=350%2C200&ssl=1 1x, https:\/\/i0.wp.com\/www.gaidaphotos.com\/blog\/wp-content\/uploads\/2009\/08\/italien-riccione-hotel-viale-gramsci-05.jpg?resize=525%2C300&ssl=1 1.5x"},"classes":[]},{"id":2856,"url":"https:\/\/www.gaidaphotos.com\/blog\/2010\/05\/18\/urlaub-sonne-strand-meer-riccione-adria\/","url_meta":{"origin":1939,"position":2},"title":"Urlaub &#8211; Sonne &#8211; Strand &#038; Meer: Riccione (Adria)","author":"Thomas","date":"18. Mai 2010","format":false,"excerpt":"Urlaub mit Sonne, Strand & Meer in Riccione (Adria, Italien) Im vergangenen Jahr habe ich Euch von unserer Reise nach Riccione (Adria, Italien) und unserem Urlaub im Hotel Baden Baden berichtet. Unser live Erlebnisbericht wird (hoffentlich) in diesem Sommer fortgesetzt. Wer jetzt auf der Suche nach einem Urlaubsziel mit Sonne,\u2026","rel":"","context":"In &quot;Hotel\/Hotels&quot;","block_context":{"text":"Hotel\/Hotels","link":"https:\/\/www.gaidaphotos.com\/blog\/category\/reise\/hotel-hotels\/"},"img":{"alt_text":"Urlaub Meer Strand Italien","src":"https:\/\/i0.wp.com\/www.gaidaphotos.com\/blog\/wp-content\/uploads\/2010\/05\/Italien-Urlaub-Strand-Riccione-03.jpg?resize=350%2C200&ssl=1","width":350,"height":200},"classes":[]},{"id":1908,"url":"https:\/\/www.gaidaphotos.com\/blog\/2009\/07\/08\/italien-adria-riccione\/","url_meta":{"origin":1939,"position":3},"title":"Italien &#8211; Adria &#8211; Riccione: Hotels, Ferien, Strand &#038; Meer &#8211; t\u00e4gliche Nachrichten","author":"Thomas","date":"8. Juli 2009","format":false,"excerpt":". . Italien - Adria - Riccione: Hotels, Ferien, Strand & Meer Warum man in Riccione an der Adria den sch\u00f6nsten ;-) Urlaub der Welt machen kann zeigen und schildern wir Euch in den kommenden Wochen t\u00e4glich aktuell per Handy. Riccione (Italien, Adria) ist keine der heute typischen Hotelst\u00e4dte mit\u2026","rel":"","context":"In &quot;Hotel\/Hotels&quot;","block_context":{"text":"Hotel\/Hotels","link":"https:\/\/www.gaidaphotos.com\/blog\/category\/reise\/hotel-hotels\/"},"img":{"alt_text":"","src":"","width":0,"height":0},"classes":[]},{"id":1936,"url":"https:\/\/www.gaidaphotos.com\/blog\/2009\/07\/16\/italien-adria-riccione-so-kommt-man-in-die-ferien-und-den-urlaub\/","url_meta":{"origin":1939,"position":4},"title":"Italien &#8211; Adria &#8211; Riccione: So kommt man in die Ferien und den Urlaub","author":"Thomas","date":"16. Juli 2009","format":false,"excerpt":"Heute haben wir die beiden letzten unserer Gruppe vom Flughafen in Ancona abgeholt. Grund genug Euch zu erz\u00e4hlen, wie man nach Riccione in den Urlaub an der Adria kommt. Wir sind die ca. 1150 km von K\u00f6ln Rodenkirchen in die Ferien in Riccione an der Adria mit dem Auto gefahren.\u2026","rel":"","context":"In &quot;17&quot;","block_context":{"text":"17","link":"https:\/\/www.gaidaphotos.com\/blog\/category\/mobile_news_von_unterwegs\/mobile_news_von_unterwegs-n95\/"},"img":{"alt_text":"","src":"","width":0,"height":0},"classes":[]},{"id":1931,"url":"https:\/\/www.gaidaphotos.com\/blog\/2009\/07\/14\/riccione-strandspaziergang\/","url_meta":{"origin":1939,"position":5},"title":"Italien &#8211; Adria &#8211; Riccione: Strandspaziergang","author":"01726903617@vodafone.de","date":"14. Juli 2009","format":false,"excerpt":"Das Essen ist SO gut und SO reichlich, dass man am Strand in Riccione (Adria Italien) nicht nur faul auf der Liege verweilen kann sondern am Strand, entlang der Wellen der Adria, durch den Sand spazieren muss\/sollte. Von unserem Strand-abschnitt in Riccione (Italien) kann man im Urlaub entweder in ca\u2026","rel":"","context":"In &quot;Italien&quot;","block_context":{"text":"Italien","link":"https:\/\/www.gaidaphotos.com\/blog\/category\/reise\/italien\/"},"img":{"alt_text":"Italien - Adria - Riccione: Strandspaziergang","src":"https:\/\/i0.wp.com\/www.gaidaphotos.com\/blog\/wp-content\/uploads\/2009\/07\/postie-media6.jpeg?fit=900%2C1200&ssl=1&resize=350%2C200","width":350,"height":200,"srcset":"https:\/\/i0.wp.com\/www.gaidaphotos.com\/blog\/wp-content\/uploads\/2009\/07\/postie-media6.jpeg?fit=900%2C1200&ssl=1&resize=350%2C200 1x, https:\/\/i0.wp.com\/www.gaidaphotos.com\/blog\/wp-content\/uploads\/2009\/07\/postie-media6.jpeg?fit=900%2C1200&ssl=1&resize=525%2C300 1.5x, https:\/\/i0.wp.com\/www.gaidaphotos.com\/blog\/wp-content\/uploads\/2009\/07\/postie-media6.jpeg?fit=900%2C1200&ssl=1&resize=700%2C400 2x"},"classes":[]}],"_links":{"self":[{"href":"https:\/\/www.gaidaphotos.com\/blog\/wp-json\/wp\/v2\/posts\/1939","targetHints":{"allow":["GET"]}}],"collection":[{"href":"https:\/\/www.gaidaphotos.com\/blog\/wp-json\/wp\/v2\/posts"}],"about":[{"href":"https:\/\/www.gaidaphotos.com\/blog\/wp-json\/wp\/v2\/types\/post"}],"author":[{"embeddable":true,"href":"https:\/\/www.gaidaphotos.com\/blog\/wp-json\/wp\/v2\/users\/6"}],"replies":[{"embeddable":true,"href":"https:\/\/www.gaidaphotos.com\/blog\/wp-json\/wp\/v2\/comments?post=1939"}],"version-history":[{"count":0,"href":"https:\/\/www.gaidaphotos.com\/blog\/wp-json\/wp\/v2\/posts\/1939\/revisions"}],"wp:attachment":[{"href":"https:\/\/www.gaidaphotos.com\/blog\/wp-json\/wp\/v2\/media?parent=1939"}],"wp:term":[{"taxonomy":"category","embeddable":true,"href":"https:\/\/www.gaidaphotos.com\/blog\/wp-json\/wp\/v2\/categories?post=1939"},{"taxonomy":"post_tag","embeddable":true,"href":"https:\/\/www.gaidaphotos.com\/blog\/wp-json\/wp\/v2\/tags?post=1939"}],"curies":[{"name":"wp","href":"https:\/\/api.w.org\/{rel}","templated":true}]}}