{"id":2125,"date":"2009-09-24T14:33:20","date_gmt":"2009-09-24T12:33:20","guid":{"rendered":""},"modified":"2010-02-12T14:25:30","modified_gmt":"2010-02-12T13:25:30","slug":"koln-rodenkirchen-einkaufen-flohmarkt-in-surth","status":"publish","type":"post","link":"https:\/\/www.gaidaphotos.com\/blog\/2009\/09\/24\/koln-rodenkirchen-einkaufen-flohmarkt-in-surth\/","title":{"rendered":"K\u00f6ln Rodenkirchen Einkaufen: Flohmarkt in S\u00fcrth"},"content":{"rendered":"<div class=\"Lifeblog_Posting\">\n<div class=\"Lifeblog_Resource\">\n<img data-recalc-dims=\"1\" decoding=\"async\" src=\"https:\/\/i0.wp.com\/www.gaidaphotos.com\/blog\/wp-content\/uploads\/lifeblog-19092009516-001.jpg?w=910&#038;ssl=1\" alt=\"K&Atilde;&para;ln Rodenkirchen Einkaufen: Flohmarkt in S&Atilde;&frac14;rth\" \/><\/div>\n<p>Einkauftipp f\u00fcr K\u00f6ln\u00a0Rodenkirchen: Flohmarkt der evangelischen Kirchengemeinde am 3.10.09 von 10-13h.<br \/>\nDer Flohmarkt in K\u00f6ln\u00a0Rodenkirchen &#8222;lebt&#8220; vom guten Angebot in K\u00f6ln Rodenkirchen. So finden sich g\u00fcnstige Designer Klamotten ebenso wie ausgefallene Einrichtung.<br \/>\nNotieren und nicht verpassen: K\u00f6ln Rodenkirchen Einkaufen: Flohmarkt in S\u00fcrth\n<\/p><\/div>\n","protected":false},"excerpt":{"rendered":"<p>Einkauftipp f\u00fcr K\u00f6ln\u00a0Rodenkirchen: Flohmarkt der evangelischen Kirchengemeinde am 3.10.09 von 10-13h. Der Flohmarkt in K\u00f6ln\u00a0Rodenkirchen &#8222;lebt&#8220; vom guten Angebot in<\/p>\n","protected":false},"author":6,"featured_media":0,"comment_status":"open","ping_status":"open","sticky":false,"template":"","format":"standard","meta":{"_crdt_document":"","ngg_post_thumbnail":0,"jetpack_post_was_ever_published":false,"_jetpack_newsletter_access":"","_jetpack_dont_email_post_to_subs":false,"_jetpack_newsletter_tier_id":0,"_jetpack_memberships_contains_paywalled_content":false,"_jetpack_memberships_contains_paid_content":false,"footnotes":"","jetpack_publicize_message":"","jetpack_publicize_feature_enabled":true,"jetpack_social_post_already_shared":false,"jetpack_social_options":{"image_generator_settings":{"template":"highway","default_image_id":0,"font":"","enabled":false},"version":2}},"categories":[20,89],"tags":[131,102,538],"class_list":["post-2125","post","type-post","status-publish","format-standard","hentry","category-mobile_news_von_unterwegs-n95","category-koeln-rodenkirchen-einkaufen","tag-flohmarkttroedelmarkt","tag-freizeit","tag-koeln-rodenkirchen"],"yoast_head":"<!-- This site is optimized with the Yoast SEO plugin v27.5 - https:\/\/yoast.com\/product\/yoast-seo-wordpress\/ -->\n<title>K\u00f6ln Rodenkirchen Einkaufen: Flohmarkt in S\u00fcrth - K\u00f6ln Rodenkirchen und die Welt<\/title>\n<meta name=\"robots\" content=\"index, follow, max-snippet:-1, max-image-preview:large, max-video-preview:-1\" \/>\n<link rel=\"canonical\" href=\"https:\/\/www.gaidaphotos.com\/blog\/2009\/09\/24\/koln-rodenkirchen-einkaufen-flohmarkt-in-surth\/\" \/>\n<meta property=\"og:locale\" content=\"de_DE\" \/>\n<meta property=\"og:type\" content=\"article\" \/>\n<meta property=\"og:title\" content=\"K\u00f6ln Rodenkirchen Einkaufen: Flohmarkt in S\u00fcrth - K\u00f6ln Rodenkirchen und die Welt\" \/>\n<meta property=\"og:description\" content=\"Einkauftipp f\u00fcr K\u00f6ln\u00a0Rodenkirchen: Flohmarkt der evangelischen Kirchengemeinde am 3.10.09 von 10-13h. Der Flohmarkt in K\u00f6ln\u00a0Rodenkirchen &#8222;lebt&#8220; vom guten Angebot in\" \/>\n<meta property=\"og:url\" content=\"https:\/\/www.gaidaphotos.com\/blog\/2009\/09\/24\/koln-rodenkirchen-einkaufen-flohmarkt-in-surth\/\" \/>\n<meta property=\"og:site_name\" content=\"K\u00f6ln Rodenkirchen und die Welt\" \/>\n<meta property=\"article:publisher\" content=\"https:\/\/www.facebook.com\/Koeln.Rodenkirchen\" \/>\n<meta property=\"article:author\" content=\"https:\/\/www.facebook.com\/gaidaphotos\" \/>\n<meta property=\"article:published_time\" content=\"2009-09-24T12:33:20+00:00\" \/>\n<meta property=\"article:modified_time\" content=\"2010-02-12T13:25:30+00:00\" \/>\n<meta property=\"og:image\" content=\"https:\/\/www.gaidaphotos.com\/blog\/wp-content\/uploads\/lifeblog-19092009516-001.jpg\" \/>\n<meta name=\"author\" content=\"Thomas\" \/>\n<meta name=\"twitter:card\" content=\"summary_large_image\" \/>\n<meta name=\"twitter:creator\" content=\"@gaidaphotos\" \/>\n<meta name=\"twitter:site\" content=\"@gaidaphotos\" \/>\n<meta name=\"twitter:label1\" content=\"Verfasst von\" \/>\n\t<meta name=\"twitter:data1\" content=\"Thomas\" \/>\n<script type=\"application\/ld+json\" class=\"yoast-schema-graph\">{\"@context\":\"https:\\\/\\\/schema.org\",\"@graph\":[{\"@type\":\"Article\",\"@id\":\"https:\\\/\\\/www.gaidaphotos.com\\\/blog\\\/2009\\\/09\\\/24\\\/koln-rodenkirchen-einkaufen-flohmarkt-in-surth\\\/#article\",\"isPartOf\":{\"@id\":\"https:\\\/\\\/www.gaidaphotos.com\\\/blog\\\/2009\\\/09\\\/24\\\/koln-rodenkirchen-einkaufen-flohmarkt-in-surth\\\/\"},\"author\":{\"name\":\"Thomas\",\"@id\":\"https:\\\/\\\/www.gaidaphotos.com\\\/blog\\\/#\\\/schema\\\/person\\\/6c444a5b13ffc503c5c32f5a9ec68b21\"},\"headline\":\"K\u00f6ln Rodenkirchen Einkaufen: Flohmarkt in S\u00fcrth\",\"datePublished\":\"2009-09-24T12:33:20+00:00\",\"dateModified\":\"2010-02-12T13:25:30+00:00\",\"mainEntityOfPage\":{\"@id\":\"https:\\\/\\\/www.gaidaphotos.com\\\/blog\\\/2009\\\/09\\\/24\\\/koln-rodenkirchen-einkaufen-flohmarkt-in-surth\\\/\"},\"wordCount\":59,\"commentCount\":0,\"publisher\":{\"@id\":\"https:\\\/\\\/www.gaidaphotos.com\\\/blog\\\/#organization\"},\"image\":{\"@id\":\"https:\\\/\\\/www.gaidaphotos.com\\\/blog\\\/2009\\\/09\\\/24\\\/koln-rodenkirchen-einkaufen-flohmarkt-in-surth\\\/#primaryimage\"},\"thumbnailUrl\":\"https:\\\/\\\/www.gaidaphotos.com\\\/blog\\\/wp-content\\\/uploads\\\/lifeblog-19092009516-001.jpg\",\"keywords\":[\"Flohmarkt\\\/ Tr\u00f6delmarkt\",\"Freizeit-Ideen\",\"K\u00f6ln Rodenkirchen\"],\"articleSection\":[\"17\",\"K\u00f6ln Rodenkirchen Einkaufen\"],\"inLanguage\":\"de\",\"potentialAction\":[{\"@type\":\"CommentAction\",\"name\":\"Comment\",\"target\":[\"https:\\\/\\\/www.gaidaphotos.com\\\/blog\\\/2009\\\/09\\\/24\\\/koln-rodenkirchen-einkaufen-flohmarkt-in-surth\\\/#respond\"]}]},{\"@type\":\"WebPage\",\"@id\":\"https:\\\/\\\/www.gaidaphotos.com\\\/blog\\\/2009\\\/09\\\/24\\\/koln-rodenkirchen-einkaufen-flohmarkt-in-surth\\\/\",\"url\":\"https:\\\/\\\/www.gaidaphotos.com\\\/blog\\\/2009\\\/09\\\/24\\\/koln-rodenkirchen-einkaufen-flohmarkt-in-surth\\\/\",\"name\":\"K\u00f6ln Rodenkirchen Einkaufen: Flohmarkt in S\u00fcrth - K\u00f6ln Rodenkirchen und die Welt\",\"isPartOf\":{\"@id\":\"https:\\\/\\\/www.gaidaphotos.com\\\/blog\\\/#website\"},\"primaryImageOfPage\":{\"@id\":\"https:\\\/\\\/www.gaidaphotos.com\\\/blog\\\/2009\\\/09\\\/24\\\/koln-rodenkirchen-einkaufen-flohmarkt-in-surth\\\/#primaryimage\"},\"image\":{\"@id\":\"https:\\\/\\\/www.gaidaphotos.com\\\/blog\\\/2009\\\/09\\\/24\\\/koln-rodenkirchen-einkaufen-flohmarkt-in-surth\\\/#primaryimage\"},\"thumbnailUrl\":\"https:\\\/\\\/www.gaidaphotos.com\\\/blog\\\/wp-content\\\/uploads\\\/lifeblog-19092009516-001.jpg\",\"datePublished\":\"2009-09-24T12:33:20+00:00\",\"dateModified\":\"2010-02-12T13:25:30+00:00\",\"breadcrumb\":{\"@id\":\"https:\\\/\\\/www.gaidaphotos.com\\\/blog\\\/2009\\\/09\\\/24\\\/koln-rodenkirchen-einkaufen-flohmarkt-in-surth\\\/#breadcrumb\"},\"inLanguage\":\"de\",\"potentialAction\":[{\"@type\":\"ReadAction\",\"target\":[\"https:\\\/\\\/www.gaidaphotos.com\\\/blog\\\/2009\\\/09\\\/24\\\/koln-rodenkirchen-einkaufen-flohmarkt-in-surth\\\/\"]}]},{\"@type\":\"ImageObject\",\"inLanguage\":\"de\",\"@id\":\"https:\\\/\\\/www.gaidaphotos.com\\\/blog\\\/2009\\\/09\\\/24\\\/koln-rodenkirchen-einkaufen-flohmarkt-in-surth\\\/#primaryimage\",\"url\":\"https:\\\/\\\/www.gaidaphotos.com\\\/blog\\\/wp-content\\\/uploads\\\/lifeblog-19092009516-001.jpg\",\"contentUrl\":\"https:\\\/\\\/www.gaidaphotos.com\\\/blog\\\/wp-content\\\/uploads\\\/lifeblog-19092009516-001.jpg\"},{\"@type\":\"BreadcrumbList\",\"@id\":\"https:\\\/\\\/www.gaidaphotos.com\\\/blog\\\/2009\\\/09\\\/24\\\/koln-rodenkirchen-einkaufen-flohmarkt-in-surth\\\/#breadcrumb\",\"itemListElement\":[{\"@type\":\"ListItem\",\"position\":1,\"name\":\"Startseite\",\"item\":\"https:\\\/\\\/www.gaidaphotos.com\\\/blog\\\/\"},{\"@type\":\"ListItem\",\"position\":2,\"name\":\"K\u00f6ln Rodenkirchen Einkaufen: Flohmarkt in S\u00fcrth\"}]},{\"@type\":\"WebSite\",\"@id\":\"https:\\\/\\\/www.gaidaphotos.com\\\/blog\\\/#website\",\"url\":\"https:\\\/\\\/www.gaidaphotos.com\\\/blog\\\/\",\"name\":\"K\u00f6ln Rodenkirchen und die Welt\",\"description\":\"Einkaufen, Restaurants, Freizeit, Nachrichten und was uns sonst bewegt und begegnet\",\"publisher\":{\"@id\":\"https:\\\/\\\/www.gaidaphotos.com\\\/blog\\\/#organization\"},\"potentialAction\":[{\"@type\":\"SearchAction\",\"target\":{\"@type\":\"EntryPoint\",\"urlTemplate\":\"https:\\\/\\\/www.gaidaphotos.com\\\/blog\\\/?s={search_term_string}\"},\"query-input\":{\"@type\":\"PropertyValueSpecification\",\"valueRequired\":true,\"valueName\":\"search_term_string\"}}],\"inLanguage\":\"de\"},{\"@type\":\"Organization\",\"@id\":\"https:\\\/\\\/www.gaidaphotos.com\\\/blog\\\/#organization\",\"name\":\"gaidaphotos\",\"url\":\"https:\\\/\\\/www.gaidaphotos.com\\\/blog\\\/\",\"logo\":{\"@type\":\"ImageObject\",\"inLanguage\":\"de\",\"@id\":\"https:\\\/\\\/www.gaidaphotos.com\\\/blog\\\/#\\\/schema\\\/logo\\\/image\\\/\",\"url\":\"https:\\\/\\\/i0.wp.com\\\/www.gaidaphotos.com\\\/blog\\\/wp-content\\\/uploads\\\/2020\\\/07\\\/GAIDAPHOTOS-COM.jpg?fit=160%2C96&ssl=1\",\"contentUrl\":\"https:\\\/\\\/i0.wp.com\\\/www.gaidaphotos.com\\\/blog\\\/wp-content\\\/uploads\\\/2020\\\/07\\\/GAIDAPHOTOS-COM.jpg?fit=160%2C96&ssl=1\",\"width\":160,\"height\":96,\"caption\":\"gaidaphotos\"},\"image\":{\"@id\":\"https:\\\/\\\/www.gaidaphotos.com\\\/blog\\\/#\\\/schema\\\/logo\\\/image\\\/\"},\"sameAs\":[\"https:\\\/\\\/www.facebook.com\\\/Koeln.Rodenkirchen\",\"https:\\\/\\\/x.com\\\/gaidaphotos\",\"https:\\\/\\\/instagram.com\\\/gaidaphotos\\\/\",\"https:\\\/\\\/de.linkedin.com\\\/in\\\/gaidaphotos\",\"https:\\\/\\\/myspace.com\\\/gaidaphotos\",\"https:\\\/\\\/www.pinterest.com\\\/gaidaphotos\\\/\",\"https:\\\/\\\/www.youtube.com\\\/user\\\/gaidaphotos\"]},{\"@type\":\"Person\",\"@id\":\"https:\\\/\\\/www.gaidaphotos.com\\\/blog\\\/#\\\/schema\\\/person\\\/6c444a5b13ffc503c5c32f5a9ec68b21\",\"name\":\"Thomas\",\"sameAs\":[\"https:\\\/\\\/www.gaidaphotos.com\",\"https:\\\/\\\/www.facebook.com\\\/gaidaphotos\",\"https:\\\/\\\/instagram.com\\\/gaidaphotos\\\/\",\"https:\\\/\\\/www.linkedin.com\\\/in\\\/gaidaphotos\",\"http:\\\/\\\/www.pinterest.com\\\/gaidaphotos\\\/\",\"https:\\\/\\\/x.com\\\/gaidaphotos\",\"https:\\\/\\\/myspace.com\\\/gaidaphotos\",\"https:\\\/\\\/www.youtube.com\\\/user\\\/gaidaphotos\",\"https:\\\/\\\/gaidaphotos.tumblr.com\\\/\"]}]}<\/script>\n<!-- \/ Yoast SEO plugin. -->","yoast_head_json":{"title":"K\u00f6ln Rodenkirchen Einkaufen: Flohmarkt in S\u00fcrth - K\u00f6ln Rodenkirchen und die Welt","robots":{"index":"index","follow":"follow","max-snippet":"max-snippet:-1","max-image-preview":"max-image-preview:large","max-video-preview":"max-video-preview:-1"},"canonical":"https:\/\/www.gaidaphotos.com\/blog\/2009\/09\/24\/koln-rodenkirchen-einkaufen-flohmarkt-in-surth\/","og_locale":"de_DE","og_type":"article","og_title":"K\u00f6ln Rodenkirchen Einkaufen: Flohmarkt in S\u00fcrth - K\u00f6ln Rodenkirchen und die Welt","og_description":"Einkauftipp f\u00fcr K\u00f6ln\u00a0Rodenkirchen: Flohmarkt der evangelischen Kirchengemeinde am 3.10.09 von 10-13h. Der Flohmarkt in K\u00f6ln\u00a0Rodenkirchen &#8222;lebt&#8220; vom guten Angebot in","og_url":"https:\/\/www.gaidaphotos.com\/blog\/2009\/09\/24\/koln-rodenkirchen-einkaufen-flohmarkt-in-surth\/","og_site_name":"K\u00f6ln Rodenkirchen und die Welt","article_publisher":"https:\/\/www.facebook.com\/Koeln.Rodenkirchen","article_author":"https:\/\/www.facebook.com\/gaidaphotos","article_published_time":"2009-09-24T12:33:20+00:00","article_modified_time":"2010-02-12T13:25:30+00:00","og_image":[{"url":"https:\/\/www.gaidaphotos.com\/blog\/wp-content\/uploads\/lifeblog-19092009516-001.jpg","type":"","width":"","height":""}],"author":"Thomas","twitter_card":"summary_large_image","twitter_creator":"@gaidaphotos","twitter_site":"@gaidaphotos","twitter_misc":{"Verfasst von":"Thomas"},"schema":{"@context":"https:\/\/schema.org","@graph":[{"@type":"Article","@id":"https:\/\/www.gaidaphotos.com\/blog\/2009\/09\/24\/koln-rodenkirchen-einkaufen-flohmarkt-in-surth\/#article","isPartOf":{"@id":"https:\/\/www.gaidaphotos.com\/blog\/2009\/09\/24\/koln-rodenkirchen-einkaufen-flohmarkt-in-surth\/"},"author":{"name":"Thomas","@id":"https:\/\/www.gaidaphotos.com\/blog\/#\/schema\/person\/6c444a5b13ffc503c5c32f5a9ec68b21"},"headline":"K\u00f6ln Rodenkirchen Einkaufen: Flohmarkt in S\u00fcrth","datePublished":"2009-09-24T12:33:20+00:00","dateModified":"2010-02-12T13:25:30+00:00","mainEntityOfPage":{"@id":"https:\/\/www.gaidaphotos.com\/blog\/2009\/09\/24\/koln-rodenkirchen-einkaufen-flohmarkt-in-surth\/"},"wordCount":59,"commentCount":0,"publisher":{"@id":"https:\/\/www.gaidaphotos.com\/blog\/#organization"},"image":{"@id":"https:\/\/www.gaidaphotos.com\/blog\/2009\/09\/24\/koln-rodenkirchen-einkaufen-flohmarkt-in-surth\/#primaryimage"},"thumbnailUrl":"https:\/\/www.gaidaphotos.com\/blog\/wp-content\/uploads\/lifeblog-19092009516-001.jpg","keywords":["Flohmarkt\/ Tr\u00f6delmarkt","Freizeit-Ideen","K\u00f6ln Rodenkirchen"],"articleSection":["17","K\u00f6ln Rodenkirchen Einkaufen"],"inLanguage":"de","potentialAction":[{"@type":"CommentAction","name":"Comment","target":["https:\/\/www.gaidaphotos.com\/blog\/2009\/09\/24\/koln-rodenkirchen-einkaufen-flohmarkt-in-surth\/#respond"]}]},{"@type":"WebPage","@id":"https:\/\/www.gaidaphotos.com\/blog\/2009\/09\/24\/koln-rodenkirchen-einkaufen-flohmarkt-in-surth\/","url":"https:\/\/www.gaidaphotos.com\/blog\/2009\/09\/24\/koln-rodenkirchen-einkaufen-flohmarkt-in-surth\/","name":"K\u00f6ln Rodenkirchen Einkaufen: Flohmarkt in S\u00fcrth - K\u00f6ln Rodenkirchen und die Welt","isPartOf":{"@id":"https:\/\/www.gaidaphotos.com\/blog\/#website"},"primaryImageOfPage":{"@id":"https:\/\/www.gaidaphotos.com\/blog\/2009\/09\/24\/koln-rodenkirchen-einkaufen-flohmarkt-in-surth\/#primaryimage"},"image":{"@id":"https:\/\/www.gaidaphotos.com\/blog\/2009\/09\/24\/koln-rodenkirchen-einkaufen-flohmarkt-in-surth\/#primaryimage"},"thumbnailUrl":"https:\/\/www.gaidaphotos.com\/blog\/wp-content\/uploads\/lifeblog-19092009516-001.jpg","datePublished":"2009-09-24T12:33:20+00:00","dateModified":"2010-02-12T13:25:30+00:00","breadcrumb":{"@id":"https:\/\/www.gaidaphotos.com\/blog\/2009\/09\/24\/koln-rodenkirchen-einkaufen-flohmarkt-in-surth\/#breadcrumb"},"inLanguage":"de","potentialAction":[{"@type":"ReadAction","target":["https:\/\/www.gaidaphotos.com\/blog\/2009\/09\/24\/koln-rodenkirchen-einkaufen-flohmarkt-in-surth\/"]}]},{"@type":"ImageObject","inLanguage":"de","@id":"https:\/\/www.gaidaphotos.com\/blog\/2009\/09\/24\/koln-rodenkirchen-einkaufen-flohmarkt-in-surth\/#primaryimage","url":"https:\/\/www.gaidaphotos.com\/blog\/wp-content\/uploads\/lifeblog-19092009516-001.jpg","contentUrl":"https:\/\/www.gaidaphotos.com\/blog\/wp-content\/uploads\/lifeblog-19092009516-001.jpg"},{"@type":"BreadcrumbList","@id":"https:\/\/www.gaidaphotos.com\/blog\/2009\/09\/24\/koln-rodenkirchen-einkaufen-flohmarkt-in-surth\/#breadcrumb","itemListElement":[{"@type":"ListItem","position":1,"name":"Startseite","item":"https:\/\/www.gaidaphotos.com\/blog\/"},{"@type":"ListItem","position":2,"name":"K\u00f6ln Rodenkirchen Einkaufen: Flohmarkt in S\u00fcrth"}]},{"@type":"WebSite","@id":"https:\/\/www.gaidaphotos.com\/blog\/#website","url":"https:\/\/www.gaidaphotos.com\/blog\/","name":"K\u00f6ln Rodenkirchen und die Welt","description":"Einkaufen, Restaurants, Freizeit, Nachrichten und was uns sonst bewegt und begegnet","publisher":{"@id":"https:\/\/www.gaidaphotos.com\/blog\/#organization"},"potentialAction":[{"@type":"SearchAction","target":{"@type":"EntryPoint","urlTemplate":"https:\/\/www.gaidaphotos.com\/blog\/?s={search_term_string}"},"query-input":{"@type":"PropertyValueSpecification","valueRequired":true,"valueName":"search_term_string"}}],"inLanguage":"de"},{"@type":"Organization","@id":"https:\/\/www.gaidaphotos.com\/blog\/#organization","name":"gaidaphotos","url":"https:\/\/www.gaidaphotos.com\/blog\/","logo":{"@type":"ImageObject","inLanguage":"de","@id":"https:\/\/www.gaidaphotos.com\/blog\/#\/schema\/logo\/image\/","url":"https:\/\/i0.wp.com\/www.gaidaphotos.com\/blog\/wp-content\/uploads\/2020\/07\/GAIDAPHOTOS-COM.jpg?fit=160%2C96&ssl=1","contentUrl":"https:\/\/i0.wp.com\/www.gaidaphotos.com\/blog\/wp-content\/uploads\/2020\/07\/GAIDAPHOTOS-COM.jpg?fit=160%2C96&ssl=1","width":160,"height":96,"caption":"gaidaphotos"},"image":{"@id":"https:\/\/www.gaidaphotos.com\/blog\/#\/schema\/logo\/image\/"},"sameAs":["https:\/\/www.facebook.com\/Koeln.Rodenkirchen","https:\/\/x.com\/gaidaphotos","https:\/\/instagram.com\/gaidaphotos\/","https:\/\/de.linkedin.com\/in\/gaidaphotos","https:\/\/myspace.com\/gaidaphotos","https:\/\/www.pinterest.com\/gaidaphotos\/","https:\/\/www.youtube.com\/user\/gaidaphotos"]},{"@type":"Person","@id":"https:\/\/www.gaidaphotos.com\/blog\/#\/schema\/person\/6c444a5b13ffc503c5c32f5a9ec68b21","name":"Thomas","sameAs":["https:\/\/www.gaidaphotos.com","https:\/\/www.facebook.com\/gaidaphotos","https:\/\/instagram.com\/gaidaphotos\/","https:\/\/www.linkedin.com\/in\/gaidaphotos","http:\/\/www.pinterest.com\/gaidaphotos\/","https:\/\/x.com\/gaidaphotos","https:\/\/myspace.com\/gaidaphotos","https:\/\/www.youtube.com\/user\/gaidaphotos","https:\/\/gaidaphotos.tumblr.com\/"]}]}},"jetpack_publicize_connections":[],"jetpack_featured_media_url":"","jetpack_sharing_enabled":true,"jetpack_likes_enabled":true,"jetpack-related-posts":[{"id":3724,"url":"https:\/\/www.gaidaphotos.com\/blog\/2011\/10\/04\/flohmarkt-troedelmarkt-rodenkirchen-09-10-201\/","url_meta":{"origin":2125,"position":0},"title":"Flohmarkt-Tr\u00f6delmarkt der ev. Kirche Rodenkirchen 09.10.2011","author":"Thomas","date":"4. Oktober 2011","format":false,"excerpt":"Flohmarkt\/Tr\u00f6delmarkt der ev. Kirche Rodenkirchen 09.10.2011 Flohmarkt\/Tr\u00f6delmarkt der ev. Kirche Rodenkirchen 09.10.2011 Es ist wieder soweit! Der Flohmarkt der evangelischen Kirche in K\u00f6ln Rodenkirchen bietet seine Sch\u00e4tze den Besuchern. Hier finden Sie: Antiquit\u00e4ten Hausrat B\u00fccher Damenkleidung Herrenkleidung Kinderkleidung Schuhe Modeschmuck Dekoration Porzellan Geschirr Gl\u00e4ser Flohmarkt\/Tr\u00f6delmarkt der ev. Kirche Rodenkirchen 09.10.2011Flohmarkt\u2026","rel":"","context":"In &quot;K\u00f6ln Rodenkirchen Einkaufen&quot;","block_context":{"text":"K\u00f6ln Rodenkirchen Einkaufen","link":"https:\/\/www.gaidaphotos.com\/blog\/category\/koeln-rodenkirchen\/koeln-rodenkirchen-einkaufen\/"},"img":{"alt_text":"","src":"https:\/\/www.gaidaphotos.com\/blog\/wp-content\/uploads\/2020\/08\/nggallery_import\/62_","width":350,"height":200,"srcset":"https:\/\/www.gaidaphotos.com\/blog\/wp-content\/uploads\/2020\/08\/nggallery_import\/62_ 1x, https:\/\/www.gaidaphotos.com\/blog\/wp-content\/uploads\/2020\/08\/nggallery_import\/62_ 1.5x"},"classes":[]},{"id":3531,"url":"https:\/\/www.gaidaphotos.com\/blog\/2011\/03\/25\/flohmarkt-trodelmarkt-der-evangelischen\/","url_meta":{"origin":2125,"position":1},"title":"Flohmarkt\/Tr\u00f6delmarkt der evangelischen Kirche K\u00f6ln-Rodenkirchen","author":"Thomas","date":"25. M\u00e4rz 2011","format":false,"excerpt":"Flohmarkt\/Tr\u00f6delmarkt der evangelischen Kirche K\u00f6ln-Rodenkirchen Endlich ist es wieder soweit! Der Flohmarkt\/Tr\u00f6delmarkt der evangelischen Kirche K\u00f6ln-Rodenkirchen \u00f6ffnet wieder seine T\u00fcren und Tore. Wie schon in den vergangenen Jahren finden sich hier wahre Sch\u00e4tze: Antiquit\u00e4ten Hausrat B\u00fccher Damenkleidung Herrenkleidung Kinderkleidung Schuhe Modeschmuck Dekoration Porzellan Geschirr Gl\u00e4ser Aufgrund der vielen, oft wohlhabenden\u2026","rel":"","context":"In &quot;Flohmarkt\/Troedelmarkt&quot;","block_context":{"text":"Flohmarkt\/Troedelmarkt","link":"https:\/\/www.gaidaphotos.com\/blog\/category\/flohmarkttroedelmarkt-2\/"},"img":{"alt_text":"","src":"https:\/\/www.gaidaphotos.com\/blog\/wp-content\/uploads\/2020\/08\/nggallery_import\/68_","width":350,"height":200},"classes":[]},{"id":2741,"url":"https:\/\/www.gaidaphotos.com\/blog\/2010\/03\/26\/flohmarkt-troedelmarkt-koeln-25-04-2010\/","url_meta":{"origin":2125,"position":2},"title":"Flohmarkt &#8211; Tr\u00f6delmarkt in K\u00f6ln-Rodenkirchen am 25.04.2010","author":"Thomas","date":"26. M\u00e4rz 2010","format":false,"excerpt":"Flohmarkt - Tr\u00f6delmarkt der ev. Kirche in K\u00f6ln-Rodenkirchen am 25.04.2010 Wann:\u00a0 Sonntag 25. April 2010 von 10:00h bis 17:00h Wo: Erl\u00f6serkirche K\u00f6ln-Rodenkirchen, S\u00fcrther Str. 34,\u00a0 50996 K\u00f6ln-Rodenkirchen Was: Flohmarkt und Tr\u00f6delmarkt zu Gunsten Hilfsbed\u00fcrftiger Zur Routenplanung \u00f6ffnen Sie bitte die Karte von Rodenkirchen. Achtung! Es gibt nur wenige Parkpl\u00e4tze in\u2026","rel":"","context":"In &quot;Foto&quot;","block_context":{"text":"Foto","link":"https:\/\/www.gaidaphotos.com\/blog\/category\/foto\/"},"img":{"alt_text":"K\u00f6ln-Rodenkirchen Flohmarkt Tr\u00f6delmarkt","src":"https:\/\/i0.wp.com\/www.gaidaphotos.com\/blog\/wp-content\/uploads\/2010\/03\/flohmarkt-koeln-rodenkirchen-3.jpg?resize=350%2C200&ssl=1","width":350,"height":200},"classes":[]},{"id":9802,"url":"https:\/\/www.gaidaphotos.com\/blog\/2017\/04\/25\/flohmarkt-der-ev-erloeserkirche-in-rodenkirchen\/","url_meta":{"origin":2125,"position":3},"title":"Flohmarkt der ev. Erl\u00f6serkirche in Rodenkirchen","author":"Thomas","date":"25. April 2017","format":false,"excerpt":"Fr\u00fchlingsflohmarkt der evangelischen Kirche in Rodenkirchen am 30. April 2017 Fr\u00fchlings-Flohmarkt der evangelischen Kirche in Rodenkirchen am 30.04.2017 mit tollen Schn\u00e4ppchen und Angeboten! Die Kleiderkammer der evangelischen Kirche in Rodenkirchen l\u00e4dt am letzten Sonntag im April wieder zu ihrem gro\u00dfen Flohmarkt im Fr\u00fchling. Im Fr\u00fchjahr wird aufger\u00e4umt, geputzt und Platz\u2026","rel":"","context":"In &quot;Flohmarkt\/Troedelmarkt&quot;","block_context":{"text":"Flohmarkt\/Troedelmarkt","link":"https:\/\/www.gaidaphotos.com\/blog\/category\/flohmarkttroedelmarkt-2\/"},"img":{"alt_text":"","src":"https:\/\/i0.wp.com\/www.gaidaphotos.com\/blog\/wp-content\/uploads\/ngg_featured\/flohmarkt-ev-kirche03.jpg?fit=1024%2C683&ssl=1&resize=350%2C200","width":350,"height":200,"srcset":"https:\/\/i0.wp.com\/www.gaidaphotos.com\/blog\/wp-content\/uploads\/ngg_featured\/flohmarkt-ev-kirche03.jpg?fit=1024%2C683&ssl=1&resize=350%2C200 1x, https:\/\/i0.wp.com\/www.gaidaphotos.com\/blog\/wp-content\/uploads\/ngg_featured\/flohmarkt-ev-kirche03.jpg?fit=1024%2C683&ssl=1&resize=525%2C300 1.5x, https:\/\/i0.wp.com\/www.gaidaphotos.com\/blog\/wp-content\/uploads\/ngg_featured\/flohmarkt-ev-kirche03.jpg?fit=1024%2C683&ssl=1&resize=700%2C400 2x"},"classes":[]},{"id":13365,"url":"https:\/\/www.gaidaphotos.com\/blog\/2025\/10\/17\/weihnachtsflohmarkt-der-evangelischen-kirche-rodenkirchen-am-26-10-2025\/","url_meta":{"origin":2125,"position":4},"title":"Weihnachtsflohmarkt der Evangelischen Kirche Rodenkirchen am 26.10.2025","author":"Thomas","date":"17. Oktober 2025","format":false,"excerpt":"Der Weihnachtsflohmarkt in Rodenkirchen findet am Sonntag, dem 26. Oktober 2025, von 10:00 bis 17:00 Uhr in der Evangelischen Erl\u00f6serkirche statt. Angeboten werden Weihnachtsdekoration, Geschenke, Kleidung und Haushaltswaren. Der Erl\u00f6s unterst\u00fctzt die Kleiderkammer der Kirche, um bed\u00fcrftigen Menschen zu helfen. Besuchen Sie uns und entdecken Sie tolle Schn\u00e4ppchen!","rel":"","context":"In &quot;Flohmarkt\/Troedelmarkt&quot;","block_context":{"text":"Flohmarkt\/Troedelmarkt","link":"https:\/\/www.gaidaphotos.com\/blog\/category\/flohmarkttroedelmarkt-2\/"},"img":{"alt_text":"Weihnachtsflohmarkt K\u00f6ln Rodenkirchen 26.10.2025","src":"https:\/\/i0.wp.com\/www.gaidaphotos.com\/blog\/wp-content\/uploads\/2025\/10\/weihnachtsflohmarkt-rodenkirchen-26-10-2025-.jpg?resize=350%2C200&ssl=1","width":350,"height":200},"classes":[]},{"id":9038,"url":"https:\/\/www.gaidaphotos.com\/blog\/2015\/10\/13\/herbst-flohmarkt-der-ev-kirche-rodenkirchen\/","url_meta":{"origin":2125,"position":5},"title":"Herbst-Flohmarkt der ev. Kirche Rodenkirchen","author":"Thomas","date":"13. Oktober 2015","format":false,"excerpt":"Herbst-Flohmarkt der ev. Kirche Rodenkirchen am 25.10.2015 Es ist wieder soweit. Am Sonntag, dem 25. Oktober 2015 l\u00e4dt die Kleiderkammer der evangelischen Kirche in K\u00f6ln-Rodenkirchen zu ihrem Herbst-Flohmarkt. Der Flohmarkt steht wieder ganz im Zeichen des nahenden Weihnachtsfestes. Denn man findet nicht nur alle Arten Weihnachtsdekoration, z.B. Weihnachtsm\u00e4nner, Nu\u00dfknacker, Engel,\u2026","rel":"","context":"In &quot;Flohmarkt\/Troedelmarkt&quot;","block_context":{"text":"Flohmarkt\/Troedelmarkt","link":"https:\/\/www.gaidaphotos.com\/blog\/category\/flohmarkttroedelmarkt-2\/"},"img":{"alt_text":"","src":"https:\/\/i0.wp.com\/www.gaidaphotos.com\/blog\/wp-content\/uploads\/ngg_featured\/nikolaus-santa-claus-weihnachtsmann-02.jpg?fit=1024%2C683&ssl=1&resize=350%2C200","width":350,"height":200,"srcset":"https:\/\/i0.wp.com\/www.gaidaphotos.com\/blog\/wp-content\/uploads\/ngg_featured\/nikolaus-santa-claus-weihnachtsmann-02.jpg?fit=1024%2C683&ssl=1&resize=350%2C200 1x, https:\/\/i0.wp.com\/www.gaidaphotos.com\/blog\/wp-content\/uploads\/ngg_featured\/nikolaus-santa-claus-weihnachtsmann-02.jpg?fit=1024%2C683&ssl=1&resize=525%2C300 1.5x, https:\/\/i0.wp.com\/www.gaidaphotos.com\/blog\/wp-content\/uploads\/ngg_featured\/nikolaus-santa-claus-weihnachtsmann-02.jpg?fit=1024%2C683&ssl=1&resize=700%2C400 2x"},"classes":[]}],"_links":{"self":[{"href":"https:\/\/www.gaidaphotos.com\/blog\/wp-json\/wp\/v2\/posts\/2125","targetHints":{"allow":["GET"]}}],"collection":[{"href":"https:\/\/www.gaidaphotos.com\/blog\/wp-json\/wp\/v2\/posts"}],"about":[{"href":"https:\/\/www.gaidaphotos.com\/blog\/wp-json\/wp\/v2\/types\/post"}],"author":[{"embeddable":true,"href":"https:\/\/www.gaidaphotos.com\/blog\/wp-json\/wp\/v2\/users\/6"}],"replies":[{"embeddable":true,"href":"https:\/\/www.gaidaphotos.com\/blog\/wp-json\/wp\/v2\/comments?post=2125"}],"version-history":[{"count":0,"href":"https:\/\/www.gaidaphotos.com\/blog\/wp-json\/wp\/v2\/posts\/2125\/revisions"}],"wp:attachment":[{"href":"https:\/\/www.gaidaphotos.com\/blog\/wp-json\/wp\/v2\/media?parent=2125"}],"wp:term":[{"taxonomy":"category","embeddable":true,"href":"https:\/\/www.gaidaphotos.com\/blog\/wp-json\/wp\/v2\/categories?post=2125"},{"taxonomy":"post_tag","embeddable":true,"href":"https:\/\/www.gaidaphotos.com\/blog\/wp-json\/wp\/v2\/tags?post=2125"}],"curies":[{"name":"wp","href":"https:\/\/api.w.org\/{rel}","templated":true}]}}