{"id":2130,"date":"2009-09-28T16:01:43","date_gmt":"2009-09-28T14:01:43","guid":{"rendered":"http:\/\/gaidaphotos.com\/blog\/?p=2130"},"modified":"2010-02-12T14:30:05","modified_gmt":"2010-02-12T13:30:05","slug":"koeln-rodenkirchen-freizeit-kirmes-am-rhein","status":"publish","type":"post","link":"https:\/\/www.gaidaphotos.com\/blog\/2009\/09\/28\/koeln-rodenkirchen-freizeit-kirmes-am-rhein\/","title":{"rendered":"K\u00f6ln Rodenkirchen Freizeit: Kirmes am Rhein"},"content":{"rendered":"<figure id=\"attachment_2129\" aria-describedby=\"caption-attachment-2129\" style=\"width: 300px\" class=\"wp-caption alignleft\"><img data-recalc-dims=\"1\" loading=\"lazy\" decoding=\"async\" class=\"size-medium wp-image-2129\" title=\"koeln-rodenkirchen-kirmes-rheinufer-02\" src=\"https:\/\/i0.wp.com\/www.gaidaphotos.com\/blog\/wp-content\/uploads\/2009\/09\/koeln-rodenkirchen-kirmes-rheinufer-02-300x200.jpg?resize=300%2C200&#038;ssl=1\" alt=\"Koeln Rodenkirchen Freizeit: Kirmes am Rhein\" width=\"300\" height=\"200\" srcset=\"https:\/\/i0.wp.com\/www.gaidaphotos.com\/blog\/wp-content\/uploads\/2009\/09\/koeln-rodenkirchen-kirmes-rheinufer-02.JPG?resize=300%2C200&amp;ssl=1 300w, https:\/\/i0.wp.com\/www.gaidaphotos.com\/blog\/wp-content\/uploads\/2009\/09\/koeln-rodenkirchen-kirmes-rheinufer-02.JPG?w=640&amp;ssl=1 640w\" sizes=\"auto, (max-width: 300px) 100vw, 300px\" \/><figcaption id=\"caption-attachment-2129\" class=\"wp-caption-text\">Koeln Rodenkirchen Freizeit: Kirmes am Rhein<\/figcaption><\/figure>\n<p>Wie in jedem Jahr findet auch 2009 die Kirmes in K\u00f6ln-Rodenkirchen am Rheinufer statt.<\/p>\n<p>Das ist bei sch\u00f6nem Wetter (wie jetzt) besonders angenehm. Auch wenn die Fahrgesch\u00e4fte nicht SO viel hermachen, kann man in Rodenkirchen am Rhein in der Sonne sitzen und ein lecker K\u00f6lsch genie\u00dfen.<\/p>\n<p>Ein Spaziergang am Rhein in K\u00f6ln Rodenkirchen mit anschlie\u00dfendem Kirmes-besuch dr\u00e4ngt sich geradezu auf.<\/p>\n<p>Am Montag ist <strong>Familientag <\/strong>der Kirmes in K\u00f6ln-Rodenkirchen am Rhein mit erm\u00e4\u00dfigten Preisen.<br \/>\nAm Dienstag gibt es gegen 22:00h das traditionelle <strong>Feuerwerk <\/strong>zum Abschluss der Kirmes am Rhein in K\u00f6ln Rodenkirchen.<\/p>\n<p>Leider sind die <strong>Parkm\u00f6glichkeiten <\/strong>am Rhein in Rodenkirchen recht eingeschr\u00e4nkt. Der Parkplatz an der Barbarastra\u00dfe ist auch schnell \u00fcberf\u00fcllt. Weitere Parkm\u00f6glichkeiten haben wir in dieser Karte aufgef\u00fchrt:<br \/>\n<iframe loading=\"lazy\" width=\"425\" height=\"350\" frameborder=\"0\" scrolling=\"no\" marginheight=\"0\" marginwidth=\"0\" src=\"http:\/\/maps.google.com\/maps\/ms?ie=UTF8&amp;hl=de&amp;msa=0&amp;ll=50.892274,6.993785&amp;spn=0.007729,0.017037&amp;msid=110949827190191327977.000474a3781a87d10eab4&amp;output=embed\"><\/iframe><br \/><small><a href=\"http:\/\/maps.google.com\/maps\/ms?ie=UTF8&amp;hl=de&amp;msa=0&amp;ll=50.892274,6.993785&amp;spn=0.007729,0.017037&amp;msid=110949827190191327977.000474a3781a87d10eab4&amp;source=embed\" style=\"color:#0000FF;text-align:left\">K\u00f6ln Rodenkirchen: Parken und Parkpl\u00e4tze<\/a> auf einer gr\u00f6\u00dferen Karte anzeigen<\/small><\/p>\n<p><figure id=\"attachment_2128\" aria-describedby=\"caption-attachment-2128\" style=\"width: 300px\" class=\"wp-caption alignleft\"><img data-recalc-dims=\"1\" loading=\"lazy\" decoding=\"async\" class=\"size-medium wp-image-2128\" title=\"koeln-rodenkirchen-kirmes-rheinufer-01\" src=\"https:\/\/i0.wp.com\/www.gaidaphotos.com\/blog\/wp-content\/uploads\/2009\/09\/koeln-rodenkirchen-kirmes-rheinufer-01.jpg?resize=300%2C200&#038;ssl=1\" alt=\"Koeln Rodenkirchen Freizeit: Kirmes am Rhein\" width=\"300\" height=\"200\" srcset=\"https:\/\/i0.wp.com\/www.gaidaphotos.com\/blog\/wp-content\/uploads\/2009\/09\/koeln-rodenkirchen-kirmes-rheinufer-01.jpg?resize=300%2C200&amp;ssl=1 300w, https:\/\/i0.wp.com\/www.gaidaphotos.com\/blog\/wp-content\/uploads\/2009\/09\/koeln-rodenkirchen-kirmes-rheinufer-01.jpg?w=640&amp;ssl=1 640w\" sizes=\"auto, (max-width: 300px) 100vw, 300px\" \/><figcaption id=\"caption-attachment-2128\" class=\"wp-caption-text\">Koeln Rodenkirchen Freizeit: Kirmes am Rhein<\/figcaption><\/figure> <figure id=\"attachment_2127\" aria-describedby=\"caption-attachment-2127\" style=\"width: 300px\" class=\"wp-caption alignright\"><img data-recalc-dims=\"1\" loading=\"lazy\" decoding=\"async\" src=\"https:\/\/i0.wp.com\/www.gaidaphotos.com\/blog\/wp-content\/uploads\/2009\/09\/koeln-rodenkirchen-kirmes-rheinufer-03.jpg?resize=300%2C200&#038;ssl=1\" alt=\"Koeln Rodenkirchen Freizeit: Kirmes am Rhein\" title=\"koeln-rodenkirchen-kirmes-rheinufer-03\" width=\"300\" height=\"200\" class=\"size-medium wp-image-2127\" srcset=\"https:\/\/i0.wp.com\/www.gaidaphotos.com\/blog\/wp-content\/uploads\/2009\/09\/koeln-rodenkirchen-kirmes-rheinufer-03.jpg?resize=300%2C200&amp;ssl=1 300w, https:\/\/i0.wp.com\/www.gaidaphotos.com\/blog\/wp-content\/uploads\/2009\/09\/koeln-rodenkirchen-kirmes-rheinufer-03.jpg?w=640&amp;ssl=1 640w\" sizes=\"auto, (max-width: 300px) 100vw, 300px\" \/><figcaption id=\"caption-attachment-2127\" class=\"wp-caption-text\">Koeln Rodenkirchen Freizeit: Kirmes am Rhein<\/figcaption><\/figure><\/p>\n","protected":false},"excerpt":{"rendered":"<p>Wie in jedem Jahr findet auch 2009 die Kirmes in K\u00f6ln-Rodenkirchen am Rheinufer statt. Das ist bei sch\u00f6nem Wetter (wie<\/p>\n","protected":false},"author":6,"featured_media":0,"comment_status":"open","ping_status":"open","sticky":false,"template":"","format":"standard","meta":{"_crdt_document":"","ngg_post_thumbnail":0,"jetpack_post_was_ever_published":false,"_jetpack_newsletter_access":"","_jetpack_dont_email_post_to_subs":false,"_jetpack_newsletter_tier_id":0,"_jetpack_memberships_contains_paywalled_content":false,"_jetpack_memberships_contains_paid_content":false,"footnotes":"","jetpack_publicize_message":"","jetpack_publicize_feature_enabled":true,"jetpack_social_post_already_shared":false,"jetpack_social_options":{"image_generator_settings":{"template":"highway","default_image_id":0,"font":"","enabled":false},"version":2}},"categories":[101,8],"tags":[102,548,538],"class_list":["post-2130","post","type-post","status-publish","format-standard","hentry","category-koeln-rodenkirchen-freizeit","category-lizenzfreie-fotos","tag-freizeit","tag-kirmes","tag-koeln-rodenkirchen"],"yoast_head":"<!-- This site is optimized with the Yoast SEO plugin v27.5 - https:\/\/yoast.com\/product\/yoast-seo-wordpress\/ -->\n<title>Koeln Rodenkirchen Freizeit: Kirmes am Rhein<\/title>\n<meta name=\"description\" content=\"Information und Fotos zur Herbst-kirmes am Rhein in K\u00f6ln Rodenkirchen\" \/>\n<meta name=\"robots\" content=\"index, follow, max-snippet:-1, max-image-preview:large, max-video-preview:-1\" \/>\n<link rel=\"canonical\" href=\"https:\/\/www.gaidaphotos.com\/blog\/2009\/09\/28\/koeln-rodenkirchen-freizeit-kirmes-am-rhein\/\" \/>\n<meta property=\"og:locale\" content=\"de_DE\" \/>\n<meta property=\"og:type\" content=\"article\" \/>\n<meta property=\"og:title\" content=\"Koeln Rodenkirchen Freizeit: Kirmes am Rhein\" \/>\n<meta property=\"og:description\" content=\"Information und Fotos zur Herbst-kirmes am Rhein in K\u00f6ln Rodenkirchen\" \/>\n<meta property=\"og:url\" content=\"https:\/\/www.gaidaphotos.com\/blog\/2009\/09\/28\/koeln-rodenkirchen-freizeit-kirmes-am-rhein\/\" \/>\n<meta property=\"og:site_name\" content=\"K\u00f6ln Rodenkirchen und die Welt\" \/>\n<meta property=\"article:publisher\" content=\"https:\/\/www.facebook.com\/Koeln.Rodenkirchen\" \/>\n<meta property=\"article:author\" content=\"https:\/\/www.facebook.com\/gaidaphotos\" \/>\n<meta property=\"article:published_time\" content=\"2009-09-28T14:01:43+00:00\" \/>\n<meta property=\"article:modified_time\" content=\"2010-02-12T13:30:05+00:00\" \/>\n<meta property=\"og:image\" content=\"https:\/\/www.gaidaphotos.com\/blog\/wp-content\/uploads\/2009\/09\/koeln-rodenkirchen-kirmes-rheinufer-02-300x200.jpg\" \/>\n<meta name=\"author\" content=\"Thomas\" \/>\n<meta name=\"twitter:card\" content=\"summary_large_image\" \/>\n<meta name=\"twitter:creator\" content=\"@gaidaphotos\" \/>\n<meta name=\"twitter:site\" content=\"@gaidaphotos\" \/>\n<meta name=\"twitter:label1\" content=\"Verfasst von\" \/>\n\t<meta name=\"twitter:data1\" content=\"Thomas\" \/>\n\t<meta name=\"twitter:label2\" content=\"Gesch\u00e4tzte Lesezeit\" \/>\n\t<meta name=\"twitter:data2\" content=\"1\u00a0Minute\" \/>\n<script type=\"application\/ld+json\" class=\"yoast-schema-graph\">{\"@context\":\"https:\\\/\\\/schema.org\",\"@graph\":[{\"@type\":\"Article\",\"@id\":\"https:\\\/\\\/www.gaidaphotos.com\\\/blog\\\/2009\\\/09\\\/28\\\/koeln-rodenkirchen-freizeit-kirmes-am-rhein\\\/#article\",\"isPartOf\":{\"@id\":\"https:\\\/\\\/www.gaidaphotos.com\\\/blog\\\/2009\\\/09\\\/28\\\/koeln-rodenkirchen-freizeit-kirmes-am-rhein\\\/\"},\"author\":{\"name\":\"Thomas\",\"@id\":\"https:\\\/\\\/www.gaidaphotos.com\\\/blog\\\/#\\\/schema\\\/person\\\/6c444a5b13ffc503c5c32f5a9ec68b21\"},\"headline\":\"K\u00f6ln Rodenkirchen Freizeit: Kirmes am Rhein\",\"datePublished\":\"2009-09-28T14:01:43+00:00\",\"dateModified\":\"2010-02-12T13:30:05+00:00\",\"mainEntityOfPage\":{\"@id\":\"https:\\\/\\\/www.gaidaphotos.com\\\/blog\\\/2009\\\/09\\\/28\\\/koeln-rodenkirchen-freizeit-kirmes-am-rhein\\\/\"},\"wordCount\":196,\"commentCount\":0,\"publisher\":{\"@id\":\"https:\\\/\\\/www.gaidaphotos.com\\\/blog\\\/#organization\"},\"image\":{\"@id\":\"https:\\\/\\\/www.gaidaphotos.com\\\/blog\\\/2009\\\/09\\\/28\\\/koeln-rodenkirchen-freizeit-kirmes-am-rhein\\\/#primaryimage\"},\"thumbnailUrl\":\"https:\\\/\\\/www.gaidaphotos.com\\\/blog\\\/wp-content\\\/uploads\\\/2009\\\/09\\\/koeln-rodenkirchen-kirmes-rheinufer-02-300x200.jpg\",\"keywords\":[\"Freizeit-Ideen\",\"Kirmes\",\"K\u00f6ln Rodenkirchen\"],\"articleSection\":[\"K\u00f6ln Rodenkirchen Freizeit\",\"Lizenzfreie Fotos\"],\"inLanguage\":\"de\",\"potentialAction\":[{\"@type\":\"CommentAction\",\"name\":\"Comment\",\"target\":[\"https:\\\/\\\/www.gaidaphotos.com\\\/blog\\\/2009\\\/09\\\/28\\\/koeln-rodenkirchen-freizeit-kirmes-am-rhein\\\/#respond\"]}]},{\"@type\":\"WebPage\",\"@id\":\"https:\\\/\\\/www.gaidaphotos.com\\\/blog\\\/2009\\\/09\\\/28\\\/koeln-rodenkirchen-freizeit-kirmes-am-rhein\\\/\",\"url\":\"https:\\\/\\\/www.gaidaphotos.com\\\/blog\\\/2009\\\/09\\\/28\\\/koeln-rodenkirchen-freizeit-kirmes-am-rhein\\\/\",\"name\":\"Koeln Rodenkirchen Freizeit: Kirmes am Rhein\",\"isPartOf\":{\"@id\":\"https:\\\/\\\/www.gaidaphotos.com\\\/blog\\\/#website\"},\"primaryImageOfPage\":{\"@id\":\"https:\\\/\\\/www.gaidaphotos.com\\\/blog\\\/2009\\\/09\\\/28\\\/koeln-rodenkirchen-freizeit-kirmes-am-rhein\\\/#primaryimage\"},\"image\":{\"@id\":\"https:\\\/\\\/www.gaidaphotos.com\\\/blog\\\/2009\\\/09\\\/28\\\/koeln-rodenkirchen-freizeit-kirmes-am-rhein\\\/#primaryimage\"},\"thumbnailUrl\":\"https:\\\/\\\/www.gaidaphotos.com\\\/blog\\\/wp-content\\\/uploads\\\/2009\\\/09\\\/koeln-rodenkirchen-kirmes-rheinufer-02-300x200.jpg\",\"datePublished\":\"2009-09-28T14:01:43+00:00\",\"dateModified\":\"2010-02-12T13:30:05+00:00\",\"description\":\"Information und Fotos zur Herbst-kirmes am Rhein in K\u00f6ln Rodenkirchen\",\"breadcrumb\":{\"@id\":\"https:\\\/\\\/www.gaidaphotos.com\\\/blog\\\/2009\\\/09\\\/28\\\/koeln-rodenkirchen-freizeit-kirmes-am-rhein\\\/#breadcrumb\"},\"inLanguage\":\"de\",\"potentialAction\":[{\"@type\":\"ReadAction\",\"target\":[\"https:\\\/\\\/www.gaidaphotos.com\\\/blog\\\/2009\\\/09\\\/28\\\/koeln-rodenkirchen-freizeit-kirmes-am-rhein\\\/\"]}]},{\"@type\":\"ImageObject\",\"inLanguage\":\"de\",\"@id\":\"https:\\\/\\\/www.gaidaphotos.com\\\/blog\\\/2009\\\/09\\\/28\\\/koeln-rodenkirchen-freizeit-kirmes-am-rhein\\\/#primaryimage\",\"url\":\"https:\\\/\\\/i0.wp.com\\\/www.gaidaphotos.com\\\/blog\\\/wp-content\\\/uploads\\\/2009\\\/09\\\/koeln-rodenkirchen-kirmes-rheinufer-02.JPG?fit=640%2C427&ssl=1\",\"contentUrl\":\"https:\\\/\\\/i0.wp.com\\\/www.gaidaphotos.com\\\/blog\\\/wp-content\\\/uploads\\\/2009\\\/09\\\/koeln-rodenkirchen-kirmes-rheinufer-02.JPG?fit=640%2C427&ssl=1\",\"width\":\"640\",\"height\":\"427\",\"caption\":\"Koeln Rodenkirchen Freizeit: Kirmes am Rhein\"},{\"@type\":\"BreadcrumbList\",\"@id\":\"https:\\\/\\\/www.gaidaphotos.com\\\/blog\\\/2009\\\/09\\\/28\\\/koeln-rodenkirchen-freizeit-kirmes-am-rhein\\\/#breadcrumb\",\"itemListElement\":[{\"@type\":\"ListItem\",\"position\":1,\"name\":\"Startseite\",\"item\":\"https:\\\/\\\/www.gaidaphotos.com\\\/blog\\\/\"},{\"@type\":\"ListItem\",\"position\":2,\"name\":\"K\u00f6ln Rodenkirchen Freizeit: Kirmes am Rhein\"}]},{\"@type\":\"WebSite\",\"@id\":\"https:\\\/\\\/www.gaidaphotos.com\\\/blog\\\/#website\",\"url\":\"https:\\\/\\\/www.gaidaphotos.com\\\/blog\\\/\",\"name\":\"K\u00f6ln Rodenkirchen und die Welt\",\"description\":\"Einkaufen, Restaurants, Freizeit, Nachrichten und was uns sonst bewegt und begegnet\",\"publisher\":{\"@id\":\"https:\\\/\\\/www.gaidaphotos.com\\\/blog\\\/#organization\"},\"potentialAction\":[{\"@type\":\"SearchAction\",\"target\":{\"@type\":\"EntryPoint\",\"urlTemplate\":\"https:\\\/\\\/www.gaidaphotos.com\\\/blog\\\/?s={search_term_string}\"},\"query-input\":{\"@type\":\"PropertyValueSpecification\",\"valueRequired\":true,\"valueName\":\"search_term_string\"}}],\"inLanguage\":\"de\"},{\"@type\":\"Organization\",\"@id\":\"https:\\\/\\\/www.gaidaphotos.com\\\/blog\\\/#organization\",\"name\":\"gaidaphotos\",\"url\":\"https:\\\/\\\/www.gaidaphotos.com\\\/blog\\\/\",\"logo\":{\"@type\":\"ImageObject\",\"inLanguage\":\"de\",\"@id\":\"https:\\\/\\\/www.gaidaphotos.com\\\/blog\\\/#\\\/schema\\\/logo\\\/image\\\/\",\"url\":\"https:\\\/\\\/i0.wp.com\\\/www.gaidaphotos.com\\\/blog\\\/wp-content\\\/uploads\\\/2020\\\/07\\\/GAIDAPHOTOS-COM.jpg?fit=160%2C96&ssl=1\",\"contentUrl\":\"https:\\\/\\\/i0.wp.com\\\/www.gaidaphotos.com\\\/blog\\\/wp-content\\\/uploads\\\/2020\\\/07\\\/GAIDAPHOTOS-COM.jpg?fit=160%2C96&ssl=1\",\"width\":160,\"height\":96,\"caption\":\"gaidaphotos\"},\"image\":{\"@id\":\"https:\\\/\\\/www.gaidaphotos.com\\\/blog\\\/#\\\/schema\\\/logo\\\/image\\\/\"},\"sameAs\":[\"https:\\\/\\\/www.facebook.com\\\/Koeln.Rodenkirchen\",\"https:\\\/\\\/x.com\\\/gaidaphotos\",\"https:\\\/\\\/instagram.com\\\/gaidaphotos\\\/\",\"https:\\\/\\\/de.linkedin.com\\\/in\\\/gaidaphotos\",\"https:\\\/\\\/myspace.com\\\/gaidaphotos\",\"https:\\\/\\\/www.pinterest.com\\\/gaidaphotos\\\/\",\"https:\\\/\\\/www.youtube.com\\\/user\\\/gaidaphotos\"]},{\"@type\":\"Person\",\"@id\":\"https:\\\/\\\/www.gaidaphotos.com\\\/blog\\\/#\\\/schema\\\/person\\\/6c444a5b13ffc503c5c32f5a9ec68b21\",\"name\":\"Thomas\",\"sameAs\":[\"https:\\\/\\\/www.gaidaphotos.com\",\"https:\\\/\\\/www.facebook.com\\\/gaidaphotos\",\"https:\\\/\\\/instagram.com\\\/gaidaphotos\\\/\",\"https:\\\/\\\/www.linkedin.com\\\/in\\\/gaidaphotos\",\"http:\\\/\\\/www.pinterest.com\\\/gaidaphotos\\\/\",\"https:\\\/\\\/x.com\\\/gaidaphotos\",\"https:\\\/\\\/myspace.com\\\/gaidaphotos\",\"https:\\\/\\\/www.youtube.com\\\/user\\\/gaidaphotos\",\"https:\\\/\\\/gaidaphotos.tumblr.com\\\/\"]}]}<\/script>\n<!-- \/ Yoast SEO plugin. -->","yoast_head_json":{"title":"Koeln Rodenkirchen Freizeit: Kirmes am Rhein","description":"Information und Fotos zur Herbst-kirmes am Rhein in K\u00f6ln Rodenkirchen","robots":{"index":"index","follow":"follow","max-snippet":"max-snippet:-1","max-image-preview":"max-image-preview:large","max-video-preview":"max-video-preview:-1"},"canonical":"https:\/\/www.gaidaphotos.com\/blog\/2009\/09\/28\/koeln-rodenkirchen-freizeit-kirmes-am-rhein\/","og_locale":"de_DE","og_type":"article","og_title":"Koeln Rodenkirchen Freizeit: Kirmes am Rhein","og_description":"Information und Fotos zur Herbst-kirmes am Rhein in K\u00f6ln Rodenkirchen","og_url":"https:\/\/www.gaidaphotos.com\/blog\/2009\/09\/28\/koeln-rodenkirchen-freizeit-kirmes-am-rhein\/","og_site_name":"K\u00f6ln Rodenkirchen und die Welt","article_publisher":"https:\/\/www.facebook.com\/Koeln.Rodenkirchen","article_author":"https:\/\/www.facebook.com\/gaidaphotos","article_published_time":"2009-09-28T14:01:43+00:00","article_modified_time":"2010-02-12T13:30:05+00:00","og_image":[{"url":"https:\/\/www.gaidaphotos.com\/blog\/wp-content\/uploads\/2009\/09\/koeln-rodenkirchen-kirmes-rheinufer-02-300x200.jpg","type":"","width":"","height":""}],"author":"Thomas","twitter_card":"summary_large_image","twitter_creator":"@gaidaphotos","twitter_site":"@gaidaphotos","twitter_misc":{"Verfasst von":"Thomas","Gesch\u00e4tzte Lesezeit":"1\u00a0Minute"},"schema":{"@context":"https:\/\/schema.org","@graph":[{"@type":"Article","@id":"https:\/\/www.gaidaphotos.com\/blog\/2009\/09\/28\/koeln-rodenkirchen-freizeit-kirmes-am-rhein\/#article","isPartOf":{"@id":"https:\/\/www.gaidaphotos.com\/blog\/2009\/09\/28\/koeln-rodenkirchen-freizeit-kirmes-am-rhein\/"},"author":{"name":"Thomas","@id":"https:\/\/www.gaidaphotos.com\/blog\/#\/schema\/person\/6c444a5b13ffc503c5c32f5a9ec68b21"},"headline":"K\u00f6ln Rodenkirchen Freizeit: Kirmes am Rhein","datePublished":"2009-09-28T14:01:43+00:00","dateModified":"2010-02-12T13:30:05+00:00","mainEntityOfPage":{"@id":"https:\/\/www.gaidaphotos.com\/blog\/2009\/09\/28\/koeln-rodenkirchen-freizeit-kirmes-am-rhein\/"},"wordCount":196,"commentCount":0,"publisher":{"@id":"https:\/\/www.gaidaphotos.com\/blog\/#organization"},"image":{"@id":"https:\/\/www.gaidaphotos.com\/blog\/2009\/09\/28\/koeln-rodenkirchen-freizeit-kirmes-am-rhein\/#primaryimage"},"thumbnailUrl":"https:\/\/www.gaidaphotos.com\/blog\/wp-content\/uploads\/2009\/09\/koeln-rodenkirchen-kirmes-rheinufer-02-300x200.jpg","keywords":["Freizeit-Ideen","Kirmes","K\u00f6ln Rodenkirchen"],"articleSection":["K\u00f6ln Rodenkirchen Freizeit","Lizenzfreie Fotos"],"inLanguage":"de","potentialAction":[{"@type":"CommentAction","name":"Comment","target":["https:\/\/www.gaidaphotos.com\/blog\/2009\/09\/28\/koeln-rodenkirchen-freizeit-kirmes-am-rhein\/#respond"]}]},{"@type":"WebPage","@id":"https:\/\/www.gaidaphotos.com\/blog\/2009\/09\/28\/koeln-rodenkirchen-freizeit-kirmes-am-rhein\/","url":"https:\/\/www.gaidaphotos.com\/blog\/2009\/09\/28\/koeln-rodenkirchen-freizeit-kirmes-am-rhein\/","name":"Koeln Rodenkirchen Freizeit: Kirmes am Rhein","isPartOf":{"@id":"https:\/\/www.gaidaphotos.com\/blog\/#website"},"primaryImageOfPage":{"@id":"https:\/\/www.gaidaphotos.com\/blog\/2009\/09\/28\/koeln-rodenkirchen-freizeit-kirmes-am-rhein\/#primaryimage"},"image":{"@id":"https:\/\/www.gaidaphotos.com\/blog\/2009\/09\/28\/koeln-rodenkirchen-freizeit-kirmes-am-rhein\/#primaryimage"},"thumbnailUrl":"https:\/\/www.gaidaphotos.com\/blog\/wp-content\/uploads\/2009\/09\/koeln-rodenkirchen-kirmes-rheinufer-02-300x200.jpg","datePublished":"2009-09-28T14:01:43+00:00","dateModified":"2010-02-12T13:30:05+00:00","description":"Information und Fotos zur Herbst-kirmes am Rhein in K\u00f6ln Rodenkirchen","breadcrumb":{"@id":"https:\/\/www.gaidaphotos.com\/blog\/2009\/09\/28\/koeln-rodenkirchen-freizeit-kirmes-am-rhein\/#breadcrumb"},"inLanguage":"de","potentialAction":[{"@type":"ReadAction","target":["https:\/\/www.gaidaphotos.com\/blog\/2009\/09\/28\/koeln-rodenkirchen-freizeit-kirmes-am-rhein\/"]}]},{"@type":"ImageObject","inLanguage":"de","@id":"https:\/\/www.gaidaphotos.com\/blog\/2009\/09\/28\/koeln-rodenkirchen-freizeit-kirmes-am-rhein\/#primaryimage","url":"https:\/\/i0.wp.com\/www.gaidaphotos.com\/blog\/wp-content\/uploads\/2009\/09\/koeln-rodenkirchen-kirmes-rheinufer-02.JPG?fit=640%2C427&ssl=1","contentUrl":"https:\/\/i0.wp.com\/www.gaidaphotos.com\/blog\/wp-content\/uploads\/2009\/09\/koeln-rodenkirchen-kirmes-rheinufer-02.JPG?fit=640%2C427&ssl=1","width":"640","height":"427","caption":"Koeln Rodenkirchen Freizeit: Kirmes am Rhein"},{"@type":"BreadcrumbList","@id":"https:\/\/www.gaidaphotos.com\/blog\/2009\/09\/28\/koeln-rodenkirchen-freizeit-kirmes-am-rhein\/#breadcrumb","itemListElement":[{"@type":"ListItem","position":1,"name":"Startseite","item":"https:\/\/www.gaidaphotos.com\/blog\/"},{"@type":"ListItem","position":2,"name":"K\u00f6ln Rodenkirchen Freizeit: Kirmes am Rhein"}]},{"@type":"WebSite","@id":"https:\/\/www.gaidaphotos.com\/blog\/#website","url":"https:\/\/www.gaidaphotos.com\/blog\/","name":"K\u00f6ln Rodenkirchen und die Welt","description":"Einkaufen, Restaurants, Freizeit, Nachrichten und was uns sonst bewegt und begegnet","publisher":{"@id":"https:\/\/www.gaidaphotos.com\/blog\/#organization"},"potentialAction":[{"@type":"SearchAction","target":{"@type":"EntryPoint","urlTemplate":"https:\/\/www.gaidaphotos.com\/blog\/?s={search_term_string}"},"query-input":{"@type":"PropertyValueSpecification","valueRequired":true,"valueName":"search_term_string"}}],"inLanguage":"de"},{"@type":"Organization","@id":"https:\/\/www.gaidaphotos.com\/blog\/#organization","name":"gaidaphotos","url":"https:\/\/www.gaidaphotos.com\/blog\/","logo":{"@type":"ImageObject","inLanguage":"de","@id":"https:\/\/www.gaidaphotos.com\/blog\/#\/schema\/logo\/image\/","url":"https:\/\/i0.wp.com\/www.gaidaphotos.com\/blog\/wp-content\/uploads\/2020\/07\/GAIDAPHOTOS-COM.jpg?fit=160%2C96&ssl=1","contentUrl":"https:\/\/i0.wp.com\/www.gaidaphotos.com\/blog\/wp-content\/uploads\/2020\/07\/GAIDAPHOTOS-COM.jpg?fit=160%2C96&ssl=1","width":160,"height":96,"caption":"gaidaphotos"},"image":{"@id":"https:\/\/www.gaidaphotos.com\/blog\/#\/schema\/logo\/image\/"},"sameAs":["https:\/\/www.facebook.com\/Koeln.Rodenkirchen","https:\/\/x.com\/gaidaphotos","https:\/\/instagram.com\/gaidaphotos\/","https:\/\/de.linkedin.com\/in\/gaidaphotos","https:\/\/myspace.com\/gaidaphotos","https:\/\/www.pinterest.com\/gaidaphotos\/","https:\/\/www.youtube.com\/user\/gaidaphotos"]},{"@type":"Person","@id":"https:\/\/www.gaidaphotos.com\/blog\/#\/schema\/person\/6c444a5b13ffc503c5c32f5a9ec68b21","name":"Thomas","sameAs":["https:\/\/www.gaidaphotos.com","https:\/\/www.facebook.com\/gaidaphotos","https:\/\/instagram.com\/gaidaphotos\/","https:\/\/www.linkedin.com\/in\/gaidaphotos","http:\/\/www.pinterest.com\/gaidaphotos\/","https:\/\/x.com\/gaidaphotos","https:\/\/myspace.com\/gaidaphotos","https:\/\/www.youtube.com\/user\/gaidaphotos","https:\/\/gaidaphotos.tumblr.com\/"]}]}},"jetpack_publicize_connections":[],"jetpack_featured_media_url":"","jetpack_sharing_enabled":true,"jetpack_likes_enabled":true,"jetpack-related-posts":[{"id":617,"url":"https:\/\/www.gaidaphotos.com\/blog\/2009\/05\/19\/koeln-rodenkirchen-rhein-vorsicht-kanu\/","url_meta":{"origin":2130,"position":0},"title":"Koeln Rodenkirchen Rhein: Vorsicht Kanu!","author":"Thomas","date":"19. Mai 2009","format":false,"excerpt":"Hier haben Kanus Beine: Vorsicht Kanu nat\u00fcrlich am Rhein in Koeln Rodenkirchen. Kanu-, Rudern und Wassersport in Koeln Rodenkirchen am Rhein","rel":"","context":"In &quot;17&quot;","block_context":{"text":"17","link":"https:\/\/www.gaidaphotos.com\/blog\/category\/mobile_news_von_unterwegs\/mobile_news_von_unterwegs-n95\/"},"img":{"alt_text":"","src":"","width":0,"height":0},"classes":[]},{"id":5740,"url":"https:\/\/www.gaidaphotos.com\/blog\/2013\/09\/17\/kirmes-und-verkaufsoffener-sonntag-in-rodenkirchen-22-09-2013\/","url_meta":{"origin":2130,"position":1},"title":"Kirmes und verkaufsoffener Sonntag in Rodenkirchen 22.09.2013","author":"Thomas","date":"17. September 2013","format":false,"excerpt":"Herbstkirmes in Rodenkirchen 2013 verkaufsoffener Sonntag und Bundestagswahl Der Herbst ist da und ebenso wieder die Kirmes am Rhein in Rodenkirchen. Gekr\u00f6nt wird das Angebot am Sonntag, wenn die Gesch\u00e4fte ge\u00f6ffnet haben und wir zur Wahl des Bundestag geladen werden. Hoffen wir auf sch\u00f6nes Wetter. Herbstkirmes in K\u00f6ln-Rodenkirchen 2013 Ende\u2026","rel":"","context":"In &quot;Ausflug&quot;","block_context":{"text":"Ausflug","link":"https:\/\/www.gaidaphotos.com\/blog\/category\/ausflug\/"},"img":{"alt_text":"","src":"https:\/\/www.gaidaphotos.com\/blog\/wp-content\/uploads\/2020\/08\/nggallery_import\/142_","width":350,"height":200,"srcset":"https:\/\/www.gaidaphotos.com\/blog\/wp-content\/uploads\/2020\/08\/nggallery_import\/142_ 1x, https:\/\/www.gaidaphotos.com\/blog\/wp-content\/uploads\/2020\/08\/nggallery_import\/142_ 1.5x, https:\/\/www.gaidaphotos.com\/blog\/wp-content\/uploads\/2020\/08\/nggallery_import\/142_ 2x"},"classes":[]},{"id":3697,"url":"https:\/\/www.gaidaphotos.com\/blog\/2011\/09\/21\/koeln-rodenkirchen-kirmes-verkaufsoffener-sonntag-25-09-2011\/","url_meta":{"origin":2130,"position":2},"title":"K\u00f6ln-Rodenkirchen: Kirmes &#038; verkaufsoffener Sonntag 25.09.2011","author":"Thomas","date":"21. September 2011","format":false,"excerpt":"K\u00f6ln-Rodenkirchen: Kirmes & verkaufsoffener Sonntag 25.09.2011 P\u00fcnktlich zum Herbstanfang findet in K\u00f6ln-Rodenkirchen die j\u00e4hrliche Herbst-Kirmes statt. Die Lage am Rheinufer in K\u00f6ln-Rodenkirchen k\u00f6nnte sch\u00f6ner nicht sein. Das ist keine Wies'n, kein \"P\u00fctzchens Markt\" oder Soester Allerheiligen-Kirmes sondern eine eher d\u00f6rfliche Kirmes mit langer Tradition. Und jetzt gibt's zur Kirmes auch\u2026","rel":"","context":"In &quot;Verkaufsoffener Sonntag K\u00f6ln NRW&quot;","block_context":{"text":"Verkaufsoffener Sonntag K\u00f6ln NRW","link":"https:\/\/www.gaidaphotos.com\/blog\/category\/kalender-archiv\/verkaufsoffener-sonntag-koln-nrw\/"},"img":{"alt_text":"","src":"https:\/\/www.gaidaphotos.com\/blog\/wp-content\/uploads\/2020\/08\/nggallery_import\/90_","width":350,"height":200,"srcset":"https:\/\/www.gaidaphotos.com\/blog\/wp-content\/uploads\/2020\/08\/nggallery_import\/90_ 1x, https:\/\/www.gaidaphotos.com\/blog\/wp-content\/uploads\/2020\/08\/nggallery_import\/90_ 1.5x, https:\/\/www.gaidaphotos.com\/blog\/wp-content\/uploads\/2020\/08\/nggallery_import\/90_ 2x"},"classes":[]},{"id":5012,"url":"https:\/\/www.gaidaphotos.com\/blog\/2012\/09\/10\/verkaufsoffener-sonntag-23-09-2012-herbstfest-rathheumar-maternuskirmes-rodenkirchen-longerich-dellbrueck\/","url_meta":{"origin":2130,"position":3},"title":"Verkaufsoffener Sonntag: 23.09.2012 Herbstfest Rath\/Heumar &#8211; Maternuskirmes Rodenkirchen &#8211; Longerich &#8211; Dellbr\u00fcck","author":"Thomas","date":"10. September 2012","format":false,"excerpt":"Verkaufsoffener Sonntag 23.09.12: Herbstfest in Rath\/Heumar Rodenkirchen Maternuskirmes Longerich - bewegt sich Dellbr\u00fcck Stra\u00dfenfest Am 23.09.2012 geht es wieder richtig los mit Angeboten zum verkaufsoffenen Sonntag in K\u00f6ln. Den Anfang macht Rath\/Heumar und l\u00e4d zu Herbstfest und verkaufsoffenem Sonntag am 16.09.2012. Guildo Horn und seine orthop\u00e4dischen Str\u00fcmpfe sowie Linus werden\u2026","rel":"","context":"In &quot;K\u00f6ln Rodenkirchen&quot;","block_context":{"text":"K\u00f6ln Rodenkirchen","link":"https:\/\/www.gaidaphotos.com\/blog\/category\/koeln-rodenkirchen\/"},"img":{"alt_text":"Herbstfest in Rath\/Heumar","src":"https:\/\/i0.wp.com\/www.gaidaphotos.com\/blog\/wp-content\/uploads\/2012\/09\/IG-HERBSTFEST_2012.png?fit=566%2C800&ssl=1&resize=350%2C200","width":350,"height":200,"srcset":"https:\/\/i0.wp.com\/www.gaidaphotos.com\/blog\/wp-content\/uploads\/2012\/09\/IG-HERBSTFEST_2012.png?fit=566%2C800&ssl=1&resize=350%2C200 1x, https:\/\/i0.wp.com\/www.gaidaphotos.com\/blog\/wp-content\/uploads\/2012\/09\/IG-HERBSTFEST_2012.png?fit=566%2C800&ssl=1&resize=525%2C300 1.5x"},"classes":[]},{"id":600,"url":"https:\/\/www.gaidaphotos.com\/blog\/2009\/05\/18\/koeln-rodenkirchen-wassersport\/","url_meta":{"origin":2130,"position":4},"title":"K\u00f6ln-Rodenkirchen: Wassersport am Rhein (Fotos)","author":"Thomas","date":"18. Mai 2009","format":false,"excerpt":"Zu den vielen m\u00f6glichen Freizeit-aktivit\u00e4ten und Freizeit-besch\u00e4ftigungen in K\u00f6ln Rodenkirchen geh\u00f6rt auf jeden Fall der Wassersport. Rudern, Kanu, Kayak fahren - f\u00fcr alls Wassersport-ler bietet der Rhein in K\u00f6ln Rodenkirchen interessante M\u00f6glichkeiten. Hier ein Foto von einem Kanu-Wettkampf der Kinder und Jugendlichen in K\u00f6ln-Rodenkirchen am Rhein. Im liberalen K\u00f6ln Rodenkirchen\u2026","rel":"","context":"In &quot;Humor&quot;","block_context":{"text":"Humor","link":"https:\/\/www.gaidaphotos.com\/blog\/category\/humor\/"},"img":{"alt_text":"","src":"https:\/\/i0.wp.com\/www.gaidaphotos.com\/blog\/wp-content\/uploads\/2009\/05\/17052009092.jpg?resize=350%2C200&ssl=1","width":350,"height":200,"srcset":"https:\/\/i0.wp.com\/www.gaidaphotos.com\/blog\/wp-content\/uploads\/2009\/05\/17052009092.jpg?resize=350%2C200&ssl=1 1x, https:\/\/i0.wp.com\/www.gaidaphotos.com\/blog\/wp-content\/uploads\/2009\/05\/17052009092.jpg?resize=525%2C300&ssl=1 1.5x, https:\/\/i0.wp.com\/www.gaidaphotos.com\/blog\/wp-content\/uploads\/2009\/05\/17052009092.jpg?resize=700%2C400&ssl=1 2x, https:\/\/i0.wp.com\/www.gaidaphotos.com\/blog\/wp-content\/uploads\/2009\/05\/17052009092.jpg?resize=1050%2C600&ssl=1 3x, https:\/\/i0.wp.com\/www.gaidaphotos.com\/blog\/wp-content\/uploads\/2009\/05\/17052009092.jpg?resize=1400%2C800&ssl=1 4x"},"classes":[]},{"id":2833,"url":"https:\/\/www.gaidaphotos.com\/blog\/2010\/04\/30\/koeln-rodenkirchen-der-maibaum-steht\/","url_meta":{"origin":2130,"position":5},"title":"K\u00f6ln-Rodenkirchen: Der Maibaum steht","author":"Thomas","date":"30. April 2010","format":false,"excerpt":"Der Maibaum steht Im Rahmen der Maifeiern der AG Rodenkirchen wurde heute beim Tanz in Den Mai in K\u00f6ln Rodenkirchen der erste Maibaum (?) aufgestellt. Wie schon berichtet wurde der Maibaum von Freiwilligen der \u00f6rtlichen Vereine heute Abend auf dem Maternusplatz aufgestellt. Leider dauerte es ein wenig, bis die letzten\u2026","rel":"","context":"In &quot;K\u00f6ln Rodenkirchen Freizeit&quot;","block_context":{"text":"K\u00f6ln Rodenkirchen Freizeit","link":"https:\/\/www.gaidaphotos.com\/blog\/category\/koeln-rodenkirchen\/koeln-rodenkirchen-freizeit\/"},"img":{"alt_text":"K\u00f6ln Rodenkirchen: Maibaum verkaufsoffener Sonntag","src":"https:\/\/i0.wp.com\/www.gaidaphotos.com\/blog\/wp-content\/uploads\/2010\/04\/koeln-rodenkirchen-maibaum.jpg?resize=350%2C200&ssl=1","width":350,"height":200},"classes":[]}],"_links":{"self":[{"href":"https:\/\/www.gaidaphotos.com\/blog\/wp-json\/wp\/v2\/posts\/2130","targetHints":{"allow":["GET"]}}],"collection":[{"href":"https:\/\/www.gaidaphotos.com\/blog\/wp-json\/wp\/v2\/posts"}],"about":[{"href":"https:\/\/www.gaidaphotos.com\/blog\/wp-json\/wp\/v2\/types\/post"}],"author":[{"embeddable":true,"href":"https:\/\/www.gaidaphotos.com\/blog\/wp-json\/wp\/v2\/users\/6"}],"replies":[{"embeddable":true,"href":"https:\/\/www.gaidaphotos.com\/blog\/wp-json\/wp\/v2\/comments?post=2130"}],"version-history":[{"count":0,"href":"https:\/\/www.gaidaphotos.com\/blog\/wp-json\/wp\/v2\/posts\/2130\/revisions"}],"wp:attachment":[{"href":"https:\/\/www.gaidaphotos.com\/blog\/wp-json\/wp\/v2\/media?parent=2130"}],"wp:term":[{"taxonomy":"category","embeddable":true,"href":"https:\/\/www.gaidaphotos.com\/blog\/wp-json\/wp\/v2\/categories?post=2130"},{"taxonomy":"post_tag","embeddable":true,"href":"https:\/\/www.gaidaphotos.com\/blog\/wp-json\/wp\/v2\/tags?post=2130"}],"curies":[{"name":"wp","href":"https:\/\/api.w.org\/{rel}","templated":true}]}}