{"id":2198,"date":"2009-11-02T18:26:31","date_gmt":"2009-11-02T17:26:31","guid":{"rendered":"http:\/\/gaidaphotos.com\/blog\/2009\/11\/02\/koeln-rodenkirchen-einkaufen-neu-am-maternusplatz\/"},"modified":"2009-11-09T18:47:54","modified_gmt":"2009-11-09T17:47:54","slug":"koeln-rodenkirchen-einkaufen-neu-am-maternusplatz","status":"publish","type":"post","link":"https:\/\/www.gaidaphotos.com\/blog\/2009\/11\/02\/koeln-rodenkirchen-einkaufen-neu-am-maternusplatz\/","title":{"rendered":"Koeln-Rodenkirchen Einkaufen: Neu am Maternusplatz"},"content":{"rendered":"<div class=\"Lifeblog_Posting\">\n<div class=\"Lifeblog_Resource\">\n<img data-recalc-dims=\"1\" decoding=\"async\" src=\"https:\/\/i0.wp.com\/www.gaidaphotos.com\/blog\/wp-content\/uploads\/lifeblog-29102009522.jpg?w=910&#038;ssl=1\" alt=\"K&Atilde;&para;ln Rodenkirchen Einkaufen Maternusplatz\" \/><\/div>\n<p>Wochenlang passiert gar nix in Rodenkirchen. Alles und alle stecken tief in der Arbeit.<br \/>\nDann in der vergangenen Woche, nach blitzschnellem Umbau, er\u00f6ffnet der neue Merzenich in K\u00f6ln Rodenkirchen am Maternusplatz.<br \/>\nGr\u00f6\u00dfer, sch\u00f6ner und heller pr\u00e4sentieren sich jetzt Br\u00f6tchen, Brot und Kuchen. Wer wenigistens ein Stehcafe erwartet hatte wurde aber entt\u00e4uscht.<br \/>\nAm\u00a0Abend \u00fcberstrahlt das riesige Transparent alles und beleuchtet den Platz (Danke).<br \/>\nMerzenich in K\u00f6ln Rodenkirchen am Maternusplatz hat auch am\u00a0Sonntag und Feiertag ge\u00f6ffnet und frisch gebackene Br\u00f6tchen.<br \/>\nUnsere Favoriten sind das Kommi\u00dfbrot und der Merzenicher Ur-Roggen. Aber der Haselnussstuten, das Walnussbrot, der Bienenstich &#8230; sind ebenso  willkommen.<\/p>\n<p>Mal  sehen, was in den ehemaligen Merzenich Laden am Maternusplatz kommt. Gewerkelt wird schon. Ger\u00fcchte sagen, Oebel w\u00fcrde einziehen. Dann haben wir vier B\u00e4ckereien am Maternusplatz in K\u00f6ln Rodenkirchen. Hoffentlich regt das auch den Wettbewerb an,  denn leider bringt es nicht mehr Vielfalt-\n<\/p><\/div>\n","protected":false},"excerpt":{"rendered":"<p>Wochenlang passiert gar nix in Rodenkirchen. Alles und alle stecken tief in der Arbeit. Dann in der vergangenen Woche, nach<\/p>\n","protected":false},"author":6,"featured_media":0,"comment_status":"open","ping_status":"open","sticky":false,"template":"","format":"standard","meta":{"_crdt_document":"","ngg_post_thumbnail":0,"jetpack_post_was_ever_published":false,"_jetpack_newsletter_access":"","_jetpack_dont_email_post_to_subs":false,"_jetpack_newsletter_tier_id":0,"_jetpack_memberships_contains_paywalled_content":false,"_jetpack_memberships_contains_paid_content":false,"footnotes":"","jetpack_publicize_message":"","jetpack_publicize_feature_enabled":true,"jetpack_social_post_already_shared":false,"jetpack_social_options":{"image_generator_settings":{"template":"highway","default_image_id":0,"font":"","enabled":false},"version":2}},"categories":[20,52,89],"tags":[108,538],"class_list":["post-2198","post","type-post","status-publish","format-standard","hentry","category-mobile_news_von_unterwegs-n95","category-koeln-rodenkirchen","category-koeln-rodenkirchen-einkaufen","tag-einkaufen","tag-koeln-rodenkirchen"],"yoast_head":"<!-- This site is optimized with the Yoast SEO plugin v27.5 - https:\/\/yoast.com\/product\/yoast-seo-wordpress\/ -->\n<title>Koeln-Rodenkirchen Einkaufen: Neu am Maternusplatz - K\u00f6ln Rodenkirchen und die Welt<\/title>\n<meta name=\"robots\" content=\"index, follow, max-snippet:-1, max-image-preview:large, max-video-preview:-1\" \/>\n<link rel=\"canonical\" href=\"https:\/\/www.gaidaphotos.com\/blog\/2009\/11\/02\/koeln-rodenkirchen-einkaufen-neu-am-maternusplatz\/\" \/>\n<meta property=\"og:locale\" content=\"de_DE\" \/>\n<meta property=\"og:type\" content=\"article\" \/>\n<meta property=\"og:title\" content=\"Koeln-Rodenkirchen Einkaufen: Neu am Maternusplatz - K\u00f6ln Rodenkirchen und die Welt\" \/>\n<meta property=\"og:description\" content=\"Wochenlang passiert gar nix in Rodenkirchen. Alles und alle stecken tief in der Arbeit. Dann in der vergangenen Woche, nach\" \/>\n<meta property=\"og:url\" content=\"https:\/\/www.gaidaphotos.com\/blog\/2009\/11\/02\/koeln-rodenkirchen-einkaufen-neu-am-maternusplatz\/\" \/>\n<meta property=\"og:site_name\" content=\"K\u00f6ln Rodenkirchen und die Welt\" \/>\n<meta property=\"article:publisher\" content=\"https:\/\/www.facebook.com\/Koeln.Rodenkirchen\" \/>\n<meta property=\"article:author\" content=\"https:\/\/www.facebook.com\/gaidaphotos\" \/>\n<meta property=\"article:published_time\" content=\"2009-11-02T17:26:31+00:00\" \/>\n<meta property=\"article:modified_time\" content=\"2009-11-09T17:47:54+00:00\" \/>\n<meta property=\"og:image\" content=\"https:\/\/www.gaidaphotos.com\/blog\/wp-content\/uploads\/lifeblog-29102009522.jpg\" \/>\n<meta name=\"author\" content=\"Thomas\" \/>\n<meta name=\"twitter:card\" content=\"summary_large_image\" \/>\n<meta name=\"twitter:creator\" content=\"@gaidaphotos\" \/>\n<meta name=\"twitter:site\" content=\"@gaidaphotos\" \/>\n<meta name=\"twitter:label1\" content=\"Verfasst von\" \/>\n\t<meta name=\"twitter:data1\" content=\"Thomas\" \/>\n\t<meta name=\"twitter:label2\" content=\"Gesch\u00e4tzte Lesezeit\" \/>\n\t<meta name=\"twitter:data2\" content=\"1\u00a0Minute\" \/>\n<script type=\"application\/ld+json\" class=\"yoast-schema-graph\">{\"@context\":\"https:\\\/\\\/schema.org\",\"@graph\":[{\"@type\":\"Article\",\"@id\":\"https:\\\/\\\/www.gaidaphotos.com\\\/blog\\\/2009\\\/11\\\/02\\\/koeln-rodenkirchen-einkaufen-neu-am-maternusplatz\\\/#article\",\"isPartOf\":{\"@id\":\"https:\\\/\\\/www.gaidaphotos.com\\\/blog\\\/2009\\\/11\\\/02\\\/koeln-rodenkirchen-einkaufen-neu-am-maternusplatz\\\/\"},\"author\":{\"name\":\"Thomas\",\"@id\":\"https:\\\/\\\/www.gaidaphotos.com\\\/blog\\\/#\\\/schema\\\/person\\\/6c444a5b13ffc503c5c32f5a9ec68b21\"},\"headline\":\"Koeln-Rodenkirchen Einkaufen: Neu am Maternusplatz\",\"datePublished\":\"2009-11-02T17:26:31+00:00\",\"dateModified\":\"2009-11-09T17:47:54+00:00\",\"mainEntityOfPage\":{\"@id\":\"https:\\\/\\\/www.gaidaphotos.com\\\/blog\\\/2009\\\/11\\\/02\\\/koeln-rodenkirchen-einkaufen-neu-am-maternusplatz\\\/\"},\"wordCount\":162,\"commentCount\":0,\"publisher\":{\"@id\":\"https:\\\/\\\/www.gaidaphotos.com\\\/blog\\\/#organization\"},\"image\":{\"@id\":\"https:\\\/\\\/www.gaidaphotos.com\\\/blog\\\/2009\\\/11\\\/02\\\/koeln-rodenkirchen-einkaufen-neu-am-maternusplatz\\\/#primaryimage\"},\"thumbnailUrl\":\"https:\\\/\\\/www.gaidaphotos.com\\\/blog\\\/wp-content\\\/uploads\\\/lifeblog-29102009522.jpg\",\"keywords\":[\"Einkaufen\\\/ Shopping\",\"K\u00f6ln Rodenkirchen\"],\"articleSection\":[\"17\",\"K\u00f6ln Rodenkirchen\",\"K\u00f6ln Rodenkirchen Einkaufen\"],\"inLanguage\":\"de\",\"potentialAction\":[{\"@type\":\"CommentAction\",\"name\":\"Comment\",\"target\":[\"https:\\\/\\\/www.gaidaphotos.com\\\/blog\\\/2009\\\/11\\\/02\\\/koeln-rodenkirchen-einkaufen-neu-am-maternusplatz\\\/#respond\"]}]},{\"@type\":\"WebPage\",\"@id\":\"https:\\\/\\\/www.gaidaphotos.com\\\/blog\\\/2009\\\/11\\\/02\\\/koeln-rodenkirchen-einkaufen-neu-am-maternusplatz\\\/\",\"url\":\"https:\\\/\\\/www.gaidaphotos.com\\\/blog\\\/2009\\\/11\\\/02\\\/koeln-rodenkirchen-einkaufen-neu-am-maternusplatz\\\/\",\"name\":\"Koeln-Rodenkirchen Einkaufen: Neu am Maternusplatz - K\u00f6ln Rodenkirchen und die Welt\",\"isPartOf\":{\"@id\":\"https:\\\/\\\/www.gaidaphotos.com\\\/blog\\\/#website\"},\"primaryImageOfPage\":{\"@id\":\"https:\\\/\\\/www.gaidaphotos.com\\\/blog\\\/2009\\\/11\\\/02\\\/koeln-rodenkirchen-einkaufen-neu-am-maternusplatz\\\/#primaryimage\"},\"image\":{\"@id\":\"https:\\\/\\\/www.gaidaphotos.com\\\/blog\\\/2009\\\/11\\\/02\\\/koeln-rodenkirchen-einkaufen-neu-am-maternusplatz\\\/#primaryimage\"},\"thumbnailUrl\":\"https:\\\/\\\/www.gaidaphotos.com\\\/blog\\\/wp-content\\\/uploads\\\/lifeblog-29102009522.jpg\",\"datePublished\":\"2009-11-02T17:26:31+00:00\",\"dateModified\":\"2009-11-09T17:47:54+00:00\",\"breadcrumb\":{\"@id\":\"https:\\\/\\\/www.gaidaphotos.com\\\/blog\\\/2009\\\/11\\\/02\\\/koeln-rodenkirchen-einkaufen-neu-am-maternusplatz\\\/#breadcrumb\"},\"inLanguage\":\"de\",\"potentialAction\":[{\"@type\":\"ReadAction\",\"target\":[\"https:\\\/\\\/www.gaidaphotos.com\\\/blog\\\/2009\\\/11\\\/02\\\/koeln-rodenkirchen-einkaufen-neu-am-maternusplatz\\\/\"]}]},{\"@type\":\"ImageObject\",\"inLanguage\":\"de\",\"@id\":\"https:\\\/\\\/www.gaidaphotos.com\\\/blog\\\/2009\\\/11\\\/02\\\/koeln-rodenkirchen-einkaufen-neu-am-maternusplatz\\\/#primaryimage\",\"url\":\"https:\\\/\\\/www.gaidaphotos.com\\\/blog\\\/wp-content\\\/uploads\\\/lifeblog-29102009522.jpg\",\"contentUrl\":\"https:\\\/\\\/www.gaidaphotos.com\\\/blog\\\/wp-content\\\/uploads\\\/lifeblog-29102009522.jpg\"},{\"@type\":\"BreadcrumbList\",\"@id\":\"https:\\\/\\\/www.gaidaphotos.com\\\/blog\\\/2009\\\/11\\\/02\\\/koeln-rodenkirchen-einkaufen-neu-am-maternusplatz\\\/#breadcrumb\",\"itemListElement\":[{\"@type\":\"ListItem\",\"position\":1,\"name\":\"Startseite\",\"item\":\"https:\\\/\\\/www.gaidaphotos.com\\\/blog\\\/\"},{\"@type\":\"ListItem\",\"position\":2,\"name\":\"Koeln-Rodenkirchen Einkaufen: Neu am Maternusplatz\"}]},{\"@type\":\"WebSite\",\"@id\":\"https:\\\/\\\/www.gaidaphotos.com\\\/blog\\\/#website\",\"url\":\"https:\\\/\\\/www.gaidaphotos.com\\\/blog\\\/\",\"name\":\"K\u00f6ln Rodenkirchen und die Welt\",\"description\":\"Einkaufen, Restaurants, Freizeit, Nachrichten und was uns sonst bewegt und begegnet\",\"publisher\":{\"@id\":\"https:\\\/\\\/www.gaidaphotos.com\\\/blog\\\/#organization\"},\"potentialAction\":[{\"@type\":\"SearchAction\",\"target\":{\"@type\":\"EntryPoint\",\"urlTemplate\":\"https:\\\/\\\/www.gaidaphotos.com\\\/blog\\\/?s={search_term_string}\"},\"query-input\":{\"@type\":\"PropertyValueSpecification\",\"valueRequired\":true,\"valueName\":\"search_term_string\"}}],\"inLanguage\":\"de\"},{\"@type\":\"Organization\",\"@id\":\"https:\\\/\\\/www.gaidaphotos.com\\\/blog\\\/#organization\",\"name\":\"gaidaphotos\",\"url\":\"https:\\\/\\\/www.gaidaphotos.com\\\/blog\\\/\",\"logo\":{\"@type\":\"ImageObject\",\"inLanguage\":\"de\",\"@id\":\"https:\\\/\\\/www.gaidaphotos.com\\\/blog\\\/#\\\/schema\\\/logo\\\/image\\\/\",\"url\":\"https:\\\/\\\/i0.wp.com\\\/www.gaidaphotos.com\\\/blog\\\/wp-content\\\/uploads\\\/2020\\\/07\\\/GAIDAPHOTOS-COM.jpg?fit=160%2C96&ssl=1\",\"contentUrl\":\"https:\\\/\\\/i0.wp.com\\\/www.gaidaphotos.com\\\/blog\\\/wp-content\\\/uploads\\\/2020\\\/07\\\/GAIDAPHOTOS-COM.jpg?fit=160%2C96&ssl=1\",\"width\":160,\"height\":96,\"caption\":\"gaidaphotos\"},\"image\":{\"@id\":\"https:\\\/\\\/www.gaidaphotos.com\\\/blog\\\/#\\\/schema\\\/logo\\\/image\\\/\"},\"sameAs\":[\"https:\\\/\\\/www.facebook.com\\\/Koeln.Rodenkirchen\",\"https:\\\/\\\/x.com\\\/gaidaphotos\",\"https:\\\/\\\/instagram.com\\\/gaidaphotos\\\/\",\"https:\\\/\\\/de.linkedin.com\\\/in\\\/gaidaphotos\",\"https:\\\/\\\/myspace.com\\\/gaidaphotos\",\"https:\\\/\\\/www.pinterest.com\\\/gaidaphotos\\\/\",\"https:\\\/\\\/www.youtube.com\\\/user\\\/gaidaphotos\"]},{\"@type\":\"Person\",\"@id\":\"https:\\\/\\\/www.gaidaphotos.com\\\/blog\\\/#\\\/schema\\\/person\\\/6c444a5b13ffc503c5c32f5a9ec68b21\",\"name\":\"Thomas\",\"sameAs\":[\"https:\\\/\\\/www.gaidaphotos.com\",\"https:\\\/\\\/www.facebook.com\\\/gaidaphotos\",\"https:\\\/\\\/instagram.com\\\/gaidaphotos\\\/\",\"https:\\\/\\\/www.linkedin.com\\\/in\\\/gaidaphotos\",\"http:\\\/\\\/www.pinterest.com\\\/gaidaphotos\\\/\",\"https:\\\/\\\/x.com\\\/gaidaphotos\",\"https:\\\/\\\/myspace.com\\\/gaidaphotos\",\"https:\\\/\\\/www.youtube.com\\\/user\\\/gaidaphotos\",\"https:\\\/\\\/gaidaphotos.tumblr.com\\\/\"]}]}<\/script>\n<!-- \/ Yoast SEO plugin. -->","yoast_head_json":{"title":"Koeln-Rodenkirchen Einkaufen: Neu am Maternusplatz - K\u00f6ln Rodenkirchen und die Welt","robots":{"index":"index","follow":"follow","max-snippet":"max-snippet:-1","max-image-preview":"max-image-preview:large","max-video-preview":"max-video-preview:-1"},"canonical":"https:\/\/www.gaidaphotos.com\/blog\/2009\/11\/02\/koeln-rodenkirchen-einkaufen-neu-am-maternusplatz\/","og_locale":"de_DE","og_type":"article","og_title":"Koeln-Rodenkirchen Einkaufen: Neu am Maternusplatz - K\u00f6ln Rodenkirchen und die Welt","og_description":"Wochenlang passiert gar nix in Rodenkirchen. Alles und alle stecken tief in der Arbeit. Dann in der vergangenen Woche, nach","og_url":"https:\/\/www.gaidaphotos.com\/blog\/2009\/11\/02\/koeln-rodenkirchen-einkaufen-neu-am-maternusplatz\/","og_site_name":"K\u00f6ln Rodenkirchen und die Welt","article_publisher":"https:\/\/www.facebook.com\/Koeln.Rodenkirchen","article_author":"https:\/\/www.facebook.com\/gaidaphotos","article_published_time":"2009-11-02T17:26:31+00:00","article_modified_time":"2009-11-09T17:47:54+00:00","og_image":[{"url":"https:\/\/www.gaidaphotos.com\/blog\/wp-content\/uploads\/lifeblog-29102009522.jpg","type":"","width":"","height":""}],"author":"Thomas","twitter_card":"summary_large_image","twitter_creator":"@gaidaphotos","twitter_site":"@gaidaphotos","twitter_misc":{"Verfasst von":"Thomas","Gesch\u00e4tzte Lesezeit":"1\u00a0Minute"},"schema":{"@context":"https:\/\/schema.org","@graph":[{"@type":"Article","@id":"https:\/\/www.gaidaphotos.com\/blog\/2009\/11\/02\/koeln-rodenkirchen-einkaufen-neu-am-maternusplatz\/#article","isPartOf":{"@id":"https:\/\/www.gaidaphotos.com\/blog\/2009\/11\/02\/koeln-rodenkirchen-einkaufen-neu-am-maternusplatz\/"},"author":{"name":"Thomas","@id":"https:\/\/www.gaidaphotos.com\/blog\/#\/schema\/person\/6c444a5b13ffc503c5c32f5a9ec68b21"},"headline":"Koeln-Rodenkirchen Einkaufen: Neu am Maternusplatz","datePublished":"2009-11-02T17:26:31+00:00","dateModified":"2009-11-09T17:47:54+00:00","mainEntityOfPage":{"@id":"https:\/\/www.gaidaphotos.com\/blog\/2009\/11\/02\/koeln-rodenkirchen-einkaufen-neu-am-maternusplatz\/"},"wordCount":162,"commentCount":0,"publisher":{"@id":"https:\/\/www.gaidaphotos.com\/blog\/#organization"},"image":{"@id":"https:\/\/www.gaidaphotos.com\/blog\/2009\/11\/02\/koeln-rodenkirchen-einkaufen-neu-am-maternusplatz\/#primaryimage"},"thumbnailUrl":"https:\/\/www.gaidaphotos.com\/blog\/wp-content\/uploads\/lifeblog-29102009522.jpg","keywords":["Einkaufen\/ Shopping","K\u00f6ln Rodenkirchen"],"articleSection":["17","K\u00f6ln Rodenkirchen","K\u00f6ln Rodenkirchen Einkaufen"],"inLanguage":"de","potentialAction":[{"@type":"CommentAction","name":"Comment","target":["https:\/\/www.gaidaphotos.com\/blog\/2009\/11\/02\/koeln-rodenkirchen-einkaufen-neu-am-maternusplatz\/#respond"]}]},{"@type":"WebPage","@id":"https:\/\/www.gaidaphotos.com\/blog\/2009\/11\/02\/koeln-rodenkirchen-einkaufen-neu-am-maternusplatz\/","url":"https:\/\/www.gaidaphotos.com\/blog\/2009\/11\/02\/koeln-rodenkirchen-einkaufen-neu-am-maternusplatz\/","name":"Koeln-Rodenkirchen Einkaufen: Neu am Maternusplatz - K\u00f6ln Rodenkirchen und die Welt","isPartOf":{"@id":"https:\/\/www.gaidaphotos.com\/blog\/#website"},"primaryImageOfPage":{"@id":"https:\/\/www.gaidaphotos.com\/blog\/2009\/11\/02\/koeln-rodenkirchen-einkaufen-neu-am-maternusplatz\/#primaryimage"},"image":{"@id":"https:\/\/www.gaidaphotos.com\/blog\/2009\/11\/02\/koeln-rodenkirchen-einkaufen-neu-am-maternusplatz\/#primaryimage"},"thumbnailUrl":"https:\/\/www.gaidaphotos.com\/blog\/wp-content\/uploads\/lifeblog-29102009522.jpg","datePublished":"2009-11-02T17:26:31+00:00","dateModified":"2009-11-09T17:47:54+00:00","breadcrumb":{"@id":"https:\/\/www.gaidaphotos.com\/blog\/2009\/11\/02\/koeln-rodenkirchen-einkaufen-neu-am-maternusplatz\/#breadcrumb"},"inLanguage":"de","potentialAction":[{"@type":"ReadAction","target":["https:\/\/www.gaidaphotos.com\/blog\/2009\/11\/02\/koeln-rodenkirchen-einkaufen-neu-am-maternusplatz\/"]}]},{"@type":"ImageObject","inLanguage":"de","@id":"https:\/\/www.gaidaphotos.com\/blog\/2009\/11\/02\/koeln-rodenkirchen-einkaufen-neu-am-maternusplatz\/#primaryimage","url":"https:\/\/www.gaidaphotos.com\/blog\/wp-content\/uploads\/lifeblog-29102009522.jpg","contentUrl":"https:\/\/www.gaidaphotos.com\/blog\/wp-content\/uploads\/lifeblog-29102009522.jpg"},{"@type":"BreadcrumbList","@id":"https:\/\/www.gaidaphotos.com\/blog\/2009\/11\/02\/koeln-rodenkirchen-einkaufen-neu-am-maternusplatz\/#breadcrumb","itemListElement":[{"@type":"ListItem","position":1,"name":"Startseite","item":"https:\/\/www.gaidaphotos.com\/blog\/"},{"@type":"ListItem","position":2,"name":"Koeln-Rodenkirchen Einkaufen: Neu am Maternusplatz"}]},{"@type":"WebSite","@id":"https:\/\/www.gaidaphotos.com\/blog\/#website","url":"https:\/\/www.gaidaphotos.com\/blog\/","name":"K\u00f6ln Rodenkirchen und die Welt","description":"Einkaufen, Restaurants, Freizeit, Nachrichten und was uns sonst bewegt und begegnet","publisher":{"@id":"https:\/\/www.gaidaphotos.com\/blog\/#organization"},"potentialAction":[{"@type":"SearchAction","target":{"@type":"EntryPoint","urlTemplate":"https:\/\/www.gaidaphotos.com\/blog\/?s={search_term_string}"},"query-input":{"@type":"PropertyValueSpecification","valueRequired":true,"valueName":"search_term_string"}}],"inLanguage":"de"},{"@type":"Organization","@id":"https:\/\/www.gaidaphotos.com\/blog\/#organization","name":"gaidaphotos","url":"https:\/\/www.gaidaphotos.com\/blog\/","logo":{"@type":"ImageObject","inLanguage":"de","@id":"https:\/\/www.gaidaphotos.com\/blog\/#\/schema\/logo\/image\/","url":"https:\/\/i0.wp.com\/www.gaidaphotos.com\/blog\/wp-content\/uploads\/2020\/07\/GAIDAPHOTOS-COM.jpg?fit=160%2C96&ssl=1","contentUrl":"https:\/\/i0.wp.com\/www.gaidaphotos.com\/blog\/wp-content\/uploads\/2020\/07\/GAIDAPHOTOS-COM.jpg?fit=160%2C96&ssl=1","width":160,"height":96,"caption":"gaidaphotos"},"image":{"@id":"https:\/\/www.gaidaphotos.com\/blog\/#\/schema\/logo\/image\/"},"sameAs":["https:\/\/www.facebook.com\/Koeln.Rodenkirchen","https:\/\/x.com\/gaidaphotos","https:\/\/instagram.com\/gaidaphotos\/","https:\/\/de.linkedin.com\/in\/gaidaphotos","https:\/\/myspace.com\/gaidaphotos","https:\/\/www.pinterest.com\/gaidaphotos\/","https:\/\/www.youtube.com\/user\/gaidaphotos"]},{"@type":"Person","@id":"https:\/\/www.gaidaphotos.com\/blog\/#\/schema\/person\/6c444a5b13ffc503c5c32f5a9ec68b21","name":"Thomas","sameAs":["https:\/\/www.gaidaphotos.com","https:\/\/www.facebook.com\/gaidaphotos","https:\/\/instagram.com\/gaidaphotos\/","https:\/\/www.linkedin.com\/in\/gaidaphotos","http:\/\/www.pinterest.com\/gaidaphotos\/","https:\/\/x.com\/gaidaphotos","https:\/\/myspace.com\/gaidaphotos","https:\/\/www.youtube.com\/user\/gaidaphotos","https:\/\/gaidaphotos.tumblr.com\/"]}]}},"jetpack_publicize_connections":[],"jetpack_featured_media_url":"","jetpack_sharing_enabled":true,"jetpack_likes_enabled":true,"jetpack-related-posts":[{"id":2375,"url":"https:\/\/www.gaidaphotos.com\/blog\/2010\/01\/15\/koln-rodenkirchen-einkaufen-baeckereien\/","url_meta":{"origin":2198,"position":0},"title":"K\u00f6ln Rodenkirchen: H\u00f6chste B\u00e4ckereidichte der Welt (Einkaufen)?","author":"Thomas","date":"15. Januar 2010","format":false,"excerpt":"Jetzt haben wir die vielleicht gr\u00f6\u00dfte B\u00e4ckereidichte der Welt - zumindest gef\u00fchlt. Wer zum Einkaufen nach K\u00f6ln Rodenkirchen auf den Maternusplatz kommt wird erstaunt sein. Vor ein paar Wochen hat jetzt die 3. B\u00e4ckerei auf der Maternusstra\u00dfe in K\u00f6ln Rodenkirchen er\u00f6ffnet. \"B\u00e4ckerei Oebel\" finden Sie jetzt direkt zwischen Schmitz &\u2026","rel":"","context":"In &quot;K\u00f6ln Rodenkirchen Einkaufen&quot;","block_context":{"text":"K\u00f6ln Rodenkirchen Einkaufen","link":"https:\/\/www.gaidaphotos.com\/blog\/category\/koeln-rodenkirchen\/koeln-rodenkirchen-einkaufen\/"},"img":{"alt_text":"K\u00f6ln Rodenkirchen Einkaufen am Maternusplatz","src":"https:\/\/i0.wp.com\/www.gaidaphotos.com\/blog\/wp-content\/uploads\/2009\/12\/koeln-rodenkirchen-maternusplatz-einkaufen-225x300.jpg?resize=350%2C200&ssl=1","width":350,"height":200},"classes":[]},{"id":582,"url":"https:\/\/www.gaidaphotos.com\/blog\/2009\/05\/13\/koeln-rodenkirchen-einkaufen-markt\/","url_meta":{"origin":2198,"position":1},"title":"K\u00f6ln Rodenkirchen Einkaufen: Markt am Mittwoch auf dem Maternusplatz","author":"Thomas","date":"13. Mai 2009","format":false,"excerpt":"Wenn es um Einkaufen in Rodenkirchen geht, d\u00fcrfen die Wochenm\u00e4rkte am Mittwoch und Samstag auf keinen Fall vergessen werden. Hier findet man","rel":"","context":"In &quot;17&quot;","block_context":{"text":"17","link":"https:\/\/www.gaidaphotos.com\/blog\/category\/mobile_news_von_unterwegs\/mobile_news_von_unterwegs-n95\/"},"img":{"alt_text":"","src":"","width":0,"height":0},"classes":[]},{"id":742,"url":"https:\/\/www.gaidaphotos.com\/blog\/2009\/06\/18\/koeln-rodenkirchen-verkaufsoffener-sonntag-sommertag\/","url_meta":{"origin":2198,"position":2},"title":"K\u00f6ln Rodenkirchen Einkaufen: verkaufsoffener Sonntag w\u00e4hrend der Rodenkirchener Sommertage","author":"Thomas","date":"18. Juni 2009","format":false,"excerpt":"K\u00f6ln Rodenkirchen Einkaufen: verkaufsoffener Sonntag w\u00e4hrend der Rodenkirchener Sommertage Nicht vergessen! Am kommenden Wochenende ist in K\u00f6ln Rodenkirchen auf dem Maternusplatz Strassenfest. Das Motto der Rodenkirchener Sommertage lautet \"Rodenkirchen im Hollywoodfieber\". Dazu gibt es Schn\u00e4ppchen beim Einkaufen, Musik und Tanz. Der Sonntag ist verkaufsoffen und man kann feiern und shoppen.\u2026","rel":"","context":"In &quot;K\u00f6ln&quot;","block_context":{"text":"K\u00f6ln","link":"https:\/\/www.gaidaphotos.com\/blog\/category\/koeln\/"},"img":{"alt_text":"Maternusplatz - Schauplatz der Rodenkirchener Sommertage","src":"https:\/\/i0.wp.com\/www.gaidaphotos.com\/blog\/wp-content\/uploads\/2009\/06\/koeln-rodenkirchener-sommertage-300x225.jpg?resize=350%2C200&ssl=1","width":350,"height":200},"classes":[]},{"id":292,"url":"https:\/\/www.gaidaphotos.com\/blog\/2009\/04\/01\/koln-rodenkirchen-maternusplatz\/","url_meta":{"origin":2198,"position":3},"title":"K\u00f6ln-Rodenkirchen-Maternusplatz: Geht der Wahnsinn dem Ende zu?","author":"Thomas","date":"1. April 2009","format":false,"excerpt":"Mann kann es kaum glauben, aber der Umbau des Maternusplatzes und der angrenzenden Stra\u00dfen (Maternusstra\u00dfe, Nibelungenweg) scheint dem Ende zuzugehen. HALLELUJAH!","rel":"","context":"In &quot;K\u00f6ln Rodenkirchen&quot;","block_context":{"text":"K\u00f6ln Rodenkirchen","link":"https:\/\/www.gaidaphotos.com\/blog\/category\/koeln-rodenkirchen\/"},"img":{"alt_text":"","src":"","width":0,"height":0},"classes":[]},{"id":669,"url":"https:\/\/www.gaidaphotos.com\/blog\/2009\/06\/03\/roedenkirchener-sommertage\/","url_meta":{"origin":2198,"position":4},"title":"K\u00f6ln-Rodenkirchen: Hollywood auf dem Maternusplatz?","author":"Thomas","date":"3. Juni 2009","format":false,"excerpt":"Rodenkirchener Sommertage? Rodenkirchener Sommertage 20. und 21. Juni 2009 Die allseits beliebten Rodenkirchener Sommertage finden in diesem Jahr zum ersten Mal, man k\u00f6nnte sagen endlich, auf dem Maternusplatz in K\u00f6ln Rodenkirchen statt. Bei ausreichender Beteiligung sind die Rodenkirchener Sommertage auch auf der Maternusstra\u00dfe, Wilhelmstra\u00dfe und Augustastra\u00dfe in K\u00f6ln Rodenkirchen zu\u2026","rel":"","context":"In &quot;K\u00f6ln Rodenkirchen Einkaufen&quot;","block_context":{"text":"K\u00f6ln Rodenkirchen Einkaufen","link":"https:\/\/www.gaidaphotos.com\/blog\/category\/koeln-rodenkirchen\/koeln-rodenkirchen-einkaufen\/"},"img":{"alt_text":"Rodenkirchener Sommertage","src":"https:\/\/i0.wp.com\/www.gaidaphotos.com\/blog\/wp-content\/uploads\/2009\/06\/hollywood-koeln-rodenkirchen-172x300.jpg?resize=350%2C200&ssl=1","width":350,"height":200},"classes":[]},{"id":2978,"url":"https:\/\/www.gaidaphotos.com\/blog\/2010\/06\/19\/strassenfest-koeln-rodenkirchen-19-06-2010-live\/","url_meta":{"origin":2198,"position":5},"title":"Strassenfest Koeln-Rodenkirchen 19.06.2010 Live Bericht","author":"Thomas","date":"19. Juni 2010","format":false,"excerpt":"Strassenfest in Rodenkirchen: Der Maternusplatz ist bereit In weniger als 1h wird auf der B\u00fchne auf dem Maternusplatz in K\u00f6ln-Rodenkirchen das Stra\u00dfenfest er\u00f6ffnet. Wir berichten LIVE von den Aktivit\u00e4ten auf der Hauptb\u00fchne auf dem Maternusplatz, Maternusstra\u00dfe und Hauptstra\u00dfe in K\u00f6ln-Rodenkirchen. Leider herrscht wieder das \u00fcbliche \"Stra\u00dfenfest-Wetter\" mit k\u00fchlen 18\u00b0C und\u2026","rel":"","context":"In &quot;K\u00f6ln Rodenkirchen Einkaufen&quot;","block_context":{"text":"K\u00f6ln Rodenkirchen Einkaufen","link":"https:\/\/www.gaidaphotos.com\/blog\/category\/koeln-rodenkirchen\/koeln-rodenkirchen-einkaufen\/"},"img":{"alt_text":"Strassenfest K\u00f6ln Rodenkirchen 19.06.2010 LIVE","src":"https:\/\/i0.wp.com\/www.gaidaphotos.com\/blog\/wp-content\/uploads\/2010\/06\/strassenfest-koeln-19-06-2010.jpg?resize=350%2C200&ssl=1","width":350,"height":200},"classes":[]}],"_links":{"self":[{"href":"https:\/\/www.gaidaphotos.com\/blog\/wp-json\/wp\/v2\/posts\/2198","targetHints":{"allow":["GET"]}}],"collection":[{"href":"https:\/\/www.gaidaphotos.com\/blog\/wp-json\/wp\/v2\/posts"}],"about":[{"href":"https:\/\/www.gaidaphotos.com\/blog\/wp-json\/wp\/v2\/types\/post"}],"author":[{"embeddable":true,"href":"https:\/\/www.gaidaphotos.com\/blog\/wp-json\/wp\/v2\/users\/6"}],"replies":[{"embeddable":true,"href":"https:\/\/www.gaidaphotos.com\/blog\/wp-json\/wp\/v2\/comments?post=2198"}],"version-history":[{"count":0,"href":"https:\/\/www.gaidaphotos.com\/blog\/wp-json\/wp\/v2\/posts\/2198\/revisions"}],"wp:attachment":[{"href":"https:\/\/www.gaidaphotos.com\/blog\/wp-json\/wp\/v2\/media?parent=2198"}],"wp:term":[{"taxonomy":"category","embeddable":true,"href":"https:\/\/www.gaidaphotos.com\/blog\/wp-json\/wp\/v2\/categories?post=2198"},{"taxonomy":"post_tag","embeddable":true,"href":"https:\/\/www.gaidaphotos.com\/blog\/wp-json\/wp\/v2\/tags?post=2198"}],"curies":[{"name":"wp","href":"https:\/\/api.w.org\/{rel}","templated":true}]}}