{"id":2304,"date":"2009-12-06T13:48:16","date_gmt":"2009-12-06T12:48:16","guid":{"rendered":"http:\/\/gaidaphotos.com\/blog\/?p=2304"},"modified":"2010-02-12T14:29:49","modified_gmt":"2010-02-12T13:29:49","slug":"koeln-rodenkirchen-verkaufsoffener-sonntag-nikolaus-grosses-programm","status":"publish","type":"post","link":"https:\/\/www.gaidaphotos.com\/blog\/2009\/12\/06\/koeln-rodenkirchen-verkaufsoffener-sonntag-nikolaus-grosses-programm\/","title":{"rendered":"K\u00f6ln-Rodenkirchen: verkaufsoffener Sonntag &#8211; Nikolaus &#038; grosses B\u00fchnenprogramm"},"content":{"rendered":"<h2>K\u00f6ln-Rodenkirchen: verkaufsoffener Sonntag &#8211; Nikolaus &#038; grosses B\u00fchnenprogramm<\/h2>\n<figure id=\"attachment_2302\" aria-describedby=\"caption-attachment-2302\" style=\"width: 300px\" class=\"wp-caption alignleft\"><img data-recalc-dims=\"1\" loading=\"lazy\" decoding=\"async\" src=\"https:\/\/i0.wp.com\/www.gaidaphotos.com\/blog\/wp-content\/uploads\/2009\/12\/koeln-rodenkirchen-verkaufsoffener-sonntag-01.jpg?resize=300%2C195&#038;ssl=1\" alt=\"K\u00f6ln Rodenkirchen verkaufsoffener Sonntag\" title=\"koeln-rodenkirchen-verkaufsoffener-sonntag-01\" width=\"300\" height=\"195\" class=\"size-medium wp-image-2302\" srcset=\"https:\/\/i0.wp.com\/www.gaidaphotos.com\/blog\/wp-content\/uploads\/2009\/12\/koeln-rodenkirchen-verkaufsoffener-sonntag-01.jpg?resize=300%2C195&amp;ssl=1 300w, https:\/\/i0.wp.com\/www.gaidaphotos.com\/blog\/wp-content\/uploads\/2009\/12\/koeln-rodenkirchen-verkaufsoffener-sonntag-01.jpg?w=640&amp;ssl=1 640w\" sizes=\"auto, (max-width: 300px) 100vw, 300px\" \/><figcaption id=\"caption-attachment-2302\" class=\"wp-caption-text\">K\u00f6ln Rodenkirchen verkaufsoffener Sonntag<\/figcaption><\/figure>\n<h3>Auch in diesem Advent kommt der Nikolaus nach K\u00f6ln Rodenkirchen auf den Maternusplatz.<\/h3>\n<p> Die Rodenkirchener feiern auch in diesem Jahr Nikolaus und Advent mit einem grossen B\u00fchnenprogramm auf dem Maternusplatz. Die Gesch\u00e4fte in K\u00f6ln Rodenkirchen haben daf\u00fcr von 12:00 bis 19:00h am verkaufsoffenen Sonntag f\u00fcr Sie ge\u00f6ffnet.<br \/>\nNutzen Sie die Gelegenheit zum um im Kreis der Familie Weihnachtsgeschenke am verkaufsoffenen Sonntag zu &#8222;organisieren&#8220;. Lassen Sie sich auf dem Maternusplatz mit leckeren K\u00f6stlichkeiten der Restaurants aus K\u00f6ln Rodenkirchen verw\u00f6hnen. Lauschen Sie den Weihnachtsliedern und Vortr\u00e4gen von K\u00fcnstlern aus K\u00f6ln Rodenkirchen.<\/p>\n<p><figure id=\"attachment_2303\" aria-describedby=\"caption-attachment-2303\" style=\"width: 300px\" class=\"wp-caption aligncenter\"><img data-recalc-dims=\"1\" loading=\"lazy\" decoding=\"async\" src=\"https:\/\/i0.wp.com\/www.gaidaphotos.com\/blog\/wp-content\/uploads\/2009\/12\/koeln-rodenkirchen-verkaufsoffener-sonntag-02.jpg?resize=300%2C225&#038;ssl=1\" alt=\"K\u00f6ln Rodenkirchen verkaufsoffener Sonntag\" title=\"koeln-rodenkirchen-verkaufsoffener-sonntag-02\" width=\"300\" height=\"225\" class=\"size-medium wp-image-2303\" srcset=\"https:\/\/i0.wp.com\/www.gaidaphotos.com\/blog\/wp-content\/uploads\/2009\/12\/koeln-rodenkirchen-verkaufsoffener-sonntag-02.jpg?resize=300%2C225&amp;ssl=1 300w, https:\/\/i0.wp.com\/www.gaidaphotos.com\/blog\/wp-content\/uploads\/2009\/12\/koeln-rodenkirchen-verkaufsoffener-sonntag-02.jpg?w=640&amp;ssl=1 640w\" sizes=\"auto, (max-width: 300px) 100vw, 300px\" \/><figcaption id=\"caption-attachment-2303\" class=\"wp-caption-text\">K\u00f6ln Rodenkirchen verkaufsoffener Sonntag<\/figcaption><\/figure><br \/>\nHier das B\u00fchnenprogramm f\u00fcr den verkaufsoffenen Sonntag im Advent am 06.12.2009 in K\u00f6ln Rodenkirchen:<br \/>\n12:00 Er\u00f6ffnung<br \/>\n12:15 Rodenkirchener Kammeroper<br \/>\n13:30 Schulchor der Gr\u00fcng\u00fcrtelschule (K\u00f6ln Rodenkirchen)<br \/>\n13:50 Kunst- und Turnabteilung des TVR Turnverein K\u00f6ln Rodenkirchen<br \/>\n14:15 Sommersprossen<br \/>\n14:30 Singgemeinschaft des MGV Rodenkirchen<br \/>\n15:00 Tanzschule Stallnig-Nierhaus<br \/>\n15:30 Jugend- Behindertenhilfe Michaelshoven<br \/>\n16:00 Rodenkirchener Dorfbl\u00e4ser<\/p>\n<h3>16:15 Besuch vom Nikolaus<\/h3>\n<p>17:00 Fl\u00f6tengruppe mit Hanne Spees<br \/>\n17:30 K\u00f6lsche Adler Brass (Band?)<br \/>\n18:00 Bel Canto tenor Ferdinand Hoffmann<br \/>\n18:30 Amerikanische Jazz-Weihnacht mit Wolfgang Behrendt<br \/>\nModeration: Gottfried G\u00f6rtz<\/p>\n<p>Viel Spa\u00df beim Besuch und Einkauf in K\u00f6ln Rodenkirchen!<br \/>\n<figure id=\"attachment_2301\" aria-describedby=\"caption-attachment-2301\" style=\"width: 445px\" class=\"wp-caption aligncenter\"><img data-recalc-dims=\"1\" loading=\"lazy\" decoding=\"async\" src=\"https:\/\/i0.wp.com\/www.gaidaphotos.com\/blog\/wp-content\/uploads\/2009\/12\/koeln-rodenkirchen-verkaufsoffener-sonntag-03.jpg?resize=445%2C640&#038;ssl=1\" alt=\"K\u00f6ln Rodenkirchen verkaufsoffener Sonntag\" title=\"koeln-rodenkirchen-verkaufsoffener-sonntag-03\" width=\"445\" height=\"640\" class=\"size-full wp-image-2301\" srcset=\"https:\/\/i0.wp.com\/www.gaidaphotos.com\/blog\/wp-content\/uploads\/2009\/12\/koeln-rodenkirchen-verkaufsoffener-sonntag-03.jpg?w=445&amp;ssl=1 445w, https:\/\/i0.wp.com\/www.gaidaphotos.com\/blog\/wp-content\/uploads\/2009\/12\/koeln-rodenkirchen-verkaufsoffener-sonntag-03.jpg?resize=208%2C300&amp;ssl=1 208w\" sizes=\"auto, (max-width: 445px) 100vw, 445px\" \/><figcaption id=\"caption-attachment-2301\" class=\"wp-caption-text\">K\u00f6ln Rodenkirchen verkaufsoffener Sonntag<\/figcaption><\/figure><\/p>\n","protected":false},"excerpt":{"rendered":"<p>K\u00f6ln-Rodenkirchen: verkaufsoffener Sonntag &#8211; Nikolaus &#038; grosses B\u00fchnenprogramm Auch in diesem Advent kommt der Nikolaus nach K\u00f6ln Rodenkirchen auf den<\/p>\n","protected":false},"author":6,"featured_media":0,"comment_status":"open","ping_status":"open","sticky":false,"template":"","format":"standard","meta":{"_crdt_document":"","ngg_post_thumbnail":0,"jetpack_post_was_ever_published":false,"_jetpack_newsletter_access":"","_jetpack_dont_email_post_to_subs":false,"_jetpack_newsletter_tier_id":0,"_jetpack_memberships_contains_paywalled_content":false,"_jetpack_memberships_contains_paid_content":false,"footnotes":"","jetpack_publicize_message":"","jetpack_publicize_feature_enabled":true,"jetpack_social_post_already_shared":false,"jetpack_social_options":{"image_generator_settings":{"template":"highway","default_image_id":0,"font":"","enabled":false},"version":2}},"categories":[52,89,101],"tags":[108,102,538],"class_list":["post-2304","post","type-post","status-publish","format-standard","hentry","category-koeln-rodenkirchen","category-koeln-rodenkirchen-einkaufen","category-koeln-rodenkirchen-freizeit","tag-einkaufen","tag-freizeit","tag-koeln-rodenkirchen"],"yoast_head":"<!-- This site is optimized with the Yoast SEO plugin v27.5 - https:\/\/yoast.com\/product\/yoast-seo-wordpress\/ -->\n<title>K\u00f6ln-Rodenkirchen: verkaufsoffener Sonntag - Nikolaus &amp; grosses B\u00fchnenprogramm<\/title>\n<meta name=\"description\" content=\"Der Nikolaus kommt nach K\u00f6ln Rodenkirchen! Verkaufsoffener Sonntag am 06.12.2009 mit gro\u00dfem B\u00fchnenprogramm (alle Zeiten, alle Mitwirkenden)\" \/>\n<meta name=\"robots\" content=\"index, follow, max-snippet:-1, max-image-preview:large, max-video-preview:-1\" \/>\n<link rel=\"canonical\" href=\"https:\/\/www.gaidaphotos.com\/blog\/2009\/12\/06\/koeln-rodenkirchen-verkaufsoffener-sonntag-nikolaus-grosses-programm\/\" \/>\n<meta property=\"og:locale\" content=\"de_DE\" \/>\n<meta property=\"og:type\" content=\"article\" \/>\n<meta property=\"og:title\" content=\"K\u00f6ln-Rodenkirchen: verkaufsoffener Sonntag - Nikolaus &amp; grosses B\u00fchnenprogramm\" \/>\n<meta property=\"og:description\" content=\"Der Nikolaus kommt nach K\u00f6ln Rodenkirchen! Verkaufsoffener Sonntag am 06.12.2009 mit gro\u00dfem B\u00fchnenprogramm (alle Zeiten, alle Mitwirkenden)\" \/>\n<meta property=\"og:url\" content=\"https:\/\/www.gaidaphotos.com\/blog\/2009\/12\/06\/koeln-rodenkirchen-verkaufsoffener-sonntag-nikolaus-grosses-programm\/\" \/>\n<meta property=\"og:site_name\" content=\"K\u00f6ln Rodenkirchen und die Welt\" \/>\n<meta property=\"article:publisher\" content=\"https:\/\/www.facebook.com\/Koeln.Rodenkirchen\" \/>\n<meta property=\"article:author\" content=\"https:\/\/www.facebook.com\/gaidaphotos\" \/>\n<meta property=\"article:published_time\" content=\"2009-12-06T12:48:16+00:00\" \/>\n<meta property=\"article:modified_time\" content=\"2010-02-12T13:29:49+00:00\" \/>\n<meta property=\"og:image\" content=\"https:\/\/www.gaidaphotos.com\/blog\/wp-content\/uploads\/2009\/12\/koeln-rodenkirchen-verkaufsoffener-sonntag-01-300x195.jpg\" \/>\n<meta name=\"author\" content=\"Thomas\" \/>\n<meta name=\"twitter:card\" content=\"summary_large_image\" \/>\n<meta name=\"twitter:creator\" content=\"@gaidaphotos\" \/>\n<meta name=\"twitter:site\" content=\"@gaidaphotos\" \/>\n<meta name=\"twitter:label1\" content=\"Verfasst von\" \/>\n\t<meta name=\"twitter:data1\" content=\"Thomas\" \/>\n\t<meta name=\"twitter:label2\" content=\"Gesch\u00e4tzte Lesezeit\" \/>\n\t<meta name=\"twitter:data2\" content=\"1\u00a0Minute\" \/>\n<script type=\"application\/ld+json\" class=\"yoast-schema-graph\">{\"@context\":\"https:\\\/\\\/schema.org\",\"@graph\":[{\"@type\":\"Article\",\"@id\":\"https:\\\/\\\/www.gaidaphotos.com\\\/blog\\\/2009\\\/12\\\/06\\\/koeln-rodenkirchen-verkaufsoffener-sonntag-nikolaus-grosses-programm\\\/#article\",\"isPartOf\":{\"@id\":\"https:\\\/\\\/www.gaidaphotos.com\\\/blog\\\/2009\\\/12\\\/06\\\/koeln-rodenkirchen-verkaufsoffener-sonntag-nikolaus-grosses-programm\\\/\"},\"author\":{\"name\":\"Thomas\",\"@id\":\"https:\\\/\\\/www.gaidaphotos.com\\\/blog\\\/#\\\/schema\\\/person\\\/6c444a5b13ffc503c5c32f5a9ec68b21\"},\"headline\":\"K\u00f6ln-Rodenkirchen: verkaufsoffener Sonntag &#8211; Nikolaus &#038; grosses B\u00fchnenprogramm\",\"datePublished\":\"2009-12-06T12:48:16+00:00\",\"dateModified\":\"2010-02-12T13:29:49+00:00\",\"mainEntityOfPage\":{\"@id\":\"https:\\\/\\\/www.gaidaphotos.com\\\/blog\\\/2009\\\/12\\\/06\\\/koeln-rodenkirchen-verkaufsoffener-sonntag-nikolaus-grosses-programm\\\/\"},\"wordCount\":245,\"commentCount\":0,\"publisher\":{\"@id\":\"https:\\\/\\\/www.gaidaphotos.com\\\/blog\\\/#organization\"},\"image\":{\"@id\":\"https:\\\/\\\/www.gaidaphotos.com\\\/blog\\\/2009\\\/12\\\/06\\\/koeln-rodenkirchen-verkaufsoffener-sonntag-nikolaus-grosses-programm\\\/#primaryimage\"},\"thumbnailUrl\":\"https:\\\/\\\/www.gaidaphotos.com\\\/blog\\\/wp-content\\\/uploads\\\/2009\\\/12\\\/koeln-rodenkirchen-verkaufsoffener-sonntag-01-300x195.jpg\",\"keywords\":[\"Einkaufen\\\/ Shopping\",\"Freizeit-Ideen\",\"K\u00f6ln Rodenkirchen\"],\"articleSection\":[\"K\u00f6ln Rodenkirchen\",\"K\u00f6ln Rodenkirchen Einkaufen\",\"K\u00f6ln Rodenkirchen Freizeit\"],\"inLanguage\":\"de\",\"potentialAction\":[{\"@type\":\"CommentAction\",\"name\":\"Comment\",\"target\":[\"https:\\\/\\\/www.gaidaphotos.com\\\/blog\\\/2009\\\/12\\\/06\\\/koeln-rodenkirchen-verkaufsoffener-sonntag-nikolaus-grosses-programm\\\/#respond\"]}]},{\"@type\":\"WebPage\",\"@id\":\"https:\\\/\\\/www.gaidaphotos.com\\\/blog\\\/2009\\\/12\\\/06\\\/koeln-rodenkirchen-verkaufsoffener-sonntag-nikolaus-grosses-programm\\\/\",\"url\":\"https:\\\/\\\/www.gaidaphotos.com\\\/blog\\\/2009\\\/12\\\/06\\\/koeln-rodenkirchen-verkaufsoffener-sonntag-nikolaus-grosses-programm\\\/\",\"name\":\"K\u00f6ln-Rodenkirchen: verkaufsoffener Sonntag - Nikolaus & grosses B\u00fchnenprogramm\",\"isPartOf\":{\"@id\":\"https:\\\/\\\/www.gaidaphotos.com\\\/blog\\\/#website\"},\"primaryImageOfPage\":{\"@id\":\"https:\\\/\\\/www.gaidaphotos.com\\\/blog\\\/2009\\\/12\\\/06\\\/koeln-rodenkirchen-verkaufsoffener-sonntag-nikolaus-grosses-programm\\\/#primaryimage\"},\"image\":{\"@id\":\"https:\\\/\\\/www.gaidaphotos.com\\\/blog\\\/2009\\\/12\\\/06\\\/koeln-rodenkirchen-verkaufsoffener-sonntag-nikolaus-grosses-programm\\\/#primaryimage\"},\"thumbnailUrl\":\"https:\\\/\\\/www.gaidaphotos.com\\\/blog\\\/wp-content\\\/uploads\\\/2009\\\/12\\\/koeln-rodenkirchen-verkaufsoffener-sonntag-01-300x195.jpg\",\"datePublished\":\"2009-12-06T12:48:16+00:00\",\"dateModified\":\"2010-02-12T13:29:49+00:00\",\"description\":\"Der Nikolaus kommt nach K\u00f6ln Rodenkirchen! Verkaufsoffener Sonntag am 06.12.2009 mit gro\u00dfem B\u00fchnenprogramm (alle Zeiten, alle Mitwirkenden)\",\"breadcrumb\":{\"@id\":\"https:\\\/\\\/www.gaidaphotos.com\\\/blog\\\/2009\\\/12\\\/06\\\/koeln-rodenkirchen-verkaufsoffener-sonntag-nikolaus-grosses-programm\\\/#breadcrumb\"},\"inLanguage\":\"de\",\"potentialAction\":[{\"@type\":\"ReadAction\",\"target\":[\"https:\\\/\\\/www.gaidaphotos.com\\\/blog\\\/2009\\\/12\\\/06\\\/koeln-rodenkirchen-verkaufsoffener-sonntag-nikolaus-grosses-programm\\\/\"]}]},{\"@type\":\"ImageObject\",\"inLanguage\":\"de\",\"@id\":\"https:\\\/\\\/www.gaidaphotos.com\\\/blog\\\/2009\\\/12\\\/06\\\/koeln-rodenkirchen-verkaufsoffener-sonntag-nikolaus-grosses-programm\\\/#primaryimage\",\"url\":\"https:\\\/\\\/i0.wp.com\\\/www.gaidaphotos.com\\\/blog\\\/wp-content\\\/uploads\\\/2009\\\/12\\\/koeln-rodenkirchen-verkaufsoffener-sonntag-01.jpg?fit=640%2C417&ssl=1\",\"contentUrl\":\"https:\\\/\\\/i0.wp.com\\\/www.gaidaphotos.com\\\/blog\\\/wp-content\\\/uploads\\\/2009\\\/12\\\/koeln-rodenkirchen-verkaufsoffener-sonntag-01.jpg?fit=640%2C417&ssl=1\",\"width\":\"640\",\"height\":\"417\",\"caption\":\"K\u00f6ln Rodenkirchen verkaufsoffener Sonntag\"},{\"@type\":\"BreadcrumbList\",\"@id\":\"https:\\\/\\\/www.gaidaphotos.com\\\/blog\\\/2009\\\/12\\\/06\\\/koeln-rodenkirchen-verkaufsoffener-sonntag-nikolaus-grosses-programm\\\/#breadcrumb\",\"itemListElement\":[{\"@type\":\"ListItem\",\"position\":1,\"name\":\"Startseite\",\"item\":\"https:\\\/\\\/www.gaidaphotos.com\\\/blog\\\/\"},{\"@type\":\"ListItem\",\"position\":2,\"name\":\"K\u00f6ln-Rodenkirchen: verkaufsoffener Sonntag &#8211; Nikolaus &#038; grosses B\u00fchnenprogramm\"}]},{\"@type\":\"WebSite\",\"@id\":\"https:\\\/\\\/www.gaidaphotos.com\\\/blog\\\/#website\",\"url\":\"https:\\\/\\\/www.gaidaphotos.com\\\/blog\\\/\",\"name\":\"K\u00f6ln Rodenkirchen und die Welt\",\"description\":\"Einkaufen, Restaurants, Freizeit, Nachrichten und was uns sonst bewegt und begegnet\",\"publisher\":{\"@id\":\"https:\\\/\\\/www.gaidaphotos.com\\\/blog\\\/#organization\"},\"potentialAction\":[{\"@type\":\"SearchAction\",\"target\":{\"@type\":\"EntryPoint\",\"urlTemplate\":\"https:\\\/\\\/www.gaidaphotos.com\\\/blog\\\/?s={search_term_string}\"},\"query-input\":{\"@type\":\"PropertyValueSpecification\",\"valueRequired\":true,\"valueName\":\"search_term_string\"}}],\"inLanguage\":\"de\"},{\"@type\":\"Organization\",\"@id\":\"https:\\\/\\\/www.gaidaphotos.com\\\/blog\\\/#organization\",\"name\":\"gaidaphotos\",\"url\":\"https:\\\/\\\/www.gaidaphotos.com\\\/blog\\\/\",\"logo\":{\"@type\":\"ImageObject\",\"inLanguage\":\"de\",\"@id\":\"https:\\\/\\\/www.gaidaphotos.com\\\/blog\\\/#\\\/schema\\\/logo\\\/image\\\/\",\"url\":\"https:\\\/\\\/i0.wp.com\\\/www.gaidaphotos.com\\\/blog\\\/wp-content\\\/uploads\\\/2020\\\/07\\\/GAIDAPHOTOS-COM.jpg?fit=160%2C96&ssl=1\",\"contentUrl\":\"https:\\\/\\\/i0.wp.com\\\/www.gaidaphotos.com\\\/blog\\\/wp-content\\\/uploads\\\/2020\\\/07\\\/GAIDAPHOTOS-COM.jpg?fit=160%2C96&ssl=1\",\"width\":160,\"height\":96,\"caption\":\"gaidaphotos\"},\"image\":{\"@id\":\"https:\\\/\\\/www.gaidaphotos.com\\\/blog\\\/#\\\/schema\\\/logo\\\/image\\\/\"},\"sameAs\":[\"https:\\\/\\\/www.facebook.com\\\/Koeln.Rodenkirchen\",\"https:\\\/\\\/x.com\\\/gaidaphotos\",\"https:\\\/\\\/instagram.com\\\/gaidaphotos\\\/\",\"https:\\\/\\\/de.linkedin.com\\\/in\\\/gaidaphotos\",\"https:\\\/\\\/myspace.com\\\/gaidaphotos\",\"https:\\\/\\\/www.pinterest.com\\\/gaidaphotos\\\/\",\"https:\\\/\\\/www.youtube.com\\\/user\\\/gaidaphotos\"]},{\"@type\":\"Person\",\"@id\":\"https:\\\/\\\/www.gaidaphotos.com\\\/blog\\\/#\\\/schema\\\/person\\\/6c444a5b13ffc503c5c32f5a9ec68b21\",\"name\":\"Thomas\",\"sameAs\":[\"https:\\\/\\\/www.gaidaphotos.com\",\"https:\\\/\\\/www.facebook.com\\\/gaidaphotos\",\"https:\\\/\\\/instagram.com\\\/gaidaphotos\\\/\",\"https:\\\/\\\/www.linkedin.com\\\/in\\\/gaidaphotos\",\"http:\\\/\\\/www.pinterest.com\\\/gaidaphotos\\\/\",\"https:\\\/\\\/x.com\\\/gaidaphotos\",\"https:\\\/\\\/myspace.com\\\/gaidaphotos\",\"https:\\\/\\\/www.youtube.com\\\/user\\\/gaidaphotos\",\"https:\\\/\\\/gaidaphotos.tumblr.com\\\/\"]}]}<\/script>\n<!-- \/ Yoast SEO plugin. -->","yoast_head_json":{"title":"K\u00f6ln-Rodenkirchen: verkaufsoffener Sonntag - Nikolaus & grosses B\u00fchnenprogramm","description":"Der Nikolaus kommt nach K\u00f6ln Rodenkirchen! Verkaufsoffener Sonntag am 06.12.2009 mit gro\u00dfem B\u00fchnenprogramm (alle Zeiten, alle Mitwirkenden)","robots":{"index":"index","follow":"follow","max-snippet":"max-snippet:-1","max-image-preview":"max-image-preview:large","max-video-preview":"max-video-preview:-1"},"canonical":"https:\/\/www.gaidaphotos.com\/blog\/2009\/12\/06\/koeln-rodenkirchen-verkaufsoffener-sonntag-nikolaus-grosses-programm\/","og_locale":"de_DE","og_type":"article","og_title":"K\u00f6ln-Rodenkirchen: verkaufsoffener Sonntag - Nikolaus & grosses B\u00fchnenprogramm","og_description":"Der Nikolaus kommt nach K\u00f6ln Rodenkirchen! Verkaufsoffener Sonntag am 06.12.2009 mit gro\u00dfem B\u00fchnenprogramm (alle Zeiten, alle Mitwirkenden)","og_url":"https:\/\/www.gaidaphotos.com\/blog\/2009\/12\/06\/koeln-rodenkirchen-verkaufsoffener-sonntag-nikolaus-grosses-programm\/","og_site_name":"K\u00f6ln Rodenkirchen und die Welt","article_publisher":"https:\/\/www.facebook.com\/Koeln.Rodenkirchen","article_author":"https:\/\/www.facebook.com\/gaidaphotos","article_published_time":"2009-12-06T12:48:16+00:00","article_modified_time":"2010-02-12T13:29:49+00:00","og_image":[{"url":"https:\/\/www.gaidaphotos.com\/blog\/wp-content\/uploads\/2009\/12\/koeln-rodenkirchen-verkaufsoffener-sonntag-01-300x195.jpg","type":"","width":"","height":""}],"author":"Thomas","twitter_card":"summary_large_image","twitter_creator":"@gaidaphotos","twitter_site":"@gaidaphotos","twitter_misc":{"Verfasst von":"Thomas","Gesch\u00e4tzte Lesezeit":"1\u00a0Minute"},"schema":{"@context":"https:\/\/schema.org","@graph":[{"@type":"Article","@id":"https:\/\/www.gaidaphotos.com\/blog\/2009\/12\/06\/koeln-rodenkirchen-verkaufsoffener-sonntag-nikolaus-grosses-programm\/#article","isPartOf":{"@id":"https:\/\/www.gaidaphotos.com\/blog\/2009\/12\/06\/koeln-rodenkirchen-verkaufsoffener-sonntag-nikolaus-grosses-programm\/"},"author":{"name":"Thomas","@id":"https:\/\/www.gaidaphotos.com\/blog\/#\/schema\/person\/6c444a5b13ffc503c5c32f5a9ec68b21"},"headline":"K\u00f6ln-Rodenkirchen: verkaufsoffener Sonntag &#8211; Nikolaus &#038; grosses B\u00fchnenprogramm","datePublished":"2009-12-06T12:48:16+00:00","dateModified":"2010-02-12T13:29:49+00:00","mainEntityOfPage":{"@id":"https:\/\/www.gaidaphotos.com\/blog\/2009\/12\/06\/koeln-rodenkirchen-verkaufsoffener-sonntag-nikolaus-grosses-programm\/"},"wordCount":245,"commentCount":0,"publisher":{"@id":"https:\/\/www.gaidaphotos.com\/blog\/#organization"},"image":{"@id":"https:\/\/www.gaidaphotos.com\/blog\/2009\/12\/06\/koeln-rodenkirchen-verkaufsoffener-sonntag-nikolaus-grosses-programm\/#primaryimage"},"thumbnailUrl":"https:\/\/www.gaidaphotos.com\/blog\/wp-content\/uploads\/2009\/12\/koeln-rodenkirchen-verkaufsoffener-sonntag-01-300x195.jpg","keywords":["Einkaufen\/ Shopping","Freizeit-Ideen","K\u00f6ln Rodenkirchen"],"articleSection":["K\u00f6ln Rodenkirchen","K\u00f6ln Rodenkirchen Einkaufen","K\u00f6ln Rodenkirchen Freizeit"],"inLanguage":"de","potentialAction":[{"@type":"CommentAction","name":"Comment","target":["https:\/\/www.gaidaphotos.com\/blog\/2009\/12\/06\/koeln-rodenkirchen-verkaufsoffener-sonntag-nikolaus-grosses-programm\/#respond"]}]},{"@type":"WebPage","@id":"https:\/\/www.gaidaphotos.com\/blog\/2009\/12\/06\/koeln-rodenkirchen-verkaufsoffener-sonntag-nikolaus-grosses-programm\/","url":"https:\/\/www.gaidaphotos.com\/blog\/2009\/12\/06\/koeln-rodenkirchen-verkaufsoffener-sonntag-nikolaus-grosses-programm\/","name":"K\u00f6ln-Rodenkirchen: verkaufsoffener Sonntag - Nikolaus & grosses B\u00fchnenprogramm","isPartOf":{"@id":"https:\/\/www.gaidaphotos.com\/blog\/#website"},"primaryImageOfPage":{"@id":"https:\/\/www.gaidaphotos.com\/blog\/2009\/12\/06\/koeln-rodenkirchen-verkaufsoffener-sonntag-nikolaus-grosses-programm\/#primaryimage"},"image":{"@id":"https:\/\/www.gaidaphotos.com\/blog\/2009\/12\/06\/koeln-rodenkirchen-verkaufsoffener-sonntag-nikolaus-grosses-programm\/#primaryimage"},"thumbnailUrl":"https:\/\/www.gaidaphotos.com\/blog\/wp-content\/uploads\/2009\/12\/koeln-rodenkirchen-verkaufsoffener-sonntag-01-300x195.jpg","datePublished":"2009-12-06T12:48:16+00:00","dateModified":"2010-02-12T13:29:49+00:00","description":"Der Nikolaus kommt nach K\u00f6ln Rodenkirchen! Verkaufsoffener Sonntag am 06.12.2009 mit gro\u00dfem B\u00fchnenprogramm (alle Zeiten, alle Mitwirkenden)","breadcrumb":{"@id":"https:\/\/www.gaidaphotos.com\/blog\/2009\/12\/06\/koeln-rodenkirchen-verkaufsoffener-sonntag-nikolaus-grosses-programm\/#breadcrumb"},"inLanguage":"de","potentialAction":[{"@type":"ReadAction","target":["https:\/\/www.gaidaphotos.com\/blog\/2009\/12\/06\/koeln-rodenkirchen-verkaufsoffener-sonntag-nikolaus-grosses-programm\/"]}]},{"@type":"ImageObject","inLanguage":"de","@id":"https:\/\/www.gaidaphotos.com\/blog\/2009\/12\/06\/koeln-rodenkirchen-verkaufsoffener-sonntag-nikolaus-grosses-programm\/#primaryimage","url":"https:\/\/i0.wp.com\/www.gaidaphotos.com\/blog\/wp-content\/uploads\/2009\/12\/koeln-rodenkirchen-verkaufsoffener-sonntag-01.jpg?fit=640%2C417&ssl=1","contentUrl":"https:\/\/i0.wp.com\/www.gaidaphotos.com\/blog\/wp-content\/uploads\/2009\/12\/koeln-rodenkirchen-verkaufsoffener-sonntag-01.jpg?fit=640%2C417&ssl=1","width":"640","height":"417","caption":"K\u00f6ln Rodenkirchen verkaufsoffener Sonntag"},{"@type":"BreadcrumbList","@id":"https:\/\/www.gaidaphotos.com\/blog\/2009\/12\/06\/koeln-rodenkirchen-verkaufsoffener-sonntag-nikolaus-grosses-programm\/#breadcrumb","itemListElement":[{"@type":"ListItem","position":1,"name":"Startseite","item":"https:\/\/www.gaidaphotos.com\/blog\/"},{"@type":"ListItem","position":2,"name":"K\u00f6ln-Rodenkirchen: verkaufsoffener Sonntag &#8211; Nikolaus &#038; grosses B\u00fchnenprogramm"}]},{"@type":"WebSite","@id":"https:\/\/www.gaidaphotos.com\/blog\/#website","url":"https:\/\/www.gaidaphotos.com\/blog\/","name":"K\u00f6ln Rodenkirchen und die Welt","description":"Einkaufen, Restaurants, Freizeit, Nachrichten und was uns sonst bewegt und begegnet","publisher":{"@id":"https:\/\/www.gaidaphotos.com\/blog\/#organization"},"potentialAction":[{"@type":"SearchAction","target":{"@type":"EntryPoint","urlTemplate":"https:\/\/www.gaidaphotos.com\/blog\/?s={search_term_string}"},"query-input":{"@type":"PropertyValueSpecification","valueRequired":true,"valueName":"search_term_string"}}],"inLanguage":"de"},{"@type":"Organization","@id":"https:\/\/www.gaidaphotos.com\/blog\/#organization","name":"gaidaphotos","url":"https:\/\/www.gaidaphotos.com\/blog\/","logo":{"@type":"ImageObject","inLanguage":"de","@id":"https:\/\/www.gaidaphotos.com\/blog\/#\/schema\/logo\/image\/","url":"https:\/\/i0.wp.com\/www.gaidaphotos.com\/blog\/wp-content\/uploads\/2020\/07\/GAIDAPHOTOS-COM.jpg?fit=160%2C96&ssl=1","contentUrl":"https:\/\/i0.wp.com\/www.gaidaphotos.com\/blog\/wp-content\/uploads\/2020\/07\/GAIDAPHOTOS-COM.jpg?fit=160%2C96&ssl=1","width":160,"height":96,"caption":"gaidaphotos"},"image":{"@id":"https:\/\/www.gaidaphotos.com\/blog\/#\/schema\/logo\/image\/"},"sameAs":["https:\/\/www.facebook.com\/Koeln.Rodenkirchen","https:\/\/x.com\/gaidaphotos","https:\/\/instagram.com\/gaidaphotos\/","https:\/\/de.linkedin.com\/in\/gaidaphotos","https:\/\/myspace.com\/gaidaphotos","https:\/\/www.pinterest.com\/gaidaphotos\/","https:\/\/www.youtube.com\/user\/gaidaphotos"]},{"@type":"Person","@id":"https:\/\/www.gaidaphotos.com\/blog\/#\/schema\/person\/6c444a5b13ffc503c5c32f5a9ec68b21","name":"Thomas","sameAs":["https:\/\/www.gaidaphotos.com","https:\/\/www.facebook.com\/gaidaphotos","https:\/\/instagram.com\/gaidaphotos\/","https:\/\/www.linkedin.com\/in\/gaidaphotos","http:\/\/www.pinterest.com\/gaidaphotos\/","https:\/\/x.com\/gaidaphotos","https:\/\/myspace.com\/gaidaphotos","https:\/\/www.youtube.com\/user\/gaidaphotos","https:\/\/gaidaphotos.tumblr.com\/"]}]}},"jetpack_publicize_connections":[],"jetpack_featured_media_url":"","jetpack_sharing_enabled":true,"jetpack_likes_enabled":true,"jetpack-related-posts":[{"id":3447,"url":"https:\/\/www.gaidaphotos.com\/blog\/2010\/11\/29\/05-12-2010-verkaufsoffener-sonntag-und-nikolausfest-in-koln-rodenkirchen\/","url_meta":{"origin":2304,"position":0},"title":"05.12.2010 verkaufsoffener Sonntag und Nikolausfest in K\u00f6ln Rodenkirchen","author":"Thomas","date":"29. November 2010","format":false,"excerpt":"05.12.2010 verkaufsoffener Sonntag und Nikolausfest in K\u00f6ln Rodenkirchen Gro\u00dfes Nikolausfest und verkaufsoffener Sonntag am 05.12.2010 in K\u00f6ln Rodenkirchen mit Auftritten Rodenkirchener K\u00fcnstler und gro\u00dfem Weihnachtsmarkt. Am Nachmittag kommt der Nikolaus. Ganz Rodenkirchen schm\u00fcckt sich dazu mit kleinen und 3 gro\u00dfen Weihnachtsb\u00e4umen B\u00fchnenprogramm Nikolausfest in K\u00f6ln-Rodenkirchen am 05.12.2010 Hauptb\u00fchne Maternusplatz 12:00h\u2026","rel":"","context":"In &quot;K\u00f6ln Rodenkirchen Einkaufen&quot;","block_context":{"text":"K\u00f6ln Rodenkirchen Einkaufen","link":"https:\/\/www.gaidaphotos.com\/blog\/category\/koeln-rodenkirchen\/koeln-rodenkirchen-einkaufen\/"},"img":{"alt_text":"","src":"https:\/\/i0.wp.com\/www.gaidaphotos.com\/blog\/wp-content\/uploads\/ngg_featured\/weihnachtsmarkt-koeln-rodenkirchen-maternusplatz.jpg?fit=400%2C267&ssl=1&resize=350%2C200","width":350,"height":200},"classes":[]},{"id":2293,"url":"https:\/\/www.gaidaphotos.com\/blog\/2009\/11\/30\/koeln-rodenkirchen-nikolaus-kommt-am-verkaufsoffenen-sonntag\/","url_meta":{"origin":2304,"position":1},"title":"K\u00f6ln-Rodenkirchen: Nikolaus kommt am verkaufsoffenen Sonntag (6.12.09)","author":"Thomas","date":"30. November 2009","format":false,"excerpt":"Am Sonntag dem 06.12.2009 kommt sogar der Nikolaus zum verkaufsoffenen Sonntag nach K\u00f6ln-Rodenkirchen. Am kommenden Sonntag geben die Rodenkirchener Einzelhandelsgesch\u00e4ft Gelegenheit zum Einkauf von Weihnachtsgeschenken. Von 12.00h bis 18:00h sind die L\u00e4den in K\u00f6ln Rodenkirchen zum gem\u00fctlichen Weihnachtsshopping ge\u00f6ffnet. Und auf den Maternusplatz kommt der Nikolaus zu den Kindern in\u2026","rel":"","context":"In &quot;K\u00f6ln Rodenkirchen Einkaufen&quot;","block_context":{"text":"K\u00f6ln Rodenkirchen Einkaufen","link":"https:\/\/www.gaidaphotos.com\/blog\/category\/koeln-rodenkirchen\/koeln-rodenkirchen-einkaufen\/"},"img":{"alt_text":"K\u00f6ln Rodenkirchen verkaufsoffener Sonntag","src":"https:\/\/i0.wp.com\/www.gaidaphotos.com\/blog\/wp-content\/uploads\/2009\/11\/kostenlose-weihnachtskarte-gaidaphotos-16-224x300.jpg?resize=350%2C200&ssl=1","width":350,"height":200},"classes":[]},{"id":2819,"url":"https:\/\/www.gaidaphotos.com\/blog\/2010\/04\/22\/verkaufsoffener-sonntag-02-05-2010\/","url_meta":{"origin":2304,"position":2},"title":"K\u00f6ln-Rodenkirchen: Verkaufsoffener Sonntag am 02.05.2010","author":"Thomas","date":"22. April 2010","format":false,"excerpt":"Verkaufsoffener Sonntag am 02.05.2010 anl\u00e4\u00dflich der Maifeiern in K\u00f6ln-Rodenkirchen Anl\u00e4\u00dflich der Maifeiern der AG Rodenkirchen findet am 02. Mai 2010 in K\u00f6ln-Rodenkirchen auch ein verkaufsoffener Sonntag statt. Rodenkirchener und G\u00e4ste treffen sich auf dem Maternusplatz zum Fr\u00fchschoppen, um sich f\u00fcr das anschlie\u00dfende Power-Shopping und Marathon-Einkaufen zum verkaufsoffenen Sonntag zu st\u00e4rken.\u2026","rel":"","context":"In &quot;K\u00f6ln Rodenkirchen Einkaufen&quot;","block_context":{"text":"K\u00f6ln Rodenkirchen Einkaufen","link":"https:\/\/www.gaidaphotos.com\/blog\/category\/koeln-rodenkirchen\/koeln-rodenkirchen-einkaufen\/"},"img":{"alt_text":"Verkaufsoffener Sonntag am 02.05.2010 in K\u00f6ln Rodenkirchen","src":"https:\/\/i0.wp.com\/www.gaidaphotos.com\/blog\/wp-content\/uploads\/2010\/04\/verkaufsoffener-sonntag-rodenkirchen-300x200.jpg?resize=350%2C200&ssl=1","width":350,"height":200},"classes":[]},{"id":9122,"url":"https:\/\/www.gaidaphotos.com\/blog\/2015\/11\/24\/rodenkirchener-winterzauber-und-verkaufsoffener-sonntag\/","url_meta":{"origin":2304,"position":3},"title":"Rodenkirchener Winterzauber","author":"Thomas","date":"24. November 2015","format":false,"excerpt":"Rodenkirchener Winterzauber und verkaufsoffener Sonntag 3 Tage Weihnachtsmarkt, Schlittschuhbahn und vor-weihnachtliche Unterhaltung auf dem Maternusplatz in Rodenkirchen. Mit gro\u00dfem Weihnachtsprogramm l\u00e4dt die AG Rodenkirchen in diesem Jahr zu einem 4-t\u00e4gigen Weihnachtsmarkt in die Ortsmitte ein. Wenn in K\u00f6ln an allen Ecken und Enden Weihnachtsm\u00e4rkte stehen darf das sch\u00f6ne Rodenkirchen nat\u00fcrlich\u2026","rel":"","context":"In &quot;K\u00f6ln Rodenkirchen Einkaufen&quot;","block_context":{"text":"K\u00f6ln Rodenkirchen Einkaufen","link":"https:\/\/www.gaidaphotos.com\/blog\/category\/koeln-rodenkirchen\/koeln-rodenkirchen-einkaufen\/"},"img":{"alt_text":"","src":"https:\/\/i0.wp.com\/www.gaidaphotos.com\/blog\/wp-content\/uploads\/ngg_featured\/rodenkirchen-winterzauber-02.jpg?fit=1024%2C575&ssl=1&resize=350%2C200","width":350,"height":200,"srcset":"https:\/\/i0.wp.com\/www.gaidaphotos.com\/blog\/wp-content\/uploads\/ngg_featured\/rodenkirchen-winterzauber-02.jpg?fit=1024%2C575&ssl=1&resize=350%2C200 1x, https:\/\/i0.wp.com\/www.gaidaphotos.com\/blog\/wp-content\/uploads\/ngg_featured\/rodenkirchen-winterzauber-02.jpg?fit=1024%2C575&ssl=1&resize=525%2C300 1.5x, https:\/\/i0.wp.com\/www.gaidaphotos.com\/blog\/wp-content\/uploads\/ngg_featured\/rodenkirchen-winterzauber-02.jpg?fit=1024%2C575&ssl=1&resize=700%2C400 2x"},"classes":[]},{"id":2913,"url":"https:\/\/www.gaidaphotos.com\/blog\/2010\/06\/14\/verkaufsoffener-sonntag-20-06-2010\/","url_meta":{"origin":2304,"position":4},"title":"verkaufsoffener Sonntag 20.06.2010 in K\u00f6ln","author":"Thomas","date":"14. Juni 2010","format":false,"excerpt":"Verkaufsoffener Sonntag 20.06.2010 und Stra\u00dfenfeste in K\u00f6ln Rodenkirchen, K\u00f6ln Porz und K\u00f6ln Kalk Am Sonntag dem 20.06.2010 wird wieder in vielen K\u00f6lner Veedeln gefeiert und geshoppt. Hier findet Ihr alle Termine, das B\u00fchnenprogramm (soweit vorhanden) und alle Details zum verkaufsoffenen Sonntag in K\u00f6ln-Rodenkirchen, K\u00f6ln-Porz und K\u00f6ln-Kalk Stra\u00dfenfest in K\u00f6ln-Rodenkirchen am\u2026","rel":"","context":"In &quot;K\u00f6ln&quot;","block_context":{"text":"K\u00f6ln","link":"https:\/\/www.gaidaphotos.com\/blog\/category\/koeln\/"},"img":{"alt_text":"verkaufsoffener Sonntag 20.06.2010","src":"https:\/\/i0.wp.com\/www.gaidaphotos.com\/blog\/wp-content\/uploads\/2010\/06\/verkaufsoffener-sonntag-20-06-2010.jpg?resize=350%2C200&ssl=1","width":350,"height":200},"classes":[]},{"id":5852,"url":"https:\/\/www.gaidaphotos.com\/blog\/2013\/12\/02\/nikolausfest-krippenweg-in-rodenkirchen-8-12-2013\/","url_meta":{"origin":2304,"position":5},"title":"Nikolausfest, Krippenweg und verkaufsoffener Sonntag in Rodenkirchen &#8211; 08.12.2013","author":"Thomas","date":"2. Dezember 2013","format":false,"excerpt":"Nikolausfest, Weihnachtsmarkt und verkaufsoffener Sonntag am 08.12.2013 Rodenkirchener Krippenweg Der Nikolaus besucht den verkaufsoffenen Sonntag und Weihnachtsmarkt in K\u00f6ln-Rodenkirchen. Im \"Hillige C\u00f6lle\" ist es immer noch der Nikolaus, der als Gabenbringer die Kinder zum Nikolausfest beschenkt und nicht Santa Claus oder gar der Weihnachtsmann. So wurden auch in K\u00f6ln bis\u2026","rel":"","context":"In &quot;K\u00f6ln Rodenkirchen Einkaufen&quot;","block_context":{"text":"K\u00f6ln Rodenkirchen Einkaufen","link":"https:\/\/www.gaidaphotos.com\/blog\/category\/koeln-rodenkirchen\/koeln-rodenkirchen-einkaufen\/"},"img":{"alt_text":"Nikolausfest 2013 in K\u00f6ln-Rodenkirchen","src":"https:\/\/i0.wp.com\/www.gaidaphotos.com\/blog\/wp-content\/uploads\/2013\/12\/rodenkirchen-nikolausfest-2013.jpg?fit=714%2C1000&ssl=1&resize=350%2C200","width":350,"height":200,"srcset":"https:\/\/i0.wp.com\/www.gaidaphotos.com\/blog\/wp-content\/uploads\/2013\/12\/rodenkirchen-nikolausfest-2013.jpg?fit=714%2C1000&ssl=1&resize=350%2C200 1x, https:\/\/i0.wp.com\/www.gaidaphotos.com\/blog\/wp-content\/uploads\/2013\/12\/rodenkirchen-nikolausfest-2013.jpg?fit=714%2C1000&ssl=1&resize=525%2C300 1.5x, https:\/\/i0.wp.com\/www.gaidaphotos.com\/blog\/wp-content\/uploads\/2013\/12\/rodenkirchen-nikolausfest-2013.jpg?fit=714%2C1000&ssl=1&resize=700%2C400 2x"},"classes":[]}],"_links":{"self":[{"href":"https:\/\/www.gaidaphotos.com\/blog\/wp-json\/wp\/v2\/posts\/2304","targetHints":{"allow":["GET"]}}],"collection":[{"href":"https:\/\/www.gaidaphotos.com\/blog\/wp-json\/wp\/v2\/posts"}],"about":[{"href":"https:\/\/www.gaidaphotos.com\/blog\/wp-json\/wp\/v2\/types\/post"}],"author":[{"embeddable":true,"href":"https:\/\/www.gaidaphotos.com\/blog\/wp-json\/wp\/v2\/users\/6"}],"replies":[{"embeddable":true,"href":"https:\/\/www.gaidaphotos.com\/blog\/wp-json\/wp\/v2\/comments?post=2304"}],"version-history":[{"count":0,"href":"https:\/\/www.gaidaphotos.com\/blog\/wp-json\/wp\/v2\/posts\/2304\/revisions"}],"wp:attachment":[{"href":"https:\/\/www.gaidaphotos.com\/blog\/wp-json\/wp\/v2\/media?parent=2304"}],"wp:term":[{"taxonomy":"category","embeddable":true,"href":"https:\/\/www.gaidaphotos.com\/blog\/wp-json\/wp\/v2\/categories?post=2304"},{"taxonomy":"post_tag","embeddable":true,"href":"https:\/\/www.gaidaphotos.com\/blog\/wp-json\/wp\/v2\/tags?post=2304"}],"curies":[{"name":"wp","href":"https:\/\/api.w.org\/{rel}","templated":true}]}}