{"id":2321,"date":"2009-12-13T17:37:39","date_gmt":"2009-12-13T16:37:39","guid":{"rendered":"http:\/\/gaidaphotos.com\/blog\/?p=2321"},"modified":"2020-12-30T15:59:40","modified_gmt":"2020-12-30T14:59:40","slug":"koln-rodenkirchen-weihnachtslieder-auf-dem-maternusplatz","status":"publish","type":"post","link":"https:\/\/www.gaidaphotos.com\/blog\/2009\/12\/13\/koln-rodenkirchen-weihnachtslieder-auf-dem-maternusplatz\/","title":{"rendered":"K\u00f6ln-Rodenkirchen: Weihnachtslieder auf dem Maternusplatz"},"content":{"rendered":"<figure id=\"attachment_2324\" aria-describedby=\"caption-attachment-2324\" style=\"width: 225px\" class=\"wp-caption alignright\"><img data-recalc-dims=\"1\" loading=\"lazy\" decoding=\"async\" class=\"size-medium wp-image-2324\" title=\"weihnachtslieder-koeln-rodenkirchen\" src=\"https:\/\/i0.wp.com\/www.gaidaphotos.com\/blog\/wp-content\/uploads\/2009\/12\/weihnachtslieder-koeln-rodenkirchen.jpg?resize=225%2C300&#038;ssl=1\" alt=\"Weihnachtslieder in K\u00f6ln Rodenkirchen\" width=\"225\" height=\"300\" srcset=\"https:\/\/i0.wp.com\/www.gaidaphotos.com\/blog\/wp-content\/uploads\/2009\/12\/weihnachtslieder-koeln-rodenkirchen.jpg?resize=225%2C300&amp;ssl=1 225w, https:\/\/i0.wp.com\/www.gaidaphotos.com\/blog\/wp-content\/uploads\/2009\/12\/weihnachtslieder-koeln-rodenkirchen.jpg?w=480&amp;ssl=1 480w\" sizes=\"auto, (max-width: 225px) 100vw, 225px\" \/><figcaption id=\"caption-attachment-2324\" class=\"wp-caption-text\">Weihnachtslieder in K\u00f6ln Rodenkirchen<\/figcaption><\/figure>\n<p>Gestern (12.12.2009) schon in der Nacht (gegen 21:45h) erklangen vom Maternusplatz in K\u00f6ln-Rodenkirchen weihnachtliche Weisen.<br \/>\nEine Gruppe junger M\u00e4nner\/S\u00e4nger hat sich um den Weihnachtsbaum in K\u00f6ln Rodenkirchen geschart und trug Weihnachtslieder vor.<br \/>\nWir kennen die Gruppe leider nicht. Es klang recht melodisch und brachte ein wenig Weihnachtsstimmung nach K\u00f6ln-Rodenkirchen.<\/p>\n<p>Hier finden Sie Texte zu den bekanntesten <a title=\"Weihnachtslieder\" href=\"https:\/\/www.gaidaphotos.com\/weihnachtslieder\/\" target=\"_blank\" rel=\"noopener\">deutschen Weihnachtsliedern <\/a>und englischen Weihnachtsliedern.<\/p>\n<h3>Neue kostenlose Weihnachtskarten und Motive f\u00fcr Karten zu Weihnachten:<br \/>\nSpr\u00fcche zu Weihnachten und zum Neuen Jahr<br \/>\nWeihnachtsw\u00fcnsche und Weihnachtsgr\u00fc\u00dfe<\/h3>\n<p><!--?php include(\"wp-content\/include\/weihnachtskarten.php\"); ?--><\/p>\n<p>ngg_shortcode_0_placeholder<!--?php include(\"wp-content\/include\/weihnachten.php\"); ?--><br \/>\n<!--?php include(\"wp-content\/include\/weihnachten-2.php\"); ?--><\/p>\n","protected":false},"excerpt":{"rendered":"<p>Gestern (12.12.2009) schon in der Nacht (gegen 21:45h) erklangen vom Maternusplatz in K\u00f6ln-Rodenkirchen weihnachtliche Weisen. Eine Gruppe junger M\u00e4nner\/S\u00e4nger hat<\/p>\n","protected":false},"author":6,"featured_media":0,"comment_status":"open","ping_status":"open","sticky":false,"template":"","format":"standard","meta":{"_crdt_document":"","ngg_post_thumbnail":0,"jetpack_post_was_ever_published":false,"_jetpack_newsletter_access":"","_jetpack_dont_email_post_to_subs":false,"_jetpack_newsletter_tier_id":0,"_jetpack_memberships_contains_paywalled_content":false,"_jetpack_memberships_contains_paid_content":false,"footnotes":"","jetpack_publicize_message":"","jetpack_publicize_feature_enabled":true,"jetpack_social_post_already_shared":false,"jetpack_social_options":{"image_generator_settings":{"template":"highway","default_image_id":0,"font":"","enabled":false},"version":2}},"categories":[52,39,10],"tags":[538,113,536],"class_list":["post-2321","post","type-post","status-publish","format-standard","hentry","category-koeln-rodenkirchen","category-neuigkeiten","category-weihnachten","tag-koeln-rodenkirchen","tag-nachrichten","tag-weihnachten"],"yoast_head":"<!-- This site is optimized with the Yoast SEO plugin v27.5 - https:\/\/yoast.com\/product\/yoast-seo-wordpress\/ -->\n<title>K\u00f6ln-Rodenkirchen: Weihnachtslieder auf dem Maternusplatz<\/title>\n<meta name=\"description\" content=\"Gestern (12.12.2009) schon in der Nacht (gegen 21:45h) erklangen vom Maternusplatz in K\u00f6ln-Rodenkirchen weihnachtliche Weisen. Eine Gruppe junger M\u00e4nner\/S\u00e4nger hat sich um den Weihnachtsbaum in K\u00f6ln Rodenkirchen geschart und trug Weihnachtslieder vor. (mit Foto)\" \/>\n<meta name=\"robots\" content=\"index, follow, max-snippet:-1, max-image-preview:large, max-video-preview:-1\" \/>\n<link rel=\"canonical\" href=\"https:\/\/www.gaidaphotos.com\/blog\/2009\/12\/13\/koln-rodenkirchen-weihnachtslieder-auf-dem-maternusplatz\/\" \/>\n<meta property=\"og:locale\" content=\"de_DE\" \/>\n<meta property=\"og:type\" content=\"article\" \/>\n<meta property=\"og:title\" content=\"K\u00f6ln-Rodenkirchen: Weihnachtslieder auf dem Maternusplatz\" \/>\n<meta property=\"og:description\" content=\"Gestern (12.12.2009) schon in der Nacht (gegen 21:45h) erklangen vom Maternusplatz in K\u00f6ln-Rodenkirchen weihnachtliche Weisen. Eine Gruppe junger M\u00e4nner\/S\u00e4nger hat sich um den Weihnachtsbaum in K\u00f6ln Rodenkirchen geschart und trug Weihnachtslieder vor. (mit Foto)\" \/>\n<meta property=\"og:url\" content=\"https:\/\/www.gaidaphotos.com\/blog\/2009\/12\/13\/koln-rodenkirchen-weihnachtslieder-auf-dem-maternusplatz\/\" \/>\n<meta property=\"og:site_name\" content=\"K\u00f6ln Rodenkirchen und die Welt\" \/>\n<meta property=\"article:publisher\" content=\"https:\/\/www.facebook.com\/Koeln.Rodenkirchen\" \/>\n<meta property=\"article:author\" content=\"https:\/\/www.facebook.com\/gaidaphotos\" \/>\n<meta property=\"article:published_time\" content=\"2009-12-13T16:37:39+00:00\" \/>\n<meta property=\"article:modified_time\" content=\"2020-12-30T14:59:40+00:00\" \/>\n<meta property=\"og:image\" content=\"https:\/\/www.gaidaphotos.com\/blog\/wp-content\/uploads\/2009\/12\/weihnachtslieder-koeln-rodenkirchen-225x300.jpg\" \/>\n<meta name=\"author\" content=\"Thomas\" \/>\n<meta name=\"twitter:card\" content=\"summary_large_image\" \/>\n<meta name=\"twitter:creator\" content=\"@gaidaphotos\" \/>\n<meta name=\"twitter:site\" content=\"@gaidaphotos\" \/>\n<meta name=\"twitter:label1\" content=\"Verfasst von\" \/>\n\t<meta name=\"twitter:data1\" content=\"Thomas\" \/>\n\t<meta name=\"twitter:label2\" content=\"Gesch\u00e4tzte Lesezeit\" \/>\n\t<meta name=\"twitter:data2\" content=\"1\u00a0Minute\" \/>\n<script type=\"application\/ld+json\" class=\"yoast-schema-graph\">{\"@context\":\"https:\\\/\\\/schema.org\",\"@graph\":[{\"@type\":\"Article\",\"@id\":\"https:\\\/\\\/www.gaidaphotos.com\\\/blog\\\/2009\\\/12\\\/13\\\/koln-rodenkirchen-weihnachtslieder-auf-dem-maternusplatz\\\/#article\",\"isPartOf\":{\"@id\":\"https:\\\/\\\/www.gaidaphotos.com\\\/blog\\\/2009\\\/12\\\/13\\\/koln-rodenkirchen-weihnachtslieder-auf-dem-maternusplatz\\\/\"},\"author\":{\"name\":\"Thomas\",\"@id\":\"https:\\\/\\\/www.gaidaphotos.com\\\/blog\\\/#\\\/schema\\\/person\\\/6c444a5b13ffc503c5c32f5a9ec68b21\"},\"headline\":\"K\u00f6ln-Rodenkirchen: Weihnachtslieder auf dem Maternusplatz\",\"datePublished\":\"2009-12-13T16:37:39+00:00\",\"dateModified\":\"2020-12-30T14:59:40+00:00\",\"mainEntityOfPage\":{\"@id\":\"https:\\\/\\\/www.gaidaphotos.com\\\/blog\\\/2009\\\/12\\\/13\\\/koln-rodenkirchen-weihnachtslieder-auf-dem-maternusplatz\\\/\"},\"wordCount\":116,\"commentCount\":0,\"publisher\":{\"@id\":\"https:\\\/\\\/www.gaidaphotos.com\\\/blog\\\/#organization\"},\"image\":{\"@id\":\"https:\\\/\\\/www.gaidaphotos.com\\\/blog\\\/2009\\\/12\\\/13\\\/koln-rodenkirchen-weihnachtslieder-auf-dem-maternusplatz\\\/#primaryimage\"},\"thumbnailUrl\":\"https:\\\/\\\/www.gaidaphotos.com\\\/blog\\\/wp-content\\\/uploads\\\/2009\\\/12\\\/weihnachtslieder-koeln-rodenkirchen-225x300.jpg\",\"keywords\":[\"K\u00f6ln Rodenkirchen\",\"Nachrichten\",\"Weihnachten\"],\"articleSection\":[\"K\u00f6ln Rodenkirchen\",\"Neuigkeiten\",\"Weihnachten\"],\"inLanguage\":\"de\",\"potentialAction\":[{\"@type\":\"CommentAction\",\"name\":\"Comment\",\"target\":[\"https:\\\/\\\/www.gaidaphotos.com\\\/blog\\\/2009\\\/12\\\/13\\\/koln-rodenkirchen-weihnachtslieder-auf-dem-maternusplatz\\\/#respond\"]}]},{\"@type\":\"WebPage\",\"@id\":\"https:\\\/\\\/www.gaidaphotos.com\\\/blog\\\/2009\\\/12\\\/13\\\/koln-rodenkirchen-weihnachtslieder-auf-dem-maternusplatz\\\/\",\"url\":\"https:\\\/\\\/www.gaidaphotos.com\\\/blog\\\/2009\\\/12\\\/13\\\/koln-rodenkirchen-weihnachtslieder-auf-dem-maternusplatz\\\/\",\"name\":\"K\u00f6ln-Rodenkirchen: Weihnachtslieder auf dem Maternusplatz\",\"isPartOf\":{\"@id\":\"https:\\\/\\\/www.gaidaphotos.com\\\/blog\\\/#website\"},\"primaryImageOfPage\":{\"@id\":\"https:\\\/\\\/www.gaidaphotos.com\\\/blog\\\/2009\\\/12\\\/13\\\/koln-rodenkirchen-weihnachtslieder-auf-dem-maternusplatz\\\/#primaryimage\"},\"image\":{\"@id\":\"https:\\\/\\\/www.gaidaphotos.com\\\/blog\\\/2009\\\/12\\\/13\\\/koln-rodenkirchen-weihnachtslieder-auf-dem-maternusplatz\\\/#primaryimage\"},\"thumbnailUrl\":\"https:\\\/\\\/www.gaidaphotos.com\\\/blog\\\/wp-content\\\/uploads\\\/2009\\\/12\\\/weihnachtslieder-koeln-rodenkirchen-225x300.jpg\",\"datePublished\":\"2009-12-13T16:37:39+00:00\",\"dateModified\":\"2020-12-30T14:59:40+00:00\",\"description\":\"Gestern (12.12.2009) schon in der Nacht (gegen 21:45h) erklangen vom Maternusplatz in K\u00f6ln-Rodenkirchen weihnachtliche Weisen. Eine Gruppe junger M\u00e4nner\\\/S\u00e4nger hat sich um den Weihnachtsbaum in K\u00f6ln Rodenkirchen geschart und trug Weihnachtslieder vor. (mit Foto)\",\"breadcrumb\":{\"@id\":\"https:\\\/\\\/www.gaidaphotos.com\\\/blog\\\/2009\\\/12\\\/13\\\/koln-rodenkirchen-weihnachtslieder-auf-dem-maternusplatz\\\/#breadcrumb\"},\"inLanguage\":\"de\",\"potentialAction\":[{\"@type\":\"ReadAction\",\"target\":[\"https:\\\/\\\/www.gaidaphotos.com\\\/blog\\\/2009\\\/12\\\/13\\\/koln-rodenkirchen-weihnachtslieder-auf-dem-maternusplatz\\\/\"]}]},{\"@type\":\"ImageObject\",\"inLanguage\":\"de\",\"@id\":\"https:\\\/\\\/www.gaidaphotos.com\\\/blog\\\/2009\\\/12\\\/13\\\/koln-rodenkirchen-weihnachtslieder-auf-dem-maternusplatz\\\/#primaryimage\",\"url\":\"https:\\\/\\\/i0.wp.com\\\/www.gaidaphotos.com\\\/blog\\\/wp-content\\\/uploads\\\/2009\\\/12\\\/weihnachtslieder-koeln-rodenkirchen.jpg?fit=480%2C640&ssl=1\",\"contentUrl\":\"https:\\\/\\\/i0.wp.com\\\/www.gaidaphotos.com\\\/blog\\\/wp-content\\\/uploads\\\/2009\\\/12\\\/weihnachtslieder-koeln-rodenkirchen.jpg?fit=480%2C640&ssl=1\",\"width\":\"480\",\"height\":\"640\",\"caption\":\"Weihnachtslieder in K\u00f6ln Rodenkirchen\"},{\"@type\":\"BreadcrumbList\",\"@id\":\"https:\\\/\\\/www.gaidaphotos.com\\\/blog\\\/2009\\\/12\\\/13\\\/koln-rodenkirchen-weihnachtslieder-auf-dem-maternusplatz\\\/#breadcrumb\",\"itemListElement\":[{\"@type\":\"ListItem\",\"position\":1,\"name\":\"Startseite\",\"item\":\"https:\\\/\\\/www.gaidaphotos.com\\\/blog\\\/\"},{\"@type\":\"ListItem\",\"position\":2,\"name\":\"K\u00f6ln-Rodenkirchen: Weihnachtslieder auf dem Maternusplatz\"}]},{\"@type\":\"WebSite\",\"@id\":\"https:\\\/\\\/www.gaidaphotos.com\\\/blog\\\/#website\",\"url\":\"https:\\\/\\\/www.gaidaphotos.com\\\/blog\\\/\",\"name\":\"K\u00f6ln Rodenkirchen und die Welt\",\"description\":\"Einkaufen, Restaurants, Freizeit, Nachrichten und was uns sonst bewegt und begegnet\",\"publisher\":{\"@id\":\"https:\\\/\\\/www.gaidaphotos.com\\\/blog\\\/#organization\"},\"potentialAction\":[{\"@type\":\"SearchAction\",\"target\":{\"@type\":\"EntryPoint\",\"urlTemplate\":\"https:\\\/\\\/www.gaidaphotos.com\\\/blog\\\/?s={search_term_string}\"},\"query-input\":{\"@type\":\"PropertyValueSpecification\",\"valueRequired\":true,\"valueName\":\"search_term_string\"}}],\"inLanguage\":\"de\"},{\"@type\":\"Organization\",\"@id\":\"https:\\\/\\\/www.gaidaphotos.com\\\/blog\\\/#organization\",\"name\":\"gaidaphotos\",\"url\":\"https:\\\/\\\/www.gaidaphotos.com\\\/blog\\\/\",\"logo\":{\"@type\":\"ImageObject\",\"inLanguage\":\"de\",\"@id\":\"https:\\\/\\\/www.gaidaphotos.com\\\/blog\\\/#\\\/schema\\\/logo\\\/image\\\/\",\"url\":\"https:\\\/\\\/i0.wp.com\\\/www.gaidaphotos.com\\\/blog\\\/wp-content\\\/uploads\\\/2020\\\/07\\\/GAIDAPHOTOS-COM.jpg?fit=160%2C96&ssl=1\",\"contentUrl\":\"https:\\\/\\\/i0.wp.com\\\/www.gaidaphotos.com\\\/blog\\\/wp-content\\\/uploads\\\/2020\\\/07\\\/GAIDAPHOTOS-COM.jpg?fit=160%2C96&ssl=1\",\"width\":160,\"height\":96,\"caption\":\"gaidaphotos\"},\"image\":{\"@id\":\"https:\\\/\\\/www.gaidaphotos.com\\\/blog\\\/#\\\/schema\\\/logo\\\/image\\\/\"},\"sameAs\":[\"https:\\\/\\\/www.facebook.com\\\/Koeln.Rodenkirchen\",\"https:\\\/\\\/x.com\\\/gaidaphotos\",\"https:\\\/\\\/instagram.com\\\/gaidaphotos\\\/\",\"https:\\\/\\\/de.linkedin.com\\\/in\\\/gaidaphotos\",\"https:\\\/\\\/myspace.com\\\/gaidaphotos\",\"https:\\\/\\\/www.pinterest.com\\\/gaidaphotos\\\/\",\"https:\\\/\\\/www.youtube.com\\\/user\\\/gaidaphotos\"]},{\"@type\":\"Person\",\"@id\":\"https:\\\/\\\/www.gaidaphotos.com\\\/blog\\\/#\\\/schema\\\/person\\\/6c444a5b13ffc503c5c32f5a9ec68b21\",\"name\":\"Thomas\",\"sameAs\":[\"https:\\\/\\\/www.gaidaphotos.com\",\"https:\\\/\\\/www.facebook.com\\\/gaidaphotos\",\"https:\\\/\\\/instagram.com\\\/gaidaphotos\\\/\",\"https:\\\/\\\/www.linkedin.com\\\/in\\\/gaidaphotos\",\"http:\\\/\\\/www.pinterest.com\\\/gaidaphotos\\\/\",\"https:\\\/\\\/x.com\\\/gaidaphotos\",\"https:\\\/\\\/myspace.com\\\/gaidaphotos\",\"https:\\\/\\\/www.youtube.com\\\/user\\\/gaidaphotos\",\"https:\\\/\\\/gaidaphotos.tumblr.com\\\/\"]}]}<\/script>\n<!-- \/ Yoast SEO plugin. -->","yoast_head_json":{"title":"K\u00f6ln-Rodenkirchen: Weihnachtslieder auf dem Maternusplatz","description":"Gestern (12.12.2009) schon in der Nacht (gegen 21:45h) erklangen vom Maternusplatz in K\u00f6ln-Rodenkirchen weihnachtliche Weisen. Eine Gruppe junger M\u00e4nner\/S\u00e4nger hat sich um den Weihnachtsbaum in K\u00f6ln Rodenkirchen geschart und trug Weihnachtslieder vor. (mit Foto)","robots":{"index":"index","follow":"follow","max-snippet":"max-snippet:-1","max-image-preview":"max-image-preview:large","max-video-preview":"max-video-preview:-1"},"canonical":"https:\/\/www.gaidaphotos.com\/blog\/2009\/12\/13\/koln-rodenkirchen-weihnachtslieder-auf-dem-maternusplatz\/","og_locale":"de_DE","og_type":"article","og_title":"K\u00f6ln-Rodenkirchen: Weihnachtslieder auf dem Maternusplatz","og_description":"Gestern (12.12.2009) schon in der Nacht (gegen 21:45h) erklangen vom Maternusplatz in K\u00f6ln-Rodenkirchen weihnachtliche Weisen. Eine Gruppe junger M\u00e4nner\/S\u00e4nger hat sich um den Weihnachtsbaum in K\u00f6ln Rodenkirchen geschart und trug Weihnachtslieder vor. (mit Foto)","og_url":"https:\/\/www.gaidaphotos.com\/blog\/2009\/12\/13\/koln-rodenkirchen-weihnachtslieder-auf-dem-maternusplatz\/","og_site_name":"K\u00f6ln Rodenkirchen und die Welt","article_publisher":"https:\/\/www.facebook.com\/Koeln.Rodenkirchen","article_author":"https:\/\/www.facebook.com\/gaidaphotos","article_published_time":"2009-12-13T16:37:39+00:00","article_modified_time":"2020-12-30T14:59:40+00:00","og_image":[{"url":"https:\/\/www.gaidaphotos.com\/blog\/wp-content\/uploads\/2009\/12\/weihnachtslieder-koeln-rodenkirchen-225x300.jpg","type":"","width":"","height":""}],"author":"Thomas","twitter_card":"summary_large_image","twitter_creator":"@gaidaphotos","twitter_site":"@gaidaphotos","twitter_misc":{"Verfasst von":"Thomas","Gesch\u00e4tzte Lesezeit":"1\u00a0Minute"},"schema":{"@context":"https:\/\/schema.org","@graph":[{"@type":"Article","@id":"https:\/\/www.gaidaphotos.com\/blog\/2009\/12\/13\/koln-rodenkirchen-weihnachtslieder-auf-dem-maternusplatz\/#article","isPartOf":{"@id":"https:\/\/www.gaidaphotos.com\/blog\/2009\/12\/13\/koln-rodenkirchen-weihnachtslieder-auf-dem-maternusplatz\/"},"author":{"name":"Thomas","@id":"https:\/\/www.gaidaphotos.com\/blog\/#\/schema\/person\/6c444a5b13ffc503c5c32f5a9ec68b21"},"headline":"K\u00f6ln-Rodenkirchen: Weihnachtslieder auf dem Maternusplatz","datePublished":"2009-12-13T16:37:39+00:00","dateModified":"2020-12-30T14:59:40+00:00","mainEntityOfPage":{"@id":"https:\/\/www.gaidaphotos.com\/blog\/2009\/12\/13\/koln-rodenkirchen-weihnachtslieder-auf-dem-maternusplatz\/"},"wordCount":116,"commentCount":0,"publisher":{"@id":"https:\/\/www.gaidaphotos.com\/blog\/#organization"},"image":{"@id":"https:\/\/www.gaidaphotos.com\/blog\/2009\/12\/13\/koln-rodenkirchen-weihnachtslieder-auf-dem-maternusplatz\/#primaryimage"},"thumbnailUrl":"https:\/\/www.gaidaphotos.com\/blog\/wp-content\/uploads\/2009\/12\/weihnachtslieder-koeln-rodenkirchen-225x300.jpg","keywords":["K\u00f6ln Rodenkirchen","Nachrichten","Weihnachten"],"articleSection":["K\u00f6ln Rodenkirchen","Neuigkeiten","Weihnachten"],"inLanguage":"de","potentialAction":[{"@type":"CommentAction","name":"Comment","target":["https:\/\/www.gaidaphotos.com\/blog\/2009\/12\/13\/koln-rodenkirchen-weihnachtslieder-auf-dem-maternusplatz\/#respond"]}]},{"@type":"WebPage","@id":"https:\/\/www.gaidaphotos.com\/blog\/2009\/12\/13\/koln-rodenkirchen-weihnachtslieder-auf-dem-maternusplatz\/","url":"https:\/\/www.gaidaphotos.com\/blog\/2009\/12\/13\/koln-rodenkirchen-weihnachtslieder-auf-dem-maternusplatz\/","name":"K\u00f6ln-Rodenkirchen: Weihnachtslieder auf dem Maternusplatz","isPartOf":{"@id":"https:\/\/www.gaidaphotos.com\/blog\/#website"},"primaryImageOfPage":{"@id":"https:\/\/www.gaidaphotos.com\/blog\/2009\/12\/13\/koln-rodenkirchen-weihnachtslieder-auf-dem-maternusplatz\/#primaryimage"},"image":{"@id":"https:\/\/www.gaidaphotos.com\/blog\/2009\/12\/13\/koln-rodenkirchen-weihnachtslieder-auf-dem-maternusplatz\/#primaryimage"},"thumbnailUrl":"https:\/\/www.gaidaphotos.com\/blog\/wp-content\/uploads\/2009\/12\/weihnachtslieder-koeln-rodenkirchen-225x300.jpg","datePublished":"2009-12-13T16:37:39+00:00","dateModified":"2020-12-30T14:59:40+00:00","description":"Gestern (12.12.2009) schon in der Nacht (gegen 21:45h) erklangen vom Maternusplatz in K\u00f6ln-Rodenkirchen weihnachtliche Weisen. Eine Gruppe junger M\u00e4nner\/S\u00e4nger hat sich um den Weihnachtsbaum in K\u00f6ln Rodenkirchen geschart und trug Weihnachtslieder vor. (mit Foto)","breadcrumb":{"@id":"https:\/\/www.gaidaphotos.com\/blog\/2009\/12\/13\/koln-rodenkirchen-weihnachtslieder-auf-dem-maternusplatz\/#breadcrumb"},"inLanguage":"de","potentialAction":[{"@type":"ReadAction","target":["https:\/\/www.gaidaphotos.com\/blog\/2009\/12\/13\/koln-rodenkirchen-weihnachtslieder-auf-dem-maternusplatz\/"]}]},{"@type":"ImageObject","inLanguage":"de","@id":"https:\/\/www.gaidaphotos.com\/blog\/2009\/12\/13\/koln-rodenkirchen-weihnachtslieder-auf-dem-maternusplatz\/#primaryimage","url":"https:\/\/i0.wp.com\/www.gaidaphotos.com\/blog\/wp-content\/uploads\/2009\/12\/weihnachtslieder-koeln-rodenkirchen.jpg?fit=480%2C640&ssl=1","contentUrl":"https:\/\/i0.wp.com\/www.gaidaphotos.com\/blog\/wp-content\/uploads\/2009\/12\/weihnachtslieder-koeln-rodenkirchen.jpg?fit=480%2C640&ssl=1","width":"480","height":"640","caption":"Weihnachtslieder in K\u00f6ln Rodenkirchen"},{"@type":"BreadcrumbList","@id":"https:\/\/www.gaidaphotos.com\/blog\/2009\/12\/13\/koln-rodenkirchen-weihnachtslieder-auf-dem-maternusplatz\/#breadcrumb","itemListElement":[{"@type":"ListItem","position":1,"name":"Startseite","item":"https:\/\/www.gaidaphotos.com\/blog\/"},{"@type":"ListItem","position":2,"name":"K\u00f6ln-Rodenkirchen: Weihnachtslieder auf dem Maternusplatz"}]},{"@type":"WebSite","@id":"https:\/\/www.gaidaphotos.com\/blog\/#website","url":"https:\/\/www.gaidaphotos.com\/blog\/","name":"K\u00f6ln Rodenkirchen und die Welt","description":"Einkaufen, Restaurants, Freizeit, Nachrichten und was uns sonst bewegt und begegnet","publisher":{"@id":"https:\/\/www.gaidaphotos.com\/blog\/#organization"},"potentialAction":[{"@type":"SearchAction","target":{"@type":"EntryPoint","urlTemplate":"https:\/\/www.gaidaphotos.com\/blog\/?s={search_term_string}"},"query-input":{"@type":"PropertyValueSpecification","valueRequired":true,"valueName":"search_term_string"}}],"inLanguage":"de"},{"@type":"Organization","@id":"https:\/\/www.gaidaphotos.com\/blog\/#organization","name":"gaidaphotos","url":"https:\/\/www.gaidaphotos.com\/blog\/","logo":{"@type":"ImageObject","inLanguage":"de","@id":"https:\/\/www.gaidaphotos.com\/blog\/#\/schema\/logo\/image\/","url":"https:\/\/i0.wp.com\/www.gaidaphotos.com\/blog\/wp-content\/uploads\/2020\/07\/GAIDAPHOTOS-COM.jpg?fit=160%2C96&ssl=1","contentUrl":"https:\/\/i0.wp.com\/www.gaidaphotos.com\/blog\/wp-content\/uploads\/2020\/07\/GAIDAPHOTOS-COM.jpg?fit=160%2C96&ssl=1","width":160,"height":96,"caption":"gaidaphotos"},"image":{"@id":"https:\/\/www.gaidaphotos.com\/blog\/#\/schema\/logo\/image\/"},"sameAs":["https:\/\/www.facebook.com\/Koeln.Rodenkirchen","https:\/\/x.com\/gaidaphotos","https:\/\/instagram.com\/gaidaphotos\/","https:\/\/de.linkedin.com\/in\/gaidaphotos","https:\/\/myspace.com\/gaidaphotos","https:\/\/www.pinterest.com\/gaidaphotos\/","https:\/\/www.youtube.com\/user\/gaidaphotos"]},{"@type":"Person","@id":"https:\/\/www.gaidaphotos.com\/blog\/#\/schema\/person\/6c444a5b13ffc503c5c32f5a9ec68b21","name":"Thomas","sameAs":["https:\/\/www.gaidaphotos.com","https:\/\/www.facebook.com\/gaidaphotos","https:\/\/instagram.com\/gaidaphotos\/","https:\/\/www.linkedin.com\/in\/gaidaphotos","http:\/\/www.pinterest.com\/gaidaphotos\/","https:\/\/x.com\/gaidaphotos","https:\/\/myspace.com\/gaidaphotos","https:\/\/www.youtube.com\/user\/gaidaphotos","https:\/\/gaidaphotos.tumblr.com\/"]}]}},"jetpack_publicize_connections":[],"jetpack_featured_media_url":"","jetpack_sharing_enabled":true,"jetpack_likes_enabled":true,"jetpack-related-posts":[{"id":2293,"url":"https:\/\/www.gaidaphotos.com\/blog\/2009\/11\/30\/koeln-rodenkirchen-nikolaus-kommt-am-verkaufsoffenen-sonntag\/","url_meta":{"origin":2321,"position":0},"title":"K\u00f6ln-Rodenkirchen: Nikolaus kommt am verkaufsoffenen Sonntag (6.12.09)","author":"Thomas","date":"30. November 2009","format":false,"excerpt":"Am Sonntag dem 06.12.2009 kommt sogar der Nikolaus zum verkaufsoffenen Sonntag nach K\u00f6ln-Rodenkirchen. Am kommenden Sonntag geben die Rodenkirchener Einzelhandelsgesch\u00e4ft Gelegenheit zum Einkauf von Weihnachtsgeschenken. Von 12.00h bis 18:00h sind die L\u00e4den in K\u00f6ln Rodenkirchen zum gem\u00fctlichen Weihnachtsshopping ge\u00f6ffnet. Und auf den Maternusplatz kommt der Nikolaus zu den Kindern in\u2026","rel":"","context":"In &quot;K\u00f6ln Rodenkirchen Einkaufen&quot;","block_context":{"text":"K\u00f6ln Rodenkirchen Einkaufen","link":"https:\/\/www.gaidaphotos.com\/blog\/category\/koeln-rodenkirchen\/koeln-rodenkirchen-einkaufen\/"},"img":{"alt_text":"K\u00f6ln Rodenkirchen verkaufsoffener Sonntag","src":"https:\/\/i0.wp.com\/www.gaidaphotos.com\/blog\/wp-content\/uploads\/2009\/11\/kostenlose-weihnachtskarte-gaidaphotos-16-224x300.jpg?resize=350%2C200&ssl=1","width":350,"height":200},"classes":[]},{"id":2304,"url":"https:\/\/www.gaidaphotos.com\/blog\/2009\/12\/06\/koeln-rodenkirchen-verkaufsoffener-sonntag-nikolaus-grosses-programm\/","url_meta":{"origin":2321,"position":1},"title":"K\u00f6ln-Rodenkirchen: verkaufsoffener Sonntag &#8211; Nikolaus &#038; grosses B\u00fchnenprogramm","author":"Thomas","date":"6. Dezember 2009","format":false,"excerpt":"K\u00f6ln-Rodenkirchen: verkaufsoffener Sonntag - Nikolaus & grosses B\u00fchnenprogramm Auch in diesem Advent kommt der Nikolaus nach K\u00f6ln Rodenkirchen auf den Maternusplatz. Die Rodenkirchener feiern auch in diesem Jahr Nikolaus und Advent mit einem grossen B\u00fchnenprogramm auf dem Maternusplatz. Die Gesch\u00e4fte in K\u00f6ln Rodenkirchen haben daf\u00fcr von 12:00 bis 19:00h am\u2026","rel":"","context":"In &quot;K\u00f6ln Rodenkirchen&quot;","block_context":{"text":"K\u00f6ln Rodenkirchen","link":"https:\/\/www.gaidaphotos.com\/blog\/category\/koeln-rodenkirchen\/"},"img":{"alt_text":"","src":"https:\/\/i0.wp.com\/www.gaidaphotos.com\/blog\/wp-content\/uploads\/2009\/12\/koeln-rodenkirchen-verkaufsoffener-sonntag-03.jpg?resize=350%2C200&ssl=1","width":350,"height":200},"classes":[]},{"id":3447,"url":"https:\/\/www.gaidaphotos.com\/blog\/2010\/11\/29\/05-12-2010-verkaufsoffener-sonntag-und-nikolausfest-in-koln-rodenkirchen\/","url_meta":{"origin":2321,"position":2},"title":"05.12.2010 verkaufsoffener Sonntag und Nikolausfest in K\u00f6ln Rodenkirchen","author":"Thomas","date":"29. November 2010","format":false,"excerpt":"05.12.2010 verkaufsoffener Sonntag und Nikolausfest in K\u00f6ln Rodenkirchen Gro\u00dfes Nikolausfest und verkaufsoffener Sonntag am 05.12.2010 in K\u00f6ln Rodenkirchen mit Auftritten Rodenkirchener K\u00fcnstler und gro\u00dfem Weihnachtsmarkt. Am Nachmittag kommt der Nikolaus. Ganz Rodenkirchen schm\u00fcckt sich dazu mit kleinen und 3 gro\u00dfen Weihnachtsb\u00e4umen B\u00fchnenprogramm Nikolausfest in K\u00f6ln-Rodenkirchen am 05.12.2010 Hauptb\u00fchne Maternusplatz 12:00h\u2026","rel":"","context":"In &quot;K\u00f6ln Rodenkirchen Einkaufen&quot;","block_context":{"text":"K\u00f6ln Rodenkirchen Einkaufen","link":"https:\/\/www.gaidaphotos.com\/blog\/category\/koeln-rodenkirchen\/koeln-rodenkirchen-einkaufen\/"},"img":{"alt_text":"","src":"https:\/\/i0.wp.com\/www.gaidaphotos.com\/blog\/wp-content\/uploads\/ngg_featured\/weihnachtsmarkt-koeln-rodenkirchen-maternusplatz.jpg?fit=400%2C267&ssl=1&resize=350%2C200","width":350,"height":200},"classes":[]},{"id":2283,"url":"https:\/\/www.gaidaphotos.com\/blog\/2009\/11\/27\/koln-rodenkirchen-ist-denn-schon%c2%a0weihnachten-am-maternusplatz\/","url_meta":{"origin":2321,"position":3},"title":"K\u00f6ln-Rodenkirchen: Ist denn schon\u00a0Weihnachten am Maternusplatz?","author":"Thomas","date":"27. November 2009","format":false,"excerpt":"Am Maternusplatz in K\u00f6ln\u00a0Rodenkirchen ist es schon Weihnachten geworden. Als Glanzst\u00fcck der weihnachtlichen Lichterdeko wurde heute der Weihnachtsbaum auf dem\u00a0Maternusplatz aufgestellt. Wie schon im letzten Jahr durften die Kinderg\u00e4rten und Grundschulen aus K\u00f6ln-Rodenkirchen den Baum mit selbst gebasteltem \"Weihnachtsbaumschmuck\" beh\u00e4ngen. \u00dcber diese Dekoration des Christbaumes kann man geteilter Meinung sein.\u2026","rel":"","context":"In &quot;17&quot;","block_context":{"text":"17","link":"https:\/\/www.gaidaphotos.com\/blog\/category\/mobile_news_von_unterwegs\/mobile_news_von_unterwegs-n95\/"},"img":{"alt_text":"","src":"","width":0,"height":0},"classes":[]},{"id":9122,"url":"https:\/\/www.gaidaphotos.com\/blog\/2015\/11\/24\/rodenkirchener-winterzauber-und-verkaufsoffener-sonntag\/","url_meta":{"origin":2321,"position":4},"title":"Rodenkirchener Winterzauber","author":"Thomas","date":"24. November 2015","format":false,"excerpt":"Rodenkirchener Winterzauber und verkaufsoffener Sonntag 3 Tage Weihnachtsmarkt, Schlittschuhbahn und vor-weihnachtliche Unterhaltung auf dem Maternusplatz in Rodenkirchen. Mit gro\u00dfem Weihnachtsprogramm l\u00e4dt die AG Rodenkirchen in diesem Jahr zu einem 4-t\u00e4gigen Weihnachtsmarkt in die Ortsmitte ein. Wenn in K\u00f6ln an allen Ecken und Enden Weihnachtsm\u00e4rkte stehen darf das sch\u00f6ne Rodenkirchen nat\u00fcrlich\u2026","rel":"","context":"In &quot;K\u00f6ln Rodenkirchen Einkaufen&quot;","block_context":{"text":"K\u00f6ln Rodenkirchen Einkaufen","link":"https:\/\/www.gaidaphotos.com\/blog\/category\/koeln-rodenkirchen\/koeln-rodenkirchen-einkaufen\/"},"img":{"alt_text":"","src":"https:\/\/i0.wp.com\/www.gaidaphotos.com\/blog\/wp-content\/uploads\/ngg_featured\/rodenkirchen-winterzauber-02.jpg?fit=1024%2C575&ssl=1&resize=350%2C200","width":350,"height":200,"srcset":"https:\/\/i0.wp.com\/www.gaidaphotos.com\/blog\/wp-content\/uploads\/ngg_featured\/rodenkirchen-winterzauber-02.jpg?fit=1024%2C575&ssl=1&resize=350%2C200 1x, https:\/\/i0.wp.com\/www.gaidaphotos.com\/blog\/wp-content\/uploads\/ngg_featured\/rodenkirchen-winterzauber-02.jpg?fit=1024%2C575&ssl=1&resize=525%2C300 1.5x, https:\/\/i0.wp.com\/www.gaidaphotos.com\/blog\/wp-content\/uploads\/ngg_featured\/rodenkirchen-winterzauber-02.jpg?fit=1024%2C575&ssl=1&resize=700%2C400 2x"},"classes":[]},{"id":8241,"url":"https:\/\/www.gaidaphotos.com\/blog\/2014\/11\/30\/weihnachtsbaumverkauf-in-rodenkirchen\/","url_meta":{"origin":2321,"position":5},"title":"Weihnachtsbaumverkauf in Rodenkirchen","author":"Thomas","date":"30. November 2014","format":false,"excerpt":"Weihnachtsbaum kaufen und Gutes tun Zu Weihnachten geh\u00f6rt ein Weihnachtsbaum. Sch\u00f6n geschm\u00fcckt, nach Art des Hauses, mit echten Kerzen oder LED ist der Tannenbaum in der Stube Pflicht. In Rodenkirchen kauft man seinen Baum bei der Jugendfeuerwehr oder dem Lion's Club und unterst\u00fctzt damit gleichzeitig einen guten Zweck. Der Weihnachtsbaumschmuck\u2026","rel":"","context":"In &quot;K\u00f6ln Rodenkirchen Einkaufen&quot;","block_context":{"text":"K\u00f6ln Rodenkirchen Einkaufen","link":"https:\/\/www.gaidaphotos.com\/blog\/category\/koeln-rodenkirchen\/koeln-rodenkirchen-einkaufen\/"},"img":{"alt_text":"","src":"https:\/\/i0.wp.com\/www.gaidaphotos.com\/blog\/wp-content\/uploads\/ngg_featured\/weihnachten-gedichte-sprueche-01.jpg?fit=293%2C440&ssl=1&resize=350%2C200","width":350,"height":200},"classes":[]}],"_links":{"self":[{"href":"https:\/\/www.gaidaphotos.com\/blog\/wp-json\/wp\/v2\/posts\/2321","targetHints":{"allow":["GET"]}}],"collection":[{"href":"https:\/\/www.gaidaphotos.com\/blog\/wp-json\/wp\/v2\/posts"}],"about":[{"href":"https:\/\/www.gaidaphotos.com\/blog\/wp-json\/wp\/v2\/types\/post"}],"author":[{"embeddable":true,"href":"https:\/\/www.gaidaphotos.com\/blog\/wp-json\/wp\/v2\/users\/6"}],"replies":[{"embeddable":true,"href":"https:\/\/www.gaidaphotos.com\/blog\/wp-json\/wp\/v2\/comments?post=2321"}],"version-history":[{"count":0,"href":"https:\/\/www.gaidaphotos.com\/blog\/wp-json\/wp\/v2\/posts\/2321\/revisions"}],"wp:attachment":[{"href":"https:\/\/www.gaidaphotos.com\/blog\/wp-json\/wp\/v2\/media?parent=2321"}],"wp:term":[{"taxonomy":"category","embeddable":true,"href":"https:\/\/www.gaidaphotos.com\/blog\/wp-json\/wp\/v2\/categories?post=2321"},{"taxonomy":"post_tag","embeddable":true,"href":"https:\/\/www.gaidaphotos.com\/blog\/wp-json\/wp\/v2\/tags?post=2321"}],"curies":[{"name":"wp","href":"https:\/\/api.w.org\/{rel}","templated":true}]}}