{"id":2346,"date":"2010-01-05T11:15:28","date_gmt":"2010-01-05T10:15:28","guid":{"rendered":"http:\/\/gaidaphotos.com\/blog\/?p=2346"},"modified":"2020-08-06T18:12:19","modified_gmt":"2020-08-06T16:12:19","slug":"maastricht-antikmarkt-flohmarkt-troedelmark","status":"publish","type":"post","link":"https:\/\/www.gaidaphotos.com\/blog\/2010\/01\/05\/maastricht-antikmarkt-flohmarkt-troedelmark\/","title":{"rendered":"Maastricht: Antikmarkt &#8211; Flohmarkt &#8211; Tr\u00f6delmarkt 2010"},"content":{"rendered":"<h1>Antikmarkt \u2013 Flohmarkt \u2013 Tr\u00f6delmarkt in Maastricht und Umgebung 2010<\/h1>\n<h3>Hier finden Sie die neuen Termine<br \/>\nErg\u00e4nzung M\u00e4rz 2014:<br \/>\nDie neuen <strong><a href=\"https:\/\/www.gaidaphotos.com\/blog\/2014\/03\/24\/flohmarkt-troedelmarkt-maastricht-holland-2014\/\" title=\"Flohmarkt \u2013 Tr\u00f6delmarkt Maastricht (Holland) 2014\">Flohmarkttermine f\u00fcr Maastricht (Holland) 2014<\/a><\/strong> sind da!<br \/>\nWenn Sie automatisch \u00fcber die Daten f\u00fcr Flohm\u00e4rkte in Holland informiert werden m\u00f6chten, abonnieren Sie unsere Beitr\u00e4ge (Symbol rechts oben) oder werden Sie Fan bei Facebook oder Google+.<\/h3>\n<p>Das waren die Termine f\u00fcr 2010:<\/p>\n<table width=\"646\" cellspacing=\"0\" cellpadding=\"0\" border=\"0\">\n<tbody>\n<tr>\n<td width=\"73\" valign=\"bottom\">Datum<\/td>\n<td width=\"159\" valign=\"bottom\">Ort<\/td>\n<td width=\"196\" valign=\"bottom\"><\/td>\n<td width=\"217\" valign=\"bottom\"><\/td>\n<\/tr>\n<tr>\n<td width=\"73\" valign=\"bottom\">28 M\u00e4rz<\/td>\n<td width=\"159\" valign=\"bottom\">Valkenburg<\/td>\n<td width=\"196\" valign=\"bottom\">Antikmarkt\/Flohmarkt\/Tr\u00f6delmarkt<\/td>\n<td width=\"217\" valign=\"bottom\">Th.   Dorrenplein<\/td>\n<\/tr>\n<tr>\n<td width=\"73\" valign=\"bottom\">4 April<br \/>\nOstern<\/td>\n<td width=\"159\" valign=\"bottom\">Valkenburg<\/td>\n<td width=\"196\" valign=\"bottom\">Antikmarkt\/Flohmarkt\/Tr\u00f6delmarkt<\/td>\n<td width=\"217\" valign=\"bottom\">Th.   Dorrenplein<\/td>\n<\/tr>\n<tr>\n<td width=\"73\" valign=\"bottom\">18 April<\/td>\n<td width=\"159\" valign=\"bottom\">Limbricht<\/td>\n<td width=\"196\" valign=\"bottom\">Antikmarkt\/Flohmarkt\/Tr\u00f6delmarkt<\/td>\n<td width=\"217\" valign=\"bottom\">Kasteel   Limbricht, Sittard<\/td>\n<\/tr>\n<tr>\n<td width=\"73\" valign=\"bottom\">25 April<\/td>\n<td width=\"159\" valign=\"bottom\">Valkenburg<\/td>\n<td width=\"196\" valign=\"bottom\">Antikmarkt\/Flohmarkt\/Tr\u00f6delmarkt<\/td>\n<td width=\"217\" valign=\"bottom\">Th. Dorrenplein<\/td>\n<\/tr>\n<tr>\n<td width=\"73\" valign=\"bottom\">02 Mai<\/td>\n<td width=\"159\" valign=\"bottom\">Maastricht<\/td>\n<td width=\"196\" valign=\"bottom\">Antikmarkt\/Flohmarkt\/Tr\u00f6delmarkt<\/td>\n<td width=\"217\" valign=\"bottom\">Markt   Maastricht<\/td>\n<\/tr>\n<tr>\n<td width=\"73\" valign=\"bottom\">13-Mai<\/p>\n<p>Himmelfahrt<\/td>\n<td width=\"159\" valign=\"bottom\">Maastricht<\/td>\n<td width=\"196\" valign=\"bottom\">Antikmarkt\/Flohmarkt\/Tr\u00f6delmarkt<\/td>\n<td width=\"217\" valign=\"bottom\">Markt   Maastricht<\/td>\n<\/tr>\n<tr>\n<td width=\"73\" valign=\"bottom\">23-Mai<\/p>\n<p>Pfingsten<\/td>\n<td width=\"159\" valign=\"bottom\">Valkenburg<\/td>\n<td width=\"196\" valign=\"bottom\">Antikmarkt\/Flohmarkt\/Tr\u00f6delmarkt<\/td>\n<td width=\"217\" valign=\"bottom\">Th. Dorrenplein<\/td>\n<\/tr>\n<tr>\n<td width=\"73\" valign=\"bottom\">30-mei<\/td>\n<td width=\"159\" valign=\"bottom\">Valkenburg<\/td>\n<td width=\"196\" valign=\"bottom\">Antikmarkt\/Flohmarkt\/Tr\u00f6delmarkt<\/td>\n<td width=\"217\" valign=\"bottom\">Th. Dorrenplein<\/td>\n<\/tr>\n<tr>\n<td width=\"73\" valign=\"bottom\">6-Juni<\/td>\n<td width=\"159\" valign=\"bottom\">Maastricht \u2013   unter Vorbehalt*<\/td>\n<td width=\"196\" valign=\"bottom\">Antikmarkt\/Flohmarkt\/Tr\u00f6delmarkt<\/td>\n<td width=\"217\" valign=\"bottom\">Markt   Maastricht<\/td>\n<\/tr>\n<tr>\n<td width=\"73\" valign=\"bottom\">20-Juni<\/td>\n<td width=\"159\" valign=\"bottom\">Bemelen<\/td>\n<td width=\"196\" valign=\"bottom\">Antikmarkt\/Flohmarkt\/Tr\u00f6delmarkt<\/td>\n<td width=\"217\" valign=\"bottom\">Altstadt<\/td>\n<\/tr>\n<tr>\n<td width=\"73\" valign=\"bottom\">27-Juni<\/td>\n<td width=\"159\" valign=\"bottom\">Valkenburg<\/td>\n<td width=\"196\" valign=\"bottom\">Antikmarkt\/Flohmarkt\/Tr\u00f6delmarkt<\/td>\n<td width=\"217\" valign=\"bottom\">Th.Dorrenplein<\/td>\n<\/tr>\n<tr>\n<td width=\"73\" valign=\"bottom\">4-Juli<\/td>\n<td width=\"159\" valign=\"bottom\">Maastricht \u2013   unter Vorbehalt*<\/td>\n<td width=\"196\" valign=\"bottom\">Antikmarkt\/Flohmarkt\/Tr\u00f6delmarkt<\/td>\n<td width=\"217\" valign=\"bottom\">Markt Maastricht<\/td>\n<\/tr>\n<tr>\n<td width=\"73\" valign=\"bottom\">25-Juli<\/td>\n<td width=\"159\" valign=\"bottom\">Valkenburg<\/td>\n<td width=\"196\" valign=\"bottom\">Antikmarkt\/Flohmarkt\/Tr\u00f6delmarkt<\/td>\n<td width=\"217\" valign=\"bottom\">Th.Dorrenplein<\/td>\n<\/tr>\n<tr>\n<td width=\"73\" valign=\"bottom\">1-August<\/td>\n<td width=\"159\" valign=\"bottom\">Maastricht \u2013   unter Vorbehalt*<\/td>\n<td width=\"196\" valign=\"bottom\">Antikmarkt\/Flohmarkt\/Tr\u00f6delmarkt<\/td>\n<td width=\"217\" valign=\"bottom\">Markt Maastricht<\/td>\n<\/tr>\n<tr>\n<td width=\"73\" valign=\"bottom\">22-August<\/td>\n<td width=\"159\" valign=\"bottom\">Limbricht<\/td>\n<td width=\"196\" valign=\"bottom\">Antikmarkt\/Flohmarkt\/Tr\u00f6delmarkt<\/td>\n<td width=\"217\" valign=\"bottom\">Kasteel   Limbricht, &nbsp;Sittard<\/td>\n<\/tr>\n<tr>\n<td width=\"73\" valign=\"bottom\">29-August<\/td>\n<td width=\"159\" valign=\"bottom\">Valkenburg<\/td>\n<td width=\"196\" valign=\"bottom\">Antikmarkt\/Flohmarkt\/Tr\u00f6delmarkt<\/td>\n<td width=\"217\" valign=\"bottom\">Th.Dorrenplein<\/td>\n<\/tr>\n<tr>\n<td width=\"73\" valign=\"bottom\">5-September<\/td>\n<td width=\"159\" valign=\"bottom\">Maastricht<\/td>\n<td width=\"196\" valign=\"bottom\">Antikmarkt\/Flohmarkt\/Tr\u00f6delmarkt<\/td>\n<td width=\"217\" valign=\"bottom\">A. Battalaan   \/ Stationsstr.<\/td>\n<\/tr>\n<tr>\n<td width=\"73\" valign=\"bottom\">26-September<\/td>\n<td width=\"159\" valign=\"bottom\">Valkenburg<\/td>\n<td width=\"196\" valign=\"bottom\">Antikmarkt\/Flohmarkt\/Tr\u00f6delmarkt<\/td>\n<td width=\"217\" valign=\"bottom\">Th.Dorrenplein<\/td>\n<\/tr>\n<tr>\n<td width=\"73\" valign=\"bottom\">3-Oktober<\/td>\n<td width=\"159\" valign=\"bottom\">Maastricht \u2013   unter Vorbehalt*<\/td>\n<td width=\"196\" valign=\"bottom\">Antikmarkt\/Flohmarkt\/Tr\u00f6delmarkt<\/td>\n<td width=\"217\" valign=\"bottom\">Markt Maastricht<\/td>\n<\/tr>\n<tr>\n<td width=\"73\" valign=\"bottom\">31-Oktober<\/td>\n<td width=\"159\" valign=\"bottom\">Valkenburg<\/td>\n<td width=\"196\" valign=\"bottom\">Antikmarkt\/Flohmarkt\/Tr\u00f6delmarkt<\/td>\n<td width=\"217\" valign=\"bottom\">Th.Dorrenplein<\/td>\n<\/tr>\n<tr>\n<td width=\"73\" valign=\"bottom\">7-November<\/td>\n<td width=\"159\" valign=\"bottom\">Maastricht \u2013   unter Vorbehalt*<\/td>\n<td width=\"196\" valign=\"bottom\">Antikmarkt\/Flohmarkt\/Tr\u00f6delmarkt<\/td>\n<td width=\"217\" valign=\"bottom\">Markt Maastricht<\/td>\n<\/tr>\n<tr>\n<td width=\"73\" valign=\"bottom\">28 November<\/td>\n<td width=\"159\" valign=\"bottom\">Limbricht<\/td>\n<td width=\"196\" valign=\"bottom\">Nostalgischer   Weihnachtsmarkt<\/td>\n<td width=\"217\" valign=\"bottom\">Kasteel   Limbricht, Sittard<\/td>\n<\/tr>\n<tr>\n<td width=\"73\" valign=\"bottom\">5-Dezember<\/td>\n<td width=\"159\" valign=\"bottom\">Maastricht \u2013   unter Vorbehalt*<\/td>\n<td width=\"196\" valign=\"bottom\">Nostalgischer   Weihnachtsmarkt<\/td>\n<td width=\"217\" valign=\"bottom\">Markt Maastricht<\/td>\n<\/tr>\n<\/tbody>\n<\/table>\n<p>*Unter Vorbehalt . Diese Termine sind vorl\u00e4ufig und k\u00f6nnen von den Gemeinden noch abgesagt werden. Bitte pr\u00fcfen Sie hier vor Ihrer Abreise, ob der Termin noch g\u00fcltig ist.<\/p>\n<p><span style=\"text-decoration: underline;\">Gaidaphotos.com\/koeln-rodenkirchen.eu \u00fcbernehmen KEINE HAFTUNG f\u00fcr die Richtigkeit der Angaben!<\/span><\/p>\n<p><center><iframe loading=\"lazy\" scrolling=\"no\" marginheight=\"0\" marginwidth=\"0\" src=\"http:\/\/maps.google.com\/maps\/ms?f=q&amp;source=embed&amp;hl=de&amp;geocode=&amp;ie=UTF8&amp;hq=Kasteel+Limbricht&amp;hnear=Kasteel+Limbricht,+6141+Limbricht,+Niederlande&amp;t=h&amp;msa=0&amp;msid=110949827190191327977.00047c67321e5a93ee254&amp;ll=50.857218,5.729542&amp;spn=0.037927,0.11158&amp;z=13&amp;output=embed\" width=\"650\" height=\"350\" frameborder=\"0\"><\/iframe><br \/>\n<small><a href=\"http:\/\/maps.google.com\/maps\/ms?f=q&amp;source=embed&amp;hl=de&amp;geocode=&amp;ie=UTF8&amp;hq=Kasteel+Limbricht&amp;hnear=Kasteel+Limbricht,+6141+Limbricht,+Niederlande&amp;t=h&amp;msa=0&amp;msid=110949827190191327977.00047c67321e5a93ee254&amp;ll=50.857218,5.729542&amp;spn=0.037927,0.11158&amp;z=13\" style=\"color:#0000FF;text-align:left\">Antikmarkt &#8211; Flohmarkt &#8211; Tr\u00f6delmarkt in Maastricht (Holland)<\/a> auf einer gr\u00f6\u00dferen Karte anzeigen<\/small><\/center><\/p>\n","protected":false},"excerpt":{"rendered":"<p>Antikmarkt \u2013 Flohmarkt \u2013 Tr\u00f6delmarkt in Maastricht und Umgebung 2010 Hier finden Sie die neuen Termine Erg\u00e4nzung M\u00e4rz 2014: Die<\/p>\n","protected":false},"author":6,"featured_media":12254,"comment_status":"open","ping_status":"open","sticky":false,"template":"","format":"standard","meta":{"_crdt_document":"","ngg_post_thumbnail":0,"jetpack_post_was_ever_published":false,"_jetpack_newsletter_access":"","_jetpack_dont_email_post_to_subs":false,"_jetpack_newsletter_tier_id":0,"_jetpack_memberships_contains_paywalled_content":false,"_jetpack_memberships_contains_paid_content":false,"footnotes":"","jetpack_publicize_message":"","jetpack_publicize_feature_enabled":true,"jetpack_social_post_already_shared":false,"jetpack_social_options":{"image_generator_settings":{"template":"highway","default_image_id":0,"font":"","enabled":false},"version":2}},"categories":[76,109],"tags":[108,131,540,550,541,132],"class_list":["post-2346","post","type-post","status-publish","format-standard","has-post-thumbnail","hentry","category-holland","category-maastricht-einkaufen-restaurants","tag-einkaufen","tag-flohmarkttroedelmarkt","tag-holland","tag-maastricht","tag-reise","tag-urlaubs-tips"],"yoast_head":"<!-- This site is optimized with the Yoast SEO plugin v27.5 - https:\/\/yoast.com\/product\/yoast-seo-wordpress\/ -->\n<title>Maastricht: Antikmarkt - Flohmarkt - Tr\u00f6delmarkt 2010<\/title>\n<meta name=\"description\" content=\"Antikmarkt - Flohmarkt - Tr\u00f6delmarkt in Maastricht (Holland) und Umgebung. Alle Termine f\u00fcr 2010, Ortsangaben, Karte und weitere Informationen\" \/>\n<meta name=\"robots\" content=\"index, follow, max-snippet:-1, max-image-preview:large, max-video-preview:-1\" \/>\n<link rel=\"canonical\" href=\"https:\/\/www.gaidaphotos.com\/blog\/2010\/01\/05\/maastricht-antikmarkt-flohmarkt-troedelmark\/\" \/>\n<meta property=\"og:locale\" content=\"de_DE\" \/>\n<meta property=\"og:type\" content=\"article\" \/>\n<meta property=\"og:title\" content=\"Maastricht: Antikmarkt - Flohmarkt - Tr\u00f6delmarkt 2010\" \/>\n<meta property=\"og:description\" content=\"Antikmarkt - Flohmarkt - Tr\u00f6delmarkt in Maastricht (Holland) und Umgebung. Alle Termine f\u00fcr 2010, Ortsangaben, Karte und weitere Informationen\" \/>\n<meta property=\"og:url\" content=\"https:\/\/www.gaidaphotos.com\/blog\/2010\/01\/05\/maastricht-antikmarkt-flohmarkt-troedelmark\/\" \/>\n<meta property=\"og:site_name\" content=\"K\u00f6ln Rodenkirchen und die Welt\" \/>\n<meta property=\"article:publisher\" content=\"https:\/\/www.facebook.com\/Koeln.Rodenkirchen\" \/>\n<meta property=\"article:author\" content=\"https:\/\/www.facebook.com\/gaidaphotos\" \/>\n<meta property=\"article:published_time\" content=\"2010-01-05T10:15:28+00:00\" \/>\n<meta property=\"article:modified_time\" content=\"2020-08-06T16:12:19+00:00\" \/>\n<meta property=\"og:image\" content=\"https:\/\/i2.wp.com\/www.gaidaphotos.com\/blog\/wp-content\/uploads\/2010\/01\/maastricht-blanche-dael-erdnussroesterei.jpg?fit=498%2C1024&ssl=1\" \/>\n\t<meta property=\"og:image:width\" content=\"498\" \/>\n\t<meta property=\"og:image:height\" content=\"1024\" \/>\n\t<meta property=\"og:image:type\" content=\"image\/jpeg\" \/>\n<meta name=\"author\" content=\"Thomas\" \/>\n<meta name=\"twitter:card\" content=\"summary_large_image\" \/>\n<meta name=\"twitter:creator\" content=\"@gaidaphotos\" \/>\n<meta name=\"twitter:site\" content=\"@gaidaphotos\" \/>\n<meta name=\"twitter:label1\" content=\"Verfasst von\" \/>\n\t<meta name=\"twitter:data1\" content=\"Thomas\" \/>\n\t<meta name=\"twitter:label2\" content=\"Gesch\u00e4tzte Lesezeit\" \/>\n\t<meta name=\"twitter:data2\" content=\"2\u00a0Minuten\" \/>\n<script type=\"application\/ld+json\" class=\"yoast-schema-graph\">{\"@context\":\"https:\\\/\\\/schema.org\",\"@graph\":[{\"@type\":\"Article\",\"@id\":\"https:\\\/\\\/www.gaidaphotos.com\\\/blog\\\/2010\\\/01\\\/05\\\/maastricht-antikmarkt-flohmarkt-troedelmark\\\/#article\",\"isPartOf\":{\"@id\":\"https:\\\/\\\/www.gaidaphotos.com\\\/blog\\\/2010\\\/01\\\/05\\\/maastricht-antikmarkt-flohmarkt-troedelmark\\\/\"},\"author\":{\"name\":\"Thomas\",\"@id\":\"https:\\\/\\\/www.gaidaphotos.com\\\/blog\\\/#\\\/schema\\\/person\\\/6c444a5b13ffc503c5c32f5a9ec68b21\"},\"headline\":\"Maastricht: Antikmarkt &#8211; Flohmarkt &#8211; Tr\u00f6delmarkt 2010\",\"datePublished\":\"2010-01-05T10:15:28+00:00\",\"dateModified\":\"2020-08-06T16:12:19+00:00\",\"mainEntityOfPage\":{\"@id\":\"https:\\\/\\\/www.gaidaphotos.com\\\/blog\\\/2010\\\/01\\\/05\\\/maastricht-antikmarkt-flohmarkt-troedelmark\\\/\"},\"wordCount\":333,\"commentCount\":0,\"publisher\":{\"@id\":\"https:\\\/\\\/www.gaidaphotos.com\\\/blog\\\/#organization\"},\"image\":{\"@id\":\"https:\\\/\\\/www.gaidaphotos.com\\\/blog\\\/2010\\\/01\\\/05\\\/maastricht-antikmarkt-flohmarkt-troedelmark\\\/#primaryimage\"},\"thumbnailUrl\":\"https:\\\/\\\/i0.wp.com\\\/www.gaidaphotos.com\\\/blog\\\/wp-content\\\/uploads\\\/2010\\\/01\\\/maastricht-blanche-dael-erdnussroesterei.jpg?fit=498%2C1024&ssl=1\",\"keywords\":[\"Einkaufen\\\/ Shopping\",\"Flohmarkt\\\/ Tr\u00f6delmarkt\",\"Holland\",\"Maastricht\",\"Reise\\\/ Reisen\",\"Urlaub\"],\"articleSection\":[\"Holland\",\"Maastricht: Einkaufen, Restaurant &amp; Freizeit\"],\"inLanguage\":\"de\",\"potentialAction\":[{\"@type\":\"CommentAction\",\"name\":\"Comment\",\"target\":[\"https:\\\/\\\/www.gaidaphotos.com\\\/blog\\\/2010\\\/01\\\/05\\\/maastricht-antikmarkt-flohmarkt-troedelmark\\\/#respond\"]}]},{\"@type\":\"WebPage\",\"@id\":\"https:\\\/\\\/www.gaidaphotos.com\\\/blog\\\/2010\\\/01\\\/05\\\/maastricht-antikmarkt-flohmarkt-troedelmark\\\/\",\"url\":\"https:\\\/\\\/www.gaidaphotos.com\\\/blog\\\/2010\\\/01\\\/05\\\/maastricht-antikmarkt-flohmarkt-troedelmark\\\/\",\"name\":\"Maastricht: Antikmarkt - Flohmarkt - Tr\u00f6delmarkt 2010\",\"isPartOf\":{\"@id\":\"https:\\\/\\\/www.gaidaphotos.com\\\/blog\\\/#website\"},\"primaryImageOfPage\":{\"@id\":\"https:\\\/\\\/www.gaidaphotos.com\\\/blog\\\/2010\\\/01\\\/05\\\/maastricht-antikmarkt-flohmarkt-troedelmark\\\/#primaryimage\"},\"image\":{\"@id\":\"https:\\\/\\\/www.gaidaphotos.com\\\/blog\\\/2010\\\/01\\\/05\\\/maastricht-antikmarkt-flohmarkt-troedelmark\\\/#primaryimage\"},\"thumbnailUrl\":\"https:\\\/\\\/i0.wp.com\\\/www.gaidaphotos.com\\\/blog\\\/wp-content\\\/uploads\\\/2010\\\/01\\\/maastricht-blanche-dael-erdnussroesterei.jpg?fit=498%2C1024&ssl=1\",\"datePublished\":\"2010-01-05T10:15:28+00:00\",\"dateModified\":\"2020-08-06T16:12:19+00:00\",\"description\":\"Antikmarkt - Flohmarkt - Tr\u00f6delmarkt in Maastricht (Holland) und Umgebung. Alle Termine f\u00fcr 2010, Ortsangaben, Karte und weitere Informationen\",\"breadcrumb\":{\"@id\":\"https:\\\/\\\/www.gaidaphotos.com\\\/blog\\\/2010\\\/01\\\/05\\\/maastricht-antikmarkt-flohmarkt-troedelmark\\\/#breadcrumb\"},\"inLanguage\":\"de\",\"potentialAction\":[{\"@type\":\"ReadAction\",\"target\":[\"https:\\\/\\\/www.gaidaphotos.com\\\/blog\\\/2010\\\/01\\\/05\\\/maastricht-antikmarkt-flohmarkt-troedelmark\\\/\"]}]},{\"@type\":\"ImageObject\",\"inLanguage\":\"de\",\"@id\":\"https:\\\/\\\/www.gaidaphotos.com\\\/blog\\\/2010\\\/01\\\/05\\\/maastricht-antikmarkt-flohmarkt-troedelmark\\\/#primaryimage\",\"url\":\"https:\\\/\\\/i0.wp.com\\\/www.gaidaphotos.com\\\/blog\\\/wp-content\\\/uploads\\\/2010\\\/01\\\/maastricht-blanche-dael-erdnussroesterei.jpg?fit=498%2C1024&ssl=1\",\"contentUrl\":\"https:\\\/\\\/i0.wp.com\\\/www.gaidaphotos.com\\\/blog\\\/wp-content\\\/uploads\\\/2010\\\/01\\\/maastricht-blanche-dael-erdnussroesterei.jpg?fit=498%2C1024&ssl=1\",\"width\":498,\"height\":1024,\"caption\":\"Maastricht, Blanche Deal, Erdnussr\u00f6sterrei\"},{\"@type\":\"BreadcrumbList\",\"@id\":\"https:\\\/\\\/www.gaidaphotos.com\\\/blog\\\/2010\\\/01\\\/05\\\/maastricht-antikmarkt-flohmarkt-troedelmark\\\/#breadcrumb\",\"itemListElement\":[{\"@type\":\"ListItem\",\"position\":1,\"name\":\"Startseite\",\"item\":\"https:\\\/\\\/www.gaidaphotos.com\\\/blog\\\/\"},{\"@type\":\"ListItem\",\"position\":2,\"name\":\"Maastricht: Antikmarkt &#8211; Flohmarkt &#8211; Tr\u00f6delmarkt 2010\"}]},{\"@type\":\"WebSite\",\"@id\":\"https:\\\/\\\/www.gaidaphotos.com\\\/blog\\\/#website\",\"url\":\"https:\\\/\\\/www.gaidaphotos.com\\\/blog\\\/\",\"name\":\"K\u00f6ln Rodenkirchen und die Welt\",\"description\":\"Einkaufen, Restaurants, Freizeit, Nachrichten und was uns sonst bewegt und begegnet\",\"publisher\":{\"@id\":\"https:\\\/\\\/www.gaidaphotos.com\\\/blog\\\/#organization\"},\"potentialAction\":[{\"@type\":\"SearchAction\",\"target\":{\"@type\":\"EntryPoint\",\"urlTemplate\":\"https:\\\/\\\/www.gaidaphotos.com\\\/blog\\\/?s={search_term_string}\"},\"query-input\":{\"@type\":\"PropertyValueSpecification\",\"valueRequired\":true,\"valueName\":\"search_term_string\"}}],\"inLanguage\":\"de\"},{\"@type\":\"Organization\",\"@id\":\"https:\\\/\\\/www.gaidaphotos.com\\\/blog\\\/#organization\",\"name\":\"gaidaphotos\",\"url\":\"https:\\\/\\\/www.gaidaphotos.com\\\/blog\\\/\",\"logo\":{\"@type\":\"ImageObject\",\"inLanguage\":\"de\",\"@id\":\"https:\\\/\\\/www.gaidaphotos.com\\\/blog\\\/#\\\/schema\\\/logo\\\/image\\\/\",\"url\":\"https:\\\/\\\/i0.wp.com\\\/www.gaidaphotos.com\\\/blog\\\/wp-content\\\/uploads\\\/2020\\\/07\\\/GAIDAPHOTOS-COM.jpg?fit=160%2C96&ssl=1\",\"contentUrl\":\"https:\\\/\\\/i0.wp.com\\\/www.gaidaphotos.com\\\/blog\\\/wp-content\\\/uploads\\\/2020\\\/07\\\/GAIDAPHOTOS-COM.jpg?fit=160%2C96&ssl=1\",\"width\":160,\"height\":96,\"caption\":\"gaidaphotos\"},\"image\":{\"@id\":\"https:\\\/\\\/www.gaidaphotos.com\\\/blog\\\/#\\\/schema\\\/logo\\\/image\\\/\"},\"sameAs\":[\"https:\\\/\\\/www.facebook.com\\\/Koeln.Rodenkirchen\",\"https:\\\/\\\/x.com\\\/gaidaphotos\",\"https:\\\/\\\/instagram.com\\\/gaidaphotos\\\/\",\"https:\\\/\\\/de.linkedin.com\\\/in\\\/gaidaphotos\",\"https:\\\/\\\/myspace.com\\\/gaidaphotos\",\"https:\\\/\\\/www.pinterest.com\\\/gaidaphotos\\\/\",\"https:\\\/\\\/www.youtube.com\\\/user\\\/gaidaphotos\"]},{\"@type\":\"Person\",\"@id\":\"https:\\\/\\\/www.gaidaphotos.com\\\/blog\\\/#\\\/schema\\\/person\\\/6c444a5b13ffc503c5c32f5a9ec68b21\",\"name\":\"Thomas\",\"sameAs\":[\"https:\\\/\\\/www.gaidaphotos.com\",\"https:\\\/\\\/www.facebook.com\\\/gaidaphotos\",\"https:\\\/\\\/instagram.com\\\/gaidaphotos\\\/\",\"https:\\\/\\\/www.linkedin.com\\\/in\\\/gaidaphotos\",\"http:\\\/\\\/www.pinterest.com\\\/gaidaphotos\\\/\",\"https:\\\/\\\/x.com\\\/gaidaphotos\",\"https:\\\/\\\/myspace.com\\\/gaidaphotos\",\"https:\\\/\\\/www.youtube.com\\\/user\\\/gaidaphotos\",\"https:\\\/\\\/gaidaphotos.tumblr.com\\\/\"]}]}<\/script>\n<!-- \/ Yoast SEO plugin. -->","yoast_head_json":{"title":"Maastricht: Antikmarkt - Flohmarkt - Tr\u00f6delmarkt 2010","description":"Antikmarkt - Flohmarkt - Tr\u00f6delmarkt in Maastricht (Holland) und Umgebung. Alle Termine f\u00fcr 2010, Ortsangaben, Karte und weitere Informationen","robots":{"index":"index","follow":"follow","max-snippet":"max-snippet:-1","max-image-preview":"max-image-preview:large","max-video-preview":"max-video-preview:-1"},"canonical":"https:\/\/www.gaidaphotos.com\/blog\/2010\/01\/05\/maastricht-antikmarkt-flohmarkt-troedelmark\/","og_locale":"de_DE","og_type":"article","og_title":"Maastricht: Antikmarkt - Flohmarkt - Tr\u00f6delmarkt 2010","og_description":"Antikmarkt - Flohmarkt - Tr\u00f6delmarkt in Maastricht (Holland) und Umgebung. Alle Termine f\u00fcr 2010, Ortsangaben, Karte und weitere Informationen","og_url":"https:\/\/www.gaidaphotos.com\/blog\/2010\/01\/05\/maastricht-antikmarkt-flohmarkt-troedelmark\/","og_site_name":"K\u00f6ln Rodenkirchen und die Welt","article_publisher":"https:\/\/www.facebook.com\/Koeln.Rodenkirchen","article_author":"https:\/\/www.facebook.com\/gaidaphotos","article_published_time":"2010-01-05T10:15:28+00:00","article_modified_time":"2020-08-06T16:12:19+00:00","og_image":[{"width":498,"height":1024,"url":"https:\/\/i2.wp.com\/www.gaidaphotos.com\/blog\/wp-content\/uploads\/2010\/01\/maastricht-blanche-dael-erdnussroesterei.jpg?fit=498%2C1024&ssl=1","type":"image\/jpeg"}],"author":"Thomas","twitter_card":"summary_large_image","twitter_creator":"@gaidaphotos","twitter_site":"@gaidaphotos","twitter_misc":{"Verfasst von":"Thomas","Gesch\u00e4tzte Lesezeit":"2\u00a0Minuten"},"schema":{"@context":"https:\/\/schema.org","@graph":[{"@type":"Article","@id":"https:\/\/www.gaidaphotos.com\/blog\/2010\/01\/05\/maastricht-antikmarkt-flohmarkt-troedelmark\/#article","isPartOf":{"@id":"https:\/\/www.gaidaphotos.com\/blog\/2010\/01\/05\/maastricht-antikmarkt-flohmarkt-troedelmark\/"},"author":{"name":"Thomas","@id":"https:\/\/www.gaidaphotos.com\/blog\/#\/schema\/person\/6c444a5b13ffc503c5c32f5a9ec68b21"},"headline":"Maastricht: Antikmarkt &#8211; Flohmarkt &#8211; Tr\u00f6delmarkt 2010","datePublished":"2010-01-05T10:15:28+00:00","dateModified":"2020-08-06T16:12:19+00:00","mainEntityOfPage":{"@id":"https:\/\/www.gaidaphotos.com\/blog\/2010\/01\/05\/maastricht-antikmarkt-flohmarkt-troedelmark\/"},"wordCount":333,"commentCount":0,"publisher":{"@id":"https:\/\/www.gaidaphotos.com\/blog\/#organization"},"image":{"@id":"https:\/\/www.gaidaphotos.com\/blog\/2010\/01\/05\/maastricht-antikmarkt-flohmarkt-troedelmark\/#primaryimage"},"thumbnailUrl":"https:\/\/i0.wp.com\/www.gaidaphotos.com\/blog\/wp-content\/uploads\/2010\/01\/maastricht-blanche-dael-erdnussroesterei.jpg?fit=498%2C1024&ssl=1","keywords":["Einkaufen\/ Shopping","Flohmarkt\/ Tr\u00f6delmarkt","Holland","Maastricht","Reise\/ Reisen","Urlaub"],"articleSection":["Holland","Maastricht: Einkaufen, Restaurant &amp; Freizeit"],"inLanguage":"de","potentialAction":[{"@type":"CommentAction","name":"Comment","target":["https:\/\/www.gaidaphotos.com\/blog\/2010\/01\/05\/maastricht-antikmarkt-flohmarkt-troedelmark\/#respond"]}]},{"@type":"WebPage","@id":"https:\/\/www.gaidaphotos.com\/blog\/2010\/01\/05\/maastricht-antikmarkt-flohmarkt-troedelmark\/","url":"https:\/\/www.gaidaphotos.com\/blog\/2010\/01\/05\/maastricht-antikmarkt-flohmarkt-troedelmark\/","name":"Maastricht: Antikmarkt - Flohmarkt - Tr\u00f6delmarkt 2010","isPartOf":{"@id":"https:\/\/www.gaidaphotos.com\/blog\/#website"},"primaryImageOfPage":{"@id":"https:\/\/www.gaidaphotos.com\/blog\/2010\/01\/05\/maastricht-antikmarkt-flohmarkt-troedelmark\/#primaryimage"},"image":{"@id":"https:\/\/www.gaidaphotos.com\/blog\/2010\/01\/05\/maastricht-antikmarkt-flohmarkt-troedelmark\/#primaryimage"},"thumbnailUrl":"https:\/\/i0.wp.com\/www.gaidaphotos.com\/blog\/wp-content\/uploads\/2010\/01\/maastricht-blanche-dael-erdnussroesterei.jpg?fit=498%2C1024&ssl=1","datePublished":"2010-01-05T10:15:28+00:00","dateModified":"2020-08-06T16:12:19+00:00","description":"Antikmarkt - Flohmarkt - Tr\u00f6delmarkt in Maastricht (Holland) und Umgebung. Alle Termine f\u00fcr 2010, Ortsangaben, Karte und weitere Informationen","breadcrumb":{"@id":"https:\/\/www.gaidaphotos.com\/blog\/2010\/01\/05\/maastricht-antikmarkt-flohmarkt-troedelmark\/#breadcrumb"},"inLanguage":"de","potentialAction":[{"@type":"ReadAction","target":["https:\/\/www.gaidaphotos.com\/blog\/2010\/01\/05\/maastricht-antikmarkt-flohmarkt-troedelmark\/"]}]},{"@type":"ImageObject","inLanguage":"de","@id":"https:\/\/www.gaidaphotos.com\/blog\/2010\/01\/05\/maastricht-antikmarkt-flohmarkt-troedelmark\/#primaryimage","url":"https:\/\/i0.wp.com\/www.gaidaphotos.com\/blog\/wp-content\/uploads\/2010\/01\/maastricht-blanche-dael-erdnussroesterei.jpg?fit=498%2C1024&ssl=1","contentUrl":"https:\/\/i0.wp.com\/www.gaidaphotos.com\/blog\/wp-content\/uploads\/2010\/01\/maastricht-blanche-dael-erdnussroesterei.jpg?fit=498%2C1024&ssl=1","width":498,"height":1024,"caption":"Maastricht, Blanche Deal, Erdnussr\u00f6sterrei"},{"@type":"BreadcrumbList","@id":"https:\/\/www.gaidaphotos.com\/blog\/2010\/01\/05\/maastricht-antikmarkt-flohmarkt-troedelmark\/#breadcrumb","itemListElement":[{"@type":"ListItem","position":1,"name":"Startseite","item":"https:\/\/www.gaidaphotos.com\/blog\/"},{"@type":"ListItem","position":2,"name":"Maastricht: Antikmarkt &#8211; Flohmarkt &#8211; Tr\u00f6delmarkt 2010"}]},{"@type":"WebSite","@id":"https:\/\/www.gaidaphotos.com\/blog\/#website","url":"https:\/\/www.gaidaphotos.com\/blog\/","name":"K\u00f6ln Rodenkirchen und die Welt","description":"Einkaufen, Restaurants, Freizeit, Nachrichten und was uns sonst bewegt und begegnet","publisher":{"@id":"https:\/\/www.gaidaphotos.com\/blog\/#organization"},"potentialAction":[{"@type":"SearchAction","target":{"@type":"EntryPoint","urlTemplate":"https:\/\/www.gaidaphotos.com\/blog\/?s={search_term_string}"},"query-input":{"@type":"PropertyValueSpecification","valueRequired":true,"valueName":"search_term_string"}}],"inLanguage":"de"},{"@type":"Organization","@id":"https:\/\/www.gaidaphotos.com\/blog\/#organization","name":"gaidaphotos","url":"https:\/\/www.gaidaphotos.com\/blog\/","logo":{"@type":"ImageObject","inLanguage":"de","@id":"https:\/\/www.gaidaphotos.com\/blog\/#\/schema\/logo\/image\/","url":"https:\/\/i0.wp.com\/www.gaidaphotos.com\/blog\/wp-content\/uploads\/2020\/07\/GAIDAPHOTOS-COM.jpg?fit=160%2C96&ssl=1","contentUrl":"https:\/\/i0.wp.com\/www.gaidaphotos.com\/blog\/wp-content\/uploads\/2020\/07\/GAIDAPHOTOS-COM.jpg?fit=160%2C96&ssl=1","width":160,"height":96,"caption":"gaidaphotos"},"image":{"@id":"https:\/\/www.gaidaphotos.com\/blog\/#\/schema\/logo\/image\/"},"sameAs":["https:\/\/www.facebook.com\/Koeln.Rodenkirchen","https:\/\/x.com\/gaidaphotos","https:\/\/instagram.com\/gaidaphotos\/","https:\/\/de.linkedin.com\/in\/gaidaphotos","https:\/\/myspace.com\/gaidaphotos","https:\/\/www.pinterest.com\/gaidaphotos\/","https:\/\/www.youtube.com\/user\/gaidaphotos"]},{"@type":"Person","@id":"https:\/\/www.gaidaphotos.com\/blog\/#\/schema\/person\/6c444a5b13ffc503c5c32f5a9ec68b21","name":"Thomas","sameAs":["https:\/\/www.gaidaphotos.com","https:\/\/www.facebook.com\/gaidaphotos","https:\/\/instagram.com\/gaidaphotos\/","https:\/\/www.linkedin.com\/in\/gaidaphotos","http:\/\/www.pinterest.com\/gaidaphotos\/","https:\/\/x.com\/gaidaphotos","https:\/\/myspace.com\/gaidaphotos","https:\/\/www.youtube.com\/user\/gaidaphotos","https:\/\/gaidaphotos.tumblr.com\/"]}]}},"jetpack_publicize_connections":[],"jetpack_featured_media_url":"https:\/\/i0.wp.com\/www.gaidaphotos.com\/blog\/wp-content\/uploads\/2010\/01\/maastricht-blanche-dael-erdnussroesterei.jpg?fit=498%2C1024&ssl=1","jetpack_sharing_enabled":true,"jetpack_likes_enabled":true,"jetpack-related-posts":[{"id":4081,"url":"https:\/\/www.gaidaphotos.com\/blog\/2012\/01\/05\/flohmarkt-troedelmarkt-antikmarkt-maastricht-holland-2012\/","url_meta":{"origin":2346,"position":0},"title":"Flohmarkt &#8211; Tr\u00f6delmarkt &#8211; Antikmarkt Maastricht (Holland) 2012","author":"Thomas","date":"5. Januar 2012","format":false,"excerpt":"Flohmarkt - Tr\u00f6delmarkt - Antikmarkt Maastricht (Holland) 2012 Die neuen Flohmarkttermine f\u00fcr Maastricht (Holland) 2014 sind da!Wenn Sie automatisch \u00fcber die Daten f\u00fcr Flohm\u00e4rkte in Holland informiert werden m\u00f6chten, abonnieren Sie unsere Beitr\u00e4ge (Symbol rechts oben) oder werden Sie Fan bei Facebook. Auch in 2012 berichten wir von den Floh-\u2026","rel":"","context":"In &quot;Flohmarkt\/Troedelmarkt&quot;","block_context":{"text":"Flohmarkt\/Troedelmarkt","link":"https:\/\/www.gaidaphotos.com\/blog\/category\/flohmarkttroedelmarkt-2\/"},"img":{"alt_text":"","src":"https:\/\/i0.wp.com\/www.gaidaphotos.com\/blog\/wp-content\/uploads\/2012\/01\/maastricht-shopping-einkaufen-mosae-forum.jpg?fit=1024%2C682&ssl=1&resize=350%2C200","width":350,"height":200,"srcset":"https:\/\/i0.wp.com\/www.gaidaphotos.com\/blog\/wp-content\/uploads\/2012\/01\/maastricht-shopping-einkaufen-mosae-forum.jpg?fit=1024%2C682&ssl=1&resize=350%2C200 1x, https:\/\/i0.wp.com\/www.gaidaphotos.com\/blog\/wp-content\/uploads\/2012\/01\/maastricht-shopping-einkaufen-mosae-forum.jpg?fit=1024%2C682&ssl=1&resize=525%2C300 1.5x, https:\/\/i0.wp.com\/www.gaidaphotos.com\/blog\/wp-content\/uploads\/2012\/01\/maastricht-shopping-einkaufen-mosae-forum.jpg?fit=1024%2C682&ssl=1&resize=700%2C400 2x"},"classes":[]},{"id":3480,"url":"https:\/\/www.gaidaphotos.com\/blog\/2011\/01\/05\/flohmarkt-troedelmarkt-antikmarkt-maastricht-holland-2011\/","url_meta":{"origin":2346,"position":1},"title":"Flohmarkt &#8211; Tr\u00f6delmarkt &#8211; Antikmarkt Maastricht (Holland) 2011","author":"Thomas","date":"5. Januar 2011","format":false,"excerpt":"Flohmarkt - Tr\u00f6delmarkt - Antikmarkt Maastricht (Holland) 2011 Erg\u00e4nzung M\u00e4rz 2014: Die neuen Flohmarkttermine f\u00fcr Maastricht (Holland) 2014 sind da! Wenn Sie automatisch \u00fcber die Daten f\u00fcr Flohm\u00e4rkte in Holland informiert werden m\u00f6chten, abonnieren Sie unsere Beitr\u00e4ge (Symbol rechts oben) oder werden Sie Fan bei Facebook oder Google+. Maastricht ist\u2026","rel":"","context":"In &quot;Maastricht: Einkaufen, Restaurant &amp; Freizeit&quot;","block_context":{"text":"Maastricht: Einkaufen, Restaurant &amp; Freizeit","link":"https:\/\/www.gaidaphotos.com\/blog\/category\/reise\/holland\/maastricht-einkaufen-restaurants\/"},"img":{"alt_text":"","src":"https:\/\/i0.wp.com\/www.gaidaphotos.com\/blog\/wp-content\/uploads\/ngg_featured\/maastricht-verkaufsoffener-sonntag-feiertag-2012.jpg?fit=667%2C1000&ssl=1&resize=350%2C200","width":350,"height":200,"srcset":"https:\/\/i0.wp.com\/www.gaidaphotos.com\/blog\/wp-content\/uploads\/ngg_featured\/maastricht-verkaufsoffener-sonntag-feiertag-2012.jpg?fit=667%2C1000&ssl=1&resize=350%2C200 1x, https:\/\/i0.wp.com\/www.gaidaphotos.com\/blog\/wp-content\/uploads\/ngg_featured\/maastricht-verkaufsoffener-sonntag-feiertag-2012.jpg?fit=667%2C1000&ssl=1&resize=525%2C300 1.5x"},"classes":[]},{"id":735,"url":"https:\/\/www.gaidaphotos.com\/blog\/2009\/06\/17\/holland-maastricht-einkaufen-trodelmarkt-termine-2009\/","url_meta":{"origin":2346,"position":2},"title":"Holland Maastricht: Einkaufen &#038; Tr\u00f6delmarkt Termine 2009","author":"Thomas","date":"17. Juni 2009","format":false,"excerpt":"Hier finden Sie die neuen Termine Flohmarkt - Tr\u00f6delmarkt - Antikmarkt Maastricht (Holland) 2012 Wir haben schon mit sch\u00f6nen Fotos vom letzten (?) Tr\u00f6delmarkt in Maastricht (Holland) berichtet. - Erg\u00e4nzung M\u00e4rz 2014: Die neuen Flohmarkttermine f\u00fcr Maastricht (Holland) 2014 sind da! Wenn Sie automatisch \u00fcber die Daten f\u00fcr Flohm\u00e4rkte in\u2026","rel":"","context":"In &quot;Holland&quot;","block_context":{"text":"Holland","link":"https:\/\/www.gaidaphotos.com\/blog\/category\/reise\/holland\/"},"img":{"alt_text":"","src":"","width":0,"height":0},"classes":[]},{"id":748,"url":"https:\/\/www.gaidaphotos.com\/blog\/2009\/06\/19\/maastricht-holland-flohmarkt\/","url_meta":{"origin":2346,"position":3},"title":"Maastricht (Holland): Einkaufen auf dem Flohmarkt","author":"Thomas","date":"19. Juni 2009","format":false,"excerpt":"Maastricht (Holland):\u00a0Einkaufen auf dem Flohmarkt \u00a0Hier noch ein paar Impressionen vom letzten Einkaufen auf dem Flohmarkt in Maastricht. Die Termine f\u00fcr den n\u00e4chsten Flohmarkt: Erg\u00e4nzung M\u00e4rz 2014: Die neuen Flohmarkttermine f\u00fcr Maastricht (Holland) 2014 sind da! Wenn Sie automatisch \u00fcber die Daten f\u00fcr Flohm\u00e4rkte in Holland informiert werden m\u00f6chten, abonnieren\u2026","rel":"","context":"In &quot;Holland&quot;","block_context":{"text":"Holland","link":"https:\/\/www.gaidaphotos.com\/blog\/category\/reise\/holland\/"},"img":{"alt_text":"Maastricht Holland: Flohmarkt am Stadthaus","src":"https:\/\/i0.wp.com\/www.gaidaphotos.com\/blog\/wp-content\/uploads\/2009\/06\/maastricht-holland-einkaufen-troedelmarkt-300x225.jpg?resize=350%2C200&ssl=1","width":350,"height":200},"classes":[]},{"id":5488,"url":"https:\/\/www.gaidaphotos.com\/blog\/2013\/03\/14\/flohmarkt-trodelmarkt-antikmarkt-maastricht-holland-2013\/","url_meta":{"origin":2346,"position":4},"title":"Flohmarkt \u2013 Tr\u00f6delmarkt \u2013 Antikmarkt Maastricht (Holland) 2013","author":"Thomas","date":"14. M\u00e4rz 2013","format":false,"excerpt":"Flohmarkt \u2013 Tr\u00f6delmarkt \u2013 Antikmarkt Maastricht (Holland) 2013 Erg\u00e4nzung M\u00e4rz 2014: Die neuen Flohmarkttermine f\u00fcr Maastricht (Holland) 2014 sind da! Wenn Sie automatisch \u00fcber die Daten f\u00fcr Flohm\u00e4rkte in Holland informiert werden m\u00f6chten, abonnieren Sie unsere Beitr\u00e4ge (Symbol rechts oben) oder werden Sie Fan bei Facebook oder Google+. Endlich ist\u2026","rel":"","context":"In &quot;Flohmarkt\/Troedelmarkt&quot;","block_context":{"text":"Flohmarkt\/Troedelmarkt","link":"https:\/\/www.gaidaphotos.com\/blog\/category\/flohmarkttroedelmarkt-2\/"},"img":{"alt_text":"","src":"https:\/\/www.gaidaphotos.com\/blog\/wp-content\/uploads\/2020\/08\/nggallery_import\/140_","width":350,"height":200,"srcset":"https:\/\/www.gaidaphotos.com\/blog\/wp-content\/uploads\/2020\/08\/nggallery_import\/140_ 1x, https:\/\/www.gaidaphotos.com\/blog\/wp-content\/uploads\/2020\/08\/nggallery_import\/140_ 1.5x"},"classes":[]},{"id":3475,"url":"https:\/\/www.gaidaphotos.com\/blog\/2010\/12\/31\/verkaufsoffener-sonntag-feiertag-2011-maastricht-holland\/","url_meta":{"origin":2346,"position":5},"title":"Verkaufsoffener Sonntag und Feiertag 2011 in Maastricht (Holland): \u00dcbersicht","author":"Thomas","date":"31. Dezember 2010","format":false,"excerpt":"Verkaufsoffener Sonntag\/Feiertag 2011 in Maastricht (Holland): Wenn in K\u00f6ln die Gesch\u00e4fte geschlossen sind, ist Maastricht in Holland, ca. 100km von K\u00f6ln, ein beliebtes Einkaufsziel. Die historische Innenstadt ist als Fu\u00dfg\u00e4ngerzone ausgelegt und wird von vielen kleinen Einzelh\u00e4ndlern statt gro\u00dfen Pal\u00e4sten bekannter Ketten gepr\u00e4gt. So findet man eine breitere Auswahl statt\u2026","rel":"","context":"In &quot;Maastricht: Einkaufen, Restaurant &amp; Freizeit&quot;","block_context":{"text":"Maastricht: Einkaufen, Restaurant &amp; Freizeit","link":"https:\/\/www.gaidaphotos.com\/blog\/category\/reise\/holland\/maastricht-einkaufen-restaurants\/"},"img":{"alt_text":"Maastricht, Haus mit Wegkreuz","src":"https:\/\/i0.wp.com\/www.gaidaphotos.com\/blog\/wp-content\/uploads\/2010\/12\/maastricht-haus-wegkreuz.jpg?fit=675%2C1024&ssl=1&resize=350%2C200","width":350,"height":200,"srcset":"https:\/\/i0.wp.com\/www.gaidaphotos.com\/blog\/wp-content\/uploads\/2010\/12\/maastricht-haus-wegkreuz.jpg?fit=675%2C1024&ssl=1&resize=350%2C200 1x, https:\/\/i0.wp.com\/www.gaidaphotos.com\/blog\/wp-content\/uploads\/2010\/12\/maastricht-haus-wegkreuz.jpg?fit=675%2C1024&ssl=1&resize=525%2C300 1.5x"},"classes":[]}],"_links":{"self":[{"href":"https:\/\/www.gaidaphotos.com\/blog\/wp-json\/wp\/v2\/posts\/2346","targetHints":{"allow":["GET"]}}],"collection":[{"href":"https:\/\/www.gaidaphotos.com\/blog\/wp-json\/wp\/v2\/posts"}],"about":[{"href":"https:\/\/www.gaidaphotos.com\/blog\/wp-json\/wp\/v2\/types\/post"}],"author":[{"embeddable":true,"href":"https:\/\/www.gaidaphotos.com\/blog\/wp-json\/wp\/v2\/users\/6"}],"replies":[{"embeddable":true,"href":"https:\/\/www.gaidaphotos.com\/blog\/wp-json\/wp\/v2\/comments?post=2346"}],"version-history":[{"count":0,"href":"https:\/\/www.gaidaphotos.com\/blog\/wp-json\/wp\/v2\/posts\/2346\/revisions"}],"wp:featuredmedia":[{"embeddable":true,"href":"https:\/\/www.gaidaphotos.com\/blog\/wp-json\/wp\/v2\/media\/12254"}],"wp:attachment":[{"href":"https:\/\/www.gaidaphotos.com\/blog\/wp-json\/wp\/v2\/media?parent=2346"}],"wp:term":[{"taxonomy":"category","embeddable":true,"href":"https:\/\/www.gaidaphotos.com\/blog\/wp-json\/wp\/v2\/categories?post=2346"},{"taxonomy":"post_tag","embeddable":true,"href":"https:\/\/www.gaidaphotos.com\/blog\/wp-json\/wp\/v2\/tags?post=2346"}],"curies":[{"name":"wp","href":"https:\/\/api.w.org\/{rel}","templated":true}]}}