{"id":2361,"date":"2010-01-11T14:14:28","date_gmt":"2010-01-11T13:14:28","guid":{"rendered":"http:\/\/gaidaphotos.com\/blog\/?p=2361"},"modified":"2010-02-12T14:29:45","modified_gmt":"2010-02-12T13:29:45","slug":"schneesturm-und-schneechaos-koeln-rodenkirche","status":"publish","type":"post","link":"https:\/\/www.gaidaphotos.com\/blog\/2010\/01\/11\/schneesturm-und-schneechaos-koeln-rodenkirche\/","title":{"rendered":"Schneesturm und Schneechaos in K\u00f6ln Rodenkirchen"},"content":{"rendered":"<figure id=\"attachment_2359\" aria-describedby=\"caption-attachment-2359\" style=\"width: 225px\" class=\"wp-caption alignleft\"><a href=\"https:\/\/i0.wp.com\/www.gaidaphotos.com\/blog\/wp-content\/uploads\/2010\/01\/koeln-rodenkirchen-schneesturm-schneechaos-01.jpg?ssl=1\"><img data-recalc-dims=\"1\" loading=\"lazy\" decoding=\"async\" class=\"size-medium wp-image-2359\" title=\"koeln-rodenkirchen-schneesturm-schneechaos-01\" src=\"https:\/\/i0.wp.com\/www.gaidaphotos.com\/blog\/wp-content\/uploads\/2010\/01\/koeln-rodenkirchen-schneesturm-schneechaos-01.jpg?resize=225%2C300&#038;ssl=1\" alt=\"K\u00f6ln: Schneesturm Schneechaos\" width=\"225\" height=\"300\" srcset=\"https:\/\/i0.wp.com\/www.gaidaphotos.com\/blog\/wp-content\/uploads\/2010\/01\/koeln-rodenkirchen-schneesturm-schneechaos-01.jpg?resize=225%2C300&amp;ssl=1 225w, https:\/\/i0.wp.com\/www.gaidaphotos.com\/blog\/wp-content\/uploads\/2010\/01\/koeln-rodenkirchen-schneesturm-schneechaos-01.jpg?w=360&amp;ssl=1 360w\" sizes=\"auto, (max-width: 225px) 100vw, 225px\" \/><\/a><figcaption id=\"caption-attachment-2359\" class=\"wp-caption-text\">K\u00f6ln: Schneesturm Schneechaos am Rhein<\/figcaption><\/figure>\n<p>Das war dann doch nur die k\u00f6lsche Version von <strong>Schneesturm und Schneechaos <\/strong>in K\u00f6ln Rodenkirchen.<\/p>\n<p>5 cm Neuschnee am Samstagmorgen reichten aus, um die Stadt K\u00f6ln und K\u00f6ln-Rodenkirchen in&#8217;s &#8222;<strong>Schneechaos<\/strong>&#8220; zu st\u00fcrzen.<br \/>\nWir sind es halt nicht gewohnt, wenn die Stra\u00dfen wei\u00df, rutschig und glatt werden. Und da das normalerweise nur an 1-2 Tagen pro Winter in K\u00f6ln vorkommt, halten sich die meisten Autofahrer auch bei einem <strong>Schneesturm <\/strong>mit <strong>Sommerreifen <\/strong>f\u00fcr ausreichend ausger\u00fcstet.<\/p>\n<p>Die Quittung gibt&#8217;s an der n\u00e4chsten Ecke. Ohne Traktion rutscht man statt zu bremsen.<br \/>\nUnd da der Rheinl\u00e4nder entgegen anderslautender Ger\u00fcchte durchaus lernf\u00e4hig ist, wird die Mehrzahl vom Raser zum Schleicher. \ud83d\ude42<\/p>\n<p>Dementsprechend langsam geht es voran. Die Stra\u00dfen sind blockiert und keiner kommt so richtig weiter. Das ist k\u00f6lsches Schneechaos.<\/p>\n<p>Da wir vor dem<strong> Schneesturm &#8222;Daisy&#8220;<\/strong> aber ausreichend gewarnt wurden, blieben die meisten dann doch zu Hause. Und so konnten uns auch die 5cm Neuschnee und Schneechaos nix anhaben.<\/p>\n<p>Kinder und Erwachsene nutzten den wenigen Schnee, den uns der <strong>Schneesturm <\/strong>hinterlassen hat, an jedem noch so kleinen H\u00fcgel zum Schlittenfahren. Vor allem am Rheinufer in K\u00f6ln-Rodenkirchen freuten sich alle \u00fcber das &#8222;<strong>Schneechaos<\/strong>&#8222;.<\/p>\n<p>Und richtig ausger\u00fcstet (s. Pfeil), mit einer KINDERBADEWANNE als Schlitten, mutiert der Rheinl\u00e4nder zum Bergbewohner und h\u00e4lt sich f\u00fcr &#8222;Schorsch&#8220; Hakel.<\/p>\n<figure id=\"attachment_2360\" aria-describedby=\"caption-attachment-2360\" style=\"width: 196px\" class=\"wp-caption alignleft\"><a href=\"https:\/\/i0.wp.com\/www.gaidaphotos.com\/blog\/wp-content\/uploads\/2010\/01\/koeln-rodenkirchen-schneesturm-schneechaos-02.jpg?ssl=1\"><img data-recalc-dims=\"1\" loading=\"lazy\" decoding=\"async\" class=\"size-medium wp-image-2360 \" title=\"koeln-rodenkirchen-schneesturm-schneechaos-02\" src=\"https:\/\/i0.wp.com\/www.gaidaphotos.com\/blog\/wp-content\/uploads\/2010\/01\/koeln-rodenkirchen-schneesturm-schneechaos-02.jpg?resize=196%2C300&#038;ssl=1\" alt=\"K\u00f6ln: Schneesturm Schneechaos\" width=\"196\" height=\"300\" srcset=\"https:\/\/i0.wp.com\/www.gaidaphotos.com\/blog\/wp-content\/uploads\/2010\/01\/koeln-rodenkirchen-schneesturm-schneechaos-02.jpg?resize=196%2C300&amp;ssl=1 196w, https:\/\/i0.wp.com\/www.gaidaphotos.com\/blog\/wp-content\/uploads\/2010\/01\/koeln-rodenkirchen-schneesturm-schneechaos-02.jpg?w=315&amp;ssl=1 315w\" sizes=\"auto, (max-width: 196px) 100vw, 196px\" \/><\/a><figcaption id=\"caption-attachment-2360\" class=\"wp-caption-text\">K\u00f6ln: Schneesturm Schneechaos - &quot;Schlitten&quot;<\/figcaption><\/figure>\n<figure id=\"attachment_2358\" aria-describedby=\"caption-attachment-2358\" style=\"width: 225px\" class=\"wp-caption aligncenter\"><a href=\"https:\/\/i0.wp.com\/www.gaidaphotos.com\/blog\/wp-content\/uploads\/2010\/01\/koeln-rodenkirchen-schneesturm-schneechaos-03.jpg?ssl=1\"><img data-recalc-dims=\"1\" loading=\"lazy\" decoding=\"async\" class=\"size-medium wp-image-2358 \" title=\"koeln-rodenkirchen-schneesturm-schneechaos-03\" src=\"https:\/\/i0.wp.com\/www.gaidaphotos.com\/blog\/wp-content\/uploads\/2010\/01\/koeln-rodenkirchen-schneesturm-schneechaos-03.jpg?resize=225%2C300&#038;ssl=1\" alt=\"K\u00f6ln: Schneesturm Schneechaos\" width=\"225\" height=\"300\" srcset=\"https:\/\/i0.wp.com\/www.gaidaphotos.com\/blog\/wp-content\/uploads\/2010\/01\/koeln-rodenkirchen-schneesturm-schneechaos-03.jpg?resize=225%2C300&amp;ssl=1 225w, https:\/\/i0.wp.com\/www.gaidaphotos.com\/blog\/wp-content\/uploads\/2010\/01\/koeln-rodenkirchen-schneesturm-schneechaos-03.jpg?w=360&amp;ssl=1 360w\" sizes=\"auto, (max-width: 225px) 100vw, 225px\" \/><\/a><figcaption id=\"caption-attachment-2358\" class=\"wp-caption-text\">K\u00f6ln: Schneesturm Schneechaos am Rhein<\/figcaption><\/figure>\n<p>Und so freuen wir uns, wenn Schneesturm und Schneechaos sich das Wochenende aussuchen.<\/p>\n<p>P.S. Die Stra\u00dfen sind \u00fcberwiegend wieder frei und der Verkehr l\u00e4uft recht fl\u00fcssig.<\/p>\n","protected":false},"excerpt":{"rendered":"<p>Das war dann doch nur die k\u00f6lsche Version von Schneesturm und Schneechaos in K\u00f6ln Rodenkirchen. 5 cm Neuschnee am Samstagmorgen<\/p>\n","protected":false},"author":6,"featured_media":0,"comment_status":"open","ping_status":"open","sticky":false,"template":"","format":"standard","meta":{"_crdt_document":"","ngg_post_thumbnail":0,"jetpack_post_was_ever_published":false,"_jetpack_newsletter_access":"","_jetpack_dont_email_post_to_subs":false,"_jetpack_newsletter_tier_id":0,"_jetpack_memberships_contains_paywalled_content":false,"_jetpack_memberships_contains_paid_content":false,"footnotes":"","jetpack_publicize_message":"","jetpack_publicize_feature_enabled":true,"jetpack_social_post_already_shared":false,"jetpack_social_options":{"image_generator_settings":{"template":"highway","default_image_id":0,"font":"","enabled":false},"version":2}},"categories":[98,52,101],"tags":[102,538,113],"class_list":["post-2361","post","type-post","status-publish","format-standard","hentry","category-koeln","category-koeln-rodenkirchen","category-koeln-rodenkirchen-freizeit","tag-freizeit","tag-koeln-rodenkirchen","tag-nachrichten"],"yoast_head":"<!-- This site is optimized with the Yoast SEO plugin v27.5 - https:\/\/yoast.com\/product\/yoast-seo-wordpress\/ -->\n<title>Schneesturm und Schneechaos in K\u00f6ln Rodenkirchen<\/title>\n<meta name=\"description\" content=\"So wird man in K\u00f6ln-Rodenkirchen mit dem Schneesturm und Schneechaos verursacht durch &quot;Daisy&quot; fertig. Mit Bildern vom Rheinufer\" \/>\n<meta name=\"robots\" content=\"index, follow, max-snippet:-1, max-image-preview:large, max-video-preview:-1\" \/>\n<link rel=\"canonical\" href=\"https:\/\/www.gaidaphotos.com\/blog\/2010\/01\/11\/schneesturm-und-schneechaos-koeln-rodenkirche\/\" \/>\n<meta property=\"og:locale\" content=\"de_DE\" \/>\n<meta property=\"og:type\" content=\"article\" \/>\n<meta property=\"og:title\" content=\"Schneesturm und Schneechaos in K\u00f6ln Rodenkirchen\" \/>\n<meta property=\"og:description\" content=\"So wird man in K\u00f6ln-Rodenkirchen mit dem Schneesturm und Schneechaos verursacht durch &quot;Daisy&quot; fertig. Mit Bildern vom Rheinufer\" \/>\n<meta property=\"og:url\" content=\"https:\/\/www.gaidaphotos.com\/blog\/2010\/01\/11\/schneesturm-und-schneechaos-koeln-rodenkirche\/\" \/>\n<meta property=\"og:site_name\" content=\"K\u00f6ln Rodenkirchen und die Welt\" \/>\n<meta property=\"article:publisher\" content=\"https:\/\/www.facebook.com\/Koeln.Rodenkirchen\" \/>\n<meta property=\"article:author\" content=\"https:\/\/www.facebook.com\/gaidaphotos\" \/>\n<meta property=\"article:published_time\" content=\"2010-01-11T13:14:28+00:00\" \/>\n<meta property=\"article:modified_time\" content=\"2010-02-12T13:29:45+00:00\" \/>\n<meta property=\"og:image\" content=\"https:\/\/www.gaidaphotos.com\/blog\/wp-content\/uploads\/2010\/01\/koeln-rodenkirchen-schneesturm-schneechaos-01-225x300.jpg\" \/>\n<meta name=\"author\" content=\"Thomas\" \/>\n<meta name=\"twitter:card\" content=\"summary_large_image\" \/>\n<meta name=\"twitter:creator\" content=\"@gaidaphotos\" \/>\n<meta name=\"twitter:site\" content=\"@gaidaphotos\" \/>\n<meta name=\"twitter:label1\" content=\"Verfasst von\" \/>\n\t<meta name=\"twitter:data1\" content=\"Thomas\" \/>\n\t<meta name=\"twitter:label2\" content=\"Gesch\u00e4tzte Lesezeit\" \/>\n\t<meta name=\"twitter:data2\" content=\"2\u00a0Minuten\" \/>\n<script type=\"application\/ld+json\" class=\"yoast-schema-graph\">{\"@context\":\"https:\\\/\\\/schema.org\",\"@graph\":[{\"@type\":\"Article\",\"@id\":\"https:\\\/\\\/www.gaidaphotos.com\\\/blog\\\/2010\\\/01\\\/11\\\/schneesturm-und-schneechaos-koeln-rodenkirche\\\/#article\",\"isPartOf\":{\"@id\":\"https:\\\/\\\/www.gaidaphotos.com\\\/blog\\\/2010\\\/01\\\/11\\\/schneesturm-und-schneechaos-koeln-rodenkirche\\\/\"},\"author\":{\"name\":\"Thomas\",\"@id\":\"https:\\\/\\\/www.gaidaphotos.com\\\/blog\\\/#\\\/schema\\\/person\\\/6c444a5b13ffc503c5c32f5a9ec68b21\"},\"headline\":\"Schneesturm und Schneechaos in K\u00f6ln Rodenkirchen\",\"datePublished\":\"2010-01-11T13:14:28+00:00\",\"dateModified\":\"2010-02-12T13:29:45+00:00\",\"mainEntityOfPage\":{\"@id\":\"https:\\\/\\\/www.gaidaphotos.com\\\/blog\\\/2010\\\/01\\\/11\\\/schneesturm-und-schneechaos-koeln-rodenkirche\\\/\"},\"wordCount\":310,\"commentCount\":0,\"publisher\":{\"@id\":\"https:\\\/\\\/www.gaidaphotos.com\\\/blog\\\/#organization\"},\"image\":{\"@id\":\"https:\\\/\\\/www.gaidaphotos.com\\\/blog\\\/2010\\\/01\\\/11\\\/schneesturm-und-schneechaos-koeln-rodenkirche\\\/#primaryimage\"},\"thumbnailUrl\":\"https:\\\/\\\/www.gaidaphotos.com\\\/blog\\\/wp-content\\\/uploads\\\/2010\\\/01\\\/koeln-rodenkirchen-schneesturm-schneechaos-01-225x300.jpg\",\"keywords\":[\"Freizeit-Ideen\",\"K\u00f6ln Rodenkirchen\",\"Nachrichten\"],\"articleSection\":[\"K\u00f6ln\",\"K\u00f6ln Rodenkirchen\",\"K\u00f6ln Rodenkirchen Freizeit\"],\"inLanguage\":\"de\",\"potentialAction\":[{\"@type\":\"CommentAction\",\"name\":\"Comment\",\"target\":[\"https:\\\/\\\/www.gaidaphotos.com\\\/blog\\\/2010\\\/01\\\/11\\\/schneesturm-und-schneechaos-koeln-rodenkirche\\\/#respond\"]}]},{\"@type\":\"WebPage\",\"@id\":\"https:\\\/\\\/www.gaidaphotos.com\\\/blog\\\/2010\\\/01\\\/11\\\/schneesturm-und-schneechaos-koeln-rodenkirche\\\/\",\"url\":\"https:\\\/\\\/www.gaidaphotos.com\\\/blog\\\/2010\\\/01\\\/11\\\/schneesturm-und-schneechaos-koeln-rodenkirche\\\/\",\"name\":\"Schneesturm und Schneechaos in K\u00f6ln Rodenkirchen\",\"isPartOf\":{\"@id\":\"https:\\\/\\\/www.gaidaphotos.com\\\/blog\\\/#website\"},\"primaryImageOfPage\":{\"@id\":\"https:\\\/\\\/www.gaidaphotos.com\\\/blog\\\/2010\\\/01\\\/11\\\/schneesturm-und-schneechaos-koeln-rodenkirche\\\/#primaryimage\"},\"image\":{\"@id\":\"https:\\\/\\\/www.gaidaphotos.com\\\/blog\\\/2010\\\/01\\\/11\\\/schneesturm-und-schneechaos-koeln-rodenkirche\\\/#primaryimage\"},\"thumbnailUrl\":\"https:\\\/\\\/www.gaidaphotos.com\\\/blog\\\/wp-content\\\/uploads\\\/2010\\\/01\\\/koeln-rodenkirchen-schneesturm-schneechaos-01-225x300.jpg\",\"datePublished\":\"2010-01-11T13:14:28+00:00\",\"dateModified\":\"2010-02-12T13:29:45+00:00\",\"description\":\"So wird man in K\u00f6ln-Rodenkirchen mit dem Schneesturm und Schneechaos verursacht durch \\\"Daisy\\\" fertig. Mit Bildern vom Rheinufer\",\"breadcrumb\":{\"@id\":\"https:\\\/\\\/www.gaidaphotos.com\\\/blog\\\/2010\\\/01\\\/11\\\/schneesturm-und-schneechaos-koeln-rodenkirche\\\/#breadcrumb\"},\"inLanguage\":\"de\",\"potentialAction\":[{\"@type\":\"ReadAction\",\"target\":[\"https:\\\/\\\/www.gaidaphotos.com\\\/blog\\\/2010\\\/01\\\/11\\\/schneesturm-und-schneechaos-koeln-rodenkirche\\\/\"]}]},{\"@type\":\"ImageObject\",\"inLanguage\":\"de\",\"@id\":\"https:\\\/\\\/www.gaidaphotos.com\\\/blog\\\/2010\\\/01\\\/11\\\/schneesturm-und-schneechaos-koeln-rodenkirche\\\/#primaryimage\",\"url\":\"https:\\\/\\\/i0.wp.com\\\/www.gaidaphotos.com\\\/blog\\\/wp-content\\\/uploads\\\/2010\\\/01\\\/koeln-rodenkirchen-schneesturm-schneechaos-01.jpg?fit=360%2C480&ssl=1\",\"contentUrl\":\"https:\\\/\\\/i0.wp.com\\\/www.gaidaphotos.com\\\/blog\\\/wp-content\\\/uploads\\\/2010\\\/01\\\/koeln-rodenkirchen-schneesturm-schneechaos-01.jpg?fit=360%2C480&ssl=1\",\"width\":\"360\",\"height\":\"480\",\"caption\":\"K\u00f6ln: Schneesturm Schneechaos am Rhein\"},{\"@type\":\"BreadcrumbList\",\"@id\":\"https:\\\/\\\/www.gaidaphotos.com\\\/blog\\\/2010\\\/01\\\/11\\\/schneesturm-und-schneechaos-koeln-rodenkirche\\\/#breadcrumb\",\"itemListElement\":[{\"@type\":\"ListItem\",\"position\":1,\"name\":\"Startseite\",\"item\":\"https:\\\/\\\/www.gaidaphotos.com\\\/blog\\\/\"},{\"@type\":\"ListItem\",\"position\":2,\"name\":\"Schneesturm und Schneechaos in K\u00f6ln Rodenkirchen\"}]},{\"@type\":\"WebSite\",\"@id\":\"https:\\\/\\\/www.gaidaphotos.com\\\/blog\\\/#website\",\"url\":\"https:\\\/\\\/www.gaidaphotos.com\\\/blog\\\/\",\"name\":\"K\u00f6ln Rodenkirchen und die Welt\",\"description\":\"Einkaufen, Restaurants, Freizeit, Nachrichten und was uns sonst bewegt und begegnet\",\"publisher\":{\"@id\":\"https:\\\/\\\/www.gaidaphotos.com\\\/blog\\\/#organization\"},\"potentialAction\":[{\"@type\":\"SearchAction\",\"target\":{\"@type\":\"EntryPoint\",\"urlTemplate\":\"https:\\\/\\\/www.gaidaphotos.com\\\/blog\\\/?s={search_term_string}\"},\"query-input\":{\"@type\":\"PropertyValueSpecification\",\"valueRequired\":true,\"valueName\":\"search_term_string\"}}],\"inLanguage\":\"de\"},{\"@type\":\"Organization\",\"@id\":\"https:\\\/\\\/www.gaidaphotos.com\\\/blog\\\/#organization\",\"name\":\"gaidaphotos\",\"url\":\"https:\\\/\\\/www.gaidaphotos.com\\\/blog\\\/\",\"logo\":{\"@type\":\"ImageObject\",\"inLanguage\":\"de\",\"@id\":\"https:\\\/\\\/www.gaidaphotos.com\\\/blog\\\/#\\\/schema\\\/logo\\\/image\\\/\",\"url\":\"https:\\\/\\\/i0.wp.com\\\/www.gaidaphotos.com\\\/blog\\\/wp-content\\\/uploads\\\/2020\\\/07\\\/GAIDAPHOTOS-COM.jpg?fit=160%2C96&ssl=1\",\"contentUrl\":\"https:\\\/\\\/i0.wp.com\\\/www.gaidaphotos.com\\\/blog\\\/wp-content\\\/uploads\\\/2020\\\/07\\\/GAIDAPHOTOS-COM.jpg?fit=160%2C96&ssl=1\",\"width\":160,\"height\":96,\"caption\":\"gaidaphotos\"},\"image\":{\"@id\":\"https:\\\/\\\/www.gaidaphotos.com\\\/blog\\\/#\\\/schema\\\/logo\\\/image\\\/\"},\"sameAs\":[\"https:\\\/\\\/www.facebook.com\\\/Koeln.Rodenkirchen\",\"https:\\\/\\\/x.com\\\/gaidaphotos\",\"https:\\\/\\\/instagram.com\\\/gaidaphotos\\\/\",\"https:\\\/\\\/de.linkedin.com\\\/in\\\/gaidaphotos\",\"https:\\\/\\\/myspace.com\\\/gaidaphotos\",\"https:\\\/\\\/www.pinterest.com\\\/gaidaphotos\\\/\",\"https:\\\/\\\/www.youtube.com\\\/user\\\/gaidaphotos\"]},{\"@type\":\"Person\",\"@id\":\"https:\\\/\\\/www.gaidaphotos.com\\\/blog\\\/#\\\/schema\\\/person\\\/6c444a5b13ffc503c5c32f5a9ec68b21\",\"name\":\"Thomas\",\"sameAs\":[\"https:\\\/\\\/www.gaidaphotos.com\",\"https:\\\/\\\/www.facebook.com\\\/gaidaphotos\",\"https:\\\/\\\/instagram.com\\\/gaidaphotos\\\/\",\"https:\\\/\\\/www.linkedin.com\\\/in\\\/gaidaphotos\",\"http:\\\/\\\/www.pinterest.com\\\/gaidaphotos\\\/\",\"https:\\\/\\\/x.com\\\/gaidaphotos\",\"https:\\\/\\\/myspace.com\\\/gaidaphotos\",\"https:\\\/\\\/www.youtube.com\\\/user\\\/gaidaphotos\",\"https:\\\/\\\/gaidaphotos.tumblr.com\\\/\"]}]}<\/script>\n<!-- \/ Yoast SEO plugin. -->","yoast_head_json":{"title":"Schneesturm und Schneechaos in K\u00f6ln Rodenkirchen","description":"So wird man in K\u00f6ln-Rodenkirchen mit dem Schneesturm und Schneechaos verursacht durch \"Daisy\" fertig. Mit Bildern vom Rheinufer","robots":{"index":"index","follow":"follow","max-snippet":"max-snippet:-1","max-image-preview":"max-image-preview:large","max-video-preview":"max-video-preview:-1"},"canonical":"https:\/\/www.gaidaphotos.com\/blog\/2010\/01\/11\/schneesturm-und-schneechaos-koeln-rodenkirche\/","og_locale":"de_DE","og_type":"article","og_title":"Schneesturm und Schneechaos in K\u00f6ln Rodenkirchen","og_description":"So wird man in K\u00f6ln-Rodenkirchen mit dem Schneesturm und Schneechaos verursacht durch \"Daisy\" fertig. Mit Bildern vom Rheinufer","og_url":"https:\/\/www.gaidaphotos.com\/blog\/2010\/01\/11\/schneesturm-und-schneechaos-koeln-rodenkirche\/","og_site_name":"K\u00f6ln Rodenkirchen und die Welt","article_publisher":"https:\/\/www.facebook.com\/Koeln.Rodenkirchen","article_author":"https:\/\/www.facebook.com\/gaidaphotos","article_published_time":"2010-01-11T13:14:28+00:00","article_modified_time":"2010-02-12T13:29:45+00:00","og_image":[{"url":"https:\/\/www.gaidaphotos.com\/blog\/wp-content\/uploads\/2010\/01\/koeln-rodenkirchen-schneesturm-schneechaos-01-225x300.jpg","type":"","width":"","height":""}],"author":"Thomas","twitter_card":"summary_large_image","twitter_creator":"@gaidaphotos","twitter_site":"@gaidaphotos","twitter_misc":{"Verfasst von":"Thomas","Gesch\u00e4tzte Lesezeit":"2\u00a0Minuten"},"schema":{"@context":"https:\/\/schema.org","@graph":[{"@type":"Article","@id":"https:\/\/www.gaidaphotos.com\/blog\/2010\/01\/11\/schneesturm-und-schneechaos-koeln-rodenkirche\/#article","isPartOf":{"@id":"https:\/\/www.gaidaphotos.com\/blog\/2010\/01\/11\/schneesturm-und-schneechaos-koeln-rodenkirche\/"},"author":{"name":"Thomas","@id":"https:\/\/www.gaidaphotos.com\/blog\/#\/schema\/person\/6c444a5b13ffc503c5c32f5a9ec68b21"},"headline":"Schneesturm und Schneechaos in K\u00f6ln Rodenkirchen","datePublished":"2010-01-11T13:14:28+00:00","dateModified":"2010-02-12T13:29:45+00:00","mainEntityOfPage":{"@id":"https:\/\/www.gaidaphotos.com\/blog\/2010\/01\/11\/schneesturm-und-schneechaos-koeln-rodenkirche\/"},"wordCount":310,"commentCount":0,"publisher":{"@id":"https:\/\/www.gaidaphotos.com\/blog\/#organization"},"image":{"@id":"https:\/\/www.gaidaphotos.com\/blog\/2010\/01\/11\/schneesturm-und-schneechaos-koeln-rodenkirche\/#primaryimage"},"thumbnailUrl":"https:\/\/www.gaidaphotos.com\/blog\/wp-content\/uploads\/2010\/01\/koeln-rodenkirchen-schneesturm-schneechaos-01-225x300.jpg","keywords":["Freizeit-Ideen","K\u00f6ln Rodenkirchen","Nachrichten"],"articleSection":["K\u00f6ln","K\u00f6ln Rodenkirchen","K\u00f6ln Rodenkirchen Freizeit"],"inLanguage":"de","potentialAction":[{"@type":"CommentAction","name":"Comment","target":["https:\/\/www.gaidaphotos.com\/blog\/2010\/01\/11\/schneesturm-und-schneechaos-koeln-rodenkirche\/#respond"]}]},{"@type":"WebPage","@id":"https:\/\/www.gaidaphotos.com\/blog\/2010\/01\/11\/schneesturm-und-schneechaos-koeln-rodenkirche\/","url":"https:\/\/www.gaidaphotos.com\/blog\/2010\/01\/11\/schneesturm-und-schneechaos-koeln-rodenkirche\/","name":"Schneesturm und Schneechaos in K\u00f6ln Rodenkirchen","isPartOf":{"@id":"https:\/\/www.gaidaphotos.com\/blog\/#website"},"primaryImageOfPage":{"@id":"https:\/\/www.gaidaphotos.com\/blog\/2010\/01\/11\/schneesturm-und-schneechaos-koeln-rodenkirche\/#primaryimage"},"image":{"@id":"https:\/\/www.gaidaphotos.com\/blog\/2010\/01\/11\/schneesturm-und-schneechaos-koeln-rodenkirche\/#primaryimage"},"thumbnailUrl":"https:\/\/www.gaidaphotos.com\/blog\/wp-content\/uploads\/2010\/01\/koeln-rodenkirchen-schneesturm-schneechaos-01-225x300.jpg","datePublished":"2010-01-11T13:14:28+00:00","dateModified":"2010-02-12T13:29:45+00:00","description":"So wird man in K\u00f6ln-Rodenkirchen mit dem Schneesturm und Schneechaos verursacht durch \"Daisy\" fertig. Mit Bildern vom Rheinufer","breadcrumb":{"@id":"https:\/\/www.gaidaphotos.com\/blog\/2010\/01\/11\/schneesturm-und-schneechaos-koeln-rodenkirche\/#breadcrumb"},"inLanguage":"de","potentialAction":[{"@type":"ReadAction","target":["https:\/\/www.gaidaphotos.com\/blog\/2010\/01\/11\/schneesturm-und-schneechaos-koeln-rodenkirche\/"]}]},{"@type":"ImageObject","inLanguage":"de","@id":"https:\/\/www.gaidaphotos.com\/blog\/2010\/01\/11\/schneesturm-und-schneechaos-koeln-rodenkirche\/#primaryimage","url":"https:\/\/i0.wp.com\/www.gaidaphotos.com\/blog\/wp-content\/uploads\/2010\/01\/koeln-rodenkirchen-schneesturm-schneechaos-01.jpg?fit=360%2C480&ssl=1","contentUrl":"https:\/\/i0.wp.com\/www.gaidaphotos.com\/blog\/wp-content\/uploads\/2010\/01\/koeln-rodenkirchen-schneesturm-schneechaos-01.jpg?fit=360%2C480&ssl=1","width":"360","height":"480","caption":"K\u00f6ln: Schneesturm Schneechaos am Rhein"},{"@type":"BreadcrumbList","@id":"https:\/\/www.gaidaphotos.com\/blog\/2010\/01\/11\/schneesturm-und-schneechaos-koeln-rodenkirche\/#breadcrumb","itemListElement":[{"@type":"ListItem","position":1,"name":"Startseite","item":"https:\/\/www.gaidaphotos.com\/blog\/"},{"@type":"ListItem","position":2,"name":"Schneesturm und Schneechaos in K\u00f6ln Rodenkirchen"}]},{"@type":"WebSite","@id":"https:\/\/www.gaidaphotos.com\/blog\/#website","url":"https:\/\/www.gaidaphotos.com\/blog\/","name":"K\u00f6ln Rodenkirchen und die Welt","description":"Einkaufen, Restaurants, Freizeit, Nachrichten und was uns sonst bewegt und begegnet","publisher":{"@id":"https:\/\/www.gaidaphotos.com\/blog\/#organization"},"potentialAction":[{"@type":"SearchAction","target":{"@type":"EntryPoint","urlTemplate":"https:\/\/www.gaidaphotos.com\/blog\/?s={search_term_string}"},"query-input":{"@type":"PropertyValueSpecification","valueRequired":true,"valueName":"search_term_string"}}],"inLanguage":"de"},{"@type":"Organization","@id":"https:\/\/www.gaidaphotos.com\/blog\/#organization","name":"gaidaphotos","url":"https:\/\/www.gaidaphotos.com\/blog\/","logo":{"@type":"ImageObject","inLanguage":"de","@id":"https:\/\/www.gaidaphotos.com\/blog\/#\/schema\/logo\/image\/","url":"https:\/\/i0.wp.com\/www.gaidaphotos.com\/blog\/wp-content\/uploads\/2020\/07\/GAIDAPHOTOS-COM.jpg?fit=160%2C96&ssl=1","contentUrl":"https:\/\/i0.wp.com\/www.gaidaphotos.com\/blog\/wp-content\/uploads\/2020\/07\/GAIDAPHOTOS-COM.jpg?fit=160%2C96&ssl=1","width":160,"height":96,"caption":"gaidaphotos"},"image":{"@id":"https:\/\/www.gaidaphotos.com\/blog\/#\/schema\/logo\/image\/"},"sameAs":["https:\/\/www.facebook.com\/Koeln.Rodenkirchen","https:\/\/x.com\/gaidaphotos","https:\/\/instagram.com\/gaidaphotos\/","https:\/\/de.linkedin.com\/in\/gaidaphotos","https:\/\/myspace.com\/gaidaphotos","https:\/\/www.pinterest.com\/gaidaphotos\/","https:\/\/www.youtube.com\/user\/gaidaphotos"]},{"@type":"Person","@id":"https:\/\/www.gaidaphotos.com\/blog\/#\/schema\/person\/6c444a5b13ffc503c5c32f5a9ec68b21","name":"Thomas","sameAs":["https:\/\/www.gaidaphotos.com","https:\/\/www.facebook.com\/gaidaphotos","https:\/\/instagram.com\/gaidaphotos\/","https:\/\/www.linkedin.com\/in\/gaidaphotos","http:\/\/www.pinterest.com\/gaidaphotos\/","https:\/\/x.com\/gaidaphotos","https:\/\/myspace.com\/gaidaphotos","https:\/\/www.youtube.com\/user\/gaidaphotos","https:\/\/gaidaphotos.tumblr.com\/"]}]}},"jetpack_publicize_connections":[],"jetpack_featured_media_url":"","jetpack_sharing_enabled":true,"jetpack_likes_enabled":true,"jetpack-related-posts":[{"id":2379,"url":"https:\/\/www.gaidaphotos.com\/blog\/2010\/01\/18\/valentinstag-schneesturm-schneechaos\/","url_meta":{"origin":2361,"position":0},"title":"Valentinstag trotz Schneesturm &#038; Schneechaos","author":"Thomas","date":"18. Januar 2010","format":false,"excerpt":"Der beinahe \"Schneesturm\" mit fast 5cm Neuschnee in der Nacht zum Sonntag lie\u00df wieder ein Schneechaos in K\u00f6ln bef\u00fcrchten. Aber wir haben Gl\u00fcck gehabt. Der Wind drehte auf S\u00fcdwest und die Temperaturen stiegen (aktuell fast 10\u00b0C in K\u00f6ln Rodenkirchen). Der Regen am Sonntag hat dann die allerletzten Reste \"Schneesturm\" und\u2026","rel":"","context":"In &quot;K\u00f6ln Rodenkirchen&quot;","block_context":{"text":"K\u00f6ln Rodenkirchen","link":"https:\/\/www.gaidaphotos.com\/blog\/category\/koeln-rodenkirchen\/"},"img":{"alt_text":"Schneesturm, Schneechaos und Valentinstag","src":"https:\/\/i0.wp.com\/www.gaidaphotos.com\/blog\/wp-content\/uploads\/2010\/01\/schneesturm-schneechaos-valentinstag-199x300.jpg?resize=350%2C200&ssl=1","width":350,"height":200},"classes":[]},{"id":2367,"url":"https:\/\/www.gaidaphotos.com\/blog\/2010\/01\/11\/schneesturm-schneechaos-koeln-rheinland-vorhersagen\/","url_meta":{"origin":2361,"position":1},"title":"Schneesturm\/Schneechaos f\u00fcr K\u00f6ln und Rheinland selbst vorhersagen","author":"Thomas","date":"11. Januar 2010","format":false,"excerpt":"So k\u00f6nnen Sie den n\u00e4chsten Schneesturm oder das n\u00e4chste Schneechaos selbst vorhersagen. Die K\u00e4ltewelle rollt \u00fcber Deutschland und mit dem n\u00e4chsten Tiefdruckgebiet kommt der n\u00e4chste Schnee. Ob Regen, leichter Schneefall, Schneesturm oder Schneechaos. F\u00fcr K\u00f6ln und das Rheinland k\u00f6nnen Sie selbst den Regen oder Schneefall f\u00fcr die n\u00e4chsten Stunden selbst\u2026","rel":"","context":"In &quot;K\u00f6ln&quot;","block_context":{"text":"K\u00f6ln","link":"https:\/\/www.gaidaphotos.com\/blog\/category\/koeln\/"},"img":{"alt_text":"schneesturm-schneechaos-selbst-vorhersage","src":"https:\/\/i0.wp.com\/www.gaidaphotos.com\/blog\/wp-content\/uploads\/2010\/01\/schneesturm-schneechaos-selbst-vorhersage.jpg?resize=350%2C200&ssl=1","width":350,"height":200,"srcset":"https:\/\/i0.wp.com\/www.gaidaphotos.com\/blog\/wp-content\/uploads\/2010\/01\/schneesturm-schneechaos-selbst-vorhersage.jpg?resize=350%2C200&ssl=1 1x, https:\/\/i0.wp.com\/www.gaidaphotos.com\/blog\/wp-content\/uploads\/2010\/01\/schneesturm-schneechaos-selbst-vorhersage.jpg?resize=525%2C300&ssl=1 1.5x, https:\/\/i0.wp.com\/www.gaidaphotos.com\/blog\/wp-content\/uploads\/2010\/01\/schneesturm-schneechaos-selbst-vorhersage.jpg?resize=700%2C400&ssl=1 2x"},"classes":[]},{"id":2554,"url":"https:\/\/www.gaidaphotos.com\/blog\/2010\/02\/15\/rodenkirchen-fotos-karneval-karnevalszug-2010\/","url_meta":{"origin":2361,"position":2},"title":"K\u00f6ln-Rodenkirchen: Karneval &#8211; Fotos vom Zug 2010","author":"Thomas","date":"15. Februar 2010","format":false,"excerpt":"Schneeflocken und Kamelle: Fotos vom Karnevalszug in Rodenkirchen Das gab es lange nicht, Schneeflocken und Kamelle beim Karneval in Rodenkirchen. Trotz verschneiter Stra\u00dfen (!) lie\u00dfen sich gestern weder der Karnevalszug in K\u00f6ln-Rodenkirchen noch die Jecken vom Feiern abhalten. Im Unterschied zu fr\u00fcheren Jahren war der Zug an Karneval deutlicher flotter.\u2026","rel":"","context":"In &quot;K\u00f6ln Rodenkirchen&quot;","block_context":{"text":"K\u00f6ln Rodenkirchen","link":"https:\/\/www.gaidaphotos.com\/blog\/category\/koeln-rodenkirchen\/"},"img":{"alt_text":"Strassenkarneval in K\u00f6ln Rodenkirchen","src":"https:\/\/i0.wp.com\/www.gaidaphotos.com\/blog\/wp-content\/uploads\/2010\/02\/strassenkarneval-koeln-rodenkirchen-tanzgruppen-03.jpg?fit=480%2C320&ssl=1&resize=350%2C200","width":350,"height":200},"classes":[]},{"id":3470,"url":"https:\/\/www.gaidaphotos.com\/blog\/2010\/12\/05\/nikolausfest-2010-koeln-rodenkirchen-bilder\/","url_meta":{"origin":2361,"position":3},"title":"Nikolausfest 2010 in K\u00f6ln Rodenkirchen: Bilder, Bilder, Bilder","author":"Thomas","date":"5. Dezember 2010","format":false,"excerpt":"Nikolausfest 2010 in K\u00f6ln Rodenkirchen: Bilder, Bilder, Bilder Aktuelle Bilder vom Nikolausfest 2010 in K\u00f6ln Rodenkirchen. Trotz Schneeregen und Temperaturen knapp \u00fcber Null lie\u00dfen es sich die Rodenkirchener auch in diesem Jahr nicht nehmen auf dem Maternusplatz ein Nikolausfest mit Weihnachtsmarkt zu feiern. Leider beschr\u00e4nkte sich der Weihnachtsmarkt auf Gl\u00fchwein\u2026","rel":"","context":"In &quot;K\u00f6ln Rodenkirchen Einkaufen&quot;","block_context":{"text":"K\u00f6ln Rodenkirchen Einkaufen","link":"https:\/\/www.gaidaphotos.com\/blog\/category\/koeln-rodenkirchen\/koeln-rodenkirchen-einkaufen\/"},"img":{"alt_text":"","src":"","width":0,"height":0},"classes":[]},{"id":2838,"url":"https:\/\/www.gaidaphotos.com\/blog\/2010\/05\/01\/koln-rodenkirchen-der-maibaum-wird-aufgestellt\/","url_meta":{"origin":2361,"position":4},"title":"K\u00f6ln-Rodenkirchen: Der Maibaum wird aufgerichtet","author":"Thomas","date":"1. Mai 2010","format":false,"excerpt":"Hier wird der Maibaum in K\u00f6ln Rodenkirchen aufgestellt. Hier seht Ihr das Video vom vergangenen Abend, als gegen kurz vor 22:00h der Maibaum endlich aufgerichtet werden konnte. Jetzt schm\u00fcckt ein sch\u00f6ner, gr\u00fcner und bunter Maibaum den Maternusplatz in Rodenkirchen. Der gestrige Abend verlief friedlich, wenn auch nicht ruhig. Statt in\u2026","rel":"","context":"In &quot;K\u00f6ln Rodenkirchen&quot;","block_context":{"text":"K\u00f6ln Rodenkirchen","link":"https:\/\/www.gaidaphotos.com\/blog\/category\/koeln-rodenkirchen\/"},"img":{"alt_text":"K\u00f6ln Rodenkirchen Maibaum und verkaufsoffener Sonntag","src":"https:\/\/i0.wp.com\/www.gaidaphotos.com\/blog\/wp-content\/uploads\/2010\/05\/rodenkirchen-maifeier.jpg?resize=350%2C200&ssl=1","width":350,"height":200},"classes":[]},{"id":2815,"url":"https:\/\/www.gaidaphotos.com\/blog\/2010\/04\/22\/tanz-in-den-mai-30-04-2010\/","url_meta":{"origin":2361,"position":5},"title":"K\u00f6ln-Rodenkirchen: Tanz in den Mai am 30.04.2010","author":"Thomas","date":"22. April 2010","format":false,"excerpt":"Am 30.04.2010 Tanz in den Mai in K\u00f6ln-Rodenkirchen Am 30. April 2010 tanzt ganz K\u00f6ln-Rodenkirchen auf dem Maternusplatz in den Mai. Anlass ist das Maifest der AG-Rodenkirchen, einem Zusammenschluss \u00f6rtlicher Einzelh\u00e4ndler und Dienstleister. Am 30.04.2010 treffen sich um 17:00h mehr als 20 Vereine und Schulen und stellen auf dem Maternusplatz\u2026","rel":"","context":"In &quot;K\u00f6ln Rodenkirchen&quot;","block_context":{"text":"K\u00f6ln Rodenkirchen","link":"https:\/\/www.gaidaphotos.com\/blog\/category\/koeln-rodenkirchen\/"},"img":{"alt_text":"Tanz in den Mai 30.04.2010 Rodenkirchen","src":"https:\/\/i0.wp.com\/www.gaidaphotos.com\/blog\/wp-content\/uploads\/2010\/04\/tanz-in-den-mai-rodenkirchen.jpg?resize=350%2C200&ssl=1","width":350,"height":200},"classes":[]}],"_links":{"self":[{"href":"https:\/\/www.gaidaphotos.com\/blog\/wp-json\/wp\/v2\/posts\/2361","targetHints":{"allow":["GET"]}}],"collection":[{"href":"https:\/\/www.gaidaphotos.com\/blog\/wp-json\/wp\/v2\/posts"}],"about":[{"href":"https:\/\/www.gaidaphotos.com\/blog\/wp-json\/wp\/v2\/types\/post"}],"author":[{"embeddable":true,"href":"https:\/\/www.gaidaphotos.com\/blog\/wp-json\/wp\/v2\/users\/6"}],"replies":[{"embeddable":true,"href":"https:\/\/www.gaidaphotos.com\/blog\/wp-json\/wp\/v2\/comments?post=2361"}],"version-history":[{"count":0,"href":"https:\/\/www.gaidaphotos.com\/blog\/wp-json\/wp\/v2\/posts\/2361\/revisions"}],"wp:attachment":[{"href":"https:\/\/www.gaidaphotos.com\/blog\/wp-json\/wp\/v2\/media?parent=2361"}],"wp:term":[{"taxonomy":"category","embeddable":true,"href":"https:\/\/www.gaidaphotos.com\/blog\/wp-json\/wp\/v2\/categories?post=2361"},{"taxonomy":"post_tag","embeddable":true,"href":"https:\/\/www.gaidaphotos.com\/blog\/wp-json\/wp\/v2\/tags?post=2361"}],"curies":[{"name":"wp","href":"https:\/\/api.w.org\/{rel}","templated":true}]}}