{"id":2563,"date":"2010-02-19T17:48:56","date_gmt":"2010-02-19T16:48:56","guid":{"rendered":"http:\/\/gaidaphotos.com\/blog\/?p=2563"},"modified":"2010-02-21T14:51:13","modified_gmt":"2010-02-21T13:51:13","slug":"foto-koeln-rodenkirchen","status":"publish","type":"post","link":"https:\/\/www.gaidaphotos.com\/blog\/2010\/02\/19\/foto-koeln-rodenkirchen\/","title":{"rendered":"K\u00f6ln-Rodenkirchen: Fotos von Kapelle und Rhein"},"content":{"rendered":"<p>K\u00f6ln-Rodenkirchen: Fotos aus Rodenkirchen<\/p>\n<p>In dieser nachrichtenarmen Zeit, in der sich Rodenkirchen und die Rodenkirchener vom Karneval erholen, zeigen wir ein paar Fotos aus Rodenkirchen.<\/p>\n<table>\n<tbody>\n<tr>\n<td>\n<p><figure id=\"attachment_2565\" aria-describedby=\"caption-attachment-2565\" style=\"width: 300px\" class=\"wp-caption aligncenter\"><a href=\"https:\/\/i0.wp.com\/www.gaidaphotos.com\/blog\/wp-content\/uploads\/2010\/02\/koeln-rodenkirchen-15.jpg?ssl=1\"><img data-recalc-dims=\"1\" loading=\"lazy\" decoding=\"async\" class=\"size-medium wp-image-2565\" title=\"koeln-rodenkirchen-15\" src=\"https:\/\/i0.wp.com\/www.gaidaphotos.com\/blog\/wp-content\/uploads\/2010\/02\/koeln-rodenkirchen-15.jpg?resize=300%2C199&#038;ssl=1\" alt=\"K\u00f6ln Rodenkirchen Fotos\" width=\"300\" height=\"199\" srcset=\"https:\/\/i0.wp.com\/www.gaidaphotos.com\/blog\/wp-content\/uploads\/2010\/02\/koeln-rodenkirchen-15.jpg?resize=300%2C199&amp;ssl=1 300w, https:\/\/i0.wp.com\/www.gaidaphotos.com\/blog\/wp-content\/uploads\/2010\/02\/koeln-rodenkirchen-15.jpg?w=640&amp;ssl=1 640w\" sizes=\"auto, (max-width: 300px) 100vw, 300px\" \/><\/a><figcaption id=\"caption-attachment-2565\" class=\"wp-caption-text\">\u00dcber den D\u00e4chern von Rodenkirchen<\/figcaption><\/figure><\/td>\n<td>\n<p><figure id=\"attachment_2564\" aria-describedby=\"caption-attachment-2564\" style=\"width: 225px\" class=\"wp-caption aligncenter\"><a href=\"https:\/\/i0.wp.com\/www.gaidaphotos.com\/blog\/wp-content\/uploads\/2010\/02\/koeln-rodenkirchen-villa-malta-04.jpg?ssl=1\"><img data-recalc-dims=\"1\" loading=\"lazy\" decoding=\"async\" class=\"size-medium wp-image-2564\" title=\"koeln-rodenkirchen-villa-malta-04\" src=\"https:\/\/i0.wp.com\/www.gaidaphotos.com\/blog\/wp-content\/uploads\/2010\/02\/koeln-rodenkirchen-villa-malta-04.jpg?resize=225%2C300&#038;ssl=1\" alt=\"K\u00f6ln Rodenkirchen Fotos\" width=\"225\" height=\"300\" srcset=\"https:\/\/i0.wp.com\/www.gaidaphotos.com\/blog\/wp-content\/uploads\/2010\/02\/koeln-rodenkirchen-villa-malta-04.jpg?resize=225%2C300&amp;ssl=1 225w, https:\/\/i0.wp.com\/www.gaidaphotos.com\/blog\/wp-content\/uploads\/2010\/02\/koeln-rodenkirchen-villa-malta-04.jpg?w=480&amp;ssl=1 480w\" sizes=\"auto, (max-width: 225px) 100vw, 225px\" \/><\/a><figcaption id=\"caption-attachment-2564\" class=\"wp-caption-text\">K\u00f6ln Rodenkirchen Fotos<\/figcaption><\/figure><\/td>\n<\/tr>\n<tr>\n<td>\n<p><figure id=\"attachment_2572\" aria-describedby=\"caption-attachment-2572\" style=\"width: 300px\" class=\"wp-caption aligncenter\"><a href=\"https:\/\/i0.wp.com\/www.gaidaphotos.com\/blog\/wp-content\/uploads\/2010\/02\/koeln-rodenkirchen-kapelle-05.jpg?ssl=1\"><img data-recalc-dims=\"1\" loading=\"lazy\" decoding=\"async\" class=\"size-medium wp-image-2572\" title=\"koeln-rodenkirchen-kapelle-05\" src=\"https:\/\/i0.wp.com\/www.gaidaphotos.com\/blog\/wp-content\/uploads\/2010\/02\/koeln-rodenkirchen-kapelle-05.jpg?resize=300%2C225&#038;ssl=1\" alt=\"K\u00f6ln Rodenkirchen Fotos\" width=\"300\" height=\"225\" srcset=\"https:\/\/i0.wp.com\/www.gaidaphotos.com\/blog\/wp-content\/uploads\/2010\/02\/koeln-rodenkirchen-kapelle-05.jpg?resize=300%2C225&amp;ssl=1 300w, https:\/\/i0.wp.com\/www.gaidaphotos.com\/blog\/wp-content\/uploads\/2010\/02\/koeln-rodenkirchen-kapelle-05.jpg?w=640&amp;ssl=1 640w\" sizes=\"auto, (max-width: 300px) 100vw, 300px\" \/><\/a><figcaption id=\"caption-attachment-2572\" class=\"wp-caption-text\">K\u00f6ln Rodenkirchen: Kapelle am Rhein<\/figcaption><\/figure><\/td>\n<td>\n<p><figure id=\"attachment_2573\" aria-describedby=\"caption-attachment-2573\" style=\"width: 200px\" class=\"wp-caption aligncenter\"><a href=\"https:\/\/i0.wp.com\/www.gaidaphotos.com\/blog\/wp-content\/uploads\/2010\/02\/koeln-rodenkirchen-kapelle-10.jpg?ssl=1\"><img data-recalc-dims=\"1\" loading=\"lazy\" decoding=\"async\" class=\"size-medium wp-image-2573\" title=\"koeln-rodenkirchen-kapelle-10\" src=\"https:\/\/i0.wp.com\/www.gaidaphotos.com\/blog\/wp-content\/uploads\/2010\/02\/koeln-rodenkirchen-kapelle-10.jpg?resize=200%2C300&#038;ssl=1\" alt=\"K\u00f6ln Rodenkirchen Fotos\" width=\"200\" height=\"300\" srcset=\"https:\/\/i0.wp.com\/www.gaidaphotos.com\/blog\/wp-content\/uploads\/2010\/02\/koeln-rodenkirchen-kapelle-10.jpg?resize=200%2C300&amp;ssl=1 200w, https:\/\/i0.wp.com\/www.gaidaphotos.com\/blog\/wp-content\/uploads\/2010\/02\/koeln-rodenkirchen-kapelle-10.jpg?w=427&amp;ssl=1 427w\" sizes=\"auto, (max-width: 200px) 100vw, 200px\" \/><\/a><figcaption id=\"caption-attachment-2573\" class=\"wp-caption-text\">Das Wahrzeichen von K\u00f6ln-Rodenkirchen<\/figcaption><\/figure><\/td>\n<\/tr>\n<tr>\n<td>\n<p><figure id=\"attachment_2584\" aria-describedby=\"caption-attachment-2584\" style=\"width: 200px\" class=\"wp-caption aligncenter\"><a href=\"https:\/\/i0.wp.com\/www.gaidaphotos.com\/blog\/wp-content\/uploads\/2010\/02\/koeln-rodenkirchen-rheinbruecke-11.jpg?ssl=1\"><img data-recalc-dims=\"1\" loading=\"lazy\" decoding=\"async\" class=\"size-medium wp-image-2584\" title=\"koeln-rodenkirchen-rheinbruecke-11\" src=\"https:\/\/i0.wp.com\/www.gaidaphotos.com\/blog\/wp-content\/uploads\/2010\/02\/koeln-rodenkirchen-rheinbruecke-11.jpg?resize=200%2C300&#038;ssl=1\" alt=\"K\u00f6ln Rodenkirchen Fotos\" width=\"200\" height=\"300\" srcset=\"https:\/\/i0.wp.com\/www.gaidaphotos.com\/blog\/wp-content\/uploads\/2010\/02\/koeln-rodenkirchen-rheinbruecke-11.jpg?resize=200%2C300&amp;ssl=1 200w, https:\/\/i0.wp.com\/www.gaidaphotos.com\/blog\/wp-content\/uploads\/2010\/02\/koeln-rodenkirchen-rheinbruecke-11.jpg?w=427&amp;ssl=1 427w\" sizes=\"auto, (max-width: 200px) 100vw, 200px\" \/><\/a><figcaption id=\"caption-attachment-2584\" class=\"wp-caption-text\">Rhein und Rodenkirchener Br\u00fccke<\/figcaption><\/figure><\/td>\n<td>\n<p><figure id=\"attachment_2587\" aria-describedby=\"caption-attachment-2587\" style=\"width: 300px\" class=\"wp-caption aligncenter\"><a href=\"https:\/\/i0.wp.com\/www.gaidaphotos.com\/blog\/wp-content\/uploads\/2010\/02\/koeln-rodenkirchen-suedbruecke-dom-01.jpg?ssl=1\"><img data-recalc-dims=\"1\" loading=\"lazy\" decoding=\"async\" class=\"size-medium wp-image-2587\" title=\"koeln-rodenkirchen-suedbruecke-dom-01\" src=\"https:\/\/i0.wp.com\/www.gaidaphotos.com\/blog\/wp-content\/uploads\/2010\/02\/koeln-rodenkirchen-suedbruecke-dom-01.jpg?resize=300%2C225&#038;ssl=1\" alt=\"K\u00f6ln Rodenkirchen Fotos\" width=\"300\" height=\"225\" srcset=\"https:\/\/i0.wp.com\/www.gaidaphotos.com\/blog\/wp-content\/uploads\/2010\/02\/koeln-rodenkirchen-suedbruecke-dom-01.jpg?resize=300%2C225&amp;ssl=1 300w, https:\/\/i0.wp.com\/www.gaidaphotos.com\/blog\/wp-content\/uploads\/2010\/02\/koeln-rodenkirchen-suedbruecke-dom-01.jpg?w=640&amp;ssl=1 640w\" sizes=\"auto, (max-width: 300px) 100vw, 300px\" \/><\/a><figcaption id=\"caption-attachment-2587\" class=\"wp-caption-text\">S\u00fcdbr\u00fccke und Dom<\/figcaption><\/figure><\/td>\n<\/tr>\n<\/tbody>\n<\/table>\n","protected":false},"excerpt":{"rendered":"<p>K\u00f6ln-Rodenkirchen: Fotos aus Rodenkirchen In dieser nachrichtenarmen Zeit, in der sich Rodenkirchen und die Rodenkirchener vom Karneval erholen, zeigen wir<\/p>\n","protected":false},"author":6,"featured_media":0,"comment_status":"open","ping_status":"open","sticky":false,"template":"","format":"standard","meta":{"_crdt_document":"","ngg_post_thumbnail":0,"jetpack_post_was_ever_published":false,"_jetpack_newsletter_access":"","_jetpack_dont_email_post_to_subs":false,"_jetpack_newsletter_tier_id":0,"_jetpack_memberships_contains_paywalled_content":false,"_jetpack_memberships_contains_paid_content":false,"footnotes":"","jetpack_publicize_message":"","jetpack_publicize_feature_enabled":true,"jetpack_social_post_already_shared":false,"jetpack_social_options":{"image_generator_settings":{"template":"highway","default_image_id":0,"font":"","enabled":false},"version":2}},"categories":[74,52,135],"tags":[86,102,538],"class_list":["post-2563","post","type-post","status-publish","format-standard","hentry","category-foto","category-koeln-rodenkirchen","category-koeln_rodenkirchen-fotos","tag-fotografie","tag-freizeit","tag-koeln-rodenkirchen"],"yoast_head":"<!-- This site is optimized with the Yoast SEO plugin v27.5 - https:\/\/yoast.com\/product\/yoast-seo-wordpress\/ -->\n<title>K\u00f6ln_Rodenkirchen: Fotos von Kapelle und Rhein<\/title>\n<meta name=\"description\" content=\"Die sch\u00f6nsten Fotos von K\u00f6ln-Rodenkirchen: Kapelle und Rhein aus &quot;Nachrichten und Neuigkeiten aus K\u00f6ln Rodenkirchen&quot;\" \/>\n<meta name=\"robots\" content=\"index, follow, max-snippet:-1, max-image-preview:large, max-video-preview:-1\" \/>\n<link rel=\"canonical\" href=\"https:\/\/www.gaidaphotos.com\/blog\/2010\/02\/19\/foto-koeln-rodenkirchen\/\" \/>\n<meta property=\"og:locale\" content=\"de_DE\" \/>\n<meta property=\"og:type\" content=\"article\" \/>\n<meta property=\"og:title\" content=\"K\u00f6ln_Rodenkirchen: Fotos von Kapelle und Rhein\" \/>\n<meta property=\"og:description\" content=\"Die sch\u00f6nsten Fotos von K\u00f6ln-Rodenkirchen: Kapelle und Rhein aus &quot;Nachrichten und Neuigkeiten aus K\u00f6ln Rodenkirchen&quot;\" \/>\n<meta property=\"og:url\" content=\"https:\/\/www.gaidaphotos.com\/blog\/2010\/02\/19\/foto-koeln-rodenkirchen\/\" \/>\n<meta property=\"og:site_name\" content=\"K\u00f6ln Rodenkirchen und die Welt\" \/>\n<meta property=\"article:publisher\" content=\"https:\/\/www.facebook.com\/Koeln.Rodenkirchen\" \/>\n<meta property=\"article:author\" content=\"https:\/\/www.facebook.com\/gaidaphotos\" \/>\n<meta property=\"article:published_time\" content=\"2010-02-19T16:48:56+00:00\" \/>\n<meta property=\"article:modified_time\" content=\"2010-02-21T13:51:13+00:00\" \/>\n<meta property=\"og:image\" content=\"https:\/\/www.gaidaphotos.com\/blog\/wp-content\/uploads\/2010\/02\/koeln-rodenkirchen-15-300x199.jpg\" \/>\n<meta name=\"author\" content=\"Thomas\" \/>\n<meta name=\"twitter:card\" content=\"summary_large_image\" \/>\n<meta name=\"twitter:creator\" content=\"@gaidaphotos\" \/>\n<meta name=\"twitter:site\" content=\"@gaidaphotos\" \/>\n<meta name=\"twitter:label1\" content=\"Verfasst von\" \/>\n\t<meta name=\"twitter:data1\" content=\"Thomas\" \/>\n\t<meta name=\"twitter:label2\" content=\"Gesch\u00e4tzte Lesezeit\" \/>\n\t<meta name=\"twitter:data2\" content=\"1\u00a0Minute\" \/>\n<script type=\"application\/ld+json\" class=\"yoast-schema-graph\">{\"@context\":\"https:\\\/\\\/schema.org\",\"@graph\":[{\"@type\":\"Article\",\"@id\":\"https:\\\/\\\/www.gaidaphotos.com\\\/blog\\\/2010\\\/02\\\/19\\\/foto-koeln-rodenkirchen\\\/#article\",\"isPartOf\":{\"@id\":\"https:\\\/\\\/www.gaidaphotos.com\\\/blog\\\/2010\\\/02\\\/19\\\/foto-koeln-rodenkirchen\\\/\"},\"author\":{\"name\":\"Thomas\",\"@id\":\"https:\\\/\\\/www.gaidaphotos.com\\\/blog\\\/#\\\/schema\\\/person\\\/6c444a5b13ffc503c5c32f5a9ec68b21\"},\"headline\":\"K\u00f6ln-Rodenkirchen: Fotos von Kapelle und Rhein\",\"datePublished\":\"2010-02-19T16:48:56+00:00\",\"dateModified\":\"2010-02-21T13:51:13+00:00\",\"mainEntityOfPage\":{\"@id\":\"https:\\\/\\\/www.gaidaphotos.com\\\/blog\\\/2010\\\/02\\\/19\\\/foto-koeln-rodenkirchen\\\/\"},\"wordCount\":112,\"commentCount\":0,\"publisher\":{\"@id\":\"https:\\\/\\\/www.gaidaphotos.com\\\/blog\\\/#organization\"},\"image\":{\"@id\":\"https:\\\/\\\/www.gaidaphotos.com\\\/blog\\\/2010\\\/02\\\/19\\\/foto-koeln-rodenkirchen\\\/#primaryimage\"},\"thumbnailUrl\":\"https:\\\/\\\/www.gaidaphotos.com\\\/blog\\\/wp-content\\\/uploads\\\/2010\\\/02\\\/koeln-rodenkirchen-15-300x199.jpg\",\"keywords\":[\"Fotografie\",\"Freizeit-Ideen\",\"K\u00f6ln Rodenkirchen\"],\"articleSection\":[\"Foto\",\"K\u00f6ln Rodenkirchen\",\"K\u00f6ln-Rodenkirchen Fotos\"],\"inLanguage\":\"de\",\"potentialAction\":[{\"@type\":\"CommentAction\",\"name\":\"Comment\",\"target\":[\"https:\\\/\\\/www.gaidaphotos.com\\\/blog\\\/2010\\\/02\\\/19\\\/foto-koeln-rodenkirchen\\\/#respond\"]}]},{\"@type\":\"WebPage\",\"@id\":\"https:\\\/\\\/www.gaidaphotos.com\\\/blog\\\/2010\\\/02\\\/19\\\/foto-koeln-rodenkirchen\\\/\",\"url\":\"https:\\\/\\\/www.gaidaphotos.com\\\/blog\\\/2010\\\/02\\\/19\\\/foto-koeln-rodenkirchen\\\/\",\"name\":\"K\u00f6ln_Rodenkirchen: Fotos von Kapelle und Rhein\",\"isPartOf\":{\"@id\":\"https:\\\/\\\/www.gaidaphotos.com\\\/blog\\\/#website\"},\"primaryImageOfPage\":{\"@id\":\"https:\\\/\\\/www.gaidaphotos.com\\\/blog\\\/2010\\\/02\\\/19\\\/foto-koeln-rodenkirchen\\\/#primaryimage\"},\"image\":{\"@id\":\"https:\\\/\\\/www.gaidaphotos.com\\\/blog\\\/2010\\\/02\\\/19\\\/foto-koeln-rodenkirchen\\\/#primaryimage\"},\"thumbnailUrl\":\"https:\\\/\\\/www.gaidaphotos.com\\\/blog\\\/wp-content\\\/uploads\\\/2010\\\/02\\\/koeln-rodenkirchen-15-300x199.jpg\",\"datePublished\":\"2010-02-19T16:48:56+00:00\",\"dateModified\":\"2010-02-21T13:51:13+00:00\",\"description\":\"Die sch\u00f6nsten Fotos von K\u00f6ln-Rodenkirchen: Kapelle und Rhein aus \\\"Nachrichten und Neuigkeiten aus K\u00f6ln Rodenkirchen\\\"\",\"breadcrumb\":{\"@id\":\"https:\\\/\\\/www.gaidaphotos.com\\\/blog\\\/2010\\\/02\\\/19\\\/foto-koeln-rodenkirchen\\\/#breadcrumb\"},\"inLanguage\":\"de\",\"potentialAction\":[{\"@type\":\"ReadAction\",\"target\":[\"https:\\\/\\\/www.gaidaphotos.com\\\/blog\\\/2010\\\/02\\\/19\\\/foto-koeln-rodenkirchen\\\/\"]}]},{\"@type\":\"ImageObject\",\"inLanguage\":\"de\",\"@id\":\"https:\\\/\\\/www.gaidaphotos.com\\\/blog\\\/2010\\\/02\\\/19\\\/foto-koeln-rodenkirchen\\\/#primaryimage\",\"url\":\"https:\\\/\\\/i0.wp.com\\\/www.gaidaphotos.com\\\/blog\\\/wp-content\\\/uploads\\\/2010\\\/02\\\/koeln-rodenkirchen-15.jpg?fit=640%2C426&ssl=1\",\"contentUrl\":\"https:\\\/\\\/i0.wp.com\\\/www.gaidaphotos.com\\\/blog\\\/wp-content\\\/uploads\\\/2010\\\/02\\\/koeln-rodenkirchen-15.jpg?fit=640%2C426&ssl=1\",\"width\":\"640\",\"height\":\"426\",\"caption\":\"\u00dcber den D\u00e4chern von Rodenkirchen\"},{\"@type\":\"BreadcrumbList\",\"@id\":\"https:\\\/\\\/www.gaidaphotos.com\\\/blog\\\/2010\\\/02\\\/19\\\/foto-koeln-rodenkirchen\\\/#breadcrumb\",\"itemListElement\":[{\"@type\":\"ListItem\",\"position\":1,\"name\":\"Startseite\",\"item\":\"https:\\\/\\\/www.gaidaphotos.com\\\/blog\\\/\"},{\"@type\":\"ListItem\",\"position\":2,\"name\":\"K\u00f6ln-Rodenkirchen: Fotos von Kapelle und Rhein\"}]},{\"@type\":\"WebSite\",\"@id\":\"https:\\\/\\\/www.gaidaphotos.com\\\/blog\\\/#website\",\"url\":\"https:\\\/\\\/www.gaidaphotos.com\\\/blog\\\/\",\"name\":\"K\u00f6ln Rodenkirchen und die Welt\",\"description\":\"Einkaufen, Restaurants, Freizeit, Nachrichten und was uns sonst bewegt und begegnet\",\"publisher\":{\"@id\":\"https:\\\/\\\/www.gaidaphotos.com\\\/blog\\\/#organization\"},\"potentialAction\":[{\"@type\":\"SearchAction\",\"target\":{\"@type\":\"EntryPoint\",\"urlTemplate\":\"https:\\\/\\\/www.gaidaphotos.com\\\/blog\\\/?s={search_term_string}\"},\"query-input\":{\"@type\":\"PropertyValueSpecification\",\"valueRequired\":true,\"valueName\":\"search_term_string\"}}],\"inLanguage\":\"de\"},{\"@type\":\"Organization\",\"@id\":\"https:\\\/\\\/www.gaidaphotos.com\\\/blog\\\/#organization\",\"name\":\"gaidaphotos\",\"url\":\"https:\\\/\\\/www.gaidaphotos.com\\\/blog\\\/\",\"logo\":{\"@type\":\"ImageObject\",\"inLanguage\":\"de\",\"@id\":\"https:\\\/\\\/www.gaidaphotos.com\\\/blog\\\/#\\\/schema\\\/logo\\\/image\\\/\",\"url\":\"https:\\\/\\\/i0.wp.com\\\/www.gaidaphotos.com\\\/blog\\\/wp-content\\\/uploads\\\/2020\\\/07\\\/GAIDAPHOTOS-COM.jpg?fit=160%2C96&ssl=1\",\"contentUrl\":\"https:\\\/\\\/i0.wp.com\\\/www.gaidaphotos.com\\\/blog\\\/wp-content\\\/uploads\\\/2020\\\/07\\\/GAIDAPHOTOS-COM.jpg?fit=160%2C96&ssl=1\",\"width\":160,\"height\":96,\"caption\":\"gaidaphotos\"},\"image\":{\"@id\":\"https:\\\/\\\/www.gaidaphotos.com\\\/blog\\\/#\\\/schema\\\/logo\\\/image\\\/\"},\"sameAs\":[\"https:\\\/\\\/www.facebook.com\\\/Koeln.Rodenkirchen\",\"https:\\\/\\\/x.com\\\/gaidaphotos\",\"https:\\\/\\\/instagram.com\\\/gaidaphotos\\\/\",\"https:\\\/\\\/de.linkedin.com\\\/in\\\/gaidaphotos\",\"https:\\\/\\\/myspace.com\\\/gaidaphotos\",\"https:\\\/\\\/www.pinterest.com\\\/gaidaphotos\\\/\",\"https:\\\/\\\/www.youtube.com\\\/user\\\/gaidaphotos\"]},{\"@type\":\"Person\",\"@id\":\"https:\\\/\\\/www.gaidaphotos.com\\\/blog\\\/#\\\/schema\\\/person\\\/6c444a5b13ffc503c5c32f5a9ec68b21\",\"name\":\"Thomas\",\"sameAs\":[\"https:\\\/\\\/www.gaidaphotos.com\",\"https:\\\/\\\/www.facebook.com\\\/gaidaphotos\",\"https:\\\/\\\/instagram.com\\\/gaidaphotos\\\/\",\"https:\\\/\\\/www.linkedin.com\\\/in\\\/gaidaphotos\",\"http:\\\/\\\/www.pinterest.com\\\/gaidaphotos\\\/\",\"https:\\\/\\\/x.com\\\/gaidaphotos\",\"https:\\\/\\\/myspace.com\\\/gaidaphotos\",\"https:\\\/\\\/www.youtube.com\\\/user\\\/gaidaphotos\",\"https:\\\/\\\/gaidaphotos.tumblr.com\\\/\"]}]}<\/script>\n<!-- \/ Yoast SEO plugin. -->","yoast_head_json":{"title":"K\u00f6ln_Rodenkirchen: Fotos von Kapelle und Rhein","description":"Die sch\u00f6nsten Fotos von K\u00f6ln-Rodenkirchen: Kapelle und Rhein aus \"Nachrichten und Neuigkeiten aus K\u00f6ln Rodenkirchen\"","robots":{"index":"index","follow":"follow","max-snippet":"max-snippet:-1","max-image-preview":"max-image-preview:large","max-video-preview":"max-video-preview:-1"},"canonical":"https:\/\/www.gaidaphotos.com\/blog\/2010\/02\/19\/foto-koeln-rodenkirchen\/","og_locale":"de_DE","og_type":"article","og_title":"K\u00f6ln_Rodenkirchen: Fotos von Kapelle und Rhein","og_description":"Die sch\u00f6nsten Fotos von K\u00f6ln-Rodenkirchen: Kapelle und Rhein aus \"Nachrichten und Neuigkeiten aus K\u00f6ln Rodenkirchen\"","og_url":"https:\/\/www.gaidaphotos.com\/blog\/2010\/02\/19\/foto-koeln-rodenkirchen\/","og_site_name":"K\u00f6ln Rodenkirchen und die Welt","article_publisher":"https:\/\/www.facebook.com\/Koeln.Rodenkirchen","article_author":"https:\/\/www.facebook.com\/gaidaphotos","article_published_time":"2010-02-19T16:48:56+00:00","article_modified_time":"2010-02-21T13:51:13+00:00","og_image":[{"url":"https:\/\/www.gaidaphotos.com\/blog\/wp-content\/uploads\/2010\/02\/koeln-rodenkirchen-15-300x199.jpg","type":"","width":"","height":""}],"author":"Thomas","twitter_card":"summary_large_image","twitter_creator":"@gaidaphotos","twitter_site":"@gaidaphotos","twitter_misc":{"Verfasst von":"Thomas","Gesch\u00e4tzte Lesezeit":"1\u00a0Minute"},"schema":{"@context":"https:\/\/schema.org","@graph":[{"@type":"Article","@id":"https:\/\/www.gaidaphotos.com\/blog\/2010\/02\/19\/foto-koeln-rodenkirchen\/#article","isPartOf":{"@id":"https:\/\/www.gaidaphotos.com\/blog\/2010\/02\/19\/foto-koeln-rodenkirchen\/"},"author":{"name":"Thomas","@id":"https:\/\/www.gaidaphotos.com\/blog\/#\/schema\/person\/6c444a5b13ffc503c5c32f5a9ec68b21"},"headline":"K\u00f6ln-Rodenkirchen: Fotos von Kapelle und Rhein","datePublished":"2010-02-19T16:48:56+00:00","dateModified":"2010-02-21T13:51:13+00:00","mainEntityOfPage":{"@id":"https:\/\/www.gaidaphotos.com\/blog\/2010\/02\/19\/foto-koeln-rodenkirchen\/"},"wordCount":112,"commentCount":0,"publisher":{"@id":"https:\/\/www.gaidaphotos.com\/blog\/#organization"},"image":{"@id":"https:\/\/www.gaidaphotos.com\/blog\/2010\/02\/19\/foto-koeln-rodenkirchen\/#primaryimage"},"thumbnailUrl":"https:\/\/www.gaidaphotos.com\/blog\/wp-content\/uploads\/2010\/02\/koeln-rodenkirchen-15-300x199.jpg","keywords":["Fotografie","Freizeit-Ideen","K\u00f6ln Rodenkirchen"],"articleSection":["Foto","K\u00f6ln Rodenkirchen","K\u00f6ln-Rodenkirchen Fotos"],"inLanguage":"de","potentialAction":[{"@type":"CommentAction","name":"Comment","target":["https:\/\/www.gaidaphotos.com\/blog\/2010\/02\/19\/foto-koeln-rodenkirchen\/#respond"]}]},{"@type":"WebPage","@id":"https:\/\/www.gaidaphotos.com\/blog\/2010\/02\/19\/foto-koeln-rodenkirchen\/","url":"https:\/\/www.gaidaphotos.com\/blog\/2010\/02\/19\/foto-koeln-rodenkirchen\/","name":"K\u00f6ln_Rodenkirchen: Fotos von Kapelle und Rhein","isPartOf":{"@id":"https:\/\/www.gaidaphotos.com\/blog\/#website"},"primaryImageOfPage":{"@id":"https:\/\/www.gaidaphotos.com\/blog\/2010\/02\/19\/foto-koeln-rodenkirchen\/#primaryimage"},"image":{"@id":"https:\/\/www.gaidaphotos.com\/blog\/2010\/02\/19\/foto-koeln-rodenkirchen\/#primaryimage"},"thumbnailUrl":"https:\/\/www.gaidaphotos.com\/blog\/wp-content\/uploads\/2010\/02\/koeln-rodenkirchen-15-300x199.jpg","datePublished":"2010-02-19T16:48:56+00:00","dateModified":"2010-02-21T13:51:13+00:00","description":"Die sch\u00f6nsten Fotos von K\u00f6ln-Rodenkirchen: Kapelle und Rhein aus \"Nachrichten und Neuigkeiten aus K\u00f6ln Rodenkirchen\"","breadcrumb":{"@id":"https:\/\/www.gaidaphotos.com\/blog\/2010\/02\/19\/foto-koeln-rodenkirchen\/#breadcrumb"},"inLanguage":"de","potentialAction":[{"@type":"ReadAction","target":["https:\/\/www.gaidaphotos.com\/blog\/2010\/02\/19\/foto-koeln-rodenkirchen\/"]}]},{"@type":"ImageObject","inLanguage":"de","@id":"https:\/\/www.gaidaphotos.com\/blog\/2010\/02\/19\/foto-koeln-rodenkirchen\/#primaryimage","url":"https:\/\/i0.wp.com\/www.gaidaphotos.com\/blog\/wp-content\/uploads\/2010\/02\/koeln-rodenkirchen-15.jpg?fit=640%2C426&ssl=1","contentUrl":"https:\/\/i0.wp.com\/www.gaidaphotos.com\/blog\/wp-content\/uploads\/2010\/02\/koeln-rodenkirchen-15.jpg?fit=640%2C426&ssl=1","width":"640","height":"426","caption":"\u00dcber den D\u00e4chern von Rodenkirchen"},{"@type":"BreadcrumbList","@id":"https:\/\/www.gaidaphotos.com\/blog\/2010\/02\/19\/foto-koeln-rodenkirchen\/#breadcrumb","itemListElement":[{"@type":"ListItem","position":1,"name":"Startseite","item":"https:\/\/www.gaidaphotos.com\/blog\/"},{"@type":"ListItem","position":2,"name":"K\u00f6ln-Rodenkirchen: Fotos von Kapelle und Rhein"}]},{"@type":"WebSite","@id":"https:\/\/www.gaidaphotos.com\/blog\/#website","url":"https:\/\/www.gaidaphotos.com\/blog\/","name":"K\u00f6ln Rodenkirchen und die Welt","description":"Einkaufen, Restaurants, Freizeit, Nachrichten und was uns sonst bewegt und begegnet","publisher":{"@id":"https:\/\/www.gaidaphotos.com\/blog\/#organization"},"potentialAction":[{"@type":"SearchAction","target":{"@type":"EntryPoint","urlTemplate":"https:\/\/www.gaidaphotos.com\/blog\/?s={search_term_string}"},"query-input":{"@type":"PropertyValueSpecification","valueRequired":true,"valueName":"search_term_string"}}],"inLanguage":"de"},{"@type":"Organization","@id":"https:\/\/www.gaidaphotos.com\/blog\/#organization","name":"gaidaphotos","url":"https:\/\/www.gaidaphotos.com\/blog\/","logo":{"@type":"ImageObject","inLanguage":"de","@id":"https:\/\/www.gaidaphotos.com\/blog\/#\/schema\/logo\/image\/","url":"https:\/\/i0.wp.com\/www.gaidaphotos.com\/blog\/wp-content\/uploads\/2020\/07\/GAIDAPHOTOS-COM.jpg?fit=160%2C96&ssl=1","contentUrl":"https:\/\/i0.wp.com\/www.gaidaphotos.com\/blog\/wp-content\/uploads\/2020\/07\/GAIDAPHOTOS-COM.jpg?fit=160%2C96&ssl=1","width":160,"height":96,"caption":"gaidaphotos"},"image":{"@id":"https:\/\/www.gaidaphotos.com\/blog\/#\/schema\/logo\/image\/"},"sameAs":["https:\/\/www.facebook.com\/Koeln.Rodenkirchen","https:\/\/x.com\/gaidaphotos","https:\/\/instagram.com\/gaidaphotos\/","https:\/\/de.linkedin.com\/in\/gaidaphotos","https:\/\/myspace.com\/gaidaphotos","https:\/\/www.pinterest.com\/gaidaphotos\/","https:\/\/www.youtube.com\/user\/gaidaphotos"]},{"@type":"Person","@id":"https:\/\/www.gaidaphotos.com\/blog\/#\/schema\/person\/6c444a5b13ffc503c5c32f5a9ec68b21","name":"Thomas","sameAs":["https:\/\/www.gaidaphotos.com","https:\/\/www.facebook.com\/gaidaphotos","https:\/\/instagram.com\/gaidaphotos\/","https:\/\/www.linkedin.com\/in\/gaidaphotos","http:\/\/www.pinterest.com\/gaidaphotos\/","https:\/\/x.com\/gaidaphotos","https:\/\/myspace.com\/gaidaphotos","https:\/\/www.youtube.com\/user\/gaidaphotos","https:\/\/gaidaphotos.tumblr.com\/"]}]}},"jetpack_publicize_connections":[],"jetpack_featured_media_url":"","jetpack_sharing_enabled":true,"jetpack_likes_enabled":true,"jetpack-related-posts":[{"id":2554,"url":"https:\/\/www.gaidaphotos.com\/blog\/2010\/02\/15\/rodenkirchen-fotos-karneval-karnevalszug-2010\/","url_meta":{"origin":2563,"position":0},"title":"K\u00f6ln-Rodenkirchen: Karneval &#8211; Fotos vom Zug 2010","author":"Thomas","date":"15. Februar 2010","format":false,"excerpt":"Schneeflocken und Kamelle: Fotos vom Karnevalszug in Rodenkirchen Das gab es lange nicht, Schneeflocken und Kamelle beim Karneval in Rodenkirchen. Trotz verschneiter Stra\u00dfen (!) lie\u00dfen sich gestern weder der Karnevalszug in K\u00f6ln-Rodenkirchen noch die Jecken vom Feiern abhalten. Im Unterschied zu fr\u00fcheren Jahren war der Zug an Karneval deutlicher flotter.\u2026","rel":"","context":"In &quot;K\u00f6ln Rodenkirchen&quot;","block_context":{"text":"K\u00f6ln Rodenkirchen","link":"https:\/\/www.gaidaphotos.com\/blog\/category\/koeln-rodenkirchen\/"},"img":{"alt_text":"Strassenkarneval in K\u00f6ln Rodenkirchen","src":"https:\/\/i0.wp.com\/www.gaidaphotos.com\/blog\/wp-content\/uploads\/2010\/02\/strassenkarneval-koeln-rodenkirchen-tanzgruppen-03.jpg?fit=480%2C320&ssl=1&resize=350%2C200","width":350,"height":200},"classes":[]},{"id":2425,"url":"https:\/\/www.gaidaphotos.com\/blog\/2010\/02\/07\/strassenkarneval-rodenkirche-fotos\/","url_meta":{"origin":2563,"position":1},"title":"K\u00f6ln-Rodenkirchen: Strassenkarneval er\u00f6ffnet &#8211; mit Fotos","author":"Thomas","date":"7. Februar 2010","format":false,"excerpt":"P\u00fcnktlich um 11:11h wurde in K\u00f6ln Rodenkirchen auf dem Maternusplatz der Stra\u00dfenkarneval er\u00f6ffnet. Wir zeigen Ihnen einpaar Eindr\u00fccke von der tollen Stimmung in Rodenkirchen. Vom Einzug der teilnehmenden Vereine bis zum Besuch des Dreigetirn der Altgemeinde Rodenkirchen zum Strassenkarneval. Am Sonntag ab 14:00h ist der H\u00f6hepunkt des Strassenkarneval in K\u00f6ln\u2026","rel":"","context":"In &quot;K\u00f6ln Rodenkirchen&quot;","block_context":{"text":"K\u00f6ln Rodenkirchen","link":"https:\/\/www.gaidaphotos.com\/blog\/category\/koeln-rodenkirchen\/"},"img":{"alt_text":"Strassenkarneval in K\u00f6ln Rodenkirchen","src":"https:\/\/i0.wp.com\/www.gaidaphotos.com\/blog\/wp-content\/uploads\/2010\/02\/strassenkarneval-rodenkirchen-maternusplatz-196-300x225.jpg?resize=350%2C200&ssl=1","width":350,"height":200},"classes":[]},{"id":151,"url":"https:\/\/www.gaidaphotos.com\/blog\/2009\/02\/25\/strassen-karneval-rodenkirchen\/","url_meta":{"origin":2563,"position":2},"title":"Bilder vom Strassen-Karneval in K\u00f6ln Rodenkirchen","author":"Thomas","date":"25. Februar 2009","format":false,"excerpt":"Hier gibt es die ersten Fotos vom Veedelszoch am Sonntag. Eindr\u00fccke, Bilder, Fotos vom Strassen-Karneval in Rodenkirchen. Flickr Album Strassen-Karneval in K\u00f6ln Rodenkirchen\/ Strassen-Karneval in K\u00f6ln Rodenkirchen als RSS abonnieren. Webshots: Strassen-karneval in Rodenkirchen by gaidaphotos Picasa: Karneval in Rodenkirchen 3mol Rudekirche Alaaf!","rel":"","context":"In &quot;K\u00f6ln Rodenkirchen&quot;","block_context":{"text":"K\u00f6ln Rodenkirchen","link":"https:\/\/www.gaidaphotos.com\/blog\/category\/koeln-rodenkirchen\/"},"img":{"alt_text":"","src":"","width":0,"height":0},"classes":[]},{"id":12194,"url":"https:\/\/www.gaidaphotos.com\/blog\/2020\/07\/10\/der-himmel-ueber-rodenkirchen\/","url_meta":{"origin":2563,"position":3},"title":"Der Himmel \u00fcber Rodenkirchen","author":"Thomas","date":"10. Juli 2020","format":false,"excerpt":"Foto: Der Himmel \u00fcber Rodenkirchen","rel":"","context":"In &quot;K\u00f6ln Rodenkirchen&quot;","block_context":{"text":"K\u00f6ln Rodenkirchen","link":"https:\/\/www.gaidaphotos.com\/blog\/category\/koeln-rodenkirchen\/"},"img":{"alt_text":"Foto: Der Himmel \u00fcber Rodenkirchen","src":"https:\/\/i0.wp.com\/www.gaidaphotos.com\/blog\/wp-content\/uploads\/2020\/07\/20200710_181859-01-1-scaled.jpeg?fit=1200%2C1199&ssl=1&resize=350%2C200","width":350,"height":200,"srcset":"https:\/\/i0.wp.com\/www.gaidaphotos.com\/blog\/wp-content\/uploads\/2020\/07\/20200710_181859-01-1-scaled.jpeg?fit=1200%2C1199&ssl=1&resize=350%2C200 1x, https:\/\/i0.wp.com\/www.gaidaphotos.com\/blog\/wp-content\/uploads\/2020\/07\/20200710_181859-01-1-scaled.jpeg?fit=1200%2C1199&ssl=1&resize=525%2C300 1.5x, https:\/\/i0.wp.com\/www.gaidaphotos.com\/blog\/wp-content\/uploads\/2020\/07\/20200710_181859-01-1-scaled.jpeg?fit=1200%2C1199&ssl=1&resize=700%2C400 2x, https:\/\/i0.wp.com\/www.gaidaphotos.com\/blog\/wp-content\/uploads\/2020\/07\/20200710_181859-01-1-scaled.jpeg?fit=1200%2C1199&ssl=1&resize=1050%2C600 3x"},"classes":[]},{"id":4257,"url":"https:\/\/www.gaidaphotos.com\/blog\/2012\/02\/21\/fotos-vom-karnevalszug-in-koeln-rodenkirchen-2012\/","url_meta":{"origin":2563,"position":4},"title":"Fotos vom Karnevalszug in K\u00f6ln Rodenkirchen 2012","author":"Thomas","date":"21. Februar 2012","format":false,"excerpt":"Fotos vom Karnevalszug in K\u00f6ln Rodenkirchen 2012 Fotos vom Karnevalszug in K\u00f6ln Rodenkirchen 2012 Selbst Graupelschauer konnten die Rodenkirchener Jecken nicht stoppen den Karnevalszug in K\u00f6ln Rodenkirchen 2012 zu feiern (s. Foto). Und so wollte ich nicht nachstehen und habe auf den Spritzwasserschutz meiner Kamera vertraut und jede Menge Fotos\u2026","rel":"","context":"In &quot;Fotos vom Karneval&quot;","block_context":{"text":"Fotos vom Karneval","link":"https:\/\/www.gaidaphotos.com\/blog\/category\/foto\/fotos-vom-karneval\/"},"img":{"alt_text":"","src":"https:\/\/www.gaidaphotos.com\/blog\/wp-content\/uploads\/2020\/08\/nggallery_import\/51_","width":350,"height":200,"srcset":"https:\/\/www.gaidaphotos.com\/blog\/wp-content\/uploads\/2020\/08\/nggallery_import\/51_ 1x, https:\/\/www.gaidaphotos.com\/blog\/wp-content\/uploads\/2020\/08\/nggallery_import\/51_ 1.5x, https:\/\/www.gaidaphotos.com\/blog\/wp-content\/uploads\/2020\/08\/nggallery_import\/51_ 2x"},"classes":[]},{"id":3486,"url":"https:\/\/www.gaidaphotos.com\/blog\/2011\/01\/10\/rhein-hochwasser-2011-in-koeln-rodenkirchen-aktuelle-fotos\/","url_meta":{"origin":2563,"position":5},"title":"Rhein-Hochwasser 2011 in K\u00f6ln-Rodenkirchen: Aktuelle Fotos","author":"Thomas","date":"10. Januar 2011","format":false,"excerpt":"Rhein-Hochwasser 2011 in K\u00f6ln-Rodenkirchen: Aktuelle Fotos Eigentlich ist es jedes Jahr dasselbe. Erst regnet es stark und dann kommt das Hochwasser an Weihnachten. Alte Rodenkirchener kennen das Rhein-hochwassser zu dieser zeit als \"Weihnachtshochwasser\". Und ebenso regelm\u00e4\u00dfig \"soff\" das Rheinufer und das Auenviertel in K\u00f6ln-Rodenkirchen ab. Seit einigen Jahren sch\u00fctzt ein\u2026","rel":"","context":"In &quot;K\u00f6ln Rodenkirchen&quot;","block_context":{"text":"K\u00f6ln Rodenkirchen","link":"https:\/\/www.gaidaphotos.com\/blog\/category\/koeln-rodenkirchen\/"},"img":{"alt_text":"","src":"","width":0,"height":0},"classes":[]}],"_links":{"self":[{"href":"https:\/\/www.gaidaphotos.com\/blog\/wp-json\/wp\/v2\/posts\/2563","targetHints":{"allow":["GET"]}}],"collection":[{"href":"https:\/\/www.gaidaphotos.com\/blog\/wp-json\/wp\/v2\/posts"}],"about":[{"href":"https:\/\/www.gaidaphotos.com\/blog\/wp-json\/wp\/v2\/types\/post"}],"author":[{"embeddable":true,"href":"https:\/\/www.gaidaphotos.com\/blog\/wp-json\/wp\/v2\/users\/6"}],"replies":[{"embeddable":true,"href":"https:\/\/www.gaidaphotos.com\/blog\/wp-json\/wp\/v2\/comments?post=2563"}],"version-history":[{"count":0,"href":"https:\/\/www.gaidaphotos.com\/blog\/wp-json\/wp\/v2\/posts\/2563\/revisions"}],"wp:attachment":[{"href":"https:\/\/www.gaidaphotos.com\/blog\/wp-json\/wp\/v2\/media?parent=2563"}],"wp:term":[{"taxonomy":"category","embeddable":true,"href":"https:\/\/www.gaidaphotos.com\/blog\/wp-json\/wp\/v2\/categories?post=2563"},{"taxonomy":"post_tag","embeddable":true,"href":"https:\/\/www.gaidaphotos.com\/blog\/wp-json\/wp\/v2\/tags?post=2563"}],"curies":[{"name":"wp","href":"https:\/\/api.w.org\/{rel}","templated":true}]}}