{"id":2606,"date":"2010-02-22T14:12:11","date_gmt":"2010-02-22T13:12:11","guid":{"rendered":"http:\/\/gaidaphotos.com\/blog\/?p=2606"},"modified":"2010-02-22T14:12:11","modified_gmt":"2010-02-22T13:12:11","slug":"rhein-rodenkirchen-hochwasser-niedrigwasser","status":"publish","type":"post","link":"https:\/\/www.gaidaphotos.com\/blog\/2010\/02\/22\/rhein-rodenkirchen-hochwasser-niedrigwasser\/","title":{"rendered":"Rhein und Rodenkirchen: Hochwasser und Niedrigwasser"},"content":{"rendered":"<h2>Rhein und Rodenkirchen: Hochwasser und Niedrigwasser bestimmen den Jahresverlauf<\/h2>\n<p>K\u00f6ln-Rodenkirchen liegt im Rheinbogen s\u00fcdlich von K\u00f6ln. Das j\u00e4hrliche Weihnachts- und Oster-Hochwasser und die Trockenzeit mit Niedrigwasser im Herbst bestimmen das Leben der Uferanlieger in Rodenkirchen.<br \/>\nDurch die neuen Hochwasserschutz-Ma\u00dfnahmen sollte die Uferstra\u00dfe bei k\u00fcnftigem Hochwasser nicht mehr \u00fcberflutet werden (2. Foto).<br \/>\nVor allem nach einem trockenen Sommer treten im Herbst die Buhnen und Sandstr\u00e4nde immer deutlicher hervor und den Schiffen bleibt nur eine schmale Fahrrinne.<\/p>\n<p>Klicken Sie auf ein Foto, um es in originalgr\u00f6\u00dfe zu betrachten<\/p>\n<div class=\"tiled-gallery type-rectangular tiled-gallery-unresized\" data-original-width=\"910\" data-carousel-extra='null' itemscope itemtype=\"http:\/\/schema.org\/ImageGallery\" > <div class=\"gallery-row\" style=\"width: 910px; height: 448px;\" data-original-width=\"910\" data-original-height=\"448\" > <div class=\"gallery-group images-1\" style=\"width: 596px; height: 448px;\" data-original-width=\"596\" data-original-height=\"448\" > <div class=\"tiled-gallery-item tiled-gallery-item-large\" itemprop=\"associatedMedia\" itemscope itemtype=\"http:\/\/schema.org\/ImageObject\"> <a href=\"https:\/\/i0.wp.com\/www.gaidaphotos.com\/blog\/wp-content\/uploads\/2010\/02\/koeln-rodenkirchen-hochwasser-021.jpg?ssl=1\" border=\"0\" itemprop=\"url\"> <meta itemprop=\"width\" content=\"592\"> <meta itemprop=\"height\" content=\"444\"> <img decoding=\"async\" class=\"\" data-attachment-id=\"2599\" data-orig-file=\"https:\/\/www.gaidaphotos.com\/blog\/wp-content\/uploads\/2010\/02\/koeln-rodenkirchen-hochwasser-021.jpg\" data-orig-size=\"640,480\" data-comments-opened=\"1\" data-image-meta=\"{&quot;aperture&quot;:&quot;4&quot;,&quot;credit&quot;:&quot;&quot;,&quot;camera&quot;:&quot;Dimage EX&quot;,&quot;caption&quot;:&quot;&quot;,&quot;created_timestamp&quot;:&quot;0&quot;,&quot;copyright&quot;:&quot;&quot;,&quot;focal_length&quot;:&quot;12.5&quot;,&quot;iso&quot;:&quot;0&quot;,&quot;shutter_speed&quot;:&quot;0.007812&quot;,&quot;title&quot;:&quot;&quot;}\" data-image-title=\"koeln-rodenkirchen-hochwasser-02\" data-image-description=\"&lt;p&gt;K\u00f6ln Rodenkirchen: Rhein Hochwasser&lt;\/p&gt; \" data-medium-file=\"https:\/\/i0.wp.com\/www.gaidaphotos.com\/blog\/wp-content\/uploads\/2010\/02\/koeln-rodenkirchen-hochwasser-021.jpg?fit=300%2C225&#038;ssl=1\" data-large-file=\"https:\/\/i0.wp.com\/www.gaidaphotos.com\/blog\/wp-content\/uploads\/2010\/02\/koeln-rodenkirchen-hochwasser-021.jpg?fit=640%2C480&#038;ssl=1\" src=\"https:\/\/i0.wp.com\/www.gaidaphotos.com\/blog\/wp-content\/uploads\/2010\/02\/koeln-rodenkirchen-hochwasser-021.jpg?w=592&#038;h=444&#038;ssl=1\" srcset=\"https:\/\/i0.wp.com\/www.gaidaphotos.com\/blog\/wp-content\/uploads\/2010\/02\/koeln-rodenkirchen-hochwasser-021.jpg?w=640&amp;ssl=1 640w, https:\/\/i0.wp.com\/www.gaidaphotos.com\/blog\/wp-content\/uploads\/2010\/02\/koeln-rodenkirchen-hochwasser-021.jpg?resize=300%2C225&amp;ssl=1 300w\" width=\"592\" height=\"444\" loading=\"lazy\" data-original-width=\"592\" data-original-height=\"444\" itemprop=\"http:\/\/schema.org\/image\" title=\"koeln-rodenkirchen-hochwasser-02\" alt=\"K\u00f6ln Rodenkirchen: Rhein Hochwasser\" style=\"width: 592px; height: 444px;\" \/> <\/a> <div class=\"tiled-gallery-caption\" itemprop=\"caption description\"> K\u00f6ln Rodenkirchen: Rhein Hochwasser <\/div> <\/div> <\/div> <!-- close group --> <div class=\"gallery-group images-2\" style=\"width: 314px; height: 448px;\" data-original-width=\"314\" data-original-height=\"448\" > <div class=\"tiled-gallery-item tiled-gallery-item-large\" itemprop=\"associatedMedia\" itemscope itemtype=\"http:\/\/schema.org\/ImageObject\"> <a href=\"https:\/\/i0.wp.com\/www.gaidaphotos.com\/blog\/wp-content\/uploads\/2010\/02\/koeln-rodenkirchen-hochwasser-031.jpg?ssl=1\" border=\"0\" itemprop=\"url\"> <meta itemprop=\"width\" content=\"310\"> <meta itemprop=\"height\" content=\"233\"> <img decoding=\"async\" class=\"\" data-attachment-id=\"2600\" data-orig-file=\"https:\/\/www.gaidaphotos.com\/blog\/wp-content\/uploads\/2010\/02\/koeln-rodenkirchen-hochwasser-031.jpg\" data-orig-size=\"640,480\" data-comments-opened=\"1\" data-image-meta=\"{&quot;aperture&quot;:&quot;4&quot;,&quot;credit&quot;:&quot;&quot;,&quot;camera&quot;:&quot;Dimage EX&quot;,&quot;caption&quot;:&quot;&quot;,&quot;created_timestamp&quot;:&quot;0&quot;,&quot;copyright&quot;:&quot;&quot;,&quot;focal_length&quot;:&quot;12.5&quot;,&quot;iso&quot;:&quot;0&quot;,&quot;shutter_speed&quot;:&quot;0.007812&quot;,&quot;title&quot;:&quot;&quot;}\" data-image-title=\"koeln-rodenkirchen-hochwasser-03\" data-image-description=\"&lt;p&gt;K\u00f6ln Rodenkirchen: Rhein Hochwasser&lt;\/p&gt; \" data-medium-file=\"https:\/\/i0.wp.com\/www.gaidaphotos.com\/blog\/wp-content\/uploads\/2010\/02\/koeln-rodenkirchen-hochwasser-031.jpg?fit=300%2C225&#038;ssl=1\" data-large-file=\"https:\/\/i0.wp.com\/www.gaidaphotos.com\/blog\/wp-content\/uploads\/2010\/02\/koeln-rodenkirchen-hochwasser-031.jpg?fit=640%2C480&#038;ssl=1\" src=\"https:\/\/i0.wp.com\/www.gaidaphotos.com\/blog\/wp-content\/uploads\/2010\/02\/koeln-rodenkirchen-hochwasser-031.jpg?w=310&#038;h=233&#038;ssl=1\" srcset=\"https:\/\/i0.wp.com\/www.gaidaphotos.com\/blog\/wp-content\/uploads\/2010\/02\/koeln-rodenkirchen-hochwasser-031.jpg?w=640&amp;ssl=1 640w, https:\/\/i0.wp.com\/www.gaidaphotos.com\/blog\/wp-content\/uploads\/2010\/02\/koeln-rodenkirchen-hochwasser-031.jpg?resize=300%2C225&amp;ssl=1 300w\" width=\"310\" height=\"233\" loading=\"lazy\" data-original-width=\"310\" data-original-height=\"233\" itemprop=\"http:\/\/schema.org\/image\" title=\"koeln-rodenkirchen-hochwasser-03\" alt=\"K\u00f6ln Rodenkirchen: Rhein Hochwasser\" style=\"width: 310px; height: 233px;\" \/> <\/a> <div class=\"tiled-gallery-caption\" itemprop=\"caption description\"> K\u00f6ln Rodenkirchen: Rhein Hochwasser an der Uferstra\u00dfe <\/div> <\/div> <div class=\"tiled-gallery-item tiled-gallery-item-large\" itemprop=\"associatedMedia\" itemscope itemtype=\"http:\/\/schema.org\/ImageObject\"> <a href=\"https:\/\/i0.wp.com\/www.gaidaphotos.com\/blog\/wp-content\/uploads\/2010\/02\/koeln-rodenkirchen-niedrig-wasser-161.jpg?ssl=1\" border=\"0\" itemprop=\"url\"> <meta itemprop=\"width\" content=\"310\"> <meta itemprop=\"height\" content=\"207\"> <img decoding=\"async\" class=\"\" data-attachment-id=\"2601\" data-orig-file=\"https:\/\/www.gaidaphotos.com\/blog\/wp-content\/uploads\/2010\/02\/koeln-rodenkirchen-niedrig-wasser-161.jpg\" data-orig-size=\"640,427\" data-comments-opened=\"1\" data-image-meta=\"{&quot;aperture&quot;:&quot;13&quot;,&quot;credit&quot;:&quot;&quot;,&quot;camera&quot;:&quot;Canon EOS 300D DIGITAL&quot;,&quot;caption&quot;:&quot;&quot;,&quot;created_timestamp&quot;:&quot;1130686750&quot;,&quot;copyright&quot;:&quot;&quot;,&quot;focal_length&quot;:&quot;24&quot;,&quot;iso&quot;:&quot;400&quot;,&quot;shutter_speed&quot;:&quot;0.066666666666667&quot;,&quot;title&quot;:&quot;&quot;}\" data-image-title=\"koeln-rodenkirchen-niedrig-wasser-16\" data-image-description=\"&lt;p&gt;K\u00f6ln Rodenkirchen: Rhein Niedrigwasser&lt;\/p&gt; \" data-medium-file=\"https:\/\/i0.wp.com\/www.gaidaphotos.com\/blog\/wp-content\/uploads\/2010\/02\/koeln-rodenkirchen-niedrig-wasser-161.jpg?fit=300%2C200&#038;ssl=1\" data-large-file=\"https:\/\/i0.wp.com\/www.gaidaphotos.com\/blog\/wp-content\/uploads\/2010\/02\/koeln-rodenkirchen-niedrig-wasser-161.jpg?fit=640%2C427&#038;ssl=1\" src=\"https:\/\/i0.wp.com\/www.gaidaphotos.com\/blog\/wp-content\/uploads\/2010\/02\/koeln-rodenkirchen-niedrig-wasser-161.jpg?w=310&#038;h=207&#038;ssl=1\" srcset=\"https:\/\/i0.wp.com\/www.gaidaphotos.com\/blog\/wp-content\/uploads\/2010\/02\/koeln-rodenkirchen-niedrig-wasser-161.jpg?w=640&amp;ssl=1 640w, https:\/\/i0.wp.com\/www.gaidaphotos.com\/blog\/wp-content\/uploads\/2010\/02\/koeln-rodenkirchen-niedrig-wasser-161.jpg?resize=300%2C200&amp;ssl=1 300w\" width=\"310\" height=\"207\" loading=\"lazy\" data-original-width=\"310\" data-original-height=\"207\" itemprop=\"http:\/\/schema.org\/image\" title=\"koeln-rodenkirchen-niedrig-wasser-16\" alt=\"K\u00f6ln Rodenkirchen: Rhein Niedrigwasser\" style=\"width: 310px; height: 207px;\" \/> <\/a> <div class=\"tiled-gallery-caption\" itemprop=\"caption description\"> K\u00f6ln Rodenkirchen: Rhein Niedrigwasser <\/div> <\/div> <\/div> <!-- close group --> <\/div> <!-- close row --> <div class=\"gallery-row\" style=\"width: 910px; height: 643px;\" data-original-width=\"910\" data-original-height=\"643\" > <div class=\"gallery-group images-2\" style=\"width: 480px; height: 643px;\" data-original-width=\"480\" data-original-height=\"643\" > <div class=\"tiled-gallery-item tiled-gallery-item-large\" itemprop=\"associatedMedia\" itemscope itemtype=\"http:\/\/schema.org\/ImageObject\"> <a href=\"https:\/\/i0.wp.com\/www.gaidaphotos.com\/blog\/wp-content\/uploads\/2010\/02\/koeln-rodenkirchen-niedrig-wasser-171.jpg?ssl=1\" border=\"0\" itemprop=\"url\"> <meta itemprop=\"width\" content=\"476\"> <meta itemprop=\"height\" content=\"318\"> <img decoding=\"async\" class=\"\" data-attachment-id=\"2602\" data-orig-file=\"https:\/\/www.gaidaphotos.com\/blog\/wp-content\/uploads\/2010\/02\/koeln-rodenkirchen-niedrig-wasser-171.jpg\" data-orig-size=\"640,427\" data-comments-opened=\"1\" data-image-meta=\"{&quot;aperture&quot;:&quot;13&quot;,&quot;credit&quot;:&quot;&quot;,&quot;camera&quot;:&quot;Canon EOS 300D DIGITAL&quot;,&quot;caption&quot;:&quot;&quot;,&quot;created_timestamp&quot;:&quot;1130687011&quot;,&quot;copyright&quot;:&quot;&quot;,&quot;focal_length&quot;:&quot;30&quot;,&quot;iso&quot;:&quot;400&quot;,&quot;shutter_speed&quot;:&quot;0.066666666666667&quot;,&quot;title&quot;:&quot;&quot;}\" data-image-title=\"koeln-rodenkirchen-niedrig-wasser-17\" data-image-description=\"&lt;p&gt;K\u00f6ln Rodenkirchen: Rhein Niedrigwasser&lt;\/p&gt; \" data-medium-file=\"https:\/\/i0.wp.com\/www.gaidaphotos.com\/blog\/wp-content\/uploads\/2010\/02\/koeln-rodenkirchen-niedrig-wasser-171.jpg?fit=300%2C200&#038;ssl=1\" data-large-file=\"https:\/\/i0.wp.com\/www.gaidaphotos.com\/blog\/wp-content\/uploads\/2010\/02\/koeln-rodenkirchen-niedrig-wasser-171.jpg?fit=640%2C427&#038;ssl=1\" src=\"https:\/\/i0.wp.com\/www.gaidaphotos.com\/blog\/wp-content\/uploads\/2010\/02\/koeln-rodenkirchen-niedrig-wasser-171.jpg?w=476&#038;h=318&#038;ssl=1\" srcset=\"https:\/\/i0.wp.com\/www.gaidaphotos.com\/blog\/wp-content\/uploads\/2010\/02\/koeln-rodenkirchen-niedrig-wasser-171.jpg?w=640&amp;ssl=1 640w, https:\/\/i0.wp.com\/www.gaidaphotos.com\/blog\/wp-content\/uploads\/2010\/02\/koeln-rodenkirchen-niedrig-wasser-171.jpg?resize=300%2C200&amp;ssl=1 300w\" width=\"476\" height=\"318\" loading=\"lazy\" data-original-width=\"476\" data-original-height=\"318\" itemprop=\"http:\/\/schema.org\/image\" title=\"koeln-rodenkirchen-niedrig-wasser-17\" alt=\"K\u00f6ln Rodenkirchen: Rhein Niedrigwasser\" style=\"width: 476px; height: 318px;\" \/> <\/a> <div class=\"tiled-gallery-caption\" itemprop=\"caption description\"> K\u00f6ln Rodenkirchen: Rhein Niedrigwasser <\/div> <\/div> <div class=\"tiled-gallery-item tiled-gallery-item-large\" itemprop=\"associatedMedia\" itemscope itemtype=\"http:\/\/schema.org\/ImageObject\"> <a href=\"https:\/\/i0.wp.com\/www.gaidaphotos.com\/blog\/wp-content\/uploads\/2010\/02\/koeln-rodenkirchen-niedrig-wasser-181.jpg?ssl=1\" border=\"0\" itemprop=\"url\"> <meta itemprop=\"width\" content=\"476\"> <meta itemprop=\"height\" content=\"317\"> <img decoding=\"async\" class=\"\" data-attachment-id=\"2603\" data-orig-file=\"https:\/\/www.gaidaphotos.com\/blog\/wp-content\/uploads\/2010\/02\/koeln-rodenkirchen-niedrig-wasser-181.jpg\" data-orig-size=\"640,427\" data-comments-opened=\"1\" data-image-meta=\"{&quot;aperture&quot;:&quot;13&quot;,&quot;credit&quot;:&quot;&quot;,&quot;camera&quot;:&quot;Canon EOS 300D DIGITAL&quot;,&quot;caption&quot;:&quot;&quot;,&quot;created_timestamp&quot;:&quot;1130687088&quot;,&quot;copyright&quot;:&quot;&quot;,&quot;focal_length&quot;:&quot;33&quot;,&quot;iso&quot;:&quot;400&quot;,&quot;shutter_speed&quot;:&quot;0.066666666666667&quot;,&quot;title&quot;:&quot;&quot;}\" data-image-title=\"koeln-rodenkirchen-niedrig-wasser-18\" data-image-description=\"&lt;p&gt;K\u00f6ln Rodenkirchen: Rhein Niedrigwasser&lt;\/p&gt; \" data-medium-file=\"https:\/\/i0.wp.com\/www.gaidaphotos.com\/blog\/wp-content\/uploads\/2010\/02\/koeln-rodenkirchen-niedrig-wasser-181.jpg?fit=300%2C200&#038;ssl=1\" data-large-file=\"https:\/\/i0.wp.com\/www.gaidaphotos.com\/blog\/wp-content\/uploads\/2010\/02\/koeln-rodenkirchen-niedrig-wasser-181.jpg?fit=640%2C427&#038;ssl=1\" src=\"https:\/\/i0.wp.com\/www.gaidaphotos.com\/blog\/wp-content\/uploads\/2010\/02\/koeln-rodenkirchen-niedrig-wasser-181.jpg?w=476&#038;h=317&#038;ssl=1\" srcset=\"https:\/\/i0.wp.com\/www.gaidaphotos.com\/blog\/wp-content\/uploads\/2010\/02\/koeln-rodenkirchen-niedrig-wasser-181.jpg?w=640&amp;ssl=1 640w, https:\/\/i0.wp.com\/www.gaidaphotos.com\/blog\/wp-content\/uploads\/2010\/02\/koeln-rodenkirchen-niedrig-wasser-181.jpg?resize=300%2C200&amp;ssl=1 300w\" width=\"476\" height=\"317\" loading=\"lazy\" data-original-width=\"476\" data-original-height=\"317\" itemprop=\"http:\/\/schema.org\/image\" title=\"koeln-rodenkirchen-niedrig-wasser-18\" alt=\"K\u00f6ln Rodenkirchen: Rhein Niedrigwasser\" style=\"width: 476px; height: 317px;\" \/> <\/a> <div class=\"tiled-gallery-caption\" itemprop=\"caption description\"> K\u00f6ln Rodenkirchen: Rhein Niedrigwasser <\/div> <\/div> <\/div> <!-- close group --> <div class=\"gallery-group images-1\" style=\"width: 430px; height: 643px;\" data-original-width=\"430\" data-original-height=\"643\" > <div class=\"tiled-gallery-item tiled-gallery-item-large\" itemprop=\"associatedMedia\" itemscope itemtype=\"http:\/\/schema.org\/ImageObject\"> <a href=\"https:\/\/i0.wp.com\/www.gaidaphotos.com\/blog\/wp-content\/uploads\/2010\/02\/koeln-rodenkirchen-niedrig-wasser-201.jpg?ssl=1\" border=\"0\" itemprop=\"url\"> <meta itemprop=\"width\" content=\"426\"> <meta itemprop=\"height\" content=\"639\"> <img decoding=\"async\" class=\"\" data-attachment-id=\"2604\" data-orig-file=\"https:\/\/www.gaidaphotos.com\/blog\/wp-content\/uploads\/2010\/02\/koeln-rodenkirchen-niedrig-wasser-201.jpg\" data-orig-size=\"427,640\" data-comments-opened=\"1\" data-image-meta=\"{&quot;aperture&quot;:&quot;9&quot;,&quot;credit&quot;:&quot;&quot;,&quot;camera&quot;:&quot;Canon EOS 300D DIGITAL&quot;,&quot;caption&quot;:&quot;&quot;,&quot;created_timestamp&quot;:&quot;1130687539&quot;,&quot;copyright&quot;:&quot;&quot;,&quot;focal_length&quot;:&quot;53&quot;,&quot;iso&quot;:&quot;400&quot;,&quot;shutter_speed&quot;:&quot;0.005&quot;,&quot;title&quot;:&quot;&quot;}\" data-image-title=\"koeln-rodenkirchen-niedrig-wasser-20\" data-image-description=\"&lt;p&gt;K\u00f6ln Rodenkirchen: Rhein Niedrigwasser&lt;\/p&gt; \" data-medium-file=\"https:\/\/i0.wp.com\/www.gaidaphotos.com\/blog\/wp-content\/uploads\/2010\/02\/koeln-rodenkirchen-niedrig-wasser-201.jpg?fit=200%2C300&#038;ssl=1\" data-large-file=\"https:\/\/i0.wp.com\/www.gaidaphotos.com\/blog\/wp-content\/uploads\/2010\/02\/koeln-rodenkirchen-niedrig-wasser-201.jpg?fit=427%2C640&#038;ssl=1\" src=\"https:\/\/i0.wp.com\/www.gaidaphotos.com\/blog\/wp-content\/uploads\/2010\/02\/koeln-rodenkirchen-niedrig-wasser-201.jpg?w=426&#038;h=639&#038;ssl=1\" srcset=\"https:\/\/i0.wp.com\/www.gaidaphotos.com\/blog\/wp-content\/uploads\/2010\/02\/koeln-rodenkirchen-niedrig-wasser-201.jpg?w=427&amp;ssl=1 427w, https:\/\/i0.wp.com\/www.gaidaphotos.com\/blog\/wp-content\/uploads\/2010\/02\/koeln-rodenkirchen-niedrig-wasser-201.jpg?resize=200%2C300&amp;ssl=1 200w\" width=\"426\" height=\"639\" loading=\"lazy\" data-original-width=\"426\" data-original-height=\"639\" itemprop=\"http:\/\/schema.org\/image\" title=\"koeln-rodenkirchen-niedrig-wasser-20\" alt=\"K\u00f6ln Rodenkirchen: Rhein Niedrigwasser\" style=\"width: 426px; height: 639px;\" \/> <\/a> <div class=\"tiled-gallery-caption\" itemprop=\"caption description\"> K\u00f6ln Rodenkirchen: Rhein Niedrigwasser <\/div> <\/div> <\/div> <!-- close group --> <\/div> <!-- close row --> <div class=\"gallery-row\" style=\"width: 910px; height: 322px;\" data-original-width=\"910\" data-original-height=\"322\" > <div class=\"gallery-group images-1\" style=\"width: 481px; height: 322px;\" data-original-width=\"481\" data-original-height=\"322\" > <div class=\"tiled-gallery-item tiled-gallery-item-large\" itemprop=\"associatedMedia\" itemscope itemtype=\"http:\/\/schema.org\/ImageObject\"> <a href=\"https:\/\/i0.wp.com\/www.gaidaphotos.com\/blog\/wp-content\/uploads\/2010\/02\/koeln-rodenkirchen-niedrig-wasser-211.jpg?ssl=1\" border=\"0\" itemprop=\"url\"> <meta itemprop=\"width\" content=\"477\"> <meta itemprop=\"height\" content=\"318\"> <img decoding=\"async\" class=\"\" data-attachment-id=\"2605\" data-orig-file=\"https:\/\/www.gaidaphotos.com\/blog\/wp-content\/uploads\/2010\/02\/koeln-rodenkirchen-niedrig-wasser-211.jpg\" data-orig-size=\"640,427\" data-comments-opened=\"1\" data-image-meta=\"{&quot;aperture&quot;:&quot;10&quot;,&quot;credit&quot;:&quot;&quot;,&quot;camera&quot;:&quot;Canon EOS 300D DIGITAL&quot;,&quot;caption&quot;:&quot;&quot;,&quot;created_timestamp&quot;:&quot;1130687560&quot;,&quot;copyright&quot;:&quot;&quot;,&quot;focal_length&quot;:&quot;46&quot;,&quot;iso&quot;:&quot;400&quot;,&quot;shutter_speed&quot;:&quot;0.00625&quot;,&quot;title&quot;:&quot;&quot;}\" data-image-title=\"koeln-rodenkirchen-niedrig-wasser-21\" data-image-description=\"&lt;p&gt;K\u00f6ln Rodenkirchen: Rhein Niedrigwasser&lt;\/p&gt; \" data-medium-file=\"https:\/\/i0.wp.com\/www.gaidaphotos.com\/blog\/wp-content\/uploads\/2010\/02\/koeln-rodenkirchen-niedrig-wasser-211.jpg?fit=300%2C200&#038;ssl=1\" data-large-file=\"https:\/\/i0.wp.com\/www.gaidaphotos.com\/blog\/wp-content\/uploads\/2010\/02\/koeln-rodenkirchen-niedrig-wasser-211.jpg?fit=640%2C427&#038;ssl=1\" src=\"https:\/\/i0.wp.com\/www.gaidaphotos.com\/blog\/wp-content\/uploads\/2010\/02\/koeln-rodenkirchen-niedrig-wasser-211.jpg?w=477&#038;h=318&#038;ssl=1\" srcset=\"https:\/\/i0.wp.com\/www.gaidaphotos.com\/blog\/wp-content\/uploads\/2010\/02\/koeln-rodenkirchen-niedrig-wasser-211.jpg?w=640&amp;ssl=1 640w, https:\/\/i0.wp.com\/www.gaidaphotos.com\/blog\/wp-content\/uploads\/2010\/02\/koeln-rodenkirchen-niedrig-wasser-211.jpg?resize=300%2C200&amp;ssl=1 300w\" width=\"477\" height=\"318\" loading=\"lazy\" data-original-width=\"477\" data-original-height=\"318\" itemprop=\"http:\/\/schema.org\/image\" title=\"koeln-rodenkirchen-niedrig-wasser-21\" alt=\"K\u00f6ln Rodenkirchen: Rhein Niedrigwasser\" style=\"width: 477px; height: 318px;\" \/> <\/a> <div class=\"tiled-gallery-caption\" itemprop=\"caption description\"> K\u00f6ln Rodenkirchen: Rhein Niedrigwasser <\/div> <\/div> <\/div> <!-- close group --> <div class=\"gallery-group images-1\" style=\"width: 429px; height: 322px;\" data-original-width=\"429\" data-original-height=\"322\" > <div class=\"tiled-gallery-item tiled-gallery-item-large\" itemprop=\"associatedMedia\" itemscope itemtype=\"http:\/\/schema.org\/ImageObject\"> <a href=\"https:\/\/i0.wp.com\/www.gaidaphotos.com\/blog\/wp-content\/uploads\/2010\/02\/koeln-rodenkirchen-trockenzeit-081.jpg?ssl=1\" border=\"0\" itemprop=\"url\"> <meta itemprop=\"width\" content=\"425\"> <meta itemprop=\"height\" content=\"318\"> <img decoding=\"async\" class=\"\" data-attachment-id=\"2598\" data-orig-file=\"https:\/\/www.gaidaphotos.com\/blog\/wp-content\/uploads\/2010\/02\/koeln-rodenkirchen-trockenzeit-081.jpg\" data-orig-size=\"640,480\" data-comments-opened=\"1\" data-image-meta=\"{&quot;aperture&quot;:&quot;0&quot;,&quot;credit&quot;:&quot;&quot;,&quot;camera&quot;:&quot;JD4100Z3S&quot;,&quot;caption&quot;:&quot;&quot;,&quot;created_timestamp&quot;:&quot;1064050858&quot;,&quot;copyright&quot;:&quot;&quot;,&quot;focal_length&quot;:&quot;7.64&quot;,&quot;iso&quot;:&quot;100&quot;,&quot;shutter_speed&quot;:&quot;0&quot;,&quot;title&quot;:&quot;&quot;}\" data-image-title=\"koeln-rodenkirchen-trockenzeit-08\" data-image-description=\"&lt;p&gt;K\u00f6ln Rodenkirchen: Rhein Niedrigwasser&lt;\/p&gt; \" data-medium-file=\"https:\/\/i0.wp.com\/www.gaidaphotos.com\/blog\/wp-content\/uploads\/2010\/02\/koeln-rodenkirchen-trockenzeit-081.jpg?fit=300%2C225&#038;ssl=1\" data-large-file=\"https:\/\/i0.wp.com\/www.gaidaphotos.com\/blog\/wp-content\/uploads\/2010\/02\/koeln-rodenkirchen-trockenzeit-081.jpg?fit=640%2C480&#038;ssl=1\" src=\"https:\/\/i0.wp.com\/www.gaidaphotos.com\/blog\/wp-content\/uploads\/2010\/02\/koeln-rodenkirchen-trockenzeit-081.jpg?w=425&#038;h=318&#038;ssl=1\" srcset=\"https:\/\/i0.wp.com\/www.gaidaphotos.com\/blog\/wp-content\/uploads\/2010\/02\/koeln-rodenkirchen-trockenzeit-081.jpg?w=640&amp;ssl=1 640w, https:\/\/i0.wp.com\/www.gaidaphotos.com\/blog\/wp-content\/uploads\/2010\/02\/koeln-rodenkirchen-trockenzeit-081.jpg?resize=300%2C225&amp;ssl=1 300w\" width=\"425\" height=\"318\" loading=\"lazy\" data-original-width=\"425\" data-original-height=\"318\" itemprop=\"http:\/\/schema.org\/image\" title=\"koeln-rodenkirchen-trockenzeit-08\" alt=\"K\u00f6ln Rodenkirchen: Rhein Niedrigwasser\" style=\"width: 425px; height: 318px;\" \/> <\/a> <div class=\"tiled-gallery-caption\" itemprop=\"caption description\"> K\u00f6ln Rodenkirchen: Rhein Niedrigwasser <\/div> <\/div> <\/div> <!-- close group --> <\/div> <!-- close row --> <\/div>\n","protected":false},"excerpt":{"rendered":"<p>Rhein und Rodenkirchen: Hochwasser und Niedrigwasser bestimmen den Jahresverlauf K\u00f6ln-Rodenkirchen liegt im Rheinbogen s\u00fcdlich von K\u00f6ln. Das j\u00e4hrliche Weihnachts- und<\/p>\n","protected":false},"author":6,"featured_media":0,"comment_status":"open","ping_status":"open","sticky":false,"template":"","format":"standard","meta":{"_crdt_document":"","ngg_post_thumbnail":0,"jetpack_post_was_ever_published":false,"_jetpack_newsletter_access":"","_jetpack_dont_email_post_to_subs":false,"_jetpack_newsletter_tier_id":0,"_jetpack_memberships_contains_paywalled_content":false,"_jetpack_memberships_contains_paid_content":false,"footnotes":"","jetpack_publicize_message":"","jetpack_publicize_feature_enabled":true,"jetpack_social_post_already_shared":false,"jetpack_social_options":{"image_generator_settings":{"template":"highway","default_image_id":0,"font":"","enabled":false},"version":2}},"categories":[52,101,135],"tags":[86,102,538],"class_list":["post-2606","post","type-post","status-publish","format-standard","hentry","category-koeln-rodenkirchen","category-koeln-rodenkirchen-freizeit","category-koeln_rodenkirchen-fotos","tag-fotografie","tag-freizeit","tag-koeln-rodenkirchen"],"yoast_head":"<!-- This site is optimized with the Yoast SEO plugin v27.5 - https:\/\/yoast.com\/product\/yoast-seo-wordpress\/ -->\n<title>Rhein und Rodenkirchen: Hochwasser und Niedrigwasser<\/title>\n<meta name=\"description\" content=\"Das j\u00e4hrliche Weihnachts- und Oster-Hochwasser und die Trockenzeit mit Niedrigwasser im Herbst bestimmen das Leben der Uferanlieger in Rodenkirchen. Fotos\" \/>\n<meta name=\"robots\" content=\"index, follow, max-snippet:-1, max-image-preview:large, max-video-preview:-1\" \/>\n<link rel=\"canonical\" href=\"https:\/\/www.gaidaphotos.com\/blog\/2010\/02\/22\/rhein-rodenkirchen-hochwasser-niedrigwasser\/\" \/>\n<meta property=\"og:locale\" content=\"de_DE\" \/>\n<meta property=\"og:type\" content=\"article\" \/>\n<meta property=\"og:title\" content=\"Rhein und Rodenkirchen: Hochwasser und Niedrigwasser\" \/>\n<meta property=\"og:description\" content=\"Das j\u00e4hrliche Weihnachts- und Oster-Hochwasser und die Trockenzeit mit Niedrigwasser im Herbst bestimmen das Leben der Uferanlieger in Rodenkirchen. Fotos\" \/>\n<meta property=\"og:url\" content=\"https:\/\/www.gaidaphotos.com\/blog\/2010\/02\/22\/rhein-rodenkirchen-hochwasser-niedrigwasser\/\" \/>\n<meta property=\"og:site_name\" content=\"K\u00f6ln Rodenkirchen und die Welt\" \/>\n<meta property=\"article:publisher\" content=\"https:\/\/www.facebook.com\/Koeln.Rodenkirchen\" \/>\n<meta property=\"article:author\" content=\"https:\/\/www.facebook.com\/gaidaphotos\" \/>\n<meta property=\"article:published_time\" content=\"2010-02-22T13:12:11+00:00\" \/>\n<meta property=\"og:image\" content=\"https:\/\/i1.wp.com\/www.gaidaphotos.com\/blog\/wp-content\/uploads\/2010\/02\/koeln-rodenkirchen-hochwasser-021.jpg?w=592&#038;h=444&#038;ssl=1\" \/>\n<meta name=\"author\" content=\"Thomas\" \/>\n<meta name=\"twitter:card\" content=\"summary_large_image\" \/>\n<meta name=\"twitter:creator\" content=\"@gaidaphotos\" \/>\n<meta name=\"twitter:site\" content=\"@gaidaphotos\" \/>\n<meta name=\"twitter:label1\" content=\"Verfasst von\" \/>\n\t<meta name=\"twitter:data1\" content=\"Thomas\" \/>\n\t<meta name=\"twitter:label2\" content=\"Gesch\u00e4tzte Lesezeit\" \/>\n\t<meta name=\"twitter:data2\" content=\"1\u00a0Minute\" \/>\n<script type=\"application\/ld+json\" class=\"yoast-schema-graph\">{\"@context\":\"https:\\\/\\\/schema.org\",\"@graph\":[{\"@type\":\"Article\",\"@id\":\"https:\\\/\\\/www.gaidaphotos.com\\\/blog\\\/2010\\\/02\\\/22\\\/rhein-rodenkirchen-hochwasser-niedrigwasser\\\/#article\",\"isPartOf\":{\"@id\":\"https:\\\/\\\/www.gaidaphotos.com\\\/blog\\\/2010\\\/02\\\/22\\\/rhein-rodenkirchen-hochwasser-niedrigwasser\\\/\"},\"author\":{\"name\":\"Thomas\",\"@id\":\"https:\\\/\\\/www.gaidaphotos.com\\\/blog\\\/#\\\/schema\\\/person\\\/6c444a5b13ffc503c5c32f5a9ec68b21\"},\"headline\":\"Rhein und Rodenkirchen: Hochwasser und Niedrigwasser\",\"datePublished\":\"2010-02-22T13:12:11+00:00\",\"mainEntityOfPage\":{\"@id\":\"https:\\\/\\\/www.gaidaphotos.com\\\/blog\\\/2010\\\/02\\\/22\\\/rhein-rodenkirchen-hochwasser-niedrigwasser\\\/\"},\"wordCount\":106,\"commentCount\":0,\"publisher\":{\"@id\":\"https:\\\/\\\/www.gaidaphotos.com\\\/blog\\\/#organization\"},\"keywords\":[\"Fotografie\",\"Freizeit-Ideen\",\"K\u00f6ln Rodenkirchen\"],\"articleSection\":[\"K\u00f6ln Rodenkirchen\",\"K\u00f6ln Rodenkirchen Freizeit\",\"K\u00f6ln-Rodenkirchen Fotos\"],\"inLanguage\":\"de\",\"potentialAction\":[{\"@type\":\"CommentAction\",\"name\":\"Comment\",\"target\":[\"https:\\\/\\\/www.gaidaphotos.com\\\/blog\\\/2010\\\/02\\\/22\\\/rhein-rodenkirchen-hochwasser-niedrigwasser\\\/#respond\"]}]},{\"@type\":\"WebPage\",\"@id\":\"https:\\\/\\\/www.gaidaphotos.com\\\/blog\\\/2010\\\/02\\\/22\\\/rhein-rodenkirchen-hochwasser-niedrigwasser\\\/\",\"url\":\"https:\\\/\\\/www.gaidaphotos.com\\\/blog\\\/2010\\\/02\\\/22\\\/rhein-rodenkirchen-hochwasser-niedrigwasser\\\/\",\"name\":\"Rhein und Rodenkirchen: Hochwasser und Niedrigwasser\",\"isPartOf\":{\"@id\":\"https:\\\/\\\/www.gaidaphotos.com\\\/blog\\\/#website\"},\"datePublished\":\"2010-02-22T13:12:11+00:00\",\"description\":\"Das j\u00e4hrliche Weihnachts- und Oster-Hochwasser und die Trockenzeit mit Niedrigwasser im Herbst bestimmen das Leben der Uferanlieger in Rodenkirchen. Fotos\",\"breadcrumb\":{\"@id\":\"https:\\\/\\\/www.gaidaphotos.com\\\/blog\\\/2010\\\/02\\\/22\\\/rhein-rodenkirchen-hochwasser-niedrigwasser\\\/#breadcrumb\"},\"inLanguage\":\"de\",\"potentialAction\":[{\"@type\":\"ReadAction\",\"target\":[\"https:\\\/\\\/www.gaidaphotos.com\\\/blog\\\/2010\\\/02\\\/22\\\/rhein-rodenkirchen-hochwasser-niedrigwasser\\\/\"]}]},{\"@type\":\"BreadcrumbList\",\"@id\":\"https:\\\/\\\/www.gaidaphotos.com\\\/blog\\\/2010\\\/02\\\/22\\\/rhein-rodenkirchen-hochwasser-niedrigwasser\\\/#breadcrumb\",\"itemListElement\":[{\"@type\":\"ListItem\",\"position\":1,\"name\":\"Startseite\",\"item\":\"https:\\\/\\\/www.gaidaphotos.com\\\/blog\\\/\"},{\"@type\":\"ListItem\",\"position\":2,\"name\":\"Rhein und Rodenkirchen: Hochwasser und Niedrigwasser\"}]},{\"@type\":\"WebSite\",\"@id\":\"https:\\\/\\\/www.gaidaphotos.com\\\/blog\\\/#website\",\"url\":\"https:\\\/\\\/www.gaidaphotos.com\\\/blog\\\/\",\"name\":\"K\u00f6ln Rodenkirchen und die Welt\",\"description\":\"Einkaufen, Restaurants, Freizeit, Nachrichten und was uns sonst bewegt und begegnet\",\"publisher\":{\"@id\":\"https:\\\/\\\/www.gaidaphotos.com\\\/blog\\\/#organization\"},\"potentialAction\":[{\"@type\":\"SearchAction\",\"target\":{\"@type\":\"EntryPoint\",\"urlTemplate\":\"https:\\\/\\\/www.gaidaphotos.com\\\/blog\\\/?s={search_term_string}\"},\"query-input\":{\"@type\":\"PropertyValueSpecification\",\"valueRequired\":true,\"valueName\":\"search_term_string\"}}],\"inLanguage\":\"de\"},{\"@type\":\"Organization\",\"@id\":\"https:\\\/\\\/www.gaidaphotos.com\\\/blog\\\/#organization\",\"name\":\"gaidaphotos\",\"url\":\"https:\\\/\\\/www.gaidaphotos.com\\\/blog\\\/\",\"logo\":{\"@type\":\"ImageObject\",\"inLanguage\":\"de\",\"@id\":\"https:\\\/\\\/www.gaidaphotos.com\\\/blog\\\/#\\\/schema\\\/logo\\\/image\\\/\",\"url\":\"https:\\\/\\\/i0.wp.com\\\/www.gaidaphotos.com\\\/blog\\\/wp-content\\\/uploads\\\/2020\\\/07\\\/GAIDAPHOTOS-COM.jpg?fit=160%2C96&ssl=1\",\"contentUrl\":\"https:\\\/\\\/i0.wp.com\\\/www.gaidaphotos.com\\\/blog\\\/wp-content\\\/uploads\\\/2020\\\/07\\\/GAIDAPHOTOS-COM.jpg?fit=160%2C96&ssl=1\",\"width\":160,\"height\":96,\"caption\":\"gaidaphotos\"},\"image\":{\"@id\":\"https:\\\/\\\/www.gaidaphotos.com\\\/blog\\\/#\\\/schema\\\/logo\\\/image\\\/\"},\"sameAs\":[\"https:\\\/\\\/www.facebook.com\\\/Koeln.Rodenkirchen\",\"https:\\\/\\\/x.com\\\/gaidaphotos\",\"https:\\\/\\\/instagram.com\\\/gaidaphotos\\\/\",\"https:\\\/\\\/de.linkedin.com\\\/in\\\/gaidaphotos\",\"https:\\\/\\\/myspace.com\\\/gaidaphotos\",\"https:\\\/\\\/www.pinterest.com\\\/gaidaphotos\\\/\",\"https:\\\/\\\/www.youtube.com\\\/user\\\/gaidaphotos\"]},{\"@type\":\"Person\",\"@id\":\"https:\\\/\\\/www.gaidaphotos.com\\\/blog\\\/#\\\/schema\\\/person\\\/6c444a5b13ffc503c5c32f5a9ec68b21\",\"name\":\"Thomas\",\"sameAs\":[\"https:\\\/\\\/www.gaidaphotos.com\",\"https:\\\/\\\/www.facebook.com\\\/gaidaphotos\",\"https:\\\/\\\/instagram.com\\\/gaidaphotos\\\/\",\"https:\\\/\\\/www.linkedin.com\\\/in\\\/gaidaphotos\",\"http:\\\/\\\/www.pinterest.com\\\/gaidaphotos\\\/\",\"https:\\\/\\\/x.com\\\/gaidaphotos\",\"https:\\\/\\\/myspace.com\\\/gaidaphotos\",\"https:\\\/\\\/www.youtube.com\\\/user\\\/gaidaphotos\",\"https:\\\/\\\/gaidaphotos.tumblr.com\\\/\"]}]}<\/script>\n<!-- \/ Yoast SEO plugin. -->","yoast_head_json":{"title":"Rhein und Rodenkirchen: Hochwasser und Niedrigwasser","description":"Das j\u00e4hrliche Weihnachts- und Oster-Hochwasser und die Trockenzeit mit Niedrigwasser im Herbst bestimmen das Leben der Uferanlieger in Rodenkirchen. Fotos","robots":{"index":"index","follow":"follow","max-snippet":"max-snippet:-1","max-image-preview":"max-image-preview:large","max-video-preview":"max-video-preview:-1"},"canonical":"https:\/\/www.gaidaphotos.com\/blog\/2010\/02\/22\/rhein-rodenkirchen-hochwasser-niedrigwasser\/","og_locale":"de_DE","og_type":"article","og_title":"Rhein und Rodenkirchen: Hochwasser und Niedrigwasser","og_description":"Das j\u00e4hrliche Weihnachts- und Oster-Hochwasser und die Trockenzeit mit Niedrigwasser im Herbst bestimmen das Leben der Uferanlieger in Rodenkirchen. Fotos","og_url":"https:\/\/www.gaidaphotos.com\/blog\/2010\/02\/22\/rhein-rodenkirchen-hochwasser-niedrigwasser\/","og_site_name":"K\u00f6ln Rodenkirchen und die Welt","article_publisher":"https:\/\/www.facebook.com\/Koeln.Rodenkirchen","article_author":"https:\/\/www.facebook.com\/gaidaphotos","article_published_time":"2010-02-22T13:12:11+00:00","og_image":[{"url":"https:\/\/i1.wp.com\/www.gaidaphotos.com\/blog\/wp-content\/uploads\/2010\/02\/koeln-rodenkirchen-hochwasser-021.jpg?w=592&#038;h=444&#038;ssl=1","type":"","width":"","height":""}],"author":"Thomas","twitter_card":"summary_large_image","twitter_creator":"@gaidaphotos","twitter_site":"@gaidaphotos","twitter_misc":{"Verfasst von":"Thomas","Gesch\u00e4tzte Lesezeit":"1\u00a0Minute"},"schema":{"@context":"https:\/\/schema.org","@graph":[{"@type":"Article","@id":"https:\/\/www.gaidaphotos.com\/blog\/2010\/02\/22\/rhein-rodenkirchen-hochwasser-niedrigwasser\/#article","isPartOf":{"@id":"https:\/\/www.gaidaphotos.com\/blog\/2010\/02\/22\/rhein-rodenkirchen-hochwasser-niedrigwasser\/"},"author":{"name":"Thomas","@id":"https:\/\/www.gaidaphotos.com\/blog\/#\/schema\/person\/6c444a5b13ffc503c5c32f5a9ec68b21"},"headline":"Rhein und Rodenkirchen: Hochwasser und Niedrigwasser","datePublished":"2010-02-22T13:12:11+00:00","mainEntityOfPage":{"@id":"https:\/\/www.gaidaphotos.com\/blog\/2010\/02\/22\/rhein-rodenkirchen-hochwasser-niedrigwasser\/"},"wordCount":106,"commentCount":0,"publisher":{"@id":"https:\/\/www.gaidaphotos.com\/blog\/#organization"},"keywords":["Fotografie","Freizeit-Ideen","K\u00f6ln Rodenkirchen"],"articleSection":["K\u00f6ln Rodenkirchen","K\u00f6ln Rodenkirchen Freizeit","K\u00f6ln-Rodenkirchen Fotos"],"inLanguage":"de","potentialAction":[{"@type":"CommentAction","name":"Comment","target":["https:\/\/www.gaidaphotos.com\/blog\/2010\/02\/22\/rhein-rodenkirchen-hochwasser-niedrigwasser\/#respond"]}]},{"@type":"WebPage","@id":"https:\/\/www.gaidaphotos.com\/blog\/2010\/02\/22\/rhein-rodenkirchen-hochwasser-niedrigwasser\/","url":"https:\/\/www.gaidaphotos.com\/blog\/2010\/02\/22\/rhein-rodenkirchen-hochwasser-niedrigwasser\/","name":"Rhein und Rodenkirchen: Hochwasser und Niedrigwasser","isPartOf":{"@id":"https:\/\/www.gaidaphotos.com\/blog\/#website"},"datePublished":"2010-02-22T13:12:11+00:00","description":"Das j\u00e4hrliche Weihnachts- und Oster-Hochwasser und die Trockenzeit mit Niedrigwasser im Herbst bestimmen das Leben der Uferanlieger in Rodenkirchen. Fotos","breadcrumb":{"@id":"https:\/\/www.gaidaphotos.com\/blog\/2010\/02\/22\/rhein-rodenkirchen-hochwasser-niedrigwasser\/#breadcrumb"},"inLanguage":"de","potentialAction":[{"@type":"ReadAction","target":["https:\/\/www.gaidaphotos.com\/blog\/2010\/02\/22\/rhein-rodenkirchen-hochwasser-niedrigwasser\/"]}]},{"@type":"BreadcrumbList","@id":"https:\/\/www.gaidaphotos.com\/blog\/2010\/02\/22\/rhein-rodenkirchen-hochwasser-niedrigwasser\/#breadcrumb","itemListElement":[{"@type":"ListItem","position":1,"name":"Startseite","item":"https:\/\/www.gaidaphotos.com\/blog\/"},{"@type":"ListItem","position":2,"name":"Rhein und Rodenkirchen: Hochwasser und Niedrigwasser"}]},{"@type":"WebSite","@id":"https:\/\/www.gaidaphotos.com\/blog\/#website","url":"https:\/\/www.gaidaphotos.com\/blog\/","name":"K\u00f6ln Rodenkirchen und die Welt","description":"Einkaufen, Restaurants, Freizeit, Nachrichten und was uns sonst bewegt und begegnet","publisher":{"@id":"https:\/\/www.gaidaphotos.com\/blog\/#organization"},"potentialAction":[{"@type":"SearchAction","target":{"@type":"EntryPoint","urlTemplate":"https:\/\/www.gaidaphotos.com\/blog\/?s={search_term_string}"},"query-input":{"@type":"PropertyValueSpecification","valueRequired":true,"valueName":"search_term_string"}}],"inLanguage":"de"},{"@type":"Organization","@id":"https:\/\/www.gaidaphotos.com\/blog\/#organization","name":"gaidaphotos","url":"https:\/\/www.gaidaphotos.com\/blog\/","logo":{"@type":"ImageObject","inLanguage":"de","@id":"https:\/\/www.gaidaphotos.com\/blog\/#\/schema\/logo\/image\/","url":"https:\/\/i0.wp.com\/www.gaidaphotos.com\/blog\/wp-content\/uploads\/2020\/07\/GAIDAPHOTOS-COM.jpg?fit=160%2C96&ssl=1","contentUrl":"https:\/\/i0.wp.com\/www.gaidaphotos.com\/blog\/wp-content\/uploads\/2020\/07\/GAIDAPHOTOS-COM.jpg?fit=160%2C96&ssl=1","width":160,"height":96,"caption":"gaidaphotos"},"image":{"@id":"https:\/\/www.gaidaphotos.com\/blog\/#\/schema\/logo\/image\/"},"sameAs":["https:\/\/www.facebook.com\/Koeln.Rodenkirchen","https:\/\/x.com\/gaidaphotos","https:\/\/instagram.com\/gaidaphotos\/","https:\/\/de.linkedin.com\/in\/gaidaphotos","https:\/\/myspace.com\/gaidaphotos","https:\/\/www.pinterest.com\/gaidaphotos\/","https:\/\/www.youtube.com\/user\/gaidaphotos"]},{"@type":"Person","@id":"https:\/\/www.gaidaphotos.com\/blog\/#\/schema\/person\/6c444a5b13ffc503c5c32f5a9ec68b21","name":"Thomas","sameAs":["https:\/\/www.gaidaphotos.com","https:\/\/www.facebook.com\/gaidaphotos","https:\/\/instagram.com\/gaidaphotos\/","https:\/\/www.linkedin.com\/in\/gaidaphotos","http:\/\/www.pinterest.com\/gaidaphotos\/","https:\/\/x.com\/gaidaphotos","https:\/\/myspace.com\/gaidaphotos","https:\/\/www.youtube.com\/user\/gaidaphotos","https:\/\/gaidaphotos.tumblr.com\/"]}]}},"jetpack_publicize_connections":[],"jetpack_featured_media_url":"","jetpack_sharing_enabled":true,"jetpack_likes_enabled":true,"jetpack-related-posts":[{"id":3839,"url":"https:\/\/www.gaidaphotos.com\/blog\/2011\/11\/30\/rhein-niedrigwasser-2011\/","url_meta":{"origin":2606,"position":0},"title":"Rhein Niedrigwasser 2011: Ich bin dann mal weg","author":"Thomas","date":"30. November 2011","format":false,"excerpt":"Ganz so schlimm ist es dann doch nicht. Der Rhein ist schon ein gro\u00dfer Strom, der so schnell nicht zum Rinnsal wird. Aber als der Rhein-Pegel bei K\u00f6ln unter die Marke von 1 Meter fiel, trat das Ufer in K\u00f6ln Rodenkirchen wieder einmal deutlich hervor.Aber noch fahren die Schiffe und\u2026","rel":"","context":"In &quot;K\u00f6ln-Rodenkirchen Fotos&quot;","block_context":{"text":"K\u00f6ln-Rodenkirchen Fotos","link":"https:\/\/www.gaidaphotos.com\/blog\/category\/foto\/koeln_rodenkirchen-fotos\/"},"img":{"alt_text":"","src":"https:\/\/www.gaidaphotos.com\/blog\/wp-content\/uploads\/2020\/08\/nggallery_import\/85_","width":350,"height":200,"srcset":"https:\/\/www.gaidaphotos.com\/blog\/wp-content\/uploads\/2020\/08\/nggallery_import\/85_ 1x, https:\/\/www.gaidaphotos.com\/blog\/wp-content\/uploads\/2020\/08\/nggallery_import\/85_ 1.5x"},"classes":[]},{"id":3486,"url":"https:\/\/www.gaidaphotos.com\/blog\/2011\/01\/10\/rhein-hochwasser-2011-in-koeln-rodenkirchen-aktuelle-fotos\/","url_meta":{"origin":2606,"position":1},"title":"Rhein-Hochwasser 2011 in K\u00f6ln-Rodenkirchen: Aktuelle Fotos","author":"Thomas","date":"10. Januar 2011","format":false,"excerpt":"Rhein-Hochwasser 2011 in K\u00f6ln-Rodenkirchen: Aktuelle Fotos Eigentlich ist es jedes Jahr dasselbe. Erst regnet es stark und dann kommt das Hochwasser an Weihnachten. Alte Rodenkirchener kennen das Rhein-hochwassser zu dieser zeit als \"Weihnachtshochwasser\". Und ebenso regelm\u00e4\u00dfig \"soff\" das Rheinufer und das Auenviertel in K\u00f6ln-Rodenkirchen ab. Seit einigen Jahren sch\u00fctzt ein\u2026","rel":"","context":"In &quot;K\u00f6ln Rodenkirchen&quot;","block_context":{"text":"K\u00f6ln Rodenkirchen","link":"https:\/\/www.gaidaphotos.com\/blog\/category\/koeln-rodenkirchen\/"},"img":{"alt_text":"","src":"","width":0,"height":0},"classes":[]},{"id":600,"url":"https:\/\/www.gaidaphotos.com\/blog\/2009\/05\/18\/koeln-rodenkirchen-wassersport\/","url_meta":{"origin":2606,"position":2},"title":"K\u00f6ln-Rodenkirchen: Wassersport am Rhein (Fotos)","author":"Thomas","date":"18. Mai 2009","format":false,"excerpt":"Zu den vielen m\u00f6glichen Freizeit-aktivit\u00e4ten und Freizeit-besch\u00e4ftigungen in K\u00f6ln Rodenkirchen geh\u00f6rt auf jeden Fall der Wassersport. Rudern, Kanu, Kayak fahren - f\u00fcr alls Wassersport-ler bietet der Rhein in K\u00f6ln Rodenkirchen interessante M\u00f6glichkeiten. Hier ein Foto von einem Kanu-Wettkampf der Kinder und Jugendlichen in K\u00f6ln-Rodenkirchen am Rhein. Im liberalen K\u00f6ln Rodenkirchen\u2026","rel":"","context":"In &quot;Humor&quot;","block_context":{"text":"Humor","link":"https:\/\/www.gaidaphotos.com\/blog\/category\/humor\/"},"img":{"alt_text":"","src":"https:\/\/i0.wp.com\/www.gaidaphotos.com\/blog\/wp-content\/uploads\/2009\/05\/17052009092.jpg?resize=350%2C200&ssl=1","width":350,"height":200,"srcset":"https:\/\/i0.wp.com\/www.gaidaphotos.com\/blog\/wp-content\/uploads\/2009\/05\/17052009092.jpg?resize=350%2C200&ssl=1 1x, https:\/\/i0.wp.com\/www.gaidaphotos.com\/blog\/wp-content\/uploads\/2009\/05\/17052009092.jpg?resize=525%2C300&ssl=1 1.5x, https:\/\/i0.wp.com\/www.gaidaphotos.com\/blog\/wp-content\/uploads\/2009\/05\/17052009092.jpg?resize=700%2C400&ssl=1 2x, https:\/\/i0.wp.com\/www.gaidaphotos.com\/blog\/wp-content\/uploads\/2009\/05\/17052009092.jpg?resize=1050%2C600&ssl=1 3x, https:\/\/i0.wp.com\/www.gaidaphotos.com\/blog\/wp-content\/uploads\/2009\/05\/17052009092.jpg?resize=1400%2C800&ssl=1 4x"},"classes":[]},{"id":2180,"url":"https:\/\/www.gaidaphotos.com\/blog\/2009\/10\/15\/koeln-rodenkirchen-restaurant-restaurants-am-rheinufer-2\/","url_meta":{"origin":2606,"position":3},"title":"K\u00f6ln-Rodenkirchen Restaurant: Restaurants am Rheinufer 2","author":"Thomas","date":"15. Oktober 2009","format":false,"excerpt":"Vor einiger Zeit haben wir Euch die Restaurants am Rheinufer in K\u00f6ln-Rodenkirchen von der Autobahnbr\u00fccke im Norden bis zur Barbarastra\u00dfe vorgestellt. Heute folgen die Lokale am Rhein von der Uferstra\u00dfe bis zum Wei\u00dfer Bogen. Mit dem \"Wei\u00dfer Bogen\" endet die Uferstra\u00dfe am Rhein in K\u00f6ln-Rodenkirchen\u00b4f\u00fcr Fahrzeuge. Es lohnt sich der\u2026","rel":"","context":"In &quot;K\u00f6ln Rodenkirchen Restaurant&quot;","block_context":{"text":"K\u00f6ln Rodenkirchen Restaurant","link":"https:\/\/www.gaidaphotos.com\/blog\/category\/koeln-rodenkirchen\/koeln-rodenkirchen-restaurant\/"},"img":{"alt_text":"Koeln Rodenkirchen Restaurants am Rhein","src":"https:\/\/i0.wp.com\/www.gaidaphotos.com\/blog\/wp-content\/uploads\/2009\/10\/haus-berger-300x200.jpg?resize=350%2C200&ssl=1","width":350,"height":200},"classes":[]},{"id":3371,"url":"https:\/\/www.gaidaphotos.com\/blog\/2010\/09\/08\/verkaufsoffener-sonntag-12-09-2010-in-koeln-nrw\/","url_meta":{"origin":2606,"position":4},"title":"verkaufsoffener Sonntag 12.09.2010 in K\u00f6ln, NRW","author":"Thomas","date":"8. September 2010","format":false,"excerpt":"Verkaufsoffener Sonntag 25.07.2010 in K\u00f6ln? Am 12.09.2010 ist in K\u00f6ln kein verkaufsoffener Sonntag. Unten finden Sie eine Reihe Alternativvorschl\u00e4ge f\u00fcr den 12.09.2010 oder schauen Sie in unseren Kalender. {CALENDAR} Verkaufsoffene Sonntage in Maastricht Freizeitideen f\u00fcr K\u00f6ln, K\u00f6ln Rodenkirchen und den K\u00f6lner S\u00fcden. Alte Fotos aus K\u00f6ln Rodenkirchen: Wir st\u00f6bern in\u2026","rel":"","context":"In &quot;K\u00f6ln Rodenkirchen Freizeit&quot;","block_context":{"text":"K\u00f6ln Rodenkirchen Freizeit","link":"https:\/\/www.gaidaphotos.com\/blog\/category\/koeln-rodenkirchen\/koeln-rodenkirchen-freizeit\/"},"img":{"alt_text":"","src":"","width":0,"height":0},"classes":[]},{"id":389,"url":"https:\/\/www.gaidaphotos.com\/blog\/2009\/04\/14\/koln-rodenkirchen-rheinufe\/","url_meta":{"origin":2606,"position":5},"title":"Was ist das merkw\u00fcrdiges am Rheinufer in K\u00f6ln Rodenkirchen?","author":"Thomas","date":"14. April 2009","format":false,"excerpt":"Das merkw\u00fcrdige Ding am Rheinufer in K\u00f6ln Rodenkirchen ist das neue ...","rel":"","context":"In &quot;17&quot;","block_context":{"text":"17","link":"https:\/\/www.gaidaphotos.com\/blog\/category\/mobile_news_von_unterwegs\/mobile_news_von_unterwegs-n95\/"},"img":{"alt_text":"","src":"","width":0,"height":0},"classes":[]}],"_links":{"self":[{"href":"https:\/\/www.gaidaphotos.com\/blog\/wp-json\/wp\/v2\/posts\/2606","targetHints":{"allow":["GET"]}}],"collection":[{"href":"https:\/\/www.gaidaphotos.com\/blog\/wp-json\/wp\/v2\/posts"}],"about":[{"href":"https:\/\/www.gaidaphotos.com\/blog\/wp-json\/wp\/v2\/types\/post"}],"author":[{"embeddable":true,"href":"https:\/\/www.gaidaphotos.com\/blog\/wp-json\/wp\/v2\/users\/6"}],"replies":[{"embeddable":true,"href":"https:\/\/www.gaidaphotos.com\/blog\/wp-json\/wp\/v2\/comments?post=2606"}],"version-history":[{"count":0,"href":"https:\/\/www.gaidaphotos.com\/blog\/wp-json\/wp\/v2\/posts\/2606\/revisions"}],"wp:attachment":[{"href":"https:\/\/www.gaidaphotos.com\/blog\/wp-json\/wp\/v2\/media?parent=2606"}],"wp:term":[{"taxonomy":"category","embeddable":true,"href":"https:\/\/www.gaidaphotos.com\/blog\/wp-json\/wp\/v2\/categories?post=2606"},{"taxonomy":"post_tag","embeddable":true,"href":"https:\/\/www.gaidaphotos.com\/blog\/wp-json\/wp\/v2\/tags?post=2606"}],"curies":[{"name":"wp","href":"https:\/\/api.w.org\/{rel}","templated":true}]}}