{"id":2633,"date":"2010-02-25T15:47:06","date_gmt":"2010-02-25T14:47:06","guid":{"rendered":"http:\/\/gaidaphotos.com\/blog\/?p=2633"},"modified":"2015-02-25T12:29:21","modified_gmt":"2015-02-25T11:29:21","slug":"rodenkirchener-kunstmeile-2010","status":"publish","type":"post","link":"https:\/\/www.gaidaphotos.com\/blog\/2010\/02\/25\/rodenkirchener-kunstmeile-2010\/","title":{"rendered":"K\u00f6ln-Rodenkirchen: 8. Kunstmeile 2010 &#8211; alle Daten"},"content":{"rendered":"<h2>8. Rodenkirchener Kunstmeile 14. &#8211; 20. M\u00e4rz 2010<\/h2>\n<p>Zum achten Mal findet am zweiten Wochenende im M\u00e4rz die <strong>Rodenkirchener Kunstmeile<\/strong> statt. Hier finden Sie alle K\u00fcnstler, Termine und Ortsangaben im \u00dcberblick.<\/p>\n<p>Die Aktionsgemeinschaft Rodenkirchen e.V. richtet auch in diesem Jahr wieder die bekannte und erfolgreiche Rodenkirchener Kunstmeile aus.<\/p>\n<p>Er\u00f6ffnung:\u00a0 12.00 Uhr Vernissage im Sommershof<\/p>\n<p>13.00 bis 18.00 Uhr <strong>Verkaufsoffener Sonntag<\/strong><\/p>\n<p>ab 18.00 Uhr Kunstmeilen-Treff in der Maternus-Senioren-Wohnanlage<\/p>\n<p>Laufplan f\u00fcr die <strong>8. Rodenkirchener Kunstmeile 2010:<\/strong><\/p>\n<table cellspacing=\"0\" cellpadding=\"0\">\n<tbody>\n<tr>\n<td>1<\/td>\n<td>Novotergum<\/td>\n<td>Sommershof<\/p>\n<p>Hauptstra\u00dfe 71\u201373<\/td>\n<td>Silvia Graeter<\/td>\n<\/tr>\n<tr height=\"68\">\n<td>2<\/td>\n<td height=\"68\">Nacken<\/td>\n<td>Hillebrand &amp; Partner<\/p>\n<p>Oststra\u00dfe 11\u201313<\/td>\n<td>Doris G\u00f6lden<\/p>\n<p>Peter Manfred Stock<\/td>\n<\/tr>\n<tr>\n<td>3<\/td>\n<td>Blumen    Br\u00fcning<\/td>\n<td>Sommershof<\/p>\n<p>Hauptstra\u00dfe 71\u201373<\/td>\n<td>Claudia Franzen<\/td>\n<\/tr>\n<tr>\n<td>4<\/td>\n<td>Optik    Lehnen<\/td>\n<td>Sommershof<\/p>\n<p>Hauptstra\u00dfe 71\u201373<\/td>\n<td>Christoph Lechtenb\u00f6hmer<\/td>\n<\/tr>\n<tr>\n<td>5<\/td>\n<td>Piehl    &amp; Reifenh\u00e4user<\/td>\n<td>Sommershof<\/p>\n<p>Hauptstra\u00dfe 71\u201373<\/td>\n<td>Maria Ohly<\/td>\n<\/tr>\n<tr height=\"34\">\n<td>6<\/td>\n<td height=\"34\">Tennis    &amp; Golf Service<\/td>\n<td>Hauptstra\u00dfe 75<\/td>\n<td>Andrea Traub<\/td>\n<\/tr>\n<tr>\n<td>7<\/td>\n<td>Buchhandlung    K\u00f6hl<\/td>\n<td>am Rathausplatz<\/td>\n<td>Michael Veerhoff<\/td>\n<\/tr>\n<tr>\n<td>8<\/td>\n<td>Optik    &amp; H\u00f6rakustik Hennes<\/td>\n<td>Hauptstra\u00dfe 91<\/td>\n<td>Helga Hahn<\/td>\n<\/tr>\n<tr height=\"68\">\n<td>9<\/td>\n<td height=\"68\">Evangelische    Erl\u00f6serkirche<\/td>\n<td>S\u00fcrther Stra\u00dfe 34<\/td>\n<td>Jochen Fassbender<\/td>\n<\/tr>\n<tr height=\"68\">\n<td>10<\/td>\n<td height=\"68\">Gemeinschaftsausstellung<\/td>\n<td>Hauptstr. 128<\/td>\n<td>Barbara Endres<\/p>\n<p>Annette Klever<\/td>\n<\/tr>\n<tr>\n<td>11<\/td>\n<td>Maternus    Seniorenwohnanlage<\/td>\n<td>Hauptstr. 128<\/td>\n<td>Peter Alexander J\u00e4ckel<\/td>\n<\/tr>\n<tr height=\"34\">\n<td>12<\/td>\n<td height=\"34\">Via Moda<\/td>\n<td>Hauptstra\u00dfe 120<\/td>\n<td>Bernd M\u00fcller<\/td>\n<\/tr>\n<tr height=\"34\">\n<td>13<\/td>\n<td height=\"34\">Schuhhaus    M\u00fcller<\/td>\n<td>Maternusplatz 2<\/td>\n<td>Klaus Fronzeck<\/td>\n<\/tr>\n<tr height=\"34\">\n<td>14<\/td>\n<td height=\"34\">Sparkasse    K\u00f6lnBonn<\/td>\n<td>Maternusplatz 10<\/td>\n<td>Georg Hollinger<\/td>\n<\/tr>\n<tr>\n<td>15<\/td>\n<td>Nina    Maintzer Schmuck<\/td>\n<td>Wilhelmstra\u00dfe 68<\/td>\n<td>Ildefons H\u00f6yng<\/td>\n<\/tr>\n<tr height=\"34\">\n<td>16<\/td>\n<td height=\"34\">Juwelier    Behrendt<\/td>\n<td>Maternusstra\u00dfe 14<\/td>\n<td>Kurt Arentz<\/td>\n<\/tr>\n<tr height=\"34\">\n<td>17<\/td>\n<td height=\"34\">Bistro    Verde<\/td>\n<td>Maternusstra\u00dfe 6<\/td>\n<td>Birgit Eichler<\/td>\n<\/tr>\n<tr height=\"68\">\n<td>18<\/td>\n<td height=\"68\">K\u00f6lner    Bank<\/td>\n<td>Maternusstra\u00dfe 1<\/td>\n<td>Henning Schl\u00fcter<\/p>\n<p>Rudolf Holzenthal<\/td>\n<\/tr>\n<tr height=\"34\">\n<td>19<\/td>\n<td height=\"34\">MC-Mode<\/td>\n<td>Hauptstra\u00dfe 67<\/td>\n<td>Marlies Stock<\/td>\n<\/tr>\n<tr height=\"34\">\n<td>20<\/td>\n<td height=\"34\">Studio<\/td>\n<td>Hauptstra\u00dfe 88<\/td>\n<td>Andreas R. Knoop<\/td>\n<\/tr>\n<tr height=\"34\">\n<td>21<\/td>\n<td height=\"34\">K\u00f6ttgen    H\u00f6rakustik<\/td>\n<td>Hauptstra\u00dfe 74<\/td>\n<td>Stefi Mann-Nichiteanu<\/td>\n<\/tr>\n<tr height=\"34\">\n<td>22<\/td>\n<td height=\"34\">Bennetton<\/td>\n<td>Hauptstra\u00dfe 70<\/td>\n<td>Ursula Schmelzer<\/td>\n<\/tr>\n<tr height=\"34\">\n<td>23<\/td>\n<td height=\"34\">Bang    &amp; Olufsen<\/td>\n<td>Hauptstra\u00dfe 39\u201341<\/td>\n<td>Katja Haubner<\/td>\n<\/tr>\n<tr>\n<td>24<\/td>\n<td>Rust    Herrenmoden<\/td>\n<td>Rheingalerie<\/p>\n<p>Hauptstra\u00dfe 39\u201341<\/td>\n<td>Hon Sang Tong<\/td>\n<\/tr>\n<tr>\n<td>25<\/td>\n<td>Goldschmiede    Alius<\/td>\n<td>Rheingalerie<\/p>\n<p>Hauptstra\u00dfe 39\u201341<\/td>\n<td>Eva Maria Juras<\/td>\n<\/tr>\n<tr>\n<td>26<\/td>\n<td>Brauhaus    Quetsch<\/td>\n<td>Rheingalerie<\/p>\n<p>Hauptstra\u00dfe 39\u201341<\/td>\n<td>Monika Weber-Statz<\/td>\n<\/tr>\n<tr>\n<td>J<\/td>\n<td>Jugendkunstschule<\/td>\n<td>Friedrich-Ebert-Stra\u00dfe<\/td>\n<td><\/td>\n<\/tr>\n<\/tbody>\n<\/table>\n<p><a href=\"https:\/\/i0.wp.com\/www.gaidaphotos.com\/blog\/wp-content\/uploads\/2010\/02\/rodenkirchener-kunstmeile.jpg?ssl=1\"><img data-recalc-dims=\"1\" loading=\"lazy\" decoding=\"async\" class=\"aligncenter size-medium wp-image-2634\" title=\"rodenkirchener-kunstmeile\" src=\"https:\/\/i0.wp.com\/www.gaidaphotos.com\/blog\/wp-content\/uploads\/2010\/02\/rodenkirchener-kunstmeile.jpg?resize=300%2C247&#038;ssl=1\" alt=\"Rodenkirchener Kunstmeile\" width=\"300\" height=\"247\" srcset=\"https:\/\/i0.wp.com\/www.gaidaphotos.com\/blog\/wp-content\/uploads\/2010\/02\/rodenkirchener-kunstmeile.jpg?resize=300%2C247&amp;ssl=1 300w, https:\/\/i0.wp.com\/www.gaidaphotos.com\/blog\/wp-content\/uploads\/2010\/02\/rodenkirchener-kunstmeile.jpg?w=903&amp;ssl=1 903w\" sizes=\"auto, (max-width: 300px) 100vw, 300px\" \/><\/a>Klicken Sie das Bild, um die Karte in Originalgr\u00f6\u00dfe zu \u00f6ffnen und auszudrucken.<\/p>\n<p><strong>Die K\u00fcnstler der 8. Rodenkirchener Kunstmeile von A-Z<\/strong><\/p>\n<table cellspacing=\"0\" cellpadding=\"0\">\n<tbody>\n<tr>\n<td>Arentz, Kurt<\/td>\n<td>Skulptur<\/td>\n<\/tr>\n<tr>\n<td>Eichler, Birgit<\/td>\n<td>Malerei<\/td>\n<\/tr>\n<tr>\n<td>Endres, Barbara<\/td>\n<td>Malerei<\/td>\n<\/tr>\n<tr>\n<td>Fassbender, Jochen<\/td>\n<td>Klangskulptur<\/td>\n<\/tr>\n<tr>\n<td>Franzen, Claudia<\/td>\n<td>Malerei<\/td>\n<\/tr>\n<tr>\n<td>Fronzeck, Klau<\/td>\n<td>Kybernetische Objekte<\/td>\n<\/tr>\n<tr>\n<td>G\u00f6lden, Dori<\/td>\n<td>Fotografie<\/td>\n<\/tr>\n<tr>\n<td>Graeter, Silvia<\/td>\n<td>Skulptur<\/td>\n<\/tr>\n<tr>\n<td>Hahn, Helga<\/td>\n<td>Malerei<\/td>\n<\/tr>\n<tr>\n<td>Haubner, Katja<\/td>\n<td>Malerei<\/td>\n<\/tr>\n<tr>\n<td>Hollinger, Georg<\/td>\n<td>Malerei<\/td>\n<\/tr>\n<tr>\n<td>Hon Sang    Tong,<\/td>\n<td>Skulptur<\/td>\n<\/tr>\n<tr>\n<td>H\u00f6yng, Ildefon<\/td>\n<td>Malerei<\/td>\n<\/tr>\n<tr>\n<td>Holzenthal, Rudolf<\/td>\n<td>Mobile Bilderschau<\/td>\n<\/tr>\n<tr>\n<td>J\u00e4ckel, Peter A.<\/td>\n<td>Alexander<\/td>\n<\/tr>\n<tr>\n<td>Juras, Eva M.<\/td>\n<td>Objekte<\/td>\n<\/tr>\n<tr>\n<td>Klever, Annette<\/td>\n<td>Malerei<\/td>\n<\/tr>\n<tr>\n<td>Knoop, Andrea R.<\/td>\n<td>Malerei<\/td>\n<\/tr>\n<tr>\n<td>Lechtenb\u00f6hmer, Christoph<\/td>\n<td>Malerei<\/td>\n<\/tr>\n<tr>\n<td>Mann-Nichiteanu, Stefi<\/td>\n<td>Malerei<\/td>\n<\/tr>\n<tr>\n<td>M\u00fcller, Bernd<\/td>\n<td>kulptur<\/td>\n<\/tr>\n<tr>\n<td>Ohly, Maria<\/td>\n<td>Malerei<\/td>\n<\/tr>\n<tr>\n<td>Schl\u00fcter, Henning<\/td>\n<td>Mobile Bilderschau<\/td>\n<\/tr>\n<tr>\n<td>Schmelzer, Ursula<\/td>\n<td>Objekte, Materialbilder<\/td>\n<\/tr>\n<tr>\n<td>Stock, Marlies<\/td>\n<td>Skulptur<\/td>\n<\/tr>\n<tr>\n<td>Stock, Peter M.<\/td>\n<td>Malerei<\/td>\n<\/tr>\n<tr>\n<td>Traub, Andrea<\/td>\n<td>Malerei, Textildesign<\/td>\n<\/tr>\n<tr>\n<td>Veerhoff, Michael<\/td>\n<td>Erdmalerei<\/td>\n<\/tr>\n<tr>\n<td>Weber-Statz, Monika<\/td>\n<td>Malerei<\/td>\n<\/tr>\n<\/tbody>\n<\/table>\n<p>Einen Ausstellungsf\u00fchrer erhalten Sie w\u00e4hrend der 8. Rodenkirchener Kunstmeile. Leider wird der F\u00fchrer nicht als Download angeboten.<\/p>\n","protected":false},"excerpt":{"rendered":"<p>8. Rodenkirchener Kunstmeile 14. &#8211; 20. M\u00e4rz 2010 Zum achten Mal findet am zweiten Wochenende im M\u00e4rz die Rodenkirchener Kunstmeile<\/p>\n","protected":false},"author":6,"featured_media":0,"comment_status":"open","ping_status":"open","sticky":false,"template":"","format":"standard","meta":{"_crdt_document":"","ngg_post_thumbnail":0,"jetpack_post_was_ever_published":false,"_jetpack_newsletter_access":"","_jetpack_dont_email_post_to_subs":false,"_jetpack_newsletter_tier_id":0,"_jetpack_memberships_contains_paywalled_content":false,"_jetpack_memberships_contains_paid_content":false,"footnotes":"","jetpack_publicize_message":"","jetpack_publicize_feature_enabled":true,"jetpack_social_post_already_shared":false,"jetpack_social_options":{"image_generator_settings":{"template":"highway","default_image_id":0,"font":"","enabled":false},"version":2}},"categories":[89,101,522,178],"tags":[102,538],"class_list":["post-2633","post","type-post","status-publish","format-standard","hentry","category-koeln-rodenkirchen-einkaufen","category-koeln-rodenkirchen-freizeit","category-rodenkirchener-kunstmeile","category-verkaufsoffener-sonntag-koln-nrw","tag-freizeit","tag-koeln-rodenkirchen"],"yoast_head":"<!-- This site is optimized with the Yoast SEO plugin v27.5 - https:\/\/yoast.com\/product\/yoast-seo-wordpress\/ -->\n<title>K\u00f6ln-Rodenkirchen: 8. Kunstmeile 2010 - alle Daten<\/title>\n<meta name=\"description\" content=\"8. Rodenkirchener Kunstmeile im M\u00e4rz 2010. Alle K\u00fcnstler, alle Daten, Alle Locations mit Karte zum Ausdrucken\" \/>\n<meta name=\"robots\" content=\"index, follow, max-snippet:-1, max-image-preview:large, max-video-preview:-1\" \/>\n<link rel=\"canonical\" href=\"https:\/\/www.gaidaphotos.com\/blog\/2010\/02\/25\/rodenkirchener-kunstmeile-2010\/\" \/>\n<meta property=\"og:locale\" content=\"de_DE\" \/>\n<meta property=\"og:type\" content=\"article\" \/>\n<meta property=\"og:title\" content=\"K\u00f6ln-Rodenkirchen: 8. Kunstmeile 2010 - alle Daten\" \/>\n<meta property=\"og:description\" content=\"8. Rodenkirchener Kunstmeile im M\u00e4rz 2010. Alle K\u00fcnstler, alle Daten, Alle Locations mit Karte zum Ausdrucken\" \/>\n<meta property=\"og:url\" content=\"https:\/\/www.gaidaphotos.com\/blog\/2010\/02\/25\/rodenkirchener-kunstmeile-2010\/\" \/>\n<meta property=\"og:site_name\" content=\"K\u00f6ln Rodenkirchen und die Welt\" \/>\n<meta property=\"article:publisher\" content=\"https:\/\/www.facebook.com\/Koeln.Rodenkirchen\" \/>\n<meta property=\"article:author\" content=\"https:\/\/www.facebook.com\/gaidaphotos\" \/>\n<meta property=\"article:published_time\" content=\"2010-02-25T14:47:06+00:00\" \/>\n<meta property=\"article:modified_time\" content=\"2015-02-25T11:29:21+00:00\" \/>\n<meta property=\"og:image\" content=\"https:\/\/www.gaidaphotos.com\/blog\/wp-content\/uploads\/2010\/02\/rodenkirchener-kunstmeile-300x247.jpg\" \/>\n<meta name=\"author\" content=\"Thomas\" \/>\n<meta name=\"twitter:card\" content=\"summary_large_image\" \/>\n<meta name=\"twitter:creator\" content=\"@gaidaphotos\" \/>\n<meta name=\"twitter:site\" content=\"@gaidaphotos\" \/>\n<meta name=\"twitter:label1\" content=\"Verfasst von\" \/>\n\t<meta name=\"twitter:data1\" content=\"Thomas\" \/>\n\t<meta name=\"twitter:label2\" content=\"Gesch\u00e4tzte Lesezeit\" \/>\n\t<meta name=\"twitter:data2\" content=\"2\u00a0Minuten\" \/>\n<script type=\"application\/ld+json\" class=\"yoast-schema-graph\">{\"@context\":\"https:\\\/\\\/schema.org\",\"@graph\":[{\"@type\":\"Article\",\"@id\":\"https:\\\/\\\/www.gaidaphotos.com\\\/blog\\\/2010\\\/02\\\/25\\\/rodenkirchener-kunstmeile-2010\\\/#article\",\"isPartOf\":{\"@id\":\"https:\\\/\\\/www.gaidaphotos.com\\\/blog\\\/2010\\\/02\\\/25\\\/rodenkirchener-kunstmeile-2010\\\/\"},\"author\":{\"name\":\"Thomas\",\"@id\":\"https:\\\/\\\/www.gaidaphotos.com\\\/blog\\\/#\\\/schema\\\/person\\\/6c444a5b13ffc503c5c32f5a9ec68b21\"},\"headline\":\"K\u00f6ln-Rodenkirchen: 8. Kunstmeile 2010 &#8211; alle Daten\",\"datePublished\":\"2010-02-25T14:47:06+00:00\",\"dateModified\":\"2015-02-25T11:29:21+00:00\",\"mainEntityOfPage\":{\"@id\":\"https:\\\/\\\/www.gaidaphotos.com\\\/blog\\\/2010\\\/02\\\/25\\\/rodenkirchener-kunstmeile-2010\\\/\"},\"wordCount\":416,\"commentCount\":0,\"publisher\":{\"@id\":\"https:\\\/\\\/www.gaidaphotos.com\\\/blog\\\/#organization\"},\"image\":{\"@id\":\"https:\\\/\\\/www.gaidaphotos.com\\\/blog\\\/2010\\\/02\\\/25\\\/rodenkirchener-kunstmeile-2010\\\/#primaryimage\"},\"thumbnailUrl\":\"https:\\\/\\\/www.gaidaphotos.com\\\/blog\\\/wp-content\\\/uploads\\\/2010\\\/02\\\/rodenkirchener-kunstmeile-300x247.jpg\",\"keywords\":[\"Freizeit-Ideen\",\"K\u00f6ln Rodenkirchen\"],\"articleSection\":[\"K\u00f6ln Rodenkirchen Einkaufen\",\"K\u00f6ln Rodenkirchen Freizeit\",\"Rodenkirchener Kunstmeile\",\"Verkaufsoffener Sonntag K\u00f6ln NRW\"],\"inLanguage\":\"de\",\"potentialAction\":[{\"@type\":\"CommentAction\",\"name\":\"Comment\",\"target\":[\"https:\\\/\\\/www.gaidaphotos.com\\\/blog\\\/2010\\\/02\\\/25\\\/rodenkirchener-kunstmeile-2010\\\/#respond\"]}]},{\"@type\":\"WebPage\",\"@id\":\"https:\\\/\\\/www.gaidaphotos.com\\\/blog\\\/2010\\\/02\\\/25\\\/rodenkirchener-kunstmeile-2010\\\/\",\"url\":\"https:\\\/\\\/www.gaidaphotos.com\\\/blog\\\/2010\\\/02\\\/25\\\/rodenkirchener-kunstmeile-2010\\\/\",\"name\":\"K\u00f6ln-Rodenkirchen: 8. Kunstmeile 2010 - alle Daten\",\"isPartOf\":{\"@id\":\"https:\\\/\\\/www.gaidaphotos.com\\\/blog\\\/#website\"},\"primaryImageOfPage\":{\"@id\":\"https:\\\/\\\/www.gaidaphotos.com\\\/blog\\\/2010\\\/02\\\/25\\\/rodenkirchener-kunstmeile-2010\\\/#primaryimage\"},\"image\":{\"@id\":\"https:\\\/\\\/www.gaidaphotos.com\\\/blog\\\/2010\\\/02\\\/25\\\/rodenkirchener-kunstmeile-2010\\\/#primaryimage\"},\"thumbnailUrl\":\"https:\\\/\\\/www.gaidaphotos.com\\\/blog\\\/wp-content\\\/uploads\\\/2010\\\/02\\\/rodenkirchener-kunstmeile-300x247.jpg\",\"datePublished\":\"2010-02-25T14:47:06+00:00\",\"dateModified\":\"2015-02-25T11:29:21+00:00\",\"description\":\"8. Rodenkirchener Kunstmeile im M\u00e4rz 2010. Alle K\u00fcnstler, alle Daten, Alle Locations mit Karte zum Ausdrucken\",\"breadcrumb\":{\"@id\":\"https:\\\/\\\/www.gaidaphotos.com\\\/blog\\\/2010\\\/02\\\/25\\\/rodenkirchener-kunstmeile-2010\\\/#breadcrumb\"},\"inLanguage\":\"de\",\"potentialAction\":[{\"@type\":\"ReadAction\",\"target\":[\"https:\\\/\\\/www.gaidaphotos.com\\\/blog\\\/2010\\\/02\\\/25\\\/rodenkirchener-kunstmeile-2010\\\/\"]}]},{\"@type\":\"ImageObject\",\"inLanguage\":\"de\",\"@id\":\"https:\\\/\\\/www.gaidaphotos.com\\\/blog\\\/2010\\\/02\\\/25\\\/rodenkirchener-kunstmeile-2010\\\/#primaryimage\",\"url\":\"https:\\\/\\\/i0.wp.com\\\/www.gaidaphotos.com\\\/blog\\\/wp-content\\\/uploads\\\/2010\\\/02\\\/rodenkirchener-kunstmeile.jpg?fit=903%2C746&ssl=1\",\"contentUrl\":\"https:\\\/\\\/i0.wp.com\\\/www.gaidaphotos.com\\\/blog\\\/wp-content\\\/uploads\\\/2010\\\/02\\\/rodenkirchener-kunstmeile.jpg?fit=903%2C746&ssl=1\",\"width\":\"903\",\"height\":\"746\",\"caption\":\"Rodenkirchener Kunstmeile\"},{\"@type\":\"BreadcrumbList\",\"@id\":\"https:\\\/\\\/www.gaidaphotos.com\\\/blog\\\/2010\\\/02\\\/25\\\/rodenkirchener-kunstmeile-2010\\\/#breadcrumb\",\"itemListElement\":[{\"@type\":\"ListItem\",\"position\":1,\"name\":\"Startseite\",\"item\":\"https:\\\/\\\/www.gaidaphotos.com\\\/blog\\\/\"},{\"@type\":\"ListItem\",\"position\":2,\"name\":\"K\u00f6ln-Rodenkirchen: 8. Kunstmeile 2010 &#8211; alle Daten\"}]},{\"@type\":\"WebSite\",\"@id\":\"https:\\\/\\\/www.gaidaphotos.com\\\/blog\\\/#website\",\"url\":\"https:\\\/\\\/www.gaidaphotos.com\\\/blog\\\/\",\"name\":\"K\u00f6ln Rodenkirchen und die Welt\",\"description\":\"Einkaufen, Restaurants, Freizeit, Nachrichten und was uns sonst bewegt und begegnet\",\"publisher\":{\"@id\":\"https:\\\/\\\/www.gaidaphotos.com\\\/blog\\\/#organization\"},\"potentialAction\":[{\"@type\":\"SearchAction\",\"target\":{\"@type\":\"EntryPoint\",\"urlTemplate\":\"https:\\\/\\\/www.gaidaphotos.com\\\/blog\\\/?s={search_term_string}\"},\"query-input\":{\"@type\":\"PropertyValueSpecification\",\"valueRequired\":true,\"valueName\":\"search_term_string\"}}],\"inLanguage\":\"de\"},{\"@type\":\"Organization\",\"@id\":\"https:\\\/\\\/www.gaidaphotos.com\\\/blog\\\/#organization\",\"name\":\"gaidaphotos\",\"url\":\"https:\\\/\\\/www.gaidaphotos.com\\\/blog\\\/\",\"logo\":{\"@type\":\"ImageObject\",\"inLanguage\":\"de\",\"@id\":\"https:\\\/\\\/www.gaidaphotos.com\\\/blog\\\/#\\\/schema\\\/logo\\\/image\\\/\",\"url\":\"https:\\\/\\\/i0.wp.com\\\/www.gaidaphotos.com\\\/blog\\\/wp-content\\\/uploads\\\/2020\\\/07\\\/GAIDAPHOTOS-COM.jpg?fit=160%2C96&ssl=1\",\"contentUrl\":\"https:\\\/\\\/i0.wp.com\\\/www.gaidaphotos.com\\\/blog\\\/wp-content\\\/uploads\\\/2020\\\/07\\\/GAIDAPHOTOS-COM.jpg?fit=160%2C96&ssl=1\",\"width\":160,\"height\":96,\"caption\":\"gaidaphotos\"},\"image\":{\"@id\":\"https:\\\/\\\/www.gaidaphotos.com\\\/blog\\\/#\\\/schema\\\/logo\\\/image\\\/\"},\"sameAs\":[\"https:\\\/\\\/www.facebook.com\\\/Koeln.Rodenkirchen\",\"https:\\\/\\\/x.com\\\/gaidaphotos\",\"https:\\\/\\\/instagram.com\\\/gaidaphotos\\\/\",\"https:\\\/\\\/de.linkedin.com\\\/in\\\/gaidaphotos\",\"https:\\\/\\\/myspace.com\\\/gaidaphotos\",\"https:\\\/\\\/www.pinterest.com\\\/gaidaphotos\\\/\",\"https:\\\/\\\/www.youtube.com\\\/user\\\/gaidaphotos\"]},{\"@type\":\"Person\",\"@id\":\"https:\\\/\\\/www.gaidaphotos.com\\\/blog\\\/#\\\/schema\\\/person\\\/6c444a5b13ffc503c5c32f5a9ec68b21\",\"name\":\"Thomas\",\"sameAs\":[\"https:\\\/\\\/www.gaidaphotos.com\",\"https:\\\/\\\/www.facebook.com\\\/gaidaphotos\",\"https:\\\/\\\/instagram.com\\\/gaidaphotos\\\/\",\"https:\\\/\\\/www.linkedin.com\\\/in\\\/gaidaphotos\",\"http:\\\/\\\/www.pinterest.com\\\/gaidaphotos\\\/\",\"https:\\\/\\\/x.com\\\/gaidaphotos\",\"https:\\\/\\\/myspace.com\\\/gaidaphotos\",\"https:\\\/\\\/www.youtube.com\\\/user\\\/gaidaphotos\",\"https:\\\/\\\/gaidaphotos.tumblr.com\\\/\"]}]}<\/script>\n<!-- \/ Yoast SEO plugin. -->","yoast_head_json":{"title":"K\u00f6ln-Rodenkirchen: 8. Kunstmeile 2010 - alle Daten","description":"8. Rodenkirchener Kunstmeile im M\u00e4rz 2010. Alle K\u00fcnstler, alle Daten, Alle Locations mit Karte zum Ausdrucken","robots":{"index":"index","follow":"follow","max-snippet":"max-snippet:-1","max-image-preview":"max-image-preview:large","max-video-preview":"max-video-preview:-1"},"canonical":"https:\/\/www.gaidaphotos.com\/blog\/2010\/02\/25\/rodenkirchener-kunstmeile-2010\/","og_locale":"de_DE","og_type":"article","og_title":"K\u00f6ln-Rodenkirchen: 8. Kunstmeile 2010 - alle Daten","og_description":"8. Rodenkirchener Kunstmeile im M\u00e4rz 2010. Alle K\u00fcnstler, alle Daten, Alle Locations mit Karte zum Ausdrucken","og_url":"https:\/\/www.gaidaphotos.com\/blog\/2010\/02\/25\/rodenkirchener-kunstmeile-2010\/","og_site_name":"K\u00f6ln Rodenkirchen und die Welt","article_publisher":"https:\/\/www.facebook.com\/Koeln.Rodenkirchen","article_author":"https:\/\/www.facebook.com\/gaidaphotos","article_published_time":"2010-02-25T14:47:06+00:00","article_modified_time":"2015-02-25T11:29:21+00:00","og_image":[{"url":"https:\/\/www.gaidaphotos.com\/blog\/wp-content\/uploads\/2010\/02\/rodenkirchener-kunstmeile-300x247.jpg","type":"","width":"","height":""}],"author":"Thomas","twitter_card":"summary_large_image","twitter_creator":"@gaidaphotos","twitter_site":"@gaidaphotos","twitter_misc":{"Verfasst von":"Thomas","Gesch\u00e4tzte Lesezeit":"2\u00a0Minuten"},"schema":{"@context":"https:\/\/schema.org","@graph":[{"@type":"Article","@id":"https:\/\/www.gaidaphotos.com\/blog\/2010\/02\/25\/rodenkirchener-kunstmeile-2010\/#article","isPartOf":{"@id":"https:\/\/www.gaidaphotos.com\/blog\/2010\/02\/25\/rodenkirchener-kunstmeile-2010\/"},"author":{"name":"Thomas","@id":"https:\/\/www.gaidaphotos.com\/blog\/#\/schema\/person\/6c444a5b13ffc503c5c32f5a9ec68b21"},"headline":"K\u00f6ln-Rodenkirchen: 8. Kunstmeile 2010 &#8211; alle Daten","datePublished":"2010-02-25T14:47:06+00:00","dateModified":"2015-02-25T11:29:21+00:00","mainEntityOfPage":{"@id":"https:\/\/www.gaidaphotos.com\/blog\/2010\/02\/25\/rodenkirchener-kunstmeile-2010\/"},"wordCount":416,"commentCount":0,"publisher":{"@id":"https:\/\/www.gaidaphotos.com\/blog\/#organization"},"image":{"@id":"https:\/\/www.gaidaphotos.com\/blog\/2010\/02\/25\/rodenkirchener-kunstmeile-2010\/#primaryimage"},"thumbnailUrl":"https:\/\/www.gaidaphotos.com\/blog\/wp-content\/uploads\/2010\/02\/rodenkirchener-kunstmeile-300x247.jpg","keywords":["Freizeit-Ideen","K\u00f6ln Rodenkirchen"],"articleSection":["K\u00f6ln Rodenkirchen Einkaufen","K\u00f6ln Rodenkirchen Freizeit","Rodenkirchener Kunstmeile","Verkaufsoffener Sonntag K\u00f6ln NRW"],"inLanguage":"de","potentialAction":[{"@type":"CommentAction","name":"Comment","target":["https:\/\/www.gaidaphotos.com\/blog\/2010\/02\/25\/rodenkirchener-kunstmeile-2010\/#respond"]}]},{"@type":"WebPage","@id":"https:\/\/www.gaidaphotos.com\/blog\/2010\/02\/25\/rodenkirchener-kunstmeile-2010\/","url":"https:\/\/www.gaidaphotos.com\/blog\/2010\/02\/25\/rodenkirchener-kunstmeile-2010\/","name":"K\u00f6ln-Rodenkirchen: 8. Kunstmeile 2010 - alle Daten","isPartOf":{"@id":"https:\/\/www.gaidaphotos.com\/blog\/#website"},"primaryImageOfPage":{"@id":"https:\/\/www.gaidaphotos.com\/blog\/2010\/02\/25\/rodenkirchener-kunstmeile-2010\/#primaryimage"},"image":{"@id":"https:\/\/www.gaidaphotos.com\/blog\/2010\/02\/25\/rodenkirchener-kunstmeile-2010\/#primaryimage"},"thumbnailUrl":"https:\/\/www.gaidaphotos.com\/blog\/wp-content\/uploads\/2010\/02\/rodenkirchener-kunstmeile-300x247.jpg","datePublished":"2010-02-25T14:47:06+00:00","dateModified":"2015-02-25T11:29:21+00:00","description":"8. Rodenkirchener Kunstmeile im M\u00e4rz 2010. Alle K\u00fcnstler, alle Daten, Alle Locations mit Karte zum Ausdrucken","breadcrumb":{"@id":"https:\/\/www.gaidaphotos.com\/blog\/2010\/02\/25\/rodenkirchener-kunstmeile-2010\/#breadcrumb"},"inLanguage":"de","potentialAction":[{"@type":"ReadAction","target":["https:\/\/www.gaidaphotos.com\/blog\/2010\/02\/25\/rodenkirchener-kunstmeile-2010\/"]}]},{"@type":"ImageObject","inLanguage":"de","@id":"https:\/\/www.gaidaphotos.com\/blog\/2010\/02\/25\/rodenkirchener-kunstmeile-2010\/#primaryimage","url":"https:\/\/i0.wp.com\/www.gaidaphotos.com\/blog\/wp-content\/uploads\/2010\/02\/rodenkirchener-kunstmeile.jpg?fit=903%2C746&ssl=1","contentUrl":"https:\/\/i0.wp.com\/www.gaidaphotos.com\/blog\/wp-content\/uploads\/2010\/02\/rodenkirchener-kunstmeile.jpg?fit=903%2C746&ssl=1","width":"903","height":"746","caption":"Rodenkirchener Kunstmeile"},{"@type":"BreadcrumbList","@id":"https:\/\/www.gaidaphotos.com\/blog\/2010\/02\/25\/rodenkirchener-kunstmeile-2010\/#breadcrumb","itemListElement":[{"@type":"ListItem","position":1,"name":"Startseite","item":"https:\/\/www.gaidaphotos.com\/blog\/"},{"@type":"ListItem","position":2,"name":"K\u00f6ln-Rodenkirchen: 8. Kunstmeile 2010 &#8211; alle Daten"}]},{"@type":"WebSite","@id":"https:\/\/www.gaidaphotos.com\/blog\/#website","url":"https:\/\/www.gaidaphotos.com\/blog\/","name":"K\u00f6ln Rodenkirchen und die Welt","description":"Einkaufen, Restaurants, Freizeit, Nachrichten und was uns sonst bewegt und begegnet","publisher":{"@id":"https:\/\/www.gaidaphotos.com\/blog\/#organization"},"potentialAction":[{"@type":"SearchAction","target":{"@type":"EntryPoint","urlTemplate":"https:\/\/www.gaidaphotos.com\/blog\/?s={search_term_string}"},"query-input":{"@type":"PropertyValueSpecification","valueRequired":true,"valueName":"search_term_string"}}],"inLanguage":"de"},{"@type":"Organization","@id":"https:\/\/www.gaidaphotos.com\/blog\/#organization","name":"gaidaphotos","url":"https:\/\/www.gaidaphotos.com\/blog\/","logo":{"@type":"ImageObject","inLanguage":"de","@id":"https:\/\/www.gaidaphotos.com\/blog\/#\/schema\/logo\/image\/","url":"https:\/\/i0.wp.com\/www.gaidaphotos.com\/blog\/wp-content\/uploads\/2020\/07\/GAIDAPHOTOS-COM.jpg?fit=160%2C96&ssl=1","contentUrl":"https:\/\/i0.wp.com\/www.gaidaphotos.com\/blog\/wp-content\/uploads\/2020\/07\/GAIDAPHOTOS-COM.jpg?fit=160%2C96&ssl=1","width":160,"height":96,"caption":"gaidaphotos"},"image":{"@id":"https:\/\/www.gaidaphotos.com\/blog\/#\/schema\/logo\/image\/"},"sameAs":["https:\/\/www.facebook.com\/Koeln.Rodenkirchen","https:\/\/x.com\/gaidaphotos","https:\/\/instagram.com\/gaidaphotos\/","https:\/\/de.linkedin.com\/in\/gaidaphotos","https:\/\/myspace.com\/gaidaphotos","https:\/\/www.pinterest.com\/gaidaphotos\/","https:\/\/www.youtube.com\/user\/gaidaphotos"]},{"@type":"Person","@id":"https:\/\/www.gaidaphotos.com\/blog\/#\/schema\/person\/6c444a5b13ffc503c5c32f5a9ec68b21","name":"Thomas","sameAs":["https:\/\/www.gaidaphotos.com","https:\/\/www.facebook.com\/gaidaphotos","https:\/\/instagram.com\/gaidaphotos\/","https:\/\/www.linkedin.com\/in\/gaidaphotos","http:\/\/www.pinterest.com\/gaidaphotos\/","https:\/\/x.com\/gaidaphotos","https:\/\/myspace.com\/gaidaphotos","https:\/\/www.youtube.com\/user\/gaidaphotos","https:\/\/gaidaphotos.tumblr.com\/"]}]}},"jetpack_publicize_connections":[],"jetpack_featured_media_url":"","jetpack_sharing_enabled":true,"jetpack_likes_enabled":true,"jetpack-related-posts":[{"id":8693,"url":"https:\/\/www.gaidaphotos.com\/blog\/2015\/02\/25\/13-rodenkirchner-kunstmeile-2015\/","url_meta":{"origin":2633,"position":0},"title":"13. Rodenkirchner Kunstmeile 2015","author":"Thomas","date":"25. Februar 2015","format":false,"excerpt":"13. Kunstmeile in Rodenkirchen verkaufsoffener Sonntag mit Antikmarkt 15. M\u00e4rz 2015 Im M\u00e4rz locken uns die 13. Kunstmeile und ein Antikmarkt am verkaufsoffenen Sonntag, 15.M\u00e4rz 2015 von 13:00h bis 18:00h in unser sch\u00f6nes Rodenkirchen. Rodenkirchen wird zur Kunst- und Antik- Metropole :) und wir haben f\u00fcr Sie die \u00dcbersicht der\u2026","rel":"","context":"In &quot;Flohmarkt\/Troedelmarkt&quot;","block_context":{"text":"Flohmarkt\/Troedelmarkt","link":"https:\/\/www.gaidaphotos.com\/blog\/category\/flohmarkttroedelmarkt-2\/"},"img":{"alt_text":"","src":"https:\/\/i0.wp.com\/www.gaidaphotos.com\/blog\/wp-content\/uploads\/ngg_featured\/rodenkirchener-kunstmeile-2014-03.jpg?fit=1000%2C667&ssl=1&resize=350%2C200","width":350,"height":200,"srcset":"https:\/\/i0.wp.com\/www.gaidaphotos.com\/blog\/wp-content\/uploads\/ngg_featured\/rodenkirchener-kunstmeile-2014-03.jpg?fit=1000%2C667&ssl=1&resize=350%2C200 1x, https:\/\/i0.wp.com\/www.gaidaphotos.com\/blog\/wp-content\/uploads\/ngg_featured\/rodenkirchener-kunstmeile-2014-03.jpg?fit=1000%2C667&ssl=1&resize=525%2C300 1.5x, https:\/\/i0.wp.com\/www.gaidaphotos.com\/blog\/wp-content\/uploads\/ngg_featured\/rodenkirchener-kunstmeile-2014-03.jpg?fit=1000%2C667&ssl=1&resize=700%2C400 2x"},"classes":[]},{"id":3506,"url":"https:\/\/www.gaidaphotos.com\/blog\/2011\/02\/22\/9-rodenkirchener-kunstmeile-2011-alle-orte-alle-kuenstler-katalog\/","url_meta":{"origin":2633,"position":1},"title":"9. Rodenkirchener Kunstmeile 2011: Alle Orte, alle K\u00fcnstler, Katalog","author":"Thomas","date":"22. Februar 2011","format":false,"excerpt":"9. Rodenkirchener Kunstmeile 2011 Am 13.03.2011 findet zum 9. Die Rodenkirchener Kunstmeile statt. Zum verkaufsoffenen Sonntag in K\u00f6ln-Rodenkirchen laden die \u00f6rtlichen Gesch\u00e4fte zu Kultur und Kommerz. Die Er\u00f6ffnung der Rodenkirchener Kunstmeile 2011 findet um 12.00 Uhr im Sommershof statt. Ab 13:00h bis 18:00h haben zudem die Gesch\u00e4fte in K\u00f6ln-Rodenkirchen am\u2026","rel":"","context":"In &quot;K\u00f6ln Rodenkirchen Einkaufen&quot;","block_context":{"text":"K\u00f6ln Rodenkirchen Einkaufen","link":"https:\/\/www.gaidaphotos.com\/blog\/category\/koeln-rodenkirchen\/koeln-rodenkirchen-einkaufen\/"},"img":{"alt_text":"9. Rodenkirchener Kunstmeile 2011 Karte","src":"https:\/\/i0.wp.com\/www.gaidaphotos.com\/blog\/wp-content\/uploads\/2011\/02\/rodenkirchener-kunstmeile-2011-karte.jpg?resize=350%2C200&ssl=1","width":350,"height":200},"classes":[]},{"id":4280,"url":"https:\/\/www.gaidaphotos.com\/blog\/2012\/03\/01\/rodenkirchener-kunstmeile-11-03-2012\/","url_meta":{"origin":2633,"position":2},"title":"Rodenkirchener Kunstmeile 11.03.2012","author":"Thomas","date":"1. M\u00e4rz 2012","format":false,"excerpt":"Rodenkirchener Kunstmeile 11.03.2012 Zum 10. Jubil\u00e4um der Rodenkirchener Kunstmeile wurde die Ausstellungszeit verdoppelt, 11. - 24. M\u00e4rz 2012, und mehr als 40 Ausstellungsorte laden zum Kunstrundgang in der Hauptstadt der k\u00f6lschen Riviera ein. Der Veranstalter, die Aktionsgemeinschaft Rodenkirchen, hat sich m\u00e4chtig in's Zeug gelegt und bietet nicht nur eine umfangreichere\u2026","rel":"","context":"In &quot;K\u00f6ln Rodenkirchen Einkaufen&quot;","block_context":{"text":"K\u00f6ln Rodenkirchen Einkaufen","link":"https:\/\/www.gaidaphotos.com\/blog\/category\/koeln-rodenkirchen\/koeln-rodenkirchen-einkaufen\/"},"img":{"alt_text":"","src":"https:\/\/www.gaidaphotos.com\/blog\/wp-content\/uploads\/2020\/08\/nggallery_import\/110_","width":350,"height":200,"srcset":"https:\/\/www.gaidaphotos.com\/blog\/wp-content\/uploads\/2020\/08\/nggallery_import\/110_ 1x, https:\/\/www.gaidaphotos.com\/blog\/wp-content\/uploads\/2020\/08\/nggallery_import\/110_ 1.5x, https:\/\/www.gaidaphotos.com\/blog\/wp-content\/uploads\/2020\/08\/nggallery_import\/110_ 2x, https:\/\/www.gaidaphotos.com\/blog\/wp-content\/uploads\/2020\/08\/nggallery_import\/110_ 3x"},"classes":[]},{"id":6200,"url":"https:\/\/www.gaidaphotos.com\/blog\/2014\/03\/19\/12-rodenkirchener-kunstmeile-2014\/","url_meta":{"origin":2633,"position":3},"title":"12. Rodenkirchener Kunstmeile 2014","author":"Thomas","date":"19. M\u00e4rz 2014","format":false,"excerpt":"12. Kunstmeile Rodenkirchen 2014 Zum 12. Mal findet im M\u00e4rz 2014 die Kunstmeile Rodenkirchen statt. In \u00fcber 40 Gesch\u00e4ften, Praxen und B\u00fcros zeigen die K\u00fcnstler ihre Werke aus Malerei, Fotografie und Skulpturen. Beginn ist am 23. M\u00e4rz 2014 mit einer Vernissage im 1. OG des Sommerhofs. Im Anschluss daran kann\u2026","rel":"","context":"In &quot;Flohmarkt\/Troedelmarkt&quot;","block_context":{"text":"Flohmarkt\/Troedelmarkt","link":"https:\/\/www.gaidaphotos.com\/blog\/category\/flohmarkttroedelmarkt-2\/"},"img":{"alt_text":"","src":"https:\/\/i0.wp.com\/www.gaidaphotos.com\/blog\/wp-content\/uploads\/ngg_featured\/rodenkirchener-kunstmeile-2013-16.jpg?fit=667%2C1000&ssl=1&resize=350%2C200","width":350,"height":200,"srcset":"https:\/\/i0.wp.com\/www.gaidaphotos.com\/blog\/wp-content\/uploads\/ngg_featured\/rodenkirchener-kunstmeile-2013-16.jpg?fit=667%2C1000&ssl=1&resize=350%2C200 1x, https:\/\/i0.wp.com\/www.gaidaphotos.com\/blog\/wp-content\/uploads\/ngg_featured\/rodenkirchener-kunstmeile-2013-16.jpg?fit=667%2C1000&ssl=1&resize=525%2C300 1.5x"},"classes":[]},{"id":4302,"url":"https:\/\/www.gaidaphotos.com\/blog\/2012\/03\/06\/10-rodenkirchener-kunstmeile-2012-akuenstler-orte\/","url_meta":{"origin":2633,"position":4},"title":"10. Rodenkirchener Kunstmeile 2012 : Alle K\u00fcnstler, alle Orte","author":"Thomas","date":"6. M\u00e4rz 2012","format":false,"excerpt":"10. Rodenkirchener Kunstmeile 2012 : Alle K\u00fcnstler, alle Orte Nachdem wir \u00fcber das Rahmenprogramm der Rodenkirchener Kunstmeile berichtet haben, bieten wir Ihnen jetzt eine Liste aller K\u00fcnstler und aller Ausstellungsorte sowie den offiziellen F\u00fchrer der 10. Rodenkirchner Kunstmeile. An 42 Ausstellungsorten finden Sie vom 11. - 24. M\u00e4rz 2012 Maler,\u2026","rel":"","context":"In &quot;K\u00f6ln Rodenkirchen Einkaufen&quot;","block_context":{"text":"K\u00f6ln Rodenkirchen Einkaufen","link":"https:\/\/www.gaidaphotos.com\/blog\/category\/koeln-rodenkirchen\/koeln-rodenkirchen-einkaufen\/"},"img":{"alt_text":"","src":"https:\/\/www.gaidaphotos.com\/blog\/wp-content\/uploads\/2020\/08\/nggallery_import\/28_","width":350,"height":200},"classes":[]},{"id":9380,"url":"https:\/\/www.gaidaphotos.com\/blog\/2016\/03\/30\/14-rodenkirchener-kunstmeile-2016\/","url_meta":{"origin":2633,"position":5},"title":"14. Rodenkirchener Kunstmeile 2016","author":"Thomas","date":"30. M\u00e4rz 2016","format":false,"excerpt":"14. Rodenkirchener Kunstmeile und verkaufsoffener Sonntag 10.04.2016 Zum 14. Mal \u00f6ffnen die Rodenkirchener Einzelh\u00e4ndler und Dienstleiter Ihre L\u00e4den und Ihre B\u00fcros und laden zur \"Rodenkirchener Kunstmeile\". Das Rahmenprogramm lockt mit vielen Band Auftritten verschiedener Stilrichtungen in der \u00f6rtlichen Gastronomie, F\u00fchrungen, Lesungen, Aktionskunst und mobilen Ateliers, Filmaktion, Talkrunde und sogar einer\u2026","rel":"","context":"In &quot;K\u00f6ln Rodenkirchen Einkaufen&quot;","block_context":{"text":"K\u00f6ln Rodenkirchen Einkaufen","link":"https:\/\/www.gaidaphotos.com\/blog\/category\/koeln-rodenkirchen\/koeln-rodenkirchen-einkaufen\/"},"img":{"alt_text":"14. Rodenkirchner Kunstmeile","src":"https:\/\/i0.wp.com\/www.gaidaphotos.com\/blog\/wp-content\/uploads\/2016\/03\/14-rodenkirchener-kunstmeile-2016.jpg?fit=1127%2C795&ssl=1&resize=350%2C200","width":350,"height":200,"srcset":"https:\/\/i0.wp.com\/www.gaidaphotos.com\/blog\/wp-content\/uploads\/2016\/03\/14-rodenkirchener-kunstmeile-2016.jpg?fit=1127%2C795&ssl=1&resize=350%2C200 1x, https:\/\/i0.wp.com\/www.gaidaphotos.com\/blog\/wp-content\/uploads\/2016\/03\/14-rodenkirchener-kunstmeile-2016.jpg?fit=1127%2C795&ssl=1&resize=525%2C300 1.5x, https:\/\/i0.wp.com\/www.gaidaphotos.com\/blog\/wp-content\/uploads\/2016\/03\/14-rodenkirchener-kunstmeile-2016.jpg?fit=1127%2C795&ssl=1&resize=700%2C400 2x, https:\/\/i0.wp.com\/www.gaidaphotos.com\/blog\/wp-content\/uploads\/2016\/03\/14-rodenkirchener-kunstmeile-2016.jpg?fit=1127%2C795&ssl=1&resize=1050%2C600 3x"},"classes":[]}],"_links":{"self":[{"href":"https:\/\/www.gaidaphotos.com\/blog\/wp-json\/wp\/v2\/posts\/2633","targetHints":{"allow":["GET"]}}],"collection":[{"href":"https:\/\/www.gaidaphotos.com\/blog\/wp-json\/wp\/v2\/posts"}],"about":[{"href":"https:\/\/www.gaidaphotos.com\/blog\/wp-json\/wp\/v2\/types\/post"}],"author":[{"embeddable":true,"href":"https:\/\/www.gaidaphotos.com\/blog\/wp-json\/wp\/v2\/users\/6"}],"replies":[{"embeddable":true,"href":"https:\/\/www.gaidaphotos.com\/blog\/wp-json\/wp\/v2\/comments?post=2633"}],"version-history":[{"count":0,"href":"https:\/\/www.gaidaphotos.com\/blog\/wp-json\/wp\/v2\/posts\/2633\/revisions"}],"wp:attachment":[{"href":"https:\/\/www.gaidaphotos.com\/blog\/wp-json\/wp\/v2\/media?parent=2633"}],"wp:term":[{"taxonomy":"category","embeddable":true,"href":"https:\/\/www.gaidaphotos.com\/blog\/wp-json\/wp\/v2\/categories?post=2633"},{"taxonomy":"post_tag","embeddable":true,"href":"https:\/\/www.gaidaphotos.com\/blog\/wp-json\/wp\/v2\/tags?post=2633"}],"curies":[{"name":"wp","href":"https:\/\/api.w.org\/{rel}","templated":true}]}}