{"id":2714,"date":"2010-03-23T12:54:26","date_gmt":"2010-03-23T11:54:26","guid":{"rendered":"http:\/\/gaidaphotos.com\/blog\/?p=2714"},"modified":"2014-01-16T15:02:24","modified_gmt":"2014-01-16T14:02:24","slug":"verkaufsoffener-sonntag-feiertag-maastricht","status":"publish","type":"post","link":"https:\/\/www.gaidaphotos.com\/blog\/2010\/03\/23\/verkaufsoffener-sonntag-feiertag-maastricht\/","title":{"rendered":"Verkaufsoffener Sonntag &#038; Feiertag in Maastricht (NL)"},"content":{"rendered":"<h2>verkaufsoffener Sonntag &amp; Feiertag in Maastricht (Holland)<\/h2>\n<figure id=\"attachment_2715\" aria-describedby=\"caption-attachment-2715\" style=\"width: 224px\" class=\"wp-caption aligncenter\"><img data-recalc-dims=\"1\" loading=\"lazy\" decoding=\"async\" class=\"size-medium wp-image-2715\" title=\"verkaufsoffener-sonntag-maastricht\" src=\"https:\/\/i0.wp.com\/www.gaidaphotos.com\/blog\/wp-content\/uploads\/2010\/03\/verkaufsoffener-sonntag-maastricht.jpg?resize=224%2C300&#038;ssl=1\" alt=\"verkaufsoffener Sonntag\/Feiertag in Maastricht\" width=\"224\" height=\"300\" srcset=\"https:\/\/i0.wp.com\/www.gaidaphotos.com\/blog\/wp-content\/uploads\/2010\/03\/verkaufsoffener-sonntag-maastricht.jpg?resize=224%2C300&amp;ssl=1 224w, https:\/\/i0.wp.com\/www.gaidaphotos.com\/blog\/wp-content\/uploads\/2010\/03\/verkaufsoffener-sonntag-maastricht.jpg?w=320&amp;ssl=1 320w\" sizes=\"auto, (max-width: 224px) 100vw, 224px\" \/><figcaption id=\"caption-attachment-2715\" class=\"wp-caption-text\">verkaufsoffener Sonntag\/Feiertag in Maastricht<\/figcaption><\/figure>\n<blockquote><p>\n<?php include(\"wp-content\/include\/verkaufsoffener-sonntag.php\"); ?>\n<\/p><\/blockquote>\n<p>Hier finden Sie eine <strong>\u00dcbersicht der verkaufsoffenen Sonntage und Feiertage in Maastricht Holland<\/strong> f\u00fcr 2010, sowie die \u00d6ffnungszeiten:<\/p>\n<h3>Verkaufsoffener Sonntag 2010<\/h3>\n<p>Jeden ersten Sonntag im Monat sind in Maastricht die Gesch\u00e4fte von 12:00h bis 17\/18:00h ge\u00f6ffnet.<\/p>\n<p>Lediglich am Ostersonntag (04.04.2010) bleiben die Gesch\u00e4fte geschlossen.<\/p>\n<h3>Weitere verkaufsoffene Sonntage 2010<\/h3>\n<p style=\"padding-left: 30px;\">&#8211; 14 M\u00e4rz (TEFAF) 2010<br \/>\n&#8211; 14 November 2010<br \/>\n&#8211; 21 November 2010<br \/>\n&#8211; 28 November 2010<br \/>\n&#8211; 12 Dezember 2010<br \/>\n&#8211; 19 Dezember 2010<\/p>\n<p><strong>\u00d6ffnungszeiten an verkaufsoffenen Feiertagen 2010<\/strong><\/p>\n<p>5 April 12.00 &#8211; 17.00 (<strong>Ostermontag <\/strong>ge\u00f6ffnet)<br \/>\n30 April 12.00-17.00 (K\u00f6niginnentag)<br \/>\n5 Mai, regul\u00e4re \u00d6ffnungszeiten<br \/>\n13 Mai 12.00-17.00 (<strong>Himmelfahrt <\/strong>ge\u00f6ffnet)<\/p>\n<p>Feiertage 2010 an denen die Gesch\u00e4fte nicht ge\u00f6ffnet sind:<\/p>\n<p>&#8211; Ostersonntag 4 April<br \/>\n&#8211; Pfingstsonntag 23 Mai und Pfingstmontag 24 Mai<br \/>\n&#8211; 1. und 2. Weihnachtstag 25.\/26. Dezember<\/p>\n<p><strong>\u00d6ffnungszeiten an Wochentagen:<\/strong><\/p>\n<p>VORSICHT! Am Montag \u00f6ffnen die meisten Gesch\u00e4fte erst um 13:00 h.<\/p>\n<p><?php include(\"wp-content\/include\/verkaufsoffener-sonntag.php\"); ?><\/p>\n","protected":false},"excerpt":{"rendered":"<p>verkaufsoffener Sonntag &amp; Feiertag in Maastricht (Holland) Hier finden Sie eine \u00dcbersicht der verkaufsoffenen Sonntage und Feiertage in Maastricht Holland<\/p>\n","protected":false},"author":6,"featured_media":0,"comment_status":"open","ping_status":"open","sticky":false,"template":"","format":"standard","meta":{"_crdt_document":"","ngg_post_thumbnail":0,"jetpack_post_was_ever_published":false,"_jetpack_newsletter_access":"","_jetpack_dont_email_post_to_subs":false,"_jetpack_newsletter_tier_id":0,"_jetpack_memberships_contains_paywalled_content":false,"_jetpack_memberships_contains_paid_content":false,"footnotes":"","jetpack_publicize_message":"","jetpack_publicize_feature_enabled":true,"jetpack_social_post_already_shared":false,"jetpack_social_options":{"image_generator_settings":{"template":"highway","default_image_id":0,"font":"","enabled":false},"version":2}},"categories":[109],"tags":[108,550,53],"class_list":["post-2714","post","type-post","status-publish","format-standard","hentry","category-maastricht-einkaufen-restaurants","tag-einkaufen","tag-maastricht","tag-shopping"],"yoast_head":"<!-- This site is optimized with the Yoast SEO plugin v27.5 - https:\/\/yoast.com\/product\/yoast-seo-wordpress\/ -->\n<title>Verkaufsoffener Sonntag &amp; Feiertag in Maastricht (NL)<\/title>\n<meta name=\"description\" content=\"Hier finden Sie eine \u00dcbersicht der verkaufsoffenen Sonntage und Feiertage in Maastricht Holland, sowie die \u00d6ffnungszeiten.\" \/>\n<meta name=\"robots\" content=\"index, follow, max-snippet:-1, max-image-preview:large, max-video-preview:-1\" \/>\n<link rel=\"canonical\" href=\"https:\/\/www.gaidaphotos.com\/blog\/2010\/03\/23\/verkaufsoffener-sonntag-feiertag-maastricht\/\" \/>\n<meta property=\"og:locale\" content=\"de_DE\" \/>\n<meta property=\"og:type\" content=\"article\" \/>\n<meta property=\"og:title\" content=\"Verkaufsoffener Sonntag &amp; Feiertag in Maastricht (NL)\" \/>\n<meta property=\"og:description\" content=\"Hier finden Sie eine \u00dcbersicht der verkaufsoffenen Sonntage und Feiertage in Maastricht Holland, sowie die \u00d6ffnungszeiten.\" \/>\n<meta property=\"og:url\" content=\"https:\/\/www.gaidaphotos.com\/blog\/2010\/03\/23\/verkaufsoffener-sonntag-feiertag-maastricht\/\" \/>\n<meta property=\"og:site_name\" content=\"K\u00f6ln Rodenkirchen und die Welt\" \/>\n<meta property=\"article:publisher\" content=\"https:\/\/www.facebook.com\/Koeln.Rodenkirchen\" \/>\n<meta property=\"article:author\" content=\"https:\/\/www.facebook.com\/gaidaphotos\" \/>\n<meta property=\"article:published_time\" content=\"2010-03-23T11:54:26+00:00\" \/>\n<meta property=\"article:modified_time\" content=\"2014-01-16T14:02:24+00:00\" \/>\n<meta property=\"og:image\" content=\"https:\/\/www.gaidaphotos.com\/blog\/wp-content\/uploads\/2010\/03\/verkaufsoffener-sonntag-maastricht-224x300.jpg\" \/>\n<meta name=\"author\" content=\"Thomas\" \/>\n<meta name=\"twitter:card\" content=\"summary_large_image\" \/>\n<meta name=\"twitter:creator\" content=\"@gaidaphotos\" \/>\n<meta name=\"twitter:site\" content=\"@gaidaphotos\" \/>\n<meta name=\"twitter:label1\" content=\"Verfasst von\" \/>\n\t<meta name=\"twitter:data1\" content=\"Thomas\" \/>\n\t<meta name=\"twitter:label2\" content=\"Gesch\u00e4tzte Lesezeit\" \/>\n\t<meta name=\"twitter:data2\" content=\"1\u00a0Minute\" \/>\n<script type=\"application\/ld+json\" class=\"yoast-schema-graph\">{\"@context\":\"https:\\\/\\\/schema.org\",\"@graph\":[{\"@type\":\"Article\",\"@id\":\"https:\\\/\\\/www.gaidaphotos.com\\\/blog\\\/2010\\\/03\\\/23\\\/verkaufsoffener-sonntag-feiertag-maastricht\\\/#article\",\"isPartOf\":{\"@id\":\"https:\\\/\\\/www.gaidaphotos.com\\\/blog\\\/2010\\\/03\\\/23\\\/verkaufsoffener-sonntag-feiertag-maastricht\\\/\"},\"author\":{\"name\":\"Thomas\",\"@id\":\"https:\\\/\\\/www.gaidaphotos.com\\\/blog\\\/#\\\/schema\\\/person\\\/6c444a5b13ffc503c5c32f5a9ec68b21\"},\"headline\":\"Verkaufsoffener Sonntag &#038; Feiertag in Maastricht (NL)\",\"datePublished\":\"2010-03-23T11:54:26+00:00\",\"dateModified\":\"2014-01-16T14:02:24+00:00\",\"mainEntityOfPage\":{\"@id\":\"https:\\\/\\\/www.gaidaphotos.com\\\/blog\\\/2010\\\/03\\\/23\\\/verkaufsoffener-sonntag-feiertag-maastricht\\\/\"},\"wordCount\":147,\"commentCount\":1,\"publisher\":{\"@id\":\"https:\\\/\\\/www.gaidaphotos.com\\\/blog\\\/#organization\"},\"image\":{\"@id\":\"https:\\\/\\\/www.gaidaphotos.com\\\/blog\\\/2010\\\/03\\\/23\\\/verkaufsoffener-sonntag-feiertag-maastricht\\\/#primaryimage\"},\"thumbnailUrl\":\"https:\\\/\\\/www.gaidaphotos.com\\\/blog\\\/wp-content\\\/uploads\\\/2010\\\/03\\\/verkaufsoffener-sonntag-maastricht-224x300.jpg\",\"keywords\":[\"Einkaufen\\\/ Shopping\",\"Maastricht\",\"Shopping\"],\"articleSection\":[\"Maastricht: Einkaufen, Restaurant &amp; Freizeit\"],\"inLanguage\":\"de\",\"potentialAction\":[{\"@type\":\"CommentAction\",\"name\":\"Comment\",\"target\":[\"https:\\\/\\\/www.gaidaphotos.com\\\/blog\\\/2010\\\/03\\\/23\\\/verkaufsoffener-sonntag-feiertag-maastricht\\\/#respond\"]}]},{\"@type\":\"WebPage\",\"@id\":\"https:\\\/\\\/www.gaidaphotos.com\\\/blog\\\/2010\\\/03\\\/23\\\/verkaufsoffener-sonntag-feiertag-maastricht\\\/\",\"url\":\"https:\\\/\\\/www.gaidaphotos.com\\\/blog\\\/2010\\\/03\\\/23\\\/verkaufsoffener-sonntag-feiertag-maastricht\\\/\",\"name\":\"Verkaufsoffener Sonntag & Feiertag in Maastricht (NL)\",\"isPartOf\":{\"@id\":\"https:\\\/\\\/www.gaidaphotos.com\\\/blog\\\/#website\"},\"primaryImageOfPage\":{\"@id\":\"https:\\\/\\\/www.gaidaphotos.com\\\/blog\\\/2010\\\/03\\\/23\\\/verkaufsoffener-sonntag-feiertag-maastricht\\\/#primaryimage\"},\"image\":{\"@id\":\"https:\\\/\\\/www.gaidaphotos.com\\\/blog\\\/2010\\\/03\\\/23\\\/verkaufsoffener-sonntag-feiertag-maastricht\\\/#primaryimage\"},\"thumbnailUrl\":\"https:\\\/\\\/www.gaidaphotos.com\\\/blog\\\/wp-content\\\/uploads\\\/2010\\\/03\\\/verkaufsoffener-sonntag-maastricht-224x300.jpg\",\"datePublished\":\"2010-03-23T11:54:26+00:00\",\"dateModified\":\"2014-01-16T14:02:24+00:00\",\"description\":\"Hier finden Sie eine \u00dcbersicht der verkaufsoffenen Sonntage und Feiertage in Maastricht Holland, sowie die \u00d6ffnungszeiten.\",\"breadcrumb\":{\"@id\":\"https:\\\/\\\/www.gaidaphotos.com\\\/blog\\\/2010\\\/03\\\/23\\\/verkaufsoffener-sonntag-feiertag-maastricht\\\/#breadcrumb\"},\"inLanguage\":\"de\",\"potentialAction\":[{\"@type\":\"ReadAction\",\"target\":[\"https:\\\/\\\/www.gaidaphotos.com\\\/blog\\\/2010\\\/03\\\/23\\\/verkaufsoffener-sonntag-feiertag-maastricht\\\/\"]}]},{\"@type\":\"ImageObject\",\"inLanguage\":\"de\",\"@id\":\"https:\\\/\\\/www.gaidaphotos.com\\\/blog\\\/2010\\\/03\\\/23\\\/verkaufsoffener-sonntag-feiertag-maastricht\\\/#primaryimage\",\"url\":\"https:\\\/\\\/i0.wp.com\\\/www.gaidaphotos.com\\\/blog\\\/wp-content\\\/uploads\\\/2010\\\/03\\\/verkaufsoffener-sonntag-maastricht.jpg?fit=320%2C427&ssl=1\",\"contentUrl\":\"https:\\\/\\\/i0.wp.com\\\/www.gaidaphotos.com\\\/blog\\\/wp-content\\\/uploads\\\/2010\\\/03\\\/verkaufsoffener-sonntag-maastricht.jpg?fit=320%2C427&ssl=1\",\"width\":\"320\",\"height\":\"427\",\"caption\":\"verkaufsoffener Sonntag\\\/Feiertag in Maastricht\"},{\"@type\":\"BreadcrumbList\",\"@id\":\"https:\\\/\\\/www.gaidaphotos.com\\\/blog\\\/2010\\\/03\\\/23\\\/verkaufsoffener-sonntag-feiertag-maastricht\\\/#breadcrumb\",\"itemListElement\":[{\"@type\":\"ListItem\",\"position\":1,\"name\":\"Startseite\",\"item\":\"https:\\\/\\\/www.gaidaphotos.com\\\/blog\\\/\"},{\"@type\":\"ListItem\",\"position\":2,\"name\":\"Verkaufsoffener Sonntag &#038; Feiertag in Maastricht (NL)\"}]},{\"@type\":\"WebSite\",\"@id\":\"https:\\\/\\\/www.gaidaphotos.com\\\/blog\\\/#website\",\"url\":\"https:\\\/\\\/www.gaidaphotos.com\\\/blog\\\/\",\"name\":\"K\u00f6ln Rodenkirchen und die Welt\",\"description\":\"Einkaufen, Restaurants, Freizeit, Nachrichten und was uns sonst bewegt und begegnet\",\"publisher\":{\"@id\":\"https:\\\/\\\/www.gaidaphotos.com\\\/blog\\\/#organization\"},\"potentialAction\":[{\"@type\":\"SearchAction\",\"target\":{\"@type\":\"EntryPoint\",\"urlTemplate\":\"https:\\\/\\\/www.gaidaphotos.com\\\/blog\\\/?s={search_term_string}\"},\"query-input\":{\"@type\":\"PropertyValueSpecification\",\"valueRequired\":true,\"valueName\":\"search_term_string\"}}],\"inLanguage\":\"de\"},{\"@type\":\"Organization\",\"@id\":\"https:\\\/\\\/www.gaidaphotos.com\\\/blog\\\/#organization\",\"name\":\"gaidaphotos\",\"url\":\"https:\\\/\\\/www.gaidaphotos.com\\\/blog\\\/\",\"logo\":{\"@type\":\"ImageObject\",\"inLanguage\":\"de\",\"@id\":\"https:\\\/\\\/www.gaidaphotos.com\\\/blog\\\/#\\\/schema\\\/logo\\\/image\\\/\",\"url\":\"https:\\\/\\\/i0.wp.com\\\/www.gaidaphotos.com\\\/blog\\\/wp-content\\\/uploads\\\/2020\\\/07\\\/GAIDAPHOTOS-COM.jpg?fit=160%2C96&ssl=1\",\"contentUrl\":\"https:\\\/\\\/i0.wp.com\\\/www.gaidaphotos.com\\\/blog\\\/wp-content\\\/uploads\\\/2020\\\/07\\\/GAIDAPHOTOS-COM.jpg?fit=160%2C96&ssl=1\",\"width\":160,\"height\":96,\"caption\":\"gaidaphotos\"},\"image\":{\"@id\":\"https:\\\/\\\/www.gaidaphotos.com\\\/blog\\\/#\\\/schema\\\/logo\\\/image\\\/\"},\"sameAs\":[\"https:\\\/\\\/www.facebook.com\\\/Koeln.Rodenkirchen\",\"https:\\\/\\\/x.com\\\/gaidaphotos\",\"https:\\\/\\\/instagram.com\\\/gaidaphotos\\\/\",\"https:\\\/\\\/de.linkedin.com\\\/in\\\/gaidaphotos\",\"https:\\\/\\\/myspace.com\\\/gaidaphotos\",\"https:\\\/\\\/www.pinterest.com\\\/gaidaphotos\\\/\",\"https:\\\/\\\/www.youtube.com\\\/user\\\/gaidaphotos\"]},{\"@type\":\"Person\",\"@id\":\"https:\\\/\\\/www.gaidaphotos.com\\\/blog\\\/#\\\/schema\\\/person\\\/6c444a5b13ffc503c5c32f5a9ec68b21\",\"name\":\"Thomas\",\"sameAs\":[\"https:\\\/\\\/www.gaidaphotos.com\",\"https:\\\/\\\/www.facebook.com\\\/gaidaphotos\",\"https:\\\/\\\/instagram.com\\\/gaidaphotos\\\/\",\"https:\\\/\\\/www.linkedin.com\\\/in\\\/gaidaphotos\",\"http:\\\/\\\/www.pinterest.com\\\/gaidaphotos\\\/\",\"https:\\\/\\\/x.com\\\/gaidaphotos\",\"https:\\\/\\\/myspace.com\\\/gaidaphotos\",\"https:\\\/\\\/www.youtube.com\\\/user\\\/gaidaphotos\",\"https:\\\/\\\/gaidaphotos.tumblr.com\\\/\"]}]}<\/script>\n<!-- \/ Yoast SEO plugin. -->","yoast_head_json":{"title":"Verkaufsoffener Sonntag & Feiertag in Maastricht (NL)","description":"Hier finden Sie eine \u00dcbersicht der verkaufsoffenen Sonntage und Feiertage in Maastricht Holland, sowie die \u00d6ffnungszeiten.","robots":{"index":"index","follow":"follow","max-snippet":"max-snippet:-1","max-image-preview":"max-image-preview:large","max-video-preview":"max-video-preview:-1"},"canonical":"https:\/\/www.gaidaphotos.com\/blog\/2010\/03\/23\/verkaufsoffener-sonntag-feiertag-maastricht\/","og_locale":"de_DE","og_type":"article","og_title":"Verkaufsoffener Sonntag & Feiertag in Maastricht (NL)","og_description":"Hier finden Sie eine \u00dcbersicht der verkaufsoffenen Sonntage und Feiertage in Maastricht Holland, sowie die \u00d6ffnungszeiten.","og_url":"https:\/\/www.gaidaphotos.com\/blog\/2010\/03\/23\/verkaufsoffener-sonntag-feiertag-maastricht\/","og_site_name":"K\u00f6ln Rodenkirchen und die Welt","article_publisher":"https:\/\/www.facebook.com\/Koeln.Rodenkirchen","article_author":"https:\/\/www.facebook.com\/gaidaphotos","article_published_time":"2010-03-23T11:54:26+00:00","article_modified_time":"2014-01-16T14:02:24+00:00","og_image":[{"url":"https:\/\/www.gaidaphotos.com\/blog\/wp-content\/uploads\/2010\/03\/verkaufsoffener-sonntag-maastricht-224x300.jpg","type":"","width":"","height":""}],"author":"Thomas","twitter_card":"summary_large_image","twitter_creator":"@gaidaphotos","twitter_site":"@gaidaphotos","twitter_misc":{"Verfasst von":"Thomas","Gesch\u00e4tzte Lesezeit":"1\u00a0Minute"},"schema":{"@context":"https:\/\/schema.org","@graph":[{"@type":"Article","@id":"https:\/\/www.gaidaphotos.com\/blog\/2010\/03\/23\/verkaufsoffener-sonntag-feiertag-maastricht\/#article","isPartOf":{"@id":"https:\/\/www.gaidaphotos.com\/blog\/2010\/03\/23\/verkaufsoffener-sonntag-feiertag-maastricht\/"},"author":{"name":"Thomas","@id":"https:\/\/www.gaidaphotos.com\/blog\/#\/schema\/person\/6c444a5b13ffc503c5c32f5a9ec68b21"},"headline":"Verkaufsoffener Sonntag &#038; Feiertag in Maastricht (NL)","datePublished":"2010-03-23T11:54:26+00:00","dateModified":"2014-01-16T14:02:24+00:00","mainEntityOfPage":{"@id":"https:\/\/www.gaidaphotos.com\/blog\/2010\/03\/23\/verkaufsoffener-sonntag-feiertag-maastricht\/"},"wordCount":147,"commentCount":1,"publisher":{"@id":"https:\/\/www.gaidaphotos.com\/blog\/#organization"},"image":{"@id":"https:\/\/www.gaidaphotos.com\/blog\/2010\/03\/23\/verkaufsoffener-sonntag-feiertag-maastricht\/#primaryimage"},"thumbnailUrl":"https:\/\/www.gaidaphotos.com\/blog\/wp-content\/uploads\/2010\/03\/verkaufsoffener-sonntag-maastricht-224x300.jpg","keywords":["Einkaufen\/ Shopping","Maastricht","Shopping"],"articleSection":["Maastricht: Einkaufen, Restaurant &amp; Freizeit"],"inLanguage":"de","potentialAction":[{"@type":"CommentAction","name":"Comment","target":["https:\/\/www.gaidaphotos.com\/blog\/2010\/03\/23\/verkaufsoffener-sonntag-feiertag-maastricht\/#respond"]}]},{"@type":"WebPage","@id":"https:\/\/www.gaidaphotos.com\/blog\/2010\/03\/23\/verkaufsoffener-sonntag-feiertag-maastricht\/","url":"https:\/\/www.gaidaphotos.com\/blog\/2010\/03\/23\/verkaufsoffener-sonntag-feiertag-maastricht\/","name":"Verkaufsoffener Sonntag & Feiertag in Maastricht (NL)","isPartOf":{"@id":"https:\/\/www.gaidaphotos.com\/blog\/#website"},"primaryImageOfPage":{"@id":"https:\/\/www.gaidaphotos.com\/blog\/2010\/03\/23\/verkaufsoffener-sonntag-feiertag-maastricht\/#primaryimage"},"image":{"@id":"https:\/\/www.gaidaphotos.com\/blog\/2010\/03\/23\/verkaufsoffener-sonntag-feiertag-maastricht\/#primaryimage"},"thumbnailUrl":"https:\/\/www.gaidaphotos.com\/blog\/wp-content\/uploads\/2010\/03\/verkaufsoffener-sonntag-maastricht-224x300.jpg","datePublished":"2010-03-23T11:54:26+00:00","dateModified":"2014-01-16T14:02:24+00:00","description":"Hier finden Sie eine \u00dcbersicht der verkaufsoffenen Sonntage und Feiertage in Maastricht Holland, sowie die \u00d6ffnungszeiten.","breadcrumb":{"@id":"https:\/\/www.gaidaphotos.com\/blog\/2010\/03\/23\/verkaufsoffener-sonntag-feiertag-maastricht\/#breadcrumb"},"inLanguage":"de","potentialAction":[{"@type":"ReadAction","target":["https:\/\/www.gaidaphotos.com\/blog\/2010\/03\/23\/verkaufsoffener-sonntag-feiertag-maastricht\/"]}]},{"@type":"ImageObject","inLanguage":"de","@id":"https:\/\/www.gaidaphotos.com\/blog\/2010\/03\/23\/verkaufsoffener-sonntag-feiertag-maastricht\/#primaryimage","url":"https:\/\/i0.wp.com\/www.gaidaphotos.com\/blog\/wp-content\/uploads\/2010\/03\/verkaufsoffener-sonntag-maastricht.jpg?fit=320%2C427&ssl=1","contentUrl":"https:\/\/i0.wp.com\/www.gaidaphotos.com\/blog\/wp-content\/uploads\/2010\/03\/verkaufsoffener-sonntag-maastricht.jpg?fit=320%2C427&ssl=1","width":"320","height":"427","caption":"verkaufsoffener Sonntag\/Feiertag in Maastricht"},{"@type":"BreadcrumbList","@id":"https:\/\/www.gaidaphotos.com\/blog\/2010\/03\/23\/verkaufsoffener-sonntag-feiertag-maastricht\/#breadcrumb","itemListElement":[{"@type":"ListItem","position":1,"name":"Startseite","item":"https:\/\/www.gaidaphotos.com\/blog\/"},{"@type":"ListItem","position":2,"name":"Verkaufsoffener Sonntag &#038; Feiertag in Maastricht (NL)"}]},{"@type":"WebSite","@id":"https:\/\/www.gaidaphotos.com\/blog\/#website","url":"https:\/\/www.gaidaphotos.com\/blog\/","name":"K\u00f6ln Rodenkirchen und die Welt","description":"Einkaufen, Restaurants, Freizeit, Nachrichten und was uns sonst bewegt und begegnet","publisher":{"@id":"https:\/\/www.gaidaphotos.com\/blog\/#organization"},"potentialAction":[{"@type":"SearchAction","target":{"@type":"EntryPoint","urlTemplate":"https:\/\/www.gaidaphotos.com\/blog\/?s={search_term_string}"},"query-input":{"@type":"PropertyValueSpecification","valueRequired":true,"valueName":"search_term_string"}}],"inLanguage":"de"},{"@type":"Organization","@id":"https:\/\/www.gaidaphotos.com\/blog\/#organization","name":"gaidaphotos","url":"https:\/\/www.gaidaphotos.com\/blog\/","logo":{"@type":"ImageObject","inLanguage":"de","@id":"https:\/\/www.gaidaphotos.com\/blog\/#\/schema\/logo\/image\/","url":"https:\/\/i0.wp.com\/www.gaidaphotos.com\/blog\/wp-content\/uploads\/2020\/07\/GAIDAPHOTOS-COM.jpg?fit=160%2C96&ssl=1","contentUrl":"https:\/\/i0.wp.com\/www.gaidaphotos.com\/blog\/wp-content\/uploads\/2020\/07\/GAIDAPHOTOS-COM.jpg?fit=160%2C96&ssl=1","width":160,"height":96,"caption":"gaidaphotos"},"image":{"@id":"https:\/\/www.gaidaphotos.com\/blog\/#\/schema\/logo\/image\/"},"sameAs":["https:\/\/www.facebook.com\/Koeln.Rodenkirchen","https:\/\/x.com\/gaidaphotos","https:\/\/instagram.com\/gaidaphotos\/","https:\/\/de.linkedin.com\/in\/gaidaphotos","https:\/\/myspace.com\/gaidaphotos","https:\/\/www.pinterest.com\/gaidaphotos\/","https:\/\/www.youtube.com\/user\/gaidaphotos"]},{"@type":"Person","@id":"https:\/\/www.gaidaphotos.com\/blog\/#\/schema\/person\/6c444a5b13ffc503c5c32f5a9ec68b21","name":"Thomas","sameAs":["https:\/\/www.gaidaphotos.com","https:\/\/www.facebook.com\/gaidaphotos","https:\/\/instagram.com\/gaidaphotos\/","https:\/\/www.linkedin.com\/in\/gaidaphotos","http:\/\/www.pinterest.com\/gaidaphotos\/","https:\/\/x.com\/gaidaphotos","https:\/\/myspace.com\/gaidaphotos","https:\/\/www.youtube.com\/user\/gaidaphotos","https:\/\/gaidaphotos.tumblr.com\/"]}]}},"jetpack_publicize_connections":[],"jetpack_featured_media_url":"","jetpack_sharing_enabled":true,"jetpack_likes_enabled":true,"jetpack-related-posts":[{"id":3475,"url":"https:\/\/www.gaidaphotos.com\/blog\/2010\/12\/31\/verkaufsoffener-sonntag-feiertag-2011-maastricht-holland\/","url_meta":{"origin":2714,"position":0},"title":"Verkaufsoffener Sonntag und Feiertag 2011 in Maastricht (Holland): \u00dcbersicht","author":"Thomas","date":"31. Dezember 2010","format":false,"excerpt":"Verkaufsoffener Sonntag\/Feiertag 2011 in Maastricht (Holland): Wenn in K\u00f6ln die Gesch\u00e4fte geschlossen sind, ist Maastricht in Holland, ca. 100km von K\u00f6ln, ein beliebtes Einkaufsziel. Die historische Innenstadt ist als Fu\u00dfg\u00e4ngerzone ausgelegt und wird von vielen kleinen Einzelh\u00e4ndlern statt gro\u00dfen Pal\u00e4sten bekannter Ketten gepr\u00e4gt. So findet man eine breitere Auswahl statt\u2026","rel":"","context":"In &quot;Maastricht: Einkaufen, Restaurant &amp; Freizeit&quot;","block_context":{"text":"Maastricht: Einkaufen, Restaurant &amp; Freizeit","link":"https:\/\/www.gaidaphotos.com\/blog\/category\/reise\/holland\/maastricht-einkaufen-restaurants\/"},"img":{"alt_text":"Maastricht, Haus mit Wegkreuz","src":"https:\/\/i0.wp.com\/www.gaidaphotos.com\/blog\/wp-content\/uploads\/2010\/12\/maastricht-haus-wegkreuz.jpg?fit=675%2C1024&ssl=1&resize=350%2C200","width":350,"height":200,"srcset":"https:\/\/i0.wp.com\/www.gaidaphotos.com\/blog\/wp-content\/uploads\/2010\/12\/maastricht-haus-wegkreuz.jpg?fit=675%2C1024&ssl=1&resize=350%2C200 1x, https:\/\/i0.wp.com\/www.gaidaphotos.com\/blog\/wp-content\/uploads\/2010\/12\/maastricht-haus-wegkreuz.jpg?fit=675%2C1024&ssl=1&resize=525%2C300 1.5x"},"classes":[]},{"id":3950,"url":"https:\/\/www.gaidaphotos.com\/blog\/2012\/01\/04\/verkaufsoffener-sonntag-und-feiertag-2012-in-maastricht-holland\/","url_meta":{"origin":2714,"position":1},"title":"Verkaufsoffener Sonntag und Feiertag 2012 in Maastricht (Holland)","author":"Thomas","date":"4. Januar 2012","format":false,"excerpt":"Verkaufsoffener Sonntag und Feiertag 2012 in Maastricht (Holland) Dank der Rot-Gr\u00fcnen Landesregierung in NRW wird es im Rheinland 2012 voraussichtlich nur wenige verkaufsoffene Sonntage geben. Stattdessen m\u00fcssen wir ins benachbarte Ausland ausweichen. Daher sammeln und ver\u00f6ffentlichen wir f\u00fcr Sie hier die Termine f\u00fcr die verkaufsoffenen Sonntage im benachbarten Holland und\u2026","rel":"","context":"In &quot;Maastricht: Einkaufen, Restaurant &amp; Freizeit&quot;","block_context":{"text":"Maastricht: Einkaufen, Restaurant &amp; Freizeit","link":"https:\/\/www.gaidaphotos.com\/blog\/category\/reise\/holland\/maastricht-einkaufen-restaurants\/"},"img":{"alt_text":"","src":"https:\/\/i0.wp.com\/www.gaidaphotos.com\/blog\/wp-content\/uploads\/2012\/01\/maastricht-shopping-einkaufen-mosae-forum-1.jpg?fit=1024%2C682&ssl=1&resize=350%2C200","width":350,"height":200,"srcset":"https:\/\/i0.wp.com\/www.gaidaphotos.com\/blog\/wp-content\/uploads\/2012\/01\/maastricht-shopping-einkaufen-mosae-forum-1.jpg?fit=1024%2C682&ssl=1&resize=350%2C200 1x, https:\/\/i0.wp.com\/www.gaidaphotos.com\/blog\/wp-content\/uploads\/2012\/01\/maastricht-shopping-einkaufen-mosae-forum-1.jpg?fit=1024%2C682&ssl=1&resize=525%2C300 1.5x, https:\/\/i0.wp.com\/www.gaidaphotos.com\/blog\/wp-content\/uploads\/2012\/01\/maastricht-shopping-einkaufen-mosae-forum-1.jpg?fit=1024%2C682&ssl=1&resize=700%2C400 2x"},"classes":[]},{"id":8357,"url":"https:\/\/www.gaidaphotos.com\/blog\/2015\/01\/22\/verkaufsoffene-sonntage-feiertage-2015\/","url_meta":{"origin":2714,"position":2},"title":"Verkaufsoffene Sonntage und Feiertage 2015","author":"Thomas","date":"22. Januar 2015","format":false,"excerpt":"Verkaufsoffene Sonntag und Feiertage 2015 in K\u00f6ln, Roermond, Maastricht und Mass Mechelen Die Termine f\u00fcr die verkaufsoffenen Sonntage und Feiertage in K\u00f6ln und den wichtigsten ausl\u00e4ndischen Nachbargemeinden, Maastricht und Roermond in Holland, Maas-mechelen in Belgien, haben wir aktualisiert. Wenn Sie in K\u00f6ln dann wieder vor geschlossenen T\u00fcren stehen, finden Sie\u2026","rel":"","context":"In &quot;Verkaufsoffener Sonntag K\u00f6ln NRW&quot;","block_context":{"text":"Verkaufsoffener Sonntag K\u00f6ln NRW","link":"https:\/\/www.gaidaphotos.com\/blog\/category\/kalender-archiv\/verkaufsoffener-sonntag-koln-nrw\/"},"img":{"alt_text":"","src":"https:\/\/i0.wp.com\/www.gaidaphotos.com\/blog\/wp-content\/uploads\/ngg_featured\/verkaufsoffen-kleiderpuppen-gpc.jpg?fit=1024%2C829&ssl=1&resize=350%2C200","width":350,"height":200,"srcset":"https:\/\/i0.wp.com\/www.gaidaphotos.com\/blog\/wp-content\/uploads\/ngg_featured\/verkaufsoffen-kleiderpuppen-gpc.jpg?fit=1024%2C829&ssl=1&resize=350%2C200 1x, https:\/\/i0.wp.com\/www.gaidaphotos.com\/blog\/wp-content\/uploads\/ngg_featured\/verkaufsoffen-kleiderpuppen-gpc.jpg?fit=1024%2C829&ssl=1&resize=525%2C300 1.5x, https:\/\/i0.wp.com\/www.gaidaphotos.com\/blog\/wp-content\/uploads\/ngg_featured\/verkaufsoffen-kleiderpuppen-gpc.jpg?fit=1024%2C829&ssl=1&resize=700%2C400 2x"},"classes":[]},{"id":4172,"url":"https:\/\/www.gaidaphotos.com\/blog\/2012\/01\/31\/verkaufsoffener-sonntag-und-feiertag-in-roermond-holland\/","url_meta":{"origin":2714,"position":3},"title":"verkaufsoffener Sonntag und Feiertag in Roermond (Holland)","author":"Thomas","date":"31. Januar 2012","format":false,"excerpt":"Verkaufsoffener Sonntag und Feiertag in Roermond (Holland) Nachdem Rot-Gr\u00fcn in NRW den verkaufsoffenen Sonntagen an den Kragen will (Motto: Wir sagen Euch, was f\u00fcr Euch das \"Beste\" ist.) bleibt uns keine andere Wahl als im benachbarten Ausland nach Alternativen zu suchen und unser sch\u00f6nes Geld zur F\u00f6rderung der holl\u00e4ndischen Wirtschaft\u2026","rel":"","context":"In &quot;Verkaufsoffener Sonntag K\u00f6ln NRW&quot;","block_context":{"text":"Verkaufsoffener Sonntag K\u00f6ln NRW","link":"https:\/\/www.gaidaphotos.com\/blog\/category\/kalender-archiv\/verkaufsoffener-sonntag-koln-nrw\/"},"img":{"alt_text":"","src":"https:\/\/www.gaidaphotos.com\/blog\/wp-content\/uploads\/2020\/08\/nggallery_import\/101_","width":350,"height":200,"srcset":"https:\/\/www.gaidaphotos.com\/blog\/wp-content\/uploads\/2020\/08\/nggallery_import\/101_ 1x, https:\/\/www.gaidaphotos.com\/blog\/wp-content\/uploads\/2020\/08\/nggallery_import\/101_ 1.5x, https:\/\/www.gaidaphotos.com\/blog\/wp-content\/uploads\/2020\/08\/nggallery_import\/101_ 2x"},"classes":[]},{"id":6417,"url":"https:\/\/www.gaidaphotos.com\/blog\/2014\/05\/21\/einkaufen-am-vatertaghimmelfahrt\/","url_meta":{"origin":2714,"position":4},"title":"Einkaufen am Vatertag\/Himmelfahrt","author":"Thomas","date":"21. Mai 2014","format":false,"excerpt":"Einkaufen am Vatertag \/ Christi Himmelfahrt in Holland Der n\u00e4chste arbeitsfreie Feiertag \/ Br\u00fcckentag steht kurz bevor. N\u00e4chste Woche feiern wir Christi Himmelfahrt. Und in Deutschland wird an Himmelfahrt der Vatertag gefeiert. Historisch ist wird der \"Vatertag\" in Deutschland nicht wie der Muttertag begangen. Statt Fr\u00fchst\u00fcck am Bett und ein\u2026","rel":"","context":"In &quot;Holland&quot;","block_context":{"text":"Holland","link":"https:\/\/www.gaidaphotos.com\/blog\/category\/reise\/holland\/"},"img":{"alt_text":"","src":"https:\/\/i0.wp.com\/www.gaidaphotos.com\/blog\/wp-content\/uploads\/ngg_featured\/roermond-munsterkerk.jpg?fit=750%2C1000&ssl=1&resize=350%2C200","width":350,"height":200,"srcset":"https:\/\/i0.wp.com\/www.gaidaphotos.com\/blog\/wp-content\/uploads\/ngg_featured\/roermond-munsterkerk.jpg?fit=750%2C1000&ssl=1&resize=350%2C200 1x, https:\/\/i0.wp.com\/www.gaidaphotos.com\/blog\/wp-content\/uploads\/ngg_featured\/roermond-munsterkerk.jpg?fit=750%2C1000&ssl=1&resize=525%2C300 1.5x, https:\/\/i0.wp.com\/www.gaidaphotos.com\/blog\/wp-content\/uploads\/ngg_featured\/roermond-munsterkerk.jpg?fit=750%2C1000&ssl=1&resize=700%2C400 2x"},"classes":[]},{"id":3474,"url":"https:\/\/www.gaidaphotos.com\/blog\/2010\/12\/31\/verkaufsoffener-sonntag-2-1-2011-in-koeln-nrw\/","url_meta":{"origin":2714,"position":5},"title":"Verkaufsoffener Sonntag 2.1.2011 in K\u00f6ln, NRW?","author":"Thomas","date":"31. Dezember 2010","format":false,"excerpt":"Verkaufsoffener Sonntag 2.1.2010 in K\u00f6ln? verkaufsoffener Sonntag 2.1.2011 in K\u00f6ln? In welchem K\u00f6lner Veedel oder Stadteil sind am 2.1.2011 die Gesch\u00e4fte ge\u00f6ffnet (verkaufsoffener Sonntag)? Wir sagen Ihnen nicht nur wo sondern auch was am verkaufsoffenen Sonntag in K\u00f6ln alles geboten wird. Begleitprogramm zum verkaufsoffenen Sonnatg in K\u00f6ln mit K\u00fcnstlern und\u2026","rel":"","context":"In &quot;Verkaufsoffener Sonntag K\u00f6ln NRW&quot;","block_context":{"text":"Verkaufsoffener Sonntag K\u00f6ln NRW","link":"https:\/\/www.gaidaphotos.com\/blog\/category\/kalender-archiv\/verkaufsoffener-sonntag-koln-nrw\/"},"img":{"alt_text":"","src":"","width":0,"height":0},"classes":[]}],"_links":{"self":[{"href":"https:\/\/www.gaidaphotos.com\/blog\/wp-json\/wp\/v2\/posts\/2714","targetHints":{"allow":["GET"]}}],"collection":[{"href":"https:\/\/www.gaidaphotos.com\/blog\/wp-json\/wp\/v2\/posts"}],"about":[{"href":"https:\/\/www.gaidaphotos.com\/blog\/wp-json\/wp\/v2\/types\/post"}],"author":[{"embeddable":true,"href":"https:\/\/www.gaidaphotos.com\/blog\/wp-json\/wp\/v2\/users\/6"}],"replies":[{"embeddable":true,"href":"https:\/\/www.gaidaphotos.com\/blog\/wp-json\/wp\/v2\/comments?post=2714"}],"version-history":[{"count":0,"href":"https:\/\/www.gaidaphotos.com\/blog\/wp-json\/wp\/v2\/posts\/2714\/revisions"}],"wp:attachment":[{"href":"https:\/\/www.gaidaphotos.com\/blog\/wp-json\/wp\/v2\/media?parent=2714"}],"wp:term":[{"taxonomy":"category","embeddable":true,"href":"https:\/\/www.gaidaphotos.com\/blog\/wp-json\/wp\/v2\/categories?post=2714"},{"taxonomy":"post_tag","embeddable":true,"href":"https:\/\/www.gaidaphotos.com\/blog\/wp-json\/wp\/v2\/tags?post=2714"}],"curies":[{"name":"wp","href":"https:\/\/api.w.org\/{rel}","templated":true}]}}