{"id":2738,"date":"2010-03-26T09:52:40","date_gmt":"2010-03-26T08:52:40","guid":{"rendered":"http:\/\/gaidaphotos.com\/blog\/?p=2738"},"modified":"2014-09-10T15:14:13","modified_gmt":"2014-09-10T13:14:13","slug":"koeln-kissenschlacht-03-04-2010","status":"publish","type":"post","link":"https:\/\/www.gaidaphotos.com\/blog\/2010\/03\/26\/koeln-kissenschlacht-03-04-2010\/","title":{"rendered":"K\u00f6ln: Kissenschlacht auf der Domplatte am 03.04.2010"},"content":{"rendered":"<h2>Facebook Einladung zur gro\u00dfen Kissenschlacht in K\u00f6ln am 3.4.2010<\/h2>\n<p>Eine unbekannte Gruppe l\u00e4dt bei Facebook zur gro\u00dfen Kissenschlacht am 03. April 2010 ab 15:00h in K\u00f6ln auf der Domplatte ein.<\/p>\n<p>Anlass ist K\u00f6lns 2. und der weltweit 3. j\u00e4hrliche &#8222;Tag der Kissenschlacht:\u00a0 http:\/\/www.pillowfightday.com<\/p>\n<p>Kommt mit einem weichen Kissen und wartet auf das Signal!<\/p>\n<p>Schon jetzt haben sich mehr als 300 Teilnehmer bei Facebook angemeldet <a rel=\"nofollow\" href=\"http:\/\/www.facebook.com\/event.php?eid=352368271826&amp;ref=nf\" target=\"_blank\">International World Pillow Fight Day &#8211; COLOGNE &#8211; 3rd of April 2010<\/a><\/p>\n<p>Die Teilnehmer werden aufgefordert folgende Regeln zur Sicherheit und f\u00fcr den Spa\u00df zu beachten:<\/p>\n<ul>\n<li>Nur weiche Kissen.<\/li>\n<li>Nicht fest zuschlagen, viele Teilnehmer schlagen n\u00e4mlich zur gleichen Zeit.<\/li>\n<li>Nicht auf Menschen ohne Kissen oder mit Kameras schlagen.<\/li>\n<li>Entfernt Eure Brillen!<\/li>\n<li>Wartet auf das Signal zu beginnen.<\/li>\n<li>Nehmt die Kissen hinterher wieder mit.<\/li>\n<li>Bitte vergesst nicht M\u00fcllt\u00fcten und Besen, denn die Domplatte soll hinterher so sauber sein wie vorher.<\/li>\n<\/ul>\n<p>Treffpunkt: K\u00f6ln, Domplatte ab 14:45h am 03.04.2010<br \/>\nDie Schlacht wird etwa eine Stunde dauern.<\/p>\n<p>Wir planen Fomationsk\u00e4mpfe wie in &#8222;Braveheart&#8220; oder &#8222;300&#8220;, wenn der erste wilde Ansturm vorbei ist.<\/p>\n<p>Hinterher feiern wir bei sch\u00f6nen Wetter im Freien und sonst in den vielen umliegenden Lokalen der Altstadt.<\/p>\n<p>Wir hoffen, dass sich die Teilnehmer an die regeln halten und die Kissenschlacht zu einem ungef\u00e4hrlichen Spektakel wird. Schade w\u00e4re es, wenn die Domplatte versaut w\u00fcrde und keiner sich zum Aufr\u00e4umen bereit findet.<\/p>\n<p>Wir sind gespannt ob es den Inoffiziellen gelingt, die Regeln durchzusetzen und w\u00fcnschen den Teilnehmern viel Spa\u00df!<\/p>\n","protected":false},"excerpt":{"rendered":"<p>Facebook Einladung zur gro\u00dfen Kissenschlacht in K\u00f6ln am 3.4.2010 Eine unbekannte Gruppe l\u00e4dt bei Facebook zur gro\u00dfen Kissenschlacht am 03.<\/p>\n","protected":false},"author":6,"featured_media":0,"comment_status":"open","ping_status":"open","sticky":false,"template":"","format":"standard","meta":{"_crdt_document":"","ngg_post_thumbnail":0,"jetpack_post_was_ever_published":false,"_jetpack_newsletter_access":"","_jetpack_dont_email_post_to_subs":false,"_jetpack_newsletter_tier_id":0,"_jetpack_memberships_contains_paywalled_content":false,"_jetpack_memberships_contains_paid_content":false,"footnotes":"","jetpack_publicize_message":"","jetpack_publicize_feature_enabled":true,"jetpack_social_post_already_shared":false,"jetpack_social_options":{"image_generator_settings":{"template":"highway","default_image_id":0,"font":"","enabled":false},"version":2}},"categories":[98],"tags":[102,544,113],"class_list":["post-2738","post","type-post","status-publish","format-standard","hentry","category-koeln","tag-freizeit","tag-koeln","tag-nachrichten"],"yoast_head":"<!-- This site is optimized with the Yoast SEO plugin v27.5 - https:\/\/yoast.com\/product\/yoast-seo-wordpress\/ -->\n<title>K\u00f6ln: Kissenschlacht auf der Domplatte am 03.04.2010<\/title>\n<meta name=\"description\" content=\"Alle Details und daten zur Kissenschlacht auf der Domplatte in K\u00f6ln am 03.04.2010\" \/>\n<meta name=\"robots\" content=\"index, follow, max-snippet:-1, max-image-preview:large, max-video-preview:-1\" \/>\n<link rel=\"canonical\" href=\"https:\/\/www.gaidaphotos.com\/blog\/2010\/03\/26\/koeln-kissenschlacht-03-04-2010\/\" \/>\n<meta property=\"og:locale\" content=\"de_DE\" \/>\n<meta property=\"og:type\" content=\"article\" \/>\n<meta property=\"og:title\" content=\"K\u00f6ln: Kissenschlacht auf der Domplatte am 03.04.2010\" \/>\n<meta property=\"og:description\" content=\"Alle Details und daten zur Kissenschlacht auf der Domplatte in K\u00f6ln am 03.04.2010\" \/>\n<meta property=\"og:url\" content=\"https:\/\/www.gaidaphotos.com\/blog\/2010\/03\/26\/koeln-kissenschlacht-03-04-2010\/\" \/>\n<meta property=\"og:site_name\" content=\"K\u00f6ln Rodenkirchen und die Welt\" \/>\n<meta property=\"article:publisher\" content=\"https:\/\/www.facebook.com\/Koeln.Rodenkirchen\" \/>\n<meta property=\"article:author\" content=\"https:\/\/www.facebook.com\/gaidaphotos\" \/>\n<meta property=\"article:published_time\" content=\"2010-03-26T08:52:40+00:00\" \/>\n<meta property=\"article:modified_time\" content=\"2014-09-10T13:14:13+00:00\" \/>\n<meta name=\"author\" content=\"Thomas\" \/>\n<meta name=\"twitter:card\" content=\"summary_large_image\" \/>\n<meta name=\"twitter:creator\" content=\"@gaidaphotos\" \/>\n<meta name=\"twitter:site\" content=\"@gaidaphotos\" \/>\n<meta name=\"twitter:label1\" content=\"Verfasst von\" \/>\n\t<meta name=\"twitter:data1\" content=\"Thomas\" \/>\n\t<meta name=\"twitter:label2\" content=\"Gesch\u00e4tzte Lesezeit\" \/>\n\t<meta name=\"twitter:data2\" content=\"1\u00a0Minute\" \/>\n<script type=\"application\/ld+json\" class=\"yoast-schema-graph\">{\"@context\":\"https:\\\/\\\/schema.org\",\"@graph\":[{\"@type\":\"Article\",\"@id\":\"https:\\\/\\\/www.gaidaphotos.com\\\/blog\\\/2010\\\/03\\\/26\\\/koeln-kissenschlacht-03-04-2010\\\/#article\",\"isPartOf\":{\"@id\":\"https:\\\/\\\/www.gaidaphotos.com\\\/blog\\\/2010\\\/03\\\/26\\\/koeln-kissenschlacht-03-04-2010\\\/\"},\"author\":{\"name\":\"Thomas\",\"@id\":\"https:\\\/\\\/www.gaidaphotos.com\\\/blog\\\/#\\\/schema\\\/person\\\/6c444a5b13ffc503c5c32f5a9ec68b21\"},\"headline\":\"K\u00f6ln: Kissenschlacht auf der Domplatte am 03.04.2010\",\"datePublished\":\"2010-03-26T08:52:40+00:00\",\"dateModified\":\"2014-09-10T13:14:13+00:00\",\"mainEntityOfPage\":{\"@id\":\"https:\\\/\\\/www.gaidaphotos.com\\\/blog\\\/2010\\\/03\\\/26\\\/koeln-kissenschlacht-03-04-2010\\\/\"},\"wordCount\":259,\"commentCount\":1,\"publisher\":{\"@id\":\"https:\\\/\\\/www.gaidaphotos.com\\\/blog\\\/#organization\"},\"keywords\":[\"Freizeit-Ideen\",\"K\u00f6ln\",\"Nachrichten\"],\"articleSection\":[\"K\u00f6ln\"],\"inLanguage\":\"de\",\"potentialAction\":[{\"@type\":\"CommentAction\",\"name\":\"Comment\",\"target\":[\"https:\\\/\\\/www.gaidaphotos.com\\\/blog\\\/2010\\\/03\\\/26\\\/koeln-kissenschlacht-03-04-2010\\\/#respond\"]}]},{\"@type\":\"WebPage\",\"@id\":\"https:\\\/\\\/www.gaidaphotos.com\\\/blog\\\/2010\\\/03\\\/26\\\/koeln-kissenschlacht-03-04-2010\\\/\",\"url\":\"https:\\\/\\\/www.gaidaphotos.com\\\/blog\\\/2010\\\/03\\\/26\\\/koeln-kissenschlacht-03-04-2010\\\/\",\"name\":\"K\u00f6ln: Kissenschlacht auf der Domplatte am 03.04.2010\",\"isPartOf\":{\"@id\":\"https:\\\/\\\/www.gaidaphotos.com\\\/blog\\\/#website\"},\"datePublished\":\"2010-03-26T08:52:40+00:00\",\"dateModified\":\"2014-09-10T13:14:13+00:00\",\"description\":\"Alle Details und daten zur Kissenschlacht auf der Domplatte in K\u00f6ln am 03.04.2010\",\"breadcrumb\":{\"@id\":\"https:\\\/\\\/www.gaidaphotos.com\\\/blog\\\/2010\\\/03\\\/26\\\/koeln-kissenschlacht-03-04-2010\\\/#breadcrumb\"},\"inLanguage\":\"de\",\"potentialAction\":[{\"@type\":\"ReadAction\",\"target\":[\"https:\\\/\\\/www.gaidaphotos.com\\\/blog\\\/2010\\\/03\\\/26\\\/koeln-kissenschlacht-03-04-2010\\\/\"]}]},{\"@type\":\"BreadcrumbList\",\"@id\":\"https:\\\/\\\/www.gaidaphotos.com\\\/blog\\\/2010\\\/03\\\/26\\\/koeln-kissenschlacht-03-04-2010\\\/#breadcrumb\",\"itemListElement\":[{\"@type\":\"ListItem\",\"position\":1,\"name\":\"Startseite\",\"item\":\"https:\\\/\\\/www.gaidaphotos.com\\\/blog\\\/\"},{\"@type\":\"ListItem\",\"position\":2,\"name\":\"K\u00f6ln: Kissenschlacht auf der Domplatte am 03.04.2010\"}]},{\"@type\":\"WebSite\",\"@id\":\"https:\\\/\\\/www.gaidaphotos.com\\\/blog\\\/#website\",\"url\":\"https:\\\/\\\/www.gaidaphotos.com\\\/blog\\\/\",\"name\":\"K\u00f6ln Rodenkirchen und die Welt\",\"description\":\"Einkaufen, Restaurants, Freizeit, Nachrichten und was uns sonst bewegt und begegnet\",\"publisher\":{\"@id\":\"https:\\\/\\\/www.gaidaphotos.com\\\/blog\\\/#organization\"},\"potentialAction\":[{\"@type\":\"SearchAction\",\"target\":{\"@type\":\"EntryPoint\",\"urlTemplate\":\"https:\\\/\\\/www.gaidaphotos.com\\\/blog\\\/?s={search_term_string}\"},\"query-input\":{\"@type\":\"PropertyValueSpecification\",\"valueRequired\":true,\"valueName\":\"search_term_string\"}}],\"inLanguage\":\"de\"},{\"@type\":\"Organization\",\"@id\":\"https:\\\/\\\/www.gaidaphotos.com\\\/blog\\\/#organization\",\"name\":\"gaidaphotos\",\"url\":\"https:\\\/\\\/www.gaidaphotos.com\\\/blog\\\/\",\"logo\":{\"@type\":\"ImageObject\",\"inLanguage\":\"de\",\"@id\":\"https:\\\/\\\/www.gaidaphotos.com\\\/blog\\\/#\\\/schema\\\/logo\\\/image\\\/\",\"url\":\"https:\\\/\\\/i0.wp.com\\\/www.gaidaphotos.com\\\/blog\\\/wp-content\\\/uploads\\\/2020\\\/07\\\/GAIDAPHOTOS-COM.jpg?fit=160%2C96&ssl=1\",\"contentUrl\":\"https:\\\/\\\/i0.wp.com\\\/www.gaidaphotos.com\\\/blog\\\/wp-content\\\/uploads\\\/2020\\\/07\\\/GAIDAPHOTOS-COM.jpg?fit=160%2C96&ssl=1\",\"width\":160,\"height\":96,\"caption\":\"gaidaphotos\"},\"image\":{\"@id\":\"https:\\\/\\\/www.gaidaphotos.com\\\/blog\\\/#\\\/schema\\\/logo\\\/image\\\/\"},\"sameAs\":[\"https:\\\/\\\/www.facebook.com\\\/Koeln.Rodenkirchen\",\"https:\\\/\\\/x.com\\\/gaidaphotos\",\"https:\\\/\\\/instagram.com\\\/gaidaphotos\\\/\",\"https:\\\/\\\/de.linkedin.com\\\/in\\\/gaidaphotos\",\"https:\\\/\\\/myspace.com\\\/gaidaphotos\",\"https:\\\/\\\/www.pinterest.com\\\/gaidaphotos\\\/\",\"https:\\\/\\\/www.youtube.com\\\/user\\\/gaidaphotos\"]},{\"@type\":\"Person\",\"@id\":\"https:\\\/\\\/www.gaidaphotos.com\\\/blog\\\/#\\\/schema\\\/person\\\/6c444a5b13ffc503c5c32f5a9ec68b21\",\"name\":\"Thomas\",\"sameAs\":[\"https:\\\/\\\/www.gaidaphotos.com\",\"https:\\\/\\\/www.facebook.com\\\/gaidaphotos\",\"https:\\\/\\\/instagram.com\\\/gaidaphotos\\\/\",\"https:\\\/\\\/www.linkedin.com\\\/in\\\/gaidaphotos\",\"http:\\\/\\\/www.pinterest.com\\\/gaidaphotos\\\/\",\"https:\\\/\\\/x.com\\\/gaidaphotos\",\"https:\\\/\\\/myspace.com\\\/gaidaphotos\",\"https:\\\/\\\/www.youtube.com\\\/user\\\/gaidaphotos\",\"https:\\\/\\\/gaidaphotos.tumblr.com\\\/\"]}]}<\/script>\n<!-- \/ Yoast SEO plugin. -->","yoast_head_json":{"title":"K\u00f6ln: Kissenschlacht auf der Domplatte am 03.04.2010","description":"Alle Details und daten zur Kissenschlacht auf der Domplatte in K\u00f6ln am 03.04.2010","robots":{"index":"index","follow":"follow","max-snippet":"max-snippet:-1","max-image-preview":"max-image-preview:large","max-video-preview":"max-video-preview:-1"},"canonical":"https:\/\/www.gaidaphotos.com\/blog\/2010\/03\/26\/koeln-kissenschlacht-03-04-2010\/","og_locale":"de_DE","og_type":"article","og_title":"K\u00f6ln: Kissenschlacht auf der Domplatte am 03.04.2010","og_description":"Alle Details und daten zur Kissenschlacht auf der Domplatte in K\u00f6ln am 03.04.2010","og_url":"https:\/\/www.gaidaphotos.com\/blog\/2010\/03\/26\/koeln-kissenschlacht-03-04-2010\/","og_site_name":"K\u00f6ln Rodenkirchen und die Welt","article_publisher":"https:\/\/www.facebook.com\/Koeln.Rodenkirchen","article_author":"https:\/\/www.facebook.com\/gaidaphotos","article_published_time":"2010-03-26T08:52:40+00:00","article_modified_time":"2014-09-10T13:14:13+00:00","author":"Thomas","twitter_card":"summary_large_image","twitter_creator":"@gaidaphotos","twitter_site":"@gaidaphotos","twitter_misc":{"Verfasst von":"Thomas","Gesch\u00e4tzte Lesezeit":"1\u00a0Minute"},"schema":{"@context":"https:\/\/schema.org","@graph":[{"@type":"Article","@id":"https:\/\/www.gaidaphotos.com\/blog\/2010\/03\/26\/koeln-kissenschlacht-03-04-2010\/#article","isPartOf":{"@id":"https:\/\/www.gaidaphotos.com\/blog\/2010\/03\/26\/koeln-kissenschlacht-03-04-2010\/"},"author":{"name":"Thomas","@id":"https:\/\/www.gaidaphotos.com\/blog\/#\/schema\/person\/6c444a5b13ffc503c5c32f5a9ec68b21"},"headline":"K\u00f6ln: Kissenschlacht auf der Domplatte am 03.04.2010","datePublished":"2010-03-26T08:52:40+00:00","dateModified":"2014-09-10T13:14:13+00:00","mainEntityOfPage":{"@id":"https:\/\/www.gaidaphotos.com\/blog\/2010\/03\/26\/koeln-kissenschlacht-03-04-2010\/"},"wordCount":259,"commentCount":1,"publisher":{"@id":"https:\/\/www.gaidaphotos.com\/blog\/#organization"},"keywords":["Freizeit-Ideen","K\u00f6ln","Nachrichten"],"articleSection":["K\u00f6ln"],"inLanguage":"de","potentialAction":[{"@type":"CommentAction","name":"Comment","target":["https:\/\/www.gaidaphotos.com\/blog\/2010\/03\/26\/koeln-kissenschlacht-03-04-2010\/#respond"]}]},{"@type":"WebPage","@id":"https:\/\/www.gaidaphotos.com\/blog\/2010\/03\/26\/koeln-kissenschlacht-03-04-2010\/","url":"https:\/\/www.gaidaphotos.com\/blog\/2010\/03\/26\/koeln-kissenschlacht-03-04-2010\/","name":"K\u00f6ln: Kissenschlacht auf der Domplatte am 03.04.2010","isPartOf":{"@id":"https:\/\/www.gaidaphotos.com\/blog\/#website"},"datePublished":"2010-03-26T08:52:40+00:00","dateModified":"2014-09-10T13:14:13+00:00","description":"Alle Details und daten zur Kissenschlacht auf der Domplatte in K\u00f6ln am 03.04.2010","breadcrumb":{"@id":"https:\/\/www.gaidaphotos.com\/blog\/2010\/03\/26\/koeln-kissenschlacht-03-04-2010\/#breadcrumb"},"inLanguage":"de","potentialAction":[{"@type":"ReadAction","target":["https:\/\/www.gaidaphotos.com\/blog\/2010\/03\/26\/koeln-kissenschlacht-03-04-2010\/"]}]},{"@type":"BreadcrumbList","@id":"https:\/\/www.gaidaphotos.com\/blog\/2010\/03\/26\/koeln-kissenschlacht-03-04-2010\/#breadcrumb","itemListElement":[{"@type":"ListItem","position":1,"name":"Startseite","item":"https:\/\/www.gaidaphotos.com\/blog\/"},{"@type":"ListItem","position":2,"name":"K\u00f6ln: Kissenschlacht auf der Domplatte am 03.04.2010"}]},{"@type":"WebSite","@id":"https:\/\/www.gaidaphotos.com\/blog\/#website","url":"https:\/\/www.gaidaphotos.com\/blog\/","name":"K\u00f6ln Rodenkirchen und die Welt","description":"Einkaufen, Restaurants, Freizeit, Nachrichten und was uns sonst bewegt und begegnet","publisher":{"@id":"https:\/\/www.gaidaphotos.com\/blog\/#organization"},"potentialAction":[{"@type":"SearchAction","target":{"@type":"EntryPoint","urlTemplate":"https:\/\/www.gaidaphotos.com\/blog\/?s={search_term_string}"},"query-input":{"@type":"PropertyValueSpecification","valueRequired":true,"valueName":"search_term_string"}}],"inLanguage":"de"},{"@type":"Organization","@id":"https:\/\/www.gaidaphotos.com\/blog\/#organization","name":"gaidaphotos","url":"https:\/\/www.gaidaphotos.com\/blog\/","logo":{"@type":"ImageObject","inLanguage":"de","@id":"https:\/\/www.gaidaphotos.com\/blog\/#\/schema\/logo\/image\/","url":"https:\/\/i0.wp.com\/www.gaidaphotos.com\/blog\/wp-content\/uploads\/2020\/07\/GAIDAPHOTOS-COM.jpg?fit=160%2C96&ssl=1","contentUrl":"https:\/\/i0.wp.com\/www.gaidaphotos.com\/blog\/wp-content\/uploads\/2020\/07\/GAIDAPHOTOS-COM.jpg?fit=160%2C96&ssl=1","width":160,"height":96,"caption":"gaidaphotos"},"image":{"@id":"https:\/\/www.gaidaphotos.com\/blog\/#\/schema\/logo\/image\/"},"sameAs":["https:\/\/www.facebook.com\/Koeln.Rodenkirchen","https:\/\/x.com\/gaidaphotos","https:\/\/instagram.com\/gaidaphotos\/","https:\/\/de.linkedin.com\/in\/gaidaphotos","https:\/\/myspace.com\/gaidaphotos","https:\/\/www.pinterest.com\/gaidaphotos\/","https:\/\/www.youtube.com\/user\/gaidaphotos"]},{"@type":"Person","@id":"https:\/\/www.gaidaphotos.com\/blog\/#\/schema\/person\/6c444a5b13ffc503c5c32f5a9ec68b21","name":"Thomas","sameAs":["https:\/\/www.gaidaphotos.com","https:\/\/www.facebook.com\/gaidaphotos","https:\/\/instagram.com\/gaidaphotos\/","https:\/\/www.linkedin.com\/in\/gaidaphotos","http:\/\/www.pinterest.com\/gaidaphotos\/","https:\/\/x.com\/gaidaphotos","https:\/\/myspace.com\/gaidaphotos","https:\/\/www.youtube.com\/user\/gaidaphotos","https:\/\/gaidaphotos.tumblr.com\/"]}]}},"jetpack_publicize_connections":[],"jetpack_featured_media_url":"","jetpack_sharing_enabled":true,"jetpack_likes_enabled":true,"jetpack-related-posts":[{"id":2765,"url":"https:\/\/www.gaidaphotos.com\/blog\/2010\/04\/04\/koeln-kissenschlacht-2010\/","url_meta":{"origin":2738,"position":0},"title":"K\u00f6ln: Kissenschlacht &#8211; Und die Federn flogen (Fotos)","author":"Thomas","date":"4. April 2010","format":false,"excerpt":"Bericht und Fotos von der gro\u00dfen Kissenschlacht in K\u00f6ln Die gro\u00dfe Kissenschlacht auf der Domplatte in K\u00f6ln am 03.04.2010 entsprach doch nicht den Erwartungen und Bef\u00fcrchtungen. Trotz wesentlich h\u00f6herer Anmeldungen bei Facebook (400+) waren am Ende doch deutlich weniger als 100 Teilnehmer zur Kissenschlacht erschienen. Auff\u00e4llig war die hohe Zahl\u2026","rel":"","context":"In &quot;K\u00f6ln&quot;","block_context":{"text":"K\u00f6ln","link":"https:\/\/www.gaidaphotos.com\/blog\/category\/koeln\/"},"img":{"alt_text":"","src":"https:\/\/i0.wp.com\/www.gaidaphotos.com\/blog\/wp-content\/uploads\/2010\/04\/koeln-kissenschlacht-domplatte-07.jpg?resize=350%2C200","width":350,"height":200},"classes":[]},{"id":4834,"url":"https:\/\/www.gaidaphotos.com\/blog\/2012\/06\/22\/strassenfest-landmannstrasse-neuehrenfeld-2012\/","url_meta":{"origin":2738,"position":1},"title":"Stra\u00dfenfest Landmannstra\u00dfe &#8211; Neuehrenfeld 30.06-01.07.2012","author":"Thomas","date":"22. Juni 2012","format":false,"excerpt":"Stra\u00dfenfest Landmannstra\u00dfe -Neuehrenfeld 2012 \u00a0Am\u00a0Samstag, den\u00a0 30. Juni und \u00a0Sonntag, den\u00a01. Juli\u00a0 l\u00e4dt Neuehrenfeld , von t\u00e4glich\u00a011:00\u00a0 bis\u00a022:00\u00a0 Uhr,\u00a0zum gro\u00dfen Stra\u00dfenfest. Mit Besuchern und G\u00e4sten wird in in gem\u00fctlicher Atmosph\u00e4re gefeiert. Motto in diesem Jahr: \"Landmannstra\u00dfe . . . unser Veedel\" - wie originell. Allerdings ist auch in Neuehrenfeld rechtlich\u2026","rel":"","context":"In &quot;Stra\u00dfenfest K\u00f6ln&quot;","block_context":{"text":"Stra\u00dfenfest K\u00f6ln","link":"https:\/\/www.gaidaphotos.com\/blog\/category\/kalender-archiv\/strasenfest-koln\/"},"img":{"alt_text":"verkaufsoffener Sonntag 24.06.2012 in K\u00f6ln-Kalk","src":"https:\/\/i0.wp.com\/www.gaidaphotos.com\/blog\/wp-content\/uploads\/2012\/06\/strassenfest-landmannstrasse-2012.jpg?fit=405%2C570&ssl=1&resize=350%2C200","width":350,"height":200},"classes":[]},{"id":4564,"url":"https:\/\/www.gaidaphotos.com\/blog\/2012\/03\/26\/verkaufsoffener-sonntag-01-04-2012-in-koeln-nrw\/","url_meta":{"origin":2738,"position":2},"title":"verkaufsoffener Sonntag 01.04.2012 in K\u00f6ln (NRW)","author":"Thomas","date":"26. M\u00e4rz 2012","format":false,"excerpt":"Verkaufsoffener Sonntag 01.04.2012 in K\u00f6ln (NRW) Das ist (zum Gl\u00fcck) kein Aprilscherz. Am Sonntag dem 01.04.2012 haben in K\u00f6ln endlich wieder die Gesch\u00e4fte zum verkaufsoffenen Sonntag ge\u00f6ffnet. In gleich zwei Stadtteilen wird \"Sport\" als Anlass und Thema des verkaufsoffenen Sonntags angeboten. Leider liegen keine weiteren Informationen zu den Veranstaltungen vor.\u2026","rel":"","context":"In &quot;Verkaufsoffener Sonntag K\u00f6ln NRW&quot;","block_context":{"text":"Verkaufsoffener Sonntag K\u00f6ln NRW","link":"https:\/\/www.gaidaphotos.com\/blog\/category\/kalender-archiv\/verkaufsoffener-sonntag-koln-nrw\/"},"img":{"alt_text":"","src":"https:\/\/www.gaidaphotos.com\/blog\/wp-content\/uploads\/2020\/08\/nggallery_import\/114_","width":350,"height":200,"srcset":"https:\/\/www.gaidaphotos.com\/blog\/wp-content\/uploads\/2020\/08\/nggallery_import\/114_ 1x, https:\/\/www.gaidaphotos.com\/blog\/wp-content\/uploads\/2020\/08\/nggallery_import\/114_ 1.5x, https:\/\/www.gaidaphotos.com\/blog\/wp-content\/uploads\/2020\/08\/nggallery_import\/114_ 2x"},"classes":[]},{"id":3418,"url":"https:\/\/www.gaidaphotos.com\/blog\/2010\/11\/03\/verkaufsoffener-sonntag-7-11-2010-in-koeln-chorweiler\/","url_meta":{"origin":2738,"position":3},"title":"Verkaufsoffener Sonntag 7.11.2010 in K\u00f6ln Chorweiler \u201cElvis Forever\u201d&#8220;","author":"Thomas","date":"3. November 2010","format":false,"excerpt":"Verkaufsoffener Sonntag 07.11.2010 in K\u00f6ln Chorweiler \"Elvis Forever\" In den Stra\u00dfen und Str\u00e4\u00dfchen, Winkeln und Gassen in K\u00f6ln-Chorweiler zwischen Mercatorstra\u00dfe - Weichselring - Merianstra\u00dfe - Willi-Suth-Allee k\u00f6nnen Sie am verkaufsoffenen Sonntag nach Herzenslust Shoppen. Elvis forever 28.10. - 07.11.2010 im City Center in K\u00f6ln Chorweiler Programm f\u00fcr Sonntag 07.11.2010 14:00\u2026","rel":"","context":"In &quot;Verkaufsoffener Sonntag K\u00f6ln NRW&quot;","block_context":{"text":"Verkaufsoffener Sonntag K\u00f6ln NRW","link":"https:\/\/www.gaidaphotos.com\/blog\/category\/kalender-archiv\/verkaufsoffener-sonntag-koln-nrw\/"},"img":{"alt_text":"","src":"","width":0,"height":0},"classes":[]},{"id":3523,"url":"https:\/\/www.gaidaphotos.com\/blog\/2011\/03\/07\/bilder-vom-karnevalszug-in-koln-rodenkirchen-2011\/","url_meta":{"origin":2738,"position":4},"title":"Bilder vom Karnevalszug in K\u00f6ln Rodenkirchen 2011","author":"Thomas","date":"7. M\u00e4rz 2011","format":false,"excerpt":"Bilder vom Karnevalszug in K\u00f6ln Rodenkirchen 2011 \"Kaiserwetter\" zum Karnevalszug in K\u00f6ln-Rodenkrichen 2011 lockte die Jeckinnen und Jecken in Scharen. Die ersten warteten ab 14:00h, deutlich gef\u00fcllt wurde es ab 15:00h und doch dauerte es bis 16:45h, bis der Karnevalszug in diesem Jahr den Maternusplatz erreichte. Der guten Stimmung tat\u2026","rel":"","context":"In &quot;Fotos vom Karneval&quot;","block_context":{"text":"Fotos vom Karneval","link":"https:\/\/www.gaidaphotos.com\/blog\/category\/foto\/fotos-vom-karneval\/"},"img":{"alt_text":"","src":"https:\/\/i0.wp.com\/www.gaidaphotos.com\/blog\/wp-content\/uploads\/2019\/03\/bilder-karnevalszug-rodenkirchen-2011-11.jpg?fit=440%2C293&ssl=1&resize=350%2C200","width":350,"height":200},"classes":[]},{"id":4754,"url":"https:\/\/www.gaidaphotos.com\/blog\/2012\/06\/10\/verkaufsoffener-sonntag-17-6-2012-in-koln\/","url_meta":{"origin":2738,"position":5},"title":"verkaufsoffener Sonntag 17.6.2012 in K\u00f6ln","author":"Thomas","date":"10. Juni 2012","format":false,"excerpt":"verkaufsoffener Sonntag 17.6.2012 in K\u00f6ln Es ist endlich wieder verkaufsoffener Sonntag in K\u00f6ln und das gleich in vier Stadtteilen. Lindenthal geht mit einem EM-Flaggenspiel in den verkaufsoffenen Sonntag Longerich tritt mit der Kunstmeile an zum verkaufsoffenen Sonntaf In H\u00f6henhaus ist Fr\u00fchlingsfest und verkaufsoffener Sonntag Und in Porz bl\u00fcht der Autofr\u00fchling\u2026","rel":"","context":"In &quot;Verkaufsoffener Sonntag K\u00f6ln NRW&quot;","block_context":{"text":"Verkaufsoffener Sonntag K\u00f6ln NRW","link":"https:\/\/www.gaidaphotos.com\/blog\/category\/kalender-archiv\/verkaufsoffener-sonntag-koln-nrw\/"},"img":{"alt_text":"","src":"https:\/\/www.gaidaphotos.com\/blog\/wp-content\/uploads\/2020\/08\/nggallery_import\/21_","width":350,"height":200,"srcset":"https:\/\/www.gaidaphotos.com\/blog\/wp-content\/uploads\/2020\/08\/nggallery_import\/21_ 1x, https:\/\/www.gaidaphotos.com\/blog\/wp-content\/uploads\/2020\/08\/nggallery_import\/21_ 1.5x, https:\/\/www.gaidaphotos.com\/blog\/wp-content\/uploads\/2020\/08\/nggallery_import\/21_ 2x"},"classes":[]}],"_links":{"self":[{"href":"https:\/\/www.gaidaphotos.com\/blog\/wp-json\/wp\/v2\/posts\/2738","targetHints":{"allow":["GET"]}}],"collection":[{"href":"https:\/\/www.gaidaphotos.com\/blog\/wp-json\/wp\/v2\/posts"}],"about":[{"href":"https:\/\/www.gaidaphotos.com\/blog\/wp-json\/wp\/v2\/types\/post"}],"author":[{"embeddable":true,"href":"https:\/\/www.gaidaphotos.com\/blog\/wp-json\/wp\/v2\/users\/6"}],"replies":[{"embeddable":true,"href":"https:\/\/www.gaidaphotos.com\/blog\/wp-json\/wp\/v2\/comments?post=2738"}],"version-history":[{"count":0,"href":"https:\/\/www.gaidaphotos.com\/blog\/wp-json\/wp\/v2\/posts\/2738\/revisions"}],"wp:attachment":[{"href":"https:\/\/www.gaidaphotos.com\/blog\/wp-json\/wp\/v2\/media?parent=2738"}],"wp:term":[{"taxonomy":"category","embeddable":true,"href":"https:\/\/www.gaidaphotos.com\/blog\/wp-json\/wp\/v2\/categories?post=2738"},{"taxonomy":"post_tag","embeddable":true,"href":"https:\/\/www.gaidaphotos.com\/blog\/wp-json\/wp\/v2\/tags?post=2738"}],"curies":[{"name":"wp","href":"https:\/\/api.w.org\/{rel}","templated":true}]}}