{"id":2815,"date":"2010-04-22T14:50:25","date_gmt":"2010-04-22T12:50:25","guid":{"rendered":"http:\/\/gaidaphotos.com\/blog\/?p=2815"},"modified":"2010-04-22T14:50:25","modified_gmt":"2010-04-22T12:50:25","slug":"tanz-in-den-mai-30-04-2010","status":"publish","type":"post","link":"https:\/\/www.gaidaphotos.com\/blog\/2010\/04\/22\/tanz-in-den-mai-30-04-2010\/","title":{"rendered":"K\u00f6ln-Rodenkirchen: Tanz in den Mai am 30.04.2010"},"content":{"rendered":"<h2>Am 30.04.2010 Tanz in den Mai in K\u00f6ln-Rodenkirchen<\/h2>\n<figure id=\"attachment_2817\" aria-describedby=\"caption-attachment-2817\" style=\"width: 341px\" class=\"wp-caption alignleft\"><a href=\"https:\/\/www.gaidaphotos.com\/blog\/wp-content\/uploads\/2010\/04\/tanz-in-den-mai-rodenkirchen.pdf\"><img data-recalc-dims=\"1\" loading=\"lazy\" decoding=\"async\" class=\"size-full wp-image-2817 \" title=\"tanz-in-den-mai-rodenkirchen\" src=\"https:\/\/i0.wp.com\/www.gaidaphotos.com\/blog\/wp-content\/uploads\/2010\/04\/tanz-in-den-mai-rodenkirchen.jpg?resize=341%2C480&#038;ssl=1\" alt=\"Tanz in den Mai 30.04.2010 Rodenkirchen\" width=\"341\" height=\"480\" srcset=\"https:\/\/i0.wp.com\/www.gaidaphotos.com\/blog\/wp-content\/uploads\/2010\/04\/tanz-in-den-mai-rodenkirchen.jpg?w=341&amp;ssl=1 341w, https:\/\/i0.wp.com\/www.gaidaphotos.com\/blog\/wp-content\/uploads\/2010\/04\/tanz-in-den-mai-rodenkirchen.jpg?resize=213%2C300&amp;ssl=1 213w\" sizes=\"auto, (max-width: 341px) 100vw, 341px\" \/><\/a><figcaption id=\"caption-attachment-2817\" class=\"wp-caption-text\">Tanz in den Mai 30.04.2010 in K\u00f6ln-Rodenkirchen<\/figcaption><\/figure>\n<p>Am <strong>30. April 2010 <\/strong>tanzt ganz <strong>K\u00f6ln-Rodenkirchen<\/strong> auf dem Maternusplatz in den Mai.<\/p>\n<p>Anlass ist das <strong>Maifest <\/strong>der AG-Rodenkirchen, einem Zusammenschluss \u00f6rtlicher Einzelh\u00e4ndler und Dienstleister.<\/p>\n<p>Am 30.04.2010 treffen sich um 17:00h mehr als 20 Vereine und Schulen und stellen auf dem Maternusplatz einen Maibaum auf.<\/p>\n<p>An allen vier Ecken des <strong>Maternusplatz <\/strong>wird mit unterschiedlichen Musikrichtungen von HipHop bis Jazz zum <strong>Tanz in den Mai <\/strong>geladen. F\u00fcr Speis &amp; Trank ist nat\u00fcrlich auch rund um den Maternusplatz gesorgt.<\/p>\n<p>Das <strong>Program <\/strong>im Detail am <strong>30.4.2010<\/strong> :<\/p>\n<p>Ab 17:00 schm\u00fccken Kinder der offenen Ganztagsschule unter der Leitung des TVR den Maibaum.<\/p>\n<p>Ab 19:00<strong> Tanz in den Mai<\/strong><\/p>\n<p>Rodenkirchner Band &#8222;Copa de Luxe&#8220;<\/p>\n<p>Ab 21:00<\/p>\n<p>Rodenkirchener Band &#8222;4-Soul&#8220; (grooviger, tanzbarer Soul-Jazz)<\/p>\n<p>Das <strong>Programm <\/strong>f\u00fcr die Maifeier am <strong>01. Mai 2010<\/strong><\/p>\n<p>Ab 11:00h <strong>Fr\u00fchschoppen <\/strong>auf dem <strong>Maternusplatz in K\u00f6ln-Rodenkirchen<\/strong>.<br \/>\nDas Duo &#8222;Samtsturm&#8220; von der Rodenkirchener &#8222;Stimm-Werkstatt&#8220; unterh\u00e4lt mit Swing.<br \/>\nAnschlie\u00dfend folgen Vortr\u00e4ge verschiedener Ch\u00f6re.<\/p>\n<p>Ab 15:00\u00a0 Stella Tonon (Gesang,\u00a0 Jazz und Soul)<\/p>\n<p>Zur Maifeier werden die Einkaufsstra\u00dfen mit bunten Maib\u00e4umen dekoriert.<\/p>\n<p>Aufgrund des Maifeiertags f\u00e4llt der Wochenmarkt in Rodenkirchen am 01.05.2010 aus.<\/p>\n<p>Anmerkung der Redaktion: Sobald die weiteren Vorf\u00fchrungen und das genaue B\u00fchnenprogramm vorliegen, werden wir Ihnen hier berichten. Bitte speichern Sie den Artikel als Lesezeichen (Strg+D) oder abonnieren Sie uns (Schaltfl\u00e4chen rechts oben).<\/p>\n","protected":false},"excerpt":{"rendered":"<p>Am 30.04.2010 Tanz in den Mai in K\u00f6ln-Rodenkirchen Am 30. April 2010 tanzt ganz K\u00f6ln-Rodenkirchen auf dem Maternusplatz in den<\/p>\n","protected":false},"author":6,"featured_media":0,"comment_status":"open","ping_status":"open","sticky":false,"template":"","format":"standard","meta":{"_crdt_document":"","ngg_post_thumbnail":0,"jetpack_post_was_ever_published":false,"_jetpack_newsletter_access":"","_jetpack_dont_email_post_to_subs":false,"_jetpack_newsletter_tier_id":0,"_jetpack_memberships_contains_paywalled_content":false,"_jetpack_memberships_contains_paid_content":false,"footnotes":"","jetpack_publicize_message":"","jetpack_publicize_feature_enabled":true,"jetpack_social_post_already_shared":false,"jetpack_social_options":{"image_generator_settings":{"template":"highway","default_image_id":0,"font":"","enabled":false},"version":2}},"categories":[52,101,39],"tags":[102,538,113],"class_list":["post-2815","post","type-post","status-publish","format-standard","hentry","category-koeln-rodenkirchen","category-koeln-rodenkirchen-freizeit","category-neuigkeiten","tag-freizeit","tag-koeln-rodenkirchen","tag-nachrichten"],"yoast_head":"<!-- This site is optimized with the Yoast SEO plugin v27.5 - https:\/\/yoast.com\/product\/yoast-seo-wordpress\/ -->\n<title>K\u00f6ln-Rodenkirchen: Tanz in den Mai am 30.04.2010<\/title>\n<meta name=\"description\" content=\"Auf dem Maternusplatz in Rodenkirchen wird am 30.04.2010 ein Maibaum errichtet. Anschlie\u00dfend ist Tanz in den Mai mit vier verschiedenen Musikrichtungen. Alle Daten hier\" \/>\n<meta name=\"robots\" content=\"index, follow, max-snippet:-1, max-image-preview:large, max-video-preview:-1\" \/>\n<link rel=\"canonical\" href=\"https:\/\/www.gaidaphotos.com\/blog\/2010\/04\/22\/tanz-in-den-mai-30-04-2010\/\" \/>\n<meta property=\"og:locale\" content=\"de_DE\" \/>\n<meta property=\"og:type\" content=\"article\" \/>\n<meta property=\"og:title\" content=\"K\u00f6ln-Rodenkirchen: Tanz in den Mai am 30.04.2010\" \/>\n<meta property=\"og:description\" content=\"Auf dem Maternusplatz in Rodenkirchen wird am 30.04.2010 ein Maibaum errichtet. Anschlie\u00dfend ist Tanz in den Mai mit vier verschiedenen Musikrichtungen. Alle Daten hier\" \/>\n<meta property=\"og:url\" content=\"https:\/\/www.gaidaphotos.com\/blog\/2010\/04\/22\/tanz-in-den-mai-30-04-2010\/\" \/>\n<meta property=\"og:site_name\" content=\"K\u00f6ln Rodenkirchen und die Welt\" \/>\n<meta property=\"article:publisher\" content=\"https:\/\/www.facebook.com\/Koeln.Rodenkirchen\" \/>\n<meta property=\"article:author\" content=\"https:\/\/www.facebook.com\/gaidaphotos\" \/>\n<meta property=\"article:published_time\" content=\"2010-04-22T12:50:25+00:00\" \/>\n<meta property=\"og:image\" content=\"https:\/\/www.gaidaphotos.com\/blog\/wp-content\/uploads\/2010\/04\/tanz-in-den-mai-rodenkirchen.jpg\" \/>\n<meta name=\"author\" content=\"Thomas\" \/>\n<meta name=\"twitter:card\" content=\"summary_large_image\" \/>\n<meta name=\"twitter:creator\" content=\"@gaidaphotos\" \/>\n<meta name=\"twitter:site\" content=\"@gaidaphotos\" \/>\n<meta name=\"twitter:label1\" content=\"Verfasst von\" \/>\n\t<meta name=\"twitter:data1\" content=\"Thomas\" \/>\n\t<meta name=\"twitter:label2\" content=\"Gesch\u00e4tzte Lesezeit\" \/>\n\t<meta name=\"twitter:data2\" content=\"1\u00a0Minute\" \/>\n<script type=\"application\/ld+json\" class=\"yoast-schema-graph\">{\"@context\":\"https:\\\/\\\/schema.org\",\"@graph\":[{\"@type\":\"Article\",\"@id\":\"https:\\\/\\\/www.gaidaphotos.com\\\/blog\\\/2010\\\/04\\\/22\\\/tanz-in-den-mai-30-04-2010\\\/#article\",\"isPartOf\":{\"@id\":\"https:\\\/\\\/www.gaidaphotos.com\\\/blog\\\/2010\\\/04\\\/22\\\/tanz-in-den-mai-30-04-2010\\\/\"},\"author\":{\"name\":\"Thomas\",\"@id\":\"https:\\\/\\\/www.gaidaphotos.com\\\/blog\\\/#\\\/schema\\\/person\\\/6c444a5b13ffc503c5c32f5a9ec68b21\"},\"headline\":\"K\u00f6ln-Rodenkirchen: Tanz in den Mai am 30.04.2010\",\"datePublished\":\"2010-04-22T12:50:25+00:00\",\"mainEntityOfPage\":{\"@id\":\"https:\\\/\\\/www.gaidaphotos.com\\\/blog\\\/2010\\\/04\\\/22\\\/tanz-in-den-mai-30-04-2010\\\/\"},\"wordCount\":245,\"commentCount\":0,\"publisher\":{\"@id\":\"https:\\\/\\\/www.gaidaphotos.com\\\/blog\\\/#organization\"},\"image\":{\"@id\":\"https:\\\/\\\/www.gaidaphotos.com\\\/blog\\\/2010\\\/04\\\/22\\\/tanz-in-den-mai-30-04-2010\\\/#primaryimage\"},\"thumbnailUrl\":\"https:\\\/\\\/www.gaidaphotos.com\\\/blog\\\/wp-content\\\/uploads\\\/2010\\\/04\\\/tanz-in-den-mai-rodenkirchen.jpg\",\"keywords\":[\"Freizeit-Ideen\",\"K\u00f6ln Rodenkirchen\",\"Nachrichten\"],\"articleSection\":[\"K\u00f6ln Rodenkirchen\",\"K\u00f6ln Rodenkirchen Freizeit\",\"Neuigkeiten\"],\"inLanguage\":\"de\",\"potentialAction\":[{\"@type\":\"CommentAction\",\"name\":\"Comment\",\"target\":[\"https:\\\/\\\/www.gaidaphotos.com\\\/blog\\\/2010\\\/04\\\/22\\\/tanz-in-den-mai-30-04-2010\\\/#respond\"]}]},{\"@type\":\"WebPage\",\"@id\":\"https:\\\/\\\/www.gaidaphotos.com\\\/blog\\\/2010\\\/04\\\/22\\\/tanz-in-den-mai-30-04-2010\\\/\",\"url\":\"https:\\\/\\\/www.gaidaphotos.com\\\/blog\\\/2010\\\/04\\\/22\\\/tanz-in-den-mai-30-04-2010\\\/\",\"name\":\"K\u00f6ln-Rodenkirchen: Tanz in den Mai am 30.04.2010\",\"isPartOf\":{\"@id\":\"https:\\\/\\\/www.gaidaphotos.com\\\/blog\\\/#website\"},\"primaryImageOfPage\":{\"@id\":\"https:\\\/\\\/www.gaidaphotos.com\\\/blog\\\/2010\\\/04\\\/22\\\/tanz-in-den-mai-30-04-2010\\\/#primaryimage\"},\"image\":{\"@id\":\"https:\\\/\\\/www.gaidaphotos.com\\\/blog\\\/2010\\\/04\\\/22\\\/tanz-in-den-mai-30-04-2010\\\/#primaryimage\"},\"thumbnailUrl\":\"https:\\\/\\\/www.gaidaphotos.com\\\/blog\\\/wp-content\\\/uploads\\\/2010\\\/04\\\/tanz-in-den-mai-rodenkirchen.jpg\",\"datePublished\":\"2010-04-22T12:50:25+00:00\",\"description\":\"Auf dem Maternusplatz in Rodenkirchen wird am 30.04.2010 ein Maibaum errichtet. Anschlie\u00dfend ist Tanz in den Mai mit vier verschiedenen Musikrichtungen. Alle Daten hier\",\"breadcrumb\":{\"@id\":\"https:\\\/\\\/www.gaidaphotos.com\\\/blog\\\/2010\\\/04\\\/22\\\/tanz-in-den-mai-30-04-2010\\\/#breadcrumb\"},\"inLanguage\":\"de\",\"potentialAction\":[{\"@type\":\"ReadAction\",\"target\":[\"https:\\\/\\\/www.gaidaphotos.com\\\/blog\\\/2010\\\/04\\\/22\\\/tanz-in-den-mai-30-04-2010\\\/\"]}]},{\"@type\":\"ImageObject\",\"inLanguage\":\"de\",\"@id\":\"https:\\\/\\\/www.gaidaphotos.com\\\/blog\\\/2010\\\/04\\\/22\\\/tanz-in-den-mai-30-04-2010\\\/#primaryimage\",\"url\":\"https:\\\/\\\/i0.wp.com\\\/www.gaidaphotos.com\\\/blog\\\/wp-content\\\/uploads\\\/2010\\\/04\\\/tanz-in-den-mai-rodenkirchen.jpg?fit=341%2C480&ssl=1\",\"contentUrl\":\"https:\\\/\\\/i0.wp.com\\\/www.gaidaphotos.com\\\/blog\\\/wp-content\\\/uploads\\\/2010\\\/04\\\/tanz-in-den-mai-rodenkirchen.jpg?fit=341%2C480&ssl=1\",\"width\":\"341\",\"height\":\"480\",\"caption\":\"Tanz in den Mai 20.04.2010 in K\u00f6ln-Rodenkirchen\"},{\"@type\":\"BreadcrumbList\",\"@id\":\"https:\\\/\\\/www.gaidaphotos.com\\\/blog\\\/2010\\\/04\\\/22\\\/tanz-in-den-mai-30-04-2010\\\/#breadcrumb\",\"itemListElement\":[{\"@type\":\"ListItem\",\"position\":1,\"name\":\"Startseite\",\"item\":\"https:\\\/\\\/www.gaidaphotos.com\\\/blog\\\/\"},{\"@type\":\"ListItem\",\"position\":2,\"name\":\"K\u00f6ln-Rodenkirchen: Tanz in den Mai am 30.04.2010\"}]},{\"@type\":\"WebSite\",\"@id\":\"https:\\\/\\\/www.gaidaphotos.com\\\/blog\\\/#website\",\"url\":\"https:\\\/\\\/www.gaidaphotos.com\\\/blog\\\/\",\"name\":\"K\u00f6ln Rodenkirchen und die Welt\",\"description\":\"Einkaufen, Restaurants, Freizeit, Nachrichten und was uns sonst bewegt und begegnet\",\"publisher\":{\"@id\":\"https:\\\/\\\/www.gaidaphotos.com\\\/blog\\\/#organization\"},\"potentialAction\":[{\"@type\":\"SearchAction\",\"target\":{\"@type\":\"EntryPoint\",\"urlTemplate\":\"https:\\\/\\\/www.gaidaphotos.com\\\/blog\\\/?s={search_term_string}\"},\"query-input\":{\"@type\":\"PropertyValueSpecification\",\"valueRequired\":true,\"valueName\":\"search_term_string\"}}],\"inLanguage\":\"de\"},{\"@type\":\"Organization\",\"@id\":\"https:\\\/\\\/www.gaidaphotos.com\\\/blog\\\/#organization\",\"name\":\"gaidaphotos\",\"url\":\"https:\\\/\\\/www.gaidaphotos.com\\\/blog\\\/\",\"logo\":{\"@type\":\"ImageObject\",\"inLanguage\":\"de\",\"@id\":\"https:\\\/\\\/www.gaidaphotos.com\\\/blog\\\/#\\\/schema\\\/logo\\\/image\\\/\",\"url\":\"https:\\\/\\\/i0.wp.com\\\/www.gaidaphotos.com\\\/blog\\\/wp-content\\\/uploads\\\/2020\\\/07\\\/GAIDAPHOTOS-COM.jpg?fit=160%2C96&ssl=1\",\"contentUrl\":\"https:\\\/\\\/i0.wp.com\\\/www.gaidaphotos.com\\\/blog\\\/wp-content\\\/uploads\\\/2020\\\/07\\\/GAIDAPHOTOS-COM.jpg?fit=160%2C96&ssl=1\",\"width\":160,\"height\":96,\"caption\":\"gaidaphotos\"},\"image\":{\"@id\":\"https:\\\/\\\/www.gaidaphotos.com\\\/blog\\\/#\\\/schema\\\/logo\\\/image\\\/\"},\"sameAs\":[\"https:\\\/\\\/www.facebook.com\\\/Koeln.Rodenkirchen\",\"https:\\\/\\\/x.com\\\/gaidaphotos\",\"https:\\\/\\\/instagram.com\\\/gaidaphotos\\\/\",\"https:\\\/\\\/de.linkedin.com\\\/in\\\/gaidaphotos\",\"https:\\\/\\\/myspace.com\\\/gaidaphotos\",\"https:\\\/\\\/www.pinterest.com\\\/gaidaphotos\\\/\",\"https:\\\/\\\/www.youtube.com\\\/user\\\/gaidaphotos\"]},{\"@type\":\"Person\",\"@id\":\"https:\\\/\\\/www.gaidaphotos.com\\\/blog\\\/#\\\/schema\\\/person\\\/6c444a5b13ffc503c5c32f5a9ec68b21\",\"name\":\"Thomas\",\"sameAs\":[\"https:\\\/\\\/www.gaidaphotos.com\",\"https:\\\/\\\/www.facebook.com\\\/gaidaphotos\",\"https:\\\/\\\/instagram.com\\\/gaidaphotos\\\/\",\"https:\\\/\\\/www.linkedin.com\\\/in\\\/gaidaphotos\",\"http:\\\/\\\/www.pinterest.com\\\/gaidaphotos\\\/\",\"https:\\\/\\\/x.com\\\/gaidaphotos\",\"https:\\\/\\\/myspace.com\\\/gaidaphotos\",\"https:\\\/\\\/www.youtube.com\\\/user\\\/gaidaphotos\",\"https:\\\/\\\/gaidaphotos.tumblr.com\\\/\"]}]}<\/script>\n<!-- \/ Yoast SEO plugin. -->","yoast_head_json":{"title":"K\u00f6ln-Rodenkirchen: Tanz in den Mai am 30.04.2010","description":"Auf dem Maternusplatz in Rodenkirchen wird am 30.04.2010 ein Maibaum errichtet. Anschlie\u00dfend ist Tanz in den Mai mit vier verschiedenen Musikrichtungen. Alle Daten hier","robots":{"index":"index","follow":"follow","max-snippet":"max-snippet:-1","max-image-preview":"max-image-preview:large","max-video-preview":"max-video-preview:-1"},"canonical":"https:\/\/www.gaidaphotos.com\/blog\/2010\/04\/22\/tanz-in-den-mai-30-04-2010\/","og_locale":"de_DE","og_type":"article","og_title":"K\u00f6ln-Rodenkirchen: Tanz in den Mai am 30.04.2010","og_description":"Auf dem Maternusplatz in Rodenkirchen wird am 30.04.2010 ein Maibaum errichtet. Anschlie\u00dfend ist Tanz in den Mai mit vier verschiedenen Musikrichtungen. Alle Daten hier","og_url":"https:\/\/www.gaidaphotos.com\/blog\/2010\/04\/22\/tanz-in-den-mai-30-04-2010\/","og_site_name":"K\u00f6ln Rodenkirchen und die Welt","article_publisher":"https:\/\/www.facebook.com\/Koeln.Rodenkirchen","article_author":"https:\/\/www.facebook.com\/gaidaphotos","article_published_time":"2010-04-22T12:50:25+00:00","og_image":[{"url":"https:\/\/www.gaidaphotos.com\/blog\/wp-content\/uploads\/2010\/04\/tanz-in-den-mai-rodenkirchen.jpg","type":"","width":"","height":""}],"author":"Thomas","twitter_card":"summary_large_image","twitter_creator":"@gaidaphotos","twitter_site":"@gaidaphotos","twitter_misc":{"Verfasst von":"Thomas","Gesch\u00e4tzte Lesezeit":"1\u00a0Minute"},"schema":{"@context":"https:\/\/schema.org","@graph":[{"@type":"Article","@id":"https:\/\/www.gaidaphotos.com\/blog\/2010\/04\/22\/tanz-in-den-mai-30-04-2010\/#article","isPartOf":{"@id":"https:\/\/www.gaidaphotos.com\/blog\/2010\/04\/22\/tanz-in-den-mai-30-04-2010\/"},"author":{"name":"Thomas","@id":"https:\/\/www.gaidaphotos.com\/blog\/#\/schema\/person\/6c444a5b13ffc503c5c32f5a9ec68b21"},"headline":"K\u00f6ln-Rodenkirchen: Tanz in den Mai am 30.04.2010","datePublished":"2010-04-22T12:50:25+00:00","mainEntityOfPage":{"@id":"https:\/\/www.gaidaphotos.com\/blog\/2010\/04\/22\/tanz-in-den-mai-30-04-2010\/"},"wordCount":245,"commentCount":0,"publisher":{"@id":"https:\/\/www.gaidaphotos.com\/blog\/#organization"},"image":{"@id":"https:\/\/www.gaidaphotos.com\/blog\/2010\/04\/22\/tanz-in-den-mai-30-04-2010\/#primaryimage"},"thumbnailUrl":"https:\/\/www.gaidaphotos.com\/blog\/wp-content\/uploads\/2010\/04\/tanz-in-den-mai-rodenkirchen.jpg","keywords":["Freizeit-Ideen","K\u00f6ln Rodenkirchen","Nachrichten"],"articleSection":["K\u00f6ln Rodenkirchen","K\u00f6ln Rodenkirchen Freizeit","Neuigkeiten"],"inLanguage":"de","potentialAction":[{"@type":"CommentAction","name":"Comment","target":["https:\/\/www.gaidaphotos.com\/blog\/2010\/04\/22\/tanz-in-den-mai-30-04-2010\/#respond"]}]},{"@type":"WebPage","@id":"https:\/\/www.gaidaphotos.com\/blog\/2010\/04\/22\/tanz-in-den-mai-30-04-2010\/","url":"https:\/\/www.gaidaphotos.com\/blog\/2010\/04\/22\/tanz-in-den-mai-30-04-2010\/","name":"K\u00f6ln-Rodenkirchen: Tanz in den Mai am 30.04.2010","isPartOf":{"@id":"https:\/\/www.gaidaphotos.com\/blog\/#website"},"primaryImageOfPage":{"@id":"https:\/\/www.gaidaphotos.com\/blog\/2010\/04\/22\/tanz-in-den-mai-30-04-2010\/#primaryimage"},"image":{"@id":"https:\/\/www.gaidaphotos.com\/blog\/2010\/04\/22\/tanz-in-den-mai-30-04-2010\/#primaryimage"},"thumbnailUrl":"https:\/\/www.gaidaphotos.com\/blog\/wp-content\/uploads\/2010\/04\/tanz-in-den-mai-rodenkirchen.jpg","datePublished":"2010-04-22T12:50:25+00:00","description":"Auf dem Maternusplatz in Rodenkirchen wird am 30.04.2010 ein Maibaum errichtet. Anschlie\u00dfend ist Tanz in den Mai mit vier verschiedenen Musikrichtungen. Alle Daten hier","breadcrumb":{"@id":"https:\/\/www.gaidaphotos.com\/blog\/2010\/04\/22\/tanz-in-den-mai-30-04-2010\/#breadcrumb"},"inLanguage":"de","potentialAction":[{"@type":"ReadAction","target":["https:\/\/www.gaidaphotos.com\/blog\/2010\/04\/22\/tanz-in-den-mai-30-04-2010\/"]}]},{"@type":"ImageObject","inLanguage":"de","@id":"https:\/\/www.gaidaphotos.com\/blog\/2010\/04\/22\/tanz-in-den-mai-30-04-2010\/#primaryimage","url":"https:\/\/i0.wp.com\/www.gaidaphotos.com\/blog\/wp-content\/uploads\/2010\/04\/tanz-in-den-mai-rodenkirchen.jpg?fit=341%2C480&ssl=1","contentUrl":"https:\/\/i0.wp.com\/www.gaidaphotos.com\/blog\/wp-content\/uploads\/2010\/04\/tanz-in-den-mai-rodenkirchen.jpg?fit=341%2C480&ssl=1","width":"341","height":"480","caption":"Tanz in den Mai 20.04.2010 in K\u00f6ln-Rodenkirchen"},{"@type":"BreadcrumbList","@id":"https:\/\/www.gaidaphotos.com\/blog\/2010\/04\/22\/tanz-in-den-mai-30-04-2010\/#breadcrumb","itemListElement":[{"@type":"ListItem","position":1,"name":"Startseite","item":"https:\/\/www.gaidaphotos.com\/blog\/"},{"@type":"ListItem","position":2,"name":"K\u00f6ln-Rodenkirchen: Tanz in den Mai am 30.04.2010"}]},{"@type":"WebSite","@id":"https:\/\/www.gaidaphotos.com\/blog\/#website","url":"https:\/\/www.gaidaphotos.com\/blog\/","name":"K\u00f6ln Rodenkirchen und die Welt","description":"Einkaufen, Restaurants, Freizeit, Nachrichten und was uns sonst bewegt und begegnet","publisher":{"@id":"https:\/\/www.gaidaphotos.com\/blog\/#organization"},"potentialAction":[{"@type":"SearchAction","target":{"@type":"EntryPoint","urlTemplate":"https:\/\/www.gaidaphotos.com\/blog\/?s={search_term_string}"},"query-input":{"@type":"PropertyValueSpecification","valueRequired":true,"valueName":"search_term_string"}}],"inLanguage":"de"},{"@type":"Organization","@id":"https:\/\/www.gaidaphotos.com\/blog\/#organization","name":"gaidaphotos","url":"https:\/\/www.gaidaphotos.com\/blog\/","logo":{"@type":"ImageObject","inLanguage":"de","@id":"https:\/\/www.gaidaphotos.com\/blog\/#\/schema\/logo\/image\/","url":"https:\/\/i0.wp.com\/www.gaidaphotos.com\/blog\/wp-content\/uploads\/2020\/07\/GAIDAPHOTOS-COM.jpg?fit=160%2C96&ssl=1","contentUrl":"https:\/\/i0.wp.com\/www.gaidaphotos.com\/blog\/wp-content\/uploads\/2020\/07\/GAIDAPHOTOS-COM.jpg?fit=160%2C96&ssl=1","width":160,"height":96,"caption":"gaidaphotos"},"image":{"@id":"https:\/\/www.gaidaphotos.com\/blog\/#\/schema\/logo\/image\/"},"sameAs":["https:\/\/www.facebook.com\/Koeln.Rodenkirchen","https:\/\/x.com\/gaidaphotos","https:\/\/instagram.com\/gaidaphotos\/","https:\/\/de.linkedin.com\/in\/gaidaphotos","https:\/\/myspace.com\/gaidaphotos","https:\/\/www.pinterest.com\/gaidaphotos\/","https:\/\/www.youtube.com\/user\/gaidaphotos"]},{"@type":"Person","@id":"https:\/\/www.gaidaphotos.com\/blog\/#\/schema\/person\/6c444a5b13ffc503c5c32f5a9ec68b21","name":"Thomas","sameAs":["https:\/\/www.gaidaphotos.com","https:\/\/www.facebook.com\/gaidaphotos","https:\/\/instagram.com\/gaidaphotos\/","https:\/\/www.linkedin.com\/in\/gaidaphotos","http:\/\/www.pinterest.com\/gaidaphotos\/","https:\/\/x.com\/gaidaphotos","https:\/\/myspace.com\/gaidaphotos","https:\/\/www.youtube.com\/user\/gaidaphotos","https:\/\/gaidaphotos.tumblr.com\/"]}]}},"jetpack_publicize_connections":[],"jetpack_featured_media_url":"","jetpack_sharing_enabled":true,"jetpack_likes_enabled":true,"jetpack-related-posts":[{"id":2819,"url":"https:\/\/www.gaidaphotos.com\/blog\/2010\/04\/22\/verkaufsoffener-sonntag-02-05-2010\/","url_meta":{"origin":2815,"position":0},"title":"K\u00f6ln-Rodenkirchen: Verkaufsoffener Sonntag am 02.05.2010","author":"Thomas","date":"22. April 2010","format":false,"excerpt":"Verkaufsoffener Sonntag am 02.05.2010 anl\u00e4\u00dflich der Maifeiern in K\u00f6ln-Rodenkirchen Anl\u00e4\u00dflich der Maifeiern der AG Rodenkirchen findet am 02. Mai 2010 in K\u00f6ln-Rodenkirchen auch ein verkaufsoffener Sonntag statt. Rodenkirchener und G\u00e4ste treffen sich auf dem Maternusplatz zum Fr\u00fchschoppen, um sich f\u00fcr das anschlie\u00dfende Power-Shopping und Marathon-Einkaufen zum verkaufsoffenen Sonntag zu st\u00e4rken.\u2026","rel":"","context":"In &quot;K\u00f6ln Rodenkirchen Einkaufen&quot;","block_context":{"text":"K\u00f6ln Rodenkirchen Einkaufen","link":"https:\/\/www.gaidaphotos.com\/blog\/category\/koeln-rodenkirchen\/koeln-rodenkirchen-einkaufen\/"},"img":{"alt_text":"Verkaufsoffener Sonntag am 02.05.2010 in K\u00f6ln Rodenkirchen","src":"https:\/\/i0.wp.com\/www.gaidaphotos.com\/blog\/wp-content\/uploads\/2010\/04\/verkaufsoffener-sonntag-rodenkirchen-300x200.jpg?resize=350%2C200&ssl=1","width":350,"height":200},"classes":[]},{"id":2833,"url":"https:\/\/www.gaidaphotos.com\/blog\/2010\/04\/30\/koeln-rodenkirchen-der-maibaum-steht\/","url_meta":{"origin":2815,"position":1},"title":"K\u00f6ln-Rodenkirchen: Der Maibaum steht","author":"Thomas","date":"30. April 2010","format":false,"excerpt":"Der Maibaum steht Im Rahmen der Maifeiern der AG Rodenkirchen wurde heute beim Tanz in Den Mai in K\u00f6ln Rodenkirchen der erste Maibaum (?) aufgestellt. Wie schon berichtet wurde der Maibaum von Freiwilligen der \u00f6rtlichen Vereine heute Abend auf dem Maternusplatz aufgestellt. Leider dauerte es ein wenig, bis die letzten\u2026","rel":"","context":"In &quot;K\u00f6ln Rodenkirchen Freizeit&quot;","block_context":{"text":"K\u00f6ln Rodenkirchen Freizeit","link":"https:\/\/www.gaidaphotos.com\/blog\/category\/koeln-rodenkirchen\/koeln-rodenkirchen-freizeit\/"},"img":{"alt_text":"K\u00f6ln Rodenkirchen: Maibaum verkaufsoffener Sonntag","src":"https:\/\/i0.wp.com\/www.gaidaphotos.com\/blog\/wp-content\/uploads\/2010\/04\/koeln-rodenkirchen-maibaum.jpg?resize=350%2C200&ssl=1","width":350,"height":200},"classes":[]},{"id":742,"url":"https:\/\/www.gaidaphotos.com\/blog\/2009\/06\/18\/koeln-rodenkirchen-verkaufsoffener-sonntag-sommertag\/","url_meta":{"origin":2815,"position":2},"title":"K\u00f6ln Rodenkirchen Einkaufen: verkaufsoffener Sonntag w\u00e4hrend der Rodenkirchener Sommertage","author":"Thomas","date":"18. Juni 2009","format":false,"excerpt":"K\u00f6ln Rodenkirchen Einkaufen: verkaufsoffener Sonntag w\u00e4hrend der Rodenkirchener Sommertage Nicht vergessen! Am kommenden Wochenende ist in K\u00f6ln Rodenkirchen auf dem Maternusplatz Strassenfest. Das Motto der Rodenkirchener Sommertage lautet \"Rodenkirchen im Hollywoodfieber\". Dazu gibt es Schn\u00e4ppchen beim Einkaufen, Musik und Tanz. Der Sonntag ist verkaufsoffen und man kann feiern und shoppen.\u2026","rel":"","context":"In &quot;K\u00f6ln&quot;","block_context":{"text":"K\u00f6ln","link":"https:\/\/www.gaidaphotos.com\/blog\/category\/koeln\/"},"img":{"alt_text":"Maternusplatz - Schauplatz der Rodenkirchener Sommertage","src":"https:\/\/i0.wp.com\/www.gaidaphotos.com\/blog\/wp-content\/uploads\/2009\/06\/koeln-rodenkirchener-sommertage-300x225.jpg?resize=350%2C200&ssl=1","width":350,"height":200},"classes":[]},{"id":669,"url":"https:\/\/www.gaidaphotos.com\/blog\/2009\/06\/03\/roedenkirchener-sommertage\/","url_meta":{"origin":2815,"position":3},"title":"K\u00f6ln-Rodenkirchen: Hollywood auf dem Maternusplatz?","author":"Thomas","date":"3. Juni 2009","format":false,"excerpt":"Rodenkirchener Sommertage? Rodenkirchener Sommertage 20. und 21. Juni 2009 Die allseits beliebten Rodenkirchener Sommertage finden in diesem Jahr zum ersten Mal, man k\u00f6nnte sagen endlich, auf dem Maternusplatz in K\u00f6ln Rodenkirchen statt. Bei ausreichender Beteiligung sind die Rodenkirchener Sommertage auch auf der Maternusstra\u00dfe, Wilhelmstra\u00dfe und Augustastra\u00dfe in K\u00f6ln Rodenkirchen zu\u2026","rel":"","context":"In &quot;K\u00f6ln Rodenkirchen Einkaufen&quot;","block_context":{"text":"K\u00f6ln Rodenkirchen Einkaufen","link":"https:\/\/www.gaidaphotos.com\/blog\/category\/koeln-rodenkirchen\/koeln-rodenkirchen-einkaufen\/"},"img":{"alt_text":"Rodenkirchener Sommertage","src":"https:\/\/i0.wp.com\/www.gaidaphotos.com\/blog\/wp-content\/uploads\/2009\/06\/hollywood-koeln-rodenkirchen-172x300.jpg?resize=350%2C200&ssl=1","width":350,"height":200},"classes":[]},{"id":2304,"url":"https:\/\/www.gaidaphotos.com\/blog\/2009\/12\/06\/koeln-rodenkirchen-verkaufsoffener-sonntag-nikolaus-grosses-programm\/","url_meta":{"origin":2815,"position":4},"title":"K\u00f6ln-Rodenkirchen: verkaufsoffener Sonntag &#8211; Nikolaus &#038; grosses B\u00fchnenprogramm","author":"Thomas","date":"6. Dezember 2009","format":false,"excerpt":"K\u00f6ln-Rodenkirchen: verkaufsoffener Sonntag - Nikolaus & grosses B\u00fchnenprogramm Auch in diesem Advent kommt der Nikolaus nach K\u00f6ln Rodenkirchen auf den Maternusplatz. Die Rodenkirchener feiern auch in diesem Jahr Nikolaus und Advent mit einem grossen B\u00fchnenprogramm auf dem Maternusplatz. Die Gesch\u00e4fte in K\u00f6ln Rodenkirchen haben daf\u00fcr von 12:00 bis 19:00h am\u2026","rel":"","context":"In &quot;K\u00f6ln Rodenkirchen&quot;","block_context":{"text":"K\u00f6ln Rodenkirchen","link":"https:\/\/www.gaidaphotos.com\/blog\/category\/koeln-rodenkirchen\/"},"img":{"alt_text":"","src":"https:\/\/i0.wp.com\/www.gaidaphotos.com\/blog\/wp-content\/uploads\/2009\/12\/koeln-rodenkirchen-verkaufsoffener-sonntag-03.jpg?resize=350%2C200&ssl=1","width":350,"height":200},"classes":[]},{"id":2067,"url":"https:\/\/www.gaidaphotos.com\/blog\/2009\/09\/04\/koln-rodenkirchen-freizeit-tango-abend\/","url_meta":{"origin":2815,"position":5},"title":"K\u00f6ln-Rodenkirchen Freizeit: Heute Tango-Abend in Rodenkirchen","author":"Thomas","date":"4. September 2009","format":false,"excerpt":"Hier wird gerade f\u00fcr den Tango-Abend in K\u00f6ln-Rodenkirchen aufgebaut. Die Aktionsgemeinschaft Rodenkirchen l\u00e4dt zum Tanzen und Shoppen ein. Heute Abend kann in K\u00f6ln Rodenkirchen zu Tangomusik getanzt und geschwoft werden. Wer den Tango liebt hat hier M\u00f6glichkeit seine Tango K\u00fcnste in K\u00f6ln Rodenkirchen unter Beweis zu stellen. Die Gesch\u00e4fte haben\u2026","rel":"","context":"In &quot;17&quot;","block_context":{"text":"17","link":"https:\/\/www.gaidaphotos.com\/blog\/category\/mobile_news_von_unterwegs\/mobile_news_von_unterwegs-n95\/"},"img":{"alt_text":"","src":"","width":0,"height":0},"classes":[]}],"_links":{"self":[{"href":"https:\/\/www.gaidaphotos.com\/blog\/wp-json\/wp\/v2\/posts\/2815","targetHints":{"allow":["GET"]}}],"collection":[{"href":"https:\/\/www.gaidaphotos.com\/blog\/wp-json\/wp\/v2\/posts"}],"about":[{"href":"https:\/\/www.gaidaphotos.com\/blog\/wp-json\/wp\/v2\/types\/post"}],"author":[{"embeddable":true,"href":"https:\/\/www.gaidaphotos.com\/blog\/wp-json\/wp\/v2\/users\/6"}],"replies":[{"embeddable":true,"href":"https:\/\/www.gaidaphotos.com\/blog\/wp-json\/wp\/v2\/comments?post=2815"}],"version-history":[{"count":0,"href":"https:\/\/www.gaidaphotos.com\/blog\/wp-json\/wp\/v2\/posts\/2815\/revisions"}],"wp:attachment":[{"href":"https:\/\/www.gaidaphotos.com\/blog\/wp-json\/wp\/v2\/media?parent=2815"}],"wp:term":[{"taxonomy":"category","embeddable":true,"href":"https:\/\/www.gaidaphotos.com\/blog\/wp-json\/wp\/v2\/categories?post=2815"},{"taxonomy":"post_tag","embeddable":true,"href":"https:\/\/www.gaidaphotos.com\/blog\/wp-json\/wp\/v2\/tags?post=2815"}],"curies":[{"name":"wp","href":"https:\/\/api.w.org\/{rel}","templated":true}]}}