{"id":2819,"date":"2010-04-22T15:06:51","date_gmt":"2010-04-22T13:06:51","guid":{"rendered":"http:\/\/gaidaphotos.com\/blog\/?p=2819"},"modified":"2010-04-22T15:06:51","modified_gmt":"2010-04-22T13:06:51","slug":"verkaufsoffener-sonntag-02-05-2010","status":"publish","type":"post","link":"https:\/\/www.gaidaphotos.com\/blog\/2010\/04\/22\/verkaufsoffener-sonntag-02-05-2010\/","title":{"rendered":"K\u00f6ln-Rodenkirchen: Verkaufsoffener Sonntag am 02.05.2010"},"content":{"rendered":"<h2>Verkaufsoffener Sonntag am 02.05.2010 anl\u00e4\u00dflich der Maifeiern in K\u00f6ln-Rodenkirchen<\/h2>\n<figure id=\"attachment_2820\" aria-describedby=\"caption-attachment-2820\" style=\"width: 300px\" class=\"wp-caption alignleft\"><img data-recalc-dims=\"1\" loading=\"lazy\" decoding=\"async\" class=\"size-medium wp-image-2820\" title=\"verkaufsoffener-sonntag-rodenkirchen\" src=\"https:\/\/i0.wp.com\/www.gaidaphotos.com\/blog\/wp-content\/uploads\/2010\/04\/verkaufsoffener-sonntag-rodenkirchen.jpg?resize=300%2C200&#038;ssl=1\" alt=\"Verkaufsoffener Sonntag am 02.05.2010 in K\u00f6ln Rodenkirchen\" width=\"300\" height=\"200\" srcset=\"https:\/\/i0.wp.com\/www.gaidaphotos.com\/blog\/wp-content\/uploads\/2010\/04\/verkaufsoffener-sonntag-rodenkirchen.jpg?resize=300%2C200&amp;ssl=1 300w, https:\/\/i0.wp.com\/www.gaidaphotos.com\/blog\/wp-content\/uploads\/2010\/04\/verkaufsoffener-sonntag-rodenkirchen.jpg?w=480&amp;ssl=1 480w\" sizes=\"auto, (max-width: 300px) 100vw, 300px\" \/><figcaption id=\"caption-attachment-2820\" class=\"wp-caption-text\">Von Schnee und Eis befreitVerkaufsoffener Sonntag am 02.05.2010 in K\u00f6ln Rodenkirchen<\/figcaption><\/figure>\n<p>Anl\u00e4\u00dflich der Maifeiern der AG Rodenkirchen findet am <strong>02. Mai 2010 in K\u00f6ln-Rodenkirchen<\/strong> auch ein <strong>verkaufsoffener Sonnta<\/strong>g statt.<\/p>\n<p>Rodenkirchener und G\u00e4ste treffen sich auf dem Maternusplatz zum Fr\u00fchschoppen, um sich f\u00fcr das anschlie\u00dfende <strong>Power-Shopping<\/strong> und <strong>Marathon-Einkaufen<\/strong> zum <strong>verkaufsoffenen Sonntag<\/strong> zu st\u00e4rken.<\/p>\n<p>Die Stra\u00dfen sind festlich mit Maib\u00e4umen geschm\u00fcckt und auf dem Maternusplatz geben \u00f6rtliche Ch\u00f6re ihr Bestes. F\u00fcr ausreichend St\u00e4rkung ist gesorgt.<\/p>\n<p><strong>Unser Tip<\/strong>: Geben Sie Ihren Mann auf dem Maternusplatz ab. Bei leckerem K\u00f6lsch kann man auch die Ch\u00f6re ertragen und Sie haben Zeit zum <strong>ungest\u00f6rten Einkaufen in K\u00f6ln-Rodenkirchen<\/strong>.<\/p>\n<h3>Programm f\u00fcr den verkaufsoffenen Sonntag am 02.05.2010 in K\u00f6ln-Rodenkirchen:<\/h3>\n<p>Ab 11:00h <strong>Fr\u00fchschoppen <\/strong>mit musikalischer Begleitung auf dem Maternusplatz<\/p>\n<p>Ab 15:00h Musik-Event auf dem Maternusplatz<\/p>\n<h3>13:00 &#8211; 18:00h Verkaufsoffener Sonntag<\/h3>\n<p>Programm zum <a title=\"Tanz in den Mai 20.04.2010 Rodenkirchen\" href=\"https:\/\/www.gaidaphotos.com\/blog\/2010\/04\/22\/tanz-in-den-mai-30-04-2010\/\">Tanz in den Main (30.04.2010)<\/a> und den <a title=\"Tanz in den Mai 20.04.2010 Rodenkirchen\" href=\"https:\/\/www.gaidaphotos.com\/blog\/2010\/04\/22\/tanz-in-den-mai-30-04-2010\/\">01.Mai 2010<\/a><\/p>\n<p>Anmerkung der Redaktion: Sobald die weiteren Vorf\u00fchrungen und das genaue  B\u00fchnenprogramm vorliegen, werden wir Ihnen hier berichten. Bitte  speichern Sie den Artikel als Lesezeichen (Strg+D) oder abonnieren Sie  uns (Schaltfl\u00e4chen rechts oben).<\/p>\n","protected":false},"excerpt":{"rendered":"<p>Verkaufsoffener Sonntag am 02.05.2010 anl\u00e4\u00dflich der Maifeiern in K\u00f6ln-Rodenkirchen Anl\u00e4\u00dflich der Maifeiern der AG Rodenkirchen findet am 02. Mai 2010<\/p>\n","protected":false},"author":6,"featured_media":0,"comment_status":"open","ping_status":"open","sticky":false,"template":"","format":"standard","meta":{"_crdt_document":"","ngg_post_thumbnail":0,"jetpack_post_was_ever_published":false,"_jetpack_newsletter_access":"","_jetpack_dont_email_post_to_subs":false,"_jetpack_newsletter_tier_id":0,"_jetpack_memberships_contains_paywalled_content":false,"_jetpack_memberships_contains_paid_content":false,"footnotes":"","jetpack_publicize_message":"","jetpack_publicize_feature_enabled":true,"jetpack_social_post_already_shared":false,"jetpack_social_options":{"image_generator_settings":{"template":"highway","default_image_id":0,"font":"","enabled":false},"version":2}},"categories":[89,101,39],"tags":[108,102,538,113],"class_list":["post-2819","post","type-post","status-publish","format-standard","hentry","category-koeln-rodenkirchen-einkaufen","category-koeln-rodenkirchen-freizeit","category-neuigkeiten","tag-einkaufen","tag-freizeit","tag-koeln-rodenkirchen","tag-nachrichten"],"yoast_head":"<!-- This site is optimized with the Yoast SEO plugin v27.5 - https:\/\/yoast.com\/product\/yoast-seo-wordpress\/ -->\n<title>K\u00f6ln-Rodenkirchen: Verkaufsoffener Sonntag am 02.05.2010<\/title>\n<meta name=\"description\" content=\"Fr\u00fchschoppen und verkaufsoffener Sonntag am 02.05.2010 in K\u00f6ln Rodenkirchen. Program &amp; Tips\" \/>\n<meta name=\"robots\" content=\"index, follow, max-snippet:-1, max-image-preview:large, max-video-preview:-1\" \/>\n<link rel=\"canonical\" href=\"https:\/\/www.gaidaphotos.com\/blog\/2010\/04\/22\/verkaufsoffener-sonntag-02-05-2010\/\" \/>\n<meta property=\"og:locale\" content=\"de_DE\" \/>\n<meta property=\"og:type\" content=\"article\" \/>\n<meta property=\"og:title\" content=\"K\u00f6ln-Rodenkirchen: Verkaufsoffener Sonntag am 02.05.2010\" \/>\n<meta property=\"og:description\" content=\"Fr\u00fchschoppen und verkaufsoffener Sonntag am 02.05.2010 in K\u00f6ln Rodenkirchen. Program &amp; Tips\" \/>\n<meta property=\"og:url\" content=\"https:\/\/www.gaidaphotos.com\/blog\/2010\/04\/22\/verkaufsoffener-sonntag-02-05-2010\/\" \/>\n<meta property=\"og:site_name\" content=\"K\u00f6ln Rodenkirchen und die Welt\" \/>\n<meta property=\"article:publisher\" content=\"https:\/\/www.facebook.com\/Koeln.Rodenkirchen\" \/>\n<meta property=\"article:author\" content=\"https:\/\/www.facebook.com\/gaidaphotos\" \/>\n<meta property=\"article:published_time\" content=\"2010-04-22T13:06:51+00:00\" \/>\n<meta property=\"og:image\" content=\"https:\/\/www.gaidaphotos.com\/blog\/wp-content\/uploads\/2010\/04\/verkaufsoffener-sonntag-rodenkirchen-300x200.jpg\" \/>\n<meta name=\"author\" content=\"Thomas\" \/>\n<meta name=\"twitter:card\" content=\"summary_large_image\" \/>\n<meta name=\"twitter:creator\" content=\"@gaidaphotos\" \/>\n<meta name=\"twitter:site\" content=\"@gaidaphotos\" \/>\n<meta name=\"twitter:label1\" content=\"Verfasst von\" \/>\n\t<meta name=\"twitter:data1\" content=\"Thomas\" \/>\n\t<meta name=\"twitter:label2\" content=\"Gesch\u00e4tzte Lesezeit\" \/>\n\t<meta name=\"twitter:data2\" content=\"1\u00a0Minute\" \/>\n<script type=\"application\/ld+json\" class=\"yoast-schema-graph\">{\"@context\":\"https:\\\/\\\/schema.org\",\"@graph\":[{\"@type\":\"Article\",\"@id\":\"https:\\\/\\\/www.gaidaphotos.com\\\/blog\\\/2010\\\/04\\\/22\\\/verkaufsoffener-sonntag-02-05-2010\\\/#article\",\"isPartOf\":{\"@id\":\"https:\\\/\\\/www.gaidaphotos.com\\\/blog\\\/2010\\\/04\\\/22\\\/verkaufsoffener-sonntag-02-05-2010\\\/\"},\"author\":{\"name\":\"Thomas\",\"@id\":\"https:\\\/\\\/www.gaidaphotos.com\\\/blog\\\/#\\\/schema\\\/person\\\/6c444a5b13ffc503c5c32f5a9ec68b21\"},\"headline\":\"K\u00f6ln-Rodenkirchen: Verkaufsoffener Sonntag am 02.05.2010\",\"datePublished\":\"2010-04-22T13:06:51+00:00\",\"mainEntityOfPage\":{\"@id\":\"https:\\\/\\\/www.gaidaphotos.com\\\/blog\\\/2010\\\/04\\\/22\\\/verkaufsoffener-sonntag-02-05-2010\\\/\"},\"wordCount\":214,\"commentCount\":0,\"publisher\":{\"@id\":\"https:\\\/\\\/www.gaidaphotos.com\\\/blog\\\/#organization\"},\"image\":{\"@id\":\"https:\\\/\\\/www.gaidaphotos.com\\\/blog\\\/2010\\\/04\\\/22\\\/verkaufsoffener-sonntag-02-05-2010\\\/#primaryimage\"},\"thumbnailUrl\":\"https:\\\/\\\/www.gaidaphotos.com\\\/blog\\\/wp-content\\\/uploads\\\/2010\\\/04\\\/verkaufsoffener-sonntag-rodenkirchen-300x200.jpg\",\"keywords\":[\"Einkaufen\\\/ Shopping\",\"Freizeit-Ideen\",\"K\u00f6ln Rodenkirchen\",\"Nachrichten\"],\"articleSection\":[\"K\u00f6ln Rodenkirchen Einkaufen\",\"K\u00f6ln Rodenkirchen Freizeit\",\"Neuigkeiten\"],\"inLanguage\":\"de\",\"potentialAction\":[{\"@type\":\"CommentAction\",\"name\":\"Comment\",\"target\":[\"https:\\\/\\\/www.gaidaphotos.com\\\/blog\\\/2010\\\/04\\\/22\\\/verkaufsoffener-sonntag-02-05-2010\\\/#respond\"]}]},{\"@type\":\"WebPage\",\"@id\":\"https:\\\/\\\/www.gaidaphotos.com\\\/blog\\\/2010\\\/04\\\/22\\\/verkaufsoffener-sonntag-02-05-2010\\\/\",\"url\":\"https:\\\/\\\/www.gaidaphotos.com\\\/blog\\\/2010\\\/04\\\/22\\\/verkaufsoffener-sonntag-02-05-2010\\\/\",\"name\":\"K\u00f6ln-Rodenkirchen: Verkaufsoffener Sonntag am 02.05.2010\",\"isPartOf\":{\"@id\":\"https:\\\/\\\/www.gaidaphotos.com\\\/blog\\\/#website\"},\"primaryImageOfPage\":{\"@id\":\"https:\\\/\\\/www.gaidaphotos.com\\\/blog\\\/2010\\\/04\\\/22\\\/verkaufsoffener-sonntag-02-05-2010\\\/#primaryimage\"},\"image\":{\"@id\":\"https:\\\/\\\/www.gaidaphotos.com\\\/blog\\\/2010\\\/04\\\/22\\\/verkaufsoffener-sonntag-02-05-2010\\\/#primaryimage\"},\"thumbnailUrl\":\"https:\\\/\\\/www.gaidaphotos.com\\\/blog\\\/wp-content\\\/uploads\\\/2010\\\/04\\\/verkaufsoffener-sonntag-rodenkirchen-300x200.jpg\",\"datePublished\":\"2010-04-22T13:06:51+00:00\",\"description\":\"Fr\u00fchschoppen und verkaufsoffener Sonntag am 02.05.2010 in K\u00f6ln Rodenkirchen. Program & Tips\",\"breadcrumb\":{\"@id\":\"https:\\\/\\\/www.gaidaphotos.com\\\/blog\\\/2010\\\/04\\\/22\\\/verkaufsoffener-sonntag-02-05-2010\\\/#breadcrumb\"},\"inLanguage\":\"de\",\"potentialAction\":[{\"@type\":\"ReadAction\",\"target\":[\"https:\\\/\\\/www.gaidaphotos.com\\\/blog\\\/2010\\\/04\\\/22\\\/verkaufsoffener-sonntag-02-05-2010\\\/\"]}]},{\"@type\":\"ImageObject\",\"inLanguage\":\"de\",\"@id\":\"https:\\\/\\\/www.gaidaphotos.com\\\/blog\\\/2010\\\/04\\\/22\\\/verkaufsoffener-sonntag-02-05-2010\\\/#primaryimage\",\"url\":\"https:\\\/\\\/i0.wp.com\\\/www.gaidaphotos.com\\\/blog\\\/wp-content\\\/uploads\\\/2010\\\/04\\\/verkaufsoffener-sonntag-rodenkirchen.jpg?fit=480%2C320&ssl=1\",\"contentUrl\":\"https:\\\/\\\/i0.wp.com\\\/www.gaidaphotos.com\\\/blog\\\/wp-content\\\/uploads\\\/2010\\\/04\\\/verkaufsoffener-sonntag-rodenkirchen.jpg?fit=480%2C320&ssl=1\",\"width\":\"480\",\"height\":\"320\",\"caption\":\"Von Schnee und Eis befreit Verkaufsoffener Sonntag am 02.05.2010 in K\u00f6ln Rodenkirchen\"},{\"@type\":\"BreadcrumbList\",\"@id\":\"https:\\\/\\\/www.gaidaphotos.com\\\/blog\\\/2010\\\/04\\\/22\\\/verkaufsoffener-sonntag-02-05-2010\\\/#breadcrumb\",\"itemListElement\":[{\"@type\":\"ListItem\",\"position\":1,\"name\":\"Startseite\",\"item\":\"https:\\\/\\\/www.gaidaphotos.com\\\/blog\\\/\"},{\"@type\":\"ListItem\",\"position\":2,\"name\":\"K\u00f6ln-Rodenkirchen: Verkaufsoffener Sonntag am 02.05.2010\"}]},{\"@type\":\"WebSite\",\"@id\":\"https:\\\/\\\/www.gaidaphotos.com\\\/blog\\\/#website\",\"url\":\"https:\\\/\\\/www.gaidaphotos.com\\\/blog\\\/\",\"name\":\"K\u00f6ln Rodenkirchen und die Welt\",\"description\":\"Einkaufen, Restaurants, Freizeit, Nachrichten und was uns sonst bewegt und begegnet\",\"publisher\":{\"@id\":\"https:\\\/\\\/www.gaidaphotos.com\\\/blog\\\/#organization\"},\"potentialAction\":[{\"@type\":\"SearchAction\",\"target\":{\"@type\":\"EntryPoint\",\"urlTemplate\":\"https:\\\/\\\/www.gaidaphotos.com\\\/blog\\\/?s={search_term_string}\"},\"query-input\":{\"@type\":\"PropertyValueSpecification\",\"valueRequired\":true,\"valueName\":\"search_term_string\"}}],\"inLanguage\":\"de\"},{\"@type\":\"Organization\",\"@id\":\"https:\\\/\\\/www.gaidaphotos.com\\\/blog\\\/#organization\",\"name\":\"gaidaphotos\",\"url\":\"https:\\\/\\\/www.gaidaphotos.com\\\/blog\\\/\",\"logo\":{\"@type\":\"ImageObject\",\"inLanguage\":\"de\",\"@id\":\"https:\\\/\\\/www.gaidaphotos.com\\\/blog\\\/#\\\/schema\\\/logo\\\/image\\\/\",\"url\":\"https:\\\/\\\/i0.wp.com\\\/www.gaidaphotos.com\\\/blog\\\/wp-content\\\/uploads\\\/2020\\\/07\\\/GAIDAPHOTOS-COM.jpg?fit=160%2C96&ssl=1\",\"contentUrl\":\"https:\\\/\\\/i0.wp.com\\\/www.gaidaphotos.com\\\/blog\\\/wp-content\\\/uploads\\\/2020\\\/07\\\/GAIDAPHOTOS-COM.jpg?fit=160%2C96&ssl=1\",\"width\":160,\"height\":96,\"caption\":\"gaidaphotos\"},\"image\":{\"@id\":\"https:\\\/\\\/www.gaidaphotos.com\\\/blog\\\/#\\\/schema\\\/logo\\\/image\\\/\"},\"sameAs\":[\"https:\\\/\\\/www.facebook.com\\\/Koeln.Rodenkirchen\",\"https:\\\/\\\/x.com\\\/gaidaphotos\",\"https:\\\/\\\/instagram.com\\\/gaidaphotos\\\/\",\"https:\\\/\\\/de.linkedin.com\\\/in\\\/gaidaphotos\",\"https:\\\/\\\/myspace.com\\\/gaidaphotos\",\"https:\\\/\\\/www.pinterest.com\\\/gaidaphotos\\\/\",\"https:\\\/\\\/www.youtube.com\\\/user\\\/gaidaphotos\"]},{\"@type\":\"Person\",\"@id\":\"https:\\\/\\\/www.gaidaphotos.com\\\/blog\\\/#\\\/schema\\\/person\\\/6c444a5b13ffc503c5c32f5a9ec68b21\",\"name\":\"Thomas\",\"sameAs\":[\"https:\\\/\\\/www.gaidaphotos.com\",\"https:\\\/\\\/www.facebook.com\\\/gaidaphotos\",\"https:\\\/\\\/instagram.com\\\/gaidaphotos\\\/\",\"https:\\\/\\\/www.linkedin.com\\\/in\\\/gaidaphotos\",\"http:\\\/\\\/www.pinterest.com\\\/gaidaphotos\\\/\",\"https:\\\/\\\/x.com\\\/gaidaphotos\",\"https:\\\/\\\/myspace.com\\\/gaidaphotos\",\"https:\\\/\\\/www.youtube.com\\\/user\\\/gaidaphotos\",\"https:\\\/\\\/gaidaphotos.tumblr.com\\\/\"]}]}<\/script>\n<!-- \/ Yoast SEO plugin. -->","yoast_head_json":{"title":"K\u00f6ln-Rodenkirchen: Verkaufsoffener Sonntag am 02.05.2010","description":"Fr\u00fchschoppen und verkaufsoffener Sonntag am 02.05.2010 in K\u00f6ln Rodenkirchen. Program & Tips","robots":{"index":"index","follow":"follow","max-snippet":"max-snippet:-1","max-image-preview":"max-image-preview:large","max-video-preview":"max-video-preview:-1"},"canonical":"https:\/\/www.gaidaphotos.com\/blog\/2010\/04\/22\/verkaufsoffener-sonntag-02-05-2010\/","og_locale":"de_DE","og_type":"article","og_title":"K\u00f6ln-Rodenkirchen: Verkaufsoffener Sonntag am 02.05.2010","og_description":"Fr\u00fchschoppen und verkaufsoffener Sonntag am 02.05.2010 in K\u00f6ln Rodenkirchen. Program & Tips","og_url":"https:\/\/www.gaidaphotos.com\/blog\/2010\/04\/22\/verkaufsoffener-sonntag-02-05-2010\/","og_site_name":"K\u00f6ln Rodenkirchen und die Welt","article_publisher":"https:\/\/www.facebook.com\/Koeln.Rodenkirchen","article_author":"https:\/\/www.facebook.com\/gaidaphotos","article_published_time":"2010-04-22T13:06:51+00:00","og_image":[{"url":"https:\/\/www.gaidaphotos.com\/blog\/wp-content\/uploads\/2010\/04\/verkaufsoffener-sonntag-rodenkirchen-300x200.jpg","type":"","width":"","height":""}],"author":"Thomas","twitter_card":"summary_large_image","twitter_creator":"@gaidaphotos","twitter_site":"@gaidaphotos","twitter_misc":{"Verfasst von":"Thomas","Gesch\u00e4tzte Lesezeit":"1\u00a0Minute"},"schema":{"@context":"https:\/\/schema.org","@graph":[{"@type":"Article","@id":"https:\/\/www.gaidaphotos.com\/blog\/2010\/04\/22\/verkaufsoffener-sonntag-02-05-2010\/#article","isPartOf":{"@id":"https:\/\/www.gaidaphotos.com\/blog\/2010\/04\/22\/verkaufsoffener-sonntag-02-05-2010\/"},"author":{"name":"Thomas","@id":"https:\/\/www.gaidaphotos.com\/blog\/#\/schema\/person\/6c444a5b13ffc503c5c32f5a9ec68b21"},"headline":"K\u00f6ln-Rodenkirchen: Verkaufsoffener Sonntag am 02.05.2010","datePublished":"2010-04-22T13:06:51+00:00","mainEntityOfPage":{"@id":"https:\/\/www.gaidaphotos.com\/blog\/2010\/04\/22\/verkaufsoffener-sonntag-02-05-2010\/"},"wordCount":214,"commentCount":0,"publisher":{"@id":"https:\/\/www.gaidaphotos.com\/blog\/#organization"},"image":{"@id":"https:\/\/www.gaidaphotos.com\/blog\/2010\/04\/22\/verkaufsoffener-sonntag-02-05-2010\/#primaryimage"},"thumbnailUrl":"https:\/\/www.gaidaphotos.com\/blog\/wp-content\/uploads\/2010\/04\/verkaufsoffener-sonntag-rodenkirchen-300x200.jpg","keywords":["Einkaufen\/ Shopping","Freizeit-Ideen","K\u00f6ln Rodenkirchen","Nachrichten"],"articleSection":["K\u00f6ln Rodenkirchen Einkaufen","K\u00f6ln Rodenkirchen Freizeit","Neuigkeiten"],"inLanguage":"de","potentialAction":[{"@type":"CommentAction","name":"Comment","target":["https:\/\/www.gaidaphotos.com\/blog\/2010\/04\/22\/verkaufsoffener-sonntag-02-05-2010\/#respond"]}]},{"@type":"WebPage","@id":"https:\/\/www.gaidaphotos.com\/blog\/2010\/04\/22\/verkaufsoffener-sonntag-02-05-2010\/","url":"https:\/\/www.gaidaphotos.com\/blog\/2010\/04\/22\/verkaufsoffener-sonntag-02-05-2010\/","name":"K\u00f6ln-Rodenkirchen: Verkaufsoffener Sonntag am 02.05.2010","isPartOf":{"@id":"https:\/\/www.gaidaphotos.com\/blog\/#website"},"primaryImageOfPage":{"@id":"https:\/\/www.gaidaphotos.com\/blog\/2010\/04\/22\/verkaufsoffener-sonntag-02-05-2010\/#primaryimage"},"image":{"@id":"https:\/\/www.gaidaphotos.com\/blog\/2010\/04\/22\/verkaufsoffener-sonntag-02-05-2010\/#primaryimage"},"thumbnailUrl":"https:\/\/www.gaidaphotos.com\/blog\/wp-content\/uploads\/2010\/04\/verkaufsoffener-sonntag-rodenkirchen-300x200.jpg","datePublished":"2010-04-22T13:06:51+00:00","description":"Fr\u00fchschoppen und verkaufsoffener Sonntag am 02.05.2010 in K\u00f6ln Rodenkirchen. Program & Tips","breadcrumb":{"@id":"https:\/\/www.gaidaphotos.com\/blog\/2010\/04\/22\/verkaufsoffener-sonntag-02-05-2010\/#breadcrumb"},"inLanguage":"de","potentialAction":[{"@type":"ReadAction","target":["https:\/\/www.gaidaphotos.com\/blog\/2010\/04\/22\/verkaufsoffener-sonntag-02-05-2010\/"]}]},{"@type":"ImageObject","inLanguage":"de","@id":"https:\/\/www.gaidaphotos.com\/blog\/2010\/04\/22\/verkaufsoffener-sonntag-02-05-2010\/#primaryimage","url":"https:\/\/i0.wp.com\/www.gaidaphotos.com\/blog\/wp-content\/uploads\/2010\/04\/verkaufsoffener-sonntag-rodenkirchen.jpg?fit=480%2C320&ssl=1","contentUrl":"https:\/\/i0.wp.com\/www.gaidaphotos.com\/blog\/wp-content\/uploads\/2010\/04\/verkaufsoffener-sonntag-rodenkirchen.jpg?fit=480%2C320&ssl=1","width":"480","height":"320","caption":"Von Schnee und Eis befreit Verkaufsoffener Sonntag am 02.05.2010 in K\u00f6ln Rodenkirchen"},{"@type":"BreadcrumbList","@id":"https:\/\/www.gaidaphotos.com\/blog\/2010\/04\/22\/verkaufsoffener-sonntag-02-05-2010\/#breadcrumb","itemListElement":[{"@type":"ListItem","position":1,"name":"Startseite","item":"https:\/\/www.gaidaphotos.com\/blog\/"},{"@type":"ListItem","position":2,"name":"K\u00f6ln-Rodenkirchen: Verkaufsoffener Sonntag am 02.05.2010"}]},{"@type":"WebSite","@id":"https:\/\/www.gaidaphotos.com\/blog\/#website","url":"https:\/\/www.gaidaphotos.com\/blog\/","name":"K\u00f6ln Rodenkirchen und die Welt","description":"Einkaufen, Restaurants, Freizeit, Nachrichten und was uns sonst bewegt und begegnet","publisher":{"@id":"https:\/\/www.gaidaphotos.com\/blog\/#organization"},"potentialAction":[{"@type":"SearchAction","target":{"@type":"EntryPoint","urlTemplate":"https:\/\/www.gaidaphotos.com\/blog\/?s={search_term_string}"},"query-input":{"@type":"PropertyValueSpecification","valueRequired":true,"valueName":"search_term_string"}}],"inLanguage":"de"},{"@type":"Organization","@id":"https:\/\/www.gaidaphotos.com\/blog\/#organization","name":"gaidaphotos","url":"https:\/\/www.gaidaphotos.com\/blog\/","logo":{"@type":"ImageObject","inLanguage":"de","@id":"https:\/\/www.gaidaphotos.com\/blog\/#\/schema\/logo\/image\/","url":"https:\/\/i0.wp.com\/www.gaidaphotos.com\/blog\/wp-content\/uploads\/2020\/07\/GAIDAPHOTOS-COM.jpg?fit=160%2C96&ssl=1","contentUrl":"https:\/\/i0.wp.com\/www.gaidaphotos.com\/blog\/wp-content\/uploads\/2020\/07\/GAIDAPHOTOS-COM.jpg?fit=160%2C96&ssl=1","width":160,"height":96,"caption":"gaidaphotos"},"image":{"@id":"https:\/\/www.gaidaphotos.com\/blog\/#\/schema\/logo\/image\/"},"sameAs":["https:\/\/www.facebook.com\/Koeln.Rodenkirchen","https:\/\/x.com\/gaidaphotos","https:\/\/instagram.com\/gaidaphotos\/","https:\/\/de.linkedin.com\/in\/gaidaphotos","https:\/\/myspace.com\/gaidaphotos","https:\/\/www.pinterest.com\/gaidaphotos\/","https:\/\/www.youtube.com\/user\/gaidaphotos"]},{"@type":"Person","@id":"https:\/\/www.gaidaphotos.com\/blog\/#\/schema\/person\/6c444a5b13ffc503c5c32f5a9ec68b21","name":"Thomas","sameAs":["https:\/\/www.gaidaphotos.com","https:\/\/www.facebook.com\/gaidaphotos","https:\/\/instagram.com\/gaidaphotos\/","https:\/\/www.linkedin.com\/in\/gaidaphotos","http:\/\/www.pinterest.com\/gaidaphotos\/","https:\/\/x.com\/gaidaphotos","https:\/\/myspace.com\/gaidaphotos","https:\/\/www.youtube.com\/user\/gaidaphotos","https:\/\/gaidaphotos.tumblr.com\/"]}]}},"jetpack_publicize_connections":[],"jetpack_featured_media_url":"","jetpack_sharing_enabled":true,"jetpack_likes_enabled":true,"jetpack-related-posts":[{"id":2304,"url":"https:\/\/www.gaidaphotos.com\/blog\/2009\/12\/06\/koeln-rodenkirchen-verkaufsoffener-sonntag-nikolaus-grosses-programm\/","url_meta":{"origin":2819,"position":0},"title":"K\u00f6ln-Rodenkirchen: verkaufsoffener Sonntag &#8211; Nikolaus &#038; grosses B\u00fchnenprogramm","author":"Thomas","date":"6. Dezember 2009","format":false,"excerpt":"K\u00f6ln-Rodenkirchen: verkaufsoffener Sonntag - Nikolaus & grosses B\u00fchnenprogramm Auch in diesem Advent kommt der Nikolaus nach K\u00f6ln Rodenkirchen auf den Maternusplatz. Die Rodenkirchener feiern auch in diesem Jahr Nikolaus und Advent mit einem grossen B\u00fchnenprogramm auf dem Maternusplatz. Die Gesch\u00e4fte in K\u00f6ln Rodenkirchen haben daf\u00fcr von 12:00 bis 19:00h am\u2026","rel":"","context":"In &quot;K\u00f6ln Rodenkirchen&quot;","block_context":{"text":"K\u00f6ln Rodenkirchen","link":"https:\/\/www.gaidaphotos.com\/blog\/category\/koeln-rodenkirchen\/"},"img":{"alt_text":"","src":"https:\/\/i0.wp.com\/www.gaidaphotos.com\/blog\/wp-content\/uploads\/2009\/12\/koeln-rodenkirchen-verkaufsoffener-sonntag-03.jpg?resize=350%2C200&ssl=1","width":350,"height":200},"classes":[]},{"id":742,"url":"https:\/\/www.gaidaphotos.com\/blog\/2009\/06\/18\/koeln-rodenkirchen-verkaufsoffener-sonntag-sommertag\/","url_meta":{"origin":2819,"position":1},"title":"K\u00f6ln Rodenkirchen Einkaufen: verkaufsoffener Sonntag w\u00e4hrend der Rodenkirchener Sommertage","author":"Thomas","date":"18. Juni 2009","format":false,"excerpt":"K\u00f6ln Rodenkirchen Einkaufen: verkaufsoffener Sonntag w\u00e4hrend der Rodenkirchener Sommertage Nicht vergessen! Am kommenden Wochenende ist in K\u00f6ln Rodenkirchen auf dem Maternusplatz Strassenfest. Das Motto der Rodenkirchener Sommertage lautet \"Rodenkirchen im Hollywoodfieber\". Dazu gibt es Schn\u00e4ppchen beim Einkaufen, Musik und Tanz. Der Sonntag ist verkaufsoffen und man kann feiern und shoppen.\u2026","rel":"","context":"In &quot;K\u00f6ln&quot;","block_context":{"text":"K\u00f6ln","link":"https:\/\/www.gaidaphotos.com\/blog\/category\/koeln\/"},"img":{"alt_text":"Maternusplatz - Schauplatz der Rodenkirchener Sommertage","src":"https:\/\/i0.wp.com\/www.gaidaphotos.com\/blog\/wp-content\/uploads\/2009\/06\/koeln-rodenkirchener-sommertage-300x225.jpg?resize=350%2C200&ssl=1","width":350,"height":200},"classes":[]},{"id":2833,"url":"https:\/\/www.gaidaphotos.com\/blog\/2010\/04\/30\/koeln-rodenkirchen-der-maibaum-steht\/","url_meta":{"origin":2819,"position":2},"title":"K\u00f6ln-Rodenkirchen: Der Maibaum steht","author":"Thomas","date":"30. April 2010","format":false,"excerpt":"Der Maibaum steht Im Rahmen der Maifeiern der AG Rodenkirchen wurde heute beim Tanz in Den Mai in K\u00f6ln Rodenkirchen der erste Maibaum (?) aufgestellt. Wie schon berichtet wurde der Maibaum von Freiwilligen der \u00f6rtlichen Vereine heute Abend auf dem Maternusplatz aufgestellt. Leider dauerte es ein wenig, bis die letzten\u2026","rel":"","context":"In &quot;K\u00f6ln Rodenkirchen Freizeit&quot;","block_context":{"text":"K\u00f6ln Rodenkirchen Freizeit","link":"https:\/\/www.gaidaphotos.com\/blog\/category\/koeln-rodenkirchen\/koeln-rodenkirchen-freizeit\/"},"img":{"alt_text":"K\u00f6ln Rodenkirchen: Maibaum verkaufsoffener Sonntag","src":"https:\/\/i0.wp.com\/www.gaidaphotos.com\/blog\/wp-content\/uploads\/2010\/04\/koeln-rodenkirchen-maibaum.jpg?resize=350%2C200&ssl=1","width":350,"height":200},"classes":[]},{"id":2913,"url":"https:\/\/www.gaidaphotos.com\/blog\/2010\/06\/14\/verkaufsoffener-sonntag-20-06-2010\/","url_meta":{"origin":2819,"position":3},"title":"verkaufsoffener Sonntag 20.06.2010 in K\u00f6ln","author":"Thomas","date":"14. Juni 2010","format":false,"excerpt":"Verkaufsoffener Sonntag 20.06.2010 und Stra\u00dfenfeste in K\u00f6ln Rodenkirchen, K\u00f6ln Porz und K\u00f6ln Kalk Am Sonntag dem 20.06.2010 wird wieder in vielen K\u00f6lner Veedeln gefeiert und geshoppt. Hier findet Ihr alle Termine, das B\u00fchnenprogramm (soweit vorhanden) und alle Details zum verkaufsoffenen Sonntag in K\u00f6ln-Rodenkirchen, K\u00f6ln-Porz und K\u00f6ln-Kalk Stra\u00dfenfest in K\u00f6ln-Rodenkirchen am\u2026","rel":"","context":"In &quot;K\u00f6ln&quot;","block_context":{"text":"K\u00f6ln","link":"https:\/\/www.gaidaphotos.com\/blog\/category\/koeln\/"},"img":{"alt_text":"verkaufsoffener Sonntag 20.06.2010","src":"https:\/\/i0.wp.com\/www.gaidaphotos.com\/blog\/wp-content\/uploads\/2010\/06\/verkaufsoffener-sonntag-20-06-2010.jpg?resize=350%2C200&ssl=1","width":350,"height":200},"classes":[]},{"id":2838,"url":"https:\/\/www.gaidaphotos.com\/blog\/2010\/05\/01\/koln-rodenkirchen-der-maibaum-wird-aufgestellt\/","url_meta":{"origin":2819,"position":4},"title":"K\u00f6ln-Rodenkirchen: Der Maibaum wird aufgerichtet","author":"Thomas","date":"1. Mai 2010","format":false,"excerpt":"Hier wird der Maibaum in K\u00f6ln Rodenkirchen aufgestellt. Hier seht Ihr das Video vom vergangenen Abend, als gegen kurz vor 22:00h der Maibaum endlich aufgerichtet werden konnte. Jetzt schm\u00fcckt ein sch\u00f6ner, gr\u00fcner und bunter Maibaum den Maternusplatz in Rodenkirchen. Der gestrige Abend verlief friedlich, wenn auch nicht ruhig. Statt in\u2026","rel":"","context":"In &quot;K\u00f6ln Rodenkirchen&quot;","block_context":{"text":"K\u00f6ln Rodenkirchen","link":"https:\/\/www.gaidaphotos.com\/blog\/category\/koeln-rodenkirchen\/"},"img":{"alt_text":"K\u00f6ln Rodenkirchen Maibaum und verkaufsoffener Sonntag","src":"https:\/\/i0.wp.com\/www.gaidaphotos.com\/blog\/wp-content\/uploads\/2010\/05\/rodenkirchen-maifeier.jpg?resize=350%2C200&ssl=1","width":350,"height":200},"classes":[]},{"id":2293,"url":"https:\/\/www.gaidaphotos.com\/blog\/2009\/11\/30\/koeln-rodenkirchen-nikolaus-kommt-am-verkaufsoffenen-sonntag\/","url_meta":{"origin":2819,"position":5},"title":"K\u00f6ln-Rodenkirchen: Nikolaus kommt am verkaufsoffenen Sonntag (6.12.09)","author":"Thomas","date":"30. November 2009","format":false,"excerpt":"Am Sonntag dem 06.12.2009 kommt sogar der Nikolaus zum verkaufsoffenen Sonntag nach K\u00f6ln-Rodenkirchen. Am kommenden Sonntag geben die Rodenkirchener Einzelhandelsgesch\u00e4ft Gelegenheit zum Einkauf von Weihnachtsgeschenken. Von 12.00h bis 18:00h sind die L\u00e4den in K\u00f6ln Rodenkirchen zum gem\u00fctlichen Weihnachtsshopping ge\u00f6ffnet. Und auf den Maternusplatz kommt der Nikolaus zu den Kindern in\u2026","rel":"","context":"In &quot;K\u00f6ln Rodenkirchen Einkaufen&quot;","block_context":{"text":"K\u00f6ln Rodenkirchen Einkaufen","link":"https:\/\/www.gaidaphotos.com\/blog\/category\/koeln-rodenkirchen\/koeln-rodenkirchen-einkaufen\/"},"img":{"alt_text":"K\u00f6ln Rodenkirchen verkaufsoffener Sonntag","src":"https:\/\/i0.wp.com\/www.gaidaphotos.com\/blog\/wp-content\/uploads\/2009\/11\/kostenlose-weihnachtskarte-gaidaphotos-16-224x300.jpg?resize=350%2C200&ssl=1","width":350,"height":200},"classes":[]}],"_links":{"self":[{"href":"https:\/\/www.gaidaphotos.com\/blog\/wp-json\/wp\/v2\/posts\/2819","targetHints":{"allow":["GET"]}}],"collection":[{"href":"https:\/\/www.gaidaphotos.com\/blog\/wp-json\/wp\/v2\/posts"}],"about":[{"href":"https:\/\/www.gaidaphotos.com\/blog\/wp-json\/wp\/v2\/types\/post"}],"author":[{"embeddable":true,"href":"https:\/\/www.gaidaphotos.com\/blog\/wp-json\/wp\/v2\/users\/6"}],"replies":[{"embeddable":true,"href":"https:\/\/www.gaidaphotos.com\/blog\/wp-json\/wp\/v2\/comments?post=2819"}],"version-history":[{"count":0,"href":"https:\/\/www.gaidaphotos.com\/blog\/wp-json\/wp\/v2\/posts\/2819\/revisions"}],"wp:attachment":[{"href":"https:\/\/www.gaidaphotos.com\/blog\/wp-json\/wp\/v2\/media?parent=2819"}],"wp:term":[{"taxonomy":"category","embeddable":true,"href":"https:\/\/www.gaidaphotos.com\/blog\/wp-json\/wp\/v2\/categories?post=2819"},{"taxonomy":"post_tag","embeddable":true,"href":"https:\/\/www.gaidaphotos.com\/blog\/wp-json\/wp\/v2\/tags?post=2819"}],"curies":[{"name":"wp","href":"https:\/\/api.w.org\/{rel}","templated":true}]}}