{"id":2833,"date":"2010-04-30T22:38:58","date_gmt":"2010-04-30T20:38:58","guid":{"rendered":"http:\/\/gaidaphotos.com\/blog\/?p=2833"},"modified":"2010-04-30T22:38:58","modified_gmt":"2010-04-30T20:38:58","slug":"koeln-rodenkirchen-der-maibaum-steht","status":"publish","type":"post","link":"https:\/\/www.gaidaphotos.com\/blog\/2010\/04\/30\/koeln-rodenkirchen-der-maibaum-steht\/","title":{"rendered":"K\u00f6ln-Rodenkirchen: Der Maibaum steht"},"content":{"rendered":"<figure id=\"attachment_2834\" aria-describedby=\"caption-attachment-2834\" style=\"width: 338px\" class=\"wp-caption alignleft\"><a href=\"https:\/\/i0.wp.com\/www.gaidaphotos.com\/blog\/wp-content\/uploads\/2010\/04\/koeln-rodenkirchen-maibaum.jpg?ssl=1\"><img data-recalc-dims=\"1\" loading=\"lazy\" decoding=\"async\" class=\"size-full wp-image-2834\" title=\"K\u00f6ln Rodenkirchen: Maibaum verkaufsoffener Sonntag\" src=\"https:\/\/i0.wp.com\/www.gaidaphotos.com\/blog\/wp-content\/uploads\/2010\/04\/koeln-rodenkirchen-maibaum.jpg?resize=338%2C450&#038;ssl=1\" alt=\"K\u00f6ln Rodenkirchen: Maibaum verkaufsoffener Sonntag\" width=\"338\" height=\"450\" srcset=\"https:\/\/i0.wp.com\/www.gaidaphotos.com\/blog\/wp-content\/uploads\/2010\/04\/koeln-rodenkirchen-maibaum.jpg?w=338&amp;ssl=1 338w, https:\/\/i0.wp.com\/www.gaidaphotos.com\/blog\/wp-content\/uploads\/2010\/04\/koeln-rodenkirchen-maibaum.jpg?resize=225%2C300&amp;ssl=1 225w\" sizes=\"auto, (max-width: 338px) 100vw, 338px\" \/><\/a><figcaption id=\"caption-attachment-2834\" class=\"wp-caption-text\">K\u00f6ln Rodenkirchen: Maibaum<\/figcaption><\/figure>\n<h2>Der Maibaum steht<\/h2>\n<p>Im Rahmen der Maifeiern der AG Rodenkirchen wurde heute beim Tanz in Den Mai in K\u00f6ln Rodenkirchen der erste Maibaum (?) aufgestellt.<\/p>\n<p>Wie schon berichtet wurde der Maibaum von Freiwilligen der \u00f6rtlichen Vereine heute Abend auf dem Maternusplatz aufgestellt.<br \/>\nLeider dauerte es ein wenig, bis die letzten technischen Probleme mit dem Fu\u00df des Maibaums beseitigt waren. Das erkl\u00e4rt auch die dunklen, leicht rauschigen Fotos. (ISO 800) Ein Video folgt morgen.<\/p>\n<p>Gleichzeitig wurde zum Tanz in den Mai geladen.<\/p>\n<p>Die Idee den maternusplatz mit Musik in vier unterschiedlichen Richtungen gleichzeitig zu besachallen hat seine &#8222;Herausforderungen&#8220;. Insgesamt klingt es wie L\u00e4rm oder Kirmes ohne Ansager und Fahrgesch\u00e4ft.<\/p>\n<p>Der Maternusplatz bietet an sich nicht die allerbeste Akustik, mit deutlichem Echo aus allen Richtungen. Multipliziert man die unterschiedlichen Ger\u00e4uschquellen, steigert sich das ganze in unerme\u00dfliche (unertr\u00e4gliche?).<\/p>\n<p>Schade f\u00fcr die Live Auftritte bei denen die K\u00fcnstler sicher ihr Bestes gaben &#8211; Beurteilen kann man das nicht wirklich.<\/p>\n<p>Am morgigen Samstag 01.05.2010, Maifeiertag und Tag der Arbeit, wird wieder auf dem Maternusplatz aufgespielt. Ebenso am Sonntag zum Fr\u00fchschoppen und anschlie\u00dfend zum Mittags-Shoppen am <a title=\"verkaufsoffener Sonntag 02.05.2010 K\u00f6ln Rodenkirchen\" href=\"https:\/\/www.gaidaphotos.com\/blog\/2010\/04\/22\/verkaufsoffener-sonntag-02-05-2010\/\">verkaufsoffenen Sonntag (02.05.2010) in K\u00f6ln-Rodenkirchen<\/a>.<\/p>\n<figure id=\"attachment_2835\" aria-describedby=\"caption-attachment-2835\" style=\"width: 338px\" class=\"wp-caption aligncenter\"><a href=\"https:\/\/i0.wp.com\/www.gaidaphotos.com\/blog\/wp-content\/uploads\/2010\/04\/rodenkirchen-maibaum.jpg?ssl=1\"><img data-recalc-dims=\"1\" loading=\"lazy\" decoding=\"async\" class=\"size-full wp-image-2835 \" title=\"rodenkirchen-maibaum\" src=\"https:\/\/i0.wp.com\/www.gaidaphotos.com\/blog\/wp-content\/uploads\/2010\/04\/rodenkirchen-maibaum.jpg?resize=338%2C450&#038;ssl=1\" alt=\"K\u00f6ln Rodenkirchen: Maibaum verkaufsoffener Sonntag\" width=\"338\" height=\"450\" srcset=\"https:\/\/i0.wp.com\/www.gaidaphotos.com\/blog\/wp-content\/uploads\/2010\/04\/rodenkirchen-maibaum.jpg?w=338&amp;ssl=1 338w, https:\/\/i0.wp.com\/www.gaidaphotos.com\/blog\/wp-content\/uploads\/2010\/04\/rodenkirchen-maibaum.jpg?resize=225%2C300&amp;ssl=1 225w\" sizes=\"auto, (max-width: 338px) 100vw, 338px\" \/><\/a><figcaption id=\"caption-attachment-2835\" class=\"wp-caption-text\">K\u00f6ln Rodenkirchen: Maibaum<\/figcaption><\/figure>\n","protected":false},"excerpt":{"rendered":"<p>Der Maibaum steht Im Rahmen der Maifeiern der AG Rodenkirchen wurde heute beim Tanz in Den Mai in K\u00f6ln Rodenkirchen<\/p>\n","protected":false},"author":6,"featured_media":0,"comment_status":"open","ping_status":"open","sticky":false,"template":"","format":"standard","meta":{"_crdt_document":"","ngg_post_thumbnail":0,"jetpack_post_was_ever_published":false,"_jetpack_newsletter_access":"","_jetpack_dont_email_post_to_subs":false,"_jetpack_newsletter_tier_id":0,"_jetpack_memberships_contains_paywalled_content":false,"_jetpack_memberships_contains_paid_content":false,"footnotes":"","jetpack_publicize_message":"","jetpack_publicize_feature_enabled":true,"jetpack_social_post_already_shared":false,"jetpack_social_options":{"image_generator_settings":{"template":"highway","default_image_id":0,"font":"","enabled":false},"version":2}},"categories":[101,135,39],"tags":[102,538,113],"class_list":["post-2833","post","type-post","status-publish","format-standard","hentry","category-koeln-rodenkirchen-freizeit","category-koeln_rodenkirchen-fotos","category-neuigkeiten","tag-freizeit","tag-koeln-rodenkirchen","tag-nachrichten"],"yoast_head":"<!-- This site is optimized with the Yoast SEO plugin v27.5 - https:\/\/yoast.com\/product\/yoast-seo-wordpress\/ -->\n<title>K\u00f6ln-Rodenkirchen: Der Maibaum steht<\/title>\n<meta name=\"description\" content=\"Heute Abend wurde in K\u00f6ln Rodenkirchen der Maibaum aufgestellt - Fotos und erste Eindr\u00fccke von den Maifeierlichkeiten in Rodenkirchen.\" \/>\n<meta name=\"robots\" content=\"index, follow, max-snippet:-1, max-image-preview:large, max-video-preview:-1\" \/>\n<link rel=\"canonical\" href=\"https:\/\/www.gaidaphotos.com\/blog\/2010\/04\/30\/koeln-rodenkirchen-der-maibaum-steht\/\" \/>\n<meta property=\"og:locale\" content=\"de_DE\" \/>\n<meta property=\"og:type\" content=\"article\" \/>\n<meta property=\"og:title\" content=\"K\u00f6ln-Rodenkirchen: Der Maibaum steht\" \/>\n<meta property=\"og:description\" content=\"Heute Abend wurde in K\u00f6ln Rodenkirchen der Maibaum aufgestellt - Fotos und erste Eindr\u00fccke von den Maifeierlichkeiten in Rodenkirchen.\" \/>\n<meta property=\"og:url\" content=\"https:\/\/www.gaidaphotos.com\/blog\/2010\/04\/30\/koeln-rodenkirchen-der-maibaum-steht\/\" \/>\n<meta property=\"og:site_name\" content=\"K\u00f6ln Rodenkirchen und die Welt\" \/>\n<meta property=\"article:publisher\" content=\"https:\/\/www.facebook.com\/Koeln.Rodenkirchen\" \/>\n<meta property=\"article:author\" content=\"https:\/\/www.facebook.com\/gaidaphotos\" \/>\n<meta property=\"article:published_time\" content=\"2010-04-30T20:38:58+00:00\" \/>\n<meta property=\"og:image\" content=\"https:\/\/www.gaidaphotos.com\/blog\/wp-content\/uploads\/2010\/04\/koeln-rodenkirchen-maibaum.jpg\" \/>\n<meta name=\"author\" content=\"Thomas\" \/>\n<meta name=\"twitter:card\" content=\"summary_large_image\" \/>\n<meta name=\"twitter:creator\" content=\"@gaidaphotos\" \/>\n<meta name=\"twitter:site\" content=\"@gaidaphotos\" \/>\n<meta name=\"twitter:label1\" content=\"Verfasst von\" \/>\n\t<meta name=\"twitter:data1\" content=\"Thomas\" \/>\n\t<meta name=\"twitter:label2\" content=\"Gesch\u00e4tzte Lesezeit\" \/>\n\t<meta name=\"twitter:data2\" content=\"1\u00a0Minute\" \/>\n<script type=\"application\/ld+json\" class=\"yoast-schema-graph\">{\"@context\":\"https:\\\/\\\/schema.org\",\"@graph\":[{\"@type\":\"Article\",\"@id\":\"https:\\\/\\\/www.gaidaphotos.com\\\/blog\\\/2010\\\/04\\\/30\\\/koeln-rodenkirchen-der-maibaum-steht\\\/#article\",\"isPartOf\":{\"@id\":\"https:\\\/\\\/www.gaidaphotos.com\\\/blog\\\/2010\\\/04\\\/30\\\/koeln-rodenkirchen-der-maibaum-steht\\\/\"},\"author\":{\"name\":\"Thomas\",\"@id\":\"https:\\\/\\\/www.gaidaphotos.com\\\/blog\\\/#\\\/schema\\\/person\\\/6c444a5b13ffc503c5c32f5a9ec68b21\"},\"headline\":\"K\u00f6ln-Rodenkirchen: Der Maibaum steht\",\"datePublished\":\"2010-04-30T20:38:58+00:00\",\"mainEntityOfPage\":{\"@id\":\"https:\\\/\\\/www.gaidaphotos.com\\\/blog\\\/2010\\\/04\\\/30\\\/koeln-rodenkirchen-der-maibaum-steht\\\/\"},\"wordCount\":222,\"commentCount\":0,\"publisher\":{\"@id\":\"https:\\\/\\\/www.gaidaphotos.com\\\/blog\\\/#organization\"},\"image\":{\"@id\":\"https:\\\/\\\/www.gaidaphotos.com\\\/blog\\\/2010\\\/04\\\/30\\\/koeln-rodenkirchen-der-maibaum-steht\\\/#primaryimage\"},\"thumbnailUrl\":\"https:\\\/\\\/www.gaidaphotos.com\\\/blog\\\/wp-content\\\/uploads\\\/2010\\\/04\\\/koeln-rodenkirchen-maibaum.jpg\",\"keywords\":[\"Freizeit-Ideen\",\"K\u00f6ln Rodenkirchen\",\"Nachrichten\"],\"articleSection\":[\"K\u00f6ln Rodenkirchen Freizeit\",\"K\u00f6ln-Rodenkirchen Fotos\",\"Neuigkeiten\"],\"inLanguage\":\"de\",\"potentialAction\":[{\"@type\":\"CommentAction\",\"name\":\"Comment\",\"target\":[\"https:\\\/\\\/www.gaidaphotos.com\\\/blog\\\/2010\\\/04\\\/30\\\/koeln-rodenkirchen-der-maibaum-steht\\\/#respond\"]}]},{\"@type\":\"WebPage\",\"@id\":\"https:\\\/\\\/www.gaidaphotos.com\\\/blog\\\/2010\\\/04\\\/30\\\/koeln-rodenkirchen-der-maibaum-steht\\\/\",\"url\":\"https:\\\/\\\/www.gaidaphotos.com\\\/blog\\\/2010\\\/04\\\/30\\\/koeln-rodenkirchen-der-maibaum-steht\\\/\",\"name\":\"K\u00f6ln-Rodenkirchen: Der Maibaum steht\",\"isPartOf\":{\"@id\":\"https:\\\/\\\/www.gaidaphotos.com\\\/blog\\\/#website\"},\"primaryImageOfPage\":{\"@id\":\"https:\\\/\\\/www.gaidaphotos.com\\\/blog\\\/2010\\\/04\\\/30\\\/koeln-rodenkirchen-der-maibaum-steht\\\/#primaryimage\"},\"image\":{\"@id\":\"https:\\\/\\\/www.gaidaphotos.com\\\/blog\\\/2010\\\/04\\\/30\\\/koeln-rodenkirchen-der-maibaum-steht\\\/#primaryimage\"},\"thumbnailUrl\":\"https:\\\/\\\/www.gaidaphotos.com\\\/blog\\\/wp-content\\\/uploads\\\/2010\\\/04\\\/koeln-rodenkirchen-maibaum.jpg\",\"datePublished\":\"2010-04-30T20:38:58+00:00\",\"description\":\"Heute Abend wurde in K\u00f6ln Rodenkirchen der Maibaum aufgestellt - Fotos und erste Eindr\u00fccke von den Maifeierlichkeiten in Rodenkirchen.\",\"breadcrumb\":{\"@id\":\"https:\\\/\\\/www.gaidaphotos.com\\\/blog\\\/2010\\\/04\\\/30\\\/koeln-rodenkirchen-der-maibaum-steht\\\/#breadcrumb\"},\"inLanguage\":\"de\",\"potentialAction\":[{\"@type\":\"ReadAction\",\"target\":[\"https:\\\/\\\/www.gaidaphotos.com\\\/blog\\\/2010\\\/04\\\/30\\\/koeln-rodenkirchen-der-maibaum-steht\\\/\"]}]},{\"@type\":\"ImageObject\",\"inLanguage\":\"de\",\"@id\":\"https:\\\/\\\/www.gaidaphotos.com\\\/blog\\\/2010\\\/04\\\/30\\\/koeln-rodenkirchen-der-maibaum-steht\\\/#primaryimage\",\"url\":\"https:\\\/\\\/i0.wp.com\\\/www.gaidaphotos.com\\\/blog\\\/wp-content\\\/uploads\\\/2010\\\/04\\\/koeln-rodenkirchen-maibaum.jpg?fit=338%2C450&ssl=1\",\"contentUrl\":\"https:\\\/\\\/i0.wp.com\\\/www.gaidaphotos.com\\\/blog\\\/wp-content\\\/uploads\\\/2010\\\/04\\\/koeln-rodenkirchen-maibaum.jpg?fit=338%2C450&ssl=1\",\"width\":\"338\",\"height\":\"450\",\"caption\":\"K\u00f6ln Rodenkirchen: Maibaum\"},{\"@type\":\"BreadcrumbList\",\"@id\":\"https:\\\/\\\/www.gaidaphotos.com\\\/blog\\\/2010\\\/04\\\/30\\\/koeln-rodenkirchen-der-maibaum-steht\\\/#breadcrumb\",\"itemListElement\":[{\"@type\":\"ListItem\",\"position\":1,\"name\":\"Startseite\",\"item\":\"https:\\\/\\\/www.gaidaphotos.com\\\/blog\\\/\"},{\"@type\":\"ListItem\",\"position\":2,\"name\":\"K\u00f6ln-Rodenkirchen: Der Maibaum steht\"}]},{\"@type\":\"WebSite\",\"@id\":\"https:\\\/\\\/www.gaidaphotos.com\\\/blog\\\/#website\",\"url\":\"https:\\\/\\\/www.gaidaphotos.com\\\/blog\\\/\",\"name\":\"K\u00f6ln Rodenkirchen und die Welt\",\"description\":\"Einkaufen, Restaurants, Freizeit, Nachrichten und was uns sonst bewegt und begegnet\",\"publisher\":{\"@id\":\"https:\\\/\\\/www.gaidaphotos.com\\\/blog\\\/#organization\"},\"potentialAction\":[{\"@type\":\"SearchAction\",\"target\":{\"@type\":\"EntryPoint\",\"urlTemplate\":\"https:\\\/\\\/www.gaidaphotos.com\\\/blog\\\/?s={search_term_string}\"},\"query-input\":{\"@type\":\"PropertyValueSpecification\",\"valueRequired\":true,\"valueName\":\"search_term_string\"}}],\"inLanguage\":\"de\"},{\"@type\":\"Organization\",\"@id\":\"https:\\\/\\\/www.gaidaphotos.com\\\/blog\\\/#organization\",\"name\":\"gaidaphotos\",\"url\":\"https:\\\/\\\/www.gaidaphotos.com\\\/blog\\\/\",\"logo\":{\"@type\":\"ImageObject\",\"inLanguage\":\"de\",\"@id\":\"https:\\\/\\\/www.gaidaphotos.com\\\/blog\\\/#\\\/schema\\\/logo\\\/image\\\/\",\"url\":\"https:\\\/\\\/i0.wp.com\\\/www.gaidaphotos.com\\\/blog\\\/wp-content\\\/uploads\\\/2020\\\/07\\\/GAIDAPHOTOS-COM.jpg?fit=160%2C96&ssl=1\",\"contentUrl\":\"https:\\\/\\\/i0.wp.com\\\/www.gaidaphotos.com\\\/blog\\\/wp-content\\\/uploads\\\/2020\\\/07\\\/GAIDAPHOTOS-COM.jpg?fit=160%2C96&ssl=1\",\"width\":160,\"height\":96,\"caption\":\"gaidaphotos\"},\"image\":{\"@id\":\"https:\\\/\\\/www.gaidaphotos.com\\\/blog\\\/#\\\/schema\\\/logo\\\/image\\\/\"},\"sameAs\":[\"https:\\\/\\\/www.facebook.com\\\/Koeln.Rodenkirchen\",\"https:\\\/\\\/x.com\\\/gaidaphotos\",\"https:\\\/\\\/instagram.com\\\/gaidaphotos\\\/\",\"https:\\\/\\\/de.linkedin.com\\\/in\\\/gaidaphotos\",\"https:\\\/\\\/myspace.com\\\/gaidaphotos\",\"https:\\\/\\\/www.pinterest.com\\\/gaidaphotos\\\/\",\"https:\\\/\\\/www.youtube.com\\\/user\\\/gaidaphotos\"]},{\"@type\":\"Person\",\"@id\":\"https:\\\/\\\/www.gaidaphotos.com\\\/blog\\\/#\\\/schema\\\/person\\\/6c444a5b13ffc503c5c32f5a9ec68b21\",\"name\":\"Thomas\",\"sameAs\":[\"https:\\\/\\\/www.gaidaphotos.com\",\"https:\\\/\\\/www.facebook.com\\\/gaidaphotos\",\"https:\\\/\\\/instagram.com\\\/gaidaphotos\\\/\",\"https:\\\/\\\/www.linkedin.com\\\/in\\\/gaidaphotos\",\"http:\\\/\\\/www.pinterest.com\\\/gaidaphotos\\\/\",\"https:\\\/\\\/x.com\\\/gaidaphotos\",\"https:\\\/\\\/myspace.com\\\/gaidaphotos\",\"https:\\\/\\\/www.youtube.com\\\/user\\\/gaidaphotos\",\"https:\\\/\\\/gaidaphotos.tumblr.com\\\/\"]}]}<\/script>\n<!-- \/ Yoast SEO plugin. -->","yoast_head_json":{"title":"K\u00f6ln-Rodenkirchen: Der Maibaum steht","description":"Heute Abend wurde in K\u00f6ln Rodenkirchen der Maibaum aufgestellt - Fotos und erste Eindr\u00fccke von den Maifeierlichkeiten in Rodenkirchen.","robots":{"index":"index","follow":"follow","max-snippet":"max-snippet:-1","max-image-preview":"max-image-preview:large","max-video-preview":"max-video-preview:-1"},"canonical":"https:\/\/www.gaidaphotos.com\/blog\/2010\/04\/30\/koeln-rodenkirchen-der-maibaum-steht\/","og_locale":"de_DE","og_type":"article","og_title":"K\u00f6ln-Rodenkirchen: Der Maibaum steht","og_description":"Heute Abend wurde in K\u00f6ln Rodenkirchen der Maibaum aufgestellt - Fotos und erste Eindr\u00fccke von den Maifeierlichkeiten in Rodenkirchen.","og_url":"https:\/\/www.gaidaphotos.com\/blog\/2010\/04\/30\/koeln-rodenkirchen-der-maibaum-steht\/","og_site_name":"K\u00f6ln Rodenkirchen und die Welt","article_publisher":"https:\/\/www.facebook.com\/Koeln.Rodenkirchen","article_author":"https:\/\/www.facebook.com\/gaidaphotos","article_published_time":"2010-04-30T20:38:58+00:00","og_image":[{"url":"https:\/\/www.gaidaphotos.com\/blog\/wp-content\/uploads\/2010\/04\/koeln-rodenkirchen-maibaum.jpg","type":"","width":"","height":""}],"author":"Thomas","twitter_card":"summary_large_image","twitter_creator":"@gaidaphotos","twitter_site":"@gaidaphotos","twitter_misc":{"Verfasst von":"Thomas","Gesch\u00e4tzte Lesezeit":"1\u00a0Minute"},"schema":{"@context":"https:\/\/schema.org","@graph":[{"@type":"Article","@id":"https:\/\/www.gaidaphotos.com\/blog\/2010\/04\/30\/koeln-rodenkirchen-der-maibaum-steht\/#article","isPartOf":{"@id":"https:\/\/www.gaidaphotos.com\/blog\/2010\/04\/30\/koeln-rodenkirchen-der-maibaum-steht\/"},"author":{"name":"Thomas","@id":"https:\/\/www.gaidaphotos.com\/blog\/#\/schema\/person\/6c444a5b13ffc503c5c32f5a9ec68b21"},"headline":"K\u00f6ln-Rodenkirchen: Der Maibaum steht","datePublished":"2010-04-30T20:38:58+00:00","mainEntityOfPage":{"@id":"https:\/\/www.gaidaphotos.com\/blog\/2010\/04\/30\/koeln-rodenkirchen-der-maibaum-steht\/"},"wordCount":222,"commentCount":0,"publisher":{"@id":"https:\/\/www.gaidaphotos.com\/blog\/#organization"},"image":{"@id":"https:\/\/www.gaidaphotos.com\/blog\/2010\/04\/30\/koeln-rodenkirchen-der-maibaum-steht\/#primaryimage"},"thumbnailUrl":"https:\/\/www.gaidaphotos.com\/blog\/wp-content\/uploads\/2010\/04\/koeln-rodenkirchen-maibaum.jpg","keywords":["Freizeit-Ideen","K\u00f6ln Rodenkirchen","Nachrichten"],"articleSection":["K\u00f6ln Rodenkirchen Freizeit","K\u00f6ln-Rodenkirchen Fotos","Neuigkeiten"],"inLanguage":"de","potentialAction":[{"@type":"CommentAction","name":"Comment","target":["https:\/\/www.gaidaphotos.com\/blog\/2010\/04\/30\/koeln-rodenkirchen-der-maibaum-steht\/#respond"]}]},{"@type":"WebPage","@id":"https:\/\/www.gaidaphotos.com\/blog\/2010\/04\/30\/koeln-rodenkirchen-der-maibaum-steht\/","url":"https:\/\/www.gaidaphotos.com\/blog\/2010\/04\/30\/koeln-rodenkirchen-der-maibaum-steht\/","name":"K\u00f6ln-Rodenkirchen: Der Maibaum steht","isPartOf":{"@id":"https:\/\/www.gaidaphotos.com\/blog\/#website"},"primaryImageOfPage":{"@id":"https:\/\/www.gaidaphotos.com\/blog\/2010\/04\/30\/koeln-rodenkirchen-der-maibaum-steht\/#primaryimage"},"image":{"@id":"https:\/\/www.gaidaphotos.com\/blog\/2010\/04\/30\/koeln-rodenkirchen-der-maibaum-steht\/#primaryimage"},"thumbnailUrl":"https:\/\/www.gaidaphotos.com\/blog\/wp-content\/uploads\/2010\/04\/koeln-rodenkirchen-maibaum.jpg","datePublished":"2010-04-30T20:38:58+00:00","description":"Heute Abend wurde in K\u00f6ln Rodenkirchen der Maibaum aufgestellt - Fotos und erste Eindr\u00fccke von den Maifeierlichkeiten in Rodenkirchen.","breadcrumb":{"@id":"https:\/\/www.gaidaphotos.com\/blog\/2010\/04\/30\/koeln-rodenkirchen-der-maibaum-steht\/#breadcrumb"},"inLanguage":"de","potentialAction":[{"@type":"ReadAction","target":["https:\/\/www.gaidaphotos.com\/blog\/2010\/04\/30\/koeln-rodenkirchen-der-maibaum-steht\/"]}]},{"@type":"ImageObject","inLanguage":"de","@id":"https:\/\/www.gaidaphotos.com\/blog\/2010\/04\/30\/koeln-rodenkirchen-der-maibaum-steht\/#primaryimage","url":"https:\/\/i0.wp.com\/www.gaidaphotos.com\/blog\/wp-content\/uploads\/2010\/04\/koeln-rodenkirchen-maibaum.jpg?fit=338%2C450&ssl=1","contentUrl":"https:\/\/i0.wp.com\/www.gaidaphotos.com\/blog\/wp-content\/uploads\/2010\/04\/koeln-rodenkirchen-maibaum.jpg?fit=338%2C450&ssl=1","width":"338","height":"450","caption":"K\u00f6ln Rodenkirchen: Maibaum"},{"@type":"BreadcrumbList","@id":"https:\/\/www.gaidaphotos.com\/blog\/2010\/04\/30\/koeln-rodenkirchen-der-maibaum-steht\/#breadcrumb","itemListElement":[{"@type":"ListItem","position":1,"name":"Startseite","item":"https:\/\/www.gaidaphotos.com\/blog\/"},{"@type":"ListItem","position":2,"name":"K\u00f6ln-Rodenkirchen: Der Maibaum steht"}]},{"@type":"WebSite","@id":"https:\/\/www.gaidaphotos.com\/blog\/#website","url":"https:\/\/www.gaidaphotos.com\/blog\/","name":"K\u00f6ln Rodenkirchen und die Welt","description":"Einkaufen, Restaurants, Freizeit, Nachrichten und was uns sonst bewegt und begegnet","publisher":{"@id":"https:\/\/www.gaidaphotos.com\/blog\/#organization"},"potentialAction":[{"@type":"SearchAction","target":{"@type":"EntryPoint","urlTemplate":"https:\/\/www.gaidaphotos.com\/blog\/?s={search_term_string}"},"query-input":{"@type":"PropertyValueSpecification","valueRequired":true,"valueName":"search_term_string"}}],"inLanguage":"de"},{"@type":"Organization","@id":"https:\/\/www.gaidaphotos.com\/blog\/#organization","name":"gaidaphotos","url":"https:\/\/www.gaidaphotos.com\/blog\/","logo":{"@type":"ImageObject","inLanguage":"de","@id":"https:\/\/www.gaidaphotos.com\/blog\/#\/schema\/logo\/image\/","url":"https:\/\/i0.wp.com\/www.gaidaphotos.com\/blog\/wp-content\/uploads\/2020\/07\/GAIDAPHOTOS-COM.jpg?fit=160%2C96&ssl=1","contentUrl":"https:\/\/i0.wp.com\/www.gaidaphotos.com\/blog\/wp-content\/uploads\/2020\/07\/GAIDAPHOTOS-COM.jpg?fit=160%2C96&ssl=1","width":160,"height":96,"caption":"gaidaphotos"},"image":{"@id":"https:\/\/www.gaidaphotos.com\/blog\/#\/schema\/logo\/image\/"},"sameAs":["https:\/\/www.facebook.com\/Koeln.Rodenkirchen","https:\/\/x.com\/gaidaphotos","https:\/\/instagram.com\/gaidaphotos\/","https:\/\/de.linkedin.com\/in\/gaidaphotos","https:\/\/myspace.com\/gaidaphotos","https:\/\/www.pinterest.com\/gaidaphotos\/","https:\/\/www.youtube.com\/user\/gaidaphotos"]},{"@type":"Person","@id":"https:\/\/www.gaidaphotos.com\/blog\/#\/schema\/person\/6c444a5b13ffc503c5c32f5a9ec68b21","name":"Thomas","sameAs":["https:\/\/www.gaidaphotos.com","https:\/\/www.facebook.com\/gaidaphotos","https:\/\/instagram.com\/gaidaphotos\/","https:\/\/www.linkedin.com\/in\/gaidaphotos","http:\/\/www.pinterest.com\/gaidaphotos\/","https:\/\/x.com\/gaidaphotos","https:\/\/myspace.com\/gaidaphotos","https:\/\/www.youtube.com\/user\/gaidaphotos","https:\/\/gaidaphotos.tumblr.com\/"]}]}},"jetpack_publicize_connections":[],"jetpack_featured_media_url":"","jetpack_sharing_enabled":true,"jetpack_likes_enabled":true,"jetpack-related-posts":[{"id":2838,"url":"https:\/\/www.gaidaphotos.com\/blog\/2010\/05\/01\/koln-rodenkirchen-der-maibaum-wird-aufgestellt\/","url_meta":{"origin":2833,"position":0},"title":"K\u00f6ln-Rodenkirchen: Der Maibaum wird aufgerichtet","author":"Thomas","date":"1. Mai 2010","format":false,"excerpt":"Hier wird der Maibaum in K\u00f6ln Rodenkirchen aufgestellt. Hier seht Ihr das Video vom vergangenen Abend, als gegen kurz vor 22:00h der Maibaum endlich aufgerichtet werden konnte. Jetzt schm\u00fcckt ein sch\u00f6ner, gr\u00fcner und bunter Maibaum den Maternusplatz in Rodenkirchen. Der gestrige Abend verlief friedlich, wenn auch nicht ruhig. Statt in\u2026","rel":"","context":"In &quot;K\u00f6ln Rodenkirchen&quot;","block_context":{"text":"K\u00f6ln Rodenkirchen","link":"https:\/\/www.gaidaphotos.com\/blog\/category\/koeln-rodenkirchen\/"},"img":{"alt_text":"K\u00f6ln Rodenkirchen Maibaum und verkaufsoffener Sonntag","src":"https:\/\/i0.wp.com\/www.gaidaphotos.com\/blog\/wp-content\/uploads\/2010\/05\/rodenkirchen-maifeier.jpg?resize=350%2C200&ssl=1","width":350,"height":200},"classes":[]},{"id":3546,"url":"https:\/\/www.gaidaphotos.com\/blog\/2011\/05\/01\/rodenkirchen-der-maibaum-steht\/","url_meta":{"origin":2833,"position":1},"title":"Rodenkirchen: Der Maibaum steht","author":"Thomas","date":"1. Mai 2011","format":false,"excerpt":"Rodenkirchen hat wieder einen Maibaum Gestern am Abend wurde in K\u00f6ln-Rodenkirchen wieder ein Maibaum aufgestellt. Dieser sch\u00f6ne Brauch, wie wir ihn sonst eher von bayrischen D\u00f6rfern kennen, wird seit einigen jahren auf in Rodenkirchen gepflegt. Geschm\u00fcckt und aufgestellt wurde der Baum wieder von der AKTIONSGEMEINSCHAFT RODENKIRCHEN e.V. unter tatkr\u00e4ftiger Beihilfe\u2026","rel":"","context":"In &quot;K\u00f6ln Rodenkirchen Freizeit&quot;","block_context":{"text":"K\u00f6ln Rodenkirchen Freizeit","link":"https:\/\/www.gaidaphotos.com\/blog\/category\/koeln-rodenkirchen\/koeln-rodenkirchen-freizeit\/"},"img":{"alt_text":"","src":"https:\/\/www.gaidaphotos.com\/blog\/wp-content\/uploads\/2020\/08\/nggallery_import\/67_","width":350,"height":200},"classes":[]},{"id":2815,"url":"https:\/\/www.gaidaphotos.com\/blog\/2010\/04\/22\/tanz-in-den-mai-30-04-2010\/","url_meta":{"origin":2833,"position":2},"title":"K\u00f6ln-Rodenkirchen: Tanz in den Mai am 30.04.2010","author":"Thomas","date":"22. April 2010","format":false,"excerpt":"Am 30.04.2010 Tanz in den Mai in K\u00f6ln-Rodenkirchen Am 30. April 2010 tanzt ganz K\u00f6ln-Rodenkirchen auf dem Maternusplatz in den Mai. Anlass ist das Maifest der AG-Rodenkirchen, einem Zusammenschluss \u00f6rtlicher Einzelh\u00e4ndler und Dienstleister. Am 30.04.2010 treffen sich um 17:00h mehr als 20 Vereine und Schulen und stellen auf dem Maternusplatz\u2026","rel":"","context":"In &quot;K\u00f6ln Rodenkirchen&quot;","block_context":{"text":"K\u00f6ln Rodenkirchen","link":"https:\/\/www.gaidaphotos.com\/blog\/category\/koeln-rodenkirchen\/"},"img":{"alt_text":"Tanz in den Mai 30.04.2010 Rodenkirchen","src":"https:\/\/i0.wp.com\/www.gaidaphotos.com\/blog\/wp-content\/uploads\/2010\/04\/tanz-in-den-mai-rodenkirchen.jpg?resize=350%2C200&ssl=1","width":350,"height":200},"classes":[]},{"id":4625,"url":"https:\/\/www.gaidaphotos.com\/blog\/2012\/05\/01\/der-maibaum-steht-video\/","url_meta":{"origin":2833,"position":3},"title":"Der Maibaum steht &#8211; Video","author":"Thomas","date":"1. Mai 2012","format":false,"excerpt":"Der Maibaum steht - Video Einem sch\u00f6nen noch nicht sehr altem Brauch zufolge wurde gestern Abend in K\u00f6ln-Rodenkirchen wieder ein Maibaum aufgerichtet. Zwar erscheint der Baum ein wenig kleiner in diesem Jahr und die Krone ist nicht so ausladend. Aber daf\u00fcr gibt es viel mehr bunte B\u00e4nder. Leider ben\u00f6tigte die\u2026","rel":"","context":"In &quot;K\u00f6ln Rodenkirchen&quot;","block_context":{"text":"K\u00f6ln Rodenkirchen","link":"https:\/\/www.gaidaphotos.com\/blog\/category\/koeln-rodenkirchen\/"},"img":{"alt_text":"","src":"https:\/\/www.gaidaphotos.com\/blog\/wp-content\/uploads\/2020\/08\/nggallery_import\/36_","width":350,"height":200},"classes":[]},{"id":2819,"url":"https:\/\/www.gaidaphotos.com\/blog\/2010\/04\/22\/verkaufsoffener-sonntag-02-05-2010\/","url_meta":{"origin":2833,"position":4},"title":"K\u00f6ln-Rodenkirchen: Verkaufsoffener Sonntag am 02.05.2010","author":"Thomas","date":"22. April 2010","format":false,"excerpt":"Verkaufsoffener Sonntag am 02.05.2010 anl\u00e4\u00dflich der Maifeiern in K\u00f6ln-Rodenkirchen Anl\u00e4\u00dflich der Maifeiern der AG Rodenkirchen findet am 02. Mai 2010 in K\u00f6ln-Rodenkirchen auch ein verkaufsoffener Sonntag statt. Rodenkirchener und G\u00e4ste treffen sich auf dem Maternusplatz zum Fr\u00fchschoppen, um sich f\u00fcr das anschlie\u00dfende Power-Shopping und Marathon-Einkaufen zum verkaufsoffenen Sonntag zu st\u00e4rken.\u2026","rel":"","context":"In &quot;K\u00f6ln Rodenkirchen Einkaufen&quot;","block_context":{"text":"K\u00f6ln Rodenkirchen Einkaufen","link":"https:\/\/www.gaidaphotos.com\/blog\/category\/koeln-rodenkirchen\/koeln-rodenkirchen-einkaufen\/"},"img":{"alt_text":"Verkaufsoffener Sonntag am 02.05.2010 in K\u00f6ln Rodenkirchen","src":"https:\/\/i0.wp.com\/www.gaidaphotos.com\/blog\/wp-content\/uploads\/2010\/04\/verkaufsoffener-sonntag-rodenkirchen-300x200.jpg?resize=350%2C200&ssl=1","width":350,"height":200},"classes":[]},{"id":2283,"url":"https:\/\/www.gaidaphotos.com\/blog\/2009\/11\/27\/koln-rodenkirchen-ist-denn-schon%c2%a0weihnachten-am-maternusplatz\/","url_meta":{"origin":2833,"position":5},"title":"K\u00f6ln-Rodenkirchen: Ist denn schon\u00a0Weihnachten am Maternusplatz?","author":"Thomas","date":"27. November 2009","format":false,"excerpt":"Am Maternusplatz in K\u00f6ln\u00a0Rodenkirchen ist es schon Weihnachten geworden. Als Glanzst\u00fcck der weihnachtlichen Lichterdeko wurde heute der Weihnachtsbaum auf dem\u00a0Maternusplatz aufgestellt. Wie schon im letzten Jahr durften die Kinderg\u00e4rten und Grundschulen aus K\u00f6ln-Rodenkirchen den Baum mit selbst gebasteltem \"Weihnachtsbaumschmuck\" beh\u00e4ngen. \u00dcber diese Dekoration des Christbaumes kann man geteilter Meinung sein.\u2026","rel":"","context":"In &quot;17&quot;","block_context":{"text":"17","link":"https:\/\/www.gaidaphotos.com\/blog\/category\/mobile_news_von_unterwegs\/mobile_news_von_unterwegs-n95\/"},"img":{"alt_text":"","src":"","width":0,"height":0},"classes":[]}],"_links":{"self":[{"href":"https:\/\/www.gaidaphotos.com\/blog\/wp-json\/wp\/v2\/posts\/2833","targetHints":{"allow":["GET"]}}],"collection":[{"href":"https:\/\/www.gaidaphotos.com\/blog\/wp-json\/wp\/v2\/posts"}],"about":[{"href":"https:\/\/www.gaidaphotos.com\/blog\/wp-json\/wp\/v2\/types\/post"}],"author":[{"embeddable":true,"href":"https:\/\/www.gaidaphotos.com\/blog\/wp-json\/wp\/v2\/users\/6"}],"replies":[{"embeddable":true,"href":"https:\/\/www.gaidaphotos.com\/blog\/wp-json\/wp\/v2\/comments?post=2833"}],"version-history":[{"count":0,"href":"https:\/\/www.gaidaphotos.com\/blog\/wp-json\/wp\/v2\/posts\/2833\/revisions"}],"wp:attachment":[{"href":"https:\/\/www.gaidaphotos.com\/blog\/wp-json\/wp\/v2\/media?parent=2833"}],"wp:term":[{"taxonomy":"category","embeddable":true,"href":"https:\/\/www.gaidaphotos.com\/blog\/wp-json\/wp\/v2\/categories?post=2833"},{"taxonomy":"post_tag","embeddable":true,"href":"https:\/\/www.gaidaphotos.com\/blog\/wp-json\/wp\/v2\/tags?post=2833"}],"curies":[{"name":"wp","href":"https:\/\/api.w.org\/{rel}","templated":true}]}}