{"id":2852,"date":"2010-05-12T14:03:25","date_gmt":"2010-05-12T12:03:25","guid":{"rendered":"http:\/\/gaidaphotos.com\/blog\/?p=2852"},"modified":"2019-03-19T15:33:28","modified_gmt":"2019-03-19T14:33:28","slug":"verkaufsoffener-sonntag-16-05-2010-koeln","status":"publish","type":"post","link":"https:\/\/www.gaidaphotos.com\/blog\/2010\/05\/12\/verkaufsoffener-sonntag-16-05-2010-koeln\/","title":{"rendered":"verkaufsoffener Sonntag 16.05.2010 in K\u00f6ln"},"content":{"rendered":"<h2>Am 16.05.2010 ist verkaufsoffener Sonntag in K\u00f6ln<\/h2>\n<h3>Deutz &#8211; Vogelsang &#8211; M\u00fchlheim<\/h3>\n<p>Wie \u00fcblich haben die Gesch\u00e4fte in K\u00f6ln-Deutz, K\u00f6ln-M\u00fchlheim und K\u00f6ln-Vogelsang am <strong>verkaufsoffenen Sonntag&nbsp; 16.05.2010 <\/strong>von <strong>13:00h bis 18:00h<\/strong> ge\u00f6ffnet (K\u00f6ln-Vogelsang \u00d6ffnungszeiten 12:00h &#8211; 17:00h). Die \u00f6rtlichen Gemeinschaften bieten anl\u00e4\u00dflich des verkaufsoffenen Sonntag teilweise ein buntes Programm.<\/p>\n<p>So kann man die M\u00e4nner an der Bierbude abgeben und in aller Ruhe den verkaufsoffenen Sonntag mit Power-Shopping verbringen.<\/p>\n<p>Das Programm f\u00fcr den <strong>verkaufsoffenen Sonntag 16.05.2010 in K\u00f6ln-Deutz<\/strong>:<\/p>\n<h3>DEUTZ SHOPPT! ZUR EISHOCKEY WM!<\/h3>\n<p>Am 16. Mai 2010 laden die Gesch\u00e4fte auf der<span style=\"text-decoration: underline;\"> Deutzer Freiheit<\/span> zum  Einkaufen und Bummeln ein.&nbsp; Von Gastronomie, Eiscafe und  Bistro-Restaurant, von Biokost \u00fcber Teespezialit\u00e4ten zu S\u00fc\u00dfwaren, von  Augenoptik \u00fcber Drogeriemarkt bis hin zum Schuhgesch\u00e4ft. Daneben Wein,  W\u00e4sche, Mode, \u00c4rzte, Apotheken, Friseure und Dienstleister. Es ist  erstaunlich, was Deutz alles zu bieten hat.<\/p>\n<p>Starten Sie den verkaufsoffenen Sonntag in K\u00f6ln-Deutz auf der &#8222;Deutzer Freiheit&#8220;-<\/p>\n<h3>Verkaufsoffener Sonntag in K\u00f6ln-Vogelsang:<\/h3>\n<p>Leider sind nur die \u00d6ffnungszeiten bekannt. N\u00e4here Informationen zum Begleitprogramm liegen nicht vor.<\/p>\n<p>Verkaufsoffener Sonntag: 16.05.2010 &nbsp;&nbsp;&nbsp; &nbsp;12 &#8211; 17 Uhr &nbsp;&nbsp;&nbsp;&nbsp; K\u00f6ln-Vogelsang<\/p>\n<p>Am Morgen des 16.05.2010 findet in K\u00f6ln-Vogelsang der 1. Vogelsanger Mailauf statt.<br \/>\nEin Mehrfach-Rundkurs (2,5 km) f\u00fchrt durch den Stadtteil K\u00f6ln-Vogelsang.<\/p>\n<p>11:00h Bambinilauf (ab 7 jahre)<br \/>\n11:30h 2,5 km Sch\u00fcler\/innen (8-15 Jahre)<br \/>\n12:00h 5 km Walking und Nordic-Walking<br \/>\n12:10h 5 km Freizeit-\/Jugendlauf<br \/>\n13:15h 10 km Volkslauf<\/p>\n<p>1. Vogelsanger Mailauf<\/p>\n<h3>Verkaufsoffener Sonntag in K\u00f6ln-M\u00fchlheim:<\/h3>\n<p>Am 15. und 16. Mai 2010, feiert&nbsp; &#8222;M\u00fclheim live&#8220; auf der Frankfurter Stra\u00dfe und dem  Wiener Platz in K\u00f6ln-M\u00fchlheim.<\/p>\n<p>Bitte beachten Sie, dass die \u00f6rtlichen Buslinien teilweise umgeleitet werden und dass auf den Stra\u00dfen im Bereich der Feiern absolutes Halteverbot besteht und sofort abgeschleppt wird.<br \/>\nParkm\u00f6glichkeiten finden Sie am M\u00fclheimer Bahnhof, im Parkhaus Genovevastra\u00dfe und der  Tiefgarage M\u00fclheimer Stadthalle. Gratis-Parken  d\u00fcrfte auf dem Arnsberger Platz gegen\u00fcber Opel-Bauer m\u00f6glich sein.<\/p>\n<p>Preiswert Parken in K\u00f6ln (inkl. M\u00fchlheim):<\/p>\n<p>Dieser Plan zeigt, wo man in K\u00f6ln preiswert (3\u20ac\/24h) parken kann. Dazu geh\u00f6ren auch Parkpl\u00e4tze in K\u00f6ln M\u00fchlheim.<br \/>\n<?php include(\"wp-content\/include\/verkaufsoffener-sonntag.php\"); ?><\/p>\n","protected":false},"excerpt":{"rendered":"<p>Am 16.05.2010 ist verkaufsoffener Sonntag in K\u00f6ln Deutz &#8211; Vogelsang &#8211; M\u00fchlheim Wie \u00fcblich haben die Gesch\u00e4fte in K\u00f6ln-Deutz, K\u00f6ln-M\u00fchlheim<\/p>\n","protected":false},"author":6,"featured_media":0,"comment_status":"open","ping_status":"open","sticky":false,"template":"","format":"standard","meta":{"_crdt_document":"","ngg_post_thumbnail":0,"jetpack_post_was_ever_published":false,"_jetpack_newsletter_access":"","_jetpack_dont_email_post_to_subs":false,"_jetpack_newsletter_tier_id":0,"_jetpack_memberships_contains_paywalled_content":false,"_jetpack_memberships_contains_paid_content":false,"footnotes":"","jetpack_publicize_message":"","jetpack_publicize_feature_enabled":true,"jetpack_social_post_already_shared":false,"jetpack_social_options":{"image_generator_settings":{"template":"highway","default_image_id":0,"font":"","enabled":false},"version":2}},"categories":[98],"tags":[108,102,544,113,53,147],"class_list":["post-2852","post","type-post","status-publish","format-standard","hentry","category-koeln","tag-einkaufen","tag-freizeit","tag-koeln","tag-nachrichten","tag-shopping","tag-verkaufsoffener-sonntag"],"yoast_head":"<!-- This site is optimized with the Yoast SEO plugin v27.5 - https:\/\/yoast.com\/product\/yoast-seo-wordpress\/ -->\n<title>verkaufsoffener Sonntag 16.05.2010 in K\u00f6ln<\/title>\n<meta name=\"description\" content=\"Verkaufsoffener Sonntag in K\u00f6ln am 16.05.2010: Deutz, M\u00fchlheim und Vogelsang haben f\u00fcr sie ge\u00f6ffnet. Alle Details hier.\" \/>\n<meta name=\"robots\" content=\"noindex, follow\" \/>\n<meta property=\"og:locale\" content=\"de_DE\" \/>\n<meta property=\"og:type\" content=\"article\" \/>\n<meta property=\"og:title\" content=\"verkaufsoffener Sonntag 16.05.2010 in K\u00f6ln\" \/>\n<meta property=\"og:description\" content=\"Verkaufsoffener Sonntag in K\u00f6ln am 16.05.2010: Deutz, M\u00fchlheim und Vogelsang haben f\u00fcr sie ge\u00f6ffnet. Alle Details hier.\" \/>\n<meta property=\"og:url\" content=\"https:\/\/www.gaidaphotos.com\/blog\/2010\/05\/12\/verkaufsoffener-sonntag-16-05-2010-koeln\/\" \/>\n<meta property=\"og:site_name\" content=\"K\u00f6ln Rodenkirchen und die Welt\" \/>\n<meta property=\"article:publisher\" content=\"https:\/\/www.facebook.com\/Koeln.Rodenkirchen\" \/>\n<meta property=\"article:author\" content=\"https:\/\/www.facebook.com\/gaidaphotos\" \/>\n<meta property=\"article:published_time\" content=\"2010-05-12T12:03:25+00:00\" \/>\n<meta property=\"article:modified_time\" content=\"2019-03-19T14:33:28+00:00\" \/>\n<meta name=\"author\" content=\"Thomas\" \/>\n<meta name=\"twitter:card\" content=\"summary_large_image\" \/>\n<meta name=\"twitter:creator\" content=\"@gaidaphotos\" \/>\n<meta name=\"twitter:site\" content=\"@gaidaphotos\" \/>\n<meta name=\"twitter:label1\" content=\"Verfasst von\" \/>\n\t<meta name=\"twitter:data1\" content=\"Thomas\" \/>\n\t<meta name=\"twitter:label2\" content=\"Gesch\u00e4tzte Lesezeit\" \/>\n\t<meta name=\"twitter:data2\" content=\"2\u00a0Minuten\" \/>\n<script type=\"application\/ld+json\" class=\"yoast-schema-graph\">{\"@context\":\"https:\\\/\\\/schema.org\",\"@graph\":[{\"@type\":\"Article\",\"@id\":\"https:\\\/\\\/www.gaidaphotos.com\\\/blog\\\/2010\\\/05\\\/12\\\/verkaufsoffener-sonntag-16-05-2010-koeln\\\/#article\",\"isPartOf\":{\"@id\":\"https:\\\/\\\/www.gaidaphotos.com\\\/blog\\\/2010\\\/05\\\/12\\\/verkaufsoffener-sonntag-16-05-2010-koeln\\\/\"},\"author\":{\"name\":\"Thomas\",\"@id\":\"https:\\\/\\\/www.gaidaphotos.com\\\/blog\\\/#\\\/schema\\\/person\\\/6c444a5b13ffc503c5c32f5a9ec68b21\"},\"headline\":\"verkaufsoffener Sonntag 16.05.2010 in K\u00f6ln\",\"datePublished\":\"2010-05-12T12:03:25+00:00\",\"dateModified\":\"2019-03-19T14:33:28+00:00\",\"mainEntityOfPage\":{\"@id\":\"https:\\\/\\\/www.gaidaphotos.com\\\/blog\\\/2010\\\/05\\\/12\\\/verkaufsoffener-sonntag-16-05-2010-koeln\\\/\"},\"wordCount\":362,\"commentCount\":0,\"publisher\":{\"@id\":\"https:\\\/\\\/www.gaidaphotos.com\\\/blog\\\/#organization\"},\"keywords\":[\"Einkaufen\\\/ Shopping\",\"Freizeit-Ideen\",\"K\u00f6ln\",\"Nachrichten\",\"Shopping\",\"verkaufsoffener Sonntag\"],\"articleSection\":[\"K\u00f6ln\"],\"inLanguage\":\"de\",\"potentialAction\":[{\"@type\":\"CommentAction\",\"name\":\"Comment\",\"target\":[\"https:\\\/\\\/www.gaidaphotos.com\\\/blog\\\/2010\\\/05\\\/12\\\/verkaufsoffener-sonntag-16-05-2010-koeln\\\/#respond\"]}]},{\"@type\":\"WebPage\",\"@id\":\"https:\\\/\\\/www.gaidaphotos.com\\\/blog\\\/2010\\\/05\\\/12\\\/verkaufsoffener-sonntag-16-05-2010-koeln\\\/\",\"url\":\"https:\\\/\\\/www.gaidaphotos.com\\\/blog\\\/2010\\\/05\\\/12\\\/verkaufsoffener-sonntag-16-05-2010-koeln\\\/\",\"name\":\"verkaufsoffener Sonntag 16.05.2010 in K\u00f6ln\",\"isPartOf\":{\"@id\":\"https:\\\/\\\/www.gaidaphotos.com\\\/blog\\\/#website\"},\"datePublished\":\"2010-05-12T12:03:25+00:00\",\"dateModified\":\"2019-03-19T14:33:28+00:00\",\"description\":\"Verkaufsoffener Sonntag in K\u00f6ln am 16.05.2010: Deutz, M\u00fchlheim und Vogelsang haben f\u00fcr sie ge\u00f6ffnet. Alle Details hier.\",\"breadcrumb\":{\"@id\":\"https:\\\/\\\/www.gaidaphotos.com\\\/blog\\\/2010\\\/05\\\/12\\\/verkaufsoffener-sonntag-16-05-2010-koeln\\\/#breadcrumb\"},\"inLanguage\":\"de\",\"potentialAction\":[{\"@type\":\"ReadAction\",\"target\":[\"https:\\\/\\\/www.gaidaphotos.com\\\/blog\\\/2010\\\/05\\\/12\\\/verkaufsoffener-sonntag-16-05-2010-koeln\\\/\"]}]},{\"@type\":\"BreadcrumbList\",\"@id\":\"https:\\\/\\\/www.gaidaphotos.com\\\/blog\\\/2010\\\/05\\\/12\\\/verkaufsoffener-sonntag-16-05-2010-koeln\\\/#breadcrumb\",\"itemListElement\":[{\"@type\":\"ListItem\",\"position\":1,\"name\":\"Startseite\",\"item\":\"https:\\\/\\\/www.gaidaphotos.com\\\/blog\\\/\"},{\"@type\":\"ListItem\",\"position\":2,\"name\":\"verkaufsoffener Sonntag 16.05.2010 in K\u00f6ln\"}]},{\"@type\":\"WebSite\",\"@id\":\"https:\\\/\\\/www.gaidaphotos.com\\\/blog\\\/#website\",\"url\":\"https:\\\/\\\/www.gaidaphotos.com\\\/blog\\\/\",\"name\":\"K\u00f6ln Rodenkirchen und die Welt\",\"description\":\"Einkaufen, Restaurants, Freizeit, Nachrichten und was uns sonst bewegt und begegnet\",\"publisher\":{\"@id\":\"https:\\\/\\\/www.gaidaphotos.com\\\/blog\\\/#organization\"},\"potentialAction\":[{\"@type\":\"SearchAction\",\"target\":{\"@type\":\"EntryPoint\",\"urlTemplate\":\"https:\\\/\\\/www.gaidaphotos.com\\\/blog\\\/?s={search_term_string}\"},\"query-input\":{\"@type\":\"PropertyValueSpecification\",\"valueRequired\":true,\"valueName\":\"search_term_string\"}}],\"inLanguage\":\"de\"},{\"@type\":\"Organization\",\"@id\":\"https:\\\/\\\/www.gaidaphotos.com\\\/blog\\\/#organization\",\"name\":\"gaidaphotos\",\"url\":\"https:\\\/\\\/www.gaidaphotos.com\\\/blog\\\/\",\"logo\":{\"@type\":\"ImageObject\",\"inLanguage\":\"de\",\"@id\":\"https:\\\/\\\/www.gaidaphotos.com\\\/blog\\\/#\\\/schema\\\/logo\\\/image\\\/\",\"url\":\"https:\\\/\\\/i0.wp.com\\\/www.gaidaphotos.com\\\/blog\\\/wp-content\\\/uploads\\\/2020\\\/07\\\/GAIDAPHOTOS-COM.jpg?fit=160%2C96&ssl=1\",\"contentUrl\":\"https:\\\/\\\/i0.wp.com\\\/www.gaidaphotos.com\\\/blog\\\/wp-content\\\/uploads\\\/2020\\\/07\\\/GAIDAPHOTOS-COM.jpg?fit=160%2C96&ssl=1\",\"width\":160,\"height\":96,\"caption\":\"gaidaphotos\"},\"image\":{\"@id\":\"https:\\\/\\\/www.gaidaphotos.com\\\/blog\\\/#\\\/schema\\\/logo\\\/image\\\/\"},\"sameAs\":[\"https:\\\/\\\/www.facebook.com\\\/Koeln.Rodenkirchen\",\"https:\\\/\\\/x.com\\\/gaidaphotos\",\"https:\\\/\\\/instagram.com\\\/gaidaphotos\\\/\",\"https:\\\/\\\/de.linkedin.com\\\/in\\\/gaidaphotos\",\"https:\\\/\\\/myspace.com\\\/gaidaphotos\",\"https:\\\/\\\/www.pinterest.com\\\/gaidaphotos\\\/\",\"https:\\\/\\\/www.youtube.com\\\/user\\\/gaidaphotos\"]},{\"@type\":\"Person\",\"@id\":\"https:\\\/\\\/www.gaidaphotos.com\\\/blog\\\/#\\\/schema\\\/person\\\/6c444a5b13ffc503c5c32f5a9ec68b21\",\"name\":\"Thomas\",\"sameAs\":[\"https:\\\/\\\/www.gaidaphotos.com\",\"https:\\\/\\\/www.facebook.com\\\/gaidaphotos\",\"https:\\\/\\\/instagram.com\\\/gaidaphotos\\\/\",\"https:\\\/\\\/www.linkedin.com\\\/in\\\/gaidaphotos\",\"http:\\\/\\\/www.pinterest.com\\\/gaidaphotos\\\/\",\"https:\\\/\\\/x.com\\\/gaidaphotos\",\"https:\\\/\\\/myspace.com\\\/gaidaphotos\",\"https:\\\/\\\/www.youtube.com\\\/user\\\/gaidaphotos\",\"https:\\\/\\\/gaidaphotos.tumblr.com\\\/\"]}]}<\/script>\n<!-- \/ Yoast SEO plugin. -->","yoast_head_json":{"title":"verkaufsoffener Sonntag 16.05.2010 in K\u00f6ln","description":"Verkaufsoffener Sonntag in K\u00f6ln am 16.05.2010: Deutz, M\u00fchlheim und Vogelsang haben f\u00fcr sie ge\u00f6ffnet. Alle Details hier.","robots":{"index":"noindex","follow":"follow"},"og_locale":"de_DE","og_type":"article","og_title":"verkaufsoffener Sonntag 16.05.2010 in K\u00f6ln","og_description":"Verkaufsoffener Sonntag in K\u00f6ln am 16.05.2010: Deutz, M\u00fchlheim und Vogelsang haben f\u00fcr sie ge\u00f6ffnet. Alle Details hier.","og_url":"https:\/\/www.gaidaphotos.com\/blog\/2010\/05\/12\/verkaufsoffener-sonntag-16-05-2010-koeln\/","og_site_name":"K\u00f6ln Rodenkirchen und die Welt","article_publisher":"https:\/\/www.facebook.com\/Koeln.Rodenkirchen","article_author":"https:\/\/www.facebook.com\/gaidaphotos","article_published_time":"2010-05-12T12:03:25+00:00","article_modified_time":"2019-03-19T14:33:28+00:00","author":"Thomas","twitter_card":"summary_large_image","twitter_creator":"@gaidaphotos","twitter_site":"@gaidaphotos","twitter_misc":{"Verfasst von":"Thomas","Gesch\u00e4tzte Lesezeit":"2\u00a0Minuten"},"schema":{"@context":"https:\/\/schema.org","@graph":[{"@type":"Article","@id":"https:\/\/www.gaidaphotos.com\/blog\/2010\/05\/12\/verkaufsoffener-sonntag-16-05-2010-koeln\/#article","isPartOf":{"@id":"https:\/\/www.gaidaphotos.com\/blog\/2010\/05\/12\/verkaufsoffener-sonntag-16-05-2010-koeln\/"},"author":{"name":"Thomas","@id":"https:\/\/www.gaidaphotos.com\/blog\/#\/schema\/person\/6c444a5b13ffc503c5c32f5a9ec68b21"},"headline":"verkaufsoffener Sonntag 16.05.2010 in K\u00f6ln","datePublished":"2010-05-12T12:03:25+00:00","dateModified":"2019-03-19T14:33:28+00:00","mainEntityOfPage":{"@id":"https:\/\/www.gaidaphotos.com\/blog\/2010\/05\/12\/verkaufsoffener-sonntag-16-05-2010-koeln\/"},"wordCount":362,"commentCount":0,"publisher":{"@id":"https:\/\/www.gaidaphotos.com\/blog\/#organization"},"keywords":["Einkaufen\/ Shopping","Freizeit-Ideen","K\u00f6ln","Nachrichten","Shopping","verkaufsoffener Sonntag"],"articleSection":["K\u00f6ln"],"inLanguage":"de","potentialAction":[{"@type":"CommentAction","name":"Comment","target":["https:\/\/www.gaidaphotos.com\/blog\/2010\/05\/12\/verkaufsoffener-sonntag-16-05-2010-koeln\/#respond"]}]},{"@type":"WebPage","@id":"https:\/\/www.gaidaphotos.com\/blog\/2010\/05\/12\/verkaufsoffener-sonntag-16-05-2010-koeln\/","url":"https:\/\/www.gaidaphotos.com\/blog\/2010\/05\/12\/verkaufsoffener-sonntag-16-05-2010-koeln\/","name":"verkaufsoffener Sonntag 16.05.2010 in K\u00f6ln","isPartOf":{"@id":"https:\/\/www.gaidaphotos.com\/blog\/#website"},"datePublished":"2010-05-12T12:03:25+00:00","dateModified":"2019-03-19T14:33:28+00:00","description":"Verkaufsoffener Sonntag in K\u00f6ln am 16.05.2010: Deutz, M\u00fchlheim und Vogelsang haben f\u00fcr sie ge\u00f6ffnet. Alle Details hier.","breadcrumb":{"@id":"https:\/\/www.gaidaphotos.com\/blog\/2010\/05\/12\/verkaufsoffener-sonntag-16-05-2010-koeln\/#breadcrumb"},"inLanguage":"de","potentialAction":[{"@type":"ReadAction","target":["https:\/\/www.gaidaphotos.com\/blog\/2010\/05\/12\/verkaufsoffener-sonntag-16-05-2010-koeln\/"]}]},{"@type":"BreadcrumbList","@id":"https:\/\/www.gaidaphotos.com\/blog\/2010\/05\/12\/verkaufsoffener-sonntag-16-05-2010-koeln\/#breadcrumb","itemListElement":[{"@type":"ListItem","position":1,"name":"Startseite","item":"https:\/\/www.gaidaphotos.com\/blog\/"},{"@type":"ListItem","position":2,"name":"verkaufsoffener Sonntag 16.05.2010 in K\u00f6ln"}]},{"@type":"WebSite","@id":"https:\/\/www.gaidaphotos.com\/blog\/#website","url":"https:\/\/www.gaidaphotos.com\/blog\/","name":"K\u00f6ln Rodenkirchen und die Welt","description":"Einkaufen, Restaurants, Freizeit, Nachrichten und was uns sonst bewegt und begegnet","publisher":{"@id":"https:\/\/www.gaidaphotos.com\/blog\/#organization"},"potentialAction":[{"@type":"SearchAction","target":{"@type":"EntryPoint","urlTemplate":"https:\/\/www.gaidaphotos.com\/blog\/?s={search_term_string}"},"query-input":{"@type":"PropertyValueSpecification","valueRequired":true,"valueName":"search_term_string"}}],"inLanguage":"de"},{"@type":"Organization","@id":"https:\/\/www.gaidaphotos.com\/blog\/#organization","name":"gaidaphotos","url":"https:\/\/www.gaidaphotos.com\/blog\/","logo":{"@type":"ImageObject","inLanguage":"de","@id":"https:\/\/www.gaidaphotos.com\/blog\/#\/schema\/logo\/image\/","url":"https:\/\/i0.wp.com\/www.gaidaphotos.com\/blog\/wp-content\/uploads\/2020\/07\/GAIDAPHOTOS-COM.jpg?fit=160%2C96&ssl=1","contentUrl":"https:\/\/i0.wp.com\/www.gaidaphotos.com\/blog\/wp-content\/uploads\/2020\/07\/GAIDAPHOTOS-COM.jpg?fit=160%2C96&ssl=1","width":160,"height":96,"caption":"gaidaphotos"},"image":{"@id":"https:\/\/www.gaidaphotos.com\/blog\/#\/schema\/logo\/image\/"},"sameAs":["https:\/\/www.facebook.com\/Koeln.Rodenkirchen","https:\/\/x.com\/gaidaphotos","https:\/\/instagram.com\/gaidaphotos\/","https:\/\/de.linkedin.com\/in\/gaidaphotos","https:\/\/myspace.com\/gaidaphotos","https:\/\/www.pinterest.com\/gaidaphotos\/","https:\/\/www.youtube.com\/user\/gaidaphotos"]},{"@type":"Person","@id":"https:\/\/www.gaidaphotos.com\/blog\/#\/schema\/person\/6c444a5b13ffc503c5c32f5a9ec68b21","name":"Thomas","sameAs":["https:\/\/www.gaidaphotos.com","https:\/\/www.facebook.com\/gaidaphotos","https:\/\/instagram.com\/gaidaphotos\/","https:\/\/www.linkedin.com\/in\/gaidaphotos","http:\/\/www.pinterest.com\/gaidaphotos\/","https:\/\/x.com\/gaidaphotos","https:\/\/myspace.com\/gaidaphotos","https:\/\/www.youtube.com\/user\/gaidaphotos","https:\/\/gaidaphotos.tumblr.com\/"]}]}},"jetpack_publicize_connections":[],"jetpack_featured_media_url":"","jetpack_sharing_enabled":true,"jetpack_likes_enabled":true,"jetpack-related-posts":[{"id":3830,"url":"https:\/\/www.gaidaphotos.com\/blog\/2011\/11\/28\/weihnachtsmarkt-nikolausfest-und-verkaufsoffener-sonntag-04-12-2011\/","url_meta":{"origin":2852,"position":0},"title":"Weihnachtsmarkt, Nikolausfest und verkaufsoffener Sonntag 04.12.2011","author":"Thomas","date":"28. November 2011","format":false,"excerpt":"Weihnachtsmarkt, Nikolausfest und verkaufsoffener Sonntag Der 2. Advent-Sonntag ist wieder ein Shopping-Gro\u00dfkampftag.. Und so haben am 2. Advent nicht nur die K\u00f6lner Weihnachtsm\u00e4rkte ge\u00f6ffnet sondern auch die Gesch\u00e4fte in gleich 8 Stadtteilen. Die gr\u00f6\u00dfte Auswahl bietet der \"D\u00fcxer Advent\". In Godorf und Ossendorf haben die IKEA H\u00e4user ge\u00f6ffnet, das wird\u2026","rel":"","context":"In &quot;Verkaufsoffener Sonntag K\u00f6ln NRW&quot;","block_context":{"text":"Verkaufsoffener Sonntag K\u00f6ln NRW","link":"https:\/\/www.gaidaphotos.com\/blog\/category\/kalender-archiv\/verkaufsoffener-sonntag-koln-nrw\/"},"img":{"alt_text":"","src":"https:\/\/www.gaidaphotos.com\/blog\/wp-content\/uploads\/2020\/08\/nggallery_import\/97_","width":350,"height":200,"srcset":"https:\/\/www.gaidaphotos.com\/blog\/wp-content\/uploads\/2020\/08\/nggallery_import\/97_ 1x, https:\/\/www.gaidaphotos.com\/blog\/wp-content\/uploads\/2020\/08\/nggallery_import\/97_ 1.5x, https:\/\/www.gaidaphotos.com\/blog\/wp-content\/uploads\/2020\/08\/nggallery_import\/97_ 2x"},"classes":[]},{"id":4971,"url":"https:\/\/www.gaidaphotos.com\/blog\/2012\/07\/25\/verkaufsoffener-sonntag-und-strasenfest-in-koeln-deutz-05-08-2012\/","url_meta":{"origin":2852,"position":1},"title":"verkaufsoffener Sonntag und Stra\u00dfenfest in K\u00f6ln Deutz 05.08.2012","author":"Thomas","date":"25. Juli 2012","format":false,"excerpt":"Auf, auf, zum einzigen verkaufsoffenen Sonntag im August am 05.08.2012, wenn ganz K\u00f6ln in Deutz das Stra\u00dfenfest feiert. Der 05.08.2012 ist ein schwieriger Termin f\u00fcr ein Stra\u00dfenfest und einen verkaufsoffenen Sonntag. Denn bis zum 21.08.2012 sind in Deutz, K\u00f6ln und Nordrhein-Westfalen Sommerferien. Andererseits haben die Deutzer dadurch auch weniger \"Konkurrenz\",\u2026","rel":"","context":"In &quot;Stra\u00dfenfest K\u00f6ln&quot;","block_context":{"text":"Stra\u00dfenfest K\u00f6ln","link":"https:\/\/www.gaidaphotos.com\/blog\/category\/kalender-archiv\/strasenfest-koln\/"},"img":{"alt_text":"","src":"https:\/\/www.gaidaphotos.com\/blog\/wp-content\/uploads\/2020\/08\/nggallery_import\/34_","width":350,"height":200,"srcset":"https:\/\/www.gaidaphotos.com\/blog\/wp-content\/uploads\/2020\/08\/nggallery_import\/34_ 1x, https:\/\/www.gaidaphotos.com\/blog\/wp-content\/uploads\/2020\/08\/nggallery_import\/34_ 1.5x, https:\/\/www.gaidaphotos.com\/blog\/wp-content\/uploads\/2020\/08\/nggallery_import\/34_ 2x"},"classes":[]},{"id":3590,"url":"https:\/\/www.gaidaphotos.com\/blog\/2011\/08\/02\/strassenfes-7-8-2011-koeln-deutz\/","url_meta":{"origin":2852,"position":2},"title":"Stra\u00dfenfest &#038; verkaufsoffener Sonntag 7.8.2011 in K\u00f6ln Deutz","author":"Thomas","date":"2. August 2011","format":false,"excerpt":"Verkaufsoffener Sonntag 7.8.2011 in K\u00f6ln Deutz Beim 13. Deutzer Stra\u00dfenfest steht die Familie im Mittelpunkt Zum zweiten Mal in diesem Jahr lockt ein verkaufsoffener Sonntag die K\u00f6lner ins rechtsrheinische Deutz. Dort \u00f6ffnen am Sonntag 7. August 2011 von 13 bis 18 Uhr weit \u00fcber 50 Gesch\u00e4fte. Eingebunden ist der Event\u2026","rel":"","context":"In &quot;Verkaufsoffener Sonntag K\u00f6ln NRW&quot;","block_context":{"text":"Verkaufsoffener Sonntag K\u00f6ln NRW","link":"https:\/\/www.gaidaphotos.com\/blog\/category\/kalender-archiv\/verkaufsoffener-sonntag-koln-nrw\/"},"img":{"alt_text":"","src":"https:\/\/www.gaidaphotos.com\/blog\/wp-content\/uploads\/2020\/08\/nggallery_import\/78_","width":350,"height":200},"classes":[]},{"id":3558,"url":"https:\/\/www.gaidaphotos.com\/blog\/2011\/05\/23\/verkaufsoffener-sonntag-29-05-2011-koeln-chorweiler-deutz-dellbrueck-porz\/","url_meta":{"origin":2852,"position":3},"title":"Verkaufsoffener Sonntag 29.05.2011 in K\u00f6ln Chorweiler, Deutz, Dellbr\u00fcck und Porz","author":"Thomas","date":"23. Mai 2011","format":false,"excerpt":"Verkaufsoffener Sonntag 29.05.2011 in K\u00f6ln Chorweiler, Deutz, Dellbr\u00fcck und Porz) In diesen K\u00f6lner Stadtteilen k\u00f6nnen Sie am 29.05.2011 (verkaufsoffener Sonntag) nach Herzenslust shoppen. K\u00f6ln Chroweiler verkaufsoffener Sonntag von 13:00-18:00h Mercatorstra\u00dfe - Weichselring - Merianstra\u00dfe - Willi-Suth-Allee Das Automobil wird 125 Jahre! Gemeinsam mit Mercedes-Benz feiert das City Center Chorweiler dieses\u2026","rel":"","context":"Mit 1 Kommentar","block_context":{"text":"Mit 1 Kommentar","link":"https:\/\/www.gaidaphotos.com\/blog\/2011\/05\/23\/verkaufsoffener-sonntag-29-05-2011-koeln-chorweiler-deutz-dellbrueck-porz\/#comments"},"img":{"alt_text":"","src":"https:\/\/www.gaidaphotos.com\/blog\/wp-content\/uploads\/2020\/08\/nggallery_import\/71_","width":350,"height":200,"srcset":"https:\/\/www.gaidaphotos.com\/blog\/wp-content\/uploads\/2020\/08\/nggallery_import\/71_ 1x, https:\/\/www.gaidaphotos.com\/blog\/wp-content\/uploads\/2020\/08\/nggallery_import\/71_ 1.5x, https:\/\/www.gaidaphotos.com\/blog\/wp-content\/uploads\/2020\/08\/nggallery_import\/71_ 2x, https:\/\/www.gaidaphotos.com\/blog\/wp-content\/uploads\/2020\/08\/nggallery_import\/71_ 3x"},"classes":[]},{"id":3478,"url":"https:\/\/www.gaidaphotos.com\/blog\/2010\/12\/31\/verkaufsoffener-sonntag-2011-strassenfest-in-koln-nrw\/","url_meta":{"origin":2852,"position":4},"title":"Verkaufsoffener Sonntag &#038; Stra\u00dfenfest 2011 in K\u00f6ln (NRW): \u00dcbersicht","author":"Thomas","date":"31. Dezember 2010","format":false,"excerpt":"Verkaufsoffener Sonntag & Stra\u00dfenfest 2011 in K\u00f6ln (NRW): \u00dcbersicht Wir verschaffen Ihnen einen \u00dcberblick \u00fcber die verkaufsoffenen Sonntage 2011 in K\u00f6ln (NRW) und sagen Ihnen wo gleichzeitig ein Stra\u00dfenfest geboten wird. Nach Monaten geordnet finden Sie die verkaufsoffenen Sonntage in K\u00f6ln mit Angabe des Stadtteils und der \u00d6ffnungszeiten. Wie schon\u2026","rel":"","context":"In &quot;Verkaufsoffener Sonntag K\u00f6ln NRW&quot;","block_context":{"text":"Verkaufsoffener Sonntag K\u00f6ln NRW","link":"https:\/\/www.gaidaphotos.com\/blog\/category\/kalender-archiv\/verkaufsoffener-sonntag-koln-nrw\/"},"img":{"alt_text":"","src":"","width":0,"height":0},"classes":[]},{"id":3239,"url":"https:\/\/www.gaidaphotos.com\/blog\/2010\/07\/28\/verkaufsoffener-sonntag-01-08-2010-in-koeln-deutz-nrw\/","url_meta":{"origin":2852,"position":5},"title":"verkaufsoffener Sonntag 01.08.2010 in K\u00f6ln Deutz, NRW","author":"Thomas","date":"28. Juli 2010","format":false,"excerpt":"Verkaufsoffener Sonntag 01.08.2010 in K\u00f6ln Deutz, NRW, mit Stra\u00dfenfest 12. DEUTZER STRA\u00dfENFEST und verkaufsoffener Sonntag: DEUTZER FREIHEIT + GRAF-GESSLER-STRASSE! Zum verkaufsoffenen Sonntag 01.08.2010 l\u00e4dt die IG Deutz zum 12. Mal auf die Deutzer Freiheit. Unterst\u00fctzung findet das Stra\u00dfenfest durch Reissdorf-Brauerei, Coca-Cola, dem EXPRESS, der PSD-Bank und der K\u00f6lnmesse Verkaufsoffener Sonntag\u2026","rel":"","context":"In &quot;Verkaufsoffener Sonntag K\u00f6ln NRW&quot;","block_context":{"text":"Verkaufsoffener Sonntag K\u00f6ln NRW","link":"https:\/\/www.gaidaphotos.com\/blog\/category\/kalender-archiv\/verkaufsoffener-sonntag-koln-nrw\/"},"img":{"alt_text":"verkaufsoffener Sonntag 01.08.2010 in K\u00f6ln Deutz, NRW","src":"https:\/\/i0.wp.com\/www.gaidaphotos.com\/blog\/wp-content\/uploads\/2010\/07\/verkaufsoffener-sonntag-1-8-2010-koeln-deutz.jpg?resize=350%2C200&ssl=1","width":350,"height":200},"classes":[]}],"_links":{"self":[{"href":"https:\/\/www.gaidaphotos.com\/blog\/wp-json\/wp\/v2\/posts\/2852","targetHints":{"allow":["GET"]}}],"collection":[{"href":"https:\/\/www.gaidaphotos.com\/blog\/wp-json\/wp\/v2\/posts"}],"about":[{"href":"https:\/\/www.gaidaphotos.com\/blog\/wp-json\/wp\/v2\/types\/post"}],"author":[{"embeddable":true,"href":"https:\/\/www.gaidaphotos.com\/blog\/wp-json\/wp\/v2\/users\/6"}],"replies":[{"embeddable":true,"href":"https:\/\/www.gaidaphotos.com\/blog\/wp-json\/wp\/v2\/comments?post=2852"}],"version-history":[{"count":0,"href":"https:\/\/www.gaidaphotos.com\/blog\/wp-json\/wp\/v2\/posts\/2852\/revisions"}],"wp:attachment":[{"href":"https:\/\/www.gaidaphotos.com\/blog\/wp-json\/wp\/v2\/media?parent=2852"}],"wp:term":[{"taxonomy":"category","embeddable":true,"href":"https:\/\/www.gaidaphotos.com\/blog\/wp-json\/wp\/v2\/categories?post=2852"},{"taxonomy":"post_tag","embeddable":true,"href":"https:\/\/www.gaidaphotos.com\/blog\/wp-json\/wp\/v2\/tags?post=2852"}],"curies":[{"name":"wp","href":"https:\/\/api.w.org\/{rel}","templated":true}]}}