{"id":2889,"date":"2010-05-19T15:38:26","date_gmt":"2010-05-19T13:38:26","guid":{"rendered":"http:\/\/gaidaphotos.com\/blog\/?p=2889"},"modified":"2019-06-20T15:42:30","modified_gmt":"2019-06-20T13:42:30","slug":"facebook-privatsphaere-sichern","status":"publish","type":"post","link":"https:\/\/www.gaidaphotos.com\/blog\/2010\/05\/19\/facebook-privatsphaere-sichern\/","title":{"rendered":"Facebook: Privatsph\u00e4re sichern \u2013 Warum &#038; Wie"},"content":{"rendered":"<h2>Warum und Wie Sie Ihre Privatsph\u00e4re bei Facebook sichern.<\/h2>\n<figure id=\"attachment_2890\" aria-describedby=\"caption-attachment-2890\" style=\"width: 524px\" class=\"wp-caption alignleft\"><a rel=\"nofollow\" href=\"http:\/\/www.facebook.com\/pages\/gaidaphotoscom\/140331692895\"><img data-recalc-dims=\"1\" loading=\"lazy\" decoding=\"async\" class=\"size-full wp-image-2890\" title=\"Facebook Privatsph\u00e4re Datenschutz\" src=\"https:\/\/i0.wp.com\/www.gaidaphotos.com\/blog\/wp-content\/uploads\/2010\/05\/facebook-gaidaphotos.jpg?resize=524%2C339&#038;ssl=1\" alt=\"Facebook Privatsph\u00e4re Datenschutz\" width=\"524\" height=\"339\" srcset=\"https:\/\/i0.wp.com\/www.gaidaphotos.com\/blog\/wp-content\/uploads\/2010\/05\/facebook-gaidaphotos.jpg?w=524&amp;ssl=1 524w, https:\/\/i0.wp.com\/www.gaidaphotos.com\/blog\/wp-content\/uploads\/2010\/05\/facebook-gaidaphotos.jpg?resize=300%2C194&amp;ssl=1 300w\" sizes=\"auto, (max-width: 524px) 100vw, 524px\" \/><\/a><figcaption id=\"caption-attachment-2890\" class=\"wp-caption-text\">Werden Sie Fan von gaidaphotos.com bei Facebook<\/figcaption><\/figure>\n<p>Die Volksseele kocht!<\/p>\n<p>Seid Wochen gibt es <strong>Verletzungen von Datenschutz und Privatsph\u00e4re bei Facebook<\/strong>.<\/p>\n<p>Wir sagen Ihnen was passiert ist und warum es gef\u00e4hrlich war.<br \/>\nUnd wir zeigen Ihnen wie Sie Ihre <strong>Privatsp\u00e4re bei Facebook umfassend sch\u00fctzen<\/strong>.<\/p>\n<p style=\"padding-left: 30px;\">Werden Sie Fan von <strong><a rel=\"nofollow noopener noreferrer\" href=\"http:\/\/www.facebook.com\/pages\/gaidaphotoscom\/140331692895\" target=\"_blank\">gaidaphotos.com bei Facebook<\/a><\/strong><\/p>\n<p>Seid Anfang des Jahres liefern sich Google und Facebook einen Zweikampf um die Nr. 1 im Internet.<br \/>\nImmer mehr Menschen registrieren sich auf Facebook und nutzen die Site auch f\u00fcr Internet Suche und Information. Viele Pers\u00f6nlichkeiten aus Politik und Unterhaltung, Firmen, Vereine und Marken(-inhaber) werben auf vielf\u00e4ltige Art bei Facebook.<\/p>\n<p>Doch die vielen und h\u00e4ufigen <strong>Verletzungen von Datenschutz und Privatsph\u00e4re<\/strong> durch Fehler und Unterlassungen bei <strong>Facebook <\/strong>lassen viele Ihr Engagement in diesem sozialen Netzwerk \u00fcberdenken.<\/p>\n<h3>Welchen Gefahren ist meine Privatsp\u00e4re bei Facebook ausgesetzt?<\/h3>\n<p>Die Ereignisse der letzten Wochen werfen ein schlechtes Licht auf Facebook. Man ignoriert den Wunsch der Mitglieder auf Privatsp\u00e4hre und verletzt den Datenschutz. Im Einzelnen:<\/p>\n<p>Ende M\u00e4rz waren alle bis dahin gesch\u00fctzten<strong> privaten Email Adressen f\u00fcr alle sichtbar<\/strong>. Schuld daran war wohl die Umstellung der Einstellungen zur Privatsph\u00e4re wenige Tage zuvor. <a rel=\"nofollow noopener noreferrer\" href=\"http:\/\/www.pcworld.com\/article\/193009\/facebook_flub_leaks_private_email_addresses.html?tk=rel_news\" target=\"_blank\">PC World<\/a> (Englisch)<\/p>\n<p>Ende April konnten dann alle die <strong>privaten Chats Ihrer Freunde einsehen<\/strong>. Facebook mu\u00dfte die Chat Funktion f\u00fcr mehrere Stunden abschalten bevor der Fehler beseitig werden konnte. <a rel=\"nofollow noopener noreferrer\" href=\"http:\/\/www.pcworld.com\/article\/195663\/facebook_fixes_bug_that_exposed_private_chats.html?tk=rel_news\" target=\"_blank\">PC World<\/a> (Englisch)<\/p>\n<p>Nur ein paar Tage sp\u00e4ter erfuhren wir von <strong>verborgenen Apps<\/strong>, die sich heimlich selbst installierten und dann die Daten des Benutzers abfragten. <a rel=\"nofollow noopener noreferrer\" href=\"http:\/\/www.pcworld.com\/article\/160545\/facebook_hit_by_five_security_problems_in_one_week.html\" target=\"_blank\">PC World (Englisch)<\/a><\/p>\n<p style=\"padding-left: 30px;\">Wenn man bestimmte Sites im Internet besuchte und gleichzeitig bei Facebook eingeloggt war, installierten sich diese Anwendungen heimlich, von selbst und ohne den Nutzer zu fragen. So etwas nennt man sonst Malware oder Spyware. Es ist v\u00f6llig unklar was diese Anwendungen (Apps) dann bei Facebook abfragten und wo sie was speicherten.<br \/>\nAndere Spa\u00df-Apps (&#8222;Facebook Closing down&#8220;; &#8222;Error check System&#8220;) gaben Hackern Zugriff auf pers\u00f6nliche Daten und verschickten Einladungen an alle Freunde, das App zu installieren.<br \/>\nGrund f\u00fcr diese heimliche Aktivit\u00e4t ist das Facebook Link Protocol, das anderen Sites erlaubt mit Facebook Daten auszutauschen (so z.B. dieser Blog) und dass Facebook sich weigert Apps vor der Ver\u00f6ffentlichung zu pr\u00fcfen.<\/p>\n<p>Und zu guter letzt macht die neu angek\u00fcndigte Funktion &#8222;Geolocation&#8220; (s. <a rel=\"nofollow noopener noreferrer\" href=\"http:\/\/adage.com\/digital\/article?article_id=143742\" target=\"_blank\">AdAge<\/a>) Sorgen. Damit kann man sich anzeigen lassen, wer (Freunde) und was (Fan Seiten) in der N\u00e4he sind. Wer Facebook auf seinem Handy benutzt, wird sich \u00fcber diese Funktion freuen. Aber sch\u00fctzt Facebook dabei unsere Privatsph\u00e4re? Denn andere k\u00f6nnen uns ebenso sehen.<\/p>\n<h3>Warum ist Facebook so gef\u00e4hrlich?<\/h3>\n<p><a rel=\"nofollow noopener noreferrer\" href=\"http:\/\/www.pcworld.com\/article\/195831\/4_reasons_to_worry_about_privacy_on_facebook.html?tk=rel_news\" target=\"_blank\">PC   World<\/a> (Englisch)<\/p>\n<p>1. Der <strong>Schutz der Privatsph\u00e4re<\/strong> wird immer <strong>geringer<\/strong>:<br \/>\nMit jeder neuen Funktion wird der Facebook Nutzer wieder einen Schritt &#8222;\u00f6ffentlicher&#8220;.<\/p>\n<p>2. <strong>Komplexe Einstellungen<\/strong> der Privatsph\u00e4re:<br \/>\nFacebook erm\u00f6glicht es Ihnen jedes einzelne Detail Ihres Profils freizugeben oder auch nicht. Das bedeutet aber, dass Sie sich durch mehr als 50 Einstellungen und 170 Optionen klicken m\u00fcssen.\u00a0 <a rel=\"nofollow noopener noreferrer\" href=\"http:\/\/www.pcworld.com\/article\/196273\/facebook_and_privacy_what_a_mess.html\" target=\"_blank\">PC World<\/a> (Englisch) <a rel=\"nofollow noopener noreferrer\" href=\"http:\/\/www.nytimes.com\/interactive\/2010\/05\/12\/business\/facebook-privacy.html\" target=\"_blank\">NY Times<\/a> (Englisch, sehr gute grafische \u00dcbersicht)<\/p>\n<p>3. <strong>Unklare Verbindungseinstellungen<\/strong>:<br \/>\nEs ist unklar, welche Einstellungen einzelne &#8222;Verbindungen&#8220; haben, sei es zu Freunden, Fan-Seiten, Apps.<\/p>\n<p>4. <strong>L\u00f6schen <\/strong>aller &#8222;Mag Ich&#8220; Beitr\u00e4ge:<br \/>\nEs k\u00f6nnte nich komplizierter sein, einzelne Beitr\u00e4ge nachtr\u00e4glich zu finden und zu l\u00f6schen.<\/p>\n<p>Das alles erstaunt wenig, wenn man die <strong>Facebook Philosophie zur Privatsph\u00e4re der Nutzer<\/strong> betrachtet:<\/p>\n<p>Der Gr\u00fcnder Mark Zuckerberg sagte zu <a rel=\"nofollow noopener noreferrer\" href=\"http:\/\/www.bbc.co.uk\/radio1\" target=\"_blank\">Radio One<\/a>: &#8222;Our philosophy is that having an open system anyone can  participate in is generally better&#8220;. (\u00dcbersetzung: Unsere Philosophie ist, dass ein offenes System an dem jeder sich beteiligen kann in der Regel besser ist.) Diese Ansicht wird von Facebook immer wieder vertreten.<\/p>\n<h3>Privatsph\u00e4re sch\u00fctzen? Warum?<\/h3>\n<figure id=\"attachment_2891\" aria-describedby=\"caption-attachment-2891\" style=\"width: 300px\" class=\"wp-caption alignright\"><img data-recalc-dims=\"1\" loading=\"lazy\" decoding=\"async\" class=\"size-medium wp-image-2891\" title=\"Facebook Privatsph\u00e4re Datenschutz\" src=\"https:\/\/i0.wp.com\/www.gaidaphotos.com\/blog\/wp-content\/uploads\/2010\/05\/facebook-privatsphaere.jpg?resize=300%2C126&#038;ssl=1\" alt=\"Facebook Privatsph\u00e4re Datenschutz\" width=\"300\" height=\"126\" srcset=\"https:\/\/i0.wp.com\/www.gaidaphotos.com\/blog\/wp-content\/uploads\/2010\/05\/facebook-privatsphaere.jpg?resize=300%2C126&amp;ssl=1 300w, https:\/\/i0.wp.com\/www.gaidaphotos.com\/blog\/wp-content\/uploads\/2010\/05\/facebook-privatsphaere.jpg?w=754&amp;ssl=1 754w\" sizes=\"auto, (max-width: 300px) 100vw, 300px\" \/><figcaption id=\"caption-attachment-2891\" class=\"wp-caption-text\">\u00dcberpr\u00fcfen Sie die Einstellungen zum Datenschutz.<\/figcaption><\/figure>\n<p>Das ist wie bei kleinen Kindern, die glauben, man sieht sie nicht wenn sie sich die Augen zuhalten.<br \/>\nWas wir, die Nutzer von Facebook, nicht sehen gibt es nicht? Gibt es doch, und das macht es so gef\u00e4hrlich f\u00fcr den Datenschutz.<\/p>\n<p>Man kann zwar das eigene Profil so sehen, wie es Nicht-Freunde sehen. Aber wer schaut sich schon die Profile seiner Freunde an wie ein Nicht-Freund? Keiner &#8211; und dort und bei den vielen Apps vergeben sich jede Menge Sicherheitsl\u00fccken.<\/p>\n<p>Denn wenn meine Freunde sich nicht sch\u00fctzen wird meine Information \u00f6ffentlich. Ob ich es will oder nicht! Das geht blitzschnell und keiner hat&#8217;s gemerkt. Und ebensowenig weiisen wir, welche Informationen durch die Apps freigegeben werden und zu wem sie gelangen.<\/p>\n<p>Sie glauben mir nicht? Besuchen Sie Openbook. Dort k\u00f6nnen Sie alle \u00f6ffentlichen Facebook Profile durchsuchen. Geben Sie einen Suchbegriff, schl\u00fcpfrige bringen die interessantesten Ergebnisse,\u00a0 ein und sie werden \u00fcberrascht sein was die Nutzer so alles mitteilen.<\/p>\n<p>Mit http:\/\/zesty.ca\/facebook\/# k\u00f6nnen Sie auch nach Ihrem oder einem anderen User-Namen (Nick) suchen und sehen, was \u00f6ffentlich ist.<\/p>\n<h3>Himmel hilf! Wie kann ich meine Privatsp\u00e4re bei Facebook wirksam sch\u00fctzen?<\/h3>\n<p>Nutzen Sie die <strong>Sicherheitseinstellungen Ihres Facebook <\/strong>Konto. Hier finden Sie eine gute grafische \u00dcbersicht aller Einstellungen die sie anpassen k\u00f6nnen\/m\u00fcssen\/sollen: <a href=\"http:\/\/www.nytimes.com\/interactive\/2010\/05\/12\/business\/facebook-privacy.html\" target=\"_blank\" rel=\"noopener noreferrer\">NY Times<\/a> (Englisch)<\/p>\n<p><span style=\"text-decoration: underline;\"><strong>Nutzen Sie Ihren gesunden Menschenverstand<\/strong><\/span>! Was Sie nicht in der \u00d6ffentlichkeit sagen w\u00fcrden geh\u00f6rt NICHT auf Facebook, zumindest nicht als Foto oder auf die Pinwand. Und nutzen Sie zum Chatten lieber sichere Systeme wie GTalk oder Skype (oder AOL IM, ICQ, Jaiku).<\/p>\n<h3>\u00dcberpr\u00fcfen Sie Ihre Sicherheitseinstellungen zum Schutz Ihrer Daten und Ihrer Privatsph\u00e4re!<\/h3>\n<p>Mit www.reclaimprivacy.org k\u00f6nnen Sie Ihre Sicherheitseinstellungen pr\u00fcfen und automatisch \u00e4ndern lassen.<\/p>\n<p>\u00d6ffnen Sie den Link. Ziehen Sie die Schaltfl\u00e4che &#8222;Scan for Privacy&#8220; (Privatsph\u00e4re pr\u00fcfen) auf die Werkzeugleiste Ihres Browsers. Gehen Sie auf Ihr Facebook Profil und klicken Sie den Link auf Ihrer Werkzeugleiste. Die Einstellungen zum Datenschutz werden gepr\u00fcft und eine Reparatur wird angeboten (s. zweites Bild oben).<\/p>\n<p>Sch\u00fctzen Sie sich, Ihre Daten und Ihre Privatsph\u00e4re. Cyber-Stalking und Cyber-Mobbing sind schlimm, noch schlimmer ist es, wenn dann jemand bei Ihnen nachts vor der T\u00fcr steht.<\/p>\n<p>Werden Sie Fan von <strong><a rel=\"nofollow noopener noreferrer\" href=\"http:\/\/www.facebook.com\/pages\/gaidaphotoscom\/140331692895\" target=\"_blank\">gaidaphotos.com bei Facebook<\/a><\/strong><\/p>\n","protected":false},"excerpt":{"rendered":"<p>Warum und Wie Sie Ihre Privatsph\u00e4re bei Facebook sichern. Die Volksseele kocht! Seid Wochen gibt es Verletzungen von Datenschutz und<\/p>\n","protected":false},"author":6,"featured_media":0,"comment_status":"open","ping_status":"open","sticky":false,"template":"","format":"standard","meta":{"_crdt_document":"","ngg_post_thumbnail":0,"jetpack_post_was_ever_published":false,"_jetpack_newsletter_access":"","_jetpack_dont_email_post_to_subs":false,"_jetpack_newsletter_tier_id":0,"_jetpack_memberships_contains_paywalled_content":false,"_jetpack_memberships_contains_paid_content":false,"footnotes":"","jetpack_publicize_message":"","jetpack_publicize_feature_enabled":true,"jetpack_social_post_already_shared":false,"jetpack_social_options":{"image_generator_settings":{"template":"highway","default_image_id":0,"font":"","enabled":false},"version":2}},"categories":[92,87],"tags":[141],"class_list":["post-2889","post","type-post","status-publish","format-standard","hentry","category-social-networking","category-tips-tricks","tag-facebook"],"yoast_head":"<!-- This site is optimized with the Yoast SEO plugin v27.5 - https:\/\/yoast.com\/product\/yoast-seo-wordpress\/ -->\n<title>Facebook: Privatsph\u00e4re sichern - Warum &amp; Wie<\/title>\n<meta name=\"description\" content=\"Warum und Wie Sie Ihre Privatsph\u00e4re bei Facebook sichern. Die gr\u00f6\u00dften Gefahren f\u00fcr Ihre Privatsph\u00e4re, erkennen und beseitigen Sie die Sicherheitsl\u00fccken.\" \/>\n<meta name=\"robots\" content=\"index, follow, max-snippet:-1, max-image-preview:large, max-video-preview:-1\" \/>\n<link rel=\"canonical\" href=\"https:\/\/www.gaidaphotos.com\/blog\/2010\/05\/19\/facebook-privatsphaere-sichern\/\" \/>\n<meta property=\"og:locale\" content=\"de_DE\" \/>\n<meta property=\"og:type\" content=\"article\" \/>\n<meta property=\"og:title\" content=\"Facebook: Privatsph\u00e4re sichern - Warum &amp; Wie\" \/>\n<meta property=\"og:description\" content=\"Warum und Wie Sie Ihre Privatsph\u00e4re bei Facebook sichern. Die gr\u00f6\u00dften Gefahren f\u00fcr Ihre Privatsph\u00e4re, erkennen und beseitigen Sie die Sicherheitsl\u00fccken.\" \/>\n<meta property=\"og:url\" content=\"https:\/\/www.gaidaphotos.com\/blog\/2010\/05\/19\/facebook-privatsphaere-sichern\/\" \/>\n<meta property=\"og:site_name\" content=\"K\u00f6ln Rodenkirchen und die Welt\" \/>\n<meta property=\"article:publisher\" content=\"https:\/\/www.facebook.com\/Koeln.Rodenkirchen\" \/>\n<meta property=\"article:author\" content=\"https:\/\/www.facebook.com\/gaidaphotos\" \/>\n<meta property=\"article:published_time\" content=\"2010-05-19T13:38:26+00:00\" \/>\n<meta property=\"article:modified_time\" content=\"2019-06-20T13:42:30+00:00\" \/>\n<meta property=\"og:image\" content=\"https:\/\/www.gaidaphotos.com\/blog\/wp-content\/uploads\/2010\/05\/facebook-gaidaphotos.jpg\" \/>\n<meta name=\"author\" content=\"Thomas\" \/>\n<meta name=\"twitter:card\" content=\"summary_large_image\" \/>\n<meta name=\"twitter:creator\" content=\"@gaidaphotos\" \/>\n<meta name=\"twitter:site\" content=\"@gaidaphotos\" \/>\n<meta name=\"twitter:label1\" content=\"Verfasst von\" \/>\n\t<meta name=\"twitter:data1\" content=\"Thomas\" \/>\n\t<meta name=\"twitter:label2\" content=\"Gesch\u00e4tzte Lesezeit\" \/>\n\t<meta name=\"twitter:data2\" content=\"5\u00a0Minuten\" \/>\n<script type=\"application\/ld+json\" class=\"yoast-schema-graph\">{\"@context\":\"https:\\\/\\\/schema.org\",\"@graph\":[{\"@type\":\"Article\",\"@id\":\"https:\\\/\\\/www.gaidaphotos.com\\\/blog\\\/2010\\\/05\\\/19\\\/facebook-privatsphaere-sichern\\\/#article\",\"isPartOf\":{\"@id\":\"https:\\\/\\\/www.gaidaphotos.com\\\/blog\\\/2010\\\/05\\\/19\\\/facebook-privatsphaere-sichern\\\/\"},\"author\":{\"name\":\"Thomas\",\"@id\":\"https:\\\/\\\/www.gaidaphotos.com\\\/blog\\\/#\\\/schema\\\/person\\\/6c444a5b13ffc503c5c32f5a9ec68b21\"},\"headline\":\"Facebook: Privatsph\u00e4re sichern \u2013 Warum &#038; Wie\",\"datePublished\":\"2010-05-19T13:38:26+00:00\",\"dateModified\":\"2019-06-20T13:42:30+00:00\",\"mainEntityOfPage\":{\"@id\":\"https:\\\/\\\/www.gaidaphotos.com\\\/blog\\\/2010\\\/05\\\/19\\\/facebook-privatsphaere-sichern\\\/\"},\"wordCount\":1045,\"commentCount\":0,\"publisher\":{\"@id\":\"https:\\\/\\\/www.gaidaphotos.com\\\/blog\\\/#organization\"},\"image\":{\"@id\":\"https:\\\/\\\/www.gaidaphotos.com\\\/blog\\\/2010\\\/05\\\/19\\\/facebook-privatsphaere-sichern\\\/#primaryimage\"},\"thumbnailUrl\":\"https:\\\/\\\/www.gaidaphotos.com\\\/blog\\\/wp-content\\\/uploads\\\/2010\\\/05\\\/facebook-gaidaphotos.jpg\",\"keywords\":[\"Facebook\"],\"articleSection\":[\"social networking\",\"Tips &amp; Tricks\"],\"inLanguage\":\"de\",\"potentialAction\":[{\"@type\":\"CommentAction\",\"name\":\"Comment\",\"target\":[\"https:\\\/\\\/www.gaidaphotos.com\\\/blog\\\/2010\\\/05\\\/19\\\/facebook-privatsphaere-sichern\\\/#respond\"]}]},{\"@type\":\"WebPage\",\"@id\":\"https:\\\/\\\/www.gaidaphotos.com\\\/blog\\\/2010\\\/05\\\/19\\\/facebook-privatsphaere-sichern\\\/\",\"url\":\"https:\\\/\\\/www.gaidaphotos.com\\\/blog\\\/2010\\\/05\\\/19\\\/facebook-privatsphaere-sichern\\\/\",\"name\":\"Facebook: Privatsph\u00e4re sichern - Warum & Wie\",\"isPartOf\":{\"@id\":\"https:\\\/\\\/www.gaidaphotos.com\\\/blog\\\/#website\"},\"primaryImageOfPage\":{\"@id\":\"https:\\\/\\\/www.gaidaphotos.com\\\/blog\\\/2010\\\/05\\\/19\\\/facebook-privatsphaere-sichern\\\/#primaryimage\"},\"image\":{\"@id\":\"https:\\\/\\\/www.gaidaphotos.com\\\/blog\\\/2010\\\/05\\\/19\\\/facebook-privatsphaere-sichern\\\/#primaryimage\"},\"thumbnailUrl\":\"https:\\\/\\\/www.gaidaphotos.com\\\/blog\\\/wp-content\\\/uploads\\\/2010\\\/05\\\/facebook-gaidaphotos.jpg\",\"datePublished\":\"2010-05-19T13:38:26+00:00\",\"dateModified\":\"2019-06-20T13:42:30+00:00\",\"description\":\"Warum und Wie Sie Ihre Privatsph\u00e4re bei Facebook sichern. Die gr\u00f6\u00dften Gefahren f\u00fcr Ihre Privatsph\u00e4re, erkennen und beseitigen Sie die Sicherheitsl\u00fccken.\",\"breadcrumb\":{\"@id\":\"https:\\\/\\\/www.gaidaphotos.com\\\/blog\\\/2010\\\/05\\\/19\\\/facebook-privatsphaere-sichern\\\/#breadcrumb\"},\"inLanguage\":\"de\",\"potentialAction\":[{\"@type\":\"ReadAction\",\"target\":[\"https:\\\/\\\/www.gaidaphotos.com\\\/blog\\\/2010\\\/05\\\/19\\\/facebook-privatsphaere-sichern\\\/\"]}]},{\"@type\":\"ImageObject\",\"inLanguage\":\"de\",\"@id\":\"https:\\\/\\\/www.gaidaphotos.com\\\/blog\\\/2010\\\/05\\\/19\\\/facebook-privatsphaere-sichern\\\/#primaryimage\",\"url\":\"https:\\\/\\\/i0.wp.com\\\/www.gaidaphotos.com\\\/blog\\\/wp-content\\\/uploads\\\/2010\\\/05\\\/facebook-gaidaphotos.jpg?fit=524%2C339&ssl=1\",\"contentUrl\":\"https:\\\/\\\/i0.wp.com\\\/www.gaidaphotos.com\\\/blog\\\/wp-content\\\/uploads\\\/2010\\\/05\\\/facebook-gaidaphotos.jpg?fit=524%2C339&ssl=1\",\"width\":\"524\",\"height\":\"339\",\"caption\":\"Werden Sie Fan von gaidaphotos.com bei Facebook\"},{\"@type\":\"BreadcrumbList\",\"@id\":\"https:\\\/\\\/www.gaidaphotos.com\\\/blog\\\/2010\\\/05\\\/19\\\/facebook-privatsphaere-sichern\\\/#breadcrumb\",\"itemListElement\":[{\"@type\":\"ListItem\",\"position\":1,\"name\":\"Startseite\",\"item\":\"https:\\\/\\\/www.gaidaphotos.com\\\/blog\\\/\"},{\"@type\":\"ListItem\",\"position\":2,\"name\":\"Facebook: Privatsph\u00e4re sichern \u2013 Warum &#038; Wie\"}]},{\"@type\":\"WebSite\",\"@id\":\"https:\\\/\\\/www.gaidaphotos.com\\\/blog\\\/#website\",\"url\":\"https:\\\/\\\/www.gaidaphotos.com\\\/blog\\\/\",\"name\":\"K\u00f6ln Rodenkirchen und die Welt\",\"description\":\"Einkaufen, Restaurants, Freizeit, Nachrichten und was uns sonst bewegt und begegnet\",\"publisher\":{\"@id\":\"https:\\\/\\\/www.gaidaphotos.com\\\/blog\\\/#organization\"},\"potentialAction\":[{\"@type\":\"SearchAction\",\"target\":{\"@type\":\"EntryPoint\",\"urlTemplate\":\"https:\\\/\\\/www.gaidaphotos.com\\\/blog\\\/?s={search_term_string}\"},\"query-input\":{\"@type\":\"PropertyValueSpecification\",\"valueRequired\":true,\"valueName\":\"search_term_string\"}}],\"inLanguage\":\"de\"},{\"@type\":\"Organization\",\"@id\":\"https:\\\/\\\/www.gaidaphotos.com\\\/blog\\\/#organization\",\"name\":\"gaidaphotos\",\"url\":\"https:\\\/\\\/www.gaidaphotos.com\\\/blog\\\/\",\"logo\":{\"@type\":\"ImageObject\",\"inLanguage\":\"de\",\"@id\":\"https:\\\/\\\/www.gaidaphotos.com\\\/blog\\\/#\\\/schema\\\/logo\\\/image\\\/\",\"url\":\"https:\\\/\\\/i0.wp.com\\\/www.gaidaphotos.com\\\/blog\\\/wp-content\\\/uploads\\\/2020\\\/07\\\/GAIDAPHOTOS-COM.jpg?fit=160%2C96&ssl=1\",\"contentUrl\":\"https:\\\/\\\/i0.wp.com\\\/www.gaidaphotos.com\\\/blog\\\/wp-content\\\/uploads\\\/2020\\\/07\\\/GAIDAPHOTOS-COM.jpg?fit=160%2C96&ssl=1\",\"width\":160,\"height\":96,\"caption\":\"gaidaphotos\"},\"image\":{\"@id\":\"https:\\\/\\\/www.gaidaphotos.com\\\/blog\\\/#\\\/schema\\\/logo\\\/image\\\/\"},\"sameAs\":[\"https:\\\/\\\/www.facebook.com\\\/Koeln.Rodenkirchen\",\"https:\\\/\\\/x.com\\\/gaidaphotos\",\"https:\\\/\\\/instagram.com\\\/gaidaphotos\\\/\",\"https:\\\/\\\/de.linkedin.com\\\/in\\\/gaidaphotos\",\"https:\\\/\\\/myspace.com\\\/gaidaphotos\",\"https:\\\/\\\/www.pinterest.com\\\/gaidaphotos\\\/\",\"https:\\\/\\\/www.youtube.com\\\/user\\\/gaidaphotos\"]},{\"@type\":\"Person\",\"@id\":\"https:\\\/\\\/www.gaidaphotos.com\\\/blog\\\/#\\\/schema\\\/person\\\/6c444a5b13ffc503c5c32f5a9ec68b21\",\"name\":\"Thomas\",\"sameAs\":[\"https:\\\/\\\/www.gaidaphotos.com\",\"https:\\\/\\\/www.facebook.com\\\/gaidaphotos\",\"https:\\\/\\\/instagram.com\\\/gaidaphotos\\\/\",\"https:\\\/\\\/www.linkedin.com\\\/in\\\/gaidaphotos\",\"http:\\\/\\\/www.pinterest.com\\\/gaidaphotos\\\/\",\"https:\\\/\\\/x.com\\\/gaidaphotos\",\"https:\\\/\\\/myspace.com\\\/gaidaphotos\",\"https:\\\/\\\/www.youtube.com\\\/user\\\/gaidaphotos\",\"https:\\\/\\\/gaidaphotos.tumblr.com\\\/\"]}]}<\/script>\n<!-- \/ Yoast SEO plugin. -->","yoast_head_json":{"title":"Facebook: Privatsph\u00e4re sichern - Warum & Wie","description":"Warum und Wie Sie Ihre Privatsph\u00e4re bei Facebook sichern. Die gr\u00f6\u00dften Gefahren f\u00fcr Ihre Privatsph\u00e4re, erkennen und beseitigen Sie die Sicherheitsl\u00fccken.","robots":{"index":"index","follow":"follow","max-snippet":"max-snippet:-1","max-image-preview":"max-image-preview:large","max-video-preview":"max-video-preview:-1"},"canonical":"https:\/\/www.gaidaphotos.com\/blog\/2010\/05\/19\/facebook-privatsphaere-sichern\/","og_locale":"de_DE","og_type":"article","og_title":"Facebook: Privatsph\u00e4re sichern - Warum & Wie","og_description":"Warum und Wie Sie Ihre Privatsph\u00e4re bei Facebook sichern. Die gr\u00f6\u00dften Gefahren f\u00fcr Ihre Privatsph\u00e4re, erkennen und beseitigen Sie die Sicherheitsl\u00fccken.","og_url":"https:\/\/www.gaidaphotos.com\/blog\/2010\/05\/19\/facebook-privatsphaere-sichern\/","og_site_name":"K\u00f6ln Rodenkirchen und die Welt","article_publisher":"https:\/\/www.facebook.com\/Koeln.Rodenkirchen","article_author":"https:\/\/www.facebook.com\/gaidaphotos","article_published_time":"2010-05-19T13:38:26+00:00","article_modified_time":"2019-06-20T13:42:30+00:00","og_image":[{"url":"https:\/\/www.gaidaphotos.com\/blog\/wp-content\/uploads\/2010\/05\/facebook-gaidaphotos.jpg","type":"","width":"","height":""}],"author":"Thomas","twitter_card":"summary_large_image","twitter_creator":"@gaidaphotos","twitter_site":"@gaidaphotos","twitter_misc":{"Verfasst von":"Thomas","Gesch\u00e4tzte Lesezeit":"5\u00a0Minuten"},"schema":{"@context":"https:\/\/schema.org","@graph":[{"@type":"Article","@id":"https:\/\/www.gaidaphotos.com\/blog\/2010\/05\/19\/facebook-privatsphaere-sichern\/#article","isPartOf":{"@id":"https:\/\/www.gaidaphotos.com\/blog\/2010\/05\/19\/facebook-privatsphaere-sichern\/"},"author":{"name":"Thomas","@id":"https:\/\/www.gaidaphotos.com\/blog\/#\/schema\/person\/6c444a5b13ffc503c5c32f5a9ec68b21"},"headline":"Facebook: Privatsph\u00e4re sichern \u2013 Warum &#038; Wie","datePublished":"2010-05-19T13:38:26+00:00","dateModified":"2019-06-20T13:42:30+00:00","mainEntityOfPage":{"@id":"https:\/\/www.gaidaphotos.com\/blog\/2010\/05\/19\/facebook-privatsphaere-sichern\/"},"wordCount":1045,"commentCount":0,"publisher":{"@id":"https:\/\/www.gaidaphotos.com\/blog\/#organization"},"image":{"@id":"https:\/\/www.gaidaphotos.com\/blog\/2010\/05\/19\/facebook-privatsphaere-sichern\/#primaryimage"},"thumbnailUrl":"https:\/\/www.gaidaphotos.com\/blog\/wp-content\/uploads\/2010\/05\/facebook-gaidaphotos.jpg","keywords":["Facebook"],"articleSection":["social networking","Tips &amp; Tricks"],"inLanguage":"de","potentialAction":[{"@type":"CommentAction","name":"Comment","target":["https:\/\/www.gaidaphotos.com\/blog\/2010\/05\/19\/facebook-privatsphaere-sichern\/#respond"]}]},{"@type":"WebPage","@id":"https:\/\/www.gaidaphotos.com\/blog\/2010\/05\/19\/facebook-privatsphaere-sichern\/","url":"https:\/\/www.gaidaphotos.com\/blog\/2010\/05\/19\/facebook-privatsphaere-sichern\/","name":"Facebook: Privatsph\u00e4re sichern - Warum & Wie","isPartOf":{"@id":"https:\/\/www.gaidaphotos.com\/blog\/#website"},"primaryImageOfPage":{"@id":"https:\/\/www.gaidaphotos.com\/blog\/2010\/05\/19\/facebook-privatsphaere-sichern\/#primaryimage"},"image":{"@id":"https:\/\/www.gaidaphotos.com\/blog\/2010\/05\/19\/facebook-privatsphaere-sichern\/#primaryimage"},"thumbnailUrl":"https:\/\/www.gaidaphotos.com\/blog\/wp-content\/uploads\/2010\/05\/facebook-gaidaphotos.jpg","datePublished":"2010-05-19T13:38:26+00:00","dateModified":"2019-06-20T13:42:30+00:00","description":"Warum und Wie Sie Ihre Privatsph\u00e4re bei Facebook sichern. Die gr\u00f6\u00dften Gefahren f\u00fcr Ihre Privatsph\u00e4re, erkennen und beseitigen Sie die Sicherheitsl\u00fccken.","breadcrumb":{"@id":"https:\/\/www.gaidaphotos.com\/blog\/2010\/05\/19\/facebook-privatsphaere-sichern\/#breadcrumb"},"inLanguage":"de","potentialAction":[{"@type":"ReadAction","target":["https:\/\/www.gaidaphotos.com\/blog\/2010\/05\/19\/facebook-privatsphaere-sichern\/"]}]},{"@type":"ImageObject","inLanguage":"de","@id":"https:\/\/www.gaidaphotos.com\/blog\/2010\/05\/19\/facebook-privatsphaere-sichern\/#primaryimage","url":"https:\/\/i0.wp.com\/www.gaidaphotos.com\/blog\/wp-content\/uploads\/2010\/05\/facebook-gaidaphotos.jpg?fit=524%2C339&ssl=1","contentUrl":"https:\/\/i0.wp.com\/www.gaidaphotos.com\/blog\/wp-content\/uploads\/2010\/05\/facebook-gaidaphotos.jpg?fit=524%2C339&ssl=1","width":"524","height":"339","caption":"Werden Sie Fan von gaidaphotos.com bei Facebook"},{"@type":"BreadcrumbList","@id":"https:\/\/www.gaidaphotos.com\/blog\/2010\/05\/19\/facebook-privatsphaere-sichern\/#breadcrumb","itemListElement":[{"@type":"ListItem","position":1,"name":"Startseite","item":"https:\/\/www.gaidaphotos.com\/blog\/"},{"@type":"ListItem","position":2,"name":"Facebook: Privatsph\u00e4re sichern \u2013 Warum &#038; Wie"}]},{"@type":"WebSite","@id":"https:\/\/www.gaidaphotos.com\/blog\/#website","url":"https:\/\/www.gaidaphotos.com\/blog\/","name":"K\u00f6ln Rodenkirchen und die Welt","description":"Einkaufen, Restaurants, Freizeit, Nachrichten und was uns sonst bewegt und begegnet","publisher":{"@id":"https:\/\/www.gaidaphotos.com\/blog\/#organization"},"potentialAction":[{"@type":"SearchAction","target":{"@type":"EntryPoint","urlTemplate":"https:\/\/www.gaidaphotos.com\/blog\/?s={search_term_string}"},"query-input":{"@type":"PropertyValueSpecification","valueRequired":true,"valueName":"search_term_string"}}],"inLanguage":"de"},{"@type":"Organization","@id":"https:\/\/www.gaidaphotos.com\/blog\/#organization","name":"gaidaphotos","url":"https:\/\/www.gaidaphotos.com\/blog\/","logo":{"@type":"ImageObject","inLanguage":"de","@id":"https:\/\/www.gaidaphotos.com\/blog\/#\/schema\/logo\/image\/","url":"https:\/\/i0.wp.com\/www.gaidaphotos.com\/blog\/wp-content\/uploads\/2020\/07\/GAIDAPHOTOS-COM.jpg?fit=160%2C96&ssl=1","contentUrl":"https:\/\/i0.wp.com\/www.gaidaphotos.com\/blog\/wp-content\/uploads\/2020\/07\/GAIDAPHOTOS-COM.jpg?fit=160%2C96&ssl=1","width":160,"height":96,"caption":"gaidaphotos"},"image":{"@id":"https:\/\/www.gaidaphotos.com\/blog\/#\/schema\/logo\/image\/"},"sameAs":["https:\/\/www.facebook.com\/Koeln.Rodenkirchen","https:\/\/x.com\/gaidaphotos","https:\/\/instagram.com\/gaidaphotos\/","https:\/\/de.linkedin.com\/in\/gaidaphotos","https:\/\/myspace.com\/gaidaphotos","https:\/\/www.pinterest.com\/gaidaphotos\/","https:\/\/www.youtube.com\/user\/gaidaphotos"]},{"@type":"Person","@id":"https:\/\/www.gaidaphotos.com\/blog\/#\/schema\/person\/6c444a5b13ffc503c5c32f5a9ec68b21","name":"Thomas","sameAs":["https:\/\/www.gaidaphotos.com","https:\/\/www.facebook.com\/gaidaphotos","https:\/\/instagram.com\/gaidaphotos\/","https:\/\/www.linkedin.com\/in\/gaidaphotos","http:\/\/www.pinterest.com\/gaidaphotos\/","https:\/\/x.com\/gaidaphotos","https:\/\/myspace.com\/gaidaphotos","https:\/\/www.youtube.com\/user\/gaidaphotos","https:\/\/gaidaphotos.tumblr.com\/"]}]}},"jetpack_publicize_connections":[],"jetpack_featured_media_url":"","jetpack_sharing_enabled":true,"jetpack_likes_enabled":true,"jetpack-related-posts":[{"id":3492,"url":"https:\/\/www.gaidaphotos.com\/blog\/2011\/01\/18\/facebook-private-daten-neue-warnungen-gefahren\/","url_meta":{"origin":2889,"position":0},"title":"Facebook und private Daten: Neue Warnungen, neue Gefahren","author":"Thomas","date":"18. Januar 2011","format":false,"excerpt":"Facebook und private Daten: Neue Warnungen, neue Gefahren Die Online Aussage der PC-World warnt gestern vor neuem Datenklau bei Facebook durch Facebook-Apps. Facebook gibt Ihre Anschrift an Entwickler weiter Ihre private Anschrift, Ihre Handynummer und Ihre Telefonnummer geh\u00f6ren zu den Daten, die Entwickler durch Facebook unterst\u00fctzte Logins und Apps (Anwendungen)\u2026","rel":"","context":"In &quot;social networking&quot;","block_context":{"text":"social networking","link":"https:\/\/www.gaidaphotos.com\/blog\/category\/neuigkeiten\/social-networking\/"},"img":{"alt_text":"","src":"","width":0,"height":0},"classes":[]},{"id":2781,"url":"https:\/\/www.gaidaphotos.com\/blog\/2010\/04\/08\/facebook-warengutschein-abzocke\/","url_meta":{"origin":2889,"position":1},"title":"Facebook Warnung: Warengutschein Abzocke","author":"Thomas","date":"8. April 2010","format":false,"excerpt":"Bekommt Facebook die Warengutschein Abzocke in den Griff? Selbst so ein ausgebuffter PC und Internetprofi wie Hans M. (Name ge\u00e4ndert) ist auf die neueste Abzocke bei Facebook beinahe hereingefallen. Er klickte den Link zu einer Facebook Fan-Seite eines Unternehmens im DAX und folgte einem tollen Angebot: Wenn er als einer\u2026","rel":"","context":"In &quot;social networking&quot;","block_context":{"text":"social networking","link":"https:\/\/www.gaidaphotos.com\/blog\/category\/neuigkeiten\/social-networking\/"},"img":{"alt_text":"","src":"https:\/\/i0.wp.com\/badge.facebook.com\/badge\/140331692895.3371.1367086517.png?resize=350%2C200","width":350,"height":200},"classes":[]},{"id":2257,"url":"https:\/\/www.gaidaphotos.com\/blog\/2009\/11\/18\/facebook-wurm-unterwegs-koobface\/","url_meta":{"origin":2889,"position":2},"title":"Facebook Warnung: Gef\u00e4hrlicher Wurm (Koobface) unterwegs","author":"01726903617@vodafone.de","date":"18. November 2009","format":false,"excerpt":"Die amerikanische PC World warnte vor ein paar Tagen vor einem gef\u00e4hrlicher gewordenen Wurm namens \"Koobface\", der bei Facebook unterwegs ist und Facebook Nutzer \"bef\u00e4llt\". PC World Seit Mitte 2008 bef\u00e4llt der Wurm \"Koobface\" Facebook Profile. Dazu \u00fcbernimmt er die Kontrolle des Nutzer-PC und schickt an alle Facebook Freunde Nachrichten\u2026","rel":"","context":"In &quot;social networking&quot;","block_context":{"text":"social networking","link":"https:\/\/www.gaidaphotos.com\/blog\/category\/neuigkeiten\/social-networking\/"},"img":{"alt_text":"Facebook Gefahr: Wurm unterwegs","src":"https:\/\/i0.wp.com\/www.gaidaphotos.com\/bonus\/birthday\/schlange.jpg?resize=350%2C200&ssl=1","width":350,"height":200},"classes":[]},{"id":2708,"url":"https:\/\/www.gaidaphotos.com\/blog\/2010\/03\/18\/facebook-warnung-spam\/","url_meta":{"origin":2889,"position":3},"title":"Facebook Warnung: Gef\u00e4hrliche SPAM Mails unterwegs.","author":"Thomas","date":"18. M\u00e4rz 2010","format":false,"excerpt":"Achtung Facebook User: Gef\u00e4hrliche Mail mit Trojaner unterwegs! Wir haben es selbst erlebt und jetzt warnt auch McAffee vor den gef\u00e4hrlichen Facebook SPAM Mails. \u00dcber 400 Millionen dieser Mails sollen in den letzten Tagen versandt worden sein. Wir haben schon vor Wochen die ersten Mails dieser Art erhalten. Mit einer\u2026","rel":"","context":"In &quot;social networking&quot;","block_context":{"text":"social networking","link":"https:\/\/www.gaidaphotos.com\/blog\/category\/neuigkeiten\/social-networking\/"},"img":{"alt_text":"Facebook warnung","src":"https:\/\/i0.wp.com\/www.gaidaphotos.com\/blog\/wp-content\/uploads\/2010\/03\/facebook-warnung-spam.jpg?resize=350%2C200&ssl=1","width":350,"height":200,"srcset":"https:\/\/i0.wp.com\/www.gaidaphotos.com\/blog\/wp-content\/uploads\/2010\/03\/facebook-warnung-spam.jpg?resize=350%2C200&ssl=1 1x, https:\/\/i0.wp.com\/www.gaidaphotos.com\/blog\/wp-content\/uploads\/2010\/03\/facebook-warnung-spam.jpg?resize=525%2C300&ssl=1 1.5x, https:\/\/i0.wp.com\/www.gaidaphotos.com\/blog\/wp-content\/uploads\/2010\/03\/facebook-warnung-spam.jpg?resize=700%2C400&ssl=1 2x"},"classes":[]},{"id":625,"url":"https:\/\/www.gaidaphotos.com\/blog\/2009\/05\/21\/maastricht-einkaufen-auf-dem-flohmarkt-foto\/","url_meta":{"origin":2889,"position":4},"title":"Maastricht: Einkaufen auf dem Flohmarkt (Foto)","author":"Thomas","date":"21. Mai 2009","format":false,"excerpt":"Wenn in Deutschland an Feiertag die L\u00e4den geschlossen sind kann man in Maastricht toll Einkaufen. Noch besser ist es, wenn Flohmarkt ist. Erg\u00e4nzung M\u00e4rz 2014: Die neuen Flohmarkttermine f\u00fcr Maastricht (Holland) 2014 sind da! Wenn Sie automatisch \u00fcber die Daten f\u00fcr Flohm\u00e4rkte in Holland informiert werden m\u00f6chten, abonnieren Sie unsere\u2026","rel":"","context":"In &quot;17&quot;","block_context":{"text":"17","link":"https:\/\/www.gaidaphotos.com\/blog\/category\/mobile_news_von_unterwegs\/mobile_news_von_unterwegs-n95\/"},"img":{"alt_text":"","src":"","width":0,"height":0},"classes":[]},{"id":2738,"url":"https:\/\/www.gaidaphotos.com\/blog\/2010\/03\/26\/koeln-kissenschlacht-03-04-2010\/","url_meta":{"origin":2889,"position":5},"title":"K\u00f6ln: Kissenschlacht auf der Domplatte am 03.04.2010","author":"Thomas","date":"26. M\u00e4rz 2010","format":false,"excerpt":"Facebook Einladung zur gro\u00dfen Kissenschlacht in K\u00f6ln am 3.4.2010 Eine unbekannte Gruppe l\u00e4dt bei Facebook zur gro\u00dfen Kissenschlacht am 03. April 2010 ab 15:00h in K\u00f6ln auf der Domplatte ein. Anlass ist K\u00f6lns 2. und der weltweit 3. j\u00e4hrliche \"Tag der Kissenschlacht:\u00a0 http:\/\/www.pillowfightday.com Kommt mit einem weichen Kissen und wartet\u2026","rel":"","context":"In &quot;K\u00f6ln&quot;","block_context":{"text":"K\u00f6ln","link":"https:\/\/www.gaidaphotos.com\/blog\/category\/koeln\/"},"img":{"alt_text":"","src":"","width":0,"height":0},"classes":[]}],"_links":{"self":[{"href":"https:\/\/www.gaidaphotos.com\/blog\/wp-json\/wp\/v2\/posts\/2889","targetHints":{"allow":["GET"]}}],"collection":[{"href":"https:\/\/www.gaidaphotos.com\/blog\/wp-json\/wp\/v2\/posts"}],"about":[{"href":"https:\/\/www.gaidaphotos.com\/blog\/wp-json\/wp\/v2\/types\/post"}],"author":[{"embeddable":true,"href":"https:\/\/www.gaidaphotos.com\/blog\/wp-json\/wp\/v2\/users\/6"}],"replies":[{"embeddable":true,"href":"https:\/\/www.gaidaphotos.com\/blog\/wp-json\/wp\/v2\/comments?post=2889"}],"version-history":[{"count":0,"href":"https:\/\/www.gaidaphotos.com\/blog\/wp-json\/wp\/v2\/posts\/2889\/revisions"}],"wp:attachment":[{"href":"https:\/\/www.gaidaphotos.com\/blog\/wp-json\/wp\/v2\/media?parent=2889"}],"wp:term":[{"taxonomy":"category","embeddable":true,"href":"https:\/\/www.gaidaphotos.com\/blog\/wp-json\/wp\/v2\/categories?post=2889"},{"taxonomy":"post_tag","embeddable":true,"href":"https:\/\/www.gaidaphotos.com\/blog\/wp-json\/wp\/v2\/tags?post=2889"}],"curies":[{"name":"wp","href":"https:\/\/api.w.org\/{rel}","templated":true}]}}