{"id":292,"date":"2009-04-01T11:08:41","date_gmt":"2009-04-01T10:08:41","guid":{"rendered":"http:\/\/gaidaphotos.com\/blog\/?p=292"},"modified":"2015-09-02T15:44:17","modified_gmt":"2015-09-02T13:44:17","slug":"koln-rodenkirchen-maternusplatz","status":"publish","type":"post","link":"https:\/\/www.gaidaphotos.com\/blog\/2009\/04\/01\/koln-rodenkirchen-maternusplatz\/","title":{"rendered":"K\u00f6ln-Rodenkirchen-Maternusplatz: Geht der Wahnsinn dem Ende zu?"},"content":{"rendered":"<h1>K\u00f6ln-Rodenkirchen-Maternusplatz: Geht der Wahnsinn dem Ende zu?<\/h1>\n<p>Mann kann es kaum glauben, aber der Umbau des Maternusplatzes und der angrenzenden Stra\u00dfen (Maternusstra\u00dfe, Nibelungenweg) scheint dem Ende zuzugehen. HALLELUJAH!<\/p>\n<p>Auff\u00e4llig ist, das die neuen Fahrbahndecken rund um den Maternusplatz in K\u00f6ln-Rodenkirchen deutlich niedriger liegen. Wir sind gesapnnt, wie die \u00dcberg\u00e4nge an den Kreuzungen gestaltet werden. Warum die neuen H\u00e4user einen so unglaublich hohen B\u00fcrgersteig zur Maternusstra\u00dfe brauchen ist ebenso wenig einsichtig, wie die geringe Breite des B\u00fcrgersteiges.<\/p>\n<p>Die neuen Geb\u00e4ude am Maternusplatz in K\u00f6ln-Rodenkirchen beendet die Maternusstra\u00dfe optisch. Schade f\u00fcr die dahinter liegenden Gesch\u00e4fte. So wird der Maternusplatz zwar aufgewertet, aber die dahinter liegenden Stra\u00dfen werden abgewertet.<\/p>\n<p>Nicht nur beim Bau der U-Bahn mu\u00df man sich fragen, was so alles in K\u00f6ln genehmigt und gebaut werden darf.<\/p>\n<p>Hauptsache der Baul\u00e4rm und die \u00fcbrigen Bel\u00e4stigungen finden bald ein Ende!<\/p>\n","protected":false},"excerpt":{"rendered":"<p>Mann kann es kaum glauben, aber der Umbau des Maternusplatzes und der angrenzenden Stra\u00dfen (Maternusstra\u00dfe, Nibelungenweg) scheint dem Ende zuzugehen. HALLELUJAH!<\/p>\n","protected":false},"author":6,"featured_media":0,"comment_status":"closed","ping_status":"open","sticky":false,"template":"","format":"standard","meta":{"_crdt_document":"","ngg_post_thumbnail":0,"jetpack_post_was_ever_published":false,"_jetpack_newsletter_access":"","_jetpack_dont_email_post_to_subs":false,"_jetpack_newsletter_tier_id":0,"_jetpack_memberships_contains_paywalled_content":false,"_jetpack_memberships_contains_paid_content":false,"footnotes":"","jetpack_publicize_message":"","jetpack_publicize_feature_enabled":true,"jetpack_social_post_already_shared":false,"jetpack_social_options":{"image_generator_settings":{"template":"highway","default_image_id":0,"font":"","enabled":false},"version":2}},"categories":[52,39],"tags":[538],"class_list":["post-292","post","type-post","status-publish","format-standard","hentry","category-koeln-rodenkirchen","category-neuigkeiten","tag-koeln-rodenkirchen","comments-off"],"yoast_head":"<!-- This site is optimized with the Yoast SEO plugin v27.5 - https:\/\/yoast.com\/product\/yoast-seo-wordpress\/ -->\n<title>K\u00f6ln-Rodenkirchen-Maternusplatz: Geht der Wahnsinn dem Ende zu?<\/title>\n<meta name=\"description\" content=\"Mann kann es kaum glauben, aber der Umbau des Maternusplatzes und der angrenzenden Stra\u00dfen (Maternusstra\u00dfe, Nibelungenweg) scheint dem Ende zuzugehen. HALLELUJAH!\" \/>\n<meta name=\"robots\" content=\"index, follow, max-snippet:-1, max-image-preview:large, max-video-preview:-1\" \/>\n<link rel=\"canonical\" href=\"https:\/\/www.gaidaphotos.com\/blog\/2009\/04\/01\/koln-rodenkirchen-maternusplatz\/\" \/>\n<meta property=\"og:locale\" content=\"de_DE\" \/>\n<meta property=\"og:type\" content=\"article\" \/>\n<meta property=\"og:title\" content=\"K\u00f6ln-Rodenkirchen-Maternusplatz: Geht der Wahnsinn dem Ende zu?\" \/>\n<meta property=\"og:description\" content=\"Mann kann es kaum glauben, aber der Umbau des Maternusplatzes und der angrenzenden Stra\u00dfen (Maternusstra\u00dfe, Nibelungenweg) scheint dem Ende zuzugehen. HALLELUJAH!\" \/>\n<meta property=\"og:url\" content=\"https:\/\/www.gaidaphotos.com\/blog\/2009\/04\/01\/koln-rodenkirchen-maternusplatz\/\" \/>\n<meta property=\"og:site_name\" content=\"K\u00f6ln Rodenkirchen und die Welt\" \/>\n<meta property=\"article:publisher\" content=\"https:\/\/www.facebook.com\/Koeln.Rodenkirchen\" \/>\n<meta property=\"article:author\" content=\"https:\/\/www.facebook.com\/gaidaphotos\" \/>\n<meta property=\"article:published_time\" content=\"2009-04-01T10:08:41+00:00\" \/>\n<meta property=\"article:modified_time\" content=\"2015-09-02T13:44:17+00:00\" \/>\n<meta name=\"author\" content=\"Thomas\" \/>\n<meta name=\"twitter:card\" content=\"summary_large_image\" \/>\n<meta name=\"twitter:creator\" content=\"@gaidaphotos\" \/>\n<meta name=\"twitter:site\" content=\"@gaidaphotos\" \/>\n<meta name=\"twitter:label1\" content=\"Verfasst von\" \/>\n\t<meta name=\"twitter:data1\" content=\"Thomas\" \/>\n\t<meta name=\"twitter:label2\" content=\"Gesch\u00e4tzte Lesezeit\" \/>\n\t<meta name=\"twitter:data2\" content=\"1\u00a0Minute\" \/>\n<script type=\"application\/ld+json\" class=\"yoast-schema-graph\">{\"@context\":\"https:\\\/\\\/schema.org\",\"@graph\":[{\"@type\":\"Article\",\"@id\":\"https:\\\/\\\/www.gaidaphotos.com\\\/blog\\\/2009\\\/04\\\/01\\\/koln-rodenkirchen-maternusplatz\\\/#article\",\"isPartOf\":{\"@id\":\"https:\\\/\\\/www.gaidaphotos.com\\\/blog\\\/2009\\\/04\\\/01\\\/koln-rodenkirchen-maternusplatz\\\/\"},\"author\":{\"name\":\"Thomas\",\"@id\":\"https:\\\/\\\/www.gaidaphotos.com\\\/blog\\\/#\\\/schema\\\/person\\\/6c444a5b13ffc503c5c32f5a9ec68b21\"},\"headline\":\"K\u00f6ln-Rodenkirchen-Maternusplatz: Geht der Wahnsinn dem Ende zu?\",\"datePublished\":\"2009-04-01T10:08:41+00:00\",\"dateModified\":\"2015-09-02T13:44:17+00:00\",\"mainEntityOfPage\":{\"@id\":\"https:\\\/\\\/www.gaidaphotos.com\\\/blog\\\/2009\\\/04\\\/01\\\/koln-rodenkirchen-maternusplatz\\\/\"},\"wordCount\":164,\"publisher\":{\"@id\":\"https:\\\/\\\/www.gaidaphotos.com\\\/blog\\\/#organization\"},\"keywords\":[\"K\u00f6ln Rodenkirchen\"],\"articleSection\":[\"K\u00f6ln Rodenkirchen\",\"Neuigkeiten\"],\"inLanguage\":\"de\"},{\"@type\":\"WebPage\",\"@id\":\"https:\\\/\\\/www.gaidaphotos.com\\\/blog\\\/2009\\\/04\\\/01\\\/koln-rodenkirchen-maternusplatz\\\/\",\"url\":\"https:\\\/\\\/www.gaidaphotos.com\\\/blog\\\/2009\\\/04\\\/01\\\/koln-rodenkirchen-maternusplatz\\\/\",\"name\":\"K\u00f6ln-Rodenkirchen-Maternusplatz: Geht der Wahnsinn dem Ende zu?\",\"isPartOf\":{\"@id\":\"https:\\\/\\\/www.gaidaphotos.com\\\/blog\\\/#website\"},\"datePublished\":\"2009-04-01T10:08:41+00:00\",\"dateModified\":\"2015-09-02T13:44:17+00:00\",\"description\":\"Mann kann es kaum glauben, aber der Umbau des Maternusplatzes und der angrenzenden Stra\u00dfen (Maternusstra\u00dfe, Nibelungenweg) scheint dem Ende zuzugehen. HALLELUJAH!\",\"breadcrumb\":{\"@id\":\"https:\\\/\\\/www.gaidaphotos.com\\\/blog\\\/2009\\\/04\\\/01\\\/koln-rodenkirchen-maternusplatz\\\/#breadcrumb\"},\"inLanguage\":\"de\",\"potentialAction\":[{\"@type\":\"ReadAction\",\"target\":[\"https:\\\/\\\/www.gaidaphotos.com\\\/blog\\\/2009\\\/04\\\/01\\\/koln-rodenkirchen-maternusplatz\\\/\"]}]},{\"@type\":\"BreadcrumbList\",\"@id\":\"https:\\\/\\\/www.gaidaphotos.com\\\/blog\\\/2009\\\/04\\\/01\\\/koln-rodenkirchen-maternusplatz\\\/#breadcrumb\",\"itemListElement\":[{\"@type\":\"ListItem\",\"position\":1,\"name\":\"Startseite\",\"item\":\"https:\\\/\\\/www.gaidaphotos.com\\\/blog\\\/\"},{\"@type\":\"ListItem\",\"position\":2,\"name\":\"K\u00f6ln-Rodenkirchen-Maternusplatz: Geht der Wahnsinn dem Ende zu?\"}]},{\"@type\":\"WebSite\",\"@id\":\"https:\\\/\\\/www.gaidaphotos.com\\\/blog\\\/#website\",\"url\":\"https:\\\/\\\/www.gaidaphotos.com\\\/blog\\\/\",\"name\":\"K\u00f6ln Rodenkirchen und die Welt\",\"description\":\"Einkaufen, Restaurants, Freizeit, Nachrichten und was uns sonst bewegt und begegnet\",\"publisher\":{\"@id\":\"https:\\\/\\\/www.gaidaphotos.com\\\/blog\\\/#organization\"},\"potentialAction\":[{\"@type\":\"SearchAction\",\"target\":{\"@type\":\"EntryPoint\",\"urlTemplate\":\"https:\\\/\\\/www.gaidaphotos.com\\\/blog\\\/?s={search_term_string}\"},\"query-input\":{\"@type\":\"PropertyValueSpecification\",\"valueRequired\":true,\"valueName\":\"search_term_string\"}}],\"inLanguage\":\"de\"},{\"@type\":\"Organization\",\"@id\":\"https:\\\/\\\/www.gaidaphotos.com\\\/blog\\\/#organization\",\"name\":\"gaidaphotos\",\"url\":\"https:\\\/\\\/www.gaidaphotos.com\\\/blog\\\/\",\"logo\":{\"@type\":\"ImageObject\",\"inLanguage\":\"de\",\"@id\":\"https:\\\/\\\/www.gaidaphotos.com\\\/blog\\\/#\\\/schema\\\/logo\\\/image\\\/\",\"url\":\"https:\\\/\\\/i0.wp.com\\\/www.gaidaphotos.com\\\/blog\\\/wp-content\\\/uploads\\\/2020\\\/07\\\/GAIDAPHOTOS-COM.jpg?fit=160%2C96&ssl=1\",\"contentUrl\":\"https:\\\/\\\/i0.wp.com\\\/www.gaidaphotos.com\\\/blog\\\/wp-content\\\/uploads\\\/2020\\\/07\\\/GAIDAPHOTOS-COM.jpg?fit=160%2C96&ssl=1\",\"width\":160,\"height\":96,\"caption\":\"gaidaphotos\"},\"image\":{\"@id\":\"https:\\\/\\\/www.gaidaphotos.com\\\/blog\\\/#\\\/schema\\\/logo\\\/image\\\/\"},\"sameAs\":[\"https:\\\/\\\/www.facebook.com\\\/Koeln.Rodenkirchen\",\"https:\\\/\\\/x.com\\\/gaidaphotos\",\"https:\\\/\\\/instagram.com\\\/gaidaphotos\\\/\",\"https:\\\/\\\/de.linkedin.com\\\/in\\\/gaidaphotos\",\"https:\\\/\\\/myspace.com\\\/gaidaphotos\",\"https:\\\/\\\/www.pinterest.com\\\/gaidaphotos\\\/\",\"https:\\\/\\\/www.youtube.com\\\/user\\\/gaidaphotos\"]},{\"@type\":\"Person\",\"@id\":\"https:\\\/\\\/www.gaidaphotos.com\\\/blog\\\/#\\\/schema\\\/person\\\/6c444a5b13ffc503c5c32f5a9ec68b21\",\"name\":\"Thomas\",\"sameAs\":[\"https:\\\/\\\/www.gaidaphotos.com\",\"https:\\\/\\\/www.facebook.com\\\/gaidaphotos\",\"https:\\\/\\\/instagram.com\\\/gaidaphotos\\\/\",\"https:\\\/\\\/www.linkedin.com\\\/in\\\/gaidaphotos\",\"http:\\\/\\\/www.pinterest.com\\\/gaidaphotos\\\/\",\"https:\\\/\\\/x.com\\\/gaidaphotos\",\"https:\\\/\\\/myspace.com\\\/gaidaphotos\",\"https:\\\/\\\/www.youtube.com\\\/user\\\/gaidaphotos\",\"https:\\\/\\\/gaidaphotos.tumblr.com\\\/\"]}]}<\/script>\n<!-- \/ Yoast SEO plugin. -->","yoast_head_json":{"title":"K\u00f6ln-Rodenkirchen-Maternusplatz: Geht der Wahnsinn dem Ende zu?","description":"Mann kann es kaum glauben, aber der Umbau des Maternusplatzes und der angrenzenden Stra\u00dfen (Maternusstra\u00dfe, Nibelungenweg) scheint dem Ende zuzugehen. HALLELUJAH!","robots":{"index":"index","follow":"follow","max-snippet":"max-snippet:-1","max-image-preview":"max-image-preview:large","max-video-preview":"max-video-preview:-1"},"canonical":"https:\/\/www.gaidaphotos.com\/blog\/2009\/04\/01\/koln-rodenkirchen-maternusplatz\/","og_locale":"de_DE","og_type":"article","og_title":"K\u00f6ln-Rodenkirchen-Maternusplatz: Geht der Wahnsinn dem Ende zu?","og_description":"Mann kann es kaum glauben, aber der Umbau des Maternusplatzes und der angrenzenden Stra\u00dfen (Maternusstra\u00dfe, Nibelungenweg) scheint dem Ende zuzugehen. HALLELUJAH!","og_url":"https:\/\/www.gaidaphotos.com\/blog\/2009\/04\/01\/koln-rodenkirchen-maternusplatz\/","og_site_name":"K\u00f6ln Rodenkirchen und die Welt","article_publisher":"https:\/\/www.facebook.com\/Koeln.Rodenkirchen","article_author":"https:\/\/www.facebook.com\/gaidaphotos","article_published_time":"2009-04-01T10:08:41+00:00","article_modified_time":"2015-09-02T13:44:17+00:00","author":"Thomas","twitter_card":"summary_large_image","twitter_creator":"@gaidaphotos","twitter_site":"@gaidaphotos","twitter_misc":{"Verfasst von":"Thomas","Gesch\u00e4tzte Lesezeit":"1\u00a0Minute"},"schema":{"@context":"https:\/\/schema.org","@graph":[{"@type":"Article","@id":"https:\/\/www.gaidaphotos.com\/blog\/2009\/04\/01\/koln-rodenkirchen-maternusplatz\/#article","isPartOf":{"@id":"https:\/\/www.gaidaphotos.com\/blog\/2009\/04\/01\/koln-rodenkirchen-maternusplatz\/"},"author":{"name":"Thomas","@id":"https:\/\/www.gaidaphotos.com\/blog\/#\/schema\/person\/6c444a5b13ffc503c5c32f5a9ec68b21"},"headline":"K\u00f6ln-Rodenkirchen-Maternusplatz: Geht der Wahnsinn dem Ende zu?","datePublished":"2009-04-01T10:08:41+00:00","dateModified":"2015-09-02T13:44:17+00:00","mainEntityOfPage":{"@id":"https:\/\/www.gaidaphotos.com\/blog\/2009\/04\/01\/koln-rodenkirchen-maternusplatz\/"},"wordCount":164,"publisher":{"@id":"https:\/\/www.gaidaphotos.com\/blog\/#organization"},"keywords":["K\u00f6ln Rodenkirchen"],"articleSection":["K\u00f6ln Rodenkirchen","Neuigkeiten"],"inLanguage":"de"},{"@type":"WebPage","@id":"https:\/\/www.gaidaphotos.com\/blog\/2009\/04\/01\/koln-rodenkirchen-maternusplatz\/","url":"https:\/\/www.gaidaphotos.com\/blog\/2009\/04\/01\/koln-rodenkirchen-maternusplatz\/","name":"K\u00f6ln-Rodenkirchen-Maternusplatz: Geht der Wahnsinn dem Ende zu?","isPartOf":{"@id":"https:\/\/www.gaidaphotos.com\/blog\/#website"},"datePublished":"2009-04-01T10:08:41+00:00","dateModified":"2015-09-02T13:44:17+00:00","description":"Mann kann es kaum glauben, aber der Umbau des Maternusplatzes und der angrenzenden Stra\u00dfen (Maternusstra\u00dfe, Nibelungenweg) scheint dem Ende zuzugehen. HALLELUJAH!","breadcrumb":{"@id":"https:\/\/www.gaidaphotos.com\/blog\/2009\/04\/01\/koln-rodenkirchen-maternusplatz\/#breadcrumb"},"inLanguage":"de","potentialAction":[{"@type":"ReadAction","target":["https:\/\/www.gaidaphotos.com\/blog\/2009\/04\/01\/koln-rodenkirchen-maternusplatz\/"]}]},{"@type":"BreadcrumbList","@id":"https:\/\/www.gaidaphotos.com\/blog\/2009\/04\/01\/koln-rodenkirchen-maternusplatz\/#breadcrumb","itemListElement":[{"@type":"ListItem","position":1,"name":"Startseite","item":"https:\/\/www.gaidaphotos.com\/blog\/"},{"@type":"ListItem","position":2,"name":"K\u00f6ln-Rodenkirchen-Maternusplatz: Geht der Wahnsinn dem Ende zu?"}]},{"@type":"WebSite","@id":"https:\/\/www.gaidaphotos.com\/blog\/#website","url":"https:\/\/www.gaidaphotos.com\/blog\/","name":"K\u00f6ln Rodenkirchen und die Welt","description":"Einkaufen, Restaurants, Freizeit, Nachrichten und was uns sonst bewegt und begegnet","publisher":{"@id":"https:\/\/www.gaidaphotos.com\/blog\/#organization"},"potentialAction":[{"@type":"SearchAction","target":{"@type":"EntryPoint","urlTemplate":"https:\/\/www.gaidaphotos.com\/blog\/?s={search_term_string}"},"query-input":{"@type":"PropertyValueSpecification","valueRequired":true,"valueName":"search_term_string"}}],"inLanguage":"de"},{"@type":"Organization","@id":"https:\/\/www.gaidaphotos.com\/blog\/#organization","name":"gaidaphotos","url":"https:\/\/www.gaidaphotos.com\/blog\/","logo":{"@type":"ImageObject","inLanguage":"de","@id":"https:\/\/www.gaidaphotos.com\/blog\/#\/schema\/logo\/image\/","url":"https:\/\/i0.wp.com\/www.gaidaphotos.com\/blog\/wp-content\/uploads\/2020\/07\/GAIDAPHOTOS-COM.jpg?fit=160%2C96&ssl=1","contentUrl":"https:\/\/i0.wp.com\/www.gaidaphotos.com\/blog\/wp-content\/uploads\/2020\/07\/GAIDAPHOTOS-COM.jpg?fit=160%2C96&ssl=1","width":160,"height":96,"caption":"gaidaphotos"},"image":{"@id":"https:\/\/www.gaidaphotos.com\/blog\/#\/schema\/logo\/image\/"},"sameAs":["https:\/\/www.facebook.com\/Koeln.Rodenkirchen","https:\/\/x.com\/gaidaphotos","https:\/\/instagram.com\/gaidaphotos\/","https:\/\/de.linkedin.com\/in\/gaidaphotos","https:\/\/myspace.com\/gaidaphotos","https:\/\/www.pinterest.com\/gaidaphotos\/","https:\/\/www.youtube.com\/user\/gaidaphotos"]},{"@type":"Person","@id":"https:\/\/www.gaidaphotos.com\/blog\/#\/schema\/person\/6c444a5b13ffc503c5c32f5a9ec68b21","name":"Thomas","sameAs":["https:\/\/www.gaidaphotos.com","https:\/\/www.facebook.com\/gaidaphotos","https:\/\/instagram.com\/gaidaphotos\/","https:\/\/www.linkedin.com\/in\/gaidaphotos","http:\/\/www.pinterest.com\/gaidaphotos\/","https:\/\/x.com\/gaidaphotos","https:\/\/myspace.com\/gaidaphotos","https:\/\/www.youtube.com\/user\/gaidaphotos","https:\/\/gaidaphotos.tumblr.com\/"]}]}},"jetpack_publicize_connections":[],"jetpack_featured_media_url":"","jetpack_sharing_enabled":true,"jetpack_likes_enabled":true,"jetpack-related-posts":[{"id":546,"url":"https:\/\/www.gaidaphotos.com\/blog\/2009\/05\/05\/ist-der-wahnsinn-bald-zu-ende-foto-koln-rodenkirchen-maternusstrase\/","url_meta":{"origin":292,"position":0},"title":"Ist der Wahnsinn bald zu Ende? (Foto K\u00f6ln Rodenkirchen Maternusstra\u00dfe)","author":"Thomas","date":"5. Mai 2009","format":false,"excerpt":"Nach \u00fcber drei Jahren scheit der Wahnsinn in K\u00f6ln Rodenkirchen sein Ende zu finden. Die Bau- und Stra\u00dfenarbeiten in K\u00f6ln Rodenkirchen an Maternusstrasse und Maternusplatz\u00a0 finden ihr Ende. Zuletzt wird noch die alte Teerdecke entfernt und eine neue aufgebracht. Schon toll wie schnell das geht! Toto: K\u00f6ln Rodenkirchen Maternusplatz","rel":"","context":"In &quot;17&quot;","block_context":{"text":"17","link":"https:\/\/www.gaidaphotos.com\/blog\/category\/mobile_news_von_unterwegs\/mobile_news_von_unterwegs-n95\/"},"img":{"alt_text":"","src":"","width":0,"height":0},"classes":[]},{"id":463,"url":"https:\/\/www.gaidaphotos.com\/blog\/2009\/04\/16\/noch-eine-baustelle\/","url_meta":{"origin":292,"position":1},"title":"Noch eine Baustelle: K\u00f6ln Rodenkirchen Nibelungenweg (Foto)","author":"Thomas","date":"16. April 2009","format":false,"excerpt":"Nach den vielen Monaten Stre\u00df (f\u00fcr die Anwohner), L\u00e4rm und Chaos rund um den Maternusplatz in K\u00f6ln Rodenkirchen und gerade w\u00e4hrend der Asphaltierung des Nibelungenwegs in K\u00f6ln Rodenkirchen wird auch am Nibelungenweg in K\u00f6ln Rodenkirchen neu gebaut. mit Foto","rel":"","context":"In &quot;17&quot;","block_context":{"text":"17","link":"https:\/\/www.gaidaphotos.com\/blog\/category\/mobile_news_von_unterwegs\/mobile_news_von_unterwegs-n95\/"},"img":{"alt_text":"","src":"","width":0,"height":0},"classes":[]},{"id":3559,"url":"https:\/\/www.gaidaphotos.com\/blog\/2011\/05\/30\/koln-rodenkirchen-sommerfest-2011-summer-of-love\/","url_meta":{"origin":292,"position":2},"title":"K\u00f6ln Rodenkirchen: Sommerfest 2011 &#8222;Summer of Love&#8220;","author":"Thomas","date":"30. Mai 2011","format":false,"excerpt":"Sommerfest 2011 in K\u00f6ln-Rodenkirchen: \"Summer of Love\" Am 16.06.2011 und 17.06.2011 ist es wieder soweit. Ganz K\u00f6ln Rodenkirchen feiert auf der Hauptstra\u00dfe und vor dem Rathhaus. Nach Hollywood und Afrika erleben wir nun das k\u00f6lsche Woodstock in Rodenkirchen. Dem Trend folgend, feiern wir mit Flower Power und den gr\u00f6\u00dften internationalen\u2026","rel":"","context":"In &quot;K\u00f6ln Rodenkirchen&quot;","block_context":{"text":"K\u00f6ln Rodenkirchen","link":"https:\/\/www.gaidaphotos.com\/blog\/category\/koeln-rodenkirchen\/"},"img":{"alt_text":"","src":"https:\/\/www.gaidaphotos.com\/blog\/wp-content\/uploads\/2020\/08\/nggallery_import\/48_","width":350,"height":200},"classes":[]},{"id":2375,"url":"https:\/\/www.gaidaphotos.com\/blog\/2010\/01\/15\/koln-rodenkirchen-einkaufen-baeckereien\/","url_meta":{"origin":292,"position":3},"title":"K\u00f6ln Rodenkirchen: H\u00f6chste B\u00e4ckereidichte der Welt (Einkaufen)?","author":"Thomas","date":"15. Januar 2010","format":false,"excerpt":"Jetzt haben wir die vielleicht gr\u00f6\u00dfte B\u00e4ckereidichte der Welt - zumindest gef\u00fchlt. Wer zum Einkaufen nach K\u00f6ln Rodenkirchen auf den Maternusplatz kommt wird erstaunt sein. Vor ein paar Wochen hat jetzt die 3. B\u00e4ckerei auf der Maternusstra\u00dfe in K\u00f6ln Rodenkirchen er\u00f6ffnet. \"B\u00e4ckerei Oebel\" finden Sie jetzt direkt zwischen Schmitz &\u2026","rel":"","context":"In &quot;K\u00f6ln Rodenkirchen Einkaufen&quot;","block_context":{"text":"K\u00f6ln Rodenkirchen Einkaufen","link":"https:\/\/www.gaidaphotos.com\/blog\/category\/koeln-rodenkirchen\/koeln-rodenkirchen-einkaufen\/"},"img":{"alt_text":"K\u00f6ln Rodenkirchen Einkaufen am Maternusplatz","src":"https:\/\/i0.wp.com\/www.gaidaphotos.com\/blog\/wp-content\/uploads\/2009\/12\/koeln-rodenkirchen-maternusplatz-einkaufen-225x300.jpg?resize=350%2C200&ssl=1","width":350,"height":200},"classes":[]},{"id":2978,"url":"https:\/\/www.gaidaphotos.com\/blog\/2010\/06\/19\/strassenfest-koeln-rodenkirchen-19-06-2010-live\/","url_meta":{"origin":292,"position":4},"title":"Strassenfest Koeln-Rodenkirchen 19.06.2010 Live Bericht","author":"Thomas","date":"19. Juni 2010","format":false,"excerpt":"Strassenfest in Rodenkirchen: Der Maternusplatz ist bereit In weniger als 1h wird auf der B\u00fchne auf dem Maternusplatz in K\u00f6ln-Rodenkirchen das Stra\u00dfenfest er\u00f6ffnet. Wir berichten LIVE von den Aktivit\u00e4ten auf der Hauptb\u00fchne auf dem Maternusplatz, Maternusstra\u00dfe und Hauptstra\u00dfe in K\u00f6ln-Rodenkirchen. Leider herrscht wieder das \u00fcbliche \"Stra\u00dfenfest-Wetter\" mit k\u00fchlen 18\u00b0C und\u2026","rel":"","context":"In &quot;K\u00f6ln Rodenkirchen Einkaufen&quot;","block_context":{"text":"K\u00f6ln Rodenkirchen Einkaufen","link":"https:\/\/www.gaidaphotos.com\/blog\/category\/koeln-rodenkirchen\/koeln-rodenkirchen-einkaufen\/"},"img":{"alt_text":"Strassenfest K\u00f6ln Rodenkirchen 19.06.2010 LIVE","src":"https:\/\/i0.wp.com\/www.gaidaphotos.com\/blog\/wp-content\/uploads\/2010\/06\/strassenfest-koeln-19-06-2010.jpg?resize=350%2C200&ssl=1","width":350,"height":200},"classes":[]},{"id":669,"url":"https:\/\/www.gaidaphotos.com\/blog\/2009\/06\/03\/roedenkirchener-sommertage\/","url_meta":{"origin":292,"position":5},"title":"K\u00f6ln-Rodenkirchen: Hollywood auf dem Maternusplatz?","author":"Thomas","date":"3. Juni 2009","format":false,"excerpt":"Rodenkirchener Sommertage? Rodenkirchener Sommertage 20. und 21. Juni 2009 Die allseits beliebten Rodenkirchener Sommertage finden in diesem Jahr zum ersten Mal, man k\u00f6nnte sagen endlich, auf dem Maternusplatz in K\u00f6ln Rodenkirchen statt. Bei ausreichender Beteiligung sind die Rodenkirchener Sommertage auch auf der Maternusstra\u00dfe, Wilhelmstra\u00dfe und Augustastra\u00dfe in K\u00f6ln Rodenkirchen zu\u2026","rel":"","context":"In &quot;K\u00f6ln Rodenkirchen Einkaufen&quot;","block_context":{"text":"K\u00f6ln Rodenkirchen Einkaufen","link":"https:\/\/www.gaidaphotos.com\/blog\/category\/koeln-rodenkirchen\/koeln-rodenkirchen-einkaufen\/"},"img":{"alt_text":"Rodenkirchener Sommertage","src":"https:\/\/i0.wp.com\/www.gaidaphotos.com\/blog\/wp-content\/uploads\/2009\/06\/hollywood-koeln-rodenkirchen-172x300.jpg?resize=350%2C200&ssl=1","width":350,"height":200},"classes":[]}],"_links":{"self":[{"href":"https:\/\/www.gaidaphotos.com\/blog\/wp-json\/wp\/v2\/posts\/292","targetHints":{"allow":["GET"]}}],"collection":[{"href":"https:\/\/www.gaidaphotos.com\/blog\/wp-json\/wp\/v2\/posts"}],"about":[{"href":"https:\/\/www.gaidaphotos.com\/blog\/wp-json\/wp\/v2\/types\/post"}],"author":[{"embeddable":true,"href":"https:\/\/www.gaidaphotos.com\/blog\/wp-json\/wp\/v2\/users\/6"}],"replies":[{"embeddable":true,"href":"https:\/\/www.gaidaphotos.com\/blog\/wp-json\/wp\/v2\/comments?post=292"}],"version-history":[{"count":0,"href":"https:\/\/www.gaidaphotos.com\/blog\/wp-json\/wp\/v2\/posts\/292\/revisions"}],"wp:attachment":[{"href":"https:\/\/www.gaidaphotos.com\/blog\/wp-json\/wp\/v2\/media?parent=292"}],"wp:term":[{"taxonomy":"category","embeddable":true,"href":"https:\/\/www.gaidaphotos.com\/blog\/wp-json\/wp\/v2\/categories?post=292"},{"taxonomy":"post_tag","embeddable":true,"href":"https:\/\/www.gaidaphotos.com\/blog\/wp-json\/wp\/v2\/tags?post=292"}],"curies":[{"name":"wp","href":"https:\/\/api.w.org\/{rel}","templated":true}]}}