{"id":295,"date":"2009-04-02T14:49:32","date_gmt":"2009-04-02T13:49:32","guid":{"rendered":""},"modified":"2010-02-12T15:44:17","modified_gmt":"2010-02-12T14:44:17","slug":"einkaufen-in-maastricht","status":"publish","type":"post","link":"https:\/\/www.gaidaphotos.com\/blog\/2009\/04\/02\/einkaufen-in-maastricht\/","title":{"rendered":"Einkaufen in Maastricht"},"content":{"rendered":"<div class=\"Lifeblog_Posting\">\n<div class=\"Lifeblog_Resource\"><img data-recalc-dims=\"1\" decoding=\"async\" src=\"https:\/\/i0.wp.com\/www.gaidaphotos.com\/blog\/wp-content\/uploads\/lifeblog-02042009172.jpg?w=910&#038;ssl=1\" alt=\"Do 02.04.2009 13:00 02042009172\" \/><\/div>\n<p>Einkaufen in Maastricht macht Spa\u00df vor allem wenn die Sonne scheint<\/p><\/div>\n","protected":false},"excerpt":{"rendered":"<p>Einkaufen in Maastricht macht Spa\u00df vor allem wenn die Sonne scheint<\/p>\n","protected":false},"author":6,"featured_media":0,"comment_status":"closed","ping_status":"open","sticky":false,"template":"","format":"standard","meta":{"_crdt_document":"","ngg_post_thumbnail":0,"jetpack_post_was_ever_published":false,"_jetpack_newsletter_access":"","_jetpack_dont_email_post_to_subs":false,"_jetpack_newsletter_tier_id":0,"_jetpack_memberships_contains_paywalled_content":false,"_jetpack_memberships_contains_paid_content":false,"footnotes":"","jetpack_publicize_message":"","jetpack_publicize_feature_enabled":true,"jetpack_social_post_already_shared":false,"jetpack_social_options":{"image_generator_settings":{"template":"highway","default_image_id":0,"font":"","enabled":false},"version":2}},"categories":[20,76],"tags":[540,541,53,132],"class_list":["post-295","post","type-post","status-publish","format-standard","hentry","category-mobile_news_von_unterwegs-n95","category-holland","tag-holland","tag-reise","tag-shopping","tag-urlaubs-tips","comments-off"],"yoast_head":"<!-- This site is optimized with the Yoast SEO plugin v27.5 - https:\/\/yoast.com\/product\/yoast-seo-wordpress\/ -->\n<title>Einkaufen in Maastricht - K\u00f6ln Rodenkirchen und die Welt<\/title>\n<meta name=\"robots\" content=\"index, follow, max-snippet:-1, max-image-preview:large, max-video-preview:-1\" \/>\n<link rel=\"canonical\" href=\"https:\/\/www.gaidaphotos.com\/blog\/2009\/04\/02\/einkaufen-in-maastricht\/\" \/>\n<meta property=\"og:locale\" content=\"de_DE\" \/>\n<meta property=\"og:type\" content=\"article\" \/>\n<meta property=\"og:title\" content=\"Einkaufen in Maastricht - K\u00f6ln Rodenkirchen und die Welt\" \/>\n<meta property=\"og:description\" content=\"Einkaufen in Maastricht macht Spa\u00df vor allem wenn die Sonne scheint\" \/>\n<meta property=\"og:url\" content=\"https:\/\/www.gaidaphotos.com\/blog\/2009\/04\/02\/einkaufen-in-maastricht\/\" \/>\n<meta property=\"og:site_name\" content=\"K\u00f6ln Rodenkirchen und die Welt\" \/>\n<meta property=\"article:publisher\" content=\"https:\/\/www.facebook.com\/Koeln.Rodenkirchen\" \/>\n<meta property=\"article:author\" content=\"https:\/\/www.facebook.com\/gaidaphotos\" \/>\n<meta property=\"article:published_time\" content=\"2009-04-02T13:49:32+00:00\" \/>\n<meta property=\"article:modified_time\" content=\"2010-02-12T14:44:17+00:00\" \/>\n<meta property=\"og:image\" content=\"https:\/\/www.gaidaphotos.com\/blog\/wp-content\/uploads\/lifeblog-02042009172.jpg\" \/>\n<meta name=\"author\" content=\"Thomas\" \/>\n<meta name=\"twitter:card\" content=\"summary_large_image\" \/>\n<meta name=\"twitter:creator\" content=\"@gaidaphotos\" \/>\n<meta name=\"twitter:site\" content=\"@gaidaphotos\" \/>\n<meta name=\"twitter:label1\" content=\"Verfasst von\" \/>\n\t<meta name=\"twitter:data1\" content=\"Thomas\" \/>\n<script type=\"application\/ld+json\" class=\"yoast-schema-graph\">{\"@context\":\"https:\\\/\\\/schema.org\",\"@graph\":[{\"@type\":\"Article\",\"@id\":\"https:\\\/\\\/www.gaidaphotos.com\\\/blog\\\/2009\\\/04\\\/02\\\/einkaufen-in-maastricht\\\/#article\",\"isPartOf\":{\"@id\":\"https:\\\/\\\/www.gaidaphotos.com\\\/blog\\\/2009\\\/04\\\/02\\\/einkaufen-in-maastricht\\\/\"},\"author\":{\"name\":\"Thomas\",\"@id\":\"https:\\\/\\\/www.gaidaphotos.com\\\/blog\\\/#\\\/schema\\\/person\\\/6c444a5b13ffc503c5c32f5a9ec68b21\"},\"headline\":\"Einkaufen in Maastricht\",\"datePublished\":\"2009-04-02T13:49:32+00:00\",\"dateModified\":\"2010-02-12T14:44:17+00:00\",\"mainEntityOfPage\":{\"@id\":\"https:\\\/\\\/www.gaidaphotos.com\\\/blog\\\/2009\\\/04\\\/02\\\/einkaufen-in-maastricht\\\/\"},\"wordCount\":14,\"publisher\":{\"@id\":\"https:\\\/\\\/www.gaidaphotos.com\\\/blog\\\/#organization\"},\"image\":{\"@id\":\"https:\\\/\\\/www.gaidaphotos.com\\\/blog\\\/2009\\\/04\\\/02\\\/einkaufen-in-maastricht\\\/#primaryimage\"},\"thumbnailUrl\":\"https:\\\/\\\/www.gaidaphotos.com\\\/blog\\\/wp-content\\\/uploads\\\/lifeblog-02042009172.jpg\",\"keywords\":[\"Holland\",\"Reise\\\/ Reisen\",\"Shopping\",\"Urlaub\"],\"articleSection\":[\"17\",\"Holland\"],\"inLanguage\":\"de\"},{\"@type\":\"WebPage\",\"@id\":\"https:\\\/\\\/www.gaidaphotos.com\\\/blog\\\/2009\\\/04\\\/02\\\/einkaufen-in-maastricht\\\/\",\"url\":\"https:\\\/\\\/www.gaidaphotos.com\\\/blog\\\/2009\\\/04\\\/02\\\/einkaufen-in-maastricht\\\/\",\"name\":\"Einkaufen in Maastricht - K\u00f6ln Rodenkirchen und die Welt\",\"isPartOf\":{\"@id\":\"https:\\\/\\\/www.gaidaphotos.com\\\/blog\\\/#website\"},\"primaryImageOfPage\":{\"@id\":\"https:\\\/\\\/www.gaidaphotos.com\\\/blog\\\/2009\\\/04\\\/02\\\/einkaufen-in-maastricht\\\/#primaryimage\"},\"image\":{\"@id\":\"https:\\\/\\\/www.gaidaphotos.com\\\/blog\\\/2009\\\/04\\\/02\\\/einkaufen-in-maastricht\\\/#primaryimage\"},\"thumbnailUrl\":\"https:\\\/\\\/www.gaidaphotos.com\\\/blog\\\/wp-content\\\/uploads\\\/lifeblog-02042009172.jpg\",\"datePublished\":\"2009-04-02T13:49:32+00:00\",\"dateModified\":\"2010-02-12T14:44:17+00:00\",\"breadcrumb\":{\"@id\":\"https:\\\/\\\/www.gaidaphotos.com\\\/blog\\\/2009\\\/04\\\/02\\\/einkaufen-in-maastricht\\\/#breadcrumb\"},\"inLanguage\":\"de\",\"potentialAction\":[{\"@type\":\"ReadAction\",\"target\":[\"https:\\\/\\\/www.gaidaphotos.com\\\/blog\\\/2009\\\/04\\\/02\\\/einkaufen-in-maastricht\\\/\"]}]},{\"@type\":\"ImageObject\",\"inLanguage\":\"de\",\"@id\":\"https:\\\/\\\/www.gaidaphotos.com\\\/blog\\\/2009\\\/04\\\/02\\\/einkaufen-in-maastricht\\\/#primaryimage\",\"url\":\"https:\\\/\\\/www.gaidaphotos.com\\\/blog\\\/wp-content\\\/uploads\\\/lifeblog-02042009172.jpg\",\"contentUrl\":\"https:\\\/\\\/www.gaidaphotos.com\\\/blog\\\/wp-content\\\/uploads\\\/lifeblog-02042009172.jpg\"},{\"@type\":\"BreadcrumbList\",\"@id\":\"https:\\\/\\\/www.gaidaphotos.com\\\/blog\\\/2009\\\/04\\\/02\\\/einkaufen-in-maastricht\\\/#breadcrumb\",\"itemListElement\":[{\"@type\":\"ListItem\",\"position\":1,\"name\":\"Startseite\",\"item\":\"https:\\\/\\\/www.gaidaphotos.com\\\/blog\\\/\"},{\"@type\":\"ListItem\",\"position\":2,\"name\":\"Einkaufen in Maastricht\"}]},{\"@type\":\"WebSite\",\"@id\":\"https:\\\/\\\/www.gaidaphotos.com\\\/blog\\\/#website\",\"url\":\"https:\\\/\\\/www.gaidaphotos.com\\\/blog\\\/\",\"name\":\"K\u00f6ln Rodenkirchen und die Welt\",\"description\":\"Einkaufen, Restaurants, Freizeit, Nachrichten und was uns sonst bewegt und begegnet\",\"publisher\":{\"@id\":\"https:\\\/\\\/www.gaidaphotos.com\\\/blog\\\/#organization\"},\"potentialAction\":[{\"@type\":\"SearchAction\",\"target\":{\"@type\":\"EntryPoint\",\"urlTemplate\":\"https:\\\/\\\/www.gaidaphotos.com\\\/blog\\\/?s={search_term_string}\"},\"query-input\":{\"@type\":\"PropertyValueSpecification\",\"valueRequired\":true,\"valueName\":\"search_term_string\"}}],\"inLanguage\":\"de\"},{\"@type\":\"Organization\",\"@id\":\"https:\\\/\\\/www.gaidaphotos.com\\\/blog\\\/#organization\",\"name\":\"gaidaphotos\",\"url\":\"https:\\\/\\\/www.gaidaphotos.com\\\/blog\\\/\",\"logo\":{\"@type\":\"ImageObject\",\"inLanguage\":\"de\",\"@id\":\"https:\\\/\\\/www.gaidaphotos.com\\\/blog\\\/#\\\/schema\\\/logo\\\/image\\\/\",\"url\":\"https:\\\/\\\/i0.wp.com\\\/www.gaidaphotos.com\\\/blog\\\/wp-content\\\/uploads\\\/2020\\\/07\\\/GAIDAPHOTOS-COM.jpg?fit=160%2C96&ssl=1\",\"contentUrl\":\"https:\\\/\\\/i0.wp.com\\\/www.gaidaphotos.com\\\/blog\\\/wp-content\\\/uploads\\\/2020\\\/07\\\/GAIDAPHOTOS-COM.jpg?fit=160%2C96&ssl=1\",\"width\":160,\"height\":96,\"caption\":\"gaidaphotos\"},\"image\":{\"@id\":\"https:\\\/\\\/www.gaidaphotos.com\\\/blog\\\/#\\\/schema\\\/logo\\\/image\\\/\"},\"sameAs\":[\"https:\\\/\\\/www.facebook.com\\\/Koeln.Rodenkirchen\",\"https:\\\/\\\/x.com\\\/gaidaphotos\",\"https:\\\/\\\/instagram.com\\\/gaidaphotos\\\/\",\"https:\\\/\\\/de.linkedin.com\\\/in\\\/gaidaphotos\",\"https:\\\/\\\/myspace.com\\\/gaidaphotos\",\"https:\\\/\\\/www.pinterest.com\\\/gaidaphotos\\\/\",\"https:\\\/\\\/www.youtube.com\\\/user\\\/gaidaphotos\"]},{\"@type\":\"Person\",\"@id\":\"https:\\\/\\\/www.gaidaphotos.com\\\/blog\\\/#\\\/schema\\\/person\\\/6c444a5b13ffc503c5c32f5a9ec68b21\",\"name\":\"Thomas\",\"sameAs\":[\"https:\\\/\\\/www.gaidaphotos.com\",\"https:\\\/\\\/www.facebook.com\\\/gaidaphotos\",\"https:\\\/\\\/instagram.com\\\/gaidaphotos\\\/\",\"https:\\\/\\\/www.linkedin.com\\\/in\\\/gaidaphotos\",\"http:\\\/\\\/www.pinterest.com\\\/gaidaphotos\\\/\",\"https:\\\/\\\/x.com\\\/gaidaphotos\",\"https:\\\/\\\/myspace.com\\\/gaidaphotos\",\"https:\\\/\\\/www.youtube.com\\\/user\\\/gaidaphotos\",\"https:\\\/\\\/gaidaphotos.tumblr.com\\\/\"]}]}<\/script>\n<!-- \/ Yoast SEO plugin. -->","yoast_head_json":{"title":"Einkaufen in Maastricht - K\u00f6ln Rodenkirchen und die Welt","robots":{"index":"index","follow":"follow","max-snippet":"max-snippet:-1","max-image-preview":"max-image-preview:large","max-video-preview":"max-video-preview:-1"},"canonical":"https:\/\/www.gaidaphotos.com\/blog\/2009\/04\/02\/einkaufen-in-maastricht\/","og_locale":"de_DE","og_type":"article","og_title":"Einkaufen in Maastricht - K\u00f6ln Rodenkirchen und die Welt","og_description":"Einkaufen in Maastricht macht Spa\u00df vor allem wenn die Sonne scheint","og_url":"https:\/\/www.gaidaphotos.com\/blog\/2009\/04\/02\/einkaufen-in-maastricht\/","og_site_name":"K\u00f6ln Rodenkirchen und die Welt","article_publisher":"https:\/\/www.facebook.com\/Koeln.Rodenkirchen","article_author":"https:\/\/www.facebook.com\/gaidaphotos","article_published_time":"2009-04-02T13:49:32+00:00","article_modified_time":"2010-02-12T14:44:17+00:00","og_image":[{"url":"https:\/\/www.gaidaphotos.com\/blog\/wp-content\/uploads\/lifeblog-02042009172.jpg","type":"","width":"","height":""}],"author":"Thomas","twitter_card":"summary_large_image","twitter_creator":"@gaidaphotos","twitter_site":"@gaidaphotos","twitter_misc":{"Verfasst von":"Thomas"},"schema":{"@context":"https:\/\/schema.org","@graph":[{"@type":"Article","@id":"https:\/\/www.gaidaphotos.com\/blog\/2009\/04\/02\/einkaufen-in-maastricht\/#article","isPartOf":{"@id":"https:\/\/www.gaidaphotos.com\/blog\/2009\/04\/02\/einkaufen-in-maastricht\/"},"author":{"name":"Thomas","@id":"https:\/\/www.gaidaphotos.com\/blog\/#\/schema\/person\/6c444a5b13ffc503c5c32f5a9ec68b21"},"headline":"Einkaufen in Maastricht","datePublished":"2009-04-02T13:49:32+00:00","dateModified":"2010-02-12T14:44:17+00:00","mainEntityOfPage":{"@id":"https:\/\/www.gaidaphotos.com\/blog\/2009\/04\/02\/einkaufen-in-maastricht\/"},"wordCount":14,"publisher":{"@id":"https:\/\/www.gaidaphotos.com\/blog\/#organization"},"image":{"@id":"https:\/\/www.gaidaphotos.com\/blog\/2009\/04\/02\/einkaufen-in-maastricht\/#primaryimage"},"thumbnailUrl":"https:\/\/www.gaidaphotos.com\/blog\/wp-content\/uploads\/lifeblog-02042009172.jpg","keywords":["Holland","Reise\/ Reisen","Shopping","Urlaub"],"articleSection":["17","Holland"],"inLanguage":"de"},{"@type":"WebPage","@id":"https:\/\/www.gaidaphotos.com\/blog\/2009\/04\/02\/einkaufen-in-maastricht\/","url":"https:\/\/www.gaidaphotos.com\/blog\/2009\/04\/02\/einkaufen-in-maastricht\/","name":"Einkaufen in Maastricht - K\u00f6ln Rodenkirchen und die Welt","isPartOf":{"@id":"https:\/\/www.gaidaphotos.com\/blog\/#website"},"primaryImageOfPage":{"@id":"https:\/\/www.gaidaphotos.com\/blog\/2009\/04\/02\/einkaufen-in-maastricht\/#primaryimage"},"image":{"@id":"https:\/\/www.gaidaphotos.com\/blog\/2009\/04\/02\/einkaufen-in-maastricht\/#primaryimage"},"thumbnailUrl":"https:\/\/www.gaidaphotos.com\/blog\/wp-content\/uploads\/lifeblog-02042009172.jpg","datePublished":"2009-04-02T13:49:32+00:00","dateModified":"2010-02-12T14:44:17+00:00","breadcrumb":{"@id":"https:\/\/www.gaidaphotos.com\/blog\/2009\/04\/02\/einkaufen-in-maastricht\/#breadcrumb"},"inLanguage":"de","potentialAction":[{"@type":"ReadAction","target":["https:\/\/www.gaidaphotos.com\/blog\/2009\/04\/02\/einkaufen-in-maastricht\/"]}]},{"@type":"ImageObject","inLanguage":"de","@id":"https:\/\/www.gaidaphotos.com\/blog\/2009\/04\/02\/einkaufen-in-maastricht\/#primaryimage","url":"https:\/\/www.gaidaphotos.com\/blog\/wp-content\/uploads\/lifeblog-02042009172.jpg","contentUrl":"https:\/\/www.gaidaphotos.com\/blog\/wp-content\/uploads\/lifeblog-02042009172.jpg"},{"@type":"BreadcrumbList","@id":"https:\/\/www.gaidaphotos.com\/blog\/2009\/04\/02\/einkaufen-in-maastricht\/#breadcrumb","itemListElement":[{"@type":"ListItem","position":1,"name":"Startseite","item":"https:\/\/www.gaidaphotos.com\/blog\/"},{"@type":"ListItem","position":2,"name":"Einkaufen in Maastricht"}]},{"@type":"WebSite","@id":"https:\/\/www.gaidaphotos.com\/blog\/#website","url":"https:\/\/www.gaidaphotos.com\/blog\/","name":"K\u00f6ln Rodenkirchen und die Welt","description":"Einkaufen, Restaurants, Freizeit, Nachrichten und was uns sonst bewegt und begegnet","publisher":{"@id":"https:\/\/www.gaidaphotos.com\/blog\/#organization"},"potentialAction":[{"@type":"SearchAction","target":{"@type":"EntryPoint","urlTemplate":"https:\/\/www.gaidaphotos.com\/blog\/?s={search_term_string}"},"query-input":{"@type":"PropertyValueSpecification","valueRequired":true,"valueName":"search_term_string"}}],"inLanguage":"de"},{"@type":"Organization","@id":"https:\/\/www.gaidaphotos.com\/blog\/#organization","name":"gaidaphotos","url":"https:\/\/www.gaidaphotos.com\/blog\/","logo":{"@type":"ImageObject","inLanguage":"de","@id":"https:\/\/www.gaidaphotos.com\/blog\/#\/schema\/logo\/image\/","url":"https:\/\/i0.wp.com\/www.gaidaphotos.com\/blog\/wp-content\/uploads\/2020\/07\/GAIDAPHOTOS-COM.jpg?fit=160%2C96&ssl=1","contentUrl":"https:\/\/i0.wp.com\/www.gaidaphotos.com\/blog\/wp-content\/uploads\/2020\/07\/GAIDAPHOTOS-COM.jpg?fit=160%2C96&ssl=1","width":160,"height":96,"caption":"gaidaphotos"},"image":{"@id":"https:\/\/www.gaidaphotos.com\/blog\/#\/schema\/logo\/image\/"},"sameAs":["https:\/\/www.facebook.com\/Koeln.Rodenkirchen","https:\/\/x.com\/gaidaphotos","https:\/\/instagram.com\/gaidaphotos\/","https:\/\/de.linkedin.com\/in\/gaidaphotos","https:\/\/myspace.com\/gaidaphotos","https:\/\/www.pinterest.com\/gaidaphotos\/","https:\/\/www.youtube.com\/user\/gaidaphotos"]},{"@type":"Person","@id":"https:\/\/www.gaidaphotos.com\/blog\/#\/schema\/person\/6c444a5b13ffc503c5c32f5a9ec68b21","name":"Thomas","sameAs":["https:\/\/www.gaidaphotos.com","https:\/\/www.facebook.com\/gaidaphotos","https:\/\/instagram.com\/gaidaphotos\/","https:\/\/www.linkedin.com\/in\/gaidaphotos","http:\/\/www.pinterest.com\/gaidaphotos\/","https:\/\/x.com\/gaidaphotos","https:\/\/myspace.com\/gaidaphotos","https:\/\/www.youtube.com\/user\/gaidaphotos","https:\/\/gaidaphotos.tumblr.com\/"]}]}},"jetpack_publicize_connections":[],"jetpack_featured_media_url":"","jetpack_sharing_enabled":true,"jetpack_likes_enabled":true,"jetpack-related-posts":[{"id":748,"url":"https:\/\/www.gaidaphotos.com\/blog\/2009\/06\/19\/maastricht-holland-flohmarkt\/","url_meta":{"origin":295,"position":0},"title":"Maastricht (Holland): Einkaufen auf dem Flohmarkt","author":"Thomas","date":"19. Juni 2009","format":false,"excerpt":"Maastricht (Holland):\u00a0Einkaufen auf dem Flohmarkt \u00a0Hier noch ein paar Impressionen vom letzten Einkaufen auf dem Flohmarkt in Maastricht. Die Termine f\u00fcr den n\u00e4chsten Flohmarkt: Erg\u00e4nzung M\u00e4rz 2014: Die neuen Flohmarkttermine f\u00fcr Maastricht (Holland) 2014 sind da! Wenn Sie automatisch \u00fcber die Daten f\u00fcr Flohm\u00e4rkte in Holland informiert werden m\u00f6chten, abonnieren\u2026","rel":"","context":"In &quot;Holland&quot;","block_context":{"text":"Holland","link":"https:\/\/www.gaidaphotos.com\/blog\/category\/reise\/holland\/"},"img":{"alt_text":"Maastricht Holland: Flohmarkt am Stadthaus","src":"https:\/\/i0.wp.com\/www.gaidaphotos.com\/blog\/wp-content\/uploads\/2009\/06\/maastricht-holland-einkaufen-troedelmarkt-300x225.jpg?resize=350%2C200&ssl=1","width":350,"height":200},"classes":[]},{"id":735,"url":"https:\/\/www.gaidaphotos.com\/blog\/2009\/06\/17\/holland-maastricht-einkaufen-trodelmarkt-termine-2009\/","url_meta":{"origin":295,"position":1},"title":"Holland Maastricht: Einkaufen &#038; Tr\u00f6delmarkt Termine 2009","author":"Thomas","date":"17. Juni 2009","format":false,"excerpt":"Hier finden Sie die neuen Termine Flohmarkt - Tr\u00f6delmarkt - Antikmarkt Maastricht (Holland) 2012 Wir haben schon mit sch\u00f6nen Fotos vom letzten (?) Tr\u00f6delmarkt in Maastricht (Holland) berichtet. - Erg\u00e4nzung M\u00e4rz 2014: Die neuen Flohmarkttermine f\u00fcr Maastricht (Holland) 2014 sind da! Wenn Sie automatisch \u00fcber die Daten f\u00fcr Flohm\u00e4rkte in\u2026","rel":"","context":"In &quot;Holland&quot;","block_context":{"text":"Holland","link":"https:\/\/www.gaidaphotos.com\/blog\/category\/reise\/holland\/"},"img":{"alt_text":"","src":"","width":0,"height":0},"classes":[]},{"id":2165,"url":"https:\/\/www.gaidaphotos.com\/blog\/2009\/09\/30\/maastricht-holland-einkaufen-die-wahrscheinlich-beste-schokolade-der-welt\/","url_meta":{"origin":295,"position":2},"title":"Maastricht (Holland) Einkaufen: Die wahrscheinlich beste Schokolade der Welt?","author":"Thomas","date":"30. September 2009","format":false,"excerpt":"Bei Olivier Bonbons in Maastricht gibt es die vielleicht leckerste Schokolade der Welt. Schon wenn man Olivier Bonbons beim Einkaufen in Maastricht betritt, wird man vom Duft der Schokolade fast bet\u00e4ubt. Aus erstklassigen Zutaten macht Olivier Bonbons in Maastricht (Einkauf-stipp) eine Schokolade mit einem unvergleichlichen fruchtigen Aroma. Ob man nun\u2026","rel":"","context":"In &quot;Maastricht: Einkaufen, Restaurant &amp; Freizeit&quot;","block_context":{"text":"Maastricht: Einkaufen, Restaurant &amp; Freizeit","link":"https:\/\/www.gaidaphotos.com\/blog\/category\/reise\/holland\/maastricht-einkaufen-restaurants\/"},"img":{"alt_text":"Maastricht Einkaufen Schokolade","src":"https:\/\/i0.wp.com\/www.gaidaphotos.com\/blog\/wp-content\/uploads\/2009\/09\/maastricht-einkaufen-schokolade-300x225.jpg?resize=350%2C200&ssl=1","width":350,"height":200},"classes":[]},{"id":2088,"url":"https:\/\/www.gaidaphotos.com\/blog\/2009\/09\/14\/holland-maastricht-einkaufen-kuenstlermarkt\/","url_meta":{"origin":295,"position":3},"title":"Holland &#8211; Maastricht: Einkaufen K\u00fcnstlermarkt","author":"Thomas","date":"14. September 2009","format":false,"excerpt":"Es ist schon ein wenig her, dennoch m\u00f6chten wir Euch von \"MOSARTE\", der \u00f6ffentlichen Kunstschau in Maastricht (Holland) am 5 & 6.09.2009 berichten. An jedem ersten Wochenende im September findet in Maastricht (Holland) eine gro\u00dfe (Kauf-)Ausstellung lokaler K\u00fcnsteler statt. \u00dcber die ganze Stadt Maastricht verteilt, findet man Maler, T\u00f6pfer, Goldschmiede,\u2026","rel":"","context":"In &quot;Foto&quot;","block_context":{"text":"Foto","link":"https:\/\/www.gaidaphotos.com\/blog\/category\/foto\/"},"img":{"alt_text":"Holland - Maastricht: Einkaufen K\u00fcnstlermarkt","src":"https:\/\/i0.wp.com\/www.gaidaphotos.com\/blog\/wp-content\/uploads\/2009\/09\/frosch-koenig-225x300.jpg?resize=350%2C200&ssl=1","width":350,"height":200},"classes":[]},{"id":625,"url":"https:\/\/www.gaidaphotos.com\/blog\/2009\/05\/21\/maastricht-einkaufen-auf-dem-flohmarkt-foto\/","url_meta":{"origin":295,"position":4},"title":"Maastricht: Einkaufen auf dem Flohmarkt (Foto)","author":"Thomas","date":"21. Mai 2009","format":false,"excerpt":"Wenn in Deutschland an Feiertag die L\u00e4den geschlossen sind kann man in Maastricht toll Einkaufen. Noch besser ist es, wenn Flohmarkt ist. Erg\u00e4nzung M\u00e4rz 2014: Die neuen Flohmarkttermine f\u00fcr Maastricht (Holland) 2014 sind da! Wenn Sie automatisch \u00fcber die Daten f\u00fcr Flohm\u00e4rkte in Holland informiert werden m\u00f6chten, abonnieren Sie unsere\u2026","rel":"","context":"In &quot;17&quot;","block_context":{"text":"17","link":"https:\/\/www.gaidaphotos.com\/blog\/category\/mobile_news_von_unterwegs\/mobile_news_von_unterwegs-n95\/"},"img":{"alt_text":"","src":"","width":0,"height":0},"classes":[]},{"id":12245,"url":"https:\/\/www.gaidaphotos.com\/blog\/2020\/08\/06\/maastricht-besuch-in-corona-zeiten\/","url_meta":{"origin":295,"position":5},"title":"Maastricht Besuch in Corona Zeiten","author":"Thomas","date":"6. August 2020","format":false,"excerpt":"Wir fahren gerne nach Maastricht. Die kleine holl\u00e4ndische Stadt an der Maas ist nur ca. 100km von K\u00f6ln entfernt und mit dem Auto schnell zu erreichen. Und damit Sie auf die Corona Ma\u00dfnahmen vorbereitet sind, hier ein paar Informationen.","rel":"","context":"In &quot;Holland&quot;","block_context":{"text":"Holland","link":"https:\/\/www.gaidaphotos.com\/blog\/category\/reise\/holland\/"},"img":{"alt_text":"Maastricht, Corona, Einbahnstra\u00dfe","src":"https:\/\/i0.wp.com\/www.gaidaphotos.com\/blog\/wp-content\/uploads\/2020\/08\/maastricht.jpg?fit=769%2C1024&ssl=1&resize=350%2C200","width":350,"height":200,"srcset":"https:\/\/i0.wp.com\/www.gaidaphotos.com\/blog\/wp-content\/uploads\/2020\/08\/maastricht.jpg?fit=769%2C1024&ssl=1&resize=350%2C200 1x, https:\/\/i0.wp.com\/www.gaidaphotos.com\/blog\/wp-content\/uploads\/2020\/08\/maastricht.jpg?fit=769%2C1024&ssl=1&resize=525%2C300 1.5x, https:\/\/i0.wp.com\/www.gaidaphotos.com\/blog\/wp-content\/uploads\/2020\/08\/maastricht.jpg?fit=769%2C1024&ssl=1&resize=700%2C400 2x"},"classes":[]}],"_links":{"self":[{"href":"https:\/\/www.gaidaphotos.com\/blog\/wp-json\/wp\/v2\/posts\/295","targetHints":{"allow":["GET"]}}],"collection":[{"href":"https:\/\/www.gaidaphotos.com\/blog\/wp-json\/wp\/v2\/posts"}],"about":[{"href":"https:\/\/www.gaidaphotos.com\/blog\/wp-json\/wp\/v2\/types\/post"}],"author":[{"embeddable":true,"href":"https:\/\/www.gaidaphotos.com\/blog\/wp-json\/wp\/v2\/users\/6"}],"replies":[{"embeddable":true,"href":"https:\/\/www.gaidaphotos.com\/blog\/wp-json\/wp\/v2\/comments?post=295"}],"version-history":[{"count":0,"href":"https:\/\/www.gaidaphotos.com\/blog\/wp-json\/wp\/v2\/posts\/295\/revisions"}],"wp:attachment":[{"href":"https:\/\/www.gaidaphotos.com\/blog\/wp-json\/wp\/v2\/media?parent=295"}],"wp:term":[{"taxonomy":"category","embeddable":true,"href":"https:\/\/www.gaidaphotos.com\/blog\/wp-json\/wp\/v2\/categories?post=295"},{"taxonomy":"post_tag","embeddable":true,"href":"https:\/\/www.gaidaphotos.com\/blog\/wp-json\/wp\/v2\/tags?post=295"}],"curies":[{"name":"wp","href":"https:\/\/api.w.org\/{rel}","templated":true}]}}