{"id":322,"date":"2009-04-10T12:25:04","date_gmt":"2009-04-10T11:25:04","guid":{"rendered":"http:\/\/gaidaphotos.com\/blog\/?p=322"},"modified":"2013-03-20T15:19:47","modified_gmt":"2013-03-20T14:19:47","slug":"holland-foto","status":"publish","type":"post","link":"https:\/\/www.gaidaphotos.com\/blog\/2009\/04\/10\/holland-foto\/","title":{"rendered":"Ostern an der K\u00fcste Hollands (Fotogallerie)"},"content":{"rendered":"<p><?php include(\"wp-content\/include\/ostern-ads-1.php\"); ?><\/p>\n<p>Wer dem Wetter trotz kann im <strong>Fr\u00fchjahr<\/strong>, rund um Ostern, wundersch\u00f6ne Eindr\u00fccke an <strong>Hollands K\u00fcste<\/strong> finden:<\/p>\n<p>Amsterdam: Immer eine Reise wert. Ob es au\u00dfergew\u00f6hnliche Innenh\u00f6fe oder Kirchen sind oder nur sch\u00f6ne Bilder aus Stra\u00dfen und Grachten<\/p>\n<p>Zaanse Schans: Das Freilichtmuseum &#8222;Zaanse Schanz&#8220; nahe der K\u00fcste Hollands war fr\u00fcher das gr\u00f6\u00dfte Industriegebiet Europas mit \u00fcber 1.000 Windm\u00fchlen. Im Museum finden sich mehrere funktionierende Windm\u00fchlen, Ein Uhrmuseum, B\u00fcrgerh\u00e4user und vieles mehr.<\/p>\n<p>Noordwijck: Direkt an der K\u00fcste Hollands gelegen mit wundersch\u00f6nen Sandstrand, guten Restaurants, sch\u00f6nen Gesch\u00e4ften im historischen Stadtkern, sch\u00f6nen Spazierg\u00e4ngen durch die D\u00fcnen und den unvergleichlichen Feldern von Tulpen, Hyazinten, Narzissen und und und<\/p>\n<p>Unser Tip zu Ostern: K\u00fcste Holland, Masterdam, Zaanse Schans, Noordwijck<\/p>\n<p>[svgallery name=&#8220;Holland&#8220;]<\/p>\n","protected":false},"excerpt":{"rendered":"<p>Unser Tip zu Ostern: K\u00fcste Holland, Masterdam, Zaanse Schans, Noordwijck, Fotogallerie mit kostenlosem Download<\/p>\n","protected":false},"author":6,"featured_media":0,"comment_status":"open","ping_status":"open","sticky":false,"template":"","format":"standard","meta":{"_crdt_document":"","ngg_post_thumbnail":0,"jetpack_post_was_ever_published":false,"_jetpack_newsletter_access":"","_jetpack_dont_email_post_to_subs":false,"_jetpack_newsletter_tier_id":0,"_jetpack_memberships_contains_paywalled_content":false,"_jetpack_memberships_contains_paid_content":false,"footnotes":"","jetpack_publicize_message":"","jetpack_publicize_feature_enabled":true,"jetpack_social_post_already_shared":false,"jetpack_social_options":{"image_generator_settings":{"template":"highway","default_image_id":0,"font":"","enabled":false},"version":2}},"categories":[75],"tags":[540],"class_list":["post-322","post","type-post","status-publish","format-standard","hentry","category-holland-kuste","tag-holland"],"yoast_head":"<!-- This site is optimized with the Yoast SEO plugin v27.5 - https:\/\/yoast.com\/product\/yoast-seo-wordpress\/ -->\n<title>Ostern an der K\u00fcste Hollands (Fotogallerie) - K\u00f6ln Rodenkirchen und die Welt<\/title>\n<meta name=\"description\" content=\"Unser Tip zu Ostern: K\u00fcste Holland, Masterdam, Zaanse Schans, Noordwijck mit Fotogallerie, kostenloser Download\" \/>\n<meta name=\"robots\" content=\"index, follow, max-snippet:-1, max-image-preview:large, max-video-preview:-1\" \/>\n<link rel=\"canonical\" href=\"https:\/\/www.gaidaphotos.com\/blog\/2009\/04\/10\/holland-foto\/\" \/>\n<meta property=\"og:locale\" content=\"de_DE\" \/>\n<meta property=\"og:type\" content=\"article\" \/>\n<meta property=\"og:title\" content=\"Ostern an der K\u00fcste Hollands (Fotogallerie) - K\u00f6ln Rodenkirchen und die Welt\" \/>\n<meta property=\"og:description\" content=\"Unser Tip zu Ostern: K\u00fcste Holland, Masterdam, Zaanse Schans, Noordwijck mit Fotogallerie, kostenloser Download\" \/>\n<meta property=\"og:url\" content=\"https:\/\/www.gaidaphotos.com\/blog\/2009\/04\/10\/holland-foto\/\" \/>\n<meta property=\"og:site_name\" content=\"K\u00f6ln Rodenkirchen und die Welt\" \/>\n<meta property=\"article:publisher\" content=\"https:\/\/www.facebook.com\/Koeln.Rodenkirchen\" \/>\n<meta property=\"article:author\" content=\"https:\/\/www.facebook.com\/gaidaphotos\" \/>\n<meta property=\"article:published_time\" content=\"2009-04-10T11:25:04+00:00\" \/>\n<meta property=\"article:modified_time\" content=\"2013-03-20T14:19:47+00:00\" \/>\n<meta name=\"author\" content=\"Thomas\" \/>\n<meta name=\"twitter:card\" content=\"summary_large_image\" \/>\n<meta name=\"twitter:creator\" content=\"@gaidaphotos\" \/>\n<meta name=\"twitter:site\" content=\"@gaidaphotos\" \/>\n<meta name=\"twitter:label1\" content=\"Verfasst von\" \/>\n\t<meta name=\"twitter:data1\" content=\"Thomas\" \/>\n\t<meta name=\"twitter:label2\" content=\"Gesch\u00e4tzte Lesezeit\" \/>\n\t<meta name=\"twitter:data2\" content=\"1\u00a0Minute\" \/>\n<script type=\"application\/ld+json\" class=\"yoast-schema-graph\">{\"@context\":\"https:\\\/\\\/schema.org\",\"@graph\":[{\"@type\":\"Article\",\"@id\":\"https:\\\/\\\/www.gaidaphotos.com\\\/blog\\\/2009\\\/04\\\/10\\\/holland-foto\\\/#article\",\"isPartOf\":{\"@id\":\"https:\\\/\\\/www.gaidaphotos.com\\\/blog\\\/2009\\\/04\\\/10\\\/holland-foto\\\/\"},\"author\":{\"name\":\"Thomas\",\"@id\":\"https:\\\/\\\/www.gaidaphotos.com\\\/blog\\\/#\\\/schema\\\/person\\\/6c444a5b13ffc503c5c32f5a9ec68b21\"},\"headline\":\"Ostern an der K\u00fcste Hollands (Fotogallerie)\",\"datePublished\":\"2009-04-10T11:25:04+00:00\",\"dateModified\":\"2013-03-20T14:19:47+00:00\",\"mainEntityOfPage\":{\"@id\":\"https:\\\/\\\/www.gaidaphotos.com\\\/blog\\\/2009\\\/04\\\/10\\\/holland-foto\\\/\"},\"wordCount\":145,\"commentCount\":0,\"publisher\":{\"@id\":\"https:\\\/\\\/www.gaidaphotos.com\\\/blog\\\/#organization\"},\"keywords\":[\"Holland\"],\"articleSection\":[\"Holland K\u00fcste\"],\"inLanguage\":\"de\",\"potentialAction\":[{\"@type\":\"CommentAction\",\"name\":\"Comment\",\"target\":[\"https:\\\/\\\/www.gaidaphotos.com\\\/blog\\\/2009\\\/04\\\/10\\\/holland-foto\\\/#respond\"]}]},{\"@type\":\"WebPage\",\"@id\":\"https:\\\/\\\/www.gaidaphotos.com\\\/blog\\\/2009\\\/04\\\/10\\\/holland-foto\\\/\",\"url\":\"https:\\\/\\\/www.gaidaphotos.com\\\/blog\\\/2009\\\/04\\\/10\\\/holland-foto\\\/\",\"name\":\"Ostern an der K\u00fcste Hollands (Fotogallerie) - K\u00f6ln Rodenkirchen und die Welt\",\"isPartOf\":{\"@id\":\"https:\\\/\\\/www.gaidaphotos.com\\\/blog\\\/#website\"},\"datePublished\":\"2009-04-10T11:25:04+00:00\",\"dateModified\":\"2013-03-20T14:19:47+00:00\",\"description\":\"Unser Tip zu Ostern: K\u00fcste Holland, Masterdam, Zaanse Schans, Noordwijck mit Fotogallerie, kostenloser Download\",\"breadcrumb\":{\"@id\":\"https:\\\/\\\/www.gaidaphotos.com\\\/blog\\\/2009\\\/04\\\/10\\\/holland-foto\\\/#breadcrumb\"},\"inLanguage\":\"de\",\"potentialAction\":[{\"@type\":\"ReadAction\",\"target\":[\"https:\\\/\\\/www.gaidaphotos.com\\\/blog\\\/2009\\\/04\\\/10\\\/holland-foto\\\/\"]}]},{\"@type\":\"BreadcrumbList\",\"@id\":\"https:\\\/\\\/www.gaidaphotos.com\\\/blog\\\/2009\\\/04\\\/10\\\/holland-foto\\\/#breadcrumb\",\"itemListElement\":[{\"@type\":\"ListItem\",\"position\":1,\"name\":\"Startseite\",\"item\":\"https:\\\/\\\/www.gaidaphotos.com\\\/blog\\\/\"},{\"@type\":\"ListItem\",\"position\":2,\"name\":\"Ostern an der K\u00fcste Hollands (Fotogallerie)\"}]},{\"@type\":\"WebSite\",\"@id\":\"https:\\\/\\\/www.gaidaphotos.com\\\/blog\\\/#website\",\"url\":\"https:\\\/\\\/www.gaidaphotos.com\\\/blog\\\/\",\"name\":\"K\u00f6ln Rodenkirchen und die Welt\",\"description\":\"Einkaufen, Restaurants, Freizeit, Nachrichten und was uns sonst bewegt und begegnet\",\"publisher\":{\"@id\":\"https:\\\/\\\/www.gaidaphotos.com\\\/blog\\\/#organization\"},\"potentialAction\":[{\"@type\":\"SearchAction\",\"target\":{\"@type\":\"EntryPoint\",\"urlTemplate\":\"https:\\\/\\\/www.gaidaphotos.com\\\/blog\\\/?s={search_term_string}\"},\"query-input\":{\"@type\":\"PropertyValueSpecification\",\"valueRequired\":true,\"valueName\":\"search_term_string\"}}],\"inLanguage\":\"de\"},{\"@type\":\"Organization\",\"@id\":\"https:\\\/\\\/www.gaidaphotos.com\\\/blog\\\/#organization\",\"name\":\"gaidaphotos\",\"url\":\"https:\\\/\\\/www.gaidaphotos.com\\\/blog\\\/\",\"logo\":{\"@type\":\"ImageObject\",\"inLanguage\":\"de\",\"@id\":\"https:\\\/\\\/www.gaidaphotos.com\\\/blog\\\/#\\\/schema\\\/logo\\\/image\\\/\",\"url\":\"https:\\\/\\\/i0.wp.com\\\/www.gaidaphotos.com\\\/blog\\\/wp-content\\\/uploads\\\/2020\\\/07\\\/GAIDAPHOTOS-COM.jpg?fit=160%2C96&ssl=1\",\"contentUrl\":\"https:\\\/\\\/i0.wp.com\\\/www.gaidaphotos.com\\\/blog\\\/wp-content\\\/uploads\\\/2020\\\/07\\\/GAIDAPHOTOS-COM.jpg?fit=160%2C96&ssl=1\",\"width\":160,\"height\":96,\"caption\":\"gaidaphotos\"},\"image\":{\"@id\":\"https:\\\/\\\/www.gaidaphotos.com\\\/blog\\\/#\\\/schema\\\/logo\\\/image\\\/\"},\"sameAs\":[\"https:\\\/\\\/www.facebook.com\\\/Koeln.Rodenkirchen\",\"https:\\\/\\\/x.com\\\/gaidaphotos\",\"https:\\\/\\\/instagram.com\\\/gaidaphotos\\\/\",\"https:\\\/\\\/de.linkedin.com\\\/in\\\/gaidaphotos\",\"https:\\\/\\\/myspace.com\\\/gaidaphotos\",\"https:\\\/\\\/www.pinterest.com\\\/gaidaphotos\\\/\",\"https:\\\/\\\/www.youtube.com\\\/user\\\/gaidaphotos\"]},{\"@type\":\"Person\",\"@id\":\"https:\\\/\\\/www.gaidaphotos.com\\\/blog\\\/#\\\/schema\\\/person\\\/6c444a5b13ffc503c5c32f5a9ec68b21\",\"name\":\"Thomas\",\"sameAs\":[\"https:\\\/\\\/www.gaidaphotos.com\",\"https:\\\/\\\/www.facebook.com\\\/gaidaphotos\",\"https:\\\/\\\/instagram.com\\\/gaidaphotos\\\/\",\"https:\\\/\\\/www.linkedin.com\\\/in\\\/gaidaphotos\",\"http:\\\/\\\/www.pinterest.com\\\/gaidaphotos\\\/\",\"https:\\\/\\\/x.com\\\/gaidaphotos\",\"https:\\\/\\\/myspace.com\\\/gaidaphotos\",\"https:\\\/\\\/www.youtube.com\\\/user\\\/gaidaphotos\",\"https:\\\/\\\/gaidaphotos.tumblr.com\\\/\"]}]}<\/script>\n<!-- \/ Yoast SEO plugin. -->","yoast_head_json":{"title":"Ostern an der K\u00fcste Hollands (Fotogallerie) - K\u00f6ln Rodenkirchen und die Welt","description":"Unser Tip zu Ostern: K\u00fcste Holland, Masterdam, Zaanse Schans, Noordwijck mit Fotogallerie, kostenloser Download","robots":{"index":"index","follow":"follow","max-snippet":"max-snippet:-1","max-image-preview":"max-image-preview:large","max-video-preview":"max-video-preview:-1"},"canonical":"https:\/\/www.gaidaphotos.com\/blog\/2009\/04\/10\/holland-foto\/","og_locale":"de_DE","og_type":"article","og_title":"Ostern an der K\u00fcste Hollands (Fotogallerie) - K\u00f6ln Rodenkirchen und die Welt","og_description":"Unser Tip zu Ostern: K\u00fcste Holland, Masterdam, Zaanse Schans, Noordwijck mit Fotogallerie, kostenloser Download","og_url":"https:\/\/www.gaidaphotos.com\/blog\/2009\/04\/10\/holland-foto\/","og_site_name":"K\u00f6ln Rodenkirchen und die Welt","article_publisher":"https:\/\/www.facebook.com\/Koeln.Rodenkirchen","article_author":"https:\/\/www.facebook.com\/gaidaphotos","article_published_time":"2009-04-10T11:25:04+00:00","article_modified_time":"2013-03-20T14:19:47+00:00","author":"Thomas","twitter_card":"summary_large_image","twitter_creator":"@gaidaphotos","twitter_site":"@gaidaphotos","twitter_misc":{"Verfasst von":"Thomas","Gesch\u00e4tzte Lesezeit":"1\u00a0Minute"},"schema":{"@context":"https:\/\/schema.org","@graph":[{"@type":"Article","@id":"https:\/\/www.gaidaphotos.com\/blog\/2009\/04\/10\/holland-foto\/#article","isPartOf":{"@id":"https:\/\/www.gaidaphotos.com\/blog\/2009\/04\/10\/holland-foto\/"},"author":{"name":"Thomas","@id":"https:\/\/www.gaidaphotos.com\/blog\/#\/schema\/person\/6c444a5b13ffc503c5c32f5a9ec68b21"},"headline":"Ostern an der K\u00fcste Hollands (Fotogallerie)","datePublished":"2009-04-10T11:25:04+00:00","dateModified":"2013-03-20T14:19:47+00:00","mainEntityOfPage":{"@id":"https:\/\/www.gaidaphotos.com\/blog\/2009\/04\/10\/holland-foto\/"},"wordCount":145,"commentCount":0,"publisher":{"@id":"https:\/\/www.gaidaphotos.com\/blog\/#organization"},"keywords":["Holland"],"articleSection":["Holland K\u00fcste"],"inLanguage":"de","potentialAction":[{"@type":"CommentAction","name":"Comment","target":["https:\/\/www.gaidaphotos.com\/blog\/2009\/04\/10\/holland-foto\/#respond"]}]},{"@type":"WebPage","@id":"https:\/\/www.gaidaphotos.com\/blog\/2009\/04\/10\/holland-foto\/","url":"https:\/\/www.gaidaphotos.com\/blog\/2009\/04\/10\/holland-foto\/","name":"Ostern an der K\u00fcste Hollands (Fotogallerie) - K\u00f6ln Rodenkirchen und die Welt","isPartOf":{"@id":"https:\/\/www.gaidaphotos.com\/blog\/#website"},"datePublished":"2009-04-10T11:25:04+00:00","dateModified":"2013-03-20T14:19:47+00:00","description":"Unser Tip zu Ostern: K\u00fcste Holland, Masterdam, Zaanse Schans, Noordwijck mit Fotogallerie, kostenloser Download","breadcrumb":{"@id":"https:\/\/www.gaidaphotos.com\/blog\/2009\/04\/10\/holland-foto\/#breadcrumb"},"inLanguage":"de","potentialAction":[{"@type":"ReadAction","target":["https:\/\/www.gaidaphotos.com\/blog\/2009\/04\/10\/holland-foto\/"]}]},{"@type":"BreadcrumbList","@id":"https:\/\/www.gaidaphotos.com\/blog\/2009\/04\/10\/holland-foto\/#breadcrumb","itemListElement":[{"@type":"ListItem","position":1,"name":"Startseite","item":"https:\/\/www.gaidaphotos.com\/blog\/"},{"@type":"ListItem","position":2,"name":"Ostern an der K\u00fcste Hollands (Fotogallerie)"}]},{"@type":"WebSite","@id":"https:\/\/www.gaidaphotos.com\/blog\/#website","url":"https:\/\/www.gaidaphotos.com\/blog\/","name":"K\u00f6ln Rodenkirchen und die Welt","description":"Einkaufen, Restaurants, Freizeit, Nachrichten und was uns sonst bewegt und begegnet","publisher":{"@id":"https:\/\/www.gaidaphotos.com\/blog\/#organization"},"potentialAction":[{"@type":"SearchAction","target":{"@type":"EntryPoint","urlTemplate":"https:\/\/www.gaidaphotos.com\/blog\/?s={search_term_string}"},"query-input":{"@type":"PropertyValueSpecification","valueRequired":true,"valueName":"search_term_string"}}],"inLanguage":"de"},{"@type":"Organization","@id":"https:\/\/www.gaidaphotos.com\/blog\/#organization","name":"gaidaphotos","url":"https:\/\/www.gaidaphotos.com\/blog\/","logo":{"@type":"ImageObject","inLanguage":"de","@id":"https:\/\/www.gaidaphotos.com\/blog\/#\/schema\/logo\/image\/","url":"https:\/\/i0.wp.com\/www.gaidaphotos.com\/blog\/wp-content\/uploads\/2020\/07\/GAIDAPHOTOS-COM.jpg?fit=160%2C96&ssl=1","contentUrl":"https:\/\/i0.wp.com\/www.gaidaphotos.com\/blog\/wp-content\/uploads\/2020\/07\/GAIDAPHOTOS-COM.jpg?fit=160%2C96&ssl=1","width":160,"height":96,"caption":"gaidaphotos"},"image":{"@id":"https:\/\/www.gaidaphotos.com\/blog\/#\/schema\/logo\/image\/"},"sameAs":["https:\/\/www.facebook.com\/Koeln.Rodenkirchen","https:\/\/x.com\/gaidaphotos","https:\/\/instagram.com\/gaidaphotos\/","https:\/\/de.linkedin.com\/in\/gaidaphotos","https:\/\/myspace.com\/gaidaphotos","https:\/\/www.pinterest.com\/gaidaphotos\/","https:\/\/www.youtube.com\/user\/gaidaphotos"]},{"@type":"Person","@id":"https:\/\/www.gaidaphotos.com\/blog\/#\/schema\/person\/6c444a5b13ffc503c5c32f5a9ec68b21","name":"Thomas","sameAs":["https:\/\/www.gaidaphotos.com","https:\/\/www.facebook.com\/gaidaphotos","https:\/\/instagram.com\/gaidaphotos\/","https:\/\/www.linkedin.com\/in\/gaidaphotos","http:\/\/www.pinterest.com\/gaidaphotos\/","https:\/\/x.com\/gaidaphotos","https:\/\/myspace.com\/gaidaphotos","https:\/\/www.youtube.com\/user\/gaidaphotos","https:\/\/gaidaphotos.tumblr.com\/"]}]}},"jetpack_publicize_connections":[],"jetpack_featured_media_url":"","jetpack_sharing_enabled":true,"jetpack_likes_enabled":true,"jetpack-related-posts":[{"id":318,"url":"https:\/\/www.gaidaphotos.com\/blog\/2009\/04\/08\/zaanse-schanz-jede-menge-windmuhlen\/","url_meta":{"origin":322,"position":0},"title":"Zaanse Schanz: Jede Menge Windm\u00fchlen","author":"Thomas","date":"8. April 2009","format":false,"excerpt":"Im Freilichtmuseum Zaanse Schanz gibt es jede Menge Windm\u00fchlen. Trotz heftigen Regens immer ein Vergn\u00fcgen.","rel":"","context":"In &quot;17&quot;","block_context":{"text":"17","link":"https:\/\/www.gaidaphotos.com\/blog\/category\/mobile_news_von_unterwegs\/mobile_news_von_unterwegs-n95\/"},"img":{"alt_text":"","src":"","width":0,"height":0},"classes":[]},{"id":320,"url":"https:\/\/www.gaidaphotos.com\/blog\/2009\/04\/09\/hyazintenfelder-an-der-hollandischen-kuste\/","url_meta":{"origin":322,"position":1},"title":"Hyazintenfelder an der holl\u00e4ndischen K\u00fcste","author":"Thomas","date":"9. April 2009","format":false,"excerpt":"Leider geht es schon wieder nach Hause. Zum Abschied gr\u00fc\u00dfen uns noch die Hyazinten an der holl\u00e4ndischen K\u00fcste. Der Geruch ist unbeschreiblich intensiv.","rel":"","context":"In &quot;17&quot;","block_context":{"text":"17","link":"https:\/\/www.gaidaphotos.com\/blog\/category\/mobile_news_von_unterwegs\/mobile_news_von_unterwegs-n95\/"},"img":{"alt_text":"","src":"","width":0,"height":0},"classes":[]},{"id":314,"url":"https:\/\/www.gaidaphotos.com\/blog\/2009\/04\/06\/4-tage-urlaub-an-der-nordsee\/","url_meta":{"origin":322,"position":2},"title":"4 Tage Urlaub an der Nordsee","author":"Thomas","date":"6. April 2009","format":false,"excerpt":"20C + Sonne + Meer = perfekte Erholung an der Nordsee. Dazu lecker Fisch & Bier! Wer braucht Malle wenn er die Nordsee vor der T\u00fcr hat. Noordwijk, Holland, Leuchtturm","rel":"","context":"In &quot;17&quot;","block_context":{"text":"17","link":"https:\/\/www.gaidaphotos.com\/blog\/category\/mobile_news_von_unterwegs\/mobile_news_von_unterwegs-n95\/"},"img":{"alt_text":"","src":"","width":0,"height":0},"classes":[]},{"id":316,"url":"https:\/\/www.gaidaphotos.com\/blog\/2009\/04\/07\/1-tag-in-amsterdam\/","url_meta":{"origin":322,"position":3},"title":"1 Tag in Amsterdam","author":"Thomas","date":"7. April 2009","format":false,"excerpt":"Amsterdam ist immer eine Reise wert!","rel":"","context":"In &quot;17&quot;","block_context":{"text":"17","link":"https:\/\/www.gaidaphotos.com\/blog\/category\/mobile_news_von_unterwegs\/mobile_news_von_unterwegs-n95\/"},"img":{"alt_text":"","src":"","width":0,"height":0},"classes":[]},{"id":10081,"url":"https:\/\/www.gaidaphotos.com\/blog\/2018\/05\/02\/reise-ins-blumenparadies-keuckenhof\/","url_meta":{"origin":322,"position":4},"title":"Reise in&#8217;s Blumenparadies Keuckenhof","author":"Thomas","date":"2. Mai 2018","format":false,"excerpt":"Der Keuckenhof: Blumenparadies in Holland \u00a0 \u00a0 Aus einem gr\u00e4flichen Kr\u00e4utergarten ist nach circa 350 Jahren das Schaufenster der Niederl\u00e4ndischen Blumenzucht mit \u00fcber 7 Millionen Fr\u00fchjahrsblumenzwiebeln geworden. Die Bl\u00fctenpracht und Farbenvielfalt ist unglaublich und \u00fcberw\u00e4ltigend. Wer bl\u00fchende Pflanzen liebt, kommt an einem Besuch des Keuckenhof in Lisse, Holland nicht vorbei.\u2026","rel":"","context":"In &quot;Ausflug&quot;","block_context":{"text":"Ausflug","link":"https:\/\/www.gaidaphotos.com\/blog\/category\/ausflug\/"},"img":{"alt_text":"","src":"https:\/\/i0.wp.com\/www.gaidaphotos.com\/blog\/wp-content\/uploads\/ngg_featured\/keuckenhof-tulpenfeld-22.jpg?fit=1024%2C683&ssl=1&resize=350%2C200","width":350,"height":200,"srcset":"https:\/\/i0.wp.com\/www.gaidaphotos.com\/blog\/wp-content\/uploads\/ngg_featured\/keuckenhof-tulpenfeld-22.jpg?fit=1024%2C683&ssl=1&resize=350%2C200 1x, https:\/\/i0.wp.com\/www.gaidaphotos.com\/blog\/wp-content\/uploads\/ngg_featured\/keuckenhof-tulpenfeld-22.jpg?fit=1024%2C683&ssl=1&resize=525%2C300 1.5x, https:\/\/i0.wp.com\/www.gaidaphotos.com\/blog\/wp-content\/uploads\/ngg_featured\/keuckenhof-tulpenfeld-22.jpg?fit=1024%2C683&ssl=1&resize=700%2C400 2x"},"classes":[]},{"id":735,"url":"https:\/\/www.gaidaphotos.com\/blog\/2009\/06\/17\/holland-maastricht-einkaufen-trodelmarkt-termine-2009\/","url_meta":{"origin":322,"position":5},"title":"Holland Maastricht: Einkaufen &#038; Tr\u00f6delmarkt Termine 2009","author":"Thomas","date":"17. Juni 2009","format":false,"excerpt":"Hier finden Sie die neuen Termine Flohmarkt - Tr\u00f6delmarkt - Antikmarkt Maastricht (Holland) 2012 Wir haben schon mit sch\u00f6nen Fotos vom letzten (?) Tr\u00f6delmarkt in Maastricht (Holland) berichtet. - Erg\u00e4nzung M\u00e4rz 2014: Die neuen Flohmarkttermine f\u00fcr Maastricht (Holland) 2014 sind da! Wenn Sie automatisch \u00fcber die Daten f\u00fcr Flohm\u00e4rkte in\u2026","rel":"","context":"In &quot;Holland&quot;","block_context":{"text":"Holland","link":"https:\/\/www.gaidaphotos.com\/blog\/category\/reise\/holland\/"},"img":{"alt_text":"","src":"","width":0,"height":0},"classes":[]}],"_links":{"self":[{"href":"https:\/\/www.gaidaphotos.com\/blog\/wp-json\/wp\/v2\/posts\/322","targetHints":{"allow":["GET"]}}],"collection":[{"href":"https:\/\/www.gaidaphotos.com\/blog\/wp-json\/wp\/v2\/posts"}],"about":[{"href":"https:\/\/www.gaidaphotos.com\/blog\/wp-json\/wp\/v2\/types\/post"}],"author":[{"embeddable":true,"href":"https:\/\/www.gaidaphotos.com\/blog\/wp-json\/wp\/v2\/users\/6"}],"replies":[{"embeddable":true,"href":"https:\/\/www.gaidaphotos.com\/blog\/wp-json\/wp\/v2\/comments?post=322"}],"version-history":[{"count":0,"href":"https:\/\/www.gaidaphotos.com\/blog\/wp-json\/wp\/v2\/posts\/322\/revisions"}],"wp:attachment":[{"href":"https:\/\/www.gaidaphotos.com\/blog\/wp-json\/wp\/v2\/media?parent=322"}],"wp:term":[{"taxonomy":"category","embeddable":true,"href":"https:\/\/www.gaidaphotos.com\/blog\/wp-json\/wp\/v2\/categories?post=322"},{"taxonomy":"post_tag","embeddable":true,"href":"https:\/\/www.gaidaphotos.com\/blog\/wp-json\/wp\/v2\/tags?post=322"}],"curies":[{"name":"wp","href":"https:\/\/api.w.org\/{rel}","templated":true}]}}