{"id":3264,"date":"2010-07-18T18:11:28","date_gmt":"2010-07-18T16:11:28","guid":{"rendered":"http:\/\/gaidaphotos.com\/blog\/?p=3264"},"modified":"2010-07-18T18:11:28","modified_gmt":"2010-07-18T16:11:28","slug":"kolner-lichter-2010-feuerwerk-fotos","status":"publish","type":"post","link":"https:\/\/www.gaidaphotos.com\/blog\/2010\/07\/18\/kolner-lichter-2010-feuerwerk-fotos\/","title":{"rendered":"K\u00f6lner Lichter 2010: Feuerwerk Fotos"},"content":{"rendered":"<h2>K\u00f6lner Lichter 2010: Feuerwerk Fotos<\/h2>\n<p>Zum &#8222;gro\u00dfen&#8220; Feuerwerk um 22:30h am Rheinpark hatten wir keine Lust. Aber Stadtachter und die s\u00fcdlichen Feuerwerke in Rodenirchen und Poll wollten wir uns dann doch nicht entgehen lassen.<\/p>\n<p>Der Stadtachter war eine Entt\u00e4uschung. Nix Ziel in Rodenkirchen, sondern irgendwo am Hafen. Was macht &#8222;unser&#8220; Stadtachter so weit rheinaufw\u00e4rts.<\/p>\n<p>Der guten Stimmung am leinpfad in Rodenkirchen tat das keine Abbruch. Da war eine tolle Strand-Bar-Stimmung and der k\u00f6lschen Riviera.<\/p>\n<p>Und untergehende Sonne, Rheinbr\u00fccke und Feuerwerk boten ein so einzigartiges Motiv, dass ich trotz gegenteiliger Planung Fotos machen mu\u00dfte. Die SLR war mir zu &#8222;umst\u00e4ndlich&#8220; mit Stativ und Selbstausl\u00f6ser. Meiune &#8222;kleine&#8220; kompakte habe ich aber immer dabei und auch ein Handstativ.<\/p>\n<table>\n<tbody>\n<tr>\n<td>\n<p><figure id=\"attachment_3265\" aria-describedby=\"caption-attachment-3265\" style=\"width: 480px\" class=\"wp-caption aligncenter\"><img data-recalc-dims=\"1\" loading=\"lazy\" decoding=\"async\" class=\"size-full wp-image-3265\" title=\"K\u00f6lner Lichter 2010: Feuerwerk Fotos\" src=\"https:\/\/i0.wp.com\/www.gaidaphotos.com\/blog\/wp-content\/uploads\/2010\/07\/stadtachter.jpg?resize=480%2C360&#038;ssl=1\" alt=\"K\u00f6lner Lichter 2010: Feuerwerk Fotos\" width=\"480\" height=\"360\" srcset=\"https:\/\/i0.wp.com\/www.gaidaphotos.com\/blog\/wp-content\/uploads\/2010\/07\/stadtachter.jpg?w=480&amp;ssl=1 480w, https:\/\/i0.wp.com\/www.gaidaphotos.com\/blog\/wp-content\/uploads\/2010\/07\/stadtachter.jpg?resize=300%2C225&amp;ssl=1 300w\" sizes=\"auto, (max-width: 480px) 100vw, 480px\" \/><figcaption id=\"caption-attachment-3265\" class=\"wp-caption-text\">Feiern am Leinpfad in Rodenkirchen<\/figcaption><\/figure><\/td>\n<\/tr>\n<tr>\n<td>\n<p><figure id=\"attachment_3274\" aria-describedby=\"caption-attachment-3274\" style=\"width: 360px\" class=\"wp-caption aligncenter\"><img data-recalc-dims=\"1\" loading=\"lazy\" decoding=\"async\" class=\"size-full wp-image-3274\" title=\"K\u00f6lner Lichter 2010: Feuerwerk Fotos\" src=\"https:\/\/i0.wp.com\/www.gaidaphotos.com\/blog\/wp-content\/uploads\/2010\/07\/picknik-am-rhein.jpg?resize=360%2C480&#038;ssl=1\" alt=\"K\u00f6lner Lichter 2010: Feuerwerk Fotos\" width=\"360\" height=\"480\" srcset=\"https:\/\/i0.wp.com\/www.gaidaphotos.com\/blog\/wp-content\/uploads\/2010\/07\/picknik-am-rhein.jpg?w=360&amp;ssl=1 360w, https:\/\/i0.wp.com\/www.gaidaphotos.com\/blog\/wp-content\/uploads\/2010\/07\/picknik-am-rhein.jpg?resize=225%2C300&amp;ssl=1 225w\" sizes=\"auto, (max-width: 360px) 100vw, 360px\" \/><figcaption id=\"caption-attachment-3274\" class=\"wp-caption-text\">K\u00f6lner Lichter 2010: Picknik am Rhein<\/figcaption><\/figure><\/td>\n<\/tr>\n<tr>\n<td>\n<p><figure id=\"attachment_3266\" aria-describedby=\"caption-attachment-3266\" style=\"width: 480px\" class=\"wp-caption aligncenter\"><img data-recalc-dims=\"1\" loading=\"lazy\" decoding=\"async\" class=\"size-full wp-image-3266\" title=\"K\u00f6lner Lichter 2010: Feuerwerk Fotos\" src=\"https:\/\/i0.wp.com\/www.gaidaphotos.com\/blog\/wp-content\/uploads\/2010\/07\/loelner-lichter-01.jpg?resize=480%2C360&#038;ssl=1\" alt=\"K\u00f6lner Lichter 2010: Feuerwerk Fotos\" width=\"480\" height=\"360\" srcset=\"https:\/\/i0.wp.com\/www.gaidaphotos.com\/blog\/wp-content\/uploads\/2010\/07\/loelner-lichter-01.jpg?w=480&amp;ssl=1 480w, https:\/\/i0.wp.com\/www.gaidaphotos.com\/blog\/wp-content\/uploads\/2010\/07\/loelner-lichter-01.jpg?resize=300%2C225&amp;ssl=1 300w\" sizes=\"auto, (max-width: 480px) 100vw, 480px\" \/><figcaption id=\"caption-attachment-3266\" class=\"wp-caption-text\">K\u00f6lner Lichter 2010: <\/figcaption><\/figure><\/td>\n<\/tr>\n<tr>\n<td>\n<p><figure id=\"attachment_3267\" aria-describedby=\"caption-attachment-3267\" style=\"width: 480px\" class=\"wp-caption aligncenter\"><img data-recalc-dims=\"1\" loading=\"lazy\" decoding=\"async\" class=\"size-full wp-image-3267\" title=\"K\u00f6lner Lichter 2010: Feuerwerk Fotos\" src=\"https:\/\/i0.wp.com\/www.gaidaphotos.com\/blog\/wp-content\/uploads\/2010\/07\/loelner-lichter-02.jpg?resize=480%2C360&#038;ssl=1\" alt=\"K\u00f6lner Lichter 2010: Feuerwerk Fotos\" width=\"480\" height=\"360\" srcset=\"https:\/\/i0.wp.com\/www.gaidaphotos.com\/blog\/wp-content\/uploads\/2010\/07\/loelner-lichter-02.jpg?w=480&amp;ssl=1 480w, https:\/\/i0.wp.com\/www.gaidaphotos.com\/blog\/wp-content\/uploads\/2010\/07\/loelner-lichter-02.jpg?resize=300%2C225&amp;ssl=1 300w\" sizes=\"auto, (max-width: 480px) 100vw, 480px\" \/><figcaption id=\"caption-attachment-3267\" class=\"wp-caption-text\">K\u00f6lner Lichter 2010: Feuerwerk Fotos<\/figcaption><\/figure><\/td>\n<\/tr>\n<tr>\n<td>\n<p><figure id=\"attachment_3268\" aria-describedby=\"caption-attachment-3268\" style=\"width: 480px\" class=\"wp-caption aligncenter\"><img data-recalc-dims=\"1\" loading=\"lazy\" decoding=\"async\" class=\"size-full wp-image-3268\" title=\"K\u00f6lner Lichter 2010: Feuerwerk Fotos\" src=\"https:\/\/i0.wp.com\/www.gaidaphotos.com\/blog\/wp-content\/uploads\/2010\/07\/loelner-lichter-03.jpg?resize=480%2C360&#038;ssl=1\" alt=\"K\u00f6lner Lichter 2010: Feuerwerk Fotos\" width=\"480\" height=\"360\" srcset=\"https:\/\/i0.wp.com\/www.gaidaphotos.com\/blog\/wp-content\/uploads\/2010\/07\/loelner-lichter-03.jpg?w=480&amp;ssl=1 480w, https:\/\/i0.wp.com\/www.gaidaphotos.com\/blog\/wp-content\/uploads\/2010\/07\/loelner-lichter-03.jpg?resize=300%2C225&amp;ssl=1 300w\" sizes=\"auto, (max-width: 480px) 100vw, 480px\" \/><figcaption id=\"caption-attachment-3268\" class=\"wp-caption-text\">K\u00f6lner Lichter 2010: Feuerwerk Fotos<\/figcaption><\/figure><\/td>\n<\/tr>\n<tr>\n<td>\n<p><figure id=\"attachment_3269\" aria-describedby=\"caption-attachment-3269\" style=\"width: 480px\" class=\"wp-caption aligncenter\"><img data-recalc-dims=\"1\" loading=\"lazy\" decoding=\"async\" class=\"size-full wp-image-3269\" title=\"K\u00f6lner Lichter 2010: Feuerwerk Fotos\" src=\"https:\/\/i0.wp.com\/www.gaidaphotos.com\/blog\/wp-content\/uploads\/2010\/07\/loelner-lichter-04.jpg?resize=480%2C360&#038;ssl=1\" alt=\"K\u00f6lner Lichter 2010: Feuerwerk Fotos\" width=\"480\" height=\"360\" srcset=\"https:\/\/i0.wp.com\/www.gaidaphotos.com\/blog\/wp-content\/uploads\/2010\/07\/loelner-lichter-04.jpg?w=480&amp;ssl=1 480w, https:\/\/i0.wp.com\/www.gaidaphotos.com\/blog\/wp-content\/uploads\/2010\/07\/loelner-lichter-04.jpg?resize=300%2C225&amp;ssl=1 300w\" sizes=\"auto, (max-width: 480px) 100vw, 480px\" \/><figcaption id=\"caption-attachment-3269\" class=\"wp-caption-text\">K\u00f6lner Lichter 2010: Feuerwerk Fotos<\/figcaption><\/figure><\/td>\n<\/tr>\n<tr>\n<td>\n<p><figure id=\"attachment_3270\" aria-describedby=\"caption-attachment-3270\" style=\"width: 360px\" class=\"wp-caption aligncenter\"><img data-recalc-dims=\"1\" loading=\"lazy\" decoding=\"async\" class=\"size-full wp-image-3270\" title=\"K\u00f6lner Lichter 2010: Feuerwerk Fotos\" src=\"https:\/\/i0.wp.com\/www.gaidaphotos.com\/blog\/wp-content\/uploads\/2010\/07\/loelner-lichter-05.jpg?resize=360%2C480&#038;ssl=1\" alt=\"K\u00f6lner Lichter 2010: Feuerwerk Fotos\" width=\"360\" height=\"480\" srcset=\"https:\/\/i0.wp.com\/www.gaidaphotos.com\/blog\/wp-content\/uploads\/2010\/07\/loelner-lichter-05.jpg?w=360&amp;ssl=1 360w, https:\/\/i0.wp.com\/www.gaidaphotos.com\/blog\/wp-content\/uploads\/2010\/07\/loelner-lichter-05.jpg?resize=225%2C300&amp;ssl=1 225w\" sizes=\"auto, (max-width: 360px) 100vw, 360px\" \/><figcaption id=\"caption-attachment-3270\" class=\"wp-caption-text\">K\u00f6lner Lichter 2010: Feuerwerk Fotos<\/figcaption><\/figure><\/td>\n<\/tr>\n<tr>\n<td>\n<p><figure id=\"attachment_3271\" aria-describedby=\"caption-attachment-3271\" style=\"width: 480px\" class=\"wp-caption aligncenter\"><img data-recalc-dims=\"1\" loading=\"lazy\" decoding=\"async\" class=\"size-full wp-image-3271\" title=\"K\u00f6lner Lichter 2010: Feuerwerk Fotos\" src=\"https:\/\/i0.wp.com\/www.gaidaphotos.com\/blog\/wp-content\/uploads\/2010\/07\/loelner-lichter-06.jpg?resize=480%2C360&#038;ssl=1\" alt=\"K\u00f6lner Lichter 2010: Feuerwerk Fotos\" width=\"480\" height=\"360\" srcset=\"https:\/\/i0.wp.com\/www.gaidaphotos.com\/blog\/wp-content\/uploads\/2010\/07\/loelner-lichter-06.jpg?w=480&amp;ssl=1 480w, https:\/\/i0.wp.com\/www.gaidaphotos.com\/blog\/wp-content\/uploads\/2010\/07\/loelner-lichter-06.jpg?resize=300%2C225&amp;ssl=1 300w\" sizes=\"auto, (max-width: 480px) 100vw, 480px\" \/><figcaption id=\"caption-attachment-3271\" class=\"wp-caption-text\">K\u00f6lner Lichter 2010: Feuerwerk Fotos<\/figcaption><\/figure><\/td>\n<\/tr>\n<tr>\n<td>\n<p><figure id=\"attachment_3272\" aria-describedby=\"caption-attachment-3272\" style=\"width: 480px\" class=\"wp-caption aligncenter\"><img data-recalc-dims=\"1\" loading=\"lazy\" decoding=\"async\" class=\"size-full wp-image-3272\" title=\"K\u00f6lner Lichter 2010: Feuerwerk Fotos\" src=\"https:\/\/i0.wp.com\/www.gaidaphotos.com\/blog\/wp-content\/uploads\/2010\/07\/loelner-lichter-07.jpg?resize=480%2C360&#038;ssl=1\" alt=\"K\u00f6lner Lichter 2010: Feuerwerk Fotos\" width=\"480\" height=\"360\" srcset=\"https:\/\/i0.wp.com\/www.gaidaphotos.com\/blog\/wp-content\/uploads\/2010\/07\/loelner-lichter-07.jpg?w=480&amp;ssl=1 480w, https:\/\/i0.wp.com\/www.gaidaphotos.com\/blog\/wp-content\/uploads\/2010\/07\/loelner-lichter-07.jpg?resize=300%2C225&amp;ssl=1 300w\" sizes=\"auto, (max-width: 480px) 100vw, 480px\" \/><figcaption id=\"caption-attachment-3272\" class=\"wp-caption-text\">K\u00f6lner Lichter 2010: Feuerwerk Fotos<\/figcaption><\/figure><\/td>\n<\/tr>\n<tr>\n<td>\n<p><figure id=\"attachment_3273\" aria-describedby=\"caption-attachment-3273\" style=\"width: 480px\" class=\"wp-caption aligncenter\"><img data-recalc-dims=\"1\" loading=\"lazy\" decoding=\"async\" class=\"size-full wp-image-3273\" title=\"K\u00f6lner Lichter 2010: Feuerwerk Fotos\" src=\"https:\/\/i0.wp.com\/www.gaidaphotos.com\/blog\/wp-content\/uploads\/2010\/07\/loelner-lichter-09.jpg?resize=480%2C360&#038;ssl=1\" alt=\"K\u00f6lner Lichter 2010: Feuerwerk Fotos\" width=\"480\" height=\"360\" srcset=\"https:\/\/i0.wp.com\/www.gaidaphotos.com\/blog\/wp-content\/uploads\/2010\/07\/loelner-lichter-09.jpg?w=480&amp;ssl=1 480w, https:\/\/i0.wp.com\/www.gaidaphotos.com\/blog\/wp-content\/uploads\/2010\/07\/loelner-lichter-09.jpg?resize=300%2C225&amp;ssl=1 300w\" sizes=\"auto, (max-width: 480px) 100vw, 480px\" \/><figcaption id=\"caption-attachment-3273\" class=\"wp-caption-text\">K\u00f6lner Lichter 2010: Feuerwerk Fotos<\/figcaption><\/figure><\/td>\n<\/tr>\n<\/tbody>\n<\/table>\n","protected":false},"excerpt":{"rendered":"<p>K\u00f6lner Lichter 2010: Feuerwerk Fotos Zum &#8222;gro\u00dfen&#8220; Feuerwerk um 22:30h am Rheinpark hatten wir keine Lust. Aber Stadtachter und die<\/p>\n","protected":false},"author":6,"featured_media":0,"comment_status":"open","ping_status":"open","sticky":false,"template":"","format":"standard","meta":{"_crdt_document":"","ngg_post_thumbnail":0,"jetpack_post_was_ever_published":false,"_jetpack_newsletter_access":"","_jetpack_dont_email_post_to_subs":false,"_jetpack_newsletter_tier_id":0,"_jetpack_memberships_contains_paywalled_content":false,"_jetpack_memberships_contains_paid_content":false,"footnotes":"","jetpack_publicize_message":"","jetpack_publicize_feature_enabled":true,"jetpack_social_post_already_shared":false,"jetpack_social_options":{"image_generator_settings":{"template":"highway","default_image_id":0,"font":"","enabled":false},"version":2}},"categories":[89,135],"tags":[102,538],"class_list":["post-3264","post","type-post","status-publish","format-standard","hentry","category-koeln-rodenkirchen-einkaufen","category-koeln_rodenkirchen-fotos","tag-freizeit","tag-koeln-rodenkirchen"],"yoast_head":"<!-- This site is optimized with the Yoast SEO plugin v27.5 - https:\/\/yoast.com\/product\/yoast-seo-wordpress\/ -->\n<title>K\u00f6lner Lichter 2010: Feuerwerk Fotos<\/title>\n<meta name=\"description\" content=\"Die sch\u00f6nsten Fotos von den K\u00f6lner Lichter 2010: Feuerwerk und Rodenkirchen\" \/>\n<meta name=\"robots\" content=\"index, follow, max-snippet:-1, max-image-preview:large, max-video-preview:-1\" \/>\n<link rel=\"canonical\" href=\"https:\/\/www.gaidaphotos.com\/blog\/2010\/07\/18\/kolner-lichter-2010-feuerwerk-fotos\/\" \/>\n<meta property=\"og:locale\" content=\"de_DE\" \/>\n<meta property=\"og:type\" content=\"article\" \/>\n<meta property=\"og:title\" content=\"K\u00f6lner Lichter 2010: Feuerwerk Fotos\" \/>\n<meta property=\"og:description\" content=\"Die sch\u00f6nsten Fotos von den K\u00f6lner Lichter 2010: Feuerwerk und Rodenkirchen\" \/>\n<meta property=\"og:url\" content=\"https:\/\/www.gaidaphotos.com\/blog\/2010\/07\/18\/kolner-lichter-2010-feuerwerk-fotos\/\" \/>\n<meta property=\"og:site_name\" content=\"K\u00f6ln Rodenkirchen und die Welt\" \/>\n<meta property=\"article:publisher\" content=\"https:\/\/www.facebook.com\/Koeln.Rodenkirchen\" \/>\n<meta property=\"article:author\" content=\"https:\/\/www.facebook.com\/gaidaphotos\" \/>\n<meta property=\"article:published_time\" content=\"2010-07-18T16:11:28+00:00\" \/>\n<meta property=\"og:image\" content=\"https:\/\/www.gaidaphotos.com\/blog\/wp-content\/uploads\/2010\/07\/stadtachter.jpg\" \/>\n<meta name=\"author\" content=\"Thomas\" \/>\n<meta name=\"twitter:card\" content=\"summary_large_image\" \/>\n<meta name=\"twitter:creator\" content=\"@gaidaphotos\" \/>\n<meta name=\"twitter:site\" content=\"@gaidaphotos\" \/>\n<meta name=\"twitter:label1\" content=\"Verfasst von\" \/>\n\t<meta name=\"twitter:data1\" content=\"Thomas\" \/>\n\t<meta name=\"twitter:label2\" content=\"Gesch\u00e4tzte Lesezeit\" \/>\n\t<meta name=\"twitter:data2\" content=\"1\u00a0Minute\" \/>\n<script type=\"application\/ld+json\" class=\"yoast-schema-graph\">{\"@context\":\"https:\\\/\\\/schema.org\",\"@graph\":[{\"@type\":\"Article\",\"@id\":\"https:\\\/\\\/www.gaidaphotos.com\\\/blog\\\/2010\\\/07\\\/18\\\/kolner-lichter-2010-feuerwerk-fotos\\\/#article\",\"isPartOf\":{\"@id\":\"https:\\\/\\\/www.gaidaphotos.com\\\/blog\\\/2010\\\/07\\\/18\\\/kolner-lichter-2010-feuerwerk-fotos\\\/\"},\"author\":{\"name\":\"Thomas\",\"@id\":\"https:\\\/\\\/www.gaidaphotos.com\\\/blog\\\/#\\\/schema\\\/person\\\/6c444a5b13ffc503c5c32f5a9ec68b21\"},\"headline\":\"K\u00f6lner Lichter 2010: Feuerwerk Fotos\",\"datePublished\":\"2010-07-18T16:11:28+00:00\",\"mainEntityOfPage\":{\"@id\":\"https:\\\/\\\/www.gaidaphotos.com\\\/blog\\\/2010\\\/07\\\/18\\\/kolner-lichter-2010-feuerwerk-fotos\\\/\"},\"wordCount\":258,\"commentCount\":0,\"publisher\":{\"@id\":\"https:\\\/\\\/www.gaidaphotos.com\\\/blog\\\/#organization\"},\"image\":{\"@id\":\"https:\\\/\\\/www.gaidaphotos.com\\\/blog\\\/2010\\\/07\\\/18\\\/kolner-lichter-2010-feuerwerk-fotos\\\/#primaryimage\"},\"thumbnailUrl\":\"https:\\\/\\\/www.gaidaphotos.com\\\/blog\\\/wp-content\\\/uploads\\\/2010\\\/07\\\/stadtachter.jpg\",\"keywords\":[\"Freizeit-Ideen\",\"K\u00f6ln Rodenkirchen\"],\"articleSection\":[\"K\u00f6ln Rodenkirchen Einkaufen\",\"K\u00f6ln-Rodenkirchen Fotos\"],\"inLanguage\":\"de\",\"potentialAction\":[{\"@type\":\"CommentAction\",\"name\":\"Comment\",\"target\":[\"https:\\\/\\\/www.gaidaphotos.com\\\/blog\\\/2010\\\/07\\\/18\\\/kolner-lichter-2010-feuerwerk-fotos\\\/#respond\"]}]},{\"@type\":\"WebPage\",\"@id\":\"https:\\\/\\\/www.gaidaphotos.com\\\/blog\\\/2010\\\/07\\\/18\\\/kolner-lichter-2010-feuerwerk-fotos\\\/\",\"url\":\"https:\\\/\\\/www.gaidaphotos.com\\\/blog\\\/2010\\\/07\\\/18\\\/kolner-lichter-2010-feuerwerk-fotos\\\/\",\"name\":\"K\u00f6lner Lichter 2010: Feuerwerk Fotos\",\"isPartOf\":{\"@id\":\"https:\\\/\\\/www.gaidaphotos.com\\\/blog\\\/#website\"},\"primaryImageOfPage\":{\"@id\":\"https:\\\/\\\/www.gaidaphotos.com\\\/blog\\\/2010\\\/07\\\/18\\\/kolner-lichter-2010-feuerwerk-fotos\\\/#primaryimage\"},\"image\":{\"@id\":\"https:\\\/\\\/www.gaidaphotos.com\\\/blog\\\/2010\\\/07\\\/18\\\/kolner-lichter-2010-feuerwerk-fotos\\\/#primaryimage\"},\"thumbnailUrl\":\"https:\\\/\\\/www.gaidaphotos.com\\\/blog\\\/wp-content\\\/uploads\\\/2010\\\/07\\\/stadtachter.jpg\",\"datePublished\":\"2010-07-18T16:11:28+00:00\",\"description\":\"Die sch\u00f6nsten Fotos von den K\u00f6lner Lichter 2010: Feuerwerk und Rodenkirchen\",\"breadcrumb\":{\"@id\":\"https:\\\/\\\/www.gaidaphotos.com\\\/blog\\\/2010\\\/07\\\/18\\\/kolner-lichter-2010-feuerwerk-fotos\\\/#breadcrumb\"},\"inLanguage\":\"de\",\"potentialAction\":[{\"@type\":\"ReadAction\",\"target\":[\"https:\\\/\\\/www.gaidaphotos.com\\\/blog\\\/2010\\\/07\\\/18\\\/kolner-lichter-2010-feuerwerk-fotos\\\/\"]}]},{\"@type\":\"ImageObject\",\"inLanguage\":\"de\",\"@id\":\"https:\\\/\\\/www.gaidaphotos.com\\\/blog\\\/2010\\\/07\\\/18\\\/kolner-lichter-2010-feuerwerk-fotos\\\/#primaryimage\",\"url\":\"https:\\\/\\\/i0.wp.com\\\/www.gaidaphotos.com\\\/blog\\\/wp-content\\\/uploads\\\/2010\\\/07\\\/stadtachter.jpg?fit=480%2C360&ssl=1\",\"contentUrl\":\"https:\\\/\\\/i0.wp.com\\\/www.gaidaphotos.com\\\/blog\\\/wp-content\\\/uploads\\\/2010\\\/07\\\/stadtachter.jpg?fit=480%2C360&ssl=1\",\"width\":\"480\",\"height\":\"360\",\"caption\":\"Feiern am Leinpfad in Rodenkirchen\"},{\"@type\":\"BreadcrumbList\",\"@id\":\"https:\\\/\\\/www.gaidaphotos.com\\\/blog\\\/2010\\\/07\\\/18\\\/kolner-lichter-2010-feuerwerk-fotos\\\/#breadcrumb\",\"itemListElement\":[{\"@type\":\"ListItem\",\"position\":1,\"name\":\"Startseite\",\"item\":\"https:\\\/\\\/www.gaidaphotos.com\\\/blog\\\/\"},{\"@type\":\"ListItem\",\"position\":2,\"name\":\"K\u00f6lner Lichter 2010: Feuerwerk Fotos\"}]},{\"@type\":\"WebSite\",\"@id\":\"https:\\\/\\\/www.gaidaphotos.com\\\/blog\\\/#website\",\"url\":\"https:\\\/\\\/www.gaidaphotos.com\\\/blog\\\/\",\"name\":\"K\u00f6ln Rodenkirchen und die Welt\",\"description\":\"Einkaufen, Restaurants, Freizeit, Nachrichten und was uns sonst bewegt und begegnet\",\"publisher\":{\"@id\":\"https:\\\/\\\/www.gaidaphotos.com\\\/blog\\\/#organization\"},\"potentialAction\":[{\"@type\":\"SearchAction\",\"target\":{\"@type\":\"EntryPoint\",\"urlTemplate\":\"https:\\\/\\\/www.gaidaphotos.com\\\/blog\\\/?s={search_term_string}\"},\"query-input\":{\"@type\":\"PropertyValueSpecification\",\"valueRequired\":true,\"valueName\":\"search_term_string\"}}],\"inLanguage\":\"de\"},{\"@type\":\"Organization\",\"@id\":\"https:\\\/\\\/www.gaidaphotos.com\\\/blog\\\/#organization\",\"name\":\"gaidaphotos\",\"url\":\"https:\\\/\\\/www.gaidaphotos.com\\\/blog\\\/\",\"logo\":{\"@type\":\"ImageObject\",\"inLanguage\":\"de\",\"@id\":\"https:\\\/\\\/www.gaidaphotos.com\\\/blog\\\/#\\\/schema\\\/logo\\\/image\\\/\",\"url\":\"https:\\\/\\\/i0.wp.com\\\/www.gaidaphotos.com\\\/blog\\\/wp-content\\\/uploads\\\/2020\\\/07\\\/GAIDAPHOTOS-COM.jpg?fit=160%2C96&ssl=1\",\"contentUrl\":\"https:\\\/\\\/i0.wp.com\\\/www.gaidaphotos.com\\\/blog\\\/wp-content\\\/uploads\\\/2020\\\/07\\\/GAIDAPHOTOS-COM.jpg?fit=160%2C96&ssl=1\",\"width\":160,\"height\":96,\"caption\":\"gaidaphotos\"},\"image\":{\"@id\":\"https:\\\/\\\/www.gaidaphotos.com\\\/blog\\\/#\\\/schema\\\/logo\\\/image\\\/\"},\"sameAs\":[\"https:\\\/\\\/www.facebook.com\\\/Koeln.Rodenkirchen\",\"https:\\\/\\\/x.com\\\/gaidaphotos\",\"https:\\\/\\\/instagram.com\\\/gaidaphotos\\\/\",\"https:\\\/\\\/de.linkedin.com\\\/in\\\/gaidaphotos\",\"https:\\\/\\\/myspace.com\\\/gaidaphotos\",\"https:\\\/\\\/www.pinterest.com\\\/gaidaphotos\\\/\",\"https:\\\/\\\/www.youtube.com\\\/user\\\/gaidaphotos\"]},{\"@type\":\"Person\",\"@id\":\"https:\\\/\\\/www.gaidaphotos.com\\\/blog\\\/#\\\/schema\\\/person\\\/6c444a5b13ffc503c5c32f5a9ec68b21\",\"name\":\"Thomas\",\"sameAs\":[\"https:\\\/\\\/www.gaidaphotos.com\",\"https:\\\/\\\/www.facebook.com\\\/gaidaphotos\",\"https:\\\/\\\/instagram.com\\\/gaidaphotos\\\/\",\"https:\\\/\\\/www.linkedin.com\\\/in\\\/gaidaphotos\",\"http:\\\/\\\/www.pinterest.com\\\/gaidaphotos\\\/\",\"https:\\\/\\\/x.com\\\/gaidaphotos\",\"https:\\\/\\\/myspace.com\\\/gaidaphotos\",\"https:\\\/\\\/www.youtube.com\\\/user\\\/gaidaphotos\",\"https:\\\/\\\/gaidaphotos.tumblr.com\\\/\"]}]}<\/script>\n<!-- \/ Yoast SEO plugin. -->","yoast_head_json":{"title":"K\u00f6lner Lichter 2010: Feuerwerk Fotos","description":"Die sch\u00f6nsten Fotos von den K\u00f6lner Lichter 2010: Feuerwerk und Rodenkirchen","robots":{"index":"index","follow":"follow","max-snippet":"max-snippet:-1","max-image-preview":"max-image-preview:large","max-video-preview":"max-video-preview:-1"},"canonical":"https:\/\/www.gaidaphotos.com\/blog\/2010\/07\/18\/kolner-lichter-2010-feuerwerk-fotos\/","og_locale":"de_DE","og_type":"article","og_title":"K\u00f6lner Lichter 2010: Feuerwerk Fotos","og_description":"Die sch\u00f6nsten Fotos von den K\u00f6lner Lichter 2010: Feuerwerk und Rodenkirchen","og_url":"https:\/\/www.gaidaphotos.com\/blog\/2010\/07\/18\/kolner-lichter-2010-feuerwerk-fotos\/","og_site_name":"K\u00f6ln Rodenkirchen und die Welt","article_publisher":"https:\/\/www.facebook.com\/Koeln.Rodenkirchen","article_author":"https:\/\/www.facebook.com\/gaidaphotos","article_published_time":"2010-07-18T16:11:28+00:00","og_image":[{"url":"https:\/\/www.gaidaphotos.com\/blog\/wp-content\/uploads\/2010\/07\/stadtachter.jpg","type":"","width":"","height":""}],"author":"Thomas","twitter_card":"summary_large_image","twitter_creator":"@gaidaphotos","twitter_site":"@gaidaphotos","twitter_misc":{"Verfasst von":"Thomas","Gesch\u00e4tzte Lesezeit":"1\u00a0Minute"},"schema":{"@context":"https:\/\/schema.org","@graph":[{"@type":"Article","@id":"https:\/\/www.gaidaphotos.com\/blog\/2010\/07\/18\/kolner-lichter-2010-feuerwerk-fotos\/#article","isPartOf":{"@id":"https:\/\/www.gaidaphotos.com\/blog\/2010\/07\/18\/kolner-lichter-2010-feuerwerk-fotos\/"},"author":{"name":"Thomas","@id":"https:\/\/www.gaidaphotos.com\/blog\/#\/schema\/person\/6c444a5b13ffc503c5c32f5a9ec68b21"},"headline":"K\u00f6lner Lichter 2010: Feuerwerk Fotos","datePublished":"2010-07-18T16:11:28+00:00","mainEntityOfPage":{"@id":"https:\/\/www.gaidaphotos.com\/blog\/2010\/07\/18\/kolner-lichter-2010-feuerwerk-fotos\/"},"wordCount":258,"commentCount":0,"publisher":{"@id":"https:\/\/www.gaidaphotos.com\/blog\/#organization"},"image":{"@id":"https:\/\/www.gaidaphotos.com\/blog\/2010\/07\/18\/kolner-lichter-2010-feuerwerk-fotos\/#primaryimage"},"thumbnailUrl":"https:\/\/www.gaidaphotos.com\/blog\/wp-content\/uploads\/2010\/07\/stadtachter.jpg","keywords":["Freizeit-Ideen","K\u00f6ln Rodenkirchen"],"articleSection":["K\u00f6ln Rodenkirchen Einkaufen","K\u00f6ln-Rodenkirchen Fotos"],"inLanguage":"de","potentialAction":[{"@type":"CommentAction","name":"Comment","target":["https:\/\/www.gaidaphotos.com\/blog\/2010\/07\/18\/kolner-lichter-2010-feuerwerk-fotos\/#respond"]}]},{"@type":"WebPage","@id":"https:\/\/www.gaidaphotos.com\/blog\/2010\/07\/18\/kolner-lichter-2010-feuerwerk-fotos\/","url":"https:\/\/www.gaidaphotos.com\/blog\/2010\/07\/18\/kolner-lichter-2010-feuerwerk-fotos\/","name":"K\u00f6lner Lichter 2010: Feuerwerk Fotos","isPartOf":{"@id":"https:\/\/www.gaidaphotos.com\/blog\/#website"},"primaryImageOfPage":{"@id":"https:\/\/www.gaidaphotos.com\/blog\/2010\/07\/18\/kolner-lichter-2010-feuerwerk-fotos\/#primaryimage"},"image":{"@id":"https:\/\/www.gaidaphotos.com\/blog\/2010\/07\/18\/kolner-lichter-2010-feuerwerk-fotos\/#primaryimage"},"thumbnailUrl":"https:\/\/www.gaidaphotos.com\/blog\/wp-content\/uploads\/2010\/07\/stadtachter.jpg","datePublished":"2010-07-18T16:11:28+00:00","description":"Die sch\u00f6nsten Fotos von den K\u00f6lner Lichter 2010: Feuerwerk und Rodenkirchen","breadcrumb":{"@id":"https:\/\/www.gaidaphotos.com\/blog\/2010\/07\/18\/kolner-lichter-2010-feuerwerk-fotos\/#breadcrumb"},"inLanguage":"de","potentialAction":[{"@type":"ReadAction","target":["https:\/\/www.gaidaphotos.com\/blog\/2010\/07\/18\/kolner-lichter-2010-feuerwerk-fotos\/"]}]},{"@type":"ImageObject","inLanguage":"de","@id":"https:\/\/www.gaidaphotos.com\/blog\/2010\/07\/18\/kolner-lichter-2010-feuerwerk-fotos\/#primaryimage","url":"https:\/\/i0.wp.com\/www.gaidaphotos.com\/blog\/wp-content\/uploads\/2010\/07\/stadtachter.jpg?fit=480%2C360&ssl=1","contentUrl":"https:\/\/i0.wp.com\/www.gaidaphotos.com\/blog\/wp-content\/uploads\/2010\/07\/stadtachter.jpg?fit=480%2C360&ssl=1","width":"480","height":"360","caption":"Feiern am Leinpfad in Rodenkirchen"},{"@type":"BreadcrumbList","@id":"https:\/\/www.gaidaphotos.com\/blog\/2010\/07\/18\/kolner-lichter-2010-feuerwerk-fotos\/#breadcrumb","itemListElement":[{"@type":"ListItem","position":1,"name":"Startseite","item":"https:\/\/www.gaidaphotos.com\/blog\/"},{"@type":"ListItem","position":2,"name":"K\u00f6lner Lichter 2010: Feuerwerk Fotos"}]},{"@type":"WebSite","@id":"https:\/\/www.gaidaphotos.com\/blog\/#website","url":"https:\/\/www.gaidaphotos.com\/blog\/","name":"K\u00f6ln Rodenkirchen und die Welt","description":"Einkaufen, Restaurants, Freizeit, Nachrichten und was uns sonst bewegt und begegnet","publisher":{"@id":"https:\/\/www.gaidaphotos.com\/blog\/#organization"},"potentialAction":[{"@type":"SearchAction","target":{"@type":"EntryPoint","urlTemplate":"https:\/\/www.gaidaphotos.com\/blog\/?s={search_term_string}"},"query-input":{"@type":"PropertyValueSpecification","valueRequired":true,"valueName":"search_term_string"}}],"inLanguage":"de"},{"@type":"Organization","@id":"https:\/\/www.gaidaphotos.com\/blog\/#organization","name":"gaidaphotos","url":"https:\/\/www.gaidaphotos.com\/blog\/","logo":{"@type":"ImageObject","inLanguage":"de","@id":"https:\/\/www.gaidaphotos.com\/blog\/#\/schema\/logo\/image\/","url":"https:\/\/i0.wp.com\/www.gaidaphotos.com\/blog\/wp-content\/uploads\/2020\/07\/GAIDAPHOTOS-COM.jpg?fit=160%2C96&ssl=1","contentUrl":"https:\/\/i0.wp.com\/www.gaidaphotos.com\/blog\/wp-content\/uploads\/2020\/07\/GAIDAPHOTOS-COM.jpg?fit=160%2C96&ssl=1","width":160,"height":96,"caption":"gaidaphotos"},"image":{"@id":"https:\/\/www.gaidaphotos.com\/blog\/#\/schema\/logo\/image\/"},"sameAs":["https:\/\/www.facebook.com\/Koeln.Rodenkirchen","https:\/\/x.com\/gaidaphotos","https:\/\/instagram.com\/gaidaphotos\/","https:\/\/de.linkedin.com\/in\/gaidaphotos","https:\/\/myspace.com\/gaidaphotos","https:\/\/www.pinterest.com\/gaidaphotos\/","https:\/\/www.youtube.com\/user\/gaidaphotos"]},{"@type":"Person","@id":"https:\/\/www.gaidaphotos.com\/blog\/#\/schema\/person\/6c444a5b13ffc503c5c32f5a9ec68b21","name":"Thomas","sameAs":["https:\/\/www.gaidaphotos.com","https:\/\/www.facebook.com\/gaidaphotos","https:\/\/instagram.com\/gaidaphotos\/","https:\/\/www.linkedin.com\/in\/gaidaphotos","http:\/\/www.pinterest.com\/gaidaphotos\/","https:\/\/x.com\/gaidaphotos","https:\/\/myspace.com\/gaidaphotos","https:\/\/www.youtube.com\/user\/gaidaphotos","https:\/\/gaidaphotos.tumblr.com\/"]}]}},"jetpack_publicize_connections":[],"jetpack_featured_media_url":"","jetpack_sharing_enabled":true,"jetpack_likes_enabled":true,"jetpack-related-posts":[{"id":5633,"url":"https:\/\/www.gaidaphotos.com\/blog\/2013\/07\/11\/koelner-lichter-stadtachter-feuerwerk-fotografieren\/","url_meta":{"origin":3264,"position":0},"title":"K\u00f6lner Lichter &#8211; Feuerwerk sch\u00f6n fotografieren","author":"Thomas","date":"11. Juli 2013","format":false,"excerpt":"K\u00f6lner Lichter und K\u00f6lner Stadtachter am 13.7.2013 Feuerwerk sch\u00f6n fotografieren K\u00f6lner Lichter, K\u00f6lner Stadtachter, Beachparty in Rodenkirchen - am kommenden Samstag, 13.07.2013, ist wieder jede Menge los in K\u00f6ln Rodenkirchen. K\u00f6lner Lichter 2013 Die \"K\u00f6lner Lichter\" sind weit mehr als nur ein Feuerwerk, sie sind ein Feuerwerksspektakel. Es beginnt am\u2026","rel":"","context":"In &quot;Foto-Kurs : Fotografieren&quot;","block_context":{"text":"Foto-Kurs : Fotografieren","link":"https:\/\/www.gaidaphotos.com\/blog\/category\/foto\/foto-kurs-fotografieren\/"},"img":{"alt_text":"K\u00f6lner Lichter 2010: Feuerwerk Fotos","src":"https:\/\/i0.wp.com\/www.gaidaphotos.com\/blog\/wp-content\/uploads\/2010\/07\/loelner-lichter-09.jpg?fit=480%2C360&ssl=1&resize=350%2C200","width":350,"height":200},"classes":[]},{"id":8945,"url":"https:\/\/www.gaidaphotos.com\/blog\/2015\/06\/24\/stadtachter-koelner-lichter-11-07-2015\/","url_meta":{"origin":3264,"position":1},"title":"Stadtachter &#8211; K\u00f6lner Lichter 11.07.2015","author":"Thomas","date":"24. Juni 2015","format":false,"excerpt":"Beachparty an der k\u00f6lschen Riviera - 11. Juli 2015 85. Stadtachter in K\u00f6ln-Rodenkirchen K\u00f6lner Lichter Am 11. Juli 2015 wird in K\u00f6ln und Rodenkirchen wieder einmal ganz gro\u00df gefeiert. Anlass bieten der 85. K\u00f6lner Stadtachter und die K\u00f6lner Lichter. Da treffen Sportbegeisterte auf Feuerwerksfotografen und die \u00fcbliche Rodenkirchener Partygemeinde. Am\u2026","rel":"","context":"In &quot;K\u00f6ln&quot;","block_context":{"text":"K\u00f6ln","link":"https:\/\/www.gaidaphotos.com\/blog\/category\/koeln\/"},"img":{"alt_text":"","src":"https:\/\/i0.wp.com\/www.gaidaphotos.com\/blog\/wp-content\/uploads\/ngg_featured\/rodenkirchen-stadtachter-2013.jpg?fit=1024%2C682&ssl=1&resize=350%2C200","width":350,"height":200,"srcset":"https:\/\/i0.wp.com\/www.gaidaphotos.com\/blog\/wp-content\/uploads\/ngg_featured\/rodenkirchen-stadtachter-2013.jpg?fit=1024%2C682&ssl=1&resize=350%2C200 1x, https:\/\/i0.wp.com\/www.gaidaphotos.com\/blog\/wp-content\/uploads\/ngg_featured\/rodenkirchen-stadtachter-2013.jpg?fit=1024%2C682&ssl=1&resize=525%2C300 1.5x, https:\/\/i0.wp.com\/www.gaidaphotos.com\/blog\/wp-content\/uploads\/ngg_featured\/rodenkirchen-stadtachter-2013.jpg?fit=1024%2C682&ssl=1&resize=700%2C400 2x"},"classes":[]},{"id":4897,"url":"https:\/\/www.gaidaphotos.com\/blog\/2012\/07\/12\/kolner-lichter-2012-stadtachte\/","url_meta":{"origin":3264,"position":2},"title":"K\u00f6lner Lichter und Stadtachter 2012: Info, Tips, Foto-Tips","author":"Thomas","date":"12. Juli 2012","format":false,"excerpt":"K\u00f6lner Lichter 2012: Info, Tips, Foto-Tips K\u00f6lner Lichter 2012 bilden den H\u00f6hepunkt des K\u00f6lner Sommers, bevor sich die Einheimischen nach Mallorca oder in die T\u00fcrkei verziehen, Parkpl\u00e4tze frei werden und Touris die Stadt bev\u00f6lkern. Auch wenn es wetterbedingt in diesem Jahr wieder eher eine feuchtes Spektakel sein wird, ein Spektakel\u2026","rel":"","context":"In &quot;Foto-Kurs : Fotografieren&quot;","block_context":{"text":"Foto-Kurs : Fotografieren","link":"https:\/\/www.gaidaphotos.com\/blog\/category\/foto\/foto-kurs-fotografieren\/"},"img":{"alt_text":"","src":"https:\/\/www.gaidaphotos.com\/blog\/wp-content\/uploads\/2020\/08\/nggallery_import\/25_","width":350,"height":200,"srcset":"https:\/\/www.gaidaphotos.com\/blog\/wp-content\/uploads\/2020\/08\/nggallery_import\/25_ 1x, https:\/\/www.gaidaphotos.com\/blog\/wp-content\/uploads\/2020\/08\/nggallery_import\/25_ 1.5x, https:\/\/www.gaidaphotos.com\/blog\/wp-content\/uploads\/2020\/08\/nggallery_import\/25_ 2x"},"classes":[]},{"id":3224,"url":"https:\/\/www.gaidaphotos.com\/blog\/2010\/07\/16\/koelner-lichter-17-07-2010-infos-tips-feuerwerk-fotografiere\/","url_meta":{"origin":3264,"position":3},"title":"K\u00f6lner Lichter 17.07.2010: Infos, Tips, Feuerwerk richtig fotografieren","author":"Thomas","date":"16. Juli 2010","format":false,"excerpt":"K\u00f6lner Lichter 17.07.2010: Infos, Tips, Feuerwerk richtig fotografieren Samstag, 17.07.2010, findet in K\u00f6ln wieder das allj\u00e4hrliche gr0\u00dfe Feuerwerk am Rhein statt. Wir zeigen Ihnen: alle Infos rund um die K\u00f6lner Lichter: Programm und alle Feuerwerke zwischen K\u00f6ln-Porz und K\u00f6ln-Rheinpark Anfahrt und Abfahrt zu den K\u00f6lner Lichtern Die beste Sicht aufs\u2026","rel":"","context":"In &quot;Foto-Kurs : Fotografieren&quot;","block_context":{"text":"Foto-Kurs : Fotografieren","link":"https:\/\/www.gaidaphotos.com\/blog\/category\/foto\/foto-kurs-fotografieren\/"},"img":{"alt_text":"Koelner Lichter - Feuerwerk fotografieren","src":"https:\/\/i0.wp.com\/www.gaidaphotos.com\/blog\/wp-content\/uploads\/2010\/07\/loelner-lichter-5s-f4-100.jpg?resize=350%2C200&ssl=1","width":350,"height":200},"classes":[]},{"id":5255,"url":"https:\/\/www.gaidaphotos.com\/blog\/2013\/01\/01\/neujahrsnacht-koeln-alte-liebe-stegbruch-feuerwerk\/","url_meta":{"origin":3264,"position":4},"title":"Neujahrsnacht in K\u00f6ln: &#8222;Alte Liebe&#8220; Nasse F\u00fc\u00dfe beim Stegbruch, Feuerwerk am Rhein","author":"Thomas","date":"1. Januar 2013","format":false,"excerpt":"\"Alte Liebe\": Steg bricht durch \u00dcberladung Keine schweren Verletzungen Feuerwerk am Rhein Das ist gerade noch einmal gut gegangen. Vermutlich durch \u00dcberlastung ist der Steg zum Restaurantschiff \"Alte Liebe\" zum Jahreswechsel gebrochen. Zu viele G\u00e4ste des beliebten Ausflugslokals am Rheinufer in Rodenkirchen wollten gleichzeitig vom Steg aus das Feuerwerk am\u2026","rel":"","context":"In &quot;K\u00f6ln Rodenkirchen&quot;","block_context":{"text":"K\u00f6ln Rodenkirchen","link":"https:\/\/www.gaidaphotos.com\/blog\/category\/koeln-rodenkirchen\/"},"img":{"alt_text":"","src":"https:\/\/www.gaidaphotos.com\/blog\/wp-content\/uploads\/2020\/08\/nggallery_import\/129_","width":350,"height":200,"srcset":"https:\/\/www.gaidaphotos.com\/blog\/wp-content\/uploads\/2020\/08\/nggallery_import\/129_ 1x, https:\/\/www.gaidaphotos.com\/blog\/wp-content\/uploads\/2020\/08\/nggallery_import\/129_ 1.5x"},"classes":[]},{"id":2130,"url":"https:\/\/www.gaidaphotos.com\/blog\/2009\/09\/28\/koeln-rodenkirchen-freizeit-kirmes-am-rhein\/","url_meta":{"origin":3264,"position":5},"title":"K\u00f6ln Rodenkirchen Freizeit: Kirmes am Rhein","author":"Thomas","date":"28. September 2009","format":false,"excerpt":"Wie in jedem Jahr findet auch 2009 die Kirmes in K\u00f6ln-Rodenkirchen am Rheinufer statt. Das ist bei sch\u00f6nem Wetter (wie jetzt) besonders angenehm. Auch wenn die Fahrgesch\u00e4fte nicht SO viel hermachen, kann man in Rodenkirchen am Rhein in der Sonne sitzen und ein lecker K\u00f6lsch genie\u00dfen. Ein Spaziergang am Rhein\u2026","rel":"","context":"In &quot;K\u00f6ln Rodenkirchen Freizeit&quot;","block_context":{"text":"K\u00f6ln Rodenkirchen Freizeit","link":"https:\/\/www.gaidaphotos.com\/blog\/category\/koeln-rodenkirchen\/koeln-rodenkirchen-freizeit\/"},"img":{"alt_text":"Koeln Rodenkirchen Freizeit: Kirmes am Rhein","src":"https:\/\/i0.wp.com\/www.gaidaphotos.com\/blog\/wp-content\/uploads\/2009\/09\/koeln-rodenkirchen-kirmes-rheinufer-02-300x200.jpg?resize=350%2C200&ssl=1","width":350,"height":200},"classes":[]}],"_links":{"self":[{"href":"https:\/\/www.gaidaphotos.com\/blog\/wp-json\/wp\/v2\/posts\/3264","targetHints":{"allow":["GET"]}}],"collection":[{"href":"https:\/\/www.gaidaphotos.com\/blog\/wp-json\/wp\/v2\/posts"}],"about":[{"href":"https:\/\/www.gaidaphotos.com\/blog\/wp-json\/wp\/v2\/types\/post"}],"author":[{"embeddable":true,"href":"https:\/\/www.gaidaphotos.com\/blog\/wp-json\/wp\/v2\/users\/6"}],"replies":[{"embeddable":true,"href":"https:\/\/www.gaidaphotos.com\/blog\/wp-json\/wp\/v2\/comments?post=3264"}],"version-history":[{"count":0,"href":"https:\/\/www.gaidaphotos.com\/blog\/wp-json\/wp\/v2\/posts\/3264\/revisions"}],"wp:attachment":[{"href":"https:\/\/www.gaidaphotos.com\/blog\/wp-json\/wp\/v2\/media?parent=3264"}],"wp:term":[{"taxonomy":"category","embeddable":true,"href":"https:\/\/www.gaidaphotos.com\/blog\/wp-json\/wp\/v2\/categories?post=3264"},{"taxonomy":"post_tag","embeddable":true,"href":"https:\/\/www.gaidaphotos.com\/blog\/wp-json\/wp\/v2\/tags?post=3264"}],"curies":[{"name":"wp","href":"https:\/\/api.w.org\/{rel}","templated":true}]}}