{"id":335,"date":"2009-04-10T16:08:23","date_gmt":"2009-04-10T15:08:23","guid":{"rendered":""},"modified":"2020-08-10T17:07:40","modified_gmt":"2020-08-10T15:07:40","slug":"die-kolsche-riviera-das-rheinufer-in-koln-rodenkirchen","status":"publish","type":"post","link":"https:\/\/www.gaidaphotos.com\/blog\/2009\/04\/10\/die-kolsche-riviera-das-rheinufer-in-koln-rodenkirchen\/","title":{"rendered":"Die k\u00f6lsche Riviera: Das Rheinufer in K\u00f6ln Rodenkirchen"},"content":{"rendered":"<div class=\"Lifeblog_Posting\">\n<div class=\"Lifeblog_Resource\"><img data-recalc-dims=\"1\" decoding=\"async\" src=\"https:\/\/i0.wp.com\/www.gaidaphotos.com\/blog\/wp-content\/uploads\/lifeblog-10042009196.jpg?w=910&#038;ssl=1\" alt=\"Fr 10.04.2009 15:28 Rheinufer K\u00c3\u00b6ln Rodenkirchen\"><\/div>\n<p>Zu recht wird das Rheinufer in K\u00f6ln Rodenkirchen &#8222;k\u00f6lsche Riviera&#8220; genannt, wie man an einen so sch\u00f6nen Fr\u00fchlingstag wie heute sehen kann. (mit Foto)<\/p>\n<\/div>\n","protected":false},"excerpt":{"rendered":"<p>Zu recht wird das Rheinufer in K\u00f6ln Rodenkirchen &#8222;k\u00f6lsche Riviera&#8220; genannt, wie man an einen so sch\u00f6nen Fr\u00fchlingstag wie heute<\/p>\n","protected":false},"author":6,"featured_media":12286,"comment_status":"open","ping_status":"open","sticky":false,"template":"","format":"standard","meta":{"_crdt_document":"","ngg_post_thumbnail":0,"jetpack_post_was_ever_published":false,"_jetpack_newsletter_access":"","_jetpack_dont_email_post_to_subs":false,"_jetpack_newsletter_tier_id":0,"_jetpack_memberships_contains_paywalled_content":false,"_jetpack_memberships_contains_paid_content":false,"footnotes":"","jetpack_publicize_message":"","jetpack_publicize_feature_enabled":true,"jetpack_social_post_already_shared":false,"jetpack_social_options":{"image_generator_settings":{"template":"highway","default_image_id":0,"font":"","enabled":false},"version":2}},"categories":[20,52,101],"tags":[102,538],"class_list":["post-335","post","type-post","status-publish","format-standard","has-post-thumbnail","hentry","category-mobile_news_von_unterwegs-n95","category-koeln-rodenkirchen","category-koeln-rodenkirchen-freizeit","tag-freizeit","tag-koeln-rodenkirchen"],"yoast_head":"<!-- This site is optimized with the Yoast SEO plugin v27.5 - https:\/\/yoast.com\/product\/yoast-seo-wordpress\/ -->\n<title>Die k\u00f6lsche Riviera: Das Rheinufer in K\u00f6ln Rodenkirchen - K\u00f6ln Rodenkirchen und die Welt<\/title>\n<meta name=\"robots\" content=\"index, follow, max-snippet:-1, max-image-preview:large, max-video-preview:-1\" \/>\n<link rel=\"canonical\" href=\"https:\/\/www.gaidaphotos.com\/blog\/2009\/04\/10\/die-kolsche-riviera-das-rheinufer-in-koln-rodenkirchen\/\" \/>\n<meta property=\"og:locale\" content=\"de_DE\" \/>\n<meta property=\"og:type\" content=\"article\" \/>\n<meta property=\"og:title\" content=\"Die k\u00f6lsche Riviera: Das Rheinufer in K\u00f6ln Rodenkirchen - K\u00f6ln Rodenkirchen und die Welt\" \/>\n<meta property=\"og:description\" content=\"Zu recht wird das Rheinufer in K\u00f6ln Rodenkirchen &#8222;k\u00f6lsche Riviera&#8220; genannt, wie man an einen so sch\u00f6nen Fr\u00fchlingstag wie heute\" \/>\n<meta property=\"og:url\" content=\"https:\/\/www.gaidaphotos.com\/blog\/2009\/04\/10\/die-kolsche-riviera-das-rheinufer-in-koln-rodenkirchen\/\" \/>\n<meta property=\"og:site_name\" content=\"K\u00f6ln Rodenkirchen und die Welt\" \/>\n<meta property=\"article:publisher\" content=\"https:\/\/www.facebook.com\/Koeln.Rodenkirchen\" \/>\n<meta property=\"article:author\" content=\"https:\/\/www.facebook.com\/gaidaphotos\" \/>\n<meta property=\"article:published_time\" content=\"2009-04-10T15:08:23+00:00\" \/>\n<meta property=\"article:modified_time\" content=\"2020-08-10T15:07:40+00:00\" \/>\n<meta property=\"og:image\" content=\"https:\/\/i2.wp.com\/www.gaidaphotos.com\/blog\/wp-content\/uploads\/2009\/04\/rhein-rodenkirchen-koelsche-riviera.jpg?fit=640%2C480&ssl=1\" \/>\n\t<meta property=\"og:image:width\" content=\"640\" \/>\n\t<meta property=\"og:image:height\" content=\"480\" \/>\n\t<meta property=\"og:image:type\" content=\"image\/jpeg\" \/>\n<meta name=\"author\" content=\"Thomas\" \/>\n<meta name=\"twitter:card\" content=\"summary_large_image\" \/>\n<meta name=\"twitter:creator\" content=\"@gaidaphotos\" \/>\n<meta name=\"twitter:site\" content=\"@gaidaphotos\" \/>\n<meta name=\"twitter:label1\" content=\"Verfasst von\" \/>\n\t<meta name=\"twitter:data1\" content=\"Thomas\" \/>\n<script type=\"application\/ld+json\" class=\"yoast-schema-graph\">{\"@context\":\"https:\\\/\\\/schema.org\",\"@graph\":[{\"@type\":\"Article\",\"@id\":\"https:\\\/\\\/www.gaidaphotos.com\\\/blog\\\/2009\\\/04\\\/10\\\/die-kolsche-riviera-das-rheinufer-in-koln-rodenkirchen\\\/#article\",\"isPartOf\":{\"@id\":\"https:\\\/\\\/www.gaidaphotos.com\\\/blog\\\/2009\\\/04\\\/10\\\/die-kolsche-riviera-das-rheinufer-in-koln-rodenkirchen\\\/\"},\"author\":{\"name\":\"Thomas\",\"@id\":\"https:\\\/\\\/www.gaidaphotos.com\\\/blog\\\/#\\\/schema\\\/person\\\/6c444a5b13ffc503c5c32f5a9ec68b21\"},\"headline\":\"Die k\u00f6lsche Riviera: Das Rheinufer in K\u00f6ln Rodenkirchen\",\"datePublished\":\"2009-04-10T15:08:23+00:00\",\"dateModified\":\"2020-08-10T15:07:40+00:00\",\"mainEntityOfPage\":{\"@id\":\"https:\\\/\\\/www.gaidaphotos.com\\\/blog\\\/2009\\\/04\\\/10\\\/die-kolsche-riviera-das-rheinufer-in-koln-rodenkirchen\\\/\"},\"wordCount\":38,\"commentCount\":1,\"publisher\":{\"@id\":\"https:\\\/\\\/www.gaidaphotos.com\\\/blog\\\/#organization\"},\"image\":{\"@id\":\"https:\\\/\\\/www.gaidaphotos.com\\\/blog\\\/2009\\\/04\\\/10\\\/die-kolsche-riviera-das-rheinufer-in-koln-rodenkirchen\\\/#primaryimage\"},\"thumbnailUrl\":\"https:\\\/\\\/i0.wp.com\\\/www.gaidaphotos.com\\\/blog\\\/wp-content\\\/uploads\\\/2009\\\/04\\\/rhein-rodenkirchen-koelsche-riviera.jpg?fit=640%2C480&ssl=1\",\"keywords\":[\"Freizeit-Ideen\",\"K\u00f6ln Rodenkirchen\"],\"articleSection\":[\"17\",\"K\u00f6ln Rodenkirchen\",\"K\u00f6ln Rodenkirchen Freizeit\"],\"inLanguage\":\"de\",\"potentialAction\":[{\"@type\":\"CommentAction\",\"name\":\"Comment\",\"target\":[\"https:\\\/\\\/www.gaidaphotos.com\\\/blog\\\/2009\\\/04\\\/10\\\/die-kolsche-riviera-das-rheinufer-in-koln-rodenkirchen\\\/#respond\"]}]},{\"@type\":\"WebPage\",\"@id\":\"https:\\\/\\\/www.gaidaphotos.com\\\/blog\\\/2009\\\/04\\\/10\\\/die-kolsche-riviera-das-rheinufer-in-koln-rodenkirchen\\\/\",\"url\":\"https:\\\/\\\/www.gaidaphotos.com\\\/blog\\\/2009\\\/04\\\/10\\\/die-kolsche-riviera-das-rheinufer-in-koln-rodenkirchen\\\/\",\"name\":\"Die k\u00f6lsche Riviera: Das Rheinufer in K\u00f6ln Rodenkirchen - K\u00f6ln Rodenkirchen und die Welt\",\"isPartOf\":{\"@id\":\"https:\\\/\\\/www.gaidaphotos.com\\\/blog\\\/#website\"},\"primaryImageOfPage\":{\"@id\":\"https:\\\/\\\/www.gaidaphotos.com\\\/blog\\\/2009\\\/04\\\/10\\\/die-kolsche-riviera-das-rheinufer-in-koln-rodenkirchen\\\/#primaryimage\"},\"image\":{\"@id\":\"https:\\\/\\\/www.gaidaphotos.com\\\/blog\\\/2009\\\/04\\\/10\\\/die-kolsche-riviera-das-rheinufer-in-koln-rodenkirchen\\\/#primaryimage\"},\"thumbnailUrl\":\"https:\\\/\\\/i0.wp.com\\\/www.gaidaphotos.com\\\/blog\\\/wp-content\\\/uploads\\\/2009\\\/04\\\/rhein-rodenkirchen-koelsche-riviera.jpg?fit=640%2C480&ssl=1\",\"datePublished\":\"2009-04-10T15:08:23+00:00\",\"dateModified\":\"2020-08-10T15:07:40+00:00\",\"breadcrumb\":{\"@id\":\"https:\\\/\\\/www.gaidaphotos.com\\\/blog\\\/2009\\\/04\\\/10\\\/die-kolsche-riviera-das-rheinufer-in-koln-rodenkirchen\\\/#breadcrumb\"},\"inLanguage\":\"de\",\"potentialAction\":[{\"@type\":\"ReadAction\",\"target\":[\"https:\\\/\\\/www.gaidaphotos.com\\\/blog\\\/2009\\\/04\\\/10\\\/die-kolsche-riviera-das-rheinufer-in-koln-rodenkirchen\\\/\"]}]},{\"@type\":\"ImageObject\",\"inLanguage\":\"de\",\"@id\":\"https:\\\/\\\/www.gaidaphotos.com\\\/blog\\\/2009\\\/04\\\/10\\\/die-kolsche-riviera-das-rheinufer-in-koln-rodenkirchen\\\/#primaryimage\",\"url\":\"https:\\\/\\\/i0.wp.com\\\/www.gaidaphotos.com\\\/blog\\\/wp-content\\\/uploads\\\/2009\\\/04\\\/rhein-rodenkirchen-koelsche-riviera.jpg?fit=640%2C480&ssl=1\",\"contentUrl\":\"https:\\\/\\\/i0.wp.com\\\/www.gaidaphotos.com\\\/blog\\\/wp-content\\\/uploads\\\/2009\\\/04\\\/rhein-rodenkirchen-koelsche-riviera.jpg?fit=640%2C480&ssl=1\",\"width\":640,\"height\":480,\"caption\":\"Rhein Rodenkirchen K\u00f6lsche Riviera\"},{\"@type\":\"BreadcrumbList\",\"@id\":\"https:\\\/\\\/www.gaidaphotos.com\\\/blog\\\/2009\\\/04\\\/10\\\/die-kolsche-riviera-das-rheinufer-in-koln-rodenkirchen\\\/#breadcrumb\",\"itemListElement\":[{\"@type\":\"ListItem\",\"position\":1,\"name\":\"Startseite\",\"item\":\"https:\\\/\\\/www.gaidaphotos.com\\\/blog\\\/\"},{\"@type\":\"ListItem\",\"position\":2,\"name\":\"Die k\u00f6lsche Riviera: Das Rheinufer in K\u00f6ln Rodenkirchen\"}]},{\"@type\":\"WebSite\",\"@id\":\"https:\\\/\\\/www.gaidaphotos.com\\\/blog\\\/#website\",\"url\":\"https:\\\/\\\/www.gaidaphotos.com\\\/blog\\\/\",\"name\":\"K\u00f6ln Rodenkirchen und die Welt\",\"description\":\"Einkaufen, Restaurants, Freizeit, Nachrichten und was uns sonst bewegt und begegnet\",\"publisher\":{\"@id\":\"https:\\\/\\\/www.gaidaphotos.com\\\/blog\\\/#organization\"},\"potentialAction\":[{\"@type\":\"SearchAction\",\"target\":{\"@type\":\"EntryPoint\",\"urlTemplate\":\"https:\\\/\\\/www.gaidaphotos.com\\\/blog\\\/?s={search_term_string}\"},\"query-input\":{\"@type\":\"PropertyValueSpecification\",\"valueRequired\":true,\"valueName\":\"search_term_string\"}}],\"inLanguage\":\"de\"},{\"@type\":\"Organization\",\"@id\":\"https:\\\/\\\/www.gaidaphotos.com\\\/blog\\\/#organization\",\"name\":\"gaidaphotos\",\"url\":\"https:\\\/\\\/www.gaidaphotos.com\\\/blog\\\/\",\"logo\":{\"@type\":\"ImageObject\",\"inLanguage\":\"de\",\"@id\":\"https:\\\/\\\/www.gaidaphotos.com\\\/blog\\\/#\\\/schema\\\/logo\\\/image\\\/\",\"url\":\"https:\\\/\\\/i0.wp.com\\\/www.gaidaphotos.com\\\/blog\\\/wp-content\\\/uploads\\\/2020\\\/07\\\/GAIDAPHOTOS-COM.jpg?fit=160%2C96&ssl=1\",\"contentUrl\":\"https:\\\/\\\/i0.wp.com\\\/www.gaidaphotos.com\\\/blog\\\/wp-content\\\/uploads\\\/2020\\\/07\\\/GAIDAPHOTOS-COM.jpg?fit=160%2C96&ssl=1\",\"width\":160,\"height\":96,\"caption\":\"gaidaphotos\"},\"image\":{\"@id\":\"https:\\\/\\\/www.gaidaphotos.com\\\/blog\\\/#\\\/schema\\\/logo\\\/image\\\/\"},\"sameAs\":[\"https:\\\/\\\/www.facebook.com\\\/Koeln.Rodenkirchen\",\"https:\\\/\\\/x.com\\\/gaidaphotos\",\"https:\\\/\\\/instagram.com\\\/gaidaphotos\\\/\",\"https:\\\/\\\/de.linkedin.com\\\/in\\\/gaidaphotos\",\"https:\\\/\\\/myspace.com\\\/gaidaphotos\",\"https:\\\/\\\/www.pinterest.com\\\/gaidaphotos\\\/\",\"https:\\\/\\\/www.youtube.com\\\/user\\\/gaidaphotos\"]},{\"@type\":\"Person\",\"@id\":\"https:\\\/\\\/www.gaidaphotos.com\\\/blog\\\/#\\\/schema\\\/person\\\/6c444a5b13ffc503c5c32f5a9ec68b21\",\"name\":\"Thomas\",\"sameAs\":[\"https:\\\/\\\/www.gaidaphotos.com\",\"https:\\\/\\\/www.facebook.com\\\/gaidaphotos\",\"https:\\\/\\\/instagram.com\\\/gaidaphotos\\\/\",\"https:\\\/\\\/www.linkedin.com\\\/in\\\/gaidaphotos\",\"http:\\\/\\\/www.pinterest.com\\\/gaidaphotos\\\/\",\"https:\\\/\\\/x.com\\\/gaidaphotos\",\"https:\\\/\\\/myspace.com\\\/gaidaphotos\",\"https:\\\/\\\/www.youtube.com\\\/user\\\/gaidaphotos\",\"https:\\\/\\\/gaidaphotos.tumblr.com\\\/\"]}]}<\/script>\n<!-- \/ Yoast SEO plugin. -->","yoast_head_json":{"title":"Die k\u00f6lsche Riviera: Das Rheinufer in K\u00f6ln Rodenkirchen - K\u00f6ln Rodenkirchen und die Welt","robots":{"index":"index","follow":"follow","max-snippet":"max-snippet:-1","max-image-preview":"max-image-preview:large","max-video-preview":"max-video-preview:-1"},"canonical":"https:\/\/www.gaidaphotos.com\/blog\/2009\/04\/10\/die-kolsche-riviera-das-rheinufer-in-koln-rodenkirchen\/","og_locale":"de_DE","og_type":"article","og_title":"Die k\u00f6lsche Riviera: Das Rheinufer in K\u00f6ln Rodenkirchen - K\u00f6ln Rodenkirchen und die Welt","og_description":"Zu recht wird das Rheinufer in K\u00f6ln Rodenkirchen &#8222;k\u00f6lsche Riviera&#8220; genannt, wie man an einen so sch\u00f6nen Fr\u00fchlingstag wie heute","og_url":"https:\/\/www.gaidaphotos.com\/blog\/2009\/04\/10\/die-kolsche-riviera-das-rheinufer-in-koln-rodenkirchen\/","og_site_name":"K\u00f6ln Rodenkirchen und die Welt","article_publisher":"https:\/\/www.facebook.com\/Koeln.Rodenkirchen","article_author":"https:\/\/www.facebook.com\/gaidaphotos","article_published_time":"2009-04-10T15:08:23+00:00","article_modified_time":"2020-08-10T15:07:40+00:00","og_image":[{"width":640,"height":480,"url":"https:\/\/i2.wp.com\/www.gaidaphotos.com\/blog\/wp-content\/uploads\/2009\/04\/rhein-rodenkirchen-koelsche-riviera.jpg?fit=640%2C480&ssl=1","type":"image\/jpeg"}],"author":"Thomas","twitter_card":"summary_large_image","twitter_creator":"@gaidaphotos","twitter_site":"@gaidaphotos","twitter_misc":{"Verfasst von":"Thomas"},"schema":{"@context":"https:\/\/schema.org","@graph":[{"@type":"Article","@id":"https:\/\/www.gaidaphotos.com\/blog\/2009\/04\/10\/die-kolsche-riviera-das-rheinufer-in-koln-rodenkirchen\/#article","isPartOf":{"@id":"https:\/\/www.gaidaphotos.com\/blog\/2009\/04\/10\/die-kolsche-riviera-das-rheinufer-in-koln-rodenkirchen\/"},"author":{"name":"Thomas","@id":"https:\/\/www.gaidaphotos.com\/blog\/#\/schema\/person\/6c444a5b13ffc503c5c32f5a9ec68b21"},"headline":"Die k\u00f6lsche Riviera: Das Rheinufer in K\u00f6ln Rodenkirchen","datePublished":"2009-04-10T15:08:23+00:00","dateModified":"2020-08-10T15:07:40+00:00","mainEntityOfPage":{"@id":"https:\/\/www.gaidaphotos.com\/blog\/2009\/04\/10\/die-kolsche-riviera-das-rheinufer-in-koln-rodenkirchen\/"},"wordCount":38,"commentCount":1,"publisher":{"@id":"https:\/\/www.gaidaphotos.com\/blog\/#organization"},"image":{"@id":"https:\/\/www.gaidaphotos.com\/blog\/2009\/04\/10\/die-kolsche-riviera-das-rheinufer-in-koln-rodenkirchen\/#primaryimage"},"thumbnailUrl":"https:\/\/i0.wp.com\/www.gaidaphotos.com\/blog\/wp-content\/uploads\/2009\/04\/rhein-rodenkirchen-koelsche-riviera.jpg?fit=640%2C480&ssl=1","keywords":["Freizeit-Ideen","K\u00f6ln Rodenkirchen"],"articleSection":["17","K\u00f6ln Rodenkirchen","K\u00f6ln Rodenkirchen Freizeit"],"inLanguage":"de","potentialAction":[{"@type":"CommentAction","name":"Comment","target":["https:\/\/www.gaidaphotos.com\/blog\/2009\/04\/10\/die-kolsche-riviera-das-rheinufer-in-koln-rodenkirchen\/#respond"]}]},{"@type":"WebPage","@id":"https:\/\/www.gaidaphotos.com\/blog\/2009\/04\/10\/die-kolsche-riviera-das-rheinufer-in-koln-rodenkirchen\/","url":"https:\/\/www.gaidaphotos.com\/blog\/2009\/04\/10\/die-kolsche-riviera-das-rheinufer-in-koln-rodenkirchen\/","name":"Die k\u00f6lsche Riviera: Das Rheinufer in K\u00f6ln Rodenkirchen - K\u00f6ln Rodenkirchen und die Welt","isPartOf":{"@id":"https:\/\/www.gaidaphotos.com\/blog\/#website"},"primaryImageOfPage":{"@id":"https:\/\/www.gaidaphotos.com\/blog\/2009\/04\/10\/die-kolsche-riviera-das-rheinufer-in-koln-rodenkirchen\/#primaryimage"},"image":{"@id":"https:\/\/www.gaidaphotos.com\/blog\/2009\/04\/10\/die-kolsche-riviera-das-rheinufer-in-koln-rodenkirchen\/#primaryimage"},"thumbnailUrl":"https:\/\/i0.wp.com\/www.gaidaphotos.com\/blog\/wp-content\/uploads\/2009\/04\/rhein-rodenkirchen-koelsche-riviera.jpg?fit=640%2C480&ssl=1","datePublished":"2009-04-10T15:08:23+00:00","dateModified":"2020-08-10T15:07:40+00:00","breadcrumb":{"@id":"https:\/\/www.gaidaphotos.com\/blog\/2009\/04\/10\/die-kolsche-riviera-das-rheinufer-in-koln-rodenkirchen\/#breadcrumb"},"inLanguage":"de","potentialAction":[{"@type":"ReadAction","target":["https:\/\/www.gaidaphotos.com\/blog\/2009\/04\/10\/die-kolsche-riviera-das-rheinufer-in-koln-rodenkirchen\/"]}]},{"@type":"ImageObject","inLanguage":"de","@id":"https:\/\/www.gaidaphotos.com\/blog\/2009\/04\/10\/die-kolsche-riviera-das-rheinufer-in-koln-rodenkirchen\/#primaryimage","url":"https:\/\/i0.wp.com\/www.gaidaphotos.com\/blog\/wp-content\/uploads\/2009\/04\/rhein-rodenkirchen-koelsche-riviera.jpg?fit=640%2C480&ssl=1","contentUrl":"https:\/\/i0.wp.com\/www.gaidaphotos.com\/blog\/wp-content\/uploads\/2009\/04\/rhein-rodenkirchen-koelsche-riviera.jpg?fit=640%2C480&ssl=1","width":640,"height":480,"caption":"Rhein Rodenkirchen K\u00f6lsche Riviera"},{"@type":"BreadcrumbList","@id":"https:\/\/www.gaidaphotos.com\/blog\/2009\/04\/10\/die-kolsche-riviera-das-rheinufer-in-koln-rodenkirchen\/#breadcrumb","itemListElement":[{"@type":"ListItem","position":1,"name":"Startseite","item":"https:\/\/www.gaidaphotos.com\/blog\/"},{"@type":"ListItem","position":2,"name":"Die k\u00f6lsche Riviera: Das Rheinufer in K\u00f6ln Rodenkirchen"}]},{"@type":"WebSite","@id":"https:\/\/www.gaidaphotos.com\/blog\/#website","url":"https:\/\/www.gaidaphotos.com\/blog\/","name":"K\u00f6ln Rodenkirchen und die Welt","description":"Einkaufen, Restaurants, Freizeit, Nachrichten und was uns sonst bewegt und begegnet","publisher":{"@id":"https:\/\/www.gaidaphotos.com\/blog\/#organization"},"potentialAction":[{"@type":"SearchAction","target":{"@type":"EntryPoint","urlTemplate":"https:\/\/www.gaidaphotos.com\/blog\/?s={search_term_string}"},"query-input":{"@type":"PropertyValueSpecification","valueRequired":true,"valueName":"search_term_string"}}],"inLanguage":"de"},{"@type":"Organization","@id":"https:\/\/www.gaidaphotos.com\/blog\/#organization","name":"gaidaphotos","url":"https:\/\/www.gaidaphotos.com\/blog\/","logo":{"@type":"ImageObject","inLanguage":"de","@id":"https:\/\/www.gaidaphotos.com\/blog\/#\/schema\/logo\/image\/","url":"https:\/\/i0.wp.com\/www.gaidaphotos.com\/blog\/wp-content\/uploads\/2020\/07\/GAIDAPHOTOS-COM.jpg?fit=160%2C96&ssl=1","contentUrl":"https:\/\/i0.wp.com\/www.gaidaphotos.com\/blog\/wp-content\/uploads\/2020\/07\/GAIDAPHOTOS-COM.jpg?fit=160%2C96&ssl=1","width":160,"height":96,"caption":"gaidaphotos"},"image":{"@id":"https:\/\/www.gaidaphotos.com\/blog\/#\/schema\/logo\/image\/"},"sameAs":["https:\/\/www.facebook.com\/Koeln.Rodenkirchen","https:\/\/x.com\/gaidaphotos","https:\/\/instagram.com\/gaidaphotos\/","https:\/\/de.linkedin.com\/in\/gaidaphotos","https:\/\/myspace.com\/gaidaphotos","https:\/\/www.pinterest.com\/gaidaphotos\/","https:\/\/www.youtube.com\/user\/gaidaphotos"]},{"@type":"Person","@id":"https:\/\/www.gaidaphotos.com\/blog\/#\/schema\/person\/6c444a5b13ffc503c5c32f5a9ec68b21","name":"Thomas","sameAs":["https:\/\/www.gaidaphotos.com","https:\/\/www.facebook.com\/gaidaphotos","https:\/\/instagram.com\/gaidaphotos\/","https:\/\/www.linkedin.com\/in\/gaidaphotos","http:\/\/www.pinterest.com\/gaidaphotos\/","https:\/\/x.com\/gaidaphotos","https:\/\/myspace.com\/gaidaphotos","https:\/\/www.youtube.com\/user\/gaidaphotos","https:\/\/gaidaphotos.tumblr.com\/"]}]}},"jetpack_publicize_connections":[],"jetpack_featured_media_url":"https:\/\/i0.wp.com\/www.gaidaphotos.com\/blog\/wp-content\/uploads\/2009\/04\/rhein-rodenkirchen-koelsche-riviera.jpg?fit=640%2C480&ssl=1","jetpack_sharing_enabled":true,"jetpack_likes_enabled":true,"jetpack-related-posts":[{"id":2620,"url":"https:\/\/www.gaidaphotos.com\/blog\/2010\/02\/22\/rheinufer-in-rodenkirchen-die-kolsche-riviera\/","url_meta":{"origin":335,"position":0},"title":"Rheinufer in Rodenkirchen: Die k\u00f6lsche Riviera","author":"Thomas","date":"22. Februar 2010","format":false,"excerpt":"Die k\u00f6lsche Riviera in Rodenkirchen An den Fotos kann man unschwer erkennen, warum das Rheinufer in K\u00f6ln-Rodenkirchen auch die \"k\u00f6lsche Riviera\" genannt wird. Fr\u00fcher gab es auch ein Strandbad (geteilt f\u00fcr M\u00e4nner und Frauen). Heute wird auf eigene Gefahr gebadet und dabei werden gerne die Strudel, die von vorbeifahrenden Schiffen\u2026","rel":"","context":"In &quot;K\u00f6ln Rodenkirchen Freizeit&quot;","block_context":{"text":"K\u00f6ln Rodenkirchen Freizeit","link":"https:\/\/www.gaidaphotos.com\/blog\/category\/koeln-rodenkirchen\/koeln-rodenkirchen-freizeit\/"},"img":{"alt_text":"","src":"https:\/\/i0.wp.com\/www.gaidaphotos.com\/blog\/wp-content\/uploads\/2010\/02\/koeln-rodenkirchen-koelsche-riviera-061.jpg?resize=350%2C200","width":350,"height":200},"classes":[]},{"id":5740,"url":"https:\/\/www.gaidaphotos.com\/blog\/2013\/09\/17\/kirmes-und-verkaufsoffener-sonntag-in-rodenkirchen-22-09-2013\/","url_meta":{"origin":335,"position":1},"title":"Kirmes und verkaufsoffener Sonntag in Rodenkirchen 22.09.2013","author":"Thomas","date":"17. September 2013","format":false,"excerpt":"Herbstkirmes in Rodenkirchen 2013 verkaufsoffener Sonntag und Bundestagswahl Der Herbst ist da und ebenso wieder die Kirmes am Rhein in Rodenkirchen. Gekr\u00f6nt wird das Angebot am Sonntag, wenn die Gesch\u00e4fte ge\u00f6ffnet haben und wir zur Wahl des Bundestag geladen werden. Hoffen wir auf sch\u00f6nes Wetter. Herbstkirmes in K\u00f6ln-Rodenkirchen 2013 Ende\u2026","rel":"","context":"In &quot;Ausflug&quot;","block_context":{"text":"Ausflug","link":"https:\/\/www.gaidaphotos.com\/blog\/category\/ausflug\/"},"img":{"alt_text":"","src":"https:\/\/www.gaidaphotos.com\/blog\/wp-content\/uploads\/2020\/08\/nggallery_import\/142_","width":350,"height":200,"srcset":"https:\/\/www.gaidaphotos.com\/blog\/wp-content\/uploads\/2020\/08\/nggallery_import\/142_ 1x, https:\/\/www.gaidaphotos.com\/blog\/wp-content\/uploads\/2020\/08\/nggallery_import\/142_ 1.5x, https:\/\/www.gaidaphotos.com\/blog\/wp-content\/uploads\/2020\/08\/nggallery_import\/142_ 2x"},"classes":[]},{"id":2072,"url":"https:\/\/www.gaidaphotos.com\/blog\/2009\/09\/07\/koln-rodenkirchen-restaurants-am-rheinufer\/","url_meta":{"origin":335,"position":2},"title":"K\u00f6ln-Rodenkirchen Restaurant: Restaurants am Rheinufer 1","author":"Thomas","date":"7. September 2009","format":false,"excerpt":"Endlich kommen wir dazu, Euch das sch\u00f6ne K\u00f6ln-Rodenkirchen n\u00e4her vorzustellen. Rodenkirchen wird auch die \"K\u00f6lsche Riviera\" genannt. Entlang des Rheinufers in Rodenkirchen finden wir eine ganze Reihe netter Ausflugslokale und Restaurants. Heute gibt es die Restaurants am Rheinufer in K\u00f6ln-Rodenkirchen von der Autobahnbr\u00fccke im Norden bis zur Barbarastra\u00dfe. \u00a0 Bootshaus\u2026","rel":"","context":"In &quot;K\u00f6ln Rodenkirchen&quot;","block_context":{"text":"K\u00f6ln Rodenkirchen","link":"https:\/\/www.gaidaphotos.com\/blog\/category\/koeln-rodenkirchen\/"},"img":{"alt_text":"K\u00f6ln Rodenkirchen Restaurant am Rheinufer","src":"https:\/\/i0.wp.com\/www.gaidaphotos.com\/blog\/wp-content\/uploads\/2009\/09\/koeln-rodenkirchen-rheinufer-300x200.jpg?resize=350%2C200&ssl=1","width":350,"height":200},"classes":[]},{"id":8170,"url":"https:\/\/www.gaidaphotos.com\/blog\/2014\/11\/20\/cafe-rheinterrassen-in-rodenkirchen-1911-1932\/","url_meta":{"origin":335,"position":3},"title":"Cafe Rheinterrassen in Rodenkirchen (1911-1932)","author":"Thomas","date":"20. November 2014","format":false,"excerpt":"Cafe Rheinterrassen in Rodenkirchen (1911-1932) Einst befand sich das gr\u00f6\u00dfte Ausflugs- und Tanzlokal von K\u00f6ln in Rodenkirchen. Das \"Cafe Rheinterrassen\" lockte viele K\u00f6lner jeden Tag zu Kaffee und Kuchen, Tanztee oder Soiree an die k\u00f6lsche Riviera. Heute alleine wegen der Parkpl\u00e4tze und dem n\u00e4chtlichen L\u00e4rm kaum vorstellbar, war vor 100\u2026","rel":"","context":"In &quot;Alte Bilder aus K\u00f6ln Rodenkirchen&quot;","block_context":{"text":"Alte Bilder aus K\u00f6ln Rodenkirchen","link":"https:\/\/www.gaidaphotos.com\/blog\/category\/foto\/alte-bilder-aus-koln-rodenkirchen\/"},"img":{"alt_text":"","src":"https:\/\/i0.wp.com\/www.gaidaphotos.com\/blog\/wp-content\/uploads\/ngg_featured\/koeln-rodenkirchen-rheinterrassen-g-1932-06.jpg?fit=1024%2C669&ssl=1&resize=350%2C200","width":350,"height":200,"srcset":"https:\/\/i0.wp.com\/www.gaidaphotos.com\/blog\/wp-content\/uploads\/ngg_featured\/koeln-rodenkirchen-rheinterrassen-g-1932-06.jpg?fit=1024%2C669&ssl=1&resize=350%2C200 1x, https:\/\/i0.wp.com\/www.gaidaphotos.com\/blog\/wp-content\/uploads\/ngg_featured\/koeln-rodenkirchen-rheinterrassen-g-1932-06.jpg?fit=1024%2C669&ssl=1&resize=525%2C300 1.5x, https:\/\/i0.wp.com\/www.gaidaphotos.com\/blog\/wp-content\/uploads\/ngg_featured\/koeln-rodenkirchen-rheinterrassen-g-1932-06.jpg?fit=1024%2C669&ssl=1&resize=700%2C400 2x"},"classes":[]},{"id":7946,"url":"https:\/\/www.gaidaphotos.com\/blog\/2014\/10\/17\/wilhelmstrasse-und-rheinufer-in-rodenkirchen\/","url_meta":{"origin":335,"position":4},"title":"Wilhelmstra\u00dfe und Rheinufer in Rodenkirchen","author":"Thomas","date":"17. Oktober 2014","format":false,"excerpt":"Wilhemlmstra\u00dfe, Bahnhof und Rodenkirchener Rheinufer Kalenderblatt M\u00e4rz 2015 Das Kalenderblatt f\u00fcr M\u00e4rz 2015 zeigt uns gleich vier Ansichten unseres sch\u00f6nen Rodenkirchen aus dem Jahr 1915 (Poststempel): Wilhelmstra\u00dfe - Hauptstra\u00dfe - Rheinufer - Bahnhof Von der Hauptstra\u00dfe in Rodenkirchen haben wir schon in der vergangenen Woche berichtet. Heute werfen wir einen\u2026","rel":"","context":"In &quot;Alte Bilder aus K\u00f6ln Rodenkirchen&quot;","block_context":{"text":"Alte Bilder aus K\u00f6ln Rodenkirchen","link":"https:\/\/www.gaidaphotos.com\/blog\/category\/foto\/alte-bilder-aus-koln-rodenkirchen\/"},"img":{"alt_text":"","src":"https:\/\/i0.wp.com\/www.gaidaphotos.com\/blog\/wp-content\/uploads\/ngg_featured\/koeln-rodenkirchen-kalender-01.jpg?fit=1024%2C650&ssl=1&resize=350%2C200","width":350,"height":200,"srcset":"https:\/\/i0.wp.com\/www.gaidaphotos.com\/blog\/wp-content\/uploads\/ngg_featured\/koeln-rodenkirchen-kalender-01.jpg?fit=1024%2C650&ssl=1&resize=350%2C200 1x, https:\/\/i0.wp.com\/www.gaidaphotos.com\/blog\/wp-content\/uploads\/ngg_featured\/koeln-rodenkirchen-kalender-01.jpg?fit=1024%2C650&ssl=1&resize=525%2C300 1.5x, https:\/\/i0.wp.com\/www.gaidaphotos.com\/blog\/wp-content\/uploads\/ngg_featured\/koeln-rodenkirchen-kalender-01.jpg?fit=1024%2C650&ssl=1&resize=700%2C400 2x"},"classes":[]},{"id":6817,"url":"https:\/\/www.gaidaphotos.com\/blog\/2014\/06\/29\/strassenfest-in-rodenkirchen\/","url_meta":{"origin":335,"position":5},"title":"Stra\u00dfenfest in Rodenkirchen","author":"Thomas","date":"29. Juni 2014","format":false,"excerpt":"Rodenkirchen trotzt Regenwetter Der Wettergott meint es nicht gut mit der \"K\u00f6lschen Riviera\" in diesem Jahr. Immer wieder tr\u00fcben dunkle Wolken und Gewitter das Vergn\u00fcgen. Die wenigen trockenen Minuten und noch weniger Sonnenstrahlen werden umso intendiver genutzt. Das Angebot ist in diesem Jahr bunter und interessanter mit sehr viel lokaler\u2026","rel":"","context":"In &quot;K\u00f6ln Rodenkirchen Freizeit&quot;","block_context":{"text":"K\u00f6ln Rodenkirchen Freizeit","link":"https:\/\/www.gaidaphotos.com\/blog\/category\/koeln-rodenkirchen\/koeln-rodenkirchen-freizeit\/"},"img":{"alt_text":"","src":"https:\/\/i0.wp.com\/www.gaidaphotos.com\/blog\/wp-content\/uploads\/2014\/06\/wpid-img_1698.jpg?fit=730%2C548&ssl=1&resize=350%2C200","width":350,"height":200,"srcset":"https:\/\/i0.wp.com\/www.gaidaphotos.com\/blog\/wp-content\/uploads\/2014\/06\/wpid-img_1698.jpg?fit=730%2C548&ssl=1&resize=350%2C200 1x, https:\/\/i0.wp.com\/www.gaidaphotos.com\/blog\/wp-content\/uploads\/2014\/06\/wpid-img_1698.jpg?fit=730%2C548&ssl=1&resize=525%2C300 1.5x, https:\/\/i0.wp.com\/www.gaidaphotos.com\/blog\/wp-content\/uploads\/2014\/06\/wpid-img_1698.jpg?fit=730%2C548&ssl=1&resize=700%2C400 2x"},"classes":[]}],"_links":{"self":[{"href":"https:\/\/www.gaidaphotos.com\/blog\/wp-json\/wp\/v2\/posts\/335","targetHints":{"allow":["GET"]}}],"collection":[{"href":"https:\/\/www.gaidaphotos.com\/blog\/wp-json\/wp\/v2\/posts"}],"about":[{"href":"https:\/\/www.gaidaphotos.com\/blog\/wp-json\/wp\/v2\/types\/post"}],"author":[{"embeddable":true,"href":"https:\/\/www.gaidaphotos.com\/blog\/wp-json\/wp\/v2\/users\/6"}],"replies":[{"embeddable":true,"href":"https:\/\/www.gaidaphotos.com\/blog\/wp-json\/wp\/v2\/comments?post=335"}],"version-history":[{"count":0,"href":"https:\/\/www.gaidaphotos.com\/blog\/wp-json\/wp\/v2\/posts\/335\/revisions"}],"wp:featuredmedia":[{"embeddable":true,"href":"https:\/\/www.gaidaphotos.com\/blog\/wp-json\/wp\/v2\/media\/12286"}],"wp:attachment":[{"href":"https:\/\/www.gaidaphotos.com\/blog\/wp-json\/wp\/v2\/media?parent=335"}],"wp:term":[{"taxonomy":"category","embeddable":true,"href":"https:\/\/www.gaidaphotos.com\/blog\/wp-json\/wp\/v2\/categories?post=335"},{"taxonomy":"post_tag","embeddable":true,"href":"https:\/\/www.gaidaphotos.com\/blog\/wp-json\/wp\/v2\/tags?post=335"}],"curies":[{"name":"wp","href":"https:\/\/api.w.org\/{rel}","templated":true}]}}