{"id":337,"date":"2009-04-11T12:57:24","date_gmt":"2009-04-11T11:57:24","guid":{"rendered":""},"modified":"2009-04-15T14:58:34","modified_gmt":"2009-04-15T13:58:34","slug":"endlich-fertig-das-alte-wegekreuz-koln-rodenkirchen-maternusplatz-foto","status":"publish","type":"post","link":"https:\/\/www.gaidaphotos.com\/blog\/2009\/04\/11\/endlich-fertig-das-alte-wegekreuz-koln-rodenkirchen-maternusplatz-foto\/","title":{"rendered":"Endlich fertig: Das alte Wegekreuz (K\u00f6ln Rodenkirchen Maternusplatz + Foto)"},"content":{"rendered":"<div class=\"Lifeblog_Posting\">\n<div class=\"Lifeblog_Resource\"><img data-recalc-dims=\"1\" decoding=\"async\" src=\"https:\/\/i0.wp.com\/www.gaidaphotos.com\/blog\/wp-content\/uploads\/lifeblog-10042009195.jpg?w=910&#038;ssl=1\" alt=\"Fr 10.04.2009 15:24 K\u00c3\u00b6ln Rodenkirchen Maternusplatz\" \/><\/div>\n<p>Endlich ist das alte Wegekreuz und der Bereich davor fertig. Die B\u00e4ume sind leider keine 30+ Jahre alt. Daf\u00fcr braucht man aber keine Stolperfallen zu f\u00fcrchten. K\u00f6ln Rodenkirchen Maternusplatz mit Foto<\/p><\/div>\n","protected":false},"excerpt":{"rendered":"<p>Endlich ist das alte Wegekreuz und der Bereich davor fertig. Die B\u00e4ume sind leider keine 30+ Jahre alt. Daf\u00fcr braucht<\/p>\n","protected":false},"author":6,"featured_media":0,"comment_status":"open","ping_status":"open","sticky":false,"template":"","format":"standard","meta":{"_crdt_document":"","ngg_post_thumbnail":0,"jetpack_post_was_ever_published":false,"_jetpack_newsletter_access":"","_jetpack_dont_email_post_to_subs":false,"_jetpack_newsletter_tier_id":0,"_jetpack_memberships_contains_paywalled_content":false,"_jetpack_memberships_contains_paid_content":false,"footnotes":"","jetpack_publicize_message":"","jetpack_publicize_feature_enabled":true,"jetpack_social_post_already_shared":false,"jetpack_social_options":{"image_generator_settings":{"template":"highway","default_image_id":0,"font":"","enabled":false},"version":2}},"categories":[20,52,39],"tags":[538],"class_list":["post-337","post","type-post","status-publish","format-standard","hentry","category-mobile_news_von_unterwegs-n95","category-koeln-rodenkirchen","category-neuigkeiten","tag-koeln-rodenkirchen"],"yoast_head":"<!-- This site is optimized with the Yoast SEO plugin v27.5 - https:\/\/yoast.com\/product\/yoast-seo-wordpress\/ -->\n<title>Endlich fertig: Das alte Wegekreuz (K\u00f6ln Rodenkirchen Maternusplatz + Foto) - K\u00f6ln Rodenkirchen und die Welt<\/title>\n<meta name=\"robots\" content=\"index, follow, max-snippet:-1, max-image-preview:large, max-video-preview:-1\" \/>\n<link rel=\"canonical\" href=\"https:\/\/www.gaidaphotos.com\/blog\/2009\/04\/11\/endlich-fertig-das-alte-wegekreuz-koln-rodenkirchen-maternusplatz-foto\/\" \/>\n<meta property=\"og:locale\" content=\"de_DE\" \/>\n<meta property=\"og:type\" content=\"article\" \/>\n<meta property=\"og:title\" content=\"Endlich fertig: Das alte Wegekreuz (K\u00f6ln Rodenkirchen Maternusplatz + Foto) - K\u00f6ln Rodenkirchen und die Welt\" \/>\n<meta property=\"og:description\" content=\"Endlich ist das alte Wegekreuz und der Bereich davor fertig. Die B\u00e4ume sind leider keine 30+ Jahre alt. Daf\u00fcr braucht\" \/>\n<meta property=\"og:url\" content=\"https:\/\/www.gaidaphotos.com\/blog\/2009\/04\/11\/endlich-fertig-das-alte-wegekreuz-koln-rodenkirchen-maternusplatz-foto\/\" \/>\n<meta property=\"og:site_name\" content=\"K\u00f6ln Rodenkirchen und die Welt\" \/>\n<meta property=\"article:publisher\" content=\"https:\/\/www.facebook.com\/Koeln.Rodenkirchen\" \/>\n<meta property=\"article:author\" content=\"https:\/\/www.facebook.com\/gaidaphotos\" \/>\n<meta property=\"article:published_time\" content=\"2009-04-11T11:57:24+00:00\" \/>\n<meta property=\"article:modified_time\" content=\"2009-04-15T13:58:34+00:00\" \/>\n<meta property=\"og:image\" content=\"https:\/\/www.gaidaphotos.com\/blog\/wp-content\/uploads\/lifeblog-10042009195.jpg\" \/>\n<meta name=\"author\" content=\"Thomas\" \/>\n<meta name=\"twitter:card\" content=\"summary_large_image\" \/>\n<meta name=\"twitter:creator\" content=\"@gaidaphotos\" \/>\n<meta name=\"twitter:site\" content=\"@gaidaphotos\" \/>\n<meta name=\"twitter:label1\" content=\"Verfasst von\" \/>\n\t<meta name=\"twitter:data1\" content=\"Thomas\" \/>\n<script type=\"application\/ld+json\" class=\"yoast-schema-graph\">{\"@context\":\"https:\\\/\\\/schema.org\",\"@graph\":[{\"@type\":\"Article\",\"@id\":\"https:\\\/\\\/www.gaidaphotos.com\\\/blog\\\/2009\\\/04\\\/11\\\/endlich-fertig-das-alte-wegekreuz-koln-rodenkirchen-maternusplatz-foto\\\/#article\",\"isPartOf\":{\"@id\":\"https:\\\/\\\/www.gaidaphotos.com\\\/blog\\\/2009\\\/04\\\/11\\\/endlich-fertig-das-alte-wegekreuz-koln-rodenkirchen-maternusplatz-foto\\\/\"},\"author\":{\"name\":\"Thomas\",\"@id\":\"https:\\\/\\\/www.gaidaphotos.com\\\/blog\\\/#\\\/schema\\\/person\\\/6c444a5b13ffc503c5c32f5a9ec68b21\"},\"headline\":\"Endlich fertig: Das alte Wegekreuz (K\u00f6ln Rodenkirchen Maternusplatz + Foto)\",\"datePublished\":\"2009-04-11T11:57:24+00:00\",\"dateModified\":\"2009-04-15T13:58:34+00:00\",\"mainEntityOfPage\":{\"@id\":\"https:\\\/\\\/www.gaidaphotos.com\\\/blog\\\/2009\\\/04\\\/11\\\/endlich-fertig-das-alte-wegekreuz-koln-rodenkirchen-maternusplatz-foto\\\/\"},\"wordCount\":44,\"commentCount\":0,\"publisher\":{\"@id\":\"https:\\\/\\\/www.gaidaphotos.com\\\/blog\\\/#organization\"},\"image\":{\"@id\":\"https:\\\/\\\/www.gaidaphotos.com\\\/blog\\\/2009\\\/04\\\/11\\\/endlich-fertig-das-alte-wegekreuz-koln-rodenkirchen-maternusplatz-foto\\\/#primaryimage\"},\"thumbnailUrl\":\"https:\\\/\\\/www.gaidaphotos.com\\\/blog\\\/wp-content\\\/uploads\\\/lifeblog-10042009195.jpg\",\"keywords\":[\"K\u00f6ln Rodenkirchen\"],\"articleSection\":[\"17\",\"K\u00f6ln Rodenkirchen\",\"Neuigkeiten\"],\"inLanguage\":\"de\",\"potentialAction\":[{\"@type\":\"CommentAction\",\"name\":\"Comment\",\"target\":[\"https:\\\/\\\/www.gaidaphotos.com\\\/blog\\\/2009\\\/04\\\/11\\\/endlich-fertig-das-alte-wegekreuz-koln-rodenkirchen-maternusplatz-foto\\\/#respond\"]}]},{\"@type\":\"WebPage\",\"@id\":\"https:\\\/\\\/www.gaidaphotos.com\\\/blog\\\/2009\\\/04\\\/11\\\/endlich-fertig-das-alte-wegekreuz-koln-rodenkirchen-maternusplatz-foto\\\/\",\"url\":\"https:\\\/\\\/www.gaidaphotos.com\\\/blog\\\/2009\\\/04\\\/11\\\/endlich-fertig-das-alte-wegekreuz-koln-rodenkirchen-maternusplatz-foto\\\/\",\"name\":\"Endlich fertig: Das alte Wegekreuz (K\u00f6ln Rodenkirchen Maternusplatz + Foto) - K\u00f6ln Rodenkirchen und die Welt\",\"isPartOf\":{\"@id\":\"https:\\\/\\\/www.gaidaphotos.com\\\/blog\\\/#website\"},\"primaryImageOfPage\":{\"@id\":\"https:\\\/\\\/www.gaidaphotos.com\\\/blog\\\/2009\\\/04\\\/11\\\/endlich-fertig-das-alte-wegekreuz-koln-rodenkirchen-maternusplatz-foto\\\/#primaryimage\"},\"image\":{\"@id\":\"https:\\\/\\\/www.gaidaphotos.com\\\/blog\\\/2009\\\/04\\\/11\\\/endlich-fertig-das-alte-wegekreuz-koln-rodenkirchen-maternusplatz-foto\\\/#primaryimage\"},\"thumbnailUrl\":\"https:\\\/\\\/www.gaidaphotos.com\\\/blog\\\/wp-content\\\/uploads\\\/lifeblog-10042009195.jpg\",\"datePublished\":\"2009-04-11T11:57:24+00:00\",\"dateModified\":\"2009-04-15T13:58:34+00:00\",\"breadcrumb\":{\"@id\":\"https:\\\/\\\/www.gaidaphotos.com\\\/blog\\\/2009\\\/04\\\/11\\\/endlich-fertig-das-alte-wegekreuz-koln-rodenkirchen-maternusplatz-foto\\\/#breadcrumb\"},\"inLanguage\":\"de\",\"potentialAction\":[{\"@type\":\"ReadAction\",\"target\":[\"https:\\\/\\\/www.gaidaphotos.com\\\/blog\\\/2009\\\/04\\\/11\\\/endlich-fertig-das-alte-wegekreuz-koln-rodenkirchen-maternusplatz-foto\\\/\"]}]},{\"@type\":\"ImageObject\",\"inLanguage\":\"de\",\"@id\":\"https:\\\/\\\/www.gaidaphotos.com\\\/blog\\\/2009\\\/04\\\/11\\\/endlich-fertig-das-alte-wegekreuz-koln-rodenkirchen-maternusplatz-foto\\\/#primaryimage\",\"url\":\"https:\\\/\\\/www.gaidaphotos.com\\\/blog\\\/wp-content\\\/uploads\\\/lifeblog-10042009195.jpg\",\"contentUrl\":\"https:\\\/\\\/www.gaidaphotos.com\\\/blog\\\/wp-content\\\/uploads\\\/lifeblog-10042009195.jpg\"},{\"@type\":\"BreadcrumbList\",\"@id\":\"https:\\\/\\\/www.gaidaphotos.com\\\/blog\\\/2009\\\/04\\\/11\\\/endlich-fertig-das-alte-wegekreuz-koln-rodenkirchen-maternusplatz-foto\\\/#breadcrumb\",\"itemListElement\":[{\"@type\":\"ListItem\",\"position\":1,\"name\":\"Startseite\",\"item\":\"https:\\\/\\\/www.gaidaphotos.com\\\/blog\\\/\"},{\"@type\":\"ListItem\",\"position\":2,\"name\":\"Endlich fertig: Das alte Wegekreuz (K\u00f6ln Rodenkirchen Maternusplatz + Foto)\"}]},{\"@type\":\"WebSite\",\"@id\":\"https:\\\/\\\/www.gaidaphotos.com\\\/blog\\\/#website\",\"url\":\"https:\\\/\\\/www.gaidaphotos.com\\\/blog\\\/\",\"name\":\"K\u00f6ln Rodenkirchen und die Welt\",\"description\":\"Einkaufen, Restaurants, Freizeit, Nachrichten und was uns sonst bewegt und begegnet\",\"publisher\":{\"@id\":\"https:\\\/\\\/www.gaidaphotos.com\\\/blog\\\/#organization\"},\"potentialAction\":[{\"@type\":\"SearchAction\",\"target\":{\"@type\":\"EntryPoint\",\"urlTemplate\":\"https:\\\/\\\/www.gaidaphotos.com\\\/blog\\\/?s={search_term_string}\"},\"query-input\":{\"@type\":\"PropertyValueSpecification\",\"valueRequired\":true,\"valueName\":\"search_term_string\"}}],\"inLanguage\":\"de\"},{\"@type\":\"Organization\",\"@id\":\"https:\\\/\\\/www.gaidaphotos.com\\\/blog\\\/#organization\",\"name\":\"gaidaphotos\",\"url\":\"https:\\\/\\\/www.gaidaphotos.com\\\/blog\\\/\",\"logo\":{\"@type\":\"ImageObject\",\"inLanguage\":\"de\",\"@id\":\"https:\\\/\\\/www.gaidaphotos.com\\\/blog\\\/#\\\/schema\\\/logo\\\/image\\\/\",\"url\":\"https:\\\/\\\/i0.wp.com\\\/www.gaidaphotos.com\\\/blog\\\/wp-content\\\/uploads\\\/2020\\\/07\\\/GAIDAPHOTOS-COM.jpg?fit=160%2C96&ssl=1\",\"contentUrl\":\"https:\\\/\\\/i0.wp.com\\\/www.gaidaphotos.com\\\/blog\\\/wp-content\\\/uploads\\\/2020\\\/07\\\/GAIDAPHOTOS-COM.jpg?fit=160%2C96&ssl=1\",\"width\":160,\"height\":96,\"caption\":\"gaidaphotos\"},\"image\":{\"@id\":\"https:\\\/\\\/www.gaidaphotos.com\\\/blog\\\/#\\\/schema\\\/logo\\\/image\\\/\"},\"sameAs\":[\"https:\\\/\\\/www.facebook.com\\\/Koeln.Rodenkirchen\",\"https:\\\/\\\/x.com\\\/gaidaphotos\",\"https:\\\/\\\/instagram.com\\\/gaidaphotos\\\/\",\"https:\\\/\\\/de.linkedin.com\\\/in\\\/gaidaphotos\",\"https:\\\/\\\/myspace.com\\\/gaidaphotos\",\"https:\\\/\\\/www.pinterest.com\\\/gaidaphotos\\\/\",\"https:\\\/\\\/www.youtube.com\\\/user\\\/gaidaphotos\"]},{\"@type\":\"Person\",\"@id\":\"https:\\\/\\\/www.gaidaphotos.com\\\/blog\\\/#\\\/schema\\\/person\\\/6c444a5b13ffc503c5c32f5a9ec68b21\",\"name\":\"Thomas\",\"sameAs\":[\"https:\\\/\\\/www.gaidaphotos.com\",\"https:\\\/\\\/www.facebook.com\\\/gaidaphotos\",\"https:\\\/\\\/instagram.com\\\/gaidaphotos\\\/\",\"https:\\\/\\\/www.linkedin.com\\\/in\\\/gaidaphotos\",\"http:\\\/\\\/www.pinterest.com\\\/gaidaphotos\\\/\",\"https:\\\/\\\/x.com\\\/gaidaphotos\",\"https:\\\/\\\/myspace.com\\\/gaidaphotos\",\"https:\\\/\\\/www.youtube.com\\\/user\\\/gaidaphotos\",\"https:\\\/\\\/gaidaphotos.tumblr.com\\\/\"]}]}<\/script>\n<!-- \/ Yoast SEO plugin. -->","yoast_head_json":{"title":"Endlich fertig: Das alte Wegekreuz (K\u00f6ln Rodenkirchen Maternusplatz + Foto) - K\u00f6ln Rodenkirchen und die Welt","robots":{"index":"index","follow":"follow","max-snippet":"max-snippet:-1","max-image-preview":"max-image-preview:large","max-video-preview":"max-video-preview:-1"},"canonical":"https:\/\/www.gaidaphotos.com\/blog\/2009\/04\/11\/endlich-fertig-das-alte-wegekreuz-koln-rodenkirchen-maternusplatz-foto\/","og_locale":"de_DE","og_type":"article","og_title":"Endlich fertig: Das alte Wegekreuz (K\u00f6ln Rodenkirchen Maternusplatz + Foto) - K\u00f6ln Rodenkirchen und die Welt","og_description":"Endlich ist das alte Wegekreuz und der Bereich davor fertig. Die B\u00e4ume sind leider keine 30+ Jahre alt. Daf\u00fcr braucht","og_url":"https:\/\/www.gaidaphotos.com\/blog\/2009\/04\/11\/endlich-fertig-das-alte-wegekreuz-koln-rodenkirchen-maternusplatz-foto\/","og_site_name":"K\u00f6ln Rodenkirchen und die Welt","article_publisher":"https:\/\/www.facebook.com\/Koeln.Rodenkirchen","article_author":"https:\/\/www.facebook.com\/gaidaphotos","article_published_time":"2009-04-11T11:57:24+00:00","article_modified_time":"2009-04-15T13:58:34+00:00","og_image":[{"url":"https:\/\/www.gaidaphotos.com\/blog\/wp-content\/uploads\/lifeblog-10042009195.jpg","type":"","width":"","height":""}],"author":"Thomas","twitter_card":"summary_large_image","twitter_creator":"@gaidaphotos","twitter_site":"@gaidaphotos","twitter_misc":{"Verfasst von":"Thomas"},"schema":{"@context":"https:\/\/schema.org","@graph":[{"@type":"Article","@id":"https:\/\/www.gaidaphotos.com\/blog\/2009\/04\/11\/endlich-fertig-das-alte-wegekreuz-koln-rodenkirchen-maternusplatz-foto\/#article","isPartOf":{"@id":"https:\/\/www.gaidaphotos.com\/blog\/2009\/04\/11\/endlich-fertig-das-alte-wegekreuz-koln-rodenkirchen-maternusplatz-foto\/"},"author":{"name":"Thomas","@id":"https:\/\/www.gaidaphotos.com\/blog\/#\/schema\/person\/6c444a5b13ffc503c5c32f5a9ec68b21"},"headline":"Endlich fertig: Das alte Wegekreuz (K\u00f6ln Rodenkirchen Maternusplatz + Foto)","datePublished":"2009-04-11T11:57:24+00:00","dateModified":"2009-04-15T13:58:34+00:00","mainEntityOfPage":{"@id":"https:\/\/www.gaidaphotos.com\/blog\/2009\/04\/11\/endlich-fertig-das-alte-wegekreuz-koln-rodenkirchen-maternusplatz-foto\/"},"wordCount":44,"commentCount":0,"publisher":{"@id":"https:\/\/www.gaidaphotos.com\/blog\/#organization"},"image":{"@id":"https:\/\/www.gaidaphotos.com\/blog\/2009\/04\/11\/endlich-fertig-das-alte-wegekreuz-koln-rodenkirchen-maternusplatz-foto\/#primaryimage"},"thumbnailUrl":"https:\/\/www.gaidaphotos.com\/blog\/wp-content\/uploads\/lifeblog-10042009195.jpg","keywords":["K\u00f6ln Rodenkirchen"],"articleSection":["17","K\u00f6ln Rodenkirchen","Neuigkeiten"],"inLanguage":"de","potentialAction":[{"@type":"CommentAction","name":"Comment","target":["https:\/\/www.gaidaphotos.com\/blog\/2009\/04\/11\/endlich-fertig-das-alte-wegekreuz-koln-rodenkirchen-maternusplatz-foto\/#respond"]}]},{"@type":"WebPage","@id":"https:\/\/www.gaidaphotos.com\/blog\/2009\/04\/11\/endlich-fertig-das-alte-wegekreuz-koln-rodenkirchen-maternusplatz-foto\/","url":"https:\/\/www.gaidaphotos.com\/blog\/2009\/04\/11\/endlich-fertig-das-alte-wegekreuz-koln-rodenkirchen-maternusplatz-foto\/","name":"Endlich fertig: Das alte Wegekreuz (K\u00f6ln Rodenkirchen Maternusplatz + Foto) - K\u00f6ln Rodenkirchen und die Welt","isPartOf":{"@id":"https:\/\/www.gaidaphotos.com\/blog\/#website"},"primaryImageOfPage":{"@id":"https:\/\/www.gaidaphotos.com\/blog\/2009\/04\/11\/endlich-fertig-das-alte-wegekreuz-koln-rodenkirchen-maternusplatz-foto\/#primaryimage"},"image":{"@id":"https:\/\/www.gaidaphotos.com\/blog\/2009\/04\/11\/endlich-fertig-das-alte-wegekreuz-koln-rodenkirchen-maternusplatz-foto\/#primaryimage"},"thumbnailUrl":"https:\/\/www.gaidaphotos.com\/blog\/wp-content\/uploads\/lifeblog-10042009195.jpg","datePublished":"2009-04-11T11:57:24+00:00","dateModified":"2009-04-15T13:58:34+00:00","breadcrumb":{"@id":"https:\/\/www.gaidaphotos.com\/blog\/2009\/04\/11\/endlich-fertig-das-alte-wegekreuz-koln-rodenkirchen-maternusplatz-foto\/#breadcrumb"},"inLanguage":"de","potentialAction":[{"@type":"ReadAction","target":["https:\/\/www.gaidaphotos.com\/blog\/2009\/04\/11\/endlich-fertig-das-alte-wegekreuz-koln-rodenkirchen-maternusplatz-foto\/"]}]},{"@type":"ImageObject","inLanguage":"de","@id":"https:\/\/www.gaidaphotos.com\/blog\/2009\/04\/11\/endlich-fertig-das-alte-wegekreuz-koln-rodenkirchen-maternusplatz-foto\/#primaryimage","url":"https:\/\/www.gaidaphotos.com\/blog\/wp-content\/uploads\/lifeblog-10042009195.jpg","contentUrl":"https:\/\/www.gaidaphotos.com\/blog\/wp-content\/uploads\/lifeblog-10042009195.jpg"},{"@type":"BreadcrumbList","@id":"https:\/\/www.gaidaphotos.com\/blog\/2009\/04\/11\/endlich-fertig-das-alte-wegekreuz-koln-rodenkirchen-maternusplatz-foto\/#breadcrumb","itemListElement":[{"@type":"ListItem","position":1,"name":"Startseite","item":"https:\/\/www.gaidaphotos.com\/blog\/"},{"@type":"ListItem","position":2,"name":"Endlich fertig: Das alte Wegekreuz (K\u00f6ln Rodenkirchen Maternusplatz + Foto)"}]},{"@type":"WebSite","@id":"https:\/\/www.gaidaphotos.com\/blog\/#website","url":"https:\/\/www.gaidaphotos.com\/blog\/","name":"K\u00f6ln Rodenkirchen und die Welt","description":"Einkaufen, Restaurants, Freizeit, Nachrichten und was uns sonst bewegt und begegnet","publisher":{"@id":"https:\/\/www.gaidaphotos.com\/blog\/#organization"},"potentialAction":[{"@type":"SearchAction","target":{"@type":"EntryPoint","urlTemplate":"https:\/\/www.gaidaphotos.com\/blog\/?s={search_term_string}"},"query-input":{"@type":"PropertyValueSpecification","valueRequired":true,"valueName":"search_term_string"}}],"inLanguage":"de"},{"@type":"Organization","@id":"https:\/\/www.gaidaphotos.com\/blog\/#organization","name":"gaidaphotos","url":"https:\/\/www.gaidaphotos.com\/blog\/","logo":{"@type":"ImageObject","inLanguage":"de","@id":"https:\/\/www.gaidaphotos.com\/blog\/#\/schema\/logo\/image\/","url":"https:\/\/i0.wp.com\/www.gaidaphotos.com\/blog\/wp-content\/uploads\/2020\/07\/GAIDAPHOTOS-COM.jpg?fit=160%2C96&ssl=1","contentUrl":"https:\/\/i0.wp.com\/www.gaidaphotos.com\/blog\/wp-content\/uploads\/2020\/07\/GAIDAPHOTOS-COM.jpg?fit=160%2C96&ssl=1","width":160,"height":96,"caption":"gaidaphotos"},"image":{"@id":"https:\/\/www.gaidaphotos.com\/blog\/#\/schema\/logo\/image\/"},"sameAs":["https:\/\/www.facebook.com\/Koeln.Rodenkirchen","https:\/\/x.com\/gaidaphotos","https:\/\/instagram.com\/gaidaphotos\/","https:\/\/de.linkedin.com\/in\/gaidaphotos","https:\/\/myspace.com\/gaidaphotos","https:\/\/www.pinterest.com\/gaidaphotos\/","https:\/\/www.youtube.com\/user\/gaidaphotos"]},{"@type":"Person","@id":"https:\/\/www.gaidaphotos.com\/blog\/#\/schema\/person\/6c444a5b13ffc503c5c32f5a9ec68b21","name":"Thomas","sameAs":["https:\/\/www.gaidaphotos.com","https:\/\/www.facebook.com\/gaidaphotos","https:\/\/instagram.com\/gaidaphotos\/","https:\/\/www.linkedin.com\/in\/gaidaphotos","http:\/\/www.pinterest.com\/gaidaphotos\/","https:\/\/x.com\/gaidaphotos","https:\/\/myspace.com\/gaidaphotos","https:\/\/www.youtube.com\/user\/gaidaphotos","https:\/\/gaidaphotos.tumblr.com\/"]}]}},"jetpack_publicize_connections":[],"jetpack_featured_media_url":"","jetpack_sharing_enabled":true,"jetpack_likes_enabled":true,"jetpack-related-posts":[{"id":526,"url":"https:\/\/www.gaidaphotos.com\/blog\/2009\/04\/22\/feuerwehreinsatz-koln-rodenkirchen-maternusplatz-foto\/","url_meta":{"origin":337,"position":0},"title":"Feuerwehreinsatz K\u00f6ln Rodenkirchen Maternusplatz (Foto)","author":"Thomas","date":"22. April 2009","format":false,"excerpt":"Warum steht die Feuerwehr in K\u00f6ln Rodenkirchen auf dem Maternusplatz? es ist kein Feuer zu seien und ich grille auch nicht. :)","rel":"","context":"In &quot;17&quot;","block_context":{"text":"17","link":"https:\/\/www.gaidaphotos.com\/blog\/category\/mobile_news_von_unterwegs\/mobile_news_von_unterwegs-n95\/"},"img":{"alt_text":"","src":"","width":0,"height":0},"classes":[]},{"id":546,"url":"https:\/\/www.gaidaphotos.com\/blog\/2009\/05\/05\/ist-der-wahnsinn-bald-zu-ende-foto-koln-rodenkirchen-maternusstrase\/","url_meta":{"origin":337,"position":1},"title":"Ist der Wahnsinn bald zu Ende? (Foto K\u00f6ln Rodenkirchen Maternusstra\u00dfe)","author":"Thomas","date":"5. Mai 2009","format":false,"excerpt":"Nach \u00fcber drei Jahren scheit der Wahnsinn in K\u00f6ln Rodenkirchen sein Ende zu finden. Die Bau- und Stra\u00dfenarbeiten in K\u00f6ln Rodenkirchen an Maternusstrasse und Maternusplatz\u00a0 finden ihr Ende. Zuletzt wird noch die alte Teerdecke entfernt und eine neue aufgebracht. Schon toll wie schnell das geht! Toto: K\u00f6ln Rodenkirchen Maternusplatz","rel":"","context":"In &quot;17&quot;","block_context":{"text":"17","link":"https:\/\/www.gaidaphotos.com\/blog\/category\/mobile_news_von_unterwegs\/mobile_news_von_unterwegs-n95\/"},"img":{"alt_text":"","src":"","width":0,"height":0},"classes":[]},{"id":548,"url":"https:\/\/www.gaidaphotos.com\/blog\/2009\/05\/05\/mit-vollgas-in-die-gleichstellung-auf-dem-koeln-rodenkirchen-maternusplatz-foto\/","url_meta":{"origin":337,"position":2},"title":"Mit Vollgas in die Gleichstellung auf dem Koeln Rodenkirchen Maternusplatz (Foto)","author":"Thomas","date":"5. Mai 2009","format":false,"excerpt":"Heute auf den Koeln Rodenkirchen Maternusplatz Autoballett und Autoparade und mehr. Anl\u00e4\u00dflich des Tages der Gleichstellung. Ein wenig laut und lang aber nett und lustig gemacht. Schade dass es so kalt war. Die Kinder haben sich viel M\u00fche gemacht.","rel":"","context":"In &quot;17&quot;","block_context":{"text":"17","link":"https:\/\/www.gaidaphotos.com\/blog\/category\/mobile_news_von_unterwegs\/mobile_news_von_unterwegs-n95\/"},"img":{"alt_text":"","src":"","width":0,"height":0},"classes":[]},{"id":669,"url":"https:\/\/www.gaidaphotos.com\/blog\/2009\/06\/03\/roedenkirchener-sommertage\/","url_meta":{"origin":337,"position":3},"title":"K\u00f6ln-Rodenkirchen: Hollywood auf dem Maternusplatz?","author":"Thomas","date":"3. Juni 2009","format":false,"excerpt":"Rodenkirchener Sommertage? Rodenkirchener Sommertage 20. und 21. Juni 2009 Die allseits beliebten Rodenkirchener Sommertage finden in diesem Jahr zum ersten Mal, man k\u00f6nnte sagen endlich, auf dem Maternusplatz in K\u00f6ln Rodenkirchen statt. Bei ausreichender Beteiligung sind die Rodenkirchener Sommertage auch auf der Maternusstra\u00dfe, Wilhelmstra\u00dfe und Augustastra\u00dfe in K\u00f6ln Rodenkirchen zu\u2026","rel":"","context":"In &quot;K\u00f6ln Rodenkirchen Einkaufen&quot;","block_context":{"text":"K\u00f6ln Rodenkirchen Einkaufen","link":"https:\/\/www.gaidaphotos.com\/blog\/category\/koeln-rodenkirchen\/koeln-rodenkirchen-einkaufen\/"},"img":{"alt_text":"Rodenkirchener Sommertage","src":"https:\/\/i0.wp.com\/www.gaidaphotos.com\/blog\/wp-content\/uploads\/2009\/06\/hollywood-koeln-rodenkirchen-172x300.jpg?resize=350%2C200&ssl=1","width":350,"height":200},"classes":[]},{"id":2082,"url":"https:\/\/www.gaidaphotos.com\/blog\/2009\/09\/07\/koln-rodenkirchen-oldtimer-maternusplatz\/","url_meta":{"origin":337,"position":4},"title":"K\u00f6ln-Rodenkirchen-Freizeit: Oldtimer auf dem Maternusplatz (viele Fotos)","author":"Thomas","date":"7. September 2009","format":false,"excerpt":"Wie angek\u00fcndigt endete die Oldtimer Rally des Rodenkirchener Bilderbogen gestern am Nachmittag auf dem Maternusplatz in K\u00f6ln Rodenkirchen. . Trotz der vielen sch\u00f6nen Oldtmer war es keine tolle Fotogelegenheit, denn die vielen Zuschauer und vor allem die Spiegelungen st\u00f6rten doch sehr. Ein paar spezielle Eindr\u00fccke vom Oldtimer Treffen in K\u00f6ln\u2026","rel":"","context":"In &quot;K\u00f6ln Rodenkirchen&quot;","block_context":{"text":"K\u00f6ln Rodenkirchen","link":"https:\/\/www.gaidaphotos.com\/blog\/category\/koeln-rodenkirchen\/"},"img":{"alt_text":"K\u00f6ln  - Rodenkirchen - Oldtimer","src":"https:\/\/i0.wp.com\/www.gaidaphotos.com\/blog\/wp-content\/uploads\/2009\/09\/koeln-rodenkirchen-oldtimer-01-200x300.jpg?resize=350%2C200&ssl=1","width":350,"height":200},"classes":[]},{"id":1906,"url":"https:\/\/www.gaidaphotos.com\/blog\/2009\/07\/07\/koeln-rodenkirchen-nachrichten-haltestelle-am-maternusplatz-in-betrieb\/","url_meta":{"origin":337,"position":5},"title":"Koeln Rodenkirchen Nachrichten: Haltestelle am Maternusplatz in Betrieb","author":"Thomas","date":"7. Juli 2009","format":false,"excerpt":"Nach vielen Jahren des geduldigen Ausharrens ist es jetzt doch geschafft. Die Bushaltestelle am Maternusplatz in K\u00f6ln Rodenkirchen ist endlich in Betrieb. Damit entf\u00e4llt die Ersatz-Haltestelle an der Schillingsrotterstra\u00dfe\/Nibelungenweg. Noch gestern haben wir uns gefragt, wann und ob die haltestelle am Maternusplatz jemals verwendet wird - nachdem sie schon zweimal\u2026","rel":"","context":"In &quot;17&quot;","block_context":{"text":"17","link":"https:\/\/www.gaidaphotos.com\/blog\/category\/mobile_news_von_unterwegs\/mobile_news_von_unterwegs-n95\/"},"img":{"alt_text":"","src":"","width":0,"height":0},"classes":[]}],"_links":{"self":[{"href":"https:\/\/www.gaidaphotos.com\/blog\/wp-json\/wp\/v2\/posts\/337","targetHints":{"allow":["GET"]}}],"collection":[{"href":"https:\/\/www.gaidaphotos.com\/blog\/wp-json\/wp\/v2\/posts"}],"about":[{"href":"https:\/\/www.gaidaphotos.com\/blog\/wp-json\/wp\/v2\/types\/post"}],"author":[{"embeddable":true,"href":"https:\/\/www.gaidaphotos.com\/blog\/wp-json\/wp\/v2\/users\/6"}],"replies":[{"embeddable":true,"href":"https:\/\/www.gaidaphotos.com\/blog\/wp-json\/wp\/v2\/comments?post=337"}],"version-history":[{"count":0,"href":"https:\/\/www.gaidaphotos.com\/blog\/wp-json\/wp\/v2\/posts\/337\/revisions"}],"wp:attachment":[{"href":"https:\/\/www.gaidaphotos.com\/blog\/wp-json\/wp\/v2\/media?parent=337"}],"wp:term":[{"taxonomy":"category","embeddable":true,"href":"https:\/\/www.gaidaphotos.com\/blog\/wp-json\/wp\/v2\/categories?post=337"},{"taxonomy":"post_tag","embeddable":true,"href":"https:\/\/www.gaidaphotos.com\/blog\/wp-json\/wp\/v2\/tags?post=337"}],"curies":[{"name":"wp","href":"https:\/\/api.w.org\/{rel}","templated":true}]}}