{"id":3468,"date":"2010-12-24T08:00:05","date_gmt":"2010-12-24T07:00:05","guid":{"rendered":"http:\/\/gaidaphotos.com\/blog\/?p=3468"},"modified":"2012-01-05T16:28:44","modified_gmt":"2012-01-05T15:28:44","slug":"verkaufsoffener-sonntag-26-12-2010-koeln-nrw","status":"publish","type":"post","link":"https:\/\/www.gaidaphotos.com\/blog\/2010\/12\/24\/verkaufsoffener-sonntag-26-12-2010-koeln-nrw\/","title":{"rendered":"Verkaufsoffener Sonntag 26.12.2010 in K\u00f6ln (NRW)?"},"content":{"rendered":"<h2>Verkaufsoffener Sonntag 26.12.2010 in K\u00f6ln?<\/h2>\n<h3>In welchem K\u00f6lner Veedel oder Stadteil sind am 26.12.2010 die Gesch\u00e4fte ge\u00f6ffnet (verkaufsoffener Sonntag)? <\/h3>\n<p>Wir sagen Ihnen nicht nur wo sondern auch was am verkaufsoffenen Sonntag in K\u00f6ln alles geboten wird. Begleitprogramm zum verkaufsoffenen Sonnatg in K\u00f6ln mit K\u00fcnstlern und allen anderen Informationen rund um den verkaufsoffenen Sonntag.<\/p>\n<p>Am <strong>26.12.2010<\/strong> ist in K\u00f6ln<strong> <span style=\"text-decoration: underline;\">kein <\/span>verkaufsoffener Sonntag<\/strong>.<\/p>\n<p><img data-recalc-dims=\"1\" decoding=\"async\" src=\"https:\/\/i0.wp.com\/www.gaidaphotos.com\/blog\/\/wp-content\/uploads\/fotos\/weihnachtsgruesse-neujahrsgruesse.jpg?w=200&#038;ssl=1\"  alt=\"Verkaufsoffener Sonntag 26.12.2010 in K\u00f6ln (NRW)?\" longdesc=\"Verkaufsoffener Sonntag 26.12.2010 in K\u00f6ln (NRW)?r\"\/ align=\"left\">Nat\u00fcrlich ist kein verkaufsoffener Sonntag, denn es ist ja Weihnachten! Die Gesch\u00e4fte haben geschlossen &#8211; zum Gl\u00fcck gibt&#8217;s in der Not ja noch die Tanke &#8211; und auch die Weihnachtsm\u00e4rkte sind abgebaut (naja, beinahe).<br \/>\nBleiben Sie bei Ihrer Familie und feiern Sie Weihnachten. Lesen Sie Ihren Kindern ein Buch vor oder spielen Sie alle ein Spiel. Machen Sie einen Spaziergang in Rodenkirchen am Rhein oder besuchen Sie die Krippe im K\u00f6lner Dom.<br \/>\nWir wollten einmal wissen, wie viele denn am 26.12. nach &#8222;verkaufsoffener Sonntag&#8220; suchen. <\/p>\n<p>Wir w\u00fcnschen unseren Lesern<\/p>\n<h2><center>Frohe Weihnachten<br \/>\nund ein Gutes Neues Jahr<\/h2>\n<p><\/center><\/p>\n<figure style=\"width: 445px\" class=\"wp-caption aligncenter\"> ngg_shortcode_0_placeholder <figcaption class=\"wp-caption-text\">Alte Postkarten aus K\u00f6ln-Rodenkirchen: <br \/>Weihnachtskarte aus den 50iger Jahren<\/figcaption><\/figure>\n<p><?php include(\"wp-content\/include\/verkaufsoffener-sonntag.php\"); ?><\/p>\n","protected":false},"excerpt":{"rendered":"<p>Verkaufsoffener Sonntag 26.12.2010 in K\u00f6ln? In welchem K\u00f6lner Veedel oder Stadteil sind am 26.12.2010 die Gesch\u00e4fte ge\u00f6ffnet (verkaufsoffener Sonntag)? Wir<\/p>\n","protected":false},"author":6,"featured_media":0,"comment_status":"open","ping_status":"open","sticky":false,"template":"","format":"standard","meta":{"_crdt_document":"","ngg_post_thumbnail":0,"jetpack_post_was_ever_published":false,"_jetpack_newsletter_access":"","_jetpack_dont_email_post_to_subs":false,"_jetpack_newsletter_tier_id":0,"_jetpack_memberships_contains_paywalled_content":false,"_jetpack_memberships_contains_paid_content":false,"footnotes":"","jetpack_publicize_message":"","jetpack_publicize_feature_enabled":true,"jetpack_social_post_already_shared":false,"jetpack_social_options":{"image_generator_settings":{"template":"highway","default_image_id":0,"font":"","enabled":false},"version":2}},"categories":[178],"tags":[],"class_list":["post-3468","post","type-post","status-publish","format-standard","hentry","category-verkaufsoffener-sonntag-koln-nrw"],"yoast_head":"<!-- This site is optimized with the Yoast SEO plugin v27.5 - https:\/\/yoast.com\/product\/yoast-seo-wordpress\/ -->\n<title>Verkaufsoffener Sonntag 26.12.2010 in K\u00f6ln (NRW)?<\/title>\n<meta name=\"description\" content=\"Verkaufsoffener Sonntag 26.12.2010 in K\u00f6ln (NRW)? - alle verkaufsoffenen Sonntage in K\u00f6ln, Programm. K\u00fcnstler, Angebot, Hinweise\" \/>\n<meta name=\"robots\" content=\"noindex, follow\" \/>\n<meta property=\"og:locale\" content=\"de_DE\" \/>\n<meta property=\"og:type\" content=\"article\" \/>\n<meta property=\"og:title\" content=\"Verkaufsoffener Sonntag 26.12.2010 in K\u00f6ln (NRW)?\" \/>\n<meta property=\"og:description\" content=\"Verkaufsoffener Sonntag 26.12.2010 in K\u00f6ln (NRW)? - alle verkaufsoffenen Sonntage in K\u00f6ln, Programm. K\u00fcnstler, Angebot, Hinweise\" \/>\n<meta property=\"og:url\" content=\"https:\/\/www.gaidaphotos.com\/blog\/2010\/12\/24\/verkaufsoffener-sonntag-26-12-2010-koeln-nrw\/\" \/>\n<meta property=\"og:site_name\" content=\"K\u00f6ln Rodenkirchen und die Welt\" \/>\n<meta property=\"article:publisher\" content=\"https:\/\/www.facebook.com\/Koeln.Rodenkirchen\" \/>\n<meta property=\"article:author\" content=\"https:\/\/www.facebook.com\/gaidaphotos\" \/>\n<meta property=\"article:published_time\" content=\"2010-12-24T07:00:05+00:00\" \/>\n<meta property=\"article:modified_time\" content=\"2012-01-05T15:28:44+00:00\" \/>\n<meta property=\"og:image\" content=\"https:\/\/www.gaidaphotos.com\/blog\/\/wp-content\/uploads\/fotos\/weihnachtsgruesse-neujahrsgruesse.jpg\" \/>\n<meta name=\"author\" content=\"Thomas\" \/>\n<meta name=\"twitter:card\" content=\"summary_large_image\" \/>\n<meta name=\"twitter:creator\" content=\"@gaidaphotos\" \/>\n<meta name=\"twitter:site\" content=\"@gaidaphotos\" \/>\n<meta name=\"twitter:label1\" content=\"Verfasst von\" \/>\n\t<meta name=\"twitter:data1\" content=\"Thomas\" \/>\n\t<meta name=\"twitter:label2\" content=\"Gesch\u00e4tzte Lesezeit\" \/>\n\t<meta name=\"twitter:data2\" content=\"1\u00a0Minute\" \/>\n<script type=\"application\/ld+json\" class=\"yoast-schema-graph\">{\"@context\":\"https:\\\/\\\/schema.org\",\"@graph\":[{\"@type\":\"Article\",\"@id\":\"https:\\\/\\\/www.gaidaphotos.com\\\/blog\\\/2010\\\/12\\\/24\\\/verkaufsoffener-sonntag-26-12-2010-koeln-nrw\\\/#article\",\"isPartOf\":{\"@id\":\"https:\\\/\\\/www.gaidaphotos.com\\\/blog\\\/2010\\\/12\\\/24\\\/verkaufsoffener-sonntag-26-12-2010-koeln-nrw\\\/\"},\"author\":{\"name\":\"Thomas\",\"@id\":\"https:\\\/\\\/www.gaidaphotos.com\\\/blog\\\/#\\\/schema\\\/person\\\/6c444a5b13ffc503c5c32f5a9ec68b21\"},\"headline\":\"Verkaufsoffener Sonntag 26.12.2010 in K\u00f6ln (NRW)?\",\"datePublished\":\"2010-12-24T07:00:05+00:00\",\"dateModified\":\"2012-01-05T15:28:44+00:00\",\"mainEntityOfPage\":{\"@id\":\"https:\\\/\\\/www.gaidaphotos.com\\\/blog\\\/2010\\\/12\\\/24\\\/verkaufsoffener-sonntag-26-12-2010-koeln-nrw\\\/\"},\"wordCount\":193,\"commentCount\":1,\"publisher\":{\"@id\":\"https:\\\/\\\/www.gaidaphotos.com\\\/blog\\\/#organization\"},\"image\":{\"@id\":\"https:\\\/\\\/www.gaidaphotos.com\\\/blog\\\/2010\\\/12\\\/24\\\/verkaufsoffener-sonntag-26-12-2010-koeln-nrw\\\/#primaryimage\"},\"thumbnailUrl\":\"https:\\\/\\\/www.gaidaphotos.com\\\/blog\\\/\\\/wp-content\\\/uploads\\\/fotos\\\/weihnachtsgruesse-neujahrsgruesse.jpg\",\"articleSection\":[\"Verkaufsoffener Sonntag K\u00f6ln NRW\"],\"inLanguage\":\"de\",\"potentialAction\":[{\"@type\":\"CommentAction\",\"name\":\"Comment\",\"target\":[\"https:\\\/\\\/www.gaidaphotos.com\\\/blog\\\/2010\\\/12\\\/24\\\/verkaufsoffener-sonntag-26-12-2010-koeln-nrw\\\/#respond\"]}]},{\"@type\":\"WebPage\",\"@id\":\"https:\\\/\\\/www.gaidaphotos.com\\\/blog\\\/2010\\\/12\\\/24\\\/verkaufsoffener-sonntag-26-12-2010-koeln-nrw\\\/\",\"url\":\"https:\\\/\\\/www.gaidaphotos.com\\\/blog\\\/2010\\\/12\\\/24\\\/verkaufsoffener-sonntag-26-12-2010-koeln-nrw\\\/\",\"name\":\"Verkaufsoffener Sonntag 26.12.2010 in K\u00f6ln (NRW)?\",\"isPartOf\":{\"@id\":\"https:\\\/\\\/www.gaidaphotos.com\\\/blog\\\/#website\"},\"primaryImageOfPage\":{\"@id\":\"https:\\\/\\\/www.gaidaphotos.com\\\/blog\\\/2010\\\/12\\\/24\\\/verkaufsoffener-sonntag-26-12-2010-koeln-nrw\\\/#primaryimage\"},\"image\":{\"@id\":\"https:\\\/\\\/www.gaidaphotos.com\\\/blog\\\/2010\\\/12\\\/24\\\/verkaufsoffener-sonntag-26-12-2010-koeln-nrw\\\/#primaryimage\"},\"thumbnailUrl\":\"https:\\\/\\\/www.gaidaphotos.com\\\/blog\\\/\\\/wp-content\\\/uploads\\\/fotos\\\/weihnachtsgruesse-neujahrsgruesse.jpg\",\"datePublished\":\"2010-12-24T07:00:05+00:00\",\"dateModified\":\"2012-01-05T15:28:44+00:00\",\"description\":\"Verkaufsoffener Sonntag 26.12.2010 in K\u00f6ln (NRW)? - alle verkaufsoffenen Sonntage in K\u00f6ln, Programm. K\u00fcnstler, Angebot, Hinweise\",\"breadcrumb\":{\"@id\":\"https:\\\/\\\/www.gaidaphotos.com\\\/blog\\\/2010\\\/12\\\/24\\\/verkaufsoffener-sonntag-26-12-2010-koeln-nrw\\\/#breadcrumb\"},\"inLanguage\":\"de\",\"potentialAction\":[{\"@type\":\"ReadAction\",\"target\":[\"https:\\\/\\\/www.gaidaphotos.com\\\/blog\\\/2010\\\/12\\\/24\\\/verkaufsoffener-sonntag-26-12-2010-koeln-nrw\\\/\"]}]},{\"@type\":\"ImageObject\",\"inLanguage\":\"de\",\"@id\":\"https:\\\/\\\/www.gaidaphotos.com\\\/blog\\\/2010\\\/12\\\/24\\\/verkaufsoffener-sonntag-26-12-2010-koeln-nrw\\\/#primaryimage\",\"url\":\"https:\\\/\\\/www.gaidaphotos.com\\\/blog\\\/\\\/wp-content\\\/uploads\\\/fotos\\\/weihnachtsgruesse-neujahrsgruesse.jpg\",\"contentUrl\":\"https:\\\/\\\/www.gaidaphotos.com\\\/blog\\\/\\\/wp-content\\\/uploads\\\/fotos\\\/weihnachtsgruesse-neujahrsgruesse.jpg\"},{\"@type\":\"BreadcrumbList\",\"@id\":\"https:\\\/\\\/www.gaidaphotos.com\\\/blog\\\/2010\\\/12\\\/24\\\/verkaufsoffener-sonntag-26-12-2010-koeln-nrw\\\/#breadcrumb\",\"itemListElement\":[{\"@type\":\"ListItem\",\"position\":1,\"name\":\"Startseite\",\"item\":\"https:\\\/\\\/www.gaidaphotos.com\\\/blog\\\/\"},{\"@type\":\"ListItem\",\"position\":2,\"name\":\"Verkaufsoffener Sonntag 26.12.2010 in K\u00f6ln (NRW)?\"}]},{\"@type\":\"WebSite\",\"@id\":\"https:\\\/\\\/www.gaidaphotos.com\\\/blog\\\/#website\",\"url\":\"https:\\\/\\\/www.gaidaphotos.com\\\/blog\\\/\",\"name\":\"K\u00f6ln Rodenkirchen und die Welt\",\"description\":\"Einkaufen, Restaurants, Freizeit, Nachrichten und was uns sonst bewegt und begegnet\",\"publisher\":{\"@id\":\"https:\\\/\\\/www.gaidaphotos.com\\\/blog\\\/#organization\"},\"potentialAction\":[{\"@type\":\"SearchAction\",\"target\":{\"@type\":\"EntryPoint\",\"urlTemplate\":\"https:\\\/\\\/www.gaidaphotos.com\\\/blog\\\/?s={search_term_string}\"},\"query-input\":{\"@type\":\"PropertyValueSpecification\",\"valueRequired\":true,\"valueName\":\"search_term_string\"}}],\"inLanguage\":\"de\"},{\"@type\":\"Organization\",\"@id\":\"https:\\\/\\\/www.gaidaphotos.com\\\/blog\\\/#organization\",\"name\":\"gaidaphotos\",\"url\":\"https:\\\/\\\/www.gaidaphotos.com\\\/blog\\\/\",\"logo\":{\"@type\":\"ImageObject\",\"inLanguage\":\"de\",\"@id\":\"https:\\\/\\\/www.gaidaphotos.com\\\/blog\\\/#\\\/schema\\\/logo\\\/image\\\/\",\"url\":\"https:\\\/\\\/i0.wp.com\\\/www.gaidaphotos.com\\\/blog\\\/wp-content\\\/uploads\\\/2020\\\/07\\\/GAIDAPHOTOS-COM.jpg?fit=160%2C96&ssl=1\",\"contentUrl\":\"https:\\\/\\\/i0.wp.com\\\/www.gaidaphotos.com\\\/blog\\\/wp-content\\\/uploads\\\/2020\\\/07\\\/GAIDAPHOTOS-COM.jpg?fit=160%2C96&ssl=1\",\"width\":160,\"height\":96,\"caption\":\"gaidaphotos\"},\"image\":{\"@id\":\"https:\\\/\\\/www.gaidaphotos.com\\\/blog\\\/#\\\/schema\\\/logo\\\/image\\\/\"},\"sameAs\":[\"https:\\\/\\\/www.facebook.com\\\/Koeln.Rodenkirchen\",\"https:\\\/\\\/x.com\\\/gaidaphotos\",\"https:\\\/\\\/instagram.com\\\/gaidaphotos\\\/\",\"https:\\\/\\\/de.linkedin.com\\\/in\\\/gaidaphotos\",\"https:\\\/\\\/myspace.com\\\/gaidaphotos\",\"https:\\\/\\\/www.pinterest.com\\\/gaidaphotos\\\/\",\"https:\\\/\\\/www.youtube.com\\\/user\\\/gaidaphotos\"]},{\"@type\":\"Person\",\"@id\":\"https:\\\/\\\/www.gaidaphotos.com\\\/blog\\\/#\\\/schema\\\/person\\\/6c444a5b13ffc503c5c32f5a9ec68b21\",\"name\":\"Thomas\",\"sameAs\":[\"https:\\\/\\\/www.gaidaphotos.com\",\"https:\\\/\\\/www.facebook.com\\\/gaidaphotos\",\"https:\\\/\\\/instagram.com\\\/gaidaphotos\\\/\",\"https:\\\/\\\/www.linkedin.com\\\/in\\\/gaidaphotos\",\"http:\\\/\\\/www.pinterest.com\\\/gaidaphotos\\\/\",\"https:\\\/\\\/x.com\\\/gaidaphotos\",\"https:\\\/\\\/myspace.com\\\/gaidaphotos\",\"https:\\\/\\\/www.youtube.com\\\/user\\\/gaidaphotos\",\"https:\\\/\\\/gaidaphotos.tumblr.com\\\/\"]}]}<\/script>\n<!-- \/ Yoast SEO plugin. -->","yoast_head_json":{"title":"Verkaufsoffener Sonntag 26.12.2010 in K\u00f6ln (NRW)?","description":"Verkaufsoffener Sonntag 26.12.2010 in K\u00f6ln (NRW)? - alle verkaufsoffenen Sonntage in K\u00f6ln, Programm. K\u00fcnstler, Angebot, Hinweise","robots":{"index":"noindex","follow":"follow"},"og_locale":"de_DE","og_type":"article","og_title":"Verkaufsoffener Sonntag 26.12.2010 in K\u00f6ln (NRW)?","og_description":"Verkaufsoffener Sonntag 26.12.2010 in K\u00f6ln (NRW)? - alle verkaufsoffenen Sonntage in K\u00f6ln, Programm. K\u00fcnstler, Angebot, Hinweise","og_url":"https:\/\/www.gaidaphotos.com\/blog\/2010\/12\/24\/verkaufsoffener-sonntag-26-12-2010-koeln-nrw\/","og_site_name":"K\u00f6ln Rodenkirchen und die Welt","article_publisher":"https:\/\/www.facebook.com\/Koeln.Rodenkirchen","article_author":"https:\/\/www.facebook.com\/gaidaphotos","article_published_time":"2010-12-24T07:00:05+00:00","article_modified_time":"2012-01-05T15:28:44+00:00","og_image":[{"url":"https:\/\/www.gaidaphotos.com\/blog\/\/wp-content\/uploads\/fotos\/weihnachtsgruesse-neujahrsgruesse.jpg","type":"","width":"","height":""}],"author":"Thomas","twitter_card":"summary_large_image","twitter_creator":"@gaidaphotos","twitter_site":"@gaidaphotos","twitter_misc":{"Verfasst von":"Thomas","Gesch\u00e4tzte Lesezeit":"1\u00a0Minute"},"schema":{"@context":"https:\/\/schema.org","@graph":[{"@type":"Article","@id":"https:\/\/www.gaidaphotos.com\/blog\/2010\/12\/24\/verkaufsoffener-sonntag-26-12-2010-koeln-nrw\/#article","isPartOf":{"@id":"https:\/\/www.gaidaphotos.com\/blog\/2010\/12\/24\/verkaufsoffener-sonntag-26-12-2010-koeln-nrw\/"},"author":{"name":"Thomas","@id":"https:\/\/www.gaidaphotos.com\/blog\/#\/schema\/person\/6c444a5b13ffc503c5c32f5a9ec68b21"},"headline":"Verkaufsoffener Sonntag 26.12.2010 in K\u00f6ln (NRW)?","datePublished":"2010-12-24T07:00:05+00:00","dateModified":"2012-01-05T15:28:44+00:00","mainEntityOfPage":{"@id":"https:\/\/www.gaidaphotos.com\/blog\/2010\/12\/24\/verkaufsoffener-sonntag-26-12-2010-koeln-nrw\/"},"wordCount":193,"commentCount":1,"publisher":{"@id":"https:\/\/www.gaidaphotos.com\/blog\/#organization"},"image":{"@id":"https:\/\/www.gaidaphotos.com\/blog\/2010\/12\/24\/verkaufsoffener-sonntag-26-12-2010-koeln-nrw\/#primaryimage"},"thumbnailUrl":"https:\/\/www.gaidaphotos.com\/blog\/\/wp-content\/uploads\/fotos\/weihnachtsgruesse-neujahrsgruesse.jpg","articleSection":["Verkaufsoffener Sonntag K\u00f6ln NRW"],"inLanguage":"de","potentialAction":[{"@type":"CommentAction","name":"Comment","target":["https:\/\/www.gaidaphotos.com\/blog\/2010\/12\/24\/verkaufsoffener-sonntag-26-12-2010-koeln-nrw\/#respond"]}]},{"@type":"WebPage","@id":"https:\/\/www.gaidaphotos.com\/blog\/2010\/12\/24\/verkaufsoffener-sonntag-26-12-2010-koeln-nrw\/","url":"https:\/\/www.gaidaphotos.com\/blog\/2010\/12\/24\/verkaufsoffener-sonntag-26-12-2010-koeln-nrw\/","name":"Verkaufsoffener Sonntag 26.12.2010 in K\u00f6ln (NRW)?","isPartOf":{"@id":"https:\/\/www.gaidaphotos.com\/blog\/#website"},"primaryImageOfPage":{"@id":"https:\/\/www.gaidaphotos.com\/blog\/2010\/12\/24\/verkaufsoffener-sonntag-26-12-2010-koeln-nrw\/#primaryimage"},"image":{"@id":"https:\/\/www.gaidaphotos.com\/blog\/2010\/12\/24\/verkaufsoffener-sonntag-26-12-2010-koeln-nrw\/#primaryimage"},"thumbnailUrl":"https:\/\/www.gaidaphotos.com\/blog\/\/wp-content\/uploads\/fotos\/weihnachtsgruesse-neujahrsgruesse.jpg","datePublished":"2010-12-24T07:00:05+00:00","dateModified":"2012-01-05T15:28:44+00:00","description":"Verkaufsoffener Sonntag 26.12.2010 in K\u00f6ln (NRW)? - alle verkaufsoffenen Sonntage in K\u00f6ln, Programm. K\u00fcnstler, Angebot, Hinweise","breadcrumb":{"@id":"https:\/\/www.gaidaphotos.com\/blog\/2010\/12\/24\/verkaufsoffener-sonntag-26-12-2010-koeln-nrw\/#breadcrumb"},"inLanguage":"de","potentialAction":[{"@type":"ReadAction","target":["https:\/\/www.gaidaphotos.com\/blog\/2010\/12\/24\/verkaufsoffener-sonntag-26-12-2010-koeln-nrw\/"]}]},{"@type":"ImageObject","inLanguage":"de","@id":"https:\/\/www.gaidaphotos.com\/blog\/2010\/12\/24\/verkaufsoffener-sonntag-26-12-2010-koeln-nrw\/#primaryimage","url":"https:\/\/www.gaidaphotos.com\/blog\/\/wp-content\/uploads\/fotos\/weihnachtsgruesse-neujahrsgruesse.jpg","contentUrl":"https:\/\/www.gaidaphotos.com\/blog\/\/wp-content\/uploads\/fotos\/weihnachtsgruesse-neujahrsgruesse.jpg"},{"@type":"BreadcrumbList","@id":"https:\/\/www.gaidaphotos.com\/blog\/2010\/12\/24\/verkaufsoffener-sonntag-26-12-2010-koeln-nrw\/#breadcrumb","itemListElement":[{"@type":"ListItem","position":1,"name":"Startseite","item":"https:\/\/www.gaidaphotos.com\/blog\/"},{"@type":"ListItem","position":2,"name":"Verkaufsoffener Sonntag 26.12.2010 in K\u00f6ln (NRW)?"}]},{"@type":"WebSite","@id":"https:\/\/www.gaidaphotos.com\/blog\/#website","url":"https:\/\/www.gaidaphotos.com\/blog\/","name":"K\u00f6ln Rodenkirchen und die Welt","description":"Einkaufen, Restaurants, Freizeit, Nachrichten und was uns sonst bewegt und begegnet","publisher":{"@id":"https:\/\/www.gaidaphotos.com\/blog\/#organization"},"potentialAction":[{"@type":"SearchAction","target":{"@type":"EntryPoint","urlTemplate":"https:\/\/www.gaidaphotos.com\/blog\/?s={search_term_string}"},"query-input":{"@type":"PropertyValueSpecification","valueRequired":true,"valueName":"search_term_string"}}],"inLanguage":"de"},{"@type":"Organization","@id":"https:\/\/www.gaidaphotos.com\/blog\/#organization","name":"gaidaphotos","url":"https:\/\/www.gaidaphotos.com\/blog\/","logo":{"@type":"ImageObject","inLanguage":"de","@id":"https:\/\/www.gaidaphotos.com\/blog\/#\/schema\/logo\/image\/","url":"https:\/\/i0.wp.com\/www.gaidaphotos.com\/blog\/wp-content\/uploads\/2020\/07\/GAIDAPHOTOS-COM.jpg?fit=160%2C96&ssl=1","contentUrl":"https:\/\/i0.wp.com\/www.gaidaphotos.com\/blog\/wp-content\/uploads\/2020\/07\/GAIDAPHOTOS-COM.jpg?fit=160%2C96&ssl=1","width":160,"height":96,"caption":"gaidaphotos"},"image":{"@id":"https:\/\/www.gaidaphotos.com\/blog\/#\/schema\/logo\/image\/"},"sameAs":["https:\/\/www.facebook.com\/Koeln.Rodenkirchen","https:\/\/x.com\/gaidaphotos","https:\/\/instagram.com\/gaidaphotos\/","https:\/\/de.linkedin.com\/in\/gaidaphotos","https:\/\/myspace.com\/gaidaphotos","https:\/\/www.pinterest.com\/gaidaphotos\/","https:\/\/www.youtube.com\/user\/gaidaphotos"]},{"@type":"Person","@id":"https:\/\/www.gaidaphotos.com\/blog\/#\/schema\/person\/6c444a5b13ffc503c5c32f5a9ec68b21","name":"Thomas","sameAs":["https:\/\/www.gaidaphotos.com","https:\/\/www.facebook.com\/gaidaphotos","https:\/\/instagram.com\/gaidaphotos\/","https:\/\/www.linkedin.com\/in\/gaidaphotos","http:\/\/www.pinterest.com\/gaidaphotos\/","https:\/\/x.com\/gaidaphotos","https:\/\/myspace.com\/gaidaphotos","https:\/\/www.youtube.com\/user\/gaidaphotos","https:\/\/gaidaphotos.tumblr.com\/"]}]}},"jetpack_publicize_connections":[],"jetpack_featured_media_url":"","jetpack_sharing_enabled":true,"jetpack_likes_enabled":true,"jetpack-related-posts":[{"id":3442,"url":"https:\/\/www.gaidaphotos.com\/blog\/2010\/11\/22\/verkaufsoffener-sonntag-05-11-2010-koeln\/","url_meta":{"origin":3468,"position":0},"title":"Verkaufsoffener Sonntag 28.11.2010 in K\u00f6ln Innenstadt, NRW","author":"Thomas","date":"22. November 2010","format":false,"excerpt":"Verkaufsoffener Sonntag 05.11.2010 in K\u00f6ln-Innenstadt Am 28.11.2010 ist in K\u00f6ln Innenstadt verkaufsoffener Sonntag. Der verkaufsoffene Sonntag in der K\u00f6lner Innenstadt zwischen Dom und Ringen braucht kein besonderes Program, um viele Kunden und Besucher anzuziehen. Die gro\u00dfen Gesch\u00e4fte in Hohe Stra\u00dfe, Schildergasse, Breite Stra\u00dfe, Mittelstra\u00dfe und die vielen kleinen Gesch\u00e4fte und\u2026","rel":"","context":"In &quot;Verkaufsoffener Sonntag K\u00f6ln NRW&quot;","block_context":{"text":"Verkaufsoffener Sonntag K\u00f6ln NRW","link":"https:\/\/www.gaidaphotos.com\/blog\/category\/kalender-archiv\/verkaufsoffener-sonntag-koln-nrw\/"},"img":{"alt_text":"","src":"","width":0,"height":0},"classes":[]},{"id":3467,"url":"https:\/\/www.gaidaphotos.com\/blog\/2010\/12\/13\/verkaufsoffener-sonntag-19-12-2010-koeln-nrw\/","url_meta":{"origin":3468,"position":1},"title":"Verkaufsoffener Sonntag 19.12.2010 in K\u00f6ln (NRW)?","author":"Thomas","date":"13. Dezember 2010","format":false,"excerpt":"Verkaufsoffener Sonntag 19.12.2010 in K\u00f6ln? In welchem K\u00f6lner Veedel oder Stadteil sind am 19.12.2010 die Gesch\u00e4fte ge\u00f6ffnet (verkaufsoffener Sonntag)? Wir sagen Ihnen nicht nur wo sondern auch was am verkaufsoffenen Sonntag in K\u00f6ln alles geboten wird. Begleitprogramm zum verkaufsoffenen Sonnatg in K\u00f6ln mit K\u00fcnstlern und allen anderen Informationen rund um\u2026","rel":"","context":"In &quot;Verkaufsoffener Sonntag K\u00f6ln NRW&quot;","block_context":{"text":"Verkaufsoffener Sonntag K\u00f6ln NRW","link":"https:\/\/www.gaidaphotos.com\/blog\/category\/kalender-archiv\/verkaufsoffener-sonntag-koln-nrw\/"},"img":{"alt_text":"","src":"","width":0,"height":0},"classes":[]},{"id":5215,"url":"https:\/\/www.gaidaphotos.com\/blog\/2012\/11\/26\/02-12-2012-verkaufsoffener-sonntag-nikolausmarkt\/","url_meta":{"origin":3468,"position":2},"title":"02.12.2012 verkaufsoffener Sonntag und Nikolausmarkt","author":"Thomas","date":"26. November 2012","format":false,"excerpt":"1. Adventssonntag 02.12.2012: verkaufsoffener Sonntag Nach einer langen Trockenzeit gibt es endlich wieder verkaufsoffene Sonntage in K\u00f6ln. Nach Karnevalsbeginn (11.11.) und zwei \"ruhigen\" Feiertagen, Volkstrauertag und Totensonntag, darf endlich wieder in K\u00f6ln am Sonntag eingekauft werden. Und verkaufsoffene Sonntage sind jetzt dringend erforderlich, denn in 3 Wochen ist Weihnachten und\u2026","rel":"","context":"In &quot;Verkaufsoffener Sonntag K\u00f6ln NRW&quot;","block_context":{"text":"Verkaufsoffener Sonntag K\u00f6ln NRW","link":"https:\/\/www.gaidaphotos.com\/blog\/category\/kalender-archiv\/verkaufsoffener-sonntag-koln-nrw\/"},"img":{"alt_text":"","src":"https:\/\/www.gaidaphotos.com\/blog\/wp-content\/uploads\/2020\/08\/nggallery_import\/117_","width":350,"height":200},"classes":[]},{"id":3819,"url":"https:\/\/www.gaidaphotos.com\/blog\/2011\/11\/23\/verkaufsoffener-sonntag-weihnachtsmarkt-27-11-2011-in-koln\/","url_meta":{"origin":3468,"position":3},"title":"Verkaufsoffener Sonntag &#038; Weihnachtsmarkt 27.11.2011 in K\u00f6ln","author":"Thomas","date":"23. November 2011","format":false,"excerpt":"Weihnachtsmarkt und verkaufsoffener Sonntag Es wird Zeit Weihnachtsgeschenke zu kaufen. In weniger als einem Monat ist Weihnachten. Und so haben am 1. Advent nicht nur die K\u00f6lner Weihnachtsm\u00e4rkte ge\u00f6ffnet sondern auch die Gesch\u00e4fte in der K\u00f6lner Innenstadt, K\u00f6ln Agnesviertel und K\u00f6ln H\u00f6henhaus. Am meisten wird sicher in der Innenstadt geboten.\u2026","rel":"","context":"In &quot;K\u00f6ln&quot;","block_context":{"text":"K\u00f6ln","link":"https:\/\/www.gaidaphotos.com\/blog\/category\/koeln\/"},"img":{"alt_text":"","src":"https:\/\/www.gaidaphotos.com\/blog\/wp-content\/uploads\/2020\/08\/nggallery_import\/105_","width":350,"height":200,"srcset":"https:\/\/www.gaidaphotos.com\/blog\/wp-content\/uploads\/2020\/08\/nggallery_import\/105_ 1x, https:\/\/www.gaidaphotos.com\/blog\/wp-content\/uploads\/2020\/08\/nggallery_import\/105_ 1.5x, https:\/\/www.gaidaphotos.com\/blog\/wp-content\/uploads\/2020\/08\/nggallery_import\/105_ 2x"},"classes":[]},{"id":3393,"url":"https:\/\/www.gaidaphotos.com\/blog\/2010\/10\/24\/verkaufsoffener-sonntag-31-10-2010-in-koln-nrw\/","url_meta":{"origin":3468,"position":4},"title":"Verkaufsoffener Sonntag 31.10.2010 in K\u00f6ln.Innenstadt, NRW","author":"Thomas","date":"24. Oktober 2010","format":false,"excerpt":"Verkaufsoffener Sonntag 31.10.2010 in K\u00f6ln-Innenstadt Am 31.10.2010 ist in K\u00f6ln Innenstadt verkaufsoffener Sonntag. Der verkaufsoffene Sonntag in der K\u00f6lner Innenstadt zwischen Dom und Ringen braucht kein besonderes Program, um viele Kunden und Besucher anzuziehen. Die gro\u00dfen Gesch\u00e4fte in Hohe Stra\u00dfe, Schildergasse, Breite Stra\u00dfe, Mittelstra\u00dfe und die vielen kleinen Gesch\u00e4fte und\u2026","rel":"","context":"In &quot;K\u00f6ln&quot;","block_context":{"text":"K\u00f6ln","link":"https:\/\/www.gaidaphotos.com\/blog\/category\/koeln\/"},"img":{"alt_text":"","src":"","width":0,"height":0},"classes":[]},{"id":3489,"url":"https:\/\/www.gaidaphotos.com\/blog\/2011\/01\/12\/verkaufsoffener-sonntag-16-1-2011-in-koeln-nrw\/","url_meta":{"origin":3468,"position":5},"title":"Verkaufsoffener Sonntag 16.1.2011 in K\u00f6ln (NRW)?","author":"Thomas","date":"12. Januar 2011","format":false,"excerpt":"Verkaufsoffener Sonntag 16.1.2011 in K\u00f6ln (NRW)?? In welchem K\u00f6lner Veedel oder Stadteil sind am 16.1.2011 die Gesch\u00e4fte ge\u00f6ffnet (verkaufsoffener Sonntag)? Wir sagen Ihnen nicht nur wo sondern auch was am verkaufsoffenen Sonntag in K\u00f6ln alles geboten wird. Begleitprogramm zum verkaufsoffenen Sonnatg in K\u00f6ln mit K\u00fcnstlern und allen anderen Informationen rund\u2026","rel":"","context":"In &quot;Verkaufsoffener Sonntag K\u00f6ln NRW&quot;","block_context":{"text":"Verkaufsoffener Sonntag K\u00f6ln NRW","link":"https:\/\/www.gaidaphotos.com\/blog\/category\/kalender-archiv\/verkaufsoffener-sonntag-koln-nrw\/"},"img":{"alt_text":"","src":"","width":0,"height":0},"classes":[]}],"_links":{"self":[{"href":"https:\/\/www.gaidaphotos.com\/blog\/wp-json\/wp\/v2\/posts\/3468","targetHints":{"allow":["GET"]}}],"collection":[{"href":"https:\/\/www.gaidaphotos.com\/blog\/wp-json\/wp\/v2\/posts"}],"about":[{"href":"https:\/\/www.gaidaphotos.com\/blog\/wp-json\/wp\/v2\/types\/post"}],"author":[{"embeddable":true,"href":"https:\/\/www.gaidaphotos.com\/blog\/wp-json\/wp\/v2\/users\/6"}],"replies":[{"embeddable":true,"href":"https:\/\/www.gaidaphotos.com\/blog\/wp-json\/wp\/v2\/comments?post=3468"}],"version-history":[{"count":0,"href":"https:\/\/www.gaidaphotos.com\/blog\/wp-json\/wp\/v2\/posts\/3468\/revisions"}],"wp:attachment":[{"href":"https:\/\/www.gaidaphotos.com\/blog\/wp-json\/wp\/v2\/media?parent=3468"}],"wp:term":[{"taxonomy":"category","embeddable":true,"href":"https:\/\/www.gaidaphotos.com\/blog\/wp-json\/wp\/v2\/categories?post=3468"},{"taxonomy":"post_tag","embeddable":true,"href":"https:\/\/www.gaidaphotos.com\/blog\/wp-json\/wp\/v2\/tags?post=3468"}],"curies":[{"name":"wp","href":"https:\/\/api.w.org\/{rel}","templated":true}]}}