{"id":3470,"date":"2010-12-05T17:03:55","date_gmt":"2010-12-05T16:03:55","guid":{"rendered":"http:\/\/gaidaphotos.com\/blog\/?p=3470"},"modified":"2010-12-05T17:05:55","modified_gmt":"2010-12-05T16:05:55","slug":"nikolausfest-2010-koeln-rodenkirchen-bilder","status":"publish","type":"post","link":"https:\/\/www.gaidaphotos.com\/blog\/2010\/12\/05\/nikolausfest-2010-koeln-rodenkirchen-bilder\/","title":{"rendered":"Nikolausfest 2010 in K\u00f6ln Rodenkirchen: Bilder, Bilder, Bilder"},"content":{"rendered":"<h2>Nikolausfest 2010 in K\u00f6ln Rodenkirchen: Bilder, Bilder, Bilder<\/h2>\n<p><figure style=\"width: 400px\" class=\"wp-caption alignright\"> ngg_shortcode_0_placeholder <figcaption class=\"wp-caption-text\">Nikolausfest 2010 in K\u00f6ln Rodenkirchen: Bilder, Bilder, Bilder<\/figcaption><\/figure><br \/>\n<strong><br \/>\nAktuelle Bilder vom Nikolausfest 2010 in K\u00f6ln Rodenkirchen.<\/strong><\/p>\n<p>Trotz Schneeregen und Temperaturen knapp \u00fcber Null lie\u00dfen es sich die Rodenkirchener auch in diesem Jahr nicht nehmen auf dem Maternusplatz ein Nikolausfest mit Weihnachtsmarkt zu feiern. Leider beschr\u00e4nkte sich der Weihnachtsmarkt auf Gl\u00fchwein und \u00e4hnliche vorweihnachtliche Gen\u00fcsse. Verkaufsst\u00e4nde waren keine zu finden.<br \/>\nRodenkirchener B\u00fcrger (die Veranstalter sprechen wohl ausdr\u00fccklich nicht von &#8222;K\u00fcnstlern&#8220;) sorgten f\u00fcr Unterhaltung und die Familien und Freunde f\u00fcr weitere Besucher.<\/p>\n<figure style=\"width: 400px\" class=\"wp-caption alignright\"> ngg_shortcode_1_placeholder <figcaption class=\"wp-caption-text\">Nikolausfest 2010 in K\u00f6ln Rodenkirchen: Bilder, Bilder, Bilder<\/figcaption><\/figure>\n<p>Der verkaufsoffene Sonntag war nach Aussage von ans\u00e4ssigen Gesch\u00e4ftsleuten nicht der Bringer. Kein Wunder, denn in 11 weiteren Stadtteilen fand heute ein verkaufsoffener Sonntag und\/oder ein Weihnachtsmarkt statt. Insbesonder Ikea in Godorf und Das City-Center in Kalk waren wohl die gro\u00dfen Magneten f\u00fcr Schopping-Lustige.<\/p>\n<figure style=\"width: 400px\" class=\"wp-caption alignright\"> ngg_shortcode_2_placeholder <figcaption class=\"wp-caption-text\">Nikolausfest 2010 in K\u00f6ln Rodenkirchen: Bilder, Bilder, Bilder<\/figcaption><\/figure>\n<p>Hoffentlich fanden die Besucher dennoch Geschenkideen in Rodenkirchen und lassen ein wenig Geld in den kommenden Tagen und Wochen im Ort.<\/p>\n<figure style=\"width: 400px\" class=\"wp-caption alignright\"> ngg_shortcode_3_placeholder <figcaption class=\"wp-caption-text\">Nikolausfest 2010 in K\u00f6ln Rodenkirchen: Bilder, Bilder, Bilder<\/figcaption><\/figure>\n","protected":false},"excerpt":{"rendered":"<p>Nikolausfest 2010 in K\u00f6ln Rodenkirchen: Bilder, Bilder, Bilder Aktuelle Bilder vom Nikolausfest 2010 in K\u00f6ln Rodenkirchen. Trotz Schneeregen und Temperaturen<\/p>\n","protected":false},"author":6,"featured_media":0,"comment_status":"open","ping_status":"open","sticky":false,"template":"","format":"standard","meta":{"_crdt_document":"","ngg_post_thumbnail":0,"jetpack_post_was_ever_published":false,"_jetpack_newsletter_access":"","_jetpack_dont_email_post_to_subs":false,"_jetpack_newsletter_tier_id":0,"_jetpack_memberships_contains_paywalled_content":false,"_jetpack_memberships_contains_paid_content":false,"footnotes":"","jetpack_publicize_message":"","jetpack_publicize_feature_enabled":true,"jetpack_social_post_already_shared":false,"jetpack_social_options":{"image_generator_settings":{"template":"highway","default_image_id":0,"font":"","enabled":false},"version":2}},"categories":[89,101,135],"tags":[538,536],"class_list":["post-3470","post","type-post","status-publish","format-standard","hentry","category-koeln-rodenkirchen-einkaufen","category-koeln-rodenkirchen-freizeit","category-koeln_rodenkirchen-fotos","tag-koeln-rodenkirchen","tag-weihnachten"],"yoast_head":"<!-- This site is optimized with the Yoast SEO plugin v27.5 - https:\/\/yoast.com\/product\/yoast-seo-wordpress\/ -->\n<title>Nikolausfest 2010 in K\u00f6ln Rodenkirchen: Bilder, Bilder, Bilder<\/title>\n<meta name=\"description\" content=\"Bilder und Bericht vom Nikolausfest 2010 in K\u00f6ln Rodenkirchen:\" \/>\n<meta name=\"robots\" content=\"index, follow, max-snippet:-1, max-image-preview:large, max-video-preview:-1\" \/>\n<link rel=\"canonical\" href=\"https:\/\/www.gaidaphotos.com\/blog\/2010\/12\/05\/nikolausfest-2010-koeln-rodenkirchen-bilder\/\" \/>\n<meta property=\"og:locale\" content=\"de_DE\" \/>\n<meta property=\"og:type\" content=\"article\" \/>\n<meta property=\"og:title\" content=\"Nikolausfest 2010 in K\u00f6ln Rodenkirchen: Bilder, Bilder, Bilder\" \/>\n<meta property=\"og:description\" content=\"Bilder und Bericht vom Nikolausfest 2010 in K\u00f6ln Rodenkirchen:\" \/>\n<meta property=\"og:url\" content=\"https:\/\/www.gaidaphotos.com\/blog\/2010\/12\/05\/nikolausfest-2010-koeln-rodenkirchen-bilder\/\" \/>\n<meta property=\"og:site_name\" content=\"K\u00f6ln Rodenkirchen und die Welt\" \/>\n<meta property=\"article:publisher\" content=\"https:\/\/www.facebook.com\/Koeln.Rodenkirchen\" \/>\n<meta property=\"article:author\" content=\"https:\/\/www.facebook.com\/gaidaphotos\" \/>\n<meta property=\"article:published_time\" content=\"2010-12-05T16:03:55+00:00\" \/>\n<meta property=\"article:modified_time\" content=\"2010-12-05T16:05:55+00:00\" \/>\n<meta name=\"author\" content=\"Thomas\" \/>\n<meta name=\"twitter:card\" content=\"summary_large_image\" \/>\n<meta name=\"twitter:creator\" content=\"@gaidaphotos\" \/>\n<meta name=\"twitter:site\" content=\"@gaidaphotos\" \/>\n<meta name=\"twitter:label1\" content=\"Verfasst von\" \/>\n\t<meta name=\"twitter:data1\" content=\"Thomas\" \/>\n\t<meta name=\"twitter:label2\" content=\"Gesch\u00e4tzte Lesezeit\" \/>\n\t<meta name=\"twitter:data2\" content=\"1\u00a0Minute\" \/>\n<script type=\"application\/ld+json\" class=\"yoast-schema-graph\">{\"@context\":\"https:\\\/\\\/schema.org\",\"@graph\":[{\"@type\":\"Article\",\"@id\":\"https:\\\/\\\/www.gaidaphotos.com\\\/blog\\\/2010\\\/12\\\/05\\\/nikolausfest-2010-koeln-rodenkirchen-bilder\\\/#article\",\"isPartOf\":{\"@id\":\"https:\\\/\\\/www.gaidaphotos.com\\\/blog\\\/2010\\\/12\\\/05\\\/nikolausfest-2010-koeln-rodenkirchen-bilder\\\/\"},\"author\":{\"name\":\"Thomas\",\"@id\":\"https:\\\/\\\/www.gaidaphotos.com\\\/blog\\\/#\\\/schema\\\/person\\\/6c444a5b13ffc503c5c32f5a9ec68b21\"},\"headline\":\"Nikolausfest 2010 in K\u00f6ln Rodenkirchen: Bilder, Bilder, Bilder\",\"datePublished\":\"2010-12-05T16:03:55+00:00\",\"dateModified\":\"2010-12-05T16:05:55+00:00\",\"mainEntityOfPage\":{\"@id\":\"https:\\\/\\\/www.gaidaphotos.com\\\/blog\\\/2010\\\/12\\\/05\\\/nikolausfest-2010-koeln-rodenkirchen-bilder\\\/\"},\"wordCount\":243,\"commentCount\":2,\"publisher\":{\"@id\":\"https:\\\/\\\/www.gaidaphotos.com\\\/blog\\\/#organization\"},\"keywords\":[\"K\u00f6ln Rodenkirchen\",\"Weihnachten\"],\"articleSection\":[\"K\u00f6ln Rodenkirchen Einkaufen\",\"K\u00f6ln Rodenkirchen Freizeit\",\"K\u00f6ln-Rodenkirchen Fotos\"],\"inLanguage\":\"de\",\"potentialAction\":[{\"@type\":\"CommentAction\",\"name\":\"Comment\",\"target\":[\"https:\\\/\\\/www.gaidaphotos.com\\\/blog\\\/2010\\\/12\\\/05\\\/nikolausfest-2010-koeln-rodenkirchen-bilder\\\/#respond\"]}]},{\"@type\":\"WebPage\",\"@id\":\"https:\\\/\\\/www.gaidaphotos.com\\\/blog\\\/2010\\\/12\\\/05\\\/nikolausfest-2010-koeln-rodenkirchen-bilder\\\/\",\"url\":\"https:\\\/\\\/www.gaidaphotos.com\\\/blog\\\/2010\\\/12\\\/05\\\/nikolausfest-2010-koeln-rodenkirchen-bilder\\\/\",\"name\":\"Nikolausfest 2010 in K\u00f6ln Rodenkirchen: Bilder, Bilder, Bilder\",\"isPartOf\":{\"@id\":\"https:\\\/\\\/www.gaidaphotos.com\\\/blog\\\/#website\"},\"datePublished\":\"2010-12-05T16:03:55+00:00\",\"dateModified\":\"2010-12-05T16:05:55+00:00\",\"description\":\"Bilder und Bericht vom Nikolausfest 2010 in K\u00f6ln Rodenkirchen:\",\"breadcrumb\":{\"@id\":\"https:\\\/\\\/www.gaidaphotos.com\\\/blog\\\/2010\\\/12\\\/05\\\/nikolausfest-2010-koeln-rodenkirchen-bilder\\\/#breadcrumb\"},\"inLanguage\":\"de\",\"potentialAction\":[{\"@type\":\"ReadAction\",\"target\":[\"https:\\\/\\\/www.gaidaphotos.com\\\/blog\\\/2010\\\/12\\\/05\\\/nikolausfest-2010-koeln-rodenkirchen-bilder\\\/\"]}]},{\"@type\":\"BreadcrumbList\",\"@id\":\"https:\\\/\\\/www.gaidaphotos.com\\\/blog\\\/2010\\\/12\\\/05\\\/nikolausfest-2010-koeln-rodenkirchen-bilder\\\/#breadcrumb\",\"itemListElement\":[{\"@type\":\"ListItem\",\"position\":1,\"name\":\"Startseite\",\"item\":\"https:\\\/\\\/www.gaidaphotos.com\\\/blog\\\/\"},{\"@type\":\"ListItem\",\"position\":2,\"name\":\"Nikolausfest 2010 in K\u00f6ln Rodenkirchen: Bilder, Bilder, Bilder\"}]},{\"@type\":\"WebSite\",\"@id\":\"https:\\\/\\\/www.gaidaphotos.com\\\/blog\\\/#website\",\"url\":\"https:\\\/\\\/www.gaidaphotos.com\\\/blog\\\/\",\"name\":\"K\u00f6ln Rodenkirchen und die Welt\",\"description\":\"Einkaufen, Restaurants, Freizeit, Nachrichten und was uns sonst bewegt und begegnet\",\"publisher\":{\"@id\":\"https:\\\/\\\/www.gaidaphotos.com\\\/blog\\\/#organization\"},\"potentialAction\":[{\"@type\":\"SearchAction\",\"target\":{\"@type\":\"EntryPoint\",\"urlTemplate\":\"https:\\\/\\\/www.gaidaphotos.com\\\/blog\\\/?s={search_term_string}\"},\"query-input\":{\"@type\":\"PropertyValueSpecification\",\"valueRequired\":true,\"valueName\":\"search_term_string\"}}],\"inLanguage\":\"de\"},{\"@type\":\"Organization\",\"@id\":\"https:\\\/\\\/www.gaidaphotos.com\\\/blog\\\/#organization\",\"name\":\"gaidaphotos\",\"url\":\"https:\\\/\\\/www.gaidaphotos.com\\\/blog\\\/\",\"logo\":{\"@type\":\"ImageObject\",\"inLanguage\":\"de\",\"@id\":\"https:\\\/\\\/www.gaidaphotos.com\\\/blog\\\/#\\\/schema\\\/logo\\\/image\\\/\",\"url\":\"https:\\\/\\\/i0.wp.com\\\/www.gaidaphotos.com\\\/blog\\\/wp-content\\\/uploads\\\/2020\\\/07\\\/GAIDAPHOTOS-COM.jpg?fit=160%2C96&ssl=1\",\"contentUrl\":\"https:\\\/\\\/i0.wp.com\\\/www.gaidaphotos.com\\\/blog\\\/wp-content\\\/uploads\\\/2020\\\/07\\\/GAIDAPHOTOS-COM.jpg?fit=160%2C96&ssl=1\",\"width\":160,\"height\":96,\"caption\":\"gaidaphotos\"},\"image\":{\"@id\":\"https:\\\/\\\/www.gaidaphotos.com\\\/blog\\\/#\\\/schema\\\/logo\\\/image\\\/\"},\"sameAs\":[\"https:\\\/\\\/www.facebook.com\\\/Koeln.Rodenkirchen\",\"https:\\\/\\\/x.com\\\/gaidaphotos\",\"https:\\\/\\\/instagram.com\\\/gaidaphotos\\\/\",\"https:\\\/\\\/de.linkedin.com\\\/in\\\/gaidaphotos\",\"https:\\\/\\\/myspace.com\\\/gaidaphotos\",\"https:\\\/\\\/www.pinterest.com\\\/gaidaphotos\\\/\",\"https:\\\/\\\/www.youtube.com\\\/user\\\/gaidaphotos\"]},{\"@type\":\"Person\",\"@id\":\"https:\\\/\\\/www.gaidaphotos.com\\\/blog\\\/#\\\/schema\\\/person\\\/6c444a5b13ffc503c5c32f5a9ec68b21\",\"name\":\"Thomas\",\"sameAs\":[\"https:\\\/\\\/www.gaidaphotos.com\",\"https:\\\/\\\/www.facebook.com\\\/gaidaphotos\",\"https:\\\/\\\/instagram.com\\\/gaidaphotos\\\/\",\"https:\\\/\\\/www.linkedin.com\\\/in\\\/gaidaphotos\",\"http:\\\/\\\/www.pinterest.com\\\/gaidaphotos\\\/\",\"https:\\\/\\\/x.com\\\/gaidaphotos\",\"https:\\\/\\\/myspace.com\\\/gaidaphotos\",\"https:\\\/\\\/www.youtube.com\\\/user\\\/gaidaphotos\",\"https:\\\/\\\/gaidaphotos.tumblr.com\\\/\"]}]}<\/script>\n<!-- \/ Yoast SEO plugin. -->","yoast_head_json":{"title":"Nikolausfest 2010 in K\u00f6ln Rodenkirchen: Bilder, Bilder, Bilder","description":"Bilder und Bericht vom Nikolausfest 2010 in K\u00f6ln Rodenkirchen:","robots":{"index":"index","follow":"follow","max-snippet":"max-snippet:-1","max-image-preview":"max-image-preview:large","max-video-preview":"max-video-preview:-1"},"canonical":"https:\/\/www.gaidaphotos.com\/blog\/2010\/12\/05\/nikolausfest-2010-koeln-rodenkirchen-bilder\/","og_locale":"de_DE","og_type":"article","og_title":"Nikolausfest 2010 in K\u00f6ln Rodenkirchen: Bilder, Bilder, Bilder","og_description":"Bilder und Bericht vom Nikolausfest 2010 in K\u00f6ln Rodenkirchen:","og_url":"https:\/\/www.gaidaphotos.com\/blog\/2010\/12\/05\/nikolausfest-2010-koeln-rodenkirchen-bilder\/","og_site_name":"K\u00f6ln Rodenkirchen und die Welt","article_publisher":"https:\/\/www.facebook.com\/Koeln.Rodenkirchen","article_author":"https:\/\/www.facebook.com\/gaidaphotos","article_published_time":"2010-12-05T16:03:55+00:00","article_modified_time":"2010-12-05T16:05:55+00:00","author":"Thomas","twitter_card":"summary_large_image","twitter_creator":"@gaidaphotos","twitter_site":"@gaidaphotos","twitter_misc":{"Verfasst von":"Thomas","Gesch\u00e4tzte Lesezeit":"1\u00a0Minute"},"schema":{"@context":"https:\/\/schema.org","@graph":[{"@type":"Article","@id":"https:\/\/www.gaidaphotos.com\/blog\/2010\/12\/05\/nikolausfest-2010-koeln-rodenkirchen-bilder\/#article","isPartOf":{"@id":"https:\/\/www.gaidaphotos.com\/blog\/2010\/12\/05\/nikolausfest-2010-koeln-rodenkirchen-bilder\/"},"author":{"name":"Thomas","@id":"https:\/\/www.gaidaphotos.com\/blog\/#\/schema\/person\/6c444a5b13ffc503c5c32f5a9ec68b21"},"headline":"Nikolausfest 2010 in K\u00f6ln Rodenkirchen: Bilder, Bilder, Bilder","datePublished":"2010-12-05T16:03:55+00:00","dateModified":"2010-12-05T16:05:55+00:00","mainEntityOfPage":{"@id":"https:\/\/www.gaidaphotos.com\/blog\/2010\/12\/05\/nikolausfest-2010-koeln-rodenkirchen-bilder\/"},"wordCount":243,"commentCount":2,"publisher":{"@id":"https:\/\/www.gaidaphotos.com\/blog\/#organization"},"keywords":["K\u00f6ln Rodenkirchen","Weihnachten"],"articleSection":["K\u00f6ln Rodenkirchen Einkaufen","K\u00f6ln Rodenkirchen Freizeit","K\u00f6ln-Rodenkirchen Fotos"],"inLanguage":"de","potentialAction":[{"@type":"CommentAction","name":"Comment","target":["https:\/\/www.gaidaphotos.com\/blog\/2010\/12\/05\/nikolausfest-2010-koeln-rodenkirchen-bilder\/#respond"]}]},{"@type":"WebPage","@id":"https:\/\/www.gaidaphotos.com\/blog\/2010\/12\/05\/nikolausfest-2010-koeln-rodenkirchen-bilder\/","url":"https:\/\/www.gaidaphotos.com\/blog\/2010\/12\/05\/nikolausfest-2010-koeln-rodenkirchen-bilder\/","name":"Nikolausfest 2010 in K\u00f6ln Rodenkirchen: Bilder, Bilder, Bilder","isPartOf":{"@id":"https:\/\/www.gaidaphotos.com\/blog\/#website"},"datePublished":"2010-12-05T16:03:55+00:00","dateModified":"2010-12-05T16:05:55+00:00","description":"Bilder und Bericht vom Nikolausfest 2010 in K\u00f6ln Rodenkirchen:","breadcrumb":{"@id":"https:\/\/www.gaidaphotos.com\/blog\/2010\/12\/05\/nikolausfest-2010-koeln-rodenkirchen-bilder\/#breadcrumb"},"inLanguage":"de","potentialAction":[{"@type":"ReadAction","target":["https:\/\/www.gaidaphotos.com\/blog\/2010\/12\/05\/nikolausfest-2010-koeln-rodenkirchen-bilder\/"]}]},{"@type":"BreadcrumbList","@id":"https:\/\/www.gaidaphotos.com\/blog\/2010\/12\/05\/nikolausfest-2010-koeln-rodenkirchen-bilder\/#breadcrumb","itemListElement":[{"@type":"ListItem","position":1,"name":"Startseite","item":"https:\/\/www.gaidaphotos.com\/blog\/"},{"@type":"ListItem","position":2,"name":"Nikolausfest 2010 in K\u00f6ln Rodenkirchen: Bilder, Bilder, Bilder"}]},{"@type":"WebSite","@id":"https:\/\/www.gaidaphotos.com\/blog\/#website","url":"https:\/\/www.gaidaphotos.com\/blog\/","name":"K\u00f6ln Rodenkirchen und die Welt","description":"Einkaufen, Restaurants, Freizeit, Nachrichten und was uns sonst bewegt und begegnet","publisher":{"@id":"https:\/\/www.gaidaphotos.com\/blog\/#organization"},"potentialAction":[{"@type":"SearchAction","target":{"@type":"EntryPoint","urlTemplate":"https:\/\/www.gaidaphotos.com\/blog\/?s={search_term_string}"},"query-input":{"@type":"PropertyValueSpecification","valueRequired":true,"valueName":"search_term_string"}}],"inLanguage":"de"},{"@type":"Organization","@id":"https:\/\/www.gaidaphotos.com\/blog\/#organization","name":"gaidaphotos","url":"https:\/\/www.gaidaphotos.com\/blog\/","logo":{"@type":"ImageObject","inLanguage":"de","@id":"https:\/\/www.gaidaphotos.com\/blog\/#\/schema\/logo\/image\/","url":"https:\/\/i0.wp.com\/www.gaidaphotos.com\/blog\/wp-content\/uploads\/2020\/07\/GAIDAPHOTOS-COM.jpg?fit=160%2C96&ssl=1","contentUrl":"https:\/\/i0.wp.com\/www.gaidaphotos.com\/blog\/wp-content\/uploads\/2020\/07\/GAIDAPHOTOS-COM.jpg?fit=160%2C96&ssl=1","width":160,"height":96,"caption":"gaidaphotos"},"image":{"@id":"https:\/\/www.gaidaphotos.com\/blog\/#\/schema\/logo\/image\/"},"sameAs":["https:\/\/www.facebook.com\/Koeln.Rodenkirchen","https:\/\/x.com\/gaidaphotos","https:\/\/instagram.com\/gaidaphotos\/","https:\/\/de.linkedin.com\/in\/gaidaphotos","https:\/\/myspace.com\/gaidaphotos","https:\/\/www.pinterest.com\/gaidaphotos\/","https:\/\/www.youtube.com\/user\/gaidaphotos"]},{"@type":"Person","@id":"https:\/\/www.gaidaphotos.com\/blog\/#\/schema\/person\/6c444a5b13ffc503c5c32f5a9ec68b21","name":"Thomas","sameAs":["https:\/\/www.gaidaphotos.com","https:\/\/www.facebook.com\/gaidaphotos","https:\/\/instagram.com\/gaidaphotos\/","https:\/\/www.linkedin.com\/in\/gaidaphotos","http:\/\/www.pinterest.com\/gaidaphotos\/","https:\/\/x.com\/gaidaphotos","https:\/\/myspace.com\/gaidaphotos","https:\/\/www.youtube.com\/user\/gaidaphotos","https:\/\/gaidaphotos.tumblr.com\/"]}]}},"jetpack_publicize_connections":[],"jetpack_featured_media_url":"","jetpack_sharing_enabled":true,"jetpack_likes_enabled":true,"jetpack-related-posts":[{"id":3447,"url":"https:\/\/www.gaidaphotos.com\/blog\/2010\/11\/29\/05-12-2010-verkaufsoffener-sonntag-und-nikolausfest-in-koln-rodenkirchen\/","url_meta":{"origin":3470,"position":0},"title":"05.12.2010 verkaufsoffener Sonntag und Nikolausfest in K\u00f6ln Rodenkirchen","author":"Thomas","date":"29. November 2010","format":false,"excerpt":"05.12.2010 verkaufsoffener Sonntag und Nikolausfest in K\u00f6ln Rodenkirchen Gro\u00dfes Nikolausfest und verkaufsoffener Sonntag am 05.12.2010 in K\u00f6ln Rodenkirchen mit Auftritten Rodenkirchener K\u00fcnstler und gro\u00dfem Weihnachtsmarkt. Am Nachmittag kommt der Nikolaus. Ganz Rodenkirchen schm\u00fcckt sich dazu mit kleinen und 3 gro\u00dfen Weihnachtsb\u00e4umen B\u00fchnenprogramm Nikolausfest in K\u00f6ln-Rodenkirchen am 05.12.2010 Hauptb\u00fchne Maternusplatz 12:00h\u2026","rel":"","context":"In &quot;K\u00f6ln Rodenkirchen Einkaufen&quot;","block_context":{"text":"K\u00f6ln Rodenkirchen Einkaufen","link":"https:\/\/www.gaidaphotos.com\/blog\/category\/koeln-rodenkirchen\/koeln-rodenkirchen-einkaufen\/"},"img":{"alt_text":"","src":"https:\/\/i0.wp.com\/www.gaidaphotos.com\/blog\/wp-content\/uploads\/ngg_featured\/weihnachtsmarkt-koeln-rodenkirchen-maternusplatz.jpg?fit=400%2C267&ssl=1&resize=350%2C200","width":350,"height":200},"classes":[]},{"id":5852,"url":"https:\/\/www.gaidaphotos.com\/blog\/2013\/12\/02\/nikolausfest-krippenweg-in-rodenkirchen-8-12-2013\/","url_meta":{"origin":3470,"position":1},"title":"Nikolausfest, Krippenweg und verkaufsoffener Sonntag in Rodenkirchen &#8211; 08.12.2013","author":"Thomas","date":"2. Dezember 2013","format":false,"excerpt":"Nikolausfest, Weihnachtsmarkt und verkaufsoffener Sonntag am 08.12.2013 Rodenkirchener Krippenweg Der Nikolaus besucht den verkaufsoffenen Sonntag und Weihnachtsmarkt in K\u00f6ln-Rodenkirchen. Im \"Hillige C\u00f6lle\" ist es immer noch der Nikolaus, der als Gabenbringer die Kinder zum Nikolausfest beschenkt und nicht Santa Claus oder gar der Weihnachtsmann. So wurden auch in K\u00f6ln bis\u2026","rel":"","context":"In &quot;K\u00f6ln Rodenkirchen Einkaufen&quot;","block_context":{"text":"K\u00f6ln Rodenkirchen Einkaufen","link":"https:\/\/www.gaidaphotos.com\/blog\/category\/koeln-rodenkirchen\/koeln-rodenkirchen-einkaufen\/"},"img":{"alt_text":"Nikolausfest 2013 in K\u00f6ln-Rodenkirchen","src":"https:\/\/i0.wp.com\/www.gaidaphotos.com\/blog\/wp-content\/uploads\/2013\/12\/rodenkirchen-nikolausfest-2013.jpg?fit=714%2C1000&ssl=1&resize=350%2C200","width":350,"height":200,"srcset":"https:\/\/i0.wp.com\/www.gaidaphotos.com\/blog\/wp-content\/uploads\/2013\/12\/rodenkirchen-nikolausfest-2013.jpg?fit=714%2C1000&ssl=1&resize=350%2C200 1x, https:\/\/i0.wp.com\/www.gaidaphotos.com\/blog\/wp-content\/uploads\/2013\/12\/rodenkirchen-nikolausfest-2013.jpg?fit=714%2C1000&ssl=1&resize=525%2C300 1.5x, https:\/\/i0.wp.com\/www.gaidaphotos.com\/blog\/wp-content\/uploads\/2013\/12\/rodenkirchen-nikolausfest-2013.jpg?fit=714%2C1000&ssl=1&resize=700%2C400 2x"},"classes":[]},{"id":3877,"url":"https:\/\/www.gaidaphotos.com\/blog\/2011\/12\/05\/weihnachtsmarkt-nikolausfest-und-verkaufsoffener-sonntag-am-11-12-12\/","url_meta":{"origin":3470,"position":2},"title":"Weihnachtsmarkt, Nikolausfest und verkaufsoffener Sonntag am 11.12.12 in K\u00f6ln","author":"Thomas","date":"5. Dezember 2011","format":false,"excerpt":"Weihnachtsmarkt, Nikolausfest und verkaufsoffener Sonntag am 11.12.12 Auch am 3. Advent-Sonntag haben Sie wieder jede Menge Gelegenheit in K\u00f6lner Veedeln zu shoppen.. Und so haben am 2. Advent nicht nur die K\u00f6lner Weihnachtsm\u00e4rkte ge\u00f6ffnet sondern auch die Gesch\u00e4fte in 4 Stadtteilen. Und wieder werden Nikolausfeste in K\u00f6ln geboten. Besonders hervorheben\u2026","rel":"","context":"In &quot;Verkaufsoffener Sonntag K\u00f6ln NRW&quot;","block_context":{"text":"Verkaufsoffener Sonntag K\u00f6ln NRW","link":"https:\/\/www.gaidaphotos.com\/blog\/category\/kalender-archiv\/verkaufsoffener-sonntag-koln-nrw\/"},"img":{"alt_text":"","src":"https:\/\/www.gaidaphotos.com\/blog\/wp-content\/uploads\/2020\/08\/nggallery_import\/95_","width":350,"height":200},"classes":[]},{"id":5890,"url":"https:\/\/www.gaidaphotos.com\/blog\/2013\/12\/10\/weihnachtsbaumverkauf-der-feuerwehr-in-rodenkirchen\/","url_meta":{"origin":3470,"position":3},"title":"Weihnachtsbaumverkauf der Feuerwehr in Rodenkirchen","author":"Thomas","date":"10. Dezember 2013","format":false,"excerpt":"Weihnachtsbaumverkauf zum guten Zweck Es ist wieder soweit. Weihnachten droht und wir brauchen einen sch\u00f6nen, frisch geschlagenen Weihnachtsbaum. Wer in Rodenkirchen und Umgebung wohnt hat am Wochenende gleich zwei Gelegenheiten einen Weihnachtsbaum zu kaufen und einen guten Zweck zu unterst\u00fctzen. Zum einen bekommen Sie einen sch\u00f6nen Weihnachtsbaum, frisch geschlagen aus\u2026","rel":"","context":"In &quot;K\u00f6ln Rodenkirchen Einkaufen&quot;","block_context":{"text":"K\u00f6ln Rodenkirchen Einkaufen","link":"https:\/\/www.gaidaphotos.com\/blog\/category\/koeln-rodenkirchen\/koeln-rodenkirchen-einkaufen\/"},"img":{"alt_text":"","src":"https:\/\/i0.wp.com\/www.gaidaphotos.com\/blog\/wp-content\/uploads\/ngg_featured\/rodenkirchen-nikolaus-weihnachtsmarkt-02.jpg?fit=1000%2C667&ssl=1&resize=350%2C200","width":350,"height":200,"srcset":"https:\/\/i0.wp.com\/www.gaidaphotos.com\/blog\/wp-content\/uploads\/ngg_featured\/rodenkirchen-nikolaus-weihnachtsmarkt-02.jpg?fit=1000%2C667&ssl=1&resize=350%2C200 1x, https:\/\/i0.wp.com\/www.gaidaphotos.com\/blog\/wp-content\/uploads\/ngg_featured\/rodenkirchen-nikolaus-weihnachtsmarkt-02.jpg?fit=1000%2C667&ssl=1&resize=525%2C300 1.5x, https:\/\/i0.wp.com\/www.gaidaphotos.com\/blog\/wp-content\/uploads\/ngg_featured\/rodenkirchen-nikolaus-weihnachtsmarkt-02.jpg?fit=1000%2C667&ssl=1&resize=700%2C400 2x"},"classes":[]},{"id":8214,"url":"https:\/\/www.gaidaphotos.com\/blog\/2014\/11\/25\/rodenkirchener-winterzauber-nikolausfest\/","url_meta":{"origin":3470,"position":4},"title":"Rodenkirchener Winterzauber, Nikolausfest","author":"Thomas","date":"25. November 2014","format":false,"excerpt":"Rodenkirchener Winterzauber Der Nikolaus kommt Wie schon in den Vorjahren ist das sch\u00f6ne Rodenkirchen weihnachtlich geschm\u00fcckt. Die Stra\u00dfen erstrahlen im Lichterglanz und vor allen Gesch\u00e4ften stehen kleine, individuell geschm\u00fcckte Weihnachtsb\u00e4ume. Und rechtzeitig zum verkaufsoffenen Sonntag am 07. Dezember kommt auch der Nikolaus wieder nach Rodenkirchen. Nikolausfest und verkaufsoffener Sonntag Am\u2026","rel":"","context":"In &quot;K\u00f6ln Rodenkirchen Einkaufen&quot;","block_context":{"text":"K\u00f6ln Rodenkirchen Einkaufen","link":"https:\/\/www.gaidaphotos.com\/blog\/category\/koeln-rodenkirchen\/koeln-rodenkirchen-einkaufen\/"},"img":{"alt_text":"","src":"https:\/\/i0.wp.com\/www.gaidaphotos.com\/blog\/wp-content\/uploads\/ngg_featured\/nikolaus-santa-claus-weihnachtsmann.jpg?fit=1024%2C683&ssl=1&resize=350%2C200","width":350,"height":200,"srcset":"https:\/\/i0.wp.com\/www.gaidaphotos.com\/blog\/wp-content\/uploads\/ngg_featured\/nikolaus-santa-claus-weihnachtsmann.jpg?fit=1024%2C683&ssl=1&resize=350%2C200 1x, https:\/\/i0.wp.com\/www.gaidaphotos.com\/blog\/wp-content\/uploads\/ngg_featured\/nikolaus-santa-claus-weihnachtsmann.jpg?fit=1024%2C683&ssl=1&resize=525%2C300 1.5x, https:\/\/i0.wp.com\/www.gaidaphotos.com\/blog\/wp-content\/uploads\/ngg_featured\/nikolaus-santa-claus-weihnachtsmann.jpg?fit=1024%2C683&ssl=1&resize=700%2C400 2x"},"classes":[]},{"id":9122,"url":"https:\/\/www.gaidaphotos.com\/blog\/2015\/11\/24\/rodenkirchener-winterzauber-und-verkaufsoffener-sonntag\/","url_meta":{"origin":3470,"position":5},"title":"Rodenkirchener Winterzauber","author":"Thomas","date":"24. November 2015","format":false,"excerpt":"Rodenkirchener Winterzauber und verkaufsoffener Sonntag 3 Tage Weihnachtsmarkt, Schlittschuhbahn und vor-weihnachtliche Unterhaltung auf dem Maternusplatz in Rodenkirchen. Mit gro\u00dfem Weihnachtsprogramm l\u00e4dt die AG Rodenkirchen in diesem Jahr zu einem 4-t\u00e4gigen Weihnachtsmarkt in die Ortsmitte ein. Wenn in K\u00f6ln an allen Ecken und Enden Weihnachtsm\u00e4rkte stehen darf das sch\u00f6ne Rodenkirchen nat\u00fcrlich\u2026","rel":"","context":"In &quot;K\u00f6ln Rodenkirchen Einkaufen&quot;","block_context":{"text":"K\u00f6ln Rodenkirchen Einkaufen","link":"https:\/\/www.gaidaphotos.com\/blog\/category\/koeln-rodenkirchen\/koeln-rodenkirchen-einkaufen\/"},"img":{"alt_text":"","src":"https:\/\/i0.wp.com\/www.gaidaphotos.com\/blog\/wp-content\/uploads\/ngg_featured\/rodenkirchen-winterzauber-02.jpg?fit=1024%2C575&ssl=1&resize=350%2C200","width":350,"height":200,"srcset":"https:\/\/i0.wp.com\/www.gaidaphotos.com\/blog\/wp-content\/uploads\/ngg_featured\/rodenkirchen-winterzauber-02.jpg?fit=1024%2C575&ssl=1&resize=350%2C200 1x, https:\/\/i0.wp.com\/www.gaidaphotos.com\/blog\/wp-content\/uploads\/ngg_featured\/rodenkirchen-winterzauber-02.jpg?fit=1024%2C575&ssl=1&resize=525%2C300 1.5x, https:\/\/i0.wp.com\/www.gaidaphotos.com\/blog\/wp-content\/uploads\/ngg_featured\/rodenkirchen-winterzauber-02.jpg?fit=1024%2C575&ssl=1&resize=700%2C400 2x"},"classes":[]}],"_links":{"self":[{"href":"https:\/\/www.gaidaphotos.com\/blog\/wp-json\/wp\/v2\/posts\/3470","targetHints":{"allow":["GET"]}}],"collection":[{"href":"https:\/\/www.gaidaphotos.com\/blog\/wp-json\/wp\/v2\/posts"}],"about":[{"href":"https:\/\/www.gaidaphotos.com\/blog\/wp-json\/wp\/v2\/types\/post"}],"author":[{"embeddable":true,"href":"https:\/\/www.gaidaphotos.com\/blog\/wp-json\/wp\/v2\/users\/6"}],"replies":[{"embeddable":true,"href":"https:\/\/www.gaidaphotos.com\/blog\/wp-json\/wp\/v2\/comments?post=3470"}],"version-history":[{"count":0,"href":"https:\/\/www.gaidaphotos.com\/blog\/wp-json\/wp\/v2\/posts\/3470\/revisions"}],"wp:attachment":[{"href":"https:\/\/www.gaidaphotos.com\/blog\/wp-json\/wp\/v2\/media?parent=3470"}],"wp:term":[{"taxonomy":"category","embeddable":true,"href":"https:\/\/www.gaidaphotos.com\/blog\/wp-json\/wp\/v2\/categories?post=3470"},{"taxonomy":"post_tag","embeddable":true,"href":"https:\/\/www.gaidaphotos.com\/blog\/wp-json\/wp\/v2\/tags?post=3470"}],"curies":[{"name":"wp","href":"https:\/\/api.w.org\/{rel}","templated":true}]}}