{"id":3474,"date":"2010-12-31T10:52:34","date_gmt":"2010-12-31T09:52:34","guid":{"rendered":"http:\/\/gaidaphotos.com\/blog\/?p=3474"},"modified":"2019-08-27T13:11:46","modified_gmt":"2019-08-27T11:11:46","slug":"verkaufsoffener-sonntag-2-1-2011-in-koeln-nrw","status":"publish","type":"post","link":"https:\/\/www.gaidaphotos.com\/blog\/2010\/12\/31\/verkaufsoffener-sonntag-2-1-2011-in-koeln-nrw\/","title":{"rendered":"Verkaufsoffener Sonntag 2.1.2011 in K\u00f6ln, NRW?"},"content":{"rendered":"<h2>Verkaufsoffener Sonntag 2.1.2010 in K\u00f6ln?<\/h2>\n<p>ngg_shortcode_0_placeholder<br \/>\nverkaufsoffener Sonntag 2.1.2011 in K\u00f6ln?<\/p>\n<h3>In welchem K\u00f6lner Veedel oder Stadteil sind am 2.1.2011 die Gesch\u00e4fte ge\u00f6ffnet (verkaufsoffener Sonntag)?<\/h3>\n<p>Wir sagen Ihnen nicht nur wo sondern auch was am verkaufsoffenen Sonntag in K\u00f6ln alles geboten wird. Begleitprogramm zum verkaufsoffenen Sonnatg in K\u00f6ln mit K\u00fcnstlern und allen anderen Informationen rund um den verkaufsoffenen Sonntag.<\/p>\n<p>Am <strong>2.1.2011<\/strong> ist <strong>K\u00f6ln Porz- Lind\/Wahn\/Wahnheide\/Urbach verkaufsoffener Sonntag<\/strong>.<br \/>\nIn den Stra\u00dfen und Gassen in K\u00f6ln Porz- Lind\/Wahn\/Wahnheide\/Urbach zwischen K\u00f6nigsberger Stra\u00dfe &#8211; Frankfurter Stra\u00dfe &#8211; Bundesautobahn A 59 &#8211; Nietzschestra\u00dfe &#8211; Hermann-L\u00f6ns-Stra\u00dfe &#8211; Kasernen-Gel\u00e4nde &#8211; Gel\u00e4nde des DLR &#8211; s\u00fcdliche Stadtgrenze &#8211; Bahntrasse &#8211; N\u00f6rdlich der Kl\u00e4ranlage &#8211; Nachtigallenstra\u00dfe &#8211; Bundesautobahn A 59 &#8211; Friedensstra\u00dfe &#8211; Friedrich- Hirsch-Stra\u00dfe &#8211; Bahntrasse &#8211; Brucknerstra\u00dfe &#8211; Dorotheenstra\u00dfe k\u00f6nnen Sie am verkaufsoffenen Sonntag 2.1.2011 nach Herzenslust shoppen.<\/p>\n<p><!--?php echo todays_events(); ?--><\/p>\n<p><strong>In Maastricht ist ebenso am 2.1.2011 verkaufsoffener Sonntag<\/strong>, das beliebte Ausweichziel f\u00fcr Einkaufl\u00fcstige hat die Gesch\u00e4fte von 13:00h bis 17.00\/18:00h ge\u00f6ffnet.<br \/>\nMehr zu <a title=\"verkaufsoffener Sonntag\/Feiertag in Maastricht (Holland)\" href=\"https:\/\/www.gaidaphotos.com\/blog\/2010\/12\/31\/verkaufsoffener-sonntag-feiertag-2011-maastricht-holland\/\">verkaufsoffener Sonntag\/Feiertag in Maastricht (Holland)<\/a><\/p>\n<p><!--?php include(\"wp-content\/include\/verkaufsoffener-sonntag.php\"); ?--><br \/>\n<a title=\"Freizeitideen f\u00fcr K\u00f6ln, K\u00f6ln Rodenkirchen und den K\u00f6lner S\u00fcden\" href=\"https:\/\/www.gaidaphotos.com\/blog\/tag\/freizeit\/\">Freizeitideen f\u00fcr K\u00f6ln, K\u00f6ln Rodenkirchen und den K\u00f6lner S\u00fcden.<\/a><\/p>\n<h3>Wir w\u00fcnschen allen Besuchern und Suchenden ein Gutes Neues Jahr<\/h3>\n<p>Alte Postkarten aus K\u00f6ln Rodenkirchen:<br \/>\nFoto oben:<br \/>\nFesttagsw\u00fcnsche aus K\u00f6ln Rodenkirchen aus den fr\u00fchen 50iger Jahren.<\/p>\n<p>Die gezeigten Postkarten stammen aus der Sammlung Karin Ahrens, K\u00f6ln.<\/p>\n","protected":false},"excerpt":{"rendered":"<p>Verkaufsoffener Sonntag 2.1.2010 in K\u00f6ln? verkaufsoffener Sonntag 2.1.2011 in K\u00f6ln? In welchem K\u00f6lner Veedel oder Stadteil sind am 2.1.2011 die<\/p>\n","protected":false},"author":6,"featured_media":0,"comment_status":"open","ping_status":"open","sticky":false,"template":"","format":"standard","meta":{"_crdt_document":"","ngg_post_thumbnail":0,"jetpack_post_was_ever_published":false,"_jetpack_newsletter_access":"","_jetpack_dont_email_post_to_subs":false,"_jetpack_newsletter_tier_id":0,"_jetpack_memberships_contains_paywalled_content":false,"_jetpack_memberships_contains_paid_content":false,"footnotes":"","jetpack_publicize_message":"","jetpack_publicize_feature_enabled":true,"jetpack_social_post_already_shared":false,"jetpack_social_options":{"image_generator_settings":{"template":"highway","default_image_id":0,"font":"","enabled":false},"version":2}},"categories":[178],"tags":[147],"class_list":["post-3474","post","type-post","status-publish","format-standard","hentry","category-verkaufsoffener-sonntag-koln-nrw","tag-verkaufsoffener-sonntag"],"yoast_head":"<!-- This site is optimized with the Yoast SEO plugin v27.5 - https:\/\/yoast.com\/product\/yoast-seo-wordpress\/ -->\n<title>Verkaufsoffener Sonntag 2.01.2011 in K\u00f6ln, NRW?<\/title>\n<meta name=\"description\" content=\"Wo ist in K\u00f6ln am 2.1.2011 verkaufsoffener Sonntag und was wird geboten - Programm, Parken, Verkehr, Hinweise, Alternativen\" \/>\n<meta name=\"robots\" content=\"index, follow, max-snippet:-1, max-image-preview:large, max-video-preview:-1\" \/>\n<link rel=\"canonical\" href=\"https:\/\/www.gaidaphotos.com\/blog\/2010\/12\/31\/verkaufsoffener-sonntag-2-1-2011-in-koeln-nrw\/\" \/>\n<meta property=\"og:locale\" content=\"de_DE\" \/>\n<meta property=\"og:type\" content=\"article\" \/>\n<meta property=\"og:title\" content=\"Verkaufsoffener Sonntag 2.01.2011 in K\u00f6ln, NRW?\" \/>\n<meta property=\"og:description\" content=\"Wo ist in K\u00f6ln am 2.1.2011 verkaufsoffener Sonntag und was wird geboten - Programm, Parken, Verkehr, Hinweise, Alternativen\" \/>\n<meta property=\"og:url\" content=\"https:\/\/www.gaidaphotos.com\/blog\/2010\/12\/31\/verkaufsoffener-sonntag-2-1-2011-in-koeln-nrw\/\" \/>\n<meta property=\"og:site_name\" content=\"K\u00f6ln Rodenkirchen und die Welt\" \/>\n<meta property=\"article:publisher\" content=\"https:\/\/www.facebook.com\/Koeln.Rodenkirchen\" \/>\n<meta property=\"article:author\" content=\"https:\/\/www.facebook.com\/gaidaphotos\" \/>\n<meta property=\"article:published_time\" content=\"2010-12-31T09:52:34+00:00\" \/>\n<meta property=\"article:modified_time\" content=\"2019-08-27T11:11:46+00:00\" \/>\n<meta name=\"author\" content=\"Thomas\" \/>\n<meta name=\"twitter:card\" content=\"summary_large_image\" \/>\n<meta name=\"twitter:creator\" content=\"@gaidaphotos\" \/>\n<meta name=\"twitter:site\" content=\"@gaidaphotos\" \/>\n<meta name=\"twitter:label1\" content=\"Verfasst von\" \/>\n\t<meta name=\"twitter:data1\" content=\"Thomas\" \/>\n\t<meta name=\"twitter:label2\" content=\"Gesch\u00e4tzte Lesezeit\" \/>\n\t<meta name=\"twitter:data2\" content=\"1\u00a0Minute\" \/>\n<script type=\"application\/ld+json\" class=\"yoast-schema-graph\">{\"@context\":\"https:\\\/\\\/schema.org\",\"@graph\":[{\"@type\":\"Article\",\"@id\":\"https:\\\/\\\/www.gaidaphotos.com\\\/blog\\\/2010\\\/12\\\/31\\\/verkaufsoffener-sonntag-2-1-2011-in-koeln-nrw\\\/#article\",\"isPartOf\":{\"@id\":\"https:\\\/\\\/www.gaidaphotos.com\\\/blog\\\/2010\\\/12\\\/31\\\/verkaufsoffener-sonntag-2-1-2011-in-koeln-nrw\\\/\"},\"author\":{\"name\":\"Thomas\",\"@id\":\"https:\\\/\\\/www.gaidaphotos.com\\\/blog\\\/#\\\/schema\\\/person\\\/6c444a5b13ffc503c5c32f5a9ec68b21\"},\"headline\":\"Verkaufsoffener Sonntag 2.1.2011 in K\u00f6ln, NRW?\",\"datePublished\":\"2010-12-31T09:52:34+00:00\",\"dateModified\":\"2019-08-27T11:11:46+00:00\",\"mainEntityOfPage\":{\"@id\":\"https:\\\/\\\/www.gaidaphotos.com\\\/blog\\\/2010\\\/12\\\/31\\\/verkaufsoffener-sonntag-2-1-2011-in-koeln-nrw\\\/\"},\"wordCount\":254,\"commentCount\":1,\"publisher\":{\"@id\":\"https:\\\/\\\/www.gaidaphotos.com\\\/blog\\\/#organization\"},\"keywords\":[\"verkaufsoffener Sonntag\"],\"articleSection\":[\"Verkaufsoffener Sonntag K\u00f6ln NRW\"],\"inLanguage\":\"de\",\"potentialAction\":[{\"@type\":\"CommentAction\",\"name\":\"Comment\",\"target\":[\"https:\\\/\\\/www.gaidaphotos.com\\\/blog\\\/2010\\\/12\\\/31\\\/verkaufsoffener-sonntag-2-1-2011-in-koeln-nrw\\\/#respond\"]}]},{\"@type\":\"WebPage\",\"@id\":\"https:\\\/\\\/www.gaidaphotos.com\\\/blog\\\/2010\\\/12\\\/31\\\/verkaufsoffener-sonntag-2-1-2011-in-koeln-nrw\\\/\",\"url\":\"https:\\\/\\\/www.gaidaphotos.com\\\/blog\\\/2010\\\/12\\\/31\\\/verkaufsoffener-sonntag-2-1-2011-in-koeln-nrw\\\/\",\"name\":\"Verkaufsoffener Sonntag 2.01.2011 in K\u00f6ln, NRW?\",\"isPartOf\":{\"@id\":\"https:\\\/\\\/www.gaidaphotos.com\\\/blog\\\/#website\"},\"datePublished\":\"2010-12-31T09:52:34+00:00\",\"dateModified\":\"2019-08-27T11:11:46+00:00\",\"description\":\"Wo ist in K\u00f6ln am 2.1.2011 verkaufsoffener Sonntag und was wird geboten - Programm, Parken, Verkehr, Hinweise, Alternativen\",\"breadcrumb\":{\"@id\":\"https:\\\/\\\/www.gaidaphotos.com\\\/blog\\\/2010\\\/12\\\/31\\\/verkaufsoffener-sonntag-2-1-2011-in-koeln-nrw\\\/#breadcrumb\"},\"inLanguage\":\"de\",\"potentialAction\":[{\"@type\":\"ReadAction\",\"target\":[\"https:\\\/\\\/www.gaidaphotos.com\\\/blog\\\/2010\\\/12\\\/31\\\/verkaufsoffener-sonntag-2-1-2011-in-koeln-nrw\\\/\"]}]},{\"@type\":\"BreadcrumbList\",\"@id\":\"https:\\\/\\\/www.gaidaphotos.com\\\/blog\\\/2010\\\/12\\\/31\\\/verkaufsoffener-sonntag-2-1-2011-in-koeln-nrw\\\/#breadcrumb\",\"itemListElement\":[{\"@type\":\"ListItem\",\"position\":1,\"name\":\"Startseite\",\"item\":\"https:\\\/\\\/www.gaidaphotos.com\\\/blog\\\/\"},{\"@type\":\"ListItem\",\"position\":2,\"name\":\"Verkaufsoffener Sonntag 2.1.2011 in K\u00f6ln, NRW?\"}]},{\"@type\":\"WebSite\",\"@id\":\"https:\\\/\\\/www.gaidaphotos.com\\\/blog\\\/#website\",\"url\":\"https:\\\/\\\/www.gaidaphotos.com\\\/blog\\\/\",\"name\":\"K\u00f6ln Rodenkirchen und die Welt\",\"description\":\"Einkaufen, Restaurants, Freizeit, Nachrichten und was uns sonst bewegt und begegnet\",\"publisher\":{\"@id\":\"https:\\\/\\\/www.gaidaphotos.com\\\/blog\\\/#organization\"},\"potentialAction\":[{\"@type\":\"SearchAction\",\"target\":{\"@type\":\"EntryPoint\",\"urlTemplate\":\"https:\\\/\\\/www.gaidaphotos.com\\\/blog\\\/?s={search_term_string}\"},\"query-input\":{\"@type\":\"PropertyValueSpecification\",\"valueRequired\":true,\"valueName\":\"search_term_string\"}}],\"inLanguage\":\"de\"},{\"@type\":\"Organization\",\"@id\":\"https:\\\/\\\/www.gaidaphotos.com\\\/blog\\\/#organization\",\"name\":\"gaidaphotos\",\"url\":\"https:\\\/\\\/www.gaidaphotos.com\\\/blog\\\/\",\"logo\":{\"@type\":\"ImageObject\",\"inLanguage\":\"de\",\"@id\":\"https:\\\/\\\/www.gaidaphotos.com\\\/blog\\\/#\\\/schema\\\/logo\\\/image\\\/\",\"url\":\"https:\\\/\\\/i0.wp.com\\\/www.gaidaphotos.com\\\/blog\\\/wp-content\\\/uploads\\\/2020\\\/07\\\/GAIDAPHOTOS-COM.jpg?fit=160%2C96&ssl=1\",\"contentUrl\":\"https:\\\/\\\/i0.wp.com\\\/www.gaidaphotos.com\\\/blog\\\/wp-content\\\/uploads\\\/2020\\\/07\\\/GAIDAPHOTOS-COM.jpg?fit=160%2C96&ssl=1\",\"width\":160,\"height\":96,\"caption\":\"gaidaphotos\"},\"image\":{\"@id\":\"https:\\\/\\\/www.gaidaphotos.com\\\/blog\\\/#\\\/schema\\\/logo\\\/image\\\/\"},\"sameAs\":[\"https:\\\/\\\/www.facebook.com\\\/Koeln.Rodenkirchen\",\"https:\\\/\\\/x.com\\\/gaidaphotos\",\"https:\\\/\\\/instagram.com\\\/gaidaphotos\\\/\",\"https:\\\/\\\/de.linkedin.com\\\/in\\\/gaidaphotos\",\"https:\\\/\\\/myspace.com\\\/gaidaphotos\",\"https:\\\/\\\/www.pinterest.com\\\/gaidaphotos\\\/\",\"https:\\\/\\\/www.youtube.com\\\/user\\\/gaidaphotos\"]},{\"@type\":\"Person\",\"@id\":\"https:\\\/\\\/www.gaidaphotos.com\\\/blog\\\/#\\\/schema\\\/person\\\/6c444a5b13ffc503c5c32f5a9ec68b21\",\"name\":\"Thomas\",\"sameAs\":[\"https:\\\/\\\/www.gaidaphotos.com\",\"https:\\\/\\\/www.facebook.com\\\/gaidaphotos\",\"https:\\\/\\\/instagram.com\\\/gaidaphotos\\\/\",\"https:\\\/\\\/www.linkedin.com\\\/in\\\/gaidaphotos\",\"http:\\\/\\\/www.pinterest.com\\\/gaidaphotos\\\/\",\"https:\\\/\\\/x.com\\\/gaidaphotos\",\"https:\\\/\\\/myspace.com\\\/gaidaphotos\",\"https:\\\/\\\/www.youtube.com\\\/user\\\/gaidaphotos\",\"https:\\\/\\\/gaidaphotos.tumblr.com\\\/\"]}]}<\/script>\n<!-- \/ Yoast SEO plugin. -->","yoast_head_json":{"title":"Verkaufsoffener Sonntag 2.01.2011 in K\u00f6ln, NRW?","description":"Wo ist in K\u00f6ln am 2.1.2011 verkaufsoffener Sonntag und was wird geboten - Programm, Parken, Verkehr, Hinweise, Alternativen","robots":{"index":"index","follow":"follow","max-snippet":"max-snippet:-1","max-image-preview":"max-image-preview:large","max-video-preview":"max-video-preview:-1"},"canonical":"https:\/\/www.gaidaphotos.com\/blog\/2010\/12\/31\/verkaufsoffener-sonntag-2-1-2011-in-koeln-nrw\/","og_locale":"de_DE","og_type":"article","og_title":"Verkaufsoffener Sonntag 2.01.2011 in K\u00f6ln, NRW?","og_description":"Wo ist in K\u00f6ln am 2.1.2011 verkaufsoffener Sonntag und was wird geboten - Programm, Parken, Verkehr, Hinweise, Alternativen","og_url":"https:\/\/www.gaidaphotos.com\/blog\/2010\/12\/31\/verkaufsoffener-sonntag-2-1-2011-in-koeln-nrw\/","og_site_name":"K\u00f6ln Rodenkirchen und die Welt","article_publisher":"https:\/\/www.facebook.com\/Koeln.Rodenkirchen","article_author":"https:\/\/www.facebook.com\/gaidaphotos","article_published_time":"2010-12-31T09:52:34+00:00","article_modified_time":"2019-08-27T11:11:46+00:00","author":"Thomas","twitter_card":"summary_large_image","twitter_creator":"@gaidaphotos","twitter_site":"@gaidaphotos","twitter_misc":{"Verfasst von":"Thomas","Gesch\u00e4tzte Lesezeit":"1\u00a0Minute"},"schema":{"@context":"https:\/\/schema.org","@graph":[{"@type":"Article","@id":"https:\/\/www.gaidaphotos.com\/blog\/2010\/12\/31\/verkaufsoffener-sonntag-2-1-2011-in-koeln-nrw\/#article","isPartOf":{"@id":"https:\/\/www.gaidaphotos.com\/blog\/2010\/12\/31\/verkaufsoffener-sonntag-2-1-2011-in-koeln-nrw\/"},"author":{"name":"Thomas","@id":"https:\/\/www.gaidaphotos.com\/blog\/#\/schema\/person\/6c444a5b13ffc503c5c32f5a9ec68b21"},"headline":"Verkaufsoffener Sonntag 2.1.2011 in K\u00f6ln, NRW?","datePublished":"2010-12-31T09:52:34+00:00","dateModified":"2019-08-27T11:11:46+00:00","mainEntityOfPage":{"@id":"https:\/\/www.gaidaphotos.com\/blog\/2010\/12\/31\/verkaufsoffener-sonntag-2-1-2011-in-koeln-nrw\/"},"wordCount":254,"commentCount":1,"publisher":{"@id":"https:\/\/www.gaidaphotos.com\/blog\/#organization"},"keywords":["verkaufsoffener Sonntag"],"articleSection":["Verkaufsoffener Sonntag K\u00f6ln NRW"],"inLanguage":"de","potentialAction":[{"@type":"CommentAction","name":"Comment","target":["https:\/\/www.gaidaphotos.com\/blog\/2010\/12\/31\/verkaufsoffener-sonntag-2-1-2011-in-koeln-nrw\/#respond"]}]},{"@type":"WebPage","@id":"https:\/\/www.gaidaphotos.com\/blog\/2010\/12\/31\/verkaufsoffener-sonntag-2-1-2011-in-koeln-nrw\/","url":"https:\/\/www.gaidaphotos.com\/blog\/2010\/12\/31\/verkaufsoffener-sonntag-2-1-2011-in-koeln-nrw\/","name":"Verkaufsoffener Sonntag 2.01.2011 in K\u00f6ln, NRW?","isPartOf":{"@id":"https:\/\/www.gaidaphotos.com\/blog\/#website"},"datePublished":"2010-12-31T09:52:34+00:00","dateModified":"2019-08-27T11:11:46+00:00","description":"Wo ist in K\u00f6ln am 2.1.2011 verkaufsoffener Sonntag und was wird geboten - Programm, Parken, Verkehr, Hinweise, Alternativen","breadcrumb":{"@id":"https:\/\/www.gaidaphotos.com\/blog\/2010\/12\/31\/verkaufsoffener-sonntag-2-1-2011-in-koeln-nrw\/#breadcrumb"},"inLanguage":"de","potentialAction":[{"@type":"ReadAction","target":["https:\/\/www.gaidaphotos.com\/blog\/2010\/12\/31\/verkaufsoffener-sonntag-2-1-2011-in-koeln-nrw\/"]}]},{"@type":"BreadcrumbList","@id":"https:\/\/www.gaidaphotos.com\/blog\/2010\/12\/31\/verkaufsoffener-sonntag-2-1-2011-in-koeln-nrw\/#breadcrumb","itemListElement":[{"@type":"ListItem","position":1,"name":"Startseite","item":"https:\/\/www.gaidaphotos.com\/blog\/"},{"@type":"ListItem","position":2,"name":"Verkaufsoffener Sonntag 2.1.2011 in K\u00f6ln, NRW?"}]},{"@type":"WebSite","@id":"https:\/\/www.gaidaphotos.com\/blog\/#website","url":"https:\/\/www.gaidaphotos.com\/blog\/","name":"K\u00f6ln Rodenkirchen und die Welt","description":"Einkaufen, Restaurants, Freizeit, Nachrichten und was uns sonst bewegt und begegnet","publisher":{"@id":"https:\/\/www.gaidaphotos.com\/blog\/#organization"},"potentialAction":[{"@type":"SearchAction","target":{"@type":"EntryPoint","urlTemplate":"https:\/\/www.gaidaphotos.com\/blog\/?s={search_term_string}"},"query-input":{"@type":"PropertyValueSpecification","valueRequired":true,"valueName":"search_term_string"}}],"inLanguage":"de"},{"@type":"Organization","@id":"https:\/\/www.gaidaphotos.com\/blog\/#organization","name":"gaidaphotos","url":"https:\/\/www.gaidaphotos.com\/blog\/","logo":{"@type":"ImageObject","inLanguage":"de","@id":"https:\/\/www.gaidaphotos.com\/blog\/#\/schema\/logo\/image\/","url":"https:\/\/i0.wp.com\/www.gaidaphotos.com\/blog\/wp-content\/uploads\/2020\/07\/GAIDAPHOTOS-COM.jpg?fit=160%2C96&ssl=1","contentUrl":"https:\/\/i0.wp.com\/www.gaidaphotos.com\/blog\/wp-content\/uploads\/2020\/07\/GAIDAPHOTOS-COM.jpg?fit=160%2C96&ssl=1","width":160,"height":96,"caption":"gaidaphotos"},"image":{"@id":"https:\/\/www.gaidaphotos.com\/blog\/#\/schema\/logo\/image\/"},"sameAs":["https:\/\/www.facebook.com\/Koeln.Rodenkirchen","https:\/\/x.com\/gaidaphotos","https:\/\/instagram.com\/gaidaphotos\/","https:\/\/de.linkedin.com\/in\/gaidaphotos","https:\/\/myspace.com\/gaidaphotos","https:\/\/www.pinterest.com\/gaidaphotos\/","https:\/\/www.youtube.com\/user\/gaidaphotos"]},{"@type":"Person","@id":"https:\/\/www.gaidaphotos.com\/blog\/#\/schema\/person\/6c444a5b13ffc503c5c32f5a9ec68b21","name":"Thomas","sameAs":["https:\/\/www.gaidaphotos.com","https:\/\/www.facebook.com\/gaidaphotos","https:\/\/instagram.com\/gaidaphotos\/","https:\/\/www.linkedin.com\/in\/gaidaphotos","http:\/\/www.pinterest.com\/gaidaphotos\/","https:\/\/x.com\/gaidaphotos","https:\/\/myspace.com\/gaidaphotos","https:\/\/www.youtube.com\/user\/gaidaphotos","https:\/\/gaidaphotos.tumblr.com\/"]}]}},"jetpack_publicize_connections":[],"jetpack_featured_media_url":"","jetpack_sharing_enabled":true,"jetpack_likes_enabled":true,"jetpack-related-posts":[{"id":5048,"url":"https:\/\/www.gaidaphotos.com\/blog\/2012\/10\/01\/verkaufsoffener-sonntag-in-koeln-07-10-2012\/","url_meta":{"origin":3474,"position":0},"title":"verkaufsoffener Sonntag in K\u00f6ln &#8211; 07.10.2012","author":"Thomas","date":"1. Oktober 2012","format":false,"excerpt":"verkaufsoffener Sonntag 07.10.2012 in K\u00f6ln Marsdorf, Eil, Lind\/ Wahn\/ Wahnheide\/ Urbach Nach einem verkaufsoffenen Sonntag in ganz K\u00f6ln und Umgebung (gef\u00fchlt) beschr\u00e4nken sich die Angebote am kommenden Sonntag auf die Randgebiete. Den K\u00f6lner Veedeln kann man nur zur perfekten Abstimmung gratulieren. Hinzu kommt, dass die vertretenen Stadtteile sich nur sehr\u2026","rel":"","context":"In &quot;Verkaufsoffener Sonntag K\u00f6ln NRW&quot;","block_context":{"text":"Verkaufsoffener Sonntag K\u00f6ln NRW","link":"https:\/\/www.gaidaphotos.com\/blog\/category\/kalender-archiv\/verkaufsoffener-sonntag-koln-nrw\/"},"img":{"alt_text":"","src":"https:\/\/www.gaidaphotos.com\/blog\/wp-content\/uploads\/2020\/08\/nggallery_import\/35_","width":350,"height":200,"srcset":"https:\/\/www.gaidaphotos.com\/blog\/wp-content\/uploads\/2020\/08\/nggallery_import\/35_ 1x, https:\/\/www.gaidaphotos.com\/blog\/wp-content\/uploads\/2020\/08\/nggallery_import\/35_ 1.5x, https:\/\/www.gaidaphotos.com\/blog\/wp-content\/uploads\/2020\/08\/nggallery_import\/35_ 2x"},"classes":[]},{"id":3522,"url":"https:\/\/www.gaidaphotos.com\/blog\/2011\/03\/08\/verkaufsoffener-sonntag-13-03-2011-in-koeln-nrw\/","url_meta":{"origin":3474,"position":1},"title":"Verkaufsoffener Sonntag 13.03.2011 in K\u00f6ln (NRW)","author":"Thomas","date":"8. M\u00e4rz 2011","format":false,"excerpt":"Verkaufsoffener Sonntag 13.03.2011 in K\u00f6ln (NRW) Der Karneval ist (hoffentlich gl\u00fccklich) \u00fcberstanden. Nur in den Geldbeuteln ist immer noch Ebbe. Davon lassen sich die K\u00f6lner Einzelh\u00e4ndler aber nicht beirren und bieten wieder verkaufsoffenen Sonntag den shoppingl\u00fcsternen K\u00f6lnern an. In diesen K\u00f6lner Stadtteilen k\u00f6nnen Sie am 13.03.2011 (verkaufsoffener Sonntag) nach Herzenslust\u2026","rel":"","context":"In &quot;Verkaufsoffener Sonntag K\u00f6ln NRW&quot;","block_context":{"text":"Verkaufsoffener Sonntag K\u00f6ln NRW","link":"https:\/\/www.gaidaphotos.com\/blog\/category\/kalender-archiv\/verkaufsoffener-sonntag-koln-nrw\/"},"img":{"alt_text":"","src":"https:\/\/www.gaidaphotos.com\/blog\/wp-content\/uploads\/2020\/08\/nggallery_import\/52_","width":350,"height":200},"classes":[]},{"id":3713,"url":"https:\/\/www.gaidaphotos.com\/blog\/2011\/09\/28\/oktoberfest-und-verkaufsoffener-sonntag-02-10-2011-in-koln\/","url_meta":{"origin":3474,"position":2},"title":"Oktoberfest und Verkaufsoffener Sonntag 02.10.2011 in K\u00f6ln","author":"Thomas","date":"28. September 2011","format":false,"excerpt":"Oktoberfest und Verkaufsoffener Sonntag 02.10.2011 in K\u00f6ln Die \"schlimme\" Zeit mit wenigen bis keinem verkaufsoffenen Sonntag sind endlich vorbei und nun geht es Schlag auf Schlag. Gleich in sechs K\u00f6lner Stadtteilen sind am Sonntag die Gesch\u00e4fte ge\u00f6ffnet. Der Zeitpunkt ist gut gew\u00e4hlt. Der September ist einer der schlechtesten Verkaufsmonate in\u2026","rel":"","context":"In &quot;Verkaufsoffener Sonntag K\u00f6ln NRW&quot;","block_context":{"text":"Verkaufsoffener Sonntag K\u00f6ln NRW","link":"https:\/\/www.gaidaphotos.com\/blog\/category\/kalender-archiv\/verkaufsoffener-sonntag-koln-nrw\/"},"img":{"alt_text":"","src":"https:\/\/www.gaidaphotos.com\/blog\/wp-content\/uploads\/2020\/08\/nggallery_import\/94_","width":350,"height":200,"srcset":"https:\/\/www.gaidaphotos.com\/blog\/wp-content\/uploads\/2020\/08\/nggallery_import\/94_ 1x, https:\/\/www.gaidaphotos.com\/blog\/wp-content\/uploads\/2020\/08\/nggallery_import\/94_ 1.5x, https:\/\/www.gaidaphotos.com\/blog\/wp-content\/uploads\/2020\/08\/nggallery_import\/94_ 2x"},"classes":[]},{"id":5111,"url":"https:\/\/www.gaidaphotos.com\/blog\/2012\/10\/29\/04-11-2012-verkaufsoffener-sonntag-in-koeln\/","url_meta":{"origin":3474,"position":3},"title":"04.11.2012 verkaufsoffener Sonntag in K\u00f6ln","author":"Thomas","date":"29. Oktober 2012","format":false,"excerpt":"04.11.2012 verkaufsoffener Sonntag in K\u00f6ln Kaum wird der Herbst sp\u00fcrbar, \u00f6ffnen sich am Sonntag gleich in 11 (!) K\u00f6lner Stadtteilen die Gesch\u00e4fte. Das interessanteste Angebot zum verkaufsoffenen Sonntag 04.11.2012 unabh\u00e4ngig vom Begleitprogramm bietet sicher die Innenstadt. Bei schlechtem Wetter empfiehlt sich vor allem der verkaufsoffene Sonntag im Rhein-Center in K\u00f6ln\u2026","rel":"","context":"In &quot;Verkaufsoffener Sonntag K\u00f6ln NRW&quot;","block_context":{"text":"Verkaufsoffener Sonntag K\u00f6ln NRW","link":"https:\/\/www.gaidaphotos.com\/blog\/category\/kalender-archiv\/verkaufsoffener-sonntag-koln-nrw\/"},"img":{"alt_text":"","src":"https:\/\/www.gaidaphotos.com\/blog\/wp-content\/uploads\/2020\/08\/nggallery_import\/20_","width":350,"height":200,"srcset":"https:\/\/www.gaidaphotos.com\/blog\/wp-content\/uploads\/2020\/08\/nggallery_import\/20_ 1x, https:\/\/www.gaidaphotos.com\/blog\/wp-content\/uploads\/2020\/08\/nggallery_import\/20_ 1.5x"},"classes":[]},{"id":4754,"url":"https:\/\/www.gaidaphotos.com\/blog\/2012\/06\/10\/verkaufsoffener-sonntag-17-6-2012-in-koln\/","url_meta":{"origin":3474,"position":4},"title":"verkaufsoffener Sonntag 17.6.2012 in K\u00f6ln","author":"Thomas","date":"10. Juni 2012","format":false,"excerpt":"verkaufsoffener Sonntag 17.6.2012 in K\u00f6ln Es ist endlich wieder verkaufsoffener Sonntag in K\u00f6ln und das gleich in vier Stadtteilen. Lindenthal geht mit einem EM-Flaggenspiel in den verkaufsoffenen Sonntag Longerich tritt mit der Kunstmeile an zum verkaufsoffenen Sonntaf In H\u00f6henhaus ist Fr\u00fchlingsfest und verkaufsoffener Sonntag Und in Porz bl\u00fcht der Autofr\u00fchling\u2026","rel":"","context":"In &quot;Verkaufsoffener Sonntag K\u00f6ln NRW&quot;","block_context":{"text":"Verkaufsoffener Sonntag K\u00f6ln NRW","link":"https:\/\/www.gaidaphotos.com\/blog\/category\/kalender-archiv\/verkaufsoffener-sonntag-koln-nrw\/"},"img":{"alt_text":"","src":"https:\/\/www.gaidaphotos.com\/blog\/wp-content\/uploads\/2020\/08\/nggallery_import\/21_","width":350,"height":200,"srcset":"https:\/\/www.gaidaphotos.com\/blog\/wp-content\/uploads\/2020\/08\/nggallery_import\/21_ 1x, https:\/\/www.gaidaphotos.com\/blog\/wp-content\/uploads\/2020\/08\/nggallery_import\/21_ 1.5x, https:\/\/www.gaidaphotos.com\/blog\/wp-content\/uploads\/2020\/08\/nggallery_import\/21_ 2x"},"classes":[]},{"id":3554,"url":"https:\/\/www.gaidaphotos.com\/blog\/2011\/05\/16\/verkaufsoffener-sonntag-22-05-2011-koeln-nrw\/","url_meta":{"origin":3474,"position":5},"title":"Verkaufsoffener Sonntag 22.05.2011 in K\u00f6ln (NRW)","author":"Thomas","date":"16. Mai 2011","format":false,"excerpt":"Verkaufsoffener Sonntag 22.05.2011 in K\u00f6ln (NRW) In diesen K\u00f6lner Stadtteilen k\u00f6nnen Sie am 22.05.2011 (verkaufsoffener Sonntag) nach Herzenslust shoppen. K\u00f6ln Vogelsang verkaufsoffener Sonntag von 12:00-17:00h M\u00fchlenweg - Westendstra\u00dfe - Venloer Stra\u00dfe - Goldfasanenweg - Girlitzweg - Milit\u00e4rringstra\u00dfe K\u00f6ln Rath\/Heumar verkaufsoffener Sonntag von 13:00-18:00h H\u00fcttenweg - Rather Kirchweg - s\u00fcdlich der\u2026","rel":"","context":"In &quot;Verkaufsoffener Sonntag K\u00f6ln NRW&quot;","block_context":{"text":"Verkaufsoffener Sonntag K\u00f6ln NRW","link":"https:\/\/www.gaidaphotos.com\/blog\/category\/kalender-archiv\/verkaufsoffener-sonntag-koln-nrw\/"},"img":{"alt_text":"","src":"https:\/\/www.gaidaphotos.com\/blog\/wp-content\/uploads\/2020\/08\/nggallery_import\/75_","width":350,"height":200},"classes":[]}],"_links":{"self":[{"href":"https:\/\/www.gaidaphotos.com\/blog\/wp-json\/wp\/v2\/posts\/3474","targetHints":{"allow":["GET"]}}],"collection":[{"href":"https:\/\/www.gaidaphotos.com\/blog\/wp-json\/wp\/v2\/posts"}],"about":[{"href":"https:\/\/www.gaidaphotos.com\/blog\/wp-json\/wp\/v2\/types\/post"}],"author":[{"embeddable":true,"href":"https:\/\/www.gaidaphotos.com\/blog\/wp-json\/wp\/v2\/users\/6"}],"replies":[{"embeddable":true,"href":"https:\/\/www.gaidaphotos.com\/blog\/wp-json\/wp\/v2\/comments?post=3474"}],"version-history":[{"count":0,"href":"https:\/\/www.gaidaphotos.com\/blog\/wp-json\/wp\/v2\/posts\/3474\/revisions"}],"wp:attachment":[{"href":"https:\/\/www.gaidaphotos.com\/blog\/wp-json\/wp\/v2\/media?parent=3474"}],"wp:term":[{"taxonomy":"category","embeddable":true,"href":"https:\/\/www.gaidaphotos.com\/blog\/wp-json\/wp\/v2\/categories?post=3474"},{"taxonomy":"post_tag","embeddable":true,"href":"https:\/\/www.gaidaphotos.com\/blog\/wp-json\/wp\/v2\/tags?post=3474"}],"curies":[{"name":"wp","href":"https:\/\/api.w.org\/{rel}","templated":true}]}}