{"id":3475,"date":"2010-12-31T13:53:44","date_gmt":"2010-12-31T12:53:44","guid":{"rendered":"http:\/\/gaidaphotos.com\/blog\/?p=3475"},"modified":"2020-08-06T18:12:40","modified_gmt":"2020-08-06T16:12:40","slug":"verkaufsoffener-sonntag-feiertag-2011-maastricht-holland","status":"publish","type":"post","link":"https:\/\/www.gaidaphotos.com\/blog\/2010\/12\/31\/verkaufsoffener-sonntag-feiertag-2011-maastricht-holland\/","title":{"rendered":"Verkaufsoffener Sonntag und Feiertag 2011 in Maastricht (Holland): \u00dcbersicht"},"content":{"rendered":"<h2>Verkaufsoffener Sonntag\/Feiertag 2011 in Maastricht (Holland):<\/h2>\n<blockquote><p><!--?php include(\"wp-content\/include\/verkaufsoffener-sonntag.php\"); ?--><\/p><\/blockquote>\n<p>Wenn in K\u00f6ln die Gesch\u00e4fte geschlossen sind, ist Maastricht in Holland, ca. 100km von K\u00f6ln, ein beliebtes Einkaufsziel.<br \/>\nDie historische Innenstadt ist als Fu\u00dfg\u00e4ngerzone ausgelegt und wird von vielen kleinen Einzelh\u00e4ndlern statt gro\u00dfen Pal\u00e4sten bekannter Ketten gepr\u00e4gt. So findet man eine breitere Auswahl statt immer nur das gleiche Angebot. Auch preislich profitiert der K\u00f6lner.<br \/>\nDie unz\u00e4hligen Bars, Cafes und Restaurants tun ihr \u00dcbriges einen Trip nach Masstricht angenehm zu gestalten. Unter Heizlampen und Decken kann man auch im Winter im Freien sitzen.<\/p>\n<p>Erg\u00e4nzung M\u00e4rz 2014:<br \/>\nDie neuen <strong><a href=\"https:\/\/www.gaidaphotos.com\/blog\/2014\/03\/24\/flohmarkt-troedelmarkt-maastricht-holland-2014\/\" title=\"Flohmarkt \u2013 Tr\u00f6delmarkt Maastricht (Holland) 2014\">Flohmarkttermine f\u00fcr Maastricht (Holland) 2014<\/a><\/strong> sind da!<br \/>\nWenn Sie automatisch \u00fcber die Daten f\u00fcr Flohm\u00e4rkte in Holland informiert werden m\u00f6chten, abonnieren Sie unsere Beitr\u00e4ge (Symbol rechts oben) oder werden Sie Fan bei Facebook oder Google+.<\/p>\n<h3>Verkaufsoffener Sonntag 2011 in Maastricht (Holland):<\/h3>\n<p>Jeden ersten Sonntag in Monat sind die Gesch\u00e4fte in Maastrichter Innenstadt von 12.00 Uhr bis 17.00\/18.00 Uhr ge\u00f6ffnet (verkaufsoffener Sonntag).<\/p>\n<ul>\n<li>verkaufsoffener Sonntag 2.1.2011 in Maastricht<\/li>\n<li>verkaufsoffener Sonntag 6.2.2011 in Maastricht<\/li>\n<li>kein verkaufsoffener Sonntag 6.3.2011 in Maastricht<br \/>\nAuch in Maastricht wird heute Karneval gefeiert.<\/li>\n<li>verkaufsoffener Sonntag 20.3.2011 in Maastricht<\/li>\n<li>verkaufsoffener Sonntag 3.4.2011 in Maastricht<\/li>\n<li>verkaufsoffener Feiertag 22.4.2011 Freitag &#8211; <strong>Karfreitag<\/strong><\/li>\n<li>verkaufsoffener Sonntag 25.4.2011 in Maastricht &#8211; <strong>Ostermontag<\/strong><\/li>\n<li>verkaufsoffener Sonntag 1.5.2011 in Maastricht<br \/>\nFlohmarkt \/ Tr\u00f6delmarkt \/ Antikmarkt<\/li>\n<li>verkaufsoffener Feiertag 2.6.2011 in Maastricht &#8211; <strong>Himmelfahrt<\/strong><br \/>\nFlohmarkt \/ Tr\u00f6delmarkt \/ Antikmarkt<\/li>\n<li>verkaufsoffener Sonntag 5.6.2011 in Maastricht<br \/>\nFlohmarkt \/ Tr\u00f6delmarkt \/ Antikmarkt<\/li>\n<li>verkaufsoffener Feiertag 13.6.2011 in Maastricht &#8211; <strong>Pfingstmontag<\/strong><\/li>\n<li>verkaufsoffener Feiertag 23.6.2011 in Maastricht &#8211; <strong>Fronleichnam<\/strong><br \/>\nFlohmarkt \/ Tr\u00f6delmarkt \/ Antikmarkt in Bemelen<\/li>\n<li>verkaufsoffener Sonntag 17.7.2011 in Maastricht statt 3.7.2011<\/li>\n<li>verkaufsoffener Sonntag 7.8.2011 in Maastricht<br \/>\nFlohmarkt \/ Tr\u00f6delmarkt \/ Antikmarkt<\/li>\n<li>verkaufsoffener Sonntag 4.9.2011 in Maastricht<br \/>\nFlohmarkt \/ Tr\u00f6delmarkt \/ Antikmarkt<\/li>\n<li>verkaufsoffener Sonntag 2.10.2011 Montag<\/li>\n<li>verkaufsoffener Feiertag 3.10.2011 Montag &#8211; <strong>Tag der deutschen Einheit<\/strong> &#8211; von 13:00h bis 17:00\/18:00h<\/li>\n<li>verkaufsoffener Feiertag 1.11.2011 Dienstag &#8211; <strong>Allerheiligen<\/strong><\/li>\n<li>verkaufsoffener Sonntag 6.11.2011 in Maastricht<br \/>\nFlohmarkt \/ Tr\u00f6delmarkt \/ Antikmarkt<\/li>\n<li>verkaufsoffener Sonntag 6.11.2011 in Maastricht<\/li>\n<li>verkaufsoffener Sonntag 13.11.2011 in Maastricht<\/li>\n<li>verkaufsoffener Sonntag 20.11.2011 in Maastricht<\/li>\n<li>verkaufsoffener Sonntag 4.12.2011 in Maastricht<\/li>\n<li>verkaufsoffener Sonntag 11.12.2011 in Maastricht<\/li>\n<li>verkaufsoffener Sonntag 18.12.2011 in Maastricht<br \/>\nnostalgischer Weihnachtsmarkt<\/li>\n<\/ul>\n<p><a href=\"https:\/\/www.gaidaphotos.com\/blog\/verkaufsoffener-sonntag-strassenfest-weihnachtsmarkt\/verkaufsoffene-sonntage-und-feiertage-maastricht-holland\/\" title=\"Flohmarkt - Tr\u00f6delmarkt - Antikmarkt Maastricht (Holland) 2011\">Flohmarkt &#8211; Tr\u00f6delmarkt &#8211; Antikmarkt Maastricht (Holland) 2011<\/a> alle Daten, Infos, Hinweise<\/p>\n<p>\u00c4nderungen vorbehalten!<br \/>\nWeitere Information \u00fcber <a href=\"http:\/\/www.vvvmaastricht.eu\" target=\"_blank\" rel=\"noopener noreferrer\">Maastricht<\/a><\/p>\n<h3>Parken &#8211; verkaufsoffener Sonntag\/Feiertag in Maastricht<\/h3>\n<p>Parken ist in Maastricht ein riesiges Problem schon an einem normalen Wochentag. An einem verkaufsoffenen Sonntag\/Feiertag wird es eine besondere Herausforderung. Vermeiden Sie die Parkpl\u00e4tze und Parkh\u00e4user in der Innenstadt. Sie stehen sonst ewig im Stau. Parken Sie etwas vom Stadtzentrum entfernt (folgen Sie der Beschilderung) und laufen Sie in die Stadt. Der Weg ist nicht weit (10-15 min) und deutlich k\u00fcrzer als die Wartezeit bei der Einfahrt ins Parkhaus.<br \/>\nParken wie in K\u00f6ln wird in maastricht unglaublich teuer! Das gilt f\u00fcr Parken im Halteverbot, Parkverbot, Anwohnerparkpl\u00e4tzen und an abgelaufenen Parkuhren. Hier werden schnell mehr als 50\u20ac f\u00e4llig. Und beim n\u00e4chsten Besuch ist dann schnell auch mal eine Parkkralle am Rad!<\/p>\n<p><strong>\u00d6ffnungszeiten in Maastricht an Wochentagen<\/strong>:<br \/>\nF\u00fcr die Gesch\u00e4fte in Maastricht gelten in der Regel folgende Laden\u00f6ffnungszeiten:<br \/>\nMontag <strong>13:00<\/strong> bis 18:00 Uhr<br \/>\nDi. bis Fr. 09:00 bis 18:00 Uhr.  &#8211; Verkaufsoffener Abend: Do. 21:00 Uh<br \/>\nSa. von 09:00- 17:00\/18:00 Uhr<\/p>\n<p><strong>Geschlossen w\u00e4hrend der Feiertage 2011:<\/strong><br \/>\n&#8211; Sonntag 25. Dezember 2011 (1. Weihnachtstag)<br \/>\n&#8211; Montag 26. Dezember 2011 (2e Weihnachtstag)<\/p>\n<p><strong>Eingeschr\u00e4nkte \u00d6ffnungszeiten 2011<\/strong><br \/>\n&#8211; Samstag 24. Dezember 2011 bis 17.00 (Heilig Abend)<br \/>\n&#8211; Samstag 31. Dezember 2011 bis 17.00 (Silvester)<\/p>\n<p><!--?php include(\"wp-content\/include\/verkaufsoffener-sonntag.php\"); ?--><\/p>\n","protected":false},"excerpt":{"rendered":"<p>Verkaufsoffener Sonntag\/Feiertag 2011 in Maastricht (Holland): Wenn in K\u00f6ln die Gesch\u00e4fte geschlossen sind, ist Maastricht in Holland, ca. 100km von<\/p>\n","protected":false},"author":6,"featured_media":12256,"comment_status":"open","ping_status":"open","sticky":false,"template":"","format":"standard","meta":{"_crdt_document":"","ngg_post_thumbnail":0,"jetpack_post_was_ever_published":false,"_jetpack_newsletter_access":"","_jetpack_dont_email_post_to_subs":false,"_jetpack_newsletter_tier_id":0,"_jetpack_memberships_contains_paywalled_content":false,"_jetpack_memberships_contains_paid_content":false,"footnotes":"","jetpack_publicize_message":"","jetpack_publicize_feature_enabled":true,"jetpack_social_post_already_shared":false,"jetpack_social_options":{"image_generator_settings":{"template":"highway","default_image_id":0,"font":"","enabled":false},"version":2}},"categories":[109],"tags":[108,550,147],"class_list":["post-3475","post","type-post","status-publish","format-standard","has-post-thumbnail","hentry","category-maastricht-einkaufen-restaurants","tag-einkaufen","tag-maastricht","tag-verkaufsoffener-sonntag"],"yoast_head":"<!-- This site is optimized with the Yoast SEO plugin v27.5 - https:\/\/yoast.com\/product\/yoast-seo-wordpress\/ -->\n<title>Verkaufsoffener Sonntag Feiertag 2011 in Maastricht (Holland): \u00dcbersicht<\/title>\n<meta name=\"description\" content=\"Verkaufsoffener Sonntag\/Feiertag 2011 in Maastricht (Holland): alle Date, \u00d6ffnungszeiten, Parken, Hinweise - neue Termine f\u00fcr 2012\" \/>\n<meta name=\"robots\" content=\"index, follow, max-snippet:-1, max-image-preview:large, max-video-preview:-1\" \/>\n<link rel=\"canonical\" href=\"https:\/\/www.gaidaphotos.com\/blog\/2010\/12\/31\/verkaufsoffener-sonntag-feiertag-2011-maastricht-holland\/\" \/>\n<meta property=\"og:locale\" content=\"de_DE\" \/>\n<meta property=\"og:type\" content=\"article\" \/>\n<meta property=\"og:title\" content=\"Verkaufsoffener Sonntag Feiertag 2011 in Maastricht (Holland): \u00dcbersicht\" \/>\n<meta property=\"og:description\" content=\"Verkaufsoffener Sonntag\/Feiertag 2011 in Maastricht (Holland): alle Date, \u00d6ffnungszeiten, Parken, Hinweise - neue Termine f\u00fcr 2012\" \/>\n<meta property=\"og:url\" content=\"https:\/\/www.gaidaphotos.com\/blog\/2010\/12\/31\/verkaufsoffener-sonntag-feiertag-2011-maastricht-holland\/\" \/>\n<meta property=\"og:site_name\" content=\"K\u00f6ln Rodenkirchen und die Welt\" \/>\n<meta property=\"article:publisher\" content=\"https:\/\/www.facebook.com\/Koeln.Rodenkirchen\" \/>\n<meta property=\"article:author\" content=\"https:\/\/www.facebook.com\/gaidaphotos\" \/>\n<meta property=\"article:published_time\" content=\"2010-12-31T12:53:44+00:00\" \/>\n<meta property=\"article:modified_time\" content=\"2020-08-06T16:12:40+00:00\" \/>\n<meta property=\"og:image\" content=\"https:\/\/i0.wp.com\/www.gaidaphotos.com\/blog\/wp-content\/uploads\/2010\/12\/maastricht-haus-wegkreuz.jpg?fit=675%2C1024&ssl=1\" \/>\n\t<meta property=\"og:image:width\" content=\"675\" \/>\n\t<meta property=\"og:image:height\" content=\"1024\" \/>\n\t<meta property=\"og:image:type\" content=\"image\/jpeg\" \/>\n<meta name=\"author\" content=\"Thomas\" \/>\n<meta name=\"twitter:card\" content=\"summary_large_image\" \/>\n<meta name=\"twitter:creator\" content=\"@gaidaphotos\" \/>\n<meta name=\"twitter:site\" content=\"@gaidaphotos\" \/>\n<meta name=\"twitter:label1\" content=\"Verfasst von\" \/>\n\t<meta name=\"twitter:data1\" content=\"Thomas\" \/>\n\t<meta name=\"twitter:label2\" content=\"Gesch\u00e4tzte Lesezeit\" \/>\n\t<meta name=\"twitter:data2\" content=\"3\u00a0Minuten\" \/>\n<script type=\"application\/ld+json\" class=\"yoast-schema-graph\">{\"@context\":\"https:\\\/\\\/schema.org\",\"@graph\":[{\"@type\":\"Article\",\"@id\":\"https:\\\/\\\/www.gaidaphotos.com\\\/blog\\\/2010\\\/12\\\/31\\\/verkaufsoffener-sonntag-feiertag-2011-maastricht-holland\\\/#article\",\"isPartOf\":{\"@id\":\"https:\\\/\\\/www.gaidaphotos.com\\\/blog\\\/2010\\\/12\\\/31\\\/verkaufsoffener-sonntag-feiertag-2011-maastricht-holland\\\/\"},\"author\":{\"name\":\"Thomas\",\"@id\":\"https:\\\/\\\/www.gaidaphotos.com\\\/blog\\\/#\\\/schema\\\/person\\\/6c444a5b13ffc503c5c32f5a9ec68b21\"},\"headline\":\"Verkaufsoffener Sonntag und Feiertag 2011 in Maastricht (Holland): \u00dcbersicht\",\"datePublished\":\"2010-12-31T12:53:44+00:00\",\"dateModified\":\"2020-08-06T16:12:40+00:00\",\"mainEntityOfPage\":{\"@id\":\"https:\\\/\\\/www.gaidaphotos.com\\\/blog\\\/2010\\\/12\\\/31\\\/verkaufsoffener-sonntag-feiertag-2011-maastricht-holland\\\/\"},\"wordCount\":544,\"commentCount\":1,\"publisher\":{\"@id\":\"https:\\\/\\\/www.gaidaphotos.com\\\/blog\\\/#organization\"},\"image\":{\"@id\":\"https:\\\/\\\/www.gaidaphotos.com\\\/blog\\\/2010\\\/12\\\/31\\\/verkaufsoffener-sonntag-feiertag-2011-maastricht-holland\\\/#primaryimage\"},\"thumbnailUrl\":\"https:\\\/\\\/i0.wp.com\\\/www.gaidaphotos.com\\\/blog\\\/wp-content\\\/uploads\\\/2010\\\/12\\\/maastricht-haus-wegkreuz.jpg?fit=675%2C1024&ssl=1\",\"keywords\":[\"Einkaufen\\\/ Shopping\",\"Maastricht\",\"verkaufsoffener Sonntag\"],\"articleSection\":[\"Maastricht: Einkaufen, Restaurant &amp; Freizeit\"],\"inLanguage\":\"de\",\"potentialAction\":[{\"@type\":\"CommentAction\",\"name\":\"Comment\",\"target\":[\"https:\\\/\\\/www.gaidaphotos.com\\\/blog\\\/2010\\\/12\\\/31\\\/verkaufsoffener-sonntag-feiertag-2011-maastricht-holland\\\/#respond\"]}]},{\"@type\":\"WebPage\",\"@id\":\"https:\\\/\\\/www.gaidaphotos.com\\\/blog\\\/2010\\\/12\\\/31\\\/verkaufsoffener-sonntag-feiertag-2011-maastricht-holland\\\/\",\"url\":\"https:\\\/\\\/www.gaidaphotos.com\\\/blog\\\/2010\\\/12\\\/31\\\/verkaufsoffener-sonntag-feiertag-2011-maastricht-holland\\\/\",\"name\":\"Verkaufsoffener Sonntag Feiertag 2011 in Maastricht (Holland): \u00dcbersicht\",\"isPartOf\":{\"@id\":\"https:\\\/\\\/www.gaidaphotos.com\\\/blog\\\/#website\"},\"primaryImageOfPage\":{\"@id\":\"https:\\\/\\\/www.gaidaphotos.com\\\/blog\\\/2010\\\/12\\\/31\\\/verkaufsoffener-sonntag-feiertag-2011-maastricht-holland\\\/#primaryimage\"},\"image\":{\"@id\":\"https:\\\/\\\/www.gaidaphotos.com\\\/blog\\\/2010\\\/12\\\/31\\\/verkaufsoffener-sonntag-feiertag-2011-maastricht-holland\\\/#primaryimage\"},\"thumbnailUrl\":\"https:\\\/\\\/i0.wp.com\\\/www.gaidaphotos.com\\\/blog\\\/wp-content\\\/uploads\\\/2010\\\/12\\\/maastricht-haus-wegkreuz.jpg?fit=675%2C1024&ssl=1\",\"datePublished\":\"2010-12-31T12:53:44+00:00\",\"dateModified\":\"2020-08-06T16:12:40+00:00\",\"description\":\"Verkaufsoffener Sonntag\\\/Feiertag 2011 in Maastricht (Holland): alle Date, \u00d6ffnungszeiten, Parken, Hinweise - neue Termine f\u00fcr 2012\",\"breadcrumb\":{\"@id\":\"https:\\\/\\\/www.gaidaphotos.com\\\/blog\\\/2010\\\/12\\\/31\\\/verkaufsoffener-sonntag-feiertag-2011-maastricht-holland\\\/#breadcrumb\"},\"inLanguage\":\"de\",\"potentialAction\":[{\"@type\":\"ReadAction\",\"target\":[\"https:\\\/\\\/www.gaidaphotos.com\\\/blog\\\/2010\\\/12\\\/31\\\/verkaufsoffener-sonntag-feiertag-2011-maastricht-holland\\\/\"]}]},{\"@type\":\"ImageObject\",\"inLanguage\":\"de\",\"@id\":\"https:\\\/\\\/www.gaidaphotos.com\\\/blog\\\/2010\\\/12\\\/31\\\/verkaufsoffener-sonntag-feiertag-2011-maastricht-holland\\\/#primaryimage\",\"url\":\"https:\\\/\\\/i0.wp.com\\\/www.gaidaphotos.com\\\/blog\\\/wp-content\\\/uploads\\\/2010\\\/12\\\/maastricht-haus-wegkreuz.jpg?fit=675%2C1024&ssl=1\",\"contentUrl\":\"https:\\\/\\\/i0.wp.com\\\/www.gaidaphotos.com\\\/blog\\\/wp-content\\\/uploads\\\/2010\\\/12\\\/maastricht-haus-wegkreuz.jpg?fit=675%2C1024&ssl=1\",\"width\":675,\"height\":1024,\"caption\":\"Maastricht, Haus mit Wegkreuz\"},{\"@type\":\"BreadcrumbList\",\"@id\":\"https:\\\/\\\/www.gaidaphotos.com\\\/blog\\\/2010\\\/12\\\/31\\\/verkaufsoffener-sonntag-feiertag-2011-maastricht-holland\\\/#breadcrumb\",\"itemListElement\":[{\"@type\":\"ListItem\",\"position\":1,\"name\":\"Startseite\",\"item\":\"https:\\\/\\\/www.gaidaphotos.com\\\/blog\\\/\"},{\"@type\":\"ListItem\",\"position\":2,\"name\":\"Verkaufsoffener Sonntag und Feiertag 2011 in Maastricht (Holland): \u00dcbersicht\"}]},{\"@type\":\"WebSite\",\"@id\":\"https:\\\/\\\/www.gaidaphotos.com\\\/blog\\\/#website\",\"url\":\"https:\\\/\\\/www.gaidaphotos.com\\\/blog\\\/\",\"name\":\"K\u00f6ln Rodenkirchen und die Welt\",\"description\":\"Einkaufen, Restaurants, Freizeit, Nachrichten und was uns sonst bewegt und begegnet\",\"publisher\":{\"@id\":\"https:\\\/\\\/www.gaidaphotos.com\\\/blog\\\/#organization\"},\"potentialAction\":[{\"@type\":\"SearchAction\",\"target\":{\"@type\":\"EntryPoint\",\"urlTemplate\":\"https:\\\/\\\/www.gaidaphotos.com\\\/blog\\\/?s={search_term_string}\"},\"query-input\":{\"@type\":\"PropertyValueSpecification\",\"valueRequired\":true,\"valueName\":\"search_term_string\"}}],\"inLanguage\":\"de\"},{\"@type\":\"Organization\",\"@id\":\"https:\\\/\\\/www.gaidaphotos.com\\\/blog\\\/#organization\",\"name\":\"gaidaphotos\",\"url\":\"https:\\\/\\\/www.gaidaphotos.com\\\/blog\\\/\",\"logo\":{\"@type\":\"ImageObject\",\"inLanguage\":\"de\",\"@id\":\"https:\\\/\\\/www.gaidaphotos.com\\\/blog\\\/#\\\/schema\\\/logo\\\/image\\\/\",\"url\":\"https:\\\/\\\/i0.wp.com\\\/www.gaidaphotos.com\\\/blog\\\/wp-content\\\/uploads\\\/2020\\\/07\\\/GAIDAPHOTOS-COM.jpg?fit=160%2C96&ssl=1\",\"contentUrl\":\"https:\\\/\\\/i0.wp.com\\\/www.gaidaphotos.com\\\/blog\\\/wp-content\\\/uploads\\\/2020\\\/07\\\/GAIDAPHOTOS-COM.jpg?fit=160%2C96&ssl=1\",\"width\":160,\"height\":96,\"caption\":\"gaidaphotos\"},\"image\":{\"@id\":\"https:\\\/\\\/www.gaidaphotos.com\\\/blog\\\/#\\\/schema\\\/logo\\\/image\\\/\"},\"sameAs\":[\"https:\\\/\\\/www.facebook.com\\\/Koeln.Rodenkirchen\",\"https:\\\/\\\/x.com\\\/gaidaphotos\",\"https:\\\/\\\/instagram.com\\\/gaidaphotos\\\/\",\"https:\\\/\\\/de.linkedin.com\\\/in\\\/gaidaphotos\",\"https:\\\/\\\/myspace.com\\\/gaidaphotos\",\"https:\\\/\\\/www.pinterest.com\\\/gaidaphotos\\\/\",\"https:\\\/\\\/www.youtube.com\\\/user\\\/gaidaphotos\"]},{\"@type\":\"Person\",\"@id\":\"https:\\\/\\\/www.gaidaphotos.com\\\/blog\\\/#\\\/schema\\\/person\\\/6c444a5b13ffc503c5c32f5a9ec68b21\",\"name\":\"Thomas\",\"sameAs\":[\"https:\\\/\\\/www.gaidaphotos.com\",\"https:\\\/\\\/www.facebook.com\\\/gaidaphotos\",\"https:\\\/\\\/instagram.com\\\/gaidaphotos\\\/\",\"https:\\\/\\\/www.linkedin.com\\\/in\\\/gaidaphotos\",\"http:\\\/\\\/www.pinterest.com\\\/gaidaphotos\\\/\",\"https:\\\/\\\/x.com\\\/gaidaphotos\",\"https:\\\/\\\/myspace.com\\\/gaidaphotos\",\"https:\\\/\\\/www.youtube.com\\\/user\\\/gaidaphotos\",\"https:\\\/\\\/gaidaphotos.tumblr.com\\\/\"]}]}<\/script>\n<!-- \/ Yoast SEO plugin. -->","yoast_head_json":{"title":"Verkaufsoffener Sonntag Feiertag 2011 in Maastricht (Holland): \u00dcbersicht","description":"Verkaufsoffener Sonntag\/Feiertag 2011 in Maastricht (Holland): alle Date, \u00d6ffnungszeiten, Parken, Hinweise - neue Termine f\u00fcr 2012","robots":{"index":"index","follow":"follow","max-snippet":"max-snippet:-1","max-image-preview":"max-image-preview:large","max-video-preview":"max-video-preview:-1"},"canonical":"https:\/\/www.gaidaphotos.com\/blog\/2010\/12\/31\/verkaufsoffener-sonntag-feiertag-2011-maastricht-holland\/","og_locale":"de_DE","og_type":"article","og_title":"Verkaufsoffener Sonntag Feiertag 2011 in Maastricht (Holland): \u00dcbersicht","og_description":"Verkaufsoffener Sonntag\/Feiertag 2011 in Maastricht (Holland): alle Date, \u00d6ffnungszeiten, Parken, Hinweise - neue Termine f\u00fcr 2012","og_url":"https:\/\/www.gaidaphotos.com\/blog\/2010\/12\/31\/verkaufsoffener-sonntag-feiertag-2011-maastricht-holland\/","og_site_name":"K\u00f6ln Rodenkirchen und die Welt","article_publisher":"https:\/\/www.facebook.com\/Koeln.Rodenkirchen","article_author":"https:\/\/www.facebook.com\/gaidaphotos","article_published_time":"2010-12-31T12:53:44+00:00","article_modified_time":"2020-08-06T16:12:40+00:00","og_image":[{"width":675,"height":1024,"url":"https:\/\/i0.wp.com\/www.gaidaphotos.com\/blog\/wp-content\/uploads\/2010\/12\/maastricht-haus-wegkreuz.jpg?fit=675%2C1024&ssl=1","type":"image\/jpeg"}],"author":"Thomas","twitter_card":"summary_large_image","twitter_creator":"@gaidaphotos","twitter_site":"@gaidaphotos","twitter_misc":{"Verfasst von":"Thomas","Gesch\u00e4tzte Lesezeit":"3\u00a0Minuten"},"schema":{"@context":"https:\/\/schema.org","@graph":[{"@type":"Article","@id":"https:\/\/www.gaidaphotos.com\/blog\/2010\/12\/31\/verkaufsoffener-sonntag-feiertag-2011-maastricht-holland\/#article","isPartOf":{"@id":"https:\/\/www.gaidaphotos.com\/blog\/2010\/12\/31\/verkaufsoffener-sonntag-feiertag-2011-maastricht-holland\/"},"author":{"name":"Thomas","@id":"https:\/\/www.gaidaphotos.com\/blog\/#\/schema\/person\/6c444a5b13ffc503c5c32f5a9ec68b21"},"headline":"Verkaufsoffener Sonntag und Feiertag 2011 in Maastricht (Holland): \u00dcbersicht","datePublished":"2010-12-31T12:53:44+00:00","dateModified":"2020-08-06T16:12:40+00:00","mainEntityOfPage":{"@id":"https:\/\/www.gaidaphotos.com\/blog\/2010\/12\/31\/verkaufsoffener-sonntag-feiertag-2011-maastricht-holland\/"},"wordCount":544,"commentCount":1,"publisher":{"@id":"https:\/\/www.gaidaphotos.com\/blog\/#organization"},"image":{"@id":"https:\/\/www.gaidaphotos.com\/blog\/2010\/12\/31\/verkaufsoffener-sonntag-feiertag-2011-maastricht-holland\/#primaryimage"},"thumbnailUrl":"https:\/\/i0.wp.com\/www.gaidaphotos.com\/blog\/wp-content\/uploads\/2010\/12\/maastricht-haus-wegkreuz.jpg?fit=675%2C1024&ssl=1","keywords":["Einkaufen\/ Shopping","Maastricht","verkaufsoffener Sonntag"],"articleSection":["Maastricht: Einkaufen, Restaurant &amp; Freizeit"],"inLanguage":"de","potentialAction":[{"@type":"CommentAction","name":"Comment","target":["https:\/\/www.gaidaphotos.com\/blog\/2010\/12\/31\/verkaufsoffener-sonntag-feiertag-2011-maastricht-holland\/#respond"]}]},{"@type":"WebPage","@id":"https:\/\/www.gaidaphotos.com\/blog\/2010\/12\/31\/verkaufsoffener-sonntag-feiertag-2011-maastricht-holland\/","url":"https:\/\/www.gaidaphotos.com\/blog\/2010\/12\/31\/verkaufsoffener-sonntag-feiertag-2011-maastricht-holland\/","name":"Verkaufsoffener Sonntag Feiertag 2011 in Maastricht (Holland): \u00dcbersicht","isPartOf":{"@id":"https:\/\/www.gaidaphotos.com\/blog\/#website"},"primaryImageOfPage":{"@id":"https:\/\/www.gaidaphotos.com\/blog\/2010\/12\/31\/verkaufsoffener-sonntag-feiertag-2011-maastricht-holland\/#primaryimage"},"image":{"@id":"https:\/\/www.gaidaphotos.com\/blog\/2010\/12\/31\/verkaufsoffener-sonntag-feiertag-2011-maastricht-holland\/#primaryimage"},"thumbnailUrl":"https:\/\/i0.wp.com\/www.gaidaphotos.com\/blog\/wp-content\/uploads\/2010\/12\/maastricht-haus-wegkreuz.jpg?fit=675%2C1024&ssl=1","datePublished":"2010-12-31T12:53:44+00:00","dateModified":"2020-08-06T16:12:40+00:00","description":"Verkaufsoffener Sonntag\/Feiertag 2011 in Maastricht (Holland): alle Date, \u00d6ffnungszeiten, Parken, Hinweise - neue Termine f\u00fcr 2012","breadcrumb":{"@id":"https:\/\/www.gaidaphotos.com\/blog\/2010\/12\/31\/verkaufsoffener-sonntag-feiertag-2011-maastricht-holland\/#breadcrumb"},"inLanguage":"de","potentialAction":[{"@type":"ReadAction","target":["https:\/\/www.gaidaphotos.com\/blog\/2010\/12\/31\/verkaufsoffener-sonntag-feiertag-2011-maastricht-holland\/"]}]},{"@type":"ImageObject","inLanguage":"de","@id":"https:\/\/www.gaidaphotos.com\/blog\/2010\/12\/31\/verkaufsoffener-sonntag-feiertag-2011-maastricht-holland\/#primaryimage","url":"https:\/\/i0.wp.com\/www.gaidaphotos.com\/blog\/wp-content\/uploads\/2010\/12\/maastricht-haus-wegkreuz.jpg?fit=675%2C1024&ssl=1","contentUrl":"https:\/\/i0.wp.com\/www.gaidaphotos.com\/blog\/wp-content\/uploads\/2010\/12\/maastricht-haus-wegkreuz.jpg?fit=675%2C1024&ssl=1","width":675,"height":1024,"caption":"Maastricht, Haus mit Wegkreuz"},{"@type":"BreadcrumbList","@id":"https:\/\/www.gaidaphotos.com\/blog\/2010\/12\/31\/verkaufsoffener-sonntag-feiertag-2011-maastricht-holland\/#breadcrumb","itemListElement":[{"@type":"ListItem","position":1,"name":"Startseite","item":"https:\/\/www.gaidaphotos.com\/blog\/"},{"@type":"ListItem","position":2,"name":"Verkaufsoffener Sonntag und Feiertag 2011 in Maastricht (Holland): \u00dcbersicht"}]},{"@type":"WebSite","@id":"https:\/\/www.gaidaphotos.com\/blog\/#website","url":"https:\/\/www.gaidaphotos.com\/blog\/","name":"K\u00f6ln Rodenkirchen und die Welt","description":"Einkaufen, Restaurants, Freizeit, Nachrichten und was uns sonst bewegt und begegnet","publisher":{"@id":"https:\/\/www.gaidaphotos.com\/blog\/#organization"},"potentialAction":[{"@type":"SearchAction","target":{"@type":"EntryPoint","urlTemplate":"https:\/\/www.gaidaphotos.com\/blog\/?s={search_term_string}"},"query-input":{"@type":"PropertyValueSpecification","valueRequired":true,"valueName":"search_term_string"}}],"inLanguage":"de"},{"@type":"Organization","@id":"https:\/\/www.gaidaphotos.com\/blog\/#organization","name":"gaidaphotos","url":"https:\/\/www.gaidaphotos.com\/blog\/","logo":{"@type":"ImageObject","inLanguage":"de","@id":"https:\/\/www.gaidaphotos.com\/blog\/#\/schema\/logo\/image\/","url":"https:\/\/i0.wp.com\/www.gaidaphotos.com\/blog\/wp-content\/uploads\/2020\/07\/GAIDAPHOTOS-COM.jpg?fit=160%2C96&ssl=1","contentUrl":"https:\/\/i0.wp.com\/www.gaidaphotos.com\/blog\/wp-content\/uploads\/2020\/07\/GAIDAPHOTOS-COM.jpg?fit=160%2C96&ssl=1","width":160,"height":96,"caption":"gaidaphotos"},"image":{"@id":"https:\/\/www.gaidaphotos.com\/blog\/#\/schema\/logo\/image\/"},"sameAs":["https:\/\/www.facebook.com\/Koeln.Rodenkirchen","https:\/\/x.com\/gaidaphotos","https:\/\/instagram.com\/gaidaphotos\/","https:\/\/de.linkedin.com\/in\/gaidaphotos","https:\/\/myspace.com\/gaidaphotos","https:\/\/www.pinterest.com\/gaidaphotos\/","https:\/\/www.youtube.com\/user\/gaidaphotos"]},{"@type":"Person","@id":"https:\/\/www.gaidaphotos.com\/blog\/#\/schema\/person\/6c444a5b13ffc503c5c32f5a9ec68b21","name":"Thomas","sameAs":["https:\/\/www.gaidaphotos.com","https:\/\/www.facebook.com\/gaidaphotos","https:\/\/instagram.com\/gaidaphotos\/","https:\/\/www.linkedin.com\/in\/gaidaphotos","http:\/\/www.pinterest.com\/gaidaphotos\/","https:\/\/x.com\/gaidaphotos","https:\/\/myspace.com\/gaidaphotos","https:\/\/www.youtube.com\/user\/gaidaphotos","https:\/\/gaidaphotos.tumblr.com\/"]}]}},"jetpack_publicize_connections":[],"jetpack_featured_media_url":"https:\/\/i0.wp.com\/www.gaidaphotos.com\/blog\/wp-content\/uploads\/2010\/12\/maastricht-haus-wegkreuz.jpg?fit=675%2C1024&ssl=1","jetpack_sharing_enabled":true,"jetpack_likes_enabled":true,"jetpack-related-posts":[{"id":3950,"url":"https:\/\/www.gaidaphotos.com\/blog\/2012\/01\/04\/verkaufsoffener-sonntag-und-feiertag-2012-in-maastricht-holland\/","url_meta":{"origin":3475,"position":0},"title":"Verkaufsoffener Sonntag und Feiertag 2012 in Maastricht (Holland)","author":"Thomas","date":"4. Januar 2012","format":false,"excerpt":"Verkaufsoffener Sonntag und Feiertag 2012 in Maastricht (Holland) Dank der Rot-Gr\u00fcnen Landesregierung in NRW wird es im Rheinland 2012 voraussichtlich nur wenige verkaufsoffene Sonntage geben. Stattdessen m\u00fcssen wir ins benachbarte Ausland ausweichen. Daher sammeln und ver\u00f6ffentlichen wir f\u00fcr Sie hier die Termine f\u00fcr die verkaufsoffenen Sonntage im benachbarten Holland und\u2026","rel":"","context":"In &quot;Maastricht: Einkaufen, Restaurant &amp; Freizeit&quot;","block_context":{"text":"Maastricht: Einkaufen, Restaurant &amp; Freizeit","link":"https:\/\/www.gaidaphotos.com\/blog\/category\/reise\/holland\/maastricht-einkaufen-restaurants\/"},"img":{"alt_text":"","src":"https:\/\/i0.wp.com\/www.gaidaphotos.com\/blog\/wp-content\/uploads\/2012\/01\/maastricht-shopping-einkaufen-mosae-forum-1.jpg?fit=1024%2C682&ssl=1&resize=350%2C200","width":350,"height":200,"srcset":"https:\/\/i0.wp.com\/www.gaidaphotos.com\/blog\/wp-content\/uploads\/2012\/01\/maastricht-shopping-einkaufen-mosae-forum-1.jpg?fit=1024%2C682&ssl=1&resize=350%2C200 1x, https:\/\/i0.wp.com\/www.gaidaphotos.com\/blog\/wp-content\/uploads\/2012\/01\/maastricht-shopping-einkaufen-mosae-forum-1.jpg?fit=1024%2C682&ssl=1&resize=525%2C300 1.5x, https:\/\/i0.wp.com\/www.gaidaphotos.com\/blog\/wp-content\/uploads\/2012\/01\/maastricht-shopping-einkaufen-mosae-forum-1.jpg?fit=1024%2C682&ssl=1&resize=700%2C400 2x"},"classes":[]},{"id":6417,"url":"https:\/\/www.gaidaphotos.com\/blog\/2014\/05\/21\/einkaufen-am-vatertaghimmelfahrt\/","url_meta":{"origin":3475,"position":1},"title":"Einkaufen am Vatertag\/Himmelfahrt","author":"Thomas","date":"21. Mai 2014","format":false,"excerpt":"Einkaufen am Vatertag \/ Christi Himmelfahrt in Holland Der n\u00e4chste arbeitsfreie Feiertag \/ Br\u00fcckentag steht kurz bevor. N\u00e4chste Woche feiern wir Christi Himmelfahrt. Und in Deutschland wird an Himmelfahrt der Vatertag gefeiert. Historisch ist wird der \"Vatertag\" in Deutschland nicht wie der Muttertag begangen. Statt Fr\u00fchst\u00fcck am Bett und ein\u2026","rel":"","context":"In &quot;Holland&quot;","block_context":{"text":"Holland","link":"https:\/\/www.gaidaphotos.com\/blog\/category\/reise\/holland\/"},"img":{"alt_text":"","src":"https:\/\/i0.wp.com\/www.gaidaphotos.com\/blog\/wp-content\/uploads\/ngg_featured\/roermond-munsterkerk.jpg?fit=750%2C1000&ssl=1&resize=350%2C200","width":350,"height":200,"srcset":"https:\/\/i0.wp.com\/www.gaidaphotos.com\/blog\/wp-content\/uploads\/ngg_featured\/roermond-munsterkerk.jpg?fit=750%2C1000&ssl=1&resize=350%2C200 1x, https:\/\/i0.wp.com\/www.gaidaphotos.com\/blog\/wp-content\/uploads\/ngg_featured\/roermond-munsterkerk.jpg?fit=750%2C1000&ssl=1&resize=525%2C300 1.5x, https:\/\/i0.wp.com\/www.gaidaphotos.com\/blog\/wp-content\/uploads\/ngg_featured\/roermond-munsterkerk.jpg?fit=750%2C1000&ssl=1&resize=700%2C400 2x"},"classes":[]},{"id":2714,"url":"https:\/\/www.gaidaphotos.com\/blog\/2010\/03\/23\/verkaufsoffener-sonntag-feiertag-maastricht\/","url_meta":{"origin":3475,"position":2},"title":"Verkaufsoffener Sonntag &#038; Feiertag in Maastricht (NL)","author":"Thomas","date":"23. M\u00e4rz 2010","format":false,"excerpt":"verkaufsoffener Sonntag & Feiertag in Maastricht (Holland) Hier finden Sie eine \u00dcbersicht der verkaufsoffenen Sonntage und Feiertage in Maastricht Holland f\u00fcr 2010, sowie die \u00d6ffnungszeiten: Verkaufsoffener Sonntag 2010 Jeden ersten Sonntag im Monat sind in Maastricht die Gesch\u00e4fte von 12:00h bis 17\/18:00h ge\u00f6ffnet. Lediglich am Ostersonntag (04.04.2010) bleiben die Gesch\u00e4fte\u2026","rel":"","context":"In &quot;Maastricht: Einkaufen, Restaurant &amp; Freizeit&quot;","block_context":{"text":"Maastricht: Einkaufen, Restaurant &amp; Freizeit","link":"https:\/\/www.gaidaphotos.com\/blog\/category\/reise\/holland\/maastricht-einkaufen-restaurants\/"},"img":{"alt_text":"verkaufsoffener Sonntag\/Feiertag in Maastricht","src":"https:\/\/i0.wp.com\/www.gaidaphotos.com\/blog\/wp-content\/uploads\/2010\/03\/verkaufsoffener-sonntag-maastricht-224x300.jpg?resize=350%2C200&ssl=1","width":350,"height":200},"classes":[]},{"id":8357,"url":"https:\/\/www.gaidaphotos.com\/blog\/2015\/01\/22\/verkaufsoffene-sonntage-feiertage-2015\/","url_meta":{"origin":3475,"position":3},"title":"Verkaufsoffene Sonntage und Feiertage 2015","author":"Thomas","date":"22. Januar 2015","format":false,"excerpt":"Verkaufsoffene Sonntag und Feiertage 2015 in K\u00f6ln, Roermond, Maastricht und Mass Mechelen Die Termine f\u00fcr die verkaufsoffenen Sonntage und Feiertage in K\u00f6ln und den wichtigsten ausl\u00e4ndischen Nachbargemeinden, Maastricht und Roermond in Holland, Maas-mechelen in Belgien, haben wir aktualisiert. Wenn Sie in K\u00f6ln dann wieder vor geschlossenen T\u00fcren stehen, finden Sie\u2026","rel":"","context":"In &quot;Verkaufsoffener Sonntag K\u00f6ln NRW&quot;","block_context":{"text":"Verkaufsoffener Sonntag K\u00f6ln NRW","link":"https:\/\/www.gaidaphotos.com\/blog\/category\/kalender-archiv\/verkaufsoffener-sonntag-koln-nrw\/"},"img":{"alt_text":"","src":"https:\/\/i0.wp.com\/www.gaidaphotos.com\/blog\/wp-content\/uploads\/ngg_featured\/verkaufsoffen-kleiderpuppen-gpc.jpg?fit=1024%2C829&ssl=1&resize=350%2C200","width":350,"height":200,"srcset":"https:\/\/i0.wp.com\/www.gaidaphotos.com\/blog\/wp-content\/uploads\/ngg_featured\/verkaufsoffen-kleiderpuppen-gpc.jpg?fit=1024%2C829&ssl=1&resize=350%2C200 1x, https:\/\/i0.wp.com\/www.gaidaphotos.com\/blog\/wp-content\/uploads\/ngg_featured\/verkaufsoffen-kleiderpuppen-gpc.jpg?fit=1024%2C829&ssl=1&resize=525%2C300 1.5x, https:\/\/i0.wp.com\/www.gaidaphotos.com\/blog\/wp-content\/uploads\/ngg_featured\/verkaufsoffen-kleiderpuppen-gpc.jpg?fit=1024%2C829&ssl=1&resize=700%2C400 2x"},"classes":[]},{"id":3480,"url":"https:\/\/www.gaidaphotos.com\/blog\/2011\/01\/05\/flohmarkt-troedelmarkt-antikmarkt-maastricht-holland-2011\/","url_meta":{"origin":3475,"position":4},"title":"Flohmarkt &#8211; Tr\u00f6delmarkt &#8211; Antikmarkt Maastricht (Holland) 2011","author":"Thomas","date":"5. Januar 2011","format":false,"excerpt":"Flohmarkt - Tr\u00f6delmarkt - Antikmarkt Maastricht (Holland) 2011 Erg\u00e4nzung M\u00e4rz 2014: Die neuen Flohmarkttermine f\u00fcr Maastricht (Holland) 2014 sind da! Wenn Sie automatisch \u00fcber die Daten f\u00fcr Flohm\u00e4rkte in Holland informiert werden m\u00f6chten, abonnieren Sie unsere Beitr\u00e4ge (Symbol rechts oben) oder werden Sie Fan bei Facebook oder Google+. Maastricht ist\u2026","rel":"","context":"In &quot;Maastricht: Einkaufen, Restaurant &amp; Freizeit&quot;","block_context":{"text":"Maastricht: Einkaufen, Restaurant &amp; Freizeit","link":"https:\/\/www.gaidaphotos.com\/blog\/category\/reise\/holland\/maastricht-einkaufen-restaurants\/"},"img":{"alt_text":"","src":"https:\/\/i0.wp.com\/www.gaidaphotos.com\/blog\/wp-content\/uploads\/ngg_featured\/maastricht-verkaufsoffener-sonntag-feiertag-2012.jpg?fit=667%2C1000&ssl=1&resize=350%2C200","width":350,"height":200,"srcset":"https:\/\/i0.wp.com\/www.gaidaphotos.com\/blog\/wp-content\/uploads\/ngg_featured\/maastricht-verkaufsoffener-sonntag-feiertag-2012.jpg?fit=667%2C1000&ssl=1&resize=350%2C200 1x, https:\/\/i0.wp.com\/www.gaidaphotos.com\/blog\/wp-content\/uploads\/ngg_featured\/maastricht-verkaufsoffener-sonntag-feiertag-2012.jpg?fit=667%2C1000&ssl=1&resize=525%2C300 1.5x"},"classes":[]},{"id":6036,"url":"https:\/\/www.gaidaphotos.com\/blog\/2014\/01\/17\/verkaufsoffene-sonntage-feiertage-2014\/","url_meta":{"origin":3475,"position":5},"title":"verkaufsoffene Sonntage  und Feiertage 2014","author":"Thomas","date":"17. Januar 2014","format":false,"excerpt":"Verkaufsoffene Sonntage und Feiertage 2014 in K\u00f6ln dem benachbarten Ausland Verkaufsoffene Sonntage scheinen in K\u00f6ln und NRW auszusterben. Gerade einmal 3, in Worten \"drei\", verkaufsoffene Sonntage g\u00f6nnt die rot-gr\u00fcne Landesregierung ihren B\u00fcrgern. Kein Wunder, dass sich im benachbarten Ausland jede Menge Alternativen anbieten. Ob Maastricht, Roermond oder Maas-Mechelen - eine\u2026","rel":"","context":"In &quot;Stra\u00dfenfest K\u00f6ln&quot;","block_context":{"text":"Stra\u00dfenfest K\u00f6ln","link":"https:\/\/www.gaidaphotos.com\/blog\/category\/kalender-archiv\/strasenfest-koln\/"},"img":{"alt_text":"","src":"https:\/\/i0.wp.com\/www.gaidaphotos.com\/blog\/wp-content\/uploads\/ngg_featured\/sommerfest-koeln-rodenkirchen-07.jpg?fit=1200%2C800&ssl=1&resize=350%2C200","width":350,"height":200,"srcset":"https:\/\/i0.wp.com\/www.gaidaphotos.com\/blog\/wp-content\/uploads\/ngg_featured\/sommerfest-koeln-rodenkirchen-07.jpg?fit=1200%2C800&ssl=1&resize=350%2C200 1x, https:\/\/i0.wp.com\/www.gaidaphotos.com\/blog\/wp-content\/uploads\/ngg_featured\/sommerfest-koeln-rodenkirchen-07.jpg?fit=1200%2C800&ssl=1&resize=525%2C300 1.5x, https:\/\/i0.wp.com\/www.gaidaphotos.com\/blog\/wp-content\/uploads\/ngg_featured\/sommerfest-koeln-rodenkirchen-07.jpg?fit=1200%2C800&ssl=1&resize=700%2C400 2x, https:\/\/i0.wp.com\/www.gaidaphotos.com\/blog\/wp-content\/uploads\/ngg_featured\/sommerfest-koeln-rodenkirchen-07.jpg?fit=1200%2C800&ssl=1&resize=1050%2C600 3x"},"classes":[]}],"_links":{"self":[{"href":"https:\/\/www.gaidaphotos.com\/blog\/wp-json\/wp\/v2\/posts\/3475","targetHints":{"allow":["GET"]}}],"collection":[{"href":"https:\/\/www.gaidaphotos.com\/blog\/wp-json\/wp\/v2\/posts"}],"about":[{"href":"https:\/\/www.gaidaphotos.com\/blog\/wp-json\/wp\/v2\/types\/post"}],"author":[{"embeddable":true,"href":"https:\/\/www.gaidaphotos.com\/blog\/wp-json\/wp\/v2\/users\/6"}],"replies":[{"embeddable":true,"href":"https:\/\/www.gaidaphotos.com\/blog\/wp-json\/wp\/v2\/comments?post=3475"}],"version-history":[{"count":0,"href":"https:\/\/www.gaidaphotos.com\/blog\/wp-json\/wp\/v2\/posts\/3475\/revisions"}],"wp:featuredmedia":[{"embeddable":true,"href":"https:\/\/www.gaidaphotos.com\/blog\/wp-json\/wp\/v2\/media\/12256"}],"wp:attachment":[{"href":"https:\/\/www.gaidaphotos.com\/blog\/wp-json\/wp\/v2\/media?parent=3475"}],"wp:term":[{"taxonomy":"category","embeddable":true,"href":"https:\/\/www.gaidaphotos.com\/blog\/wp-json\/wp\/v2\/categories?post=3475"},{"taxonomy":"post_tag","embeddable":true,"href":"https:\/\/www.gaidaphotos.com\/blog\/wp-json\/wp\/v2\/tags?post=3475"}],"curies":[{"name":"wp","href":"https:\/\/api.w.org\/{rel}","templated":true}]}}