{"id":3486,"date":"2011-01-10T16:22:36","date_gmt":"2011-01-10T15:22:36","guid":{"rendered":"http:\/\/gaidaphotos.com\/blog\/?p=3486"},"modified":"2020-12-12T13:21:41","modified_gmt":"2020-12-12T12:21:41","slug":"rhein-hochwasser-2011-in-koeln-rodenkirchen-aktuelle-fotos","status":"publish","type":"post","link":"https:\/\/www.gaidaphotos.com\/blog\/2011\/01\/10\/rhein-hochwasser-2011-in-koeln-rodenkirchen-aktuelle-fotos\/","title":{"rendered":"Rhein-Hochwasser 2011 in K\u00f6ln-Rodenkirchen: Aktuelle Fotos"},"content":{"rendered":"<h2>Rhein-Hochwasser 2011 in K\u00f6ln-Rodenkirchen: Aktuelle Fotos<\/h2>\n<p>Eigentlich ist es jedes Jahr dasselbe. Erst regnet es stark und dann kommt das Hochwasser an Weihnachten. Alte Rodenkirchener kennen das Rhein-hochwassser zu dieser zeit als &#8222;Weihnachtshochwasser&#8220;. Und ebenso regelm\u00e4\u00dfig &#8222;soff&#8220; das Rheinufer und das Auenviertel in K\u00f6ln-Rodenkirchen ab.<\/p>\n<p>Seit einigen Jahren sch\u00fctzt ein umfangreiches Hochwasser-Werk, die tiefergelegenen Bereiche von K\u00f6ln und K\u00f6ln-Rodenkirchen vor dem Rheinhochwasser. Dazu wurde das Rheinufer neu gestaltet und es gingen ein paar Meter Wiese verloren. Daf\u00fcr haben wir jetzt eine gepflegte Promenade (1A f\u00fcr Inline Skates) und den Schutz vor dem Rheinhochwasser.<br \/>\nWie man erkennen kann, steht der Rhein ca. 50 cm von der Oberkante der Mauer entfernt. Mal sehen was die n\u00e4chsten Tage bringen. Der Scheitelpunkt des Rheinhochwasser 2011 wird f\u00fcr morgen Vormittag erwartet.<\/p>\n<h3>Rhein-Hochwasser 2011 in K\u00f6ln-Rodenkirchen: Aktuelle Fotos<\/h3>\n<p>ngg_shortcode_0_placeholderZudem haben die mobilen W\u00e4nde noch &#8222;Reserve&#8220; und auch die Mauer kann noch 1m erh\u00f6ht werden. Dazu werden auf der Mauerkrone Stahlplatten verankert.<br \/>\nWenn K\u00f6ln-rodenkirchen eine \u00dcberschwemmung drohen w\u00fcrde, m\u00fc\u00dften die Stahlw\u00e4nde jetzt schon aufgestellt werden. Aber es herrscht Ruhe an der (Hochwasser-)Front.<br \/>\nHoffen wir mit den Verantwortlichen, dass die Entscheidung richtig war.<\/p>\n<p>Und die viel wichtigere Erkenntnis steht noch aus. Wird das steigende Grundwasser durch die Hochwasserschutzmassnahmen zur\u00fcch gehalten. Viel gef\u00e4hrlicher als das Wasser von oben ist f\u00fcr Rodenkirchen das Wasser von unten, das Grundwasser, das dem Hochwasser folgend ebenfalls ansteigt.<br \/>\nDann sind viele tiefer gelegenen Stra\u00dfen und vor allem fast alle Keller\/H\u00e4user im alten teil von Rodenkirchen, bis an die Bahnlinie gef\u00e4hrdet?<br \/>\nUnmd was passiert mit der neuen Tiefgarage am Maternusplatz? Seit 2008 fertig gestellt hat sie noch keinem echten Hochwasser trotzen m\u00fcssen? Wird sie (rechtzeitig) geflutet? Wie beeinflu\u00dft das die Nachbarh\u00e4user an Maternusplatz und Maternusstra\u00dfe in K\u00f6ln-Rodenkirchen?<\/p>\n<h3>Rhein-Hochwasser 2011 in K\u00f6ln-Rodenkirchen: Zum Vergleich<br \/>\nDas Rheinufer und Rheinhochwasser in fr\u00fcheren Jahren:<\/h3>\n<p>ngg_shortcode_1_placeholder<br \/>\nHochwasser in K\u00f6ln-Rodenkirchen 1954<\/p>\n<p>ngg_shortcode_2_placeholder<br \/>\nDas Rheinufer im Sommer &#8211; 1969<\/p>\n<p>ngg_shortcode_3_placeholder<br \/>\nRheinhochwasser 2001 (M\u00e4rz): Sands\u00e4cke allein sch\u00fctzen die Rheinuferstra\u00dfe in K\u00f6ln-Rodenkirchen nicht.<\/p>\n<p>ngg_shortcode_4_placeholder<br \/>\nBau des Hochwasserschutzwerk in K\u00f6ln-Rodenkirchen 2005 (Februar)<\/p>\n<p>ngg_shortcode_5_placeholder<br \/>\nSpaziergang am Rheinufer (Leinpfad) im sonnigen April 2009<\/p>\n","protected":false},"excerpt":{"rendered":"<p>Rhein-Hochwasser 2011 in K\u00f6ln-Rodenkirchen: Aktuelle Fotos Eigentlich ist es jedes Jahr dasselbe. Erst regnet es stark und dann kommt das<\/p>\n","protected":false},"author":6,"featured_media":0,"comment_status":"open","ping_status":"open","sticky":false,"template":"","format":"standard","meta":{"_crdt_document":"","ngg_post_thumbnail":0,"jetpack_post_was_ever_published":false,"_jetpack_newsletter_access":"","_jetpack_dont_email_post_to_subs":false,"_jetpack_newsletter_tier_id":0,"_jetpack_memberships_contains_paywalled_content":false,"_jetpack_memberships_contains_paid_content":false,"footnotes":"","jetpack_publicize_message":"","jetpack_publicize_feature_enabled":true,"jetpack_social_post_already_shared":false,"jetpack_social_options":{"image_generator_settings":{"template":"highway","default_image_id":0,"font":"","enabled":false},"version":2}},"categories":[52,135],"tags":[538,113],"class_list":["post-3486","post","type-post","status-publish","format-standard","hentry","category-koeln-rodenkirchen","category-koeln_rodenkirchen-fotos","tag-koeln-rodenkirchen","tag-nachrichten"],"yoast_head":"<!-- This site is optimized with the Yoast SEO plugin v27.5 - https:\/\/yoast.com\/product\/yoast-seo-wordpress\/ -->\n<title>Rhein-Hochwasser 2011 in K\u00f6ln-Rodenkirchen: Aktuelle Fotos<\/title>\n<meta name=\"description\" content=\"Rhein-Hochwasser 2011 in K\u00f6ln-Rodenkirchen: Aktuelle Fotos &amp; Bericht, Vergleichsfotos aus Vorjahren\" \/>\n<meta name=\"robots\" content=\"index, follow, max-snippet:-1, max-image-preview:large, max-video-preview:-1\" \/>\n<link rel=\"canonical\" href=\"https:\/\/www.gaidaphotos.com\/blog\/2011\/01\/10\/rhein-hochwasser-2011-in-koeln-rodenkirchen-aktuelle-fotos\/\" \/>\n<meta property=\"og:locale\" content=\"de_DE\" \/>\n<meta property=\"og:type\" content=\"article\" \/>\n<meta property=\"og:title\" content=\"Rhein-Hochwasser 2011 in K\u00f6ln-Rodenkirchen: Aktuelle Fotos\" \/>\n<meta property=\"og:description\" content=\"Rhein-Hochwasser 2011 in K\u00f6ln-Rodenkirchen: Aktuelle Fotos &amp; Bericht, Vergleichsfotos aus Vorjahren\" \/>\n<meta property=\"og:url\" content=\"https:\/\/www.gaidaphotos.com\/blog\/2011\/01\/10\/rhein-hochwasser-2011-in-koeln-rodenkirchen-aktuelle-fotos\/\" \/>\n<meta property=\"og:site_name\" content=\"K\u00f6ln Rodenkirchen und die Welt\" \/>\n<meta property=\"article:publisher\" content=\"https:\/\/www.facebook.com\/Koeln.Rodenkirchen\" \/>\n<meta property=\"article:author\" content=\"https:\/\/www.facebook.com\/gaidaphotos\" \/>\n<meta property=\"article:published_time\" content=\"2011-01-10T15:22:36+00:00\" \/>\n<meta property=\"article:modified_time\" content=\"2020-12-12T12:21:41+00:00\" \/>\n<meta name=\"author\" content=\"Thomas\" \/>\n<meta name=\"twitter:card\" content=\"summary_large_image\" \/>\n<meta name=\"twitter:creator\" content=\"@gaidaphotos\" \/>\n<meta name=\"twitter:site\" content=\"@gaidaphotos\" \/>\n<meta name=\"twitter:label1\" content=\"Verfasst von\" \/>\n\t<meta name=\"twitter:data1\" content=\"Thomas\" \/>\n\t<meta name=\"twitter:label2\" content=\"Gesch\u00e4tzte Lesezeit\" \/>\n\t<meta name=\"twitter:data2\" content=\"2\u00a0Minuten\" \/>\n<script type=\"application\/ld+json\" class=\"yoast-schema-graph\">{\"@context\":\"https:\\\/\\\/schema.org\",\"@graph\":[{\"@type\":\"Article\",\"@id\":\"https:\\\/\\\/www.gaidaphotos.com\\\/blog\\\/2011\\\/01\\\/10\\\/rhein-hochwasser-2011-in-koeln-rodenkirchen-aktuelle-fotos\\\/#article\",\"isPartOf\":{\"@id\":\"https:\\\/\\\/www.gaidaphotos.com\\\/blog\\\/2011\\\/01\\\/10\\\/rhein-hochwasser-2011-in-koeln-rodenkirchen-aktuelle-fotos\\\/\"},\"author\":{\"name\":\"Thomas\",\"@id\":\"https:\\\/\\\/www.gaidaphotos.com\\\/blog\\\/#\\\/schema\\\/person\\\/6c444a5b13ffc503c5c32f5a9ec68b21\"},\"headline\":\"Rhein-Hochwasser 2011 in K\u00f6ln-Rodenkirchen: Aktuelle Fotos\",\"datePublished\":\"2011-01-10T15:22:36+00:00\",\"dateModified\":\"2020-12-12T12:21:41+00:00\",\"mainEntityOfPage\":{\"@id\":\"https:\\\/\\\/www.gaidaphotos.com\\\/blog\\\/2011\\\/01\\\/10\\\/rhein-hochwasser-2011-in-koeln-rodenkirchen-aktuelle-fotos\\\/\"},\"wordCount\":399,\"commentCount\":1,\"publisher\":{\"@id\":\"https:\\\/\\\/www.gaidaphotos.com\\\/blog\\\/#organization\"},\"keywords\":[\"K\u00f6ln Rodenkirchen\",\"Nachrichten\"],\"articleSection\":[\"K\u00f6ln Rodenkirchen\",\"K\u00f6ln-Rodenkirchen Fotos\"],\"inLanguage\":\"de\",\"potentialAction\":[{\"@type\":\"CommentAction\",\"name\":\"Comment\",\"target\":[\"https:\\\/\\\/www.gaidaphotos.com\\\/blog\\\/2011\\\/01\\\/10\\\/rhein-hochwasser-2011-in-koeln-rodenkirchen-aktuelle-fotos\\\/#respond\"]}]},{\"@type\":\"WebPage\",\"@id\":\"https:\\\/\\\/www.gaidaphotos.com\\\/blog\\\/2011\\\/01\\\/10\\\/rhein-hochwasser-2011-in-koeln-rodenkirchen-aktuelle-fotos\\\/\",\"url\":\"https:\\\/\\\/www.gaidaphotos.com\\\/blog\\\/2011\\\/01\\\/10\\\/rhein-hochwasser-2011-in-koeln-rodenkirchen-aktuelle-fotos\\\/\",\"name\":\"Rhein-Hochwasser 2011 in K\u00f6ln-Rodenkirchen: Aktuelle Fotos\",\"isPartOf\":{\"@id\":\"https:\\\/\\\/www.gaidaphotos.com\\\/blog\\\/#website\"},\"datePublished\":\"2011-01-10T15:22:36+00:00\",\"dateModified\":\"2020-12-12T12:21:41+00:00\",\"description\":\"Rhein-Hochwasser 2011 in K\u00f6ln-Rodenkirchen: Aktuelle Fotos & Bericht, Vergleichsfotos aus Vorjahren\",\"breadcrumb\":{\"@id\":\"https:\\\/\\\/www.gaidaphotos.com\\\/blog\\\/2011\\\/01\\\/10\\\/rhein-hochwasser-2011-in-koeln-rodenkirchen-aktuelle-fotos\\\/#breadcrumb\"},\"inLanguage\":\"de\",\"potentialAction\":[{\"@type\":\"ReadAction\",\"target\":[\"https:\\\/\\\/www.gaidaphotos.com\\\/blog\\\/2011\\\/01\\\/10\\\/rhein-hochwasser-2011-in-koeln-rodenkirchen-aktuelle-fotos\\\/\"]}]},{\"@type\":\"BreadcrumbList\",\"@id\":\"https:\\\/\\\/www.gaidaphotos.com\\\/blog\\\/2011\\\/01\\\/10\\\/rhein-hochwasser-2011-in-koeln-rodenkirchen-aktuelle-fotos\\\/#breadcrumb\",\"itemListElement\":[{\"@type\":\"ListItem\",\"position\":1,\"name\":\"Startseite\",\"item\":\"https:\\\/\\\/www.gaidaphotos.com\\\/blog\\\/\"},{\"@type\":\"ListItem\",\"position\":2,\"name\":\"Rhein-Hochwasser 2011 in K\u00f6ln-Rodenkirchen: Aktuelle Fotos\"}]},{\"@type\":\"WebSite\",\"@id\":\"https:\\\/\\\/www.gaidaphotos.com\\\/blog\\\/#website\",\"url\":\"https:\\\/\\\/www.gaidaphotos.com\\\/blog\\\/\",\"name\":\"K\u00f6ln Rodenkirchen und die Welt\",\"description\":\"Einkaufen, Restaurants, Freizeit, Nachrichten und was uns sonst bewegt und begegnet\",\"publisher\":{\"@id\":\"https:\\\/\\\/www.gaidaphotos.com\\\/blog\\\/#organization\"},\"potentialAction\":[{\"@type\":\"SearchAction\",\"target\":{\"@type\":\"EntryPoint\",\"urlTemplate\":\"https:\\\/\\\/www.gaidaphotos.com\\\/blog\\\/?s={search_term_string}\"},\"query-input\":{\"@type\":\"PropertyValueSpecification\",\"valueRequired\":true,\"valueName\":\"search_term_string\"}}],\"inLanguage\":\"de\"},{\"@type\":\"Organization\",\"@id\":\"https:\\\/\\\/www.gaidaphotos.com\\\/blog\\\/#organization\",\"name\":\"gaidaphotos\",\"url\":\"https:\\\/\\\/www.gaidaphotos.com\\\/blog\\\/\",\"logo\":{\"@type\":\"ImageObject\",\"inLanguage\":\"de\",\"@id\":\"https:\\\/\\\/www.gaidaphotos.com\\\/blog\\\/#\\\/schema\\\/logo\\\/image\\\/\",\"url\":\"https:\\\/\\\/i0.wp.com\\\/www.gaidaphotos.com\\\/blog\\\/wp-content\\\/uploads\\\/2020\\\/07\\\/GAIDAPHOTOS-COM.jpg?fit=160%2C96&ssl=1\",\"contentUrl\":\"https:\\\/\\\/i0.wp.com\\\/www.gaidaphotos.com\\\/blog\\\/wp-content\\\/uploads\\\/2020\\\/07\\\/GAIDAPHOTOS-COM.jpg?fit=160%2C96&ssl=1\",\"width\":160,\"height\":96,\"caption\":\"gaidaphotos\"},\"image\":{\"@id\":\"https:\\\/\\\/www.gaidaphotos.com\\\/blog\\\/#\\\/schema\\\/logo\\\/image\\\/\"},\"sameAs\":[\"https:\\\/\\\/www.facebook.com\\\/Koeln.Rodenkirchen\",\"https:\\\/\\\/x.com\\\/gaidaphotos\",\"https:\\\/\\\/instagram.com\\\/gaidaphotos\\\/\",\"https:\\\/\\\/de.linkedin.com\\\/in\\\/gaidaphotos\",\"https:\\\/\\\/myspace.com\\\/gaidaphotos\",\"https:\\\/\\\/www.pinterest.com\\\/gaidaphotos\\\/\",\"https:\\\/\\\/www.youtube.com\\\/user\\\/gaidaphotos\"]},{\"@type\":\"Person\",\"@id\":\"https:\\\/\\\/www.gaidaphotos.com\\\/blog\\\/#\\\/schema\\\/person\\\/6c444a5b13ffc503c5c32f5a9ec68b21\",\"name\":\"Thomas\",\"sameAs\":[\"https:\\\/\\\/www.gaidaphotos.com\",\"https:\\\/\\\/www.facebook.com\\\/gaidaphotos\",\"https:\\\/\\\/instagram.com\\\/gaidaphotos\\\/\",\"https:\\\/\\\/www.linkedin.com\\\/in\\\/gaidaphotos\",\"http:\\\/\\\/www.pinterest.com\\\/gaidaphotos\\\/\",\"https:\\\/\\\/x.com\\\/gaidaphotos\",\"https:\\\/\\\/myspace.com\\\/gaidaphotos\",\"https:\\\/\\\/www.youtube.com\\\/user\\\/gaidaphotos\",\"https:\\\/\\\/gaidaphotos.tumblr.com\\\/\"]}]}<\/script>\n<!-- \/ Yoast SEO plugin. -->","yoast_head_json":{"title":"Rhein-Hochwasser 2011 in K\u00f6ln-Rodenkirchen: Aktuelle Fotos","description":"Rhein-Hochwasser 2011 in K\u00f6ln-Rodenkirchen: Aktuelle Fotos & Bericht, Vergleichsfotos aus Vorjahren","robots":{"index":"index","follow":"follow","max-snippet":"max-snippet:-1","max-image-preview":"max-image-preview:large","max-video-preview":"max-video-preview:-1"},"canonical":"https:\/\/www.gaidaphotos.com\/blog\/2011\/01\/10\/rhein-hochwasser-2011-in-koeln-rodenkirchen-aktuelle-fotos\/","og_locale":"de_DE","og_type":"article","og_title":"Rhein-Hochwasser 2011 in K\u00f6ln-Rodenkirchen: Aktuelle Fotos","og_description":"Rhein-Hochwasser 2011 in K\u00f6ln-Rodenkirchen: Aktuelle Fotos & Bericht, Vergleichsfotos aus Vorjahren","og_url":"https:\/\/www.gaidaphotos.com\/blog\/2011\/01\/10\/rhein-hochwasser-2011-in-koeln-rodenkirchen-aktuelle-fotos\/","og_site_name":"K\u00f6ln Rodenkirchen und die Welt","article_publisher":"https:\/\/www.facebook.com\/Koeln.Rodenkirchen","article_author":"https:\/\/www.facebook.com\/gaidaphotos","article_published_time":"2011-01-10T15:22:36+00:00","article_modified_time":"2020-12-12T12:21:41+00:00","author":"Thomas","twitter_card":"summary_large_image","twitter_creator":"@gaidaphotos","twitter_site":"@gaidaphotos","twitter_misc":{"Verfasst von":"Thomas","Gesch\u00e4tzte Lesezeit":"2\u00a0Minuten"},"schema":{"@context":"https:\/\/schema.org","@graph":[{"@type":"Article","@id":"https:\/\/www.gaidaphotos.com\/blog\/2011\/01\/10\/rhein-hochwasser-2011-in-koeln-rodenkirchen-aktuelle-fotos\/#article","isPartOf":{"@id":"https:\/\/www.gaidaphotos.com\/blog\/2011\/01\/10\/rhein-hochwasser-2011-in-koeln-rodenkirchen-aktuelle-fotos\/"},"author":{"name":"Thomas","@id":"https:\/\/www.gaidaphotos.com\/blog\/#\/schema\/person\/6c444a5b13ffc503c5c32f5a9ec68b21"},"headline":"Rhein-Hochwasser 2011 in K\u00f6ln-Rodenkirchen: Aktuelle Fotos","datePublished":"2011-01-10T15:22:36+00:00","dateModified":"2020-12-12T12:21:41+00:00","mainEntityOfPage":{"@id":"https:\/\/www.gaidaphotos.com\/blog\/2011\/01\/10\/rhein-hochwasser-2011-in-koeln-rodenkirchen-aktuelle-fotos\/"},"wordCount":399,"commentCount":1,"publisher":{"@id":"https:\/\/www.gaidaphotos.com\/blog\/#organization"},"keywords":["K\u00f6ln Rodenkirchen","Nachrichten"],"articleSection":["K\u00f6ln Rodenkirchen","K\u00f6ln-Rodenkirchen Fotos"],"inLanguage":"de","potentialAction":[{"@type":"CommentAction","name":"Comment","target":["https:\/\/www.gaidaphotos.com\/blog\/2011\/01\/10\/rhein-hochwasser-2011-in-koeln-rodenkirchen-aktuelle-fotos\/#respond"]}]},{"@type":"WebPage","@id":"https:\/\/www.gaidaphotos.com\/blog\/2011\/01\/10\/rhein-hochwasser-2011-in-koeln-rodenkirchen-aktuelle-fotos\/","url":"https:\/\/www.gaidaphotos.com\/blog\/2011\/01\/10\/rhein-hochwasser-2011-in-koeln-rodenkirchen-aktuelle-fotos\/","name":"Rhein-Hochwasser 2011 in K\u00f6ln-Rodenkirchen: Aktuelle Fotos","isPartOf":{"@id":"https:\/\/www.gaidaphotos.com\/blog\/#website"},"datePublished":"2011-01-10T15:22:36+00:00","dateModified":"2020-12-12T12:21:41+00:00","description":"Rhein-Hochwasser 2011 in K\u00f6ln-Rodenkirchen: Aktuelle Fotos & Bericht, Vergleichsfotos aus Vorjahren","breadcrumb":{"@id":"https:\/\/www.gaidaphotos.com\/blog\/2011\/01\/10\/rhein-hochwasser-2011-in-koeln-rodenkirchen-aktuelle-fotos\/#breadcrumb"},"inLanguage":"de","potentialAction":[{"@type":"ReadAction","target":["https:\/\/www.gaidaphotos.com\/blog\/2011\/01\/10\/rhein-hochwasser-2011-in-koeln-rodenkirchen-aktuelle-fotos\/"]}]},{"@type":"BreadcrumbList","@id":"https:\/\/www.gaidaphotos.com\/blog\/2011\/01\/10\/rhein-hochwasser-2011-in-koeln-rodenkirchen-aktuelle-fotos\/#breadcrumb","itemListElement":[{"@type":"ListItem","position":1,"name":"Startseite","item":"https:\/\/www.gaidaphotos.com\/blog\/"},{"@type":"ListItem","position":2,"name":"Rhein-Hochwasser 2011 in K\u00f6ln-Rodenkirchen: Aktuelle Fotos"}]},{"@type":"WebSite","@id":"https:\/\/www.gaidaphotos.com\/blog\/#website","url":"https:\/\/www.gaidaphotos.com\/blog\/","name":"K\u00f6ln Rodenkirchen und die Welt","description":"Einkaufen, Restaurants, Freizeit, Nachrichten und was uns sonst bewegt und begegnet","publisher":{"@id":"https:\/\/www.gaidaphotos.com\/blog\/#organization"},"potentialAction":[{"@type":"SearchAction","target":{"@type":"EntryPoint","urlTemplate":"https:\/\/www.gaidaphotos.com\/blog\/?s={search_term_string}"},"query-input":{"@type":"PropertyValueSpecification","valueRequired":true,"valueName":"search_term_string"}}],"inLanguage":"de"},{"@type":"Organization","@id":"https:\/\/www.gaidaphotos.com\/blog\/#organization","name":"gaidaphotos","url":"https:\/\/www.gaidaphotos.com\/blog\/","logo":{"@type":"ImageObject","inLanguage":"de","@id":"https:\/\/www.gaidaphotos.com\/blog\/#\/schema\/logo\/image\/","url":"https:\/\/i0.wp.com\/www.gaidaphotos.com\/blog\/wp-content\/uploads\/2020\/07\/GAIDAPHOTOS-COM.jpg?fit=160%2C96&ssl=1","contentUrl":"https:\/\/i0.wp.com\/www.gaidaphotos.com\/blog\/wp-content\/uploads\/2020\/07\/GAIDAPHOTOS-COM.jpg?fit=160%2C96&ssl=1","width":160,"height":96,"caption":"gaidaphotos"},"image":{"@id":"https:\/\/www.gaidaphotos.com\/blog\/#\/schema\/logo\/image\/"},"sameAs":["https:\/\/www.facebook.com\/Koeln.Rodenkirchen","https:\/\/x.com\/gaidaphotos","https:\/\/instagram.com\/gaidaphotos\/","https:\/\/de.linkedin.com\/in\/gaidaphotos","https:\/\/myspace.com\/gaidaphotos","https:\/\/www.pinterest.com\/gaidaphotos\/","https:\/\/www.youtube.com\/user\/gaidaphotos"]},{"@type":"Person","@id":"https:\/\/www.gaidaphotos.com\/blog\/#\/schema\/person\/6c444a5b13ffc503c5c32f5a9ec68b21","name":"Thomas","sameAs":["https:\/\/www.gaidaphotos.com","https:\/\/www.facebook.com\/gaidaphotos","https:\/\/instagram.com\/gaidaphotos\/","https:\/\/www.linkedin.com\/in\/gaidaphotos","http:\/\/www.pinterest.com\/gaidaphotos\/","https:\/\/x.com\/gaidaphotos","https:\/\/myspace.com\/gaidaphotos","https:\/\/www.youtube.com\/user\/gaidaphotos","https:\/\/gaidaphotos.tumblr.com\/"]}]}},"jetpack_publicize_connections":[],"jetpack_featured_media_url":"","jetpack_sharing_enabled":true,"jetpack_likes_enabled":true,"jetpack-related-posts":[{"id":3488,"url":"https:\/\/www.gaidaphotos.com\/blog\/2011\/01\/11\/rheinhochwasser-11-01-2011-koeln-foto\/","url_meta":{"origin":3486,"position":0},"title":"Rheinhochwasser 11.01.2011 in K\u00f6ln: Scheitelpunkt erreicht &#8211; Fotos","author":"Thomas","date":"11. Januar 2011","format":false,"excerpt":"Rheinhochwasser 11.01.2011 in K\u00f6ln: Scheitelpunkt erreicht\/Keine Gefahr In K\u00f6ln erreichte das Hochwasser sp\u00e4t am Montagabend mit 8,91 Metern seinen H\u00f6chststand, laut Hochwasserschutzzentrale. Das Hochwasser bleibt damit entgegen fr\u00fcheren Erwartungen unter der Neun-Meter-Marke. Heute Morgen (Dienstag 11.1.2011) war der K\u00f6lner Rhein-Pegel bereits wieder auf 8,75 Meter gesunken. Ein erneuter Anstieg des\u2026","rel":"","context":"In &quot;K\u00f6ln Rodenkirchen&quot;","block_context":{"text":"K\u00f6ln Rodenkirchen","link":"https:\/\/www.gaidaphotos.com\/blog\/category\/koeln-rodenkirchen\/"},"img":{"alt_text":"","src":"","width":0,"height":0},"classes":[]},{"id":2606,"url":"https:\/\/www.gaidaphotos.com\/blog\/2010\/02\/22\/rhein-rodenkirchen-hochwasser-niedrigwasser\/","url_meta":{"origin":3486,"position":1},"title":"Rhein und Rodenkirchen: Hochwasser und Niedrigwasser","author":"Thomas","date":"22. Februar 2010","format":false,"excerpt":"Rhein und Rodenkirchen: Hochwasser und Niedrigwasser bestimmen den Jahresverlauf K\u00f6ln-Rodenkirchen liegt im Rheinbogen s\u00fcdlich von K\u00f6ln. Das j\u00e4hrliche Weihnachts- und Oster-Hochwasser und die Trockenzeit mit Niedrigwasser im Herbst bestimmen das Leben der Uferanlieger in Rodenkirchen. Durch die neuen Hochwasserschutz-Ma\u00dfnahmen sollte die Uferstra\u00dfe bei k\u00fcnftigem Hochwasser nicht mehr \u00fcberflutet werden (2.\u2026","rel":"","context":"In &quot;K\u00f6ln Rodenkirchen&quot;","block_context":{"text":"K\u00f6ln Rodenkirchen","link":"https:\/\/www.gaidaphotos.com\/blog\/category\/koeln-rodenkirchen\/"},"img":{"alt_text":"","src":"https:\/\/i0.wp.com\/www.gaidaphotos.com\/blog\/wp-content\/uploads\/2010\/02\/koeln-rodenkirchen-hochwasser-021.jpg?resize=350%2C200","width":350,"height":200},"classes":[]},{"id":3490,"url":"https:\/\/www.gaidaphotos.com\/blog\/2011\/01\/18\/verkaufsoffener-sonntag-23-1-2011-in-koeln-nrw\/","url_meta":{"origin":3486,"position":2},"title":"Verkaufsoffener Sonntag 23.1.2011 in K\u00f6ln (NRW)?","author":"Thomas","date":"18. Januar 2011","format":false,"excerpt":"Verkaufsoffener Sonntag 23.1.2011 in K\u00f6ln? In welchem K\u00f6lner Veedel oder Stadteil sind am 23.1.2011 die Gesch\u00e4fte ge\u00f6ffnet (verkaufsoffener Sonntag)? Wir sagen Ihnen nicht nur wo sondern auch was am verkaufsoffenen Sonntag in K\u00f6ln alles geboten wird. Begleitprogramm zum verkaufsoffenen Sonnatg in K\u00f6ln mit K\u00fcnstlern und allen anderen Informationen rund um\u2026","rel":"","context":"In &quot;Verkaufsoffener Sonntag K\u00f6ln NRW&quot;","block_context":{"text":"Verkaufsoffener Sonntag K\u00f6ln NRW","link":"https:\/\/www.gaidaphotos.com\/blog\/category\/kalender-archiv\/verkaufsoffener-sonntag-koln-nrw\/"},"img":{"alt_text":"","src":"","width":0,"height":0},"classes":[]},{"id":2180,"url":"https:\/\/www.gaidaphotos.com\/blog\/2009\/10\/15\/koeln-rodenkirchen-restaurant-restaurants-am-rheinufer-2\/","url_meta":{"origin":3486,"position":3},"title":"K\u00f6ln-Rodenkirchen Restaurant: Restaurants am Rheinufer 2","author":"Thomas","date":"15. Oktober 2009","format":false,"excerpt":"Vor einiger Zeit haben wir Euch die Restaurants am Rheinufer in K\u00f6ln-Rodenkirchen von der Autobahnbr\u00fccke im Norden bis zur Barbarastra\u00dfe vorgestellt. Heute folgen die Lokale am Rhein von der Uferstra\u00dfe bis zum Wei\u00dfer Bogen. Mit dem \"Wei\u00dfer Bogen\" endet die Uferstra\u00dfe am Rhein in K\u00f6ln-Rodenkirchen\u00b4f\u00fcr Fahrzeuge. Es lohnt sich der\u2026","rel":"","context":"In &quot;K\u00f6ln Rodenkirchen Restaurant&quot;","block_context":{"text":"K\u00f6ln Rodenkirchen Restaurant","link":"https:\/\/www.gaidaphotos.com\/blog\/category\/koeln-rodenkirchen\/koeln-rodenkirchen-restaurant\/"},"img":{"alt_text":"Koeln Rodenkirchen Restaurants am Rhein","src":"https:\/\/i0.wp.com\/www.gaidaphotos.com\/blog\/wp-content\/uploads\/2009\/10\/haus-berger-300x200.jpg?resize=350%2C200&ssl=1","width":350,"height":200},"classes":[]},{"id":3839,"url":"https:\/\/www.gaidaphotos.com\/blog\/2011\/11\/30\/rhein-niedrigwasser-2011\/","url_meta":{"origin":3486,"position":4},"title":"Rhein Niedrigwasser 2011: Ich bin dann mal weg","author":"Thomas","date":"30. November 2011","format":false,"excerpt":"Ganz so schlimm ist es dann doch nicht. Der Rhein ist schon ein gro\u00dfer Strom, der so schnell nicht zum Rinnsal wird. Aber als der Rhein-Pegel bei K\u00f6ln unter die Marke von 1 Meter fiel, trat das Ufer in K\u00f6ln Rodenkirchen wieder einmal deutlich hervor.Aber noch fahren die Schiffe und\u2026","rel":"","context":"In &quot;K\u00f6ln-Rodenkirchen Fotos&quot;","block_context":{"text":"K\u00f6ln-Rodenkirchen Fotos","link":"https:\/\/www.gaidaphotos.com\/blog\/category\/foto\/koeln_rodenkirchen-fotos\/"},"img":{"alt_text":"","src":"https:\/\/www.gaidaphotos.com\/blog\/wp-content\/uploads\/2020\/08\/nggallery_import\/85_","width":350,"height":200,"srcset":"https:\/\/www.gaidaphotos.com\/blog\/wp-content\/uploads\/2020\/08\/nggallery_import\/85_ 1x, https:\/\/www.gaidaphotos.com\/blog\/wp-content\/uploads\/2020\/08\/nggallery_import\/85_ 1.5x"},"classes":[]},{"id":3489,"url":"https:\/\/www.gaidaphotos.com\/blog\/2011\/01\/12\/verkaufsoffener-sonntag-16-1-2011-in-koeln-nrw\/","url_meta":{"origin":3486,"position":5},"title":"Verkaufsoffener Sonntag 16.1.2011 in K\u00f6ln (NRW)?","author":"Thomas","date":"12. Januar 2011","format":false,"excerpt":"Verkaufsoffener Sonntag 16.1.2011 in K\u00f6ln (NRW)?? In welchem K\u00f6lner Veedel oder Stadteil sind am 16.1.2011 die Gesch\u00e4fte ge\u00f6ffnet (verkaufsoffener Sonntag)? Wir sagen Ihnen nicht nur wo sondern auch was am verkaufsoffenen Sonntag in K\u00f6ln alles geboten wird. Begleitprogramm zum verkaufsoffenen Sonnatg in K\u00f6ln mit K\u00fcnstlern und allen anderen Informationen rund\u2026","rel":"","context":"In &quot;Verkaufsoffener Sonntag K\u00f6ln NRW&quot;","block_context":{"text":"Verkaufsoffener Sonntag K\u00f6ln NRW","link":"https:\/\/www.gaidaphotos.com\/blog\/category\/kalender-archiv\/verkaufsoffener-sonntag-koln-nrw\/"},"img":{"alt_text":"","src":"","width":0,"height":0},"classes":[]}],"_links":{"self":[{"href":"https:\/\/www.gaidaphotos.com\/blog\/wp-json\/wp\/v2\/posts\/3486","targetHints":{"allow":["GET"]}}],"collection":[{"href":"https:\/\/www.gaidaphotos.com\/blog\/wp-json\/wp\/v2\/posts"}],"about":[{"href":"https:\/\/www.gaidaphotos.com\/blog\/wp-json\/wp\/v2\/types\/post"}],"author":[{"embeddable":true,"href":"https:\/\/www.gaidaphotos.com\/blog\/wp-json\/wp\/v2\/users\/6"}],"replies":[{"embeddable":true,"href":"https:\/\/www.gaidaphotos.com\/blog\/wp-json\/wp\/v2\/comments?post=3486"}],"version-history":[{"count":0,"href":"https:\/\/www.gaidaphotos.com\/blog\/wp-json\/wp\/v2\/posts\/3486\/revisions"}],"wp:attachment":[{"href":"https:\/\/www.gaidaphotos.com\/blog\/wp-json\/wp\/v2\/media?parent=3486"}],"wp:term":[{"taxonomy":"category","embeddable":true,"href":"https:\/\/www.gaidaphotos.com\/blog\/wp-json\/wp\/v2\/categories?post=3486"},{"taxonomy":"post_tag","embeddable":true,"href":"https:\/\/www.gaidaphotos.com\/blog\/wp-json\/wp\/v2\/tags?post=3486"}],"curies":[{"name":"wp","href":"https:\/\/api.w.org\/{rel}","templated":true}]}}