{"id":3488,"date":"2011-01-11T11:36:23","date_gmt":"2011-01-11T10:36:23","guid":{"rendered":"http:\/\/gaidaphotos.com\/blog\/?p=3488"},"modified":"2011-01-11T11:36:23","modified_gmt":"2011-01-11T10:36:23","slug":"rheinhochwasser-11-01-2011-koeln-foto","status":"publish","type":"post","link":"https:\/\/www.gaidaphotos.com\/blog\/2011\/01\/11\/rheinhochwasser-11-01-2011-koeln-foto\/","title":{"rendered":"Rheinhochwasser 11.01.2011 in K\u00f6ln: Scheitelpunkt erreicht &#8211; Fotos"},"content":{"rendered":"<h2>Rheinhochwasser 11.01.2011 in K\u00f6ln:<br \/>\nScheitelpunkt erreicht\/Keine Gefahr<\/h2>\n<p>In K\u00f6ln erreichte das Hochwasser sp\u00e4t am Montagabend mit 8,91 Metern seinen H\u00f6chststand, laut <a href=\"http:\/\/www.steb-koeln.de\/hochwasser.html\" rel=\"nofollow\" target=\"_blank\">Hochwasserschutzzentrale<\/a>. Das Hochwasser bleibt damit entgegen fr\u00fcheren Erwartungen unter der Neun-Meter-Marke. Heute Morgen (Dienstag 11.1.2011) war der K\u00f6lner Rhein-Pegel bereits wieder auf 8,75 Meter gesunken.<br \/>\nEin erneuter Anstieg des Rheinhochwasser wird erst bei ergiebigen Regenf\u00e4llen im Einzugsgebiet erwartet.<\/p>\n<h3>Rheinhochwasser 11.01.2011 in K\u00f6ln: Aktuelle Fotos aus K\u00f6ln-Rodenkirchen<\/h3>\nngg_shortcode_0_placeholder\nngg_shortcode_1_placeholder\nngg_shortcode_2_placeholder\nngg_shortcode_3_placeholder\n","protected":false},"excerpt":{"rendered":"<p>Rheinhochwasser 11.01.2011 in K\u00f6ln: Scheitelpunkt erreicht\/Keine Gefahr In K\u00f6ln erreichte das Hochwasser sp\u00e4t am Montagabend mit 8,91 Metern seinen H\u00f6chststand,<\/p>\n","protected":false},"author":6,"featured_media":0,"comment_status":"open","ping_status":"open","sticky":false,"template":"","format":"standard","meta":{"_crdt_document":"","ngg_post_thumbnail":0,"jetpack_post_was_ever_published":false,"_jetpack_newsletter_access":"","_jetpack_dont_email_post_to_subs":false,"_jetpack_newsletter_tier_id":0,"_jetpack_memberships_contains_paywalled_content":false,"_jetpack_memberships_contains_paid_content":false,"footnotes":"","jetpack_publicize_message":"","jetpack_publicize_feature_enabled":true,"jetpack_social_post_already_shared":false,"jetpack_social_options":{"image_generator_settings":{"template":"highway","default_image_id":0,"font":"","enabled":false},"version":2}},"categories":[52,135],"tags":[538,113],"class_list":["post-3488","post","type-post","status-publish","format-standard","hentry","category-koeln-rodenkirchen","category-koeln_rodenkirchen-fotos","tag-koeln-rodenkirchen","tag-nachrichten"],"yoast_head":"<!-- This site is optimized with the Yoast SEO plugin v27.5 - https:\/\/yoast.com\/product\/yoast-seo-wordpress\/ -->\n<title>Rheinhochwasser 11.01.2011 in K\u00f6ln: Scheitelpunkt erreicht<\/title>\n<meta name=\"description\" content=\"Rheinhochwasser 11.01.2011 in K\u00f6ln: Scheitelpunkt erreicht - aktuelle Fotos und Bericht aus K\u00f6ln-Rodenkirchen\" \/>\n<meta name=\"robots\" content=\"index, follow, max-snippet:-1, max-image-preview:large, max-video-preview:-1\" \/>\n<link rel=\"canonical\" href=\"https:\/\/www.gaidaphotos.com\/blog\/2011\/01\/11\/rheinhochwasser-11-01-2011-koeln-foto\/\" \/>\n<meta property=\"og:locale\" content=\"de_DE\" \/>\n<meta property=\"og:type\" content=\"article\" \/>\n<meta property=\"og:title\" content=\"Rheinhochwasser 11.01.2011 in K\u00f6ln: Scheitelpunkt erreicht\" \/>\n<meta property=\"og:description\" content=\"Rheinhochwasser 11.01.2011 in K\u00f6ln: Scheitelpunkt erreicht - aktuelle Fotos und Bericht aus K\u00f6ln-Rodenkirchen\" \/>\n<meta property=\"og:url\" content=\"https:\/\/www.gaidaphotos.com\/blog\/2011\/01\/11\/rheinhochwasser-11-01-2011-koeln-foto\/\" \/>\n<meta property=\"og:site_name\" content=\"K\u00f6ln Rodenkirchen und die Welt\" \/>\n<meta property=\"article:publisher\" content=\"https:\/\/www.facebook.com\/Koeln.Rodenkirchen\" \/>\n<meta property=\"article:author\" content=\"https:\/\/www.facebook.com\/gaidaphotos\" \/>\n<meta property=\"article:published_time\" content=\"2011-01-11T10:36:23+00:00\" \/>\n<meta name=\"author\" content=\"Thomas\" \/>\n<meta name=\"twitter:card\" content=\"summary_large_image\" \/>\n<meta name=\"twitter:creator\" content=\"@gaidaphotos\" \/>\n<meta name=\"twitter:site\" content=\"@gaidaphotos\" \/>\n<meta name=\"twitter:label1\" content=\"Verfasst von\" \/>\n\t<meta name=\"twitter:data1\" content=\"Thomas\" \/>\n<script type=\"application\/ld+json\" class=\"yoast-schema-graph\">{\"@context\":\"https:\\\/\\\/schema.org\",\"@graph\":[{\"@type\":\"Article\",\"@id\":\"https:\\\/\\\/www.gaidaphotos.com\\\/blog\\\/2011\\\/01\\\/11\\\/rheinhochwasser-11-01-2011-koeln-foto\\\/#article\",\"isPartOf\":{\"@id\":\"https:\\\/\\\/www.gaidaphotos.com\\\/blog\\\/2011\\\/01\\\/11\\\/rheinhochwasser-11-01-2011-koeln-foto\\\/\"},\"author\":{\"name\":\"Thomas\",\"@id\":\"https:\\\/\\\/www.gaidaphotos.com\\\/blog\\\/#\\\/schema\\\/person\\\/6c444a5b13ffc503c5c32f5a9ec68b21\"},\"headline\":\"Rheinhochwasser 11.01.2011 in K\u00f6ln: Scheitelpunkt erreicht &#8211; Fotos\",\"datePublished\":\"2011-01-11T10:36:23+00:00\",\"mainEntityOfPage\":{\"@id\":\"https:\\\/\\\/www.gaidaphotos.com\\\/blog\\\/2011\\\/01\\\/11\\\/rheinhochwasser-11-01-2011-koeln-foto\\\/\"},\"wordCount\":100,\"commentCount\":1,\"publisher\":{\"@id\":\"https:\\\/\\\/www.gaidaphotos.com\\\/blog\\\/#organization\"},\"keywords\":[\"K\u00f6ln Rodenkirchen\",\"Nachrichten\"],\"articleSection\":[\"K\u00f6ln Rodenkirchen\",\"K\u00f6ln-Rodenkirchen Fotos\"],\"inLanguage\":\"de\",\"potentialAction\":[{\"@type\":\"CommentAction\",\"name\":\"Comment\",\"target\":[\"https:\\\/\\\/www.gaidaphotos.com\\\/blog\\\/2011\\\/01\\\/11\\\/rheinhochwasser-11-01-2011-koeln-foto\\\/#respond\"]}]},{\"@type\":\"WebPage\",\"@id\":\"https:\\\/\\\/www.gaidaphotos.com\\\/blog\\\/2011\\\/01\\\/11\\\/rheinhochwasser-11-01-2011-koeln-foto\\\/\",\"url\":\"https:\\\/\\\/www.gaidaphotos.com\\\/blog\\\/2011\\\/01\\\/11\\\/rheinhochwasser-11-01-2011-koeln-foto\\\/\",\"name\":\"Rheinhochwasser 11.01.2011 in K\u00f6ln: Scheitelpunkt erreicht\",\"isPartOf\":{\"@id\":\"https:\\\/\\\/www.gaidaphotos.com\\\/blog\\\/#website\"},\"datePublished\":\"2011-01-11T10:36:23+00:00\",\"description\":\"Rheinhochwasser 11.01.2011 in K\u00f6ln: Scheitelpunkt erreicht - aktuelle Fotos und Bericht aus K\u00f6ln-Rodenkirchen\",\"breadcrumb\":{\"@id\":\"https:\\\/\\\/www.gaidaphotos.com\\\/blog\\\/2011\\\/01\\\/11\\\/rheinhochwasser-11-01-2011-koeln-foto\\\/#breadcrumb\"},\"inLanguage\":\"de\",\"potentialAction\":[{\"@type\":\"ReadAction\",\"target\":[\"https:\\\/\\\/www.gaidaphotos.com\\\/blog\\\/2011\\\/01\\\/11\\\/rheinhochwasser-11-01-2011-koeln-foto\\\/\"]}]},{\"@type\":\"BreadcrumbList\",\"@id\":\"https:\\\/\\\/www.gaidaphotos.com\\\/blog\\\/2011\\\/01\\\/11\\\/rheinhochwasser-11-01-2011-koeln-foto\\\/#breadcrumb\",\"itemListElement\":[{\"@type\":\"ListItem\",\"position\":1,\"name\":\"Startseite\",\"item\":\"https:\\\/\\\/www.gaidaphotos.com\\\/blog\\\/\"},{\"@type\":\"ListItem\",\"position\":2,\"name\":\"Rheinhochwasser 11.01.2011 in K\u00f6ln: Scheitelpunkt erreicht &#8211; Fotos\"}]},{\"@type\":\"WebSite\",\"@id\":\"https:\\\/\\\/www.gaidaphotos.com\\\/blog\\\/#website\",\"url\":\"https:\\\/\\\/www.gaidaphotos.com\\\/blog\\\/\",\"name\":\"K\u00f6ln Rodenkirchen und die Welt\",\"description\":\"Einkaufen, Restaurants, Freizeit, Nachrichten und was uns sonst bewegt und begegnet\",\"publisher\":{\"@id\":\"https:\\\/\\\/www.gaidaphotos.com\\\/blog\\\/#organization\"},\"potentialAction\":[{\"@type\":\"SearchAction\",\"target\":{\"@type\":\"EntryPoint\",\"urlTemplate\":\"https:\\\/\\\/www.gaidaphotos.com\\\/blog\\\/?s={search_term_string}\"},\"query-input\":{\"@type\":\"PropertyValueSpecification\",\"valueRequired\":true,\"valueName\":\"search_term_string\"}}],\"inLanguage\":\"de\"},{\"@type\":\"Organization\",\"@id\":\"https:\\\/\\\/www.gaidaphotos.com\\\/blog\\\/#organization\",\"name\":\"gaidaphotos\",\"url\":\"https:\\\/\\\/www.gaidaphotos.com\\\/blog\\\/\",\"logo\":{\"@type\":\"ImageObject\",\"inLanguage\":\"de\",\"@id\":\"https:\\\/\\\/www.gaidaphotos.com\\\/blog\\\/#\\\/schema\\\/logo\\\/image\\\/\",\"url\":\"https:\\\/\\\/i0.wp.com\\\/www.gaidaphotos.com\\\/blog\\\/wp-content\\\/uploads\\\/2020\\\/07\\\/GAIDAPHOTOS-COM.jpg?fit=160%2C96&ssl=1\",\"contentUrl\":\"https:\\\/\\\/i0.wp.com\\\/www.gaidaphotos.com\\\/blog\\\/wp-content\\\/uploads\\\/2020\\\/07\\\/GAIDAPHOTOS-COM.jpg?fit=160%2C96&ssl=1\",\"width\":160,\"height\":96,\"caption\":\"gaidaphotos\"},\"image\":{\"@id\":\"https:\\\/\\\/www.gaidaphotos.com\\\/blog\\\/#\\\/schema\\\/logo\\\/image\\\/\"},\"sameAs\":[\"https:\\\/\\\/www.facebook.com\\\/Koeln.Rodenkirchen\",\"https:\\\/\\\/x.com\\\/gaidaphotos\",\"https:\\\/\\\/instagram.com\\\/gaidaphotos\\\/\",\"https:\\\/\\\/de.linkedin.com\\\/in\\\/gaidaphotos\",\"https:\\\/\\\/myspace.com\\\/gaidaphotos\",\"https:\\\/\\\/www.pinterest.com\\\/gaidaphotos\\\/\",\"https:\\\/\\\/www.youtube.com\\\/user\\\/gaidaphotos\"]},{\"@type\":\"Person\",\"@id\":\"https:\\\/\\\/www.gaidaphotos.com\\\/blog\\\/#\\\/schema\\\/person\\\/6c444a5b13ffc503c5c32f5a9ec68b21\",\"name\":\"Thomas\",\"sameAs\":[\"https:\\\/\\\/www.gaidaphotos.com\",\"https:\\\/\\\/www.facebook.com\\\/gaidaphotos\",\"https:\\\/\\\/instagram.com\\\/gaidaphotos\\\/\",\"https:\\\/\\\/www.linkedin.com\\\/in\\\/gaidaphotos\",\"http:\\\/\\\/www.pinterest.com\\\/gaidaphotos\\\/\",\"https:\\\/\\\/x.com\\\/gaidaphotos\",\"https:\\\/\\\/myspace.com\\\/gaidaphotos\",\"https:\\\/\\\/www.youtube.com\\\/user\\\/gaidaphotos\",\"https:\\\/\\\/gaidaphotos.tumblr.com\\\/\"]}]}<\/script>\n<!-- \/ Yoast SEO plugin. -->","yoast_head_json":{"title":"Rheinhochwasser 11.01.2011 in K\u00f6ln: Scheitelpunkt erreicht","description":"Rheinhochwasser 11.01.2011 in K\u00f6ln: Scheitelpunkt erreicht - aktuelle Fotos und Bericht aus K\u00f6ln-Rodenkirchen","robots":{"index":"index","follow":"follow","max-snippet":"max-snippet:-1","max-image-preview":"max-image-preview:large","max-video-preview":"max-video-preview:-1"},"canonical":"https:\/\/www.gaidaphotos.com\/blog\/2011\/01\/11\/rheinhochwasser-11-01-2011-koeln-foto\/","og_locale":"de_DE","og_type":"article","og_title":"Rheinhochwasser 11.01.2011 in K\u00f6ln: Scheitelpunkt erreicht","og_description":"Rheinhochwasser 11.01.2011 in K\u00f6ln: Scheitelpunkt erreicht - aktuelle Fotos und Bericht aus K\u00f6ln-Rodenkirchen","og_url":"https:\/\/www.gaidaphotos.com\/blog\/2011\/01\/11\/rheinhochwasser-11-01-2011-koeln-foto\/","og_site_name":"K\u00f6ln Rodenkirchen und die Welt","article_publisher":"https:\/\/www.facebook.com\/Koeln.Rodenkirchen","article_author":"https:\/\/www.facebook.com\/gaidaphotos","article_published_time":"2011-01-11T10:36:23+00:00","author":"Thomas","twitter_card":"summary_large_image","twitter_creator":"@gaidaphotos","twitter_site":"@gaidaphotos","twitter_misc":{"Verfasst von":"Thomas"},"schema":{"@context":"https:\/\/schema.org","@graph":[{"@type":"Article","@id":"https:\/\/www.gaidaphotos.com\/blog\/2011\/01\/11\/rheinhochwasser-11-01-2011-koeln-foto\/#article","isPartOf":{"@id":"https:\/\/www.gaidaphotos.com\/blog\/2011\/01\/11\/rheinhochwasser-11-01-2011-koeln-foto\/"},"author":{"name":"Thomas","@id":"https:\/\/www.gaidaphotos.com\/blog\/#\/schema\/person\/6c444a5b13ffc503c5c32f5a9ec68b21"},"headline":"Rheinhochwasser 11.01.2011 in K\u00f6ln: Scheitelpunkt erreicht &#8211; Fotos","datePublished":"2011-01-11T10:36:23+00:00","mainEntityOfPage":{"@id":"https:\/\/www.gaidaphotos.com\/blog\/2011\/01\/11\/rheinhochwasser-11-01-2011-koeln-foto\/"},"wordCount":100,"commentCount":1,"publisher":{"@id":"https:\/\/www.gaidaphotos.com\/blog\/#organization"},"keywords":["K\u00f6ln Rodenkirchen","Nachrichten"],"articleSection":["K\u00f6ln Rodenkirchen","K\u00f6ln-Rodenkirchen Fotos"],"inLanguage":"de","potentialAction":[{"@type":"CommentAction","name":"Comment","target":["https:\/\/www.gaidaphotos.com\/blog\/2011\/01\/11\/rheinhochwasser-11-01-2011-koeln-foto\/#respond"]}]},{"@type":"WebPage","@id":"https:\/\/www.gaidaphotos.com\/blog\/2011\/01\/11\/rheinhochwasser-11-01-2011-koeln-foto\/","url":"https:\/\/www.gaidaphotos.com\/blog\/2011\/01\/11\/rheinhochwasser-11-01-2011-koeln-foto\/","name":"Rheinhochwasser 11.01.2011 in K\u00f6ln: Scheitelpunkt erreicht","isPartOf":{"@id":"https:\/\/www.gaidaphotos.com\/blog\/#website"},"datePublished":"2011-01-11T10:36:23+00:00","description":"Rheinhochwasser 11.01.2011 in K\u00f6ln: Scheitelpunkt erreicht - aktuelle Fotos und Bericht aus K\u00f6ln-Rodenkirchen","breadcrumb":{"@id":"https:\/\/www.gaidaphotos.com\/blog\/2011\/01\/11\/rheinhochwasser-11-01-2011-koeln-foto\/#breadcrumb"},"inLanguage":"de","potentialAction":[{"@type":"ReadAction","target":["https:\/\/www.gaidaphotos.com\/blog\/2011\/01\/11\/rheinhochwasser-11-01-2011-koeln-foto\/"]}]},{"@type":"BreadcrumbList","@id":"https:\/\/www.gaidaphotos.com\/blog\/2011\/01\/11\/rheinhochwasser-11-01-2011-koeln-foto\/#breadcrumb","itemListElement":[{"@type":"ListItem","position":1,"name":"Startseite","item":"https:\/\/www.gaidaphotos.com\/blog\/"},{"@type":"ListItem","position":2,"name":"Rheinhochwasser 11.01.2011 in K\u00f6ln: Scheitelpunkt erreicht &#8211; Fotos"}]},{"@type":"WebSite","@id":"https:\/\/www.gaidaphotos.com\/blog\/#website","url":"https:\/\/www.gaidaphotos.com\/blog\/","name":"K\u00f6ln Rodenkirchen und die Welt","description":"Einkaufen, Restaurants, Freizeit, Nachrichten und was uns sonst bewegt und begegnet","publisher":{"@id":"https:\/\/www.gaidaphotos.com\/blog\/#organization"},"potentialAction":[{"@type":"SearchAction","target":{"@type":"EntryPoint","urlTemplate":"https:\/\/www.gaidaphotos.com\/blog\/?s={search_term_string}"},"query-input":{"@type":"PropertyValueSpecification","valueRequired":true,"valueName":"search_term_string"}}],"inLanguage":"de"},{"@type":"Organization","@id":"https:\/\/www.gaidaphotos.com\/blog\/#organization","name":"gaidaphotos","url":"https:\/\/www.gaidaphotos.com\/blog\/","logo":{"@type":"ImageObject","inLanguage":"de","@id":"https:\/\/www.gaidaphotos.com\/blog\/#\/schema\/logo\/image\/","url":"https:\/\/i0.wp.com\/www.gaidaphotos.com\/blog\/wp-content\/uploads\/2020\/07\/GAIDAPHOTOS-COM.jpg?fit=160%2C96&ssl=1","contentUrl":"https:\/\/i0.wp.com\/www.gaidaphotos.com\/blog\/wp-content\/uploads\/2020\/07\/GAIDAPHOTOS-COM.jpg?fit=160%2C96&ssl=1","width":160,"height":96,"caption":"gaidaphotos"},"image":{"@id":"https:\/\/www.gaidaphotos.com\/blog\/#\/schema\/logo\/image\/"},"sameAs":["https:\/\/www.facebook.com\/Koeln.Rodenkirchen","https:\/\/x.com\/gaidaphotos","https:\/\/instagram.com\/gaidaphotos\/","https:\/\/de.linkedin.com\/in\/gaidaphotos","https:\/\/myspace.com\/gaidaphotos","https:\/\/www.pinterest.com\/gaidaphotos\/","https:\/\/www.youtube.com\/user\/gaidaphotos"]},{"@type":"Person","@id":"https:\/\/www.gaidaphotos.com\/blog\/#\/schema\/person\/6c444a5b13ffc503c5c32f5a9ec68b21","name":"Thomas","sameAs":["https:\/\/www.gaidaphotos.com","https:\/\/www.facebook.com\/gaidaphotos","https:\/\/instagram.com\/gaidaphotos\/","https:\/\/www.linkedin.com\/in\/gaidaphotos","http:\/\/www.pinterest.com\/gaidaphotos\/","https:\/\/x.com\/gaidaphotos","https:\/\/myspace.com\/gaidaphotos","https:\/\/www.youtube.com\/user\/gaidaphotos","https:\/\/gaidaphotos.tumblr.com\/"]}]}},"jetpack_publicize_connections":[],"jetpack_featured_media_url":"","jetpack_sharing_enabled":true,"jetpack_likes_enabled":true,"jetpack-related-posts":[{"id":3486,"url":"https:\/\/www.gaidaphotos.com\/blog\/2011\/01\/10\/rhein-hochwasser-2011-in-koeln-rodenkirchen-aktuelle-fotos\/","url_meta":{"origin":3488,"position":0},"title":"Rhein-Hochwasser 2011 in K\u00f6ln-Rodenkirchen: Aktuelle Fotos","author":"Thomas","date":"10. Januar 2011","format":false,"excerpt":"Rhein-Hochwasser 2011 in K\u00f6ln-Rodenkirchen: Aktuelle Fotos Eigentlich ist es jedes Jahr dasselbe. Erst regnet es stark und dann kommt das Hochwasser an Weihnachten. Alte Rodenkirchener kennen das Rhein-hochwassser zu dieser zeit als \"Weihnachtshochwasser\". Und ebenso regelm\u00e4\u00dfig \"soff\" das Rheinufer und das Auenviertel in K\u00f6ln-Rodenkirchen ab. Seit einigen Jahren sch\u00fctzt ein\u2026","rel":"","context":"In &quot;K\u00f6ln Rodenkirchen&quot;","block_context":{"text":"K\u00f6ln Rodenkirchen","link":"https:\/\/www.gaidaphotos.com\/blog\/category\/koeln-rodenkirchen\/"},"img":{"alt_text":"","src":"","width":0,"height":0},"classes":[]},{"id":3490,"url":"https:\/\/www.gaidaphotos.com\/blog\/2011\/01\/18\/verkaufsoffener-sonntag-23-1-2011-in-koeln-nrw\/","url_meta":{"origin":3488,"position":1},"title":"Verkaufsoffener Sonntag 23.1.2011 in K\u00f6ln (NRW)?","author":"Thomas","date":"18. Januar 2011","format":false,"excerpt":"Verkaufsoffener Sonntag 23.1.2011 in K\u00f6ln? In welchem K\u00f6lner Veedel oder Stadteil sind am 23.1.2011 die Gesch\u00e4fte ge\u00f6ffnet (verkaufsoffener Sonntag)? Wir sagen Ihnen nicht nur wo sondern auch was am verkaufsoffenen Sonntag in K\u00f6ln alles geboten wird. Begleitprogramm zum verkaufsoffenen Sonnatg in K\u00f6ln mit K\u00fcnstlern und allen anderen Informationen rund um\u2026","rel":"","context":"In &quot;Verkaufsoffener Sonntag K\u00f6ln NRW&quot;","block_context":{"text":"Verkaufsoffener Sonntag K\u00f6ln NRW","link":"https:\/\/www.gaidaphotos.com\/blog\/category\/kalender-archiv\/verkaufsoffener-sonntag-koln-nrw\/"},"img":{"alt_text":"","src":"","width":0,"height":0},"classes":[]},{"id":3495,"url":"https:\/\/www.gaidaphotos.com\/blog\/2011\/01\/25\/verkaufsoffener-sonntag-06-02-2011-in-koeln-nrw\/","url_meta":{"origin":3488,"position":2},"title":"Verkaufsoffener Sonntag 06.02.2011 in K\u00f6ln (NRW)?","author":"Thomas","date":"25. Januar 2011","format":false,"excerpt":"Verkaufsoffener Sonntag 06.02.2011 in K\u00f6ln (NRW)? In welchem K\u00f6lner Veedel oder Stadteil sind am 06.02.2011 die Gesch\u00e4fte ge\u00f6ffnet (verkaufsoffener Sonntag)? Wer jetzt, am Ende des Januar, noch Geld in der Tasche hat (selten genug) und es loswerden m\u00f6chte, schaut gerne beim verkaufsoffenen Sonntag vorbei. Wir sagen Ihnen nicht nur wo\u2026","rel":"","context":"In &quot;Verkaufsoffener Sonntag K\u00f6ln NRW&quot;","block_context":{"text":"Verkaufsoffener Sonntag K\u00f6ln NRW","link":"https:\/\/www.gaidaphotos.com\/blog\/category\/kalender-archiv\/verkaufsoffener-sonntag-koln-nrw\/"},"img":{"alt_text":"","src":"https:\/\/www.gaidaphotos.com\/blog\/wp-content\/uploads\/2020\/08\/nggallery_import\/3_","width":350,"height":200},"classes":[]},{"id":3493,"url":"https:\/\/www.gaidaphotos.com\/blog\/2011\/01\/24\/verkaufsoffener-sonntag-30-01-2011-in-koln-nrw\/","url_meta":{"origin":3488,"position":3},"title":"Verkaufsoffener Sonntag 30.01.2011 in K\u00f6ln (NRW)?","author":"Thomas","date":"24. Januar 2011","format":false,"excerpt":"Verkaufsoffener Sonntag 30.01.2011 in K\u00f6ln (NRW)? In welchem K\u00f6lner Veedel oder Stadteil sind am 30.01.211 die Gesch\u00e4fte ge\u00f6ffnet (verkaufsoffener Sonntag)? In aller Ruhe nach dem gem\u00fctlichen Fr\u00fchst\u00fcck\/Brunch\/Mittagessen einkaufen gehen. Wie sch\u00f6n w\u00e4re das heute. Wir sagen Ihnen nicht nur wo sondern auch was am verkaufsoffenen Sonntag in K\u00f6ln alles geboten\u2026","rel":"","context":"In &quot;Verkaufsoffener Sonntag K\u00f6ln NRW&quot;","block_context":{"text":"Verkaufsoffener Sonntag K\u00f6ln NRW","link":"https:\/\/www.gaidaphotos.com\/blog\/category\/kalender-archiv\/verkaufsoffener-sonntag-koln-nrw\/"},"img":{"alt_text":"","src":"https:\/\/www.gaidaphotos.com\/blog\/wp-content\/uploads\/2020\/08\/nggallery_import\/2_","width":350,"height":200},"classes":[]},{"id":2606,"url":"https:\/\/www.gaidaphotos.com\/blog\/2010\/02\/22\/rhein-rodenkirchen-hochwasser-niedrigwasser\/","url_meta":{"origin":3488,"position":4},"title":"Rhein und Rodenkirchen: Hochwasser und Niedrigwasser","author":"Thomas","date":"22. Februar 2010","format":false,"excerpt":"Rhein und Rodenkirchen: Hochwasser und Niedrigwasser bestimmen den Jahresverlauf K\u00f6ln-Rodenkirchen liegt im Rheinbogen s\u00fcdlich von K\u00f6ln. Das j\u00e4hrliche Weihnachts- und Oster-Hochwasser und die Trockenzeit mit Niedrigwasser im Herbst bestimmen das Leben der Uferanlieger in Rodenkirchen. Durch die neuen Hochwasserschutz-Ma\u00dfnahmen sollte die Uferstra\u00dfe bei k\u00fcnftigem Hochwasser nicht mehr \u00fcberflutet werden (2.\u2026","rel":"","context":"In &quot;K\u00f6ln Rodenkirchen&quot;","block_context":{"text":"K\u00f6ln Rodenkirchen","link":"https:\/\/www.gaidaphotos.com\/blog\/category\/koeln-rodenkirchen\/"},"img":{"alt_text":"","src":"https:\/\/i0.wp.com\/www.gaidaphotos.com\/blog\/wp-content\/uploads\/2010\/02\/koeln-rodenkirchen-hochwasser-021.jpg?resize=350%2C200","width":350,"height":200},"classes":[]},{"id":3371,"url":"https:\/\/www.gaidaphotos.com\/blog\/2010\/09\/08\/verkaufsoffener-sonntag-12-09-2010-in-koeln-nrw\/","url_meta":{"origin":3488,"position":5},"title":"verkaufsoffener Sonntag 12.09.2010 in K\u00f6ln, NRW","author":"Thomas","date":"8. September 2010","format":false,"excerpt":"Verkaufsoffener Sonntag 25.07.2010 in K\u00f6ln? Am 12.09.2010 ist in K\u00f6ln kein verkaufsoffener Sonntag. Unten finden Sie eine Reihe Alternativvorschl\u00e4ge f\u00fcr den 12.09.2010 oder schauen Sie in unseren Kalender. {CALENDAR} Verkaufsoffene Sonntage in Maastricht Freizeitideen f\u00fcr K\u00f6ln, K\u00f6ln Rodenkirchen und den K\u00f6lner S\u00fcden. Alte Fotos aus K\u00f6ln Rodenkirchen: Wir st\u00f6bern in\u2026","rel":"","context":"In &quot;K\u00f6ln Rodenkirchen Freizeit&quot;","block_context":{"text":"K\u00f6ln Rodenkirchen Freizeit","link":"https:\/\/www.gaidaphotos.com\/blog\/category\/koeln-rodenkirchen\/koeln-rodenkirchen-freizeit\/"},"img":{"alt_text":"","src":"","width":0,"height":0},"classes":[]}],"_links":{"self":[{"href":"https:\/\/www.gaidaphotos.com\/blog\/wp-json\/wp\/v2\/posts\/3488","targetHints":{"allow":["GET"]}}],"collection":[{"href":"https:\/\/www.gaidaphotos.com\/blog\/wp-json\/wp\/v2\/posts"}],"about":[{"href":"https:\/\/www.gaidaphotos.com\/blog\/wp-json\/wp\/v2\/types\/post"}],"author":[{"embeddable":true,"href":"https:\/\/www.gaidaphotos.com\/blog\/wp-json\/wp\/v2\/users\/6"}],"replies":[{"embeddable":true,"href":"https:\/\/www.gaidaphotos.com\/blog\/wp-json\/wp\/v2\/comments?post=3488"}],"version-history":[{"count":0,"href":"https:\/\/www.gaidaphotos.com\/blog\/wp-json\/wp\/v2\/posts\/3488\/revisions"}],"wp:attachment":[{"href":"https:\/\/www.gaidaphotos.com\/blog\/wp-json\/wp\/v2\/media?parent=3488"}],"wp:term":[{"taxonomy":"category","embeddable":true,"href":"https:\/\/www.gaidaphotos.com\/blog\/wp-json\/wp\/v2\/categories?post=3488"},{"taxonomy":"post_tag","embeddable":true,"href":"https:\/\/www.gaidaphotos.com\/blog\/wp-json\/wp\/v2\/tags?post=3488"}],"curies":[{"name":"wp","href":"https:\/\/api.w.org\/{rel}","templated":true}]}}